{"id":329546,"date":"2022-12-05T22:48:07","date_gmt":"2022-12-06T01:48:07","guid":{"rendered":"https:\/\/www.suno.com.br\/noticias\/?p=329546"},"modified":"2022-12-05T22:48:09","modified_gmt":"2022-12-06T01:48:09","slug":"mercado-livre-meli34-denuncias-apple-aapl34","status":"publish","type":"post","link":"https:\/\/www.suno.com.br\/noticias\/mercado-livre-meli34-denuncias-apple-aapl34\/","title":{"rendered":"Mercado Livre (MELI34) entra com den\u00fancias contra Apple (AAPL34) no M\u00e9xico e no Brasil"},"content":{"rendered":"<p>O <strong>Mercado Livre<\/strong> (<a class=\"suno-keyword\" data-force=\"yes\" data-priority=\"2\" href=\"https:\/\/www.suno.com.br\/bdrs\/meli34\/\" target=\"_blank\" rel=\"noopener\">MELI34<\/a>) entrou com den\u00fancias contra a <strong>Apple (AAPL34)<\/strong> por supostas pr\u00e1ticas n\u00e3o aceitas pela legisla\u00e7\u00e3o que lida com a concorr\u00eancia de empresas entre M\u00e9xico e Brasil.<\/p>\t<div class=\"wrapper-featured-image\">\n\t\t<figure class=\"spotlightImg\">\n\n\t\t\t<picture>\n\t\t\t\t<source media=\"(max-width: 768px)\" srcset=\"https:\/\/files.sunoresearch.com.br\/n\/uploads\/2022\/07\/mercado-livre-400x200.jpg\">\n\t\t\t\t<img loading=\"lazy\" decoding=\"async\" class=\"newsContent__article__imgCapa lazyloadDisabled \" src=\"https:\/\/files.sunoresearch.com.br\/n\/uploads\/2022\/07\/mercado-livre-800x450.jpg\" width=\"800\" height=\"450\" alt=\"Mercado Livre (MELI34) entra com den\u00fancias contra Apple (AAPL34) no M\u00e9xico e no Brasil\" fetchpriority=high \/>\n\t\t\t<\/picture>\n\n\t\t\t<figcaption class=\"wp-caption-text wp-caption-text--show\">Mercado Livre (MELI34). Foto: Divulga\u00e7\u00e3o<\/figcaption>\n\t\t<\/figure>\n\t<\/div>\n\n\n\n\n\n\t<p>\n\t\t<a href=\"https:\/\/lp2.suno.com.br\/cl\/black-friday-2025\/?utm_campaign=_SNCDF0E4858_\" target=\"_blank\" data-element=\"shortcode-suno-banner\" title=\"Banner SUNO, clique e saiba mais\">\n\t\t\t<picture>\n\t\t\t\t<source media=\"(max-width: 500px)\" srcset=\"https:\/\/files.sunoresearch.com.br\/n\/uploads\/2025\/10\/Artigos-e-Noticias-Banner-Home-artigos-01-Mobile_-400x300-1-png.webp\">\n\t\t\t\t<img class=\"newsContent__article__imgCapa newsContent__article__imgCapa--banner\"\n\t\t\t\t\tsrc=\"https:\/\/files.sunoresearch.com.br\/n\/uploads\/2025\/10\/Artigos-e-Noticias-Banner-Home-artigos-01-Desktop_-1420x240-1-png.webp\"\n\t\t\t\t\tdata-promo-id=\"311259\"\t\t\t\t\t\t\t\t\t\twidth='1420' height='240'\t\t\t\t\talt=\"https:\/\/files.sunoresearch.com.br\/n\/uploads\/2025\/10\/Artigos-e-Noticias-Banner-Home-artigos-01-Desktop_-1420x240-1-png.webp\"\n\t\t\t\t>\n\t\t\t<\/picture>\n\t\t<\/a>\n\t<\/p>\n\n\n\n\n\n<p>As <strong>den\u00fancias do Mercado Livre<\/strong> foram feitas juntamente ao Instituto Federal de Telecomunica\u00e7\u00f5es (IFT) e \u00e0 Comiss\u00e3o Federal de Concorr\u00eancia (Cofece), no M\u00e9xico, mas tamb\u00e9m ao Conselho Administrativo de Defesa Econ\u00f4mica (Cade), no Brasil.<\/p>\n\n\n\n<p>Em nota, o Mercado Livre destaca que a Apple \u201cabusa de seu monop\u00f3lio na distribui\u00e7\u00e3o de aplicativos para dispositivos com sistema iOS\u201d.<\/p>\n\n\n\t<div data-element=\"shortcode-read-more\" class=\"knowMore\">\n\t\t\t\t<span class=\"knowMore__title\">Leia mais<\/span>\n\t\t\t\t<a class=\"knowMore__link\" href=\"https:\/\/www.suno.com.br\/noticias\/resultado-knri11-novembro-desconto\/\">\n\t\t\tResultado do KNRI11 avan\u00e7a 8,5% em novembro; Fundo \u00e9 negociado com desconto de 10%\t\t<\/a>\n\t<\/div>\n\n\n\n\n<p>Segundo a <strong>empresa de e-commerce<\/strong>, a Apple estaria impondo diversas restri\u00e7\u00f5es no que se refere a distribui\u00e7\u00e3o de bens digitais e nas compras que s\u00e3o realizadas nos aplicativos. O Mercado Livre diz que isso acaba excluindo ou limitando a inser\u00e7\u00e3o de concorrentes da Apple.<\/p>\n\n\n\n<p>Com a justificativa de oferecer uma maior seguran\u00e7a aos seus usu\u00e1rios, a Apple funciona em um ecossistema fechado e \u00fanico. Por conta dessa din\u00e2mica de trabalho, o tema j\u00e1 virou alvo de diversas discuss\u00f5es envolvendo a empresa em mercados em que a marca atua.<\/p>\n\n\n\n<p>Mas os debates n\u00e3o se limitaram apenas \u00e0s discuss\u00f5es. Assim como no caso do Mercado Livre, outras companhias j\u00e1 acionaram a Apple nos \u00f3rg\u00e3os reguladores quanto a supostas pr\u00e1ticas anticompetitivas de mercado que teriam sido realizadas pela companhia.<\/p>\n\n\n\n<p>Na <a class=\"suno-keyword\" target=\"_blank\" data-force=\"no\" data-priority=\"2\" href=\"https:\/\/www.suno.com.br\/artigos\/uniao-europeia\/\" rel=\"noopener\">Uni\u00e3o Europeia<\/a>, por exemplo, a Apple foi acusada de estar restringindo terceiros de utilizar tecnologias importantes em seus dispositivos que podem desenvolver novas solu\u00e7\u00f5es de carteira m\u00f3vel.<\/p>\n\n\n\n<p>Uma das <strong>acusa\u00e7\u00f5es do Mercado Livre sobre a Apple<\/strong> \u00e9 de que a empresa de tecnologia estaria proibindo aplicativos de distribuir bens digitais e servi\u00e7os, o que inclui m\u00fasicas, jogos, filmes, etc.<\/p>\n\n\n\n<p>O Mercado Livre considera que essa pr\u00e1tica traria impactos anticompetitivos, impedindo que as demais distribuidoras de servi\u00e7os e bens digitais possam ganhar for\u00e7a de mercado nos dispositivos com o <strong>sistema iOS<\/strong>.<\/p>\n\n\n\n<p>Em nota, a empresa latino-americana diz que a \u201cApple impede que o Mercado Livre, ou qualquer outro agente econ\u00f4mico, atue na distribui\u00e7\u00e3o de bens e servi\u00e7os digitais produzidos por terceiros e compita com a Apple, que oferece este servi\u00e7o\u201d.<\/p>\n\n\n\n<p>O Mercado Livre afirma que a multinacional norte-americana obriga os desenvolvedores de bens digitais e servi\u00e7os a utilizarem somente o seu processador de pagamentos no uso dos aplicativos em seus dispositivos.<\/p>\n\n\n\n<p>Al\u00e9m disso, o <strong>Mercado Livre<\/strong> disse que se disp\u00f4s a tentar negocia\u00e7\u00f5es com a Apple, antes mesmo de entrar com den\u00fancias aos \u00f3rg\u00e3os reguladores, mas que n\u00e3o obteve sucesso nas conversas.<\/p>\n\n\n\t<p>\n\t\t<a href=\"https:\/\/lp.suno.com.br\/ebook-como-analisar-uma-acao\/\" target=\"_blank\" data-element=\"shortcode-suno-banner\" title=\"Banner SUNO, clique e saiba mais\">\n\t\t\t<picture>\n\t\t\t\t<source media=\"(max-width: 500px)\" srcset=\"https:\/\/files.sunoresearch.com.br\/n\/uploads\/2023\/12\/Ebook-Acoes-Mobile.jpg\">\n\t\t\t\t<img class=\"newsContent__article__imgCapa newsContent__article__imgCapa--banner\"\n\t\t\t\t\tsrc=\"https:\/\/files.sunoresearch.com.br\/n\/uploads\/2023\/12\/Ebook-Acoes-Desktop.webp\"\n\t\t\t\t\tdata-promo-id=\"311260\"\t\t\t\t\t\t\t\t\t\twidth='1420' height='286'\t\t\t\t\talt=\"https:\/\/files.sunoresearch.com.br\/n\/uploads\/2023\/12\/Ebook-Acoes-Desktop.webp\"\n\t\t\t\t>\n\t\t\t<\/picture>\n\t\t<\/a>\n\t<\/p>\n\n\n","protected":false},"excerpt":{"rendered":"<p>O Mercado Livre (MELI34) entrou com den\u00fancias contra a Apple (AAPL34) por supostas pr\u00e1ticas n\u00e3o aceitas pela legisla\u00e7\u00e3o que lida com a concorr\u00eancia de empresas entre M\u00e9xico e Brasil. Mercado Livre (MELI34). Foto: Divulga\u00e7\u00e3o As den\u00fancias do Mercado Livre foram feitas juntamente ao Instituto Federal de Telecomunica\u00e7\u00f5es (IFT) e \u00e0 Comiss\u00e3o Federal de Concorr\u00eancia (Cofece), [&hellip;]<\/p>\n","protected":false},"author":173,"featured_media":275046,"comment_status":"closed","ping_status":"closed","sticky":false,"template":"","format":"standard","meta":[],"categories":[64],"tags":[794,1235],"suno_strategy":[],"class_list":["post-329546","post","type-post","status-publish","format-standard","has-post-thumbnail","hentry","category-negocios","tag-apple-aapl34","tag-mercado-livre-meli34"],"yoast_head":"<!-- This site is optimized with the Yoast SEO plugin v24.4 - https:\/\/yoast.com\/wordpress\/plugins\/seo\/ -->\n<title>Mercado Livre (MELI34) entra com den\u00fancias contra Apple (AAPL34) no M\u00e9xico e no Brasil<\/title>\n<meta name=\"description\" content=\"O Mercado Livre (MELI34) entrou com den\u00fancias contra a Apple (AAPL34) no M\u00e9xico e no Brasil. Veja quais foram os motivos dessas den\u00fancias.\" \/>\n<meta name=\"robots\" content=\"index, follow, max-snippet:-1, max-image-preview:large, max-video-preview:-1\" \/>\n<link rel=\"canonical\" href=\"https:\/\/www.suno.com.br\/noticias\/mercado-livre-meli34-denuncias-apple-aapl34\/\" \/>\n<meta property=\"og:locale\" content=\"pt_BR\" \/>\n<meta property=\"og:type\" content=\"article\" \/>\n<meta property=\"og:title\" content=\"Mercado Livre (MELI34) entra com den\u00fancias contra Apple (AAPL34) no M\u00e9xico e no Brasil\" \/>\n<meta property=\"og:description\" content=\"O Mercado Livre (MELI34) entrou com den\u00fancias contra a Apple (AAPL34) no M\u00e9xico e no Brasil. Veja quais foram os motivos dessas den\u00fancias.\" \/>\n<meta property=\"og:url\" content=\"https:\/\/www.suno.com.br\/noticias\/mercado-livre-meli34-denuncias-apple-aapl34\/\" \/>\n<meta property=\"og:site_name\" content=\"Suno Not\u00edcias\" \/>\n<meta property=\"article:publisher\" content=\"https:\/\/facebook.com\/sunoresearch\" \/>\n<meta property=\"og:image\" content=\"https:\/\/files.sunoresearch.com.br\/n\/uploads\/2022\/07\/mercado-livre.jpg\" \/>\n\t<meta property=\"og:image:width\" content=\"1350\" \/>\n\t<meta property=\"og:image:height\" content=\"810\" \/>\n\t<meta property=\"og:image:type\" content=\"image\/jpeg\" \/>\n<meta name=\"author\" content=\"Jo\u00e3o Vitor\" \/>\n<meta name=\"twitter:card\" content=\"summary_large_image\" \/>\n<meta name=\"twitter:creator\" content=\"@sunoresearch\" \/>\n<meta name=\"twitter:site\" content=\"@sunoresearch\" \/>\n<meta name=\"twitter:label1\" content=\"Escrito por\" \/>\n\t<meta name=\"twitter:data1\" content=\"Jo\u00e3o Vitor\" \/>\n\t<meta name=\"twitter:label2\" content=\"Est. tempo de leitura\" \/>\n\t<meta name=\"twitter:data2\" content=\"3 minutos\" \/>\n<script type=\"application\/ld+json\" class=\"yoast-schema-graph\">{\"@context\":\"https:\/\/schema.org\",\"@graph\":[{\"@type\":\"NewsArticle\",\"@id\":\"https:\/\/www.suno.com.br\/noticias\/mercado-livre-meli34-denuncias-apple-aapl34\/#article\",\"isPartOf\":{\"@id\":\"https:\/\/www.suno.com.br\/noticias\/mercado-livre-meli34-denuncias-apple-aapl34\/\"},\"author\":{\"name\":\"Jo\u00e3o Vitor\",\"@id\":\"https:\/\/www.suno.com.br\/noticias\/#\/schema\/person\/87fc6973867c52dd884811905c43afba\"},\"headline\":\"Mercado Livre (MELI34) entra com den\u00fancias contra Apple (AAPL34) no M\u00e9xico e no Brasil\",\"datePublished\":\"2022-12-06T01:48:07+00:00\",\"dateModified\":\"2022-12-06T01:48:09+00:00\",\"mainEntityOfPage\":{\"@id\":\"https:\/\/www.suno.com.br\/noticias\/mercado-livre-meli34-denuncias-apple-aapl34\/\"},\"wordCount\":470,\"publisher\":{\"@id\":\"https:\/\/www.suno.com.br\/noticias\/#organization\"},\"image\":{\"@id\":\"https:\/\/www.suno.com.br\/noticias\/mercado-livre-meli34-denuncias-apple-aapl34\/#primaryimage\"},\"thumbnailUrl\":\"https:\/\/files.sunoresearch.com.br\/n\/uploads\/2022\/07\/mercado-livre.jpg\",\"keywords\":[\"Apple (AAPL34)\",\"Mercado Livre (MELI34)\"],\"articleSection\":[\"Neg\u00f3cios\"],\"inLanguage\":\"pt-BR\"},{\"@type\":\"WebPage\",\"@id\":\"https:\/\/www.suno.com.br\/noticias\/mercado-livre-meli34-denuncias-apple-aapl34\/\",\"url\":\"https:\/\/www.suno.com.br\/noticias\/mercado-livre-meli34-denuncias-apple-aapl34\/\",\"name\":\"Mercado Livre (MELI34) entra com den\u00fancias contra Apple (AAPL34) no M\u00e9xico e no Brasil\",\"isPartOf\":{\"@id\":\"https:\/\/www.suno.com.br\/noticias\/#website\"},\"primaryImageOfPage\":{\"@id\":\"https:\/\/www.suno.com.br\/noticias\/mercado-livre-meli34-denuncias-apple-aapl34\/#primaryimage\"},\"image\":{\"@id\":\"https:\/\/www.suno.com.br\/noticias\/mercado-livre-meli34-denuncias-apple-aapl34\/#primaryimage\"},\"thumbnailUrl\":\"https:\/\/files.sunoresearch.com.br\/n\/uploads\/2022\/07\/mercado-livre.jpg\",\"datePublished\":\"2022-12-06T01:48:07+00:00\",\"dateModified\":\"2022-12-06T01:48:09+00:00\",\"description\":\"O Mercado Livre (MELI34) entrou com den\u00fancias contra a Apple (AAPL34) no M\u00e9xico e no Brasil. Veja quais foram os motivos dessas den\u00fancias.\",\"breadcrumb\":{\"@id\":\"https:\/\/www.suno.com.br\/noticias\/mercado-livre-meli34-denuncias-apple-aapl34\/#breadcrumb\"},\"inLanguage\":\"pt-BR\",\"potentialAction\":[{\"@type\":\"ReadAction\",\"target\":[\"https:\/\/www.suno.com.br\/noticias\/mercado-livre-meli34-denuncias-apple-aapl34\/\"]}]},{\"@type\":\"ImageObject\",\"inLanguage\":\"pt-BR\",\"@id\":\"https:\/\/www.suno.com.br\/noticias\/mercado-livre-meli34-denuncias-apple-aapl34\/#primaryimage\",\"url\":\"https:\/\/files.sunoresearch.com.br\/n\/uploads\/2022\/07\/mercado-livre.jpg\",\"contentUrl\":\"https:\/\/files.sunoresearch.com.br\/n\/uploads\/2022\/07\/mercado-livre.jpg\",\"width\":1350,\"height\":810,\"caption\":\"Mercado Livre (MELI34). Foto: Divulga\u00e7\u00e3o\"},{\"@type\":\"BreadcrumbList\",\"@id\":\"https:\/\/www.suno.com.br\/noticias\/mercado-livre-meli34-denuncias-apple-aapl34\/#breadcrumb\",\"itemListElement\":[{\"@type\":\"ListItem\",\"position\":1,\"name\":\"Not\u00edcias\",\"item\":\"https:\/\/www.suno.com.br\/noticias\/\"},{\"@type\":\"ListItem\",\"position\":2,\"name\":\"Neg\u00f3cios\",\"item\":\"https:\/\/www.suno.com.br\/noticias\/negocios\/\"},{\"@type\":\"ListItem\",\"position\":3,\"name\":\"Mercado Livre (MELI34) entra com den\u00fancias contra Apple (AAPL34) no M\u00e9xico e no Brasil\"}]},{\"@type\":\"WebSite\",\"@id\":\"https:\/\/www.suno.com.br\/noticias\/#website\",\"url\":\"https:\/\/www.suno.com.br\/noticias\/\",\"name\":\"Suno Not\u00edcias\",\"description\":\"Seu portal de informa\u00e7\u00e3o sobre o mundo dos investimentos\",\"publisher\":{\"@id\":\"https:\/\/www.suno.com.br\/noticias\/#organization\"},\"potentialAction\":[{\"@type\":\"SearchAction\",\"target\":{\"@type\":\"EntryPoint\",\"urlTemplate\":\"https:\/\/www.suno.com.br\/noticias\/?s={search_term_string}\"},\"query-input\":{\"@type\":\"PropertyValueSpecification\",\"valueRequired\":true,\"valueName\":\"search_term_string\"}}],\"inLanguage\":\"pt-BR\"},{\"@type\":\"Organization\",\"@id\":\"https:\/\/www.suno.com.br\/noticias\/#organization\",\"name\":\"Suno Not\u00edcias\",\"url\":\"https:\/\/www.suno.com.br\/noticias\/\",\"logo\":{\"@type\":\"ImageObject\",\"inLanguage\":\"pt-BR\",\"@id\":\"https:\/\/www.suno.com.br\/noticias\/#\/schema\/logo\/image\/\",\"url\":\"https:\/\/files.sunoresearch.com.br\/n\/uploads\/2021\/09\/suno-logo.png\",\"contentUrl\":\"https:\/\/files.sunoresearch.com.br\/n\/uploads\/2021\/09\/suno-logo.png\",\"width\":180,\"height\":180,\"caption\":\"Suno Not\u00edcias\"},\"image\":{\"@id\":\"https:\/\/www.suno.com.br\/noticias\/#\/schema\/logo\/image\/\"},\"sameAs\":[\"https:\/\/facebook.com\/sunoresearch\",\"https:\/\/x.com\/sunoresearch\",\"https:\/\/www.instagram.com\/suno\",\"https:\/\/www.linkedin.com\/company\/suno-research\/\",\"https:\/\/www.youtube.com\/c\/sunoresearch\"]},{\"@type\":\"Person\",\"@id\":\"https:\/\/www.suno.com.br\/noticias\/#\/schema\/person\/87fc6973867c52dd884811905c43afba\",\"name\":\"Jo\u00e3o Vitor\",\"image\":{\"@type\":\"ImageObject\",\"inLanguage\":\"pt-BR\",\"@id\":\"https:\/\/www.suno.com.br\/noticias\/#\/schema\/person\/image\/\",\"url\":\"https:\/\/secure.gravatar.com\/avatar\/2843227ca03ccf8cc7ccca45204c127e?s=96&r=g\",\"contentUrl\":\"https:\/\/secure.gravatar.com\/avatar\/2843227ca03ccf8cc7ccca45204c127e?s=96&r=g\",\"caption\":\"Jo\u00e3o Vitor\"},\"description\":\"Redator profissional, com atua\u00e7\u00e3o no mercado editorial na produ\u00e7\u00e3o de not\u00edcias e conte\u00fados sobre o mercado de a\u00e7\u00f5es, fundos imobili\u00e1rios e economia popular. Graduando em Engenharia Qu\u00edmica pela Unesp, tamb\u00e9m j\u00e1 atuou como consultor financeiro.\",\"url\":\"https:\/\/www.suno.com.br\/noticias\/author\/joao-vitor-jacintho\/\"}]}<\/script>\n<!-- \/ Yoast SEO plugin. -->","yoast_head_json":{"title":"Mercado Livre (MELI34) entra com den\u00fancias contra Apple (AAPL34) no M\u00e9xico e no Brasil","description":"O Mercado Livre (MELI34) entrou com den\u00fancias contra a Apple (AAPL34) no M\u00e9xico e no Brasil. Veja quais foram os motivos dessas den\u00fancias.","robots":{"index":"index","follow":"follow","max-snippet":"max-snippet:-1","max-image-preview":"max-image-preview:large","max-video-preview":"max-video-preview:-1"},"canonical":"https:\/\/www.suno.com.br\/noticias\/mercado-livre-meli34-denuncias-apple-aapl34\/","og_locale":"pt_BR","og_type":"article","og_title":"Mercado Livre (MELI34) entra com den\u00fancias contra Apple (AAPL34) no M\u00e9xico e no Brasil","og_description":"O Mercado Livre (MELI34) entrou com den\u00fancias contra a Apple (AAPL34) no M\u00e9xico e no Brasil. Veja quais foram os motivos dessas den\u00fancias.","og_url":"https:\/\/www.suno.com.br\/noticias\/mercado-livre-meli34-denuncias-apple-aapl34\/","og_site_name":"Suno Not\u00edcias","article_publisher":"https:\/\/facebook.com\/sunoresearch","og_image":[{"width":1350,"height":810,"url":"https:\/\/files.sunoresearch.com.br\/n\/uploads\/2022\/07\/mercado-livre.jpg","type":"image\/jpeg"}],"author":"Jo\u00e3o Vitor","twitter_card":"summary_large_image","twitter_creator":"@sunoresearch","twitter_site":"@sunoresearch","twitter_misc":{"Escrito por":"Jo\u00e3o Vitor","Est. tempo de leitura":"3 minutos"},"schema":{"@context":"https:\/\/schema.org","@graph":[{"@type":"NewsArticle","@id":"https:\/\/www.suno.com.br\/noticias\/mercado-livre-meli34-denuncias-apple-aapl34\/#article","isPartOf":{"@id":"https:\/\/www.suno.com.br\/noticias\/mercado-livre-meli34-denuncias-apple-aapl34\/"},"author":{"name":"Jo\u00e3o Vitor","@id":"https:\/\/www.suno.com.br\/noticias\/#\/schema\/person\/87fc6973867c52dd884811905c43afba"},"headline":"Mercado Livre (MELI34) entra com den\u00fancias contra Apple (AAPL34) no M\u00e9xico e no Brasil","datePublished":"2022-12-06T01:48:07+00:00","dateModified":"2022-12-06T01:48:09+00:00","mainEntityOfPage":{"@id":"https:\/\/www.suno.com.br\/noticias\/mercado-livre-meli34-denuncias-apple-aapl34\/"},"wordCount":470,"publisher":{"@id":"https:\/\/www.suno.com.br\/noticias\/#organization"},"image":{"@id":"https:\/\/www.suno.com.br\/noticias\/mercado-livre-meli34-denuncias-apple-aapl34\/#primaryimage"},"thumbnailUrl":"https:\/\/files.sunoresearch.com.br\/n\/uploads\/2022\/07\/mercado-livre.jpg","keywords":["Apple (AAPL34)","Mercado Livre (MELI34)"],"articleSection":["Neg\u00f3cios"],"inLanguage":"pt-BR"},{"@type":"WebPage","@id":"https:\/\/www.suno.com.br\/noticias\/mercado-livre-meli34-denuncias-apple-aapl34\/","url":"https:\/\/www.suno.com.br\/noticias\/mercado-livre-meli34-denuncias-apple-aapl34\/","name":"Mercado Livre (MELI34) entra com den\u00fancias contra Apple (AAPL34) no M\u00e9xico e no Brasil","isPartOf":{"@id":"https:\/\/www.suno.com.br\/noticias\/#website"},"primaryImageOfPage":{"@id":"https:\/\/www.suno.com.br\/noticias\/mercado-livre-meli34-denuncias-apple-aapl34\/#primaryimage"},"image":{"@id":"https:\/\/www.suno.com.br\/noticias\/mercado-livre-meli34-denuncias-apple-aapl34\/#primaryimage"},"thumbnailUrl":"https:\/\/files.sunoresearch.com.br\/n\/uploads\/2022\/07\/mercado-livre.jpg","datePublished":"2022-12-06T01:48:07+00:00","dateModified":"2022-12-06T01:48:09+00:00","description":"O Mercado Livre (MELI34) entrou com den\u00fancias contra a Apple (AAPL34) no M\u00e9xico e no Brasil. Veja quais foram os motivos dessas den\u00fancias.","breadcrumb":{"@id":"https:\/\/www.suno.com.br\/noticias\/mercado-livre-meli34-denuncias-apple-aapl34\/#breadcrumb"},"inLanguage":"pt-BR","potentialAction":[{"@type":"ReadAction","target":["https:\/\/www.suno.com.br\/noticias\/mercado-livre-meli34-denuncias-apple-aapl34\/"]}]},{"@type":"ImageObject","inLanguage":"pt-BR","@id":"https:\/\/www.suno.com.br\/noticias\/mercado-livre-meli34-denuncias-apple-aapl34\/#primaryimage","url":"https:\/\/files.sunoresearch.com.br\/n\/uploads\/2022\/07\/mercado-livre.jpg","contentUrl":"https:\/\/files.sunoresearch.com.br\/n\/uploads\/2022\/07\/mercado-livre.jpg","width":1350,"height":810,"caption":"Mercado Livre (MELI34). Foto: Divulga\u00e7\u00e3o"},{"@type":"BreadcrumbList","@id":"https:\/\/www.suno.com.br\/noticias\/mercado-livre-meli34-denuncias-apple-aapl34\/#breadcrumb","itemListElement":[{"@type":"ListItem","position":1,"name":"Not\u00edcias","item":"https:\/\/www.suno.com.br\/noticias\/"},{"@type":"ListItem","position":2,"name":"Neg\u00f3cios","item":"https:\/\/www.suno.com.br\/noticias\/negocios\/"},{"@type":"ListItem","position":3,"name":"Mercado Livre (MELI34) entra com den\u00fancias contra Apple (AAPL34) no M\u00e9xico e no Brasil"}]},{"@type":"WebSite","@id":"https:\/\/www.suno.com.br\/noticias\/#website","url":"https:\/\/www.suno.com.br\/noticias\/","name":"Suno Not\u00edcias","description":"Seu portal de informa\u00e7\u00e3o sobre o mundo dos investimentos","publisher":{"@id":"https:\/\/www.suno.com.br\/noticias\/#organization"},"potentialAction":[{"@type":"SearchAction","target":{"@type":"EntryPoint","urlTemplate":"https:\/\/www.suno.com.br\/noticias\/?s={search_term_string}"},"query-input":{"@type":"PropertyValueSpecification","valueRequired":true,"valueName":"search_term_string"}}],"inLanguage":"pt-BR"},{"@type":"Organization","@id":"https:\/\/www.suno.com.br\/noticias\/#organization","name":"Suno Not\u00edcias","url":"https:\/\/www.suno.com.br\/noticias\/","logo":{"@type":"ImageObject","inLanguage":"pt-BR","@id":"https:\/\/www.suno.com.br\/noticias\/#\/schema\/logo\/image\/","url":"https:\/\/files.sunoresearch.com.br\/n\/uploads\/2021\/09\/suno-logo.png","contentUrl":"https:\/\/files.sunoresearch.com.br\/n\/uploads\/2021\/09\/suno-logo.png","width":180,"height":180,"caption":"Suno Not\u00edcias"},"image":{"@id":"https:\/\/www.suno.com.br\/noticias\/#\/schema\/logo\/image\/"},"sameAs":["https:\/\/facebook.com\/sunoresearch","https:\/\/x.com\/sunoresearch","https:\/\/www.instagram.com\/suno","https:\/\/www.linkedin.com\/company\/suno-research\/","https:\/\/www.youtube.com\/c\/sunoresearch"]},{"@type":"Person","@id":"https:\/\/www.suno.com.br\/noticias\/#\/schema\/person\/87fc6973867c52dd884811905c43afba","name":"Jo\u00e3o Vitor","image":{"@type":"ImageObject","inLanguage":"pt-BR","@id":"https:\/\/www.suno.com.br\/noticias\/#\/schema\/person\/image\/","url":"https:\/\/secure.gravatar.com\/avatar\/2843227ca03ccf8cc7ccca45204c127e?s=96&r=g","contentUrl":"https:\/\/secure.gravatar.com\/avatar\/2843227ca03ccf8cc7ccca45204c127e?s=96&r=g","caption":"Jo\u00e3o Vitor"},"description":"Redator profissional, com atua\u00e7\u00e3o no mercado editorial na produ\u00e7\u00e3o de not\u00edcias e conte\u00fados sobre o mercado de a\u00e7\u00f5es, fundos imobili\u00e1rios e economia popular. Graduando em Engenharia Qu\u00edmica pela Unesp, tamb\u00e9m j\u00e1 atuou como consultor financeiro.","url":"https:\/\/www.suno.com.br\/noticias\/author\/joao-vitor-jacintho\/"}]}},"default_loop_html":"<div class=\"cardsPage__listCard__boxs\"><div class=\"cardsPage__listCard__boxs__img\"><a href=\"https:\/\/www.suno.com.br\/noticias\/mercado-livre-meli34-denuncias-apple-aapl34\/\"><img class=\"mask\" src=\"https:\/\/www.suno.com.br\/noticias\/wp-content\/themes\/suno\/resources\/images\/spotlight\/spotlight1img\/bg-mask.png\" alt=\"Image Mask\"\/><img src=\"https:\/\/files.sunoresearch.com.br\/n\/uploads\/2022\/07\/mercado-livre-400x200.jpg\" alt=\"Mercado Livre (MELI34) entra com den\u00fancias contra Apple (AAPL34) no M\u00e9xico e no Brasil\"\/><\/a><span class=\"spotlightCategory\"><a href=\"https:\/\/www.suno.com.br\/noticias\/negocios\/\">Neg\u00f3cios<\/a><\/span><\/div><div class=\"cardsPage__listCard__boxs__content\"><a href=\"https:\/\/www.suno.com.br\/noticias\/mercado-livre-meli34-denuncias-apple-aapl34\/\"><h2 class=\"content__title\">Mercado Livre (MELI34) entra com den\u00fancias contra Apple (AAPL34) no M\u00e9xico e no Brasil<\/h2><\/a><div class=\"newsContent__article__meta\"><div class=\"newsContent__article__meta__authorBox\"><a href=\"https:\/\/www.suno.com.br\/noticias\/author\/joao-vitor-jacintho\/\" class=\"authorBox__avatar noMobi\"><img src=\"https:\/\/secure.gravatar.com\/avatar\/2843227ca03ccf8cc7ccca45204c127e?s=96&#038;r=g\" alt=\"Jo\u00e3o Vitor Jacintho\"><\/a><div class=\"authorBox__name\"><span>por\n\t\t\t<a href=\"https:\/\/www.suno.com.br\/noticias\/author\/joao-vitor-jacintho\/\"><span itemprop=\"author\">Jo\u00e3o Vitor Jacintho<\/span><\/a><\/span><time datetime=\"2022-12-05T22:48:07-03:00\" itemprop=\"datePublished\">05\/12\/2022 22:48<\/time><\/div><\/div><\/div><\/div><\/div>","single_layout":"posts","amp_enabled":true,"_links":{"self":[{"href":"https:\/\/www.suno.com.br\/noticias\/wp-json\/wp\/v2\/posts\/329546"}],"collection":[{"href":"https:\/\/www.suno.com.br\/noticias\/wp-json\/wp\/v2\/posts"}],"about":[{"href":"https:\/\/www.suno.com.br\/noticias\/wp-json\/wp\/v2\/types\/post"}],"author":[{"embeddable":true,"href":"https:\/\/www.suno.com.br\/noticias\/wp-json\/wp\/v2\/users\/173"}],"replies":[{"embeddable":true,"href":"https:\/\/www.suno.com.br\/noticias\/wp-json\/wp\/v2\/comments?post=329546"}],"version-history":[{"count":2,"href":"https:\/\/www.suno.com.br\/noticias\/wp-json\/wp\/v2\/posts\/329546\/revisions"}],"predecessor-version":[{"id":329548,"href":"https:\/\/www.suno.com.br\/noticias\/wp-json\/wp\/v2\/posts\/329546\/revisions\/329548"}],"wp:featuredmedia":[{"embeddable":true,"href":"https:\/\/www.suno.com.br\/noticias\/wp-json\/wp\/v2\/media\/275046"}],"wp:attachment":[{"href":"https:\/\/www.suno.com.br\/noticias\/wp-json\/wp\/v2\/media?parent=329546"}],"wp:term":[{"taxonomy":"category","embeddable":true,"href":"https:\/\/www.suno.com.br\/noticias\/wp-json\/wp\/v2\/categories?post=329546"},{"taxonomy":"post_tag","embeddable":true,"href":"https:\/\/www.suno.com.br\/noticias\/wp-json\/wp\/v2\/tags?post=329546"},{"taxonomy":"suno_strategy","embeddable":true,"href":"https:\/\/www.suno.com.br\/noticias\/wp-json\/wp\/v2\/suno_strategy?post=329546"}],"curies":[{"name":"wp","href":"https:\/\/api.w.org\/{rel}","templated":true}]}}