{"id":32925,"date":"2019-08-02T18:01:12","date_gmt":"2019-08-02T21:01:12","guid":{"rendered":"https:\/\/www.suno.com.br\/noticias\/?p=32925"},"modified":"2019-08-02T18:56:34","modified_gmt":"2019-08-02T21:56:34","slug":"desinvestimento-petrobras-desmonte-castello-branco","status":"publish","type":"post","link":"https:\/\/www.suno.com.br\/noticias\/desinvestimento-petrobras-desmonte-castello-branco\/","title":{"rendered":"Desinvestimento na Petrobras n\u00e3o \u00e9 desmonte, diz Castello Branco"},"content":{"rendered":"<p>O presidente da Petrobras (PETR3; PETR4), <a href=\"https:\/\/www.suno.com.br\/tudo-sobre\/roberto-castello-branco\/\"><strong>Roberto Castello Branco<\/strong><\/a><strong>,<\/strong> declarou nesta sexta-feira (2) que os desinvestimentos j\u00e1 realizados, assim como os previstos no futuro, n\u00e3o significam uma redu\u00e7\u00e3o de empregos e desmonte da estatal petrol\u00edfera.<\/p>\t<div class=\"wrapper-featured-image\">\n\t\t<figure class=\"spotlightImg\">\n\n\t\t\t<picture>\n\t\t\t\t<source media=\"(max-width: 768px)\" srcset=\"https:\/\/files.sunoresearch.com.br\/n\/uploads\/2019\/01\/d67309c5-petrobras-400x200.webp\">\n\t\t\t\t<img loading=\"lazy\" decoding=\"async\" class=\"newsContent__article__imgCapa lazyloadDisabled newsContent__article__imgCapa--noCaption\" src=\"https:\/\/files.sunoresearch.com.br\/n\/uploads\/2019\/01\/d67309c5-petrobras-800x450.webp\" width=\"800\" height=\"450\" alt=\"Desinvestimento na Petrobras n\u00e3o \u00e9 desmonte, diz Castello Branco\" fetchpriority=high \/>\n\t\t\t<\/picture>\n\n\t\t\t<figcaption class=\"wp-caption-text wp-caption-text--hide\">Petrobras avan\u00e7a na digitaliza\u00e7\u00e3o das opera\u00e7\u00f5es<\/figcaption>\n\t\t<\/figure>\n\t<\/div>\n\n\n<p>Segundo o presidente da <strong>Petrobras,<\/strong> essa venda de ativos estimular\u00e1 o ingresso de outras empresas no <strong>mercado petrol\u00edfero.<\/strong> Companhias que, salientou <strong>Castello Branco,<\/strong> est\u00e3o investindo e gerando empregos.<\/p>\n\n<p>\u201cDesinvestimentos n\u00e3o significam redu\u00e7\u00e3o de empregos e desmonte. A Petrobras foi quase desmontada. Estamos reconstruindo a <strong>Petrobras\u201d,<\/strong> explicou o presidente da <strong><a href=\"https:\/\/www.suno.com.br\/artigos\/estatal-so-se-for-de-graca\/\">estatal<\/a><\/strong> durante uma coletiva de imprensa para comentar o balan\u00e7o do\u00a0segundo trimestre de 2019.<\/p>\n<p><strong>Castello Branco<\/strong> declarou que esses desinvestimentos contribuem para a forma\u00e7\u00e3o de uma nova ind\u00fastria de petr\u00f3leo no <strong>Brasil.<\/strong> O presidente da <strong>Petrobras<\/strong> utilizou como exemplo o caso do campo de Azul\u00e3o, na Bacia do Amazonas. O <strong>campo petrol\u00edfero<\/strong> foi vendido para a Eneva, empresa que agora est\u00e1 investindo na constru\u00e7\u00e3o de uma termel\u00e9trica que utilizar\u00e1 o g\u00e1s natural da regi\u00e3o.<\/p>\n<p><a href=\"https:\/\/www.suno.com.br\/noticias\/petrobras-lucro-18-bi-segundo-trimestre\/\">Saiba mais: Petrobras reporta lucro l\u00edquido de R$ 18,8 bi no segundo trimestre\u00a0<\/a><\/p>\n<p>Para <strong>Castello Branco,<\/strong> se Azul\u00e3o tivesse permanecido com a <strong>Petrobras,<\/strong> esse desenvolvimento n\u00e3o teria chegado na regi\u00e3o.<\/p>\n<h2>Listagem na B3<\/h2>\n<p>O presidente da Petrobras tamb\u00e9m salientou que ainda n\u00e3o foi tomada uma decis\u00e3o final sobre a sa\u00edda da estatal do segmento especial de listagem N\u00edvel 2 de Governan\u00e7a Corporativa da <strong><a href=\"https:\/\/www.suno.com.br\/artigos\/bovespa-precedente-b3\/\">B3<\/a><\/strong>.<\/p>\n<p>Entretanto, <strong>Castello Branco<\/strong> salientou como a ades\u00e3o ao n\u00edvel de governan\u00e7a da <a href=\"https:\/\/www.suno.com.br\/artigos\/bovespa-precedente-b3\/\"><strong>Bolsa de Valores de S\u00e3o Paulo<\/strong><\/a> seja algo \u201cirrelevante\u201d.<\/p>\n<p>\u201c[A listagem no N\u00edvel 2] n\u00e3o cria nenhum valor. \u00c9 a mesma coisa que disputar a s\u00e9rie C do Brasileiro. N\u00f3s queremos disputar a Champions\u201d, explicou <strong>Castello Branco<\/strong>. Segundo o presidente da <strong>Petrobras,<\/strong> o importante \u00e9 apresentar as melhores pr\u00e1ticas de transpar\u00eancia e governan\u00e7a, e n\u00e3o fazer parte de um \u201cclubinho\u201d.<\/p>\n<h2>Novo plano de neg\u00f3cios da Petrobras<\/h2>\n<p>O presidente da <strong>Petrobras<\/strong> anunciou que o novo plano de neg\u00f3cios da empresa j\u00e1 est\u00e1 sendo elaborado. O plano dever\u00e1 ser lan\u00e7ado em novembro e ter\u00e1 como horizonte o per\u00edodo 2020-2024.<\/p>\n\t<p>\n\t\t<a href=\"https:\/\/lp.statusinvest.com.br\/ao\/assessoria-status-invest\/\" target=\"_blank\" data-element=\"shortcode-suno-banner\" title=\"Banner SUNO, clique e saiba mais\">\n\t\t\t<picture>\n\t\t\t\t<source media=\"(max-width: 500px)\" srcset=\"https:\/\/files.sunoresearch.com.br\/n\/uploads\/2024\/03\/400x300-Mobile.png\">\n\t\t\t\t<img class=\"newsContent__article__imgCapa newsContent__article__imgCapa--banner\"\n\t\t\t\t\tsrc=\"https:\/\/files.sunoresearch.com.br\/n\/uploads\/2024\/03\/1420x240-Desktop.png\"\n\t\t\t\t\tdata-promo-id=\"537248\"\t\t\t\t\t\t\t\t\t\twidth='1400' height='240'\t\t\t\t\talt=\"https:\/\/files.sunoresearch.com.br\/n\/uploads\/2024\/03\/1420x240-Desktop.png\"\n\t\t\t\t>\n\t\t\t<\/picture>\n\t\t<\/a>\n\t<\/p>\n\n\n<p>Para a diretora de finan\u00e7as e rela\u00e7\u00f5es com investidores, Andrea Almeida, o novo plano ter\u00e1 uma metodologia mais conservadora dos antecedentes. Al\u00e9m disso, o documento dever\u00e1 ser realizado com base em uma an\u00e1lise probabil\u00edstica.<\/p>\n<p>\u201cVamos ter a revis\u00e3o [da proje\u00e7\u00e3o de investimentos] no pr\u00f3ximo plano de cinco anos. Mas basicamente vai ter uma nova forma mais conservadora e aplicando novas t\u00e9cnicas para avaliar o quanto de execu\u00e7\u00e3o que<br \/>\nvamos conseguir fazer\u201d, declarou Almeida, &#8220;Vamos aplicar a metodologia no novo plano de cinco anos\u201d<\/p>\n<h2>Desinvestimentos ainda n\u00e3o conclu\u00eddos<\/h2>\n<p>A diretora de refino e g\u00e1s natural da <strong>Petrobras,<\/strong> Anelise Lara, salientou como a estatal possui oito projetos de desinvestimentos j\u00e1 assinados e ainda n\u00e3o conclu\u00eddos. Uma s\u00e9rie de projetos que v\u00e3o gerar US$ 4 bilh\u00f5es (cerca de R$ 15,6 bilh\u00f5es) para o caixa da empresa.<\/p>\n<p><a href=\"https:\/\/www.suno.com.br\/noticias\/presidente-focar-producao-petroleo\/\">Saiba mais: \u201cPetrobras deve focar em produ\u00e7\u00e3o de petr\u00f3leo\u201d, diz Guedes\u00a0<\/a><\/p>\n<p>\u201cJ\u00e1 temos oito projetos de desinvestimentos assinados. Em cima desses projetos, h\u00e1 uma estimativa de valor, cerca de US$ 4 bilh\u00f5es que ainda n\u00e3o tiveram o \u2018closing\u2019 [conclus\u00e3o]\u201d, declarou Lara. Para a executiva, esses oito projetos s\u00e3o relacionados \u00e0 \u00e1rea de explora\u00e7\u00e3o e produ\u00e7\u00e3o de <strong>petr\u00f3leo<\/strong> e g\u00e1s natural.<\/p>\n<p>No caso das <strong>refinarias<\/strong> colocadas a venda, Lara salientou como o interesse demonstrado pelos investidores \u00e9 \u201cmuito maior\u201d do que aquele registrado no<br \/>\nprocesso de desinvestimentos iniciado em 2018.<\/p>\n\t<p>\n\t\t<a href=\"https:\/\/lp.suno.com.br\/ao\/servico-especializado-suno-tf\/?utm_source=adwords&#038;utm_medium=search&#038;utm_campaign=search.servico.funilconsultoria&#038;utm_content=1147_responsivo-a&#038;hsa_acc=2326072784&#038;hsa_cam=18022897917&#038;hsa_grp=141470255993&#038;hsa_ad=616145467912&#038;hsa_src=g&#038;hsa_tgt=kwd-303658942458&#038;hsa_kw=gestora+de+investimentos&#038;hsa_mt=b&#038;hsa_net=adwords&#038;hsa_ver=3&#038;gad_source=1&#038;gclid=CjwKCAjw1emzBhB8EiwAHwZZxQMvA3xJVRzLGZ70LmuSzR55X-KvxijSay8c5Hm88Sznnq97j8XbORoC-sMQAvD_BwE\" target=\"_blank\" data-element=\"shortcode-suno-banner\" title=\"Banner SUNO, clique e saiba mais\">\n\t\t\t<picture>\n\t\t\t\t<source media=\"(max-width: 500px)\" srcset=\"https:\/\/files.sunoresearch.com.br\/n\/uploads\/2024\/06\/400x300-Mobile-Artigos-4-1.png\">\n\t\t\t\t<img class=\"newsContent__article__imgCapa newsContent__article__imgCapa--banner\"\n\t\t\t\t\tsrc=\"https:\/\/files.sunoresearch.com.br\/n\/uploads\/2024\/06\/1420x240-Banner-Artigos-1-_-Banner-Materias-2-1.png\"\n\t\t\t\t\tdata-promo-id=\"563609\"\t\t\t\t\t\t\t\t\t\twidth='1420' height='240'\t\t\t\t\talt=\"https:\/\/files.sunoresearch.com.br\/n\/uploads\/2024\/06\/1420x240-Banner-Artigos-1-_-Banner-Materias-2-1.png\"\n\t\t\t\t>\n\t\t\t<\/picture>\n\t\t<\/a>\n\t<\/p>\n\n\n<p>A <strong>Petrobras<\/strong> iniciou em abril do ano passado um processo de venda de 60% de dois \u201cclusters\u201d de refinarias, um no Sul e outro no Nordeste. Um modelo revisto esse ano, com a amplia\u00e7\u00e3o para oito unidades de refino, que ser\u00e3o vendidas em 100%.<\/p>\n","protected":false},"excerpt":{"rendered":"<p>O presidente da Petrobras (PETR3; PETR4), Roberto Castello Branco, declarou nesta sexta-feira (2) que os desinvestimentos j\u00e1 realizados, assim como os previstos no futuro, n\u00e3o significam uma redu\u00e7\u00e3o de empregos e desmonte da estatal petrol\u00edfera. Petrobras avan\u00e7a na digitaliza\u00e7\u00e3o das opera\u00e7\u00f5es Segundo o presidente da Petrobras, essa venda de ativos estimular\u00e1 o ingresso de outras [&hellip;]<\/p>\n","protected":false},"author":9,"featured_media":11722,"comment_status":"closed","ping_status":"closed","sticky":false,"template":"","format":"standard","meta":[],"categories":[64],"tags":[595,946,596],"suno_strategy":[],"class_list":["post-32925","post","type-post","status-publish","format-standard","has-post-thumbnail","hentry","category-negocios","tag-petrobras-petr4","tag-roberto-castello-branco","tag-vibra-energia-vbbr3"],"yoast_head":"<!-- This site is optimized with the Yoast SEO plugin v24.4 - https:\/\/yoast.com\/wordpress\/plugins\/seo\/ -->\n<title>Desinvestimento na Petrobras n\u00e3o \u00e9 desmonte, diz Castello Branco<\/title>\n<meta name=\"description\" content=\"O presidente da Petrobras discursou durante a coletiva de apresenta\u00e7\u00e3o dos resultados trimestrais da empresa. Clique aqui para saber mais.\" \/>\n<meta name=\"robots\" content=\"index, follow, max-snippet:-1, max-image-preview:large, max-video-preview:-1\" \/>\n<link rel=\"canonical\" href=\"https:\/\/www.suno.com.br\/noticias\/desinvestimento-petrobras-desmonte-castello-branco\/\" \/>\n<meta property=\"og:locale\" content=\"pt_BR\" \/>\n<meta property=\"og:type\" content=\"article\" \/>\n<meta property=\"og:title\" content=\"Desinvestimento na Petrobras n\u00e3o \u00e9 desmonte, diz Castello Branco\" \/>\n<meta property=\"og:description\" content=\"O presidente da Petrobras discursou durante a coletiva de apresenta\u00e7\u00e3o dos resultados trimestrais da empresa. Clique aqui para saber mais.\" \/>\n<meta property=\"og:url\" content=\"https:\/\/www.suno.com.br\/noticias\/desinvestimento-petrobras-desmonte-castello-branco\/\" \/>\n<meta property=\"og:site_name\" content=\"Suno Not\u00edcias\" \/>\n<meta property=\"article:publisher\" content=\"https:\/\/facebook.com\/sunoresearch\" \/>\n<meta property=\"og:image\" content=\"https:\/\/files.sunoresearch.com.br\/n\/uploads\/2019\/01\/d67309c5-petrobras.jpg\" \/>\n\t<meta property=\"og:image:width\" content=\"1140\" \/>\n\t<meta property=\"og:image:height\" content=\"760\" \/>\n\t<meta property=\"og:image:type\" content=\"image\/jpeg\" \/>\n<meta name=\"author\" content=\"Carlo Cauti\" \/>\n<meta name=\"twitter:card\" content=\"summary_large_image\" \/>\n<meta name=\"twitter:creator\" content=\"@sunoresearch\" \/>\n<meta name=\"twitter:site\" content=\"@sunoresearch\" \/>\n<meta name=\"twitter:label1\" content=\"Escrito por\" \/>\n\t<meta name=\"twitter:data1\" content=\"Carlo Cauti\" \/>\n\t<meta name=\"twitter:label2\" content=\"Est. tempo de leitura\" \/>\n\t<meta name=\"twitter:data2\" content=\"3 minutos\" \/>\n<script type=\"application\/ld+json\" class=\"yoast-schema-graph\">{\"@context\":\"https:\/\/schema.org\",\"@graph\":[{\"@type\":\"NewsArticle\",\"@id\":\"https:\/\/www.suno.com.br\/noticias\/desinvestimento-petrobras-desmonte-castello-branco\/#article\",\"isPartOf\":{\"@id\":\"https:\/\/www.suno.com.br\/noticias\/desinvestimento-petrobras-desmonte-castello-branco\/\"},\"author\":{\"name\":\"Carlo Cauti\",\"@id\":\"https:\/\/www.suno.com.br\/noticias\/#\/schema\/person\/e6e0f723cc177805027f4566c1d5e0c8\"},\"headline\":\"Desinvestimento na Petrobras n\u00e3o \u00e9 desmonte, diz Castello Branco\",\"datePublished\":\"2019-08-02T21:01:12+00:00\",\"dateModified\":\"2019-08-02T21:56:34+00:00\",\"mainEntityOfPage\":{\"@id\":\"https:\/\/www.suno.com.br\/noticias\/desinvestimento-petrobras-desmonte-castello-branco\/\"},\"wordCount\":674,\"publisher\":{\"@id\":\"https:\/\/www.suno.com.br\/noticias\/#organization\"},\"image\":{\"@id\":\"https:\/\/www.suno.com.br\/noticias\/desinvestimento-petrobras-desmonte-castello-branco\/#primaryimage\"},\"thumbnailUrl\":\"https:\/\/files.sunoresearch.com.br\/n\/uploads\/2019\/01\/d67309c5-petrobras-jpg.webp\",\"keywords\":[\"Petrobras (PETR4)\",\"Roberto Castello Branco\",\"Vibra Energia (VBBR3)\"],\"articleSection\":[\"Neg\u00f3cios\"],\"inLanguage\":\"pt-BR\"},{\"@type\":\"WebPage\",\"@id\":\"https:\/\/www.suno.com.br\/noticias\/desinvestimento-petrobras-desmonte-castello-branco\/\",\"url\":\"https:\/\/www.suno.com.br\/noticias\/desinvestimento-petrobras-desmonte-castello-branco\/\",\"name\":\"Desinvestimento na Petrobras n\u00e3o \u00e9 desmonte, diz Castello Branco\",\"isPartOf\":{\"@id\":\"https:\/\/www.suno.com.br\/noticias\/#website\"},\"primaryImageOfPage\":{\"@id\":\"https:\/\/www.suno.com.br\/noticias\/desinvestimento-petrobras-desmonte-castello-branco\/#primaryimage\"},\"image\":{\"@id\":\"https:\/\/www.suno.com.br\/noticias\/desinvestimento-petrobras-desmonte-castello-branco\/#primaryimage\"},\"thumbnailUrl\":\"https:\/\/files.sunoresearch.com.br\/n\/uploads\/2019\/01\/d67309c5-petrobras-jpg.webp\",\"datePublished\":\"2019-08-02T21:01:12+00:00\",\"dateModified\":\"2019-08-02T21:56:34+00:00\",\"description\":\"O presidente da Petrobras discursou durante a coletiva de apresenta\u00e7\u00e3o dos resultados trimestrais da empresa. Clique aqui para saber mais.\",\"breadcrumb\":{\"@id\":\"https:\/\/www.suno.com.br\/noticias\/desinvestimento-petrobras-desmonte-castello-branco\/#breadcrumb\"},\"inLanguage\":\"pt-BR\",\"potentialAction\":[{\"@type\":\"ReadAction\",\"target\":[\"https:\/\/www.suno.com.br\/noticias\/desinvestimento-petrobras-desmonte-castello-branco\/\"]}]},{\"@type\":\"ImageObject\",\"inLanguage\":\"pt-BR\",\"@id\":\"https:\/\/www.suno.com.br\/noticias\/desinvestimento-petrobras-desmonte-castello-branco\/#primaryimage\",\"url\":\"https:\/\/files.sunoresearch.com.br\/n\/uploads\/2019\/01\/d67309c5-petrobras-jpg.webp\",\"contentUrl\":\"https:\/\/files.sunoresearch.com.br\/n\/uploads\/2019\/01\/d67309c5-petrobras-jpg.webp\",\"width\":1140,\"height\":760,\"caption\":\"Petrobras avan\u00e7a na digitaliza\u00e7\u00e3o das opera\u00e7\u00f5es\"},{\"@type\":\"BreadcrumbList\",\"@id\":\"https:\/\/www.suno.com.br\/noticias\/desinvestimento-petrobras-desmonte-castello-branco\/#breadcrumb\",\"itemListElement\":[{\"@type\":\"ListItem\",\"position\":1,\"name\":\"Not\u00edcias\",\"item\":\"https:\/\/www.suno.com.br\/noticias\/\"},{\"@type\":\"ListItem\",\"position\":2,\"name\":\"Neg\u00f3cios\",\"item\":\"https:\/\/www.suno.com.br\/noticias\/negocios\/\"},{\"@type\":\"ListItem\",\"position\":3,\"name\":\"Desinvestimento na Petrobras n\u00e3o \u00e9 desmonte, diz Castello Branco\"}]},{\"@type\":\"WebSite\",\"@id\":\"https:\/\/www.suno.com.br\/noticias\/#website\",\"url\":\"https:\/\/www.suno.com.br\/noticias\/\",\"name\":\"Suno Not\u00edcias\",\"description\":\"Seu portal de informa\u00e7\u00e3o sobre o mundo dos investimentos\",\"publisher\":{\"@id\":\"https:\/\/www.suno.com.br\/noticias\/#organization\"},\"potentialAction\":[{\"@type\":\"SearchAction\",\"target\":{\"@type\":\"EntryPoint\",\"urlTemplate\":\"https:\/\/www.suno.com.br\/noticias\/?s={search_term_string}\"},\"query-input\":{\"@type\":\"PropertyValueSpecification\",\"valueRequired\":true,\"valueName\":\"search_term_string\"}}],\"inLanguage\":\"pt-BR\"},{\"@type\":\"Organization\",\"@id\":\"https:\/\/www.suno.com.br\/noticias\/#organization\",\"name\":\"Suno Not\u00edcias\",\"url\":\"https:\/\/www.suno.com.br\/noticias\/\",\"logo\":{\"@type\":\"ImageObject\",\"inLanguage\":\"pt-BR\",\"@id\":\"https:\/\/www.suno.com.br\/noticias\/#\/schema\/logo\/image\/\",\"url\":\"https:\/\/files.sunoresearch.com.br\/n\/uploads\/2021\/09\/suno-logo.png\",\"contentUrl\":\"https:\/\/files.sunoresearch.com.br\/n\/uploads\/2021\/09\/suno-logo.png\",\"width\":180,\"height\":180,\"caption\":\"Suno Not\u00edcias\"},\"image\":{\"@id\":\"https:\/\/www.suno.com.br\/noticias\/#\/schema\/logo\/image\/\"},\"sameAs\":[\"https:\/\/facebook.com\/sunoresearch\",\"https:\/\/x.com\/sunoresearch\",\"https:\/\/www.instagram.com\/suno\",\"https:\/\/www.linkedin.com\/company\/suno-research\/\",\"https:\/\/www.youtube.com\/c\/sunoresearch\"]},{\"@type\":\"Person\",\"@id\":\"https:\/\/www.suno.com.br\/noticias\/#\/schema\/person\/e6e0f723cc177805027f4566c1d5e0c8\",\"name\":\"Carlo Cauti\",\"image\":{\"@type\":\"ImageObject\",\"inLanguage\":\"pt-BR\",\"@id\":\"https:\/\/www.suno.com.br\/noticias\/#\/schema\/person\/image\/\",\"url\":\"https:\/\/secure.gravatar.com\/avatar\/3ada9e0bd164c23abd4792a9606d583c?s=96&r=g\",\"contentUrl\":\"https:\/\/secure.gravatar.com\/avatar\/3ada9e0bd164c23abd4792a9606d583c?s=96&r=g\",\"caption\":\"Carlo Cauti\"},\"description\":\"Editor multim\u00eddia do SUNO Not\u00edcias. Italiano, formado em Ci\u00eancias Pol\u00edticas pela universidade LUISS G. Carli de Roma e mestre cum laude em Rela\u00e7\u00f5es Internacionais, Jornalismo Internacional e de Guerra e em Economia Internacional. Concluiu tamb\u00e9m um MBA em Finan\u00e7as na B3. No Brasil, teve passagem por ve\u00edculos como Estad\u00e3o, Globo, Veja e EXAME. e nas ag\u00eancias de not\u00edcias italianas ANSA e NOVA.\",\"url\":\"https:\/\/www.suno.com.br\/noticias\/author\/carlo-cauti\/\"}]}<\/script>\n<!-- \/ Yoast SEO plugin. -->","yoast_head_json":{"title":"Desinvestimento na Petrobras n\u00e3o \u00e9 desmonte, diz Castello Branco","description":"O presidente da Petrobras discursou durante a coletiva de apresenta\u00e7\u00e3o dos resultados trimestrais da empresa. Clique aqui para saber mais.","robots":{"index":"index","follow":"follow","max-snippet":"max-snippet:-1","max-image-preview":"max-image-preview:large","max-video-preview":"max-video-preview:-1"},"canonical":"https:\/\/www.suno.com.br\/noticias\/desinvestimento-petrobras-desmonte-castello-branco\/","og_locale":"pt_BR","og_type":"article","og_title":"Desinvestimento na Petrobras n\u00e3o \u00e9 desmonte, diz Castello Branco","og_description":"O presidente da Petrobras discursou durante a coletiva de apresenta\u00e7\u00e3o dos resultados trimestrais da empresa. Clique aqui para saber mais.","og_url":"https:\/\/www.suno.com.br\/noticias\/desinvestimento-petrobras-desmonte-castello-branco\/","og_site_name":"Suno Not\u00edcias","article_publisher":"https:\/\/facebook.com\/sunoresearch","og_image":[{"width":1140,"height":760,"url":"https:\/\/files.sunoresearch.com.br\/n\/uploads\/2019\/01\/d67309c5-petrobras.jpg","type":"image\/jpeg"}],"author":"Carlo Cauti","twitter_card":"summary_large_image","twitter_creator":"@sunoresearch","twitter_site":"@sunoresearch","twitter_misc":{"Escrito por":"Carlo Cauti","Est. tempo de leitura":"3 minutos"},"schema":{"@context":"https:\/\/schema.org","@graph":[{"@type":"NewsArticle","@id":"https:\/\/www.suno.com.br\/noticias\/desinvestimento-petrobras-desmonte-castello-branco\/#article","isPartOf":{"@id":"https:\/\/www.suno.com.br\/noticias\/desinvestimento-petrobras-desmonte-castello-branco\/"},"author":{"name":"Carlo Cauti","@id":"https:\/\/www.suno.com.br\/noticias\/#\/schema\/person\/e6e0f723cc177805027f4566c1d5e0c8"},"headline":"Desinvestimento na Petrobras n\u00e3o \u00e9 desmonte, diz Castello Branco","datePublished":"2019-08-02T21:01:12+00:00","dateModified":"2019-08-02T21:56:34+00:00","mainEntityOfPage":{"@id":"https:\/\/www.suno.com.br\/noticias\/desinvestimento-petrobras-desmonte-castello-branco\/"},"wordCount":674,"publisher":{"@id":"https:\/\/www.suno.com.br\/noticias\/#organization"},"image":{"@id":"https:\/\/www.suno.com.br\/noticias\/desinvestimento-petrobras-desmonte-castello-branco\/#primaryimage"},"thumbnailUrl":"https:\/\/files.sunoresearch.com.br\/n\/uploads\/2019\/01\/d67309c5-petrobras-jpg.webp","keywords":["Petrobras (PETR4)","Roberto Castello Branco","Vibra Energia (VBBR3)"],"articleSection":["Neg\u00f3cios"],"inLanguage":"pt-BR"},{"@type":"WebPage","@id":"https:\/\/www.suno.com.br\/noticias\/desinvestimento-petrobras-desmonte-castello-branco\/","url":"https:\/\/www.suno.com.br\/noticias\/desinvestimento-petrobras-desmonte-castello-branco\/","name":"Desinvestimento na Petrobras n\u00e3o \u00e9 desmonte, diz Castello Branco","isPartOf":{"@id":"https:\/\/www.suno.com.br\/noticias\/#website"},"primaryImageOfPage":{"@id":"https:\/\/www.suno.com.br\/noticias\/desinvestimento-petrobras-desmonte-castello-branco\/#primaryimage"},"image":{"@id":"https:\/\/www.suno.com.br\/noticias\/desinvestimento-petrobras-desmonte-castello-branco\/#primaryimage"},"thumbnailUrl":"https:\/\/files.sunoresearch.com.br\/n\/uploads\/2019\/01\/d67309c5-petrobras-jpg.webp","datePublished":"2019-08-02T21:01:12+00:00","dateModified":"2019-08-02T21:56:34+00:00","description":"O presidente da Petrobras discursou durante a coletiva de apresenta\u00e7\u00e3o dos resultados trimestrais da empresa. Clique aqui para saber mais.","breadcrumb":{"@id":"https:\/\/www.suno.com.br\/noticias\/desinvestimento-petrobras-desmonte-castello-branco\/#breadcrumb"},"inLanguage":"pt-BR","potentialAction":[{"@type":"ReadAction","target":["https:\/\/www.suno.com.br\/noticias\/desinvestimento-petrobras-desmonte-castello-branco\/"]}]},{"@type":"ImageObject","inLanguage":"pt-BR","@id":"https:\/\/www.suno.com.br\/noticias\/desinvestimento-petrobras-desmonte-castello-branco\/#primaryimage","url":"https:\/\/files.sunoresearch.com.br\/n\/uploads\/2019\/01\/d67309c5-petrobras-jpg.webp","contentUrl":"https:\/\/files.sunoresearch.com.br\/n\/uploads\/2019\/01\/d67309c5-petrobras-jpg.webp","width":1140,"height":760,"caption":"Petrobras avan\u00e7a na digitaliza\u00e7\u00e3o das opera\u00e7\u00f5es"},{"@type":"BreadcrumbList","@id":"https:\/\/www.suno.com.br\/noticias\/desinvestimento-petrobras-desmonte-castello-branco\/#breadcrumb","itemListElement":[{"@type":"ListItem","position":1,"name":"Not\u00edcias","item":"https:\/\/www.suno.com.br\/noticias\/"},{"@type":"ListItem","position":2,"name":"Neg\u00f3cios","item":"https:\/\/www.suno.com.br\/noticias\/negocios\/"},{"@type":"ListItem","position":3,"name":"Desinvestimento na Petrobras n\u00e3o \u00e9 desmonte, diz Castello Branco"}]},{"@type":"WebSite","@id":"https:\/\/www.suno.com.br\/noticias\/#website","url":"https:\/\/www.suno.com.br\/noticias\/","name":"Suno Not\u00edcias","description":"Seu portal de informa\u00e7\u00e3o sobre o mundo dos investimentos","publisher":{"@id":"https:\/\/www.suno.com.br\/noticias\/#organization"},"potentialAction":[{"@type":"SearchAction","target":{"@type":"EntryPoint","urlTemplate":"https:\/\/www.suno.com.br\/noticias\/?s={search_term_string}"},"query-input":{"@type":"PropertyValueSpecification","valueRequired":true,"valueName":"search_term_string"}}],"inLanguage":"pt-BR"},{"@type":"Organization","@id":"https:\/\/www.suno.com.br\/noticias\/#organization","name":"Suno Not\u00edcias","url":"https:\/\/www.suno.com.br\/noticias\/","logo":{"@type":"ImageObject","inLanguage":"pt-BR","@id":"https:\/\/www.suno.com.br\/noticias\/#\/schema\/logo\/image\/","url":"https:\/\/files.sunoresearch.com.br\/n\/uploads\/2021\/09\/suno-logo.png","contentUrl":"https:\/\/files.sunoresearch.com.br\/n\/uploads\/2021\/09\/suno-logo.png","width":180,"height":180,"caption":"Suno Not\u00edcias"},"image":{"@id":"https:\/\/www.suno.com.br\/noticias\/#\/schema\/logo\/image\/"},"sameAs":["https:\/\/facebook.com\/sunoresearch","https:\/\/x.com\/sunoresearch","https:\/\/www.instagram.com\/suno","https:\/\/www.linkedin.com\/company\/suno-research\/","https:\/\/www.youtube.com\/c\/sunoresearch"]},{"@type":"Person","@id":"https:\/\/www.suno.com.br\/noticias\/#\/schema\/person\/e6e0f723cc177805027f4566c1d5e0c8","name":"Carlo Cauti","image":{"@type":"ImageObject","inLanguage":"pt-BR","@id":"https:\/\/www.suno.com.br\/noticias\/#\/schema\/person\/image\/","url":"https:\/\/secure.gravatar.com\/avatar\/3ada9e0bd164c23abd4792a9606d583c?s=96&r=g","contentUrl":"https:\/\/secure.gravatar.com\/avatar\/3ada9e0bd164c23abd4792a9606d583c?s=96&r=g","caption":"Carlo Cauti"},"description":"Editor multim\u00eddia do SUNO Not\u00edcias. Italiano, formado em Ci\u00eancias Pol\u00edticas pela universidade LUISS G. Carli de Roma e mestre cum laude em Rela\u00e7\u00f5es Internacionais, Jornalismo Internacional e de Guerra e em Economia Internacional. Concluiu tamb\u00e9m um MBA em Finan\u00e7as na B3. No Brasil, teve passagem por ve\u00edculos como Estad\u00e3o, Globo, Veja e EXAME. e nas ag\u00eancias de not\u00edcias italianas ANSA e NOVA.","url":"https:\/\/www.suno.com.br\/noticias\/author\/carlo-cauti\/"}]}},"default_loop_html":"<div class=\"cardsPage__listCard__boxs\"><div class=\"cardsPage__listCard__boxs__img\"><a href=\"https:\/\/www.suno.com.br\/noticias\/desinvestimento-petrobras-desmonte-castello-branco\/\"><img class=\"mask\" src=\"https:\/\/www.suno.com.br\/noticias\/wp-content\/themes\/suno\/resources\/images\/spotlight\/spotlight1img\/bg-mask.png\" alt=\"Image Mask\"\/><img src=\"https:\/\/files.sunoresearch.com.br\/n\/uploads\/2019\/01\/d67309c5-petrobras-400x200.webp\" alt=\"Desinvestimento na Petrobras n\u00e3o \u00e9 desmonte, diz Castello Branco\"\/><\/a><span class=\"spotlightCategory\"><a href=\"https:\/\/www.suno.com.br\/noticias\/negocios\/\">Neg\u00f3cios<\/a><\/span><\/div><div class=\"cardsPage__listCard__boxs__content\"><a href=\"https:\/\/www.suno.com.br\/noticias\/desinvestimento-petrobras-desmonte-castello-branco\/\"><h2 class=\"content__title\">Desinvestimento na Petrobras n\u00e3o \u00e9 desmonte, diz Castello Branco<\/h2><\/a><div class=\"newsContent__article__meta\"><div class=\"newsContent__article__meta__authorBox\"><a href=\"https:\/\/www.suno.com.br\/noticias\/author\/carlo-cauti\/\" class=\"authorBox__avatar noMobi\"><img src=\"https:\/\/files.sunoresearch.com.br\/n\/uploads\/2020\/08\/e3745f9a-perfil-carlo-cauti-150x150.webp\" alt=\"Carlo Cauti\"><\/a><div class=\"authorBox__name\"><span>por\n\t\t\t<a href=\"https:\/\/www.suno.com.br\/noticias\/author\/carlo-cauti\/\"><span itemprop=\"author\">Carlo Cauti<\/span><\/a><\/span><time datetime=\"2019-08-02T18:01:12-03:00\" itemprop=\"datePublished\">02\/08\/2019 18:01<\/time><\/div><\/div><\/div><\/div><\/div>","single_layout":"posts","amp_enabled":true,"_links":{"self":[{"href":"https:\/\/www.suno.com.br\/noticias\/wp-json\/wp\/v2\/posts\/32925"}],"collection":[{"href":"https:\/\/www.suno.com.br\/noticias\/wp-json\/wp\/v2\/posts"}],"about":[{"href":"https:\/\/www.suno.com.br\/noticias\/wp-json\/wp\/v2\/types\/post"}],"author":[{"embeddable":true,"href":"https:\/\/www.suno.com.br\/noticias\/wp-json\/wp\/v2\/users\/9"}],"replies":[{"embeddable":true,"href":"https:\/\/www.suno.com.br\/noticias\/wp-json\/wp\/v2\/comments?post=32925"}],"version-history":[{"count":0,"href":"https:\/\/www.suno.com.br\/noticias\/wp-json\/wp\/v2\/posts\/32925\/revisions"}],"wp:featuredmedia":[{"embeddable":true,"href":"https:\/\/www.suno.com.br\/noticias\/wp-json\/wp\/v2\/media\/11722"}],"wp:attachment":[{"href":"https:\/\/www.suno.com.br\/noticias\/wp-json\/wp\/v2\/media?parent=32925"}],"wp:term":[{"taxonomy":"category","embeddable":true,"href":"https:\/\/www.suno.com.br\/noticias\/wp-json\/wp\/v2\/categories?post=32925"},{"taxonomy":"post_tag","embeddable":true,"href":"https:\/\/www.suno.com.br\/noticias\/wp-json\/wp\/v2\/tags?post=32925"},{"taxonomy":"suno_strategy","embeddable":true,"href":"https:\/\/www.suno.com.br\/noticias\/wp-json\/wp\/v2\/suno_strategy?post=32925"}],"curies":[{"name":"wp","href":"https:\/\/api.w.org\/{rel}","templated":true}]}}