{"id":32907,"date":"2019-08-02T15:15:35","date_gmt":"2019-08-02T18:15:35","guid":{"rendered":"https:\/\/www.suno.com.br\/noticias\/?p=32907"},"modified":"2021-02-17T22:01:30","modified_gmt":"2021-02-18T01:01:30","slug":"eua-queda-60-mil-vagas-trabalho-julho","status":"publish","type":"post","link":"https:\/\/www.suno.com.br\/noticias\/eua-queda-60-mil-vagas-trabalho-julho\/","title":{"rendered":"EUA tem queda de 60 mil vagas de trabalho no m\u00eas de julho, ante junho"},"content":{"rendered":"<p>Os <strong>EUA<\/strong> anunciaram, nesta sexta-feira (2), dados sobre a situa\u00e7\u00e3o de empregos no pa\u00eds referente ao m\u00eas passado. Foram criadas 164 mil novas vagas no m\u00eas de julho. Entretanto, em junho foram registrados 224 mil novas vagas.<\/p>\t<div class=\"wrapper-featured-image\">\n\t\t<figure class=\"spotlightImg\">\n\n\t\t\t<picture>\n\t\t\t\t<source media=\"(max-width: 768px)\" srcset=\"https:\/\/files.sunoresearch.com.br\/n\/uploads\/2018\/10\/3e615991-eua-1-400x200.webp\">\n\t\t\t\t<img loading=\"lazy\" decoding=\"async\" class=\"newsContent__article__imgCapa lazyloadDisabled newsContent__article__imgCapa--noCaption\" src=\"https:\/\/files.sunoresearch.com.br\/n\/uploads\/2018\/10\/3e615991-eua-1-800x450.webp\" width=\"800\" height=\"450\" alt=\"EUA tem queda de 60 mil vagas de trabalho no m\u00eas de julho, ante junho\" fetchpriority=high \/>\n\t\t\t<\/picture>\n\n\t\t\t<figcaption class=\"wp-caption-text wp-caption-text--hide\">Bandeira dos EUA (foto: divulga\u00e7\u00e3o)<\/figcaption>\n\t\t<\/figure>\n\t<\/div>\n\n\n<p>As informa\u00e7\u00f5es foram dadas pelo Departamento do Trabalho dos <strong>EUA<\/strong>. A taxa de desemprego se manteve em 3,7%, em rela\u00e7\u00e3o ao m\u00eas passado. Seguindo a mesma linha, a quantidade de desempregados tamb\u00e9m permaneceu est\u00e1vel. Sendo assim, foram contabilizados 6,1 milh\u00f5es de pessoas.<\/p>\n\n<p>A expectativa da taxa de desemprego era de uma diminui\u00e7\u00e3o de 0,1%. Dessa forma, o a taxa ficaria em 3,6%.<\/p>\n<p>Em contrapartida, houve um aumento na remunera\u00e7\u00e3o por hora de trabalho. O valor esperado por especialistas era de 0,2% e foi de 0,3%.<\/p>\n<p>O desemprego permaneceu est\u00e1vel em quase todos os grupos de trabalhadores:<\/p>\n<ul>\n<li>homens adultos (3,4%)<\/li>\n<li>mulheres adultas (3,4%)<\/li>\n<li>adolescentes (12,8%)<\/li>\n<li>brancos (3,3%)<\/li>\n<li>negros (6%)<\/li>\n<li>hisp\u00e2nicos (4,5%)<\/li>\n<\/ul>\n<p>Entretanto, aumentou entre os asi\u00e1ticos. O n\u00famero subiu para 2,8%.<\/p>\n\t<p>\n\t\t<a href=\"https:\/\/lp.suno.com.br\/ao\/cadastro-whatsapp\/\" target=\"_blank\" data-element=\"shortcode-suno-banner\" title=\"Banner SUNO, clique e saiba mais\">\n\t\t\t<picture>\n\t\t\t\t<source media=\"(max-width: 500px)\" srcset=\"https:\/\/files.sunoresearch.com.br\/n\/uploads\/2024\/03\/400x300-whatsapp-Suno.png\">\n\t\t\t\t<img class=\"newsContent__article__imgCapa newsContent__article__imgCapa--banner\"\n\t\t\t\t\tsrc=\"https:\/\/files.sunoresearch.com.br\/n\/uploads\/2024\/03\/1420x240-whatsapp-Suno.png\"\n\t\t\t\t\tdata-promo-id=\"101743\"\t\t\t\t\t\t\t\t\t\twidth='1420' height='240'\t\t\t\t\talt=\"https:\/\/files.sunoresearch.com.br\/n\/uploads\/2024\/03\/1420x240-whatsapp-Suno.png\"\n\t\t\t\t>\n\t\t\t<\/picture>\n\t\t<\/a>\n\t<\/p>\n\n\n<h2>PIB dos EUA cresce 2,1% no 2\u00ba tri<\/h2>\n<p>O <a href=\"https:\/\/www.suno.com.br\/artigos\/o-produto-interno-bruto-pib\/\"><strong>Produto Interno Bruto<\/strong><\/a> <strong>(PIB)<\/strong> dos EUA cresceu \u00e0 taxa anualizada de 2,1% no segundo trimestre de 2019. Os dados foram divulgados no dia 26 de julho pelo Departamento do Com\u00e9rcio de Washington<strong>.<\/strong><\/p>\n<p>Esse resultado foi superior as previs\u00f5es dos analistas ouvidos pela Bloomberg, que indicavam crescimento de 1,8% no ano. No primeiro trimestre de 2019, o PIB dos <strong>EUA<\/strong> tamb\u00e9m cresceu mais do que o previsto, alcan\u00e7ando uma taxa anualizada de 3,1%.<\/p>\n<p><a href=\"https:\/\/www.suno.com.br\/noticias\/china-eua-trump-guerra-comercial\/\">Veja tamb\u00e9m: China afirma n\u00e3o ceder e promete retaliar os EUA sobre taxas comerciais\u00a0<\/a><\/p>\n<p>Contudo, o resultado foi uma desacelera\u00e7\u00e3o em rela\u00e7\u00e3o ao crescimento da economia norte-americana de 3,1%, ao ano, registrado nos primeiros tr\u00eas meses deste ano.<\/p>\n\t<p>\n\t\t<a href=\"https:\/\/lp.suno.com.br\/minicurso-valuation\/\" target=\"_blank\" data-element=\"shortcode-suno-banner\" title=\"Banner SUNO, clique e saiba mais\">\n\t\t\t<picture>\n\t\t\t\t<source media=\"(max-width: 500px)\" srcset=\"https:\/\/files.sunoresearch.com.br\/n\/uploads\/2023\/03\/400x300-Minicurso-Valuation.png\">\n\t\t\t\t<img class=\"newsContent__article__imgCapa newsContent__article__imgCapa--banner\"\n\t\t\t\t\tsrc=\"https:\/\/files.sunoresearch.com.br\/n\/uploads\/2023\/03\/1420x240-Minicurso-Valuation.png\"\n\t\t\t\t\tdata-promo-id=\"383160\"\t\t\t\t\t\t\t\t\t\twidth='1420' height='240'\t\t\t\t\talt=\"https:\/\/files.sunoresearch.com.br\/n\/uploads\/2023\/03\/1420x240-Minicurso-Valuation.png\"\n\t\t\t\t>\n\t\t\t<\/picture>\n\t\t<\/a>\n\t<\/p>\n\n\n<p>Entre os dados analisados para esse resultado, o consumo pessoal aparece como a maior alta, com um crescimento de 4,3%. A previs\u00e3o era de uma expans\u00e3o de 4%.<\/p>\n<p>O \u00edndice de pre\u00e7os de gastos com consumo (PCE, na sigla em ingl\u00eas) cresceu \u00e0 taxa anualizada de 2,3%. Tamb\u00e9m uma acelera\u00e7\u00e3o significativa em rela\u00e7\u00e3o \u00e0 alta observada entre janeiro e mar\u00e7o deste ano nos <strong>EUA<\/strong>, que foi revisada de 0,5% para 0,4%.<\/p>\n","protected":false},"excerpt":{"rendered":"<p>Os EUA anunciaram, nesta sexta-feira (2), dados sobre a situa\u00e7\u00e3o de empregos no pa\u00eds referente ao m\u00eas passado. Foram criadas 164 mil novas vagas no m\u00eas de julho. Entretanto, em junho foram registrados 224 mil novas vagas. Bandeira dos EUA (foto: divulga\u00e7\u00e3o) As informa\u00e7\u00f5es foram dadas pelo Departamento do Trabalho dos EUA. A taxa de [&hellip;]<\/p>\n","protected":false},"author":19,"featured_media":5631,"comment_status":"closed","ping_status":"closed","sticky":false,"template":"","format":"standard","meta":[],"categories":[63],"tags":[1296,724,1796,793,807],"suno_strategy":[],"class_list":["post-32907","post","type-post","status-publish","format-standard","has-post-thumbnail","hentry","category-internacional","tag-desemprego","tag-donald-trump","tag-emprego","tag-estados-unidos-eua","tag-produto-interno-bruto-pib"],"yoast_head":"<!-- This site is optimized with the Yoast SEO plugin v24.4 - https:\/\/yoast.com\/wordpress\/plugins\/seo\/ -->\n<title>EUA tem queda de 60 mil vagas de trabalho no m\u00eas de julho, ante junho<\/title>\n<meta name=\"description\" content=\"Os EUA anunciaram, nesta sexta-feira (2), dados sobre a situa\u00e7\u00e3o de empregos no pa\u00eds referente ao m\u00eas passado. Clique e saiba mais.\" \/>\n<meta name=\"robots\" content=\"index, follow, max-snippet:-1, max-image-preview:large, max-video-preview:-1\" \/>\n<link rel=\"canonical\" href=\"https:\/\/www.suno.com.br\/noticias\/eua-queda-60-mil-vagas-trabalho-julho\/\" \/>\n<meta property=\"og:locale\" content=\"pt_BR\" \/>\n<meta property=\"og:type\" content=\"article\" \/>\n<meta property=\"og:title\" content=\"EUA tem queda de 60 mil vagas de trabalho no m\u00eas de julho, ante junho\" \/>\n<meta property=\"og:description\" content=\"Os EUA anunciaram, nesta sexta-feira (2), dados sobre a situa\u00e7\u00e3o de empregos no pa\u00eds referente ao m\u00eas passado. Clique e saiba mais.\" \/>\n<meta property=\"og:url\" content=\"https:\/\/www.suno.com.br\/noticias\/eua-queda-60-mil-vagas-trabalho-julho\/\" \/>\n<meta property=\"og:site_name\" content=\"Suno Not\u00edcias\" \/>\n<meta property=\"article:publisher\" content=\"https:\/\/facebook.com\/sunoresearch\" \/>\n<meta property=\"og:image\" content=\"https:\/\/files.sunoresearch.com.br\/n\/uploads\/2018\/10\/3e615991-eua-1.jpg\" \/>\n\t<meta property=\"og:image:width\" content=\"1920\" \/>\n\t<meta property=\"og:image:height\" content=\"1280\" \/>\n\t<meta property=\"og:image:type\" content=\"image\/jpeg\" \/>\n<meta name=\"author\" content=\"Juliano Passaro\" \/>\n<meta name=\"twitter:card\" content=\"summary_large_image\" \/>\n<meta name=\"twitter:creator\" content=\"@sunoresearch\" \/>\n<meta name=\"twitter:site\" content=\"@sunoresearch\" \/>\n<meta name=\"twitter:label1\" content=\"Escrito por\" \/>\n\t<meta name=\"twitter:data1\" content=\"Juliano Passaro\" \/>\n\t<meta name=\"twitter:label2\" content=\"Est. tempo de leitura\" \/>\n\t<meta name=\"twitter:data2\" content=\"2 minutos\" \/>\n<script type=\"application\/ld+json\" class=\"yoast-schema-graph\">{\"@context\":\"https:\/\/schema.org\",\"@graph\":[{\"@type\":\"NewsArticle\",\"@id\":\"https:\/\/www.suno.com.br\/noticias\/eua-queda-60-mil-vagas-trabalho-julho\/#article\",\"isPartOf\":{\"@id\":\"https:\/\/www.suno.com.br\/noticias\/eua-queda-60-mil-vagas-trabalho-julho\/\"},\"author\":{\"name\":\"Juliano Passaro\",\"@id\":\"https:\/\/www.suno.com.br\/noticias\/#\/schema\/person\/1db762f78ffd8919a648a63e425953e3\"},\"headline\":\"EUA tem queda de 60 mil vagas de trabalho no m\u00eas de julho, ante junho\",\"datePublished\":\"2019-08-02T18:15:35+00:00\",\"dateModified\":\"2021-02-18T01:01:30+00:00\",\"mainEntityOfPage\":{\"@id\":\"https:\/\/www.suno.com.br\/noticias\/eua-queda-60-mil-vagas-trabalho-julho\/\"},\"wordCount\":370,\"publisher\":{\"@id\":\"https:\/\/www.suno.com.br\/noticias\/#organization\"},\"image\":{\"@id\":\"https:\/\/www.suno.com.br\/noticias\/eua-queda-60-mil-vagas-trabalho-julho\/#primaryimage\"},\"thumbnailUrl\":\"https:\/\/files.sunoresearch.com.br\/n\/uploads\/2018\/10\/3e615991-eua-1-jpg.webp\",\"keywords\":[\"Desemprego\",\"Donald Trump\",\"Emprego\",\"Estados Unidos (EUA)\",\"Produto Interno Bruto (PIB)\"],\"articleSection\":[\"Internacional\"],\"inLanguage\":\"pt-BR\"},{\"@type\":\"WebPage\",\"@id\":\"https:\/\/www.suno.com.br\/noticias\/eua-queda-60-mil-vagas-trabalho-julho\/\",\"url\":\"https:\/\/www.suno.com.br\/noticias\/eua-queda-60-mil-vagas-trabalho-julho\/\",\"name\":\"EUA tem queda de 60 mil vagas de trabalho no m\u00eas de julho, ante junho\",\"isPartOf\":{\"@id\":\"https:\/\/www.suno.com.br\/noticias\/#website\"},\"primaryImageOfPage\":{\"@id\":\"https:\/\/www.suno.com.br\/noticias\/eua-queda-60-mil-vagas-trabalho-julho\/#primaryimage\"},\"image\":{\"@id\":\"https:\/\/www.suno.com.br\/noticias\/eua-queda-60-mil-vagas-trabalho-julho\/#primaryimage\"},\"thumbnailUrl\":\"https:\/\/files.sunoresearch.com.br\/n\/uploads\/2018\/10\/3e615991-eua-1-jpg.webp\",\"datePublished\":\"2019-08-02T18:15:35+00:00\",\"dateModified\":\"2021-02-18T01:01:30+00:00\",\"description\":\"Os EUA anunciaram, nesta sexta-feira (2), dados sobre a situa\u00e7\u00e3o de empregos no pa\u00eds referente ao m\u00eas passado. Clique e saiba mais.\",\"breadcrumb\":{\"@id\":\"https:\/\/www.suno.com.br\/noticias\/eua-queda-60-mil-vagas-trabalho-julho\/#breadcrumb\"},\"inLanguage\":\"pt-BR\",\"potentialAction\":[{\"@type\":\"ReadAction\",\"target\":[\"https:\/\/www.suno.com.br\/noticias\/eua-queda-60-mil-vagas-trabalho-julho\/\"]}]},{\"@type\":\"ImageObject\",\"inLanguage\":\"pt-BR\",\"@id\":\"https:\/\/www.suno.com.br\/noticias\/eua-queda-60-mil-vagas-trabalho-julho\/#primaryimage\",\"url\":\"https:\/\/files.sunoresearch.com.br\/n\/uploads\/2018\/10\/3e615991-eua-1-jpg.webp\",\"contentUrl\":\"https:\/\/files.sunoresearch.com.br\/n\/uploads\/2018\/10\/3e615991-eua-1-jpg.webp\",\"width\":1920,\"height\":1280,\"caption\":\"Bandeira dos EUA (foto: divulga\u00e7\u00e3o)\"},{\"@type\":\"BreadcrumbList\",\"@id\":\"https:\/\/www.suno.com.br\/noticias\/eua-queda-60-mil-vagas-trabalho-julho\/#breadcrumb\",\"itemListElement\":[{\"@type\":\"ListItem\",\"position\":1,\"name\":\"Not\u00edcias\",\"item\":\"https:\/\/www.suno.com.br\/noticias\/\"},{\"@type\":\"ListItem\",\"position\":2,\"name\":\"Internacional\",\"item\":\"https:\/\/www.suno.com.br\/noticias\/internacional\/\"},{\"@type\":\"ListItem\",\"position\":3,\"name\":\"EUA tem queda de 60 mil vagas de trabalho no m\u00eas de julho, ante junho\"}]},{\"@type\":\"WebSite\",\"@id\":\"https:\/\/www.suno.com.br\/noticias\/#website\",\"url\":\"https:\/\/www.suno.com.br\/noticias\/\",\"name\":\"Suno Not\u00edcias\",\"description\":\"Seu portal de informa\u00e7\u00e3o sobre o mundo dos investimentos\",\"publisher\":{\"@id\":\"https:\/\/www.suno.com.br\/noticias\/#organization\"},\"potentialAction\":[{\"@type\":\"SearchAction\",\"target\":{\"@type\":\"EntryPoint\",\"urlTemplate\":\"https:\/\/www.suno.com.br\/noticias\/?s={search_term_string}\"},\"query-input\":{\"@type\":\"PropertyValueSpecification\",\"valueRequired\":true,\"valueName\":\"search_term_string\"}}],\"inLanguage\":\"pt-BR\"},{\"@type\":\"Organization\",\"@id\":\"https:\/\/www.suno.com.br\/noticias\/#organization\",\"name\":\"Suno Not\u00edcias\",\"url\":\"https:\/\/www.suno.com.br\/noticias\/\",\"logo\":{\"@type\":\"ImageObject\",\"inLanguage\":\"pt-BR\",\"@id\":\"https:\/\/www.suno.com.br\/noticias\/#\/schema\/logo\/image\/\",\"url\":\"https:\/\/files.sunoresearch.com.br\/n\/uploads\/2021\/09\/suno-logo.png\",\"contentUrl\":\"https:\/\/files.sunoresearch.com.br\/n\/uploads\/2021\/09\/suno-logo.png\",\"width\":180,\"height\":180,\"caption\":\"Suno Not\u00edcias\"},\"image\":{\"@id\":\"https:\/\/www.suno.com.br\/noticias\/#\/schema\/logo\/image\/\"},\"sameAs\":[\"https:\/\/facebook.com\/sunoresearch\",\"https:\/\/x.com\/sunoresearch\",\"https:\/\/www.instagram.com\/suno\",\"https:\/\/www.linkedin.com\/company\/suno-research\/\",\"https:\/\/www.youtube.com\/c\/sunoresearch\"]},{\"@type\":\"Person\",\"@id\":\"https:\/\/www.suno.com.br\/noticias\/#\/schema\/person\/1db762f78ffd8919a648a63e425953e3\",\"name\":\"Juliano Passaro\",\"image\":{\"@type\":\"ImageObject\",\"inLanguage\":\"pt-BR\",\"@id\":\"https:\/\/www.suno.com.br\/noticias\/#\/schema\/person\/image\/\",\"url\":\"https:\/\/secure.gravatar.com\/avatar\/743d4df28eebf6dcc46b4ad03c319e92?s=96&r=g\",\"contentUrl\":\"https:\/\/secure.gravatar.com\/avatar\/743d4df28eebf6dcc46b4ad03c319e92?s=96&r=g\",\"caption\":\"Juliano Passaro\"},\"description\":\"Juliano Passaro escreve sobre pol\u00edtica, economia e neg\u00f3cios para o portal da Suno Research. Antes da Suno, trabalhou no Portal da Band. \u00c9 formado em jornalismo pela Universidade Presbiteriana Mackenzie.\",\"url\":\"https:\/\/www.suno.com.br\/noticias\/author\/juliano\/\"}]}<\/script>\n<!-- \/ Yoast SEO plugin. -->","yoast_head_json":{"title":"EUA tem queda de 60 mil vagas de trabalho no m\u00eas de julho, ante junho","description":"Os EUA anunciaram, nesta sexta-feira (2), dados sobre a situa\u00e7\u00e3o de empregos no pa\u00eds referente ao m\u00eas passado. Clique e saiba mais.","robots":{"index":"index","follow":"follow","max-snippet":"max-snippet:-1","max-image-preview":"max-image-preview:large","max-video-preview":"max-video-preview:-1"},"canonical":"https:\/\/www.suno.com.br\/noticias\/eua-queda-60-mil-vagas-trabalho-julho\/","og_locale":"pt_BR","og_type":"article","og_title":"EUA tem queda de 60 mil vagas de trabalho no m\u00eas de julho, ante junho","og_description":"Os EUA anunciaram, nesta sexta-feira (2), dados sobre a situa\u00e7\u00e3o de empregos no pa\u00eds referente ao m\u00eas passado. Clique e saiba mais.","og_url":"https:\/\/www.suno.com.br\/noticias\/eua-queda-60-mil-vagas-trabalho-julho\/","og_site_name":"Suno Not\u00edcias","article_publisher":"https:\/\/facebook.com\/sunoresearch","og_image":[{"width":1920,"height":1280,"url":"https:\/\/files.sunoresearch.com.br\/n\/uploads\/2018\/10\/3e615991-eua-1.jpg","type":"image\/jpeg"}],"author":"Juliano Passaro","twitter_card":"summary_large_image","twitter_creator":"@sunoresearch","twitter_site":"@sunoresearch","twitter_misc":{"Escrito por":"Juliano Passaro","Est. tempo de leitura":"2 minutos"},"schema":{"@context":"https:\/\/schema.org","@graph":[{"@type":"NewsArticle","@id":"https:\/\/www.suno.com.br\/noticias\/eua-queda-60-mil-vagas-trabalho-julho\/#article","isPartOf":{"@id":"https:\/\/www.suno.com.br\/noticias\/eua-queda-60-mil-vagas-trabalho-julho\/"},"author":{"name":"Juliano Passaro","@id":"https:\/\/www.suno.com.br\/noticias\/#\/schema\/person\/1db762f78ffd8919a648a63e425953e3"},"headline":"EUA tem queda de 60 mil vagas de trabalho no m\u00eas de julho, ante junho","datePublished":"2019-08-02T18:15:35+00:00","dateModified":"2021-02-18T01:01:30+00:00","mainEntityOfPage":{"@id":"https:\/\/www.suno.com.br\/noticias\/eua-queda-60-mil-vagas-trabalho-julho\/"},"wordCount":370,"publisher":{"@id":"https:\/\/www.suno.com.br\/noticias\/#organization"},"image":{"@id":"https:\/\/www.suno.com.br\/noticias\/eua-queda-60-mil-vagas-trabalho-julho\/#primaryimage"},"thumbnailUrl":"https:\/\/files.sunoresearch.com.br\/n\/uploads\/2018\/10\/3e615991-eua-1-jpg.webp","keywords":["Desemprego","Donald Trump","Emprego","Estados Unidos (EUA)","Produto Interno Bruto (PIB)"],"articleSection":["Internacional"],"inLanguage":"pt-BR"},{"@type":"WebPage","@id":"https:\/\/www.suno.com.br\/noticias\/eua-queda-60-mil-vagas-trabalho-julho\/","url":"https:\/\/www.suno.com.br\/noticias\/eua-queda-60-mil-vagas-trabalho-julho\/","name":"EUA tem queda de 60 mil vagas de trabalho no m\u00eas de julho, ante junho","isPartOf":{"@id":"https:\/\/www.suno.com.br\/noticias\/#website"},"primaryImageOfPage":{"@id":"https:\/\/www.suno.com.br\/noticias\/eua-queda-60-mil-vagas-trabalho-julho\/#primaryimage"},"image":{"@id":"https:\/\/www.suno.com.br\/noticias\/eua-queda-60-mil-vagas-trabalho-julho\/#primaryimage"},"thumbnailUrl":"https:\/\/files.sunoresearch.com.br\/n\/uploads\/2018\/10\/3e615991-eua-1-jpg.webp","datePublished":"2019-08-02T18:15:35+00:00","dateModified":"2021-02-18T01:01:30+00:00","description":"Os EUA anunciaram, nesta sexta-feira (2), dados sobre a situa\u00e7\u00e3o de empregos no pa\u00eds referente ao m\u00eas passado. Clique e saiba mais.","breadcrumb":{"@id":"https:\/\/www.suno.com.br\/noticias\/eua-queda-60-mil-vagas-trabalho-julho\/#breadcrumb"},"inLanguage":"pt-BR","potentialAction":[{"@type":"ReadAction","target":["https:\/\/www.suno.com.br\/noticias\/eua-queda-60-mil-vagas-trabalho-julho\/"]}]},{"@type":"ImageObject","inLanguage":"pt-BR","@id":"https:\/\/www.suno.com.br\/noticias\/eua-queda-60-mil-vagas-trabalho-julho\/#primaryimage","url":"https:\/\/files.sunoresearch.com.br\/n\/uploads\/2018\/10\/3e615991-eua-1-jpg.webp","contentUrl":"https:\/\/files.sunoresearch.com.br\/n\/uploads\/2018\/10\/3e615991-eua-1-jpg.webp","width":1920,"height":1280,"caption":"Bandeira dos EUA (foto: divulga\u00e7\u00e3o)"},{"@type":"BreadcrumbList","@id":"https:\/\/www.suno.com.br\/noticias\/eua-queda-60-mil-vagas-trabalho-julho\/#breadcrumb","itemListElement":[{"@type":"ListItem","position":1,"name":"Not\u00edcias","item":"https:\/\/www.suno.com.br\/noticias\/"},{"@type":"ListItem","position":2,"name":"Internacional","item":"https:\/\/www.suno.com.br\/noticias\/internacional\/"},{"@type":"ListItem","position":3,"name":"EUA tem queda de 60 mil vagas de trabalho no m\u00eas de julho, ante junho"}]},{"@type":"WebSite","@id":"https:\/\/www.suno.com.br\/noticias\/#website","url":"https:\/\/www.suno.com.br\/noticias\/","name":"Suno Not\u00edcias","description":"Seu portal de informa\u00e7\u00e3o sobre o mundo dos investimentos","publisher":{"@id":"https:\/\/www.suno.com.br\/noticias\/#organization"},"potentialAction":[{"@type":"SearchAction","target":{"@type":"EntryPoint","urlTemplate":"https:\/\/www.suno.com.br\/noticias\/?s={search_term_string}"},"query-input":{"@type":"PropertyValueSpecification","valueRequired":true,"valueName":"search_term_string"}}],"inLanguage":"pt-BR"},{"@type":"Organization","@id":"https:\/\/www.suno.com.br\/noticias\/#organization","name":"Suno Not\u00edcias","url":"https:\/\/www.suno.com.br\/noticias\/","logo":{"@type":"ImageObject","inLanguage":"pt-BR","@id":"https:\/\/www.suno.com.br\/noticias\/#\/schema\/logo\/image\/","url":"https:\/\/files.sunoresearch.com.br\/n\/uploads\/2021\/09\/suno-logo.png","contentUrl":"https:\/\/files.sunoresearch.com.br\/n\/uploads\/2021\/09\/suno-logo.png","width":180,"height":180,"caption":"Suno Not\u00edcias"},"image":{"@id":"https:\/\/www.suno.com.br\/noticias\/#\/schema\/logo\/image\/"},"sameAs":["https:\/\/facebook.com\/sunoresearch","https:\/\/x.com\/sunoresearch","https:\/\/www.instagram.com\/suno","https:\/\/www.linkedin.com\/company\/suno-research\/","https:\/\/www.youtube.com\/c\/sunoresearch"]},{"@type":"Person","@id":"https:\/\/www.suno.com.br\/noticias\/#\/schema\/person\/1db762f78ffd8919a648a63e425953e3","name":"Juliano Passaro","image":{"@type":"ImageObject","inLanguage":"pt-BR","@id":"https:\/\/www.suno.com.br\/noticias\/#\/schema\/person\/image\/","url":"https:\/\/secure.gravatar.com\/avatar\/743d4df28eebf6dcc46b4ad03c319e92?s=96&r=g","contentUrl":"https:\/\/secure.gravatar.com\/avatar\/743d4df28eebf6dcc46b4ad03c319e92?s=96&r=g","caption":"Juliano Passaro"},"description":"Juliano Passaro escreve sobre pol\u00edtica, economia e neg\u00f3cios para o portal da Suno Research. Antes da Suno, trabalhou no Portal da Band. \u00c9 formado em jornalismo pela Universidade Presbiteriana Mackenzie.","url":"https:\/\/www.suno.com.br\/noticias\/author\/juliano\/"}]}},"default_loop_html":"<div class=\"cardsPage__listCard__boxs\"><div class=\"cardsPage__listCard__boxs__img\"><a href=\"https:\/\/www.suno.com.br\/noticias\/eua-queda-60-mil-vagas-trabalho-julho\/\"><img class=\"mask\" src=\"https:\/\/www.suno.com.br\/noticias\/wp-content\/themes\/suno\/resources\/images\/spotlight\/spotlight1img\/bg-mask.png\" alt=\"Image Mask\"\/><img src=\"https:\/\/files.sunoresearch.com.br\/n\/uploads\/2018\/10\/3e615991-eua-1-400x200.webp\" alt=\"EUA tem queda de 60 mil vagas de trabalho no m\u00eas de julho, ante junho\"\/><\/a><span class=\"spotlightCategory\"><a href=\"https:\/\/www.suno.com.br\/noticias\/internacional\/\">Internacional<\/a><\/span><\/div><div class=\"cardsPage__listCard__boxs__content\"><a href=\"https:\/\/www.suno.com.br\/noticias\/eua-queda-60-mil-vagas-trabalho-julho\/\"><h2 class=\"content__title\">EUA tem queda de 60 mil vagas de trabalho no m\u00eas de julho, ante junho<\/h2><\/a><div class=\"newsContent__article__meta\"><div class=\"newsContent__article__meta__authorBox\"><a href=\"https:\/\/www.suno.com.br\/noticias\/author\/juliano\/\" class=\"authorBox__avatar noMobi\"><img src=\"https:\/\/files.sunoresearch.com.br\/n\/uploads\/2019\/06\/7cc3efea-whatsapp-image-2019-07-18-at-21.59.33-e1563499821209-150x150.webp\" alt=\"Juliano Passaro\"><\/a><div class=\"authorBox__name\"><span>por\n\t\t\t<a href=\"https:\/\/www.suno.com.br\/noticias\/author\/juliano\/\"><span itemprop=\"author\">Juliano Passaro<\/span><\/a><\/span><time datetime=\"2019-08-02T15:15:35-03:00\" itemprop=\"datePublished\">02\/08\/2019 15:15<\/time><\/div><\/div><\/div><\/div><\/div>","single_layout":"posts","amp_enabled":true,"_links":{"self":[{"href":"https:\/\/www.suno.com.br\/noticias\/wp-json\/wp\/v2\/posts\/32907"}],"collection":[{"href":"https:\/\/www.suno.com.br\/noticias\/wp-json\/wp\/v2\/posts"}],"about":[{"href":"https:\/\/www.suno.com.br\/noticias\/wp-json\/wp\/v2\/types\/post"}],"author":[{"embeddable":true,"href":"https:\/\/www.suno.com.br\/noticias\/wp-json\/wp\/v2\/users\/19"}],"replies":[{"embeddable":true,"href":"https:\/\/www.suno.com.br\/noticias\/wp-json\/wp\/v2\/comments?post=32907"}],"version-history":[{"count":0,"href":"https:\/\/www.suno.com.br\/noticias\/wp-json\/wp\/v2\/posts\/32907\/revisions"}],"wp:featuredmedia":[{"embeddable":true,"href":"https:\/\/www.suno.com.br\/noticias\/wp-json\/wp\/v2\/media\/5631"}],"wp:attachment":[{"href":"https:\/\/www.suno.com.br\/noticias\/wp-json\/wp\/v2\/media?parent=32907"}],"wp:term":[{"taxonomy":"category","embeddable":true,"href":"https:\/\/www.suno.com.br\/noticias\/wp-json\/wp\/v2\/categories?post=32907"},{"taxonomy":"post_tag","embeddable":true,"href":"https:\/\/www.suno.com.br\/noticias\/wp-json\/wp\/v2\/tags?post=32907"},{"taxonomy":"suno_strategy","embeddable":true,"href":"https:\/\/www.suno.com.br\/noticias\/wp-json\/wp\/v2\/suno_strategy?post=32907"}],"curies":[{"name":"wp","href":"https:\/\/api.w.org\/{rel}","templated":true}]}}