{"id":328995,"date":"2022-12-05T09:17:15","date_gmt":"2022-12-05T12:17:15","guid":{"rendered":"https:\/\/www.suno.com.br\/noticias\/?p=328995"},"modified":"2022-12-05T09:18:13","modified_gmt":"2022-12-05T12:18:13","slug":"ipca-boletim-focus-projecoes-2022","status":"publish","type":"post","link":"https:\/\/www.suno.com.br\/noticias\/ipca-boletim-focus-projecoes-2022\/","title":{"rendered":"IPCA: Boletim Focus eleva proje\u00e7\u00f5es para 5,92% em 2022"},"content":{"rendered":"<p>O <strong><a href=\"https:\/\/www.suno.com.br\/artigos\/boletim-focus\/\">Boletim Focus<\/a><\/strong> divulgado nesta segunda-feira (5), mostra pela sexta vez proje\u00e7\u00f5es maiores para o <a href=\"https:\/\/www.suno.com.br\/artigos\/ipca\/\" target=\"_blank\" rel=\"noreferrer noopener\">\u00cdndice Nacional de Pre\u00e7os ao Consumidor Amplo (IPCA)<\/a> em 2022, estimando 5,92% de infla\u00e7\u00e3o no acumulado do ano.<\/p><div class=\"videoFull \">\n\t\t\t<div class=\"videoWrapper yt-lazyload center\"\n\t\t\t\tdata-width=\"960\"\n\t\t\t\tdata-height=\"540\"\n\t\t\t\tdata-id=\"lXxsRc2h1p8\"\n\t\t\t\tdata-alt=\"V\u00eddeo do YouTube - clique para reproduzir\"\n\t\t\t\tdata-logo=\"3\"\n\t\t\t\tdata-imagequality=\"maxres\">\n\t\t\t<\/div>\n\t\t<\/div><script type=\"application\/ld+json\">{\"@context\":\"https:\/\/schema.org\",\"@type\":\"VideoObject\",\"name\":\"PEC DA TRANSI\u00c7\u00c3O, COPOM, IPCA | Nubank (NUBR33): \u2018banco que mais cresce\u2019? | Boletim Focus\",\"description\":\"#morningcall #Not\u00edcias #lula #pol\u00edtica #pecdatransi\u00e7\u00e3o #nubank #boletimfocus #focus #economia #bolsadevalores #investimentos #petr4 #petrobras #ntco3 #nubr33 \ud835\udc08\ud835\udc0d\ud835\udc12\ud835\udc02\ud835\udc11\ud835\udc04\ud835\udc15\ud835\udc00-\ud835\udc12\ud835\udc04 \ud835\udc0d\ud835\udc0e \ud835\udc02\ud835\udc00\ud835\udc0d\ud835\udc00\ud835\udc0b \ud835\udc04 \ud835\udc00\ud835\udc13\ud835\udc08\ud835\udc15\ud835\udc04 \ud835\udc0e \ud835\udc12\ud835\udc08\ud835\udc0d\ud835\udc0e \ud83d\udc47 https:\/\/bit.ly\/INSCREVA-SEATIVEOSINO \ud83d\udcda \ud83d\udcb8 \ud83d\udcca \ud835\udde3\ud835\udddf\ud835\uddd4\ud835\udde1\ud835\udddc\ud835\udddf\ud835\udddb\ud835\uddd4 \ud835\uddd7\ud835\uddd8 \ud835\uddd6\ud835\udde2\ud835\udde1\ud835\udde7\ud835\udde5\ud835\udde2\ud835\udddf\ud835\uddd8 \ud835\uddd9\ud835\udddc\ud835\udde1\ud835\uddd4\ud835\udde1\ud835\uddd6\ud835\uddd8\ud835\udddc\ud835\udde5\ud835\udde2: \ud835\uddd5\ud835\uddee\ud835\uddf6\ud835\ude05\ud835\uddf2 \ud835\uddee \ud835\uddfd\ud835\uddf9\ud835\uddee\ud835\uddfb\ud835\uddf6\ud835\uddf9\ud835\uddf5\ud835\uddee \ud835\uddfd\ud835\uddee\ud835\uddff\ud835\uddee \ud835\uddee\ud835\uddf0\ud835\uddfc\ud835\uddfa\ud835\uddfd\ud835\uddee\ud835\uddfb\ud835\uddf5\ud835\uddee\ud835\uddff \ud835\uddee \ud835\uddf9\ud835\uddf6\ud835\ude03\ud835\uddf2! \ud83d\udc49 https:\/\/lp.suno.com.br\/planilha-da-vida-financeira\/?utm_source=youtube.noticias&utm_medium=live&utm_campaign=planilhadavidafinanceira.20221128&utm_content=ytnoticias.morning.02122022 \ud83d\udcda \ud835\udc04-\ud835\udc1b\ud835\udc28\ud835\udc28\ud835\udc24 \"\ud835\udc02\ud835\udc28\ud835\udc26\ud835\udc28 \ud835\udc22\ud835\udc27\ud835\udc2f\ud835\udc1e\ud835\udc2c\ud835\udc2d\ud835\udc22\ud835\udc2b \ud835\udc1e\ud835\udc26 \ud835\udc03\ud835\udc22\ud835\udc2f\ud835\udc22\ud835\udc1d\ud835\udc1e\ud835\udc27\ud835\udc1d\ud835\udc28\ud835\udc2c?\"\ud83d\udc47 - \ud835\udc1b\ud835\udc1a\ud835\udc22\ud835\udc31\ud835\udc1e \ud835\udc20\ud835\udc2b\ud835\udc1a\ud835\udc2d\ud835\udc2e\ud835\udc22\ud835\udc2d\ud835\udc1a\ud835\udc26\ud835\udc1e\ud835\udc27\ud835\udc2d\ud835\udc1e \ud835\udc1e \ud835\udc1a\ud835\udc29\ud835\udc2b\ud835\udc1e\ud835\udc27\ud835\udc1d\ud835\udc1a: https:\/\/bit.ly\/ebookGRATUITOdoSunoNoticiasComoinvestiremDividendos \ud83d\udc47 \ud835\udc12\ud835\udc22\ud835\udc20\ud835\udc1a \ud835\udc27\ud835\udc28\ud835\udc2c\ud835\udc2c\ud835\udc1a\ud835\udc2c\u2026\",\"duration\":\"PT37M59S\",\"embedUrl\":\"https:\/\/www.youtube.com\/embed\/lXxsRc2h1p8\",\"regionsAllowed\":\"pt-BR\",\"interactionStatistic\":{\"@type\":\"InteractionCounter\",\"interactionType\":{\"@type\":\"WatchAction\"},\"userInteractionCount\":2610},\"thumbnailUrl\":\"https:\/\/i.ytimg.com\/vi\/lXxsRc2h1p8\/default.jpg\",\"uploadDate\":\"2022-12-05T12:42:51Z\"}<\/script>\n\n\n\n\n\t<p>\n\t\t<a href=\"https:\/\/lp.suno.com.br\/planilha-controle-gastos\/\" target=\"_blank\" data-element=\"shortcode-suno-banner\" title=\"Banner SUNO, clique e saiba mais\">\n\t\t\t<picture>\n\t\t\t\t<source media=\"(max-width: 500px)\" srcset=\"https:\/\/files.sunoresearch.com.br\/n\/uploads\/2023\/03\/400x300-Planilha-controle-de-gastos.png\">\n\t\t\t\t<img class=\"newsContent__article__imgCapa newsContent__article__imgCapa--banner\"\n\t\t\t\t\tsrc=\"https:\/\/files.sunoresearch.com.br\/n\/uploads\/2023\/03\/1420x240-Planilha-controle-de-gastos.png\"\n\t\t\t\t\tdata-promo-id=\"311945\"\t\t\t\t\t\t\t\t\t\twidth='1420' height='240'\t\t\t\t\talt=\"https:\/\/files.sunoresearch.com.br\/n\/uploads\/2023\/03\/1420x240-Planilha-controle-de-gastos.png\"\n\t\t\t\t>\n\t\t\t<\/picture>\n\t\t<\/a>\n\t<\/p>\n\n\n\n\n\n<p>Na semana anterior, as <strong>proje\u00e7\u00f5es de IPCA do Boletim Focus<\/strong> estimavam uma infla\u00e7\u00e3o de 5,91%. J\u00e1 h\u00e1 quatro semanas, as proje\u00e7\u00f5es eram de 5,63%.<\/p>\n\n\n\n<p>A proje\u00e7\u00e3o dos economistas para a infla\u00e7\u00e3o segue acima da meta do <strong>Banco Central<\/strong>, de 3,5% para 2022.<\/p>\n\n\n\n<p>Vale lembrar, contudo, que a meta do IPCA tem uma toler\u00e2ncia de 1,5 ponto percentual &#8211; ou seja, o &#8216;teto da meta&#8217; \u00e9 de 5%, ainda abaixo das proje\u00e7\u00f5es do Focus.<\/p>\n\n\n\n<p>O <strong>d\u00f3lar<\/strong> tem proje\u00e7\u00f5es de R$ 5,25, menores do que as da semana anterior, de R$ 5,27.<\/p>\n\n\n\n<p>J\u00e1 as <strong>estimativas para a taxa b\u00e1sica de juros, a Selic<\/strong>, seguem em 13,75% nesta edi\u00e7\u00e3o do Boletim Focus &#8211; mesmo patamar da Selic atual. A proje\u00e7\u00e3o tem sido a mesma nas \u00faltimas 24 semanas.<\/p>\n\n\n\n\t<div data-element=\"shortcode-read-more\" class=\"readToo\">\n\t\t\t\t<span class=\"readToo__title\">Leia mais<\/span>\n\t\t\t\t<ul class=\"readToo__list\">\n\t\t\t<li><a href=\"https:\/\/www.suno.com.br\/noticias\/ilan-goldfajn-harmonia-governo-lula-bid\/\">Ap\u00f3s imbr\u00f3glio nas elei\u00e7\u00f5es, Ilan Goldfajn espera &#8216;harmonia com Governo Lula&#8217;; veja entrevista<\/a><\/li><li><a href=\"https:\/\/www.suno.com.br\/noticias\/renda-fixa-tesouro-selic-juros\/\">Renda Fixa: Como ganhar dinheiro com o aumento do risco fiscal?<\/a><\/li><li><a href=\"https:\/\/www.suno.com.br\/noticias\/lula-bolsonaro-poder-orcamento-pec-da-transicao\/\">Com PEC da Transi\u00e7\u00e3o, Lula ter\u00e1 mais poder sobre Or\u00e7amento que Bolsonaro<\/a><\/li>\t\t<\/ul>\n\t<\/div>\n\n\n\n\n\n<p>Vale lembrar que o Comit\u00ea de Pol\u00edtica Monet\u00e1ria (Copom) ainda tem mais uma reuni\u00e3o neste ano, em dezembro.<\/p>\n\n\n\n<p>Os especialistas tamb\u00e9m fizeram proje\u00e7\u00f5es para o Produto Interno Bruto (PIB) que foram maiores pela 4\u00aa semana seguida. A estimativa atual \u00e9 de 3,05%, ao passo que na semana anterior era de 2,81%.<\/p>\n\n\n\n<p>H\u00e1 quatro semanas, o Boletim Focus indicava um crescimento do PIB de 2,76% em 2022.<\/p>\n\n\n\t<p>\n\t\t<a href=\"https:\/\/lp.suno.com.br\/ebook-como-analisar-uma-acao\/\" target=\"_blank\" data-element=\"shortcode-suno-banner\" title=\"Banner SUNO, clique e saiba mais\">\n\t\t\t<picture>\n\t\t\t\t<source media=\"(max-width: 500px)\" srcset=\"https:\/\/files.sunoresearch.com.br\/n\/uploads\/2023\/03\/Ebook-Acoes-Mobile.jpg\">\n\t\t\t\t<img class=\"newsContent__article__imgCapa newsContent__article__imgCapa--banner\"\n\t\t\t\t\tsrc=\"https:\/\/files.sunoresearch.com.br\/n\/uploads\/2023\/03\/Ebook-Acoes-Desktop.jpg\"\n\t\t\t\t\tdata-promo-id=\"311946\"\t\t\t\t\t\t\t\t\t\twidth='1420' height='286'\t\t\t\t\talt=\"https:\/\/files.sunoresearch.com.br\/n\/uploads\/2023\/03\/Ebook-Acoes-Desktop.jpg\"\n\t\t\t\t>\n\t\t\t<\/picture>\n\t\t<\/a>\n\t<\/p>\n\n\n\n\n\n<h2 class=\"wp-block-heading\" id=\"h-resumo-do-boletim-focus\">Resumo do Boletim Focus<\/h2>\n\n\n\n<p>Veja, em detalhes, as proje\u00e7\u00f5es mais importantes para 2022 e 2023:<\/p>\n\n\n\n<h2 class=\"wp-block-heading\" id=\"h-2022\">2022<\/h2>\n\n\n\n<ul class=\"wp-block-list\"><li><strong>PIB:<\/strong> a proje\u00e7\u00e3o aumentou para 3,05%<\/li><li><strong>IPCA: <\/strong>a proje\u00e7\u00e3o aumentou para 5,91%<\/li><li><strong>Taxa Selic:<\/strong> a previs\u00e3o segue em 13,75%<\/li><li><strong>D\u00f3lar:<\/strong> a previs\u00e3o do c\u00e2mbio caiu para R$ 5,25<\/li><li><strong>Balan\u00e7a Comercial:<\/strong> a expectativa para o super\u00e1vit segue em US$ 55 bilh\u00f5es<\/li><li><strong><a href=\"https:\/\/www.suno.com.br\/artigos\/investimento-estrangeiro-direto-ied\/\" target=\"_blank\" rel=\"noreferrer noopener\">Investimento Estrangeiro<\/a><\/strong><a href=\"https:\/\/www.suno.com.br\/artigos\/investimento-estrangeiro-direto-ied\/\" target=\"_blank\" rel=\"noreferrer noopener\"><strong> Direto<\/strong>:<\/a> a previs\u00e3o caiu para US$ 78 bilh\u00f5es<\/li><li><strong><a href=\"https:\/\/www.suno.com.br\/artigos\/deficit-primario\/\">D\u00edvida do Setor P\u00fablico<\/a>: <\/strong>a previs\u00e3o segue em 57,70% do PIB<\/li><\/ul>\n\n\n\n<h2 class=\"wp-block-heading\" id=\"h-2023\">2023<\/h2>\n\n\n\n<ul class=\"wp-block-list\"><li><strong>PIB:<\/strong> a proje\u00e7\u00e3o aumentou para 0,75%<\/li><li><strong>IPCA: <\/strong>a proje\u00e7\u00e3o aumentou para 5,08%<\/li><li><strong>Taxa Selic:<\/strong> a previs\u00e3o dos juros aumentou para 11,75%<\/li><li><strong>D\u00f3lar:<\/strong> a previs\u00e3o do c\u00e2mbio segue em R$ 5,25<\/li><li><strong>Balan\u00e7a Comercial:<\/strong> a expectativa para o super\u00e1vit saiu de US$ 56 bilh\u00f5es para US$ 58 bilh\u00f5es<\/li><li><strong><a href=\"https:\/\/www.suno.com.br\/artigos\/investimento-estrangeiro-direto-ied\/\" target=\"_blank\" rel=\"noreferrer noopener\">Investimento Estrangeiro<\/a><\/strong><a href=\"https:\/\/www.suno.com.br\/artigos\/investimento-estrangeiro-direto-ied\/\" target=\"_blank\" rel=\"noreferrer noopener\"><strong> Direto<\/strong>:<\/a> a previs\u00e3o segue em US$ 75 bilh\u00f5es<\/li><li><strong><a href=\"https:\/\/www.suno.com.br\/artigos\/deficit-primario\/\">D\u00edvida do Setor P\u00fablico<\/a>: <\/strong>a previs\u00e3o saiu de 61% do PIB para 61,5% do PIB<\/li><\/ul>\n\n\n\n<p>O <a href=\"https:\/\/www.youtube.com\/watch?v=5xXH4baJrtc\">Boletim Focus<\/a> \u00e9 elaborado semanalmente pelo Banco Central. S\u00e3o utilizadas as proje\u00e7\u00f5es dos especialistas das 100 principais institui\u00e7\u00f5es ligadas ao mercado financeiro do Brasil para juros, <strong>IPCA<\/strong>, c\u00e2mbio, Selic e outros indicadores.<\/p>\n\n\n\t<p>\n\t\t<a href=\"https:\/\/lp.suno.com.br\/ebook-investindo-em-fiis\/\" target=\"_blank\" data-element=\"shortcode-suno-banner\" title=\"Banner SUNO, clique e saiba mais\">\n\t\t\t<picture>\n\t\t\t\t<source media=\"(max-width: 500px)\" srcset=\"https:\/\/files.sunoresearch.com.br\/n\/uploads\/2023\/03\/Ebook-Fundos-Imobiliarios-Mobile-1.jpg\">\n\t\t\t\t<img class=\"newsContent__article__imgCapa newsContent__article__imgCapa--banner\"\n\t\t\t\t\tsrc=\"https:\/\/files.sunoresearch.com.br\/n\/uploads\/2023\/03\/Ebook-Fundos-Imobiliarios-Desktop-1.jpg\"\n\t\t\t\t\tdata-promo-id=\"313843\"\t\t\t\t\t\t\t\t\t\twidth='1420' height='286'\t\t\t\t\talt=\"https:\/\/files.sunoresearch.com.br\/n\/uploads\/2023\/03\/Ebook-Fundos-Imobiliarios-Desktop-1.jpg\"\n\t\t\t\t>\n\t\t\t<\/picture>\n\t\t<\/a>\n\t<\/p>\n\n\n","protected":false},"excerpt":{"rendered":"<p>O Boletim Focus divulgado nesta segunda-feira (5), mostra pela sexta vez proje\u00e7\u00f5es maiores para o \u00cdndice Nacional de Pre\u00e7os ao Consumidor Amplo (IPCA) em 2022, estimando 5,92% de infla\u00e7\u00e3o no acumulado do ano. Na semana anterior, as proje\u00e7\u00f5es de IPCA do Boletim Focus estimavam uma infla\u00e7\u00e3o de 5,91%. J\u00e1 h\u00e1 quatro semanas, as proje\u00e7\u00f5es eram [&hellip;]<\/p>\n","protected":false},"author":73,"featured_media":60105,"comment_status":"closed","ping_status":"closed","sticky":false,"template":"","format":"standard","meta":[],"categories":[62],"tags":[1842,834],"suno_strategy":[],"class_list":["post-328995","post","type-post","status-publish","format-standard","has-post-thumbnail","hentry","category-economia","tag-banco-central-bc","tag-boletim-focus"],"yoast_head":"<!-- This site is optimized with the Yoast SEO plugin v24.4 - https:\/\/yoast.com\/wordpress\/plugins\/seo\/ -->\n<title>IPCA: Boletim Focus eleva proje\u00e7\u00f5es para 5,92% em 2022<\/title>\n<meta name=\"description\" content=\"Na semana anterior, as proje\u00e7\u00f5es de IPCA do Boletim Focus estimavam uma infla\u00e7\u00e3o de 5,91%. Clique aqui e saiba mais!\" \/>\n<meta name=\"robots\" content=\"index, follow, max-snippet:-1, max-image-preview:large, max-video-preview:-1\" \/>\n<link rel=\"canonical\" href=\"https:\/\/www.suno.com.br\/noticias\/ipca-boletim-focus-projecoes-2022\/\" \/>\n<meta property=\"og:locale\" content=\"pt_BR\" \/>\n<meta property=\"og:type\" content=\"article\" \/>\n<meta property=\"og:title\" content=\"IPCA: Boletim Focus eleva proje\u00e7\u00f5es para 5,92% em 2022\" \/>\n<meta property=\"og:description\" content=\"Na semana anterior, as proje\u00e7\u00f5es de IPCA do Boletim Focus estimavam uma infla\u00e7\u00e3o de 5,91%. Clique aqui e saiba mais!\" \/>\n<meta property=\"og:url\" content=\"https:\/\/www.suno.com.br\/noticias\/ipca-boletim-focus-projecoes-2022\/\" \/>\n<meta property=\"og:site_name\" content=\"Suno Not\u00edcias\" \/>\n<meta property=\"article:publisher\" content=\"https:\/\/facebook.com\/sunoresearch\" \/>\n<meta property=\"og:image\" content=\"https:\/\/files.sunoresearch.com.br\/n\/uploads\/2020\/04\/2dbbe509-boletim-focus.jpg\" \/>\n\t<meta property=\"og:image:width\" content=\"1280\" \/>\n\t<meta property=\"og:image:height\" content=\"853\" \/>\n\t<meta property=\"og:image:type\" content=\"image\/jpeg\" \/>\n<meta name=\"author\" content=\"Eduardo Vargas\" \/>\n<meta name=\"twitter:card\" content=\"summary_large_image\" \/>\n<meta name=\"twitter:creator\" content=\"@sunoresearch\" \/>\n<meta name=\"twitter:site\" content=\"@sunoresearch\" \/>\n<meta name=\"twitter:label1\" content=\"Escrito por\" \/>\n\t<meta name=\"twitter:data1\" content=\"Eduardo Vargas\" \/>\n\t<meta name=\"twitter:label2\" content=\"Est. tempo de leitura\" \/>\n\t<meta name=\"twitter:data2\" content=\"3 minutos\" \/>\n<script type=\"application\/ld+json\" class=\"yoast-schema-graph\">{\"@context\":\"https:\/\/schema.org\",\"@graph\":[{\"@type\":\"NewsArticle\",\"@id\":\"https:\/\/www.suno.com.br\/noticias\/ipca-boletim-focus-projecoes-2022\/#article\",\"isPartOf\":{\"@id\":\"https:\/\/www.suno.com.br\/noticias\/ipca-boletim-focus-projecoes-2022\/\"},\"author\":{\"name\":\"Eduardo Vargas\",\"@id\":\"https:\/\/www.suno.com.br\/noticias\/#\/schema\/person\/7f4d362bf3518e76090143ae77bb49a5\"},\"headline\":\"IPCA: Boletim Focus eleva proje\u00e7\u00f5es para 5,92% em 2022\",\"datePublished\":\"2022-12-05T12:17:15+00:00\",\"dateModified\":\"2022-12-05T12:18:13+00:00\",\"mainEntityOfPage\":{\"@id\":\"https:\/\/www.suno.com.br\/noticias\/ipca-boletim-focus-projecoes-2022\/\"},\"wordCount\":442,\"publisher\":{\"@id\":\"https:\/\/www.suno.com.br\/noticias\/#organization\"},\"image\":{\"@id\":\"https:\/\/www.suno.com.br\/noticias\/ipca-boletim-focus-projecoes-2022\/#primaryimage\"},\"thumbnailUrl\":\"https:\/\/files.sunoresearch.com.br\/n\/uploads\/2020\/04\/2dbbe509-boletim-focus-jpg.webp\",\"keywords\":[\"Banco Central (BC)\",\"Boletim Focus\"],\"articleSection\":[\"Economia\"],\"inLanguage\":\"pt-BR\"},{\"@type\":\"WebPage\",\"@id\":\"https:\/\/www.suno.com.br\/noticias\/ipca-boletim-focus-projecoes-2022\/\",\"url\":\"https:\/\/www.suno.com.br\/noticias\/ipca-boletim-focus-projecoes-2022\/\",\"name\":\"IPCA: Boletim Focus eleva proje\u00e7\u00f5es para 5,92% em 2022\",\"isPartOf\":{\"@id\":\"https:\/\/www.suno.com.br\/noticias\/#website\"},\"primaryImageOfPage\":{\"@id\":\"https:\/\/www.suno.com.br\/noticias\/ipca-boletim-focus-projecoes-2022\/#primaryimage\"},\"image\":{\"@id\":\"https:\/\/www.suno.com.br\/noticias\/ipca-boletim-focus-projecoes-2022\/#primaryimage\"},\"thumbnailUrl\":\"https:\/\/files.sunoresearch.com.br\/n\/uploads\/2020\/04\/2dbbe509-boletim-focus-jpg.webp\",\"datePublished\":\"2022-12-05T12:17:15+00:00\",\"dateModified\":\"2022-12-05T12:18:13+00:00\",\"description\":\"Na semana anterior, as proje\u00e7\u00f5es de IPCA do Boletim Focus estimavam uma infla\u00e7\u00e3o de 5,91%. Clique aqui e saiba mais!\",\"breadcrumb\":{\"@id\":\"https:\/\/www.suno.com.br\/noticias\/ipca-boletim-focus-projecoes-2022\/#breadcrumb\"},\"inLanguage\":\"pt-BR\",\"potentialAction\":[{\"@type\":\"ReadAction\",\"target\":[\"https:\/\/www.suno.com.br\/noticias\/ipca-boletim-focus-projecoes-2022\/\"]}]},{\"@type\":\"ImageObject\",\"inLanguage\":\"pt-BR\",\"@id\":\"https:\/\/www.suno.com.br\/noticias\/ipca-boletim-focus-projecoes-2022\/#primaryimage\",\"url\":\"https:\/\/files.sunoresearch.com.br\/n\/uploads\/2020\/04\/2dbbe509-boletim-focus-jpg.webp\",\"contentUrl\":\"https:\/\/files.sunoresearch.com.br\/n\/uploads\/2020\/04\/2dbbe509-boletim-focus-jpg.webp\",\"width\":1280,\"height\":853,\"caption\":\"De acordo com o Boletim Focus, o Produto Interno Bruto (PIB) do Brasil cair\u00e1 5,05% neste ano.\"},{\"@type\":\"BreadcrumbList\",\"@id\":\"https:\/\/www.suno.com.br\/noticias\/ipca-boletim-focus-projecoes-2022\/#breadcrumb\",\"itemListElement\":[{\"@type\":\"ListItem\",\"position\":1,\"name\":\"Not\u00edcias\",\"item\":\"https:\/\/www.suno.com.br\/noticias\/\"},{\"@type\":\"ListItem\",\"position\":2,\"name\":\"Economia\",\"item\":\"https:\/\/www.suno.com.br\/noticias\/economia\/\"},{\"@type\":\"ListItem\",\"position\":3,\"name\":\"IPCA: Boletim Focus eleva proje\u00e7\u00f5es para 5,92% em 2022\"}]},{\"@type\":\"WebSite\",\"@id\":\"https:\/\/www.suno.com.br\/noticias\/#website\",\"url\":\"https:\/\/www.suno.com.br\/noticias\/\",\"name\":\"Suno Not\u00edcias\",\"description\":\"Seu portal de informa\u00e7\u00e3o sobre o mundo dos investimentos\",\"publisher\":{\"@id\":\"https:\/\/www.suno.com.br\/noticias\/#organization\"},\"potentialAction\":[{\"@type\":\"SearchAction\",\"target\":{\"@type\":\"EntryPoint\",\"urlTemplate\":\"https:\/\/www.suno.com.br\/noticias\/?s={search_term_string}\"},\"query-input\":{\"@type\":\"PropertyValueSpecification\",\"valueRequired\":true,\"valueName\":\"search_term_string\"}}],\"inLanguage\":\"pt-BR\"},{\"@type\":\"Organization\",\"@id\":\"https:\/\/www.suno.com.br\/noticias\/#organization\",\"name\":\"Suno Not\u00edcias\",\"url\":\"https:\/\/www.suno.com.br\/noticias\/\",\"logo\":{\"@type\":\"ImageObject\",\"inLanguage\":\"pt-BR\",\"@id\":\"https:\/\/www.suno.com.br\/noticias\/#\/schema\/logo\/image\/\",\"url\":\"https:\/\/files.sunoresearch.com.br\/n\/uploads\/2021\/09\/suno-logo.png\",\"contentUrl\":\"https:\/\/files.sunoresearch.com.br\/n\/uploads\/2021\/09\/suno-logo.png\",\"width\":180,\"height\":180,\"caption\":\"Suno Not\u00edcias\"},\"image\":{\"@id\":\"https:\/\/www.suno.com.br\/noticias\/#\/schema\/logo\/image\/\"},\"sameAs\":[\"https:\/\/facebook.com\/sunoresearch\",\"https:\/\/x.com\/sunoresearch\",\"https:\/\/www.instagram.com\/suno\",\"https:\/\/www.linkedin.com\/company\/suno-research\/\",\"https:\/\/www.youtube.com\/c\/sunoresearch\"]},{\"@type\":\"Person\",\"@id\":\"https:\/\/www.suno.com.br\/noticias\/#\/schema\/person\/7f4d362bf3518e76090143ae77bb49a5\",\"name\":\"Eduardo Vargas\",\"image\":{\"@type\":\"ImageObject\",\"inLanguage\":\"pt-BR\",\"@id\":\"https:\/\/www.suno.com.br\/noticias\/#\/schema\/person\/image\/\",\"url\":\"https:\/\/secure.gravatar.com\/avatar\/dac340933427a22924c9f99d1eb2e3f2?s=96&r=g\",\"contentUrl\":\"https:\/\/secure.gravatar.com\/avatar\/dac340933427a22924c9f99d1eb2e3f2?s=96&r=g\",\"caption\":\"Eduardo Vargas\"},\"description\":\"Jornalista formado pela UFSC, cobre macroeconomia, neg\u00f3cios e startups para o Suno Not\u00edcias, escrevendo principalmente not\u00edcias sobre o mercado financeiro e a bolsa de valores. No YouTube e no Instagram, \u00e9 respons\u00e1vel pela produ\u00e7\u00e3o de Reels e Shorts do Suno Not\u00edcias. Anteriormente, trabalhou cobrindo economia e cotidiano no ND+ e para o ND, maior jornal impresso de Santa Catarina. Cursou um semestre letivo de Estudos de M\u00eddia na Universidad de Buenos Aires.\",\"url\":\"https:\/\/www.suno.com.br\/noticias\/author\/eduardo-vargas\/\"}]}<\/script>\n<!-- \/ Yoast SEO plugin. -->","yoast_head_json":{"title":"IPCA: Boletim Focus eleva proje\u00e7\u00f5es para 5,92% em 2022","description":"Na semana anterior, as proje\u00e7\u00f5es de IPCA do Boletim Focus estimavam uma infla\u00e7\u00e3o de 5,91%. Clique aqui e saiba mais!","robots":{"index":"index","follow":"follow","max-snippet":"max-snippet:-1","max-image-preview":"max-image-preview:large","max-video-preview":"max-video-preview:-1"},"canonical":"https:\/\/www.suno.com.br\/noticias\/ipca-boletim-focus-projecoes-2022\/","og_locale":"pt_BR","og_type":"article","og_title":"IPCA: Boletim Focus eleva proje\u00e7\u00f5es para 5,92% em 2022","og_description":"Na semana anterior, as proje\u00e7\u00f5es de IPCA do Boletim Focus estimavam uma infla\u00e7\u00e3o de 5,91%. Clique aqui e saiba mais!","og_url":"https:\/\/www.suno.com.br\/noticias\/ipca-boletim-focus-projecoes-2022\/","og_site_name":"Suno Not\u00edcias","article_publisher":"https:\/\/facebook.com\/sunoresearch","og_image":[{"width":1280,"height":853,"url":"https:\/\/files.sunoresearch.com.br\/n\/uploads\/2020\/04\/2dbbe509-boletim-focus.jpg","type":"image\/jpeg"}],"author":"Eduardo Vargas","twitter_card":"summary_large_image","twitter_creator":"@sunoresearch","twitter_site":"@sunoresearch","twitter_misc":{"Escrito por":"Eduardo Vargas","Est. tempo de leitura":"3 minutos"},"schema":{"@context":"https:\/\/schema.org","@graph":[{"@type":"NewsArticle","@id":"https:\/\/www.suno.com.br\/noticias\/ipca-boletim-focus-projecoes-2022\/#article","isPartOf":{"@id":"https:\/\/www.suno.com.br\/noticias\/ipca-boletim-focus-projecoes-2022\/"},"author":{"name":"Eduardo Vargas","@id":"https:\/\/www.suno.com.br\/noticias\/#\/schema\/person\/7f4d362bf3518e76090143ae77bb49a5"},"headline":"IPCA: Boletim Focus eleva proje\u00e7\u00f5es para 5,92% em 2022","datePublished":"2022-12-05T12:17:15+00:00","dateModified":"2022-12-05T12:18:13+00:00","mainEntityOfPage":{"@id":"https:\/\/www.suno.com.br\/noticias\/ipca-boletim-focus-projecoes-2022\/"},"wordCount":442,"publisher":{"@id":"https:\/\/www.suno.com.br\/noticias\/#organization"},"image":{"@id":"https:\/\/www.suno.com.br\/noticias\/ipca-boletim-focus-projecoes-2022\/#primaryimage"},"thumbnailUrl":"https:\/\/files.sunoresearch.com.br\/n\/uploads\/2020\/04\/2dbbe509-boletim-focus-jpg.webp","keywords":["Banco Central (BC)","Boletim Focus"],"articleSection":["Economia"],"inLanguage":"pt-BR"},{"@type":"WebPage","@id":"https:\/\/www.suno.com.br\/noticias\/ipca-boletim-focus-projecoes-2022\/","url":"https:\/\/www.suno.com.br\/noticias\/ipca-boletim-focus-projecoes-2022\/","name":"IPCA: Boletim Focus eleva proje\u00e7\u00f5es para 5,92% em 2022","isPartOf":{"@id":"https:\/\/www.suno.com.br\/noticias\/#website"},"primaryImageOfPage":{"@id":"https:\/\/www.suno.com.br\/noticias\/ipca-boletim-focus-projecoes-2022\/#primaryimage"},"image":{"@id":"https:\/\/www.suno.com.br\/noticias\/ipca-boletim-focus-projecoes-2022\/#primaryimage"},"thumbnailUrl":"https:\/\/files.sunoresearch.com.br\/n\/uploads\/2020\/04\/2dbbe509-boletim-focus-jpg.webp","datePublished":"2022-12-05T12:17:15+00:00","dateModified":"2022-12-05T12:18:13+00:00","description":"Na semana anterior, as proje\u00e7\u00f5es de IPCA do Boletim Focus estimavam uma infla\u00e7\u00e3o de 5,91%. Clique aqui e saiba mais!","breadcrumb":{"@id":"https:\/\/www.suno.com.br\/noticias\/ipca-boletim-focus-projecoes-2022\/#breadcrumb"},"inLanguage":"pt-BR","potentialAction":[{"@type":"ReadAction","target":["https:\/\/www.suno.com.br\/noticias\/ipca-boletim-focus-projecoes-2022\/"]}]},{"@type":"ImageObject","inLanguage":"pt-BR","@id":"https:\/\/www.suno.com.br\/noticias\/ipca-boletim-focus-projecoes-2022\/#primaryimage","url":"https:\/\/files.sunoresearch.com.br\/n\/uploads\/2020\/04\/2dbbe509-boletim-focus-jpg.webp","contentUrl":"https:\/\/files.sunoresearch.com.br\/n\/uploads\/2020\/04\/2dbbe509-boletim-focus-jpg.webp","width":1280,"height":853,"caption":"De acordo com o Boletim Focus, o Produto Interno Bruto (PIB) do Brasil cair\u00e1 5,05% neste ano."},{"@type":"BreadcrumbList","@id":"https:\/\/www.suno.com.br\/noticias\/ipca-boletim-focus-projecoes-2022\/#breadcrumb","itemListElement":[{"@type":"ListItem","position":1,"name":"Not\u00edcias","item":"https:\/\/www.suno.com.br\/noticias\/"},{"@type":"ListItem","position":2,"name":"Economia","item":"https:\/\/www.suno.com.br\/noticias\/economia\/"},{"@type":"ListItem","position":3,"name":"IPCA: Boletim Focus eleva proje\u00e7\u00f5es para 5,92% em 2022"}]},{"@type":"WebSite","@id":"https:\/\/www.suno.com.br\/noticias\/#website","url":"https:\/\/www.suno.com.br\/noticias\/","name":"Suno Not\u00edcias","description":"Seu portal de informa\u00e7\u00e3o sobre o mundo dos investimentos","publisher":{"@id":"https:\/\/www.suno.com.br\/noticias\/#organization"},"potentialAction":[{"@type":"SearchAction","target":{"@type":"EntryPoint","urlTemplate":"https:\/\/www.suno.com.br\/noticias\/?s={search_term_string}"},"query-input":{"@type":"PropertyValueSpecification","valueRequired":true,"valueName":"search_term_string"}}],"inLanguage":"pt-BR"},{"@type":"Organization","@id":"https:\/\/www.suno.com.br\/noticias\/#organization","name":"Suno Not\u00edcias","url":"https:\/\/www.suno.com.br\/noticias\/","logo":{"@type":"ImageObject","inLanguage":"pt-BR","@id":"https:\/\/www.suno.com.br\/noticias\/#\/schema\/logo\/image\/","url":"https:\/\/files.sunoresearch.com.br\/n\/uploads\/2021\/09\/suno-logo.png","contentUrl":"https:\/\/files.sunoresearch.com.br\/n\/uploads\/2021\/09\/suno-logo.png","width":180,"height":180,"caption":"Suno Not\u00edcias"},"image":{"@id":"https:\/\/www.suno.com.br\/noticias\/#\/schema\/logo\/image\/"},"sameAs":["https:\/\/facebook.com\/sunoresearch","https:\/\/x.com\/sunoresearch","https:\/\/www.instagram.com\/suno","https:\/\/www.linkedin.com\/company\/suno-research\/","https:\/\/www.youtube.com\/c\/sunoresearch"]},{"@type":"Person","@id":"https:\/\/www.suno.com.br\/noticias\/#\/schema\/person\/7f4d362bf3518e76090143ae77bb49a5","name":"Eduardo Vargas","image":{"@type":"ImageObject","inLanguage":"pt-BR","@id":"https:\/\/www.suno.com.br\/noticias\/#\/schema\/person\/image\/","url":"https:\/\/secure.gravatar.com\/avatar\/dac340933427a22924c9f99d1eb2e3f2?s=96&r=g","contentUrl":"https:\/\/secure.gravatar.com\/avatar\/dac340933427a22924c9f99d1eb2e3f2?s=96&r=g","caption":"Eduardo Vargas"},"description":"Jornalista formado pela UFSC, cobre macroeconomia, neg\u00f3cios e startups para o Suno Not\u00edcias, escrevendo principalmente not\u00edcias sobre o mercado financeiro e a bolsa de valores. No YouTube e no Instagram, \u00e9 respons\u00e1vel pela produ\u00e7\u00e3o de Reels e Shorts do Suno Not\u00edcias. Anteriormente, trabalhou cobrindo economia e cotidiano no ND+ e para o ND, maior jornal impresso de Santa Catarina. Cursou um semestre letivo de Estudos de M\u00eddia na Universidad de Buenos Aires.","url":"https:\/\/www.suno.com.br\/noticias\/author\/eduardo-vargas\/"}]}},"default_loop_html":"<div class=\"cardsPage__listCard__boxs\"><div class=\"cardsPage__listCard__boxs__img\"><a href=\"https:\/\/www.suno.com.br\/noticias\/lula-bolsonaro-poder-orcamento-pec-da-transicao\/\"><img class=\"mask\" src=\"https:\/\/www.suno.com.br\/noticias\/wp-content\/themes\/suno\/resources\/images\/spotlight\/spotlight1img\/bg-mask.png\" alt=\"Image Mask\"\/><img src=\"https:\/\/files.sunoresearch.com.br\/n\/uploads\/2022\/11\/lula-ccbb-400x200.jpg\" alt=\"Com PEC da Transi\u00e7\u00e3o, Lula ter\u00e1 mais poder sobre Or\u00e7amento que Bolsonaro\"\/><\/a><span class=\"spotlightCategory\"><a href=\"https:\/\/www.suno.com.br\/noticias\/politica\/\">Pol\u00edtica<\/a><\/span><\/div><div class=\"cardsPage__listCard__boxs__content\"><a href=\"https:\/\/www.suno.com.br\/noticias\/lula-bolsonaro-poder-orcamento-pec-da-transicao\/\"><h2 class=\"content__title\">Com PEC da Transi\u00e7\u00e3o, Lula ter\u00e1 mais poder sobre Or\u00e7amento que Bolsonaro<\/h2><\/a><div class=\"newsContent__article__meta\"><div class=\"newsContent__article__meta__authorBox\"><a href=\"https:\/\/www.suno.com.br\/noticias\/author\/eduardo-vargas\/\" class=\"authorBox__avatar noMobi\"><img src=\"https:\/\/secure.gravatar.com\/avatar\/dac340933427a22924c9f99d1eb2e3f2?s=96&#038;r=g\" alt=\"Eduardo Vargas\"><\/a><div class=\"authorBox__name\"><span>por\n\t\t\t<a href=\"https:\/\/www.suno.com.br\/noticias\/author\/eduardo-vargas\/\"><span itemprop=\"author\">Eduardo Vargas<\/span><\/a><\/span><time datetime=\"2022-11-20T17:20:23-03:00\" itemprop=\"datePublished\">20\/11\/2022 17:20<\/time><\/div><\/div><\/div><\/div><\/div>","single_layout":"posts","amp_enabled":true,"_links":{"self":[{"href":"https:\/\/www.suno.com.br\/noticias\/wp-json\/wp\/v2\/posts\/328995"}],"collection":[{"href":"https:\/\/www.suno.com.br\/noticias\/wp-json\/wp\/v2\/posts"}],"about":[{"href":"https:\/\/www.suno.com.br\/noticias\/wp-json\/wp\/v2\/types\/post"}],"author":[{"embeddable":true,"href":"https:\/\/www.suno.com.br\/noticias\/wp-json\/wp\/v2\/users\/73"}],"replies":[{"embeddable":true,"href":"https:\/\/www.suno.com.br\/noticias\/wp-json\/wp\/v2\/comments?post=328995"}],"version-history":[{"count":4,"href":"https:\/\/www.suno.com.br\/noticias\/wp-json\/wp\/v2\/posts\/328995\/revisions"}],"predecessor-version":[{"id":329257,"href":"https:\/\/www.suno.com.br\/noticias\/wp-json\/wp\/v2\/posts\/328995\/revisions\/329257"}],"wp:featuredmedia":[{"embeddable":true,"href":"https:\/\/www.suno.com.br\/noticias\/wp-json\/wp\/v2\/media\/60105"}],"wp:attachment":[{"href":"https:\/\/www.suno.com.br\/noticias\/wp-json\/wp\/v2\/media?parent=328995"}],"wp:term":[{"taxonomy":"category","embeddable":true,"href":"https:\/\/www.suno.com.br\/noticias\/wp-json\/wp\/v2\/categories?post=328995"},{"taxonomy":"post_tag","embeddable":true,"href":"https:\/\/www.suno.com.br\/noticias\/wp-json\/wp\/v2\/tags?post=328995"},{"taxonomy":"suno_strategy","embeddable":true,"href":"https:\/\/www.suno.com.br\/noticias\/wp-json\/wp\/v2\/suno_strategy?post=328995"}],"curies":[{"name":"wp","href":"https:\/\/api.w.org\/{rel}","templated":true}]}}