{"id":32851,"date":"2019-08-02T09:14:25","date_gmt":"2019-08-02T12:14:25","guid":{"rendered":"https:\/\/www.suno.com.br\/noticias\/?p=32851"},"modified":"2019-08-02T09:18:20","modified_gmt":"2019-08-02T12:18:20","slug":"dolar-02082019-2","status":"publish","type":"post","link":"https:\/\/www.suno.com.br\/noticias\/dolar-02082019-2\/","title":{"rendered":"D\u00f3lar opera em alta com guerra comercial no radar"},"content":{"rendered":"<p>O d\u00f3lar opera em alta nesta sexta-feira (02) com a guerra comercial, lucro da Petrobras e balan\u00e7a comercial no radar.<\/p>\t<div class=\"wrapper-featured-image\">\n\t\t<figure class=\"spotlightImg\">\n\n\t\t\t<picture>\n\t\t\t\t<source media=\"(max-width: 768px)\" srcset=\"https:\/\/files.sunoresearch.com.br\/n\/uploads\/2019\/05\/2fe02260-donald_trump_ao_lado_de_xi_jinping_em_novembro_de_2017-e1557585582927-jpg.webp\">\n\t\t\t\t<img loading=\"lazy\" decoding=\"async\" class=\"newsContent__article__imgCapa lazyloadDisabled newsContent__article__imgCapa--noCaption\" src=\"https:\/\/files.sunoresearch.com.br\/n\/uploads\/2019\/05\/2fe02260-donald_trump_ao_lado_de_xi_jinping_em_novembro_de_2017-e1557585582927-jpg.webp\" width=\"800\" height=\"450\" alt=\"D\u00f3lar opera em alta com guerra comercial no radar\" fetchpriority=high \/>\n\t\t\t<\/picture>\n\n\t\t\t<figcaption class=\"wp-caption-text wp-caption-text--hide\"><\/figcaption>\n\t\t<\/figure>\n\t<\/div>\n\n\n<p>Por volta das 9h15, o <strong><a href=\"https:\/\/www.suno.com.br\/artigos\/dolar-turismo\/\">d\u00f3lar<\/a> <\/strong>registrava alta de 0,351% sendo negociado a R$ 3,859. O mercado est\u00e1 atento \u00e0s falas do presidente norte-americano, <a href=\"https:\/\/www.suno.com.br\/tudo-sobre\/donald-trump\/\">Donald Trump<\/a>, sobre impor novas tarifas aos produtos chineses.<\/p>\n<p>Al\u00e9m disso, segue no radar dos<a href=\"https:\/\/www.suno.com.br\/artigos\/todo-investidor-deveria-imprimir-este-artigo-e-pendurar-na-parede-parte-1\/\"> investidores<\/a> os resultados do balan\u00e7o do segundo trimestre de 2019 da Petrobras e a balan\u00e7a comercial que registrou super\u00e1vit em julho.<\/p>\n\n<h2>Guerra comercial<\/h2>\n<p>O presidente norte-americano Donald Trump afirmou que os Estados Unidos ir\u00e3o taxar US$ 300 bilh\u00f5es em produtos da China que ainda n\u00e3o foram tarifados. A declara\u00e7\u00e3o ocorreu na \u00faltima quinta-feira (01) atrav\u00e9s de uma publica\u00e7\u00e3o no Twitter.<\/p>\n<p>Em mais um cap\u00edtulo da <a href=\"https:\/\/www.suno.com.br\/artigos\/a-guerra-comercial\/\">guerra comercial<\/a>, as novas tarifas ser\u00e3o de 10% sobre os produtos chineses que entram nos EUA. Segundo Trump, as taxas n\u00e3o valer\u00e3o para os US$ 250 bilh\u00f5es em produtos e bens que j\u00e1 foram tarifados em 25%.<\/p>\n<p>As tarifas entrar\u00e3o em vigor no dia 1 de setembro e poder\u00e3o chegar at\u00e9 25%. Apesar da medida, o mandat\u00e1rio afirmou que pretende continuar dialogando com a China.<\/p>\n<p>Em resposta, o governo chin\u00eas afirmou n\u00e3o querer uma guerra comercial, no entanto, n\u00e3o possui medo de lutar contra uma.<\/p>\n<h2>Petrobras<\/h2>\n<p>Na \u00faltima quinta-feira (1), a Petrobras (PETR4) informou seu <a href=\"https:\/\/www.suno.com.br\/artigos\/lucro-liquido\/\">lucro l\u00edquido<\/a> trimestral. O valor ficou em R$ 18,8 bilh\u00f5es nos meses de abril a junho. Em compara\u00e7\u00e3o com o mesmo per\u00edodo do ano passado, a alta foi de 87%.<\/p>\n<p><a href=\"\/\/www.suno.com.br\/noticias\/petrobras-lucro-18-bi-segundo-trimestre\/\">Saiba Mais: Petrobras reporta lucro l\u00edquido de R$ 18,8 bi no segundo trimestre<\/a><\/p>\n<p>\u201cA Petrobras apresentou bom desempenho financeiro no segundo trimestre, embora tenhamos sido beneficiados por fatores externos, como pre\u00e7os do petr\u00f3leo, taxa de c\u00e2mbio [d\u00f3lar] e por eventos n\u00e3o recorrentes, como desinvestimento de ativos\u201d, afirmou Roberto Castello Branco, presidente da empresa.<\/p>\n<p>A Petrobras atribui grande parte de seu sucesso no trimestre a venda da Transportadora Associada de G\u00e1s S.A (TAG).<\/p>\n\t<p>\n\t\t<a href=\"https:\/\/lp.suno.com.br\/ao\/sessao-estrategica-consultoria-c\/?utm_source=suno-noticias&#038;utm_medium=banner&#038;utm_campaing=dividendos-taxacao-pl\" target=\"_blank\" data-element=\"shortcode-suno-banner\" title=\"Banner SUNO, clique e saiba mais\">\n\t\t\t<picture>\n\t\t\t\t<source media=\"(max-width: 500px)\" srcset=\"https:\/\/files.sunoresearch.com.br\/n\/uploads\/2025\/09\/300x400.webp\">\n\t\t\t\t<img class=\"newsContent__article__imgCapa newsContent__article__imgCapa--banner\"\n\t\t\t\t\tsrc=\"https:\/\/files.sunoresearch.com.br\/n\/uploads\/2025\/09\/SN-DT-1420x240-1.webp\"\n\t\t\t\t\tdata-promo-id=\"628283\"\t\t\t\t\t\t\t\t\t\twidth='1420' height='240'\t\t\t\t\talt=\"https:\/\/files.sunoresearch.com.br\/n\/uploads\/2025\/09\/SN-DT-1420x240-1.webp\"\n\t\t\t\t>\n\t\t\t<\/picture>\n\t\t<\/a>\n\t<\/p>\n\n\n<h2>Balan\u00e7a comercial<\/h2>\n<p>A balan\u00e7a comercial brasileira apresentou um super\u00e1vit de US$ 2,293 bilh\u00f5es em julho. O dado foi divulgado nesta quinta-feira (01) pela Secretaria de Com\u00e9rcio Exterior (Secex) do Minist\u00e9rio da Economia.<\/p>\n<p><a href=\"\/\/www.suno.com.br\/noticias\/balanca-comercial-registra-superavit-de-us-2293-bi-em-julho\/\">Saiba Mais: Balan\u00e7a comercial registra super\u00e1vit de US$ 2,293 bi em julho<\/a><\/p>\n<p>Em compara\u00e7\u00e3o ao mesmo per\u00edodo do ano passado, o valor indica uma queda de 40,8%. O montante \u00e9 o menor saldo da balan\u00e7a comercial para o m\u00eas de julho desde 2014, quando foi de R$ 1,562 bilh\u00e3o.<\/p>\n<p>O super\u00e1vit acontece quando o valor obtido atrav\u00e9s das exporta\u00e7\u00f5es \u00e9 superior ao das importa\u00e7\u00f5es.<\/p>\n<h2>\u00daltima cota\u00e7\u00e3o do d\u00f3lar<\/h2>\n<p>Na \u00faltima sess\u00e3o, quinta-feira, o <strong>d\u00f3lar<\/strong> encerrou em alta de 0,791%, negociado a R$ 3,8475 na venda.<\/p>\n","protected":false},"excerpt":{"rendered":"<p>O d\u00f3lar opera em alta nesta sexta-feira (02) com a guerra comercial, lucro da Petrobras e balan\u00e7a comercial no radar. Por volta das 9h15, o d\u00f3lar registrava alta de 0,351% sendo negociado a R$ 3,859. O mercado est\u00e1 atento \u00e0s falas do presidente norte-americano, Donald Trump, sobre impor novas tarifas aos produtos chineses. Al\u00e9m disso, [&hellip;]<\/p>\n","protected":false},"author":15,"featured_media":24210,"comment_status":"closed","ping_status":"closed","sticky":false,"template":"","format":"standard","meta":[],"categories":[60],"tags":[326,980],"suno_strategy":[],"class_list":["post-32851","post","type-post","status-publish","format-standard","has-post-thumbnail","hentry","category-mercado","tag-dolar","tag-guerra-comercial"],"yoast_head":"<!-- This site is optimized with the Yoast SEO plugin v24.4 - https:\/\/yoast.com\/wordpress\/plugins\/seo\/ -->\n<title>D\u00f3lar opera em alta com guerra comercial no radar<\/title>\n<meta name=\"description\" content=\"Por volta das 9h15, o d\u00f3lar registrava alta de 0,351% sendo negociado a R$ 3,859. O mercado segue atento \u00e0s falas de Trump. Clique aqui\" \/>\n<meta name=\"robots\" content=\"index, follow, max-snippet:-1, max-image-preview:large, max-video-preview:-1\" \/>\n<link rel=\"canonical\" href=\"https:\/\/www.suno.com.br\/noticias\/dolar-02082019-2\/\" \/>\n<meta property=\"og:locale\" content=\"pt_BR\" \/>\n<meta property=\"og:type\" content=\"article\" \/>\n<meta property=\"og:title\" content=\"D\u00f3lar opera em alta com guerra comercial no radar\" \/>\n<meta property=\"og:description\" content=\"Por volta das 9h15, o d\u00f3lar registrava alta de 0,351% sendo negociado a R$ 3,859. O mercado segue atento \u00e0s falas de Trump. Clique aqui\" \/>\n<meta property=\"og:url\" content=\"https:\/\/www.suno.com.br\/noticias\/dolar-02082019-2\/\" \/>\n<meta property=\"og:site_name\" content=\"Suno Not\u00edcias\" \/>\n<meta property=\"article:publisher\" content=\"https:\/\/facebook.com\/sunoresearch\" \/>\n<meta property=\"og:image\" content=\"https:\/\/files.sunoresearch.com.br\/n\/uploads\/2019\/05\/2fe02260-donald_trump_ao_lado_de_xi_jinping_em_novembro_de_2017-e1557585582927.jpg\" \/>\n\t<meta property=\"og:image:width\" content=\"380\" \/>\n\t<meta property=\"og:image:height\" content=\"277\" \/>\n\t<meta property=\"og:image:type\" content=\"image\/jpeg\" \/>\n<meta name=\"author\" content=\"Poliana Santos\" \/>\n<meta name=\"twitter:card\" content=\"summary_large_image\" \/>\n<meta name=\"twitter:creator\" content=\"@sunoresearch\" \/>\n<meta name=\"twitter:site\" content=\"@sunoresearch\" \/>\n<meta name=\"twitter:label1\" content=\"Escrito por\" \/>\n\t<meta name=\"twitter:data1\" content=\"Poliana Santos\" \/>\n\t<meta name=\"twitter:label2\" content=\"Est. tempo de leitura\" \/>\n\t<meta name=\"twitter:data2\" content=\"2 minutos\" \/>\n<script type=\"application\/ld+json\" class=\"yoast-schema-graph\">{\"@context\":\"https:\/\/schema.org\",\"@graph\":[{\"@type\":\"NewsArticle\",\"@id\":\"https:\/\/www.suno.com.br\/noticias\/dolar-02082019-2\/#article\",\"isPartOf\":{\"@id\":\"https:\/\/www.suno.com.br\/noticias\/dolar-02082019-2\/\"},\"author\":{\"name\":\"Poliana Santos\",\"@id\":\"https:\/\/www.suno.com.br\/noticias\/#\/schema\/person\/02ec1f752758247878a2bf4abee1aeda\"},\"headline\":\"D\u00f3lar opera em alta com guerra comercial no radar\",\"datePublished\":\"2019-08-02T12:14:25+00:00\",\"dateModified\":\"2019-08-02T12:18:20+00:00\",\"mainEntityOfPage\":{\"@id\":\"https:\/\/www.suno.com.br\/noticias\/dolar-02082019-2\/\"},\"wordCount\":485,\"publisher\":{\"@id\":\"https:\/\/www.suno.com.br\/noticias\/#organization\"},\"image\":{\"@id\":\"https:\/\/www.suno.com.br\/noticias\/dolar-02082019-2\/#primaryimage\"},\"thumbnailUrl\":\"https:\/\/files.sunoresearch.com.br\/n\/uploads\/2019\/05\/2fe02260-donald_trump_ao_lado_de_xi_jinping_em_novembro_de_2017-e1557585582927-jpg.webp\",\"keywords\":[\"d\u00f3lar\",\"guerra comercial\"],\"articleSection\":[\"Mercado\"],\"inLanguage\":\"pt-BR\"},{\"@type\":\"WebPage\",\"@id\":\"https:\/\/www.suno.com.br\/noticias\/dolar-02082019-2\/\",\"url\":\"https:\/\/www.suno.com.br\/noticias\/dolar-02082019-2\/\",\"name\":\"D\u00f3lar opera em alta com guerra comercial no radar\",\"isPartOf\":{\"@id\":\"https:\/\/www.suno.com.br\/noticias\/#website\"},\"primaryImageOfPage\":{\"@id\":\"https:\/\/www.suno.com.br\/noticias\/dolar-02082019-2\/#primaryimage\"},\"image\":{\"@id\":\"https:\/\/www.suno.com.br\/noticias\/dolar-02082019-2\/#primaryimage\"},\"thumbnailUrl\":\"https:\/\/files.sunoresearch.com.br\/n\/uploads\/2019\/05\/2fe02260-donald_trump_ao_lado_de_xi_jinping_em_novembro_de_2017-e1557585582927-jpg.webp\",\"datePublished\":\"2019-08-02T12:14:25+00:00\",\"dateModified\":\"2019-08-02T12:18:20+00:00\",\"description\":\"Por volta das 9h15, o d\u00f3lar registrava alta de 0,351% sendo negociado a R$ 3,859. O mercado segue atento \u00e0s falas de Trump. Clique aqui\",\"breadcrumb\":{\"@id\":\"https:\/\/www.suno.com.br\/noticias\/dolar-02082019-2\/#breadcrumb\"},\"inLanguage\":\"pt-BR\",\"potentialAction\":[{\"@type\":\"ReadAction\",\"target\":[\"https:\/\/www.suno.com.br\/noticias\/dolar-02082019-2\/\"]}]},{\"@type\":\"ImageObject\",\"inLanguage\":\"pt-BR\",\"@id\":\"https:\/\/www.suno.com.br\/noticias\/dolar-02082019-2\/#primaryimage\",\"url\":\"https:\/\/files.sunoresearch.com.br\/n\/uploads\/2019\/05\/2fe02260-donald_trump_ao_lado_de_xi_jinping_em_novembro_de_2017-e1557585582927-jpg.webp\",\"contentUrl\":\"https:\/\/files.sunoresearch.com.br\/n\/uploads\/2019\/05\/2fe02260-donald_trump_ao_lado_de_xi_jinping_em_novembro_de_2017-e1557585582927-jpg.webp\",\"width\":380,\"height\":277,\"caption\":\"Ibovespa\"},{\"@type\":\"BreadcrumbList\",\"@id\":\"https:\/\/www.suno.com.br\/noticias\/dolar-02082019-2\/#breadcrumb\",\"itemListElement\":[{\"@type\":\"ListItem\",\"position\":1,\"name\":\"Not\u00edcias\",\"item\":\"https:\/\/www.suno.com.br\/noticias\/\"},{\"@type\":\"ListItem\",\"position\":2,\"name\":\"Mercado\",\"item\":\"https:\/\/www.suno.com.br\/noticias\/mercado\/\"},{\"@type\":\"ListItem\",\"position\":3,\"name\":\"D\u00f3lar opera em alta com guerra comercial no radar\"}]},{\"@type\":\"WebSite\",\"@id\":\"https:\/\/www.suno.com.br\/noticias\/#website\",\"url\":\"https:\/\/www.suno.com.br\/noticias\/\",\"name\":\"Suno Not\u00edcias\",\"description\":\"Seu portal de informa\u00e7\u00e3o sobre o mundo dos investimentos\",\"publisher\":{\"@id\":\"https:\/\/www.suno.com.br\/noticias\/#organization\"},\"potentialAction\":[{\"@type\":\"SearchAction\",\"target\":{\"@type\":\"EntryPoint\",\"urlTemplate\":\"https:\/\/www.suno.com.br\/noticias\/?s={search_term_string}\"},\"query-input\":{\"@type\":\"PropertyValueSpecification\",\"valueRequired\":true,\"valueName\":\"search_term_string\"}}],\"inLanguage\":\"pt-BR\"},{\"@type\":\"Organization\",\"@id\":\"https:\/\/www.suno.com.br\/noticias\/#organization\",\"name\":\"Suno Not\u00edcias\",\"url\":\"https:\/\/www.suno.com.br\/noticias\/\",\"logo\":{\"@type\":\"ImageObject\",\"inLanguage\":\"pt-BR\",\"@id\":\"https:\/\/www.suno.com.br\/noticias\/#\/schema\/logo\/image\/\",\"url\":\"https:\/\/files.sunoresearch.com.br\/n\/uploads\/2021\/09\/suno-logo.png\",\"contentUrl\":\"https:\/\/files.sunoresearch.com.br\/n\/uploads\/2021\/09\/suno-logo.png\",\"width\":180,\"height\":180,\"caption\":\"Suno Not\u00edcias\"},\"image\":{\"@id\":\"https:\/\/www.suno.com.br\/noticias\/#\/schema\/logo\/image\/\"},\"sameAs\":[\"https:\/\/facebook.com\/sunoresearch\",\"https:\/\/x.com\/sunoresearch\",\"https:\/\/www.instagram.com\/suno\",\"https:\/\/www.linkedin.com\/company\/suno-research\/\",\"https:\/\/www.youtube.com\/c\/sunoresearch\"]},{\"@type\":\"Person\",\"@id\":\"https:\/\/www.suno.com.br\/noticias\/#\/schema\/person\/02ec1f752758247878a2bf4abee1aeda\",\"name\":\"Poliana Santos\",\"image\":{\"@type\":\"ImageObject\",\"inLanguage\":\"pt-BR\",\"@id\":\"https:\/\/www.suno.com.br\/noticias\/#\/schema\/person\/image\/\",\"url\":\"https:\/\/secure.gravatar.com\/avatar\/0645bd32f23d87b2130f2b2dff1d3f8d?s=96&r=g\",\"contentUrl\":\"https:\/\/secure.gravatar.com\/avatar\/0645bd32f23d87b2130f2b2dff1d3f8d?s=96&r=g\",\"caption\":\"Poliana Santos\"},\"description\":\"Rep\u00f3rter no Suno Not\u00edcias, com cobertura em mercado financeiro, economia, finan\u00e7as pessoais, renda fixa e varejo. Jornalista formada pela Faculdade C\u00e1sper L\u00edbero e possui passagem na R\u00e1dio Gazeta AM com a produ\u00e7\u00e3o de conte\u00fado sobre economia, pol\u00edtica, sa\u00fade, moda e m\u00fasica. Possui certificado de conclus\u00e3o do curso de An\u00e1lise de Balan\u00e7os pela Funda\u00e7\u00e3o Bradesco, Agenda Brasil pela FAAP, Educa\u00e7\u00e3o Pol\u00edtica por Alexandre Garcia e do Tesouro Direto e Mercado de A\u00e7\u00f5es pela B3.\",\"url\":\"https:\/\/www.suno.com.br\/noticias\/author\/poliana-santos\/\"}]}<\/script>\n<!-- \/ Yoast SEO plugin. -->","yoast_head_json":{"title":"D\u00f3lar opera em alta com guerra comercial no radar","description":"Por volta das 9h15, o d\u00f3lar registrava alta de 0,351% sendo negociado a R$ 3,859. O mercado segue atento \u00e0s falas de Trump. Clique aqui","robots":{"index":"index","follow":"follow","max-snippet":"max-snippet:-1","max-image-preview":"max-image-preview:large","max-video-preview":"max-video-preview:-1"},"canonical":"https:\/\/www.suno.com.br\/noticias\/dolar-02082019-2\/","og_locale":"pt_BR","og_type":"article","og_title":"D\u00f3lar opera em alta com guerra comercial no radar","og_description":"Por volta das 9h15, o d\u00f3lar registrava alta de 0,351% sendo negociado a R$ 3,859. O mercado segue atento \u00e0s falas de Trump. Clique aqui","og_url":"https:\/\/www.suno.com.br\/noticias\/dolar-02082019-2\/","og_site_name":"Suno Not\u00edcias","article_publisher":"https:\/\/facebook.com\/sunoresearch","og_image":[{"width":380,"height":277,"url":"https:\/\/files.sunoresearch.com.br\/n\/uploads\/2019\/05\/2fe02260-donald_trump_ao_lado_de_xi_jinping_em_novembro_de_2017-e1557585582927.jpg","type":"image\/jpeg"}],"author":"Poliana Santos","twitter_card":"summary_large_image","twitter_creator":"@sunoresearch","twitter_site":"@sunoresearch","twitter_misc":{"Escrito por":"Poliana Santos","Est. tempo de leitura":"2 minutos"},"schema":{"@context":"https:\/\/schema.org","@graph":[{"@type":"NewsArticle","@id":"https:\/\/www.suno.com.br\/noticias\/dolar-02082019-2\/#article","isPartOf":{"@id":"https:\/\/www.suno.com.br\/noticias\/dolar-02082019-2\/"},"author":{"name":"Poliana Santos","@id":"https:\/\/www.suno.com.br\/noticias\/#\/schema\/person\/02ec1f752758247878a2bf4abee1aeda"},"headline":"D\u00f3lar opera em alta com guerra comercial no radar","datePublished":"2019-08-02T12:14:25+00:00","dateModified":"2019-08-02T12:18:20+00:00","mainEntityOfPage":{"@id":"https:\/\/www.suno.com.br\/noticias\/dolar-02082019-2\/"},"wordCount":485,"publisher":{"@id":"https:\/\/www.suno.com.br\/noticias\/#organization"},"image":{"@id":"https:\/\/www.suno.com.br\/noticias\/dolar-02082019-2\/#primaryimage"},"thumbnailUrl":"https:\/\/files.sunoresearch.com.br\/n\/uploads\/2019\/05\/2fe02260-donald_trump_ao_lado_de_xi_jinping_em_novembro_de_2017-e1557585582927-jpg.webp","keywords":["d\u00f3lar","guerra comercial"],"articleSection":["Mercado"],"inLanguage":"pt-BR"},{"@type":"WebPage","@id":"https:\/\/www.suno.com.br\/noticias\/dolar-02082019-2\/","url":"https:\/\/www.suno.com.br\/noticias\/dolar-02082019-2\/","name":"D\u00f3lar opera em alta com guerra comercial no radar","isPartOf":{"@id":"https:\/\/www.suno.com.br\/noticias\/#website"},"primaryImageOfPage":{"@id":"https:\/\/www.suno.com.br\/noticias\/dolar-02082019-2\/#primaryimage"},"image":{"@id":"https:\/\/www.suno.com.br\/noticias\/dolar-02082019-2\/#primaryimage"},"thumbnailUrl":"https:\/\/files.sunoresearch.com.br\/n\/uploads\/2019\/05\/2fe02260-donald_trump_ao_lado_de_xi_jinping_em_novembro_de_2017-e1557585582927-jpg.webp","datePublished":"2019-08-02T12:14:25+00:00","dateModified":"2019-08-02T12:18:20+00:00","description":"Por volta das 9h15, o d\u00f3lar registrava alta de 0,351% sendo negociado a R$ 3,859. O mercado segue atento \u00e0s falas de Trump. Clique aqui","breadcrumb":{"@id":"https:\/\/www.suno.com.br\/noticias\/dolar-02082019-2\/#breadcrumb"},"inLanguage":"pt-BR","potentialAction":[{"@type":"ReadAction","target":["https:\/\/www.suno.com.br\/noticias\/dolar-02082019-2\/"]}]},{"@type":"ImageObject","inLanguage":"pt-BR","@id":"https:\/\/www.suno.com.br\/noticias\/dolar-02082019-2\/#primaryimage","url":"https:\/\/files.sunoresearch.com.br\/n\/uploads\/2019\/05\/2fe02260-donald_trump_ao_lado_de_xi_jinping_em_novembro_de_2017-e1557585582927-jpg.webp","contentUrl":"https:\/\/files.sunoresearch.com.br\/n\/uploads\/2019\/05\/2fe02260-donald_trump_ao_lado_de_xi_jinping_em_novembro_de_2017-e1557585582927-jpg.webp","width":380,"height":277,"caption":"Ibovespa"},{"@type":"BreadcrumbList","@id":"https:\/\/www.suno.com.br\/noticias\/dolar-02082019-2\/#breadcrumb","itemListElement":[{"@type":"ListItem","position":1,"name":"Not\u00edcias","item":"https:\/\/www.suno.com.br\/noticias\/"},{"@type":"ListItem","position":2,"name":"Mercado","item":"https:\/\/www.suno.com.br\/noticias\/mercado\/"},{"@type":"ListItem","position":3,"name":"D\u00f3lar opera em alta com guerra comercial no radar"}]},{"@type":"WebSite","@id":"https:\/\/www.suno.com.br\/noticias\/#website","url":"https:\/\/www.suno.com.br\/noticias\/","name":"Suno Not\u00edcias","description":"Seu portal de informa\u00e7\u00e3o sobre o mundo dos investimentos","publisher":{"@id":"https:\/\/www.suno.com.br\/noticias\/#organization"},"potentialAction":[{"@type":"SearchAction","target":{"@type":"EntryPoint","urlTemplate":"https:\/\/www.suno.com.br\/noticias\/?s={search_term_string}"},"query-input":{"@type":"PropertyValueSpecification","valueRequired":true,"valueName":"search_term_string"}}],"inLanguage":"pt-BR"},{"@type":"Organization","@id":"https:\/\/www.suno.com.br\/noticias\/#organization","name":"Suno Not\u00edcias","url":"https:\/\/www.suno.com.br\/noticias\/","logo":{"@type":"ImageObject","inLanguage":"pt-BR","@id":"https:\/\/www.suno.com.br\/noticias\/#\/schema\/logo\/image\/","url":"https:\/\/files.sunoresearch.com.br\/n\/uploads\/2021\/09\/suno-logo.png","contentUrl":"https:\/\/files.sunoresearch.com.br\/n\/uploads\/2021\/09\/suno-logo.png","width":180,"height":180,"caption":"Suno Not\u00edcias"},"image":{"@id":"https:\/\/www.suno.com.br\/noticias\/#\/schema\/logo\/image\/"},"sameAs":["https:\/\/facebook.com\/sunoresearch","https:\/\/x.com\/sunoresearch","https:\/\/www.instagram.com\/suno","https:\/\/www.linkedin.com\/company\/suno-research\/","https:\/\/www.youtube.com\/c\/sunoresearch"]},{"@type":"Person","@id":"https:\/\/www.suno.com.br\/noticias\/#\/schema\/person\/02ec1f752758247878a2bf4abee1aeda","name":"Poliana Santos","image":{"@type":"ImageObject","inLanguage":"pt-BR","@id":"https:\/\/www.suno.com.br\/noticias\/#\/schema\/person\/image\/","url":"https:\/\/secure.gravatar.com\/avatar\/0645bd32f23d87b2130f2b2dff1d3f8d?s=96&r=g","contentUrl":"https:\/\/secure.gravatar.com\/avatar\/0645bd32f23d87b2130f2b2dff1d3f8d?s=96&r=g","caption":"Poliana Santos"},"description":"Rep\u00f3rter no Suno Not\u00edcias, com cobertura em mercado financeiro, economia, finan\u00e7as pessoais, renda fixa e varejo. Jornalista formada pela Faculdade C\u00e1sper L\u00edbero e possui passagem na R\u00e1dio Gazeta AM com a produ\u00e7\u00e3o de conte\u00fado sobre economia, pol\u00edtica, sa\u00fade, moda e m\u00fasica. Possui certificado de conclus\u00e3o do curso de An\u00e1lise de Balan\u00e7os pela Funda\u00e7\u00e3o Bradesco, Agenda Brasil pela FAAP, Educa\u00e7\u00e3o Pol\u00edtica por Alexandre Garcia e do Tesouro Direto e Mercado de A\u00e7\u00f5es pela B3.","url":"https:\/\/www.suno.com.br\/noticias\/author\/poliana-santos\/"}]}},"default_loop_html":"<div class=\"cardsPage__listCard__boxs\"><div class=\"cardsPage__listCard__boxs__img\"><a href=\"https:\/\/www.suno.com.br\/noticias\/dolar-02082019-2\/\"><img class=\"mask\" src=\"https:\/\/www.suno.com.br\/noticias\/wp-content\/themes\/suno\/resources\/images\/spotlight\/spotlight1img\/bg-mask.png\" alt=\"Image Mask\"\/><img src=\"https:\/\/files.sunoresearch.com.br\/n\/uploads\/2019\/05\/2fe02260-donald_trump_ao_lado_de_xi_jinping_em_novembro_de_2017-e1557585582927-jpg.webp\" alt=\"D\u00f3lar opera em alta com guerra comercial no radar\"\/><\/a><span class=\"spotlightCategory\"><a href=\"https:\/\/www.suno.com.br\/noticias\/mercado\/\">Mercado<\/a><\/span><\/div><div class=\"cardsPage__listCard__boxs__content\"><a href=\"https:\/\/www.suno.com.br\/noticias\/dolar-02082019-2\/\"><h2 class=\"content__title\">D\u00f3lar opera em alta com guerra comercial no radar<\/h2><\/a><div class=\"newsContent__article__meta\"><div class=\"newsContent__article__meta__authorBox\"><a href=\"https:\/\/www.suno.com.br\/noticias\/author\/poliana-santos\/\" class=\"authorBox__avatar noMobi\"><img src=\"https:\/\/files.sunoresearch.com.br\/n\/uploads\/2020\/08\/7ef34026-whatsapp-image-2020-08-03-at-12.37.57-150x150.webp\" alt=\"Poliana Santos\"><\/a><div class=\"authorBox__name\"><span>por\n\t\t\t<a href=\"https:\/\/www.suno.com.br\/noticias\/author\/poliana-santos\/\"><span itemprop=\"author\">Poliana Santos<\/span><\/a><\/span><time datetime=\"2019-08-02T09:14:25-03:00\" itemprop=\"datePublished\">02\/08\/2019 09:14<\/time><\/div><\/div><\/div><\/div><\/div>","single_layout":"posts","amp_enabled":true,"_links":{"self":[{"href":"https:\/\/www.suno.com.br\/noticias\/wp-json\/wp\/v2\/posts\/32851"}],"collection":[{"href":"https:\/\/www.suno.com.br\/noticias\/wp-json\/wp\/v2\/posts"}],"about":[{"href":"https:\/\/www.suno.com.br\/noticias\/wp-json\/wp\/v2\/types\/post"}],"author":[{"embeddable":true,"href":"https:\/\/www.suno.com.br\/noticias\/wp-json\/wp\/v2\/users\/15"}],"replies":[{"embeddable":true,"href":"https:\/\/www.suno.com.br\/noticias\/wp-json\/wp\/v2\/comments?post=32851"}],"version-history":[{"count":0,"href":"https:\/\/www.suno.com.br\/noticias\/wp-json\/wp\/v2\/posts\/32851\/revisions"}],"wp:featuredmedia":[{"embeddable":true,"href":"https:\/\/www.suno.com.br\/noticias\/wp-json\/wp\/v2\/media\/24210"}],"wp:attachment":[{"href":"https:\/\/www.suno.com.br\/noticias\/wp-json\/wp\/v2\/media?parent=32851"}],"wp:term":[{"taxonomy":"category","embeddable":true,"href":"https:\/\/www.suno.com.br\/noticias\/wp-json\/wp\/v2\/categories?post=32851"},{"taxonomy":"post_tag","embeddable":true,"href":"https:\/\/www.suno.com.br\/noticias\/wp-json\/wp\/v2\/tags?post=32851"},{"taxonomy":"suno_strategy","embeddable":true,"href":"https:\/\/www.suno.com.br\/noticias\/wp-json\/wp\/v2\/suno_strategy?post=32851"}],"curies":[{"name":"wp","href":"https:\/\/api.w.org\/{rel}","templated":true}]}}