{"id":32801,"date":"2019-08-01T17:01:12","date_gmt":"2019-08-01T20:01:12","guid":{"rendered":"https:\/\/www.suno.com.br\/noticias\/?p=32801"},"modified":"2021-02-17T23:03:58","modified_gmt":"2021-02-18T02:03:58","slug":"balanca-comercial-registra-superavit-de-us-2293-bi-em-julho","status":"publish","type":"post","link":"https:\/\/www.suno.com.br\/noticias\/balanca-comercial-registra-superavit-de-us-2293-bi-em-julho\/","title":{"rendered":"Balan\u00e7a comercial registra super\u00e1vit de US$ 2,293 bi em julho"},"content":{"rendered":"<p>A balan\u00e7a comercial brasileira apresentou um <strong>super\u00e1vit<\/strong> de US$ 2,293 bilh\u00f5es em julho. O dado foi divulgado nesta quinta-feira (01) pela Secretaria de Com\u00e9rcio Exterior (Secex) do <strong>Minist\u00e9rio da Economia<\/strong>.<\/p>\t<div class=\"wrapper-featured-image\">\n\t\t<figure class=\"spotlightImg\">\n\n\t\t\t<picture>\n\t\t\t\t<source media=\"(max-width: 768px)\" srcset=\"https:\/\/files.sunoresearch.com.br\/n\/uploads\/2019\/08\/2ee6064e-exporta\u00e7\u00f5es-400x200.webp\">\n\t\t\t\t<img loading=\"lazy\" decoding=\"async\" class=\"newsContent__article__imgCapa lazyloadDisabled newsContent__article__imgCapa--noCaption\" src=\"https:\/\/files.sunoresearch.com.br\/n\/uploads\/2019\/08\/2ee6064e-exporta\u00e7\u00f5es-800x450.webp\" width=\"800\" height=\"450\" alt=\"Balan\u00e7a comercial registra super\u00e1vit de US$ 2,293 bi em julho\" fetchpriority=high \/>\n\t\t\t<\/picture>\n\n\t\t\t<figcaption class=\"wp-caption-text wp-caption-text--hide\">PIB: bancos norte-americanos estimam contra\u00e7\u00e3o da economia brasileira<\/figcaption>\n\t\t<\/figure>\n\t<\/div>\n\n\n<p>Em compara\u00e7\u00e3o ao mesmo per\u00edodo do ano passado, o valor indica uma queda de 40,8%. O montante \u00e9 o menor saldo da <strong>balan\u00e7a comercial <\/strong>para o m\u00eas de julho desde 2014, quando foi de R$ 1,562 bilh\u00e3o.<\/p>\n<p>O super\u00e1vit acontece quando o valor obtido atrav\u00e9s das exporta\u00e7\u00f5es \u00e9 superior ao das importa\u00e7\u00f5es.<\/p>\n\n<h2>Recuo nas exporta\u00e7\u00f5es<\/h2>\n<p>O valor das <a href=\"https:\/\/www.suno.com.br\/artigos\/imposto-de-exportacao\/\"><strong>exporta\u00e7\u00f5es<\/strong><\/a> diminuiu 14,8% ante o mesmo per\u00edodo de 2018. Assim, as exporta\u00e7\u00f5es somaram US$ 20,054 bilh\u00f5es em julho.<\/p>\n<p>A venda de produtos b\u00e1sicos, manufaturados e semimanufaturados contribuiu para a queda das exporta\u00e7\u00f5es. Cada uma das categorias de produtos recuou 16,7%, 12,3% e 4,6%, respectivamente.<\/p>\n<p><a href=\"https:\/\/www.suno.com.br\/noticias\/balanca-comercial-superavit-junho\/\">Leia tamb\u00e9m: Balan\u00e7a comercial tem super\u00e1vit de US$ 5,019 bilh\u00f5es em junho<\/a><\/p>\n<p>As exporta\u00e7\u00f5es de petr\u00f3leo diminu\u00edram 61% e as de soja 34,6%.<\/p>\n<p>Segundo o subsecret\u00e1rio de Intelig\u00eancia e Estat\u00edstica do Minist\u00e9rio da Economia, Herlon Brand\u00e3o, a redu\u00e7\u00e3o foi causada pela venda de uma plataforma de petr\u00f3leo. Entretanto, ao desconsiderar a plataforma, as vendas ainda registrariam queda de 10% ante o mesmo per\u00edodo de 2018.<\/p>\n<h2>Importa\u00e7\u00f5es<\/h2>\n<p>Al\u00e9m disso, as<a href=\"https:\/\/www.suno.com.br\/artigos\/imposto-sobre-importacao\/\"><strong> importa\u00e7\u00f5es<\/strong><\/a> tamb\u00e9m diminu\u00edram 8,9% em rela\u00e7\u00e3o ao ano passado e contabilizaram US$ 17,761 bilh\u00f5es.<\/p>\n\t<p>\n\t\t<a href=\"https:\/\/www.suno.com.br\/asset\/fundos\/suno-acoes-xp-seg-prev\/\" target=\"_blank\" data-element=\"shortcode-suno-banner\" title=\"Banner SUNO, clique e saiba mais\">\n\t\t\t<picture>\n\t\t\t\t<source media=\"(max-width: 500px)\" srcset=\"https:\/\/files.sunoresearch.com.br\/n\/uploads\/2023\/10\/SUNOPREV-400x300-Mobile-Artigos-3.png\">\n\t\t\t\t<img class=\"newsContent__article__imgCapa newsContent__article__imgCapa--banner\"\n\t\t\t\t\tsrc=\"https:\/\/files.sunoresearch.com.br\/n\/uploads\/2023\/10\/SUNOPREV-1420x240-Banner-Artigos-1-_-Banner-Materias-1.png\"\n\t\t\t\t\tdata-promo-id=\"476310\"\t\t\t\t\t\t\t\t\t\twidth='1420' height='240'\t\t\t\t\talt=\"https:\/\/files.sunoresearch.com.br\/n\/uploads\/2023\/10\/SUNOPREV-1420x240-Banner-Artigos-1-_-Banner-Materias-1.png\"\n\t\t\t\t>\n\t\t\t<\/picture>\n\t\t<\/a>\n\t<\/p>\n\n\n<p>Conforme divulgado pelo Minist\u00e9rio da Economia, a baixa das importa\u00e7\u00f5es foi impulsionada pela diminui\u00e7\u00e3o das compras de bens de capital. O setor apresentou queda de -53%.<\/p>\n<p>Por outro lado, os bens de consumo, intermedi\u00e1rios e os combust\u00edveis e lubrificantes aumentaram. A alta foi de 1%, 4,9% e 22%, respectivamente.<\/p>\n<h2>Acumulado do ano<\/h2>\n<p>Entre janeiro e julho de 2019, a balan\u00e7a comercial somou US$ 28,369 bilh\u00f5es. Apesar do super\u00e1vit, o valor \u00e9 16,3% menor do que o mesmo per\u00edodo do ano passado. Nos sete primeiros meses de 2018, o saldo positivo foi de US$ 33,891 bilh\u00f5es.<\/p>\n<p>At\u00e9 o m\u00eas passado, as exporta\u00e7\u00f5es somaram US$ 129,896 bilh\u00f5es. Dessa forma, a m\u00e9dia di\u00e1ria foi de US$ 889 milh\u00f5es. O valor representa queda de 4,7% ante o mesmo per\u00edodo de 2018.<\/p>\n<p>O valor obtido atrav\u00e9s das importa\u00e7\u00f5es contabilizou US$ 101,527 bilh\u00f5es. A m\u00e9dia di\u00e1ria foi de US$ 695 milh\u00f5es. Em rela\u00e7\u00e3o ao mesmo per\u00edodo do ano passado, a queda foi de 0,9%.<\/p>\n\t<p>\n\t\t<a href=\"https:\/\/lp2.suno.com.br\/pv\/eu-invisto-2026\/?utm_source=suno-noticias&#038;utm_medium=banner&#038;utm_campaign=_SNC4CCF8112_\" target=\"_blank\" data-element=\"shortcode-suno-banner\" title=\"Banner SUNO, clique e saiba mais\">\n\t\t\t<picture>\n\t\t\t\t<source media=\"(max-width: 500px)\" srcset=\"https:\/\/files.sunoresearch.com.br\/n\/uploads\/2025\/12\/Banner-Materias-01-Mbl_-400x300-1-png.webp\">\n\t\t\t\t<img class=\"newsContent__article__imgCapa newsContent__article__imgCapa--banner\"\n\t\t\t\t\tsrc=\"https:\/\/files.sunoresearch.com.br\/n\/uploads\/2025\/12\/Banner-Materias-01-Dkp_-1420x240-1-png.webp\"\n\t\t\t\t\tdata-promo-id=\"635514\"\t\t\t\t\t\t\t\t\t\twidth='1420' height='240'\t\t\t\t\talt=\"https:\/\/files.sunoresearch.com.br\/n\/uploads\/2025\/12\/Banner-Materias-01-Dkp_-1420x240-1-png.webp\"\n\t\t\t\t>\n\t\t\t<\/picture>\n\t\t<\/a>\n\t<\/p>\n\n\n<p>O montante da <a href=\"https:\/\/www.suno.com.br\/artigos\/balanca-comercial\/\"><strong>balan\u00e7a comercial<\/strong><\/a> entre janeiro e julho indica ainda o pior resultado para o per\u00edodo desde 2016. H\u00e1 tr\u00eas anos, o super\u00e1vit foi de US$ 28,211 bilh\u00f5es.<\/p>\n","protected":false},"excerpt":{"rendered":"<p>A balan\u00e7a comercial brasileira apresentou um super\u00e1vit de US$ 2,293 bilh\u00f5es em julho. O dado foi divulgado nesta quinta-feira (01) pela Secretaria de Com\u00e9rcio Exterior (Secex) do Minist\u00e9rio da Economia. PIB: bancos norte-americanos estimam contra\u00e7\u00e3o da economia brasileira Em compara\u00e7\u00e3o ao mesmo per\u00edodo do ano passado, o valor indica uma queda de 40,8%. O montante [&hellip;]<\/p>\n","protected":false},"author":18,"featured_media":32810,"comment_status":"closed","ping_status":"closed","sticky":false,"template":"","format":"standard","meta":[],"categories":[62],"tags":[914,706,909],"suno_strategy":[],"class_list":["post-32801","post","type-post","status-publish","format-standard","has-post-thumbnail","hentry","category-economia","tag-balanca-comercial","tag-importacoes","tag-ministerio-da-economia"],"yoast_head":"<!-- This site is optimized with the Yoast SEO plugin v24.4 - https:\/\/yoast.com\/wordpress\/plugins\/seo\/ -->\n<title>Balan\u00e7a comercial registra super\u00e1vit de US$ 2,293 bi em julho<\/title>\n<meta name=\"description\" content=\"A balan\u00e7a comercial brasileira apresentou super\u00e1vit de US$ 2,293 bilh\u00f5es em julho, com queda de 40,8% ante 2018. Clique para saber mais.\" \/>\n<meta name=\"robots\" content=\"index, follow, max-snippet:-1, max-image-preview:large, max-video-preview:-1\" \/>\n<link rel=\"canonical\" href=\"https:\/\/www.suno.com.br\/noticias\/balanca-comercial-registra-superavit-de-us-2293-bi-em-julho\/\" \/>\n<meta property=\"og:locale\" content=\"pt_BR\" \/>\n<meta property=\"og:type\" content=\"article\" \/>\n<meta property=\"og:title\" content=\"Balan\u00e7a comercial registra super\u00e1vit de US$ 2,293 bi em julho\" \/>\n<meta property=\"og:description\" content=\"A balan\u00e7a comercial brasileira apresentou super\u00e1vit de US$ 2,293 bilh\u00f5es em julho, com queda de 40,8% ante 2018. Clique para saber mais.\" \/>\n<meta property=\"og:url\" content=\"https:\/\/www.suno.com.br\/noticias\/balanca-comercial-registra-superavit-de-us-2293-bi-em-julho\/\" \/>\n<meta property=\"og:site_name\" content=\"Suno Not\u00edcias\" \/>\n<meta property=\"article:publisher\" content=\"https:\/\/facebook.com\/sunoresearch\" \/>\n<meta property=\"og:image\" content=\"https:\/\/files.sunoresearch.com.br\/n\/uploads\/2019\/08\/2ee6064e-exporta\u00e7\u00f5es-1024x683.jpg\" \/>\n\t<meta property=\"og:image:width\" content=\"1024\" \/>\n\t<meta property=\"og:image:height\" content=\"683\" \/>\n\t<meta property=\"og:image:type\" content=\"image\/jpeg\" \/>\n<meta name=\"author\" content=\"Giovanna Oliveira\" \/>\n<meta name=\"twitter:card\" content=\"summary_large_image\" \/>\n<meta name=\"twitter:creator\" content=\"@sunoresearch\" \/>\n<meta name=\"twitter:site\" content=\"@sunoresearch\" \/>\n<meta name=\"twitter:label1\" content=\"Escrito por\" \/>\n\t<meta name=\"twitter:data1\" content=\"Giovanna Oliveira\" \/>\n\t<meta name=\"twitter:label2\" content=\"Est. tempo de leitura\" \/>\n\t<meta name=\"twitter:data2\" content=\"2 minutos\" \/>\n<script type=\"application\/ld+json\" class=\"yoast-schema-graph\">{\"@context\":\"https:\/\/schema.org\",\"@graph\":[{\"@type\":\"NewsArticle\",\"@id\":\"https:\/\/www.suno.com.br\/noticias\/balanca-comercial-registra-superavit-de-us-2293-bi-em-julho\/#article\",\"isPartOf\":{\"@id\":\"https:\/\/www.suno.com.br\/noticias\/balanca-comercial-registra-superavit-de-us-2293-bi-em-julho\/\"},\"author\":{\"name\":\"Giovanna Oliveira\",\"@id\":\"https:\/\/www.suno.com.br\/noticias\/#\/schema\/person\/4e19e3d2575736e5283d58eb3199d120\"},\"headline\":\"Balan\u00e7a comercial registra super\u00e1vit de US$ 2,293 bi em julho\",\"datePublished\":\"2019-08-01T20:01:12+00:00\",\"dateModified\":\"2021-02-18T02:03:58+00:00\",\"mainEntityOfPage\":{\"@id\":\"https:\/\/www.suno.com.br\/noticias\/balanca-comercial-registra-superavit-de-us-2293-bi-em-julho\/\"},\"wordCount\":456,\"publisher\":{\"@id\":\"https:\/\/www.suno.com.br\/noticias\/#organization\"},\"image\":{\"@id\":\"https:\/\/www.suno.com.br\/noticias\/balanca-comercial-registra-superavit-de-us-2293-bi-em-julho\/#primaryimage\"},\"thumbnailUrl\":\"https:\/\/files.sunoresearch.com.br\/n\/uploads\/2019\/08\/2ee6064e-exporta\u00e7\u00f5es-scaled.webp\",\"keywords\":[\"balan\u00e7a comercial\",\"importa\u00e7\u00f5es\",\"Minist\u00e9rio da Economia\"],\"articleSection\":[\"Economia\"],\"inLanguage\":\"pt-BR\"},{\"@type\":\"WebPage\",\"@id\":\"https:\/\/www.suno.com.br\/noticias\/balanca-comercial-registra-superavit-de-us-2293-bi-em-julho\/\",\"url\":\"https:\/\/www.suno.com.br\/noticias\/balanca-comercial-registra-superavit-de-us-2293-bi-em-julho\/\",\"name\":\"Balan\u00e7a comercial registra super\u00e1vit de US$ 2,293 bi em julho\",\"isPartOf\":{\"@id\":\"https:\/\/www.suno.com.br\/noticias\/#website\"},\"primaryImageOfPage\":{\"@id\":\"https:\/\/www.suno.com.br\/noticias\/balanca-comercial-registra-superavit-de-us-2293-bi-em-julho\/#primaryimage\"},\"image\":{\"@id\":\"https:\/\/www.suno.com.br\/noticias\/balanca-comercial-registra-superavit-de-us-2293-bi-em-julho\/#primaryimage\"},\"thumbnailUrl\":\"https:\/\/files.sunoresearch.com.br\/n\/uploads\/2019\/08\/2ee6064e-exporta\u00e7\u00f5es-scaled.webp\",\"datePublished\":\"2019-08-01T20:01:12+00:00\",\"dateModified\":\"2021-02-18T02:03:58+00:00\",\"description\":\"A balan\u00e7a comercial brasileira apresentou super\u00e1vit de US$ 2,293 bilh\u00f5es em julho, com queda de 40,8% ante 2018. Clique para saber mais.\",\"breadcrumb\":{\"@id\":\"https:\/\/www.suno.com.br\/noticias\/balanca-comercial-registra-superavit-de-us-2293-bi-em-julho\/#breadcrumb\"},\"inLanguage\":\"pt-BR\",\"potentialAction\":[{\"@type\":\"ReadAction\",\"target\":[\"https:\/\/www.suno.com.br\/noticias\/balanca-comercial-registra-superavit-de-us-2293-bi-em-julho\/\"]}]},{\"@type\":\"ImageObject\",\"inLanguage\":\"pt-BR\",\"@id\":\"https:\/\/www.suno.com.br\/noticias\/balanca-comercial-registra-superavit-de-us-2293-bi-em-julho\/#primaryimage\",\"url\":\"https:\/\/files.sunoresearch.com.br\/n\/uploads\/2019\/08\/2ee6064e-exporta\u00e7\u00f5es-scaled.webp\",\"contentUrl\":\"https:\/\/files.sunoresearch.com.br\/n\/uploads\/2019\/08\/2ee6064e-exporta\u00e7\u00f5es-scaled.webp\",\"width\":2560,\"height\":1707,\"caption\":\"PIB: bancos norte-americanos estimam contra\u00e7\u00e3o da economia brasileira\"},{\"@type\":\"BreadcrumbList\",\"@id\":\"https:\/\/www.suno.com.br\/noticias\/balanca-comercial-registra-superavit-de-us-2293-bi-em-julho\/#breadcrumb\",\"itemListElement\":[{\"@type\":\"ListItem\",\"position\":1,\"name\":\"Not\u00edcias\",\"item\":\"https:\/\/www.suno.com.br\/noticias\/\"},{\"@type\":\"ListItem\",\"position\":2,\"name\":\"Economia\",\"item\":\"https:\/\/www.suno.com.br\/noticias\/economia\/\"},{\"@type\":\"ListItem\",\"position\":3,\"name\":\"Balan\u00e7a comercial registra super\u00e1vit de US$ 2,293 bi em julho\"}]},{\"@type\":\"WebSite\",\"@id\":\"https:\/\/www.suno.com.br\/noticias\/#website\",\"url\":\"https:\/\/www.suno.com.br\/noticias\/\",\"name\":\"Suno Not\u00edcias\",\"description\":\"Seu portal de informa\u00e7\u00e3o sobre o mundo dos investimentos\",\"publisher\":{\"@id\":\"https:\/\/www.suno.com.br\/noticias\/#organization\"},\"potentialAction\":[{\"@type\":\"SearchAction\",\"target\":{\"@type\":\"EntryPoint\",\"urlTemplate\":\"https:\/\/www.suno.com.br\/noticias\/?s={search_term_string}\"},\"query-input\":{\"@type\":\"PropertyValueSpecification\",\"valueRequired\":true,\"valueName\":\"search_term_string\"}}],\"inLanguage\":\"pt-BR\"},{\"@type\":\"Organization\",\"@id\":\"https:\/\/www.suno.com.br\/noticias\/#organization\",\"name\":\"Suno Not\u00edcias\",\"url\":\"https:\/\/www.suno.com.br\/noticias\/\",\"logo\":{\"@type\":\"ImageObject\",\"inLanguage\":\"pt-BR\",\"@id\":\"https:\/\/www.suno.com.br\/noticias\/#\/schema\/logo\/image\/\",\"url\":\"https:\/\/files.sunoresearch.com.br\/n\/uploads\/2021\/09\/suno-logo.png\",\"contentUrl\":\"https:\/\/files.sunoresearch.com.br\/n\/uploads\/2021\/09\/suno-logo.png\",\"width\":180,\"height\":180,\"caption\":\"Suno Not\u00edcias\"},\"image\":{\"@id\":\"https:\/\/www.suno.com.br\/noticias\/#\/schema\/logo\/image\/\"},\"sameAs\":[\"https:\/\/facebook.com\/sunoresearch\",\"https:\/\/x.com\/sunoresearch\",\"https:\/\/www.instagram.com\/suno\",\"https:\/\/www.linkedin.com\/company\/suno-research\/\",\"https:\/\/www.youtube.com\/c\/sunoresearch\"]},{\"@type\":\"Person\",\"@id\":\"https:\/\/www.suno.com.br\/noticias\/#\/schema\/person\/4e19e3d2575736e5283d58eb3199d120\",\"name\":\"Giovanna Oliveira\",\"image\":{\"@type\":\"ImageObject\",\"inLanguage\":\"pt-BR\",\"@id\":\"https:\/\/www.suno.com.br\/noticias\/#\/schema\/person\/image\/\",\"url\":\"https:\/\/secure.gravatar.com\/avatar\/9a37b3ae208962ac568992d0ffdbc2eb?s=96&r=g\",\"contentUrl\":\"https:\/\/secure.gravatar.com\/avatar\/9a37b3ae208962ac568992d0ffdbc2eb?s=96&r=g\",\"caption\":\"Giovanna Oliveira\"},\"description\":\"Giovanna Oliveira escreve sobre economia e pol\u00edtica. Foi rep\u00f3rter do portal de jornalismo da ESPM-SP e produziu conte\u00fado para a Corinthians TV. \u00c9 estudante da ESPM.\",\"url\":\"https:\/\/www.suno.com.br\/noticias\/author\/giovanna\/\"}]}<\/script>\n<!-- \/ Yoast SEO plugin. -->","yoast_head_json":{"title":"Balan\u00e7a comercial registra super\u00e1vit de US$ 2,293 bi em julho","description":"A balan\u00e7a comercial brasileira apresentou super\u00e1vit de US$ 2,293 bilh\u00f5es em julho, com queda de 40,8% ante 2018. Clique para saber mais.","robots":{"index":"index","follow":"follow","max-snippet":"max-snippet:-1","max-image-preview":"max-image-preview:large","max-video-preview":"max-video-preview:-1"},"canonical":"https:\/\/www.suno.com.br\/noticias\/balanca-comercial-registra-superavit-de-us-2293-bi-em-julho\/","og_locale":"pt_BR","og_type":"article","og_title":"Balan\u00e7a comercial registra super\u00e1vit de US$ 2,293 bi em julho","og_description":"A balan\u00e7a comercial brasileira apresentou super\u00e1vit de US$ 2,293 bilh\u00f5es em julho, com queda de 40,8% ante 2018. Clique para saber mais.","og_url":"https:\/\/www.suno.com.br\/noticias\/balanca-comercial-registra-superavit-de-us-2293-bi-em-julho\/","og_site_name":"Suno Not\u00edcias","article_publisher":"https:\/\/facebook.com\/sunoresearch","og_image":[{"width":1024,"height":683,"url":"https:\/\/files.sunoresearch.com.br\/n\/uploads\/2019\/08\/2ee6064e-exporta\u00e7\u00f5es-1024x683.jpg","type":"image\/jpeg"}],"author":"Giovanna Oliveira","twitter_card":"summary_large_image","twitter_creator":"@sunoresearch","twitter_site":"@sunoresearch","twitter_misc":{"Escrito por":"Giovanna Oliveira","Est. tempo de leitura":"2 minutos"},"schema":{"@context":"https:\/\/schema.org","@graph":[{"@type":"NewsArticle","@id":"https:\/\/www.suno.com.br\/noticias\/balanca-comercial-registra-superavit-de-us-2293-bi-em-julho\/#article","isPartOf":{"@id":"https:\/\/www.suno.com.br\/noticias\/balanca-comercial-registra-superavit-de-us-2293-bi-em-julho\/"},"author":{"name":"Giovanna Oliveira","@id":"https:\/\/www.suno.com.br\/noticias\/#\/schema\/person\/4e19e3d2575736e5283d58eb3199d120"},"headline":"Balan\u00e7a comercial registra super\u00e1vit de US$ 2,293 bi em julho","datePublished":"2019-08-01T20:01:12+00:00","dateModified":"2021-02-18T02:03:58+00:00","mainEntityOfPage":{"@id":"https:\/\/www.suno.com.br\/noticias\/balanca-comercial-registra-superavit-de-us-2293-bi-em-julho\/"},"wordCount":456,"publisher":{"@id":"https:\/\/www.suno.com.br\/noticias\/#organization"},"image":{"@id":"https:\/\/www.suno.com.br\/noticias\/balanca-comercial-registra-superavit-de-us-2293-bi-em-julho\/#primaryimage"},"thumbnailUrl":"https:\/\/files.sunoresearch.com.br\/n\/uploads\/2019\/08\/2ee6064e-exporta\u00e7\u00f5es-scaled.webp","keywords":["balan\u00e7a comercial","importa\u00e7\u00f5es","Minist\u00e9rio da Economia"],"articleSection":["Economia"],"inLanguage":"pt-BR"},{"@type":"WebPage","@id":"https:\/\/www.suno.com.br\/noticias\/balanca-comercial-registra-superavit-de-us-2293-bi-em-julho\/","url":"https:\/\/www.suno.com.br\/noticias\/balanca-comercial-registra-superavit-de-us-2293-bi-em-julho\/","name":"Balan\u00e7a comercial registra super\u00e1vit de US$ 2,293 bi em julho","isPartOf":{"@id":"https:\/\/www.suno.com.br\/noticias\/#website"},"primaryImageOfPage":{"@id":"https:\/\/www.suno.com.br\/noticias\/balanca-comercial-registra-superavit-de-us-2293-bi-em-julho\/#primaryimage"},"image":{"@id":"https:\/\/www.suno.com.br\/noticias\/balanca-comercial-registra-superavit-de-us-2293-bi-em-julho\/#primaryimage"},"thumbnailUrl":"https:\/\/files.sunoresearch.com.br\/n\/uploads\/2019\/08\/2ee6064e-exporta\u00e7\u00f5es-scaled.webp","datePublished":"2019-08-01T20:01:12+00:00","dateModified":"2021-02-18T02:03:58+00:00","description":"A balan\u00e7a comercial brasileira apresentou super\u00e1vit de US$ 2,293 bilh\u00f5es em julho, com queda de 40,8% ante 2018. Clique para saber mais.","breadcrumb":{"@id":"https:\/\/www.suno.com.br\/noticias\/balanca-comercial-registra-superavit-de-us-2293-bi-em-julho\/#breadcrumb"},"inLanguage":"pt-BR","potentialAction":[{"@type":"ReadAction","target":["https:\/\/www.suno.com.br\/noticias\/balanca-comercial-registra-superavit-de-us-2293-bi-em-julho\/"]}]},{"@type":"ImageObject","inLanguage":"pt-BR","@id":"https:\/\/www.suno.com.br\/noticias\/balanca-comercial-registra-superavit-de-us-2293-bi-em-julho\/#primaryimage","url":"https:\/\/files.sunoresearch.com.br\/n\/uploads\/2019\/08\/2ee6064e-exporta\u00e7\u00f5es-scaled.webp","contentUrl":"https:\/\/files.sunoresearch.com.br\/n\/uploads\/2019\/08\/2ee6064e-exporta\u00e7\u00f5es-scaled.webp","width":2560,"height":1707,"caption":"PIB: bancos norte-americanos estimam contra\u00e7\u00e3o da economia brasileira"},{"@type":"BreadcrumbList","@id":"https:\/\/www.suno.com.br\/noticias\/balanca-comercial-registra-superavit-de-us-2293-bi-em-julho\/#breadcrumb","itemListElement":[{"@type":"ListItem","position":1,"name":"Not\u00edcias","item":"https:\/\/www.suno.com.br\/noticias\/"},{"@type":"ListItem","position":2,"name":"Economia","item":"https:\/\/www.suno.com.br\/noticias\/economia\/"},{"@type":"ListItem","position":3,"name":"Balan\u00e7a comercial registra super\u00e1vit de US$ 2,293 bi em julho"}]},{"@type":"WebSite","@id":"https:\/\/www.suno.com.br\/noticias\/#website","url":"https:\/\/www.suno.com.br\/noticias\/","name":"Suno Not\u00edcias","description":"Seu portal de informa\u00e7\u00e3o sobre o mundo dos investimentos","publisher":{"@id":"https:\/\/www.suno.com.br\/noticias\/#organization"},"potentialAction":[{"@type":"SearchAction","target":{"@type":"EntryPoint","urlTemplate":"https:\/\/www.suno.com.br\/noticias\/?s={search_term_string}"},"query-input":{"@type":"PropertyValueSpecification","valueRequired":true,"valueName":"search_term_string"}}],"inLanguage":"pt-BR"},{"@type":"Organization","@id":"https:\/\/www.suno.com.br\/noticias\/#organization","name":"Suno Not\u00edcias","url":"https:\/\/www.suno.com.br\/noticias\/","logo":{"@type":"ImageObject","inLanguage":"pt-BR","@id":"https:\/\/www.suno.com.br\/noticias\/#\/schema\/logo\/image\/","url":"https:\/\/files.sunoresearch.com.br\/n\/uploads\/2021\/09\/suno-logo.png","contentUrl":"https:\/\/files.sunoresearch.com.br\/n\/uploads\/2021\/09\/suno-logo.png","width":180,"height":180,"caption":"Suno Not\u00edcias"},"image":{"@id":"https:\/\/www.suno.com.br\/noticias\/#\/schema\/logo\/image\/"},"sameAs":["https:\/\/facebook.com\/sunoresearch","https:\/\/x.com\/sunoresearch","https:\/\/www.instagram.com\/suno","https:\/\/www.linkedin.com\/company\/suno-research\/","https:\/\/www.youtube.com\/c\/sunoresearch"]},{"@type":"Person","@id":"https:\/\/www.suno.com.br\/noticias\/#\/schema\/person\/4e19e3d2575736e5283d58eb3199d120","name":"Giovanna Oliveira","image":{"@type":"ImageObject","inLanguage":"pt-BR","@id":"https:\/\/www.suno.com.br\/noticias\/#\/schema\/person\/image\/","url":"https:\/\/secure.gravatar.com\/avatar\/9a37b3ae208962ac568992d0ffdbc2eb?s=96&r=g","contentUrl":"https:\/\/secure.gravatar.com\/avatar\/9a37b3ae208962ac568992d0ffdbc2eb?s=96&r=g","caption":"Giovanna Oliveira"},"description":"Giovanna Oliveira escreve sobre economia e pol\u00edtica. Foi rep\u00f3rter do portal de jornalismo da ESPM-SP e produziu conte\u00fado para a Corinthians TV. \u00c9 estudante da ESPM.","url":"https:\/\/www.suno.com.br\/noticias\/author\/giovanna\/"}]}},"default_loop_html":"<div class=\"cardsPage__listCard__boxs\"><div class=\"cardsPage__listCard__boxs__img\"><a href=\"https:\/\/www.suno.com.br\/noticias\/balanca-comercial-registra-superavit-de-us-2293-bi-em-julho\/\"><img class=\"mask\" src=\"https:\/\/www.suno.com.br\/noticias\/wp-content\/themes\/suno\/resources\/images\/spotlight\/spotlight1img\/bg-mask.png\" alt=\"Image Mask\"\/><img src=\"https:\/\/files.sunoresearch.com.br\/n\/uploads\/2019\/08\/2ee6064e-exporta\u00e7\u00f5es-400x200.webp\" alt=\"Balan\u00e7a comercial registra super\u00e1vit de US$ 2,293 bi em julho\"\/><\/a><span class=\"spotlightCategory\"><a href=\"https:\/\/www.suno.com.br\/noticias\/economia\/\">Economia<\/a><\/span><\/div><div class=\"cardsPage__listCard__boxs__content\"><a href=\"https:\/\/www.suno.com.br\/noticias\/balanca-comercial-registra-superavit-de-us-2293-bi-em-julho\/\"><h2 class=\"content__title\">Balan\u00e7a comercial registra super\u00e1vit de US$ 2,293 bi em julho<\/h2><\/a><div class=\"newsContent__article__meta\"><div class=\"newsContent__article__meta__authorBox\"><a href=\"https:\/\/www.suno.com.br\/noticias\/author\/giovanna\/\" class=\"authorBox__avatar noMobi\"><img src=\"https:\/\/files.sunoresearch.com.br\/n\/uploads\/2019\/06\/952a89ca-screenshot_20190608-171507-150x150.webp\" alt=\"Giovanna Oliveira\"><\/a><div class=\"authorBox__name\"><span>por\n\t\t\t<a href=\"https:\/\/www.suno.com.br\/noticias\/author\/giovanna\/\"><span itemprop=\"author\">Giovanna Oliveira<\/span><\/a><\/span><time datetime=\"2019-08-01T17:01:12-03:00\" itemprop=\"datePublished\">01\/08\/2019 17:01<\/time><\/div><\/div><\/div><\/div><\/div>","single_layout":"posts","amp_enabled":true,"_links":{"self":[{"href":"https:\/\/www.suno.com.br\/noticias\/wp-json\/wp\/v2\/posts\/32801"}],"collection":[{"href":"https:\/\/www.suno.com.br\/noticias\/wp-json\/wp\/v2\/posts"}],"about":[{"href":"https:\/\/www.suno.com.br\/noticias\/wp-json\/wp\/v2\/types\/post"}],"author":[{"embeddable":true,"href":"https:\/\/www.suno.com.br\/noticias\/wp-json\/wp\/v2\/users\/18"}],"replies":[{"embeddable":true,"href":"https:\/\/www.suno.com.br\/noticias\/wp-json\/wp\/v2\/comments?post=32801"}],"version-history":[{"count":0,"href":"https:\/\/www.suno.com.br\/noticias\/wp-json\/wp\/v2\/posts\/32801\/revisions"}],"wp:featuredmedia":[{"embeddable":true,"href":"https:\/\/www.suno.com.br\/noticias\/wp-json\/wp\/v2\/media\/32810"}],"wp:attachment":[{"href":"https:\/\/www.suno.com.br\/noticias\/wp-json\/wp\/v2\/media?parent=32801"}],"wp:term":[{"taxonomy":"category","embeddable":true,"href":"https:\/\/www.suno.com.br\/noticias\/wp-json\/wp\/v2\/categories?post=32801"},{"taxonomy":"post_tag","embeddable":true,"href":"https:\/\/www.suno.com.br\/noticias\/wp-json\/wp\/v2\/tags?post=32801"},{"taxonomy":"suno_strategy","embeddable":true,"href":"https:\/\/www.suno.com.br\/noticias\/wp-json\/wp\/v2\/suno_strategy?post=32801"}],"curies":[{"name":"wp","href":"https:\/\/api.w.org\/{rel}","templated":true}]}}