{"id":327820,"date":"2022-12-01T22:49:10","date_gmt":"2022-12-02T01:49:10","guid":{"rendered":"https:\/\/www.suno.com.br\/noticias\/?p=327820"},"modified":"2022-12-01T22:49:24","modified_gmt":"2022-12-02T01:49:24","slug":"radar-vale-vale3-brf-brfs3-fleury-flry3","status":"publish","type":"post","link":"https:\/\/www.suno.com.br\/noticias\/radar-vale-vale3-brf-brfs3-fleury-flry3\/","title":{"rendered":"Radar: Vale (VALE3) aprova JCP bilion\u00e1rio, a\u00e7\u00f5es da BRF (BRFS3) recuam 9% e Fleury (FLRY3) fecha contratos de energia renov\u00e1vel"},"content":{"rendered":"<p>O&nbsp;<a href=\"https:\/\/www.suno.com.br\/artigos\/conselho-administracao\/\" target=\"_blank\" rel=\"noreferrer noopener\">conselho de administra\u00e7\u00e3o<\/a>&nbsp;da <strong><a href=\"https:\/\/www.suno.com.br\/acoes\/vale3\/\" target=\"_blank\" rel=\"noreferrer noopener\">Vale (VALE3)<\/a><\/strong> aprovou o pagamento de&nbsp;<a href=\"https:\/\/www.suno.com.br\/artigos\/entenda-o-jcp\/\" target=\"_blank\" rel=\"noreferrer noopener\">juros sobre o capital pr\u00f3prio<\/a>&nbsp;(JCP) no valor de R$ 1.319.000.000,00, conforme documento divulgado ao mercado nesta quinta-feira (01). O valor bruto por a\u00e7\u00e3o corresponde a R$ 0,2908.<\/p>\t<div class=\"wrapper-featured-image\">\n\t\t<figure class=\"spotlightImg\">\n\n\t\t\t<picture>\n\t\t\t\t<source media=\"(max-width: 768px)\" srcset=\"https:\/\/files.sunoresearch.com.br\/n\/uploads\/2022\/03\/2294-1-400x200.jpg\">\n\t\t\t\t<img loading=\"lazy\" decoding=\"async\" class=\"newsContent__article__imgCapa lazyloadDisabled \" src=\"https:\/\/files.sunoresearch.com.br\/n\/uploads\/2022\/03\/2294-1-800x450.jpg\" width=\"800\" height=\"450\" alt=\"Radar: Vale (VALE3) aprova JCP bilion\u00e1rio, a\u00e7\u00f5es da BRF (BRFS3) recuam 9% e Fleury (FLRY3) fecha contratos de energia renov\u00e1vel\" fetchpriority=high \/>\n\t\t\t<\/picture>\n\n\t\t\t<figcaption class=\"wp-caption-text wp-caption-text--show\">Opera\u00e7\u00f5es subterr\u00e2neas na mina de n\u00edquel da Vale (VALE3) em Sudbury. Cr\u00e9ditos: Ag\u00eancia Vale<\/figcaption>\n\t\t<\/figure>\n\t<\/div>\n\n\n\n\n\n\t<p>\n\t\t<a href=\"\" target=\"_blank\" data-element=\"shortcode-suno-banner\" title=\"Banner SUNO, clique e saiba mais\">\n\t\t\t<picture>\n\t\t\t\t<source media=\"(max-width: 500px)\" srcset=\"\">\n\t\t\t\t<img class=\"newsContent__article__imgCapa newsContent__article__imgCapa--banner\"\n\t\t\t\t\tsrc=\"\"\n\t\t\t\t\tdata-promo-id=\"138420\"\t\t\t\t\t\t\t\t\t\t\t\t\t\t\talt=\"\"\n\t\t\t\t>\n\t\t\t<\/picture>\n\t\t<\/a>\n\t<\/p>\n\n\n\n\n\n<p>Segundo&nbsp;<a href=\"https:\/\/www.suno.com.br\/artigos\/fato-relevante\/\" target=\"_blank\" rel=\"noreferrer noopener\">fato relevante<\/a>, a soma foi apurada com base no <strong>balan\u00e7o da Vale<\/strong> apurado em 30 de setembro e refere-se \u00e0 antecipa\u00e7\u00e3o da destina\u00e7\u00e3o de resultado do presente exerc\u00edcio. <\/p>\n\n\n\n<p>Al\u00e9m disso, o  <strong>valor do JCP da Vale<\/strong> ser\u00e1 abatido do montante a ser deliberado referente ao segundo semestre deste ano, conforme Pol\u00edtica de Remunera\u00e7\u00e3o aos Acionistas. O documento afirma que o comit\u00ea executivo ainda dever\u00e1 deliberar sobre a forma e a data de pagamento.<\/p>\n\n\n\n<h2 class=\"wp-block-heading\" id=\"h-valorizacao-recente-das-acoes-da-vale\">Valoriza\u00e7\u00e3o recente das a\u00e7\u00f5es da Vale<\/h2>\n\n\n\n<p>Atualmente, as<strong>&nbsp;a\u00e7\u00f5es da Vale<\/strong>&nbsp;est\u00e3o em n\u00edvel abaixo da m\u00e1xima deste ano, de R$ 105, registrado no in\u00edcio de mar\u00e7o. Apesar disso, os ativos v\u00eam apresentando uma tend\u00eancia de alta ao longo do m\u00eas de novembro, e est\u00e3o sendo cotados em cerca de R$ 80.<\/p>\n\n\n\n<p>A valoriza\u00e7\u00e3o da&nbsp;<strong>a\u00e7\u00e3o da Vale&nbsp;<\/strong>acontece em meio \u00e0s perspectivas de que as a\u00e7\u00f5es&nbsp;<strong>pol\u00edticas da China<\/strong>&nbsp;elevariam a demanda por a\u00e7o.<\/p>\n\n\n\n<p>Segundo divulgado por <strong>analistas do Goldman Sachs<\/strong>, a tend\u00eancia observada recentemente foi desencadeada por um ritmo mais claro de abertura anunciado pela na\u00e7\u00e3o asi\u00e1tica \u2014 e, posteriormente, alimentado pelas 16 medidas anunciadas pela China para estabilizar o segmento imobili\u00e1rio.<\/p>\n\n\n\n<p>Contudo, depois de conversar com investidores do setor, o banco americano concluiu que o rali recente do min\u00e9rio de ferro foi, especialmente, puxado pela cobertura de posi\u00e7\u00f5es vendidas e investidores ajustando suas posi\u00e7\u00f5es recentes bastante baixas em commodities e materiais.<\/p>\n\n\n\n<p>Os estrategistas do Goldman Sachs interpretam que o movimento recente parece exagerado. Em meio a isso, a institui\u00e7\u00e3o alega que os investidores t\u00eam buscado avaliar se continuar\u00e3o no rali, de modo a agregar \u201c<a href=\"https:\/\/www.suno.com.br\/artigos\/smart-money\/\" target=\"_blank\" rel=\"noreferrer noopener\">smart money<\/a>\u201c, ou acessar os lucros.<\/p>\n\n\n\n<h2 class=\"wp-block-heading\">Cota\u00e7\u00e3o da Vale nesta quinta-feira <\/h2>\n\n\n\n<p>Nesta quinta-feira (01), as <strong>a\u00e7\u00f5es da Vale<\/strong> fecharam em alta de 0,55%, com pap\u00e9is cotados a R$ 86,18.<\/p>\n\n\n\n<p><em>Al\u00e9m da&nbsp;<\/em><strong><em>Vale<\/em><\/strong><em>, confira outros destaques desta quinta-feira:<\/em><a href=\"https:\/\/lp.suno.com.br\/pv\/black-friday-suno-3\/\" target=\"_blank\" rel=\"noreferrer noopener\"><\/a><\/p>\n\n\n\n<h2 class=\"wp-block-heading\">Carrefour (CRFB3) vai pagar JCP no total de R$ 153 milh\u00f5es; veja valor por a\u00e7\u00e3o<\/h2>\n\n\n\n<ul class=\"wp-block-list\"><li>O <a class=\"suno-keyword\" data-force=\"yes\" data-priority=\"2\" href=\"https:\/\/www.suno.com.br\/acoes\/CRFB3\/\" target=\"_blank\" rel=\"noopener\"><strong>Carrefour<\/strong> (CRFB3)<\/a> anunciou o pagamento de R$ 153 milh\u00f5es em <a class=\"suno-keyword\" data-force=\"no\" data-priority=\"1\" href=\"https:\/\/www.suno.com.br\/artigos\/entenda-o-jcp\/\" target=\"_blank\" rel=\"noopener\">Juros Sobre Capital Pr\u00f3prio<\/a> (JCP) aos seus acionistas, segundo <a class=\"suno-keyword\" data-force=\"no\" data-priority=\"1\" href=\"https:\/\/www.suno.com.br\/artigos\/fato-relevante\/\" target=\"_blank\" rel=\"noopener\">fato relevante<\/a> divulgado nesta quinta-feira (1).<\/li><li>O<strong> valor dos proventos<\/strong> por a\u00e7\u00e3o ser\u00e1 de R$ 0,072, que ser\u00e3o pagos em 19 de dezembro.<\/li><li>Apenas os investidores com <strong>a\u00e7\u00f5es do Carrefour<\/strong> no dia 6 de dezembro poder\u00e3o receber os rendimentos. A partir do dia 7 de dezembro, as a\u00e7\u00f5es ser\u00e3o negociadas sem direito aos <a class=\"suno-keyword\" data-force=\"no\" data-priority=\"1\" href=\"https:\/\/www.suno.com.br\/guias\/dividendos\/\" target=\"_blank\" rel=\"noopener\">dividendos<\/a>.<\/li><li>Segundo documento arquivado na Comiss\u00e3o de Valores Mobili\u00e1rios (CVM), esses <strong>proventos do Carrefour <\/strong>fazem parte dos dividendos obrigat\u00f3rios do exerc\u00edcio de 2022.<\/li><li>O valor dos <strong>JCP do Carrefour<\/strong> ter\u00e1 reten\u00e7\u00e3o do imposto de renda na fonte, com al\u00edquota de 15%, e pode ser modificado em raz\u00e3o das varia\u00e7\u00f5es na quantidade de a\u00e7\u00f5es decorrentes de emiss\u00f5es de a\u00e7\u00f5es ou negocia\u00e7\u00f5es com as pr\u00f3prias a\u00e7\u00f5es da companhia.<\/li><li><strong>JCP do Carrefour<\/strong><\/li><li>Valor total: R$ 153.000.000,00<\/li><li>Valor por a\u00e7\u00e3o: R$ 0,072730893<\/li><li>Data de corte: 6 de dezembro de 2022<\/li><li>Data do pagamento: 19 de dezembro de 2022<\/li><li>Rendimento (dividend yield): 1,81%<\/li><li><strong>Resultado do 3T22<\/strong><\/li><li>No terceiro trimestre, o Carrefour Brasil reportou um <a class=\"suno-keyword\" data-force=\"no\" data-priority=\"1\" href=\"https:\/\/www.suno.com.br\/artigos\/lucro-liquido\/\" target=\"_blank\" rel=\"noopener\">lucro l\u00edquido<\/a> ajustado de R$ 256 milh\u00f5es. O valor representa uma queda de 58,8% em compara\u00e7\u00e3o ao mesmo intervalo do ano passado.<\/li><li>O <a class=\"suno-keyword\" data-force=\"no\" data-priority=\"1\" href=\"https:\/\/www.suno.com.br\/artigos\/ebitda-ajustado\/\" target=\"_blank\" rel=\"noopener\">Ebitda ajustado<\/a> (lucro antes de juros, impostos, <a class=\"suno-keyword\" data-force=\"no\" data-priority=\"1\" href=\"https:\/\/www.suno.com.br\/artigos\/depreciacao-amortizacao\/\" target=\"_blank\" rel=\"noopener\">deprecia\u00e7\u00e3o e amortiza\u00e7\u00e3o<\/a>) consolidado foi impulsionado pelo crescimento robusto das bandeiras de atacarejo e pela melhoria da rentabilidade do Varejo.<\/li><li>Entre julho e setembro, o Ebitda do Carrefour ajustado chegou a R$ 1,69 bilh\u00e3o. Isso equivale a um aumento de 14,0% na compara\u00e7\u00e3o anual.<\/li><li>Se a opera\u00e7\u00e3o do Grupo Big n\u00e3o fosse considerada, o <a class=\"suno-keyword\" data-force=\"no\" data-priority=\"1\" href=\"https:\/\/www.suno.com.br\/artigos\/ebitda-ajustado\/\" target=\"_blank\" rel=\"noopener\">Ebitda ajustado<\/a> do Carrefour seria de R$ 1,6 bilh\u00e3o, o que representaria uma eleva\u00e7\u00e3o de 8,2% em rela\u00e7\u00e3o ao mesmo trimestre do ano anterior.<\/li><li>As vendas brutas do Carrefour totalizaram R$ 29,3 bilh\u00f5es no trimestre, equivalentes a um avan\u00e7o anual de 41,4%.<\/li><li>As venda l\u00edquidas, por sua vez, somaram R$ 26,3 bilh\u00f5es, o que representa uma alta de 40,2% em rela\u00e7\u00e3o ao terceiro trimestre de 2021.<\/li><li><strong>Cota\u00e7\u00e3o<\/strong><\/li><li>No preg\u00e3o de hoje, a cota\u00e7\u00e3o das a\u00e7\u00f5es do <strong>Carrefour<\/strong> caiu 5,4%, cotada a R$ 15,10. No ano, o papel acumula alta de 5,4%.<\/li><\/ul>\n\n\n\n<h2 class=\"wp-block-heading\">Fleury (FLRY3) fecha contratos de energia renov\u00e1vel<\/h2>\n\n\n\n<ul class=\"wp-block-list\"><li>O Grupo <a class=\"suno-keyword\" data-force=\"yes\" data-priority=\"2\" href=\"https:\/\/www.suno.com.br\/acoes\/FLRY3\/\" target=\"_blank\" rel=\"noopener\"><strong>Fleury<\/strong> (FLRY3)<\/a> fechou contratos de fornecimento de energia fotovoltaica para as suas unidades de S\u00e3o Paulo e do Rio de Janeiro, segundo informa\u00e7\u00f5es do Valor Econ\u00f4mico.<\/li><li>O acordo de fornecimento de<strong> energia renov\u00e1vel<\/strong> da Fleury foi firmado com a Voltx Energia e prev\u00ea dez anos de parceria com 14% de desconto lastreado.<\/li><li>As duas plantas no estado de SP, uma em Pirapora e a outra em Vargem Grande Paulista, ficaram prontas recentemente.<\/li><li>No Rio de Janeiro, h\u00e1 uma fazenda solar. Um acordo com outras duas plantas deve ser assinado nos pr\u00f3ximos dias, diz o Valor.<\/li><li>As usinas em SP entraram em opera\u00e7\u00e3o ap\u00f3s tr\u00e2mites de licen\u00e7a ambiental, parecer de acesso em \u00e1reas de concess\u00e3o e implanta\u00e7\u00e3o de placas fotovoltaicas da China, conta o o diretor de Expans\u00e3o e Facilities da Fleury, Cl\u00f3vis Porto ao jornal. <\/li><li>Em 2023, o <strong>Grupo Fleury<\/strong> prev\u00ea que cerca de 21% do consumo el\u00e9trico da empresa em SP vai ser suprida por fontes renov\u00e1veis. Em SP, a Fleury tem 52 unidades.<\/li><li>Enquanto as plantas do RJ n\u00e3o ficam prontas, a Fleury tem uma parceria de <a class=\"suno-keyword\" data-force=\"no\" data-priority=\"1\" href=\"https:\/\/www.suno.com.br\/artigos\/curto-prazo\/\" target=\"_blank\" rel=\"noopener\">curto prazo<\/a> de energia gerada com biog\u00e1s em um contrato de gera\u00e7\u00e3o distribu\u00edda (GD) compartilhada.<\/li><li>Al\u00e9m disso, Porto afirmou que as usinas foram 100% financiadas pela Voltxs por meio de um fundo imobili\u00e1rio. \u201cO Fleury n\u00e3o investiu nenhum centavo. O investimento foi feito pelo parceiro e o grupo s\u00f3 pagar\u00e1 pela compra da energia\u201d, explicou.<\/li><li>No Rio de Janeiro, h\u00e1 uma usina em constru\u00e7\u00e3o na \u00e1rea de concess\u00e3o da Light que deve entrar em opera\u00e7\u00e3o no segundo trimestre de 2023 e que abastecer\u00e1 45 unidades da empresa.<\/li><li>A expectativa do Fleury \u00e9 de que as cinco plantas de SP e RJ gerem 11,9 gigawatt-hora &#8211; 5,2 GWh ser\u00e3o gerados em S\u00e3o Paulo, com 5,4 mil pain\u00e9is solares, e 6,7 GWh no Rio, com 7 mil pain\u00e9is. <\/li><li>A <strong>Fleury<\/strong> deve reduzir 24% dos custos em R$ 2,8 milh\u00f5es por ano, ressalta o jornal.<\/li><\/ul>\n\n\n\t<p>\n\t\t<a href=\"https:\/\/lp.suno.com.br\/planilha-controle-gastos\/\" target=\"_blank\" data-element=\"shortcode-suno-banner\" title=\"Banner SUNO, clique e saiba mais\">\n\t\t\t<picture>\n\t\t\t\t<source media=\"(max-width: 500px)\" srcset=\"https:\/\/files.sunoresearch.com.br\/n\/uploads\/2023\/03\/400x300-Planilha-controle-de-gastos.png\">\n\t\t\t\t<img class=\"newsContent__article__imgCapa newsContent__article__imgCapa--banner\"\n\t\t\t\t\tsrc=\"https:\/\/files.sunoresearch.com.br\/n\/uploads\/2023\/03\/1420x240-Planilha-controle-de-gastos.png\"\n\t\t\t\t\tdata-promo-id=\"101751\"\t\t\t\t\t\t\t\t\t\twidth='1420' height='240'\t\t\t\t\talt=\"https:\/\/files.sunoresearch.com.br\/n\/uploads\/2023\/03\/1420x240-Planilha-controle-de-gastos.png\"\n\t\t\t\t>\n\t\t\t<\/picture>\n\t\t<\/a>\n\t<\/p>\n\n\n\n\n\n<h2 class=\"wp-block-heading\">Dividendos: veja as a\u00e7\u00f5es preferidas do BTG (BPAC11) para dezembro<\/h2>\n\n\n\n<ul class=\"wp-block-list\"><li>Nesta quinta-feira (1\u00ba) o <a class=\"suno-keyword\" data-force=\"yes\" data-priority=\"2\" href=\"https:\/\/www.suno.com.br\/acoes\/BPAC11\/\" target=\"_blank\" rel=\"noopener\">BTG Pactual (BPAC11)<\/a> divulgou a <strong>carteira recomendada de <a class=\"suno-keyword\" data-force=\"no\" data-priority=\"1\" href=\"https:\/\/www.suno.com.br\/guias\/dividendos\/\" target=\"_blank\" rel=\"noopener\">dividendos<\/a> <\/strong>para dezembro. O banco promoveu tr\u00eas mudan\u00e7as na lista mensal. As \u201cpreocupa\u00e7\u00f5es fiscais e baixa visibilidade\u201d tornaram os analistas \u201cmais cautelosos\u201d.<\/li><li>Na <strong>carteira recomendada de <a class=\"suno-keyword\" data-force=\"no\" data-priority=\"1\" href=\"https:\/\/www.suno.com.br\/guias\/dividendos\/\" target=\"_blank\" rel=\"noopener\">dividendos<\/a> para dezembro<\/strong>, o BTG Pactual incluiu as a\u00e7\u00f5es da <a class=\"suno-keyword\" data-force=\"yes\" data-priority=\"2\" href=\"https:\/\/www.suno.com.br\/acoes\/EGIE3\/\" target=\"_blank\" rel=\"noopener\">Engie (EGIE3)<\/a>, <a class=\"suno-keyword\" data-force=\"yes\" data-priority=\"2\" href=\"https:\/\/www.suno.com.br\/acoes\/PRIO3\/\" target=\"_blank\" rel=\"noopener\">PetroRio (PRIO3)<\/a> e <a class=\"suno-keyword\" data-force=\"yes\" data-priority=\"2\" href=\"https:\/\/www.suno.com.br\/acoes\/BBSE3\/\" target=\"_blank\" rel=\"noopener\">BB Seguridade (BBSE3)<\/a> no lugar de <a class=\"suno-keyword\" data-force=\"yes\" data-priority=\"2\" href=\"https:\/\/www.suno.com.br\/acoes\/BBDC4\/\" target=\"_blank\" rel=\"noopener\">Bradesco (BBDC4)<\/a>, <a class=\"suno-keyword\" data-force=\"yes\" data-priority=\"2\" href=\"https:\/\/www.suno.com.br\/acoes\/B3SA3\/\" target=\"_blank\" rel=\"noopener\">B3 (B3SA3)<\/a> e <a class=\"suno-keyword\" data-force=\"yes\" data-priority=\"2\" href=\"https:\/\/www.suno.com.br\/acoes\/BEEF3\/\" target=\"_blank\" rel=\"noopener\">Minerva (BEEF3)<\/a>.<\/li><li>Em relat\u00f3rio sobre a <a class=\"suno-keyword\" data-force=\"no\" data-priority=\"1\" href=\"https:\/\/www.suno.com.br\/artigos\/carteira-recomendada\/\" target=\"_blank\" rel=\"noopener\">carteira recomendada<\/a> de dividendos para dezembro, os analistas afirmam que ficaram mais cautelosos com as a\u00e7\u00f5es brasileiras diante da \u201cproposta agressiva de expans\u00e3o fiscal do novo governo e as incertezas em torno do novo ministro da Fazenda, que assustaram os mercados (o Ibovespa caiu 3,1% em reais e 4,6% em d\u00f3lares em novembro)\u201d.<\/li><li>Os analistas comentam que essa redu\u00e7\u00e3o fez com que o principal \u00edndice da <strong>bolsa de valores<\/strong> brasileira voltasse a n\u00edveis de valuation pr\u00f3ximos das m\u00ednimas hist\u00f3ricas.<\/li><li>\u201cO Ibovespa est\u00e1 sendo negociado a 9,1x P\/L de 12 meses projetados. O P\/L est\u00e1 negociando a quase dois desvios padr\u00e3o abaixo de sua m\u00e9dia hist\u00f3rica. Incluindo Petrobras (PETR4) e Vale (VALE3), o Ibovespa est\u00e1 sendo negociado em n\u00edveis de P\/L vistos pela \u00faltima vez em 2005 (7,2x)\u201d, complementam os analistas em relat\u00f3rio da carteira recomendada de dividendos.<\/li><li>Sobre as empresas que integraram a<strong> carteira indicada de dividendos<\/strong>, o BTG justifica que a Engie conta com \u201cum s\u00f3lido hist\u00f3rico de boa aloca\u00e7\u00e3o de capital, juntamente com uma das melhores equipes de gest\u00e3o do setor de Servi\u00e7os B\u00e1sicos\u201d.<\/li><li>Com rela\u00e7\u00e3o \u00e0 PetroRio, os analistas afirmam que \u201cmuitas conquistas operacionais foram alcan\u00e7adas e as perspectivas para Frade e Albacora Leste (ABL) melhoraram\u201d.<\/li><li>J\u00e1 no caso da BB Seguridade, tamb\u00e9m inserida na <strong>carteira recomendada de dividendos<\/strong>, o banco observa \u201cuma perspectiva de resultados muito construtiva para 2023\u201d.<\/li><li><strong>Carteira recomendada de dividendos para dezembro<\/strong><\/li><li>Estas s\u00e3o as <strong>a\u00e7\u00f5es <\/strong>que integram a carteira recomendada de dividendos para dezembro, segundo definido pelo BTG Pactual:<\/li><li>BB Seguridade (BBSE3): setor Financeiro ex-Bancos<\/li><li>Alupar (ALUP11): setor de Servi\u00e7os B\u00e1sicos<\/li><li>Eletrobras (ELET3): setor de Servi\u00e7os B\u00e1sicos- <\/li><li>Vale (VALE3): setor de Metais &amp; Minera\u00e7\u00e3o<\/li><li>Energisa (ENGI11): setor de Servi\u00e7os B\u00e1sicos<\/li><li>Ita\u00fa Unibanco (ITUB4): setor de Bancos<\/li><li>Cury (CURY3): setor de Constru\u00e7\u00e3o Civil<\/li><li>Engie (EGIE3): setor de Servi\u00e7os B\u00e1sicos<\/li><li>PetroRio (PRIO3): setor de Petr\u00f3leo &amp; G\u00e1s 5,9%<\/li><li>Vibra Energia (VBBR3): setor de Petr\u00f3leo &amp; G\u00e1s<\/li><li>De acordo com o BTG Pactual, para desenvolver a <a class=\"suno-keyword\" data-force=\"no\" data-priority=\"1\" href=\"https:\/\/www.suno.com.br\/artigos\/carteira-recomendada\/\" target=\"_blank\" rel=\"noopener\">carteira recomendada<\/a> de <strong>dividendos<\/strong>, foi realizada uma an\u00e1lise focada em ativos de alta qualidade, com resili\u00eancia de entrega de resultado e <a class=\"suno-keyword\" data-force=\"no\" data-priority=\"1\" href=\"https:\/\/www.suno.com.br\/artigos\/geracao-de-caixa\/\" target=\"_blank\" rel=\"noopener\">gera\u00e7\u00e3o de caixa<\/a>.<\/li><\/ul>\n\n\n\t<p>\n\t\t<a href=\"https:\/\/lp.suno.com.br\/planilha-da-vida-financeira\/\" target=\"_blank\" data-element=\"shortcode-suno-banner\" title=\"Banner SUNO, clique e saiba mais\">\n\t\t\t<picture>\n\t\t\t\t<source media=\"(max-width: 500px)\" srcset=\"https:\/\/files.sunoresearch.com.br\/n\/uploads\/2023\/04\/400x300-Planilha-vida-financeira-true.png\">\n\t\t\t\t<img class=\"newsContent__article__imgCapa newsContent__article__imgCapa--banner\"\n\t\t\t\t\tsrc=\"https:\/\/files.sunoresearch.com.br\/n\/uploads\/2023\/04\/1420x240-Planilha-vida-financeira-true.png\"\n\t\t\t\t\tdata-promo-id=\"106682\"\t\t\t\t\t\t\t\t\t\twidth='1420' height='240'\t\t\t\t\talt=\"https:\/\/files.sunoresearch.com.br\/n\/uploads\/2023\/04\/1420x240-Planilha-vida-financeira-true.png\"\n\t\t\t\t>\n\t\t\t<\/picture>\n\t\t<\/a>\n\t<\/p>\n\n\n\n\n\n<h2 class=\"wp-block-heading\">BRF (BRFS3): a\u00e7\u00f5es recuam 9% com not\u00edcia sobre d\u00edvida; entenda<\/h2>\n\n\n\n<ul class=\"wp-block-list\"><li>As a\u00e7\u00f5es da <a class=\"suno-keyword\" data-force=\"yes\" data-priority=\"2\" href=\"https:\/\/www.suno.com.br\/acoes\/BRFS3\/\" target=\"_blank\" rel=\"noopener\">BRF (BRFS3)<\/a> ca\u00edram 9% nesta quinta-feira (1), cotadas a R$ 8,57. A queda veio um dia ap\u00f3s a Veja publicar reportagem em que apontava que a empresa tem uma d\u00edvida multimilion\u00e1ria com a Ipiranga, que ultrapassaria R$ 800 milh\u00f5es.<\/li><li>Na d\u00e9cada de 1990, a Perdig\u00e3o, controlada pela BRF, e a <strong>Texaco<\/strong>, cuja unidade no Brasil foi vendida em 2008 para o <strong>Grupo Ultra<\/strong> (UGPA3), do qual a <strong>Ipiranga<\/strong> faz parte, formaram uma joint venture para um projeto industrial na Amaz\u00f4nia. <\/li><li>A Veja afirma que a BRF decidiu vender o controle a terceiros sem consultar a Texaco.<\/li><li>A decis\u00e3o foi \u00e0 Justi\u00e7a em 2012, mas algumas fontes do mercado afirmam que a BRF protela o cumprimento da senten\u00e7a e da d\u00edvida, cuja exist\u00eancia n\u00e3o \u00e9 mencionada nos relat\u00f3rios da empresa de frigor\u00edficos. <\/li><li>Segundo a Veja, o valor atualizado dessa d\u00edvida est\u00e1 acima de R$ 800 milh\u00f5es.<\/li><li>Esta falta de informa\u00e7\u00e3o nos balan\u00e7os assustou o mercado, disse Apolo Duarte, s\u00f3cio e head da mesa de <a class=\"suno-keyword\" data-force=\"no\" data-priority=\"2\" href=\"https:\/\/www.suno.com.br\/artigos\/renda-variavel-7-dicas\/\" target=\"_blank\" rel=\"noopener\">renda vari\u00e1vel<\/a> da AVG Capital: &#8220;Isso est\u00e1 pesando forte nas a\u00e7\u00f5es da BRF hoje, o mercado ficou preocupado com a not\u00edcia.&#8221;<\/li><li><strong>BRF responde  <\/strong><\/li><li>Ap\u00f3s o repercuss\u00e3o, a BRF emitiu uma nota de esclarecimento:<\/li><li><em>&#8220;A companhia esclarece que o processo de liquida\u00e7\u00e3o de senten\u00e7a est\u00e1 ainda em curso, seguindo os tr\u00e2mites judiciais apropriados e que n\u00e3o h\u00e1 ainda qualquer fixa\u00e7\u00e3o de valores. N\u00e3o obstante, atendendo \u00e0s regras cont\u00e1beis, a companhia mant\u00e9m em suas demonstra\u00e7\u00f5es financeiras provis\u00e3o devidamente constitu\u00edda e cujo destino depender\u00e1 do deslinde do processo judicial.&#8221;<\/em><\/li><li>Rodrigo Cohen, analista CNPI e co-fundador da Escola de Investimentos, comenta: &#8220;A empresa desmentiu, mas n\u00e3o explicou por completo. O mercado continua batendo. N\u00e3o acho que vale a pena no momento comprar <strong>BRF<\/strong>&#8220;, ressaltou <\/li><li>A <strong>BRF <\/strong>afirmou que ir\u00e1 manter os acionistas e o mercado em geral devidamente informados sobre qualquer novo fato relacionado ao tema do comunicado. <\/li><li>A<strong> <a class=\"suno-keyword\" data-force=\"yes\" data-priority=\"2\" href=\"https:\/\/www.suno.com.br\/acoes\/MRFG3\/\" target=\"_blank\" rel=\"noopener\">Marfrig<\/a><\/strong><a class=\"suno-keyword\" data-force=\"yes\" data-priority=\"2\" href=\"https:\/\/www.suno.com.br\/acoes\/MRFG3\/\" target=\"_blank\" rel=\"noopener\"> (MRFG3)<\/a>, que possui 33,25% da companhia, acompanhou a queda das <strong>a\u00e7\u00f5es da BRF<\/strong> e fechou em baixa de 7%, cotada a R$ 8,14. <\/li><\/ul>\n\n\n\n<h2 class=\"wp-block-heading\">Klabin (KLBN11): XP v\u00ea &#8220;valuation atrativo&#8221; com modelo de neg\u00f3cios e investimentos bilion\u00e1rios<\/h2>\n\n\n\n<ul class=\"wp-block-list\"><li>A <strong>XP<\/strong> <strong>Investimentos<\/strong> reiterou sua recomenda\u00e7\u00e3o de compra para as a\u00e7\u00f5es da <strong>Klabin (KLBN11)<\/strong>, mantendo o pre\u00e7o-alvo a R$ 31,20. Segundo o relat\u00f3rio divulgado ontem (30), as perspectivas de futuro apresentada pela companhia, assim como seu modelo de neg\u00f3cios, animaram os analistas ap\u00f3s o <strong>Klabin Day 2022<\/strong>.<\/li><li>&#8220;A Klabin est\u00e1 focada em aumentar a exposi\u00e7\u00e3o a <strong>produtos menos comoditizados<\/strong>, e vislumbra oportunidades no mercado de celulose fluff aumentando o mix de produtos \u2014 o que a nosso ver \u00e9 positivo&#8221;, afirmam Andr\u00e9 Vidal e Helena Kelm, que assinam o documento.<\/li><li>Durante o evento, o companhia atualizou seu guidance para o Capex [<em>Capital Expenditure<\/em> ou Investimentos em Bens de Capitais]. Segundo foi revelado, em 2023 est\u00e3o previstos investimentos de R$ 5,4 bilh\u00f5es, sendo destinados R$ 2,2 bilh\u00f5es para manuten\u00e7\u00e3o (divididos em R$ 1,4 bilh\u00e3o para continuidade operacional e R$ 0,8 bilh\u00e3o para silvicultura) e R$ 1,1 bilh\u00e3o em projetos especiais.<\/li><li>Comparando o guidance do Klabin Day 2021 com a edi\u00e7\u00e3o deste ano, houve um aumento de 34% em rela\u00e7\u00e3o ao Capex de manuten\u00e7\u00e3o, visto que na ocasi\u00e3o o montante destinado era de R$ 1,53 bilh\u00e3o. Por\u00e9m, os analistas da XP destacam que o mercado tem a <strong>caldeira de Monte Alegre<\/strong> na mira desses investimentos.<\/li><li>&#8220;A incerteza sobre quanto ser\u00e1 necess\u00e1rio para Monte Alegre aumenta as preocupa\u00e7\u00f5es de alguns investidores de que mais drenos de caixa possam ocorrer \u00e0 frente&#8221;, pontuam.<\/li><li><strong>XP v\u00ea um <em>valuation<\/em> atrativo na Klabin<\/strong><\/li><li>Segundo os analistas, a Klabin vem sofrendo um processo de <em>de-rating<\/em> [opera\u00e7\u00e3o abaixo da capacidade nominal] ao longo dos anos principalmente por conta do crescimento passado em produtos comoditizados (Puma 1 para celulose e PM 27 em Puma 2 em kraftliner). <\/li><li>No entanto, eles apontam para a mudan\u00e7a para produtos de maior valor agregado nos \u00faltimos tempos. Sobretudo por causa de um &#8220;enfraquecimento do \u00edmpeto de ganhos&#8221; \u2014 devido \u00e0 queda nos pre\u00e7os da celulose e \u00e0 infla\u00e7\u00e3o da madeira, juntamente preocupa\u00e7\u00f5es com a infla\u00e7\u00e3o. <\/li><li>&#8220;No entanto, ainda gostamos da resili\u00eancia e flexibilidade do modelo de neg\u00f3cios da Klabin a vemos um valuation atrativo, negociando a 6,5x EV\/EBITDA 2023. Portanto, mantemos nossa recomenda\u00e7\u00e3o de compra com pre\u00e7o-alvo de R $31,2\/a\u00e7\u00e3o&#8221;, pontuam.<\/li><li><strong>MP28 da Puma II dever\u00e1 atingir 100% de mix de produ\u00e7\u00e3o de papel\u00e3o at\u00e9 2025<\/strong><\/li><li>A Klabin anunciou que entrada em opera\u00e7\u00e3o da sua nova m\u00e1quina de papel\u00e3o, a MP28 est\u00e1 prevista para o segundo trimestre de 2023. Ela ainda n\u00e3o estar\u00e1 operando integralmente, mas j\u00e1 dever\u00e1 atingir 70% da produ\u00e7\u00e3o. <\/li><li>&#8220;O cen\u00e1rio inicial apontava para atingir 100% da produ\u00e7\u00e3o total da m\u00e1quina em 2027, mas a empresa reduziu seu cen\u00e1rio para 2025, o que a nosso ver \u00e9 positivo. A empresa j\u00e1 tem 60% do volume contratado&#8221;, afirmam.<\/li><li><strong>Cota\u00e7\u00e3o da Klabin<\/strong><\/li><li>As units da<strong>&nbsp;Klabin<\/strong>&nbsp;fecharam com alta de 0,25% nesta quinta-feira (1\u00ba), cotadas a R$ 19,75.<\/li><\/ul>\n\n\n\n<p><em>Da&nbsp;<strong>Vale<\/strong>&nbsp;ao Klabin, essas foram as empresas que se destacaram hoje. Para ler todas as mat\u00e9rias&nbsp;<a href=\"https:\/\/www.suno.com.br\/noticias\/todos\/\" target=\"_blank\" rel=\"noreferrer noopener\">clique aqui.<\/a><\/em><a href=\"https:\/\/lp.suno.com.br\/pv\/black-friday-suno-3\/\" target=\"_blank\" rel=\"noreferrer noopener\"><\/a><a href=\"https:\/\/lp.suno.com.br\/pv\/black-friday-suno-3\/\" target=\"_blank\" rel=\"noreferrer noopener\"><\/a><a href=\"https:\/\/lp.suno.com.br\/pv\/black-friday-suno-3\/\" target=\"_blank\" rel=\"noreferrer noopener\"><\/a><a href=\"https:\/\/lp.suno.com.br\/pv\/black-friday-suno-3\/\" target=\"_blank\" rel=\"noreferrer noopener\"><\/a><a href=\"https:\/\/www.suno.com.br\/noticias\/panorama-itausa-itsa4-2022-tempo-real\/\" target=\"_blank\" rel=\"noreferrer noopener\"><\/a><\/p>\n\n\n\t<p>\n\t\t<a href=\"https:\/\/lp.suno.com.br\/ebook-como-analisar-uma-acao\/\" target=\"_blank\" data-element=\"shortcode-suno-banner\" title=\"Banner SUNO, clique e saiba mais\">\n\t\t\t<picture>\n\t\t\t\t<source media=\"(max-width: 500px)\" srcset=\"https:\/\/files.sunoresearch.com.br\/n\/uploads\/2023\/03\/Ebook-Acoes-Mobile-1.jpg\">\n\t\t\t\t<img class=\"newsContent__article__imgCapa newsContent__article__imgCapa--banner\"\n\t\t\t\t\tsrc=\"https:\/\/files.sunoresearch.com.br\/n\/uploads\/2023\/03\/Ebook-Acoes-Desktop-1.jpg\"\n\t\t\t\t\tdata-promo-id=\"171998\"\t\t\t\t\t\t\t\t\t\twidth='1420' height='286'\t\t\t\t\talt=\"https:\/\/files.sunoresearch.com.br\/n\/uploads\/2023\/03\/Ebook-Acoes-Desktop-1.jpg\"\n\t\t\t\t>\n\t\t\t<\/picture>\n\t\t<\/a>\n\t<\/p>\n\n\n","protected":false},"excerpt":{"rendered":"<p>O&nbsp;conselho de administra\u00e7\u00e3o&nbsp;da Vale (VALE3) aprovou o pagamento de&nbsp;juros sobre o capital pr\u00f3prio&nbsp;(JCP) no valor de R$ 1.319.000.000,00, conforme documento divulgado ao mercado nesta quinta-feira (01). O valor bruto por a\u00e7\u00e3o corresponde a R$ 0,2908. Opera\u00e7\u00f5es subterr\u00e2neas na mina de n\u00edquel da Vale (VALE3) em Sudbury. Cr\u00e9ditos: Ag\u00eancia Vale Segundo&nbsp;fato relevante, a soma foi apurada [&hellip;]<\/p>\n","protected":false},"author":194,"featured_media":239332,"comment_status":"closed","ping_status":"closed","sticky":false,"template":"","format":"standard","meta":[],"categories":[64],"tags":[397,399,405,479,529,676],"suno_strategy":[],"class_list":["post-327820","post","type-post","status-publish","format-standard","has-post-thumbnail","hentry","category-negocios","tag-brf-brfs3","tag-btg-pactual-bpac11-bpac3-bpac5","tag-carrefour-crfb3","tag-fleury-flry3","tag-klabin-klbn11-klbn3-klbn4","tag-vale-vale3"],"yoast_head":"<!-- This site is optimized with the Yoast SEO plugin v24.4 - https:\/\/yoast.com\/wordpress\/plugins\/seo\/ -->\n<title>Radar: Vale (VALE3) aprova JCP bilion\u00e1rio, a\u00e7\u00f5es da BRF (BRFS3) recuam 9% e Fleury (FLRY3) fecha contratos de energia renov\u00e1vel<\/title>\n<meta name=\"description\" content=\"Vale pagar\u00e1 JCP bilion\u00e1rios, Carrefour anuncia pagamento de JCP milion\u00e1rio e Fleury fecha contrato de energia renov\u00e1vel em SP e RJ. Entenda.\" \/>\n<meta name=\"robots\" content=\"index, follow, max-snippet:-1, max-image-preview:large, max-video-preview:-1\" \/>\n<link rel=\"canonical\" href=\"https:\/\/www.suno.com.br\/noticias\/radar-vale-vale3-brf-brfs3-fleury-flry3\/\" \/>\n<meta property=\"og:locale\" content=\"pt_BR\" \/>\n<meta property=\"og:type\" content=\"article\" \/>\n<meta property=\"og:title\" content=\"Radar: Vale (VALE3) aprova JCP bilion\u00e1rio, a\u00e7\u00f5es da BRF (BRFS3) recuam 9% e Fleury (FLRY3) fecha contratos de energia renov\u00e1vel\" \/>\n<meta property=\"og:description\" content=\"Vale pagar\u00e1 JCP bilion\u00e1rios, Carrefour anuncia pagamento de JCP milion\u00e1rio e Fleury fecha contrato de energia renov\u00e1vel em SP e RJ. Entenda.\" \/>\n<meta property=\"og:url\" content=\"https:\/\/www.suno.com.br\/noticias\/radar-vale-vale3-brf-brfs3-fleury-flry3\/\" \/>\n<meta property=\"og:site_name\" content=\"Suno Not\u00edcias\" \/>\n<meta property=\"article:publisher\" content=\"https:\/\/facebook.com\/sunoresearch\" \/>\n<meta property=\"og:image\" content=\"https:\/\/files.sunoresearch.com.br\/n\/uploads\/2022\/03\/2294-1-scaled.jpg\" \/>\n\t<meta property=\"og:image:width\" content=\"2560\" \/>\n\t<meta property=\"og:image:height\" content=\"1703\" \/>\n\t<meta property=\"og:image:type\" content=\"image\/jpeg\" \/>\n<meta name=\"author\" content=\"Isabella Taglapietra\" \/>\n<meta name=\"twitter:card\" content=\"summary_large_image\" \/>\n<meta name=\"twitter:creator\" content=\"@sunoresearch\" \/>\n<meta name=\"twitter:site\" content=\"@sunoresearch\" \/>\n<meta name=\"twitter:label1\" content=\"Escrito por\" \/>\n\t<meta name=\"twitter:data1\" content=\"Isabella Taglapietra\" \/>\n\t<meta name=\"twitter:label2\" content=\"Est. tempo de leitura\" \/>\n\t<meta name=\"twitter:data2\" content=\"13 minutos\" \/>\n<script type=\"application\/ld+json\" class=\"yoast-schema-graph\">{\"@context\":\"https:\/\/schema.org\",\"@graph\":[{\"@type\":\"NewsArticle\",\"@id\":\"https:\/\/www.suno.com.br\/noticias\/radar-vale-vale3-brf-brfs3-fleury-flry3\/#article\",\"isPartOf\":{\"@id\":\"https:\/\/www.suno.com.br\/noticias\/radar-vale-vale3-brf-brfs3-fleury-flry3\/\"},\"author\":{\"name\":\"Isabella Taglapietra\",\"@id\":\"https:\/\/www.suno.com.br\/noticias\/#\/schema\/person\/a0be106724f6f5d705d70f04333cb249\"},\"headline\":\"Radar: Vale (VALE3) aprova JCP bilion\u00e1rio, a\u00e7\u00f5es da BRF (BRFS3) recuam 9% e Fleury (FLRY3) fecha contratos de energia renov\u00e1vel\",\"datePublished\":\"2022-12-02T01:49:10+00:00\",\"dateModified\":\"2022-12-02T01:49:24+00:00\",\"mainEntityOfPage\":{\"@id\":\"https:\/\/www.suno.com.br\/noticias\/radar-vale-vale3-brf-brfs3-fleury-flry3\/\"},\"wordCount\":2506,\"publisher\":{\"@id\":\"https:\/\/www.suno.com.br\/noticias\/#organization\"},\"image\":{\"@id\":\"https:\/\/www.suno.com.br\/noticias\/radar-vale-vale3-brf-brfs3-fleury-flry3\/#primaryimage\"},\"thumbnailUrl\":\"https:\/\/files.sunoresearch.com.br\/n\/uploads\/2022\/03\/2294-1-scaled.jpg\",\"keywords\":[\"BRF (BRFS3)\",\"BTG Pactual (BPAC11\/BPAC3\/BPAC5)\",\"Carrefour (CRFB3)\",\"Fleury (FLRY3)\",\"Klabin (KLBN11\/KLBN3\/KLBN4)\",\"Vale (VALE3)\"],\"articleSection\":[\"Neg\u00f3cios\"],\"inLanguage\":\"pt-BR\"},{\"@type\":\"WebPage\",\"@id\":\"https:\/\/www.suno.com.br\/noticias\/radar-vale-vale3-brf-brfs3-fleury-flry3\/\",\"url\":\"https:\/\/www.suno.com.br\/noticias\/radar-vale-vale3-brf-brfs3-fleury-flry3\/\",\"name\":\"Radar: Vale (VALE3) aprova JCP bilion\u00e1rio, a\u00e7\u00f5es da BRF (BRFS3) recuam 9% e Fleury (FLRY3) fecha contratos de energia renov\u00e1vel\",\"isPartOf\":{\"@id\":\"https:\/\/www.suno.com.br\/noticias\/#website\"},\"primaryImageOfPage\":{\"@id\":\"https:\/\/www.suno.com.br\/noticias\/radar-vale-vale3-brf-brfs3-fleury-flry3\/#primaryimage\"},\"image\":{\"@id\":\"https:\/\/www.suno.com.br\/noticias\/radar-vale-vale3-brf-brfs3-fleury-flry3\/#primaryimage\"},\"thumbnailUrl\":\"https:\/\/files.sunoresearch.com.br\/n\/uploads\/2022\/03\/2294-1-scaled.jpg\",\"datePublished\":\"2022-12-02T01:49:10+00:00\",\"dateModified\":\"2022-12-02T01:49:24+00:00\",\"description\":\"Vale pagar\u00e1 JCP bilion\u00e1rios, Carrefour anuncia pagamento de JCP milion\u00e1rio e Fleury fecha contrato de energia renov\u00e1vel em SP e RJ. Entenda.\",\"breadcrumb\":{\"@id\":\"https:\/\/www.suno.com.br\/noticias\/radar-vale-vale3-brf-brfs3-fleury-flry3\/#breadcrumb\"},\"inLanguage\":\"pt-BR\",\"potentialAction\":[{\"@type\":\"ReadAction\",\"target\":[\"https:\/\/www.suno.com.br\/noticias\/radar-vale-vale3-brf-brfs3-fleury-flry3\/\"]}]},{\"@type\":\"ImageObject\",\"inLanguage\":\"pt-BR\",\"@id\":\"https:\/\/www.suno.com.br\/noticias\/radar-vale-vale3-brf-brfs3-fleury-flry3\/#primaryimage\",\"url\":\"https:\/\/files.sunoresearch.com.br\/n\/uploads\/2022\/03\/2294-1-scaled.jpg\",\"contentUrl\":\"https:\/\/files.sunoresearch.com.br\/n\/uploads\/2022\/03\/2294-1-scaled.jpg\",\"width\":2560,\"height\":1703,\"caption\":\"Opera\u00e7\u00f5es subterr\u00e2neas na mina de n\u00edquel da Vale (VALE3) em Sudbury. Cr\u00e9ditos: Ag\u00eancia Vale\"},{\"@type\":\"BreadcrumbList\",\"@id\":\"https:\/\/www.suno.com.br\/noticias\/radar-vale-vale3-brf-brfs3-fleury-flry3\/#breadcrumb\",\"itemListElement\":[{\"@type\":\"ListItem\",\"position\":1,\"name\":\"Not\u00edcias\",\"item\":\"https:\/\/www.suno.com.br\/noticias\/\"},{\"@type\":\"ListItem\",\"position\":2,\"name\":\"Neg\u00f3cios\",\"item\":\"https:\/\/www.suno.com.br\/noticias\/negocios\/\"},{\"@type\":\"ListItem\",\"position\":3,\"name\":\"Radar: Vale (VALE3) aprova JCP bilion\u00e1rio, a\u00e7\u00f5es da BRF (BRFS3) recuam 9% e Fleury (FLRY3) fecha contratos de energia renov\u00e1vel\"}]},{\"@type\":\"WebSite\",\"@id\":\"https:\/\/www.suno.com.br\/noticias\/#website\",\"url\":\"https:\/\/www.suno.com.br\/noticias\/\",\"name\":\"Suno Not\u00edcias\",\"description\":\"Seu portal de informa\u00e7\u00e3o sobre o mundo dos investimentos\",\"publisher\":{\"@id\":\"https:\/\/www.suno.com.br\/noticias\/#organization\"},\"potentialAction\":[{\"@type\":\"SearchAction\",\"target\":{\"@type\":\"EntryPoint\",\"urlTemplate\":\"https:\/\/www.suno.com.br\/noticias\/?s={search_term_string}\"},\"query-input\":{\"@type\":\"PropertyValueSpecification\",\"valueRequired\":true,\"valueName\":\"search_term_string\"}}],\"inLanguage\":\"pt-BR\"},{\"@type\":\"Organization\",\"@id\":\"https:\/\/www.suno.com.br\/noticias\/#organization\",\"name\":\"Suno Not\u00edcias\",\"url\":\"https:\/\/www.suno.com.br\/noticias\/\",\"logo\":{\"@type\":\"ImageObject\",\"inLanguage\":\"pt-BR\",\"@id\":\"https:\/\/www.suno.com.br\/noticias\/#\/schema\/logo\/image\/\",\"url\":\"https:\/\/files.sunoresearch.com.br\/n\/uploads\/2021\/09\/suno-logo.png\",\"contentUrl\":\"https:\/\/files.sunoresearch.com.br\/n\/uploads\/2021\/09\/suno-logo.png\",\"width\":180,\"height\":180,\"caption\":\"Suno Not\u00edcias\"},\"image\":{\"@id\":\"https:\/\/www.suno.com.br\/noticias\/#\/schema\/logo\/image\/\"},\"sameAs\":[\"https:\/\/facebook.com\/sunoresearch\",\"https:\/\/x.com\/sunoresearch\",\"https:\/\/www.instagram.com\/suno\",\"https:\/\/www.linkedin.com\/company\/suno-research\/\",\"https:\/\/www.youtube.com\/c\/sunoresearch\"]},{\"@type\":\"Person\",\"@id\":\"https:\/\/www.suno.com.br\/noticias\/#\/schema\/person\/a0be106724f6f5d705d70f04333cb249\",\"name\":\"Isabella Taglapietra\",\"image\":{\"@type\":\"ImageObject\",\"inLanguage\":\"pt-BR\",\"@id\":\"https:\/\/www.suno.com.br\/noticias\/#\/schema\/person\/image\/\",\"url\":\"https:\/\/secure.gravatar.com\/avatar\/089c9e06b71de293117116aaf339e22f?s=96&r=g\",\"contentUrl\":\"https:\/\/secure.gravatar.com\/avatar\/089c9e06b71de293117116aaf339e22f?s=96&r=g\",\"caption\":\"Isabella Taglapietra\"},\"description\":\"Rep\u00f3rter freelancer no Suno Not\u00edcias, cobre not\u00edcias di\u00e1rias sobre economia, balan\u00e7os trimestrais e pesquisas. Formada em jornalismo pela Faculdade C\u00e1sper L\u00edbero e p\u00f3s-graduanda em mercado de capitais pela Fecap, atuou como rep\u00f3rter de economia e finan\u00e7as no portal CRC!News e Elas que Lucrem, al\u00e9m de social media para empresas do mercado financeiro.\",\"url\":\"https:\/\/www.suno.com.br\/noticias\/author\/isabella-taglapietra\/\"}]}<\/script>\n<!-- \/ Yoast SEO plugin. -->","yoast_head_json":{"title":"Radar: Vale (VALE3) aprova JCP bilion\u00e1rio, a\u00e7\u00f5es da BRF (BRFS3) recuam 9% e Fleury (FLRY3) fecha contratos de energia renov\u00e1vel","description":"Vale pagar\u00e1 JCP bilion\u00e1rios, Carrefour anuncia pagamento de JCP milion\u00e1rio e Fleury fecha contrato de energia renov\u00e1vel em SP e RJ. Entenda.","robots":{"index":"index","follow":"follow","max-snippet":"max-snippet:-1","max-image-preview":"max-image-preview:large","max-video-preview":"max-video-preview:-1"},"canonical":"https:\/\/www.suno.com.br\/noticias\/radar-vale-vale3-brf-brfs3-fleury-flry3\/","og_locale":"pt_BR","og_type":"article","og_title":"Radar: Vale (VALE3) aprova JCP bilion\u00e1rio, a\u00e7\u00f5es da BRF (BRFS3) recuam 9% e Fleury (FLRY3) fecha contratos de energia renov\u00e1vel","og_description":"Vale pagar\u00e1 JCP bilion\u00e1rios, Carrefour anuncia pagamento de JCP milion\u00e1rio e Fleury fecha contrato de energia renov\u00e1vel em SP e RJ. Entenda.","og_url":"https:\/\/www.suno.com.br\/noticias\/radar-vale-vale3-brf-brfs3-fleury-flry3\/","og_site_name":"Suno Not\u00edcias","article_publisher":"https:\/\/facebook.com\/sunoresearch","og_image":[{"width":2560,"height":1703,"url":"https:\/\/files.sunoresearch.com.br\/n\/uploads\/2022\/03\/2294-1-scaled.jpg","type":"image\/jpeg"}],"author":"Isabella Taglapietra","twitter_card":"summary_large_image","twitter_creator":"@sunoresearch","twitter_site":"@sunoresearch","twitter_misc":{"Escrito por":"Isabella Taglapietra","Est. tempo de leitura":"13 minutos"},"schema":{"@context":"https:\/\/schema.org","@graph":[{"@type":"NewsArticle","@id":"https:\/\/www.suno.com.br\/noticias\/radar-vale-vale3-brf-brfs3-fleury-flry3\/#article","isPartOf":{"@id":"https:\/\/www.suno.com.br\/noticias\/radar-vale-vale3-brf-brfs3-fleury-flry3\/"},"author":{"name":"Isabella Taglapietra","@id":"https:\/\/www.suno.com.br\/noticias\/#\/schema\/person\/a0be106724f6f5d705d70f04333cb249"},"headline":"Radar: Vale (VALE3) aprova JCP bilion\u00e1rio, a\u00e7\u00f5es da BRF (BRFS3) recuam 9% e Fleury (FLRY3) fecha contratos de energia renov\u00e1vel","datePublished":"2022-12-02T01:49:10+00:00","dateModified":"2022-12-02T01:49:24+00:00","mainEntityOfPage":{"@id":"https:\/\/www.suno.com.br\/noticias\/radar-vale-vale3-brf-brfs3-fleury-flry3\/"},"wordCount":2506,"publisher":{"@id":"https:\/\/www.suno.com.br\/noticias\/#organization"},"image":{"@id":"https:\/\/www.suno.com.br\/noticias\/radar-vale-vale3-brf-brfs3-fleury-flry3\/#primaryimage"},"thumbnailUrl":"https:\/\/files.sunoresearch.com.br\/n\/uploads\/2022\/03\/2294-1-scaled.jpg","keywords":["BRF (BRFS3)","BTG Pactual (BPAC11\/BPAC3\/BPAC5)","Carrefour (CRFB3)","Fleury (FLRY3)","Klabin (KLBN11\/KLBN3\/KLBN4)","Vale (VALE3)"],"articleSection":["Neg\u00f3cios"],"inLanguage":"pt-BR"},{"@type":"WebPage","@id":"https:\/\/www.suno.com.br\/noticias\/radar-vale-vale3-brf-brfs3-fleury-flry3\/","url":"https:\/\/www.suno.com.br\/noticias\/radar-vale-vale3-brf-brfs3-fleury-flry3\/","name":"Radar: Vale (VALE3) aprova JCP bilion\u00e1rio, a\u00e7\u00f5es da BRF (BRFS3) recuam 9% e Fleury (FLRY3) fecha contratos de energia renov\u00e1vel","isPartOf":{"@id":"https:\/\/www.suno.com.br\/noticias\/#website"},"primaryImageOfPage":{"@id":"https:\/\/www.suno.com.br\/noticias\/radar-vale-vale3-brf-brfs3-fleury-flry3\/#primaryimage"},"image":{"@id":"https:\/\/www.suno.com.br\/noticias\/radar-vale-vale3-brf-brfs3-fleury-flry3\/#primaryimage"},"thumbnailUrl":"https:\/\/files.sunoresearch.com.br\/n\/uploads\/2022\/03\/2294-1-scaled.jpg","datePublished":"2022-12-02T01:49:10+00:00","dateModified":"2022-12-02T01:49:24+00:00","description":"Vale pagar\u00e1 JCP bilion\u00e1rios, Carrefour anuncia pagamento de JCP milion\u00e1rio e Fleury fecha contrato de energia renov\u00e1vel em SP e RJ. Entenda.","breadcrumb":{"@id":"https:\/\/www.suno.com.br\/noticias\/radar-vale-vale3-brf-brfs3-fleury-flry3\/#breadcrumb"},"inLanguage":"pt-BR","potentialAction":[{"@type":"ReadAction","target":["https:\/\/www.suno.com.br\/noticias\/radar-vale-vale3-brf-brfs3-fleury-flry3\/"]}]},{"@type":"ImageObject","inLanguage":"pt-BR","@id":"https:\/\/www.suno.com.br\/noticias\/radar-vale-vale3-brf-brfs3-fleury-flry3\/#primaryimage","url":"https:\/\/files.sunoresearch.com.br\/n\/uploads\/2022\/03\/2294-1-scaled.jpg","contentUrl":"https:\/\/files.sunoresearch.com.br\/n\/uploads\/2022\/03\/2294-1-scaled.jpg","width":2560,"height":1703,"caption":"Opera\u00e7\u00f5es subterr\u00e2neas na mina de n\u00edquel da Vale (VALE3) em Sudbury. Cr\u00e9ditos: Ag\u00eancia Vale"},{"@type":"BreadcrumbList","@id":"https:\/\/www.suno.com.br\/noticias\/radar-vale-vale3-brf-brfs3-fleury-flry3\/#breadcrumb","itemListElement":[{"@type":"ListItem","position":1,"name":"Not\u00edcias","item":"https:\/\/www.suno.com.br\/noticias\/"},{"@type":"ListItem","position":2,"name":"Neg\u00f3cios","item":"https:\/\/www.suno.com.br\/noticias\/negocios\/"},{"@type":"ListItem","position":3,"name":"Radar: Vale (VALE3) aprova JCP bilion\u00e1rio, a\u00e7\u00f5es da BRF (BRFS3) recuam 9% e Fleury (FLRY3) fecha contratos de energia renov\u00e1vel"}]},{"@type":"WebSite","@id":"https:\/\/www.suno.com.br\/noticias\/#website","url":"https:\/\/www.suno.com.br\/noticias\/","name":"Suno Not\u00edcias","description":"Seu portal de informa\u00e7\u00e3o sobre o mundo dos investimentos","publisher":{"@id":"https:\/\/www.suno.com.br\/noticias\/#organization"},"potentialAction":[{"@type":"SearchAction","target":{"@type":"EntryPoint","urlTemplate":"https:\/\/www.suno.com.br\/noticias\/?s={search_term_string}"},"query-input":{"@type":"PropertyValueSpecification","valueRequired":true,"valueName":"search_term_string"}}],"inLanguage":"pt-BR"},{"@type":"Organization","@id":"https:\/\/www.suno.com.br\/noticias\/#organization","name":"Suno Not\u00edcias","url":"https:\/\/www.suno.com.br\/noticias\/","logo":{"@type":"ImageObject","inLanguage":"pt-BR","@id":"https:\/\/www.suno.com.br\/noticias\/#\/schema\/logo\/image\/","url":"https:\/\/files.sunoresearch.com.br\/n\/uploads\/2021\/09\/suno-logo.png","contentUrl":"https:\/\/files.sunoresearch.com.br\/n\/uploads\/2021\/09\/suno-logo.png","width":180,"height":180,"caption":"Suno Not\u00edcias"},"image":{"@id":"https:\/\/www.suno.com.br\/noticias\/#\/schema\/logo\/image\/"},"sameAs":["https:\/\/facebook.com\/sunoresearch","https:\/\/x.com\/sunoresearch","https:\/\/www.instagram.com\/suno","https:\/\/www.linkedin.com\/company\/suno-research\/","https:\/\/www.youtube.com\/c\/sunoresearch"]},{"@type":"Person","@id":"https:\/\/www.suno.com.br\/noticias\/#\/schema\/person\/a0be106724f6f5d705d70f04333cb249","name":"Isabella Taglapietra","image":{"@type":"ImageObject","inLanguage":"pt-BR","@id":"https:\/\/www.suno.com.br\/noticias\/#\/schema\/person\/image\/","url":"https:\/\/secure.gravatar.com\/avatar\/089c9e06b71de293117116aaf339e22f?s=96&r=g","contentUrl":"https:\/\/secure.gravatar.com\/avatar\/089c9e06b71de293117116aaf339e22f?s=96&r=g","caption":"Isabella Taglapietra"},"description":"Rep\u00f3rter freelancer no Suno Not\u00edcias, cobre not\u00edcias di\u00e1rias sobre economia, balan\u00e7os trimestrais e pesquisas. Formada em jornalismo pela Faculdade C\u00e1sper L\u00edbero e p\u00f3s-graduanda em mercado de capitais pela Fecap, atuou como rep\u00f3rter de economia e finan\u00e7as no portal CRC!News e Elas que Lucrem, al\u00e9m de social media para empresas do mercado financeiro.","url":"https:\/\/www.suno.com.br\/noticias\/author\/isabella-taglapietra\/"}]}},"default_loop_html":"<div class=\"cardsPage__listCard__boxs\"><div class=\"cardsPage__listCard__boxs__img\"><a href=\"https:\/\/www.suno.com.br\/noticias\/radar-vale-vale3-brf-brfs3-fleury-flry3\/\"><img class=\"mask\" src=\"https:\/\/www.suno.com.br\/noticias\/wp-content\/themes\/suno\/resources\/images\/spotlight\/spotlight1img\/bg-mask.png\" alt=\"Image Mask\"\/><img src=\"https:\/\/files.sunoresearch.com.br\/n\/uploads\/2022\/03\/2294-1-400x200.jpg\" alt=\"Radar: Vale (VALE3) aprova JCP bilion\u00e1rio, a\u00e7\u00f5es da BRF (BRFS3) recuam 9% e Fleury (FLRY3) fecha contratos de energia renov\u00e1vel\"\/><\/a><span class=\"spotlightCategory\"><a href=\"https:\/\/www.suno.com.br\/noticias\/negocios\/\">Neg\u00f3cios<\/a><\/span><\/div><div class=\"cardsPage__listCard__boxs__content\"><a href=\"https:\/\/www.suno.com.br\/noticias\/radar-vale-vale3-brf-brfs3-fleury-flry3\/\"><h2 class=\"content__title\">Radar: Vale (VALE3) aprova JCP bilion\u00e1rio, a\u00e7\u00f5es da BRF (BRFS3) recuam 9% e Fleury (FLRY3) fecha contratos de energia renov\u00e1vel<\/h2><\/a><div class=\"newsContent__article__meta\"><div class=\"newsContent__article__meta__authorBox\"><a href=\"https:\/\/www.suno.com.br\/noticias\/author\/isabella-taglapietra\/\" class=\"authorBox__avatar noMobi\"><img src=\"https:\/\/files.sunoresearch.com.br\/n\/uploads\/2022\/08\/WhatsApp-Image-2022-08-04-at-12.40.27-150x150.jpeg\" alt=\"Isabella Taglapietra\"><\/a><div class=\"authorBox__name\"><span>por\n\t\t\t<a href=\"https:\/\/www.suno.com.br\/noticias\/author\/isabella-taglapietra\/\"><span itemprop=\"author\">Isabella Taglapietra<\/span><\/a><\/span><time datetime=\"2022-12-01T22:49:10-03:00\" itemprop=\"datePublished\">01\/12\/2022 22:49<\/time><\/div><\/div><\/div><\/div><\/div>","single_layout":"posts","amp_enabled":true,"_links":{"self":[{"href":"https:\/\/www.suno.com.br\/noticias\/wp-json\/wp\/v2\/posts\/327820"}],"collection":[{"href":"https:\/\/www.suno.com.br\/noticias\/wp-json\/wp\/v2\/posts"}],"about":[{"href":"https:\/\/www.suno.com.br\/noticias\/wp-json\/wp\/v2\/types\/post"}],"author":[{"embeddable":true,"href":"https:\/\/www.suno.com.br\/noticias\/wp-json\/wp\/v2\/users\/194"}],"replies":[{"embeddable":true,"href":"https:\/\/www.suno.com.br\/noticias\/wp-json\/wp\/v2\/comments?post=327820"}],"version-history":[{"count":2,"href":"https:\/\/www.suno.com.br\/noticias\/wp-json\/wp\/v2\/posts\/327820\/revisions"}],"predecessor-version":[{"id":327860,"href":"https:\/\/www.suno.com.br\/noticias\/wp-json\/wp\/v2\/posts\/327820\/revisions\/327860"}],"wp:featuredmedia":[{"embeddable":true,"href":"https:\/\/www.suno.com.br\/noticias\/wp-json\/wp\/v2\/media\/239332"}],"wp:attachment":[{"href":"https:\/\/www.suno.com.br\/noticias\/wp-json\/wp\/v2\/media?parent=327820"}],"wp:term":[{"taxonomy":"category","embeddable":true,"href":"https:\/\/www.suno.com.br\/noticias\/wp-json\/wp\/v2\/categories?post=327820"},{"taxonomy":"post_tag","embeddable":true,"href":"https:\/\/www.suno.com.br\/noticias\/wp-json\/wp\/v2\/tags?post=327820"},{"taxonomy":"suno_strategy","embeddable":true,"href":"https:\/\/www.suno.com.br\/noticias\/wp-json\/wp\/v2\/suno_strategy?post=327820"}],"curies":[{"name":"wp","href":"https:\/\/api.w.org\/{rel}","templated":true}]}}