{"id":32777,"date":"2019-08-01T13:36:51","date_gmt":"2019-08-01T16:36:51","guid":{"rendered":"https:\/\/www.suno.com.br\/noticias\/?p=32777"},"modified":"2019-08-01T13:36:51","modified_gmt":"2019-08-01T16:36:51","slug":"gol-tem-prejuizo-de-r-1208-milhoes-no-segundo-trimestre-de-2019","status":"publish","type":"post","link":"https:\/\/www.suno.com.br\/noticias\/gol-tem-prejuizo-de-r-1208-milhoes-no-segundo-trimestre-de-2019\/","title":{"rendered":"Gol tem preju\u00edzo de R$ 120,8 milh\u00f5es no segundo trimestre de 2019"},"content":{"rendered":"<p>A Gol divulgou o preju\u00edzo l\u00edquido da empresa, do segundo trimestre. O valor ficou em R$ 120,8 milh\u00f5es, uma melhora de 90,5% em rela\u00e7\u00e3o ao per\u00edodo igual do ano passado. A receita da companhia a\u00e9rea aumentou 33% neste trimestre, na compara\u00e7\u00e3o ano a ano, um percentual recorde. O valor da receita foi de R$ 3,14 bilh\u00f5es.<\/p>\t<div class=\"wrapper-featured-image\">\n\t\t<figure class=\"spotlightImg\">\n\n\t\t\t<picture>\n\t\t\t\t<source media=\"(max-width: 768px)\" srcset=\"https:\/\/files.sunoresearch.com.br\/n\/uploads\/2019\/07\/09623875-gol-400x200.webp\">\n\t\t\t\t<img loading=\"lazy\" decoding=\"async\" class=\"newsContent__article__imgCapa lazyloadDisabled newsContent__article__imgCapa--noCaption\" src=\"https:\/\/files.sunoresearch.com.br\/n\/uploads\/2019\/07\/09623875-gol-800x450.webp\" width=\"800\" height=\"450\" alt=\"Gol tem preju\u00edzo de R$ 120,8 milh\u00f5es no segundo trimestre de 2019\" fetchpriority=high \/>\n\t\t\t<\/picture>\n\n\t\t\t<figcaption class=\"wp-caption-text wp-caption-text--hide\">Gol ter\u00e1 mais voos em alta temporada no Brasil<\/figcaption>\n\t\t<\/figure>\n\t<\/div>\n\n\n\n<p>A receita operacional l\u00edquida, da <strong>Gol<\/strong>, por assento e quil\u00f4metro ofertado (Rask) teve avan\u00e7o de 25% ante ao segundo trimestre do ano passado. Sendo assim, o valor registrado foi de R$ 0,27.<\/p>\n<p>\u201cAtualmente, as tend\u00eancias de receita e reservas de passageiros permanecem fortes, e a companhia espera que o RASK do terceiro trimestre de 2019 aumente de 11% a 13%, em compara\u00e7\u00e3o com o terceiro trimestre de 2018\u201d, informou a Gol em um comunicado sobre seu desempenho trimestral.<\/p>\n\t<p>\n\t\t<a href=\"https:\/\/lp2.suno.com.br\/cl\/black-friday-2025\/?utm_campaign=_SNCDF0E4858_\" target=\"_blank\" data-element=\"shortcode-suno-banner\" title=\"Banner SUNO, clique e saiba mais\">\n\t\t\t<picture>\n\t\t\t\t<source media=\"(max-width: 500px)\" srcset=\"https:\/\/files.sunoresearch.com.br\/n\/uploads\/2025\/10\/Artigos-e-Noticias-Banner-Home-artigos-01-Mobile_-400x300-1-png.webp\">\n\t\t\t\t<img class=\"newsContent__article__imgCapa newsContent__article__imgCapa--banner\"\n\t\t\t\t\tsrc=\"https:\/\/files.sunoresearch.com.br\/n\/uploads\/2025\/10\/Artigos-e-Noticias-Banner-Home-artigos-01-Desktop_-1420x240-1-png.webp\"\n\t\t\t\t\tdata-promo-id=\"311259\"\t\t\t\t\t\t\t\t\t\twidth='1420' height='240'\t\t\t\t\talt=\"https:\/\/files.sunoresearch.com.br\/n\/uploads\/2025\/10\/Artigos-e-Noticias-Banner-Home-artigos-01-Desktop_-1420x240-1-png.webp\"\n\t\t\t\t>\n\t\t\t<\/picture>\n\t\t<\/a>\n\t<\/p>\n\n\n<p>O custo unit\u00e1rio baseado no custo por assento e quil\u00f4metro ofertado (Cask) teve crescimento de 13,6%, para R$ 0,24. Isso aconteceu devido ao valor de custo do combust\u00edvel, que teve aumento.<\/p>\n<p>O <a href=\"https:\/\/www.suno.com.br\/artigos\/ebitda\/\">Ebitda<\/a> (lucro antes de juros, impostos, deprecia\u00e7\u00e3o e amortiza\u00e7\u00e3o) chegou a R$ 399,4 milh\u00f5es. O valor alcan\u00e7ado no mesmo trimestre do ano passado foi de R$ 87,1 milh\u00f5es, com margem aumentando para 12,7%. Dessa forma, \u00e9 o maior n\u00edvel desde 2006.<\/p>\n<p>Neste trimestre, a Gol se beneficiou bastante do cancelamento de voos da rival <strong>Avianca<\/strong> <strong>Brasil<\/strong>, que est\u00e1 em processo de recupera\u00e7\u00e3o judicial.<\/p>\n\t<p>\n\t\t<a href=\"https:\/\/lp2.suno.com.br\/pv\/bolsa-para-iniciantes?utm_campaign=_SNC757A2733_rs.mpr26---meu-primeiro-rendimento---venda---not\u00edcias&#038;utm_source=suno-not\u00edcias&#038;utm_medium=banner.noticias\" target=\"_blank\" data-element=\"shortcode-suno-banner\" title=\"Banner SUNO, clique e saiba mais\">\n\t\t\t<picture>\n\t\t\t\t<source media=\"(max-width: 500px)\" srcset=\"https:\/\/files.sunoresearch.com.br\/n\/uploads\/2026\/04\/400x300-Banner-Materias-01-png.webp\">\n\t\t\t\t<img class=\"newsContent__article__imgCapa newsContent__article__imgCapa--banner\"\n\t\t\t\t\tsrc=\"https:\/\/files.sunoresearch.com.br\/n\/uploads\/2026\/04\/1420x240-Banner-Materias-01-png.webp\"\n\t\t\t\t\tdata-promo-id=\"647482\"\t\t\t\t\t\t\t\t\t\twidth='1420' height='240'\t\t\t\t\talt=\"https:\/\/files.sunoresearch.com.br\/n\/uploads\/2026\/04\/1420x240-Banner-Materias-01-png.webp\"\n\t\t\t\t>\n\t\t\t<\/picture>\n\t\t<\/a>\n\t<\/p>\n\n\n<p>A companhia a\u00e9rea mostrou um olhar positivo para o segundo semestre de 2019. \u201cApesar do groundeamento tempor\u00e1rio do Boeing 737 MAX, a malha a\u00e9rea da GOL est\u00e1 apresentando um bom desempenho e nossas perspectivas financeiras para o segundo semestre de 2019 permanecem s\u00f3lidas.<\/p>\n<p><a href=\"https:\/\/www.suno.com.br\/noticias\/itau-taxas-de-juros-reduz-corte\/\">Veja tamb\u00e9m: Ita\u00fa reduz taxas de juros para pessoas f\u00edsicas e jur\u00eddicas\u00a0<\/a><\/p>\n<h2>Latam e Gol n\u00e3o disputam slots da Avianca<\/h2>\n<p>A <strong>Ag\u00eancia Nacional de Avia\u00e7\u00e3o Civil (Anac)<\/strong> decidiu, no dia 25 de julho, que os <strong>slots<\/strong> da Avianca no aeroporto de Congonhas, em S\u00e3o Paulo, ser\u00e3o distribu\u00eddos para empresas que est\u00e3o come\u00e7ando a entrar no mercado.<\/p>\n<p>A decis\u00e3o da Anac destina 41 slots da Avianca para companhias que possuem no m\u00e1ximo 54 slots por dia no aeroporto de Congonhas. Os slots consistem em permiss\u00f5es para pousos e decolagens. Sendo assim, <strong>Latam <\/strong>e <strong>Gol<\/strong> est\u00e3o fora da disputa dos hor\u00e1rios de pouso e decolagem.<\/p>\n","protected":false},"excerpt":{"rendered":"<p>A Gol divulgou o preju\u00edzo l\u00edquido da empresa, do segundo trimestre. O valor ficou em R$ 120,8 milh\u00f5es, uma melhora de 90,5% em rela\u00e7\u00e3o ao per\u00edodo igual do ano passado. A receita da companhia a\u00e9rea aumentou 33% neste trimestre, na compara\u00e7\u00e3o ano a ano, um percentual recorde. O valor da receita foi de R$ 3,14 [&hellip;]<\/p>\n","protected":false},"author":19,"featured_media":30107,"comment_status":"closed","ping_status":"closed","sticky":false,"template":"","format":"standard","meta":[],"categories":[64],"tags":[840,1029,489],"suno_strategy":[],"class_list":["post-32777","post","type-post","status-publish","format-standard","has-post-thumbnail","hentry","category-negocios","tag-avianca","tag-balancos-trimestrais","tag-gol-linhas-aereas-goll11-goll4"],"yoast_head":"<!-- This site is optimized with the Yoast SEO plugin v24.4 - https:\/\/yoast.com\/wordpress\/plugins\/seo\/ -->\n<title>Gol tem preju\u00edzo de R$ 120,8 milh\u00f5es no segundo trimestre de 2019<\/title>\n<meta name=\"description\" content=\"A Gol divulgou o preju\u00edzo l\u00edquido da empresa, do segundo trimestre. O valor ficou em R$ 120,8 milh\u00f5es, uma melhora de 90,5%. Saiba mais.\" \/>\n<meta name=\"robots\" content=\"index, follow, max-snippet:-1, max-image-preview:large, max-video-preview:-1\" \/>\n<link rel=\"canonical\" href=\"https:\/\/www.suno.com.br\/noticias\/gol-tem-prejuizo-de-r-1208-milhoes-no-segundo-trimestre-de-2019\/\" \/>\n<meta property=\"og:locale\" content=\"pt_BR\" \/>\n<meta property=\"og:type\" content=\"article\" \/>\n<meta property=\"og:title\" content=\"Gol tem preju\u00edzo de R$ 120,8 milh\u00f5es no segundo trimestre de 2019\" \/>\n<meta property=\"og:description\" content=\"A Gol divulgou o preju\u00edzo l\u00edquido da empresa, do segundo trimestre. O valor ficou em R$ 120,8 milh\u00f5es, uma melhora de 90,5%. Saiba mais.\" \/>\n<meta property=\"og:url\" content=\"https:\/\/www.suno.com.br\/noticias\/gol-tem-prejuizo-de-r-1208-milhoes-no-segundo-trimestre-de-2019\/\" \/>\n<meta property=\"og:site_name\" content=\"Suno Not\u00edcias\" \/>\n<meta property=\"article:publisher\" content=\"https:\/\/facebook.com\/sunoresearch\" \/>\n<meta property=\"og:image\" content=\"https:\/\/files.sunoresearch.com.br\/n\/uploads\/2019\/07\/09623875-gol.jpg\" \/>\n\t<meta property=\"og:image:width\" content=\"1380\" \/>\n\t<meta property=\"og:image:height\" content=\"920\" \/>\n\t<meta property=\"og:image:type\" content=\"image\/jpeg\" \/>\n<meta name=\"author\" content=\"Juliano Passaro\" \/>\n<meta name=\"twitter:card\" content=\"summary_large_image\" \/>\n<meta name=\"twitter:creator\" content=\"@sunoresearch\" \/>\n<meta name=\"twitter:site\" content=\"@sunoresearch\" \/>\n<meta name=\"twitter:label1\" content=\"Escrito por\" \/>\n\t<meta name=\"twitter:data1\" content=\"Juliano Passaro\" \/>\n\t<meta name=\"twitter:label2\" content=\"Est. tempo de leitura\" \/>\n\t<meta name=\"twitter:data2\" content=\"2 minutos\" \/>\n<script type=\"application\/ld+json\" class=\"yoast-schema-graph\">{\"@context\":\"https:\/\/schema.org\",\"@graph\":[{\"@type\":\"NewsArticle\",\"@id\":\"https:\/\/www.suno.com.br\/noticias\/gol-tem-prejuizo-de-r-1208-milhoes-no-segundo-trimestre-de-2019\/#article\",\"isPartOf\":{\"@id\":\"https:\/\/www.suno.com.br\/noticias\/gol-tem-prejuizo-de-r-1208-milhoes-no-segundo-trimestre-de-2019\/\"},\"author\":{\"name\":\"Juliano Passaro\",\"@id\":\"https:\/\/www.suno.com.br\/noticias\/#\/schema\/person\/1db762f78ffd8919a648a63e425953e3\"},\"headline\":\"Gol tem preju\u00edzo de R$ 120,8 milh\u00f5es no segundo trimestre de 2019\",\"datePublished\":\"2019-08-01T16:36:51+00:00\",\"mainEntityOfPage\":{\"@id\":\"https:\/\/www.suno.com.br\/noticias\/gol-tem-prejuizo-de-r-1208-milhoes-no-segundo-trimestre-de-2019\/\"},\"wordCount\":415,\"publisher\":{\"@id\":\"https:\/\/www.suno.com.br\/noticias\/#organization\"},\"image\":{\"@id\":\"https:\/\/www.suno.com.br\/noticias\/gol-tem-prejuizo-de-r-1208-milhoes-no-segundo-trimestre-de-2019\/#primaryimage\"},\"thumbnailUrl\":\"https:\/\/files.sunoresearch.com.br\/n\/uploads\/2019\/07\/09623875-gol-jpg.webp\",\"keywords\":[\"Avianca\",\"balan\u00e7os trimestrais\",\"Gol Linhas A\u00e9reas (GOLL11\/GOLL4)\"],\"articleSection\":[\"Neg\u00f3cios\"],\"inLanguage\":\"pt-BR\"},{\"@type\":\"WebPage\",\"@id\":\"https:\/\/www.suno.com.br\/noticias\/gol-tem-prejuizo-de-r-1208-milhoes-no-segundo-trimestre-de-2019\/\",\"url\":\"https:\/\/www.suno.com.br\/noticias\/gol-tem-prejuizo-de-r-1208-milhoes-no-segundo-trimestre-de-2019\/\",\"name\":\"Gol tem preju\u00edzo de R$ 120,8 milh\u00f5es no segundo trimestre de 2019\",\"isPartOf\":{\"@id\":\"https:\/\/www.suno.com.br\/noticias\/#website\"},\"primaryImageOfPage\":{\"@id\":\"https:\/\/www.suno.com.br\/noticias\/gol-tem-prejuizo-de-r-1208-milhoes-no-segundo-trimestre-de-2019\/#primaryimage\"},\"image\":{\"@id\":\"https:\/\/www.suno.com.br\/noticias\/gol-tem-prejuizo-de-r-1208-milhoes-no-segundo-trimestre-de-2019\/#primaryimage\"},\"thumbnailUrl\":\"https:\/\/files.sunoresearch.com.br\/n\/uploads\/2019\/07\/09623875-gol-jpg.webp\",\"datePublished\":\"2019-08-01T16:36:51+00:00\",\"description\":\"A Gol divulgou o preju\u00edzo l\u00edquido da empresa, do segundo trimestre. O valor ficou em R$ 120,8 milh\u00f5es, uma melhora de 90,5%. Saiba mais.\",\"breadcrumb\":{\"@id\":\"https:\/\/www.suno.com.br\/noticias\/gol-tem-prejuizo-de-r-1208-milhoes-no-segundo-trimestre-de-2019\/#breadcrumb\"},\"inLanguage\":\"pt-BR\",\"potentialAction\":[{\"@type\":\"ReadAction\",\"target\":[\"https:\/\/www.suno.com.br\/noticias\/gol-tem-prejuizo-de-r-1208-milhoes-no-segundo-trimestre-de-2019\/\"]}]},{\"@type\":\"ImageObject\",\"inLanguage\":\"pt-BR\",\"@id\":\"https:\/\/www.suno.com.br\/noticias\/gol-tem-prejuizo-de-r-1208-milhoes-no-segundo-trimestre-de-2019\/#primaryimage\",\"url\":\"https:\/\/files.sunoresearch.com.br\/n\/uploads\/2019\/07\/09623875-gol-jpg.webp\",\"contentUrl\":\"https:\/\/files.sunoresearch.com.br\/n\/uploads\/2019\/07\/09623875-gol-jpg.webp\",\"width\":1380,\"height\":920,\"caption\":\"Gol ter\u00e1 mais voos em alta temporada no Brasil\"},{\"@type\":\"BreadcrumbList\",\"@id\":\"https:\/\/www.suno.com.br\/noticias\/gol-tem-prejuizo-de-r-1208-milhoes-no-segundo-trimestre-de-2019\/#breadcrumb\",\"itemListElement\":[{\"@type\":\"ListItem\",\"position\":1,\"name\":\"Not\u00edcias\",\"item\":\"https:\/\/www.suno.com.br\/noticias\/\"},{\"@type\":\"ListItem\",\"position\":2,\"name\":\"Neg\u00f3cios\",\"item\":\"https:\/\/www.suno.com.br\/noticias\/negocios\/\"},{\"@type\":\"ListItem\",\"position\":3,\"name\":\"Gol tem preju\u00edzo de R$ 120,8 milh\u00f5es no segundo trimestre de 2019\"}]},{\"@type\":\"WebSite\",\"@id\":\"https:\/\/www.suno.com.br\/noticias\/#website\",\"url\":\"https:\/\/www.suno.com.br\/noticias\/\",\"name\":\"Suno Not\u00edcias\",\"description\":\"Seu portal de informa\u00e7\u00e3o sobre o mundo dos investimentos\",\"publisher\":{\"@id\":\"https:\/\/www.suno.com.br\/noticias\/#organization\"},\"potentialAction\":[{\"@type\":\"SearchAction\",\"target\":{\"@type\":\"EntryPoint\",\"urlTemplate\":\"https:\/\/www.suno.com.br\/noticias\/?s={search_term_string}\"},\"query-input\":{\"@type\":\"PropertyValueSpecification\",\"valueRequired\":true,\"valueName\":\"search_term_string\"}}],\"inLanguage\":\"pt-BR\"},{\"@type\":\"Organization\",\"@id\":\"https:\/\/www.suno.com.br\/noticias\/#organization\",\"name\":\"Suno Not\u00edcias\",\"url\":\"https:\/\/www.suno.com.br\/noticias\/\",\"logo\":{\"@type\":\"ImageObject\",\"inLanguage\":\"pt-BR\",\"@id\":\"https:\/\/www.suno.com.br\/noticias\/#\/schema\/logo\/image\/\",\"url\":\"https:\/\/files.sunoresearch.com.br\/n\/uploads\/2021\/09\/suno-logo.png\",\"contentUrl\":\"https:\/\/files.sunoresearch.com.br\/n\/uploads\/2021\/09\/suno-logo.png\",\"width\":180,\"height\":180,\"caption\":\"Suno Not\u00edcias\"},\"image\":{\"@id\":\"https:\/\/www.suno.com.br\/noticias\/#\/schema\/logo\/image\/\"},\"sameAs\":[\"https:\/\/facebook.com\/sunoresearch\",\"https:\/\/x.com\/sunoresearch\",\"https:\/\/www.instagram.com\/suno\",\"https:\/\/www.linkedin.com\/company\/suno-research\/\",\"https:\/\/www.youtube.com\/c\/sunoresearch\"]},{\"@type\":\"Person\",\"@id\":\"https:\/\/www.suno.com.br\/noticias\/#\/schema\/person\/1db762f78ffd8919a648a63e425953e3\",\"name\":\"Juliano Passaro\",\"image\":{\"@type\":\"ImageObject\",\"inLanguage\":\"pt-BR\",\"@id\":\"https:\/\/www.suno.com.br\/noticias\/#\/schema\/person\/image\/\",\"url\":\"https:\/\/secure.gravatar.com\/avatar\/743d4df28eebf6dcc46b4ad03c319e92?s=96&r=g\",\"contentUrl\":\"https:\/\/secure.gravatar.com\/avatar\/743d4df28eebf6dcc46b4ad03c319e92?s=96&r=g\",\"caption\":\"Juliano Passaro\"},\"description\":\"Juliano Passaro escreve sobre pol\u00edtica, economia e neg\u00f3cios para o portal da Suno Research. Antes da Suno, trabalhou no Portal da Band. \u00c9 formado em jornalismo pela Universidade Presbiteriana Mackenzie.\",\"url\":\"https:\/\/www.suno.com.br\/noticias\/author\/juliano\/\"}]}<\/script>\n<!-- \/ Yoast SEO plugin. -->","yoast_head_json":{"title":"Gol tem preju\u00edzo de R$ 120,8 milh\u00f5es no segundo trimestre de 2019","description":"A Gol divulgou o preju\u00edzo l\u00edquido da empresa, do segundo trimestre. O valor ficou em R$ 120,8 milh\u00f5es, uma melhora de 90,5%. Saiba mais.","robots":{"index":"index","follow":"follow","max-snippet":"max-snippet:-1","max-image-preview":"max-image-preview:large","max-video-preview":"max-video-preview:-1"},"canonical":"https:\/\/www.suno.com.br\/noticias\/gol-tem-prejuizo-de-r-1208-milhoes-no-segundo-trimestre-de-2019\/","og_locale":"pt_BR","og_type":"article","og_title":"Gol tem preju\u00edzo de R$ 120,8 milh\u00f5es no segundo trimestre de 2019","og_description":"A Gol divulgou o preju\u00edzo l\u00edquido da empresa, do segundo trimestre. O valor ficou em R$ 120,8 milh\u00f5es, uma melhora de 90,5%. Saiba mais.","og_url":"https:\/\/www.suno.com.br\/noticias\/gol-tem-prejuizo-de-r-1208-milhoes-no-segundo-trimestre-de-2019\/","og_site_name":"Suno Not\u00edcias","article_publisher":"https:\/\/facebook.com\/sunoresearch","og_image":[{"width":1380,"height":920,"url":"https:\/\/files.sunoresearch.com.br\/n\/uploads\/2019\/07\/09623875-gol.jpg","type":"image\/jpeg"}],"author":"Juliano Passaro","twitter_card":"summary_large_image","twitter_creator":"@sunoresearch","twitter_site":"@sunoresearch","twitter_misc":{"Escrito por":"Juliano Passaro","Est. tempo de leitura":"2 minutos"},"schema":{"@context":"https:\/\/schema.org","@graph":[{"@type":"NewsArticle","@id":"https:\/\/www.suno.com.br\/noticias\/gol-tem-prejuizo-de-r-1208-milhoes-no-segundo-trimestre-de-2019\/#article","isPartOf":{"@id":"https:\/\/www.suno.com.br\/noticias\/gol-tem-prejuizo-de-r-1208-milhoes-no-segundo-trimestre-de-2019\/"},"author":{"name":"Juliano Passaro","@id":"https:\/\/www.suno.com.br\/noticias\/#\/schema\/person\/1db762f78ffd8919a648a63e425953e3"},"headline":"Gol tem preju\u00edzo de R$ 120,8 milh\u00f5es no segundo trimestre de 2019","datePublished":"2019-08-01T16:36:51+00:00","mainEntityOfPage":{"@id":"https:\/\/www.suno.com.br\/noticias\/gol-tem-prejuizo-de-r-1208-milhoes-no-segundo-trimestre-de-2019\/"},"wordCount":415,"publisher":{"@id":"https:\/\/www.suno.com.br\/noticias\/#organization"},"image":{"@id":"https:\/\/www.suno.com.br\/noticias\/gol-tem-prejuizo-de-r-1208-milhoes-no-segundo-trimestre-de-2019\/#primaryimage"},"thumbnailUrl":"https:\/\/files.sunoresearch.com.br\/n\/uploads\/2019\/07\/09623875-gol-jpg.webp","keywords":["Avianca","balan\u00e7os trimestrais","Gol Linhas A\u00e9reas (GOLL11\/GOLL4)"],"articleSection":["Neg\u00f3cios"],"inLanguage":"pt-BR"},{"@type":"WebPage","@id":"https:\/\/www.suno.com.br\/noticias\/gol-tem-prejuizo-de-r-1208-milhoes-no-segundo-trimestre-de-2019\/","url":"https:\/\/www.suno.com.br\/noticias\/gol-tem-prejuizo-de-r-1208-milhoes-no-segundo-trimestre-de-2019\/","name":"Gol tem preju\u00edzo de R$ 120,8 milh\u00f5es no segundo trimestre de 2019","isPartOf":{"@id":"https:\/\/www.suno.com.br\/noticias\/#website"},"primaryImageOfPage":{"@id":"https:\/\/www.suno.com.br\/noticias\/gol-tem-prejuizo-de-r-1208-milhoes-no-segundo-trimestre-de-2019\/#primaryimage"},"image":{"@id":"https:\/\/www.suno.com.br\/noticias\/gol-tem-prejuizo-de-r-1208-milhoes-no-segundo-trimestre-de-2019\/#primaryimage"},"thumbnailUrl":"https:\/\/files.sunoresearch.com.br\/n\/uploads\/2019\/07\/09623875-gol-jpg.webp","datePublished":"2019-08-01T16:36:51+00:00","description":"A Gol divulgou o preju\u00edzo l\u00edquido da empresa, do segundo trimestre. O valor ficou em R$ 120,8 milh\u00f5es, uma melhora de 90,5%. Saiba mais.","breadcrumb":{"@id":"https:\/\/www.suno.com.br\/noticias\/gol-tem-prejuizo-de-r-1208-milhoes-no-segundo-trimestre-de-2019\/#breadcrumb"},"inLanguage":"pt-BR","potentialAction":[{"@type":"ReadAction","target":["https:\/\/www.suno.com.br\/noticias\/gol-tem-prejuizo-de-r-1208-milhoes-no-segundo-trimestre-de-2019\/"]}]},{"@type":"ImageObject","inLanguage":"pt-BR","@id":"https:\/\/www.suno.com.br\/noticias\/gol-tem-prejuizo-de-r-1208-milhoes-no-segundo-trimestre-de-2019\/#primaryimage","url":"https:\/\/files.sunoresearch.com.br\/n\/uploads\/2019\/07\/09623875-gol-jpg.webp","contentUrl":"https:\/\/files.sunoresearch.com.br\/n\/uploads\/2019\/07\/09623875-gol-jpg.webp","width":1380,"height":920,"caption":"Gol ter\u00e1 mais voos em alta temporada no Brasil"},{"@type":"BreadcrumbList","@id":"https:\/\/www.suno.com.br\/noticias\/gol-tem-prejuizo-de-r-1208-milhoes-no-segundo-trimestre-de-2019\/#breadcrumb","itemListElement":[{"@type":"ListItem","position":1,"name":"Not\u00edcias","item":"https:\/\/www.suno.com.br\/noticias\/"},{"@type":"ListItem","position":2,"name":"Neg\u00f3cios","item":"https:\/\/www.suno.com.br\/noticias\/negocios\/"},{"@type":"ListItem","position":3,"name":"Gol tem preju\u00edzo de R$ 120,8 milh\u00f5es no segundo trimestre de 2019"}]},{"@type":"WebSite","@id":"https:\/\/www.suno.com.br\/noticias\/#website","url":"https:\/\/www.suno.com.br\/noticias\/","name":"Suno Not\u00edcias","description":"Seu portal de informa\u00e7\u00e3o sobre o mundo dos investimentos","publisher":{"@id":"https:\/\/www.suno.com.br\/noticias\/#organization"},"potentialAction":[{"@type":"SearchAction","target":{"@type":"EntryPoint","urlTemplate":"https:\/\/www.suno.com.br\/noticias\/?s={search_term_string}"},"query-input":{"@type":"PropertyValueSpecification","valueRequired":true,"valueName":"search_term_string"}}],"inLanguage":"pt-BR"},{"@type":"Organization","@id":"https:\/\/www.suno.com.br\/noticias\/#organization","name":"Suno Not\u00edcias","url":"https:\/\/www.suno.com.br\/noticias\/","logo":{"@type":"ImageObject","inLanguage":"pt-BR","@id":"https:\/\/www.suno.com.br\/noticias\/#\/schema\/logo\/image\/","url":"https:\/\/files.sunoresearch.com.br\/n\/uploads\/2021\/09\/suno-logo.png","contentUrl":"https:\/\/files.sunoresearch.com.br\/n\/uploads\/2021\/09\/suno-logo.png","width":180,"height":180,"caption":"Suno Not\u00edcias"},"image":{"@id":"https:\/\/www.suno.com.br\/noticias\/#\/schema\/logo\/image\/"},"sameAs":["https:\/\/facebook.com\/sunoresearch","https:\/\/x.com\/sunoresearch","https:\/\/www.instagram.com\/suno","https:\/\/www.linkedin.com\/company\/suno-research\/","https:\/\/www.youtube.com\/c\/sunoresearch"]},{"@type":"Person","@id":"https:\/\/www.suno.com.br\/noticias\/#\/schema\/person\/1db762f78ffd8919a648a63e425953e3","name":"Juliano Passaro","image":{"@type":"ImageObject","inLanguage":"pt-BR","@id":"https:\/\/www.suno.com.br\/noticias\/#\/schema\/person\/image\/","url":"https:\/\/secure.gravatar.com\/avatar\/743d4df28eebf6dcc46b4ad03c319e92?s=96&r=g","contentUrl":"https:\/\/secure.gravatar.com\/avatar\/743d4df28eebf6dcc46b4ad03c319e92?s=96&r=g","caption":"Juliano Passaro"},"description":"Juliano Passaro escreve sobre pol\u00edtica, economia e neg\u00f3cios para o portal da Suno Research. Antes da Suno, trabalhou no Portal da Band. \u00c9 formado em jornalismo pela Universidade Presbiteriana Mackenzie.","url":"https:\/\/www.suno.com.br\/noticias\/author\/juliano\/"}]}},"default_loop_html":"<div class=\"cardsPage__listCard__boxs\"><div class=\"cardsPage__listCard__boxs__img\"><a href=\"https:\/\/www.suno.com.br\/noticias\/gol-tem-prejuizo-de-r-1208-milhoes-no-segundo-trimestre-de-2019\/\"><img class=\"mask\" src=\"https:\/\/www.suno.com.br\/noticias\/wp-content\/themes\/suno\/resources\/images\/spotlight\/spotlight1img\/bg-mask.png\" alt=\"Image Mask\"\/><img src=\"https:\/\/files.sunoresearch.com.br\/n\/uploads\/2019\/07\/09623875-gol-400x200.webp\" alt=\"Gol tem preju\u00edzo de R$ 120,8 milh\u00f5es no segundo trimestre de 2019\"\/><\/a><span class=\"spotlightCategory\"><a href=\"https:\/\/www.suno.com.br\/noticias\/negocios\/\">Neg\u00f3cios<\/a><\/span><\/div><div class=\"cardsPage__listCard__boxs__content\"><a href=\"https:\/\/www.suno.com.br\/noticias\/gol-tem-prejuizo-de-r-1208-milhoes-no-segundo-trimestre-de-2019\/\"><h2 class=\"content__title\">Gol tem preju\u00edzo de R$ 120,8 milh\u00f5es no segundo trimestre de 2019<\/h2><\/a><div class=\"newsContent__article__meta\"><div class=\"newsContent__article__meta__authorBox\"><a href=\"https:\/\/www.suno.com.br\/noticias\/author\/juliano\/\" class=\"authorBox__avatar noMobi\"><img src=\"https:\/\/files.sunoresearch.com.br\/n\/uploads\/2019\/06\/7cc3efea-whatsapp-image-2019-07-18-at-21.59.33-e1563499821209-150x150.webp\" alt=\"Juliano Passaro\"><\/a><div class=\"authorBox__name\"><span>por\n\t\t\t<a href=\"https:\/\/www.suno.com.br\/noticias\/author\/juliano\/\"><span itemprop=\"author\">Juliano Passaro<\/span><\/a><\/span><time datetime=\"2019-08-01T13:36:51-03:00\" itemprop=\"datePublished\">01\/08\/2019 13:36<\/time><\/div><\/div><\/div><\/div><\/div>","single_layout":"posts","amp_enabled":true,"_links":{"self":[{"href":"https:\/\/www.suno.com.br\/noticias\/wp-json\/wp\/v2\/posts\/32777"}],"collection":[{"href":"https:\/\/www.suno.com.br\/noticias\/wp-json\/wp\/v2\/posts"}],"about":[{"href":"https:\/\/www.suno.com.br\/noticias\/wp-json\/wp\/v2\/types\/post"}],"author":[{"embeddable":true,"href":"https:\/\/www.suno.com.br\/noticias\/wp-json\/wp\/v2\/users\/19"}],"replies":[{"embeddable":true,"href":"https:\/\/www.suno.com.br\/noticias\/wp-json\/wp\/v2\/comments?post=32777"}],"version-history":[{"count":0,"href":"https:\/\/www.suno.com.br\/noticias\/wp-json\/wp\/v2\/posts\/32777\/revisions"}],"wp:featuredmedia":[{"embeddable":true,"href":"https:\/\/www.suno.com.br\/noticias\/wp-json\/wp\/v2\/media\/30107"}],"wp:attachment":[{"href":"https:\/\/www.suno.com.br\/noticias\/wp-json\/wp\/v2\/media?parent=32777"}],"wp:term":[{"taxonomy":"category","embeddable":true,"href":"https:\/\/www.suno.com.br\/noticias\/wp-json\/wp\/v2\/categories?post=32777"},{"taxonomy":"post_tag","embeddable":true,"href":"https:\/\/www.suno.com.br\/noticias\/wp-json\/wp\/v2\/tags?post=32777"},{"taxonomy":"suno_strategy","embeddable":true,"href":"https:\/\/www.suno.com.br\/noticias\/wp-json\/wp\/v2\/suno_strategy?post=32777"}],"curies":[{"name":"wp","href":"https:\/\/api.w.org\/{rel}","templated":true}]}}