{"id":32724,"date":"2019-07-31T20:58:30","date_gmt":"2019-07-31T23:58:30","guid":{"rendered":"https:\/\/www.suno.com.br\/noticias\/?p=32724"},"modified":"2021-06-21T06:22:09","modified_gmt":"2021-06-21T09:22:09","slug":"vale-prejuizo-384-milhoes-2t19","status":"publish","type":"post","link":"https:\/\/www.suno.com.br\/noticias\/vale-prejuizo-384-milhoes-2t19\/","title":{"rendered":"Vale registra preju\u00edzo l\u00edquido de R$ 384 milh\u00f5es no 2\u00baT19"},"content":{"rendered":"<p>A Vale (VALE3) obteve <strong>preju\u00edzo l\u00edquido<\/strong> de R$ 384 milh\u00f5es no segundo trimestre de 2019. No mesmo per\u00edodo do ano passado, a empresa registrou R$ 306 milh\u00f5es de lucro. Os resultados trimestral da mineradora foram divulgados nesta quarta-feira (31).<\/p>\t<div class=\"wrapper-featured-image\">\n\t\t<figure class=\"spotlightImg\">\n\n\t\t\t<picture>\n\t\t\t\t<source media=\"(max-width: 768px)\" srcset=\"https:\/\/files.sunoresearch.com.br\/n\/uploads\/2019\/04\/0f373374-vale-400x200.webp\">\n\t\t\t\t<img loading=\"lazy\" decoding=\"async\" class=\"newsContent__article__imgCapa lazyloadDisabled newsContent__article__imgCapa--noCaption\" src=\"https:\/\/files.sunoresearch.com.br\/n\/uploads\/2019\/04\/0f373374-vale-800x450.webp\" width=\"800\" height=\"450\" alt=\"Vale registra preju\u00edzo l\u00edquido de R$ 384 milh\u00f5es no 2\u00baT19\" fetchpriority=high \/>\n\t\t\t<\/picture>\n\n\t\t\t<figcaption class=\"wp-caption-text wp-caption-text--hide\">Logo da Vale (foto: divulga\u00e7\u00e3o) <\/figcaption>\n\t\t<\/figure>\n\t<\/div>\n\n\n\n<p>Entre janeiro e mar\u00e7o de 2019, a <strong>Vale<\/strong> j\u00e1 havia registrado preju\u00edzo de R$ 6,4 bilh\u00f5es. Os resultados negativos s\u00e3o motivados pela ruptura da barragem de Brumadinho, em Minas Gerais, que ocorreu em janeiro deste ano.<\/p>\n<p>A <strong><a href=\"https:\/\/www.suno.com.br\/artigos\/o-que-receita-liquida\/\">receita l\u00edquida<\/a><\/strong> registrada pela companhia no segundo semestre de 2019 foi de R$ 36 milh\u00f5es, 15,28% a mais em compara\u00e7\u00e3o ao \u00faltimo ano. Em compara\u00e7\u00e3o ao primeiro semestre deste ano, a receita aumentou R$ 5 bilh\u00f5es. A alta foi motivada pelo aumento no n\u00famero de vendas e pre\u00e7os.<\/p>\n\t<p>\n\t\t<a href=\"https:\/\/simulador-aposentadoria.suno.com.br\/?utm_source=suno-noticias&#038;utm_medium=banner&#038;utm_content=como-investir-para-aposentadoria-carteira-go&#038;utm_campaign=_SNC36CE4E9F_\" target=\"_blank\" data-element=\"shortcode-suno-banner\" title=\"Banner SUNO, clique e saiba mais\">\n\t\t\t<picture>\n\t\t\t\t<source media=\"(max-width: 500px)\" srcset=\"https:\/\/files.sunoresearch.com.br\/n\/uploads\/2025\/11\/400x300.webp\">\n\t\t\t\t<img class=\"newsContent__article__imgCapa newsContent__article__imgCapa--banner\"\n\t\t\t\t\tsrc=\"https:\/\/files.sunoresearch.com.br\/n\/uploads\/2025\/11\/1420x240.webp\"\n\t\t\t\t\tdata-promo-id=\"631530\"\t\t\t\t\t\t\t\t\t\twidth='1420' height='240'\t\t\t\t\talt=\"https:\/\/files.sunoresearch.com.br\/n\/uploads\/2025\/11\/1420x240.webp\"\n\t\t\t\t>\n\t\t\t<\/picture>\n\t\t<\/a>\n\t<\/p>\n\n\n<p>A <a href=\"https:\/\/www.suno.com.br\/artigos\/margem-ebitda\/\"><strong>Margem Ebitda<\/strong><\/a> calculada atrav\u00e9s do lucro antes de juros, impostos, deprecia\u00e7\u00f5es e amortiza\u00e7\u00f5es, das opera\u00e7\u00f5es de varejo diminuiu 13,29% no trimestre ante o 2\u00baT18. O montante foi de R$ 12,217 bilh\u00f5es.<\/p>\n<p>\u201cConforme progredimos para uma repara\u00e7\u00e3o completa e efetiva, o segundo trimestre foi um per\u00edodo de transi\u00e7\u00e3o para o neg\u00f3cio, com o rompimento da barragem em Brumadinho ainda impactando volumes, custos e despesas&#8221;, afirmou o presidente da Vale, Eduardo Bartolomeo.<\/p>\n<h2>Redu\u00e7\u00e3o da d\u00edvida<\/h2>\n<p>A d\u00edvida bruta da Vale diminuiu no segundo trimestre de 2019. No entanto, foi maior do que a d\u00edvida registrada no final do ano passado. Em d\u00f3lares, a d\u00edvida somou US$ 15,8 bilh\u00f5es entre abril e junho deste ano. No primeiro trimestre, a d\u00edvida foi de US$ 17,05 bilh\u00f5es.<\/p>\n<p>Entre janeiro e mar\u00e7o deste ano, a mineradora pagou uma s\u00e9rie de d\u00edvidas de linhas de cr\u00e9ditos. Assim, o valor total da d\u00edvida foi reduzido.<\/p>\n<p>No primeiro trimestre de 2018, a d\u00edvida bruta da Vale somava o total de US$ 20,276 bilh\u00f5es.<\/p>\n<h2>Recuo na produ\u00e7\u00e3o<\/h2>\n<p>Na \u00faltima semana, a Vale informou que a produ\u00e7\u00e3o de min\u00e9rio de ferro diminuiu 3,8% em rela\u00e7\u00e3o ao mesmo per\u00edodo do ano passado. Em 2018, a produ\u00e7\u00e3o deste insumo pela mineradora foi de 96,755 milh\u00f5es de toneladas. Neste ano, o valor foi de 64,057 milh\u00f5es.<\/p>\n<p><a href=\"https:\/\/www.suno.com.br\/noticias\/producao-minerio-vale-recua-338-2o-trimestre\/\">Saiba mais: Produ\u00e7\u00e3o de min\u00e9rio da Vale recua em 33,8% no 2\u00ba trimestre<\/a><\/p>\n<p>As vendas de min\u00e9rio de ferro subiram 11,8% entre o primeiro trimestre deste ano e o segundo. No entanto, o valor ainda foi inferior ao obtido no mesmo per\u00edodo de 2018.<\/p>\n<p>A produ\u00e7\u00e3o de pelotas tamb\u00e9m diminuiu 29,3% ante o segundo trimestre de 2018. No ano passado, a produ\u00e7\u00e3o foi de 12,838 milh\u00f5es de toneladas contra 9,071 milh\u00f5es neste ano.<\/p>\n<h2>Condena\u00e7\u00e3o da Vale por desastre de Brumadinho<\/h2>\n<p>Neste m\u00eas, a Vale foi condenada pela primeira vez pelos danos causados ap\u00f3s a quebra da barragem em Brumadinho (MG), em 25 de janeiro deste ano.<\/p>\n<p><a href=\"https:\/\/www.suno.com.br\/noticias\/vale-condenada-desastre-brumadinho\/\">Saiba mais: Vale foi condenada pela primeira vez sobre desastre em Brumadinho<\/a><\/p>\n<p>A mineradora foi condenada, pelo juiz da 6\u00aa Vara da Fazenda P\u00fablica e Autarquias, Elton Pupo Nogueira. Segundo o juiz, a empresa dever\u00e1 reparar os preju\u00edzos que a trag\u00e9dia causou. Contudo, n\u00e3o foi estipulado um valor fixo \u00e0 ser pago.<\/p>\n<p>A<strong> Vale<\/strong> que tentou substituir o valor integral do bloqueio por novas garantias, mas por conta do lucro de R$ 25 bilh\u00f5es da mineradora em 2018 o magistrado decidiu contra a companhia.<\/p>\n","protected":false},"excerpt":{"rendered":"<p>A Vale (VALE3) obteve preju\u00edzo l\u00edquido de R$ 384 milh\u00f5es no segundo trimestre de 2019. No mesmo per\u00edodo do ano passado, a empresa registrou R$ 306 milh\u00f5es de lucro. Os resultados trimestral da mineradora foram divulgados nesta quarta-feira (31). Logo da Vale (foto: divulga\u00e7\u00e3o) Entre janeiro e mar\u00e7o de 2019, a Vale j\u00e1 havia registrado [&hellip;]<\/p>\n","protected":false},"author":18,"featured_media":20577,"comment_status":"closed","ping_status":"closed","sticky":false,"template":"","format":"standard","meta":[],"categories":[64],"tags":[1607,676],"suno_strategy":[],"class_list":["post-32724","post","type-post","status-publish","format-standard","has-post-thumbnail","hentry","category-negocios","tag-resultado-das-empresas","tag-vale-vale3"],"yoast_head":"<!-- This site is optimized with the Yoast SEO plugin v24.4 - https:\/\/yoast.com\/wordpress\/plugins\/seo\/ -->\n<title>Vale registra preju\u00edzo l\u00edquido de R$ 384 milh\u00f5es no 2\u00baT19<\/title>\n<meta name=\"description\" content=\"A Vale obteve preju\u00edzo l\u00edquido de R$ 384 milh\u00f5es no 2\u00baT19 ante R$ 306 milh\u00f5es de lucro no mesmo per\u00edodo de 2018. Clique para saber mais.\" \/>\n<meta name=\"robots\" content=\"index, follow, max-snippet:-1, max-image-preview:large, max-video-preview:-1\" \/>\n<link rel=\"canonical\" href=\"https:\/\/www.suno.com.br\/noticias\/vale-prejuizo-384-milhoes-2t19\/\" \/>\n<meta property=\"og:locale\" content=\"pt_BR\" \/>\n<meta property=\"og:type\" content=\"article\" \/>\n<meta property=\"og:title\" content=\"Vale registra preju\u00edzo l\u00edquido de R$ 384 milh\u00f5es no 2\u00baT19\" \/>\n<meta property=\"og:description\" content=\"A Vale obteve preju\u00edzo l\u00edquido de R$ 384 milh\u00f5es no 2\u00baT19 ante R$ 306 milh\u00f5es de lucro no mesmo per\u00edodo de 2018. Clique para saber mais.\" \/>\n<meta property=\"og:url\" content=\"https:\/\/www.suno.com.br\/noticias\/vale-prejuizo-384-milhoes-2t19\/\" \/>\n<meta property=\"og:site_name\" content=\"Suno Not\u00edcias\" \/>\n<meta property=\"article:publisher\" content=\"https:\/\/facebook.com\/sunoresearch\" \/>\n<meta property=\"og:image\" content=\"https:\/\/files.sunoresearch.com.br\/n\/uploads\/2019\/04\/0f373374-vale.jpg\" \/>\n\t<meta property=\"og:image:width\" content=\"1086\" \/>\n\t<meta property=\"og:image:height\" content=\"652\" \/>\n\t<meta property=\"og:image:type\" content=\"image\/jpeg\" \/>\n<meta name=\"author\" content=\"Giovanna Oliveira\" \/>\n<meta name=\"twitter:card\" content=\"summary_large_image\" \/>\n<meta name=\"twitter:creator\" content=\"@sunoresearch\" \/>\n<meta name=\"twitter:site\" content=\"@sunoresearch\" \/>\n<meta name=\"twitter:label1\" content=\"Escrito por\" \/>\n\t<meta name=\"twitter:data1\" content=\"Giovanna Oliveira\" \/>\n\t<meta name=\"twitter:label2\" content=\"Est. tempo de leitura\" \/>\n\t<meta name=\"twitter:data2\" content=\"3 minutos\" \/>\n<script type=\"application\/ld+json\" class=\"yoast-schema-graph\">{\"@context\":\"https:\/\/schema.org\",\"@graph\":[{\"@type\":\"NewsArticle\",\"@id\":\"https:\/\/www.suno.com.br\/noticias\/vale-prejuizo-384-milhoes-2t19\/#article\",\"isPartOf\":{\"@id\":\"https:\/\/www.suno.com.br\/noticias\/vale-prejuizo-384-milhoes-2t19\/\"},\"author\":{\"name\":\"Giovanna Oliveira\",\"@id\":\"https:\/\/www.suno.com.br\/noticias\/#\/schema\/person\/4e19e3d2575736e5283d58eb3199d120\"},\"headline\":\"Vale registra preju\u00edzo l\u00edquido de R$ 384 milh\u00f5es no 2\u00baT19\",\"datePublished\":\"2019-07-31T23:58:30+00:00\",\"dateModified\":\"2021-06-21T09:22:09+00:00\",\"mainEntityOfPage\":{\"@id\":\"https:\/\/www.suno.com.br\/noticias\/vale-prejuizo-384-milhoes-2t19\/\"},\"wordCount\":576,\"publisher\":{\"@id\":\"https:\/\/www.suno.com.br\/noticias\/#organization\"},\"image\":{\"@id\":\"https:\/\/www.suno.com.br\/noticias\/vale-prejuizo-384-milhoes-2t19\/#primaryimage\"},\"thumbnailUrl\":\"https:\/\/files.sunoresearch.com.br\/n\/uploads\/2019\/04\/0f373374-vale-jpg.webp\",\"keywords\":[\"Resultado das empresas\",\"Vale (VALE3)\"],\"articleSection\":[\"Neg\u00f3cios\"],\"inLanguage\":\"pt-BR\"},{\"@type\":\"WebPage\",\"@id\":\"https:\/\/www.suno.com.br\/noticias\/vale-prejuizo-384-milhoes-2t19\/\",\"url\":\"https:\/\/www.suno.com.br\/noticias\/vale-prejuizo-384-milhoes-2t19\/\",\"name\":\"Vale registra preju\u00edzo l\u00edquido de R$ 384 milh\u00f5es no 2\u00baT19\",\"isPartOf\":{\"@id\":\"https:\/\/www.suno.com.br\/noticias\/#website\"},\"primaryImageOfPage\":{\"@id\":\"https:\/\/www.suno.com.br\/noticias\/vale-prejuizo-384-milhoes-2t19\/#primaryimage\"},\"image\":{\"@id\":\"https:\/\/www.suno.com.br\/noticias\/vale-prejuizo-384-milhoes-2t19\/#primaryimage\"},\"thumbnailUrl\":\"https:\/\/files.sunoresearch.com.br\/n\/uploads\/2019\/04\/0f373374-vale-jpg.webp\",\"datePublished\":\"2019-07-31T23:58:30+00:00\",\"dateModified\":\"2021-06-21T09:22:09+00:00\",\"description\":\"A Vale obteve preju\u00edzo l\u00edquido de R$ 384 milh\u00f5es no 2\u00baT19 ante R$ 306 milh\u00f5es de lucro no mesmo per\u00edodo de 2018. Clique para saber mais.\",\"breadcrumb\":{\"@id\":\"https:\/\/www.suno.com.br\/noticias\/vale-prejuizo-384-milhoes-2t19\/#breadcrumb\"},\"inLanguage\":\"pt-BR\",\"potentialAction\":[{\"@type\":\"ReadAction\",\"target\":[\"https:\/\/www.suno.com.br\/noticias\/vale-prejuizo-384-milhoes-2t19\/\"]}]},{\"@type\":\"ImageObject\",\"inLanguage\":\"pt-BR\",\"@id\":\"https:\/\/www.suno.com.br\/noticias\/vale-prejuizo-384-milhoes-2t19\/#primaryimage\",\"url\":\"https:\/\/files.sunoresearch.com.br\/n\/uploads\/2019\/04\/0f373374-vale-jpg.webp\",\"contentUrl\":\"https:\/\/files.sunoresearch.com.br\/n\/uploads\/2019\/04\/0f373374-vale-jpg.webp\",\"width\":1086,\"height\":652,\"caption\":\"Logo da Vale (foto: divulga\u00e7\u00e3o)\"},{\"@type\":\"BreadcrumbList\",\"@id\":\"https:\/\/www.suno.com.br\/noticias\/vale-prejuizo-384-milhoes-2t19\/#breadcrumb\",\"itemListElement\":[{\"@type\":\"ListItem\",\"position\":1,\"name\":\"Not\u00edcias\",\"item\":\"https:\/\/www.suno.com.br\/noticias\/\"},{\"@type\":\"ListItem\",\"position\":2,\"name\":\"Neg\u00f3cios\",\"item\":\"https:\/\/www.suno.com.br\/noticias\/negocios\/\"},{\"@type\":\"ListItem\",\"position\":3,\"name\":\"Vale registra preju\u00edzo l\u00edquido de R$ 384 milh\u00f5es no 2\u00baT19\"}]},{\"@type\":\"WebSite\",\"@id\":\"https:\/\/www.suno.com.br\/noticias\/#website\",\"url\":\"https:\/\/www.suno.com.br\/noticias\/\",\"name\":\"Suno Not\u00edcias\",\"description\":\"Seu portal de informa\u00e7\u00e3o sobre o mundo dos investimentos\",\"publisher\":{\"@id\":\"https:\/\/www.suno.com.br\/noticias\/#organization\"},\"potentialAction\":[{\"@type\":\"SearchAction\",\"target\":{\"@type\":\"EntryPoint\",\"urlTemplate\":\"https:\/\/www.suno.com.br\/noticias\/?s={search_term_string}\"},\"query-input\":{\"@type\":\"PropertyValueSpecification\",\"valueRequired\":true,\"valueName\":\"search_term_string\"}}],\"inLanguage\":\"pt-BR\"},{\"@type\":\"Organization\",\"@id\":\"https:\/\/www.suno.com.br\/noticias\/#organization\",\"name\":\"Suno Not\u00edcias\",\"url\":\"https:\/\/www.suno.com.br\/noticias\/\",\"logo\":{\"@type\":\"ImageObject\",\"inLanguage\":\"pt-BR\",\"@id\":\"https:\/\/www.suno.com.br\/noticias\/#\/schema\/logo\/image\/\",\"url\":\"https:\/\/files.sunoresearch.com.br\/n\/uploads\/2021\/09\/suno-logo.png\",\"contentUrl\":\"https:\/\/files.sunoresearch.com.br\/n\/uploads\/2021\/09\/suno-logo.png\",\"width\":180,\"height\":180,\"caption\":\"Suno Not\u00edcias\"},\"image\":{\"@id\":\"https:\/\/www.suno.com.br\/noticias\/#\/schema\/logo\/image\/\"},\"sameAs\":[\"https:\/\/facebook.com\/sunoresearch\",\"https:\/\/x.com\/sunoresearch\",\"https:\/\/www.instagram.com\/suno\",\"https:\/\/www.linkedin.com\/company\/suno-research\/\",\"https:\/\/www.youtube.com\/c\/sunoresearch\"]},{\"@type\":\"Person\",\"@id\":\"https:\/\/www.suno.com.br\/noticias\/#\/schema\/person\/4e19e3d2575736e5283d58eb3199d120\",\"name\":\"Giovanna Oliveira\",\"image\":{\"@type\":\"ImageObject\",\"inLanguage\":\"pt-BR\",\"@id\":\"https:\/\/www.suno.com.br\/noticias\/#\/schema\/person\/image\/\",\"url\":\"https:\/\/secure.gravatar.com\/avatar\/9a37b3ae208962ac568992d0ffdbc2eb?s=96&r=g\",\"contentUrl\":\"https:\/\/secure.gravatar.com\/avatar\/9a37b3ae208962ac568992d0ffdbc2eb?s=96&r=g\",\"caption\":\"Giovanna Oliveira\"},\"description\":\"Giovanna Oliveira escreve sobre economia e pol\u00edtica. Foi rep\u00f3rter do portal de jornalismo da ESPM-SP e produziu conte\u00fado para a Corinthians TV. \u00c9 estudante da ESPM.\",\"url\":\"https:\/\/www.suno.com.br\/noticias\/author\/giovanna\/\"}]}<\/script>\n<!-- \/ Yoast SEO plugin. -->","yoast_head_json":{"title":"Vale registra preju\u00edzo l\u00edquido de R$ 384 milh\u00f5es no 2\u00baT19","description":"A Vale obteve preju\u00edzo l\u00edquido de R$ 384 milh\u00f5es no 2\u00baT19 ante R$ 306 milh\u00f5es de lucro no mesmo per\u00edodo de 2018. Clique para saber mais.","robots":{"index":"index","follow":"follow","max-snippet":"max-snippet:-1","max-image-preview":"max-image-preview:large","max-video-preview":"max-video-preview:-1"},"canonical":"https:\/\/www.suno.com.br\/noticias\/vale-prejuizo-384-milhoes-2t19\/","og_locale":"pt_BR","og_type":"article","og_title":"Vale registra preju\u00edzo l\u00edquido de R$ 384 milh\u00f5es no 2\u00baT19","og_description":"A Vale obteve preju\u00edzo l\u00edquido de R$ 384 milh\u00f5es no 2\u00baT19 ante R$ 306 milh\u00f5es de lucro no mesmo per\u00edodo de 2018. Clique para saber mais.","og_url":"https:\/\/www.suno.com.br\/noticias\/vale-prejuizo-384-milhoes-2t19\/","og_site_name":"Suno Not\u00edcias","article_publisher":"https:\/\/facebook.com\/sunoresearch","og_image":[{"width":1086,"height":652,"url":"https:\/\/files.sunoresearch.com.br\/n\/uploads\/2019\/04\/0f373374-vale.jpg","type":"image\/jpeg"}],"author":"Giovanna Oliveira","twitter_card":"summary_large_image","twitter_creator":"@sunoresearch","twitter_site":"@sunoresearch","twitter_misc":{"Escrito por":"Giovanna Oliveira","Est. tempo de leitura":"3 minutos"},"schema":{"@context":"https:\/\/schema.org","@graph":[{"@type":"NewsArticle","@id":"https:\/\/www.suno.com.br\/noticias\/vale-prejuizo-384-milhoes-2t19\/#article","isPartOf":{"@id":"https:\/\/www.suno.com.br\/noticias\/vale-prejuizo-384-milhoes-2t19\/"},"author":{"name":"Giovanna Oliveira","@id":"https:\/\/www.suno.com.br\/noticias\/#\/schema\/person\/4e19e3d2575736e5283d58eb3199d120"},"headline":"Vale registra preju\u00edzo l\u00edquido de R$ 384 milh\u00f5es no 2\u00baT19","datePublished":"2019-07-31T23:58:30+00:00","dateModified":"2021-06-21T09:22:09+00:00","mainEntityOfPage":{"@id":"https:\/\/www.suno.com.br\/noticias\/vale-prejuizo-384-milhoes-2t19\/"},"wordCount":576,"publisher":{"@id":"https:\/\/www.suno.com.br\/noticias\/#organization"},"image":{"@id":"https:\/\/www.suno.com.br\/noticias\/vale-prejuizo-384-milhoes-2t19\/#primaryimage"},"thumbnailUrl":"https:\/\/files.sunoresearch.com.br\/n\/uploads\/2019\/04\/0f373374-vale-jpg.webp","keywords":["Resultado das empresas","Vale (VALE3)"],"articleSection":["Neg\u00f3cios"],"inLanguage":"pt-BR"},{"@type":"WebPage","@id":"https:\/\/www.suno.com.br\/noticias\/vale-prejuizo-384-milhoes-2t19\/","url":"https:\/\/www.suno.com.br\/noticias\/vale-prejuizo-384-milhoes-2t19\/","name":"Vale registra preju\u00edzo l\u00edquido de R$ 384 milh\u00f5es no 2\u00baT19","isPartOf":{"@id":"https:\/\/www.suno.com.br\/noticias\/#website"},"primaryImageOfPage":{"@id":"https:\/\/www.suno.com.br\/noticias\/vale-prejuizo-384-milhoes-2t19\/#primaryimage"},"image":{"@id":"https:\/\/www.suno.com.br\/noticias\/vale-prejuizo-384-milhoes-2t19\/#primaryimage"},"thumbnailUrl":"https:\/\/files.sunoresearch.com.br\/n\/uploads\/2019\/04\/0f373374-vale-jpg.webp","datePublished":"2019-07-31T23:58:30+00:00","dateModified":"2021-06-21T09:22:09+00:00","description":"A Vale obteve preju\u00edzo l\u00edquido de R$ 384 milh\u00f5es no 2\u00baT19 ante R$ 306 milh\u00f5es de lucro no mesmo per\u00edodo de 2018. Clique para saber mais.","breadcrumb":{"@id":"https:\/\/www.suno.com.br\/noticias\/vale-prejuizo-384-milhoes-2t19\/#breadcrumb"},"inLanguage":"pt-BR","potentialAction":[{"@type":"ReadAction","target":["https:\/\/www.suno.com.br\/noticias\/vale-prejuizo-384-milhoes-2t19\/"]}]},{"@type":"ImageObject","inLanguage":"pt-BR","@id":"https:\/\/www.suno.com.br\/noticias\/vale-prejuizo-384-milhoes-2t19\/#primaryimage","url":"https:\/\/files.sunoresearch.com.br\/n\/uploads\/2019\/04\/0f373374-vale-jpg.webp","contentUrl":"https:\/\/files.sunoresearch.com.br\/n\/uploads\/2019\/04\/0f373374-vale-jpg.webp","width":1086,"height":652,"caption":"Logo da Vale (foto: divulga\u00e7\u00e3o)"},{"@type":"BreadcrumbList","@id":"https:\/\/www.suno.com.br\/noticias\/vale-prejuizo-384-milhoes-2t19\/#breadcrumb","itemListElement":[{"@type":"ListItem","position":1,"name":"Not\u00edcias","item":"https:\/\/www.suno.com.br\/noticias\/"},{"@type":"ListItem","position":2,"name":"Neg\u00f3cios","item":"https:\/\/www.suno.com.br\/noticias\/negocios\/"},{"@type":"ListItem","position":3,"name":"Vale registra preju\u00edzo l\u00edquido de R$ 384 milh\u00f5es no 2\u00baT19"}]},{"@type":"WebSite","@id":"https:\/\/www.suno.com.br\/noticias\/#website","url":"https:\/\/www.suno.com.br\/noticias\/","name":"Suno Not\u00edcias","description":"Seu portal de informa\u00e7\u00e3o sobre o mundo dos investimentos","publisher":{"@id":"https:\/\/www.suno.com.br\/noticias\/#organization"},"potentialAction":[{"@type":"SearchAction","target":{"@type":"EntryPoint","urlTemplate":"https:\/\/www.suno.com.br\/noticias\/?s={search_term_string}"},"query-input":{"@type":"PropertyValueSpecification","valueRequired":true,"valueName":"search_term_string"}}],"inLanguage":"pt-BR"},{"@type":"Organization","@id":"https:\/\/www.suno.com.br\/noticias\/#organization","name":"Suno Not\u00edcias","url":"https:\/\/www.suno.com.br\/noticias\/","logo":{"@type":"ImageObject","inLanguage":"pt-BR","@id":"https:\/\/www.suno.com.br\/noticias\/#\/schema\/logo\/image\/","url":"https:\/\/files.sunoresearch.com.br\/n\/uploads\/2021\/09\/suno-logo.png","contentUrl":"https:\/\/files.sunoresearch.com.br\/n\/uploads\/2021\/09\/suno-logo.png","width":180,"height":180,"caption":"Suno Not\u00edcias"},"image":{"@id":"https:\/\/www.suno.com.br\/noticias\/#\/schema\/logo\/image\/"},"sameAs":["https:\/\/facebook.com\/sunoresearch","https:\/\/x.com\/sunoresearch","https:\/\/www.instagram.com\/suno","https:\/\/www.linkedin.com\/company\/suno-research\/","https:\/\/www.youtube.com\/c\/sunoresearch"]},{"@type":"Person","@id":"https:\/\/www.suno.com.br\/noticias\/#\/schema\/person\/4e19e3d2575736e5283d58eb3199d120","name":"Giovanna Oliveira","image":{"@type":"ImageObject","inLanguage":"pt-BR","@id":"https:\/\/www.suno.com.br\/noticias\/#\/schema\/person\/image\/","url":"https:\/\/secure.gravatar.com\/avatar\/9a37b3ae208962ac568992d0ffdbc2eb?s=96&r=g","contentUrl":"https:\/\/secure.gravatar.com\/avatar\/9a37b3ae208962ac568992d0ffdbc2eb?s=96&r=g","caption":"Giovanna Oliveira"},"description":"Giovanna Oliveira escreve sobre economia e pol\u00edtica. Foi rep\u00f3rter do portal de jornalismo da ESPM-SP e produziu conte\u00fado para a Corinthians TV. \u00c9 estudante da ESPM.","url":"https:\/\/www.suno.com.br\/noticias\/author\/giovanna\/"}]}},"default_loop_html":"<div class=\"cardsPage__listCard__boxs\"><div class=\"cardsPage__listCard__boxs__img\"><a href=\"https:\/\/www.suno.com.br\/noticias\/vale-prejuizo-384-milhoes-2t19\/\"><img class=\"mask\" src=\"https:\/\/www.suno.com.br\/noticias\/wp-content\/themes\/suno\/resources\/images\/spotlight\/spotlight1img\/bg-mask.png\" alt=\"Image Mask\"\/><img src=\"https:\/\/files.sunoresearch.com.br\/n\/uploads\/2019\/04\/0f373374-vale-400x200.webp\" alt=\"Vale registra preju\u00edzo l\u00edquido de R$ 384 milh\u00f5es no 2\u00baT19\"\/><\/a><span class=\"spotlightCategory\"><a href=\"https:\/\/www.suno.com.br\/noticias\/negocios\/\">Neg\u00f3cios<\/a><\/span><\/div><div class=\"cardsPage__listCard__boxs__content\"><a href=\"https:\/\/www.suno.com.br\/noticias\/vale-prejuizo-384-milhoes-2t19\/\"><h2 class=\"content__title\">Vale registra preju\u00edzo l\u00edquido de R$ 384 milh\u00f5es no 2\u00baT19<\/h2><\/a><div class=\"newsContent__article__meta\"><div class=\"newsContent__article__meta__authorBox\"><a href=\"https:\/\/www.suno.com.br\/noticias\/author\/giovanna\/\" class=\"authorBox__avatar noMobi\"><img src=\"https:\/\/files.sunoresearch.com.br\/n\/uploads\/2019\/06\/952a89ca-screenshot_20190608-171507-150x150.webp\" alt=\"Giovanna Oliveira\"><\/a><div class=\"authorBox__name\"><span>por\n\t\t\t<a href=\"https:\/\/www.suno.com.br\/noticias\/author\/giovanna\/\"><span itemprop=\"author\">Giovanna Oliveira<\/span><\/a><\/span><time datetime=\"2019-07-31T20:58:30-03:00\" itemprop=\"datePublished\">31\/07\/2019 20:58<\/time><\/div><\/div><\/div><\/div><\/div>","single_layout":"posts","amp_enabled":true,"_links":{"self":[{"href":"https:\/\/www.suno.com.br\/noticias\/wp-json\/wp\/v2\/posts\/32724"}],"collection":[{"href":"https:\/\/www.suno.com.br\/noticias\/wp-json\/wp\/v2\/posts"}],"about":[{"href":"https:\/\/www.suno.com.br\/noticias\/wp-json\/wp\/v2\/types\/post"}],"author":[{"embeddable":true,"href":"https:\/\/www.suno.com.br\/noticias\/wp-json\/wp\/v2\/users\/18"}],"replies":[{"embeddable":true,"href":"https:\/\/www.suno.com.br\/noticias\/wp-json\/wp\/v2\/comments?post=32724"}],"version-history":[{"count":1,"href":"https:\/\/www.suno.com.br\/noticias\/wp-json\/wp\/v2\/posts\/32724\/revisions"}],"predecessor-version":[{"id":159785,"href":"https:\/\/www.suno.com.br\/noticias\/wp-json\/wp\/v2\/posts\/32724\/revisions\/159785"}],"wp:featuredmedia":[{"embeddable":true,"href":"https:\/\/www.suno.com.br\/noticias\/wp-json\/wp\/v2\/media\/20577"}],"wp:attachment":[{"href":"https:\/\/www.suno.com.br\/noticias\/wp-json\/wp\/v2\/media?parent=32724"}],"wp:term":[{"taxonomy":"category","embeddable":true,"href":"https:\/\/www.suno.com.br\/noticias\/wp-json\/wp\/v2\/categories?post=32724"},{"taxonomy":"post_tag","embeddable":true,"href":"https:\/\/www.suno.com.br\/noticias\/wp-json\/wp\/v2\/tags?post=32724"},{"taxonomy":"suno_strategy","embeddable":true,"href":"https:\/\/www.suno.com.br\/noticias\/wp-json\/wp\/v2\/suno_strategy?post=32724"}],"curies":[{"name":"wp","href":"https:\/\/api.w.org\/{rel}","templated":true}]}}