{"id":326758,"date":"2022-11-30T23:38:13","date_gmt":"2022-12-01T02:38:13","guid":{"rendered":"https:\/\/www.suno.com.br\/noticias\/?p=326758"},"modified":"2022-11-30T23:38:25","modified_gmt":"2022-12-01T02:38:25","slug":"radar-ambev-abev3-nubank-nubr33-cosan-csan3","status":"publish","type":"post","link":"https:\/\/www.suno.com.br\/noticias\/radar-ambev-abev3-nubank-nubr33-cosan-csan3\/","title":{"rendered":"Radar: previs\u00e3o positiva para a Ambev (ABEV3), a\u00e7\u00f5es de Nubank (NUBR33) ap\u00f3s decis\u00e3o do CEO e banco eleva pre\u00e7o-alvo de Cosan (CSAN3)"},"content":{"rendered":"<p>O Credit Suisse reiterou &#8220;compra&#8221; para as a\u00e7\u00f5es da <a class=\"suno-keyword\" data-force=\"yes\" data-priority=\"2\" href=\"https:\/\/www.suno.com.br\/acoes\/ABEV3\/\" target=\"_blank\" rel=\"noopener\"><strong>Ambev<\/strong> (ABEV3)<\/a>, com a expectativa de melhores margens.<\/p>\t<div class=\"wrapper-featured-image\">\n\t\t<figure class=\"spotlightImg\">\n\n\t\t\t<picture>\n\t\t\t\t<source media=\"(max-width: 768px)\" srcset=\"https:\/\/files.sunoresearch.com.br\/n\/uploads\/2021\/07\/67c033e6-ambev-distribuicao-400x200.jpg\">\n\t\t\t\t<img loading=\"lazy\" decoding=\"async\" class=\"newsContent__article__imgCapa lazyloadDisabled \" src=\"https:\/\/files.sunoresearch.com.br\/n\/uploads\/2021\/07\/67c033e6-ambev-distribuicao-800x450.jpg\" width=\"800\" height=\"450\" alt=\"Radar: previs\u00e3o positiva para a Ambev (ABEV3), a\u00e7\u00f5es de Nubank (NUBR33) ap\u00f3s decis\u00e3o do CEO e banco eleva pre\u00e7o-alvo de Cosan (CSAN3)\" fetchpriority=high \/>\n\t\t\t<\/picture>\n\n\t\t\t<figcaption class=\"wp-caption-text wp-caption-text--show\">Ambev (ABEV3). Foto: Divulga\u00e7\u00e3o<\/figcaption>\n\t\t<\/figure>\n\t<\/div>\n\n\n\n\n\n\t<p>\n\t\t<a href=\"https:\/\/lp.suno.com.br\/planilha-controle-gastos\/\" target=\"_blank\" data-element=\"shortcode-suno-banner\" title=\"Banner SUNO, clique e saiba mais\">\n\t\t\t<picture>\n\t\t\t\t<source media=\"(max-width: 500px)\" srcset=\"https:\/\/files.sunoresearch.com.br\/n\/uploads\/2023\/03\/400x300-Planilha-controle-de-gastos.png\">\n\t\t\t\t<img class=\"newsContent__article__imgCapa newsContent__article__imgCapa--banner\"\n\t\t\t\t\tsrc=\"https:\/\/files.sunoresearch.com.br\/n\/uploads\/2023\/03\/1420x240-Planilha-controle-de-gastos.png\"\n\t\t\t\t\tdata-promo-id=\"311945\"\t\t\t\t\t\t\t\t\t\twidth='1420' height='240'\t\t\t\t\talt=\"https:\/\/files.sunoresearch.com.br\/n\/uploads\/2023\/03\/1420x240-Planilha-controle-de-gastos.png\"\n\t\t\t\t>\n\t\t\t<\/picture>\n\t\t<\/a>\n\t<\/p>\n\n\n\n\n\n<p>De acordo com informa\u00e7\u00f5es do Valor, o Credit Suisse observa que o desempenho resiliente de <strong>receita da Ambev<\/strong>, aliado a uma redu\u00e7\u00e3o de press\u00f5es de custos de insumos, pode se traduzir em melhores margens para a companhia de bebidas.<\/p>\n\n\n\n<p>Al\u00e9m disso, estes fatores devem corroborar em rendimentos mais robustos de <a class=\"suno-keyword\" target=\"_blank\" data-force=\"no\" data-priority=\"1\" href=\"https:\/\/www.suno.com.br\/artigos\/fluxo-caixa-livre\/\" rel=\"noopener\">fluxo de caixa livre<\/a> (FCF) da Ambev, dizem os analistas.<\/p>\n\n\n\n<p>Para os especialistas do Credit Suisse, os fundamentos da Ambev est\u00e3o intactos. Durante nove trimestres seguidos, a Ambev tem um desempenho resiliente de receita, com alta, na base m\u00e9dia anual, de 20%.<\/p>\n\n\n\n<p>Al\u00e9m disso, enxergam que com uma perspectiva de custo mais favor\u00e1vel, os pre\u00e7os fortes do segmento podem apoiar a oportunidade de recuperar <strong>margens da Ambev<\/strong> em aproximadamente 31% em 2023.<\/p>\n\n\n\n<p>Ano que vem, o consumo tamb\u00e9m pode ser impulsionado pelo potencial aumento no aux\u00edlio.<\/p>\n\n\n\n<p>Apesar disto, os especialistas diminu\u00edram a proje\u00e7\u00e3o de lucro por <strong>a\u00e7\u00e3o da Ambev<\/strong> para 2022 e 2023 em 4%, por causa de: <\/p>\n\n\n\n<ul class=\"wp-block-list\"><li>perdas com derivativos;<\/li><li>riscos macroecon\u00f4micos;<\/li><li>riscos de c\u00e2mbio e<\/li><li>riscos de commodities.<\/li><\/ul>\n\n\n\n<h2 class=\"wp-block-heading\" id=\"h-resultado-do-3t22\"><strong>Resultado do 3T22<\/strong><\/h2>\n\n\n\n<p>O lucro l\u00edquido da Ambev caiu 13,4% para R$ 3,215 bilh\u00f5es no terceiro trimestre de 2022 (3T22), conforme resultado financeiro divulgado nesta quinta-feira (27) pela companhia.<\/p>\n\n\n\n<p>J\u00e1 o lucro ajustado da Ambev foi de R$ 3,229 bilh\u00f5es, queda de 13,9% no comparativo com igual etapa do ano anterior.<\/p>\n\n\n\n<p>A alta de despesas e al\u00edquotas de impostos maiores foram utilizados pela companhia como justificativa para a queda no lucro.<\/p>\n\n\n\n<p>O Ebitda ajustado no 3T22 foi de R$ 5,6 bilh\u00f5es, alta de 2,4%, com um maior desempenho da receita contribuindo positivamente ao passo que as commodities e a infla\u00e7\u00e3o contribuem negativamente.<\/p>\n\n\n\n<p>A receita l\u00edquida da empresa foi de R$ 20,587 bilh\u00f5es, alta de 11,3% no comparativo com o mesmo indicador financeiro apresentado um ano antes.<\/p>\n\n\n\n<h2 class=\"wp-block-heading\" id=\"h-cotacao-da-ambev\"><strong>Cota\u00e7\u00e3o da Ambev<\/strong><\/h2>\n\n\n\n<p>As a\u00e7\u00f5es da <strong>Ambev<\/strong> fecharam em alta de 0,8% nesta quarta-feira (30), cotadas a R$ 15,89.<\/p>\n\n\n\n<p><i>Al\u00e9m da&nbsp;<\/i><b><i>Ambev<\/i><\/b><i>, confira outros destaques desta quarta-feira:<\/i><a href=\"https:\/\/lp.suno.com.br\/pv\/black-friday-suno-3\/\" target=\"_blank\" rel=\"noreferrer noopener\"><\/a><\/p>\n\n\n\n<h2 class=\"wp-block-heading\">Nubank (NUBR33): banco v\u00ea decis\u00e3o de CEO da fintech como \u201cgesto positivo\u201d; a\u00e7\u00f5es sobem<\/h2>\n\n\n\n<ul class=\"wp-block-list\"><li>Nesta ter\u00e7a-feira (29), o <strong>Nubank <\/strong>(<a class=\"suno-keyword\" data-force=\"yes\" data-priority=\"2\" href=\"https:\/\/www.suno.com.br\/bdrs\/nubr33\/\" target=\"_blank\" rel=\"noopener\">NUBR33<\/a>) comunicou que seu fundador e CEO, <strong>David V\u00e9lez<\/strong>, abriu m\u00e3o do plano de remunera\u00e7\u00e3o a que tinha direito na institui\u00e7\u00e3o. A equipe de an\u00e1lise do Ita\u00fa BBA considera a decis\u00e3o do executivo como positiva para os acionistas. &nbsp;<\/li><li>O fundador do Nubank decidiu rescindir o <strong>Plano de A\u00e7\u00f5es Contingentes de 2021<\/strong>, principal <a class=\"suno-keyword\" data-force=\"no\" data-priority=\"1\" href=\"https:\/\/www.suno.com.br\/artigos\/acordo-de-compensacao\/\" target=\"_blank\" rel=\"noopener\">acordo de compensa\u00e7\u00e3o<\/a> entre a fintech e David V\u00e9lez.<\/li><li>Em novembro do ano passado, sob esse plano, o Nubank concedeu ao executivo o direito de emiss\u00e3o de:<\/li><li>um n\u00famero de a\u00e7\u00f5es ordin\u00e1rias Classe A igual a 1% do n\u00famero total de a\u00e7\u00f5es ordin\u00e1rias em emiss\u00e3o (convertidas, totalmente dilu\u00eddas) do Nubank quando o pre\u00e7o da a\u00e7\u00e3o Classe A ficasse igual ou acima de US$ 18,69 por a\u00e7\u00e3o, mas abaixo de US$ 35,30 por a\u00e7\u00e3o; e<\/li><\/ul>\n\n\n\n<ul class=\"wp-block-list\"><li>um n\u00famero de a\u00e7\u00f5es ordin\u00e1rias Classe A igual a 1% do n\u00famero total de a\u00e7\u00f5es ordin\u00e1rias em emiss\u00e3o (convertidas, totalmente dilu\u00eddas) do Nubank quando o pre\u00e7o da a\u00e7\u00e3o Classe A fosse igual ou acima de US$ 35,30 por a\u00e7\u00e3o.<\/li><li>Sendo assim, caso as <strong>a\u00e7\u00f5es do Nubank<\/strong> disparassem na <a class=\"suno-keyword\" data-force=\"no\" data-priority=\"3\" href=\"https:\/\/www.suno.com.br\/guias\/bolsa-de-valores\/\" target=\"_blank\" rel=\"noopener\">bolsa de valores<\/a> de Nova York, o <strong>CEO do Nubank<\/strong> poderia receber at\u00e9 2% do capital da fintech. O <a class=\"suno-keyword\" data-force=\"no\" data-priority=\"1\" href=\"https:\/\/www.suno.com.br\/artigos\/valor-justo\/\" target=\"_blank\" rel=\"noopener\">valor justo<\/a> do plano tinha sido estimado em US$ 423 milh\u00f5es.<\/li><li><strong>Ita\u00fa BBA considera decis\u00e3o de CEO do Nubank como \u201cgesto positivo\u201d<\/strong><\/li><li>Na interpreta\u00e7\u00e3o do Ita\u00fa BBA, a decis\u00e3o de David V\u00e9lez \u00e9 positiva para os <strong>acionistas do Nubank<\/strong>, pois diminuir\u00e1 as despesas em US$ 356 milh\u00f5es at\u00e9 2029 (US$ 70 milh\u00f5es em 2023).<\/li><li>Isso impulsiona em 15% a previs\u00e3o dos analistas de <a class=\"suno-keyword\" data-force=\"no\" data-priority=\"1\" href=\"https:\/\/www.suno.com.br\/artigos\/lucro-liquido\/\" target=\"_blank\" rel=\"noopener\">lucro l\u00edquido<\/a> de US$ 485 milh\u00f5es para 2023.<\/li><li>\u201cTodos os esfor\u00e7os contam no objetivo mais amplo de melhorar a efici\u00eancia. O corte de dilui\u00e7\u00e3o tamb\u00e9m envia uma mensagem positiva a todos os acionistas, incluindo executivos, de que V\u00e9lez pratica o pensamento de parceria\u201d, comentam os analistas sobre a decis\u00e3o do executivo do Nubank.<\/li><li>\u201cN\u00e3o se espera que o movimento anunciado gere benef\u00edcios fiscais nem para V\u00e9lez nem para a empresa. O CEO mant\u00e9m uma participa\u00e7\u00e3o importante na empresa (USD 4,2 bilh\u00f5es, atualmente) e esperamos que ele continue a estar totalmente envolvido no neg\u00f3cio\u201d, complementam.<\/li><li>O Ita\u00fa BBA possui recomenda\u00e7\u00e3o equivalente \u00e0 venda para as a\u00e7\u00f5es do <strong>Nubank<\/strong>, com pre\u00e7o-alvo de US$ 3,50. Por volta das 17h30 desta quarta-feira (30), as a\u00e7\u00f5es do Nubank negociadas na B3 estavam em alta de 2,67%, a R$ 3,84. Em Nova York, subiam 4,34%, a US$ 4,44. <\/li><\/ul>\n\n\n\n<h2 class=\"wp-block-heading\">Cosan (CSAN3): Goldman Sachs eleva pre\u00e7o-alvo; a\u00e7\u00f5es fecham em forte alta<\/h2>\n\n\n\n<ul class=\"wp-block-list\"><li>Os analistas do <strong>Goldman Sachs<\/strong> reiteraram a recomenda\u00e7\u00e3o neutra para&nbsp;<a href=\"https:\/\/www.suno.com.br\/acoes\/CSAN3\/\" target=\"_blank\" rel=\"noreferrer noopener\"><strong>Cosan&nbsp;(CSAN3)<\/strong><\/a>. Apesar disso, o banco elevou o pre\u00e7o-alvo das a\u00e7\u00f5es de R$ 21,20 para R$ 22,60, em relat\u00f3rio divulgado hoje (30) ao mercado.<\/li><li>Para a proje\u00e7\u00e3o, os analistas Bruno Amorim, Jo\u00e3o Frizo e Guilherme Costa Martins consideraram o valor de mercado da <strong>participa\u00e7\u00e3o da Cosan<\/strong> na <strong>Ra\u00edzen<\/strong> e na <strong><a href=\"https:\/\/www.suno.com.br\/acoes\/vale3\/\" target=\"_blank\" rel=\"noreferrer noopener\">Vale (VALE3)<\/a><\/strong>. Al\u00e9m disso, eles ajustaram as estimativas considerando os resultados da companhia no terceiro trimestre e com a atualiza\u00e7\u00e3o cen\u00e1rio macroecon\u00f4mico do pa\u00eds ap\u00f3s os resultados da elei\u00e7\u00e3o presidencial. <\/li><li>&#8220;Os principais riscos, em nossa opini\u00e3o, incluem n\u00edveis de crise econ\u00f4mica acima ou abaixo do esperado atividade, pre\u00e7os do petr\u00f3leo Brent mais altos, risco cambial e interven\u00e7\u00e3o do governo na precifica\u00e7\u00e3o da gasolina\/diesel&#8221;, afirmam.<\/li><li><strong>Cosan tem lucro l\u00edquido ajustado de R$ 265 milh\u00f5es no 3T22<\/strong><\/li><li>A&nbsp;<strong>Cosan&nbsp;reportou lucro l\u00edquido ajustado<\/strong> de R$ 265,5 milh\u00f5es no terceiro trimestre de 2022, queda de 50% ante o mesmo per\u00edodo de 2021. Na compara\u00e7\u00e3o com o segundo trimestre deste ano, por\u00e9m, houve alta, pois o lucro l\u00edquido ajustado havia sido de R$ 53,6 milh\u00f5es de abril a junho.<\/li><li>O<strong>&nbsp;balan\u00e7o da Cosan<\/strong>&nbsp;tamb\u00e9m apurou preju\u00edzo l\u00edquido cont\u00e1bil de R$ 201,9 milh\u00f5es no terceiro trimestre, enquanto no mesmo per\u00edodo do ano passado a companhia registrou lucro de R$ 3,265 bilh\u00f5es. J\u00e1 em rela\u00e7\u00e3o ao segundo trimestre de 2022, o preju\u00edzo aumentou 61%.<\/li><li>A&nbsp;<strong><a href=\"https:\/\/www.suno.com.br\/artigos\/o-que-receita-liquida\/\" target=\"_blank\" rel=\"noreferrer noopener\">receita l\u00edquida<\/a>&nbsp;da Cosan<\/strong>&nbsp;foi de R$ 43,7 bilh\u00f5es no terceiro trimestre de 2022, montante 41% maior que o registrado entre os meses de julho e setembro do ano passado. O&nbsp;<a href=\"https:\/\/www.suno.com.br\/artigos\/resultado-financeiro\/\" target=\"_blank\" rel=\"noreferrer noopener\">resultado financeiro<\/a>&nbsp;da empresa que controla a Ra\u00edzen, Rumo (RAIL4), Compass (PASS3) e Moove foi negativo em R$ 2,17 bilh\u00f5es, alta de 63,5% na compara\u00e7\u00e3o com igual etapa em 2021.<\/li><li>Enquanto isso, as <strong>despesas gerais e administrativas da Cosan<\/strong> cresceram 42%, alcan\u00e7ando a marca de R$ 1,9 bilh\u00e3o no 3T22. O Ebtida ajustado da Cosan, ou seja, o lucro antes de juros, impostos,&nbsp;<a href=\"https:\/\/www.suno.com.br\/artigos\/depreciacao-amortizacao\/\" target=\"_blank\" rel=\"noreferrer noopener\">deprecia\u00e7\u00e3o e amortiza\u00e7\u00e3o<\/a>, totalizou R$ 4,1 bilh\u00f5es, com expans\u00e3o de 19% em rela\u00e7\u00e3o ao 3T21.<\/li><li><strong>Cosan recebe aval para aumentar participa\u00e7\u00e3o na Vale <\/strong><\/li><li>A Cosan&nbsp;foi autorizada pelo Conselho Administrativo de Defesa Econ\u00f4mica (<strong>Cade<\/strong>) a aumentar sua participa\u00e7\u00e3o na Vale, segundo publica\u00e7\u00e3o no Di\u00e1rio Oficial da Uni\u00e3o (DOU).<\/li><li>Em outubro, a companhia anunciou a&nbsp;<strong>compra de uma participa\u00e7\u00e3o<\/strong>&nbsp;correspondente a cerca de 4,90% do total de&nbsp;<strong><a href=\"https:\/\/www.suno.com.br\/artigos\/o-que-sao-acoes-ordinarias-preferenciais-e-units\/\" target=\"_blank\" rel=\"noreferrer noopener\">a\u00e7\u00f5es ordin\u00e1rias<\/a><\/strong>&nbsp;(ex-tesouraria) de emiss\u00e3o da Vale. Na ocasi\u00e3o, a Cosan revelou ainda que pretendia elevar sua participa\u00e7\u00e3o acima do percentual j\u00e1 comprado, e procuraria a aprova\u00e7\u00e3o imediata do Cade.<\/li><li>A Cosan ainda tem uma&nbsp;<strong>posi\u00e7\u00e3o adicional<\/strong>&nbsp;e exclusivamente financeira de 1,6% do capital social da mineradora, contratada por opera\u00e7\u00e3o de derivativo diversa da usada para a compra. Essa posi\u00e7\u00e3o poder\u00e1 ser convertida em participa\u00e7\u00e3o direta da Vale ap\u00f3s autoriza\u00e7\u00e3o do Cade.<\/li><li><strong>Cota\u00e7\u00e3o nesta quarta-feira<\/strong><\/li><li>Nesta quarta-feira (30), as <strong>a\u00e7\u00f5es da Cosan<\/strong> fecharam em alta de 4,40%, com pap\u00e9is cotados a R$ 18,03. J\u00e1 no acumulado deste ano, a desvaloriza\u00e7\u00e3o das a\u00e7\u00f5es&nbsp;est\u00e3o em -15,03%, com alta de 2,50% nos \u00faltimos 30 dias.<\/li><\/ul>\n\n\n\t<p>\n\t\t<a href=\"https:\/\/lp.suno.com.br\/ebook-como-analisar-uma-acao\/\" target=\"_blank\" data-element=\"shortcode-suno-banner\" title=\"Banner SUNO, clique e saiba mais\">\n\t\t\t<picture>\n\t\t\t\t<source media=\"(max-width: 500px)\" srcset=\"https:\/\/files.sunoresearch.com.br\/n\/uploads\/2023\/03\/Ebook-Acoes-Mobile.jpg\">\n\t\t\t\t<img class=\"newsContent__article__imgCapa newsContent__article__imgCapa--banner\"\n\t\t\t\t\tsrc=\"https:\/\/files.sunoresearch.com.br\/n\/uploads\/2023\/03\/Ebook-Acoes-Desktop.jpg\"\n\t\t\t\t\tdata-promo-id=\"311946\"\t\t\t\t\t\t\t\t\t\twidth='1420' height='286'\t\t\t\t\talt=\"https:\/\/files.sunoresearch.com.br\/n\/uploads\/2023\/03\/Ebook-Acoes-Desktop.jpg\"\n\t\t\t\t>\n\t\t\t<\/picture>\n\t\t<\/a>\n\t<\/p>\n\n\n\n\n\n<h2 class=\"wp-block-heading\">AES Brasil (AESB3) conclui compra de tr\u00eas usinas e\u00f3licas por R$ 1,8 bilh\u00e3o<\/h2>\n\n\n\n<ul class=\"wp-block-list\"><li>A&nbsp;<strong><a href=\"https:\/\/www.suno.com.br\/acoes\/aesb3\/\" target=\"_blank\" rel=\"noreferrer noopener\">AES Brasil (AESB3)<\/a><\/strong>&nbsp;e a <strong>AES Opera\u00e7\u00f5es<\/strong> anunciaram a aquisi\u00e7\u00e3o da totalidade das a\u00e7\u00f5es das usinas&nbsp;e\u00f3licas Ventos do&nbsp;Araripe (PI),&nbsp;Caet\u00e9s (PE) e Cassino&nbsp;da Cubico Brasil (RS). Segundo o comunicado enviado \u00e0&nbsp;<a href=\"https:\/\/www.suno.com.br\/artigos\/cvm\/\" target=\"_blank\" rel=\"noreferrer noopener\">Comiss\u00e3o de Valores Mobili\u00e1rios (CVM)<\/a>&nbsp;nesta quarta-feira (30), o valor total da opera\u00e7\u00e3o (Enterprise Value) foi de R$ 1,855 bilh\u00e3o.<\/li><li>Desta forma, <strong>os complexos e\u00f3licos Ventos do Araripe e Caet\u00e9s foram adquiridos pela AES Brasil<\/strong>, que dever\u00e1 desembolsar R$ 960 milh\u00f5es e assumir a d\u00edvida l\u00edquida de R$ 895 milh\u00f5es do projeto. Enquanto isso, <strong>o complexo e\u00f3lico Cassino foi adquirido pela AES Opera\u00e7\u00f5es<\/strong>, subsidi\u00e1ria integral da AES Brasil.<\/li><li>A AES Brasil e AES Opera\u00e7\u00f5es convocar\u00e3o, caso necess\u00e1rio, uma assembleia geral extraordin\u00e1ria de acionistas para a ratifica\u00e7\u00e3o da opera\u00e7\u00e3o. &#8220;Eventuais condi\u00e7\u00f5es de exerc\u00edcio de direito de retirada por acionistas dissidentes, caso aplic\u00e1vel, ser\u00e3o informadas oportunamente&#8221;, destaca o documento.<\/li><li><strong>AES Brasil reverte preju\u00edzo e lucra R$ 102,6 milh\u00f5es no 3T22<\/strong><\/li><li>Recentemente a AES Brasil divulgou que obteve <strong>lucro l\u00edquido consolidado de R$ 102,6 milh\u00f5es<\/strong> no terceiro trimestre do ano. A companhia reverteu, assim, um preju\u00edzo de R$ 103,1 mi registrado no mesmo per\u00edodo do ano passado.<\/li><li>Segundo a empresa, mesmo positivo, esse desempenho ainda exclui os R$ 532,6 mi recebidos em cr\u00e9dito fiscal no per\u00edodo, al\u00e9m de ressarcimento relacionado ao&nbsp;<strong>risco hidrol\u00f3gico (GSF)<\/strong>.<\/li><li>No terceiro trimestre, a empresa reportou um avan\u00e7o de 18,9% na&nbsp;<a href=\"https:\/\/www.suno.com.br\/artigos\/o-que-receita-liquida\/\">receita operacional l\u00edquida<\/a>&nbsp;de R$ 661,7 mi para R$ 786,6 mi. No comparativo dos nove primeiros meses de 2021 e 2022, a alta foi de 17,1% para mais de R$ 2 bi.&nbsp;<\/li><li>A divis\u00e3o brasileira da AES registrou uma alta de 207,5% no lucro Ebitda (antes de juros, impostos e amortiza\u00e7\u00f5es) para R$ 283,8 mi. A&nbsp;<a href=\"https:\/\/www.suno.com.br\/artigos\/margem-ebitda\/\">margem Ebitda<\/a>, portanto, foi a 36,1%, uma alta de 22,1%.<\/li><li>Os custos e&nbsp;<a href=\"https:\/\/www.suno.com.br\/artigos\/despesas-operacionais\/\">despesas operacionais<\/a>&nbsp;chegaram ao patamar de R$ 143,6 mi, crescimento de 21,3% no comparativo anual. J\u00e1 os investimentos da AES somaram R$ 696 mi, um avan\u00e7o superior a 192% tamb\u00e9m em rela\u00e7\u00e3o h\u00e1 um ano. No ano, os custos totalizaram R$ 389,3 milh\u00f5es, alta de 23,7%.<\/li><li><strong>Cota\u00e7\u00e3o da AES Brasil<\/strong><\/li><li>As a\u00e7\u00f5es da&nbsp;<strong>AES Brasil<\/strong>&nbsp;subiram 0,58% nesta quarta-feira (30), com pap\u00e9is cotados a R$ 10,45.<\/li><\/ul>\n\n\n\n<h2 class=\"wp-block-heading\">Bradesco (BBDC4) estuda plano de expans\u00e3o para ampliar neg\u00f3cios no Bradesco Bank<\/h2>\n\n\n\n<ul class=\"wp-block-list\"><li>O <strong>Bradesco<\/strong> (BBDC4) prestou os esclarecimentos solicitados pela Superintend\u00eancia de Rela\u00e7\u00f5es com Empresas da CVM, em rela\u00e7\u00e3o \u00e0 not\u00edcia veiculada pelo jornal O Estado de S\u00e3o Paulo, que afirmou que o banco vai investir mais US$ 230 milh\u00f5es para acelerar o seu crescimento no pa\u00eds da Am\u00e9rica do Norte.<\/li><li>O Bradesco informou que est\u00e1 estudando um plano de expans\u00e3o para fortalecer e ampliar seus neg\u00f3cios no <strong>Bradesco Bank<\/strong> (antigo <strong>BAC Florida<\/strong>).<\/li><li>Al\u00e9m disso, destacou que, uma vez conclu\u00eddo esse estudo, ainda seria necess\u00e1rio obter eventuais autoriza\u00e7\u00f5es regulat\u00f3rias cab\u00edveis, inclusive do Banco Central do Brasil.<\/li><li>O <strong>Banco Bradesco<\/strong> observa que o valor a ser investido \u00e9 inferior a 1% do seu <a class=\"suno-keyword\" data-force=\"no\" data-priority=\"2\" href=\"https:\/\/www.suno.com.br\/artigos\/patrimonio-liquido\/\" target=\"_blank\" rel=\"noopener\">patrim\u00f4nio l\u00edquido<\/a>, que at\u00e9 o final de setembro estava na casa dos R$ 161,9 bilh\u00f5es, segundo as Demonstra\u00e7\u00f5es Cont\u00e1beis Consolidadas &#8211; IFRS.<\/li><li>Segundo o jornal O Estado de S\u00e3o Paulo, esse <strong>investimento do Bradesco<\/strong> refor\u00e7aria uma nova fase do BAC Florida, que atualmente passa a ser chamado de Bradesco Bank e vai ter novas instala\u00e7\u00f5es a partir de 2023.<\/li><li>Com esse investimento, o banco aumentaria a participa\u00e7\u00e3o em seu neg\u00f3cio nos EUA em aproximadamente 50%, para US$ 730 milh\u00f5es, equivalente a quase R$ 4 bilh\u00f5es, desde o per\u00edodo em que comprou, em 2019.<\/li><li>Esse refor\u00e7o faria com que o Bradesco Bank dobrasse seu <a class=\"suno-keyword\" data-force=\"no\" data-priority=\"2\" href=\"https:\/\/www.suno.com.br\/artigos\/patrimonio-liquido\/\" target=\"_blank\" rel=\"noopener\">patrim\u00f4nio l\u00edquido<\/a>, para US$ 500 milh\u00f5es, que atualmente corresponde a R$ 2,7 bilh\u00f5es. Al\u00e9m disso, a empresa poderia ser mais forte para disputar por clientes de maior <a class=\"suno-keyword\" data-force=\"no\" data-priority=\"1\" href=\"https:\/\/www.suno.com.br\/artigos\/poder-aquisitivo\/\" target=\"_blank\" rel=\"noopener\">poder aquisitivo<\/a>.<\/li><li>Em meio a essa not\u00edcia, a CVM determinou que o Bradesco esclarecesse se a not\u00edcia era ver\u00eddica. Em caso positivo, pediu que a empresa explicasse os motivos pelos quais entendeu n\u00e3o se tratar de <a class=\"suno-keyword\" data-force=\"no\" data-priority=\"1\" href=\"https:\/\/www.suno.com.br\/artigos\/fato-relevante\/\" target=\"_blank\" rel=\"noopener\">fato relevante<\/a>, bem como comentasse sobre outras informa\u00e7\u00f5es que considerasse relevantes sobre o assunto.<\/li><li>Se houvesse descumprimento da exig\u00eancia da CVM, o Bradesco poderia ter que pagar uma multa cominat\u00f3ria, no valor de R$ 1.000,00, sem preju\u00edzo de outras san\u00e7\u00f5es administrativas.<\/li><li>\u201cO Bradesco coloca-se \u00e0 disposi\u00e7\u00e3o para quaisquer esclarecimentos que se fa\u00e7am necess\u00e1rios\u201d, diz o banco em seu comunicado.<\/li><li><strong>Cota\u00e7\u00e3o do Bradesco<\/strong><\/li><li>As a\u00e7\u00f5es do <strong>Bradesco<\/strong> terminaram a sess\u00e3o de ontem (29) em alta. Enquanto os pap\u00e9is ordin\u00e1rios, negociados sob o ticker<strong> BBDC3<\/strong>, subiram 1,60%, a R$ 13,34, as <a class=\"suno-keyword\" data-force=\"no\" data-priority=\"1\" href=\"https:\/\/www.suno.com.br\/artigos\/acoes-preferenciais\/\" target=\"_blank\" rel=\"noopener\">a\u00e7\u00f5es preferenciais<\/a> da companhia, com o c\u00f3digo <strong>BBDC4<\/strong>, tiveram avan\u00e7o de 1,17%, a R$ 15,51.<\/li><\/ul>\n\n\n\n<p><em>Da&nbsp;<strong>Ambev<\/strong>&nbsp;ao Bradesco, essas foram as empresas que se destacaram hoje. Para ler todas as mat\u00e9rias <a href=\"https:\/\/www.suno.com.br\/noticias\/todos\/\" target=\"_blank\" rel=\"noreferrer noopener\">clique aqui.<\/a><\/em><a href=\"https:\/\/lp.suno.com.br\/pv\/black-friday-suno-3\/\" target=\"_blank\" rel=\"noreferrer noopener\"><\/a><a href=\"https:\/\/lp.suno.com.br\/pv\/black-friday-suno-3\/\" target=\"_blank\" rel=\"noreferrer noopener\"><\/a><a href=\"https:\/\/lp.suno.com.br\/pv\/black-friday-suno-3\/\" target=\"_blank\" rel=\"noreferrer noopener\"><\/a><a href=\"https:\/\/lp.suno.com.br\/pv\/black-friday-suno-3\/\" target=\"_blank\" rel=\"noreferrer noopener\"><\/a><\/p>\n\n\n\t<p>\n\t\t<a href=\"https:\/\/lp.suno.com.br\/ebook-investindo-em-fiis\/\" target=\"_blank\" data-element=\"shortcode-suno-banner\" title=\"Banner SUNO, clique e saiba mais\">\n\t\t\t<picture>\n\t\t\t\t<source media=\"(max-width: 500px)\" srcset=\"https:\/\/files.sunoresearch.com.br\/n\/uploads\/2023\/03\/Ebook-Fundos-Imobiliarios-Mobile-1.jpg\">\n\t\t\t\t<img class=\"newsContent__article__imgCapa newsContent__article__imgCapa--banner\"\n\t\t\t\t\tsrc=\"https:\/\/files.sunoresearch.com.br\/n\/uploads\/2023\/03\/Ebook-Fundos-Imobiliarios-Desktop-1.jpg\"\n\t\t\t\t\tdata-promo-id=\"313843\"\t\t\t\t\t\t\t\t\t\twidth='1420' height='286'\t\t\t\t\talt=\"https:\/\/files.sunoresearch.com.br\/n\/uploads\/2023\/03\/Ebook-Fundos-Imobiliarios-Desktop-1.jpg\"\n\t\t\t\t>\n\t\t\t<\/picture>\n\t\t<\/a>\n\t<\/p>\n\n\n","protected":false},"excerpt":{"rendered":"<p>O Credit Suisse reiterou &#8220;compra&#8221; para as a\u00e7\u00f5es da Ambev (ABEV3), com a expectativa de melhores margens. Ambev (ABEV3). Foto: Divulga\u00e7\u00e3o De acordo com informa\u00e7\u00f5es do Valor, o Credit Suisse observa que o desempenho resiliente de receita da Ambev, aliado a uma redu\u00e7\u00e3o de press\u00f5es de custos de insumos, pode se traduzir em melhores margens [&hellip;]<\/p>\n","protected":false},"author":194,"featured_media":170445,"comment_status":"closed","ping_status":"closed","sticky":false,"template":"","format":"standard","meta":[],"categories":[64],"tags":[106075,359,392,433,848],"suno_strategy":[],"class_list":["post-326758","post","type-post","status-publish","format-standard","has-post-thumbnail","hentry","category-negocios","tag-aes-brasil-aesb3","tag-ambev-abev3","tag-bradesco-bbdc3-bbdc4","tag-cosan-csan3","tag-nubank"],"yoast_head":"<!-- This site is optimized with the Yoast SEO plugin v24.4 - https:\/\/yoast.com\/wordpress\/plugins\/seo\/ -->\n<title>Radar: previs\u00e3o positiva para a Ambev (ABEV3), a\u00e7\u00f5es de Nubank (NUBR33) ap\u00f3s decis\u00e3o do CEO e banco eleva pre\u00e7o-alvo de Cosan (CSAN3)<\/title>\n<meta name=\"description\" content=\"Ambev deve recuperar margens em 2023, a\u00e7\u00f5es do Nubank sobem e Cosan tem pre\u00e7o-alvo elevado e fecha em alta. Confira.\" \/>\n<meta name=\"robots\" content=\"index, follow, max-snippet:-1, max-image-preview:large, max-video-preview:-1\" \/>\n<link rel=\"canonical\" href=\"https:\/\/www.suno.com.br\/noticias\/radar-ambev-abev3-nubank-nubr33-cosan-csan3\/\" \/>\n<meta property=\"og:locale\" content=\"pt_BR\" \/>\n<meta property=\"og:type\" content=\"article\" \/>\n<meta property=\"og:title\" content=\"Radar: previs\u00e3o positiva para a Ambev (ABEV3), a\u00e7\u00f5es de Nubank (NUBR33) ap\u00f3s decis\u00e3o do CEO e banco eleva pre\u00e7o-alvo de Cosan (CSAN3)\" \/>\n<meta property=\"og:description\" content=\"Ambev deve recuperar margens em 2023, a\u00e7\u00f5es do Nubank sobem e Cosan tem pre\u00e7o-alvo elevado e fecha em alta. Confira.\" \/>\n<meta property=\"og:url\" content=\"https:\/\/www.suno.com.br\/noticias\/radar-ambev-abev3-nubank-nubr33-cosan-csan3\/\" \/>\n<meta property=\"og:site_name\" content=\"Suno Not\u00edcias\" \/>\n<meta property=\"article:publisher\" content=\"https:\/\/facebook.com\/sunoresearch\" \/>\n<meta property=\"og:image\" content=\"https:\/\/files.sunoresearch.com.br\/n\/uploads\/2021\/07\/67c033e6-ambev-distribuicao.jpg\" \/>\n\t<meta property=\"og:image:width\" content=\"1280\" \/>\n\t<meta property=\"og:image:height\" content=\"720\" \/>\n\t<meta property=\"og:image:type\" content=\"image\/jpeg\" \/>\n<meta name=\"author\" content=\"Isabella Taglapietra\" \/>\n<meta name=\"twitter:card\" content=\"summary_large_image\" \/>\n<meta name=\"twitter:creator\" content=\"@sunoresearch\" \/>\n<meta name=\"twitter:site\" content=\"@sunoresearch\" \/>\n<meta name=\"twitter:label1\" content=\"Escrito por\" \/>\n\t<meta name=\"twitter:data1\" content=\"Isabella Taglapietra\" \/>\n\t<meta name=\"twitter:label2\" content=\"Est. tempo de leitura\" \/>\n\t<meta name=\"twitter:data2\" content=\"12 minutos\" \/>\n<script type=\"application\/ld+json\" class=\"yoast-schema-graph\">{\"@context\":\"https:\/\/schema.org\",\"@graph\":[{\"@type\":\"NewsArticle\",\"@id\":\"https:\/\/www.suno.com.br\/noticias\/radar-ambev-abev3-nubank-nubr33-cosan-csan3\/#article\",\"isPartOf\":{\"@id\":\"https:\/\/www.suno.com.br\/noticias\/radar-ambev-abev3-nubank-nubr33-cosan-csan3\/\"},\"author\":{\"name\":\"Isabella Taglapietra\",\"@id\":\"https:\/\/www.suno.com.br\/noticias\/#\/schema\/person\/a0be106724f6f5d705d70f04333cb249\"},\"headline\":\"Radar: previs\u00e3o positiva para a Ambev (ABEV3), a\u00e7\u00f5es de Nubank (NUBR33) ap\u00f3s decis\u00e3o do CEO e banco eleva pre\u00e7o-alvo de Cosan (CSAN3)\",\"datePublished\":\"2022-12-01T02:38:13+00:00\",\"dateModified\":\"2022-12-01T02:38:25+00:00\",\"mainEntityOfPage\":{\"@id\":\"https:\/\/www.suno.com.br\/noticias\/radar-ambev-abev3-nubank-nubr33-cosan-csan3\/\"},\"wordCount\":2293,\"publisher\":{\"@id\":\"https:\/\/www.suno.com.br\/noticias\/#organization\"},\"image\":{\"@id\":\"https:\/\/www.suno.com.br\/noticias\/radar-ambev-abev3-nubank-nubr33-cosan-csan3\/#primaryimage\"},\"thumbnailUrl\":\"https:\/\/files.sunoresearch.com.br\/n\/uploads\/2021\/07\/67c033e6-ambev-distribuicao.jpg\",\"keywords\":[\"AES Brasil (AESB3)\",\"AMBEV (ABEV3)\",\"Bradesco (BBDC3\/BBDC4)\",\"Cosan (CSAN3)\",\"Nubank (NUBR33)\"],\"articleSection\":[\"Neg\u00f3cios\"],\"inLanguage\":\"pt-BR\"},{\"@type\":\"WebPage\",\"@id\":\"https:\/\/www.suno.com.br\/noticias\/radar-ambev-abev3-nubank-nubr33-cosan-csan3\/\",\"url\":\"https:\/\/www.suno.com.br\/noticias\/radar-ambev-abev3-nubank-nubr33-cosan-csan3\/\",\"name\":\"Radar: previs\u00e3o positiva para a Ambev (ABEV3), a\u00e7\u00f5es de Nubank (NUBR33) ap\u00f3s decis\u00e3o do CEO e banco eleva pre\u00e7o-alvo de Cosan (CSAN3)\",\"isPartOf\":{\"@id\":\"https:\/\/www.suno.com.br\/noticias\/#website\"},\"primaryImageOfPage\":{\"@id\":\"https:\/\/www.suno.com.br\/noticias\/radar-ambev-abev3-nubank-nubr33-cosan-csan3\/#primaryimage\"},\"image\":{\"@id\":\"https:\/\/www.suno.com.br\/noticias\/radar-ambev-abev3-nubank-nubr33-cosan-csan3\/#primaryimage\"},\"thumbnailUrl\":\"https:\/\/files.sunoresearch.com.br\/n\/uploads\/2021\/07\/67c033e6-ambev-distribuicao.jpg\",\"datePublished\":\"2022-12-01T02:38:13+00:00\",\"dateModified\":\"2022-12-01T02:38:25+00:00\",\"description\":\"Ambev deve recuperar margens em 2023, a\u00e7\u00f5es do Nubank sobem e Cosan tem pre\u00e7o-alvo elevado e fecha em alta. Confira.\",\"breadcrumb\":{\"@id\":\"https:\/\/www.suno.com.br\/noticias\/radar-ambev-abev3-nubank-nubr33-cosan-csan3\/#breadcrumb\"},\"inLanguage\":\"pt-BR\",\"potentialAction\":[{\"@type\":\"ReadAction\",\"target\":[\"https:\/\/www.suno.com.br\/noticias\/radar-ambev-abev3-nubank-nubr33-cosan-csan3\/\"]}]},{\"@type\":\"ImageObject\",\"inLanguage\":\"pt-BR\",\"@id\":\"https:\/\/www.suno.com.br\/noticias\/radar-ambev-abev3-nubank-nubr33-cosan-csan3\/#primaryimage\",\"url\":\"https:\/\/files.sunoresearch.com.br\/n\/uploads\/2021\/07\/67c033e6-ambev-distribuicao.jpg\",\"contentUrl\":\"https:\/\/files.sunoresearch.com.br\/n\/uploads\/2021\/07\/67c033e6-ambev-distribuicao.jpg\",\"width\":1280,\"height\":720,\"caption\":\"Ambev (ABEV3). Foto: Divulga\u00e7\u00e3o\"},{\"@type\":\"BreadcrumbList\",\"@id\":\"https:\/\/www.suno.com.br\/noticias\/radar-ambev-abev3-nubank-nubr33-cosan-csan3\/#breadcrumb\",\"itemListElement\":[{\"@type\":\"ListItem\",\"position\":1,\"name\":\"Not\u00edcias\",\"item\":\"https:\/\/www.suno.com.br\/noticias\/\"},{\"@type\":\"ListItem\",\"position\":2,\"name\":\"Neg\u00f3cios\",\"item\":\"https:\/\/www.suno.com.br\/noticias\/negocios\/\"},{\"@type\":\"ListItem\",\"position\":3,\"name\":\"Radar: previs\u00e3o positiva para a Ambev (ABEV3), a\u00e7\u00f5es de Nubank (NUBR33) ap\u00f3s decis\u00e3o do CEO e banco eleva pre\u00e7o-alvo de Cosan (CSAN3)\"}]},{\"@type\":\"WebSite\",\"@id\":\"https:\/\/www.suno.com.br\/noticias\/#website\",\"url\":\"https:\/\/www.suno.com.br\/noticias\/\",\"name\":\"Suno Not\u00edcias\",\"description\":\"Seu portal de informa\u00e7\u00e3o sobre o mundo dos investimentos\",\"publisher\":{\"@id\":\"https:\/\/www.suno.com.br\/noticias\/#organization\"},\"potentialAction\":[{\"@type\":\"SearchAction\",\"target\":{\"@type\":\"EntryPoint\",\"urlTemplate\":\"https:\/\/www.suno.com.br\/noticias\/?s={search_term_string}\"},\"query-input\":{\"@type\":\"PropertyValueSpecification\",\"valueRequired\":true,\"valueName\":\"search_term_string\"}}],\"inLanguage\":\"pt-BR\"},{\"@type\":\"Organization\",\"@id\":\"https:\/\/www.suno.com.br\/noticias\/#organization\",\"name\":\"Suno Not\u00edcias\",\"url\":\"https:\/\/www.suno.com.br\/noticias\/\",\"logo\":{\"@type\":\"ImageObject\",\"inLanguage\":\"pt-BR\",\"@id\":\"https:\/\/www.suno.com.br\/noticias\/#\/schema\/logo\/image\/\",\"url\":\"https:\/\/files.sunoresearch.com.br\/n\/uploads\/2021\/09\/suno-logo.png\",\"contentUrl\":\"https:\/\/files.sunoresearch.com.br\/n\/uploads\/2021\/09\/suno-logo.png\",\"width\":180,\"height\":180,\"caption\":\"Suno Not\u00edcias\"},\"image\":{\"@id\":\"https:\/\/www.suno.com.br\/noticias\/#\/schema\/logo\/image\/\"},\"sameAs\":[\"https:\/\/facebook.com\/sunoresearch\",\"https:\/\/x.com\/sunoresearch\",\"https:\/\/www.instagram.com\/suno\",\"https:\/\/www.linkedin.com\/company\/suno-research\/\",\"https:\/\/www.youtube.com\/c\/sunoresearch\"]},{\"@type\":\"Person\",\"@id\":\"https:\/\/www.suno.com.br\/noticias\/#\/schema\/person\/a0be106724f6f5d705d70f04333cb249\",\"name\":\"Isabella Taglapietra\",\"image\":{\"@type\":\"ImageObject\",\"inLanguage\":\"pt-BR\",\"@id\":\"https:\/\/www.suno.com.br\/noticias\/#\/schema\/person\/image\/\",\"url\":\"https:\/\/secure.gravatar.com\/avatar\/089c9e06b71de293117116aaf339e22f?s=96&r=g\",\"contentUrl\":\"https:\/\/secure.gravatar.com\/avatar\/089c9e06b71de293117116aaf339e22f?s=96&r=g\",\"caption\":\"Isabella Taglapietra\"},\"description\":\"Rep\u00f3rter freelancer no Suno Not\u00edcias, cobre not\u00edcias di\u00e1rias sobre economia, balan\u00e7os trimestrais e pesquisas. Formada em jornalismo pela Faculdade C\u00e1sper L\u00edbero e p\u00f3s-graduanda em mercado de capitais pela Fecap, atuou como rep\u00f3rter de economia e finan\u00e7as no portal CRC!News e Elas que Lucrem, al\u00e9m de social media para empresas do mercado financeiro.\",\"url\":\"https:\/\/www.suno.com.br\/noticias\/author\/isabella-taglapietra\/\"}]}<\/script>\n<!-- \/ Yoast SEO plugin. -->","yoast_head_json":{"title":"Radar: previs\u00e3o positiva para a Ambev (ABEV3), a\u00e7\u00f5es de Nubank (NUBR33) ap\u00f3s decis\u00e3o do CEO e banco eleva pre\u00e7o-alvo de Cosan (CSAN3)","description":"Ambev deve recuperar margens em 2023, a\u00e7\u00f5es do Nubank sobem e Cosan tem pre\u00e7o-alvo elevado e fecha em alta. Confira.","robots":{"index":"index","follow":"follow","max-snippet":"max-snippet:-1","max-image-preview":"max-image-preview:large","max-video-preview":"max-video-preview:-1"},"canonical":"https:\/\/www.suno.com.br\/noticias\/radar-ambev-abev3-nubank-nubr33-cosan-csan3\/","og_locale":"pt_BR","og_type":"article","og_title":"Radar: previs\u00e3o positiva para a Ambev (ABEV3), a\u00e7\u00f5es de Nubank (NUBR33) ap\u00f3s decis\u00e3o do CEO e banco eleva pre\u00e7o-alvo de Cosan (CSAN3)","og_description":"Ambev deve recuperar margens em 2023, a\u00e7\u00f5es do Nubank sobem e Cosan tem pre\u00e7o-alvo elevado e fecha em alta. Confira.","og_url":"https:\/\/www.suno.com.br\/noticias\/radar-ambev-abev3-nubank-nubr33-cosan-csan3\/","og_site_name":"Suno Not\u00edcias","article_publisher":"https:\/\/facebook.com\/sunoresearch","og_image":[{"width":1280,"height":720,"url":"https:\/\/files.sunoresearch.com.br\/n\/uploads\/2021\/07\/67c033e6-ambev-distribuicao.jpg","type":"image\/jpeg"}],"author":"Isabella Taglapietra","twitter_card":"summary_large_image","twitter_creator":"@sunoresearch","twitter_site":"@sunoresearch","twitter_misc":{"Escrito por":"Isabella Taglapietra","Est. tempo de leitura":"12 minutos"},"schema":{"@context":"https:\/\/schema.org","@graph":[{"@type":"NewsArticle","@id":"https:\/\/www.suno.com.br\/noticias\/radar-ambev-abev3-nubank-nubr33-cosan-csan3\/#article","isPartOf":{"@id":"https:\/\/www.suno.com.br\/noticias\/radar-ambev-abev3-nubank-nubr33-cosan-csan3\/"},"author":{"name":"Isabella Taglapietra","@id":"https:\/\/www.suno.com.br\/noticias\/#\/schema\/person\/a0be106724f6f5d705d70f04333cb249"},"headline":"Radar: previs\u00e3o positiva para a Ambev (ABEV3), a\u00e7\u00f5es de Nubank (NUBR33) ap\u00f3s decis\u00e3o do CEO e banco eleva pre\u00e7o-alvo de Cosan (CSAN3)","datePublished":"2022-12-01T02:38:13+00:00","dateModified":"2022-12-01T02:38:25+00:00","mainEntityOfPage":{"@id":"https:\/\/www.suno.com.br\/noticias\/radar-ambev-abev3-nubank-nubr33-cosan-csan3\/"},"wordCount":2293,"publisher":{"@id":"https:\/\/www.suno.com.br\/noticias\/#organization"},"image":{"@id":"https:\/\/www.suno.com.br\/noticias\/radar-ambev-abev3-nubank-nubr33-cosan-csan3\/#primaryimage"},"thumbnailUrl":"https:\/\/files.sunoresearch.com.br\/n\/uploads\/2021\/07\/67c033e6-ambev-distribuicao.jpg","keywords":["AES Brasil (AESB3)","AMBEV (ABEV3)","Bradesco (BBDC3\/BBDC4)","Cosan (CSAN3)","Nubank (NUBR33)"],"articleSection":["Neg\u00f3cios"],"inLanguage":"pt-BR"},{"@type":"WebPage","@id":"https:\/\/www.suno.com.br\/noticias\/radar-ambev-abev3-nubank-nubr33-cosan-csan3\/","url":"https:\/\/www.suno.com.br\/noticias\/radar-ambev-abev3-nubank-nubr33-cosan-csan3\/","name":"Radar: previs\u00e3o positiva para a Ambev (ABEV3), a\u00e7\u00f5es de Nubank (NUBR33) ap\u00f3s decis\u00e3o do CEO e banco eleva pre\u00e7o-alvo de Cosan (CSAN3)","isPartOf":{"@id":"https:\/\/www.suno.com.br\/noticias\/#website"},"primaryImageOfPage":{"@id":"https:\/\/www.suno.com.br\/noticias\/radar-ambev-abev3-nubank-nubr33-cosan-csan3\/#primaryimage"},"image":{"@id":"https:\/\/www.suno.com.br\/noticias\/radar-ambev-abev3-nubank-nubr33-cosan-csan3\/#primaryimage"},"thumbnailUrl":"https:\/\/files.sunoresearch.com.br\/n\/uploads\/2021\/07\/67c033e6-ambev-distribuicao.jpg","datePublished":"2022-12-01T02:38:13+00:00","dateModified":"2022-12-01T02:38:25+00:00","description":"Ambev deve recuperar margens em 2023, a\u00e7\u00f5es do Nubank sobem e Cosan tem pre\u00e7o-alvo elevado e fecha em alta. Confira.","breadcrumb":{"@id":"https:\/\/www.suno.com.br\/noticias\/radar-ambev-abev3-nubank-nubr33-cosan-csan3\/#breadcrumb"},"inLanguage":"pt-BR","potentialAction":[{"@type":"ReadAction","target":["https:\/\/www.suno.com.br\/noticias\/radar-ambev-abev3-nubank-nubr33-cosan-csan3\/"]}]},{"@type":"ImageObject","inLanguage":"pt-BR","@id":"https:\/\/www.suno.com.br\/noticias\/radar-ambev-abev3-nubank-nubr33-cosan-csan3\/#primaryimage","url":"https:\/\/files.sunoresearch.com.br\/n\/uploads\/2021\/07\/67c033e6-ambev-distribuicao.jpg","contentUrl":"https:\/\/files.sunoresearch.com.br\/n\/uploads\/2021\/07\/67c033e6-ambev-distribuicao.jpg","width":1280,"height":720,"caption":"Ambev (ABEV3). Foto: Divulga\u00e7\u00e3o"},{"@type":"BreadcrumbList","@id":"https:\/\/www.suno.com.br\/noticias\/radar-ambev-abev3-nubank-nubr33-cosan-csan3\/#breadcrumb","itemListElement":[{"@type":"ListItem","position":1,"name":"Not\u00edcias","item":"https:\/\/www.suno.com.br\/noticias\/"},{"@type":"ListItem","position":2,"name":"Neg\u00f3cios","item":"https:\/\/www.suno.com.br\/noticias\/negocios\/"},{"@type":"ListItem","position":3,"name":"Radar: previs\u00e3o positiva para a Ambev (ABEV3), a\u00e7\u00f5es de Nubank (NUBR33) ap\u00f3s decis\u00e3o do CEO e banco eleva pre\u00e7o-alvo de Cosan (CSAN3)"}]},{"@type":"WebSite","@id":"https:\/\/www.suno.com.br\/noticias\/#website","url":"https:\/\/www.suno.com.br\/noticias\/","name":"Suno Not\u00edcias","description":"Seu portal de informa\u00e7\u00e3o sobre o mundo dos investimentos","publisher":{"@id":"https:\/\/www.suno.com.br\/noticias\/#organization"},"potentialAction":[{"@type":"SearchAction","target":{"@type":"EntryPoint","urlTemplate":"https:\/\/www.suno.com.br\/noticias\/?s={search_term_string}"},"query-input":{"@type":"PropertyValueSpecification","valueRequired":true,"valueName":"search_term_string"}}],"inLanguage":"pt-BR"},{"@type":"Organization","@id":"https:\/\/www.suno.com.br\/noticias\/#organization","name":"Suno Not\u00edcias","url":"https:\/\/www.suno.com.br\/noticias\/","logo":{"@type":"ImageObject","inLanguage":"pt-BR","@id":"https:\/\/www.suno.com.br\/noticias\/#\/schema\/logo\/image\/","url":"https:\/\/files.sunoresearch.com.br\/n\/uploads\/2021\/09\/suno-logo.png","contentUrl":"https:\/\/files.sunoresearch.com.br\/n\/uploads\/2021\/09\/suno-logo.png","width":180,"height":180,"caption":"Suno Not\u00edcias"},"image":{"@id":"https:\/\/www.suno.com.br\/noticias\/#\/schema\/logo\/image\/"},"sameAs":["https:\/\/facebook.com\/sunoresearch","https:\/\/x.com\/sunoresearch","https:\/\/www.instagram.com\/suno","https:\/\/www.linkedin.com\/company\/suno-research\/","https:\/\/www.youtube.com\/c\/sunoresearch"]},{"@type":"Person","@id":"https:\/\/www.suno.com.br\/noticias\/#\/schema\/person\/a0be106724f6f5d705d70f04333cb249","name":"Isabella Taglapietra","image":{"@type":"ImageObject","inLanguage":"pt-BR","@id":"https:\/\/www.suno.com.br\/noticias\/#\/schema\/person\/image\/","url":"https:\/\/secure.gravatar.com\/avatar\/089c9e06b71de293117116aaf339e22f?s=96&r=g","contentUrl":"https:\/\/secure.gravatar.com\/avatar\/089c9e06b71de293117116aaf339e22f?s=96&r=g","caption":"Isabella Taglapietra"},"description":"Rep\u00f3rter freelancer no Suno Not\u00edcias, cobre not\u00edcias di\u00e1rias sobre economia, balan\u00e7os trimestrais e pesquisas. Formada em jornalismo pela Faculdade C\u00e1sper L\u00edbero e p\u00f3s-graduanda em mercado de capitais pela Fecap, atuou como rep\u00f3rter de economia e finan\u00e7as no portal CRC!News e Elas que Lucrem, al\u00e9m de social media para empresas do mercado financeiro.","url":"https:\/\/www.suno.com.br\/noticias\/author\/isabella-taglapietra\/"}]}},"default_loop_html":"<div class=\"cardsPage__listCard__boxs\"><div class=\"cardsPage__listCard__boxs__img\"><a href=\"https:\/\/www.suno.com.br\/noticias\/radar-ambev-abev3-nubank-nubr33-cosan-csan3\/\"><img class=\"mask\" src=\"https:\/\/www.suno.com.br\/noticias\/wp-content\/themes\/suno\/resources\/images\/spotlight\/spotlight1img\/bg-mask.png\" alt=\"Image Mask\"\/><img src=\"https:\/\/files.sunoresearch.com.br\/n\/uploads\/2021\/07\/67c033e6-ambev-distribuicao-400x200.jpg\" alt=\"Radar: previs\u00e3o positiva para a Ambev (ABEV3), a\u00e7\u00f5es de Nubank (NUBR33) ap\u00f3s decis\u00e3o do CEO e banco eleva pre\u00e7o-alvo de Cosan (CSAN3)\"\/><\/a><span class=\"spotlightCategory\"><a href=\"https:\/\/www.suno.com.br\/noticias\/negocios\/\">Neg\u00f3cios<\/a><\/span><\/div><div class=\"cardsPage__listCard__boxs__content\"><a href=\"https:\/\/www.suno.com.br\/noticias\/radar-ambev-abev3-nubank-nubr33-cosan-csan3\/\"><h2 class=\"content__title\">Radar: previs\u00e3o positiva para a Ambev (ABEV3), a\u00e7\u00f5es de Nubank (NUBR33) ap\u00f3s decis\u00e3o do CEO e banco eleva pre\u00e7o-alvo de Cosan (CSAN3)<\/h2><\/a><div class=\"newsContent__article__meta\"><div class=\"newsContent__article__meta__authorBox\"><a href=\"https:\/\/www.suno.com.br\/noticias\/author\/isabella-taglapietra\/\" class=\"authorBox__avatar noMobi\"><img src=\"https:\/\/files.sunoresearch.com.br\/n\/uploads\/2022\/08\/WhatsApp-Image-2022-08-04-at-12.40.27-150x150.jpeg\" alt=\"Isabella Taglapietra\"><\/a><div class=\"authorBox__name\"><span>por\n\t\t\t<a href=\"https:\/\/www.suno.com.br\/noticias\/author\/isabella-taglapietra\/\"><span itemprop=\"author\">Isabella Taglapietra<\/span><\/a><\/span><time datetime=\"2022-11-30T23:38:13-03:00\" itemprop=\"datePublished\">30\/11\/2022 23:38<\/time><\/div><\/div><\/div><\/div><\/div>","single_layout":"posts","amp_enabled":true,"_links":{"self":[{"href":"https:\/\/www.suno.com.br\/noticias\/wp-json\/wp\/v2\/posts\/326758"}],"collection":[{"href":"https:\/\/www.suno.com.br\/noticias\/wp-json\/wp\/v2\/posts"}],"about":[{"href":"https:\/\/www.suno.com.br\/noticias\/wp-json\/wp\/v2\/types\/post"}],"author":[{"embeddable":true,"href":"https:\/\/www.suno.com.br\/noticias\/wp-json\/wp\/v2\/users\/194"}],"replies":[{"embeddable":true,"href":"https:\/\/www.suno.com.br\/noticias\/wp-json\/wp\/v2\/comments?post=326758"}],"version-history":[{"count":2,"href":"https:\/\/www.suno.com.br\/noticias\/wp-json\/wp\/v2\/posts\/326758\/revisions"}],"predecessor-version":[{"id":326838,"href":"https:\/\/www.suno.com.br\/noticias\/wp-json\/wp\/v2\/posts\/326758\/revisions\/326838"}],"wp:featuredmedia":[{"embeddable":true,"href":"https:\/\/www.suno.com.br\/noticias\/wp-json\/wp\/v2\/media\/170445"}],"wp:attachment":[{"href":"https:\/\/www.suno.com.br\/noticias\/wp-json\/wp\/v2\/media?parent=326758"}],"wp:term":[{"taxonomy":"category","embeddable":true,"href":"https:\/\/www.suno.com.br\/noticias\/wp-json\/wp\/v2\/categories?post=326758"},{"taxonomy":"post_tag","embeddable":true,"href":"https:\/\/www.suno.com.br\/noticias\/wp-json\/wp\/v2\/tags?post=326758"},{"taxonomy":"suno_strategy","embeddable":true,"href":"https:\/\/www.suno.com.br\/noticias\/wp-json\/wp\/v2\/suno_strategy?post=326758"}],"curies":[{"name":"wp","href":"https:\/\/api.w.org\/{rel}","templated":true}]}}