{"id":32649,"date":"2019-07-31T10:35:33","date_gmt":"2019-07-31T13:35:33","guid":{"rendered":"https:\/\/www.suno.com.br\/noticias\/?p=32649"},"modified":"2021-06-01T22:06:41","modified_gmt":"2021-06-02T01:06:41","slug":"desemprego-taxa-emprego-carteira-assinada","status":"publish","type":"post","link":"https:\/\/www.suno.com.br\/noticias\/desemprego-taxa-emprego-carteira-assinada\/","title":{"rendered":"Taxa de desemprego recua e Brasil registra 294 mil carteiras assinadas, diz IBGE"},"content":{"rendered":"<p>De acordo com a Pesquisa Nacional por Amostra de Domic\u00edlios Cont\u00ednua (PNAD Cont\u00ednua) do Instituto Brasileiro de Geografia e Estat\u00edstica (IBGE) a <a href=\"https:\/\/www.suno.com.br\/artigos\/indice-de-desemprego\/\">taxa de desemprego<\/a> do Pa\u00eds recuou em 0,7% no segundo trimestre do ano em compara\u00e7\u00e3o com o primeiro.<\/p>\t<div class=\"wrapper-featured-image\">\n\t\t<figure class=\"spotlightImg\">\n\n\t\t\t<picture>\n\t\t\t\t<source media=\"(max-width: 768px)\" srcset=\"https:\/\/files.sunoresearch.com.br\/n\/uploads\/2018\/11\/ff108050-carteira-de-trabalho-400x200.webp\">\n\t\t\t\t<img loading=\"lazy\" decoding=\"async\" class=\"newsContent__article__imgCapa lazyloadDisabled newsContent__article__imgCapa--noCaption\" src=\"https:\/\/files.sunoresearch.com.br\/n\/uploads\/2018\/11\/ff108050-carteira-de-trabalho-800x450.webp\" width=\"800\" height=\"450\" alt=\"Taxa de desemprego recua e Brasil registra 294 mil carteiras assinadas, diz IBGE\" fetchpriority=high \/>\n\t\t\t<\/picture>\n\n\t\t\t<figcaption class=\"wp-caption-text wp-caption-text--hide\">Caged: Brasil cria 394,9 mil vagas em outubro<\/figcaption>\n\t\t<\/figure>\n\t<\/div>\n\n\n<p>Nos primeiros tr\u00eas meses de 2019, a taxa de<strong> desemprego<\/strong> registrou 12,7%, dessa forma, de abril a junho a taxa ficou em 12%. Ao todo, foram preenchidas mais de 294 mil vagas com carteira assinada, aumento de 0,9% em compara\u00e7\u00e3o com o primeiro trimestre.<\/p>\n\n<p>\u201cO n\u00famero de empregados com carteira assinada nunca cresceu tanto desde o trimestre terminado em junho de 2014. \u00c9 uma varia\u00e7\u00e3o significativa\u201d, disse o diretor-adjunto de Pesquisas do IBGE, Cimar Azeredo.<\/p>\n<p>\u201cAinda h\u00e1 muita informalidade e um d\u00e9ficit expressivo de postos de trabalho com carteira assinada\u201d, completa Azeredo.<\/p>\n<p>O IBGE divulgou dois recordes na s\u00e9rie hist\u00f3rica iniciada em 2012:<\/p>\n<ul>\n<li>popula\u00e7\u00e3o subocupada alcan\u00e7ou 7,4 milh\u00f5es de pessoas;<\/li>\n<li>e n\u00famero de trabalhadores por conta pr\u00f3pria chegou a 24,1 milh\u00f5es.<\/li>\n<\/ul>\n\t<p>\n\t\t<a href=\"https:\/\/lp.suno.com.br\/asset\/fundos\/suno-fic-fia\/\" target=\"_blank\" data-element=\"shortcode-suno-banner\" title=\"Banner SUNO, clique e saiba mais\">\n\t\t\t<picture>\n\t\t\t\t<source media=\"(max-width: 500px)\" srcset=\"https:\/\/files.sunoresearch.com.br\/n\/uploads\/2023\/10\/SUNO-FIC-FIA-400x300-Mobile-Artigos-5-v2.png\">\n\t\t\t\t<img class=\"newsContent__article__imgCapa newsContent__article__imgCapa--banner\"\n\t\t\t\t\tsrc=\"https:\/\/files.sunoresearch.com.br\/n\/uploads\/2023\/10\/SUNO-FIC-FIA-1420x240-Banner-Artigos-1-_-Banner-Materias-4-v2-png.webp\"\n\t\t\t\t\tdata-promo-id=\"478743\"\t\t\t\t\t\t\t\t\t\twidth='2560' height='433'\t\t\t\t\talt=\"https:\/\/files.sunoresearch.com.br\/n\/uploads\/2023\/10\/SUNO-FIC-FIA-1420x240-Banner-Artigos-1-_-Banner-Materias-4-v2-png.webp\"\n\t\t\t\t>\n\t\t\t<\/picture>\n\t\t<\/a>\n\t<\/p>\n\n\n<p>O n\u00famero de trabalhadores por conta pr\u00f3pria teve aumento de 1,6% em compara\u00e7\u00e3o aos primeiros tr\u00eas meses do ano, valor correspondente a mais 391 mil pessoas. E frente ao mesmo per\u00edodo em 2018, esse crescimento foi de mais 1.156 mil pessoas, alta de 5%.<\/p>\n<p>Em rela\u00e7\u00e3o ao n\u00famero de pessoas subocupadas houve um aumento de 8,7%, mais 587 mil subocupados, em compara\u00e7\u00e3o com o primeiro trimestre. Quando comparado com o mesmo per\u00edodo no ano anterior esse valor reflete alta de 13,8%, equivalente a mais 892 mil pessoas subocupadas.<\/p>\n<p><iframe loading=\"lazy\" title=\"?Fed e BC cortam taxa b\u00e1sica de juros;Caixa tamb\u00e9m corta juros e desemprego em queda\" width=\"200\" height=\"113\" src=\"https:\/\/www.youtube.com\/embed\/tlq68mPyD1E?feature=oembed\" frameborder=\"0\" allow=\"accelerometer; autoplay; encrypted-media; gyroscope; picture-in-picture\" allowfullscreen><\/iframe><\/p>\n<h2>Resultado da taxa de desemprego no Brasil<\/h2>\n<p>A popula\u00e7\u00e3o desocupada teve recuo de -4,6%, esse valor \u00e9 equivalente a menos 621 mil pessoas em busca de trabalho. Atualmente, os desocupados s\u00e3o em 12,8 milh\u00f5es de pessoas<\/p>\n<p>A popula\u00e7\u00e3o ocupada em rela\u00e7\u00e3o ao trimestre anterior registrou crescimento de 1,6%, equivalente a mais 1.479 mil pessoas. Em compara\u00e7\u00e3o com o mesmo per\u00edodo no ano anterior, esse avan\u00e7o \u00e9 correspondente a 2,6%, mais 2.401 mil pessoas. O total de pessoas ocupadas \u00e9 de 93,3 milh\u00f5es.<\/p>\n<p>A popula\u00e7\u00e3o fora da for\u00e7a de trabalho, 64,8 milh\u00f5es, teve recuo de -0,8%, menos 494 mil pessoas, em compara\u00e7\u00e3o com o primeiro trimestre.<\/p>\n<p><a href=\"\/\/www.suno.com.br\/noticias\/desemprego-medo-aumenta-satisfacao-vida-diminui\/\">Confira Tamb\u00e9m: Medo do desemprego aumenta e satisfa\u00e7\u00e3o com a vida diminui entre brasileiros<\/a><\/p>\n<p>No trimestre m\u00f3vel de abril a junho de 2019, havia aproximadamente 12,8 milh\u00f5es de pessoas desempregadas no Brasil. Dessa forma, este contingente recuou -4,6%, ou menos 621 mil pessoas em busca de trabalho frente ao trimestre anterior e ficou estatisticamente est\u00e1vel em rela\u00e7\u00e3o a igual per\u00edodo de 2018.<\/p>\n<p>De acordo com a \u00faltima pesquisa da Confedera\u00e7\u00e3o Nacional da Ind\u00fastria (CNI), entre os brasileiros o <a href=\"https:\/\/www.suno.com.br\/noticias\/desemprego-medo-aumenta-satisfacao-vida-diminui\/\">medo do <strong>desemprego<\/strong><\/a> aumentou alcan\u00e7ando 59,3 pontos.<\/p>\n","protected":false},"excerpt":{"rendered":"<p>De acordo com a Pesquisa Nacional por Amostra de Domic\u00edlios Cont\u00ednua (PNAD Cont\u00ednua) do Instituto Brasileiro de Geografia e Estat\u00edstica (IBGE) a taxa de desemprego do Pa\u00eds recuou em 0,7% no segundo trimestre do ano em compara\u00e7\u00e3o com o primeiro. Caged: Brasil cria 394,9 mil vagas em outubro Nos primeiros tr\u00eas meses de 2019, a [&hellip;]<\/p>\n","protected":false},"author":15,"featured_media":7420,"comment_status":"closed","ping_status":"closed","sticky":false,"template":"","format":"standard","meta":[],"categories":[62],"tags":[1296,1796],"suno_strategy":[],"class_list":["post-32649","post","type-post","status-publish","format-standard","has-post-thumbnail","hentry","category-economia","tag-desemprego","tag-emprego"],"yoast_head":"<!-- This site is optimized with the Yoast SEO plugin v24.4 - https:\/\/yoast.com\/wordpress\/plugins\/seo\/ -->\n<title>Taxa de desemprego recua e Brasil registra 294 mil carteiras assinadas<\/title>\n<meta name=\"description\" content=\"A taxa de desemprego registrou recuo de 0,7%, equivalente a 12%. Al\u00e9m disso, foram 294 mil carteiras assinadas no 2T19. Clique aqui\" \/>\n<meta name=\"robots\" content=\"index, follow, max-snippet:-1, max-image-preview:large, max-video-preview:-1\" \/>\n<link rel=\"canonical\" href=\"https:\/\/www.suno.com.br\/noticias\/desemprego-taxa-emprego-carteira-assinada\/\" \/>\n<meta property=\"og:locale\" content=\"pt_BR\" \/>\n<meta property=\"og:type\" content=\"article\" \/>\n<meta property=\"og:title\" content=\"Taxa de desemprego recua e Brasil registra 294 mil carteiras assinadas\" \/>\n<meta property=\"og:description\" content=\"A taxa de desemprego registrou recuo de 0,7%, equivalente a 12%. Al\u00e9m disso, foram 294 mil carteiras assinadas no 2T19. Clique aqui\" \/>\n<meta property=\"og:url\" content=\"https:\/\/www.suno.com.br\/noticias\/desemprego-taxa-emprego-carteira-assinada\/\" \/>\n<meta property=\"og:site_name\" content=\"Suno Not\u00edcias\" \/>\n<meta property=\"article:publisher\" content=\"https:\/\/facebook.com\/sunoresearch\" \/>\n<meta property=\"og:image\" content=\"https:\/\/files.sunoresearch.com.br\/n\/uploads\/2018\/11\/ff108050-carteira-de-trabalho.jpg\" \/>\n\t<meta property=\"og:image:width\" content=\"1024\" \/>\n\t<meta property=\"og:image:height\" content=\"680\" \/>\n\t<meta property=\"og:image:type\" content=\"image\/jpeg\" \/>\n<meta name=\"author\" content=\"Poliana Santos\" \/>\n<meta name=\"twitter:card\" content=\"summary_large_image\" \/>\n<meta name=\"twitter:creator\" content=\"@sunoresearch\" \/>\n<meta name=\"twitter:site\" content=\"@sunoresearch\" \/>\n<meta name=\"twitter:label1\" content=\"Escrito por\" \/>\n\t<meta name=\"twitter:data1\" content=\"Poliana Santos\" \/>\n\t<meta name=\"twitter:label2\" content=\"Est. tempo de leitura\" \/>\n\t<meta name=\"twitter:data2\" content=\"2 minutos\" \/>\n<script type=\"application\/ld+json\" class=\"yoast-schema-graph\">{\"@context\":\"https:\/\/schema.org\",\"@graph\":[{\"@type\":\"NewsArticle\",\"@id\":\"https:\/\/www.suno.com.br\/noticias\/desemprego-taxa-emprego-carteira-assinada\/#article\",\"isPartOf\":{\"@id\":\"https:\/\/www.suno.com.br\/noticias\/desemprego-taxa-emprego-carteira-assinada\/\"},\"author\":{\"name\":\"Poliana Santos\",\"@id\":\"https:\/\/www.suno.com.br\/noticias\/#\/schema\/person\/02ec1f752758247878a2bf4abee1aeda\"},\"headline\":\"Taxa de desemprego recua e Brasil registra 294 mil carteiras assinadas, diz IBGE\",\"datePublished\":\"2019-07-31T13:35:33+00:00\",\"dateModified\":\"2021-06-02T01:06:41+00:00\",\"mainEntityOfPage\":{\"@id\":\"https:\/\/www.suno.com.br\/noticias\/desemprego-taxa-emprego-carteira-assinada\/\"},\"wordCount\":482,\"publisher\":{\"@id\":\"https:\/\/www.suno.com.br\/noticias\/#organization\"},\"image\":{\"@id\":\"https:\/\/www.suno.com.br\/noticias\/desemprego-taxa-emprego-carteira-assinada\/#primaryimage\"},\"thumbnailUrl\":\"https:\/\/files.sunoresearch.com.br\/n\/uploads\/2018\/11\/ff108050-carteira-de-trabalho-jpg.webp\",\"keywords\":[\"Desemprego\",\"Emprego\"],\"articleSection\":[\"Economia\"],\"inLanguage\":\"pt-BR\"},{\"@type\":\"WebPage\",\"@id\":\"https:\/\/www.suno.com.br\/noticias\/desemprego-taxa-emprego-carteira-assinada\/\",\"url\":\"https:\/\/www.suno.com.br\/noticias\/desemprego-taxa-emprego-carteira-assinada\/\",\"name\":\"Taxa de desemprego recua e Brasil registra 294 mil carteiras assinadas\",\"isPartOf\":{\"@id\":\"https:\/\/www.suno.com.br\/noticias\/#website\"},\"primaryImageOfPage\":{\"@id\":\"https:\/\/www.suno.com.br\/noticias\/desemprego-taxa-emprego-carteira-assinada\/#primaryimage\"},\"image\":{\"@id\":\"https:\/\/www.suno.com.br\/noticias\/desemprego-taxa-emprego-carteira-assinada\/#primaryimage\"},\"thumbnailUrl\":\"https:\/\/files.sunoresearch.com.br\/n\/uploads\/2018\/11\/ff108050-carteira-de-trabalho-jpg.webp\",\"datePublished\":\"2019-07-31T13:35:33+00:00\",\"dateModified\":\"2021-06-02T01:06:41+00:00\",\"description\":\"A taxa de desemprego registrou recuo de 0,7%, equivalente a 12%. Al\u00e9m disso, foram 294 mil carteiras assinadas no 2T19. Clique aqui\",\"breadcrumb\":{\"@id\":\"https:\/\/www.suno.com.br\/noticias\/desemprego-taxa-emprego-carteira-assinada\/#breadcrumb\"},\"inLanguage\":\"pt-BR\",\"potentialAction\":[{\"@type\":\"ReadAction\",\"target\":[\"https:\/\/www.suno.com.br\/noticias\/desemprego-taxa-emprego-carteira-assinada\/\"]}]},{\"@type\":\"ImageObject\",\"inLanguage\":\"pt-BR\",\"@id\":\"https:\/\/www.suno.com.br\/noticias\/desemprego-taxa-emprego-carteira-assinada\/#primaryimage\",\"url\":\"https:\/\/files.sunoresearch.com.br\/n\/uploads\/2018\/11\/ff108050-carteira-de-trabalho-jpg.webp\",\"contentUrl\":\"https:\/\/files.sunoresearch.com.br\/n\/uploads\/2018\/11\/ff108050-carteira-de-trabalho-jpg.webp\",\"width\":1024,\"height\":680,\"caption\":\"Caged: Brasil cria 394,9 mil vagas em outubro\"},{\"@type\":\"BreadcrumbList\",\"@id\":\"https:\/\/www.suno.com.br\/noticias\/desemprego-taxa-emprego-carteira-assinada\/#breadcrumb\",\"itemListElement\":[{\"@type\":\"ListItem\",\"position\":1,\"name\":\"Not\u00edcias\",\"item\":\"https:\/\/www.suno.com.br\/noticias\/\"},{\"@type\":\"ListItem\",\"position\":2,\"name\":\"Economia\",\"item\":\"https:\/\/www.suno.com.br\/noticias\/economia\/\"},{\"@type\":\"ListItem\",\"position\":3,\"name\":\"Taxa de desemprego recua e Brasil registra 294 mil carteiras assinadas, diz IBGE\"}]},{\"@type\":\"WebSite\",\"@id\":\"https:\/\/www.suno.com.br\/noticias\/#website\",\"url\":\"https:\/\/www.suno.com.br\/noticias\/\",\"name\":\"Suno Not\u00edcias\",\"description\":\"Seu portal de informa\u00e7\u00e3o sobre o mundo dos investimentos\",\"publisher\":{\"@id\":\"https:\/\/www.suno.com.br\/noticias\/#organization\"},\"potentialAction\":[{\"@type\":\"SearchAction\",\"target\":{\"@type\":\"EntryPoint\",\"urlTemplate\":\"https:\/\/www.suno.com.br\/noticias\/?s={search_term_string}\"},\"query-input\":{\"@type\":\"PropertyValueSpecification\",\"valueRequired\":true,\"valueName\":\"search_term_string\"}}],\"inLanguage\":\"pt-BR\"},{\"@type\":\"Organization\",\"@id\":\"https:\/\/www.suno.com.br\/noticias\/#organization\",\"name\":\"Suno Not\u00edcias\",\"url\":\"https:\/\/www.suno.com.br\/noticias\/\",\"logo\":{\"@type\":\"ImageObject\",\"inLanguage\":\"pt-BR\",\"@id\":\"https:\/\/www.suno.com.br\/noticias\/#\/schema\/logo\/image\/\",\"url\":\"https:\/\/files.sunoresearch.com.br\/n\/uploads\/2021\/09\/suno-logo.png\",\"contentUrl\":\"https:\/\/files.sunoresearch.com.br\/n\/uploads\/2021\/09\/suno-logo.png\",\"width\":180,\"height\":180,\"caption\":\"Suno Not\u00edcias\"},\"image\":{\"@id\":\"https:\/\/www.suno.com.br\/noticias\/#\/schema\/logo\/image\/\"},\"sameAs\":[\"https:\/\/facebook.com\/sunoresearch\",\"https:\/\/x.com\/sunoresearch\",\"https:\/\/www.instagram.com\/suno\",\"https:\/\/www.linkedin.com\/company\/suno-research\/\",\"https:\/\/www.youtube.com\/c\/sunoresearch\"]},{\"@type\":\"Person\",\"@id\":\"https:\/\/www.suno.com.br\/noticias\/#\/schema\/person\/02ec1f752758247878a2bf4abee1aeda\",\"name\":\"Poliana Santos\",\"image\":{\"@type\":\"ImageObject\",\"inLanguage\":\"pt-BR\",\"@id\":\"https:\/\/www.suno.com.br\/noticias\/#\/schema\/person\/image\/\",\"url\":\"https:\/\/secure.gravatar.com\/avatar\/0645bd32f23d87b2130f2b2dff1d3f8d?s=96&r=g\",\"contentUrl\":\"https:\/\/secure.gravatar.com\/avatar\/0645bd32f23d87b2130f2b2dff1d3f8d?s=96&r=g\",\"caption\":\"Poliana Santos\"},\"description\":\"Rep\u00f3rter no Suno Not\u00edcias, com cobertura em mercado financeiro, economia, finan\u00e7as pessoais, renda fixa e varejo. Jornalista formada pela Faculdade C\u00e1sper L\u00edbero e possui passagem na R\u00e1dio Gazeta AM com a produ\u00e7\u00e3o de conte\u00fado sobre economia, pol\u00edtica, sa\u00fade, moda e m\u00fasica. Possui certificado de conclus\u00e3o do curso de An\u00e1lise de Balan\u00e7os pela Funda\u00e7\u00e3o Bradesco, Agenda Brasil pela FAAP, Educa\u00e7\u00e3o Pol\u00edtica por Alexandre Garcia e do Tesouro Direto e Mercado de A\u00e7\u00f5es pela B3.\",\"url\":\"https:\/\/www.suno.com.br\/noticias\/author\/poliana-santos\/\"}]}<\/script>\n<!-- \/ Yoast SEO plugin. -->","yoast_head_json":{"title":"Taxa de desemprego recua e Brasil registra 294 mil carteiras assinadas","description":"A taxa de desemprego registrou recuo de 0,7%, equivalente a 12%. Al\u00e9m disso, foram 294 mil carteiras assinadas no 2T19. Clique aqui","robots":{"index":"index","follow":"follow","max-snippet":"max-snippet:-1","max-image-preview":"max-image-preview:large","max-video-preview":"max-video-preview:-1"},"canonical":"https:\/\/www.suno.com.br\/noticias\/desemprego-taxa-emprego-carteira-assinada\/","og_locale":"pt_BR","og_type":"article","og_title":"Taxa de desemprego recua e Brasil registra 294 mil carteiras assinadas","og_description":"A taxa de desemprego registrou recuo de 0,7%, equivalente a 12%. Al\u00e9m disso, foram 294 mil carteiras assinadas no 2T19. Clique aqui","og_url":"https:\/\/www.suno.com.br\/noticias\/desemprego-taxa-emprego-carteira-assinada\/","og_site_name":"Suno Not\u00edcias","article_publisher":"https:\/\/facebook.com\/sunoresearch","og_image":[{"width":1024,"height":680,"url":"https:\/\/files.sunoresearch.com.br\/n\/uploads\/2018\/11\/ff108050-carteira-de-trabalho.jpg","type":"image\/jpeg"}],"author":"Poliana Santos","twitter_card":"summary_large_image","twitter_creator":"@sunoresearch","twitter_site":"@sunoresearch","twitter_misc":{"Escrito por":"Poliana Santos","Est. tempo de leitura":"2 minutos"},"schema":{"@context":"https:\/\/schema.org","@graph":[{"@type":"NewsArticle","@id":"https:\/\/www.suno.com.br\/noticias\/desemprego-taxa-emprego-carteira-assinada\/#article","isPartOf":{"@id":"https:\/\/www.suno.com.br\/noticias\/desemprego-taxa-emprego-carteira-assinada\/"},"author":{"name":"Poliana Santos","@id":"https:\/\/www.suno.com.br\/noticias\/#\/schema\/person\/02ec1f752758247878a2bf4abee1aeda"},"headline":"Taxa de desemprego recua e Brasil registra 294 mil carteiras assinadas, diz IBGE","datePublished":"2019-07-31T13:35:33+00:00","dateModified":"2021-06-02T01:06:41+00:00","mainEntityOfPage":{"@id":"https:\/\/www.suno.com.br\/noticias\/desemprego-taxa-emprego-carteira-assinada\/"},"wordCount":482,"publisher":{"@id":"https:\/\/www.suno.com.br\/noticias\/#organization"},"image":{"@id":"https:\/\/www.suno.com.br\/noticias\/desemprego-taxa-emprego-carteira-assinada\/#primaryimage"},"thumbnailUrl":"https:\/\/files.sunoresearch.com.br\/n\/uploads\/2018\/11\/ff108050-carteira-de-trabalho-jpg.webp","keywords":["Desemprego","Emprego"],"articleSection":["Economia"],"inLanguage":"pt-BR"},{"@type":"WebPage","@id":"https:\/\/www.suno.com.br\/noticias\/desemprego-taxa-emprego-carteira-assinada\/","url":"https:\/\/www.suno.com.br\/noticias\/desemprego-taxa-emprego-carteira-assinada\/","name":"Taxa de desemprego recua e Brasil registra 294 mil carteiras assinadas","isPartOf":{"@id":"https:\/\/www.suno.com.br\/noticias\/#website"},"primaryImageOfPage":{"@id":"https:\/\/www.suno.com.br\/noticias\/desemprego-taxa-emprego-carteira-assinada\/#primaryimage"},"image":{"@id":"https:\/\/www.suno.com.br\/noticias\/desemprego-taxa-emprego-carteira-assinada\/#primaryimage"},"thumbnailUrl":"https:\/\/files.sunoresearch.com.br\/n\/uploads\/2018\/11\/ff108050-carteira-de-trabalho-jpg.webp","datePublished":"2019-07-31T13:35:33+00:00","dateModified":"2021-06-02T01:06:41+00:00","description":"A taxa de desemprego registrou recuo de 0,7%, equivalente a 12%. Al\u00e9m disso, foram 294 mil carteiras assinadas no 2T19. Clique aqui","breadcrumb":{"@id":"https:\/\/www.suno.com.br\/noticias\/desemprego-taxa-emprego-carteira-assinada\/#breadcrumb"},"inLanguage":"pt-BR","potentialAction":[{"@type":"ReadAction","target":["https:\/\/www.suno.com.br\/noticias\/desemprego-taxa-emprego-carteira-assinada\/"]}]},{"@type":"ImageObject","inLanguage":"pt-BR","@id":"https:\/\/www.suno.com.br\/noticias\/desemprego-taxa-emprego-carteira-assinada\/#primaryimage","url":"https:\/\/files.sunoresearch.com.br\/n\/uploads\/2018\/11\/ff108050-carteira-de-trabalho-jpg.webp","contentUrl":"https:\/\/files.sunoresearch.com.br\/n\/uploads\/2018\/11\/ff108050-carteira-de-trabalho-jpg.webp","width":1024,"height":680,"caption":"Caged: Brasil cria 394,9 mil vagas em outubro"},{"@type":"BreadcrumbList","@id":"https:\/\/www.suno.com.br\/noticias\/desemprego-taxa-emprego-carteira-assinada\/#breadcrumb","itemListElement":[{"@type":"ListItem","position":1,"name":"Not\u00edcias","item":"https:\/\/www.suno.com.br\/noticias\/"},{"@type":"ListItem","position":2,"name":"Economia","item":"https:\/\/www.suno.com.br\/noticias\/economia\/"},{"@type":"ListItem","position":3,"name":"Taxa de desemprego recua e Brasil registra 294 mil carteiras assinadas, diz IBGE"}]},{"@type":"WebSite","@id":"https:\/\/www.suno.com.br\/noticias\/#website","url":"https:\/\/www.suno.com.br\/noticias\/","name":"Suno Not\u00edcias","description":"Seu portal de informa\u00e7\u00e3o sobre o mundo dos investimentos","publisher":{"@id":"https:\/\/www.suno.com.br\/noticias\/#organization"},"potentialAction":[{"@type":"SearchAction","target":{"@type":"EntryPoint","urlTemplate":"https:\/\/www.suno.com.br\/noticias\/?s={search_term_string}"},"query-input":{"@type":"PropertyValueSpecification","valueRequired":true,"valueName":"search_term_string"}}],"inLanguage":"pt-BR"},{"@type":"Organization","@id":"https:\/\/www.suno.com.br\/noticias\/#organization","name":"Suno Not\u00edcias","url":"https:\/\/www.suno.com.br\/noticias\/","logo":{"@type":"ImageObject","inLanguage":"pt-BR","@id":"https:\/\/www.suno.com.br\/noticias\/#\/schema\/logo\/image\/","url":"https:\/\/files.sunoresearch.com.br\/n\/uploads\/2021\/09\/suno-logo.png","contentUrl":"https:\/\/files.sunoresearch.com.br\/n\/uploads\/2021\/09\/suno-logo.png","width":180,"height":180,"caption":"Suno Not\u00edcias"},"image":{"@id":"https:\/\/www.suno.com.br\/noticias\/#\/schema\/logo\/image\/"},"sameAs":["https:\/\/facebook.com\/sunoresearch","https:\/\/x.com\/sunoresearch","https:\/\/www.instagram.com\/suno","https:\/\/www.linkedin.com\/company\/suno-research\/","https:\/\/www.youtube.com\/c\/sunoresearch"]},{"@type":"Person","@id":"https:\/\/www.suno.com.br\/noticias\/#\/schema\/person\/02ec1f752758247878a2bf4abee1aeda","name":"Poliana Santos","image":{"@type":"ImageObject","inLanguage":"pt-BR","@id":"https:\/\/www.suno.com.br\/noticias\/#\/schema\/person\/image\/","url":"https:\/\/secure.gravatar.com\/avatar\/0645bd32f23d87b2130f2b2dff1d3f8d?s=96&r=g","contentUrl":"https:\/\/secure.gravatar.com\/avatar\/0645bd32f23d87b2130f2b2dff1d3f8d?s=96&r=g","caption":"Poliana Santos"},"description":"Rep\u00f3rter no Suno Not\u00edcias, com cobertura em mercado financeiro, economia, finan\u00e7as pessoais, renda fixa e varejo. Jornalista formada pela Faculdade C\u00e1sper L\u00edbero e possui passagem na R\u00e1dio Gazeta AM com a produ\u00e7\u00e3o de conte\u00fado sobre economia, pol\u00edtica, sa\u00fade, moda e m\u00fasica. Possui certificado de conclus\u00e3o do curso de An\u00e1lise de Balan\u00e7os pela Funda\u00e7\u00e3o Bradesco, Agenda Brasil pela FAAP, Educa\u00e7\u00e3o Pol\u00edtica por Alexandre Garcia e do Tesouro Direto e Mercado de A\u00e7\u00f5es pela B3.","url":"https:\/\/www.suno.com.br\/noticias\/author\/poliana-santos\/"}]}},"default_loop_html":"<div class=\"cardsPage__listCard__boxs\"><div class=\"cardsPage__listCard__boxs__img\"><a href=\"https:\/\/www.suno.com.br\/noticias\/desemprego-taxa-emprego-carteira-assinada\/\"><img class=\"mask\" src=\"https:\/\/www.suno.com.br\/noticias\/wp-content\/themes\/suno\/resources\/images\/spotlight\/spotlight1img\/bg-mask.png\" alt=\"Image Mask\"\/><img src=\"https:\/\/files.sunoresearch.com.br\/n\/uploads\/2018\/11\/ff108050-carteira-de-trabalho-400x200.webp\" alt=\"Taxa de desemprego recua e Brasil registra 294 mil carteiras assinadas, diz IBGE\"\/><\/a><span class=\"spotlightCategory\"><a href=\"https:\/\/www.suno.com.br\/noticias\/economia\/\">Economia<\/a><\/span><\/div><div class=\"cardsPage__listCard__boxs__content\"><a href=\"https:\/\/www.suno.com.br\/noticias\/desemprego-taxa-emprego-carteira-assinada\/\"><h2 class=\"content__title\">Taxa de desemprego recua e Brasil registra 294 mil carteiras assinadas, diz IBGE<\/h2><\/a><div class=\"newsContent__article__meta\"><div class=\"newsContent__article__meta__authorBox\"><a href=\"https:\/\/www.suno.com.br\/noticias\/author\/poliana-santos\/\" class=\"authorBox__avatar noMobi\"><img src=\"https:\/\/files.sunoresearch.com.br\/n\/uploads\/2020\/08\/7ef34026-whatsapp-image-2020-08-03-at-12.37.57-150x150.webp\" alt=\"Poliana Santos\"><\/a><div class=\"authorBox__name\"><span>por\n\t\t\t<a href=\"https:\/\/www.suno.com.br\/noticias\/author\/poliana-santos\/\"><span itemprop=\"author\">Poliana Santos<\/span><\/a><\/span><time datetime=\"2019-07-31T10:35:33-03:00\" itemprop=\"datePublished\">31\/07\/2019 10:35<\/time><\/div><\/div><\/div><\/div><\/div>","single_layout":"posts","amp_enabled":true,"_links":{"self":[{"href":"https:\/\/www.suno.com.br\/noticias\/wp-json\/wp\/v2\/posts\/32649"}],"collection":[{"href":"https:\/\/www.suno.com.br\/noticias\/wp-json\/wp\/v2\/posts"}],"about":[{"href":"https:\/\/www.suno.com.br\/noticias\/wp-json\/wp\/v2\/types\/post"}],"author":[{"embeddable":true,"href":"https:\/\/www.suno.com.br\/noticias\/wp-json\/wp\/v2\/users\/15"}],"replies":[{"embeddable":true,"href":"https:\/\/www.suno.com.br\/noticias\/wp-json\/wp\/v2\/comments?post=32649"}],"version-history":[{"count":1,"href":"https:\/\/www.suno.com.br\/noticias\/wp-json\/wp\/v2\/posts\/32649\/revisions"}],"predecessor-version":[{"id":153890,"href":"https:\/\/www.suno.com.br\/noticias\/wp-json\/wp\/v2\/posts\/32649\/revisions\/153890"}],"wp:featuredmedia":[{"embeddable":true,"href":"https:\/\/www.suno.com.br\/noticias\/wp-json\/wp\/v2\/media\/7420"}],"wp:attachment":[{"href":"https:\/\/www.suno.com.br\/noticias\/wp-json\/wp\/v2\/media?parent=32649"}],"wp:term":[{"taxonomy":"category","embeddable":true,"href":"https:\/\/www.suno.com.br\/noticias\/wp-json\/wp\/v2\/categories?post=32649"},{"taxonomy":"post_tag","embeddable":true,"href":"https:\/\/www.suno.com.br\/noticias\/wp-json\/wp\/v2\/tags?post=32649"},{"taxonomy":"suno_strategy","embeddable":true,"href":"https:\/\/www.suno.com.br\/noticias\/wp-json\/wp\/v2\/suno_strategy?post=32649"}],"curies":[{"name":"wp","href":"https:\/\/api.w.org\/{rel}","templated":true}]}}