{"id":32608,"date":"2019-07-30T20:37:21","date_gmt":"2019-07-30T23:37:21","guid":{"rendered":"https:\/\/www.suno.com.br\/noticias\/?p=32608"},"modified":"2021-06-13T23:42:36","modified_gmt":"2021-06-14T02:42:36","slug":"eua-brasil-mercosul-ue-nao-afetem-livre-comercio","status":"publish","type":"post","link":"https:\/\/www.suno.com.br\/noticias\/eua-brasil-mercosul-ue-nao-afetem-livre-comercio\/","title":{"rendered":"EUA: Brasil deve garantir que Mercosul e UE n\u00e3o afetem livre com\u00e9rcio"},"content":{"rendered":"<p>O secret\u00e1rio de Com\u00e9rcio dos Estados Unidos, Wilbur Ross, afirmou que o <strong>Brasil<\/strong> deve assegurar que o acordo entre o <strong><a href=\"https:\/\/www.suno.com.br\/artigos\/mercosul\/\">Mercosul<\/a><\/strong> e a <strong><a href=\"https:\/\/www.suno.com.br\/artigos\/uniao-europeia\/\">Uni\u00e3o Europeia<\/a> <\/strong>n\u00e3o prejudique um poss\u00edvel acordo comercial com os EUA. A declara\u00e7\u00e3o ocorreu nesta ter\u00e7a-feira (30).<\/p>\t<div class=\"wrapper-featured-image\">\n\t\t<figure class=\"spotlightImg\">\n\n\t\t\t<picture>\n\t\t\t\t<source media=\"(max-width: 768px)\" srcset=\"https:\/\/files.sunoresearch.com.br\/n\/uploads\/2019\/07\/4feb3aa8-wilbur-400x200.webp\">\n\t\t\t\t<img loading=\"lazy\" decoding=\"async\" class=\"newsContent__article__imgCapa lazyloadDisabled newsContent__article__imgCapa--noCaption\" src=\"https:\/\/files.sunoresearch.com.br\/n\/uploads\/2019\/07\/4feb3aa8-wilbur-800x450.webp\" width=\"800\" height=\"450\" alt=\"EUA: Brasil deve garantir que Mercosul e UE n\u00e3o afetem livre com\u00e9rcio\" fetchpriority=high \/>\n\t\t\t<\/picture>\n\n\t\t\t<figcaption class=\"wp-caption-text wp-caption-text--hide\">EUA: Brasil deve garantir que Mercosul e UE n\u00e3o afetem livre com\u00e9rcio<\/figcaption>\n\t\t<\/figure>\n\t<\/div>\n\n\n<p>A fala do secret\u00e1rio ocorreu ap\u00f3s o presidente dos <strong>EUA<\/strong>, Donald Trump, sinalizar um poss\u00edvel acordo de <a href=\"https:\/\/www.suno.com.br\/artigos\/zona-de-livre-comercio\/\"><strong>livre com\u00e9rcio<\/strong><\/a> com o Brasil.&#8221;\u00c9 importante que n\u00e3o haja nada nesse acordo que seja contradit\u00f3rio a um acordo de livre com\u00e9rcio com os Estados Unidos\u201d, afirmou Ross.<\/p>\n\n<p>Segundo ele, as rela\u00e7\u00f5es comerciais entre os dois pa\u00edses est\u00e3o sendo trabalhadas desde o encontro entre Jair Bolsonaro e Donald Trump, em junho. No entanto, o secret\u00e1rio n\u00e3o informou mais detalhes sobre a poss\u00edvel alian\u00e7a comercial.<\/p>\n<p>Ross ressaltou que nenhum acordo dessa categoria entre os dois pa\u00edses chegou a acontecer. Assim, ele afirmou que existe uma s\u00e9rie de &#8220;componentes no di\u00e1logo comercial&#8221; que devem ser considerados antes da aprova\u00e7\u00e3o do acordo.<\/p>\n\t<p>\n\t\t<a href=\"https:\/\/www.seculus.com.br\/blackfriday\" target=\"_blank\" data-element=\"shortcode-suno-banner\" title=\"Banner SUNO, clique e saiba mais\">\n\t\t\t<picture>\n\t\t\t\t<source media=\"(max-width: 500px)\" srcset=\"https:\/\/files.sunoresearch.com.br\/n\/uploads\/2023\/11\/seculus_suno_mobile_3.jpg\">\n\t\t\t\t<img class=\"newsContent__article__imgCapa newsContent__article__imgCapa--banner\"\n\t\t\t\t\tsrc=\"https:\/\/files.sunoresearch.com.br\/n\/uploads\/2023\/11\/seculus_suno_desktop_3.jpg\"\n\t\t\t\t\tdata-promo-id=\"474124\"\t\t\t\t\t\t\t\t\t\twidth='1420' height='240'\t\t\t\t\talt=\"https:\/\/files.sunoresearch.com.br\/n\/uploads\/2023\/11\/seculus_suno_desktop_3.jpg\"\n\t\t\t\t>\n\t\t\t<\/picture>\n\t\t<\/a>\n\t<\/p>\n\n\n<h2>Acordo entre Mercosul e Uni\u00e3o Europeia<\/h2>\n<p>Em junho, ministros do Mercosul, bloco no qual o Brasil faz parte, e da Uni\u00e3o Europeia se reuniram para discutir um acordo entre os dois blocos comerciais. No entanto, o ministro das Rela\u00e7\u00f5es Exteriores da Fran\u00e7a, Jean-Yves Le Drian, afirmou que a decis\u00e3o da alian\u00e7a ocorrer\u00e1 somente ap\u00f3s 2020.<\/p>\n<p>Dessa forma, ao considerar o acordo entre o bloco, Wilbur Ross mencionou as diverg\u00eancias entre os Estados Unidos e a Uni\u00e3o Europeia. Conforme o secret\u00e1rio, os pa\u00edses divergem em setores de com\u00e9rcio, farmac\u00eautico, qu\u00edmico, de alimentos e automobil\u00edstico.<\/p>\n\t<p>\n\t\t<a href=\"https:\/\/lp.suno.com.br\/ebook-como-analisar-uma-acao\/\" target=\"_blank\" data-element=\"shortcode-suno-banner\" title=\"Banner SUNO, clique e saiba mais\">\n\t\t\t<picture>\n\t\t\t\t<source media=\"(max-width: 500px)\" srcset=\"https:\/\/files.sunoresearch.com.br\/n\/uploads\/2023\/03\/Ebook-Acoes-Mobile.jpg\">\n\t\t\t\t<img class=\"newsContent__article__imgCapa newsContent__article__imgCapa--banner\"\n\t\t\t\t\tsrc=\"https:\/\/files.sunoresearch.com.br\/n\/uploads\/2023\/03\/Ebook-Acoes-Desktop.jpg\"\n\t\t\t\t\tdata-promo-id=\"378302\"\t\t\t\t\t\t\t\t\t\twidth='1420' height='286'\t\t\t\t\talt=\"https:\/\/files.sunoresearch.com.br\/n\/uploads\/2023\/03\/Ebook-Acoes-Desktop.jpg\"\n\t\t\t\t>\n\t\t\t<\/picture>\n\t\t<\/a>\n\t<\/p>\n\n\n<p>Para o secret\u00e1rio, o Brasil e os EUA devem fortalecer sua rela\u00e7\u00e3o comercial antes que o acordo seja firmado.<\/p>\n<h2>Acordo entre Brasil e EUA<\/h2>\n<p>Donald Trump afirmou que pretende assinar um <a href=\"https:\/\/www.suno.com.br\/artigos\/acordo-comercial\/\">acordo de livre com\u00e9rcio<\/a> com o Brasil. Al\u00e9m disso, o presidente norte-americano tamb\u00e9m elogiou Jair Bolsonaro e disse que tem um bom relacionamento com o Brasil.<\/p>\n<p><a href=\"https:\/\/www.suno.com.br\/noticias\/trump-acordo-comercial-eua-brasil\/\">Saiba mais: Trump diz querer assinar um acordo comercial entre EUA e Brasil<\/a><\/p>\n<p>&#8220;Eu tenho um \u00f3timo relacionamento com o Brasil. Eu tenho um relacionamento fant\u00e1stico com o seu presidente. Ele \u00e9 um grande cavalheiro. Dizem que ele \u00e9 o Trump do Brasil. Eu gosto disso, \u00e9 um elogio. Eu acho que ele est\u00e1 fazendo um \u00f3timo trabalho&#8221;, afirmou o presidente norte-americano.<\/p>\n<p>Segundo Trump, o Brasil \u00e9 um grande parceiro comercial dos <strong>EUA<\/strong>. Por isso, o objetivo \u00e9 assinar um acordo de livre com\u00e9rcio.<\/p>\n","protected":false},"excerpt":{"rendered":"<p>O secret\u00e1rio de Com\u00e9rcio dos Estados Unidos, Wilbur Ross, afirmou que o Brasil deve assegurar que o acordo entre o Mercosul e a Uni\u00e3o Europeia n\u00e3o prejudique um poss\u00edvel acordo comercial com os EUA. A declara\u00e7\u00e3o ocorreu nesta ter\u00e7a-feira (30). EUA: Brasil deve garantir que Mercosul e UE n\u00e3o afetem livre com\u00e9rcio A fala do [&hellip;]<\/p>\n","protected":false},"author":18,"featured_media":32627,"comment_status":"closed","ping_status":"closed","sticky":false,"template":"","format":"standard","meta":[],"categories":[62],"tags":[793,868,731],"suno_strategy":[],"class_list":["post-32608","post","type-post","status-publish","format-standard","has-post-thumbnail","hentry","category-economia","tag-estados-unidos-eua","tag-mercosul","tag-uniao-europeia"],"yoast_head":"<!-- This site is optimized with the Yoast SEO plugin v24.4 - https:\/\/yoast.com\/wordpress\/plugins\/seo\/ -->\n<title>EUA: Brasil deve garantir que Mercosul e UE n\u00e3o afetem livre com\u00e9rcio<\/title>\n<meta name=\"description\" content=\"O rasil deve assegurar que o acordo entre o Mercosul e a UE n\u00e3o prejudique um poss\u00edvel acordo comercial com os EUA. Clique para saber mais.\" \/>\n<meta name=\"robots\" content=\"index, follow, max-snippet:-1, max-image-preview:large, max-video-preview:-1\" \/>\n<link rel=\"canonical\" href=\"https:\/\/www.suno.com.br\/noticias\/eua-brasil-mercosul-ue-nao-afetem-livre-comercio\/\" \/>\n<meta property=\"og:locale\" content=\"pt_BR\" \/>\n<meta property=\"og:type\" content=\"article\" \/>\n<meta property=\"og:title\" content=\"EUA: Brasil deve garantir que Mercosul e UE n\u00e3o afetem livre com\u00e9rcio\" \/>\n<meta property=\"og:description\" content=\"O rasil deve assegurar que o acordo entre o Mercosul e a UE n\u00e3o prejudique um poss\u00edvel acordo comercial com os EUA. Clique para saber mais.\" \/>\n<meta property=\"og:url\" content=\"https:\/\/www.suno.com.br\/noticias\/eua-brasil-mercosul-ue-nao-afetem-livre-comercio\/\" \/>\n<meta property=\"og:site_name\" content=\"Suno Not\u00edcias\" \/>\n<meta property=\"article:publisher\" content=\"https:\/\/facebook.com\/sunoresearch\" \/>\n<meta property=\"og:image\" content=\"https:\/\/files.sunoresearch.com.br\/n\/uploads\/2019\/07\/4feb3aa8-wilbur.jpg\" \/>\n\t<meta property=\"og:image:width\" content=\"900\" \/>\n\t<meta property=\"og:image:height\" content=\"560\" \/>\n\t<meta property=\"og:image:type\" content=\"image\/jpeg\" \/>\n<meta name=\"author\" content=\"Giovanna Oliveira\" \/>\n<meta name=\"twitter:card\" content=\"summary_large_image\" \/>\n<meta name=\"twitter:creator\" content=\"@sunoresearch\" \/>\n<meta name=\"twitter:site\" content=\"@sunoresearch\" \/>\n<meta name=\"twitter:label1\" content=\"Escrito por\" \/>\n\t<meta name=\"twitter:data1\" content=\"Giovanna Oliveira\" \/>\n\t<meta name=\"twitter:label2\" content=\"Est. tempo de leitura\" \/>\n\t<meta name=\"twitter:data2\" content=\"2 minutos\" \/>\n<script type=\"application\/ld+json\" class=\"yoast-schema-graph\">{\"@context\":\"https:\/\/schema.org\",\"@graph\":[{\"@type\":\"NewsArticle\",\"@id\":\"https:\/\/www.suno.com.br\/noticias\/eua-brasil-mercosul-ue-nao-afetem-livre-comercio\/#article\",\"isPartOf\":{\"@id\":\"https:\/\/www.suno.com.br\/noticias\/eua-brasil-mercosul-ue-nao-afetem-livre-comercio\/\"},\"author\":{\"name\":\"Giovanna Oliveira\",\"@id\":\"https:\/\/www.suno.com.br\/noticias\/#\/schema\/person\/4e19e3d2575736e5283d58eb3199d120\"},\"headline\":\"EUA: Brasil deve garantir que Mercosul e UE n\u00e3o afetem livre com\u00e9rcio\",\"datePublished\":\"2019-07-30T23:37:21+00:00\",\"dateModified\":\"2021-06-14T02:42:36+00:00\",\"mainEntityOfPage\":{\"@id\":\"https:\/\/www.suno.com.br\/noticias\/eua-brasil-mercosul-ue-nao-afetem-livre-comercio\/\"},\"wordCount\":451,\"publisher\":{\"@id\":\"https:\/\/www.suno.com.br\/noticias\/#organization\"},\"image\":{\"@id\":\"https:\/\/www.suno.com.br\/noticias\/eua-brasil-mercosul-ue-nao-afetem-livre-comercio\/#primaryimage\"},\"thumbnailUrl\":\"https:\/\/files.sunoresearch.com.br\/n\/uploads\/2019\/07\/4feb3aa8-wilbur-jpg.webp\",\"keywords\":[\"Estados Unidos (EUA)\",\"Mercosul\",\"Uni\u00e3o Europeia\"],\"articleSection\":[\"Economia\"],\"inLanguage\":\"pt-BR\"},{\"@type\":\"WebPage\",\"@id\":\"https:\/\/www.suno.com.br\/noticias\/eua-brasil-mercosul-ue-nao-afetem-livre-comercio\/\",\"url\":\"https:\/\/www.suno.com.br\/noticias\/eua-brasil-mercosul-ue-nao-afetem-livre-comercio\/\",\"name\":\"EUA: Brasil deve garantir que Mercosul e UE n\u00e3o afetem livre com\u00e9rcio\",\"isPartOf\":{\"@id\":\"https:\/\/www.suno.com.br\/noticias\/#website\"},\"primaryImageOfPage\":{\"@id\":\"https:\/\/www.suno.com.br\/noticias\/eua-brasil-mercosul-ue-nao-afetem-livre-comercio\/#primaryimage\"},\"image\":{\"@id\":\"https:\/\/www.suno.com.br\/noticias\/eua-brasil-mercosul-ue-nao-afetem-livre-comercio\/#primaryimage\"},\"thumbnailUrl\":\"https:\/\/files.sunoresearch.com.br\/n\/uploads\/2019\/07\/4feb3aa8-wilbur-jpg.webp\",\"datePublished\":\"2019-07-30T23:37:21+00:00\",\"dateModified\":\"2021-06-14T02:42:36+00:00\",\"description\":\"O rasil deve assegurar que o acordo entre o Mercosul e a UE n\u00e3o prejudique um poss\u00edvel acordo comercial com os EUA. Clique para saber mais.\",\"breadcrumb\":{\"@id\":\"https:\/\/www.suno.com.br\/noticias\/eua-brasil-mercosul-ue-nao-afetem-livre-comercio\/#breadcrumb\"},\"inLanguage\":\"pt-BR\",\"potentialAction\":[{\"@type\":\"ReadAction\",\"target\":[\"https:\/\/www.suno.com.br\/noticias\/eua-brasil-mercosul-ue-nao-afetem-livre-comercio\/\"]}]},{\"@type\":\"ImageObject\",\"inLanguage\":\"pt-BR\",\"@id\":\"https:\/\/www.suno.com.br\/noticias\/eua-brasil-mercosul-ue-nao-afetem-livre-comercio\/#primaryimage\",\"url\":\"https:\/\/files.sunoresearch.com.br\/n\/uploads\/2019\/07\/4feb3aa8-wilbur-jpg.webp\",\"contentUrl\":\"https:\/\/files.sunoresearch.com.br\/n\/uploads\/2019\/07\/4feb3aa8-wilbur-jpg.webp\",\"width\":900,\"height\":560,\"caption\":\"EUA: Brasil deve garantir que Mercosul e UE n\u00e3o afetem livre com\u00e9rcio\"},{\"@type\":\"BreadcrumbList\",\"@id\":\"https:\/\/www.suno.com.br\/noticias\/eua-brasil-mercosul-ue-nao-afetem-livre-comercio\/#breadcrumb\",\"itemListElement\":[{\"@type\":\"ListItem\",\"position\":1,\"name\":\"Not\u00edcias\",\"item\":\"https:\/\/www.suno.com.br\/noticias\/\"},{\"@type\":\"ListItem\",\"position\":2,\"name\":\"Economia\",\"item\":\"https:\/\/www.suno.com.br\/noticias\/economia\/\"},{\"@type\":\"ListItem\",\"position\":3,\"name\":\"EUA: Brasil deve garantir que Mercosul e UE n\u00e3o afetem livre com\u00e9rcio\"}]},{\"@type\":\"WebSite\",\"@id\":\"https:\/\/www.suno.com.br\/noticias\/#website\",\"url\":\"https:\/\/www.suno.com.br\/noticias\/\",\"name\":\"Suno Not\u00edcias\",\"description\":\"Seu portal de informa\u00e7\u00e3o sobre o mundo dos investimentos\",\"publisher\":{\"@id\":\"https:\/\/www.suno.com.br\/noticias\/#organization\"},\"potentialAction\":[{\"@type\":\"SearchAction\",\"target\":{\"@type\":\"EntryPoint\",\"urlTemplate\":\"https:\/\/www.suno.com.br\/noticias\/?s={search_term_string}\"},\"query-input\":{\"@type\":\"PropertyValueSpecification\",\"valueRequired\":true,\"valueName\":\"search_term_string\"}}],\"inLanguage\":\"pt-BR\"},{\"@type\":\"Organization\",\"@id\":\"https:\/\/www.suno.com.br\/noticias\/#organization\",\"name\":\"Suno Not\u00edcias\",\"url\":\"https:\/\/www.suno.com.br\/noticias\/\",\"logo\":{\"@type\":\"ImageObject\",\"inLanguage\":\"pt-BR\",\"@id\":\"https:\/\/www.suno.com.br\/noticias\/#\/schema\/logo\/image\/\",\"url\":\"https:\/\/files.sunoresearch.com.br\/n\/uploads\/2021\/09\/suno-logo.png\",\"contentUrl\":\"https:\/\/files.sunoresearch.com.br\/n\/uploads\/2021\/09\/suno-logo.png\",\"width\":180,\"height\":180,\"caption\":\"Suno Not\u00edcias\"},\"image\":{\"@id\":\"https:\/\/www.suno.com.br\/noticias\/#\/schema\/logo\/image\/\"},\"sameAs\":[\"https:\/\/facebook.com\/sunoresearch\",\"https:\/\/x.com\/sunoresearch\",\"https:\/\/www.instagram.com\/suno\",\"https:\/\/www.linkedin.com\/company\/suno-research\/\",\"https:\/\/www.youtube.com\/c\/sunoresearch\"]},{\"@type\":\"Person\",\"@id\":\"https:\/\/www.suno.com.br\/noticias\/#\/schema\/person\/4e19e3d2575736e5283d58eb3199d120\",\"name\":\"Giovanna Oliveira\",\"image\":{\"@type\":\"ImageObject\",\"inLanguage\":\"pt-BR\",\"@id\":\"https:\/\/www.suno.com.br\/noticias\/#\/schema\/person\/image\/\",\"url\":\"https:\/\/secure.gravatar.com\/avatar\/9a37b3ae208962ac568992d0ffdbc2eb?s=96&r=g\",\"contentUrl\":\"https:\/\/secure.gravatar.com\/avatar\/9a37b3ae208962ac568992d0ffdbc2eb?s=96&r=g\",\"caption\":\"Giovanna Oliveira\"},\"description\":\"Giovanna Oliveira escreve sobre economia e pol\u00edtica. Foi rep\u00f3rter do portal de jornalismo da ESPM-SP e produziu conte\u00fado para a Corinthians TV. \u00c9 estudante da ESPM.\",\"url\":\"https:\/\/www.suno.com.br\/noticias\/author\/giovanna\/\"}]}<\/script>\n<!-- \/ Yoast SEO plugin. -->","yoast_head_json":{"title":"EUA: Brasil deve garantir que Mercosul e UE n\u00e3o afetem livre com\u00e9rcio","description":"O rasil deve assegurar que o acordo entre o Mercosul e a UE n\u00e3o prejudique um poss\u00edvel acordo comercial com os EUA. Clique para saber mais.","robots":{"index":"index","follow":"follow","max-snippet":"max-snippet:-1","max-image-preview":"max-image-preview:large","max-video-preview":"max-video-preview:-1"},"canonical":"https:\/\/www.suno.com.br\/noticias\/eua-brasil-mercosul-ue-nao-afetem-livre-comercio\/","og_locale":"pt_BR","og_type":"article","og_title":"EUA: Brasil deve garantir que Mercosul e UE n\u00e3o afetem livre com\u00e9rcio","og_description":"O rasil deve assegurar que o acordo entre o Mercosul e a UE n\u00e3o prejudique um poss\u00edvel acordo comercial com os EUA. Clique para saber mais.","og_url":"https:\/\/www.suno.com.br\/noticias\/eua-brasil-mercosul-ue-nao-afetem-livre-comercio\/","og_site_name":"Suno Not\u00edcias","article_publisher":"https:\/\/facebook.com\/sunoresearch","og_image":[{"width":900,"height":560,"url":"https:\/\/files.sunoresearch.com.br\/n\/uploads\/2019\/07\/4feb3aa8-wilbur.jpg","type":"image\/jpeg"}],"author":"Giovanna Oliveira","twitter_card":"summary_large_image","twitter_creator":"@sunoresearch","twitter_site":"@sunoresearch","twitter_misc":{"Escrito por":"Giovanna Oliveira","Est. tempo de leitura":"2 minutos"},"schema":{"@context":"https:\/\/schema.org","@graph":[{"@type":"NewsArticle","@id":"https:\/\/www.suno.com.br\/noticias\/eua-brasil-mercosul-ue-nao-afetem-livre-comercio\/#article","isPartOf":{"@id":"https:\/\/www.suno.com.br\/noticias\/eua-brasil-mercosul-ue-nao-afetem-livre-comercio\/"},"author":{"name":"Giovanna Oliveira","@id":"https:\/\/www.suno.com.br\/noticias\/#\/schema\/person\/4e19e3d2575736e5283d58eb3199d120"},"headline":"EUA: Brasil deve garantir que Mercosul e UE n\u00e3o afetem livre com\u00e9rcio","datePublished":"2019-07-30T23:37:21+00:00","dateModified":"2021-06-14T02:42:36+00:00","mainEntityOfPage":{"@id":"https:\/\/www.suno.com.br\/noticias\/eua-brasil-mercosul-ue-nao-afetem-livre-comercio\/"},"wordCount":451,"publisher":{"@id":"https:\/\/www.suno.com.br\/noticias\/#organization"},"image":{"@id":"https:\/\/www.suno.com.br\/noticias\/eua-brasil-mercosul-ue-nao-afetem-livre-comercio\/#primaryimage"},"thumbnailUrl":"https:\/\/files.sunoresearch.com.br\/n\/uploads\/2019\/07\/4feb3aa8-wilbur-jpg.webp","keywords":["Estados Unidos (EUA)","Mercosul","Uni\u00e3o Europeia"],"articleSection":["Economia"],"inLanguage":"pt-BR"},{"@type":"WebPage","@id":"https:\/\/www.suno.com.br\/noticias\/eua-brasil-mercosul-ue-nao-afetem-livre-comercio\/","url":"https:\/\/www.suno.com.br\/noticias\/eua-brasil-mercosul-ue-nao-afetem-livre-comercio\/","name":"EUA: Brasil deve garantir que Mercosul e UE n\u00e3o afetem livre com\u00e9rcio","isPartOf":{"@id":"https:\/\/www.suno.com.br\/noticias\/#website"},"primaryImageOfPage":{"@id":"https:\/\/www.suno.com.br\/noticias\/eua-brasil-mercosul-ue-nao-afetem-livre-comercio\/#primaryimage"},"image":{"@id":"https:\/\/www.suno.com.br\/noticias\/eua-brasil-mercosul-ue-nao-afetem-livre-comercio\/#primaryimage"},"thumbnailUrl":"https:\/\/files.sunoresearch.com.br\/n\/uploads\/2019\/07\/4feb3aa8-wilbur-jpg.webp","datePublished":"2019-07-30T23:37:21+00:00","dateModified":"2021-06-14T02:42:36+00:00","description":"O rasil deve assegurar que o acordo entre o Mercosul e a UE n\u00e3o prejudique um poss\u00edvel acordo comercial com os EUA. Clique para saber mais.","breadcrumb":{"@id":"https:\/\/www.suno.com.br\/noticias\/eua-brasil-mercosul-ue-nao-afetem-livre-comercio\/#breadcrumb"},"inLanguage":"pt-BR","potentialAction":[{"@type":"ReadAction","target":["https:\/\/www.suno.com.br\/noticias\/eua-brasil-mercosul-ue-nao-afetem-livre-comercio\/"]}]},{"@type":"ImageObject","inLanguage":"pt-BR","@id":"https:\/\/www.suno.com.br\/noticias\/eua-brasil-mercosul-ue-nao-afetem-livre-comercio\/#primaryimage","url":"https:\/\/files.sunoresearch.com.br\/n\/uploads\/2019\/07\/4feb3aa8-wilbur-jpg.webp","contentUrl":"https:\/\/files.sunoresearch.com.br\/n\/uploads\/2019\/07\/4feb3aa8-wilbur-jpg.webp","width":900,"height":560,"caption":"EUA: Brasil deve garantir que Mercosul e UE n\u00e3o afetem livre com\u00e9rcio"},{"@type":"BreadcrumbList","@id":"https:\/\/www.suno.com.br\/noticias\/eua-brasil-mercosul-ue-nao-afetem-livre-comercio\/#breadcrumb","itemListElement":[{"@type":"ListItem","position":1,"name":"Not\u00edcias","item":"https:\/\/www.suno.com.br\/noticias\/"},{"@type":"ListItem","position":2,"name":"Economia","item":"https:\/\/www.suno.com.br\/noticias\/economia\/"},{"@type":"ListItem","position":3,"name":"EUA: Brasil deve garantir que Mercosul e UE n\u00e3o afetem livre com\u00e9rcio"}]},{"@type":"WebSite","@id":"https:\/\/www.suno.com.br\/noticias\/#website","url":"https:\/\/www.suno.com.br\/noticias\/","name":"Suno Not\u00edcias","description":"Seu portal de informa\u00e7\u00e3o sobre o mundo dos investimentos","publisher":{"@id":"https:\/\/www.suno.com.br\/noticias\/#organization"},"potentialAction":[{"@type":"SearchAction","target":{"@type":"EntryPoint","urlTemplate":"https:\/\/www.suno.com.br\/noticias\/?s={search_term_string}"},"query-input":{"@type":"PropertyValueSpecification","valueRequired":true,"valueName":"search_term_string"}}],"inLanguage":"pt-BR"},{"@type":"Organization","@id":"https:\/\/www.suno.com.br\/noticias\/#organization","name":"Suno Not\u00edcias","url":"https:\/\/www.suno.com.br\/noticias\/","logo":{"@type":"ImageObject","inLanguage":"pt-BR","@id":"https:\/\/www.suno.com.br\/noticias\/#\/schema\/logo\/image\/","url":"https:\/\/files.sunoresearch.com.br\/n\/uploads\/2021\/09\/suno-logo.png","contentUrl":"https:\/\/files.sunoresearch.com.br\/n\/uploads\/2021\/09\/suno-logo.png","width":180,"height":180,"caption":"Suno Not\u00edcias"},"image":{"@id":"https:\/\/www.suno.com.br\/noticias\/#\/schema\/logo\/image\/"},"sameAs":["https:\/\/facebook.com\/sunoresearch","https:\/\/x.com\/sunoresearch","https:\/\/www.instagram.com\/suno","https:\/\/www.linkedin.com\/company\/suno-research\/","https:\/\/www.youtube.com\/c\/sunoresearch"]},{"@type":"Person","@id":"https:\/\/www.suno.com.br\/noticias\/#\/schema\/person\/4e19e3d2575736e5283d58eb3199d120","name":"Giovanna Oliveira","image":{"@type":"ImageObject","inLanguage":"pt-BR","@id":"https:\/\/www.suno.com.br\/noticias\/#\/schema\/person\/image\/","url":"https:\/\/secure.gravatar.com\/avatar\/9a37b3ae208962ac568992d0ffdbc2eb?s=96&r=g","contentUrl":"https:\/\/secure.gravatar.com\/avatar\/9a37b3ae208962ac568992d0ffdbc2eb?s=96&r=g","caption":"Giovanna Oliveira"},"description":"Giovanna Oliveira escreve sobre economia e pol\u00edtica. Foi rep\u00f3rter do portal de jornalismo da ESPM-SP e produziu conte\u00fado para a Corinthians TV. \u00c9 estudante da ESPM.","url":"https:\/\/www.suno.com.br\/noticias\/author\/giovanna\/"}]}},"default_loop_html":"<div class=\"cardsPage__listCard__boxs\"><div class=\"cardsPage__listCard__boxs__img\"><a href=\"https:\/\/www.suno.com.br\/noticias\/eua-brasil-mercosul-ue-nao-afetem-livre-comercio\/\"><img class=\"mask\" src=\"https:\/\/www.suno.com.br\/noticias\/wp-content\/themes\/suno\/resources\/images\/spotlight\/spotlight1img\/bg-mask.png\" alt=\"Image Mask\"\/><img src=\"https:\/\/files.sunoresearch.com.br\/n\/uploads\/2019\/07\/4feb3aa8-wilbur-400x200.webp\" alt=\"EUA: Brasil deve garantir que Mercosul e UE n\u00e3o afetem livre com\u00e9rcio\"\/><\/a><span class=\"spotlightCategory\"><a href=\"https:\/\/www.suno.com.br\/noticias\/economia\/\">Economia<\/a><\/span><\/div><div class=\"cardsPage__listCard__boxs__content\"><a href=\"https:\/\/www.suno.com.br\/noticias\/eua-brasil-mercosul-ue-nao-afetem-livre-comercio\/\"><h2 class=\"content__title\">EUA: Brasil deve garantir que Mercosul e UE n\u00e3o afetem livre com\u00e9rcio<\/h2><\/a><div class=\"newsContent__article__meta\"><div class=\"newsContent__article__meta__authorBox\"><a href=\"https:\/\/www.suno.com.br\/noticias\/author\/giovanna\/\" class=\"authorBox__avatar noMobi\"><img src=\"https:\/\/files.sunoresearch.com.br\/n\/uploads\/2019\/06\/952a89ca-screenshot_20190608-171507-150x150.webp\" alt=\"Giovanna Oliveira\"><\/a><div class=\"authorBox__name\"><span>por\n\t\t\t<a href=\"https:\/\/www.suno.com.br\/noticias\/author\/giovanna\/\"><span itemprop=\"author\">Giovanna Oliveira<\/span><\/a><\/span><time datetime=\"2019-07-30T20:37:21-03:00\" itemprop=\"datePublished\">30\/07\/2019 20:37<\/time><\/div><\/div><\/div><\/div><\/div>","single_layout":"posts","amp_enabled":true,"_links":{"self":[{"href":"https:\/\/www.suno.com.br\/noticias\/wp-json\/wp\/v2\/posts\/32608"}],"collection":[{"href":"https:\/\/www.suno.com.br\/noticias\/wp-json\/wp\/v2\/posts"}],"about":[{"href":"https:\/\/www.suno.com.br\/noticias\/wp-json\/wp\/v2\/types\/post"}],"author":[{"embeddable":true,"href":"https:\/\/www.suno.com.br\/noticias\/wp-json\/wp\/v2\/users\/18"}],"replies":[{"embeddable":true,"href":"https:\/\/www.suno.com.br\/noticias\/wp-json\/wp\/v2\/comments?post=32608"}],"version-history":[{"count":1,"href":"https:\/\/www.suno.com.br\/noticias\/wp-json\/wp\/v2\/posts\/32608\/revisions"}],"predecessor-version":[{"id":157302,"href":"https:\/\/www.suno.com.br\/noticias\/wp-json\/wp\/v2\/posts\/32608\/revisions\/157302"}],"wp:featuredmedia":[{"embeddable":true,"href":"https:\/\/www.suno.com.br\/noticias\/wp-json\/wp\/v2\/media\/32627"}],"wp:attachment":[{"href":"https:\/\/www.suno.com.br\/noticias\/wp-json\/wp\/v2\/media?parent=32608"}],"wp:term":[{"taxonomy":"category","embeddable":true,"href":"https:\/\/www.suno.com.br\/noticias\/wp-json\/wp\/v2\/categories?post=32608"},{"taxonomy":"post_tag","embeddable":true,"href":"https:\/\/www.suno.com.br\/noticias\/wp-json\/wp\/v2\/tags?post=32608"},{"taxonomy":"suno_strategy","embeddable":true,"href":"https:\/\/www.suno.com.br\/noticias\/wp-json\/wp\/v2\/suno_strategy?post=32608"}],"curies":[{"name":"wp","href":"https:\/\/api.w.org\/{rel}","templated":true}]}}