{"id":325998,"date":"2022-11-29T22:12:49","date_gmt":"2022-11-30T01:12:49","guid":{"rendered":"https:\/\/www.suno.com.br\/noticias\/?p=325998"},"modified":"2022-11-29T22:13:01","modified_gmt":"2022-11-30T01:13:01","slug":"radar-braskem-brkm5-azul-azul4-ferbasa-fesa3","status":"publish","type":"post","link":"https:\/\/www.suno.com.br\/noticias\/radar-braskem-brkm5-azul-azul4-ferbasa-fesa3\/","title":{"rendered":"Radar: banco v\u00ea upside de 66% para a Braskem (BRKM5), Azul (AZUL4) dobrar\u00e1 opera\u00e7\u00e3o em Congonhas e Ferbasa (FESA4) pagar\u00e1 dividendos milion\u00e1rios"},"content":{"rendered":"<p>Os analistas do <strong>Bank of America (BofA)<\/strong> reiteraram a <strong>recomenda\u00e7\u00e3o de compra<\/strong> para as a\u00e7\u00f5es da <strong><a href=\"https:\/\/www.suno.com.br\/acoes\/brkm5\/\" target=\"_blank\" rel=\"noreferrer noopener\">Braskem (BRKM5)<\/a><\/strong>, com <em>upside<\/em> de 66% no valor dos pap\u00e9is da companhia. Na revis\u00e3o anterior o pre\u00e7o-alvo era de R$ 30 e, agora, foi atualizado para R$ 50.<\/p>\t<div class=\"wrapper-featured-image\">\n\t\t<figure class=\"spotlightImg\">\n\n\t\t\t<picture>\n\t\t\t\t<source media=\"(max-width: 768px)\" srcset=\"https:\/\/files.sunoresearch.com.br\/n\/uploads\/2021\/04\/521361f8-20799353_1610101175690888_7857981650435119203_n-1-400x200.webp\">\n\t\t\t\t<img loading=\"lazy\" decoding=\"async\" class=\"newsContent__article__imgCapa lazyloadDisabled \" src=\"https:\/\/files.sunoresearch.com.br\/n\/uploads\/2021\/04\/521361f8-20799353_1610101175690888_7857981650435119203_n-1-800x450.webp\" width=\"800\" height=\"450\" alt=\"Radar: banco v\u00ea upside de 66% para a Braskem (BRKM5), Azul (AZUL4) dobrar\u00e1 opera\u00e7\u00e3o em Congonhas e Ferbasa (FESA4) pagar\u00e1 dividendos milion\u00e1rios\" fetchpriority=high \/>\n\t\t\t<\/picture>\n\n\t\t\t<figcaption class=\"wp-caption-text wp-caption-text--show\">Braskem (BRKM5) . Foto: Reprodu\u00e7\u00e3o Facebook<\/figcaption>\n\t\t<\/figure>\n\t<\/div>\n\n\n\n\n\n\t<p>\n\t\t<a href=\"https:\/\/lp.suno.com.br\/planilha-controle-gastos\/\" target=\"_blank\" data-element=\"shortcode-suno-banner\" title=\"Banner SUNO, clique e saiba mais\">\n\t\t\t<picture>\n\t\t\t\t<source media=\"(max-width: 500px)\" srcset=\"https:\/\/files.sunoresearch.com.br\/n\/uploads\/2023\/03\/400x300-Planilha-controle-de-gastos.png\">\n\t\t\t\t<img class=\"newsContent__article__imgCapa newsContent__article__imgCapa--banner\"\n\t\t\t\t\tsrc=\"https:\/\/files.sunoresearch.com.br\/n\/uploads\/2023\/03\/1420x240-Planilha-controle-de-gastos.png\"\n\t\t\t\t\tdata-promo-id=\"311945\"\t\t\t\t\t\t\t\t\t\twidth='1420' height='240'\t\t\t\t\talt=\"https:\/\/files.sunoresearch.com.br\/n\/uploads\/2023\/03\/1420x240-Planilha-controle-de-gastos.png\"\n\t\t\t\t>\n\t\t\t<\/picture>\n\t\t<\/a>\n\t<\/p>\n\n\n\n\n\n<p>A leitura do cen\u00e1rio, feita pelos analistas Frank McGann e Leonardo Marcondes, destaca a sa\u00edda de <strong>Roberto Sim\u00f5es<\/strong> da presid\u00eancia da petroqu\u00edmica e o an\u00fancio de que <strong>Roberto Bischoff<\/strong> assumir\u00e1 a posi\u00e7\u00e3o a partir do dia 1\u00b0 de janeiro \u2014 indicado para o cargo pela Novonor (antiga Odebrecht), acionista controladora do grupo.<\/p>\n\n\n\n<p>&#8220;Roberto Bischoff parece bastante qualificado para o cargo de CEO&#8221;, pontuam. Formado em engenharia mec\u00e2nica, o executivo j\u00e1 trabalhou na Braskem durante d\u00e9cadas (1979-2019) e foi vice-presidente da empresa. Atualmente, \u00e9 diretor presidente da Ocyan, empresa do setor de \u00f3leo e g\u00e1s controlada pela Novonor.<\/p>\n\n\n\n<h2 class=\"wp-block-heading\" id=\"h-potencial-venda-influencia-preco-alvo-e-recomendacao-de-compra\">Potencial venda influencia pre\u00e7o-alvo e recomenda\u00e7\u00e3o de compra <\/h2>\n\n\n\n<p>A <strong>potencial venda da Braskem<\/strong> tem sido um tema recorrente ao longo do ano, sobretudo com os planos anunciados pela Novonor e pela Petrobras (PETR4) de avan\u00e7ar a venda da empresa. <\/p>\n\n\n\n<p>&#8220;Em outubro, a imprensa brasileira noticiou que a Apollo Capital fez uma oferta pela Braskem de R$ 50 por a\u00e7\u00e3o&#8221;, destacaram os analistas.<\/p>\n\n\n\n<p>Segundo eles, apesar da tend\u00eancia fraca na <a class=\"suno-keyword\" target=\"_blank\" data-force=\"no\" data-priority=\"1\" href=\"https:\/\/www.suno.com.br\/artigos\/margem-de-lucro\/\" rel=\"noopener\">margem de lucro<\/a> de petroqu\u00edmicas, foi mantida a <strong>recomenda\u00e7\u00e3o de compra na Braskem<\/strong> devido aos seguintes fatores: <\/p>\n\n\n\n<p><strong>1.<\/strong> lucros\/fluxo de caixa s\u00f3lidos, embora abaixo dos picos recentes;<br><strong>2. <\/strong>avalia\u00e7\u00e3o favor\u00e1vel;<br><strong>3.<\/strong> lideran\u00e7a em polietileno verde;<br><strong>4.<\/strong> melhorias potenciais na governan\u00e7a corporativa.<\/p>\n\n\n\n<h2 class=\"wp-block-heading\">BTG prev\u00ea resultados negativos no curto prazo, mas recomenda compra da Braskem<\/h2>\n\n\n\n<p>Outra institui\u00e7\u00e3o financeira a recomendar a compra de <strong>ativos da Braskem<\/strong> foi o BTG Pactual. Apesar da perspectiva de resultados negativos no curto prazo, o <a href=\"https:\/\/www.suno.com.br\/noticias\/braskem-brkm5-btg-preve-resultados-negativos-compra\/\" target=\"_blank\" rel=\"noreferrer noopener\">banco recomendou a compra ao pre\u00e7o-alvo de R$ 68<\/a>.<\/p>\n\n\n\n<p>\u201cAcreditamos que h\u00e1 boas raz\u00f5es para acreditar que os m\u00faltiplos da Braskem v\u00e3o diminuir a diferen\u00e7a com os pares globais, e nosso rating de compra ainda \u00e9 sustentado por aspectos de valuation\u201d, informam os analistas do BTG. <\/p>\n\n\n\n<p>Nesta ter\u00e7a-feira (29), ap\u00f3s o BofA <strong>recomendar a compra da Braskem<\/strong>, as a\u00e7\u00f5es da petroqu\u00edmica fecharam com alta de 1,88%, com pap\u00e9is sendo cotados a R$ 29,20.<\/p>\n\n\n\n<p><em>Al\u00e9m da&nbsp;<strong>Braskem<\/strong>, confira outros destaques desta ter\u00e7a-feira:<\/em><a href=\"https:\/\/lp.suno.com.br\/pv\/black-friday-suno-3\/\" target=\"_blank\" rel=\"noreferrer noopener\"><\/a><\/p>\n\n\n\n<h2 class=\"wp-block-heading\">Azul (AZUL4) dobrar\u00e1 opera\u00e7\u00e3o em Congonhas em 2023; confira novos destinos<\/h2>\n\n\n\n<ul class=\"wp-block-list\"><li>A <strong><a href=\"https:\/\/www.suno.com.br\/acoes\/azul4\/\" target=\"_blank\" rel=\"noreferrer noopener\">Azul (AZUL4)<\/a><\/strong> anunciou nesta segunda (28) que dobrar\u00e1 a sua <strong>opera\u00e7\u00e3o no aeroporto de Congonhas (SP)<\/strong> em 2023. A partir de 26 de mar\u00e7o, a companhia passar\u00e1 de 41 slots (permiss\u00e3o de pouso e decolagem) para 84.<\/li><li>Com o movimento, a companhia ampliar\u00e1 sua <strong>oferta de conex\u00f5es da cidade de S\u00e3o Paulo<\/strong> para seis cidades brasileiras: Curitiba (PR), Belo Horizonte (MG), Porto Alegre (RS), Recife (PE), Rio de Janeiro (RJ) e Bras\u00edlia (DF) \u2014 rota in\u00e9dita da a\u00e9rea. Em nota, a Azul destaca que vendas para esses destinos se iniciam amanh\u00e3 (30).<\/li><li>\u201cAmpliar a presen\u00e7a da Azul em <a href=\"https:\/\/www.suno.com.br\/noticias\/aena-empresa-administrara-congonhas\/\" target=\"_blank\" rel=\"noreferrer noopener\">Congonhas<\/a> era um desejo antigo da companhia. N\u00f3s j\u00e1 operamos um ter\u00e7o dos voos no Pa\u00eds e temos mais de 300 rotas servindo todo o Brasil. O aumento da nossa <strong>malha a\u00e9rea em Congonhas<\/strong> vai, tamb\u00e9m, ampliar a presen\u00e7a da Azul no pa\u00eds inteiro e conectar cada canto do Brasil com CGH\u201d, afirma John Rodgerson, CEO da Azul. <\/li><li>Com o movimento, a companhia ampliar\u00e1 sua <strong>oferta de conex\u00f5es da cidade de S\u00e3o Paulo<\/strong> para seis cidades brasileiras: Curitiba (PR), Belo Horizonte (MG), Porto Alegre (RS), Recife (PE), Rio de Janeiro (RJ) e Bras\u00edlia (DF) \u2014 rota in\u00e9dita da a\u00e9rea. Em nota, a Azul destaca que vendas para esses destinos se iniciam amanh\u00e3 (30).<\/li><li>\u201cAmpliar a presen\u00e7a da Azul em <a href=\"https:\/\/www.suno.com.br\/noticias\/aena-empresa-administrara-congonhas\/\" target=\"_blank\" rel=\"noreferrer noopener\">Congonhas<\/a> era um desejo antigo da companhia. N\u00f3s j\u00e1 operamos um ter\u00e7o dos voos no Pa\u00eds e temos mais de 300 rotas servindo todo o Brasil. O aumento da nossa <strong>malha a\u00e9rea em Congonhas<\/strong> vai, tamb\u00e9m, ampliar a presen\u00e7a da Azul no pa\u00eds inteiro e conectar cada canto do Brasil com CGH\u201d, afirma John Rodgerson, CEO da Azul. <\/li><li>O executivo tamb\u00e9m refor\u00e7a que a medida, que abre espa\u00e7o para a Azul e outras companhias atuarem no terminal, traz benef\u00edcios para o setor e clientes. <\/li><li>\u201cEssa \u00e9 uma forma de melhorar o aproveitamento do Aeroporto de Congonhas e gerar mais competitividade entre as companhias, beneficiando tamb\u00e9m o cliente, que ganha mais op\u00e7\u00f5es\u201d, conclui Rodgerson.<\/li><li>Segundo a Azul, Congonhas vai ampliar o n\u00famero de pousos e decolagens de 41 opera\u00e7\u00f5es por hora para 44 movimentos a partir de 26 de mar\u00e7o, num total de 582 voos comerciais por dia. O aeroporto j\u00e1 operou anteriormente com 52 movimentos por hora, afirmou a empresa.<\/li><li><strong>Azul tem alta de 11% no tr\u00e1fego de passageiros consolidado (RPKs) em outubro<\/strong><\/li><li>A Azul anunciou os resultados preliminares de tr\u00e1fego de outubro de 2022. O tr\u00e1fego de passageiros consolidado (RPKs) apresentou crescimento de 11,0% em rela\u00e7\u00e3o a outubro de 2021.<\/li><li>Os<strong>&nbsp;resultados preliminares da Azul&nbsp;<\/strong>tamb\u00e9m apontam um crescimento de 18,1% na capacidade (ASKs) em outubro, na compara\u00e7\u00e3o com o mesmo m\u00eas em 2021, resultando em uma taxa de ocupa\u00e7\u00e3o de 77,2%, com queda de 4,9 pontos percentuais na base anual.<\/li><li>Segundo o&nbsp;<strong>CEO da Azul<\/strong>, \u201ccontinuamos focados em conciliar fortes tarifas e yield, com capacidade disciplinada, levando a um recorde sequencial do RASK no m\u00eas de outubro. Acreditamos na continuidade dessa tend\u00eancia diante da demanda pela nossa malha e do forte ambiente de receita\u201d.<\/li><li>Atualmente, a companhia \u00e9 a maior a\u00e9rea do Brasil em n\u00famero de voos e cidades atendidas, com cerca de 900 voos di\u00e1rios \u2014 isso sem considerar a <strong>opera\u00e7\u00e3o da Azul em Congonhas<\/strong> a partir de 2023.<\/li><\/ul>\n\n\n\t<p>\n\t\t<a href=\"https:\/\/lp.suno.com.br\/ebook-como-analisar-uma-acao\/\" target=\"_blank\" data-element=\"shortcode-suno-banner\" title=\"Banner SUNO, clique e saiba mais\">\n\t\t\t<picture>\n\t\t\t\t<source media=\"(max-width: 500px)\" srcset=\"https:\/\/files.sunoresearch.com.br\/n\/uploads\/2023\/03\/Ebook-Acoes-Mobile.jpg\">\n\t\t\t\t<img class=\"newsContent__article__imgCapa newsContent__article__imgCapa--banner\"\n\t\t\t\t\tsrc=\"https:\/\/files.sunoresearch.com.br\/n\/uploads\/2023\/03\/Ebook-Acoes-Desktop.jpg\"\n\t\t\t\t\tdata-promo-id=\"311946\"\t\t\t\t\t\t\t\t\t\twidth='1420' height='286'\t\t\t\t\talt=\"https:\/\/files.sunoresearch.com.br\/n\/uploads\/2023\/03\/Ebook-Acoes-Desktop.jpg\"\n\t\t\t\t>\n\t\t\t<\/picture>\n\t\t<\/a>\n\t<\/p>\n\n\n\n\n\n<h2 class=\"wp-block-heading\">Ferbasa (FESA4) pagar\u00e1 dividendos e JCP no total de R$ 69 milh\u00f5es; veja o valor por a\u00e7\u00e3o<\/h2>\n\n\n\n<ul class=\"wp-block-list\"><li>A <a class=\"suno-keyword\" data-force=\"yes\" data-priority=\"2\" href=\"https:\/\/www.suno.com.br\/acoes\/FESA4\/\" target=\"_blank\" rel=\"noopener\"><strong>Ferbasa <\/strong>(FESA4)<\/a> vai pagar R$ 30,6 milh\u00f5es em <a class=\"suno-keyword\" data-force=\"no\" data-priority=\"1\" href=\"https:\/\/www.suno.com.br\/artigos\/entenda-o-jcp\/\" target=\"_blank\" rel=\"noopener\">Juros Sobre Capital Pr\u00f3prio<\/a> (JCP) e R$ 38,6 milh\u00f5es em <a class=\"suno-keyword\" data-force=\"no\" data-priority=\"1\" href=\"https:\/\/www.suno.com.br\/guias\/dividendos\/\" target=\"_blank\" rel=\"noopener\">dividendos<\/a> aos seus acionistas, segundo <a class=\"suno-keyword\" data-force=\"no\" data-priority=\"1\" href=\"https:\/\/www.suno.com.br\/artigos\/fato-relevante\/\" target=\"_blank\" rel=\"noopener\">fato relevante<\/a> divulgado nesta ter\u00e7a-feira (29).<\/li><li>O valor dos JCP por a\u00e7\u00e3o da Ferbasa ser\u00e1 de R$ 0,33 para cada a\u00e7\u00e3o ordin\u00e1ria e de R$ 0,37 para cada a\u00e7\u00e3o preferencial.<\/li><li>O valor dos <strong><a class=\"suno-keyword\" data-force=\"no\" data-priority=\"1\" href=\"https:\/\/www.suno.com.br\/guias\/dividendos\/\" target=\"_blank\" rel=\"noopener\">dividendos<\/a> <\/strong>por a\u00e7\u00e3o ser\u00e1 de R$ 0,42 para cada a\u00e7\u00e3o ordin\u00e1ria e R$ 0,46 para cada a\u00e7\u00e3o preferencial, que ser\u00e3o pagos em 23 de dezembro.<\/li><li>Apenas os investidores com<strong> a\u00e7\u00f5es da Ferbasa<\/strong> no dia 8 de dezembro poder\u00e3o receber os rendimentos. A partir do dia 9 de dezembro, as a\u00e7\u00f5es ser\u00e3o negociadas sem direito aos dividendos.<\/li><li>Segundo documento arquivado na Comiss\u00e3o de Valores Mobili\u00e1rios (CVM), esses proventos fazem parte dos <a class=\"suno-keyword\" data-force=\"no\" data-priority=\"1\" href=\"https:\/\/www.suno.com.br\/guias\/dividendos\/\" target=\"_blank\" rel=\"noopener\">dividendos<\/a> obrigat\u00f3rios do exerc\u00edcio de 2022.<\/li><li>O valor dos JCP ter\u00e1 reten\u00e7\u00e3o do imposto de renda na fonte, com al\u00edquota de 15%, resultando em aproximadamente e R$ 0,28 por a\u00e7\u00e3o ordin\u00e1ria e de R$ 0,31 por a\u00e7\u00e3o preferencial.<\/li><li>Os dividendos s\u00e3o isentos de tributa\u00e7\u00e3o para pessoas f\u00edsicas, mas devem estar na declara\u00e7\u00e3o anual de Imposto de Renda. <\/li><li><strong>JCP da Ferbasa<\/strong><\/li><li>Valor total: R$ 30.644.904,03<\/li><li>Valor por a\u00e7\u00e3o: R$ 0,33799637096 por a\u00e7\u00e3o ordin\u00e1ria e de R$ 0,37179600805 por a\u00e7\u00e3o preferencial<\/li><li>Data de corte: 8 de dezembro de 2022<\/li><li>Data do pagamento: 23 de dezembro de 2022<\/li><li>Rendimento (dividend yield): 6,88%<\/li><li><strong>Dividendos da Ferbasa<\/strong><\/li><li>Valor total: R$ 38.600.000,00<\/li><li>Valor por a\u00e7\u00e3o: R$ 0,42573668715 por a\u00e7\u00e3o ordin\u00e1ria e R$ 0,46831035587 por a\u00e7\u00e3o preferencial<\/li><li>Data de corte: 8 de dezembro de 2022<\/li><li>Data do pagamento: 23 de dezembro de 2022<\/li><li>Rendimento (dividend yield): 6,88%<\/li><li><strong>Cota\u00e7\u00e3o <\/strong><\/li><li>No preg\u00e3o de hoje, a cota\u00e7\u00e3o das <a class=\"suno-keyword\" data-force=\"no\" data-priority=\"1\" href=\"https:\/\/www.suno.com.br\/artigos\/acoes-preferenciais\/\" target=\"_blank\" rel=\"noopener\">a\u00e7\u00f5es preferenciais<\/a> da<strong> Ferbasa<\/strong> subiu 2,77%, cotada a R$ 55,33. No ano, o papel acumula alta de 14,22%.<\/li><\/ul>\n\n\n\n<h2 class=\"wp-block-heading\">Qualicorp (QUAL3) divulga valor por a\u00e7\u00e3o de dividendos milion\u00e1rios<\/h2>\n\n\n\n<ul class=\"wp-block-list\"><li>A <a class=\"suno-keyword\" data-force=\"yes\" data-priority=\"2\" href=\"https:\/\/www.suno.com.br\/acoes\/QUAL3\/\" target=\"_blank\" rel=\"noopener\"><strong>Qualicorp<\/strong> (QUAL3)<\/a> comunicou que os dividendos de R$ 70,9 milh\u00f5es, que ser\u00e3o pagos em 12 de dezembro, ter\u00e3o o valor de R$ 0,25 por a\u00e7\u00e3o, segundo fato relevante divulgado nesta ter\u00e7a-feira (29).<\/li><li>O an\u00fancio vem em continuidade ao divulgado em 23 de novembro, quando a companhia n\u00e3o havia informado o valor dos <strong>dividendos<\/strong> por a\u00e7\u00e3o.<\/li><li>Apenas os investidores com <strong>a\u00e7\u00f5es da Qualicorp<\/strong> no dia 5 de maio ter\u00e3o direito de receber os rendimentos. A partir do dia 6 de maio, as a\u00e7\u00f5es ser\u00e3o negociadas sem os dividendos.<\/li><li>Segundo documento arquivado na Comiss\u00e3o de Valores Mobili\u00e1rios (CVM), esses proventos fazem parte dos <a class=\"suno-keyword\" data-force=\"no\" data-priority=\"1\" href=\"https:\/\/www.suno.com.br\/guias\/dividendos\/\" target=\"_blank\" rel=\"noopener\">dividendos<\/a> obrigat\u00f3rios do exerc\u00edcio de 2022.<\/li><li><strong>Dividendos da Qualicorp<\/strong><\/li><li>Valor total: R$ 70.947.159,38<\/li><li>Valor por a\u00e7\u00e3o: R$ 0,255431505<\/li><li>Data de corte: 5 de maio de 2022<\/li><li>Data do pagamento: 12 de dezembro de 2022<\/li><li>Rendimento (dividend yield): 4,22%<\/li><li><strong>Resultado do 3T22<\/strong><\/li><li>O <a class=\"suno-keyword\" data-force=\"no\" data-priority=\"1\" href=\"https:\/\/www.suno.com.br\/artigos\/lucro-liquido\/\" target=\"_blank\" rel=\"noopener\">lucro l\u00edquido<\/a> da Qualicorp despencou 55,4% no primeiro trimestre, para R$ 49,2 milh\u00f5es, comparado com igual per\u00edodo do ano passado.<\/li><li>O lucro antes de juros, impostos, <a class=\"suno-keyword\" data-force=\"no\" data-priority=\"1\" href=\"https:\/\/www.suno.com.br\/artigos\/depreciacao-amortizacao\/\" target=\"_blank\" rel=\"noopener\">deprecia\u00e7\u00e3o e amortiza\u00e7\u00e3o<\/a>, o Ebitda da Qualicorp, no per\u00edodo foi de R$ 233,8 milh\u00f5es, queda de 13% sobre os R$ 268,6 milh\u00f5es registrados h\u00e1 um ano. Com isso, a margem Ebtida no terceiro trimestre recuou 4,1 pontos porcentuais para 46,1%, ante 50,2% do mesmo trimestre do ano anterior.<\/li><li>Segundo o time de an\u00e1lise do BTG Pactual, a Qualicorp apresentou outra rodada de contra\u00e7\u00e3o da <a class=\"suno-keyword\" data-force=\"no\" data-priority=\"1\" href=\"https:\/\/www.suno.com.br\/artigos\/o-que-receita-liquida\/\" target=\"_blank\" rel=\"noopener\">receita l\u00edquida<\/a>, \u201cnenhum crescimento org\u00e2nico no portf\u00f3lio coletivo por ades\u00e3o e press\u00f5es de margem.\u201d<\/li><li>A receita l\u00edquida da Qualicorp atingiu R$ 507,1 milh\u00f5es, registrando recuo de 5,2% em rela\u00e7\u00e3o ao terceiro trimestre de 2021, resultado em linha com o BTG. No acumulado de janeiro a setembro, soma R$ 1,498 bilh\u00e3o, redu\u00e7\u00e3o de 4,9% sobre o <a class=\"suno-keyword\" data-force=\"no\" data-priority=\"1\" href=\"https:\/\/www.suno.com.br\/artigos\/lucro-liquido\/\" target=\"_blank\" rel=\"noopener\">lucro l\u00edquido<\/a> apurado em igual per\u00edodo do ano passado.<\/li><li><strong>Cota\u00e7\u00e3o <\/strong><\/li><li>No preg\u00e3o de hoje, a cota\u00e7\u00e3o das a\u00e7\u00f5es da <strong>Qualicorp<\/strong> subiu 6,14%%, cotada a R$ 6. No ano, o papel acumula baixa de 62,59%.<\/li><\/ul>\n\n\n\n<h2 class=\"wp-block-heading\">Assa\u00ed (ASAI3): banco reitera compra ap\u00f3s an\u00fancio de oferta de a\u00e7\u00f5es<\/h2>\n\n\n\n<ul class=\"wp-block-list\"><li>O Goldman Sachs reiterou a recomenda\u00e7\u00e3o de compra, para as a\u00e7\u00f5es do <a class=\"suno-keyword\" data-force=\"yes\" data-priority=\"2\" href=\"https:\/\/www.suno.com.br\/acoes\/asai3\/\" target=\"_blank\" rel=\"noopener\"><strong>Assa\u00ed<\/strong> (ASAI3)<\/a>, com o pre\u00e7o-alvo de R$ 24, ap\u00f3s o Assai (ASAI3) informar que far\u00e1 uma <a class=\"suno-keyword\" data-force=\"no\" data-priority=\"1\" href=\"https:\/\/www.suno.com.br\/artigos\/oferta-secundaria\/\" target=\"_blank\" rel=\"noopener\">oferta secund\u00e1ria<\/a> de a\u00e7\u00f5es na segunda-feira (28).<\/li><li>A <strong>oferta p\u00fablica de distribui\u00e7\u00e3o secund\u00e1ria do Assa\u00ed<\/strong> totalizar\u00e1 140.800.000 de <a class=\"suno-keyword\" data-force=\"no\" data-priority=\"1\" href=\"https:\/\/www.suno.com.br\/artigos\/o-que-sao-acoes-ordinarias-preferenciais-e-units\/\" target=\"_blank\" rel=\"noopener\">a\u00e7\u00f5es ordin\u00e1rias<\/a> do Grupo Casino (por meio da Wilkes Participa\u00e7\u00f5es, da G\u00e9ant International BV (GIBV) e da Helicco Participa\u00e7\u00f5es). <\/li><li>Os analistas do Goldman Sachs acreditam que, embora a <a class=\"suno-keyword\" data-force=\"no\" data-priority=\"1\" href=\"https:\/\/www.suno.com.br\/artigos\/oferta-secundaria\/\" target=\"_blank\" rel=\"noopener\">oferta secund\u00e1ria<\/a> possa criar um &#8220;overhang (excesso de a\u00e7\u00f5es no mercado, que pode derrubar os pre\u00e7os) de curto prazo&#8221; para as <strong>a\u00e7\u00f5es do Assa\u00ed<\/strong>, ela pode resultar em uma estrutura de propriedade mais diversificada. <\/li><li>Esta estrutura poderia levar a melhorias na governan\u00e7a corporativa do Assa\u00ed e maior liquidez, ambos pontos positivos estrat\u00e9gicos para o estoque.<\/li><li><strong>Mais detalhes da oferta do Assa\u00ed<\/strong><\/li><li>A opera\u00e7\u00e3o segue a estrat\u00e9gia do varejista franc\u00eas Casino, que tem 41% da rede de atacarejo \u2014 opera\u00e7\u00e3o de maior crescimento e <a class=\"suno-keyword\" data-force=\"no\" data-priority=\"1\" href=\"https:\/\/www.suno.com.br\/artigos\/geracao-de-caixa\/\" target=\"_blank\" rel=\"noopener\">gera\u00e7\u00e3o de caixa<\/a> para o grupo franc\u00eas.<\/li><li>A transa\u00e7\u00e3o foi desenhada para injetar recursos no caixa do Casino, que est\u00e1 em dificuldades financeiras. A venda de um peda\u00e7o de sua participa\u00e7\u00e3o das a\u00e7\u00f5es do Assa\u00ed proporcionaria f\u00f4lego junto a seus credores.<\/li><li>Em <a class=\"suno-keyword\" data-force=\"no\" data-priority=\"1\" href=\"https:\/\/www.suno.com.br\/artigos\/fato-relevante\/\" target=\"_blank\" rel=\"noopener\">fato relevante<\/a> enviado \u00e0 Comiss\u00e3o de Valores Mobili\u00e1rios (CVM), a empresa informa que a oferta poder\u00e1, a crit\u00e9rio da Wilkes, em comum acordo com os Coordenadores da Oferta Global, ser acrescida em at\u00e9 35,20%. Ou seja, at\u00e9 49.500.000 A\u00e7\u00f5es da Oferta Global, nas mesmas condi\u00e7\u00f5es e pre\u00e7o das A\u00e7\u00f5es da Oferta Global inicialmente ofertadas.<\/li><li>A opera\u00e7\u00e3o inclui American Depositary Shares (ADS), representados por American Depositary Receipts (ADR), e ser\u00e1 realizada simultaneamente no Brasil e exterior. Cada ADR \u00e9 representativo de cinco a\u00e7\u00f5es.<\/li><li>Em relat\u00f3rio publicado ontem (28), a XP apontou que enxerga a transa\u00e7\u00e3o de maneira positiva. \u201cMantemos nossa recomenda\u00e7\u00e3o de compra e pre\u00e7o-alvo de R$ 22 por a\u00e7\u00e3o, reiterando Assa\u00ed como uma das nossas prefer\u00eancias no setor\u201d, destacam os analistas.<\/li><\/ul>\n\n\n\n<p><em>Da&nbsp;<strong>Braskem<\/strong>&nbsp;\u00e0 Assa\u00ed, essas foram as empresas que se destacaram hoje. Para ler todas as mat\u00e9rias clique aqui.<\/em><a href=\"https:\/\/lp.suno.com.br\/pv\/black-friday-suno-3\/\" target=\"_blank\" rel=\"noreferrer noopener\"><\/a><a href=\"https:\/\/lp.suno.com.br\/pv\/black-friday-suno-3\/\" target=\"_blank\" rel=\"noreferrer noopener\"><\/a><\/p>\n\n\n\n<p><a href=\"https:\/\/lp.suno.com.br\/pv\/black-friday-suno-3\/\" target=\"_blank\" rel=\"noreferrer noopener\"><\/a><\/p>\n\n\n\t<p>\n\t\t<a href=\"https:\/\/lp.suno.com.br\/ebook-investindo-em-fiis\/\" target=\"_blank\" data-element=\"shortcode-suno-banner\" title=\"Banner SUNO, clique e saiba mais\">\n\t\t\t<picture>\n\t\t\t\t<source media=\"(max-width: 500px)\" srcset=\"https:\/\/files.sunoresearch.com.br\/n\/uploads\/2023\/03\/Ebook-Fundos-Imobiliarios-Mobile-1.jpg\">\n\t\t\t\t<img class=\"newsContent__article__imgCapa newsContent__article__imgCapa--banner\"\n\t\t\t\t\tsrc=\"https:\/\/files.sunoresearch.com.br\/n\/uploads\/2023\/03\/Ebook-Fundos-Imobiliarios-Desktop-1.jpg\"\n\t\t\t\t\tdata-promo-id=\"313843\"\t\t\t\t\t\t\t\t\t\twidth='1420' height='286'\t\t\t\t\talt=\"https:\/\/files.sunoresearch.com.br\/n\/uploads\/2023\/03\/Ebook-Fundos-Imobiliarios-Desktop-1.jpg\"\n\t\t\t\t>\n\t\t\t<\/picture>\n\t\t<\/a>\n\t<\/p>\n\n\n","protected":false},"excerpt":{"rendered":"<p>Os analistas do Bank of America (BofA) reiteraram a recomenda\u00e7\u00e3o de compra para as a\u00e7\u00f5es da Braskem (BRKM5), com upside de 66% no valor dos pap\u00e9is da companhia. Na revis\u00e3o anterior o pre\u00e7o-alvo era de R$ 30 e, agora, foi atualizado para R$ 50. Braskem (BRKM5) . Foto: Reprodu\u00e7\u00e3o Facebook A leitura do cen\u00e1rio, feita [&hellip;]<\/p>\n","protected":false},"author":194,"featured_media":139974,"comment_status":"closed","ping_status":"closed","sticky":false,"template":"","format":"standard","meta":[],"categories":[64],"tags":[1187,106932,395,475,611],"suno_strategy":[],"class_list":["post-325998","post","type-post","status-publish","format-standard","has-post-thumbnail","hentry","category-negocios","tag-assai-asai3","tag-azul-azul4","tag-braskem-brkm3-brkm5-brkm6","tag-ferbasa-fesa3-fesa4","tag-qualicorp-qual3"],"yoast_head":"<!-- This site is optimized with the Yoast SEO plugin v24.4 - https:\/\/yoast.com\/wordpress\/plugins\/seo\/ -->\n<title>Radar: banco v\u00ea upside de 66% para a Braskem (BRKM5), Azul (AZUL4) dobrar\u00e1 opera\u00e7\u00e3o em Congonhas e Ferbasa (FESA4) pagar\u00e1 dividendos milion\u00e1rios<\/title>\n<meta name=\"description\" content=\"BofA recomenda compra de Braskem, Azul anuncia que dobrar\u00e1 opera\u00e7\u00f5es em 2023 e Ferbasa pagar\u00e1 dividendos milion\u00e1rios. Saiba mais.\" \/>\n<meta name=\"robots\" content=\"index, follow, max-snippet:-1, max-image-preview:large, max-video-preview:-1\" \/>\n<link rel=\"canonical\" href=\"https:\/\/www.suno.com.br\/noticias\/radar-braskem-brkm5-azul-azul4-ferbasa-fesa3\/\" \/>\n<meta property=\"og:locale\" content=\"pt_BR\" \/>\n<meta property=\"og:type\" content=\"article\" \/>\n<meta property=\"og:title\" content=\"Radar: banco v\u00ea upside de 66% para a Braskem (BRKM5), Azul (AZUL4) dobrar\u00e1 opera\u00e7\u00e3o em Congonhas e Ferbasa (FESA4) pagar\u00e1 dividendos milion\u00e1rios\" \/>\n<meta property=\"og:description\" content=\"BofA recomenda compra de Braskem, Azul anuncia que dobrar\u00e1 opera\u00e7\u00f5es em 2023 e Ferbasa pagar\u00e1 dividendos milion\u00e1rios. Saiba mais.\" \/>\n<meta property=\"og:url\" content=\"https:\/\/www.suno.com.br\/noticias\/radar-braskem-brkm5-azul-azul4-ferbasa-fesa3\/\" \/>\n<meta property=\"og:site_name\" content=\"Suno Not\u00edcias\" \/>\n<meta property=\"article:publisher\" content=\"https:\/\/facebook.com\/sunoresearch\" \/>\n<meta property=\"og:image\" content=\"https:\/\/files.sunoresearch.com.br\/n\/uploads\/2021\/04\/521361f8-20799353_1610101175690888_7857981650435119203_n-1.jpg\" \/>\n\t<meta property=\"og:image:width\" content=\"1200\" \/>\n\t<meta property=\"og:image:height\" content=\"1200\" \/>\n\t<meta property=\"og:image:type\" content=\"image\/jpeg\" \/>\n<meta name=\"author\" content=\"Isabella Taglapietra\" \/>\n<meta name=\"twitter:card\" content=\"summary_large_image\" \/>\n<meta name=\"twitter:creator\" content=\"@sunoresearch\" \/>\n<meta name=\"twitter:site\" content=\"@sunoresearch\" \/>\n<meta name=\"twitter:label1\" content=\"Escrito por\" \/>\n\t<meta name=\"twitter:data1\" content=\"Isabella Taglapietra\" \/>\n\t<meta name=\"twitter:label2\" content=\"Est. tempo de leitura\" \/>\n\t<meta name=\"twitter:data2\" content=\"11 minutos\" \/>\n<script type=\"application\/ld+json\" class=\"yoast-schema-graph\">{\"@context\":\"https:\/\/schema.org\",\"@graph\":[{\"@type\":\"NewsArticle\",\"@id\":\"https:\/\/www.suno.com.br\/noticias\/radar-braskem-brkm5-azul-azul4-ferbasa-fesa3\/#article\",\"isPartOf\":{\"@id\":\"https:\/\/www.suno.com.br\/noticias\/radar-braskem-brkm5-azul-azul4-ferbasa-fesa3\/\"},\"author\":{\"name\":\"Isabella Taglapietra\",\"@id\":\"https:\/\/www.suno.com.br\/noticias\/#\/schema\/person\/a0be106724f6f5d705d70f04333cb249\"},\"headline\":\"Radar: banco v\u00ea upside de 66% para a Braskem (BRKM5), Azul (AZUL4) dobrar\u00e1 opera\u00e7\u00e3o em Congonhas e Ferbasa (FESA4) pagar\u00e1 dividendos milion\u00e1rios\",\"datePublished\":\"2022-11-30T01:12:49+00:00\",\"dateModified\":\"2022-11-30T01:13:01+00:00\",\"mainEntityOfPage\":{\"@id\":\"https:\/\/www.suno.com.br\/noticias\/radar-braskem-brkm5-azul-azul4-ferbasa-fesa3\/\"},\"wordCount\":2060,\"publisher\":{\"@id\":\"https:\/\/www.suno.com.br\/noticias\/#organization\"},\"image\":{\"@id\":\"https:\/\/www.suno.com.br\/noticias\/radar-braskem-brkm5-azul-azul4-ferbasa-fesa3\/#primaryimage\"},\"thumbnailUrl\":\"https:\/\/files.sunoresearch.com.br\/n\/uploads\/2021\/04\/521361f8-20799353_1610101175690888_7857981650435119203_n-1-jpg.webp\",\"keywords\":[\"Assa\u00ed (ASAI3)\",\"Azul (AZUL4)\",\"Braskem (BRKM3\/BRKM5\/BRKM6)\",\"Ferbasa (FESA3\/FESA4)\",\"Qualicorp (QUAL3)\"],\"articleSection\":[\"Neg\u00f3cios\"],\"inLanguage\":\"pt-BR\"},{\"@type\":\"WebPage\",\"@id\":\"https:\/\/www.suno.com.br\/noticias\/radar-braskem-brkm5-azul-azul4-ferbasa-fesa3\/\",\"url\":\"https:\/\/www.suno.com.br\/noticias\/radar-braskem-brkm5-azul-azul4-ferbasa-fesa3\/\",\"name\":\"Radar: banco v\u00ea upside de 66% para a Braskem (BRKM5), Azul (AZUL4) dobrar\u00e1 opera\u00e7\u00e3o em Congonhas e Ferbasa (FESA4) pagar\u00e1 dividendos milion\u00e1rios\",\"isPartOf\":{\"@id\":\"https:\/\/www.suno.com.br\/noticias\/#website\"},\"primaryImageOfPage\":{\"@id\":\"https:\/\/www.suno.com.br\/noticias\/radar-braskem-brkm5-azul-azul4-ferbasa-fesa3\/#primaryimage\"},\"image\":{\"@id\":\"https:\/\/www.suno.com.br\/noticias\/radar-braskem-brkm5-azul-azul4-ferbasa-fesa3\/#primaryimage\"},\"thumbnailUrl\":\"https:\/\/files.sunoresearch.com.br\/n\/uploads\/2021\/04\/521361f8-20799353_1610101175690888_7857981650435119203_n-1-jpg.webp\",\"datePublished\":\"2022-11-30T01:12:49+00:00\",\"dateModified\":\"2022-11-30T01:13:01+00:00\",\"description\":\"BofA recomenda compra de Braskem, Azul anuncia que dobrar\u00e1 opera\u00e7\u00f5es em 2023 e Ferbasa pagar\u00e1 dividendos milion\u00e1rios. Saiba mais.\",\"breadcrumb\":{\"@id\":\"https:\/\/www.suno.com.br\/noticias\/radar-braskem-brkm5-azul-azul4-ferbasa-fesa3\/#breadcrumb\"},\"inLanguage\":\"pt-BR\",\"potentialAction\":[{\"@type\":\"ReadAction\",\"target\":[\"https:\/\/www.suno.com.br\/noticias\/radar-braskem-brkm5-azul-azul4-ferbasa-fesa3\/\"]}]},{\"@type\":\"ImageObject\",\"inLanguage\":\"pt-BR\",\"@id\":\"https:\/\/www.suno.com.br\/noticias\/radar-braskem-brkm5-azul-azul4-ferbasa-fesa3\/#primaryimage\",\"url\":\"https:\/\/files.sunoresearch.com.br\/n\/uploads\/2021\/04\/521361f8-20799353_1610101175690888_7857981650435119203_n-1-jpg.webp\",\"contentUrl\":\"https:\/\/files.sunoresearch.com.br\/n\/uploads\/2021\/04\/521361f8-20799353_1610101175690888_7857981650435119203_n-1-jpg.webp\",\"width\":1200,\"height\":1200,\"caption\":\"Braskem (BRKM5) . Foto: Reprodu\u00e7\u00e3o Facebook\"},{\"@type\":\"BreadcrumbList\",\"@id\":\"https:\/\/www.suno.com.br\/noticias\/radar-braskem-brkm5-azul-azul4-ferbasa-fesa3\/#breadcrumb\",\"itemListElement\":[{\"@type\":\"ListItem\",\"position\":1,\"name\":\"Not\u00edcias\",\"item\":\"https:\/\/www.suno.com.br\/noticias\/\"},{\"@type\":\"ListItem\",\"position\":2,\"name\":\"Neg\u00f3cios\",\"item\":\"https:\/\/www.suno.com.br\/noticias\/negocios\/\"},{\"@type\":\"ListItem\",\"position\":3,\"name\":\"Radar: banco v\u00ea upside de 66% para a Braskem (BRKM5), Azul (AZUL4) dobrar\u00e1 opera\u00e7\u00e3o em Congonhas e Ferbasa (FESA4) pagar\u00e1 dividendos milion\u00e1rios\"}]},{\"@type\":\"WebSite\",\"@id\":\"https:\/\/www.suno.com.br\/noticias\/#website\",\"url\":\"https:\/\/www.suno.com.br\/noticias\/\",\"name\":\"Suno Not\u00edcias\",\"description\":\"Seu portal de informa\u00e7\u00e3o sobre o mundo dos investimentos\",\"publisher\":{\"@id\":\"https:\/\/www.suno.com.br\/noticias\/#organization\"},\"potentialAction\":[{\"@type\":\"SearchAction\",\"target\":{\"@type\":\"EntryPoint\",\"urlTemplate\":\"https:\/\/www.suno.com.br\/noticias\/?s={search_term_string}\"},\"query-input\":{\"@type\":\"PropertyValueSpecification\",\"valueRequired\":true,\"valueName\":\"search_term_string\"}}],\"inLanguage\":\"pt-BR\"},{\"@type\":\"Organization\",\"@id\":\"https:\/\/www.suno.com.br\/noticias\/#organization\",\"name\":\"Suno Not\u00edcias\",\"url\":\"https:\/\/www.suno.com.br\/noticias\/\",\"logo\":{\"@type\":\"ImageObject\",\"inLanguage\":\"pt-BR\",\"@id\":\"https:\/\/www.suno.com.br\/noticias\/#\/schema\/logo\/image\/\",\"url\":\"https:\/\/files.sunoresearch.com.br\/n\/uploads\/2021\/09\/suno-logo.png\",\"contentUrl\":\"https:\/\/files.sunoresearch.com.br\/n\/uploads\/2021\/09\/suno-logo.png\",\"width\":180,\"height\":180,\"caption\":\"Suno Not\u00edcias\"},\"image\":{\"@id\":\"https:\/\/www.suno.com.br\/noticias\/#\/schema\/logo\/image\/\"},\"sameAs\":[\"https:\/\/facebook.com\/sunoresearch\",\"https:\/\/x.com\/sunoresearch\",\"https:\/\/www.instagram.com\/suno\",\"https:\/\/www.linkedin.com\/company\/suno-research\/\",\"https:\/\/www.youtube.com\/c\/sunoresearch\"]},{\"@type\":\"Person\",\"@id\":\"https:\/\/www.suno.com.br\/noticias\/#\/schema\/person\/a0be106724f6f5d705d70f04333cb249\",\"name\":\"Isabella Taglapietra\",\"image\":{\"@type\":\"ImageObject\",\"inLanguage\":\"pt-BR\",\"@id\":\"https:\/\/www.suno.com.br\/noticias\/#\/schema\/person\/image\/\",\"url\":\"https:\/\/secure.gravatar.com\/avatar\/089c9e06b71de293117116aaf339e22f?s=96&r=g\",\"contentUrl\":\"https:\/\/secure.gravatar.com\/avatar\/089c9e06b71de293117116aaf339e22f?s=96&r=g\",\"caption\":\"Isabella Taglapietra\"},\"description\":\"Rep\u00f3rter freelancer no Suno Not\u00edcias, cobre not\u00edcias di\u00e1rias sobre economia, balan\u00e7os trimestrais e pesquisas. Formada em jornalismo pela Faculdade C\u00e1sper L\u00edbero e p\u00f3s-graduanda em mercado de capitais pela Fecap, atuou como rep\u00f3rter de economia e finan\u00e7as no portal CRC!News e Elas que Lucrem, al\u00e9m de social media para empresas do mercado financeiro.\",\"url\":\"https:\/\/www.suno.com.br\/noticias\/author\/isabella-taglapietra\/\"}]}<\/script>\n<!-- \/ Yoast SEO plugin. -->","yoast_head_json":{"title":"Radar: banco v\u00ea upside de 66% para a Braskem (BRKM5), Azul (AZUL4) dobrar\u00e1 opera\u00e7\u00e3o em Congonhas e Ferbasa (FESA4) pagar\u00e1 dividendos milion\u00e1rios","description":"BofA recomenda compra de Braskem, Azul anuncia que dobrar\u00e1 opera\u00e7\u00f5es em 2023 e Ferbasa pagar\u00e1 dividendos milion\u00e1rios. Saiba mais.","robots":{"index":"index","follow":"follow","max-snippet":"max-snippet:-1","max-image-preview":"max-image-preview:large","max-video-preview":"max-video-preview:-1"},"canonical":"https:\/\/www.suno.com.br\/noticias\/radar-braskem-brkm5-azul-azul4-ferbasa-fesa3\/","og_locale":"pt_BR","og_type":"article","og_title":"Radar: banco v\u00ea upside de 66% para a Braskem (BRKM5), Azul (AZUL4) dobrar\u00e1 opera\u00e7\u00e3o em Congonhas e Ferbasa (FESA4) pagar\u00e1 dividendos milion\u00e1rios","og_description":"BofA recomenda compra de Braskem, Azul anuncia que dobrar\u00e1 opera\u00e7\u00f5es em 2023 e Ferbasa pagar\u00e1 dividendos milion\u00e1rios. Saiba mais.","og_url":"https:\/\/www.suno.com.br\/noticias\/radar-braskem-brkm5-azul-azul4-ferbasa-fesa3\/","og_site_name":"Suno Not\u00edcias","article_publisher":"https:\/\/facebook.com\/sunoresearch","og_image":[{"width":1200,"height":1200,"url":"https:\/\/files.sunoresearch.com.br\/n\/uploads\/2021\/04\/521361f8-20799353_1610101175690888_7857981650435119203_n-1.jpg","type":"image\/jpeg"}],"author":"Isabella Taglapietra","twitter_card":"summary_large_image","twitter_creator":"@sunoresearch","twitter_site":"@sunoresearch","twitter_misc":{"Escrito por":"Isabella Taglapietra","Est. tempo de leitura":"11 minutos"},"schema":{"@context":"https:\/\/schema.org","@graph":[{"@type":"NewsArticle","@id":"https:\/\/www.suno.com.br\/noticias\/radar-braskem-brkm5-azul-azul4-ferbasa-fesa3\/#article","isPartOf":{"@id":"https:\/\/www.suno.com.br\/noticias\/radar-braskem-brkm5-azul-azul4-ferbasa-fesa3\/"},"author":{"name":"Isabella Taglapietra","@id":"https:\/\/www.suno.com.br\/noticias\/#\/schema\/person\/a0be106724f6f5d705d70f04333cb249"},"headline":"Radar: banco v\u00ea upside de 66% para a Braskem (BRKM5), Azul (AZUL4) dobrar\u00e1 opera\u00e7\u00e3o em Congonhas e Ferbasa (FESA4) pagar\u00e1 dividendos milion\u00e1rios","datePublished":"2022-11-30T01:12:49+00:00","dateModified":"2022-11-30T01:13:01+00:00","mainEntityOfPage":{"@id":"https:\/\/www.suno.com.br\/noticias\/radar-braskem-brkm5-azul-azul4-ferbasa-fesa3\/"},"wordCount":2060,"publisher":{"@id":"https:\/\/www.suno.com.br\/noticias\/#organization"},"image":{"@id":"https:\/\/www.suno.com.br\/noticias\/radar-braskem-brkm5-azul-azul4-ferbasa-fesa3\/#primaryimage"},"thumbnailUrl":"https:\/\/files.sunoresearch.com.br\/n\/uploads\/2021\/04\/521361f8-20799353_1610101175690888_7857981650435119203_n-1-jpg.webp","keywords":["Assa\u00ed (ASAI3)","Azul (AZUL4)","Braskem (BRKM3\/BRKM5\/BRKM6)","Ferbasa (FESA3\/FESA4)","Qualicorp (QUAL3)"],"articleSection":["Neg\u00f3cios"],"inLanguage":"pt-BR"},{"@type":"WebPage","@id":"https:\/\/www.suno.com.br\/noticias\/radar-braskem-brkm5-azul-azul4-ferbasa-fesa3\/","url":"https:\/\/www.suno.com.br\/noticias\/radar-braskem-brkm5-azul-azul4-ferbasa-fesa3\/","name":"Radar: banco v\u00ea upside de 66% para a Braskem (BRKM5), Azul (AZUL4) dobrar\u00e1 opera\u00e7\u00e3o em Congonhas e Ferbasa (FESA4) pagar\u00e1 dividendos milion\u00e1rios","isPartOf":{"@id":"https:\/\/www.suno.com.br\/noticias\/#website"},"primaryImageOfPage":{"@id":"https:\/\/www.suno.com.br\/noticias\/radar-braskem-brkm5-azul-azul4-ferbasa-fesa3\/#primaryimage"},"image":{"@id":"https:\/\/www.suno.com.br\/noticias\/radar-braskem-brkm5-azul-azul4-ferbasa-fesa3\/#primaryimage"},"thumbnailUrl":"https:\/\/files.sunoresearch.com.br\/n\/uploads\/2021\/04\/521361f8-20799353_1610101175690888_7857981650435119203_n-1-jpg.webp","datePublished":"2022-11-30T01:12:49+00:00","dateModified":"2022-11-30T01:13:01+00:00","description":"BofA recomenda compra de Braskem, Azul anuncia que dobrar\u00e1 opera\u00e7\u00f5es em 2023 e Ferbasa pagar\u00e1 dividendos milion\u00e1rios. Saiba mais.","breadcrumb":{"@id":"https:\/\/www.suno.com.br\/noticias\/radar-braskem-brkm5-azul-azul4-ferbasa-fesa3\/#breadcrumb"},"inLanguage":"pt-BR","potentialAction":[{"@type":"ReadAction","target":["https:\/\/www.suno.com.br\/noticias\/radar-braskem-brkm5-azul-azul4-ferbasa-fesa3\/"]}]},{"@type":"ImageObject","inLanguage":"pt-BR","@id":"https:\/\/www.suno.com.br\/noticias\/radar-braskem-brkm5-azul-azul4-ferbasa-fesa3\/#primaryimage","url":"https:\/\/files.sunoresearch.com.br\/n\/uploads\/2021\/04\/521361f8-20799353_1610101175690888_7857981650435119203_n-1-jpg.webp","contentUrl":"https:\/\/files.sunoresearch.com.br\/n\/uploads\/2021\/04\/521361f8-20799353_1610101175690888_7857981650435119203_n-1-jpg.webp","width":1200,"height":1200,"caption":"Braskem (BRKM5) . Foto: Reprodu\u00e7\u00e3o Facebook"},{"@type":"BreadcrumbList","@id":"https:\/\/www.suno.com.br\/noticias\/radar-braskem-brkm5-azul-azul4-ferbasa-fesa3\/#breadcrumb","itemListElement":[{"@type":"ListItem","position":1,"name":"Not\u00edcias","item":"https:\/\/www.suno.com.br\/noticias\/"},{"@type":"ListItem","position":2,"name":"Neg\u00f3cios","item":"https:\/\/www.suno.com.br\/noticias\/negocios\/"},{"@type":"ListItem","position":3,"name":"Radar: banco v\u00ea upside de 66% para a Braskem (BRKM5), Azul (AZUL4) dobrar\u00e1 opera\u00e7\u00e3o em Congonhas e Ferbasa (FESA4) pagar\u00e1 dividendos milion\u00e1rios"}]},{"@type":"WebSite","@id":"https:\/\/www.suno.com.br\/noticias\/#website","url":"https:\/\/www.suno.com.br\/noticias\/","name":"Suno Not\u00edcias","description":"Seu portal de informa\u00e7\u00e3o sobre o mundo dos investimentos","publisher":{"@id":"https:\/\/www.suno.com.br\/noticias\/#organization"},"potentialAction":[{"@type":"SearchAction","target":{"@type":"EntryPoint","urlTemplate":"https:\/\/www.suno.com.br\/noticias\/?s={search_term_string}"},"query-input":{"@type":"PropertyValueSpecification","valueRequired":true,"valueName":"search_term_string"}}],"inLanguage":"pt-BR"},{"@type":"Organization","@id":"https:\/\/www.suno.com.br\/noticias\/#organization","name":"Suno Not\u00edcias","url":"https:\/\/www.suno.com.br\/noticias\/","logo":{"@type":"ImageObject","inLanguage":"pt-BR","@id":"https:\/\/www.suno.com.br\/noticias\/#\/schema\/logo\/image\/","url":"https:\/\/files.sunoresearch.com.br\/n\/uploads\/2021\/09\/suno-logo.png","contentUrl":"https:\/\/files.sunoresearch.com.br\/n\/uploads\/2021\/09\/suno-logo.png","width":180,"height":180,"caption":"Suno Not\u00edcias"},"image":{"@id":"https:\/\/www.suno.com.br\/noticias\/#\/schema\/logo\/image\/"},"sameAs":["https:\/\/facebook.com\/sunoresearch","https:\/\/x.com\/sunoresearch","https:\/\/www.instagram.com\/suno","https:\/\/www.linkedin.com\/company\/suno-research\/","https:\/\/www.youtube.com\/c\/sunoresearch"]},{"@type":"Person","@id":"https:\/\/www.suno.com.br\/noticias\/#\/schema\/person\/a0be106724f6f5d705d70f04333cb249","name":"Isabella Taglapietra","image":{"@type":"ImageObject","inLanguage":"pt-BR","@id":"https:\/\/www.suno.com.br\/noticias\/#\/schema\/person\/image\/","url":"https:\/\/secure.gravatar.com\/avatar\/089c9e06b71de293117116aaf339e22f?s=96&r=g","contentUrl":"https:\/\/secure.gravatar.com\/avatar\/089c9e06b71de293117116aaf339e22f?s=96&r=g","caption":"Isabella Taglapietra"},"description":"Rep\u00f3rter freelancer no Suno Not\u00edcias, cobre not\u00edcias di\u00e1rias sobre economia, balan\u00e7os trimestrais e pesquisas. Formada em jornalismo pela Faculdade C\u00e1sper L\u00edbero e p\u00f3s-graduanda em mercado de capitais pela Fecap, atuou como rep\u00f3rter de economia e finan\u00e7as no portal CRC!News e Elas que Lucrem, al\u00e9m de social media para empresas do mercado financeiro.","url":"https:\/\/www.suno.com.br\/noticias\/author\/isabella-taglapietra\/"}]}},"default_loop_html":"<div class=\"cardsPage__listCard__boxs\"><div class=\"cardsPage__listCard__boxs__img\"><a href=\"https:\/\/www.suno.com.br\/noticias\/radar-braskem-brkm5-azul-azul4-ferbasa-fesa3\/\"><img class=\"mask\" src=\"https:\/\/www.suno.com.br\/noticias\/wp-content\/themes\/suno\/resources\/images\/spotlight\/spotlight1img\/bg-mask.png\" alt=\"Image Mask\"\/><img src=\"https:\/\/files.sunoresearch.com.br\/n\/uploads\/2021\/04\/521361f8-20799353_1610101175690888_7857981650435119203_n-1-400x200.webp\" alt=\"Radar: banco v\u00ea upside de 66% para a Braskem (BRKM5), Azul (AZUL4) dobrar\u00e1 opera\u00e7\u00e3o em Congonhas e Ferbasa (FESA4) pagar\u00e1 dividendos milion\u00e1rios\"\/><\/a><span class=\"spotlightCategory\"><a href=\"https:\/\/www.suno.com.br\/noticias\/negocios\/\">Neg\u00f3cios<\/a><\/span><\/div><div class=\"cardsPage__listCard__boxs__content\"><a href=\"https:\/\/www.suno.com.br\/noticias\/radar-braskem-brkm5-azul-azul4-ferbasa-fesa3\/\"><h2 class=\"content__title\">Radar: banco v\u00ea upside de 66% para a Braskem (BRKM5), Azul (AZUL4) dobrar\u00e1 opera\u00e7\u00e3o em Congonhas e Ferbasa (FESA4) pagar\u00e1 dividendos milion\u00e1rios<\/h2><\/a><div class=\"newsContent__article__meta\"><div class=\"newsContent__article__meta__authorBox\"><a href=\"https:\/\/www.suno.com.br\/noticias\/author\/isabella-taglapietra\/\" class=\"authorBox__avatar noMobi\"><img src=\"https:\/\/files.sunoresearch.com.br\/n\/uploads\/2022\/08\/WhatsApp-Image-2022-08-04-at-12.40.27-150x150.jpeg\" alt=\"Isabella Taglapietra\"><\/a><div class=\"authorBox__name\"><span>por\n\t\t\t<a href=\"https:\/\/www.suno.com.br\/noticias\/author\/isabella-taglapietra\/\"><span itemprop=\"author\">Isabella Taglapietra<\/span><\/a><\/span><time datetime=\"2022-11-29T22:12:49-03:00\" itemprop=\"datePublished\">29\/11\/2022 22:12<\/time><\/div><\/div><\/div><\/div><\/div>","single_layout":"posts","amp_enabled":true,"_links":{"self":[{"href":"https:\/\/www.suno.com.br\/noticias\/wp-json\/wp\/v2\/posts\/325998"}],"collection":[{"href":"https:\/\/www.suno.com.br\/noticias\/wp-json\/wp\/v2\/posts"}],"about":[{"href":"https:\/\/www.suno.com.br\/noticias\/wp-json\/wp\/v2\/types\/post"}],"author":[{"embeddable":true,"href":"https:\/\/www.suno.com.br\/noticias\/wp-json\/wp\/v2\/users\/194"}],"replies":[{"embeddable":true,"href":"https:\/\/www.suno.com.br\/noticias\/wp-json\/wp\/v2\/comments?post=325998"}],"version-history":[{"count":2,"href":"https:\/\/www.suno.com.br\/noticias\/wp-json\/wp\/v2\/posts\/325998\/revisions"}],"predecessor-version":[{"id":326032,"href":"https:\/\/www.suno.com.br\/noticias\/wp-json\/wp\/v2\/posts\/325998\/revisions\/326032"}],"wp:featuredmedia":[{"embeddable":true,"href":"https:\/\/www.suno.com.br\/noticias\/wp-json\/wp\/v2\/media\/139974"}],"wp:attachment":[{"href":"https:\/\/www.suno.com.br\/noticias\/wp-json\/wp\/v2\/media?parent=325998"}],"wp:term":[{"taxonomy":"category","embeddable":true,"href":"https:\/\/www.suno.com.br\/noticias\/wp-json\/wp\/v2\/categories?post=325998"},{"taxonomy":"post_tag","embeddable":true,"href":"https:\/\/www.suno.com.br\/noticias\/wp-json\/wp\/v2\/tags?post=325998"},{"taxonomy":"suno_strategy","embeddable":true,"href":"https:\/\/www.suno.com.br\/noticias\/wp-json\/wp\/v2\/suno_strategy?post=325998"}],"curies":[{"name":"wp","href":"https:\/\/api.w.org\/{rel}","templated":true}]}}