{"id":32568,"date":"2019-07-30T11:56:27","date_gmt":"2019-07-30T14:56:27","guid":{"rendered":"https:\/\/www.suno.com.br\/noticias\/?p=32568"},"modified":"2019-07-30T11:56:27","modified_gmt":"2019-07-30T14:56:27","slug":"trump-acordo-comercial-eua-brasil","status":"publish","type":"post","link":"https:\/\/www.suno.com.br\/noticias\/trump-acordo-comercial-eua-brasil\/","title":{"rendered":"Trump diz querer assinar um acordo comercial entre EUA e Brasil"},"content":{"rendered":"<p>O presidente dos EUA, <strong>Donald Trump,<\/strong> afirmou nesta ter\u00e7a-feira (30) quer quer assinar um <strong><a href=\"https:\/\/www.suno.com.br\/artigos\/acordo-comercial\/\">acordo de livre com\u00e9rcio<\/a><\/strong> com o <strong>Brasil.<\/strong> O mandat\u00e1rio norte-americano tamb\u00e9m elogiou o presidente brasileiro, <strong>Jair Bolsonaro,<\/strong> e disse que tem um bom relacionamento com o Pa\u00eds.<\/p>\t<div class=\"wrapper-featured-image\">\n\t\t<figure class=\"spotlightImg\">\n\n\t\t\t<picture>\n\t\t\t\t<source media=\"(max-width: 768px)\" srcset=\"https:\/\/files.sunoresearch.com.br\/n\/uploads\/2019\/07\/8dae0c56-bolsonaro-trump-400x200.webp\">\n\t\t\t\t<img loading=\"lazy\" decoding=\"async\" class=\"newsContent__article__imgCapa lazyloadDisabled newsContent__article__imgCapa--noCaption\" src=\"https:\/\/files.sunoresearch.com.br\/n\/uploads\/2019\/07\/8dae0c56-bolsonaro-trump-800x450.webp\" width=\"800\" height=\"450\" alt=\"Trump diz querer assinar um acordo comercial entre EUA e Brasil\" fetchpriority=high \/>\n\t\t\t<\/picture>\n\n\t\t\t<figcaption class=\"wp-caption-text wp-caption-text--hide\">O documento \u00e9 visto pelo governo do Brasil como uma oficializa\u00e7\u00e3o das negocia\u00e7\u00f5es para um acordo comercial envolvendo os produtos.<\/figcaption>\n\t\t<\/figure>\n\t<\/div>\n\n\n<p>&#8220;Eu tenho um \u00f3timo relacionamento com o <strong>Brasil.<\/strong> Eu tenho um relacionamento fant\u00e1stico com o seu presidente. Ele \u00e9 um grande cavalheiro. Dizem que ele \u00e9 o <strong>Trump<\/strong> do <strong>Brasil.<\/strong> Eu gosto disso, \u00e9 um elogio. Eu acho que ele est\u00e1 fazendo um \u00f3timo trabalho. \u00c9 um trabalho duro, mas acho que seu presidente est\u00e1 fazendo um trabalho fant\u00e1stico. Ele \u00e9 um homem maravilhoso com uma fam\u00edlia maravilhosa&#8221;, afirmou o presidente dos <strong>EUA,<\/strong> discursando com jornalistas na Casa Branca.<\/p>\n\n<p>Segundo <strong>Trump,<\/strong> o <strong>Brasil<\/strong> \u00e9 um grande parceiro comercial dos <strong>EUA.<\/strong> Por isso, o objetivo \u00e9 assinar um acordo de livre com\u00e9rcio com o Pa\u00eds.<\/p>\n<p><a href=\"https:\/\/www.suno.com.br\/noticias\/fed-economia-eua-continua-crescendo\/\">Saiba mais: Fed: Apesar de quest\u00f5es comerciais, economia dos EUA segue crescendo\u00a0<\/a><\/p>\n<p>&#8220;Vamos trabalhar em um acordo de livre com\u00e9rcio com o Brasil. O Brasil \u00e9 um grande parceiro comercial, eles nos cobram muitas tarifas, mas n\u00f3s amamos essa rela\u00e7\u00e3o&#8221;, explicou o presidente dos Estados Unidos.<\/p>\n<h2>Encontro no G20<\/h2>\n<p>No final de junho, os dois presidentes se encontraram em Osaka, no Jap\u00e3o, durante a c\u00fapula do <strong>G20.<\/strong> A reuni\u00e3o ocorreu tr\u00eas meses ap\u00f3s visita oficial de <strong>Bolsonaro<\/strong> nos <strong>EUA.<\/strong><\/p>\n<p><a href=\"https:\/\/www.suno.com.br\/noticias\/eric-trump-pode-ser-embaixador-dos-eua-no-brasil-segundo-governo-brasileiro\/\">Saiba mais: Eric Trump pode ser embaixador dos EUA no Brasil, segundo governo brasileiro\u00a0<\/a><\/p>\n<p>Naquela ocasi\u00e3o, o presidente dos <strong>Estados Unidos<\/strong> disse que &#8220;o presidente brasileiro \u00e9 um homem especial, que est\u00e1 indo bem, \u00e9 muito amado pelo povo do Brasil. E ele se orgulha da rela\u00e7\u00e3o que tem com o presidente Trump&#8221;.<\/p>\n<h2>Presid\u00eancia do Mercosul<\/h2>\n<p>O Brasil integra o <strong>Mercado Comum do Sul (Mercosul)<\/strong>, uma organiza\u00e7\u00e3o internacional de livre com\u00e9rcio. O bloco \u00e9 composto por Brasil, Argentina, Uruguai e Paraguai. Os tratados do Mercosul preveem que os pa\u00edses membros n\u00e3o possam realizar acordo comerciais separadamente dos outros parceiros.<\/p>\n\t<p>\n\t\t<a href=\"https:\/\/lps.suno.com.br\/asset\/newsletter\/\" target=\"_blank\" data-element=\"shortcode-suno-banner\" title=\"Banner SUNO, clique e saiba mais\">\n\t\t\t<picture>\n\t\t\t\t<source media=\"(max-width: 500px)\" srcset=\"https:\/\/files.sunoresearch.com.br\/n\/uploads\/2023\/04\/400x300-Mobile-Artigos-4.jpg\">\n\t\t\t\t<img class=\"newsContent__article__imgCapa newsContent__article__imgCapa--banner\"\n\t\t\t\t\tsrc=\"https:\/\/files.sunoresearch.com.br\/n\/uploads\/2023\/04\/1420x240-Banner-Artigos-1-_-Banner-Materias-1.jpg\"\n\t\t\t\t\tdata-promo-id=\"386700\"\t\t\t\t\t\t\t\t\t\twidth='1420' height='240'\t\t\t\t\talt=\"https:\/\/files.sunoresearch.com.br\/n\/uploads\/2023\/04\/1420x240-Banner-Artigos-1-_-Banner-Materias-1.jpg\"\n\t\t\t\t>\n\t\t\t<\/picture>\n\t\t<\/a>\n\t<\/p>\n\n\n<p>Entretanto, o <strong>Brasil<\/strong> assumiu a presid\u00eancia rotativa do <strong>Mercosul<\/strong> pelos pr\u00f3ximos seis meses. Gra\u00e7as a essa posi\u00e7\u00e3o, o Pa\u00eds poderia promover pautas como a assinatura de novos acordos de livre com\u00e9rcio.<\/p>\n<p>No momento da posse da presid\u00eancia do <strong>Mercosul, Bolsonaro<\/strong> prometeu avan\u00e7ar em negocia\u00e7\u00f5es por outros acordos comerciais e deu como exemplo v\u00ednculos com<\/p>\n<ul>\n<li>Canad\u00e1<\/li>\n<li>Singapura<\/li>\n<li>Coreia do Sul<\/li>\n<li>Associa\u00e7\u00e3o Europeia de Livre Com\u00e9rcio (EFTA)<\/li>\n<\/ul>\n<p>Em junho deste ano, a <strong>Uni\u00e3o Europeia (UE)<\/strong> e o <strong>Mercosul<\/strong> anunciaram o fechamento de um acordo de livre-com\u00e9rcio. Entre os novos acordos que o bloco poderia negociar poderia estar aquele com os <strong>EUA.<\/strong><\/p>\n","protected":false},"excerpt":{"rendered":"<p>O presidente dos EUA, Donald Trump, afirmou nesta ter\u00e7a-feira (30) quer quer assinar um acordo de livre com\u00e9rcio com o Brasil. O mandat\u00e1rio norte-americano tamb\u00e9m elogiou o presidente brasileiro, Jair Bolsonaro, e disse que tem um bom relacionamento com o Pa\u00eds. O documento \u00e9 visto pelo governo do Brasil como uma oficializa\u00e7\u00e3o das negocia\u00e7\u00f5es para [&hellip;]<\/p>\n","protected":false},"author":9,"featured_media":32569,"comment_status":"closed","ping_status":"closed","sticky":false,"template":"","format":"standard","meta":[],"categories":[63],"tags":[1546,724,793,719],"suno_strategy":[],"class_list":["post-32568","post","type-post","status-publish","format-standard","has-post-thumbnail","hentry","category-internacional","tag-acordo-comercial","tag-donald-trump","tag-estados-unidos-eua","tag-jair-bolsonaro"],"yoast_head":"<!-- This site is optimized with the Yoast SEO plugin v24.4 - https:\/\/yoast.com\/wordpress\/plugins\/seo\/ -->\n<title>Trump diz querer assinar um acordo comercial entre EUA e Brasil<\/title>\n<meta name=\"description\" content=\"O presidente dos EUA, Donald Trump, afirmou querer assinar um acordo de livre com\u00e9rcio com o Brasil. Clique aqui para saber mais.\" \/>\n<meta name=\"robots\" content=\"index, follow, max-snippet:-1, max-image-preview:large, max-video-preview:-1\" \/>\n<link rel=\"canonical\" href=\"https:\/\/www.suno.com.br\/noticias\/trump-acordo-comercial-eua-brasil\/\" \/>\n<meta property=\"og:locale\" content=\"pt_BR\" \/>\n<meta property=\"og:type\" content=\"article\" \/>\n<meta property=\"og:title\" content=\"Trump diz querer assinar um acordo comercial entre EUA e Brasil\" \/>\n<meta property=\"og:description\" content=\"O presidente dos EUA, Donald Trump, afirmou querer assinar um acordo de livre com\u00e9rcio com o Brasil. Clique aqui para saber mais.\" \/>\n<meta property=\"og:url\" content=\"https:\/\/www.suno.com.br\/noticias\/trump-acordo-comercial-eua-brasil\/\" \/>\n<meta property=\"og:site_name\" content=\"Suno Not\u00edcias\" \/>\n<meta property=\"article:publisher\" content=\"https:\/\/facebook.com\/sunoresearch\" \/>\n<meta property=\"og:image\" content=\"https:\/\/files.sunoresearch.com.br\/n\/uploads\/2019\/07\/8dae0c56-bolsonaro-trump.png\" \/>\n\t<meta property=\"og:image:width\" content=\"1250\" \/>\n\t<meta property=\"og:image:height\" content=\"600\" \/>\n\t<meta property=\"og:image:type\" content=\"image\/png\" \/>\n<meta name=\"author\" content=\"Carlo Cauti\" \/>\n<meta name=\"twitter:card\" content=\"summary_large_image\" \/>\n<meta name=\"twitter:creator\" content=\"@sunoresearch\" \/>\n<meta name=\"twitter:site\" content=\"@sunoresearch\" \/>\n<meta name=\"twitter:label1\" content=\"Escrito por\" \/>\n\t<meta name=\"twitter:data1\" content=\"Carlo Cauti\" \/>\n\t<meta name=\"twitter:label2\" content=\"Est. tempo de leitura\" \/>\n\t<meta name=\"twitter:data2\" content=\"2 minutos\" \/>\n<script type=\"application\/ld+json\" class=\"yoast-schema-graph\">{\"@context\":\"https:\/\/schema.org\",\"@graph\":[{\"@type\":\"NewsArticle\",\"@id\":\"https:\/\/www.suno.com.br\/noticias\/trump-acordo-comercial-eua-brasil\/#article\",\"isPartOf\":{\"@id\":\"https:\/\/www.suno.com.br\/noticias\/trump-acordo-comercial-eua-brasil\/\"},\"author\":{\"name\":\"Carlo Cauti\",\"@id\":\"https:\/\/www.suno.com.br\/noticias\/#\/schema\/person\/e6e0f723cc177805027f4566c1d5e0c8\"},\"headline\":\"Trump diz querer assinar um acordo comercial entre EUA e Brasil\",\"datePublished\":\"2019-07-30T14:56:27+00:00\",\"mainEntityOfPage\":{\"@id\":\"https:\/\/www.suno.com.br\/noticias\/trump-acordo-comercial-eua-brasil\/\"},\"wordCount\":466,\"publisher\":{\"@id\":\"https:\/\/www.suno.com.br\/noticias\/#organization\"},\"image\":{\"@id\":\"https:\/\/www.suno.com.br\/noticias\/trump-acordo-comercial-eua-brasil\/#primaryimage\"},\"thumbnailUrl\":\"https:\/\/files.sunoresearch.com.br\/n\/uploads\/2019\/07\/8dae0c56-bolsonaro-trump-png.webp\",\"keywords\":[\"acordo comercial\",\"Donald Trump\",\"Estados Unidos (EUA)\",\"Jair Bolsonaro\"],\"articleSection\":[\"Internacional\"],\"inLanguage\":\"pt-BR\"},{\"@type\":\"WebPage\",\"@id\":\"https:\/\/www.suno.com.br\/noticias\/trump-acordo-comercial-eua-brasil\/\",\"url\":\"https:\/\/www.suno.com.br\/noticias\/trump-acordo-comercial-eua-brasil\/\",\"name\":\"Trump diz querer assinar um acordo comercial entre EUA e Brasil\",\"isPartOf\":{\"@id\":\"https:\/\/www.suno.com.br\/noticias\/#website\"},\"primaryImageOfPage\":{\"@id\":\"https:\/\/www.suno.com.br\/noticias\/trump-acordo-comercial-eua-brasil\/#primaryimage\"},\"image\":{\"@id\":\"https:\/\/www.suno.com.br\/noticias\/trump-acordo-comercial-eua-brasil\/#primaryimage\"},\"thumbnailUrl\":\"https:\/\/files.sunoresearch.com.br\/n\/uploads\/2019\/07\/8dae0c56-bolsonaro-trump-png.webp\",\"datePublished\":\"2019-07-30T14:56:27+00:00\",\"description\":\"O presidente dos EUA, Donald Trump, afirmou querer assinar um acordo de livre com\u00e9rcio com o Brasil. Clique aqui para saber mais.\",\"breadcrumb\":{\"@id\":\"https:\/\/www.suno.com.br\/noticias\/trump-acordo-comercial-eua-brasil\/#breadcrumb\"},\"inLanguage\":\"pt-BR\",\"potentialAction\":[{\"@type\":\"ReadAction\",\"target\":[\"https:\/\/www.suno.com.br\/noticias\/trump-acordo-comercial-eua-brasil\/\"]}]},{\"@type\":\"ImageObject\",\"inLanguage\":\"pt-BR\",\"@id\":\"https:\/\/www.suno.com.br\/noticias\/trump-acordo-comercial-eua-brasil\/#primaryimage\",\"url\":\"https:\/\/files.sunoresearch.com.br\/n\/uploads\/2019\/07\/8dae0c56-bolsonaro-trump-png.webp\",\"contentUrl\":\"https:\/\/files.sunoresearch.com.br\/n\/uploads\/2019\/07\/8dae0c56-bolsonaro-trump-png.webp\",\"width\":1250,\"height\":600,\"caption\":\"O documento \u00e9 visto pelo governo do Brasil como uma oficializa\u00e7\u00e3o das negocia\u00e7\u00f5es para um acordo comercial envolvendo os produtos.\"},{\"@type\":\"BreadcrumbList\",\"@id\":\"https:\/\/www.suno.com.br\/noticias\/trump-acordo-comercial-eua-brasil\/#breadcrumb\",\"itemListElement\":[{\"@type\":\"ListItem\",\"position\":1,\"name\":\"Not\u00edcias\",\"item\":\"https:\/\/www.suno.com.br\/noticias\/\"},{\"@type\":\"ListItem\",\"position\":2,\"name\":\"Internacional\",\"item\":\"https:\/\/www.suno.com.br\/noticias\/internacional\/\"},{\"@type\":\"ListItem\",\"position\":3,\"name\":\"Trump diz querer assinar um acordo comercial entre EUA e Brasil\"}]},{\"@type\":\"WebSite\",\"@id\":\"https:\/\/www.suno.com.br\/noticias\/#website\",\"url\":\"https:\/\/www.suno.com.br\/noticias\/\",\"name\":\"Suno Not\u00edcias\",\"description\":\"Seu portal de informa\u00e7\u00e3o sobre o mundo dos investimentos\",\"publisher\":{\"@id\":\"https:\/\/www.suno.com.br\/noticias\/#organization\"},\"potentialAction\":[{\"@type\":\"SearchAction\",\"target\":{\"@type\":\"EntryPoint\",\"urlTemplate\":\"https:\/\/www.suno.com.br\/noticias\/?s={search_term_string}\"},\"query-input\":{\"@type\":\"PropertyValueSpecification\",\"valueRequired\":true,\"valueName\":\"search_term_string\"}}],\"inLanguage\":\"pt-BR\"},{\"@type\":\"Organization\",\"@id\":\"https:\/\/www.suno.com.br\/noticias\/#organization\",\"name\":\"Suno Not\u00edcias\",\"url\":\"https:\/\/www.suno.com.br\/noticias\/\",\"logo\":{\"@type\":\"ImageObject\",\"inLanguage\":\"pt-BR\",\"@id\":\"https:\/\/www.suno.com.br\/noticias\/#\/schema\/logo\/image\/\",\"url\":\"https:\/\/files.sunoresearch.com.br\/n\/uploads\/2021\/09\/suno-logo.png\",\"contentUrl\":\"https:\/\/files.sunoresearch.com.br\/n\/uploads\/2021\/09\/suno-logo.png\",\"width\":180,\"height\":180,\"caption\":\"Suno Not\u00edcias\"},\"image\":{\"@id\":\"https:\/\/www.suno.com.br\/noticias\/#\/schema\/logo\/image\/\"},\"sameAs\":[\"https:\/\/facebook.com\/sunoresearch\",\"https:\/\/x.com\/sunoresearch\",\"https:\/\/www.instagram.com\/suno\",\"https:\/\/www.linkedin.com\/company\/suno-research\/\",\"https:\/\/www.youtube.com\/c\/sunoresearch\"]},{\"@type\":\"Person\",\"@id\":\"https:\/\/www.suno.com.br\/noticias\/#\/schema\/person\/e6e0f723cc177805027f4566c1d5e0c8\",\"name\":\"Carlo Cauti\",\"image\":{\"@type\":\"ImageObject\",\"inLanguage\":\"pt-BR\",\"@id\":\"https:\/\/www.suno.com.br\/noticias\/#\/schema\/person\/image\/\",\"url\":\"https:\/\/secure.gravatar.com\/avatar\/3ada9e0bd164c23abd4792a9606d583c?s=96&r=g\",\"contentUrl\":\"https:\/\/secure.gravatar.com\/avatar\/3ada9e0bd164c23abd4792a9606d583c?s=96&r=g\",\"caption\":\"Carlo Cauti\"},\"description\":\"Editor multim\u00eddia do SUNO Not\u00edcias. Italiano, formado em Ci\u00eancias Pol\u00edticas pela universidade LUISS G. Carli de Roma e mestre cum laude em Rela\u00e7\u00f5es Internacionais, Jornalismo Internacional e de Guerra e em Economia Internacional. Concluiu tamb\u00e9m um MBA em Finan\u00e7as na B3. No Brasil, teve passagem por ve\u00edculos como Estad\u00e3o, Globo, Veja e EXAME. e nas ag\u00eancias de not\u00edcias italianas ANSA e NOVA.\",\"url\":\"https:\/\/www.suno.com.br\/noticias\/author\/carlo-cauti\/\"}]}<\/script>\n<!-- \/ Yoast SEO plugin. -->","yoast_head_json":{"title":"Trump diz querer assinar um acordo comercial entre EUA e Brasil","description":"O presidente dos EUA, Donald Trump, afirmou querer assinar um acordo de livre com\u00e9rcio com o Brasil. Clique aqui para saber mais.","robots":{"index":"index","follow":"follow","max-snippet":"max-snippet:-1","max-image-preview":"max-image-preview:large","max-video-preview":"max-video-preview:-1"},"canonical":"https:\/\/www.suno.com.br\/noticias\/trump-acordo-comercial-eua-brasil\/","og_locale":"pt_BR","og_type":"article","og_title":"Trump diz querer assinar um acordo comercial entre EUA e Brasil","og_description":"O presidente dos EUA, Donald Trump, afirmou querer assinar um acordo de livre com\u00e9rcio com o Brasil. Clique aqui para saber mais.","og_url":"https:\/\/www.suno.com.br\/noticias\/trump-acordo-comercial-eua-brasil\/","og_site_name":"Suno Not\u00edcias","article_publisher":"https:\/\/facebook.com\/sunoresearch","og_image":[{"width":1250,"height":600,"url":"https:\/\/files.sunoresearch.com.br\/n\/uploads\/2019\/07\/8dae0c56-bolsonaro-trump.png","type":"image\/png"}],"author":"Carlo Cauti","twitter_card":"summary_large_image","twitter_creator":"@sunoresearch","twitter_site":"@sunoresearch","twitter_misc":{"Escrito por":"Carlo Cauti","Est. tempo de leitura":"2 minutos"},"schema":{"@context":"https:\/\/schema.org","@graph":[{"@type":"NewsArticle","@id":"https:\/\/www.suno.com.br\/noticias\/trump-acordo-comercial-eua-brasil\/#article","isPartOf":{"@id":"https:\/\/www.suno.com.br\/noticias\/trump-acordo-comercial-eua-brasil\/"},"author":{"name":"Carlo Cauti","@id":"https:\/\/www.suno.com.br\/noticias\/#\/schema\/person\/e6e0f723cc177805027f4566c1d5e0c8"},"headline":"Trump diz querer assinar um acordo comercial entre EUA e Brasil","datePublished":"2019-07-30T14:56:27+00:00","mainEntityOfPage":{"@id":"https:\/\/www.suno.com.br\/noticias\/trump-acordo-comercial-eua-brasil\/"},"wordCount":466,"publisher":{"@id":"https:\/\/www.suno.com.br\/noticias\/#organization"},"image":{"@id":"https:\/\/www.suno.com.br\/noticias\/trump-acordo-comercial-eua-brasil\/#primaryimage"},"thumbnailUrl":"https:\/\/files.sunoresearch.com.br\/n\/uploads\/2019\/07\/8dae0c56-bolsonaro-trump-png.webp","keywords":["acordo comercial","Donald Trump","Estados Unidos (EUA)","Jair Bolsonaro"],"articleSection":["Internacional"],"inLanguage":"pt-BR"},{"@type":"WebPage","@id":"https:\/\/www.suno.com.br\/noticias\/trump-acordo-comercial-eua-brasil\/","url":"https:\/\/www.suno.com.br\/noticias\/trump-acordo-comercial-eua-brasil\/","name":"Trump diz querer assinar um acordo comercial entre EUA e Brasil","isPartOf":{"@id":"https:\/\/www.suno.com.br\/noticias\/#website"},"primaryImageOfPage":{"@id":"https:\/\/www.suno.com.br\/noticias\/trump-acordo-comercial-eua-brasil\/#primaryimage"},"image":{"@id":"https:\/\/www.suno.com.br\/noticias\/trump-acordo-comercial-eua-brasil\/#primaryimage"},"thumbnailUrl":"https:\/\/files.sunoresearch.com.br\/n\/uploads\/2019\/07\/8dae0c56-bolsonaro-trump-png.webp","datePublished":"2019-07-30T14:56:27+00:00","description":"O presidente dos EUA, Donald Trump, afirmou querer assinar um acordo de livre com\u00e9rcio com o Brasil. Clique aqui para saber mais.","breadcrumb":{"@id":"https:\/\/www.suno.com.br\/noticias\/trump-acordo-comercial-eua-brasil\/#breadcrumb"},"inLanguage":"pt-BR","potentialAction":[{"@type":"ReadAction","target":["https:\/\/www.suno.com.br\/noticias\/trump-acordo-comercial-eua-brasil\/"]}]},{"@type":"ImageObject","inLanguage":"pt-BR","@id":"https:\/\/www.suno.com.br\/noticias\/trump-acordo-comercial-eua-brasil\/#primaryimage","url":"https:\/\/files.sunoresearch.com.br\/n\/uploads\/2019\/07\/8dae0c56-bolsonaro-trump-png.webp","contentUrl":"https:\/\/files.sunoresearch.com.br\/n\/uploads\/2019\/07\/8dae0c56-bolsonaro-trump-png.webp","width":1250,"height":600,"caption":"O documento \u00e9 visto pelo governo do Brasil como uma oficializa\u00e7\u00e3o das negocia\u00e7\u00f5es para um acordo comercial envolvendo os produtos."},{"@type":"BreadcrumbList","@id":"https:\/\/www.suno.com.br\/noticias\/trump-acordo-comercial-eua-brasil\/#breadcrumb","itemListElement":[{"@type":"ListItem","position":1,"name":"Not\u00edcias","item":"https:\/\/www.suno.com.br\/noticias\/"},{"@type":"ListItem","position":2,"name":"Internacional","item":"https:\/\/www.suno.com.br\/noticias\/internacional\/"},{"@type":"ListItem","position":3,"name":"Trump diz querer assinar um acordo comercial entre EUA e Brasil"}]},{"@type":"WebSite","@id":"https:\/\/www.suno.com.br\/noticias\/#website","url":"https:\/\/www.suno.com.br\/noticias\/","name":"Suno Not\u00edcias","description":"Seu portal de informa\u00e7\u00e3o sobre o mundo dos investimentos","publisher":{"@id":"https:\/\/www.suno.com.br\/noticias\/#organization"},"potentialAction":[{"@type":"SearchAction","target":{"@type":"EntryPoint","urlTemplate":"https:\/\/www.suno.com.br\/noticias\/?s={search_term_string}"},"query-input":{"@type":"PropertyValueSpecification","valueRequired":true,"valueName":"search_term_string"}}],"inLanguage":"pt-BR"},{"@type":"Organization","@id":"https:\/\/www.suno.com.br\/noticias\/#organization","name":"Suno Not\u00edcias","url":"https:\/\/www.suno.com.br\/noticias\/","logo":{"@type":"ImageObject","inLanguage":"pt-BR","@id":"https:\/\/www.suno.com.br\/noticias\/#\/schema\/logo\/image\/","url":"https:\/\/files.sunoresearch.com.br\/n\/uploads\/2021\/09\/suno-logo.png","contentUrl":"https:\/\/files.sunoresearch.com.br\/n\/uploads\/2021\/09\/suno-logo.png","width":180,"height":180,"caption":"Suno Not\u00edcias"},"image":{"@id":"https:\/\/www.suno.com.br\/noticias\/#\/schema\/logo\/image\/"},"sameAs":["https:\/\/facebook.com\/sunoresearch","https:\/\/x.com\/sunoresearch","https:\/\/www.instagram.com\/suno","https:\/\/www.linkedin.com\/company\/suno-research\/","https:\/\/www.youtube.com\/c\/sunoresearch"]},{"@type":"Person","@id":"https:\/\/www.suno.com.br\/noticias\/#\/schema\/person\/e6e0f723cc177805027f4566c1d5e0c8","name":"Carlo Cauti","image":{"@type":"ImageObject","inLanguage":"pt-BR","@id":"https:\/\/www.suno.com.br\/noticias\/#\/schema\/person\/image\/","url":"https:\/\/secure.gravatar.com\/avatar\/3ada9e0bd164c23abd4792a9606d583c?s=96&r=g","contentUrl":"https:\/\/secure.gravatar.com\/avatar\/3ada9e0bd164c23abd4792a9606d583c?s=96&r=g","caption":"Carlo Cauti"},"description":"Editor multim\u00eddia do SUNO Not\u00edcias. Italiano, formado em Ci\u00eancias Pol\u00edticas pela universidade LUISS G. Carli de Roma e mestre cum laude em Rela\u00e7\u00f5es Internacionais, Jornalismo Internacional e de Guerra e em Economia Internacional. Concluiu tamb\u00e9m um MBA em Finan\u00e7as na B3. No Brasil, teve passagem por ve\u00edculos como Estad\u00e3o, Globo, Veja e EXAME. e nas ag\u00eancias de not\u00edcias italianas ANSA e NOVA.","url":"https:\/\/www.suno.com.br\/noticias\/author\/carlo-cauti\/"}]}},"default_loop_html":"<div class=\"cardsPage__listCard__boxs\"><div class=\"cardsPage__listCard__boxs__img\"><a href=\"https:\/\/www.suno.com.br\/noticias\/trump-acordo-comercial-eua-brasil\/\"><img class=\"mask\" src=\"https:\/\/www.suno.com.br\/noticias\/wp-content\/themes\/suno\/resources\/images\/spotlight\/spotlight1img\/bg-mask.png\" alt=\"Image Mask\"\/><img src=\"https:\/\/files.sunoresearch.com.br\/n\/uploads\/2019\/07\/8dae0c56-bolsonaro-trump-400x200.webp\" alt=\"Trump diz querer assinar um acordo comercial entre EUA e Brasil\"\/><\/a><span class=\"spotlightCategory\"><a href=\"https:\/\/www.suno.com.br\/noticias\/internacional\/\">Internacional<\/a><\/span><\/div><div class=\"cardsPage__listCard__boxs__content\"><a href=\"https:\/\/www.suno.com.br\/noticias\/trump-acordo-comercial-eua-brasil\/\"><h2 class=\"content__title\">Trump diz querer assinar um acordo comercial entre EUA e Brasil<\/h2><\/a><div class=\"newsContent__article__meta\"><div class=\"newsContent__article__meta__authorBox\"><a href=\"https:\/\/www.suno.com.br\/noticias\/author\/carlo-cauti\/\" class=\"authorBox__avatar noMobi\"><img src=\"https:\/\/files.sunoresearch.com.br\/n\/uploads\/2020\/08\/e3745f9a-perfil-carlo-cauti-150x150.webp\" alt=\"Carlo Cauti\"><\/a><div class=\"authorBox__name\"><span>por\n\t\t\t<a href=\"https:\/\/www.suno.com.br\/noticias\/author\/carlo-cauti\/\"><span itemprop=\"author\">Carlo Cauti<\/span><\/a><\/span><time datetime=\"2019-07-30T11:56:27-03:00\" itemprop=\"datePublished\">30\/07\/2019 11:56<\/time><\/div><\/div><\/div><\/div><\/div>","single_layout":"posts","amp_enabled":true,"_links":{"self":[{"href":"https:\/\/www.suno.com.br\/noticias\/wp-json\/wp\/v2\/posts\/32568"}],"collection":[{"href":"https:\/\/www.suno.com.br\/noticias\/wp-json\/wp\/v2\/posts"}],"about":[{"href":"https:\/\/www.suno.com.br\/noticias\/wp-json\/wp\/v2\/types\/post"}],"author":[{"embeddable":true,"href":"https:\/\/www.suno.com.br\/noticias\/wp-json\/wp\/v2\/users\/9"}],"replies":[{"embeddable":true,"href":"https:\/\/www.suno.com.br\/noticias\/wp-json\/wp\/v2\/comments?post=32568"}],"version-history":[{"count":0,"href":"https:\/\/www.suno.com.br\/noticias\/wp-json\/wp\/v2\/posts\/32568\/revisions"}],"wp:featuredmedia":[{"embeddable":true,"href":"https:\/\/www.suno.com.br\/noticias\/wp-json\/wp\/v2\/media\/32569"}],"wp:attachment":[{"href":"https:\/\/www.suno.com.br\/noticias\/wp-json\/wp\/v2\/media?parent=32568"}],"wp:term":[{"taxonomy":"category","embeddable":true,"href":"https:\/\/www.suno.com.br\/noticias\/wp-json\/wp\/v2\/categories?post=32568"},{"taxonomy":"post_tag","embeddable":true,"href":"https:\/\/www.suno.com.br\/noticias\/wp-json\/wp\/v2\/tags?post=32568"},{"taxonomy":"suno_strategy","embeddable":true,"href":"https:\/\/www.suno.com.br\/noticias\/wp-json\/wp\/v2\/suno_strategy?post=32568"}],"curies":[{"name":"wp","href":"https:\/\/api.w.org\/{rel}","templated":true}]}}