{"id":325387,"date":"2022-11-29T11:28:52","date_gmt":"2022-11-29T14:28:52","guid":{"rendered":"https:\/\/www.suno.com.br\/noticias\/?p=325387"},"modified":"2022-11-29T11:28:57","modified_gmt":"2022-11-29T14:28:57","slug":"caged-outubro-empregos-formais","status":"publish","type":"post","link":"https:\/\/www.suno.com.br\/noticias\/caged-outubro-empregos-formais\/","title":{"rendered":"Caged: 159 mil empregos formais foram criados em outubro; Nordeste lidera saldo positivo"},"content":{"rendered":"<p>O<strong> <a href=\"https:\/\/www.suno.com.br\/artigos\/caged\/\" target=\"_blank\" rel=\"noreferrer noopener\">Cadastro Geral de Empregados e Desempregados (Caged)<\/a><\/strong> mostrou que 159.454 empregos formais foram criados em outubro. Segundo os dados divulgados pelo Minist\u00e9rio do Trabalho e Previd\u00eancia nesta ter\u00e7a (29), a regi\u00e3o Nordeste apresentou o maior saldo positivo percentual do levantamento.<\/p>\t<div class=\"wrapper-featured-image\">\n\t\t<figure class=\"spotlightImg\">\n\n\t\t\t<picture>\n\t\t\t\t<source media=\"(max-width: 768px)\" srcset=\"https:\/\/files.sunoresearch.com.br\/n\/uploads\/2022\/11\/caged-trabalhadores-operarios-reproducao-pixabay-400x200.jpg\">\n\t\t\t\t<img loading=\"lazy\" decoding=\"async\" class=\"newsContent__article__imgCapa lazyloadDisabled \" src=\"https:\/\/files.sunoresearch.com.br\/n\/uploads\/2022\/11\/caged-trabalhadores-operarios-reproducao-pixabay-800x450.jpg\" width=\"800\" height=\"450\" alt=\"Caged: 159 mil empregos formais foram criados em outubro; Nordeste lidera saldo positivo\" fetchpriority=high \/>\n\t\t\t<\/picture>\n\n\t\t\t<figcaption class=\"wp-caption-text wp-caption-text--show\">Oper\u00e1rios em dia de trabalho. Foto: Pixabay<\/figcaption>\n\t\t<\/figure>\n\t<\/div>\n\n\n\n\n\n\t<p>\n\t\t<a href=\"https:\/\/lp2.suno.com.br\/cl\/black-friday-2025\/?utm_campaign=_SNCDF0E4858_\" target=\"_blank\" data-element=\"shortcode-suno-banner\" title=\"Banner SUNO, clique e saiba mais\">\n\t\t\t<picture>\n\t\t\t\t<source media=\"(max-width: 500px)\" srcset=\"https:\/\/files.sunoresearch.com.br\/n\/uploads\/2025\/10\/Artigos-e-Noticias-Banner-Home-artigos-01-Mobile_-400x300-1-png.webp\">\n\t\t\t\t<img class=\"newsContent__article__imgCapa newsContent__article__imgCapa--banner\"\n\t\t\t\t\tsrc=\"https:\/\/files.sunoresearch.com.br\/n\/uploads\/2025\/10\/Artigos-e-Noticias-Banner-Home-artigos-01-Desktop_-1420x240-1-png.webp\"\n\t\t\t\t\tdata-promo-id=\"311259\"\t\t\t\t\t\t\t\t\t\twidth='1420' height='240'\t\t\t\t\talt=\"https:\/\/files.sunoresearch.com.br\/n\/uploads\/2025\/10\/Artigos-e-Noticias-Banner-Home-artigos-01-Desktop_-1420x240-1-png.webp\"\n\t\t\t\t>\n\t\t\t<\/picture>\n\t\t<\/a>\n\t<\/p>\n\n\n\n\n\n<p>&#8220;O <strong>emprego celetista no Brasil<\/strong> apresentou crescimento em outubro de 2022, registrando saldo de 159.454 postos de trabalho. Esse resultado decorreu de 1.789.462 admiss\u00f5es e de 1.630.008 desligamentos&#8221;, detalhou o levantamento.<\/p>\n\n\n\n<p>Desde abril, o saldo positivo dos trabalhadores de <strong>carteira assinada<\/strong> n\u00e3o ficava abaixo de 200 mil. Em setembro, o levantamento fechou com 277.388 novos postos.<\/p>\n\n\n\n<p>No acumulado do ano, foi registrado um saldo de 2.320.252 empregos: 19.445.198 <strong>admiss\u00f5es<\/strong> menos 17.124.946 <strong>demiss\u00f5es<\/strong>.<\/p>\n\n\n\n<p>&#8220;A cria\u00e7\u00e3o l\u00edquida de outubro j\u00e1 mostra uma certa perda de \u00edmpeto na abertura do quarto trimestre, frente aos meses anteriores. No entanto, o resultado ainda se situa acima da m\u00e9dia computada para o m\u00eas desde 2007 (121 mil vagas) e contribui para nossa proje\u00e7\u00e3o de 2 milh\u00f5es de vagas formais criadas em 2022&#8221;, argumentaram os economistas Marco Caruso e Eduardo Vilarim, do Banco Original.<\/p>\n\n\n\t<p>\n\t\t<a href=\"https:\/\/lp.suno.com.br\/ebook-como-analisar-uma-acao\/\" target=\"_blank\" data-element=\"shortcode-suno-banner\" title=\"Banner SUNO, clique e saiba mais\">\n\t\t\t<picture>\n\t\t\t\t<source media=\"(max-width: 500px)\" srcset=\"https:\/\/files.sunoresearch.com.br\/n\/uploads\/2023\/12\/Ebook-Acoes-Mobile.jpg\">\n\t\t\t\t<img class=\"newsContent__article__imgCapa newsContent__article__imgCapa--banner\"\n\t\t\t\t\tsrc=\"https:\/\/files.sunoresearch.com.br\/n\/uploads\/2023\/12\/Ebook-Acoes-Desktop.webp\"\n\t\t\t\t\tdata-promo-id=\"311260\"\t\t\t\t\t\t\t\t\t\twidth='1420' height='286'\t\t\t\t\talt=\"https:\/\/files.sunoresearch.com.br\/n\/uploads\/2023\/12\/Ebook-Acoes-Desktop.webp\"\n\t\t\t\t>\n\t\t\t<\/picture>\n\t\t<\/a>\n\t<\/p>\n\n\n\n\n\n<h2 class=\"wp-block-heading\" id=\"h-caged-salario-medio-no-brasil\">Caged: Sal\u00e1rio m\u00e9dio no Brasil<\/h2>\n\n\n\n<p>O levantamento tamb\u00e9m mostrou que o<strong> sal\u00e1rio m\u00e9dio de admiss\u00e3o<\/strong> em outubro foi de R$ 1.932,93, valor R$ 7,28 menor que o registrado em setembro.<\/p>\n\n\n\n<p>Todas as regi\u00f5es do pa\u00eds apresentaram saldo positivo na contrata\u00e7\u00e3o de trabalhadores. Percentualmente, o Nordeste foi quem mais abriu <strong>novos postos de trabalho<\/strong>, com 32.223 vagas, aumento de 0,46%. <\/p>\n\n\n\n<p>O Sudeste contratou 80.740 novos trabalhadores, crescimento de 0,37%. S\u00e3o Paulo foi respons\u00e1vel por 60.404 postos.<\/p>\n\n\n\n<p>Na escala nacional, o setor de servi\u00e7os foi o que mais contratou, com um resultado positivo de 91.294 postos. O com\u00e9rcio ficou em segundo lugar, com 49.356 vagas. Ind\u00fastria (+ 14.891 postos) e constru\u00e7\u00e3o (+ 5.348 postos) tamb\u00e9m apresentaram n\u00fameros positivos, o oposto do registrado no setor agropecu\u00e1rio, que perdeu 1.435 trabalhadores.<\/p>\n\n\n\n<p>Desde janeiro de 2020, o uso do sistema do Caged foi substitu\u00eddo pelo Sistema de Escritura\u00e7\u00e3o Digital das <a class=\"suno-keyword\" data-force=\"no\" data-priority=\"1\" href=\"https:\/\/www.suno.com.br\/artigos\/obrigacoes-fiscais\/\" target=\"_blank\" rel=\"noopener\">Obriga\u00e7\u00f5es Fiscais<\/a>, Previdenci\u00e1rias e Trabalhistas (eSocial) para as empresas, o que traz diferen\u00e7as na compara\u00e7\u00e3o com resultados dos anos anteriores. <\/p>\n\n\n\n<p>Na metodologia anterior (de 1992 a 2019), o melhor resultado para outubro na s\u00e9rie sem ajustes havia sido em 2009, quando foram criadas 230.956 vagas no d\u00e9cimo m\u00eas do ano.<\/p>\n\n\n\n<p>O mercado financeiro j\u00e1 esperava um novo avan\u00e7o no <strong>Caged<\/strong>, mas o resultado ficou abaixo da mediana das estimativas de analistas do mercado financeiro consultados pelo Proje\u00e7\u00f5es Broadcast. As previs\u00f5es eram de abertura l\u00edquida de 136.579 a 255.000 vagas em outubro, com mediana positiva de 220.000 postos de trabalho.<\/p>\n\n\n\n<p><em>Com Estad\u00e3o Conte\u00fado<\/em><\/p>\n\n\n\t<p>\n\t\t<a href=\"https:\/\/lp.suno.com.br\/minicurso-investindo-fiis\/\" target=\"_blank\" data-element=\"shortcode-suno-banner\" title=\"Banner SUNO, clique e saiba mais\">\n\t\t\t<picture>\n\t\t\t\t<source media=\"(max-width: 500px)\" srcset=\"https:\/\/files.sunoresearch.com.br\/n\/uploads\/2023\/07\/400x300-Minicurso-FIIS.png\">\n\t\t\t\t<img class=\"newsContent__article__imgCapa newsContent__article__imgCapa--banner\"\n\t\t\t\t\tsrc=\"https:\/\/files.sunoresearch.com.br\/n\/uploads\/2023\/07\/1420x240-Minicurso-FIIS.png\"\n\t\t\t\t\tdata-promo-id=\"311935\"\t\t\t\t\t\t\t\t\t\twidth='1420' height='240'\t\t\t\t\talt=\"https:\/\/files.sunoresearch.com.br\/n\/uploads\/2023\/07\/1420x240-Minicurso-FIIS.png\"\n\t\t\t\t>\n\t\t\t<\/picture>\n\t\t<\/a>\n\t<\/p>\n\n\n","protected":false},"excerpt":{"rendered":"<p>O Cadastro Geral de Empregados e Desempregados (Caged) mostrou que 159.454 empregos formais foram criados em outubro. Segundo os dados divulgados pelo Minist\u00e9rio do Trabalho e Previd\u00eancia nesta ter\u00e7a (29), a regi\u00e3o Nordeste apresentou o maior saldo positivo percentual do levantamento. Oper\u00e1rios em dia de trabalho. Foto: Pixabay &#8220;O emprego celetista no Brasil apresentou crescimento [&hellip;]<\/p>\n","protected":false},"author":232,"featured_media":325395,"comment_status":"closed","ping_status":"closed","sticky":false,"template":"","format":"standard","meta":[],"categories":[62],"tags":[1796,105816],"suno_strategy":[],"class_list":["post-325387","post","type-post","status-publish","format-standard","has-post-thumbnail","hentry","category-economia","tag-emprego","tag-especialistas"],"yoast_head":"<!-- This site is optimized with the Yoast SEO plugin v24.4 - https:\/\/yoast.com\/wordpress\/plugins\/seo\/ -->\n<title>Caged: 159 mil empregos foram criados em outubro; Nordeste lidera<\/title>\n<meta name=\"description\" content=\"O Cadastro Geral de Empregados e Desempregados (Caged) mostrou que 159.454 empregos formais foram criados em outubro. Confira.\" \/>\n<meta name=\"robots\" content=\"index, follow, max-snippet:-1, max-image-preview:large, max-video-preview:-1\" \/>\n<link rel=\"canonical\" href=\"https:\/\/www.suno.com.br\/noticias\/caged-outubro-empregos-formais\/\" \/>\n<meta property=\"og:locale\" content=\"pt_BR\" \/>\n<meta property=\"og:type\" content=\"article\" \/>\n<meta property=\"og:title\" content=\"Caged: 159 mil empregos foram criados em outubro; Nordeste lidera\" \/>\n<meta property=\"og:description\" content=\"O Cadastro Geral de Empregados e Desempregados (Caged) mostrou que 159.454 empregos formais foram criados em outubro. Confira.\" \/>\n<meta property=\"og:url\" content=\"https:\/\/www.suno.com.br\/noticias\/caged-outubro-empregos-formais\/\" \/>\n<meta property=\"og:site_name\" content=\"Suno Not\u00edcias\" \/>\n<meta property=\"article:publisher\" content=\"https:\/\/facebook.com\/sunoresearch\" \/>\n<meta property=\"og:image\" content=\"https:\/\/files.sunoresearch.com.br\/n\/uploads\/2022\/11\/caged-trabalhadores-operarios-reproducao-pixabay.jpg\" \/>\n\t<meta property=\"og:image:width\" content=\"1200\" \/>\n\t<meta property=\"og:image:height\" content=\"675\" \/>\n\t<meta property=\"og:image:type\" content=\"image\/jpeg\" \/>\n<meta name=\"author\" content=\"Erick Matheus Nery\" \/>\n<meta name=\"twitter:card\" content=\"summary_large_image\" \/>\n<meta name=\"twitter:creator\" content=\"@sunoresearch\" \/>\n<meta name=\"twitter:site\" content=\"@sunoresearch\" \/>\n<meta name=\"twitter:label1\" content=\"Escrito por\" \/>\n\t<meta name=\"twitter:data1\" content=\"Erick Matheus Nery\" \/>\n\t<meta name=\"twitter:label2\" content=\"Est. tempo de leitura\" \/>\n\t<meta name=\"twitter:data2\" content=\"3 minutos\" \/>\n<script type=\"application\/ld+json\" class=\"yoast-schema-graph\">{\"@context\":\"https:\/\/schema.org\",\"@graph\":[{\"@type\":\"NewsArticle\",\"@id\":\"https:\/\/www.suno.com.br\/noticias\/caged-outubro-empregos-formais\/#article\",\"isPartOf\":{\"@id\":\"https:\/\/www.suno.com.br\/noticias\/caged-outubro-empregos-formais\/\"},\"author\":{\"name\":\"Erick Matheus Nery\",\"@id\":\"https:\/\/www.suno.com.br\/noticias\/#\/schema\/person\/6899bc3f19d1a7315f807131c2c013a0\"},\"headline\":\"Caged: 159 mil empregos formais foram criados em outubro; Nordeste lidera saldo positivo\",\"datePublished\":\"2022-11-29T14:28:52+00:00\",\"dateModified\":\"2022-11-29T14:28:57+00:00\",\"mainEntityOfPage\":{\"@id\":\"https:\/\/www.suno.com.br\/noticias\/caged-outubro-empregos-formais\/\"},\"wordCount\":456,\"publisher\":{\"@id\":\"https:\/\/www.suno.com.br\/noticias\/#organization\"},\"image\":{\"@id\":\"https:\/\/www.suno.com.br\/noticias\/caged-outubro-empregos-formais\/#primaryimage\"},\"thumbnailUrl\":\"https:\/\/files.sunoresearch.com.br\/n\/uploads\/2022\/11\/caged-trabalhadores-operarios-reproducao-pixabay.jpg\",\"keywords\":[\"Emprego\",\"Especialistas\"],\"articleSection\":[\"Economia\"],\"inLanguage\":\"pt-BR\"},{\"@type\":\"WebPage\",\"@id\":\"https:\/\/www.suno.com.br\/noticias\/caged-outubro-empregos-formais\/\",\"url\":\"https:\/\/www.suno.com.br\/noticias\/caged-outubro-empregos-formais\/\",\"name\":\"Caged: 159 mil empregos foram criados em outubro; Nordeste lidera\",\"isPartOf\":{\"@id\":\"https:\/\/www.suno.com.br\/noticias\/#website\"},\"primaryImageOfPage\":{\"@id\":\"https:\/\/www.suno.com.br\/noticias\/caged-outubro-empregos-formais\/#primaryimage\"},\"image\":{\"@id\":\"https:\/\/www.suno.com.br\/noticias\/caged-outubro-empregos-formais\/#primaryimage\"},\"thumbnailUrl\":\"https:\/\/files.sunoresearch.com.br\/n\/uploads\/2022\/11\/caged-trabalhadores-operarios-reproducao-pixabay.jpg\",\"datePublished\":\"2022-11-29T14:28:52+00:00\",\"dateModified\":\"2022-11-29T14:28:57+00:00\",\"description\":\"O Cadastro Geral de Empregados e Desempregados (Caged) mostrou que 159.454 empregos formais foram criados em outubro. Confira.\",\"breadcrumb\":{\"@id\":\"https:\/\/www.suno.com.br\/noticias\/caged-outubro-empregos-formais\/#breadcrumb\"},\"inLanguage\":\"pt-BR\",\"potentialAction\":[{\"@type\":\"ReadAction\",\"target\":[\"https:\/\/www.suno.com.br\/noticias\/caged-outubro-empregos-formais\/\"]}]},{\"@type\":\"ImageObject\",\"inLanguage\":\"pt-BR\",\"@id\":\"https:\/\/www.suno.com.br\/noticias\/caged-outubro-empregos-formais\/#primaryimage\",\"url\":\"https:\/\/files.sunoresearch.com.br\/n\/uploads\/2022\/11\/caged-trabalhadores-operarios-reproducao-pixabay.jpg\",\"contentUrl\":\"https:\/\/files.sunoresearch.com.br\/n\/uploads\/2022\/11\/caged-trabalhadores-operarios-reproducao-pixabay.jpg\",\"width\":1200,\"height\":675,\"caption\":\"Oper\u00e1rios em dia de trabalho. Foto: Pixabay\"},{\"@type\":\"BreadcrumbList\",\"@id\":\"https:\/\/www.suno.com.br\/noticias\/caged-outubro-empregos-formais\/#breadcrumb\",\"itemListElement\":[{\"@type\":\"ListItem\",\"position\":1,\"name\":\"Not\u00edcias\",\"item\":\"https:\/\/www.suno.com.br\/noticias\/\"},{\"@type\":\"ListItem\",\"position\":2,\"name\":\"Economia\",\"item\":\"https:\/\/www.suno.com.br\/noticias\/economia\/\"},{\"@type\":\"ListItem\",\"position\":3,\"name\":\"Caged: 159 mil empregos formais foram criados em outubro; Nordeste lidera saldo positivo\"}]},{\"@type\":\"WebSite\",\"@id\":\"https:\/\/www.suno.com.br\/noticias\/#website\",\"url\":\"https:\/\/www.suno.com.br\/noticias\/\",\"name\":\"Suno Not\u00edcias\",\"description\":\"Seu portal de informa\u00e7\u00e3o sobre o mundo dos investimentos\",\"publisher\":{\"@id\":\"https:\/\/www.suno.com.br\/noticias\/#organization\"},\"potentialAction\":[{\"@type\":\"SearchAction\",\"target\":{\"@type\":\"EntryPoint\",\"urlTemplate\":\"https:\/\/www.suno.com.br\/noticias\/?s={search_term_string}\"},\"query-input\":{\"@type\":\"PropertyValueSpecification\",\"valueRequired\":true,\"valueName\":\"search_term_string\"}}],\"inLanguage\":\"pt-BR\"},{\"@type\":\"Organization\",\"@id\":\"https:\/\/www.suno.com.br\/noticias\/#organization\",\"name\":\"Suno Not\u00edcias\",\"url\":\"https:\/\/www.suno.com.br\/noticias\/\",\"logo\":{\"@type\":\"ImageObject\",\"inLanguage\":\"pt-BR\",\"@id\":\"https:\/\/www.suno.com.br\/noticias\/#\/schema\/logo\/image\/\",\"url\":\"https:\/\/files.sunoresearch.com.br\/n\/uploads\/2021\/09\/suno-logo.png\",\"contentUrl\":\"https:\/\/files.sunoresearch.com.br\/n\/uploads\/2021\/09\/suno-logo.png\",\"width\":180,\"height\":180,\"caption\":\"Suno Not\u00edcias\"},\"image\":{\"@id\":\"https:\/\/www.suno.com.br\/noticias\/#\/schema\/logo\/image\/\"},\"sameAs\":[\"https:\/\/facebook.com\/sunoresearch\",\"https:\/\/x.com\/sunoresearch\",\"https:\/\/www.instagram.com\/suno\",\"https:\/\/www.linkedin.com\/company\/suno-research\/\",\"https:\/\/www.youtube.com\/c\/sunoresearch\"]},{\"@type\":\"Person\",\"@id\":\"https:\/\/www.suno.com.br\/noticias\/#\/schema\/person\/6899bc3f19d1a7315f807131c2c013a0\",\"name\":\"Erick Matheus Nery\",\"image\":{\"@type\":\"ImageObject\",\"inLanguage\":\"pt-BR\",\"@id\":\"https:\/\/www.suno.com.br\/noticias\/#\/schema\/person\/image\/\",\"url\":\"https:\/\/secure.gravatar.com\/avatar\/518ddffe438ccb767782d372a66304d2?s=96&r=g\",\"contentUrl\":\"https:\/\/secure.gravatar.com\/avatar\/518ddffe438ccb767782d372a66304d2?s=96&r=g\",\"caption\":\"Erick Matheus Nery\"},\"description\":\"Formado em Jornalismo pela Universidade Federal do Par\u00e1 (UFPA), conta com extens\u00e3o em Jornalismo Econ\u00f4mico pela Funda\u00e7\u00e3o Get\u00falio Vargas (FGV). No Suno Not\u00edcias, atua como rep\u00f3rter de Mercado, com foco nos setores de telecomunica\u00e7\u00f5es, varejo, alimentos e renda fixa. Conta com passagens pelo jornal O Estado de S\u00e3o Paulo, como trainee de Jornalismo Econ\u00f4mico, e pelo site Not\u00edcias da TV.\",\"url\":\"https:\/\/www.suno.com.br\/noticias\/author\/erick-nery\/\"}]}<\/script>\n<!-- \/ Yoast SEO plugin. -->","yoast_head_json":{"title":"Caged: 159 mil empregos foram criados em outubro; Nordeste lidera","description":"O Cadastro Geral de Empregados e Desempregados (Caged) mostrou que 159.454 empregos formais foram criados em outubro. Confira.","robots":{"index":"index","follow":"follow","max-snippet":"max-snippet:-1","max-image-preview":"max-image-preview:large","max-video-preview":"max-video-preview:-1"},"canonical":"https:\/\/www.suno.com.br\/noticias\/caged-outubro-empregos-formais\/","og_locale":"pt_BR","og_type":"article","og_title":"Caged: 159 mil empregos foram criados em outubro; Nordeste lidera","og_description":"O Cadastro Geral de Empregados e Desempregados (Caged) mostrou que 159.454 empregos formais foram criados em outubro. Confira.","og_url":"https:\/\/www.suno.com.br\/noticias\/caged-outubro-empregos-formais\/","og_site_name":"Suno Not\u00edcias","article_publisher":"https:\/\/facebook.com\/sunoresearch","og_image":[{"width":1200,"height":675,"url":"https:\/\/files.sunoresearch.com.br\/n\/uploads\/2022\/11\/caged-trabalhadores-operarios-reproducao-pixabay.jpg","type":"image\/jpeg"}],"author":"Erick Matheus Nery","twitter_card":"summary_large_image","twitter_creator":"@sunoresearch","twitter_site":"@sunoresearch","twitter_misc":{"Escrito por":"Erick Matheus Nery","Est. tempo de leitura":"3 minutos"},"schema":{"@context":"https:\/\/schema.org","@graph":[{"@type":"NewsArticle","@id":"https:\/\/www.suno.com.br\/noticias\/caged-outubro-empregos-formais\/#article","isPartOf":{"@id":"https:\/\/www.suno.com.br\/noticias\/caged-outubro-empregos-formais\/"},"author":{"name":"Erick Matheus Nery","@id":"https:\/\/www.suno.com.br\/noticias\/#\/schema\/person\/6899bc3f19d1a7315f807131c2c013a0"},"headline":"Caged: 159 mil empregos formais foram criados em outubro; Nordeste lidera saldo positivo","datePublished":"2022-11-29T14:28:52+00:00","dateModified":"2022-11-29T14:28:57+00:00","mainEntityOfPage":{"@id":"https:\/\/www.suno.com.br\/noticias\/caged-outubro-empregos-formais\/"},"wordCount":456,"publisher":{"@id":"https:\/\/www.suno.com.br\/noticias\/#organization"},"image":{"@id":"https:\/\/www.suno.com.br\/noticias\/caged-outubro-empregos-formais\/#primaryimage"},"thumbnailUrl":"https:\/\/files.sunoresearch.com.br\/n\/uploads\/2022\/11\/caged-trabalhadores-operarios-reproducao-pixabay.jpg","keywords":["Emprego","Especialistas"],"articleSection":["Economia"],"inLanguage":"pt-BR"},{"@type":"WebPage","@id":"https:\/\/www.suno.com.br\/noticias\/caged-outubro-empregos-formais\/","url":"https:\/\/www.suno.com.br\/noticias\/caged-outubro-empregos-formais\/","name":"Caged: 159 mil empregos foram criados em outubro; Nordeste lidera","isPartOf":{"@id":"https:\/\/www.suno.com.br\/noticias\/#website"},"primaryImageOfPage":{"@id":"https:\/\/www.suno.com.br\/noticias\/caged-outubro-empregos-formais\/#primaryimage"},"image":{"@id":"https:\/\/www.suno.com.br\/noticias\/caged-outubro-empregos-formais\/#primaryimage"},"thumbnailUrl":"https:\/\/files.sunoresearch.com.br\/n\/uploads\/2022\/11\/caged-trabalhadores-operarios-reproducao-pixabay.jpg","datePublished":"2022-11-29T14:28:52+00:00","dateModified":"2022-11-29T14:28:57+00:00","description":"O Cadastro Geral de Empregados e Desempregados (Caged) mostrou que 159.454 empregos formais foram criados em outubro. Confira.","breadcrumb":{"@id":"https:\/\/www.suno.com.br\/noticias\/caged-outubro-empregos-formais\/#breadcrumb"},"inLanguage":"pt-BR","potentialAction":[{"@type":"ReadAction","target":["https:\/\/www.suno.com.br\/noticias\/caged-outubro-empregos-formais\/"]}]},{"@type":"ImageObject","inLanguage":"pt-BR","@id":"https:\/\/www.suno.com.br\/noticias\/caged-outubro-empregos-formais\/#primaryimage","url":"https:\/\/files.sunoresearch.com.br\/n\/uploads\/2022\/11\/caged-trabalhadores-operarios-reproducao-pixabay.jpg","contentUrl":"https:\/\/files.sunoresearch.com.br\/n\/uploads\/2022\/11\/caged-trabalhadores-operarios-reproducao-pixabay.jpg","width":1200,"height":675,"caption":"Oper\u00e1rios em dia de trabalho. Foto: Pixabay"},{"@type":"BreadcrumbList","@id":"https:\/\/www.suno.com.br\/noticias\/caged-outubro-empregos-formais\/#breadcrumb","itemListElement":[{"@type":"ListItem","position":1,"name":"Not\u00edcias","item":"https:\/\/www.suno.com.br\/noticias\/"},{"@type":"ListItem","position":2,"name":"Economia","item":"https:\/\/www.suno.com.br\/noticias\/economia\/"},{"@type":"ListItem","position":3,"name":"Caged: 159 mil empregos formais foram criados em outubro; Nordeste lidera saldo positivo"}]},{"@type":"WebSite","@id":"https:\/\/www.suno.com.br\/noticias\/#website","url":"https:\/\/www.suno.com.br\/noticias\/","name":"Suno Not\u00edcias","description":"Seu portal de informa\u00e7\u00e3o sobre o mundo dos investimentos","publisher":{"@id":"https:\/\/www.suno.com.br\/noticias\/#organization"},"potentialAction":[{"@type":"SearchAction","target":{"@type":"EntryPoint","urlTemplate":"https:\/\/www.suno.com.br\/noticias\/?s={search_term_string}"},"query-input":{"@type":"PropertyValueSpecification","valueRequired":true,"valueName":"search_term_string"}}],"inLanguage":"pt-BR"},{"@type":"Organization","@id":"https:\/\/www.suno.com.br\/noticias\/#organization","name":"Suno Not\u00edcias","url":"https:\/\/www.suno.com.br\/noticias\/","logo":{"@type":"ImageObject","inLanguage":"pt-BR","@id":"https:\/\/www.suno.com.br\/noticias\/#\/schema\/logo\/image\/","url":"https:\/\/files.sunoresearch.com.br\/n\/uploads\/2021\/09\/suno-logo.png","contentUrl":"https:\/\/files.sunoresearch.com.br\/n\/uploads\/2021\/09\/suno-logo.png","width":180,"height":180,"caption":"Suno Not\u00edcias"},"image":{"@id":"https:\/\/www.suno.com.br\/noticias\/#\/schema\/logo\/image\/"},"sameAs":["https:\/\/facebook.com\/sunoresearch","https:\/\/x.com\/sunoresearch","https:\/\/www.instagram.com\/suno","https:\/\/www.linkedin.com\/company\/suno-research\/","https:\/\/www.youtube.com\/c\/sunoresearch"]},{"@type":"Person","@id":"https:\/\/www.suno.com.br\/noticias\/#\/schema\/person\/6899bc3f19d1a7315f807131c2c013a0","name":"Erick Matheus Nery","image":{"@type":"ImageObject","inLanguage":"pt-BR","@id":"https:\/\/www.suno.com.br\/noticias\/#\/schema\/person\/image\/","url":"https:\/\/secure.gravatar.com\/avatar\/518ddffe438ccb767782d372a66304d2?s=96&r=g","contentUrl":"https:\/\/secure.gravatar.com\/avatar\/518ddffe438ccb767782d372a66304d2?s=96&r=g","caption":"Erick Matheus Nery"},"description":"Formado em Jornalismo pela Universidade Federal do Par\u00e1 (UFPA), conta com extens\u00e3o em Jornalismo Econ\u00f4mico pela Funda\u00e7\u00e3o Get\u00falio Vargas (FGV). No Suno Not\u00edcias, atua como rep\u00f3rter de Mercado, com foco nos setores de telecomunica\u00e7\u00f5es, varejo, alimentos e renda fixa. Conta com passagens pelo jornal O Estado de S\u00e3o Paulo, como trainee de Jornalismo Econ\u00f4mico, e pelo site Not\u00edcias da TV.","url":"https:\/\/www.suno.com.br\/noticias\/author\/erick-nery\/"}]}},"default_loop_html":"<div class=\"cardsPage__listCard__boxs\"><div class=\"cardsPage__listCard__boxs__img\"><a href=\"https:\/\/www.suno.com.br\/noticias\/caged-outubro-empregos-formais\/\"><img class=\"mask\" src=\"https:\/\/www.suno.com.br\/noticias\/wp-content\/themes\/suno\/resources\/images\/spotlight\/spotlight1img\/bg-mask.png\" alt=\"Image Mask\"\/><img src=\"https:\/\/files.sunoresearch.com.br\/n\/uploads\/2022\/11\/caged-trabalhadores-operarios-reproducao-pixabay-400x200.jpg\" alt=\"Caged: 159 mil empregos formais foram criados em outubro; Nordeste lidera saldo positivo\"\/><\/a><span class=\"spotlightCategory\"><a href=\"https:\/\/www.suno.com.br\/noticias\/economia\/\">Economia<\/a><\/span><\/div><div class=\"cardsPage__listCard__boxs__content\"><a href=\"https:\/\/www.suno.com.br\/noticias\/caged-outubro-empregos-formais\/\"><h2 class=\"content__title\">Caged: 159 mil empregos formais foram criados em outubro; Nordeste lidera saldo positivo<\/h2><\/a><div class=\"newsContent__article__meta\"><div class=\"newsContent__article__meta__authorBox\"><a href=\"https:\/\/www.suno.com.br\/noticias\/author\/erick-nery\/\" class=\"authorBox__avatar noMobi\"><img src=\"https:\/\/secure.gravatar.com\/avatar\/518ddffe438ccb767782d372a66304d2?s=96&#038;r=g\" alt=\"Erick Matheus Nery\"><\/a><div class=\"authorBox__name\"><span>por\n\t\t\t<a href=\"https:\/\/www.suno.com.br\/noticias\/author\/erick-nery\/\"><span itemprop=\"author\">Erick Matheus Nery<\/span><\/a><\/span><time datetime=\"2022-11-29T11:28:52-03:00\" itemprop=\"datePublished\">29\/11\/2022 11:28<\/time><\/div><\/div><\/div><\/div><\/div>","single_layout":"posts","amp_enabled":true,"_links":{"self":[{"href":"https:\/\/www.suno.com.br\/noticias\/wp-json\/wp\/v2\/posts\/325387"}],"collection":[{"href":"https:\/\/www.suno.com.br\/noticias\/wp-json\/wp\/v2\/posts"}],"about":[{"href":"https:\/\/www.suno.com.br\/noticias\/wp-json\/wp\/v2\/types\/post"}],"author":[{"embeddable":true,"href":"https:\/\/www.suno.com.br\/noticias\/wp-json\/wp\/v2\/users\/232"}],"replies":[{"embeddable":true,"href":"https:\/\/www.suno.com.br\/noticias\/wp-json\/wp\/v2\/comments?post=325387"}],"version-history":[{"count":3,"href":"https:\/\/www.suno.com.br\/noticias\/wp-json\/wp\/v2\/posts\/325387\/revisions"}],"predecessor-version":[{"id":325431,"href":"https:\/\/www.suno.com.br\/noticias\/wp-json\/wp\/v2\/posts\/325387\/revisions\/325431"}],"wp:featuredmedia":[{"embeddable":true,"href":"https:\/\/www.suno.com.br\/noticias\/wp-json\/wp\/v2\/media\/325395"}],"wp:attachment":[{"href":"https:\/\/www.suno.com.br\/noticias\/wp-json\/wp\/v2\/media?parent=325387"}],"wp:term":[{"taxonomy":"category","embeddable":true,"href":"https:\/\/www.suno.com.br\/noticias\/wp-json\/wp\/v2\/categories?post=325387"},{"taxonomy":"post_tag","embeddable":true,"href":"https:\/\/www.suno.com.br\/noticias\/wp-json\/wp\/v2\/tags?post=325387"},{"taxonomy":"suno_strategy","embeddable":true,"href":"https:\/\/www.suno.com.br\/noticias\/wp-json\/wp\/v2\/suno_strategy?post=325387"}],"curies":[{"name":"wp","href":"https:\/\/api.w.org\/{rel}","templated":true}]}}