{"id":325263,"date":"2022-11-29T09:09:15","date_gmt":"2022-11-29T12:09:15","guid":{"rendered":"https:\/\/www.suno.com.br\/noticias\/?p=325263"},"modified":"2022-11-29T09:09:20","modified_gmt":"2022-11-29T12:09:20","slug":"banco-safra-compra-aquisicoes","status":"publish","type":"post","link":"https:\/\/www.suno.com.br\/noticias\/banco-safra-compra-aquisicoes\/","title":{"rendered":"Ap\u00f3s aquisi\u00e7\u00e3o bilion\u00e1ria do Alfa, Safra faz mais uma compra"},"content":{"rendered":"<p>Menos de uma semana ap\u00f3s anunciar a compra do banco Alfa no Brasil por R$ 1 bilh\u00e3o, o Grupo J. <strong>Safra <\/strong>fechou um acordo para adquirir outro ativo dos herdeiros do banqueiro <a class=\"suno-keyword\" data-force=\"no\" data-priority=\"2\" href=\"https:\/\/www.suno.com.br\/tudo-sobre\/aloysio-de-andrade-faria\/\" target=\"_blank\" rel=\"noopener\">Aloysio de Andrade Faria<\/a>, o Delta National Bank, com sede em Nova York. <\/p><div class=\"videoFull \">\n\t\t\t<div class=\"videoWrapper yt-lazyload center\"\n\t\t\t\tdata-width=\"960\"\n\t\t\t\tdata-height=\"540\"\n\t\t\t\tdata-id=\"h25UKAOjrmo\"\n\t\t\t\tdata-alt=\"V\u00eddeo do YouTube - clique para reproduzir\"\n\t\t\t\tdata-logo=\"3\"\n\t\t\t\tdata-imagequality=\"maxres\">\n\t\t\t<\/div>\n\t\t<\/div><script type=\"application\/ld+json\">{\"@context\":\"https:\/\/schema.org\",\"@type\":\"VideoObject\",\"name\":\"PEC DA TRANSI\u00c7\u00c3O \u00c9 PROTOCOLADA NO SENADO | Petrobras (PETR4) ser\u00e1 empresa de energia?\",\"description\":\"#morningcall #Not\u00edcias #pecdatransi\u00e7\u00e3o #lula #elei\u00e7\u00f5es2022 #governo #pol\u00edtica #economia #investimentos #mercadofinanceiro #petrobras #petr4 #energia #asai3 #china #internacional \ud835\udc08\ud835\udc0d\ud835\udc12\ud835\udc02\ud835\udc11\ud835\udc04\ud835\udc15\ud835\udc00-\ud835\udc12\ud835\udc04 \ud835\udc0d\ud835\udc0e \ud835\udc02\ud835\udc00\ud835\udc0d\ud835\udc00\ud835\udc0b \ud835\udc04 \ud835\udc00\ud835\udc13\ud835\udc08\ud835\udc15\ud835\udc04 \ud835\udc0e \ud835\udc12\ud835\udc08\ud835\udc0d\ud835\udc0e \ud83d\udc47 https:\/\/bit.ly\/INSCREVA-SEATIVEOSINO \ud83d\udcda \ud83d\udcb8 \ud83d\udcca \ud835\udde3\ud835\udddf\ud835\uddd4\ud835\udde1\ud835\udddc\ud835\udddf\ud835\udddb\ud835\uddd4 \ud835\uddd7\ud835\uddd8 \ud835\uddd6\ud835\udde2\ud835\udde1\ud835\udde7\ud835\udde5\ud835\udde2\ud835\udddf\ud835\uddd8 \ud835\uddd9\ud835\udddc\ud835\udde1\ud835\uddd4\ud835\udde1\ud835\uddd6\ud835\uddd8\ud835\udddc\ud835\udde5\ud835\udde2: \ud835\uddd5\ud835\uddee\ud835\uddf6\ud835\ude05\ud835\uddf2 \ud835\uddee \ud835\uddfd\ud835\uddf9\ud835\uddee\ud835\uddfb\ud835\uddf6\ud835\uddf9\ud835\uddf5\ud835\uddee \ud835\uddfd\ud835\uddee\ud835\uddff\ud835\uddee \ud835\uddee\ud835\uddf0\ud835\uddfc\ud835\uddfa\ud835\uddfd\ud835\uddee\ud835\uddfb\ud835\uddf5\ud835\uddee\ud835\uddff \ud835\uddee \ud835\uddf9\ud835\uddf6\ud835\ude03\ud835\uddf2! \ud83d\udc49 https:\/\/lp.suno.com.br\/planilha-da-vida-financeira\/?utm_source=youtube.noticias&utm_medium=live&utm_campaign=planilhadavidafinanceira.20221128&utm_content=ytnoticias.morning.29112022 \ud83d\udcda \ud835\udc04-\ud835\udc1b\ud835\udc28\ud835\udc28\ud835\udc24 \"\ud835\udc02\ud835\udc28\ud835\udc26\ud835\udc28 \ud835\udc22\ud835\udc27\ud835\udc2f\ud835\udc1e\ud835\udc2c\ud835\udc2d\ud835\udc22\ud835\udc2b \ud835\udc1e\ud835\udc26 \ud835\udc03\ud835\udc22\ud835\udc2f\ud835\udc22\ud835\udc1d\ud835\udc1e\ud835\udc27\ud835\udc1d\ud835\udc28\ud835\udc2c?\"\ud83d\udc47 - \ud835\udc1b\ud835\udc1a\ud835\udc22\ud835\udc31\ud835\udc1e \ud835\udc20\ud835\udc2b\ud835\udc1a\ud835\udc2d\ud835\udc2e\ud835\udc22\ud835\udc2d\ud835\udc1a\ud835\udc26\ud835\udc1e\ud835\udc27\ud835\udc2d\ud835\udc1e \ud835\udc1e \ud835\udc1a\ud835\udc29\ud835\udc2b\ud835\udc1e\ud835\udc27\ud835\udc1d\ud835\udc1a: https:\/\/bit.ly\/ebookGRATUITOdoSunoNoticiasComoinvestiremDividendos \ud83d\udc47 \ud835\udc12\ud835\udc22\ud835\udc20\ud835\udc1a\u2026\",\"duration\":\"PT36M25S\",\"embedUrl\":\"https:\/\/www.youtube.com\/embed\/h25UKAOjrmo\",\"regionsAllowed\":\"pt-BR\",\"interactionStatistic\":{\"@type\":\"InteractionCounter\",\"interactionType\":{\"@type\":\"WatchAction\"},\"userInteractionCount\":2872},\"thumbnailUrl\":\"https:\/\/i.ytimg.com\/vi\/h25UKAOjrmo\/default.jpg\",\"uploadDate\":\"2022-11-29T12:42:22Z\"}<\/script>\n\n\n\n\n\t<p>\n\t\t<a href=\"https:\/\/lp2.suno.com.br\/cl\/black-friday-2025\/?utm_campaign=_SNCDF0E4858_\" target=\"_blank\" data-element=\"shortcode-suno-banner\" title=\"Banner SUNO, clique e saiba mais\">\n\t\t\t<picture>\n\t\t\t\t<source media=\"(max-width: 500px)\" srcset=\"https:\/\/files.sunoresearch.com.br\/n\/uploads\/2025\/10\/Artigos-e-Noticias-Banner-Home-artigos-01-Mobile_-400x300-1-png.webp\">\n\t\t\t\t<img class=\"newsContent__article__imgCapa newsContent__article__imgCapa--banner\"\n\t\t\t\t\tsrc=\"https:\/\/files.sunoresearch.com.br\/n\/uploads\/2025\/10\/Artigos-e-Noticias-Banner-Home-artigos-01-Desktop_-1420x240-1-png.webp\"\n\t\t\t\t\tdata-promo-id=\"311259\"\t\t\t\t\t\t\t\t\t\twidth='1420' height='240'\t\t\t\t\talt=\"https:\/\/files.sunoresearch.com.br\/n\/uploads\/2025\/10\/Artigos-e-Noticias-Banner-Home-artigos-01-Desktop_-1420x240-1-png.webp\"\n\t\t\t\t>\n\t\t\t<\/picture>\n\t\t<\/a>\n\t<\/p>\n\n\n\n\n\n<p>O neg\u00f3cio refor\u00e7a o apetite do conglomerado por clientes latino-americanos endinheirados em meio \u00e0 ofensiva de bancos brasileiros nos Estados Unidos, com foco no p\u00fablico de alta renda. O <strong>valor financeiro da compra feita pelo Safra<\/strong> n\u00e3o foi revelado.<\/p>\n\n\n\n<p>A opera\u00e7\u00e3o j\u00e1 era negociada entre as fam\u00edlias Safra e Faria em paralelo \u00e0 venda do <strong>banco Alfa <\/strong>no Brasil.<\/p>\n\n\n\n<p>Embora sejam institui\u00e7\u00f5es diferentes, com opera\u00e7\u00f5es em seus respectivos pa\u00edses, havia um entendimento de que o comprador do neg\u00f3cio no Pa\u00eds tamb\u00e9m arremataria o ativo nos EUA.<\/p>\n\n\n\n<p>Fundado em 1986, o <strong>Delta National Bank<\/strong> tem foco no segmento Private. Na ocasi\u00e3o, os donos do ent\u00e3o Banco Real obtiveram duas licen\u00e7as para operar no mercado norte-americano e criaram o Delta National Bank and Trust Company of New York e o Delta National Bank and Trust Company of Florida. <\/p>\n\n\n\n<p>Anos depois, os neg\u00f3cios foram consolidados e deram origem ao Delta National Bank e Trust Company, com sede em Nova York e filial em Miami.<\/p>\n\n\n\n<p>O neg\u00f3cio nos EUA foi mantido pelos antigos donos do Banco Real assim como a opera\u00e7\u00e3o de atacado no Brasil, com foco em empresas e no p\u00fablico de alta renda, a despeito da venda do varejo banc\u00e1rio &#8211; incorporado pelo ABN e, posteriormente, vendido ao Santander Brasil, no passado. <\/p>\n\n\n\n<p>Agora, o banco em NY mudar\u00e1 de m\u00e3os para o Safra, seguindo o mesmo destino do conglomerado no Brasil.<\/p>\n\n\n\t<p>\n\t\t<a href=\"https:\/\/lp.suno.com.br\/ebook-como-analisar-uma-acao\/\" target=\"_blank\" data-element=\"shortcode-suno-banner\" title=\"Banner SUNO, clique e saiba mais\">\n\t\t\t<picture>\n\t\t\t\t<source media=\"(max-width: 500px)\" srcset=\"https:\/\/files.sunoresearch.com.br\/n\/uploads\/2023\/12\/Ebook-Acoes-Mobile.jpg\">\n\t\t\t\t<img class=\"newsContent__article__imgCapa newsContent__article__imgCapa--banner\"\n\t\t\t\t\tsrc=\"https:\/\/files.sunoresearch.com.br\/n\/uploads\/2023\/12\/Ebook-Acoes-Desktop.webp\"\n\t\t\t\t\tdata-promo-id=\"311260\"\t\t\t\t\t\t\t\t\t\twidth='1420' height='286'\t\t\t\t\talt=\"https:\/\/files.sunoresearch.com.br\/n\/uploads\/2023\/12\/Ebook-Acoes-Desktop.webp\"\n\t\t\t\t>\n\t\t\t<\/picture>\n\t\t<\/a>\n\t<\/p>\n\n\n\n\n\n<h2 class=\"wp-block-heading\" id=\"h-ofensiva-do-safra\">Ofensiva do Safra<\/h2>\n\n\n\n<p>A transa\u00e7\u00e3o ocorre em meio \u00e0 ofensiva de bancos brasileiros nos EUA nos \u00faltimos anos. O <a class=\"suno-keyword\" target=\"_blank\" data-force=\"yes\" data-priority=\"2\" href=\"https:\/\/www.suno.com.br\/acoes\/BBDC4\/\" rel=\"noopener\">Bradesco (BBDC4)<\/a> anunciou recentemente um investimento de mais US$ 230 milh\u00f5es (cerca de R$ 1,2 bilh\u00e3o) para acelerar o seu crescimento em territ\u00f3rio norte-americano, dois anos ap\u00f3s comprar o BAC Florida, com sede em Miami e que passou a se chamar Bradesco Bank. <\/p>\n\n\n\n<p>Em paralelo, o rival Ita\u00fa Unibanco tamb\u00e9m centralizou seus neg\u00f3cios norte-americanos na regi\u00e3o, em busca de maior expans\u00e3o enquanto o Banco do Brasil desistiu de se desfazer de sua opera\u00e7\u00e3o nos EUA.<\/p>\n\n\n\n<p>Para o presidente do <a class=\"suno-keyword\" target=\"_blank\" data-force=\"no\" data-priority=\"1\" href=\"https:\/\/www.suno.com.br\/artigos\/conselho-administracao\/\" rel=\"noopener\">conselho de administra\u00e7\u00e3o<\/a> do Safra National Bank of New York, Jacob J. Safra, o Delta se &#8220;encaixa perfeitamente&#8221; com o <strong>neg\u00f3cio do banco <\/strong>e \u00e9 um passo estrat\u00e9gico para o grupo crescer nos Estados Unidos e na Am\u00e9rica Latina. <\/p>\n\n\n\n<p>&#8220;Esta transa\u00e7\u00e3o destaca a import\u00e2ncia do mercado latino-americano para o Grupo J.Safra e representa uma oportunidade atraente para expandir nossa posi\u00e7\u00e3o na regi\u00e3o&#8221;, disse ele, em nota \u00e0 imprensa.<\/p>\n\n\n\n<p>O neg\u00f3cio refor\u00e7a ainda a &#8220;for\u00e7a&#8221; do nome Safra no <strong>segmento Private <\/strong>ao redor do mundo, na opini\u00e3o da CEO do Safra National Bank of New York, Simoni Morato. Segundo ela, o neg\u00f3cio envolve n\u00e3o s\u00f3 os clientes do Delta bem como todo o time do banco com sede em Nova York.<\/p>\n\n\n\n<p>J\u00e1 o presidente do Delta National Bank and Trust Company, Guillermo Sefair, destacou a similaridade entre comprador e vendedor, sendo ambos de tradicionais fam\u00edlias de banqueiros brasileiros. &#8220;Estamos totalmente comprometidos com este novo cap\u00edtulo&#8221;, afirmou.<\/p>\n\n\n\n<p>A expectativa \u00e9 de que a transa\u00e7\u00e3o seja conclu\u00edda no primeiro semestre de 2023, a depender de aprova\u00e7\u00f5es dos \u00f3rg\u00e3os reguladores respons\u00e1veis. Com US$ 300 bilh\u00f5es em ativos, o Grupo J. <strong>Safra <\/strong>tem unidades em S\u00e3o Paulo, no Brasil, em Nova York, nos EUA, e em Basileia, na Su\u00ed\u00e7a.<\/p>\n\n\n\n<p>Com Estad\u00e3o Conte\u00fado<\/p>\n\n\n\t<p>\n\t\t<a href=\"https:\/\/lp.suno.com.br\/minicurso-investindo-fiis\/\" target=\"_blank\" data-element=\"shortcode-suno-banner\" title=\"Banner SUNO, clique e saiba mais\">\n\t\t\t<picture>\n\t\t\t\t<source media=\"(max-width: 500px)\" srcset=\"https:\/\/files.sunoresearch.com.br\/n\/uploads\/2023\/07\/400x300-Minicurso-FIIS.png\">\n\t\t\t\t<img class=\"newsContent__article__imgCapa newsContent__article__imgCapa--banner\"\n\t\t\t\t\tsrc=\"https:\/\/files.sunoresearch.com.br\/n\/uploads\/2023\/07\/1420x240-Minicurso-FIIS.png\"\n\t\t\t\t\tdata-promo-id=\"311935\"\t\t\t\t\t\t\t\t\t\twidth='1420' height='240'\t\t\t\t\talt=\"https:\/\/files.sunoresearch.com.br\/n\/uploads\/2023\/07\/1420x240-Minicurso-FIIS.png\"\n\t\t\t\t>\n\t\t\t<\/picture>\n\t\t<\/a>\n\t<\/p>\n\n\n","protected":false},"excerpt":{"rendered":"<p>Menos de uma semana ap\u00f3s anunciar a compra do banco Alfa no Brasil por R$ 1 bilh\u00e3o, o Grupo J. Safra fechou um acordo para adquirir outro ativo dos herdeiros do banqueiro Aloysio de Andrade Faria, o Delta National Bank, com sede em Nova York. O neg\u00f3cio refor\u00e7a o apetite do conglomerado por clientes latino-americanos [&hellip;]<\/p>\n","protected":false},"author":73,"featured_media":238708,"comment_status":"closed","ping_status":"closed","sticky":false,"template":"","format":"standard","meta":[],"categories":[64],"tags":[106444,1518],"suno_strategy":[],"class_list":["post-325263","post","type-post","status-publish","format-standard","has-post-thumbnail","hentry","category-negocios","tag-agencias","tag-banco-safra"],"yoast_head":"<!-- This site is optimized with the Yoast SEO plugin v24.4 - https:\/\/yoast.com\/wordpress\/plugins\/seo\/ -->\n<title>Ap\u00f3s aquisi\u00e7\u00e3o bilion\u00e1ria do Alfa, Safra faz mais uma compra<\/title>\n<meta name=\"description\" content=\"O neg\u00f3cio refor\u00e7a o apetite do Safra por clientes latino-americanos de alta renda em meio \u00e0 ofensiva de bancos brasileiros. Clique e confira!\" \/>\n<meta name=\"robots\" content=\"index, follow, max-snippet:-1, max-image-preview:large, max-video-preview:-1\" \/>\n<link rel=\"canonical\" href=\"https:\/\/www.suno.com.br\/noticias\/banco-safra-compra-aquisicoes\/\" \/>\n<meta property=\"og:locale\" content=\"pt_BR\" \/>\n<meta property=\"og:type\" content=\"article\" \/>\n<meta property=\"og:title\" content=\"Ap\u00f3s aquisi\u00e7\u00e3o bilion\u00e1ria do Alfa, Safra faz mais uma compra\" \/>\n<meta property=\"og:description\" content=\"O neg\u00f3cio refor\u00e7a o apetite do Safra por clientes latino-americanos de alta renda em meio \u00e0 ofensiva de bancos brasileiros. Clique e confira!\" \/>\n<meta property=\"og:url\" content=\"https:\/\/www.suno.com.br\/noticias\/banco-safra-compra-aquisicoes\/\" \/>\n<meta property=\"og:site_name\" content=\"Suno Not\u00edcias\" \/>\n<meta property=\"article:publisher\" content=\"https:\/\/facebook.com\/sunoresearch\" \/>\n<meta property=\"og:image\" content=\"https:\/\/files.sunoresearch.com.br\/n\/uploads\/2022\/03\/SafraDigital04.jpg\" \/>\n\t<meta property=\"og:image:width\" content=\"2500\" \/>\n\t<meta property=\"og:image:height\" content=\"1406\" \/>\n\t<meta property=\"og:image:type\" content=\"image\/jpeg\" \/>\n<meta name=\"author\" content=\"Eduardo Vargas\" \/>\n<meta name=\"twitter:card\" content=\"summary_large_image\" \/>\n<meta name=\"twitter:creator\" content=\"@sunoresearch\" \/>\n<meta name=\"twitter:site\" content=\"@sunoresearch\" \/>\n<meta name=\"twitter:label1\" content=\"Escrito por\" \/>\n\t<meta name=\"twitter:data1\" content=\"Eduardo Vargas\" \/>\n\t<meta name=\"twitter:label2\" content=\"Est. tempo de leitura\" \/>\n\t<meta name=\"twitter:data2\" content=\"4 minutos\" \/>\n<script type=\"application\/ld+json\" class=\"yoast-schema-graph\">{\"@context\":\"https:\/\/schema.org\",\"@graph\":[{\"@type\":\"NewsArticle\",\"@id\":\"https:\/\/www.suno.com.br\/noticias\/banco-safra-compra-aquisicoes\/#article\",\"isPartOf\":{\"@id\":\"https:\/\/www.suno.com.br\/noticias\/banco-safra-compra-aquisicoes\/\"},\"author\":{\"name\":\"Eduardo Vargas\",\"@id\":\"https:\/\/www.suno.com.br\/noticias\/#\/schema\/person\/7f4d362bf3518e76090143ae77bb49a5\"},\"headline\":\"Ap\u00f3s aquisi\u00e7\u00e3o bilion\u00e1ria do Alfa, Safra faz mais uma compra\",\"datePublished\":\"2022-11-29T12:09:15+00:00\",\"dateModified\":\"2022-11-29T12:09:20+00:00\",\"mainEntityOfPage\":{\"@id\":\"https:\/\/www.suno.com.br\/noticias\/banco-safra-compra-aquisicoes\/\"},\"wordCount\":649,\"publisher\":{\"@id\":\"https:\/\/www.suno.com.br\/noticias\/#organization\"},\"image\":{\"@id\":\"https:\/\/www.suno.com.br\/noticias\/banco-safra-compra-aquisicoes\/#primaryimage\"},\"thumbnailUrl\":\"https:\/\/files.sunoresearch.com.br\/n\/uploads\/2022\/03\/SafraDigital04.jpg\",\"keywords\":[\"Ag\u00eancias\",\"Banco Safra\"],\"articleSection\":[\"Neg\u00f3cios\"],\"inLanguage\":\"pt-BR\"},{\"@type\":\"WebPage\",\"@id\":\"https:\/\/www.suno.com.br\/noticias\/banco-safra-compra-aquisicoes\/\",\"url\":\"https:\/\/www.suno.com.br\/noticias\/banco-safra-compra-aquisicoes\/\",\"name\":\"Ap\u00f3s aquisi\u00e7\u00e3o bilion\u00e1ria do Alfa, Safra faz mais uma compra\",\"isPartOf\":{\"@id\":\"https:\/\/www.suno.com.br\/noticias\/#website\"},\"primaryImageOfPage\":{\"@id\":\"https:\/\/www.suno.com.br\/noticias\/banco-safra-compra-aquisicoes\/#primaryimage\"},\"image\":{\"@id\":\"https:\/\/www.suno.com.br\/noticias\/banco-safra-compra-aquisicoes\/#primaryimage\"},\"thumbnailUrl\":\"https:\/\/files.sunoresearch.com.br\/n\/uploads\/2022\/03\/SafraDigital04.jpg\",\"datePublished\":\"2022-11-29T12:09:15+00:00\",\"dateModified\":\"2022-11-29T12:09:20+00:00\",\"description\":\"O neg\u00f3cio refor\u00e7a o apetite do Safra por clientes latino-americanos de alta renda em meio \u00e0 ofensiva de bancos brasileiros. Clique e confira!\",\"breadcrumb\":{\"@id\":\"https:\/\/www.suno.com.br\/noticias\/banco-safra-compra-aquisicoes\/#breadcrumb\"},\"inLanguage\":\"pt-BR\",\"potentialAction\":[{\"@type\":\"ReadAction\",\"target\":[\"https:\/\/www.suno.com.br\/noticias\/banco-safra-compra-aquisicoes\/\"]}]},{\"@type\":\"ImageObject\",\"inLanguage\":\"pt-BR\",\"@id\":\"https:\/\/www.suno.com.br\/noticias\/banco-safra-compra-aquisicoes\/#primaryimage\",\"url\":\"https:\/\/files.sunoresearch.com.br\/n\/uploads\/2022\/03\/SafraDigital04.jpg\",\"contentUrl\":\"https:\/\/files.sunoresearch.com.br\/n\/uploads\/2022\/03\/SafraDigital04.jpg\",\"width\":2500,\"height\":1406,\"caption\":\"Para marcar o lan\u00e7amento do ETF, uma cerim\u00f4nia acontecer\u00e1 na sede da B3, com a participa\u00e7\u00e3o de executivas e da atriz Marina Ruy Barbosa, embaixadora do Safra - Foto: Reprodu\u00e7\u00e3o\/Banco Safra\"},{\"@type\":\"BreadcrumbList\",\"@id\":\"https:\/\/www.suno.com.br\/noticias\/banco-safra-compra-aquisicoes\/#breadcrumb\",\"itemListElement\":[{\"@type\":\"ListItem\",\"position\":1,\"name\":\"Not\u00edcias\",\"item\":\"https:\/\/www.suno.com.br\/noticias\/\"},{\"@type\":\"ListItem\",\"position\":2,\"name\":\"Neg\u00f3cios\",\"item\":\"https:\/\/www.suno.com.br\/noticias\/negocios\/\"},{\"@type\":\"ListItem\",\"position\":3,\"name\":\"Ap\u00f3s aquisi\u00e7\u00e3o bilion\u00e1ria do Alfa, Safra faz mais uma compra\"}]},{\"@type\":\"WebSite\",\"@id\":\"https:\/\/www.suno.com.br\/noticias\/#website\",\"url\":\"https:\/\/www.suno.com.br\/noticias\/\",\"name\":\"Suno Not\u00edcias\",\"description\":\"Seu portal de informa\u00e7\u00e3o sobre o mundo dos investimentos\",\"publisher\":{\"@id\":\"https:\/\/www.suno.com.br\/noticias\/#organization\"},\"potentialAction\":[{\"@type\":\"SearchAction\",\"target\":{\"@type\":\"EntryPoint\",\"urlTemplate\":\"https:\/\/www.suno.com.br\/noticias\/?s={search_term_string}\"},\"query-input\":{\"@type\":\"PropertyValueSpecification\",\"valueRequired\":true,\"valueName\":\"search_term_string\"}}],\"inLanguage\":\"pt-BR\"},{\"@type\":\"Organization\",\"@id\":\"https:\/\/www.suno.com.br\/noticias\/#organization\",\"name\":\"Suno Not\u00edcias\",\"url\":\"https:\/\/www.suno.com.br\/noticias\/\",\"logo\":{\"@type\":\"ImageObject\",\"inLanguage\":\"pt-BR\",\"@id\":\"https:\/\/www.suno.com.br\/noticias\/#\/schema\/logo\/image\/\",\"url\":\"https:\/\/files.sunoresearch.com.br\/n\/uploads\/2021\/09\/suno-logo.png\",\"contentUrl\":\"https:\/\/files.sunoresearch.com.br\/n\/uploads\/2021\/09\/suno-logo.png\",\"width\":180,\"height\":180,\"caption\":\"Suno Not\u00edcias\"},\"image\":{\"@id\":\"https:\/\/www.suno.com.br\/noticias\/#\/schema\/logo\/image\/\"},\"sameAs\":[\"https:\/\/facebook.com\/sunoresearch\",\"https:\/\/x.com\/sunoresearch\",\"https:\/\/www.instagram.com\/suno\",\"https:\/\/www.linkedin.com\/company\/suno-research\/\",\"https:\/\/www.youtube.com\/c\/sunoresearch\"]},{\"@type\":\"Person\",\"@id\":\"https:\/\/www.suno.com.br\/noticias\/#\/schema\/person\/7f4d362bf3518e76090143ae77bb49a5\",\"name\":\"Eduardo Vargas\",\"image\":{\"@type\":\"ImageObject\",\"inLanguage\":\"pt-BR\",\"@id\":\"https:\/\/www.suno.com.br\/noticias\/#\/schema\/person\/image\/\",\"url\":\"https:\/\/secure.gravatar.com\/avatar\/dac340933427a22924c9f99d1eb2e3f2?s=96&r=g\",\"contentUrl\":\"https:\/\/secure.gravatar.com\/avatar\/dac340933427a22924c9f99d1eb2e3f2?s=96&r=g\",\"caption\":\"Eduardo Vargas\"},\"description\":\"Jornalista formado pela UFSC, cobre macroeconomia, neg\u00f3cios e startups para o Suno Not\u00edcias, escrevendo principalmente not\u00edcias sobre o mercado financeiro e a bolsa de valores. No YouTube e no Instagram, \u00e9 respons\u00e1vel pela produ\u00e7\u00e3o de Reels e Shorts do Suno Not\u00edcias. Anteriormente, trabalhou cobrindo economia e cotidiano no ND+ e para o ND, maior jornal impresso de Santa Catarina. Cursou um semestre letivo de Estudos de M\u00eddia na Universidad de Buenos Aires.\",\"url\":\"https:\/\/www.suno.com.br\/noticias\/author\/eduardo-vargas\/\"}]}<\/script>\n<!-- \/ Yoast SEO plugin. -->","yoast_head_json":{"title":"Ap\u00f3s aquisi\u00e7\u00e3o bilion\u00e1ria do Alfa, Safra faz mais uma compra","description":"O neg\u00f3cio refor\u00e7a o apetite do Safra por clientes latino-americanos de alta renda em meio \u00e0 ofensiva de bancos brasileiros. Clique e confira!","robots":{"index":"index","follow":"follow","max-snippet":"max-snippet:-1","max-image-preview":"max-image-preview:large","max-video-preview":"max-video-preview:-1"},"canonical":"https:\/\/www.suno.com.br\/noticias\/banco-safra-compra-aquisicoes\/","og_locale":"pt_BR","og_type":"article","og_title":"Ap\u00f3s aquisi\u00e7\u00e3o bilion\u00e1ria do Alfa, Safra faz mais uma compra","og_description":"O neg\u00f3cio refor\u00e7a o apetite do Safra por clientes latino-americanos de alta renda em meio \u00e0 ofensiva de bancos brasileiros. Clique e confira!","og_url":"https:\/\/www.suno.com.br\/noticias\/banco-safra-compra-aquisicoes\/","og_site_name":"Suno Not\u00edcias","article_publisher":"https:\/\/facebook.com\/sunoresearch","og_image":[{"width":2500,"height":1406,"url":"https:\/\/files.sunoresearch.com.br\/n\/uploads\/2022\/03\/SafraDigital04.jpg","type":"image\/jpeg"}],"author":"Eduardo Vargas","twitter_card":"summary_large_image","twitter_creator":"@sunoresearch","twitter_site":"@sunoresearch","twitter_misc":{"Escrito por":"Eduardo Vargas","Est. tempo de leitura":"4 minutos"},"schema":{"@context":"https:\/\/schema.org","@graph":[{"@type":"NewsArticle","@id":"https:\/\/www.suno.com.br\/noticias\/banco-safra-compra-aquisicoes\/#article","isPartOf":{"@id":"https:\/\/www.suno.com.br\/noticias\/banco-safra-compra-aquisicoes\/"},"author":{"name":"Eduardo Vargas","@id":"https:\/\/www.suno.com.br\/noticias\/#\/schema\/person\/7f4d362bf3518e76090143ae77bb49a5"},"headline":"Ap\u00f3s aquisi\u00e7\u00e3o bilion\u00e1ria do Alfa, Safra faz mais uma compra","datePublished":"2022-11-29T12:09:15+00:00","dateModified":"2022-11-29T12:09:20+00:00","mainEntityOfPage":{"@id":"https:\/\/www.suno.com.br\/noticias\/banco-safra-compra-aquisicoes\/"},"wordCount":649,"publisher":{"@id":"https:\/\/www.suno.com.br\/noticias\/#organization"},"image":{"@id":"https:\/\/www.suno.com.br\/noticias\/banco-safra-compra-aquisicoes\/#primaryimage"},"thumbnailUrl":"https:\/\/files.sunoresearch.com.br\/n\/uploads\/2022\/03\/SafraDigital04.jpg","keywords":["Ag\u00eancias","Banco Safra"],"articleSection":["Neg\u00f3cios"],"inLanguage":"pt-BR"},{"@type":"WebPage","@id":"https:\/\/www.suno.com.br\/noticias\/banco-safra-compra-aquisicoes\/","url":"https:\/\/www.suno.com.br\/noticias\/banco-safra-compra-aquisicoes\/","name":"Ap\u00f3s aquisi\u00e7\u00e3o bilion\u00e1ria do Alfa, Safra faz mais uma compra","isPartOf":{"@id":"https:\/\/www.suno.com.br\/noticias\/#website"},"primaryImageOfPage":{"@id":"https:\/\/www.suno.com.br\/noticias\/banco-safra-compra-aquisicoes\/#primaryimage"},"image":{"@id":"https:\/\/www.suno.com.br\/noticias\/banco-safra-compra-aquisicoes\/#primaryimage"},"thumbnailUrl":"https:\/\/files.sunoresearch.com.br\/n\/uploads\/2022\/03\/SafraDigital04.jpg","datePublished":"2022-11-29T12:09:15+00:00","dateModified":"2022-11-29T12:09:20+00:00","description":"O neg\u00f3cio refor\u00e7a o apetite do Safra por clientes latino-americanos de alta renda em meio \u00e0 ofensiva de bancos brasileiros. Clique e confira!","breadcrumb":{"@id":"https:\/\/www.suno.com.br\/noticias\/banco-safra-compra-aquisicoes\/#breadcrumb"},"inLanguage":"pt-BR","potentialAction":[{"@type":"ReadAction","target":["https:\/\/www.suno.com.br\/noticias\/banco-safra-compra-aquisicoes\/"]}]},{"@type":"ImageObject","inLanguage":"pt-BR","@id":"https:\/\/www.suno.com.br\/noticias\/banco-safra-compra-aquisicoes\/#primaryimage","url":"https:\/\/files.sunoresearch.com.br\/n\/uploads\/2022\/03\/SafraDigital04.jpg","contentUrl":"https:\/\/files.sunoresearch.com.br\/n\/uploads\/2022\/03\/SafraDigital04.jpg","width":2500,"height":1406,"caption":"Para marcar o lan\u00e7amento do ETF, uma cerim\u00f4nia acontecer\u00e1 na sede da B3, com a participa\u00e7\u00e3o de executivas e da atriz Marina Ruy Barbosa, embaixadora do Safra - Foto: Reprodu\u00e7\u00e3o\/Banco Safra"},{"@type":"BreadcrumbList","@id":"https:\/\/www.suno.com.br\/noticias\/banco-safra-compra-aquisicoes\/#breadcrumb","itemListElement":[{"@type":"ListItem","position":1,"name":"Not\u00edcias","item":"https:\/\/www.suno.com.br\/noticias\/"},{"@type":"ListItem","position":2,"name":"Neg\u00f3cios","item":"https:\/\/www.suno.com.br\/noticias\/negocios\/"},{"@type":"ListItem","position":3,"name":"Ap\u00f3s aquisi\u00e7\u00e3o bilion\u00e1ria do Alfa, Safra faz mais uma compra"}]},{"@type":"WebSite","@id":"https:\/\/www.suno.com.br\/noticias\/#website","url":"https:\/\/www.suno.com.br\/noticias\/","name":"Suno Not\u00edcias","description":"Seu portal de informa\u00e7\u00e3o sobre o mundo dos investimentos","publisher":{"@id":"https:\/\/www.suno.com.br\/noticias\/#organization"},"potentialAction":[{"@type":"SearchAction","target":{"@type":"EntryPoint","urlTemplate":"https:\/\/www.suno.com.br\/noticias\/?s={search_term_string}"},"query-input":{"@type":"PropertyValueSpecification","valueRequired":true,"valueName":"search_term_string"}}],"inLanguage":"pt-BR"},{"@type":"Organization","@id":"https:\/\/www.suno.com.br\/noticias\/#organization","name":"Suno Not\u00edcias","url":"https:\/\/www.suno.com.br\/noticias\/","logo":{"@type":"ImageObject","inLanguage":"pt-BR","@id":"https:\/\/www.suno.com.br\/noticias\/#\/schema\/logo\/image\/","url":"https:\/\/files.sunoresearch.com.br\/n\/uploads\/2021\/09\/suno-logo.png","contentUrl":"https:\/\/files.sunoresearch.com.br\/n\/uploads\/2021\/09\/suno-logo.png","width":180,"height":180,"caption":"Suno Not\u00edcias"},"image":{"@id":"https:\/\/www.suno.com.br\/noticias\/#\/schema\/logo\/image\/"},"sameAs":["https:\/\/facebook.com\/sunoresearch","https:\/\/x.com\/sunoresearch","https:\/\/www.instagram.com\/suno","https:\/\/www.linkedin.com\/company\/suno-research\/","https:\/\/www.youtube.com\/c\/sunoresearch"]},{"@type":"Person","@id":"https:\/\/www.suno.com.br\/noticias\/#\/schema\/person\/7f4d362bf3518e76090143ae77bb49a5","name":"Eduardo Vargas","image":{"@type":"ImageObject","inLanguage":"pt-BR","@id":"https:\/\/www.suno.com.br\/noticias\/#\/schema\/person\/image\/","url":"https:\/\/secure.gravatar.com\/avatar\/dac340933427a22924c9f99d1eb2e3f2?s=96&r=g","contentUrl":"https:\/\/secure.gravatar.com\/avatar\/dac340933427a22924c9f99d1eb2e3f2?s=96&r=g","caption":"Eduardo Vargas"},"description":"Jornalista formado pela UFSC, cobre macroeconomia, neg\u00f3cios e startups para o Suno Not\u00edcias, escrevendo principalmente not\u00edcias sobre o mercado financeiro e a bolsa de valores. No YouTube e no Instagram, \u00e9 respons\u00e1vel pela produ\u00e7\u00e3o de Reels e Shorts do Suno Not\u00edcias. Anteriormente, trabalhou cobrindo economia e cotidiano no ND+ e para o ND, maior jornal impresso de Santa Catarina. Cursou um semestre letivo de Estudos de M\u00eddia na Universidad de Buenos Aires.","url":"https:\/\/www.suno.com.br\/noticias\/author\/eduardo-vargas\/"}]}},"default_loop_html":"<div class=\"cardsPage__listCard__boxs\"><div class=\"cardsPage__listCard__boxs__img\"><a href=\"https:\/\/www.suno.com.br\/noticias\/banco-safra-compra-aquisicoes\/\"><img class=\"mask\" src=\"https:\/\/www.suno.com.br\/noticias\/wp-content\/themes\/suno\/resources\/images\/spotlight\/spotlight1img\/bg-mask.png\" alt=\"Image Mask\"\/><img src=\"https:\/\/files.sunoresearch.com.br\/n\/uploads\/2022\/03\/SafraDigital04-400x200.jpg\" alt=\"Ap\u00f3s aquisi\u00e7\u00e3o bilion\u00e1ria do Alfa, Safra faz mais uma compra\"\/><\/a><span class=\"spotlightCategory\"><a href=\"https:\/\/www.suno.com.br\/noticias\/negocios\/\">Neg\u00f3cios<\/a><\/span><\/div><div class=\"cardsPage__listCard__boxs__content\"><a href=\"https:\/\/www.suno.com.br\/noticias\/banco-safra-compra-aquisicoes\/\"><h2 class=\"content__title\">Ap\u00f3s aquisi\u00e7\u00e3o bilion\u00e1ria do Alfa, Safra faz mais uma compra<\/h2><\/a><div class=\"newsContent__article__meta\"><div class=\"newsContent__article__meta__authorBox\"><a href=\"https:\/\/www.suno.com.br\/noticias\/author\/eduardo-vargas\/\" class=\"authorBox__avatar noMobi\"><img src=\"https:\/\/secure.gravatar.com\/avatar\/dac340933427a22924c9f99d1eb2e3f2?s=96&#038;r=g\" alt=\"Eduardo Vargas\"><\/a><div class=\"authorBox__name\"><span>por\n\t\t\t<a href=\"https:\/\/www.suno.com.br\/noticias\/author\/eduardo-vargas\/\"><span itemprop=\"author\">Eduardo Vargas<\/span><\/a><\/span><time datetime=\"2022-11-29T09:09:15-03:00\" itemprop=\"datePublished\">29\/11\/2022 09:09<\/time><\/div><\/div><\/div><\/div><\/div>","single_layout":"posts","amp_enabled":true,"_links":{"self":[{"href":"https:\/\/www.suno.com.br\/noticias\/wp-json\/wp\/v2\/posts\/325263"}],"collection":[{"href":"https:\/\/www.suno.com.br\/noticias\/wp-json\/wp\/v2\/posts"}],"about":[{"href":"https:\/\/www.suno.com.br\/noticias\/wp-json\/wp\/v2\/types\/post"}],"author":[{"embeddable":true,"href":"https:\/\/www.suno.com.br\/noticias\/wp-json\/wp\/v2\/users\/73"}],"replies":[{"embeddable":true,"href":"https:\/\/www.suno.com.br\/noticias\/wp-json\/wp\/v2\/comments?post=325263"}],"version-history":[{"count":3,"href":"https:\/\/www.suno.com.br\/noticias\/wp-json\/wp\/v2\/posts\/325263\/revisions"}],"predecessor-version":[{"id":325330,"href":"https:\/\/www.suno.com.br\/noticias\/wp-json\/wp\/v2\/posts\/325263\/revisions\/325330"}],"wp:featuredmedia":[{"embeddable":true,"href":"https:\/\/www.suno.com.br\/noticias\/wp-json\/wp\/v2\/media\/238708"}],"wp:attachment":[{"href":"https:\/\/www.suno.com.br\/noticias\/wp-json\/wp\/v2\/media?parent=325263"}],"wp:term":[{"taxonomy":"category","embeddable":true,"href":"https:\/\/www.suno.com.br\/noticias\/wp-json\/wp\/v2\/categories?post=325263"},{"taxonomy":"post_tag","embeddable":true,"href":"https:\/\/www.suno.com.br\/noticias\/wp-json\/wp\/v2\/tags?post=325263"},{"taxonomy":"suno_strategy","embeddable":true,"href":"https:\/\/www.suno.com.br\/noticias\/wp-json\/wp\/v2\/suno_strategy?post=325263"}],"curies":[{"name":"wp","href":"https:\/\/api.w.org\/{rel}","templated":true}]}}