{"id":325196,"date":"2022-11-28T22:39:19","date_gmt":"2022-11-29T01:39:19","guid":{"rendered":"https:\/\/www.suno.com.br\/noticias\/?p=325196"},"modified":"2022-11-28T22:39:30","modified_gmt":"2022-11-29T01:39:30","slug":"radar-americanas-amer3-weg-wege3-btlg11","status":"publish","type":"post","link":"https:\/\/www.suno.com.br\/noticias\/radar-americanas-amer3-weg-wege3-btlg11\/","title":{"rendered":"Radar: Americanas (AMER3) cai mais de 9% na Bolsa, a\u00e7\u00f5es da Weg (WEGE3) s\u00e3o rebaixadas e BTLG11 pode aumentar dividendos"},"content":{"rendered":"<p>Nesta segunda-feira (28), as a\u00e7\u00f5es da <strong>Americanas<\/strong> (AMER3) fecharam em queda de 9,6%, cotadas a R$ 9,89, ap\u00f3s a Black Friday de 2022 decepcionar no n\u00famero de vendas.<\/p>\t<div class=\"wrapper-featured-image\">\n\t\t<figure class=\"spotlightImg\">\n\n\t\t\t<picture>\n\t\t\t\t<source media=\"(max-width: 768px)\" srcset=\"https:\/\/files.sunoresearch.com.br\/n\/uploads\/2022\/01\/Americanas-Foto-2021-Credito-Divulgacao-400x200.jpg\">\n\t\t\t\t<img loading=\"lazy\" decoding=\"async\" class=\"newsContent__article__imgCapa lazyloadDisabled \" src=\"https:\/\/files.sunoresearch.com.br\/n\/uploads\/2022\/01\/Americanas-Foto-2021-Credito-Divulgacao-800x450.jpg\" width=\"800\" height=\"450\" alt=\"Radar: Americanas (AMER3) cai mais de 9% na Bolsa, a\u00e7\u00f5es da Weg (WEGE3) s\u00e3o rebaixadas e BTLG11 pode aumentar dividendos\" fetchpriority=high \/>\n\t\t\t<\/picture>\n\n\t\t\t<figcaption class=\"wp-caption-text wp-caption-text--show\">Americanas (AMER3). Foto: Divulga\u00e7\u00e3o<\/figcaption>\n\t\t<\/figure>\n\t<\/div>\n\n\n\n\n\n\t<p>\n\t\t<a href=\"https:\/\/lp.suno.com.br\/planilha-controle-gastos\/\" target=\"_blank\" data-element=\"shortcode-suno-banner\" title=\"Banner SUNO, clique e saiba mais\">\n\t\t\t<picture>\n\t\t\t\t<source media=\"(max-width: 500px)\" srcset=\"https:\/\/files.sunoresearch.com.br\/n\/uploads\/2023\/03\/400x300-Planilha-controle-de-gastos.png\">\n\t\t\t\t<img class=\"newsContent__article__imgCapa newsContent__article__imgCapa--banner\"\n\t\t\t\t\tsrc=\"https:\/\/files.sunoresearch.com.br\/n\/uploads\/2023\/03\/1420x240-Planilha-controle-de-gastos.png\"\n\t\t\t\t\tdata-promo-id=\"311945\"\t\t\t\t\t\t\t\t\t\twidth='1420' height='240'\t\t\t\t\talt=\"https:\/\/files.sunoresearch.com.br\/n\/uploads\/2023\/03\/1420x240-Planilha-controle-de-gastos.png\"\n\t\t\t\t>\n\t\t\t<\/picture>\n\t\t<\/a>\n\t<\/p>\n\n\n\n\n\n<p>Al\u00e9m da Americanas, as a\u00e7\u00f5es do<strong> <a class=\"suno-keyword\" data-force=\"yes\" data-priority=\"2\" href=\"https:\/\/www.suno.com.br\/acoes\/MGLU3\/\" target=\"_blank\" rel=\"noopener\">Magazine Luiza<\/a><\/strong><a class=\"suno-keyword\" data-force=\"yes\" data-priority=\"2\" href=\"https:\/\/www.suno.com.br\/acoes\/MGLU3\/\" target=\"_blank\" rel=\"noopener\"> (MGLU3)<\/a> ca\u00edram 2,92%, cotadas a R$ 3,32 e as da <strong>Via <\/strong>(VIIA3) cederam 6,70%, cotadas a R$ 2,09. <\/p>\n\n\n\n<p>O desempenho negativo das <strong>a\u00e7\u00f5es de varejo<\/strong> ocorre depois de um resultado fraco de <strong>vendas na Black Friday.<\/strong> Segundo levantamento da Confi NeoTrust, o <strong>e-commerce<\/strong> teve um dos seus piores anos de<strong> Black Friday<\/strong>, com queda de 28%, para R$ 3,1 bilh\u00f5es, na sexta-feira (25). A NielsenIQ\/Ebit por sua vez, apurou queda de 23% na sexta-feira.<\/p>\n\n\n\n<p>&#8220;O que est\u00e1 acontecendo \u00e9 um cen\u00e1rio bastante desafiador e hostil para o setor&#8221;, explicou Idean Alves, s\u00f3cio e chefe da <a class=\"suno-keyword\" data-force=\"no\" data-priority=\"1\" href=\"https:\/\/www.suno.com.br\/artigos\/mesa-de-operacoes\/\" target=\"_blank\" rel=\"noopener\">mesa de opera\u00e7\u00f5es<\/a> da A\u00e7\u00e3o Brasil Investimentos, sobre a queda das <strong>a\u00e7\u00f5es da Americanas<\/strong>. <\/p>\n\n\n\n<p>Segundo Alves, o varejo \u00e9 um setor c\u00edclico que depende do desempenho da economia e de um pouco de previsibilidade com o aumento de consumo, gera\u00e7\u00e3o de emprego, aumento de renda e aumento do <a class=\"suno-keyword\" data-force=\"no\" data-priority=\"1\" href=\"https:\/\/www.suno.com.br\/artigos\/poder-de-compra\/\" target=\"_blank\" rel=\"noopener\">poder de compra<\/a>. <\/p>\n\n\n\n<p>&#8220;O que vemos \u00e9 o contr\u00e1rio, com uma renda sendo comprimida com o cen\u00e1rio de infla\u00e7\u00e3o alta. Isso drena recursos que poderiam ir direto para o setor de varejo. Ent\u00e3o, as pessoas est\u00e3o usando dinheiro para necessidades b\u00e1sicas e menos para consumo. Com isso, o varejo fica de lado&#8221;, ressalta o especialista.<\/p>\n\n\n\n<p>O analista observa que o saldo da Black Friday indica que o Natal tamb\u00e9m pode ser mais fraco para o varejo. Mas, com uma redu\u00e7\u00e3o de <a class=\"suno-keyword\" data-force=\"no\" data-priority=\"1\" href=\"https:\/\/www.suno.com.br\/artigos\/juros-futuros\/\" target=\"_blank\" rel=\"noopener\">juros futuros<\/a>, Alves v\u00ea que o setor da Americanas, Magalu e Via pode &#8220;melhorar&#8221;. Entretanto, n\u00e3o h\u00e1 consenso sobre quando a redu\u00e7\u00e3o da<strong> taxa Selic<\/strong> acontecer\u00e1. <\/p>\n\n\n\n<p>Por isso o ano de 2023 promete ainda ser muito desafiador para o varejo, alerta o especialista,  enquanto n\u00e3o h\u00e1 um cen\u00e1rio previs\u00edvel com redu\u00e7\u00e3o de juros e infla\u00e7\u00e3o.<\/p>\n\n\n\n<p>&#8220;O setor de varejo hoje \u00e9 teste para card\u00edaco&#8221;, conclui Alves, lembrando um bord\u00e3o de Galv\u00e3o Bueno. &#8220;Como \u00e9 um setor muito vol\u00e1til, as oscila\u00e7\u00f5es s\u00e3o grandes. Quem n\u00e3o gosta de volatilidade, o ideal \u00e9 que fique fora do varejo.&#8221;<\/p>\n\n\n\n<p>A&nbsp;<strong>Americanas&nbsp;<\/strong>disse ter se preparado com anteced\u00eancia para a Black Friday e para a Copa do Mundo, trazendo a\u00e7\u00f5es de frete, servi\u00e7o e marketing voltadas para as datas.<\/p>\n\n\n\n<p><em>Al\u00e9m da&nbsp;<strong>Americanas<\/strong>, confira outros destaques desta segunda-feira:<\/em><a href=\"https:\/\/lp.suno.com.br\/pv\/black-friday-suno-3\/\" target=\"_blank\" rel=\"noreferrer noopener\"><\/a><\/p>\n\n\n\n<h2 class=\"wp-block-heading\" id=\"h-weg-wege3-acoes-caem-4-apos-rebaixamento-do-bofa-entenda\">Weg (WEGE3): a\u00e7\u00f5es caem 4% ap\u00f3s rebaixamento do BofA; entenda<\/h2>\n\n\n\n<ul class=\"wp-block-list\"><li>As a\u00e7\u00f5es da<strong> <a href=\"https:\/\/www.suno.com.br\/acoes\/wege3\/\" target=\"_blank\" rel=\"noreferrer noopener\">Weg (WEGE3)<\/a><\/strong> ca\u00edram 4% nesta segunda-feira (28) ap\u00f3s o <strong>Bank of America<\/strong> rebaixar pre\u00e7o-alvo de R$ 44 para R$ 42. Al\u00e9m disso, a institui\u00e7\u00e3o passou a recomenda\u00e7\u00e3o de compra para neutra, devido a uma &#8220;prov\u00e1vel desacelera\u00e7\u00e3o do crescimento&#8221; em 2023.<\/li><li>Conforme apontam os analistas do <strong>BofA<\/strong>, a companhia teve resultados mistos no segundo trimestre deste ano \u2014 mostrando-se necess\u00e1rio rever algumas previs\u00f5es importantes. Nesse caso, a <strong>classifica\u00e7\u00e3o neutra da Weg<\/strong> deve-se ao fato dela ter atingido um \u201cplat\u00f4 de <a class=\"suno-keyword\" data-force=\"no\" data-priority=\"1\" href=\"https:\/\/www.suno.com.br\/artigos\/curto-prazo\/\" target=\"_blank\" rel=\"noopener\">curto prazo<\/a>&#8221; com uma demanda mais fraca.<\/li><li>&#8220;Apesar disso, a WEG registrou forte crescimento de receita, redu\u00e7\u00e3o de custos de mat\u00e9rias-primas e ganhos de escala&#8221;, destacam os analistas Rogerio Araujo e Gabriel Fraz\u00e3o, que assinam o relat\u00f3rio do BofA.<\/li><li>Ap\u00f3s o rebaixamento de classifica\u00e7\u00e3o da a\u00e7\u00e3o para neutra feito pelo BofA, a Weg fechou o preg\u00e3o desta segunda-feira com queda de 4,09%, com pap\u00e9is cotados em R$ 37,50. <\/li><li><strong>Rumo (RAIL3): recomenda\u00e7\u00e3o de compra elevada a neutra<\/strong><\/li><li>Por outro lado, os analistas elevaram a recomenda\u00e7\u00e3o de compra da Rumo para neutra. Ap\u00f3s resultados expressivos no \u00faltimo trimestre, o BofA aposta em uma curvatura ascendente para a companhia.<\/li><li>&#8220;A Rumo reportou fortes resultados, pois conseguiu aumentar substancialmente as tarifas de transporte versus pre\u00e7os de mercado.&#8221;<\/li><li>Com alta de 3,65%, as a\u00e7\u00f5es da Rumo fecharam esta segunda-feira em R$ 19,60.<\/li><li><strong>A\u00e7\u00f5es da Weg est\u00e3o baratas? XP acredita que sim<\/strong><\/li><li>Se de um lado o BofA rebaixou o pre\u00e7o-alvo, a XP aposta no oposto. <a href=\"https:\/\/www.suno.com.br\/noticias\/weg-wege3-acoes-baratas-xp\/\" target=\"_blank\" rel=\"noreferrer noopener\">Na quinta-feira (24)<\/a>, em revis\u00e3o sobre a sua tese da Weg, a consultoria destacou que v\u00ea um potencial de valoriza\u00e7\u00e3o nos ativos e recomenda compra para os pap\u00e9is, com pre\u00e7o-alvo de R$ 50.<\/li><li>Embora as&nbsp;a\u00e7\u00f5es da Weg&nbsp;estejam \u201cbem precificadas nos n\u00edveis atuais\u201d, a XP v\u00ea os seguintes pontos de destaque:<\/li><li><strong>I. <\/strong>Potenciais revis\u00f5es para cima de lucro vs. estimativas atuais de consenso (XPe +7-11% para os lucro de 2023-24);<br><strong>II. <\/strong>S\u00f3lido carrego do crescimento de lucro (CAGR de 3 anos de ~15%).<\/li><li>Vale dizer que esse otimismo da XP sobre as <strong>a\u00e7\u00f5es da Weg<\/strong> se d\u00e1 em fun\u00e7\u00e3o de melhores expectativas de lucro versus consenso ap\u00f3s&nbsp;<a href=\"https:\/\/www.suno.com.br\/noticias\/weg-wege3-resultado-3t22-balanco\/\" target=\"_blank\" rel=\"noreferrer noopener\">resultados melhores que o esperado no 3T22<\/a><\/li><\/ul>\n\n\n\t<p>\n\t\t<a href=\"https:\/\/lp.suno.com.br\/ebook-como-analisar-uma-acao\/\" target=\"_blank\" data-element=\"shortcode-suno-banner\" title=\"Banner SUNO, clique e saiba mais\">\n\t\t\t<picture>\n\t\t\t\t<source media=\"(max-width: 500px)\" srcset=\"https:\/\/files.sunoresearch.com.br\/n\/uploads\/2023\/03\/Ebook-Acoes-Mobile.jpg\">\n\t\t\t\t<img class=\"newsContent__article__imgCapa newsContent__article__imgCapa--banner\"\n\t\t\t\t\tsrc=\"https:\/\/files.sunoresearch.com.br\/n\/uploads\/2023\/03\/Ebook-Acoes-Desktop.jpg\"\n\t\t\t\t\tdata-promo-id=\"311946\"\t\t\t\t\t\t\t\t\t\twidth='1420' height='286'\t\t\t\t\talt=\"https:\/\/files.sunoresearch.com.br\/n\/uploads\/2023\/03\/Ebook-Acoes-Desktop.jpg\"\n\t\t\t\t>\n\t\t\t<\/picture>\n\t\t<\/a>\n\t<\/p>\n\n\n\n\n\n<h2 class=\"wp-block-heading\">BTLG11 vai aumentar dividendos? Confira o que diz a gestora<\/h2>\n\n\n\n<ul class=\"wp-block-list\"><li>Os cotistas do <strong><a href=\"http:\/\/suno.com.br\/fundos-imobiliarios\/btlg11\">fundo imobili\u00e1rio BTLG11<\/a><\/strong> poder\u00e3o receber dividendos maiores em breve. No relat\u00f3rio gerencial divulgado na \u00faltima sexta-feira (25), a gestora do FII demonstrou sua inten\u00e7\u00e3o de aumentar os pr\u00f3ximos rendimentos do fundo. <\/li><li>A gest\u00e3o tem uma estimativa de aumento de <strong>dividendos do BTLG11<\/strong> nos pr\u00f3ximos meses, num valor m\u00e1ximo de R$ 0,78 por cota. Por outro lado, o valor m\u00ednimo dos rendimentos do fundo pode chegar ea R$ 0,72 por cota, patamar que foi distribu\u00eddo entre os meses de janeiro a maio de 2022.<\/li><li>Nos resultados de outubro de 2022, os <strong>dividendos do BTLG11<\/strong> foram de R$ 0,74 por cota aos seus investidores. Esse valor reapresenta um <strong>dividend yield<\/strong> de 8,7% a.a. Em 24 meses o retorno do FII \u00e9 de 11,8%, enquanto o<strong> IFIX<\/strong> teve uma rentabilidade de 7,8%.<\/li><li>Em todo o ano de 2022, o <strong>FII BTLG11<\/strong> j\u00e1 distribuiu o total de R$ 7,38 de rendimentos. Al\u00e9m disso, desde seu IPO em outubro de 2020, o fundo de log\u00edstica gerido pelo BTG Pactual aumentou a m\u00e9dia dos seus dividendos. Naquela ocasi\u00e3o, o FII pagava R$ 0,51 por cota, at\u00e9 chegar ao valor atual de R$ 0,74.<\/li><li><strong>Incorpora\u00e7\u00e3o de fundos aumentou o valor da cota patrimonial do BTLG11 <\/strong><\/li><li>Com a incorpora\u00e7\u00e3o do FII Bluecap Renda Log\u00edstica (BLCP11), a <strong>cota patrimonial do BTLG11<\/strong> chegou ao valor de R$ 99,09. Antes da fus\u00e3o com o FII, o valor era de R$ 97,82. Essa fus\u00e3o com o fundo citado significou a incorpora\u00e7\u00e3o de im\u00f3veis com 19% de desconto ao patrim\u00f4nio, gerando muito valor ao BTLG11. <\/li><li>A gestora ressaltou que os novos ativos possuem 5 locat\u00e1rios, todos com bom risco de cr\u00e9dito: <\/li><li>Enjoei (ENJU3)<\/li><li>Alpargatas (ALPA4)<\/li><li>Bauducco <\/li><li>Mobly (MBLY3)<\/li><li>Vip Log\u00edstica<\/li><li>Paralelo \u00e0 incorpora\u00e7\u00e3o do BLCP11, o BTLG11 tamb\u00e9m recebeu dos ativos do VVPR11. Com isso, o fundo aumentou seu valor de mercado para R$ 1,95 bilh\u00e3o. Com o acr\u00e9scimo de mais 6 ativos log\u00edsticos em sua carteira, o FII alcan\u00e7ou um cap rate de 11,1%. O BTLG11 tamb\u00e9m teve um aumento consider\u00e1vel dos seus ativos, agora com 22 im\u00f3veis.<\/li><li>O&nbsp;<a href=\"https:\/\/www.suno.com.br\/noticias\/btlg11-mostra-ganhos-incorporacao-fii\/\"><strong>BTG Pactual Log\u00edstica (BTLG11)<\/strong><\/a>&nbsp;tem como objetivo a obten\u00e7\u00e3o de renda e ganho de capital por meio da explora\u00e7\u00e3o de empreendimentos imobili\u00e1rios focados em opera\u00e7\u00f5es no segmento de log\u00edstica.<\/li><\/ul>\n\n\n\n<h2 class=\"wp-block-heading\">Assa\u00ed (ASAI3) vai movimentar R$ 3,65 bilh\u00f5es com oferta secund\u00e1ria de a\u00e7\u00f5es<\/h2>\n\n\n\n<ul class=\"wp-block-list\"><li>O<strong> <a href=\"https:\/\/www.suno.com.br\/acoes\/asai3\/\" target=\"_blank\" rel=\"noreferrer noopener\">Assa\u00ed (ASAI3)<\/a><\/strong> informou hoje (28) que far\u00e1 uma <strong>oferta p\u00fablica de distribui\u00e7\u00e3o secund\u00e1ria<\/strong> de 140.800.000 de <a class=\"suno-keyword\" data-force=\"no\" data-priority=\"1\" href=\"https:\/\/www.suno.com.br\/artigos\/o-que-sao-acoes-ordinarias-preferenciais-e-units\/\" target=\"_blank\" rel=\"noopener\">a\u00e7\u00f5es ordin\u00e1rias<\/a> do <strong>Grupo Casino<\/strong> (por meio da Wilkes Participa\u00e7\u00f5es, da G\u00e9ant International BV (GIBV) e da Helicco Participa\u00e7\u00f5es). Com base no fechamento da \u00faltima sexta-feira (25), a oferta poder\u00e1 movimentar R$ 2.704.768.000,00. J\u00e1 considerando um lote extra, a oferta pode chegar a R$ 3.655.663.000,00.<\/li><li>Conforme <a href=\"https:\/\/www.suno.com.br\/noticias\/casino-vender-acoes-assai-asai-follow-on\/\" target=\"_blank\" rel=\"noreferrer noopener\">j\u00e1 se noticiava<\/a>, a opera\u00e7\u00e3o segue a estrat\u00e9gia do varejista franc\u00eas Casino, que tem 41% da rede de atacarejo \u2014 opera\u00e7\u00e3o de maior crescimento e <a class=\"suno-keyword\" data-force=\"no\" data-priority=\"1\" href=\"https:\/\/www.suno.com.br\/artigos\/geracao-de-caixa\/\" target=\"_blank\" rel=\"noopener\">gera\u00e7\u00e3o de caixa<\/a> para o grupo franc\u00eas.<\/li><li>A transa\u00e7\u00e3o foi desenhada para injetar recursos no caixa do Casino, que est\u00e1 em dificuldades financeiras. A venda de um peda\u00e7o de sua participa\u00e7\u00e3o das a\u00e7\u00f5es do Assa\u00ed proporcionaria f\u00f4lego junto a seus credores.<\/li><li>Em <a class=\"suno-keyword\" data-force=\"no\" data-priority=\"1\" href=\"https:\/\/www.suno.com.br\/artigos\/fato-relevante\/\" target=\"_blank\" rel=\"noopener\">fato relevante<\/a> enviado \u00e0 Comiss\u00e3o de Valores Mobili\u00e1rios (CVM), a empresa informa que a oferta poder\u00e1, a crit\u00e9rio da Wilkes, em comum acordo com os Coordenadores da Oferta Global, ser acrescida em at\u00e9 35,20%. Ou seja, at\u00e9 49.500.000 A\u00e7\u00f5es da Oferta Global, nas mesmas condi\u00e7\u00f5es e pre\u00e7o das A\u00e7\u00f5es da Oferta Global inicialmente ofertadas.<\/li><li>A opera\u00e7\u00e3o inclui American Depositary Shares (ADS), representados por American Depositary Receipts (ADR) e ser\u00e1 realizada simultaneamente no Brasil e exterior. Cada ADR \u00e9 representativo de cinco a\u00e7\u00f5es.<\/li><li><strong>Assa\u00ed: caminhando para se tornar uma Corporation, aponta XP<\/strong><\/li><li>Em relat\u00f3rio publicado hoje, a XP apontou que enxerga a transa\u00e7\u00e3o de maneira positiva. &#8220;Mantemos nossa recomenda\u00e7\u00e3o de compra e pre\u00e7o-alvo de R$ 22,0 por a\u00e7\u00e3o, reiterando Assa\u00ed como uma das nossas prefer\u00eancias no setor&#8221;, destacam os analistas.<\/li><li>O documento, assinado por Danniela Eiger, Gustavo Senday e Thiago Suedt, ainda elencou pontos positivos da transa\u00e7\u00e3o e que contribuem para o atacarejo estar cada vez mais perto de se tornar uma corporation. Sendo eles:<\/li><li><strong>I.<\/strong> melhora da liquidez das a\u00e7\u00f5es do Assa\u00ed, com o free float (a\u00e7\u00f5es negociadas em bolsa) chegando a aproximadamente 73%; <br><strong>II.<\/strong> deve levar a um ciclo de menor influ\u00eancia do Casino no Assa\u00ed, que espera-se que seja desdobrado em novos passos para melhorar a governan\u00e7a corporativa da companhia; <br><strong>III.<\/strong> al\u00e9m de marcar um passo importante para o Assa\u00ed em se tornar uma corporation. <\/li><li>&#8220;Continuamos vendo a companhia como uma s\u00f3lida hist\u00f3ria de crescimento, com forte momento de resultados; melhor governan\u00e7a corporativa; perfil defensivo frente ao cen\u00e1rio macro vol\u00e1til e valuation interessante.&#8221;<\/li><li>Projetando os pr\u00f3ximos passos da companhia, os analistas da XP acreditam em mais movimenta\u00e7\u00f5es para o Assa\u00ed se tornar um corportation no curto prazo. Segundo o relat\u00f3rio, s\u00e3o esperadas novas substitui\u00e7\u00f5es no conselho de administra\u00e7\u00e3o at\u00e9 23\/04\/2023.<\/li><li>Al\u00e9m disso, o relat\u00f3rio pontua o potencial do Casino vender uma participa\u00e7\u00e3o adicional at\u00e9 o fim de 2023 (em linha com a previs\u00e3o do fim do seu plano de venda de ativos no valor de \u20ac 4,5 bilh\u00f5es) e a introdu\u00e7\u00e3o de um plano de op\u00e7\u00f5es de <strong>a\u00e7\u00f5es do Assa\u00ed<\/strong> mais robusto para os principais executivos.<\/li><li><em>Com informa\u00e7\u00f5es do Estad\u00e3o Conte\u00fado<\/em><\/li><\/ul>\n\n\n\n<h2 class=\"wp-block-heading\">Rumo (RAIL3): a\u00e7\u00f5es sobem 3% e analistas projetam mais valoriza\u00e7\u00e3o; veja por qu\u00ea<\/h2>\n\n\n\n<ul class=\"wp-block-list\"><li>As a\u00e7\u00f5es da <a class=\"suno-keyword\" data-force=\"yes\" data-priority=\"2\" href=\"https:\/\/www.suno.com.br\/acoes\/RAIL3\/\" target=\"_blank\" rel=\"noopener\"><strong>Rumo<\/strong> (RAIL3)<\/a> subiram mais de 3% nesta segunda-feira (28), cotadas a R$ 19,49, depois de a XP Investimentos reiterar sua vis\u00e3o positiva para a companhia. A conclus\u00e3o dos analistas inclui perspectivas favor\u00e1veis para a empresa no curto e longo prazo.<\/li><li>Os analistas t\u00eam recomenda\u00e7\u00e3o de &#8220;compra&#8221; para as<strong> a\u00e7\u00f5es da Rumo<\/strong> com o pre\u00e7o-alvo de R$ 24.<\/li><li>Na semana anterior, a XP foi para o estado do Mato Grosso (MT), onde visitaram o principal terminal ferrovi\u00e1rio (TRO) da Rumo, em Rondon\u00f3polis, os principais atores do setor agr\u00edcola e as autoridades reguladoras.<\/li><li>&#8220;Sa\u00edmos da visita com uma impress\u00e3o positiva no ambiente de neg\u00f3cios do estado&#8221;, explicou a casa, com expectativas otimistas para o projeto de extens\u00e3o de Lucas do Rio Verde (LRV). <\/li><li>O Banco of America (BofA) mudou a recomenda\u00e7\u00e3o para os <strong>pap\u00e9is da Rumo<\/strong>, de &#8220;neutro&#8221; para &#8220;compra&#8221;, aumentando o pre\u00e7o-alvo de R$ 23 para R$ 24. Os analistas citam tarifas mais altas ap\u00f3s os fortes <strong>resultados da Rumo<\/strong> no 3T22.<\/li><li>A XP chegou a algumas conclus\u00f5es depois de sua visita. Conclu\u00edram que o ambiente pol\u00edtico\/regulat\u00f3rio \u00e9 saud\u00e1vel no estado, com um governo focado em resultados, permitindo um super\u00e1vit fiscal e um forte foco em infraestrutura.<\/li><li>Outra conclus\u00e3o: as fortes perspectivas de alta de volume e<strong> tarifa<\/strong> para a <strong>receita da Rumo<\/strong> em 2023 foram confirmadas.  Entretanto, observaram alguma cautela em rela\u00e7\u00e3o \u00e0 produ\u00e7\u00e3o de gr\u00e3os a partir de 2024.<\/li><li>A XP tamb\u00e9m viu que o projeto de LRV deve enfrentar um processo de licenciamento ambiental tranquilo e ser o projeto ferrovi\u00e1rio dominante na regi\u00e3o no futuro previs\u00edvel. <\/li><li>Conclu\u00edram inclusive que a BR-163 est\u00e1 perto de come\u00e7ar a cobrar ped\u00e1gio no in\u00edcio de 2023, permitindo maior competitividade para a rota de <strong>exporta\u00e7\u00e3o da Rumo <\/strong>atrav\u00e9s de Santos.<\/li><li>Por fim, a XP observa que os recentes <strong>investimentos da Rumo<\/strong> na TRO melhoraram significativamente as opera\u00e7\u00f5es e adicionaram em ganhos de efici\u00eancia.<\/li><li>No in\u00edcio do m\u00eas, a Rumo firmou um contrato para dar andamento a uma das maiores obras de extens\u00e3o ferrovi\u00e1ria do Brasil, segundo informa\u00e7\u00f5es da CNN.<\/li><li>Passando por 16 munic\u00edpios, a Ferrovia de Integra\u00e7\u00e3o Estadual de Mato Grosso ter\u00e1 mais de 700 quil\u00f4metros e gerar\u00e1 um custo de R$ 14 e R$ 15 bilh\u00f5es, com capital integralmente privado.<\/li><li>O projeto ferrovi\u00e1rio da companhia deve ser desenvolvido por etapas, sendo que a primeira fase foi iniciada na \u00faltima quinta-feira (3) e ter\u00e1 aproximadamente 210 km, de Rondon\u00f3polis at\u00e9 Campo Verde, no Mato Grosso.<\/li><li>Nesta etapa, a estimativa de investimento da <strong>Rumo<\/strong> \u00e9 de R$ 4 a R$ 4,5 bilh\u00f5es. A previs\u00e3o de conclus\u00e3o \u00e9 at\u00e9 dezembro de 2025.<\/li><\/ul>\n\n\n\n<p><em>Da&nbsp;<strong>Americanas<\/strong>&nbsp;\u00e0 Rumo, essas foram as empresas que se destacaram hoje. Para ler todas as mat\u00e9rias clique aqui.<\/em><a href=\"https:\/\/lp.suno.com.br\/pv\/black-friday-suno-3\/\" target=\"_blank\" rel=\"noreferrer noopener\"><\/a><a href=\"https:\/\/lp.suno.com.br\/pv\/black-friday-suno-3\/\" target=\"_blank\" rel=\"noreferrer noopener\"><\/a><\/p>\n\n\n\t<p>\n\t\t<a href=\"https:\/\/lp.suno.com.br\/ebook-investindo-em-fiis\/\" target=\"_blank\" data-element=\"shortcode-suno-banner\" title=\"Banner SUNO, clique e saiba mais\">\n\t\t\t<picture>\n\t\t\t\t<source media=\"(max-width: 500px)\" srcset=\"https:\/\/files.sunoresearch.com.br\/n\/uploads\/2023\/03\/Ebook-Fundos-Imobiliarios-Mobile-1.jpg\">\n\t\t\t\t<img class=\"newsContent__article__imgCapa newsContent__article__imgCapa--banner\"\n\t\t\t\t\tsrc=\"https:\/\/files.sunoresearch.com.br\/n\/uploads\/2023\/03\/Ebook-Fundos-Imobiliarios-Desktop-1.jpg\"\n\t\t\t\t\tdata-promo-id=\"313843\"\t\t\t\t\t\t\t\t\t\twidth='1420' height='286'\t\t\t\t\talt=\"https:\/\/files.sunoresearch.com.br\/n\/uploads\/2023\/03\/Ebook-Fundos-Imobiliarios-Desktop-1.jpg\"\n\t\t\t\t>\n\t\t\t<\/picture>\n\t\t<\/a>\n\t<\/p>\n\n\n\n\n\n<p><a href=\"https:\/\/lp.suno.com.br\/pv\/black-friday-suno-3\/\" target=\"_blank\" rel=\"noreferrer noopener\"><\/a><\/p>\n","protected":false},"excerpt":{"rendered":"<p>Nesta segunda-feira (28), as a\u00e7\u00f5es da Americanas (AMER3) fecharam em queda de 9,6%, cotadas a R$ 9,89, ap\u00f3s a Black Friday de 2022 decepcionar no n\u00famero de vendas. Americanas (AMER3). Foto: Divulga\u00e7\u00e3o Al\u00e9m da Americanas, as a\u00e7\u00f5es do Magazine Luiza (MGLU3) ca\u00edram 2,92%, cotadas a R$ 3,32 e as da Via (VIIA3) cederam 6,70%, cotadas [&hellip;]<\/p>\n","protected":false},"author":194,"featured_media":223984,"comment_status":"closed","ping_status":"closed","sticky":false,"template":"","format":"standard","meta":[],"categories":[64],"tags":[106605,1187,105768,354,681],"suno_strategy":[],"class_list":["post-325196","post","type-post","status-publish","format-standard","has-post-thumbnail","hentry","category-negocios","tag-americanas-s-a-amer3","tag-assai-asai3","tag-btlg11","tag-rumo-rail3","tag-weg-wege3"],"yoast_head":"<!-- This site is optimized with the Yoast SEO plugin v24.4 - https:\/\/yoast.com\/wordpress\/plugins\/seo\/ -->\n<title>Radar: Americanas (AMER3) cai mais de 9% na Bolsa; a\u00e7\u00f5es da Weg (WEGE3) s\u00e3o rebaixadas e BTLG11 pode aumentar dividendos<\/title>\n<meta name=\"description\" content=\"A\u00e7\u00f5es da Americanas derretem 9% nesta segunda-feira (28), a\u00e7\u00f5es da Weg registram queda de 4% e BTLG pode aumenta dividendos pagos. Entenda.\" \/>\n<meta name=\"robots\" content=\"index, follow, max-snippet:-1, max-image-preview:large, max-video-preview:-1\" \/>\n<link rel=\"canonical\" href=\"https:\/\/www.suno.com.br\/noticias\/radar-americanas-amer3-weg-wege3-btlg11\/\" \/>\n<meta property=\"og:locale\" content=\"pt_BR\" \/>\n<meta property=\"og:type\" content=\"article\" \/>\n<meta property=\"og:title\" content=\"Radar: Americanas (AMER3) cai mais de 9% na Bolsa; a\u00e7\u00f5es da Weg (WEGE3) s\u00e3o rebaixadas e BTLG11 pode aumentar dividendos\" \/>\n<meta property=\"og:description\" content=\"A\u00e7\u00f5es da Americanas derretem 9% nesta segunda-feira (28), a\u00e7\u00f5es da Weg registram queda de 4% e BTLG pode aumenta dividendos pagos. Entenda.\" \/>\n<meta property=\"og:url\" content=\"https:\/\/www.suno.com.br\/noticias\/radar-americanas-amer3-weg-wege3-btlg11\/\" \/>\n<meta property=\"og:site_name\" content=\"Suno Not\u00edcias\" \/>\n<meta property=\"article:publisher\" content=\"https:\/\/facebook.com\/sunoresearch\" \/>\n<meta property=\"og:image\" content=\"https:\/\/files.sunoresearch.com.br\/n\/uploads\/2022\/01\/Americanas-Foto-2021-Credito-Divulgacao-scaled.jpg\" \/>\n\t<meta property=\"og:image:width\" content=\"2560\" \/>\n\t<meta property=\"og:image:height\" content=\"1705\" \/>\n\t<meta property=\"og:image:type\" content=\"image\/jpeg\" \/>\n<meta name=\"author\" content=\"Isabella Taglapietra\" \/>\n<meta name=\"twitter:card\" content=\"summary_large_image\" \/>\n<meta name=\"twitter:creator\" content=\"@sunoresearch\" \/>\n<meta name=\"twitter:site\" content=\"@sunoresearch\" \/>\n<meta name=\"twitter:label1\" content=\"Escrito por\" \/>\n\t<meta name=\"twitter:data1\" content=\"Isabella Taglapietra\" \/>\n\t<meta name=\"twitter:label2\" content=\"Est. tempo de leitura\" \/>\n\t<meta name=\"twitter:data2\" content=\"12 minutos\" \/>\n<script type=\"application\/ld+json\" class=\"yoast-schema-graph\">{\"@context\":\"https:\/\/schema.org\",\"@graph\":[{\"@type\":\"NewsArticle\",\"@id\":\"https:\/\/www.suno.com.br\/noticias\/radar-americanas-amer3-weg-wege3-btlg11\/#article\",\"isPartOf\":{\"@id\":\"https:\/\/www.suno.com.br\/noticias\/radar-americanas-amer3-weg-wege3-btlg11\/\"},\"author\":{\"name\":\"Isabella Taglapietra\",\"@id\":\"https:\/\/www.suno.com.br\/noticias\/#\/schema\/person\/a0be106724f6f5d705d70f04333cb249\"},\"headline\":\"Radar: Americanas (AMER3) cai mais de 9% na Bolsa, a\u00e7\u00f5es da Weg (WEGE3) s\u00e3o rebaixadas e BTLG11 pode aumentar dividendos\",\"datePublished\":\"2022-11-29T01:39:19+00:00\",\"dateModified\":\"2022-11-29T01:39:30+00:00\",\"mainEntityOfPage\":{\"@id\":\"https:\/\/www.suno.com.br\/noticias\/radar-americanas-amer3-weg-wege3-btlg11\/\"},\"wordCount\":2283,\"publisher\":{\"@id\":\"https:\/\/www.suno.com.br\/noticias\/#organization\"},\"image\":{\"@id\":\"https:\/\/www.suno.com.br\/noticias\/radar-americanas-amer3-weg-wege3-btlg11\/#primaryimage\"},\"thumbnailUrl\":\"https:\/\/files.sunoresearch.com.br\/n\/uploads\/2022\/01\/Americanas-Foto-2021-Credito-Divulgacao-scaled.jpg\",\"keywords\":[\"Americanas (AMER3)\",\"Assa\u00ed (ASAI3)\",\"BTLG11\",\"Rumo (RAIL3)\",\"Weg (WEGE3)\"],\"articleSection\":[\"Neg\u00f3cios\"],\"inLanguage\":\"pt-BR\"},{\"@type\":\"WebPage\",\"@id\":\"https:\/\/www.suno.com.br\/noticias\/radar-americanas-amer3-weg-wege3-btlg11\/\",\"url\":\"https:\/\/www.suno.com.br\/noticias\/radar-americanas-amer3-weg-wege3-btlg11\/\",\"name\":\"Radar: Americanas (AMER3) cai mais de 9% na Bolsa; a\u00e7\u00f5es da Weg (WEGE3) s\u00e3o rebaixadas e BTLG11 pode aumentar dividendos\",\"isPartOf\":{\"@id\":\"https:\/\/www.suno.com.br\/noticias\/#website\"},\"primaryImageOfPage\":{\"@id\":\"https:\/\/www.suno.com.br\/noticias\/radar-americanas-amer3-weg-wege3-btlg11\/#primaryimage\"},\"image\":{\"@id\":\"https:\/\/www.suno.com.br\/noticias\/radar-americanas-amer3-weg-wege3-btlg11\/#primaryimage\"},\"thumbnailUrl\":\"https:\/\/files.sunoresearch.com.br\/n\/uploads\/2022\/01\/Americanas-Foto-2021-Credito-Divulgacao-scaled.jpg\",\"datePublished\":\"2022-11-29T01:39:19+00:00\",\"dateModified\":\"2022-11-29T01:39:30+00:00\",\"description\":\"A\u00e7\u00f5es da Americanas derretem 9% nesta segunda-feira (28), a\u00e7\u00f5es da Weg registram queda de 4% e BTLG pode aumenta dividendos pagos. Entenda.\",\"breadcrumb\":{\"@id\":\"https:\/\/www.suno.com.br\/noticias\/radar-americanas-amer3-weg-wege3-btlg11\/#breadcrumb\"},\"inLanguage\":\"pt-BR\",\"potentialAction\":[{\"@type\":\"ReadAction\",\"target\":[\"https:\/\/www.suno.com.br\/noticias\/radar-americanas-amer3-weg-wege3-btlg11\/\"]}]},{\"@type\":\"ImageObject\",\"inLanguage\":\"pt-BR\",\"@id\":\"https:\/\/www.suno.com.br\/noticias\/radar-americanas-amer3-weg-wege3-btlg11\/#primaryimage\",\"url\":\"https:\/\/files.sunoresearch.com.br\/n\/uploads\/2022\/01\/Americanas-Foto-2021-Credito-Divulgacao-scaled.jpg\",\"contentUrl\":\"https:\/\/files.sunoresearch.com.br\/n\/uploads\/2022\/01\/Americanas-Foto-2021-Credito-Divulgacao-scaled.jpg\",\"width\":2560,\"height\":1705,\"caption\":\"Americanas (AMER3). Foto: Divulga\u00e7\u00e3o\"},{\"@type\":\"BreadcrumbList\",\"@id\":\"https:\/\/www.suno.com.br\/noticias\/radar-americanas-amer3-weg-wege3-btlg11\/#breadcrumb\",\"itemListElement\":[{\"@type\":\"ListItem\",\"position\":1,\"name\":\"Not\u00edcias\",\"item\":\"https:\/\/www.suno.com.br\/noticias\/\"},{\"@type\":\"ListItem\",\"position\":2,\"name\":\"Neg\u00f3cios\",\"item\":\"https:\/\/www.suno.com.br\/noticias\/negocios\/\"},{\"@type\":\"ListItem\",\"position\":3,\"name\":\"Radar: Americanas (AMER3) cai mais de 9% na Bolsa, a\u00e7\u00f5es da Weg (WEGE3) s\u00e3o rebaixadas e BTLG11 pode aumentar dividendos\"}]},{\"@type\":\"WebSite\",\"@id\":\"https:\/\/www.suno.com.br\/noticias\/#website\",\"url\":\"https:\/\/www.suno.com.br\/noticias\/\",\"name\":\"Suno Not\u00edcias\",\"description\":\"Seu portal de informa\u00e7\u00e3o sobre o mundo dos investimentos\",\"publisher\":{\"@id\":\"https:\/\/www.suno.com.br\/noticias\/#organization\"},\"potentialAction\":[{\"@type\":\"SearchAction\",\"target\":{\"@type\":\"EntryPoint\",\"urlTemplate\":\"https:\/\/www.suno.com.br\/noticias\/?s={search_term_string}\"},\"query-input\":{\"@type\":\"PropertyValueSpecification\",\"valueRequired\":true,\"valueName\":\"search_term_string\"}}],\"inLanguage\":\"pt-BR\"},{\"@type\":\"Organization\",\"@id\":\"https:\/\/www.suno.com.br\/noticias\/#organization\",\"name\":\"Suno Not\u00edcias\",\"url\":\"https:\/\/www.suno.com.br\/noticias\/\",\"logo\":{\"@type\":\"ImageObject\",\"inLanguage\":\"pt-BR\",\"@id\":\"https:\/\/www.suno.com.br\/noticias\/#\/schema\/logo\/image\/\",\"url\":\"https:\/\/files.sunoresearch.com.br\/n\/uploads\/2021\/09\/suno-logo.png\",\"contentUrl\":\"https:\/\/files.sunoresearch.com.br\/n\/uploads\/2021\/09\/suno-logo.png\",\"width\":180,\"height\":180,\"caption\":\"Suno Not\u00edcias\"},\"image\":{\"@id\":\"https:\/\/www.suno.com.br\/noticias\/#\/schema\/logo\/image\/\"},\"sameAs\":[\"https:\/\/facebook.com\/sunoresearch\",\"https:\/\/x.com\/sunoresearch\",\"https:\/\/www.instagram.com\/suno\",\"https:\/\/www.linkedin.com\/company\/suno-research\/\",\"https:\/\/www.youtube.com\/c\/sunoresearch\"]},{\"@type\":\"Person\",\"@id\":\"https:\/\/www.suno.com.br\/noticias\/#\/schema\/person\/a0be106724f6f5d705d70f04333cb249\",\"name\":\"Isabella Taglapietra\",\"image\":{\"@type\":\"ImageObject\",\"inLanguage\":\"pt-BR\",\"@id\":\"https:\/\/www.suno.com.br\/noticias\/#\/schema\/person\/image\/\",\"url\":\"https:\/\/secure.gravatar.com\/avatar\/089c9e06b71de293117116aaf339e22f?s=96&r=g\",\"contentUrl\":\"https:\/\/secure.gravatar.com\/avatar\/089c9e06b71de293117116aaf339e22f?s=96&r=g\",\"caption\":\"Isabella Taglapietra\"},\"description\":\"Rep\u00f3rter freelancer no Suno Not\u00edcias, cobre not\u00edcias di\u00e1rias sobre economia, balan\u00e7os trimestrais e pesquisas. Formada em jornalismo pela Faculdade C\u00e1sper L\u00edbero e p\u00f3s-graduanda em mercado de capitais pela Fecap, atuou como rep\u00f3rter de economia e finan\u00e7as no portal CRC!News e Elas que Lucrem, al\u00e9m de social media para empresas do mercado financeiro.\",\"url\":\"https:\/\/www.suno.com.br\/noticias\/author\/isabella-taglapietra\/\"}]}<\/script>\n<!-- \/ Yoast SEO plugin. -->","yoast_head_json":{"title":"Radar: Americanas (AMER3) cai mais de 9% na Bolsa; a\u00e7\u00f5es da Weg (WEGE3) s\u00e3o rebaixadas e BTLG11 pode aumentar dividendos","description":"A\u00e7\u00f5es da Americanas derretem 9% nesta segunda-feira (28), a\u00e7\u00f5es da Weg registram queda de 4% e BTLG pode aumenta dividendos pagos. Entenda.","robots":{"index":"index","follow":"follow","max-snippet":"max-snippet:-1","max-image-preview":"max-image-preview:large","max-video-preview":"max-video-preview:-1"},"canonical":"https:\/\/www.suno.com.br\/noticias\/radar-americanas-amer3-weg-wege3-btlg11\/","og_locale":"pt_BR","og_type":"article","og_title":"Radar: Americanas (AMER3) cai mais de 9% na Bolsa; a\u00e7\u00f5es da Weg (WEGE3) s\u00e3o rebaixadas e BTLG11 pode aumentar dividendos","og_description":"A\u00e7\u00f5es da Americanas derretem 9% nesta segunda-feira (28), a\u00e7\u00f5es da Weg registram queda de 4% e BTLG pode aumenta dividendos pagos. Entenda.","og_url":"https:\/\/www.suno.com.br\/noticias\/radar-americanas-amer3-weg-wege3-btlg11\/","og_site_name":"Suno Not\u00edcias","article_publisher":"https:\/\/facebook.com\/sunoresearch","og_image":[{"width":2560,"height":1705,"url":"https:\/\/files.sunoresearch.com.br\/n\/uploads\/2022\/01\/Americanas-Foto-2021-Credito-Divulgacao-scaled.jpg","type":"image\/jpeg"}],"author":"Isabella Taglapietra","twitter_card":"summary_large_image","twitter_creator":"@sunoresearch","twitter_site":"@sunoresearch","twitter_misc":{"Escrito por":"Isabella Taglapietra","Est. tempo de leitura":"12 minutos"},"schema":{"@context":"https:\/\/schema.org","@graph":[{"@type":"NewsArticle","@id":"https:\/\/www.suno.com.br\/noticias\/radar-americanas-amer3-weg-wege3-btlg11\/#article","isPartOf":{"@id":"https:\/\/www.suno.com.br\/noticias\/radar-americanas-amer3-weg-wege3-btlg11\/"},"author":{"name":"Isabella Taglapietra","@id":"https:\/\/www.suno.com.br\/noticias\/#\/schema\/person\/a0be106724f6f5d705d70f04333cb249"},"headline":"Radar: Americanas (AMER3) cai mais de 9% na Bolsa, a\u00e7\u00f5es da Weg (WEGE3) s\u00e3o rebaixadas e BTLG11 pode aumentar dividendos","datePublished":"2022-11-29T01:39:19+00:00","dateModified":"2022-11-29T01:39:30+00:00","mainEntityOfPage":{"@id":"https:\/\/www.suno.com.br\/noticias\/radar-americanas-amer3-weg-wege3-btlg11\/"},"wordCount":2283,"publisher":{"@id":"https:\/\/www.suno.com.br\/noticias\/#organization"},"image":{"@id":"https:\/\/www.suno.com.br\/noticias\/radar-americanas-amer3-weg-wege3-btlg11\/#primaryimage"},"thumbnailUrl":"https:\/\/files.sunoresearch.com.br\/n\/uploads\/2022\/01\/Americanas-Foto-2021-Credito-Divulgacao-scaled.jpg","keywords":["Americanas (AMER3)","Assa\u00ed (ASAI3)","BTLG11","Rumo (RAIL3)","Weg (WEGE3)"],"articleSection":["Neg\u00f3cios"],"inLanguage":"pt-BR"},{"@type":"WebPage","@id":"https:\/\/www.suno.com.br\/noticias\/radar-americanas-amer3-weg-wege3-btlg11\/","url":"https:\/\/www.suno.com.br\/noticias\/radar-americanas-amer3-weg-wege3-btlg11\/","name":"Radar: Americanas (AMER3) cai mais de 9% na Bolsa; a\u00e7\u00f5es da Weg (WEGE3) s\u00e3o rebaixadas e BTLG11 pode aumentar dividendos","isPartOf":{"@id":"https:\/\/www.suno.com.br\/noticias\/#website"},"primaryImageOfPage":{"@id":"https:\/\/www.suno.com.br\/noticias\/radar-americanas-amer3-weg-wege3-btlg11\/#primaryimage"},"image":{"@id":"https:\/\/www.suno.com.br\/noticias\/radar-americanas-amer3-weg-wege3-btlg11\/#primaryimage"},"thumbnailUrl":"https:\/\/files.sunoresearch.com.br\/n\/uploads\/2022\/01\/Americanas-Foto-2021-Credito-Divulgacao-scaled.jpg","datePublished":"2022-11-29T01:39:19+00:00","dateModified":"2022-11-29T01:39:30+00:00","description":"A\u00e7\u00f5es da Americanas derretem 9% nesta segunda-feira (28), a\u00e7\u00f5es da Weg registram queda de 4% e BTLG pode aumenta dividendos pagos. Entenda.","breadcrumb":{"@id":"https:\/\/www.suno.com.br\/noticias\/radar-americanas-amer3-weg-wege3-btlg11\/#breadcrumb"},"inLanguage":"pt-BR","potentialAction":[{"@type":"ReadAction","target":["https:\/\/www.suno.com.br\/noticias\/radar-americanas-amer3-weg-wege3-btlg11\/"]}]},{"@type":"ImageObject","inLanguage":"pt-BR","@id":"https:\/\/www.suno.com.br\/noticias\/radar-americanas-amer3-weg-wege3-btlg11\/#primaryimage","url":"https:\/\/files.sunoresearch.com.br\/n\/uploads\/2022\/01\/Americanas-Foto-2021-Credito-Divulgacao-scaled.jpg","contentUrl":"https:\/\/files.sunoresearch.com.br\/n\/uploads\/2022\/01\/Americanas-Foto-2021-Credito-Divulgacao-scaled.jpg","width":2560,"height":1705,"caption":"Americanas (AMER3). Foto: Divulga\u00e7\u00e3o"},{"@type":"BreadcrumbList","@id":"https:\/\/www.suno.com.br\/noticias\/radar-americanas-amer3-weg-wege3-btlg11\/#breadcrumb","itemListElement":[{"@type":"ListItem","position":1,"name":"Not\u00edcias","item":"https:\/\/www.suno.com.br\/noticias\/"},{"@type":"ListItem","position":2,"name":"Neg\u00f3cios","item":"https:\/\/www.suno.com.br\/noticias\/negocios\/"},{"@type":"ListItem","position":3,"name":"Radar: Americanas (AMER3) cai mais de 9% na Bolsa, a\u00e7\u00f5es da Weg (WEGE3) s\u00e3o rebaixadas e BTLG11 pode aumentar dividendos"}]},{"@type":"WebSite","@id":"https:\/\/www.suno.com.br\/noticias\/#website","url":"https:\/\/www.suno.com.br\/noticias\/","name":"Suno Not\u00edcias","description":"Seu portal de informa\u00e7\u00e3o sobre o mundo dos investimentos","publisher":{"@id":"https:\/\/www.suno.com.br\/noticias\/#organization"},"potentialAction":[{"@type":"SearchAction","target":{"@type":"EntryPoint","urlTemplate":"https:\/\/www.suno.com.br\/noticias\/?s={search_term_string}"},"query-input":{"@type":"PropertyValueSpecification","valueRequired":true,"valueName":"search_term_string"}}],"inLanguage":"pt-BR"},{"@type":"Organization","@id":"https:\/\/www.suno.com.br\/noticias\/#organization","name":"Suno Not\u00edcias","url":"https:\/\/www.suno.com.br\/noticias\/","logo":{"@type":"ImageObject","inLanguage":"pt-BR","@id":"https:\/\/www.suno.com.br\/noticias\/#\/schema\/logo\/image\/","url":"https:\/\/files.sunoresearch.com.br\/n\/uploads\/2021\/09\/suno-logo.png","contentUrl":"https:\/\/files.sunoresearch.com.br\/n\/uploads\/2021\/09\/suno-logo.png","width":180,"height":180,"caption":"Suno Not\u00edcias"},"image":{"@id":"https:\/\/www.suno.com.br\/noticias\/#\/schema\/logo\/image\/"},"sameAs":["https:\/\/facebook.com\/sunoresearch","https:\/\/x.com\/sunoresearch","https:\/\/www.instagram.com\/suno","https:\/\/www.linkedin.com\/company\/suno-research\/","https:\/\/www.youtube.com\/c\/sunoresearch"]},{"@type":"Person","@id":"https:\/\/www.suno.com.br\/noticias\/#\/schema\/person\/a0be106724f6f5d705d70f04333cb249","name":"Isabella Taglapietra","image":{"@type":"ImageObject","inLanguage":"pt-BR","@id":"https:\/\/www.suno.com.br\/noticias\/#\/schema\/person\/image\/","url":"https:\/\/secure.gravatar.com\/avatar\/089c9e06b71de293117116aaf339e22f?s=96&r=g","contentUrl":"https:\/\/secure.gravatar.com\/avatar\/089c9e06b71de293117116aaf339e22f?s=96&r=g","caption":"Isabella Taglapietra"},"description":"Rep\u00f3rter freelancer no Suno Not\u00edcias, cobre not\u00edcias di\u00e1rias sobre economia, balan\u00e7os trimestrais e pesquisas. Formada em jornalismo pela Faculdade C\u00e1sper L\u00edbero e p\u00f3s-graduanda em mercado de capitais pela Fecap, atuou como rep\u00f3rter de economia e finan\u00e7as no portal CRC!News e Elas que Lucrem, al\u00e9m de social media para empresas do mercado financeiro.","url":"https:\/\/www.suno.com.br\/noticias\/author\/isabella-taglapietra\/"}]}},"default_loop_html":"<div class=\"cardsPage__listCard__boxs\"><div class=\"cardsPage__listCard__boxs__img\"><a href=\"https:\/\/www.suno.com.br\/noticias\/radar-americanas-amer3-weg-wege3-btlg11\/\"><img class=\"mask\" src=\"https:\/\/www.suno.com.br\/noticias\/wp-content\/themes\/suno\/resources\/images\/spotlight\/spotlight1img\/bg-mask.png\" alt=\"Image Mask\"\/><img src=\"https:\/\/files.sunoresearch.com.br\/n\/uploads\/2022\/01\/Americanas-Foto-2021-Credito-Divulgacao-400x200.jpg\" alt=\"Radar: Americanas (AMER3) cai mais de 9% na Bolsa, a\u00e7\u00f5es da Weg (WEGE3) s\u00e3o rebaixadas e BTLG11 pode aumentar dividendos\"\/><\/a><span class=\"spotlightCategory\"><a href=\"https:\/\/www.suno.com.br\/noticias\/negocios\/\">Neg\u00f3cios<\/a><\/span><\/div><div class=\"cardsPage__listCard__boxs__content\"><a href=\"https:\/\/www.suno.com.br\/noticias\/radar-americanas-amer3-weg-wege3-btlg11\/\"><h2 class=\"content__title\">Radar: Americanas (AMER3) cai mais de 9% na Bolsa, a\u00e7\u00f5es da Weg (WEGE3) s\u00e3o rebaixadas e BTLG11 pode aumentar dividendos<\/h2><\/a><div class=\"newsContent__article__meta\"><div class=\"newsContent__article__meta__authorBox\"><a href=\"https:\/\/www.suno.com.br\/noticias\/author\/isabella-taglapietra\/\" class=\"authorBox__avatar noMobi\"><img src=\"https:\/\/files.sunoresearch.com.br\/n\/uploads\/2022\/08\/WhatsApp-Image-2022-08-04-at-12.40.27-150x150.jpeg\" alt=\"Isabella Taglapietra\"><\/a><div class=\"authorBox__name\"><span>por\n\t\t\t<a href=\"https:\/\/www.suno.com.br\/noticias\/author\/isabella-taglapietra\/\"><span itemprop=\"author\">Isabella Taglapietra<\/span><\/a><\/span><time datetime=\"2022-11-28T22:39:19-03:00\" itemprop=\"datePublished\">28\/11\/2022 22:39<\/time><\/div><\/div><\/div><\/div><\/div>","single_layout":"posts","amp_enabled":true,"_links":{"self":[{"href":"https:\/\/www.suno.com.br\/noticias\/wp-json\/wp\/v2\/posts\/325196"}],"collection":[{"href":"https:\/\/www.suno.com.br\/noticias\/wp-json\/wp\/v2\/posts"}],"about":[{"href":"https:\/\/www.suno.com.br\/noticias\/wp-json\/wp\/v2\/types\/post"}],"author":[{"embeddable":true,"href":"https:\/\/www.suno.com.br\/noticias\/wp-json\/wp\/v2\/users\/194"}],"replies":[{"embeddable":true,"href":"https:\/\/www.suno.com.br\/noticias\/wp-json\/wp\/v2\/comments?post=325196"}],"version-history":[{"count":2,"href":"https:\/\/www.suno.com.br\/noticias\/wp-json\/wp\/v2\/posts\/325196\/revisions"}],"predecessor-version":[{"id":325247,"href":"https:\/\/www.suno.com.br\/noticias\/wp-json\/wp\/v2\/posts\/325196\/revisions\/325247"}],"wp:featuredmedia":[{"embeddable":true,"href":"https:\/\/www.suno.com.br\/noticias\/wp-json\/wp\/v2\/media\/223984"}],"wp:attachment":[{"href":"https:\/\/www.suno.com.br\/noticias\/wp-json\/wp\/v2\/media?parent=325196"}],"wp:term":[{"taxonomy":"category","embeddable":true,"href":"https:\/\/www.suno.com.br\/noticias\/wp-json\/wp\/v2\/categories?post=325196"},{"taxonomy":"post_tag","embeddable":true,"href":"https:\/\/www.suno.com.br\/noticias\/wp-json\/wp\/v2\/tags?post=325196"},{"taxonomy":"suno_strategy","embeddable":true,"href":"https:\/\/www.suno.com.br\/noticias\/wp-json\/wp\/v2\/suno_strategy?post=325196"}],"curies":[{"name":"wp","href":"https:\/\/api.w.org\/{rel}","templated":true}]}}