{"id":325087,"date":"2022-11-28T20:42:27","date_gmt":"2022-11-28T23:42:27","guid":{"rendered":"https:\/\/www.suno.com.br\/noticias\/?p=325087"},"modified":"2022-11-28T21:10:32","modified_gmt":"2022-11-29T00:10:32","slug":"comando-petrobras-petr4-equipe-transicao-realizam-reuniao","status":"publish","type":"post","link":"https:\/\/www.suno.com.br\/noticias\/comando-petrobras-petr4-equipe-transicao-realizam-reuniao\/","title":{"rendered":"Comando da Petrobras (PETR4) e equipe de transi\u00e7\u00e3o realizam 1\u00aa reuni\u00e3o"},"content":{"rendered":"<p>Nesta segunda-feira (28) aconteceu a primeira reuni\u00e3o entre o comando da <strong>Petrobras (PETR4)<\/strong> e a equipe de transi\u00e7\u00e3o do governo de transi\u00e7\u00e3o. O encontro foi remoto e contou com a presen\u00e7a <strong>Caio Paes de Andrade<\/strong>, presidente da estatal, e o o grupo de trabalho de Minas e Energia.<\/p>\t<div class=\"wrapper-featured-image\">\n\t\t<figure class=\"spotlightImg\">\n\n\t\t\t<picture>\n\t\t\t\t<source media=\"(max-width: 768px)\" srcset=\"https:\/\/files.sunoresearch.com.br\/n\/uploads\/2022\/11\/petrobras-petr4-400x200.jpg\">\n\t\t\t\t<img loading=\"lazy\" decoding=\"async\" class=\"newsContent__article__imgCapa lazyloadDisabled \" src=\"https:\/\/files.sunoresearch.com.br\/n\/uploads\/2022\/11\/petrobras-petr4-800x450.jpg\" width=\"800\" height=\"450\" alt=\"Comando da Petrobras (PETR4) e equipe de transi\u00e7\u00e3o realizam 1\u00aa reuni\u00e3o\" fetchpriority=high \/>\n\t\t\t<\/picture>\n\n\t\t\t<figcaption class=\"wp-caption-text wp-caption-text--show\">Petrobras (PETR4). Foto: Divulga\u00e7\u00e3o<\/figcaption>\n\t\t<\/figure>\n\t<\/div>\n\n\n\n\n\n\t<p>\n\t\t<a href=\"https:\/\/lp.suno.com.br\/planilha-controle-gastos\/\" target=\"_blank\" data-element=\"shortcode-suno-banner\" title=\"Banner SUNO, clique e saiba mais\">\n\t\t\t<picture>\n\t\t\t\t<source media=\"(max-width: 500px)\" srcset=\"https:\/\/files.sunoresearch.com.br\/n\/uploads\/2023\/03\/400x300-Planilha-controle-de-gastos.png\">\n\t\t\t\t<img class=\"newsContent__article__imgCapa newsContent__article__imgCapa--banner\"\n\t\t\t\t\tsrc=\"https:\/\/files.sunoresearch.com.br\/n\/uploads\/2023\/03\/1420x240-Planilha-controle-de-gastos.png\"\n\t\t\t\t\tdata-promo-id=\"311945\"\t\t\t\t\t\t\t\t\t\twidth='1420' height='240'\t\t\t\t\talt=\"https:\/\/files.sunoresearch.com.br\/n\/uploads\/2023\/03\/1420x240-Planilha-controle-de-gastos.png\"\n\t\t\t\t>\n\t\t\t<\/picture>\n\t\t<\/a>\n\t<\/p>\n\n\n\n\n\n<p>Prates, que classificou a reuni\u00e3o como produtiva e cooperativa, disse que o encontro serviu para tratar de assuntos preliminares, como confidencialidade de documentos.<\/p>\n\n\n\n<p><strong>Leia mais:<\/strong><br>&#8211; <a href=\"https:\/\/www.suno.com.br\/noticias\/pec-da-transicao-protocolada\/\" target=\"_blank\" rel=\"noopener\">PEC da Transi\u00e7\u00e3o \u00e9 protocolada no Senado, com impacto de R$ 198 bi e prazo de 4 anos<\/a><br>&#8211; <a href=\"https:\/\/www.suno.com.br\/noticias\/petrobras-petr4-dividendos-extraordinarios\/\" target=\"_blank\" rel=\"noopener\">Petrobras (PETR4) bate o martelo sobre disputa por dividendos extraordin\u00e1rios; confira<\/a><br>&#8211; <a href=\"https:\/\/www.suno.com.br\/noticias\/petrobras-petr4-recebe-10-bilhoes-cessao-campo-buzios\/\" target=\"_blank\" rel=\"noopener\">Petrobras (PETR4) recebe R$ 10,3 bi por cess\u00e3o no campo de B\u00fazios<\/a><\/p>\n\n\n\n<p>&#8220;Definimos ainda crit\u00e9rios de sigilo, classifica\u00e7\u00e3o e tipos de dados bem como a forma como dever\u00e3o circular. Estamos buscando todas as informa\u00e7\u00f5es para nosso relat\u00f3rio, tendo, obviamente, todos os cuidados para evitar especula\u00e7\u00f5es indevidas e vazamento de informa\u00e7\u00f5es&#8221;, disse Prates, por meio de nota.<\/p>\n\n\n\n<h2 class=\"wp-block-heading\" id=\"h-equipe-de-transicao-indicara-desinvestimentos-para-petrobras\">Equipe de transi\u00e7\u00e3o indicar\u00e1 desinvestimentos para Petrobras<\/h2>\n\n\n\n<p>O GT informou ainda que enviar\u00e1 nos pr\u00f3ximos dias um of\u00edcio \u00e0 estatal. A ideia \u00e9 que o grupo destaque no documento processos de desinvestimentos da Petrobras que, na avalia\u00e7\u00e3o do comit\u00ea de transi\u00e7\u00e3o, deveriam ser suspensos at\u00e9 que o novo governo tome posse.<\/p>\n\n\n\t<p>\n\t\t<a href=\"https:\/\/lp.suno.com.br\/ebook-como-analisar-uma-acao\/\" target=\"_blank\" data-element=\"shortcode-suno-banner\" title=\"Banner SUNO, clique e saiba mais\">\n\t\t\t<picture>\n\t\t\t\t<source media=\"(max-width: 500px)\" srcset=\"https:\/\/files.sunoresearch.com.br\/n\/uploads\/2023\/03\/Ebook-Acoes-Mobile.jpg\">\n\t\t\t\t<img class=\"newsContent__article__imgCapa newsContent__article__imgCapa--banner\"\n\t\t\t\t\tsrc=\"https:\/\/files.sunoresearch.com.br\/n\/uploads\/2023\/03\/Ebook-Acoes-Desktop.jpg\"\n\t\t\t\t\tdata-promo-id=\"311946\"\t\t\t\t\t\t\t\t\t\twidth='1420' height='286'\t\t\t\t\talt=\"https:\/\/files.sunoresearch.com.br\/n\/uploads\/2023\/03\/Ebook-Acoes-Desktop.jpg\"\n\t\t\t\t>\n\t\t\t<\/picture>\n\t\t<\/a>\n\t<\/p>\n\n\n\n\n\n<p>&#8220;Temos v\u00e1rios processos de desinvestimento que a gest\u00e3o atual da Petrobras est\u00e1 levando a cabo. Vamos destacar alguns que acreditamos deveriam ser suspensos, mas a administra\u00e7\u00e3o atual da estatal \u00e9 quem vai tomar a decis\u00e3o que ela achar pertinente a respeito de cada caso&#8221;, afirmou Prates.<\/p>\n\n\n\n<p>Ficou ainda acertado que o grupo e a estatal realizar\u00e3o uma reuni\u00e3o presencial na sede da empresa, com previs\u00e3o de ocorrer no in\u00edcio de dezembro.<\/p>\n\n\n\n<p>Participaram do encontro nesta segunda o presidente da Petrobras, o Diretor Executivo de Relacionamento Institucional e Sustentabilidade da empresa, Rafael Chaves; o Diretor Executivo de Governan\u00e7a e Conformidade da estatal, Salvador Dahan; e a advogada geral da Petrobras, Ta\u00edsa Maciel.<\/p>\n\n\n\n<p>Da equipe de transi\u00e7\u00e3o, estavam Prates, o Coordenador do GT de Minas e Energia Maur\u00edcio Tolmasquim, al\u00e9m de William Nozaki, Magda Chambriard e Deyvid Bacelar, tamb\u00e9m integrantes do grupo.<\/p>\n\n\n\n<p><em>Com informa\u00e7\u00f5es do Estad\u00e3o Conte\u00fado<\/em><\/p>\n\n\n\t<p>\n\t\t<a href=\"https:\/\/lp.suno.com.br\/ebook-investindo-em-fiis\/\" target=\"_blank\" data-element=\"shortcode-suno-banner\" title=\"Banner SUNO, clique e saiba mais\">\n\t\t\t<picture>\n\t\t\t\t<source media=\"(max-width: 500px)\" srcset=\"https:\/\/files.sunoresearch.com.br\/n\/uploads\/2023\/03\/Ebook-Fundos-Imobiliarios-Mobile-1.jpg\">\n\t\t\t\t<img class=\"newsContent__article__imgCapa newsContent__article__imgCapa--banner\"\n\t\t\t\t\tsrc=\"https:\/\/files.sunoresearch.com.br\/n\/uploads\/2023\/03\/Ebook-Fundos-Imobiliarios-Desktop-1.jpg\"\n\t\t\t\t\tdata-promo-id=\"313843\"\t\t\t\t\t\t\t\t\t\twidth='1420' height='286'\t\t\t\t\talt=\"https:\/\/files.sunoresearch.com.br\/n\/uploads\/2023\/03\/Ebook-Fundos-Imobiliarios-Desktop-1.jpg\"\n\t\t\t\t>\n\t\t\t<\/picture>\n\t\t<\/a>\n\t<\/p>\n\n\n","protected":false},"excerpt":{"rendered":"<p>Nesta segunda-feira (28) aconteceu a primeira reuni\u00e3o entre o comando da Petrobras (PETR4) e a equipe de transi\u00e7\u00e3o do governo de transi\u00e7\u00e3o. O encontro foi remoto e contou com a presen\u00e7a Caio Paes de Andrade, presidente da estatal, e o o grupo de trabalho de Minas e Energia. Petrobras (PETR4). Foto: Divulga\u00e7\u00e3o Prates, que classificou [&hellip;]<\/p>\n","protected":false},"author":233,"featured_media":323503,"comment_status":"closed","ping_status":"closed","sticky":false,"template":"","format":"standard","meta":[],"categories":[61],"tags":[1128,595],"suno_strategy":[],"class_list":["post-325087","post","type-post","status-publish","format-standard","has-post-thumbnail","hentry","category-politica","tag-orcamento-publico","tag-petrobras-petr4"],"yoast_head":"<!-- This site is optimized with the Yoast SEO plugin v24.4 - https:\/\/yoast.com\/wordpress\/plugins\/seo\/ -->\n<title>Comando da Petrobras (PETR4) e equipe de transi\u00e7\u00e3o realizam 1\u00aa reuni\u00e3o<\/title>\n<meta name=\"description\" content=\"Nesta segunda (28) aconteceu a primeira reuni\u00e3o entre o comando da Petrobras (PETR4) e a equipe de transi\u00e7\u00e3o do governo de transi\u00e7\u00e3o. Veja!\" \/>\n<meta name=\"robots\" content=\"index, follow, max-snippet:-1, max-image-preview:large, max-video-preview:-1\" \/>\n<link rel=\"canonical\" href=\"https:\/\/www.suno.com.br\/noticias\/comando-petrobras-petr4-equipe-transicao-realizam-reuniao\/\" \/>\n<meta property=\"og:locale\" content=\"pt_BR\" \/>\n<meta property=\"og:type\" content=\"article\" \/>\n<meta property=\"og:title\" content=\"Comando da Petrobras (PETR4) e equipe de transi\u00e7\u00e3o realizam 1\u00aa reuni\u00e3o\" \/>\n<meta property=\"og:description\" content=\"Nesta segunda (28) aconteceu a primeira reuni\u00e3o entre o comando da Petrobras (PETR4) e a equipe de transi\u00e7\u00e3o do governo de transi\u00e7\u00e3o. Veja!\" \/>\n<meta property=\"og:url\" content=\"https:\/\/www.suno.com.br\/noticias\/comando-petrobras-petr4-equipe-transicao-realizam-reuniao\/\" \/>\n<meta property=\"og:site_name\" content=\"Suno Not\u00edcias\" \/>\n<meta property=\"article:publisher\" content=\"https:\/\/facebook.com\/sunoresearch\" \/>\n<meta property=\"og:image\" content=\"https:\/\/files.sunoresearch.com.br\/n\/uploads\/2022\/11\/petrobras-petr4.jpg\" \/>\n\t<meta property=\"og:image:width\" content=\"1200\" \/>\n\t<meta property=\"og:image:height\" content=\"800\" \/>\n\t<meta property=\"og:image:type\" content=\"image\/jpeg\" \/>\n<meta name=\"author\" content=\"Janize Cola\u00e7o\" \/>\n<meta name=\"twitter:card\" content=\"summary_large_image\" \/>\n<meta name=\"twitter:creator\" content=\"@sunoresearch\" \/>\n<meta name=\"twitter:site\" content=\"@sunoresearch\" \/>\n<meta name=\"twitter:label1\" content=\"Escrito por\" \/>\n\t<meta name=\"twitter:data1\" content=\"Janize Cola\u00e7o\" \/>\n\t<meta name=\"twitter:label2\" content=\"Est. tempo de leitura\" \/>\n\t<meta name=\"twitter:data2\" content=\"2 minutos\" \/>\n<script type=\"application\/ld+json\" class=\"yoast-schema-graph\">{\"@context\":\"https:\/\/schema.org\",\"@graph\":[{\"@type\":\"NewsArticle\",\"@id\":\"https:\/\/www.suno.com.br\/noticias\/comando-petrobras-petr4-equipe-transicao-realizam-reuniao\/#article\",\"isPartOf\":{\"@id\":\"https:\/\/www.suno.com.br\/noticias\/comando-petrobras-petr4-equipe-transicao-realizam-reuniao\/\"},\"author\":{\"name\":\"Janize Cola\u00e7o\",\"@id\":\"https:\/\/www.suno.com.br\/noticias\/#\/schema\/person\/d689f06da5678e1f0b1ee402f001d676\"},\"headline\":\"Comando da Petrobras (PETR4) e equipe de transi\u00e7\u00e3o realizam 1\u00aa reuni\u00e3o\",\"datePublished\":\"2022-11-28T23:42:27+00:00\",\"dateModified\":\"2022-11-29T00:10:32+00:00\",\"mainEntityOfPage\":{\"@id\":\"https:\/\/www.suno.com.br\/noticias\/comando-petrobras-petr4-equipe-transicao-realizam-reuniao\/\"},\"wordCount\":408,\"publisher\":{\"@id\":\"https:\/\/www.suno.com.br\/noticias\/#organization\"},\"image\":{\"@id\":\"https:\/\/www.suno.com.br\/noticias\/comando-petrobras-petr4-equipe-transicao-realizam-reuniao\/#primaryimage\"},\"thumbnailUrl\":\"https:\/\/files.sunoresearch.com.br\/n\/uploads\/2022\/11\/petrobras-petr4.jpg\",\"keywords\":[\"Or\u00e7amento P\u00fablico\",\"Petrobras (PETR4)\"],\"articleSection\":[\"Pol\u00edtica\"],\"inLanguage\":\"pt-BR\"},{\"@type\":\"WebPage\",\"@id\":\"https:\/\/www.suno.com.br\/noticias\/comando-petrobras-petr4-equipe-transicao-realizam-reuniao\/\",\"url\":\"https:\/\/www.suno.com.br\/noticias\/comando-petrobras-petr4-equipe-transicao-realizam-reuniao\/\",\"name\":\"Comando da Petrobras (PETR4) e equipe de transi\u00e7\u00e3o realizam 1\u00aa reuni\u00e3o\",\"isPartOf\":{\"@id\":\"https:\/\/www.suno.com.br\/noticias\/#website\"},\"primaryImageOfPage\":{\"@id\":\"https:\/\/www.suno.com.br\/noticias\/comando-petrobras-petr4-equipe-transicao-realizam-reuniao\/#primaryimage\"},\"image\":{\"@id\":\"https:\/\/www.suno.com.br\/noticias\/comando-petrobras-petr4-equipe-transicao-realizam-reuniao\/#primaryimage\"},\"thumbnailUrl\":\"https:\/\/files.sunoresearch.com.br\/n\/uploads\/2022\/11\/petrobras-petr4.jpg\",\"datePublished\":\"2022-11-28T23:42:27+00:00\",\"dateModified\":\"2022-11-29T00:10:32+00:00\",\"description\":\"Nesta segunda (28) aconteceu a primeira reuni\u00e3o entre o comando da Petrobras (PETR4) e a equipe de transi\u00e7\u00e3o do governo de transi\u00e7\u00e3o. Veja!\",\"breadcrumb\":{\"@id\":\"https:\/\/www.suno.com.br\/noticias\/comando-petrobras-petr4-equipe-transicao-realizam-reuniao\/#breadcrumb\"},\"inLanguage\":\"pt-BR\",\"potentialAction\":[{\"@type\":\"ReadAction\",\"target\":[\"https:\/\/www.suno.com.br\/noticias\/comando-petrobras-petr4-equipe-transicao-realizam-reuniao\/\"]}]},{\"@type\":\"ImageObject\",\"inLanguage\":\"pt-BR\",\"@id\":\"https:\/\/www.suno.com.br\/noticias\/comando-petrobras-petr4-equipe-transicao-realizam-reuniao\/#primaryimage\",\"url\":\"https:\/\/files.sunoresearch.com.br\/n\/uploads\/2022\/11\/petrobras-petr4.jpg\",\"contentUrl\":\"https:\/\/files.sunoresearch.com.br\/n\/uploads\/2022\/11\/petrobras-petr4.jpg\",\"width\":1200,\"height\":800,\"caption\":\"Petrobras (PETR4). Foto: Divulga\u00e7\u00e3o\"},{\"@type\":\"BreadcrumbList\",\"@id\":\"https:\/\/www.suno.com.br\/noticias\/comando-petrobras-petr4-equipe-transicao-realizam-reuniao\/#breadcrumb\",\"itemListElement\":[{\"@type\":\"ListItem\",\"position\":1,\"name\":\"Not\u00edcias\",\"item\":\"https:\/\/www.suno.com.br\/noticias\/\"},{\"@type\":\"ListItem\",\"position\":2,\"name\":\"Pol\u00edtica\",\"item\":\"https:\/\/www.suno.com.br\/noticias\/politica\/\"},{\"@type\":\"ListItem\",\"position\":3,\"name\":\"Comando da Petrobras (PETR4) e equipe de transi\u00e7\u00e3o realizam 1\u00aa reuni\u00e3o\"}]},{\"@type\":\"WebSite\",\"@id\":\"https:\/\/www.suno.com.br\/noticias\/#website\",\"url\":\"https:\/\/www.suno.com.br\/noticias\/\",\"name\":\"Suno Not\u00edcias\",\"description\":\"Seu portal de informa\u00e7\u00e3o sobre o mundo dos investimentos\",\"publisher\":{\"@id\":\"https:\/\/www.suno.com.br\/noticias\/#organization\"},\"potentialAction\":[{\"@type\":\"SearchAction\",\"target\":{\"@type\":\"EntryPoint\",\"urlTemplate\":\"https:\/\/www.suno.com.br\/noticias\/?s={search_term_string}\"},\"query-input\":{\"@type\":\"PropertyValueSpecification\",\"valueRequired\":true,\"valueName\":\"search_term_string\"}}],\"inLanguage\":\"pt-BR\"},{\"@type\":\"Organization\",\"@id\":\"https:\/\/www.suno.com.br\/noticias\/#organization\",\"name\":\"Suno Not\u00edcias\",\"url\":\"https:\/\/www.suno.com.br\/noticias\/\",\"logo\":{\"@type\":\"ImageObject\",\"inLanguage\":\"pt-BR\",\"@id\":\"https:\/\/www.suno.com.br\/noticias\/#\/schema\/logo\/image\/\",\"url\":\"https:\/\/files.sunoresearch.com.br\/n\/uploads\/2021\/09\/suno-logo.png\",\"contentUrl\":\"https:\/\/files.sunoresearch.com.br\/n\/uploads\/2021\/09\/suno-logo.png\",\"width\":180,\"height\":180,\"caption\":\"Suno Not\u00edcias\"},\"image\":{\"@id\":\"https:\/\/www.suno.com.br\/noticias\/#\/schema\/logo\/image\/\"},\"sameAs\":[\"https:\/\/facebook.com\/sunoresearch\",\"https:\/\/x.com\/sunoresearch\",\"https:\/\/www.instagram.com\/suno\",\"https:\/\/www.linkedin.com\/company\/suno-research\/\",\"https:\/\/www.youtube.com\/c\/sunoresearch\"]},{\"@type\":\"Person\",\"@id\":\"https:\/\/www.suno.com.br\/noticias\/#\/schema\/person\/d689f06da5678e1f0b1ee402f001d676\",\"name\":\"Janize Cola\u00e7o\",\"image\":{\"@type\":\"ImageObject\",\"inLanguage\":\"pt-BR\",\"@id\":\"https:\/\/www.suno.com.br\/noticias\/#\/schema\/person\/image\/\",\"url\":\"https:\/\/secure.gravatar.com\/avatar\/32b3bf89abae63ca2cf961bc051522d0?s=96&r=g\",\"contentUrl\":\"https:\/\/secure.gravatar.com\/avatar\/32b3bf89abae63ca2cf961bc051522d0?s=96&r=g\",\"caption\":\"Janize Cola\u00e7o\"},\"description\":\"Jornalista formada pela PUC-SP com passagens pela Record TV, Globo Cond\u00e9 Nast, Revista Panrotas e Editora Via. Hoje, \u00e9 rep\u00f3rter no Suno Not\u00edcias, cobrindo pautas sobre mercado, pol\u00edtica, economia e bolsa de valores.\",\"url\":\"https:\/\/www.suno.com.br\/noticias\/author\/janize-colaco\/\"}]}<\/script>\n<!-- \/ Yoast SEO plugin. -->","yoast_head_json":{"title":"Comando da Petrobras (PETR4) e equipe de transi\u00e7\u00e3o realizam 1\u00aa reuni\u00e3o","description":"Nesta segunda (28) aconteceu a primeira reuni\u00e3o entre o comando da Petrobras (PETR4) e a equipe de transi\u00e7\u00e3o do governo de transi\u00e7\u00e3o. Veja!","robots":{"index":"index","follow":"follow","max-snippet":"max-snippet:-1","max-image-preview":"max-image-preview:large","max-video-preview":"max-video-preview:-1"},"canonical":"https:\/\/www.suno.com.br\/noticias\/comando-petrobras-petr4-equipe-transicao-realizam-reuniao\/","og_locale":"pt_BR","og_type":"article","og_title":"Comando da Petrobras (PETR4) e equipe de transi\u00e7\u00e3o realizam 1\u00aa reuni\u00e3o","og_description":"Nesta segunda (28) aconteceu a primeira reuni\u00e3o entre o comando da Petrobras (PETR4) e a equipe de transi\u00e7\u00e3o do governo de transi\u00e7\u00e3o. Veja!","og_url":"https:\/\/www.suno.com.br\/noticias\/comando-petrobras-petr4-equipe-transicao-realizam-reuniao\/","og_site_name":"Suno Not\u00edcias","article_publisher":"https:\/\/facebook.com\/sunoresearch","og_image":[{"width":1200,"height":800,"url":"https:\/\/files.sunoresearch.com.br\/n\/uploads\/2022\/11\/petrobras-petr4.jpg","type":"image\/jpeg"}],"author":"Janize Cola\u00e7o","twitter_card":"summary_large_image","twitter_creator":"@sunoresearch","twitter_site":"@sunoresearch","twitter_misc":{"Escrito por":"Janize Cola\u00e7o","Est. tempo de leitura":"2 minutos"},"schema":{"@context":"https:\/\/schema.org","@graph":[{"@type":"NewsArticle","@id":"https:\/\/www.suno.com.br\/noticias\/comando-petrobras-petr4-equipe-transicao-realizam-reuniao\/#article","isPartOf":{"@id":"https:\/\/www.suno.com.br\/noticias\/comando-petrobras-petr4-equipe-transicao-realizam-reuniao\/"},"author":{"name":"Janize Cola\u00e7o","@id":"https:\/\/www.suno.com.br\/noticias\/#\/schema\/person\/d689f06da5678e1f0b1ee402f001d676"},"headline":"Comando da Petrobras (PETR4) e equipe de transi\u00e7\u00e3o realizam 1\u00aa reuni\u00e3o","datePublished":"2022-11-28T23:42:27+00:00","dateModified":"2022-11-29T00:10:32+00:00","mainEntityOfPage":{"@id":"https:\/\/www.suno.com.br\/noticias\/comando-petrobras-petr4-equipe-transicao-realizam-reuniao\/"},"wordCount":408,"publisher":{"@id":"https:\/\/www.suno.com.br\/noticias\/#organization"},"image":{"@id":"https:\/\/www.suno.com.br\/noticias\/comando-petrobras-petr4-equipe-transicao-realizam-reuniao\/#primaryimage"},"thumbnailUrl":"https:\/\/files.sunoresearch.com.br\/n\/uploads\/2022\/11\/petrobras-petr4.jpg","keywords":["Or\u00e7amento P\u00fablico","Petrobras (PETR4)"],"articleSection":["Pol\u00edtica"],"inLanguage":"pt-BR"},{"@type":"WebPage","@id":"https:\/\/www.suno.com.br\/noticias\/comando-petrobras-petr4-equipe-transicao-realizam-reuniao\/","url":"https:\/\/www.suno.com.br\/noticias\/comando-petrobras-petr4-equipe-transicao-realizam-reuniao\/","name":"Comando da Petrobras (PETR4) e equipe de transi\u00e7\u00e3o realizam 1\u00aa reuni\u00e3o","isPartOf":{"@id":"https:\/\/www.suno.com.br\/noticias\/#website"},"primaryImageOfPage":{"@id":"https:\/\/www.suno.com.br\/noticias\/comando-petrobras-petr4-equipe-transicao-realizam-reuniao\/#primaryimage"},"image":{"@id":"https:\/\/www.suno.com.br\/noticias\/comando-petrobras-petr4-equipe-transicao-realizam-reuniao\/#primaryimage"},"thumbnailUrl":"https:\/\/files.sunoresearch.com.br\/n\/uploads\/2022\/11\/petrobras-petr4.jpg","datePublished":"2022-11-28T23:42:27+00:00","dateModified":"2022-11-29T00:10:32+00:00","description":"Nesta segunda (28) aconteceu a primeira reuni\u00e3o entre o comando da Petrobras (PETR4) e a equipe de transi\u00e7\u00e3o do governo de transi\u00e7\u00e3o. Veja!","breadcrumb":{"@id":"https:\/\/www.suno.com.br\/noticias\/comando-petrobras-petr4-equipe-transicao-realizam-reuniao\/#breadcrumb"},"inLanguage":"pt-BR","potentialAction":[{"@type":"ReadAction","target":["https:\/\/www.suno.com.br\/noticias\/comando-petrobras-petr4-equipe-transicao-realizam-reuniao\/"]}]},{"@type":"ImageObject","inLanguage":"pt-BR","@id":"https:\/\/www.suno.com.br\/noticias\/comando-petrobras-petr4-equipe-transicao-realizam-reuniao\/#primaryimage","url":"https:\/\/files.sunoresearch.com.br\/n\/uploads\/2022\/11\/petrobras-petr4.jpg","contentUrl":"https:\/\/files.sunoresearch.com.br\/n\/uploads\/2022\/11\/petrobras-petr4.jpg","width":1200,"height":800,"caption":"Petrobras (PETR4). Foto: Divulga\u00e7\u00e3o"},{"@type":"BreadcrumbList","@id":"https:\/\/www.suno.com.br\/noticias\/comando-petrobras-petr4-equipe-transicao-realizam-reuniao\/#breadcrumb","itemListElement":[{"@type":"ListItem","position":1,"name":"Not\u00edcias","item":"https:\/\/www.suno.com.br\/noticias\/"},{"@type":"ListItem","position":2,"name":"Pol\u00edtica","item":"https:\/\/www.suno.com.br\/noticias\/politica\/"},{"@type":"ListItem","position":3,"name":"Comando da Petrobras (PETR4) e equipe de transi\u00e7\u00e3o realizam 1\u00aa reuni\u00e3o"}]},{"@type":"WebSite","@id":"https:\/\/www.suno.com.br\/noticias\/#website","url":"https:\/\/www.suno.com.br\/noticias\/","name":"Suno Not\u00edcias","description":"Seu portal de informa\u00e7\u00e3o sobre o mundo dos investimentos","publisher":{"@id":"https:\/\/www.suno.com.br\/noticias\/#organization"},"potentialAction":[{"@type":"SearchAction","target":{"@type":"EntryPoint","urlTemplate":"https:\/\/www.suno.com.br\/noticias\/?s={search_term_string}"},"query-input":{"@type":"PropertyValueSpecification","valueRequired":true,"valueName":"search_term_string"}}],"inLanguage":"pt-BR"},{"@type":"Organization","@id":"https:\/\/www.suno.com.br\/noticias\/#organization","name":"Suno Not\u00edcias","url":"https:\/\/www.suno.com.br\/noticias\/","logo":{"@type":"ImageObject","inLanguage":"pt-BR","@id":"https:\/\/www.suno.com.br\/noticias\/#\/schema\/logo\/image\/","url":"https:\/\/files.sunoresearch.com.br\/n\/uploads\/2021\/09\/suno-logo.png","contentUrl":"https:\/\/files.sunoresearch.com.br\/n\/uploads\/2021\/09\/suno-logo.png","width":180,"height":180,"caption":"Suno Not\u00edcias"},"image":{"@id":"https:\/\/www.suno.com.br\/noticias\/#\/schema\/logo\/image\/"},"sameAs":["https:\/\/facebook.com\/sunoresearch","https:\/\/x.com\/sunoresearch","https:\/\/www.instagram.com\/suno","https:\/\/www.linkedin.com\/company\/suno-research\/","https:\/\/www.youtube.com\/c\/sunoresearch"]},{"@type":"Person","@id":"https:\/\/www.suno.com.br\/noticias\/#\/schema\/person\/d689f06da5678e1f0b1ee402f001d676","name":"Janize Cola\u00e7o","image":{"@type":"ImageObject","inLanguage":"pt-BR","@id":"https:\/\/www.suno.com.br\/noticias\/#\/schema\/person\/image\/","url":"https:\/\/secure.gravatar.com\/avatar\/32b3bf89abae63ca2cf961bc051522d0?s=96&r=g","contentUrl":"https:\/\/secure.gravatar.com\/avatar\/32b3bf89abae63ca2cf961bc051522d0?s=96&r=g","caption":"Janize Cola\u00e7o"},"description":"Jornalista formada pela PUC-SP com passagens pela Record TV, Globo Cond\u00e9 Nast, Revista Panrotas e Editora Via. Hoje, \u00e9 rep\u00f3rter no Suno Not\u00edcias, cobrindo pautas sobre mercado, pol\u00edtica, economia e bolsa de valores.","url":"https:\/\/www.suno.com.br\/noticias\/author\/janize-colaco\/"}]}},"default_loop_html":"<div class=\"cardsPage__listCard__boxs\"><div class=\"cardsPage__listCard__boxs__img\"><a href=\"https:\/\/www.suno.com.br\/noticias\/comando-petrobras-petr4-equipe-transicao-realizam-reuniao\/\"><img class=\"mask\" src=\"https:\/\/www.suno.com.br\/noticias\/wp-content\/themes\/suno\/resources\/images\/spotlight\/spotlight1img\/bg-mask.png\" alt=\"Image Mask\"\/><img src=\"https:\/\/files.sunoresearch.com.br\/n\/uploads\/2022\/11\/petrobras-petr4-400x200.jpg\" alt=\"Comando da Petrobras (PETR4) e equipe de transi\u00e7\u00e3o realizam 1\u00aa reuni\u00e3o\"\/><\/a><span class=\"spotlightCategory\"><a href=\"https:\/\/www.suno.com.br\/noticias\/politica\/\">Pol\u00edtica<\/a><\/span><\/div><div class=\"cardsPage__listCard__boxs__content\"><a href=\"https:\/\/www.suno.com.br\/noticias\/comando-petrobras-petr4-equipe-transicao-realizam-reuniao\/\"><h2 class=\"content__title\">Comando da Petrobras (PETR4) e equipe de transi\u00e7\u00e3o realizam 1\u00aa reuni\u00e3o<\/h2><\/a><div class=\"newsContent__article__meta\"><div class=\"newsContent__article__meta__authorBox\"><a href=\"https:\/\/www.suno.com.br\/noticias\/author\/janize-colaco\/\" class=\"authorBox__avatar noMobi\"><img src=\"https:\/\/files.sunoresearch.com.br\/n\/uploads\/2022\/11\/20221120_111807-1-150x150.jpg\" alt=\"Janize Cola\u00e7o\"><\/a><div class=\"authorBox__name\"><span>por\n\t\t\t<a href=\"https:\/\/www.suno.com.br\/noticias\/author\/janize-colaco\/\"><span itemprop=\"author\">Janize Cola\u00e7o<\/span><\/a><\/span><time datetime=\"2022-11-28T20:42:27-03:00\" itemprop=\"datePublished\">28\/11\/2022 20:42<\/time><\/div><\/div><\/div><\/div><\/div>","single_layout":"posts","amp_enabled":true,"_links":{"self":[{"href":"https:\/\/www.suno.com.br\/noticias\/wp-json\/wp\/v2\/posts\/325087"}],"collection":[{"href":"https:\/\/www.suno.com.br\/noticias\/wp-json\/wp\/v2\/posts"}],"about":[{"href":"https:\/\/www.suno.com.br\/noticias\/wp-json\/wp\/v2\/types\/post"}],"author":[{"embeddable":true,"href":"https:\/\/www.suno.com.br\/noticias\/wp-json\/wp\/v2\/users\/233"}],"replies":[{"embeddable":true,"href":"https:\/\/www.suno.com.br\/noticias\/wp-json\/wp\/v2\/comments?post=325087"}],"version-history":[{"count":2,"href":"https:\/\/www.suno.com.br\/noticias\/wp-json\/wp\/v2\/posts\/325087\/revisions"}],"predecessor-version":[{"id":325203,"href":"https:\/\/www.suno.com.br\/noticias\/wp-json\/wp\/v2\/posts\/325087\/revisions\/325203"}],"wp:featuredmedia":[{"embeddable":true,"href":"https:\/\/www.suno.com.br\/noticias\/wp-json\/wp\/v2\/media\/323503"}],"wp:attachment":[{"href":"https:\/\/www.suno.com.br\/noticias\/wp-json\/wp\/v2\/media?parent=325087"}],"wp:term":[{"taxonomy":"category","embeddable":true,"href":"https:\/\/www.suno.com.br\/noticias\/wp-json\/wp\/v2\/categories?post=325087"},{"taxonomy":"post_tag","embeddable":true,"href":"https:\/\/www.suno.com.br\/noticias\/wp-json\/wp\/v2\/tags?post=325087"},{"taxonomy":"suno_strategy","embeddable":true,"href":"https:\/\/www.suno.com.br\/noticias\/wp-json\/wp\/v2\/suno_strategy?post=325087"}],"curies":[{"name":"wp","href":"https:\/\/api.w.org\/{rel}","templated":true}]}}