{"id":324983,"date":"2022-11-28T21:08:22","date_gmt":"2022-11-29T00:08:22","guid":{"rendered":"https:\/\/www.suno.com.br\/noticias\/?p=324983"},"modified":"2022-11-28T21:08:28","modified_gmt":"2022-11-29T00:08:28","slug":"cba-cbav3-btg-rebaixa-preco-alvo-acoes","status":"publish","type":"post","link":"https:\/\/www.suno.com.br\/noticias\/cba-cbav3-btg-rebaixa-preco-alvo-acoes\/","title":{"rendered":"CBA (CBAV3): BTG rebaixa pre\u00e7o-alvo e espera que a\u00e7\u00f5es \u201cantecipem tempos melhores \u00e0 frente\u201d"},"content":{"rendered":"<p>O <strong>BTG Pactual<\/strong> reiterou sua <strong>recomenda\u00e7\u00e3o de compra<\/strong> para as a\u00e7\u00f5es da <strong><a href=\"https:\/\/www.suno.com.br\/acoes\/cbav3\/\" target=\"_blank\" rel=\"noreferrer noopener\">CBA (CBAV3)<\/a><\/strong>. Embora tenha reduzido o <a class=\"suno-keyword\" data-force=\"no\" data-priority=\"1\" href=\"https:\/\/www.suno.com.br\/artigos\/preco-alvo\/\" target=\"_blank\" rel=\"noopener\">pre\u00e7o-alvo<\/a>, que de R$ 24 passou para R$ 17, o banco de investimentos prev\u00ea uma curva positiva no pr\u00f3ximo ano devido \u00e0s melhores perspectivas de <a class=\"suno-keyword\" data-force=\"no\" data-priority=\"1\" href=\"https:\/\/www.suno.com.br\/artigos\/longo-prazo\/\" target=\"_blank\" rel=\"noopener\">longo prazo<\/a> \u2014 s\u00e3o esperados pre\u00e7os futuros do alum\u00ednio acima dos atuais.<\/p>\t<div class=\"wrapper-featured-image\">\n\t\t<figure class=\"spotlightImg\">\n\n\t\t\t<picture>\n\t\t\t\t<source media=\"(max-width: 768px)\" srcset=\"https:\/\/files.sunoresearch.com.br\/n\/uploads\/2022\/08\/Fabrica_CBA-400x200.jpg\">\n\t\t\t\t<img loading=\"lazy\" decoding=\"async\" class=\"newsContent__article__imgCapa lazyloadDisabled \" src=\"https:\/\/files.sunoresearch.com.br\/n\/uploads\/2022\/08\/Fabrica_CBA-800x450.jpg\" width=\"800\" height=\"450\" alt=\"CBA (CBAV3): BTG rebaixa pre\u00e7o-alvo e espera que a\u00e7\u00f5es \u201cantecipem tempos melhores \u00e0 frente\u201d\" fetchpriority=high \/>\n\t\t\t<\/picture>\n\n\t\t\t<figcaption class=\"wp-caption-text wp-caption-text--show\">F\u00e1brica da CBA em S\u00e3o Paulo (SP). Foto: Arquivo Creative Commons.<\/figcaption>\n\t\t<\/figure>\n\t<\/div>\n\n\n\n\n\n\t<p>\n\t\t<a href=\"https:\/\/lp.suno.com.br\/planilha-controle-gastos\/\" target=\"_blank\" data-element=\"shortcode-suno-banner\" title=\"Banner SUNO, clique e saiba mais\">\n\t\t\t<picture>\n\t\t\t\t<source media=\"(max-width: 500px)\" srcset=\"https:\/\/files.sunoresearch.com.br\/n\/uploads\/2023\/03\/400x300-Planilha-controle-de-gastos.png\">\n\t\t\t\t<img class=\"newsContent__article__imgCapa newsContent__article__imgCapa--banner\"\n\t\t\t\t\tsrc=\"https:\/\/files.sunoresearch.com.br\/n\/uploads\/2023\/03\/1420x240-Planilha-controle-de-gastos.png\"\n\t\t\t\t\tdata-promo-id=\"311945\"\t\t\t\t\t\t\t\t\t\twidth='1420' height='240'\t\t\t\t\talt=\"https:\/\/files.sunoresearch.com.br\/n\/uploads\/2023\/03\/1420x240-Planilha-controle-de-gastos.png\"\n\t\t\t\t>\n\t\t\t<\/picture>\n\t\t<\/a>\n\t<\/p>\n\n\n\n\n\n<p>\u201cVemos realidades distintas entre algumas das commodities sob nossa cobertura, mas em geral estamos mais otimistas com as perspectivas para 2023. \u00c9 importante sinalizar que algumas delas, como alum\u00ednio e a\u00e7o, est\u00e3o sendo negociadas com pre\u00e7os muito abaixo do custo\u201d, pontuam os analistas do BTG Pactual.<\/p>\n\n\n\n<p>No relat\u00f3rio, entre os principais percal\u00e7os atuais para as a\u00e7\u00f5es da CBA, destaca-se a economia chinesa. Apesar disso, o processo de reabertura do pa\u00eds asi\u00e1tico, e a retomada da demanda que ser\u00e1 gerada, suporta a vis\u00e3o de analistas sobre a forma\u00e7\u00e3o de um piso no pr\u00f3ximo ano.<\/p>\n\n\n\n<blockquote class=\"wp-block-quote is-layout-flow wp-block-quote-is-layout-flow\"><p>\u201cEmbora o caminho seja vol\u00e1til [&#8230;], acreditamos que seus recentes planos para consertar o grande choque restritivo devem seguir adiante, e esperamos que as a\u00e7\u00f5es antecipem tempos melhores \u00e0 frente.\u201d<\/p><\/blockquote>\n\n\n\n<p>Nesta segunda-feira (28), as a\u00e7\u00f5es do CBA fecharam com queda de 5,08%, cotadas a R$ 10,27.<\/p>\n\n\n\n\t<div data-element=\"shortcode-read-more\" class=\"readToo\">\n\t\t\t\t<span class=\"readToo__title\">Leia mais<\/span>\n\t\t\t\t<ul class=\"readToo__list\">\n\t\t\t<li><a href=\"https:\/\/www.suno.com.br\/noticias\/btg-gerdau-ggbr4-dividendos-recomendacao-compra\/\">BTG recomenda compra das a\u00e7\u00f5es da Gerdau (GGBR4): \u201cDividendos acima do esperado\u201d<\/a><\/li><li><a href=\"https:\/\/www.suno.com.br\/noticias\/cba-cbav3-guerra-ucrania-sancoes-russia-acoes\/\">CBA (CBAV3): guerra na Ucr\u00e2nia e san\u00e7\u00f5es contra R\u00fassia movimentam a\u00e7\u00f5es<\/a><\/li><li><a href=\"https:\/\/www.suno.com.br\/noticias\/cba-cbav3-crescimento-fusoes-bofa\/\">Fus\u00f5es e aquisi\u00e7\u00f5es podem ser motor de crescimento da CBA (CBAV3)<\/a><\/li>\t\t<\/ul>\n\t<\/div>\n\n\n\n\n<h2 class=\"wp-block-heading\">CBA no 3T22: companhia reverte preju\u00edzo e tem lucro de R$ 100 milh\u00f5es<\/h2>\n\n\n\n<p><a href=\"https:\/\/www.suno.com.br\/noticias\/cba-cbva3-reverte-prejuizo-lucro-3t22\/\" target=\"_blank\" rel=\"noreferrer noopener\">Recentemente<\/a>, a companhia divulgou que seu lucro l\u00edquido chegou a R$ 100 milh\u00f5es no terceiro trimestre de 2022 \u2014 revertendo o cen\u00e1rio em rela\u00e7\u00e3o ao preju\u00edzo l\u00edquido de R$ 41 milh\u00f5es no mesmo per\u00edodo de 2021. Houve, por\u00e9m, queda de 80% em compara\u00e7\u00e3o ao lucro registrado no segundo trimestre deste ano.<\/p>\n\n\n\n<p>O&nbsp;<a href=\"https:\/\/www.suno.com.br\/artigos\/ebitda-ajustado\/\" target=\"_blank\" rel=\"noreferrer noopener\">Ebitda ajustado<\/a>&nbsp;da CBA&nbsp;(lucro antes de juros, impostos,&nbsp;<a href=\"https:\/\/www.suno.com.br\/artigos\/depreciacao-amortizacao\/\" target=\"_blank\" rel=\"noreferrer noopener\">deprecia\u00e7\u00e3o e amortiza\u00e7\u00e3o<\/a>) no terceiro trimestre atingiu R$ 331 milh\u00f5es, alta de 5% ante o mesmo per\u00edodo de 2021. Por\u00e9m, teve varia\u00e7\u00e3o negativa de 48% em compara\u00e7\u00e3o ao segundo trimestre deste ano.<\/p>\n\n\n\n<p>J\u00e1 a&nbsp;<a href=\"https:\/\/www.suno.com.br\/artigos\/o-que-receita-liquida\/\" target=\"_blank\" rel=\"noreferrer noopener\">receita l\u00edquida<\/a>&nbsp;atingiu R$ 2,2 bilh\u00f5es no trimestre, queda de 2% ante o mesmo per\u00edodo de 2021 e de 4% em compara\u00e7\u00e3o ao segundo trimestre deste ano.<\/p>\n\n\n\t<p>\n\t\t<a href=\"https:\/\/lp.suno.com.br\/ebook-como-analisar-uma-acao\/\" target=\"_blank\" data-element=\"shortcode-suno-banner\" title=\"Banner SUNO, clique e saiba mais\">\n\t\t\t<picture>\n\t\t\t\t<source media=\"(max-width: 500px)\" srcset=\"https:\/\/files.sunoresearch.com.br\/n\/uploads\/2023\/03\/Ebook-Acoes-Mobile.jpg\">\n\t\t\t\t<img class=\"newsContent__article__imgCapa newsContent__article__imgCapa--banner\"\n\t\t\t\t\tsrc=\"https:\/\/files.sunoresearch.com.br\/n\/uploads\/2023\/03\/Ebook-Acoes-Desktop.jpg\"\n\t\t\t\t\tdata-promo-id=\"311946\"\t\t\t\t\t\t\t\t\t\twidth='1420' height='286'\t\t\t\t\talt=\"https:\/\/files.sunoresearch.com.br\/n\/uploads\/2023\/03\/Ebook-Acoes-Desktop.jpg\"\n\t\t\t\t>\n\t\t\t<\/picture>\n\t\t<\/a>\n\t<\/p>\n\n\n\n\n\n<h2 class=\"wp-block-heading\" id=\"h-melhores-escolhas-do-btg-para-commodities-gerdau-ggbr4-vale-vale3-e-suzano-suzb3-csn-csna3-e-rebaixada\">Melhores escolhas do BTG para commodities: Gerdau (GGBR4), Vale (VALE3) e Suzano (SUZB3); CSN (CSNA3) \u00e9 rebaixada <\/h2>\n\n\n\n<p>Os analistas do banco de investimentos destacaram que mant\u00eam a prefer\u00eancia para commodities nomes como<a href=\"http:\/\/suno.com.br\/acoes\/GGBR4\/\"> Gerdau (GGBR4)<\/a>, <a href=\"http:\/\/suno.com.br\/acoes\/VALE3\/\">Vale (VALE3)<\/a> e<a href=\"http:\/\/suno.com.br\/acoes\/SUZB3\/\"> Suzano (SUZB<\/a>3). Al\u00e9m disso, esperam que a diferencia\u00e7\u00e3o do desempenho das a\u00e7\u00f5es permane\u00e7a alto (GGBR4: 18%; USIM5: -47%; <a href=\"http:\/\/suno.com.br\/acoes\/CSNA3\/\">CSNA3<\/a>: &#8211; 40%).<\/p>\n\n\n\n<p>Segundo eles, com esses desempenhos, as a\u00e7\u00f5es da Gerdau s\u00e3o consideradas baratas, enquanto a Vale continua relativamente mais cara e a Suzano permanece \u201caltamente subvalorizada\u201d. \u201cMas vemos isso como a melhor maneira de \u2018surfar\u2019\u00a0 a evolu\u00e7\u00e3o positiva da hist\u00f3ria da China\u201d, afirmam.<\/p>\n\n\n\n<p>Outro destaque do relat\u00f3rio \u00e9 o rebaixamento da CSN para neutro em fun\u00e7\u00e3o de:\u00a0<\/p>\n\n\n\n<p><strong>1. <\/strong>aumento do risco de alavancagem em rela\u00e7\u00e3o aos pares, principalmente na CSN;&nbsp;<br><strong>2. <\/strong>menor potencial de <a class=\"suno-keyword\" target=\"_blank\" data-force=\"no\" data-priority=\"2\" href=\"https:\/\/www.suno.com.br\/artigos\/fluxo-de-caixa\/\" rel=\"noopener\">fluxo de caixa<\/a> do que seus pares;&nbsp;<br><strong>3.<\/strong> falta de clareza na aloca\u00e7\u00e3o de capital futura;&nbsp;<br><strong>4. <\/strong>resultados decepcionantes da minera\u00e7\u00e3o desde seu IPO.<\/p>\n\n\n\n<p>\u201cEmbora as a\u00e7\u00f5es estejam baratas sendo negociadas a m\u00faltiplos pr\u00f3ximos a 3x EBITDA 23, enxergamos mais valor em outras teses do nosso universo de cobertura.\u201d<\/p>\n\n\n\n<h2 class=\"wp-block-heading\">A longo prazo: a\u00e7\u00f5es da CBA e a descarboniza\u00e7\u00e3o global<\/h2>\n\n\n\n<p>Os analistas do BTG Pactual tamb\u00e9m acreditam que a CBA ser\u00e1 beneficiada com a descarboniza\u00e7\u00e3o global e as tend\u00eancias de transi\u00e7\u00e3o energ\u00e9tica. <\/p>\n\n\n\n<p>\u201cA companhia se diferencia por utilizar 100% de fontes renov\u00e1veis de energia em seu processo produtivo (no menor n\u00edvel da curva de emiss\u00f5es globais), estando pronta para capitalizar a tend\u00eancia\u201d, dizem.<\/p>\n\n\n\n<p>Apesar de um momento de resultados pressionado no curto prazo, segundo eles, este \u00e9 um dos temas mais interessantes de longo prazo para as<strong> a\u00e7\u00f5es da CBA<\/strong>.<\/p>\n\n\n\t<p>\n\t\t<a href=\"https:\/\/lp.suno.com.br\/ebook-investindo-em-fiis\/\" target=\"_blank\" data-element=\"shortcode-suno-banner\" title=\"Banner SUNO, clique e saiba mais\">\n\t\t\t<picture>\n\t\t\t\t<source media=\"(max-width: 500px)\" srcset=\"https:\/\/files.sunoresearch.com.br\/n\/uploads\/2023\/03\/Ebook-Fundos-Imobiliarios-Mobile-1.jpg\">\n\t\t\t\t<img class=\"newsContent__article__imgCapa newsContent__article__imgCapa--banner\"\n\t\t\t\t\tsrc=\"https:\/\/files.sunoresearch.com.br\/n\/uploads\/2023\/03\/Ebook-Fundos-Imobiliarios-Desktop-1.jpg\"\n\t\t\t\t\tdata-promo-id=\"313843\"\t\t\t\t\t\t\t\t\t\twidth='1420' height='286'\t\t\t\t\talt=\"https:\/\/files.sunoresearch.com.br\/n\/uploads\/2023\/03\/Ebook-Fundos-Imobiliarios-Desktop-1.jpg\"\n\t\t\t\t>\n\t\t\t<\/picture>\n\t\t<\/a>\n\t<\/p>\n\n\n\n\n\t\t<div class=\"web-stories-list alignnone has-archive-link is-view-type-carousel is-style-default is-carousel\" data-id=\"1\">\n\t\t\t<div\n\t\t\tclass=\"web-stories-list__inner-wrapper carousel-1\"\n\t\t\tstyle=\"--ws-story-max-width:185px\"\n\t\t\t>\n\t\t\t\t\t\t<div class=\"web-stories-list__archive-link\">\n\t\t\t<a href=\"https:\/\/www.suno.com.br\/noticias\/web-stories\/\">\n\t\t\t\tConfira os destaques desta segunda-feira!\t\t\t<\/a>\n\t\t<\/div>\n\t\t\t\t\t\t\t<div\n\t\t\t\t\tclass=\"web-stories-list__carousel carousel\"\n\t\t\t\t\tdata-id=\"carousel-1\"\n\t\t\t\t\tdata-prev=\"Voltar\"\n\t\t\t\t\tdata-next=\"Avan\u00e7ar\"\n\t\t\t\t\t>\n\t\t\t\t\t\t\t\t\t<div\n\t\t\t\tclass=\"web-stories-list__story\"\n\t\t\t\tdata-wp-interactive=\"web-stories-block\"\n\t\t\t\tdata-wp-context='{\"instanceId\":1}'\t\t\t\tdata-wp-on--click=\"actions.open\"\n\t\t\t\tdata-wp-on-window--popstate=\"actions.onPopstate\"\n\t\t\t\t>\n\t\t\t\t\t\t\t<div class=\"web-stories-list__story-poster\">\n\t\t\t\t<a href=\"https:\/\/www.suno.com.br\/noticias\/web-stories\/por-que-as-acoes-da-nvidia-estao-despencando\/\" >\n\t\t\t\t\t<img\n\t\t\t\t\t\tsrc=\"https:\/\/files.sunoresearch.com.br\/n\/uploads\/2025\/11\/cropped-pexels-stasknop-19356873-scaled-1.webp\"\n\t\t\t\t\t\talt=\"Por que as a\u00e7\u00f5es da Nvidia est\u00e3o despencando?\"\n\t\t\t\t\t\twidth=\"185\"\n\t\t\t\t\t\theight=\"308\"\n\t\t\t\t\t\t\t\t\t\t\t\t\tsrcset=\"https:\/\/files.sunoresearch.com.br\/n\/uploads\/2025\/11\/cropped-pexels-stasknop-19356873-scaled-1.webp 640w, https:\/\/files.sunoresearch.com.br\/n\/uploads\/2025\/11\/cropped-pexels-stasknop-19356873-scaled-1-225x300.webp 225w, https:\/\/files.sunoresearch.com.br\/n\/uploads\/2025\/11\/cropped-pexels-stasknop-19356873-scaled-1-150x200.webp 150w\"\n\t\t\t\t\t\t\t\t\t\t\t\t\t\t\t\t\t\t\tsizes=\"(max-width: 640px) 100vw, 640px\"\n\t\t\t\t\t\t\t\t\t\t\t\tloading=\"lazy\"\n\t\t\t\t\t\tdecoding=\"async\"\n\t\t\t\t\t>\n\t\t\t\t<\/a>\n\t\t\t<\/div>\n\t\t\t\t\t<div class=\"web-stories-list__story-content-overlay\">\n\t\t\t\t\t\t\t<div class=\"story-content-overlay__title\">\n\t\t\t\t\tPor que as a\u00e7\u00f5es da Nvidia est\u00e3o despencando?\t\t\t\t<\/div>\n\t\t\t\n\t\t\t\n\t\t\t\n\t\t\t\t\t<\/div>\n\t\t\t\t\t<\/div>\n\t\t\t\t\t\t<div\n\t\t\t\tclass=\"web-stories-list__story\"\n\t\t\t\tdata-wp-interactive=\"web-stories-block\"\n\t\t\t\tdata-wp-context='{\"instanceId\":1}'\t\t\t\tdata-wp-on--click=\"actions.open\"\n\t\t\t\tdata-wp-on-window--popstate=\"actions.onPopstate\"\n\t\t\t\t>\n\t\t\t\t\t\t\t<div class=\"web-stories-list__story-poster\">\n\t\t\t\t<a href=\"https:\/\/www.suno.com.br\/noticias\/web-stories\/quanto-falta-para-elon-musk-se-tornar-trilionario\/\" >\n\t\t\t\t\t<img\n\t\t\t\t\t\tsrc=\"https:\/\/files.sunoresearch.com.br\/n\/uploads\/2026\/01\/cropped-Elon-Musk-jpg.webp\"\n\t\t\t\t\t\talt=\"Quanto falta para Elon Musk se tornar trilion\u00e1rio?\"\n\t\t\t\t\t\twidth=\"185\"\n\t\t\t\t\t\theight=\"308\"\n\t\t\t\t\t\t\t\t\t\t\t\t\tsrcset=\"https:\/\/files.sunoresearch.com.br\/n\/uploads\/2026\/01\/cropped-Elon-Musk-jpg.webp 640w, https:\/\/files.sunoresearch.com.br\/n\/uploads\/2026\/01\/cropped-Elon-Musk-jpg-225x300.webp 225w, https:\/\/files.sunoresearch.com.br\/n\/uploads\/2026\/01\/cropped-Elon-Musk-jpg-150x200.webp 150w\"\n\t\t\t\t\t\t\t\t\t\t\t\t\t\t\t\t\t\t\tsizes=\"(max-width: 640px) 100vw, 640px\"\n\t\t\t\t\t\t\t\t\t\t\t\tloading=\"lazy\"\n\t\t\t\t\t\tdecoding=\"async\"\n\t\t\t\t\t>\n\t\t\t\t<\/a>\n\t\t\t<\/div>\n\t\t\t\t\t<div class=\"web-stories-list__story-content-overlay\">\n\t\t\t\t\t\t\t<div class=\"story-content-overlay__title\">\n\t\t\t\t\tQuanto falta para Elon Musk se tornar trilion\u00e1rio?\t\t\t\t<\/div>\n\t\t\t\n\t\t\t\n\t\t\t\n\t\t\t\t\t<\/div>\n\t\t\t\t\t<\/div>\n\t\t\t\t\t\t<div\n\t\t\t\tclass=\"web-stories-list__story\"\n\t\t\t\tdata-wp-interactive=\"web-stories-block\"\n\t\t\t\tdata-wp-context='{\"instanceId\":1}'\t\t\t\tdata-wp-on--click=\"actions.open\"\n\t\t\t\tdata-wp-on-window--popstate=\"actions.onPopstate\"\n\t\t\t\t>\n\t\t\t\t\t\t\t<div class=\"web-stories-list__story-poster\">\n\t\t\t\t<a href=\"https:\/\/www.suno.com.br\/noticias\/web-stories\/ate-onde-vai-a-alta-do-ibovespa\/\" >\n\t\t\t\t\t<img\n\t\t\t\t\t\tsrc=\"https:\/\/files.sunoresearch.com.br\/n\/uploads\/2025\/11\/cropped-iStock-1215609239-jpg.webp\"\n\t\t\t\t\t\talt=\"At\u00e9 onde vai a alta do Ibovespa?\"\n\t\t\t\t\t\twidth=\"185\"\n\t\t\t\t\t\theight=\"308\"\n\t\t\t\t\t\t\t\t\t\t\t\t\tsrcset=\"https:\/\/files.sunoresearch.com.br\/n\/uploads\/2025\/11\/cropped-iStock-1215609239-jpg.webp 640w, https:\/\/files.sunoresearch.com.br\/n\/uploads\/2025\/11\/cropped-iStock-1215609239-jpg-225x300.webp 225w, https:\/\/files.sunoresearch.com.br\/n\/uploads\/2025\/11\/cropped-iStock-1215609239-jpg-150x200.webp 150w\"\n\t\t\t\t\t\t\t\t\t\t\t\t\t\t\t\t\t\t\tsizes=\"(max-width: 640px) 100vw, 640px\"\n\t\t\t\t\t\t\t\t\t\t\t\tloading=\"lazy\"\n\t\t\t\t\t\tdecoding=\"async\"\n\t\t\t\t\t>\n\t\t\t\t<\/a>\n\t\t\t<\/div>\n\t\t\t\t\t<div class=\"web-stories-list__story-content-overlay\">\n\t\t\t\t\t\t\t<div class=\"story-content-overlay__title\">\n\t\t\t\t\tAt\u00e9 onde vai a alta do Ibovespa?\t\t\t\t<\/div>\n\t\t\t\n\t\t\t\n\t\t\t\n\t\t\t\t\t<\/div>\n\t\t\t\t\t<\/div>\n\t\t\t\t\t\t<div\n\t\t\t\tclass=\"web-stories-list__story\"\n\t\t\t\tdata-wp-interactive=\"web-stories-block\"\n\t\t\t\tdata-wp-context='{\"instanceId\":1}'\t\t\t\tdata-wp-on--click=\"actions.open\"\n\t\t\t\tdata-wp-on-window--popstate=\"actions.onPopstate\"\n\t\t\t\t>\n\t\t\t\t\t\t\t<div class=\"web-stories-list__story-poster\">\n\t\t\t\t<a href=\"https:\/\/www.suno.com.br\/noticias\/web-stories\/banco-brasileiro-itau-lista-marcas-mais-valiosas-mundo\/\" >\n\t\t\t\t\t<img\n\t\t\t\t\t\tsrc=\"https:\/\/files.sunoresearch.com.br\/n\/uploads\/2024\/01\/cropped-predio-itau.webp\"\n\t\t\t\t\t\talt=\"Banco brasileiro est\u00e1 entre as 500 marcas mais valiosas do mundo\"\n\t\t\t\t\t\twidth=\"185\"\n\t\t\t\t\t\theight=\"308\"\n\t\t\t\t\t\t\t\t\t\t\t\t\tsrcset=\"https:\/\/files.sunoresearch.com.br\/n\/uploads\/2024\/01\/cropped-predio-itau.webp 640w, https:\/\/files.sunoresearch.com.br\/n\/uploads\/2024\/01\/cropped-predio-itau-225x300.webp 225w, https:\/\/files.sunoresearch.com.br\/n\/uploads\/2024\/01\/cropped-predio-itau-150x200.webp 150w\"\n\t\t\t\t\t\t\t\t\t\t\t\t\t\t\t\t\t\t\tsizes=\"(max-width: 640px) 100vw, 640px\"\n\t\t\t\t\t\t\t\t\t\t\t\tloading=\"lazy\"\n\t\t\t\t\t\tdecoding=\"async\"\n\t\t\t\t\t>\n\t\t\t\t<\/a>\n\t\t\t<\/div>\n\t\t\t\t\t<div class=\"web-stories-list__story-content-overlay\">\n\t\t\t\t\t\t\t<div class=\"story-content-overlay__title\">\n\t\t\t\t\tBanco brasileiro est\u00e1 entre as 500 marcas mais valiosas do mundo\t\t\t\t<\/div>\n\t\t\t\n\t\t\t\n\t\t\t\n\t\t\t\t\t<\/div>\n\t\t\t\t\t<\/div>\n\t\t\t\t\t\t<div\n\t\t\t\tclass=\"web-stories-list__story\"\n\t\t\t\tdata-wp-interactive=\"web-stories-block\"\n\t\t\t\tdata-wp-context='{\"instanceId\":1}'\t\t\t\tdata-wp-on--click=\"actions.open\"\n\t\t\t\tdata-wp-on-window--popstate=\"actions.onPopstate\"\n\t\t\t\t>\n\t\t\t\t\t\t\t<div class=\"web-stories-list__story-poster\">\n\t\t\t\t<a href=\"https:\/\/www.suno.com.br\/noticias\/web-stories\/flamengo-lista-times-mais-ricos-do-mundo-hoje\/\" >\n\t\t\t\t\t<img\n\t\t\t\t\t\tsrc=\"https:\/\/files.sunoresearch.com.br\/n\/uploads\/2026\/01\/cropped-brazil-6755874_1280-jpg.webp\"\n\t\t\t\t\t\talt=\"Flamengo na lista! Veja os times mais ricos do mundo hoje\"\n\t\t\t\t\t\twidth=\"185\"\n\t\t\t\t\t\theight=\"308\"\n\t\t\t\t\t\t\t\t\t\t\t\t\tsrcset=\"https:\/\/files.sunoresearch.com.br\/n\/uploads\/2026\/01\/cropped-brazil-6755874_1280-jpg.webp 640w, https:\/\/files.sunoresearch.com.br\/n\/uploads\/2026\/01\/cropped-brazil-6755874_1280-jpg-225x300.webp 225w, https:\/\/files.sunoresearch.com.br\/n\/uploads\/2026\/01\/cropped-brazil-6755874_1280-jpg-150x200.webp 150w\"\n\t\t\t\t\t\t\t\t\t\t\t\t\t\t\t\t\t\t\tsizes=\"(max-width: 640px) 100vw, 640px\"\n\t\t\t\t\t\t\t\t\t\t\t\tloading=\"lazy\"\n\t\t\t\t\t\tdecoding=\"async\"\n\t\t\t\t\t>\n\t\t\t\t<\/a>\n\t\t\t<\/div>\n\t\t\t\t\t<div class=\"web-stories-list__story-content-overlay\">\n\t\t\t\t\t\t\t<div class=\"story-content-overlay__title\">\n\t\t\t\t\tFlamengo na lista! Veja os times mais ricos do mundo hoje\t\t\t\t<\/div>\n\t\t\t\n\t\t\t\n\t\t\t\n\t\t\t\t\t<\/div>\n\t\t\t\t\t<\/div>\n\t\t\t\t\t\t\t\t<\/div>\n\t\t\t\t\t<div tabindex=\"0\" aria-label=\"Voltar\" class=\"glider-prev\"><\/div>\n\t\t\t\t\t<div tabindex=\"0\" aria-label=\"Avan\u00e7ar\" class=\"glider-next\"><\/div>\n\t\t\t\t\t\t\t\t<\/div>\n\t\t<\/div>\n\t\t","protected":false},"excerpt":{"rendered":"<p>O BTG Pactual reiterou sua recomenda\u00e7\u00e3o de compra para as a\u00e7\u00f5es da CBA (CBAV3). Embora tenha reduzido o pre\u00e7o-alvo, que de R$ 24 passou para R$ 17, o banco de investimentos prev\u00ea uma curva positiva no pr\u00f3ximo ano devido \u00e0s melhores perspectivas de longo prazo \u2014 s\u00e3o esperados pre\u00e7os futuros do alum\u00ednio acima dos atuais. [&hellip;]<\/p>\n","protected":false},"author":233,"featured_media":284131,"comment_status":"closed","ping_status":"closed","sticky":false,"template":"","format":"standard","meta":[],"categories":[60],"tags":[399,106319,105816],"suno_strategy":[],"class_list":["post-324983","post","type-post","status-publish","format-standard","has-post-thumbnail","hentry","category-mercado","tag-btg-pactual-bpac11-bpac3-bpac5","tag-cba-cbav3","tag-especialistas"],"yoast_head":"<!-- This site is optimized with the Yoast SEO plugin v24.4 - https:\/\/yoast.com\/wordpress\/plugins\/seo\/ -->\n<title>CBA: BTG espera que a\u00e7\u00f5es \u201cantecipem tempos melhores \u00e0 frente\u201d<\/title>\n<meta name=\"description\" content=\"O BTG Pactual rebaixa pre\u00e7o-alvo das a\u00e7\u00f5es da CBA, por\u00e9m prev\u00ea uma curva positiva no pr\u00f3ximo ano. Confira novo valor e perspectivas ao setor!\" \/>\n<meta name=\"robots\" content=\"index, follow, max-snippet:-1, max-image-preview:large, max-video-preview:-1\" \/>\n<link rel=\"canonical\" href=\"https:\/\/www.suno.com.br\/noticias\/cba-cbav3-btg-rebaixa-preco-alvo-acoes\/\" \/>\n<meta property=\"og:locale\" content=\"pt_BR\" \/>\n<meta property=\"og:type\" content=\"article\" \/>\n<meta property=\"og:title\" content=\"CBA: BTG espera que a\u00e7\u00f5es \u201cantecipem tempos melhores \u00e0 frente\u201d\" \/>\n<meta property=\"og:description\" content=\"O BTG Pactual rebaixa pre\u00e7o-alvo das a\u00e7\u00f5es da CBA, por\u00e9m prev\u00ea uma curva positiva no pr\u00f3ximo ano. Confira novo valor e perspectivas ao setor!\" \/>\n<meta property=\"og:url\" content=\"https:\/\/www.suno.com.br\/noticias\/cba-cbav3-btg-rebaixa-preco-alvo-acoes\/\" \/>\n<meta property=\"og:site_name\" content=\"Suno Not\u00edcias\" \/>\n<meta property=\"article:publisher\" content=\"https:\/\/facebook.com\/sunoresearch\" \/>\n<meta property=\"og:image\" content=\"https:\/\/files.sunoresearch.com.br\/n\/uploads\/2022\/08\/Fabrica_CBA.jpg\" \/>\n\t<meta property=\"og:image:width\" content=\"1280\" \/>\n\t<meta property=\"og:image:height\" content=\"958\" \/>\n\t<meta property=\"og:image:type\" content=\"image\/jpeg\" \/>\n<meta name=\"author\" content=\"Janize Cola\u00e7o\" \/>\n<meta name=\"twitter:card\" content=\"summary_large_image\" \/>\n<meta name=\"twitter:creator\" content=\"@sunoresearch\" \/>\n<meta name=\"twitter:site\" content=\"@sunoresearch\" \/>\n<meta name=\"twitter:label1\" content=\"Escrito por\" \/>\n\t<meta name=\"twitter:data1\" content=\"Janize Cola\u00e7o\" \/>\n\t<meta name=\"twitter:label2\" content=\"Est. tempo de leitura\" \/>\n\t<meta name=\"twitter:data2\" content=\"4 minutos\" \/>\n<script type=\"application\/ld+json\" class=\"yoast-schema-graph\">{\"@context\":\"https:\/\/schema.org\",\"@graph\":[{\"@type\":\"NewsArticle\",\"@id\":\"https:\/\/www.suno.com.br\/noticias\/cba-cbav3-btg-rebaixa-preco-alvo-acoes\/#article\",\"isPartOf\":{\"@id\":\"https:\/\/www.suno.com.br\/noticias\/cba-cbav3-btg-rebaixa-preco-alvo-acoes\/\"},\"author\":{\"name\":\"Janize Cola\u00e7o\",\"@id\":\"https:\/\/www.suno.com.br\/noticias\/#\/schema\/person\/d689f06da5678e1f0b1ee402f001d676\"},\"headline\":\"CBA (CBAV3): BTG rebaixa pre\u00e7o-alvo e espera que a\u00e7\u00f5es \u201cantecipem tempos melhores \u00e0 frente\u201d\",\"datePublished\":\"2022-11-29T00:08:22+00:00\",\"dateModified\":\"2022-11-29T00:08:28+00:00\",\"mainEntityOfPage\":{\"@id\":\"https:\/\/www.suno.com.br\/noticias\/cba-cbav3-btg-rebaixa-preco-alvo-acoes\/\"},\"wordCount\":671,\"publisher\":{\"@id\":\"https:\/\/www.suno.com.br\/noticias\/#organization\"},\"image\":{\"@id\":\"https:\/\/www.suno.com.br\/noticias\/cba-cbav3-btg-rebaixa-preco-alvo-acoes\/#primaryimage\"},\"thumbnailUrl\":\"https:\/\/files.sunoresearch.com.br\/n\/uploads\/2022\/08\/Fabrica_CBA.jpg\",\"keywords\":[\"BTG Pactual (BPAC11\/BPAC3\/BPAC5)\",\"CBA (CBAV3)\",\"Especialistas\"],\"articleSection\":[\"Mercado\"],\"inLanguage\":\"pt-BR\"},{\"@type\":\"WebPage\",\"@id\":\"https:\/\/www.suno.com.br\/noticias\/cba-cbav3-btg-rebaixa-preco-alvo-acoes\/\",\"url\":\"https:\/\/www.suno.com.br\/noticias\/cba-cbav3-btg-rebaixa-preco-alvo-acoes\/\",\"name\":\"CBA: BTG espera que a\u00e7\u00f5es \u201cantecipem tempos melhores \u00e0 frente\u201d\",\"isPartOf\":{\"@id\":\"https:\/\/www.suno.com.br\/noticias\/#website\"},\"primaryImageOfPage\":{\"@id\":\"https:\/\/www.suno.com.br\/noticias\/cba-cbav3-btg-rebaixa-preco-alvo-acoes\/#primaryimage\"},\"image\":{\"@id\":\"https:\/\/www.suno.com.br\/noticias\/cba-cbav3-btg-rebaixa-preco-alvo-acoes\/#primaryimage\"},\"thumbnailUrl\":\"https:\/\/files.sunoresearch.com.br\/n\/uploads\/2022\/08\/Fabrica_CBA.jpg\",\"datePublished\":\"2022-11-29T00:08:22+00:00\",\"dateModified\":\"2022-11-29T00:08:28+00:00\",\"description\":\"O BTG Pactual rebaixa pre\u00e7o-alvo das a\u00e7\u00f5es da CBA, por\u00e9m prev\u00ea uma curva positiva no pr\u00f3ximo ano. Confira novo valor e perspectivas ao setor!\",\"breadcrumb\":{\"@id\":\"https:\/\/www.suno.com.br\/noticias\/cba-cbav3-btg-rebaixa-preco-alvo-acoes\/#breadcrumb\"},\"inLanguage\":\"pt-BR\",\"potentialAction\":[{\"@type\":\"ReadAction\",\"target\":[\"https:\/\/www.suno.com.br\/noticias\/cba-cbav3-btg-rebaixa-preco-alvo-acoes\/\"]}]},{\"@type\":\"ImageObject\",\"inLanguage\":\"pt-BR\",\"@id\":\"https:\/\/www.suno.com.br\/noticias\/cba-cbav3-btg-rebaixa-preco-alvo-acoes\/#primaryimage\",\"url\":\"https:\/\/files.sunoresearch.com.br\/n\/uploads\/2022\/08\/Fabrica_CBA.jpg\",\"contentUrl\":\"https:\/\/files.sunoresearch.com.br\/n\/uploads\/2022\/08\/Fabrica_CBA.jpg\",\"width\":1280,\"height\":958,\"caption\":\"F\u00e1brica da CBA em S\u00e3o Paulo (SP). Foto: Arquivo Creative Commons.\"},{\"@type\":\"BreadcrumbList\",\"@id\":\"https:\/\/www.suno.com.br\/noticias\/cba-cbav3-btg-rebaixa-preco-alvo-acoes\/#breadcrumb\",\"itemListElement\":[{\"@type\":\"ListItem\",\"position\":1,\"name\":\"Not\u00edcias\",\"item\":\"https:\/\/www.suno.com.br\/noticias\/\"},{\"@type\":\"ListItem\",\"position\":2,\"name\":\"Mercado\",\"item\":\"https:\/\/www.suno.com.br\/noticias\/mercado\/\"},{\"@type\":\"ListItem\",\"position\":3,\"name\":\"CBA (CBAV3): BTG rebaixa pre\u00e7o-alvo e espera que a\u00e7\u00f5es \u201cantecipem tempos melhores \u00e0 frente\u201d\"}]},{\"@type\":\"WebSite\",\"@id\":\"https:\/\/www.suno.com.br\/noticias\/#website\",\"url\":\"https:\/\/www.suno.com.br\/noticias\/\",\"name\":\"Suno Not\u00edcias\",\"description\":\"Seu portal de informa\u00e7\u00e3o sobre o mundo dos investimentos\",\"publisher\":{\"@id\":\"https:\/\/www.suno.com.br\/noticias\/#organization\"},\"potentialAction\":[{\"@type\":\"SearchAction\",\"target\":{\"@type\":\"EntryPoint\",\"urlTemplate\":\"https:\/\/www.suno.com.br\/noticias\/?s={search_term_string}\"},\"query-input\":{\"@type\":\"PropertyValueSpecification\",\"valueRequired\":true,\"valueName\":\"search_term_string\"}}],\"inLanguage\":\"pt-BR\"},{\"@type\":\"Organization\",\"@id\":\"https:\/\/www.suno.com.br\/noticias\/#organization\",\"name\":\"Suno Not\u00edcias\",\"url\":\"https:\/\/www.suno.com.br\/noticias\/\",\"logo\":{\"@type\":\"ImageObject\",\"inLanguage\":\"pt-BR\",\"@id\":\"https:\/\/www.suno.com.br\/noticias\/#\/schema\/logo\/image\/\",\"url\":\"https:\/\/files.sunoresearch.com.br\/n\/uploads\/2021\/09\/suno-logo.png\",\"contentUrl\":\"https:\/\/files.sunoresearch.com.br\/n\/uploads\/2021\/09\/suno-logo.png\",\"width\":180,\"height\":180,\"caption\":\"Suno Not\u00edcias\"},\"image\":{\"@id\":\"https:\/\/www.suno.com.br\/noticias\/#\/schema\/logo\/image\/\"},\"sameAs\":[\"https:\/\/facebook.com\/sunoresearch\",\"https:\/\/x.com\/sunoresearch\",\"https:\/\/www.instagram.com\/suno\",\"https:\/\/www.linkedin.com\/company\/suno-research\/\",\"https:\/\/www.youtube.com\/c\/sunoresearch\"]},{\"@type\":\"Person\",\"@id\":\"https:\/\/www.suno.com.br\/noticias\/#\/schema\/person\/d689f06da5678e1f0b1ee402f001d676\",\"name\":\"Janize Cola\u00e7o\",\"image\":{\"@type\":\"ImageObject\",\"inLanguage\":\"pt-BR\",\"@id\":\"https:\/\/www.suno.com.br\/noticias\/#\/schema\/person\/image\/\",\"url\":\"https:\/\/secure.gravatar.com\/avatar\/32b3bf89abae63ca2cf961bc051522d0?s=96&r=g\",\"contentUrl\":\"https:\/\/secure.gravatar.com\/avatar\/32b3bf89abae63ca2cf961bc051522d0?s=96&r=g\",\"caption\":\"Janize Cola\u00e7o\"},\"description\":\"Jornalista formada pela PUC-SP com passagens pela Record TV, Globo Cond\u00e9 Nast, Revista Panrotas e Editora Via. Hoje, \u00e9 rep\u00f3rter no Suno Not\u00edcias, cobrindo pautas sobre mercado, pol\u00edtica, economia e bolsa de valores.\",\"url\":\"https:\/\/www.suno.com.br\/noticias\/author\/janize-colaco\/\"}]}<\/script>\n<!-- \/ Yoast SEO plugin. -->","yoast_head_json":{"title":"CBA: BTG espera que a\u00e7\u00f5es \u201cantecipem tempos melhores \u00e0 frente\u201d","description":"O BTG Pactual rebaixa pre\u00e7o-alvo das a\u00e7\u00f5es da CBA, por\u00e9m prev\u00ea uma curva positiva no pr\u00f3ximo ano. Confira novo valor e perspectivas ao setor!","robots":{"index":"index","follow":"follow","max-snippet":"max-snippet:-1","max-image-preview":"max-image-preview:large","max-video-preview":"max-video-preview:-1"},"canonical":"https:\/\/www.suno.com.br\/noticias\/cba-cbav3-btg-rebaixa-preco-alvo-acoes\/","og_locale":"pt_BR","og_type":"article","og_title":"CBA: BTG espera que a\u00e7\u00f5es \u201cantecipem tempos melhores \u00e0 frente\u201d","og_description":"O BTG Pactual rebaixa pre\u00e7o-alvo das a\u00e7\u00f5es da CBA, por\u00e9m prev\u00ea uma curva positiva no pr\u00f3ximo ano. Confira novo valor e perspectivas ao setor!","og_url":"https:\/\/www.suno.com.br\/noticias\/cba-cbav3-btg-rebaixa-preco-alvo-acoes\/","og_site_name":"Suno Not\u00edcias","article_publisher":"https:\/\/facebook.com\/sunoresearch","og_image":[{"width":1280,"height":958,"url":"https:\/\/files.sunoresearch.com.br\/n\/uploads\/2022\/08\/Fabrica_CBA.jpg","type":"image\/jpeg"}],"author":"Janize Cola\u00e7o","twitter_card":"summary_large_image","twitter_creator":"@sunoresearch","twitter_site":"@sunoresearch","twitter_misc":{"Escrito por":"Janize Cola\u00e7o","Est. tempo de leitura":"4 minutos"},"schema":{"@context":"https:\/\/schema.org","@graph":[{"@type":"NewsArticle","@id":"https:\/\/www.suno.com.br\/noticias\/cba-cbav3-btg-rebaixa-preco-alvo-acoes\/#article","isPartOf":{"@id":"https:\/\/www.suno.com.br\/noticias\/cba-cbav3-btg-rebaixa-preco-alvo-acoes\/"},"author":{"name":"Janize Cola\u00e7o","@id":"https:\/\/www.suno.com.br\/noticias\/#\/schema\/person\/d689f06da5678e1f0b1ee402f001d676"},"headline":"CBA (CBAV3): BTG rebaixa pre\u00e7o-alvo e espera que a\u00e7\u00f5es \u201cantecipem tempos melhores \u00e0 frente\u201d","datePublished":"2022-11-29T00:08:22+00:00","dateModified":"2022-11-29T00:08:28+00:00","mainEntityOfPage":{"@id":"https:\/\/www.suno.com.br\/noticias\/cba-cbav3-btg-rebaixa-preco-alvo-acoes\/"},"wordCount":671,"publisher":{"@id":"https:\/\/www.suno.com.br\/noticias\/#organization"},"image":{"@id":"https:\/\/www.suno.com.br\/noticias\/cba-cbav3-btg-rebaixa-preco-alvo-acoes\/#primaryimage"},"thumbnailUrl":"https:\/\/files.sunoresearch.com.br\/n\/uploads\/2022\/08\/Fabrica_CBA.jpg","keywords":["BTG Pactual (BPAC11\/BPAC3\/BPAC5)","CBA (CBAV3)","Especialistas"],"articleSection":["Mercado"],"inLanguage":"pt-BR"},{"@type":"WebPage","@id":"https:\/\/www.suno.com.br\/noticias\/cba-cbav3-btg-rebaixa-preco-alvo-acoes\/","url":"https:\/\/www.suno.com.br\/noticias\/cba-cbav3-btg-rebaixa-preco-alvo-acoes\/","name":"CBA: BTG espera que a\u00e7\u00f5es \u201cantecipem tempos melhores \u00e0 frente\u201d","isPartOf":{"@id":"https:\/\/www.suno.com.br\/noticias\/#website"},"primaryImageOfPage":{"@id":"https:\/\/www.suno.com.br\/noticias\/cba-cbav3-btg-rebaixa-preco-alvo-acoes\/#primaryimage"},"image":{"@id":"https:\/\/www.suno.com.br\/noticias\/cba-cbav3-btg-rebaixa-preco-alvo-acoes\/#primaryimage"},"thumbnailUrl":"https:\/\/files.sunoresearch.com.br\/n\/uploads\/2022\/08\/Fabrica_CBA.jpg","datePublished":"2022-11-29T00:08:22+00:00","dateModified":"2022-11-29T00:08:28+00:00","description":"O BTG Pactual rebaixa pre\u00e7o-alvo das a\u00e7\u00f5es da CBA, por\u00e9m prev\u00ea uma curva positiva no pr\u00f3ximo ano. Confira novo valor e perspectivas ao setor!","breadcrumb":{"@id":"https:\/\/www.suno.com.br\/noticias\/cba-cbav3-btg-rebaixa-preco-alvo-acoes\/#breadcrumb"},"inLanguage":"pt-BR","potentialAction":[{"@type":"ReadAction","target":["https:\/\/www.suno.com.br\/noticias\/cba-cbav3-btg-rebaixa-preco-alvo-acoes\/"]}]},{"@type":"ImageObject","inLanguage":"pt-BR","@id":"https:\/\/www.suno.com.br\/noticias\/cba-cbav3-btg-rebaixa-preco-alvo-acoes\/#primaryimage","url":"https:\/\/files.sunoresearch.com.br\/n\/uploads\/2022\/08\/Fabrica_CBA.jpg","contentUrl":"https:\/\/files.sunoresearch.com.br\/n\/uploads\/2022\/08\/Fabrica_CBA.jpg","width":1280,"height":958,"caption":"F\u00e1brica da CBA em S\u00e3o Paulo (SP). Foto: Arquivo Creative Commons."},{"@type":"BreadcrumbList","@id":"https:\/\/www.suno.com.br\/noticias\/cba-cbav3-btg-rebaixa-preco-alvo-acoes\/#breadcrumb","itemListElement":[{"@type":"ListItem","position":1,"name":"Not\u00edcias","item":"https:\/\/www.suno.com.br\/noticias\/"},{"@type":"ListItem","position":2,"name":"Mercado","item":"https:\/\/www.suno.com.br\/noticias\/mercado\/"},{"@type":"ListItem","position":3,"name":"CBA (CBAV3): BTG rebaixa pre\u00e7o-alvo e espera que a\u00e7\u00f5es \u201cantecipem tempos melhores \u00e0 frente\u201d"}]},{"@type":"WebSite","@id":"https:\/\/www.suno.com.br\/noticias\/#website","url":"https:\/\/www.suno.com.br\/noticias\/","name":"Suno Not\u00edcias","description":"Seu portal de informa\u00e7\u00e3o sobre o mundo dos investimentos","publisher":{"@id":"https:\/\/www.suno.com.br\/noticias\/#organization"},"potentialAction":[{"@type":"SearchAction","target":{"@type":"EntryPoint","urlTemplate":"https:\/\/www.suno.com.br\/noticias\/?s={search_term_string}"},"query-input":{"@type":"PropertyValueSpecification","valueRequired":true,"valueName":"search_term_string"}}],"inLanguage":"pt-BR"},{"@type":"Organization","@id":"https:\/\/www.suno.com.br\/noticias\/#organization","name":"Suno Not\u00edcias","url":"https:\/\/www.suno.com.br\/noticias\/","logo":{"@type":"ImageObject","inLanguage":"pt-BR","@id":"https:\/\/www.suno.com.br\/noticias\/#\/schema\/logo\/image\/","url":"https:\/\/files.sunoresearch.com.br\/n\/uploads\/2021\/09\/suno-logo.png","contentUrl":"https:\/\/files.sunoresearch.com.br\/n\/uploads\/2021\/09\/suno-logo.png","width":180,"height":180,"caption":"Suno Not\u00edcias"},"image":{"@id":"https:\/\/www.suno.com.br\/noticias\/#\/schema\/logo\/image\/"},"sameAs":["https:\/\/facebook.com\/sunoresearch","https:\/\/x.com\/sunoresearch","https:\/\/www.instagram.com\/suno","https:\/\/www.linkedin.com\/company\/suno-research\/","https:\/\/www.youtube.com\/c\/sunoresearch"]},{"@type":"Person","@id":"https:\/\/www.suno.com.br\/noticias\/#\/schema\/person\/d689f06da5678e1f0b1ee402f001d676","name":"Janize Cola\u00e7o","image":{"@type":"ImageObject","inLanguage":"pt-BR","@id":"https:\/\/www.suno.com.br\/noticias\/#\/schema\/person\/image\/","url":"https:\/\/secure.gravatar.com\/avatar\/32b3bf89abae63ca2cf961bc051522d0?s=96&r=g","contentUrl":"https:\/\/secure.gravatar.com\/avatar\/32b3bf89abae63ca2cf961bc051522d0?s=96&r=g","caption":"Janize Cola\u00e7o"},"description":"Jornalista formada pela PUC-SP com passagens pela Record TV, Globo Cond\u00e9 Nast, Revista Panrotas e Editora Via. Hoje, \u00e9 rep\u00f3rter no Suno Not\u00edcias, cobrindo pautas sobre mercado, pol\u00edtica, economia e bolsa de valores.","url":"https:\/\/www.suno.com.br\/noticias\/author\/janize-colaco\/"}]}},"default_loop_html":"<div class=\"cardsPage__listCard__boxs\"><div class=\"cardsPage__listCard__boxs__img\"><a href=\"https:\/\/www.suno.com.br\/noticias\/cba-cbav3-btg-rebaixa-preco-alvo-acoes\/\"><img class=\"mask\" src=\"https:\/\/www.suno.com.br\/noticias\/wp-content\/themes\/suno\/resources\/images\/spotlight\/spotlight1img\/bg-mask.png\" alt=\"Image Mask\"\/><img src=\"https:\/\/files.sunoresearch.com.br\/n\/uploads\/2022\/08\/Fabrica_CBA-400x200.jpg\" alt=\"CBA (CBAV3): BTG rebaixa pre\u00e7o-alvo e espera que a\u00e7\u00f5es \u201cantecipem tempos melhores \u00e0 frente\u201d\"\/><\/a><span class=\"spotlightCategory\"><a href=\"https:\/\/www.suno.com.br\/noticias\/mercado\/\">Mercado<\/a><\/span><\/div><div class=\"cardsPage__listCard__boxs__content\"><a href=\"https:\/\/www.suno.com.br\/noticias\/cba-cbav3-btg-rebaixa-preco-alvo-acoes\/\"><h2 class=\"content__title\">CBA (CBAV3): BTG rebaixa pre\u00e7o-alvo e espera que a\u00e7\u00f5es \u201cantecipem tempos melhores \u00e0 frente\u201d<\/h2><\/a><div class=\"newsContent__article__meta\"><div class=\"newsContent__article__meta__authorBox\"><a href=\"https:\/\/www.suno.com.br\/noticias\/author\/ana-clara-macedo\/\" class=\"authorBox__avatar noMobi\"><img src=\"https:\/\/secure.gravatar.com\/avatar\/40810da86786bd5619f8cd594b0f44ef?s=96&#038;r=g\" alt=\"Ana Clara Macedo\"><\/a><div class=\"authorBox__name\"><span>por\n\t\t\t<a href=\"https:\/\/www.suno.com.br\/noticias\/author\/ana-clara-macedo\/\"><span itemprop=\"author\">Ana Clara Macedo<\/span><\/a><\/span><time datetime=\"2022-11-28T21:08:22-03:00\" itemprop=\"datePublished\">28\/11\/2022 21:08<\/time><\/div><\/div><\/div><\/div><\/div>","single_layout":"posts","amp_enabled":true,"_links":{"self":[{"href":"https:\/\/www.suno.com.br\/noticias\/wp-json\/wp\/v2\/posts\/324983"}],"collection":[{"href":"https:\/\/www.suno.com.br\/noticias\/wp-json\/wp\/v2\/posts"}],"about":[{"href":"https:\/\/www.suno.com.br\/noticias\/wp-json\/wp\/v2\/types\/post"}],"author":[{"embeddable":true,"href":"https:\/\/www.suno.com.br\/noticias\/wp-json\/wp\/v2\/users\/233"}],"replies":[{"embeddable":true,"href":"https:\/\/www.suno.com.br\/noticias\/wp-json\/wp\/v2\/comments?post=324983"}],"version-history":[{"count":2,"href":"https:\/\/www.suno.com.br\/noticias\/wp-json\/wp\/v2\/posts\/324983\/revisions"}],"predecessor-version":[{"id":325199,"href":"https:\/\/www.suno.com.br\/noticias\/wp-json\/wp\/v2\/posts\/324983\/revisions\/325199"}],"wp:featuredmedia":[{"embeddable":true,"href":"https:\/\/www.suno.com.br\/noticias\/wp-json\/wp\/v2\/media\/284131"}],"wp:attachment":[{"href":"https:\/\/www.suno.com.br\/noticias\/wp-json\/wp\/v2\/media?parent=324983"}],"wp:term":[{"taxonomy":"category","embeddable":true,"href":"https:\/\/www.suno.com.br\/noticias\/wp-json\/wp\/v2\/categories?post=324983"},{"taxonomy":"post_tag","embeddable":true,"href":"https:\/\/www.suno.com.br\/noticias\/wp-json\/wp\/v2\/tags?post=324983"},{"taxonomy":"suno_strategy","embeddable":true,"href":"https:\/\/www.suno.com.br\/noticias\/wp-json\/wp\/v2\/suno_strategy?post=324983"}],"curies":[{"name":"wp","href":"https:\/\/api.w.org\/{rel}","templated":true}]}}