{"id":32492,"date":"2019-07-29T16:19:44","date_gmt":"2019-07-29T19:19:44","guid":{"rendered":"https:\/\/www.suno.com.br\/noticias\/?p=32492"},"modified":"2019-07-29T19:54:59","modified_gmt":"2019-07-29T22:54:59","slug":"governo-federal-investimento-comgas","status":"publish","type":"post","link":"https:\/\/www.suno.com.br\/noticias\/governo-federal-investimento-comgas\/","title":{"rendered":"Governo federal aprova projeto de emiss\u00e3o de deb\u00eantures da Comg\u00e1s"},"content":{"rendered":"<p>O<strong> Minist\u00e9rio de Minas e Energia<\/strong> aprovou nesta segunda-feira (29) um projeto de investimento que autoriza a Companhia de G\u00e1s de S\u00e3o Paulo (Comg\u00e1s) a emitir <strong><a href=\"https:\/\/www.suno.com.br\/artigos\/debentures-incentivadas\/\">deb\u00eantures incentivadas<\/a><\/strong>.<\/p>\t<div class=\"wrapper-featured-image\">\n\t\t<figure class=\"spotlightImg\">\n\n\t\t\t<picture>\n\t\t\t\t<source media=\"(max-width: 768px)\" srcset=\"https:\/\/files.sunoresearch.com.br\/n\/uploads\/2019\/07\/40e5a855-g\u00e1ss-400x200.webp\">\n\t\t\t\t<img loading=\"lazy\" decoding=\"async\" class=\"newsContent__article__imgCapa lazyloadDisabled newsContent__article__imgCapa--noCaption\" src=\"https:\/\/files.sunoresearch.com.br\/n\/uploads\/2019\/07\/40e5a855-g\u00e1ss-png.webp\" width=\"800\" height=\"450\" alt=\"Governo federal aprova projeto de emiss\u00e3o de deb\u00eantures da Comg\u00e1s\" fetchpriority=high \/>\n\t\t\t<\/picture>\n\n\t\t\t<figcaption class=\"wp-caption-text wp-caption-text--hide\">Comg\u00e1s comunica transfer\u00eancia de a\u00e7\u00f5es da Cosan para a DG <\/figcaption>\n\t\t<\/figure>\n\t<\/div>\n\n\n<p>A medida foi classificada como priorit\u00e1ria pelo minist\u00e9rio. O intuito \u00e9 expandir os servi\u00e7os de g\u00e1s canalizado em S\u00e3o Paulo entre o segundo semestre deste ano e 2024. A <strong>Comg\u00e1s<\/strong> pretende pretende investir R$ 3,47 bilh\u00f5es no projeto.<\/p>\n<p>A distribuidora de g\u00e1s busca expandir sua rede de distribui\u00e7\u00e3o em 5.500 km. Dessa forma, \u00e9 esperado um n\u00famero de 800 mil novos consumidores de g\u00e1s canalizado.<\/p>\n\n<p>Al\u00e9m disso, a expectativa do governo federal \u00e9 de que o volume total de g\u00e1s distribu\u00eddo passe de 4,9 bilh\u00f5es de m\u00b3, registrado em 2018, para 5,9 milh\u00f5es de m\u00b3 em 2024.<\/p>\n<p>Conforme o comunicado divulgado pelo minist\u00e9rio, a rede de postos de g\u00e1s natural veicular da Comg\u00e1s continuar\u00e1 operando.<\/p>\n<p>&#8220;Trata-se do primeiro projeto do setor de petr\u00f3leo, g\u00e1s natural e biocombust\u00edveis a ter essa classifica\u00e7\u00e3o ap\u00f3s a publica\u00e7\u00e3o da portaria MME n\u00ba 252\/2019 em junho, que regulamentou o processo de enquadramento de projetos priorit\u00e1rios nesses setores para emiss\u00e3o de deb\u00eantures incentivadas&#8221;, diz o comunicado.<\/p>\n<p>O projeto engloba alguns dos objetivos do programa &#8220;Novo Mercado de G\u00e1s&#8221;, anunciado na \u00faltima ter\u00e7a-feira (23) pelo presidente Jair Bolsonaro.\u00a0Entre eles, o est\u00edmulo ao transporte, tratamento e processamento do <strong>g\u00e1s natural<\/strong>.<\/p>\n<p><iframe loading=\"lazy\" title=\"?Boletim Focus indica PIB est\u00e1vel; BNDES vende 35 bi e governo aprova deb\u00eantures da Comg\u00e1s\" width=\"200\" height=\"113\" src=\"https:\/\/www.youtube.com\/embed\/1WSAc7sypxA?feature=oembed\" frameborder=\"0\" allow=\"accelerometer; autoplay; encrypted-media; gyroscope; picture-in-picture\" allowfullscreen><\/iframe><\/p>\n<h2>Novo Mercado de G\u00e1s<\/h2>\n<p>O governo federal lan\u00e7ou anunciou na \u00faltima semana o Programa Novo Mercado de G\u00e1s. O projeto inclui uma s\u00e9rie de novas medidas de abertura do setor de g\u00e1s.<\/p>\n<p><a href=\"https:\/\/www.suno.com.br\/noticias\/novo-mercado-gas-commodity-mme\/\">Saiba mais: Programa Novo Mercado de G\u00e1s vai revolucionar a commodity, diz MME<\/a><\/p>\n<p>Confira algumas das medidas:<\/p>\n<ul>\n<li>promo\u00e7\u00e3o de boas pr\u00e1ticas regulat\u00f3rias para presta\u00e7\u00e3o do servi\u00e7o de g\u00e1s canalizado, incluindo transpar\u00eancia na metodologia de c\u00e1lculo tarif\u00e1rio;<\/li>\n<li>efetiva separa\u00e7\u00e3o entre as atividades de comercializa\u00e7\u00e3o e de presta\u00e7\u00e3o de servi\u00e7os de rede;<\/li>\n<li>ado\u00e7\u00e3o de estrutura tarif\u00e1ria proporcional a utiliza\u00e7\u00e3o dos servi\u00e7os de distribui\u00e7\u00e3o, por segmento de usu\u00e1rios;<\/li>\n<li>ado\u00e7\u00e3o de princ\u00edpios regulat\u00f3rios para os Consumidores Livres, Autoprodutores e Autoimportadores;<\/li>\n<li>cria\u00e7\u00e3o ou manuten\u00e7\u00e3o de ag\u00eancia reguladora aut\u00f4noma, com requisitos m\u00ednimos de governan\u00e7a, transpar\u00eancia e rito decis\u00f3rio;<\/li>\n<li>privatiza\u00e7\u00e3o da concession\u00e1ria estadual de servi\u00e7o local de g\u00e1s canalizado, avaliando-se a oportunidade e a conveni\u00eancia de defini\u00e7\u00e3o de novo contrato de concess\u00e3o;<\/li>\n<li>ades\u00e3o a ajustes tribut\u00e1rios necess\u00e1rios \u00e0 abertura do mercado de g\u00e1s natural.<\/li>\n<\/ul>\n\t<p>\n\t\t<a href=\"https:\/\/lp.suno.com.br\/4-emissao-snel11\/\" target=\"_blank\" data-element=\"shortcode-suno-banner\" title=\"Banner SUNO, clique e saiba mais\">\n\t\t\t<picture>\n\t\t\t\t<source media=\"(max-width: 500px)\" srcset=\"https:\/\/files.sunoresearch.com.br\/n\/uploads\/2025\/07\/400x300-Mobile-Artigos-7.webp\">\n\t\t\t\t<img class=\"newsContent__article__imgCapa newsContent__article__imgCapa--banner\"\n\t\t\t\t\tsrc=\"https:\/\/files.sunoresearch.com.br\/n\/uploads\/2025\/07\/1420x240-Banner-Artigos-1-_-Banner-Materias-5.webp\"\n\t\t\t\t\tdata-promo-id=\"613822\"\t\t\t\t\t\t\t\t\t\twidth='1420' height='240'\t\t\t\t\talt=\"https:\/\/files.sunoresearch.com.br\/n\/uploads\/2025\/07\/1420x240-Banner-Artigos-1-_-Banner-Materias-5.webp\"\n\t\t\t\t>\n\t\t\t<\/picture>\n\t\t<\/a>\n\t<\/p>\n\n\n<p>O projeto de investimentos da <strong>Comg\u00e1s<\/strong> \u00e9 uma das primeiras medidas anunciadas pelo governo ap\u00f3s o lan\u00e7amento do programa.<\/p>\n","protected":false},"excerpt":{"rendered":"<p>O Minist\u00e9rio de Minas e Energia aprovou nesta segunda-feira (29) um projeto de investimento que autoriza a Companhia de G\u00e1s de S\u00e3o Paulo (Comg\u00e1s) a emitir deb\u00eantures incentivadas. Comg\u00e1s comunica transfer\u00eancia de a\u00e7\u00f5es da Cosan para a DG A medida foi classificada como priorit\u00e1ria pelo minist\u00e9rio. O intuito \u00e9 expandir os servi\u00e7os de g\u00e1s canalizado [&hellip;]<\/p>\n","protected":false},"author":18,"featured_media":32496,"comment_status":"closed","ping_status":"closed","sticky":false,"template":"","format":"standard","meta":[],"categories":[64],"tags":[428,1560,1467,1227],"suno_strategy":[],"class_list":["post-32492","post","type-post","status-publish","format-standard","has-post-thumbnail","hentry","category-negocios","tag-comgas-cgas3-cgas5","tag-debentures-incentivadas","tag-gas-natural","tag-ministerio-de-minas-e-energia"],"yoast_head":"<!-- This site is optimized with the Yoast SEO plugin v24.4 - https:\/\/yoast.com\/wordpress\/plugins\/seo\/ -->\n<title>Governo federal aprova projeto de emiss\u00e3o de deb\u00eantures da Comg\u00e1s<\/title>\n<meta name=\"description\" content=\"O governo federal aprovou um projeto de investimento que autoriza a Comg\u00e1s a emitir deb\u00eantures incentivadas.\u00a0Clique para saber mais.\" \/>\n<meta name=\"robots\" content=\"index, follow, max-snippet:-1, max-image-preview:large, max-video-preview:-1\" \/>\n<link rel=\"canonical\" href=\"https:\/\/www.suno.com.br\/noticias\/governo-federal-investimento-comgas\/\" \/>\n<meta property=\"og:locale\" content=\"pt_BR\" \/>\n<meta property=\"og:type\" content=\"article\" \/>\n<meta property=\"og:title\" content=\"Governo federal aprova projeto de emiss\u00e3o de deb\u00eantures da Comg\u00e1s\" \/>\n<meta property=\"og:description\" content=\"O governo federal aprovou um projeto de investimento que autoriza a Comg\u00e1s a emitir deb\u00eantures incentivadas.\u00a0Clique para saber mais.\" \/>\n<meta property=\"og:url\" content=\"https:\/\/www.suno.com.br\/noticias\/governo-federal-investimento-comgas\/\" \/>\n<meta property=\"og:site_name\" content=\"Suno Not\u00edcias\" \/>\n<meta property=\"article:publisher\" content=\"https:\/\/facebook.com\/sunoresearch\" \/>\n<meta property=\"og:image\" content=\"https:\/\/files.sunoresearch.com.br\/n\/uploads\/2019\/07\/40e5a855-g\u00e1ss.png\" \/>\n\t<meta property=\"og:image:width\" content=\"688\" \/>\n\t<meta property=\"og:image:height\" content=\"377\" \/>\n\t<meta property=\"og:image:type\" content=\"image\/png\" \/>\n<meta name=\"author\" content=\"Giovanna Oliveira\" \/>\n<meta name=\"twitter:card\" content=\"summary_large_image\" \/>\n<meta name=\"twitter:creator\" content=\"@sunoresearch\" \/>\n<meta name=\"twitter:site\" content=\"@sunoresearch\" \/>\n<meta name=\"twitter:label1\" content=\"Escrito por\" \/>\n\t<meta name=\"twitter:data1\" content=\"Giovanna Oliveira\" \/>\n\t<meta name=\"twitter:label2\" content=\"Est. tempo de leitura\" \/>\n\t<meta name=\"twitter:data2\" content=\"2 minutos\" \/>\n<script type=\"application\/ld+json\" class=\"yoast-schema-graph\">{\"@context\":\"https:\/\/schema.org\",\"@graph\":[{\"@type\":\"NewsArticle\",\"@id\":\"https:\/\/www.suno.com.br\/noticias\/governo-federal-investimento-comgas\/#article\",\"isPartOf\":{\"@id\":\"https:\/\/www.suno.com.br\/noticias\/governo-federal-investimento-comgas\/\"},\"author\":{\"name\":\"Giovanna Oliveira\",\"@id\":\"https:\/\/www.suno.com.br\/noticias\/#\/schema\/person\/4e19e3d2575736e5283d58eb3199d120\"},\"headline\":\"Governo federal aprova projeto de emiss\u00e3o de deb\u00eantures da Comg\u00e1s\",\"datePublished\":\"2019-07-29T19:19:44+00:00\",\"dateModified\":\"2019-07-29T22:54:59+00:00\",\"mainEntityOfPage\":{\"@id\":\"https:\/\/www.suno.com.br\/noticias\/governo-federal-investimento-comgas\/\"},\"wordCount\":499,\"publisher\":{\"@id\":\"https:\/\/www.suno.com.br\/noticias\/#organization\"},\"image\":{\"@id\":\"https:\/\/www.suno.com.br\/noticias\/governo-federal-investimento-comgas\/#primaryimage\"},\"thumbnailUrl\":\"https:\/\/files.sunoresearch.com.br\/n\/uploads\/2019\/07\/40e5a855-g\u00e1ss-png.webp\",\"keywords\":[\"Comg\u00e1s (CGAS3\/CGAS5)\",\"deb\u00eantures incentivadas\",\"g\u00e1s natural\",\"Minist\u00e9rio de Minas e Energia\"],\"articleSection\":[\"Neg\u00f3cios\"],\"inLanguage\":\"pt-BR\"},{\"@type\":\"WebPage\",\"@id\":\"https:\/\/www.suno.com.br\/noticias\/governo-federal-investimento-comgas\/\",\"url\":\"https:\/\/www.suno.com.br\/noticias\/governo-federal-investimento-comgas\/\",\"name\":\"Governo federal aprova projeto de emiss\u00e3o de deb\u00eantures da Comg\u00e1s\",\"isPartOf\":{\"@id\":\"https:\/\/www.suno.com.br\/noticias\/#website\"},\"primaryImageOfPage\":{\"@id\":\"https:\/\/www.suno.com.br\/noticias\/governo-federal-investimento-comgas\/#primaryimage\"},\"image\":{\"@id\":\"https:\/\/www.suno.com.br\/noticias\/governo-federal-investimento-comgas\/#primaryimage\"},\"thumbnailUrl\":\"https:\/\/files.sunoresearch.com.br\/n\/uploads\/2019\/07\/40e5a855-g\u00e1ss-png.webp\",\"datePublished\":\"2019-07-29T19:19:44+00:00\",\"dateModified\":\"2019-07-29T22:54:59+00:00\",\"description\":\"O governo federal aprovou um projeto de investimento que autoriza a Comg\u00e1s a emitir deb\u00eantures incentivadas.\u00a0Clique para saber mais.\",\"breadcrumb\":{\"@id\":\"https:\/\/www.suno.com.br\/noticias\/governo-federal-investimento-comgas\/#breadcrumb\"},\"inLanguage\":\"pt-BR\",\"potentialAction\":[{\"@type\":\"ReadAction\",\"target\":[\"https:\/\/www.suno.com.br\/noticias\/governo-federal-investimento-comgas\/\"]}]},{\"@type\":\"ImageObject\",\"inLanguage\":\"pt-BR\",\"@id\":\"https:\/\/www.suno.com.br\/noticias\/governo-federal-investimento-comgas\/#primaryimage\",\"url\":\"https:\/\/files.sunoresearch.com.br\/n\/uploads\/2019\/07\/40e5a855-g\u00e1ss-png.webp\",\"contentUrl\":\"https:\/\/files.sunoresearch.com.br\/n\/uploads\/2019\/07\/40e5a855-g\u00e1ss-png.webp\",\"width\":688,\"height\":377,\"caption\":\"Comg\u00e1s comunica transfer\u00eancia de a\u00e7\u00f5es da Cosan para a DG\"},{\"@type\":\"BreadcrumbList\",\"@id\":\"https:\/\/www.suno.com.br\/noticias\/governo-federal-investimento-comgas\/#breadcrumb\",\"itemListElement\":[{\"@type\":\"ListItem\",\"position\":1,\"name\":\"Not\u00edcias\",\"item\":\"https:\/\/www.suno.com.br\/noticias\/\"},{\"@type\":\"ListItem\",\"position\":2,\"name\":\"Neg\u00f3cios\",\"item\":\"https:\/\/www.suno.com.br\/noticias\/negocios\/\"},{\"@type\":\"ListItem\",\"position\":3,\"name\":\"Governo federal aprova projeto de emiss\u00e3o de deb\u00eantures da Comg\u00e1s\"}]},{\"@type\":\"WebSite\",\"@id\":\"https:\/\/www.suno.com.br\/noticias\/#website\",\"url\":\"https:\/\/www.suno.com.br\/noticias\/\",\"name\":\"Suno Not\u00edcias\",\"description\":\"Seu portal de informa\u00e7\u00e3o sobre o mundo dos investimentos\",\"publisher\":{\"@id\":\"https:\/\/www.suno.com.br\/noticias\/#organization\"},\"potentialAction\":[{\"@type\":\"SearchAction\",\"target\":{\"@type\":\"EntryPoint\",\"urlTemplate\":\"https:\/\/www.suno.com.br\/noticias\/?s={search_term_string}\"},\"query-input\":{\"@type\":\"PropertyValueSpecification\",\"valueRequired\":true,\"valueName\":\"search_term_string\"}}],\"inLanguage\":\"pt-BR\"},{\"@type\":\"Organization\",\"@id\":\"https:\/\/www.suno.com.br\/noticias\/#organization\",\"name\":\"Suno Not\u00edcias\",\"url\":\"https:\/\/www.suno.com.br\/noticias\/\",\"logo\":{\"@type\":\"ImageObject\",\"inLanguage\":\"pt-BR\",\"@id\":\"https:\/\/www.suno.com.br\/noticias\/#\/schema\/logo\/image\/\",\"url\":\"https:\/\/files.sunoresearch.com.br\/n\/uploads\/2021\/09\/suno-logo.png\",\"contentUrl\":\"https:\/\/files.sunoresearch.com.br\/n\/uploads\/2021\/09\/suno-logo.png\",\"width\":180,\"height\":180,\"caption\":\"Suno Not\u00edcias\"},\"image\":{\"@id\":\"https:\/\/www.suno.com.br\/noticias\/#\/schema\/logo\/image\/\"},\"sameAs\":[\"https:\/\/facebook.com\/sunoresearch\",\"https:\/\/x.com\/sunoresearch\",\"https:\/\/www.instagram.com\/suno\",\"https:\/\/www.linkedin.com\/company\/suno-research\/\",\"https:\/\/www.youtube.com\/c\/sunoresearch\"]},{\"@type\":\"Person\",\"@id\":\"https:\/\/www.suno.com.br\/noticias\/#\/schema\/person\/4e19e3d2575736e5283d58eb3199d120\",\"name\":\"Giovanna Oliveira\",\"image\":{\"@type\":\"ImageObject\",\"inLanguage\":\"pt-BR\",\"@id\":\"https:\/\/www.suno.com.br\/noticias\/#\/schema\/person\/image\/\",\"url\":\"https:\/\/secure.gravatar.com\/avatar\/9a37b3ae208962ac568992d0ffdbc2eb?s=96&r=g\",\"contentUrl\":\"https:\/\/secure.gravatar.com\/avatar\/9a37b3ae208962ac568992d0ffdbc2eb?s=96&r=g\",\"caption\":\"Giovanna Oliveira\"},\"description\":\"Giovanna Oliveira escreve sobre economia e pol\u00edtica. Foi rep\u00f3rter do portal de jornalismo da ESPM-SP e produziu conte\u00fado para a Corinthians TV. \u00c9 estudante da ESPM.\",\"url\":\"https:\/\/www.suno.com.br\/noticias\/author\/giovanna\/\"}]}<\/script>\n<!-- \/ Yoast SEO plugin. -->","yoast_head_json":{"title":"Governo federal aprova projeto de emiss\u00e3o de deb\u00eantures da Comg\u00e1s","description":"O governo federal aprovou um projeto de investimento que autoriza a Comg\u00e1s a emitir deb\u00eantures incentivadas.\u00a0Clique para saber mais.","robots":{"index":"index","follow":"follow","max-snippet":"max-snippet:-1","max-image-preview":"max-image-preview:large","max-video-preview":"max-video-preview:-1"},"canonical":"https:\/\/www.suno.com.br\/noticias\/governo-federal-investimento-comgas\/","og_locale":"pt_BR","og_type":"article","og_title":"Governo federal aprova projeto de emiss\u00e3o de deb\u00eantures da Comg\u00e1s","og_description":"O governo federal aprovou um projeto de investimento que autoriza a Comg\u00e1s a emitir deb\u00eantures incentivadas.\u00a0Clique para saber mais.","og_url":"https:\/\/www.suno.com.br\/noticias\/governo-federal-investimento-comgas\/","og_site_name":"Suno Not\u00edcias","article_publisher":"https:\/\/facebook.com\/sunoresearch","og_image":[{"width":688,"height":377,"url":"https:\/\/files.sunoresearch.com.br\/n\/uploads\/2019\/07\/40e5a855-g\u00e1ss.png","type":"image\/png"}],"author":"Giovanna Oliveira","twitter_card":"summary_large_image","twitter_creator":"@sunoresearch","twitter_site":"@sunoresearch","twitter_misc":{"Escrito por":"Giovanna Oliveira","Est. tempo de leitura":"2 minutos"},"schema":{"@context":"https:\/\/schema.org","@graph":[{"@type":"NewsArticle","@id":"https:\/\/www.suno.com.br\/noticias\/governo-federal-investimento-comgas\/#article","isPartOf":{"@id":"https:\/\/www.suno.com.br\/noticias\/governo-federal-investimento-comgas\/"},"author":{"name":"Giovanna Oliveira","@id":"https:\/\/www.suno.com.br\/noticias\/#\/schema\/person\/4e19e3d2575736e5283d58eb3199d120"},"headline":"Governo federal aprova projeto de emiss\u00e3o de deb\u00eantures da Comg\u00e1s","datePublished":"2019-07-29T19:19:44+00:00","dateModified":"2019-07-29T22:54:59+00:00","mainEntityOfPage":{"@id":"https:\/\/www.suno.com.br\/noticias\/governo-federal-investimento-comgas\/"},"wordCount":499,"publisher":{"@id":"https:\/\/www.suno.com.br\/noticias\/#organization"},"image":{"@id":"https:\/\/www.suno.com.br\/noticias\/governo-federal-investimento-comgas\/#primaryimage"},"thumbnailUrl":"https:\/\/files.sunoresearch.com.br\/n\/uploads\/2019\/07\/40e5a855-g\u00e1ss-png.webp","keywords":["Comg\u00e1s (CGAS3\/CGAS5)","deb\u00eantures incentivadas","g\u00e1s natural","Minist\u00e9rio de Minas e Energia"],"articleSection":["Neg\u00f3cios"],"inLanguage":"pt-BR"},{"@type":"WebPage","@id":"https:\/\/www.suno.com.br\/noticias\/governo-federal-investimento-comgas\/","url":"https:\/\/www.suno.com.br\/noticias\/governo-federal-investimento-comgas\/","name":"Governo federal aprova projeto de emiss\u00e3o de deb\u00eantures da Comg\u00e1s","isPartOf":{"@id":"https:\/\/www.suno.com.br\/noticias\/#website"},"primaryImageOfPage":{"@id":"https:\/\/www.suno.com.br\/noticias\/governo-federal-investimento-comgas\/#primaryimage"},"image":{"@id":"https:\/\/www.suno.com.br\/noticias\/governo-federal-investimento-comgas\/#primaryimage"},"thumbnailUrl":"https:\/\/files.sunoresearch.com.br\/n\/uploads\/2019\/07\/40e5a855-g\u00e1ss-png.webp","datePublished":"2019-07-29T19:19:44+00:00","dateModified":"2019-07-29T22:54:59+00:00","description":"O governo federal aprovou um projeto de investimento que autoriza a Comg\u00e1s a emitir deb\u00eantures incentivadas.\u00a0Clique para saber mais.","breadcrumb":{"@id":"https:\/\/www.suno.com.br\/noticias\/governo-federal-investimento-comgas\/#breadcrumb"},"inLanguage":"pt-BR","potentialAction":[{"@type":"ReadAction","target":["https:\/\/www.suno.com.br\/noticias\/governo-federal-investimento-comgas\/"]}]},{"@type":"ImageObject","inLanguage":"pt-BR","@id":"https:\/\/www.suno.com.br\/noticias\/governo-federal-investimento-comgas\/#primaryimage","url":"https:\/\/files.sunoresearch.com.br\/n\/uploads\/2019\/07\/40e5a855-g\u00e1ss-png.webp","contentUrl":"https:\/\/files.sunoresearch.com.br\/n\/uploads\/2019\/07\/40e5a855-g\u00e1ss-png.webp","width":688,"height":377,"caption":"Comg\u00e1s comunica transfer\u00eancia de a\u00e7\u00f5es da Cosan para a DG"},{"@type":"BreadcrumbList","@id":"https:\/\/www.suno.com.br\/noticias\/governo-federal-investimento-comgas\/#breadcrumb","itemListElement":[{"@type":"ListItem","position":1,"name":"Not\u00edcias","item":"https:\/\/www.suno.com.br\/noticias\/"},{"@type":"ListItem","position":2,"name":"Neg\u00f3cios","item":"https:\/\/www.suno.com.br\/noticias\/negocios\/"},{"@type":"ListItem","position":3,"name":"Governo federal aprova projeto de emiss\u00e3o de deb\u00eantures da Comg\u00e1s"}]},{"@type":"WebSite","@id":"https:\/\/www.suno.com.br\/noticias\/#website","url":"https:\/\/www.suno.com.br\/noticias\/","name":"Suno Not\u00edcias","description":"Seu portal de informa\u00e7\u00e3o sobre o mundo dos investimentos","publisher":{"@id":"https:\/\/www.suno.com.br\/noticias\/#organization"},"potentialAction":[{"@type":"SearchAction","target":{"@type":"EntryPoint","urlTemplate":"https:\/\/www.suno.com.br\/noticias\/?s={search_term_string}"},"query-input":{"@type":"PropertyValueSpecification","valueRequired":true,"valueName":"search_term_string"}}],"inLanguage":"pt-BR"},{"@type":"Organization","@id":"https:\/\/www.suno.com.br\/noticias\/#organization","name":"Suno Not\u00edcias","url":"https:\/\/www.suno.com.br\/noticias\/","logo":{"@type":"ImageObject","inLanguage":"pt-BR","@id":"https:\/\/www.suno.com.br\/noticias\/#\/schema\/logo\/image\/","url":"https:\/\/files.sunoresearch.com.br\/n\/uploads\/2021\/09\/suno-logo.png","contentUrl":"https:\/\/files.sunoresearch.com.br\/n\/uploads\/2021\/09\/suno-logo.png","width":180,"height":180,"caption":"Suno Not\u00edcias"},"image":{"@id":"https:\/\/www.suno.com.br\/noticias\/#\/schema\/logo\/image\/"},"sameAs":["https:\/\/facebook.com\/sunoresearch","https:\/\/x.com\/sunoresearch","https:\/\/www.instagram.com\/suno","https:\/\/www.linkedin.com\/company\/suno-research\/","https:\/\/www.youtube.com\/c\/sunoresearch"]},{"@type":"Person","@id":"https:\/\/www.suno.com.br\/noticias\/#\/schema\/person\/4e19e3d2575736e5283d58eb3199d120","name":"Giovanna Oliveira","image":{"@type":"ImageObject","inLanguage":"pt-BR","@id":"https:\/\/www.suno.com.br\/noticias\/#\/schema\/person\/image\/","url":"https:\/\/secure.gravatar.com\/avatar\/9a37b3ae208962ac568992d0ffdbc2eb?s=96&r=g","contentUrl":"https:\/\/secure.gravatar.com\/avatar\/9a37b3ae208962ac568992d0ffdbc2eb?s=96&r=g","caption":"Giovanna Oliveira"},"description":"Giovanna Oliveira escreve sobre economia e pol\u00edtica. Foi rep\u00f3rter do portal de jornalismo da ESPM-SP e produziu conte\u00fado para a Corinthians TV. \u00c9 estudante da ESPM.","url":"https:\/\/www.suno.com.br\/noticias\/author\/giovanna\/"}]}},"default_loop_html":"<div class=\"cardsPage__listCard__boxs\"><div class=\"cardsPage__listCard__boxs__img\"><a href=\"https:\/\/www.suno.com.br\/noticias\/governo-federal-investimento-comgas\/\"><img class=\"mask\" src=\"https:\/\/www.suno.com.br\/noticias\/wp-content\/themes\/suno\/resources\/images\/spotlight\/spotlight1img\/bg-mask.png\" alt=\"Image Mask\"\/><img src=\"https:\/\/files.sunoresearch.com.br\/n\/uploads\/2019\/07\/40e5a855-g\u00e1ss-400x200.webp\" alt=\"Governo federal aprova projeto de emiss\u00e3o de deb\u00eantures da Comg\u00e1s\"\/><\/a><span class=\"spotlightCategory\"><a href=\"https:\/\/www.suno.com.br\/noticias\/negocios\/\">Neg\u00f3cios<\/a><\/span><\/div><div class=\"cardsPage__listCard__boxs__content\"><a href=\"https:\/\/www.suno.com.br\/noticias\/governo-federal-investimento-comgas\/\"><h2 class=\"content__title\">Governo federal aprova projeto de emiss\u00e3o de deb\u00eantures da Comg\u00e1s<\/h2><\/a><div class=\"newsContent__article__meta\"><div class=\"newsContent__article__meta__authorBox\"><a href=\"https:\/\/www.suno.com.br\/noticias\/author\/giovanna\/\" class=\"authorBox__avatar noMobi\"><img src=\"https:\/\/files.sunoresearch.com.br\/n\/uploads\/2019\/06\/952a89ca-screenshot_20190608-171507-150x150.webp\" alt=\"Giovanna Oliveira\"><\/a><div class=\"authorBox__name\"><span>por\n\t\t\t<a href=\"https:\/\/www.suno.com.br\/noticias\/author\/giovanna\/\"><span itemprop=\"author\">Giovanna Oliveira<\/span><\/a><\/span><time datetime=\"2019-07-29T16:19:44-03:00\" itemprop=\"datePublished\">29\/07\/2019 16:19<\/time><\/div><\/div><\/div><\/div><\/div>","single_layout":"posts","amp_enabled":true,"_links":{"self":[{"href":"https:\/\/www.suno.com.br\/noticias\/wp-json\/wp\/v2\/posts\/32492"}],"collection":[{"href":"https:\/\/www.suno.com.br\/noticias\/wp-json\/wp\/v2\/posts"}],"about":[{"href":"https:\/\/www.suno.com.br\/noticias\/wp-json\/wp\/v2\/types\/post"}],"author":[{"embeddable":true,"href":"https:\/\/www.suno.com.br\/noticias\/wp-json\/wp\/v2\/users\/18"}],"replies":[{"embeddable":true,"href":"https:\/\/www.suno.com.br\/noticias\/wp-json\/wp\/v2\/comments?post=32492"}],"version-history":[{"count":0,"href":"https:\/\/www.suno.com.br\/noticias\/wp-json\/wp\/v2\/posts\/32492\/revisions"}],"wp:featuredmedia":[{"embeddable":true,"href":"https:\/\/www.suno.com.br\/noticias\/wp-json\/wp\/v2\/media\/32496"}],"wp:attachment":[{"href":"https:\/\/www.suno.com.br\/noticias\/wp-json\/wp\/v2\/media?parent=32492"}],"wp:term":[{"taxonomy":"category","embeddable":true,"href":"https:\/\/www.suno.com.br\/noticias\/wp-json\/wp\/v2\/categories?post=32492"},{"taxonomy":"post_tag","embeddable":true,"href":"https:\/\/www.suno.com.br\/noticias\/wp-json\/wp\/v2\/tags?post=32492"},{"taxonomy":"suno_strategy","embeddable":true,"href":"https:\/\/www.suno.com.br\/noticias\/wp-json\/wp\/v2\/suno_strategy?post=32492"}],"curies":[{"name":"wp","href":"https:\/\/api.w.org\/{rel}","templated":true}]}}