{"id":324617,"date":"2022-11-27T15:01:13","date_gmt":"2022-11-27T18:01:13","guid":{"rendered":"https:\/\/www.suno.com.br\/noticias\/?p=324617"},"modified":"2022-11-28T12:05:00","modified_gmt":"2022-11-28T15:05:00","slug":"braskem-brkm5-roberto-simoes-presidencia","status":"publish","type":"post","link":"https:\/\/www.suno.com.br\/noticias\/braskem-brkm5-roberto-simoes-presidencia\/","title":{"rendered":"Braskem (BRKM5): Roberto Sim\u00f5es vai deixar presid\u00eancia; Roberto Bischoff assumir\u00e1 posto"},"content":{"rendered":"<p>Presidente da <strong><a href=\"https:\/\/www.suno.com.br\/acoes\/brkm5\/\">Braskem (BRKM5)<\/a><\/strong>, Roberto Sim\u00f5es vai deixar o comando da empresa no final de 2022. Roberto Bischoff assumir\u00e1 a lideran\u00e7a da petroqu\u00edmica em 2023, ap\u00f3s ser indicado para o cargo pela Novonor (antiga Odebrecht), acionista controladora do grupo.<\/p>\t<div class=\"wrapper-featured-image\">\n\t\t<figure class=\"spotlightImg\">\n\n\t\t\t<picture>\n\t\t\t\t<source media=\"(max-width: 768px)\" srcset=\"https:\/\/files.sunoresearch.com.br\/n\/uploads\/2022\/11\/Braskem-400x200.jpg\">\n\t\t\t\t<img loading=\"lazy\" decoding=\"async\" class=\"newsContent__article__imgCapa lazyloadDisabled \" src=\"https:\/\/files.sunoresearch.com.br\/n\/uploads\/2022\/11\/Braskem-800x450.jpg\" width=\"800\" height=\"450\" alt=\"Braskem (BRKM5): Roberto Sim\u00f5es vai deixar presid\u00eancia; Roberto Bischoff assumir\u00e1 posto\" fetchpriority=high \/>\n\t\t\t<\/picture>\n\n\t\t\t<figcaption class=\"wp-caption-text wp-caption-text--show\">Braskem. Foto: Divulga\u00e7\u00e3o<\/figcaption>\n\t\t<\/figure>\n\t<\/div>\n\n\n\n\n\n\t<p>\n\t\t<a href=\"https:\/\/lp.suno.com.br\/planilha-controle-gastos\/\" target=\"_blank\" data-element=\"shortcode-suno-banner\" title=\"Banner SUNO, clique e saiba mais\">\n\t\t\t<picture>\n\t\t\t\t<source media=\"(max-width: 500px)\" srcset=\"https:\/\/files.sunoresearch.com.br\/n\/uploads\/2023\/03\/400x300-Planilha-controle-de-gastos.png\">\n\t\t\t\t<img class=\"newsContent__article__imgCapa newsContent__article__imgCapa--banner\"\n\t\t\t\t\tsrc=\"https:\/\/files.sunoresearch.com.br\/n\/uploads\/2023\/03\/1420x240-Planilha-controle-de-gastos.png\"\n\t\t\t\t\tdata-promo-id=\"311945\"\t\t\t\t\t\t\t\t\t\twidth='1420' height='240'\t\t\t\t\talt=\"https:\/\/files.sunoresearch.com.br\/n\/uploads\/2023\/03\/1420x240-Planilha-controle-de-gastos.png\"\n\t\t\t\t>\n\t\t\t<\/picture>\n\t\t<\/a>\n\t<\/p>\n\n\n\n\n\n<p id=\"block-00160b19-03b6-4e8c-869f-bd8943aab7cf\">A movimenta\u00e7\u00e3o foi antecipada pelo colunista Lauro Jardim, do jornal O Globo, e confirmada pela Braskem em comunicado enviado \u00e0 Comiss\u00e3o de Valores Mobili\u00e1rios (CVM) nesta segunda (28).<\/p>\n\n\n\n<p>&#8220;A nomea\u00e7\u00e3o de Roberto Bischoff ser\u00e1 formalmente submetida \u00e0 aprova\u00e7\u00e3o do<strong> Conselho de Administra\u00e7\u00e3o da Braskem<\/strong>. A Braskem e seus integrantes agradecem a Roberto Sim\u00f5es pela conviv\u00eancia e lideran\u00e7a inspiradoras ao longo dos \u00faltimos anos&#8221;, ressaltou a companhia.<\/p>\n\n\n\n<p><strong>Roberto Bischoff<\/strong> trabalhou na Braskem durante d\u00e9cadas e j\u00e1 foi vice-presidente da empresa. Atualmente, ele \u00e9 diretor presidente da Ocyan, empresa do setor de \u00f3leo e g\u00e1s controlada pela Novonor.<\/p>\n\n\n\n<p>Sim\u00f5es est\u00e1 h\u00e1 dois anos na <strong>presid\u00eancia da Braskem<\/strong>. A <strong>petroqu\u00edmica<\/strong> est\u00e1 envolvida em um processo sobre a venda de seus ativos, que se arrasta faz alguns meses.<\/p>\n\n\n\n<p>Segundo informa\u00e7\u00f5es do jornal Valor Econ\u00f4mico, os s\u00f3cios da companhia \u2013&nbsp;<strong>Petrobras<\/strong> (PETR4)&nbsp;e Novonor \u2013 t\u00eam feito poucos movimentos para realizar a venda da Braskem.<\/p>\n\n\n\n<p>Em outubro, de acordo com Lauro Jardim, a&nbsp;<a href=\"https:\/\/www.suno.com.br\/acoes\/unip6\/\">Unipar (UNIP6)<\/a>&nbsp;decidiu colocar uma nova proposta para comprar as sete unidades da&nbsp;<a href=\"https:\/\/www.suno.com.br\/acoes\/brkm5\/\"><strong>Braskem<\/strong>&nbsp;(BRKM5)<\/a>&nbsp;localizadas em S\u00e3o Paulo. No domingo (23), o jornalista disse que a empresa foi \u201cobrigada\u201d retomar suas negocia\u00e7\u00f5es. <\/p>\n\n\n\n<p>No in\u00edcio de outubro, a gestora americana Apollo aumentou em 25% sua oferta pela compra dos ativos da Braskem. Diante disso, a Unipar est\u00e1 procurando parceiros para a nova oferta. A Braskem disse em comunicado ao mercado que n\u00e3o recebeu oferta da Unipar.<\/p>\n\n\n\n<h2 class=\"wp-block-heading\" id=\"h-venda-de-ativos-da-braskem-virou-novela\">Venda de ativos da Braskem virou novela<\/h2>\n\n\n\n<p>N\u00e3o \u00e9 a primeira vez que a Unipar faz uma movimenta\u00e7\u00e3o para comprar os <strong>ativos da Braskem<\/strong>. No dia 14 de outubro,&nbsp;a empresa petroqu\u00edmica divulgou em <a class=\"suno-keyword\" target=\"_blank\" data-force=\"no\" data-priority=\"1\" href=\"https:\/\/www.suno.com.br\/artigos\/fato-relevante\/\" rel=\"noopener\">fato relevante<\/a> seu interesse de compra, mas sem ter celebrado qualquer documento vinculante. Segundo apura\u00e7\u00e3o do Valor Econ\u00f4mico, \u201ca Unipar seguiria interessada nos ativos da Braskem em S\u00e3o Paulo, numa opera\u00e7\u00e3o com pre\u00e7o equivalente a R$ 60 por a\u00e7\u00e3o da&nbsp;<strong>petroqu\u00edmica<\/strong>\u201d.<\/p>\n\n\n\n<p>Na ocasi\u00e3o, a Unipar disse que \u201c\u00e9 parte de sua rotina avaliar oportunidades de novos neg\u00f3cios \u00e0 medida que elas se apresentem, estando constantemente estudando oportunidades para investimentos, aquisi\u00e7\u00f5es e outras alternativas estrat\u00e9gicas que sejam consistentes e compat\u00edveis com seus objetivos\u201d.<\/p>\n\n\n\n<p>Como complemento, a empresa ainda destacou que \u201cuma potencial opera\u00e7\u00e3o envolvendo a Braskem S.A. \u00e9 uma das oportunidades avaliadas, n\u00e3o tendo, contudo, sido celebrado qualquer documento vinculante entre a companhia e a Braskem\u201d, afirmou a Unipar em documento oficial.<\/p>\n\n\n\n<p>Em setembro, a not\u00edcia era que a&nbsp;<strong>J&amp;F<\/strong>&nbsp;estaria considerando realizar uma proposta para a aquisi\u00e7\u00e3o total da petroqu\u00edmica.<\/p>\n\n\n\n<p>J\u00e1 em outubro sites e jornais citaram que a gestora americana&nbsp;<strong>Apollo Capital<\/strong>&nbsp;realizou uma oferta para a aquisi\u00e7\u00e3o da fatia da Novonor.<\/p>\n\n\n\n<p>Apesar das especula\u00e7\u00f5es, a companhia desmentiu que teria recebido ofertas para a venda da parcela da Braskem.<\/p>\n\n\n\n<p>Em 3 de novembro, a&nbsp;<a href=\"https:\/\/www.suno.com.br\/acoes\/brkm5\/\"><strong>Braskem<\/strong>&nbsp;<strong>(BRKM5)<\/strong>&nbsp;<\/a>comunicou que apoiar\u00e1 Novonor, uma de suas controladoras, no processo de venda de participa\u00e7\u00e3o societ\u00e1ria que det\u00e9m na empresa. A petroqu\u00edmica informou que auxiliar\u00e1, inclusive, com intera\u00e7\u00f5es com potenciais interessados.<\/p>\n\n\n\n<p>No mesmo dia, a Braskem recebeu uma correspond\u00eancia que foi enviada pela&nbsp;<strong>controladora Novonor<\/strong>, que est\u00e1 em&nbsp;<a href=\"https:\/\/www.suno.com.br\/artigos\/recuperacao-judicial\/\" target=\"_blank\" rel=\"noreferrer noopener\">recupera\u00e7\u00e3o judicial<\/a>, a respeito dos di\u00e1logos em andamento para a venda de sua participa\u00e7\u00e3o na petroqu\u00edmica.<\/p>\n\n\n\n<p>A Novonor alega que \u201cem fun\u00e7\u00e3o das discuss\u00f5es e an\u00e1lises atualmente em curso para eventual transa\u00e7\u00e3o e como usual em processos dessa natureza, \u00e9 poss\u00edvel que seja necess\u00e1ria a&nbsp;<strong>intera\u00e7\u00e3o da Braskem<\/strong>&nbsp;com potenciais interessados, para o que solicitamos o apoio por parte da Braskem e dos seus administradores\u201d.<\/p>\n\n\n\n<p>Apesar disso, a&nbsp;<strong>controladora da Braskem<\/strong>&nbsp;informa que, neste momento, n\u00e3o existe qualquer concess\u00e3o de exclusividade para qualquer interessado, oferta vinculante, assim como qualquer decis\u00e3o ou defini\u00e7\u00e3o a respeito da estrutura a ser adotada ou a respeito de qualquer oferta relativa ao processo de venda.<\/p>\n\n\n\t<p>\n\t\t<a href=\"https:\/\/lp.suno.com.br\/ebook-como-analisar-uma-acao\/\" target=\"_blank\" data-element=\"shortcode-suno-banner\" title=\"Banner SUNO, clique e saiba mais\">\n\t\t\t<picture>\n\t\t\t\t<source media=\"(max-width: 500px)\" srcset=\"https:\/\/files.sunoresearch.com.br\/n\/uploads\/2023\/03\/Ebook-Acoes-Mobile.jpg\">\n\t\t\t\t<img class=\"newsContent__article__imgCapa newsContent__article__imgCapa--banner\"\n\t\t\t\t\tsrc=\"https:\/\/files.sunoresearch.com.br\/n\/uploads\/2023\/03\/Ebook-Acoes-Desktop.jpg\"\n\t\t\t\t\tdata-promo-id=\"311946\"\t\t\t\t\t\t\t\t\t\twidth='1420' height='286'\t\t\t\t\talt=\"https:\/\/files.sunoresearch.com.br\/n\/uploads\/2023\/03\/Ebook-Acoes-Desktop.jpg\"\n\t\t\t\t>\n\t\t\t<\/picture>\n\t\t<\/a>\n\t<\/p>\n\n\n\n\n\n<h2 class=\"wp-block-heading\" id=\"h-possivel-venda-da-fatia-da-petrobras-na-braskem\">Poss\u00edvel venda da fatia da Petrobras na Braskem<\/h2>\n\n\n\n<p>Tamb\u00e9m no in\u00edcio de novembro, o Valor Econ\u00f4mico divulgou que, diante da elei\u00e7\u00e3o de&nbsp;<strong>Lula<\/strong>&nbsp;nas elei\u00e7\u00f5es 2022, se tornou incerta a venda da fatia da&nbsp;<strong>Petrobras<\/strong>&nbsp;(PETR4) na Braskem. A informa\u00e7\u00e3o foi apurada por meio de fontes que participam do processo de negocia\u00e7\u00e3o.<\/p>\n\n\n\n<p>No ano passado, a petroleira entrou em contato com o banco J.P. Morgan para a assessoria na opera\u00e7\u00e3o.<\/p>\n\n\n\n<p>Em caso de venda de a\u00e7\u00f5es da Novonor, a Petrobras poder\u00e1 \u2014 ou n\u00e3o \u2014 exercer o direito de prefer\u00eancia de compra da fatia do s\u00f3cio. Tamb\u00e9m seria poss\u00edvel negociar sua parte ou seguir no neg\u00f3cio.<\/p>\n\n\n\n<p>Segundo fontes, a estatal tinha interesse em&nbsp;<strong>vender a participa\u00e7\u00e3o<\/strong>&nbsp;se a oferta financeira fosse interessante. Contudo, diante da vit\u00f3ria do petista, que tem posic\u00e3o contr\u00e1rio a privatiza\u00e7\u00f5es, h\u00e1 a expectativa de que a Petrobras reavalie o plano de se desfazer da participa\u00e7\u00e3o.<\/p>\n\n\n\n<h2 class=\"wp-block-heading\" id=\"h-braskem-teve-prejuizo-liquido-de-r-1-1-bilhao-no-3t22\">Braskem teve preju\u00edzo l\u00edquido de R$ 1,1 bilh\u00e3o no 3T22<\/h2>\n\n\n\n<p>No terceiro trimestre, a&nbsp;<strong>Braskem<\/strong>&nbsp;(BRKM5) reportou preju\u00edzo l\u00edquido de R$ 1,1 bilh\u00e3o. No mesmo per\u00edodo do ano passado, a empresa tinha apresentado um lucro de R$ 3,5 bilh\u00f5es. No acumulado do ano, a petroqu\u00edmica teve&nbsp;<a href=\"https:\/\/www.suno.com.br\/artigos\/lucro-liquido\/\" target=\"_blank\" rel=\"noreferrer noopener\">lucro l\u00edquido<\/a>&nbsp;atribu\u00eddo aos acionistas de R$ 1,4 bilh\u00e3o.<\/p>\n\n\n\n<p>A Braskem afirma que o preju\u00edzo l\u00edquido trimestral ocorreu, principalmente, devido ao impacto do menor resultado operacional e \u00e0&nbsp;<a href=\"https:\/\/www.suno.com.br\/artigos\/variacao-cambial\/\" target=\"_blank\" rel=\"noreferrer noopener\">varia\u00e7\u00e3o cambial<\/a>&nbsp;no&nbsp;<a href=\"https:\/\/www.suno.com.br\/artigos\/resultado-financeiro\/\" target=\"_blank\" rel=\"noreferrer noopener\">resultado financeiro<\/a>&nbsp;\u2014 diante da desvaloriza\u00e7\u00e3o do real e do peso mexicano do per\u00edodo em rela\u00e7\u00e3o ao d\u00f3lar.<\/p>\n\n\n\n<p>A&nbsp;<strong><a href=\"https:\/\/www.suno.com.br\/artigos\/o-que-receita-liquida\/\" target=\"_blank\" rel=\"noreferrer noopener\">receita l\u00edquida<\/a><\/strong>&nbsp;de vendas da Braskem totalizou R$ 25,4 bilh\u00f5es entre julho e setembro. Isso representa uma queda de 10% em rela\u00e7\u00e3o ao mesmo per\u00edodo do ano anterior.<\/p>\n\n\n\n<p>O&nbsp;<strong>Ebitda<\/strong>&nbsp;(lucro antes de juros, impostos,&nbsp;<a href=\"https:\/\/www.suno.com.br\/artigos\/depreciacao-amortizacao\/\" target=\"_blank\" rel=\"noreferrer noopener\">deprecia\u00e7\u00e3o e amortiza\u00e7\u00e3o<\/a>)&nbsp;<strong>recorrente<\/strong>&nbsp;da petroqu\u00edmica foi de R$ 1,97 bilh\u00e3o. Na compara\u00e7\u00e3o anual, houve uma redu\u00e7\u00e3o de 74%.<\/p>\n\n\n\n<p>Segundo a <strong>Braskem<\/strong>, essa queda anual aconteceu devido \u00e0 normaliza\u00e7\u00e3o dos spreads internacionais de PE, PP e PVC no Brasil, PP nos Estados Unidos e Europa, e PE no M\u00e9xico; e volume menor de vendas de principais qu\u00edmicos e resinas no segmento Brasil e PP nos Estados Unidos e na Europa.<\/p>\n\n\n\t<div data-element=\"shortcode-read-more\" class=\"knowMore\">\n\t\t\t\t<span class=\"knowMore__title\">Leia mais<\/span>\n\t\t\t\t<a class=\"knowMore__link\" href=\"https:\/\/www.suno.com.br\/noticias\/braskem-brkm5-tem-prejuizo-liquido-de-r-11-bilhao-no-3tri22\/\">\n\t\t\tBraskem (BRKM5) tem preju\u00edzo l\u00edquido de R$ 1,1 bilh\u00e3o no 3T22\t\t<\/a>\n\t<\/div>\n\n\n\n\t<p>\n\t\t<a href=\"https:\/\/lp.suno.com.br\/ebook-investindo-em-fiis\/\" target=\"_blank\" data-element=\"shortcode-suno-banner\" title=\"Banner SUNO, clique e saiba mais\">\n\t\t\t<picture>\n\t\t\t\t<source media=\"(max-width: 500px)\" srcset=\"https:\/\/files.sunoresearch.com.br\/n\/uploads\/2023\/03\/Ebook-Fundos-Imobiliarios-Mobile-1.jpg\">\n\t\t\t\t<img class=\"newsContent__article__imgCapa newsContent__article__imgCapa--banner\"\n\t\t\t\t\tsrc=\"https:\/\/files.sunoresearch.com.br\/n\/uploads\/2023\/03\/Ebook-Fundos-Imobiliarios-Desktop-1.jpg\"\n\t\t\t\t\tdata-promo-id=\"313843\"\t\t\t\t\t\t\t\t\t\twidth='1420' height='286'\t\t\t\t\talt=\"https:\/\/files.sunoresearch.com.br\/n\/uploads\/2023\/03\/Ebook-Fundos-Imobiliarios-Desktop-1.jpg\"\n\t\t\t\t>\n\t\t\t<\/picture>\n\t\t<\/a>\n\t<\/p>\n\n\n\n\n\n<p><\/p>\n","protected":false},"excerpt":{"rendered":"<p>Presidente da Braskem (BRKM5), Roberto Sim\u00f5es vai deixar o comando da empresa no final de 2022. Roberto Bischoff assumir\u00e1 a lideran\u00e7a da petroqu\u00edmica em 2023, ap\u00f3s ser indicado para o cargo pela Novonor (antiga Odebrecht), acionista controladora do grupo. Braskem. Foto: Divulga\u00e7\u00e3o A movimenta\u00e7\u00e3o foi antecipada pelo colunista Lauro Jardim, do jornal O Globo, e [&hellip;]<\/p>\n","protected":false},"author":98,"featured_media":324618,"comment_status":"closed","ping_status":"closed","sticky":false,"template":"","format":"standard","meta":[],"categories":[64],"tags":[286,395],"suno_strategy":[],"class_list":["post-324617","post","type-post","status-publish","format-standard","has-post-thumbnail","hentry","category-negocios","tag-acoes","tag-braskem-brkm3-brkm5-brkm6"],"yoast_head":"<!-- This site is optimized with the Yoast SEO plugin v24.4 - https:\/\/yoast.com\/wordpress\/plugins\/seo\/ -->\n<title>Braskem (BRKM5): Roberto Sim\u00f5es deixar\u00e1 a presid\u00eancia; saiba mais<\/title>\n<meta name=\"description\" content=\"Presidente da Braskem (BRKM5), Roberto Sim\u00f5es vai deixar a presid\u00eancia da empresa. Roberto Bischoff assumir\u00e1 o posto. Clique e saiba mais.\" \/>\n<meta name=\"robots\" content=\"index, follow, max-snippet:-1, max-image-preview:large, max-video-preview:-1\" \/>\n<link rel=\"canonical\" href=\"https:\/\/www.suno.com.br\/noticias\/braskem-brkm5-roberto-simoes-presidencia\/\" \/>\n<meta property=\"og:locale\" content=\"pt_BR\" \/>\n<meta property=\"og:type\" content=\"article\" \/>\n<meta property=\"og:title\" content=\"Braskem (BRKM5): Roberto Sim\u00f5es deixar\u00e1 a presid\u00eancia; saiba mais\" \/>\n<meta property=\"og:description\" content=\"Presidente da Braskem (BRKM5), Roberto Sim\u00f5es vai deixar a presid\u00eancia da empresa. Roberto Bischoff assumir\u00e1 o posto. Clique e saiba mais.\" \/>\n<meta property=\"og:url\" content=\"https:\/\/www.suno.com.br\/noticias\/braskem-brkm5-roberto-simoes-presidencia\/\" \/>\n<meta property=\"og:site_name\" content=\"Suno Not\u00edcias\" \/>\n<meta property=\"article:publisher\" content=\"https:\/\/facebook.com\/sunoresearch\" \/>\n<meta property=\"og:image\" content=\"https:\/\/files.sunoresearch.com.br\/n\/uploads\/2022\/11\/Braskem.jpg\" \/>\n\t<meta property=\"og:image:width\" content=\"2300\" \/>\n\t<meta property=\"og:image:height\" content=\"821\" \/>\n\t<meta property=\"og:image:type\" content=\"image\/jpeg\" \/>\n<meta name=\"author\" content=\"Marco Ant\u00f4nio Lopes\" \/>\n<meta name=\"twitter:card\" content=\"summary_large_image\" \/>\n<meta name=\"twitter:creator\" content=\"@sunoresearch\" \/>\n<meta name=\"twitter:site\" content=\"@sunoresearch\" \/>\n<meta name=\"twitter:label1\" content=\"Escrito por\" \/>\n\t<meta name=\"twitter:data1\" content=\"Marco Ant\u00f4nio Lopes\" \/>\n\t<meta name=\"twitter:label2\" content=\"Est. tempo de leitura\" \/>\n\t<meta name=\"twitter:data2\" content=\"6 minutos\" \/>\n<script type=\"application\/ld+json\" class=\"yoast-schema-graph\">{\"@context\":\"https:\/\/schema.org\",\"@graph\":[{\"@type\":\"NewsArticle\",\"@id\":\"https:\/\/www.suno.com.br\/noticias\/braskem-brkm5-roberto-simoes-presidencia\/#article\",\"isPartOf\":{\"@id\":\"https:\/\/www.suno.com.br\/noticias\/braskem-brkm5-roberto-simoes-presidencia\/\"},\"author\":{\"name\":\"Marco Ant\u00f4nio Lopes\",\"@id\":\"https:\/\/www.suno.com.br\/noticias\/#\/schema\/person\/829bbe8d57f84333b966b96229c6bf5f\"},\"headline\":\"Braskem (BRKM5): Roberto Sim\u00f5es vai deixar presid\u00eancia; Roberto Bischoff assumir\u00e1 posto\",\"datePublished\":\"2022-11-27T18:01:13+00:00\",\"dateModified\":\"2022-11-28T15:05:00+00:00\",\"mainEntityOfPage\":{\"@id\":\"https:\/\/www.suno.com.br\/noticias\/braskem-brkm5-roberto-simoes-presidencia\/\"},\"wordCount\":1161,\"publisher\":{\"@id\":\"https:\/\/www.suno.com.br\/noticias\/#organization\"},\"image\":{\"@id\":\"https:\/\/www.suno.com.br\/noticias\/braskem-brkm5-roberto-simoes-presidencia\/#primaryimage\"},\"thumbnailUrl\":\"https:\/\/files.sunoresearch.com.br\/n\/uploads\/2022\/11\/Braskem.jpg\",\"keywords\":[\"A\u00e7\u00f5es\",\"Braskem (BRKM3\/BRKM5\/BRKM6)\"],\"articleSection\":[\"Neg\u00f3cios\"],\"inLanguage\":\"pt-BR\"},{\"@type\":\"WebPage\",\"@id\":\"https:\/\/www.suno.com.br\/noticias\/braskem-brkm5-roberto-simoes-presidencia\/\",\"url\":\"https:\/\/www.suno.com.br\/noticias\/braskem-brkm5-roberto-simoes-presidencia\/\",\"name\":\"Braskem (BRKM5): Roberto Sim\u00f5es deixar\u00e1 a presid\u00eancia; saiba mais\",\"isPartOf\":{\"@id\":\"https:\/\/www.suno.com.br\/noticias\/#website\"},\"primaryImageOfPage\":{\"@id\":\"https:\/\/www.suno.com.br\/noticias\/braskem-brkm5-roberto-simoes-presidencia\/#primaryimage\"},\"image\":{\"@id\":\"https:\/\/www.suno.com.br\/noticias\/braskem-brkm5-roberto-simoes-presidencia\/#primaryimage\"},\"thumbnailUrl\":\"https:\/\/files.sunoresearch.com.br\/n\/uploads\/2022\/11\/Braskem.jpg\",\"datePublished\":\"2022-11-27T18:01:13+00:00\",\"dateModified\":\"2022-11-28T15:05:00+00:00\",\"description\":\"Presidente da Braskem (BRKM5), Roberto Sim\u00f5es vai deixar a presid\u00eancia da empresa. Roberto Bischoff assumir\u00e1 o posto. Clique e saiba mais.\",\"breadcrumb\":{\"@id\":\"https:\/\/www.suno.com.br\/noticias\/braskem-brkm5-roberto-simoes-presidencia\/#breadcrumb\"},\"inLanguage\":\"pt-BR\",\"potentialAction\":[{\"@type\":\"ReadAction\",\"target\":[\"https:\/\/www.suno.com.br\/noticias\/braskem-brkm5-roberto-simoes-presidencia\/\"]}]},{\"@type\":\"ImageObject\",\"inLanguage\":\"pt-BR\",\"@id\":\"https:\/\/www.suno.com.br\/noticias\/braskem-brkm5-roberto-simoes-presidencia\/#primaryimage\",\"url\":\"https:\/\/files.sunoresearch.com.br\/n\/uploads\/2022\/11\/Braskem.jpg\",\"contentUrl\":\"https:\/\/files.sunoresearch.com.br\/n\/uploads\/2022\/11\/Braskem.jpg\",\"width\":2300,\"height\":821,\"caption\":\"Braskem. Foto: Divulga\u00e7\u00e3o\"},{\"@type\":\"BreadcrumbList\",\"@id\":\"https:\/\/www.suno.com.br\/noticias\/braskem-brkm5-roberto-simoes-presidencia\/#breadcrumb\",\"itemListElement\":[{\"@type\":\"ListItem\",\"position\":1,\"name\":\"Not\u00edcias\",\"item\":\"https:\/\/www.suno.com.br\/noticias\/\"},{\"@type\":\"ListItem\",\"position\":2,\"name\":\"Neg\u00f3cios\",\"item\":\"https:\/\/www.suno.com.br\/noticias\/negocios\/\"},{\"@type\":\"ListItem\",\"position\":3,\"name\":\"Braskem (BRKM5): Roberto Sim\u00f5es vai deixar presid\u00eancia; Roberto Bischoff assumir\u00e1 posto\"}]},{\"@type\":\"WebSite\",\"@id\":\"https:\/\/www.suno.com.br\/noticias\/#website\",\"url\":\"https:\/\/www.suno.com.br\/noticias\/\",\"name\":\"Suno Not\u00edcias\",\"description\":\"Seu portal de informa\u00e7\u00e3o sobre o mundo dos investimentos\",\"publisher\":{\"@id\":\"https:\/\/www.suno.com.br\/noticias\/#organization\"},\"potentialAction\":[{\"@type\":\"SearchAction\",\"target\":{\"@type\":\"EntryPoint\",\"urlTemplate\":\"https:\/\/www.suno.com.br\/noticias\/?s={search_term_string}\"},\"query-input\":{\"@type\":\"PropertyValueSpecification\",\"valueRequired\":true,\"valueName\":\"search_term_string\"}}],\"inLanguage\":\"pt-BR\"},{\"@type\":\"Organization\",\"@id\":\"https:\/\/www.suno.com.br\/noticias\/#organization\",\"name\":\"Suno Not\u00edcias\",\"url\":\"https:\/\/www.suno.com.br\/noticias\/\",\"logo\":{\"@type\":\"ImageObject\",\"inLanguage\":\"pt-BR\",\"@id\":\"https:\/\/www.suno.com.br\/noticias\/#\/schema\/logo\/image\/\",\"url\":\"https:\/\/files.sunoresearch.com.br\/n\/uploads\/2021\/09\/suno-logo.png\",\"contentUrl\":\"https:\/\/files.sunoresearch.com.br\/n\/uploads\/2021\/09\/suno-logo.png\",\"width\":180,\"height\":180,\"caption\":\"Suno Not\u00edcias\"},\"image\":{\"@id\":\"https:\/\/www.suno.com.br\/noticias\/#\/schema\/logo\/image\/\"},\"sameAs\":[\"https:\/\/facebook.com\/sunoresearch\",\"https:\/\/x.com\/sunoresearch\",\"https:\/\/www.instagram.com\/suno\",\"https:\/\/www.linkedin.com\/company\/suno-research\/\",\"https:\/\/www.youtube.com\/c\/sunoresearch\"]},{\"@type\":\"Person\",\"@id\":\"https:\/\/www.suno.com.br\/noticias\/#\/schema\/person\/829bbe8d57f84333b966b96229c6bf5f\",\"name\":\"Marco Ant\u00f4nio Lopes\",\"image\":{\"@type\":\"ImageObject\",\"inLanguage\":\"pt-BR\",\"@id\":\"https:\/\/www.suno.com.br\/noticias\/#\/schema\/person\/image\/\",\"url\":\"https:\/\/secure.gravatar.com\/avatar\/385167b012fbc1cde32c5446ee253313?s=96&r=g\",\"contentUrl\":\"https:\/\/secure.gravatar.com\/avatar\/385167b012fbc1cde32c5446ee253313?s=96&r=g\",\"caption\":\"Marco Ant\u00f4nio Lopes\"},\"description\":\"Jornalista, \u00e9 editor no Suno Not\u00edcias. Trabalhou nas revistas Playboy, Super, Veja Comer &amp; Beber, Homem Vogue e Universo Masculino, al\u00e9m dos portais Abril.com, R7, nas editorias de Home, Esportes, Hora 7, Entretenimento e Geral, e Eu Quero Investir. Autor do livro Bruce Lee: Definitivo (Editora Conrad). Colaborou nas revistas Nova, Veja SP, Grandes Guerras, Placar, Bizz, Casa Claudia e Quatro Rodas.\",\"url\":\"https:\/\/www.suno.com.br\/noticias\/author\/marco-lopes\/\"}]}<\/script>\n<!-- \/ Yoast SEO plugin. -->","yoast_head_json":{"title":"Braskem (BRKM5): Roberto Sim\u00f5es deixar\u00e1 a presid\u00eancia; saiba mais","description":"Presidente da Braskem (BRKM5), Roberto Sim\u00f5es vai deixar a presid\u00eancia da empresa. Roberto Bischoff assumir\u00e1 o posto. Clique e saiba mais.","robots":{"index":"index","follow":"follow","max-snippet":"max-snippet:-1","max-image-preview":"max-image-preview:large","max-video-preview":"max-video-preview:-1"},"canonical":"https:\/\/www.suno.com.br\/noticias\/braskem-brkm5-roberto-simoes-presidencia\/","og_locale":"pt_BR","og_type":"article","og_title":"Braskem (BRKM5): Roberto Sim\u00f5es deixar\u00e1 a presid\u00eancia; saiba mais","og_description":"Presidente da Braskem (BRKM5), Roberto Sim\u00f5es vai deixar a presid\u00eancia da empresa. Roberto Bischoff assumir\u00e1 o posto. Clique e saiba mais.","og_url":"https:\/\/www.suno.com.br\/noticias\/braskem-brkm5-roberto-simoes-presidencia\/","og_site_name":"Suno Not\u00edcias","article_publisher":"https:\/\/facebook.com\/sunoresearch","og_image":[{"width":2300,"height":821,"url":"https:\/\/files.sunoresearch.com.br\/n\/uploads\/2022\/11\/Braskem.jpg","type":"image\/jpeg"}],"author":"Marco Ant\u00f4nio Lopes","twitter_card":"summary_large_image","twitter_creator":"@sunoresearch","twitter_site":"@sunoresearch","twitter_misc":{"Escrito por":"Marco Ant\u00f4nio Lopes","Est. tempo de leitura":"6 minutos"},"schema":{"@context":"https:\/\/schema.org","@graph":[{"@type":"NewsArticle","@id":"https:\/\/www.suno.com.br\/noticias\/braskem-brkm5-roberto-simoes-presidencia\/#article","isPartOf":{"@id":"https:\/\/www.suno.com.br\/noticias\/braskem-brkm5-roberto-simoes-presidencia\/"},"author":{"name":"Marco Ant\u00f4nio Lopes","@id":"https:\/\/www.suno.com.br\/noticias\/#\/schema\/person\/829bbe8d57f84333b966b96229c6bf5f"},"headline":"Braskem (BRKM5): Roberto Sim\u00f5es vai deixar presid\u00eancia; Roberto Bischoff assumir\u00e1 posto","datePublished":"2022-11-27T18:01:13+00:00","dateModified":"2022-11-28T15:05:00+00:00","mainEntityOfPage":{"@id":"https:\/\/www.suno.com.br\/noticias\/braskem-brkm5-roberto-simoes-presidencia\/"},"wordCount":1161,"publisher":{"@id":"https:\/\/www.suno.com.br\/noticias\/#organization"},"image":{"@id":"https:\/\/www.suno.com.br\/noticias\/braskem-brkm5-roberto-simoes-presidencia\/#primaryimage"},"thumbnailUrl":"https:\/\/files.sunoresearch.com.br\/n\/uploads\/2022\/11\/Braskem.jpg","keywords":["A\u00e7\u00f5es","Braskem (BRKM3\/BRKM5\/BRKM6)"],"articleSection":["Neg\u00f3cios"],"inLanguage":"pt-BR"},{"@type":"WebPage","@id":"https:\/\/www.suno.com.br\/noticias\/braskem-brkm5-roberto-simoes-presidencia\/","url":"https:\/\/www.suno.com.br\/noticias\/braskem-brkm5-roberto-simoes-presidencia\/","name":"Braskem (BRKM5): Roberto Sim\u00f5es deixar\u00e1 a presid\u00eancia; saiba mais","isPartOf":{"@id":"https:\/\/www.suno.com.br\/noticias\/#website"},"primaryImageOfPage":{"@id":"https:\/\/www.suno.com.br\/noticias\/braskem-brkm5-roberto-simoes-presidencia\/#primaryimage"},"image":{"@id":"https:\/\/www.suno.com.br\/noticias\/braskem-brkm5-roberto-simoes-presidencia\/#primaryimage"},"thumbnailUrl":"https:\/\/files.sunoresearch.com.br\/n\/uploads\/2022\/11\/Braskem.jpg","datePublished":"2022-11-27T18:01:13+00:00","dateModified":"2022-11-28T15:05:00+00:00","description":"Presidente da Braskem (BRKM5), Roberto Sim\u00f5es vai deixar a presid\u00eancia da empresa. Roberto Bischoff assumir\u00e1 o posto. Clique e saiba mais.","breadcrumb":{"@id":"https:\/\/www.suno.com.br\/noticias\/braskem-brkm5-roberto-simoes-presidencia\/#breadcrumb"},"inLanguage":"pt-BR","potentialAction":[{"@type":"ReadAction","target":["https:\/\/www.suno.com.br\/noticias\/braskem-brkm5-roberto-simoes-presidencia\/"]}]},{"@type":"ImageObject","inLanguage":"pt-BR","@id":"https:\/\/www.suno.com.br\/noticias\/braskem-brkm5-roberto-simoes-presidencia\/#primaryimage","url":"https:\/\/files.sunoresearch.com.br\/n\/uploads\/2022\/11\/Braskem.jpg","contentUrl":"https:\/\/files.sunoresearch.com.br\/n\/uploads\/2022\/11\/Braskem.jpg","width":2300,"height":821,"caption":"Braskem. Foto: Divulga\u00e7\u00e3o"},{"@type":"BreadcrumbList","@id":"https:\/\/www.suno.com.br\/noticias\/braskem-brkm5-roberto-simoes-presidencia\/#breadcrumb","itemListElement":[{"@type":"ListItem","position":1,"name":"Not\u00edcias","item":"https:\/\/www.suno.com.br\/noticias\/"},{"@type":"ListItem","position":2,"name":"Neg\u00f3cios","item":"https:\/\/www.suno.com.br\/noticias\/negocios\/"},{"@type":"ListItem","position":3,"name":"Braskem (BRKM5): Roberto Sim\u00f5es vai deixar presid\u00eancia; Roberto Bischoff assumir\u00e1 posto"}]},{"@type":"WebSite","@id":"https:\/\/www.suno.com.br\/noticias\/#website","url":"https:\/\/www.suno.com.br\/noticias\/","name":"Suno Not\u00edcias","description":"Seu portal de informa\u00e7\u00e3o sobre o mundo dos investimentos","publisher":{"@id":"https:\/\/www.suno.com.br\/noticias\/#organization"},"potentialAction":[{"@type":"SearchAction","target":{"@type":"EntryPoint","urlTemplate":"https:\/\/www.suno.com.br\/noticias\/?s={search_term_string}"},"query-input":{"@type":"PropertyValueSpecification","valueRequired":true,"valueName":"search_term_string"}}],"inLanguage":"pt-BR"},{"@type":"Organization","@id":"https:\/\/www.suno.com.br\/noticias\/#organization","name":"Suno Not\u00edcias","url":"https:\/\/www.suno.com.br\/noticias\/","logo":{"@type":"ImageObject","inLanguage":"pt-BR","@id":"https:\/\/www.suno.com.br\/noticias\/#\/schema\/logo\/image\/","url":"https:\/\/files.sunoresearch.com.br\/n\/uploads\/2021\/09\/suno-logo.png","contentUrl":"https:\/\/files.sunoresearch.com.br\/n\/uploads\/2021\/09\/suno-logo.png","width":180,"height":180,"caption":"Suno Not\u00edcias"},"image":{"@id":"https:\/\/www.suno.com.br\/noticias\/#\/schema\/logo\/image\/"},"sameAs":["https:\/\/facebook.com\/sunoresearch","https:\/\/x.com\/sunoresearch","https:\/\/www.instagram.com\/suno","https:\/\/www.linkedin.com\/company\/suno-research\/","https:\/\/www.youtube.com\/c\/sunoresearch"]},{"@type":"Person","@id":"https:\/\/www.suno.com.br\/noticias\/#\/schema\/person\/829bbe8d57f84333b966b96229c6bf5f","name":"Marco Ant\u00f4nio Lopes","image":{"@type":"ImageObject","inLanguage":"pt-BR","@id":"https:\/\/www.suno.com.br\/noticias\/#\/schema\/person\/image\/","url":"https:\/\/secure.gravatar.com\/avatar\/385167b012fbc1cde32c5446ee253313?s=96&r=g","contentUrl":"https:\/\/secure.gravatar.com\/avatar\/385167b012fbc1cde32c5446ee253313?s=96&r=g","caption":"Marco Ant\u00f4nio Lopes"},"description":"Jornalista, \u00e9 editor no Suno Not\u00edcias. Trabalhou nas revistas Playboy, Super, Veja Comer &amp; Beber, Homem Vogue e Universo Masculino, al\u00e9m dos portais Abril.com, R7, nas editorias de Home, Esportes, Hora 7, Entretenimento e Geral, e Eu Quero Investir. Autor do livro Bruce Lee: Definitivo (Editora Conrad). Colaborou nas revistas Nova, Veja SP, Grandes Guerras, Placar, Bizz, Casa Claudia e Quatro Rodas.","url":"https:\/\/www.suno.com.br\/noticias\/author\/marco-lopes\/"}]}},"default_loop_html":"<div class=\"cardsPage__listCard__boxs\"><div class=\"cardsPage__listCard__boxs__img\"><a href=\"https:\/\/www.suno.com.br\/noticias\/braskem-brkm5-roberto-simoes-presidencia\/\"><img class=\"mask\" src=\"https:\/\/www.suno.com.br\/noticias\/wp-content\/themes\/suno\/resources\/images\/spotlight\/spotlight1img\/bg-mask.png\" alt=\"Image Mask\"\/><img src=\"https:\/\/files.sunoresearch.com.br\/n\/uploads\/2022\/11\/Braskem-400x200.jpg\" alt=\"Braskem (BRKM5): Roberto Sim\u00f5es vai deixar presid\u00eancia; Roberto Bischoff assumir\u00e1 posto\"\/><\/a><span class=\"spotlightCategory\"><a href=\"https:\/\/www.suno.com.br\/noticias\/negocios\/\">Neg\u00f3cios<\/a><\/span><\/div><div class=\"cardsPage__listCard__boxs__content\"><a href=\"https:\/\/www.suno.com.br\/noticias\/braskem-brkm5-roberto-simoes-presidencia\/\"><h2 class=\"content__title\">Braskem (BRKM5): Roberto Sim\u00f5es vai deixar presid\u00eancia; Roberto Bischoff assumir\u00e1 posto<\/h2><\/a><div class=\"newsContent__article__meta\"><div class=\"newsContent__article__meta__authorBox\"><a href=\"https:\/\/www.suno.com.br\/noticias\/author\/marco-lopes\/\" class=\"authorBox__avatar noMobi\"><img src=\"https:\/\/secure.gravatar.com\/avatar\/385167b012fbc1cde32c5446ee253313?s=96&#038;r=g\" alt=\"Marco Ant\u00f4nio Lopes\"><\/a><div class=\"authorBox__name\"><span>por\n\t\t\t<a href=\"https:\/\/www.suno.com.br\/noticias\/author\/marco-lopes\/\"><span itemprop=\"author\">Marco Ant\u00f4nio Lopes<\/span><\/a><\/span><time datetime=\"2022-11-27T15:01:13-03:00\" itemprop=\"datePublished\">27\/11\/2022 15:01<\/time><\/div><\/div><\/div><\/div><\/div>","single_layout":"posts","amp_enabled":true,"_links":{"self":[{"href":"https:\/\/www.suno.com.br\/noticias\/wp-json\/wp\/v2\/posts\/324617"}],"collection":[{"href":"https:\/\/www.suno.com.br\/noticias\/wp-json\/wp\/v2\/posts"}],"about":[{"href":"https:\/\/www.suno.com.br\/noticias\/wp-json\/wp\/v2\/types\/post"}],"author":[{"embeddable":true,"href":"https:\/\/www.suno.com.br\/noticias\/wp-json\/wp\/v2\/users\/98"}],"replies":[{"embeddable":true,"href":"https:\/\/www.suno.com.br\/noticias\/wp-json\/wp\/v2\/comments?post=324617"}],"version-history":[{"count":3,"href":"https:\/\/www.suno.com.br\/noticias\/wp-json\/wp\/v2\/posts\/324617\/revisions"}],"predecessor-version":[{"id":324829,"href":"https:\/\/www.suno.com.br\/noticias\/wp-json\/wp\/v2\/posts\/324617\/revisions\/324829"}],"wp:featuredmedia":[{"embeddable":true,"href":"https:\/\/www.suno.com.br\/noticias\/wp-json\/wp\/v2\/media\/324618"}],"wp:attachment":[{"href":"https:\/\/www.suno.com.br\/noticias\/wp-json\/wp\/v2\/media?parent=324617"}],"wp:term":[{"taxonomy":"category","embeddable":true,"href":"https:\/\/www.suno.com.br\/noticias\/wp-json\/wp\/v2\/categories?post=324617"},{"taxonomy":"post_tag","embeddable":true,"href":"https:\/\/www.suno.com.br\/noticias\/wp-json\/wp\/v2\/tags?post=324617"},{"taxonomy":"suno_strategy","embeddable":true,"href":"https:\/\/www.suno.com.br\/noticias\/wp-json\/wp\/v2\/suno_strategy?post=324617"}],"curies":[{"name":"wp","href":"https:\/\/api.w.org\/{rel}","templated":true}]}}