{"id":324446,"date":"2022-11-26T15:00:41","date_gmt":"2022-11-26T18:00:41","guid":{"rendered":"https:\/\/www.suno.com.br\/noticias\/?p=324446"},"modified":"2022-11-26T15:19:52","modified_gmt":"2022-11-26T18:19:52","slug":"barroso-ministro-stf-big-techs-regular-tributar","status":"publish","type":"post","link":"https:\/\/www.suno.com.br\/noticias\/barroso-ministro-stf-big-techs-regular-tributar\/","title":{"rendered":"Barroso, ministro do STF, cita big techs e fala em &#8216;regular para tributar&#8217;"},"content":{"rendered":"<p>O ministro Lu\u00eds Roberto Barroso, do <strong>Supremo Tribunal Federal (STF)<\/strong>, saiu em defesa neste s\u00e1bado da regulamenta\u00e7\u00e3o da internet para posterior tributa\u00e7\u00e3o de empresas que operam no ambiente virtual. Em painel do grupo Esfera Brasil em Guaruj\u00e1 (SP), o magistrado citou as <strong>big techs<\/strong>.<\/p>\t<div class=\"wrapper-featured-image\">\n\t\t<figure class=\"spotlightImg\">\n\n\t\t\t<picture>\n\t\t\t\t<source media=\"(max-width: 768px)\" srcset=\"https:\/\/files.sunoresearch.com.br\/n\/uploads\/2022\/09\/ministro-Barroso-400x200.jpg\">\n\t\t\t\t<img loading=\"lazy\" decoding=\"async\" class=\"newsContent__article__imgCapa lazyloadDisabled \" src=\"https:\/\/files.sunoresearch.com.br\/n\/uploads\/2022\/09\/ministro-Barroso-800x450.jpg\" width=\"800\" height=\"450\" alt=\"Barroso, ministro do STF, cita big techs e fala em &#8216;regular para tributar&#8217;\" fetchpriority=high \/>\n\t\t\t<\/picture>\n\n\t\t\t<figcaption class=\"wp-caption-text wp-caption-text--show\">Barroso, ministro do STF, cita big techs e fala em &#039;regular para tributar&#039;<\/figcaption>\n\t\t<\/figure>\n\t<\/div>\n\n\n\t<p>\n\t\t<a href=\"https:\/\/lp2.suno.com.br\/cl\/black-friday-2025\/?utm_campaign=_SNCDF0E4858_\" target=\"_blank\" data-element=\"shortcode-suno-banner\" title=\"Banner SUNO, clique e saiba mais\">\n\t\t\t<picture>\n\t\t\t\t<source media=\"(max-width: 500px)\" srcset=\"https:\/\/files.sunoresearch.com.br\/n\/uploads\/2025\/10\/Artigos-e-Noticias-Banner-Home-artigos-01-Mobile_-400x300-1-png.webp\">\n\t\t\t\t<img class=\"newsContent__article__imgCapa newsContent__article__imgCapa--banner\"\n\t\t\t\t\tsrc=\"https:\/\/files.sunoresearch.com.br\/n\/uploads\/2025\/10\/Artigos-e-Noticias-Banner-Home-artigos-01-Desktop_-1420x240-1-png.webp\"\n\t\t\t\t\tdata-promo-id=\"311259\"\t\t\t\t\t\t\t\t\t\twidth='1420' height='240'\t\t\t\t\talt=\"https:\/\/files.sunoresearch.com.br\/n\/uploads\/2025\/10\/Artigos-e-Noticias-Banner-Home-artigos-01-Desktop_-1420x240-1-png.webp\"\n\t\t\t\t>\n\t\t\t<\/picture>\n\t\t<\/a>\n\t<\/p>\n\n\n<p>&#8220;Tem que tributar. Antigamente, as empresas mais valiosas do mundo eram as que exploravam petr\u00f3leo, fabricavam autom\u00f3veis e as dos grandes equipamentos, como a General Eletric. Hoje em dia s\u00e3o <a href=\"https:\/\/www.suno.com.br\/bdrs\/aapl34\/\" target=\"_blank\" rel=\"noopener\"><strong>Apple<\/strong><\/a>, <a href=\"https:\/\/www.suno.com.br\/bdrs\/amzo34\/\" target=\"_blank\" rel=\"noopener\"><strong>Amazon<\/strong><\/a>, <a href=\"https:\/\/www.suno.com.br\/bdrs\/fbok34\/\" target=\"_blank\" rel=\"noopener\"><strong>Facebook<\/strong><\/a>, <a href=\"https:\/\/www.suno.com.br\/bdrs\/gogl34\/\" target=\"_blank\" rel=\"noopener\"><strong>Google<\/strong><\/a> e <a href=\"https:\/\/www.suno.com.br\/bdrs\/msft34\/\" target=\"_blank\" rel=\"noopener\"><strong>Microsoft<\/strong><\/a>. Tem que tribut\u00e1-las, ent\u00e3o tem que regular para tributar&#8221;, avaliou o <strong>magistrado do STF<\/strong>.<\/p>\n<p>Para o ministro, a regula\u00e7\u00e3o da internet \u00e9 algo imperativo, mas que precisa de um &#8220;ponto de equil\u00edbrio&#8221; adequado.<\/p>\n\t<div data-element=\"shortcode-read-more\" class=\"knowMore\">\n\t\t\t\t<span class=\"knowMore__title\">Leia mais:<\/span>\n\t\t\t\t<a class=\"knowMore__link\" href=\"https:\/\/www.suno.com.br\/noticias\/magazine-luiza-mglu3-reclamacoes-black-friday\/\">\n\t\t\tMagazine Luiza (MGLU3) lidera reclama\u00e7\u00f5es no in\u00edcio da Black Friday; Veja a lista\t\t<\/a>\n\t<\/div>\n\n\n<p>&#8220;Tem que regular para tributar, regular para proteger direitos fundamentais, regular para prevenir abuso de poder econ\u00f4mico, proteger a privacidade. Tem que regulamentar para impedir os comportamentos inaut\u00eanticos&#8221;, diz o <strong>ministro do STF<\/strong>.<\/p>\n<p>&#8220;A discuss\u00e3o se tem que regulamentar ou n\u00e3o a internet e as m\u00eddias sociais \u00e9 uma discuss\u00e3o superada, o que estamos discutindo \u00e9 quanto e como regular para n\u00e3o interferir com a liberdade de express\u00e3o&#8221;, seguiu.<\/p>\n<p>Na exposi\u00e7\u00e3o, Barroso afirmou que a seguran\u00e7a jur\u00eddica \u00e9 um conceito de previsibilidade e que o sistema tribut\u00e1rio brasileiro se tornou um &#8220;carnaval tribut\u00e1rio&#8221;.<\/p>\n<p>&#8220;\u00c9 um sistema complexo onde pessoas vivem procurando as brechas para minimizar seu dever de pagar tributos, o que \u00e9 normal e acontece em todas as sociedades&#8221;, declarou o ministro do Supremo Tribunal Federal (STF).<\/p>\n<h2>Barroso, do STF, pede &#8216;sintonia fina&#8217; entre responsabilidades fiscal e social<\/h2>\n<p>O ministro <strong>Lu\u00eds Roberto Barroso<\/strong> tamb\u00e9m pediu neste s\u00e1bado uma &#8220;sintonia fina&#8221; entre as responsabilidades fiscal e social no Pa\u00eds.<\/p>\n<p>A discuss\u00e3o sobre um suposto conflito entre fiscal e social tomou corpo ap\u00f3s o presidente eleito, Luiz In\u00e1cio Lula da Silva (PT), questionar o controle do gasto com o bem-estar da popula\u00e7\u00e3o para proteger as contas p\u00fablicas.<\/p>\n<p>L\u00edderes do governo de transi\u00e7\u00e3o sa\u00edram em defesa do petista e afirmam que ele nunca, em oito anos no comando do Pa\u00eds, fez uma oposi\u00e7\u00e3o entre responsabilidade fiscal e social, mas aliou as duas coisas.<\/p>\n<p>&#8220;N\u00f3s precisamos acabar com essa ideia de que responsabilidade fiscal \u00e9 coisa de direita. Responsabilidade fiscal \u00e9 um pressuposto de economias saud\u00e1veis&#8221;, afirmou o ministro do STF em painel do grupo Esfera Brasil em Guaruj\u00e1 (SP). &#8220;A falta de responsabilidade fiscal gera infla\u00e7\u00e3o, juro alto, desemprego e recess\u00e3o&#8221;, acrescentou.<\/p>\n<p>Barroso tamb\u00e9m criticou a corrup\u00e7\u00e3o institucionalizada no Brasil antes da Opera\u00e7\u00e3o Lava Jato, criticada por colegas de painel como o advogado Cristiano Zanin, advogado de Lula ao longo da investiga\u00e7\u00e3o.<\/p>\n<p>&#8220;N\u00e3o se chega \u00e0 <a href=\"https:\/\/www.suno.com.br\/artigos\/ocde\/\" target=\"_blank\" rel=\"noopener\">OCDE<\/a> ou ao mundo desenvolvimento com os padr\u00f5es de \u00e9tica p\u00fablica que se praticava no Brasil&#8221;, declarou o ministro do <strong>STF<\/strong>. &#8220;Se n\u00e3o formos capazes de revisitar isso, vamos andar em c\u00edrculos.&#8221;<\/p>\n<p>(Com informa\u00e7\u00f5es de Estad\u00e3o Conte\u00fado)<\/p>\n\t<p>\n\t\t<a href=\"https:\/\/lp.suno.com.br\/ebook-como-analisar-uma-acao\/\" target=\"_blank\" data-element=\"shortcode-suno-banner\" title=\"Banner SUNO, clique e saiba mais\">\n\t\t\t<picture>\n\t\t\t\t<source media=\"(max-width: 500px)\" srcset=\"https:\/\/files.sunoresearch.com.br\/n\/uploads\/2023\/12\/Ebook-Acoes-Mobile.jpg\">\n\t\t\t\t<img class=\"newsContent__article__imgCapa newsContent__article__imgCapa--banner\"\n\t\t\t\t\tsrc=\"https:\/\/files.sunoresearch.com.br\/n\/uploads\/2023\/12\/Ebook-Acoes-Desktop.webp\"\n\t\t\t\t\tdata-promo-id=\"311260\"\t\t\t\t\t\t\t\t\t\twidth='1420' height='286'\t\t\t\t\talt=\"https:\/\/files.sunoresearch.com.br\/n\/uploads\/2023\/12\/Ebook-Acoes-Desktop.webp\"\n\t\t\t\t>\n\t\t\t<\/picture>\n\t\t<\/a>\n\t<\/p>\n\n\n","protected":false},"excerpt":{"rendered":"<p>O ministro Lu\u00eds Roberto Barroso, do Supremo Tribunal Federal (STF), saiu em defesa neste s\u00e1bado da regulamenta\u00e7\u00e3o da internet para posterior tributa\u00e7\u00e3o de empresas que operam no ambiente virtual. Em painel do grupo Esfera Brasil em Guaruj\u00e1 (SP), o magistrado citou as big techs. Barroso, ministro do STF, cita big techs e fala em &#039;regular [&hellip;]<\/p>\n","protected":false},"author":173,"featured_media":298326,"comment_status":"closed","ping_status":"closed","sticky":false,"template":"","format":"standard","meta":[],"categories":[64,61],"tags":[104519,785],"suno_strategy":[],"class_list":["post-324446","post","type-post","status-publish","format-standard","has-post-thumbnail","hentry","category-negocios","category-politica","tag-big-techs","tag-supremo-tribunal-federal-stf"],"yoast_head":"<!-- This site is optimized with the Yoast SEO plugin v24.4 - https:\/\/yoast.com\/wordpress\/plugins\/seo\/ -->\n<title>Barroso, ministro do STF, cita big techs e fala em &#039;regular para tributar&#039;<\/title>\n<meta name=\"description\" content=\"O ministro Barroso, do Supremo Tribunal Federal (STF), citou as big techs e falou em &#039;regular para tributar&#039;. Clique e saiba mais!\" \/>\n<meta name=\"robots\" content=\"index, follow, max-snippet:-1, max-image-preview:large, max-video-preview:-1\" \/>\n<link rel=\"canonical\" href=\"https:\/\/www.suno.com.br\/noticias\/barroso-ministro-stf-big-techs-regular-tributar\/\" \/>\n<meta property=\"og:locale\" content=\"pt_BR\" \/>\n<meta property=\"og:type\" content=\"article\" \/>\n<meta property=\"og:title\" content=\"Barroso, ministro do STF, cita big techs e fala em &#039;regular para tributar&#039;\" \/>\n<meta property=\"og:description\" content=\"O ministro Barroso, do Supremo Tribunal Federal (STF), citou as big techs e falou em &#039;regular para tributar&#039;. Clique e saiba mais!\" \/>\n<meta property=\"og:url\" content=\"https:\/\/www.suno.com.br\/noticias\/barroso-ministro-stf-big-techs-regular-tributar\/\" \/>\n<meta property=\"og:site_name\" content=\"Suno Not\u00edcias\" \/>\n<meta property=\"article:publisher\" content=\"https:\/\/facebook.com\/sunoresearch\" \/>\n<meta property=\"og:image\" content=\"https:\/\/files.sunoresearch.com.br\/n\/uploads\/2022\/09\/ministro-Barroso.jpg\" \/>\n\t<meta property=\"og:image:width\" content=\"1350\" \/>\n\t<meta property=\"og:image:height\" content=\"808\" \/>\n\t<meta property=\"og:image:type\" content=\"image\/jpeg\" \/>\n<meta name=\"author\" content=\"Jo\u00e3o Vitor\" \/>\n<meta name=\"twitter:card\" content=\"summary_large_image\" \/>\n<meta name=\"twitter:creator\" content=\"@sunoresearch\" \/>\n<meta name=\"twitter:site\" content=\"@sunoresearch\" \/>\n<meta name=\"twitter:label1\" content=\"Escrito por\" \/>\n\t<meta name=\"twitter:data1\" content=\"Jo\u00e3o Vitor\" \/>\n\t<meta name=\"twitter:label2\" content=\"Est. tempo de leitura\" \/>\n\t<meta name=\"twitter:data2\" content=\"3 minutos\" \/>\n<script type=\"application\/ld+json\" class=\"yoast-schema-graph\">{\"@context\":\"https:\/\/schema.org\",\"@graph\":[{\"@type\":\"NewsArticle\",\"@id\":\"https:\/\/www.suno.com.br\/noticias\/barroso-ministro-stf-big-techs-regular-tributar\/#article\",\"isPartOf\":{\"@id\":\"https:\/\/www.suno.com.br\/noticias\/barroso-ministro-stf-big-techs-regular-tributar\/\"},\"author\":{\"name\":\"Jo\u00e3o Vitor\",\"@id\":\"https:\/\/www.suno.com.br\/noticias\/#\/schema\/person\/87fc6973867c52dd884811905c43afba\"},\"headline\":\"Barroso, ministro do STF, cita big techs e fala em &#8216;regular para tributar&#8217;\",\"datePublished\":\"2022-11-26T18:00:41+00:00\",\"dateModified\":\"2022-11-26T18:19:52+00:00\",\"mainEntityOfPage\":{\"@id\":\"https:\/\/www.suno.com.br\/noticias\/barroso-ministro-stf-big-techs-regular-tributar\/\"},\"wordCount\":535,\"publisher\":{\"@id\":\"https:\/\/www.suno.com.br\/noticias\/#organization\"},\"image\":{\"@id\":\"https:\/\/www.suno.com.br\/noticias\/barroso-ministro-stf-big-techs-regular-tributar\/#primaryimage\"},\"thumbnailUrl\":\"https:\/\/files.sunoresearch.com.br\/n\/uploads\/2022\/09\/ministro-Barroso.jpg\",\"keywords\":[\"big techs\",\"Supremo Tribunal Federal (STF)\"],\"articleSection\":[\"Neg\u00f3cios\",\"Pol\u00edtica\"],\"inLanguage\":\"pt-BR\"},{\"@type\":\"WebPage\",\"@id\":\"https:\/\/www.suno.com.br\/noticias\/barroso-ministro-stf-big-techs-regular-tributar\/\",\"url\":\"https:\/\/www.suno.com.br\/noticias\/barroso-ministro-stf-big-techs-regular-tributar\/\",\"name\":\"Barroso, ministro do STF, cita big techs e fala em 'regular para tributar'\",\"isPartOf\":{\"@id\":\"https:\/\/www.suno.com.br\/noticias\/#website\"},\"primaryImageOfPage\":{\"@id\":\"https:\/\/www.suno.com.br\/noticias\/barroso-ministro-stf-big-techs-regular-tributar\/#primaryimage\"},\"image\":{\"@id\":\"https:\/\/www.suno.com.br\/noticias\/barroso-ministro-stf-big-techs-regular-tributar\/#primaryimage\"},\"thumbnailUrl\":\"https:\/\/files.sunoresearch.com.br\/n\/uploads\/2022\/09\/ministro-Barroso.jpg\",\"datePublished\":\"2022-11-26T18:00:41+00:00\",\"dateModified\":\"2022-11-26T18:19:52+00:00\",\"description\":\"O ministro Barroso, do Supremo Tribunal Federal (STF), citou as big techs e falou em 'regular para tributar'. Clique e saiba mais!\",\"breadcrumb\":{\"@id\":\"https:\/\/www.suno.com.br\/noticias\/barroso-ministro-stf-big-techs-regular-tributar\/#breadcrumb\"},\"inLanguage\":\"pt-BR\",\"potentialAction\":[{\"@type\":\"ReadAction\",\"target\":[\"https:\/\/www.suno.com.br\/noticias\/barroso-ministro-stf-big-techs-regular-tributar\/\"]}]},{\"@type\":\"ImageObject\",\"inLanguage\":\"pt-BR\",\"@id\":\"https:\/\/www.suno.com.br\/noticias\/barroso-ministro-stf-big-techs-regular-tributar\/#primaryimage\",\"url\":\"https:\/\/files.sunoresearch.com.br\/n\/uploads\/2022\/09\/ministro-Barroso.jpg\",\"contentUrl\":\"https:\/\/files.sunoresearch.com.br\/n\/uploads\/2022\/09\/ministro-Barroso.jpg\",\"width\":1350,\"height\":808,\"caption\":\"Barroso, ministro do STF, cita big techs e fala em 'regular para tributar'\"},{\"@type\":\"BreadcrumbList\",\"@id\":\"https:\/\/www.suno.com.br\/noticias\/barroso-ministro-stf-big-techs-regular-tributar\/#breadcrumb\",\"itemListElement\":[{\"@type\":\"ListItem\",\"position\":1,\"name\":\"Not\u00edcias\",\"item\":\"https:\/\/www.suno.com.br\/noticias\/\"},{\"@type\":\"ListItem\",\"position\":2,\"name\":\"Neg\u00f3cios\",\"item\":\"https:\/\/www.suno.com.br\/noticias\/negocios\/\"},{\"@type\":\"ListItem\",\"position\":3,\"name\":\"Barroso, ministro do STF, cita big techs e fala em &#8216;regular para tributar&#8217;\"}]},{\"@type\":\"WebSite\",\"@id\":\"https:\/\/www.suno.com.br\/noticias\/#website\",\"url\":\"https:\/\/www.suno.com.br\/noticias\/\",\"name\":\"Suno Not\u00edcias\",\"description\":\"Seu portal de informa\u00e7\u00e3o sobre o mundo dos investimentos\",\"publisher\":{\"@id\":\"https:\/\/www.suno.com.br\/noticias\/#organization\"},\"potentialAction\":[{\"@type\":\"SearchAction\",\"target\":{\"@type\":\"EntryPoint\",\"urlTemplate\":\"https:\/\/www.suno.com.br\/noticias\/?s={search_term_string}\"},\"query-input\":{\"@type\":\"PropertyValueSpecification\",\"valueRequired\":true,\"valueName\":\"search_term_string\"}}],\"inLanguage\":\"pt-BR\"},{\"@type\":\"Organization\",\"@id\":\"https:\/\/www.suno.com.br\/noticias\/#organization\",\"name\":\"Suno Not\u00edcias\",\"url\":\"https:\/\/www.suno.com.br\/noticias\/\",\"logo\":{\"@type\":\"ImageObject\",\"inLanguage\":\"pt-BR\",\"@id\":\"https:\/\/www.suno.com.br\/noticias\/#\/schema\/logo\/image\/\",\"url\":\"https:\/\/files.sunoresearch.com.br\/n\/uploads\/2021\/09\/suno-logo.png\",\"contentUrl\":\"https:\/\/files.sunoresearch.com.br\/n\/uploads\/2021\/09\/suno-logo.png\",\"width\":180,\"height\":180,\"caption\":\"Suno Not\u00edcias\"},\"image\":{\"@id\":\"https:\/\/www.suno.com.br\/noticias\/#\/schema\/logo\/image\/\"},\"sameAs\":[\"https:\/\/facebook.com\/sunoresearch\",\"https:\/\/x.com\/sunoresearch\",\"https:\/\/www.instagram.com\/suno\",\"https:\/\/www.linkedin.com\/company\/suno-research\/\",\"https:\/\/www.youtube.com\/c\/sunoresearch\"]},{\"@type\":\"Person\",\"@id\":\"https:\/\/www.suno.com.br\/noticias\/#\/schema\/person\/87fc6973867c52dd884811905c43afba\",\"name\":\"Jo\u00e3o Vitor\",\"image\":{\"@type\":\"ImageObject\",\"inLanguage\":\"pt-BR\",\"@id\":\"https:\/\/www.suno.com.br\/noticias\/#\/schema\/person\/image\/\",\"url\":\"https:\/\/secure.gravatar.com\/avatar\/2843227ca03ccf8cc7ccca45204c127e?s=96&r=g\",\"contentUrl\":\"https:\/\/secure.gravatar.com\/avatar\/2843227ca03ccf8cc7ccca45204c127e?s=96&r=g\",\"caption\":\"Jo\u00e3o Vitor\"},\"description\":\"Redator profissional, com atua\u00e7\u00e3o no mercado editorial na produ\u00e7\u00e3o de not\u00edcias e conte\u00fados sobre o mercado de a\u00e7\u00f5es, fundos imobili\u00e1rios e economia popular. Graduando em Engenharia Qu\u00edmica pela Unesp, tamb\u00e9m j\u00e1 atuou como consultor financeiro.\",\"url\":\"https:\/\/www.suno.com.br\/noticias\/author\/joao-vitor-jacintho\/\"}]}<\/script>\n<!-- \/ Yoast SEO plugin. -->","yoast_head_json":{"title":"Barroso, ministro do STF, cita big techs e fala em 'regular para tributar'","description":"O ministro Barroso, do Supremo Tribunal Federal (STF), citou as big techs e falou em 'regular para tributar'. Clique e saiba mais!","robots":{"index":"index","follow":"follow","max-snippet":"max-snippet:-1","max-image-preview":"max-image-preview:large","max-video-preview":"max-video-preview:-1"},"canonical":"https:\/\/www.suno.com.br\/noticias\/barroso-ministro-stf-big-techs-regular-tributar\/","og_locale":"pt_BR","og_type":"article","og_title":"Barroso, ministro do STF, cita big techs e fala em 'regular para tributar'","og_description":"O ministro Barroso, do Supremo Tribunal Federal (STF), citou as big techs e falou em 'regular para tributar'. Clique e saiba mais!","og_url":"https:\/\/www.suno.com.br\/noticias\/barroso-ministro-stf-big-techs-regular-tributar\/","og_site_name":"Suno Not\u00edcias","article_publisher":"https:\/\/facebook.com\/sunoresearch","og_image":[{"width":1350,"height":808,"url":"https:\/\/files.sunoresearch.com.br\/n\/uploads\/2022\/09\/ministro-Barroso.jpg","type":"image\/jpeg"}],"author":"Jo\u00e3o Vitor","twitter_card":"summary_large_image","twitter_creator":"@sunoresearch","twitter_site":"@sunoresearch","twitter_misc":{"Escrito por":"Jo\u00e3o Vitor","Est. tempo de leitura":"3 minutos"},"schema":{"@context":"https:\/\/schema.org","@graph":[{"@type":"NewsArticle","@id":"https:\/\/www.suno.com.br\/noticias\/barroso-ministro-stf-big-techs-regular-tributar\/#article","isPartOf":{"@id":"https:\/\/www.suno.com.br\/noticias\/barroso-ministro-stf-big-techs-regular-tributar\/"},"author":{"name":"Jo\u00e3o Vitor","@id":"https:\/\/www.suno.com.br\/noticias\/#\/schema\/person\/87fc6973867c52dd884811905c43afba"},"headline":"Barroso, ministro do STF, cita big techs e fala em &#8216;regular para tributar&#8217;","datePublished":"2022-11-26T18:00:41+00:00","dateModified":"2022-11-26T18:19:52+00:00","mainEntityOfPage":{"@id":"https:\/\/www.suno.com.br\/noticias\/barroso-ministro-stf-big-techs-regular-tributar\/"},"wordCount":535,"publisher":{"@id":"https:\/\/www.suno.com.br\/noticias\/#organization"},"image":{"@id":"https:\/\/www.suno.com.br\/noticias\/barroso-ministro-stf-big-techs-regular-tributar\/#primaryimage"},"thumbnailUrl":"https:\/\/files.sunoresearch.com.br\/n\/uploads\/2022\/09\/ministro-Barroso.jpg","keywords":["big techs","Supremo Tribunal Federal (STF)"],"articleSection":["Neg\u00f3cios","Pol\u00edtica"],"inLanguage":"pt-BR"},{"@type":"WebPage","@id":"https:\/\/www.suno.com.br\/noticias\/barroso-ministro-stf-big-techs-regular-tributar\/","url":"https:\/\/www.suno.com.br\/noticias\/barroso-ministro-stf-big-techs-regular-tributar\/","name":"Barroso, ministro do STF, cita big techs e fala em 'regular para tributar'","isPartOf":{"@id":"https:\/\/www.suno.com.br\/noticias\/#website"},"primaryImageOfPage":{"@id":"https:\/\/www.suno.com.br\/noticias\/barroso-ministro-stf-big-techs-regular-tributar\/#primaryimage"},"image":{"@id":"https:\/\/www.suno.com.br\/noticias\/barroso-ministro-stf-big-techs-regular-tributar\/#primaryimage"},"thumbnailUrl":"https:\/\/files.sunoresearch.com.br\/n\/uploads\/2022\/09\/ministro-Barroso.jpg","datePublished":"2022-11-26T18:00:41+00:00","dateModified":"2022-11-26T18:19:52+00:00","description":"O ministro Barroso, do Supremo Tribunal Federal (STF), citou as big techs e falou em 'regular para tributar'. Clique e saiba mais!","breadcrumb":{"@id":"https:\/\/www.suno.com.br\/noticias\/barroso-ministro-stf-big-techs-regular-tributar\/#breadcrumb"},"inLanguage":"pt-BR","potentialAction":[{"@type":"ReadAction","target":["https:\/\/www.suno.com.br\/noticias\/barroso-ministro-stf-big-techs-regular-tributar\/"]}]},{"@type":"ImageObject","inLanguage":"pt-BR","@id":"https:\/\/www.suno.com.br\/noticias\/barroso-ministro-stf-big-techs-regular-tributar\/#primaryimage","url":"https:\/\/files.sunoresearch.com.br\/n\/uploads\/2022\/09\/ministro-Barroso.jpg","contentUrl":"https:\/\/files.sunoresearch.com.br\/n\/uploads\/2022\/09\/ministro-Barroso.jpg","width":1350,"height":808,"caption":"Barroso, ministro do STF, cita big techs e fala em 'regular para tributar'"},{"@type":"BreadcrumbList","@id":"https:\/\/www.suno.com.br\/noticias\/barroso-ministro-stf-big-techs-regular-tributar\/#breadcrumb","itemListElement":[{"@type":"ListItem","position":1,"name":"Not\u00edcias","item":"https:\/\/www.suno.com.br\/noticias\/"},{"@type":"ListItem","position":2,"name":"Neg\u00f3cios","item":"https:\/\/www.suno.com.br\/noticias\/negocios\/"},{"@type":"ListItem","position":3,"name":"Barroso, ministro do STF, cita big techs e fala em &#8216;regular para tributar&#8217;"}]},{"@type":"WebSite","@id":"https:\/\/www.suno.com.br\/noticias\/#website","url":"https:\/\/www.suno.com.br\/noticias\/","name":"Suno Not\u00edcias","description":"Seu portal de informa\u00e7\u00e3o sobre o mundo dos investimentos","publisher":{"@id":"https:\/\/www.suno.com.br\/noticias\/#organization"},"potentialAction":[{"@type":"SearchAction","target":{"@type":"EntryPoint","urlTemplate":"https:\/\/www.suno.com.br\/noticias\/?s={search_term_string}"},"query-input":{"@type":"PropertyValueSpecification","valueRequired":true,"valueName":"search_term_string"}}],"inLanguage":"pt-BR"},{"@type":"Organization","@id":"https:\/\/www.suno.com.br\/noticias\/#organization","name":"Suno Not\u00edcias","url":"https:\/\/www.suno.com.br\/noticias\/","logo":{"@type":"ImageObject","inLanguage":"pt-BR","@id":"https:\/\/www.suno.com.br\/noticias\/#\/schema\/logo\/image\/","url":"https:\/\/files.sunoresearch.com.br\/n\/uploads\/2021\/09\/suno-logo.png","contentUrl":"https:\/\/files.sunoresearch.com.br\/n\/uploads\/2021\/09\/suno-logo.png","width":180,"height":180,"caption":"Suno Not\u00edcias"},"image":{"@id":"https:\/\/www.suno.com.br\/noticias\/#\/schema\/logo\/image\/"},"sameAs":["https:\/\/facebook.com\/sunoresearch","https:\/\/x.com\/sunoresearch","https:\/\/www.instagram.com\/suno","https:\/\/www.linkedin.com\/company\/suno-research\/","https:\/\/www.youtube.com\/c\/sunoresearch"]},{"@type":"Person","@id":"https:\/\/www.suno.com.br\/noticias\/#\/schema\/person\/87fc6973867c52dd884811905c43afba","name":"Jo\u00e3o Vitor","image":{"@type":"ImageObject","inLanguage":"pt-BR","@id":"https:\/\/www.suno.com.br\/noticias\/#\/schema\/person\/image\/","url":"https:\/\/secure.gravatar.com\/avatar\/2843227ca03ccf8cc7ccca45204c127e?s=96&r=g","contentUrl":"https:\/\/secure.gravatar.com\/avatar\/2843227ca03ccf8cc7ccca45204c127e?s=96&r=g","caption":"Jo\u00e3o Vitor"},"description":"Redator profissional, com atua\u00e7\u00e3o no mercado editorial na produ\u00e7\u00e3o de not\u00edcias e conte\u00fados sobre o mercado de a\u00e7\u00f5es, fundos imobili\u00e1rios e economia popular. Graduando em Engenharia Qu\u00edmica pela Unesp, tamb\u00e9m j\u00e1 atuou como consultor financeiro.","url":"https:\/\/www.suno.com.br\/noticias\/author\/joao-vitor-jacintho\/"}]}},"default_loop_html":"<div class=\"cardsPage__listCard__boxs\"><div class=\"cardsPage__listCard__boxs__img\"><a href=\"https:\/\/www.suno.com.br\/noticias\/barroso-ministro-stf-big-techs-regular-tributar\/\"><img class=\"mask\" src=\"https:\/\/www.suno.com.br\/noticias\/wp-content\/themes\/suno\/resources\/images\/spotlight\/spotlight1img\/bg-mask.png\" alt=\"Image Mask\"\/><img src=\"https:\/\/files.sunoresearch.com.br\/n\/uploads\/2022\/09\/ministro-Barroso-400x200.jpg\" alt=\"Barroso, ministro do STF, cita big techs e fala em &#8216;regular para tributar&#8217;\"\/><\/a><span class=\"spotlightCategory\"><a href=\"https:\/\/www.suno.com.br\/noticias\/negocios\/\">Neg\u00f3cios<\/a><\/span><\/div><div class=\"cardsPage__listCard__boxs__content\"><a href=\"https:\/\/www.suno.com.br\/noticias\/barroso-ministro-stf-big-techs-regular-tributar\/\"><h2 class=\"content__title\">Barroso, ministro do STF, cita big techs e fala em &#8216;regular para tributar&#8217;<\/h2><\/a><div class=\"newsContent__article__meta\"><div class=\"newsContent__article__meta__authorBox\"><a href=\"https:\/\/www.suno.com.br\/noticias\/author\/joao-vitor-jacintho\/\" class=\"authorBox__avatar noMobi\"><img src=\"https:\/\/secure.gravatar.com\/avatar\/2843227ca03ccf8cc7ccca45204c127e?s=96&#038;r=g\" alt=\"Jo\u00e3o Vitor Jacintho\"><\/a><div class=\"authorBox__name\"><span>por\n\t\t\t<a href=\"https:\/\/www.suno.com.br\/noticias\/author\/joao-vitor-jacintho\/\"><span itemprop=\"author\">Jo\u00e3o Vitor Jacintho<\/span><\/a><\/span><time datetime=\"2022-11-26T15:00:41-03:00\" itemprop=\"datePublished\">26\/11\/2022 15:00<\/time><\/div><\/div><\/div><\/div><\/div>","single_layout":"posts","amp_enabled":true,"_links":{"self":[{"href":"https:\/\/www.suno.com.br\/noticias\/wp-json\/wp\/v2\/posts\/324446"}],"collection":[{"href":"https:\/\/www.suno.com.br\/noticias\/wp-json\/wp\/v2\/posts"}],"about":[{"href":"https:\/\/www.suno.com.br\/noticias\/wp-json\/wp\/v2\/types\/post"}],"author":[{"embeddable":true,"href":"https:\/\/www.suno.com.br\/noticias\/wp-json\/wp\/v2\/users\/173"}],"replies":[{"embeddable":true,"href":"https:\/\/www.suno.com.br\/noticias\/wp-json\/wp\/v2\/comments?post=324446"}],"version-history":[{"count":4,"href":"https:\/\/www.suno.com.br\/noticias\/wp-json\/wp\/v2\/posts\/324446\/revisions"}],"predecessor-version":[{"id":324466,"href":"https:\/\/www.suno.com.br\/noticias\/wp-json\/wp\/v2\/posts\/324446\/revisions\/324466"}],"wp:featuredmedia":[{"embeddable":true,"href":"https:\/\/www.suno.com.br\/noticias\/wp-json\/wp\/v2\/media\/298326"}],"wp:attachment":[{"href":"https:\/\/www.suno.com.br\/noticias\/wp-json\/wp\/v2\/media?parent=324446"}],"wp:term":[{"taxonomy":"category","embeddable":true,"href":"https:\/\/www.suno.com.br\/noticias\/wp-json\/wp\/v2\/categories?post=324446"},{"taxonomy":"post_tag","embeddable":true,"href":"https:\/\/www.suno.com.br\/noticias\/wp-json\/wp\/v2\/tags?post=324446"},{"taxonomy":"suno_strategy","embeddable":true,"href":"https:\/\/www.suno.com.br\/noticias\/wp-json\/wp\/v2\/suno_strategy?post=324446"}],"curies":[{"name":"wp","href":"https:\/\/api.w.org\/{rel}","templated":true}]}}