{"id":32440,"date":"2019-07-28T18:22:02","date_gmt":"2019-07-28T21:22:02","guid":{"rendered":"https:\/\/www.suno.com.br\/noticias\/?p=32440"},"modified":"2019-07-28T18:22:02","modified_gmt":"2019-07-28T21:22:02","slug":"lideranca-ano-greve-caminhoneiros","status":"publish","type":"post","link":"https:\/\/www.suno.com.br\/noticias\/lideranca-ano-greve-caminhoneiros\/","title":{"rendered":"Lideran\u00e7a fala em um ano sem greve dos caminhoneiros"},"content":{"rendered":"<div>Uma nova greve dos caminhoneiros poderia ser evitada por um ano. \u00c9 essa a proposta apresentada por um dos l\u00edderes dos transportadores, Wanderley Alves, o Dedeco.<\/div>\n<div><\/div>\n<div>Segundo ele, os novos acordos coletivos dos aut\u00f4nomos poderiam incluir o compromisso de um ano sem uma nova <strong>greve dos caminhoneiros.<\/strong> Os novos acordos deveriam ser negociados na pr\u00f3xima semana.<\/div>\n<div><\/div>\n<div><\/div>\n<div><\/div>\n<div>\u201cHavendo acordo com embarcadores e <strong>transportadores<\/strong> de que cumprir\u00e3o o piso m\u00ednimo, com certeza vamos assumir um ano sem falar em paralisa\u00e7\u00e3o\u201d, declarou Dedeco. Segundo o l\u00edder dos <strong>caminhoneiros,<\/strong> esses acordos devem estar previstos em documentos escritos.<\/div>\n<div><\/div>\n<div>Essa proposta \u00e9 apoiada tamb\u00e9m por outro l\u00edder dos <strong>caminhoneiros,<\/strong> Wallace Landim, o Chor\u00e3o. &#8220;Se sair acordo \u00e9 porque segmentos assumem o compromisso de cumprir, isso deixa o fantasma da paralisa\u00e7\u00e3o para tr\u00e1s&#8221;, declarou ele.<\/div>\n<div><\/div>\n<p><div><a href=\"https:\/\/www.suno.com.br\/noticias\/greve-dos-caminhoneiros-governo-anuncia-suspensao-da-tabela-de-frete\/\">Saiba mais: Greve dos caminhoneiros: governo anuncia suspens\u00e3o da tabela de fretes\u00a0<\/a><\/div>\n<\/p>\t<div class=\"wrapper-featured-image\">\n\t\t<figure class=\"spotlightImg\">\n\n\t\t\t<picture>\n\t\t\t\t<source media=\"(max-width: 768px)\" srcset=\"https:\/\/files.sunoresearch.com.br\/n\/uploads\/2019\/03\/3a953146-greve-dos-caminhoneiros-400x200.webp\">\n\t\t\t\t<img loading=\"lazy\" decoding=\"async\" class=\"newsContent__article__imgCapa lazyloadDisabled newsContent__article__imgCapa--noCaption\" src=\"https:\/\/files.sunoresearch.com.br\/n\/uploads\/2019\/03\/3a953146-greve-dos-caminhoneiros-800x450.webp\" width=\"800\" height=\"450\" alt=\"Lideran\u00e7a fala em um ano sem greve dos caminhoneiros\" fetchpriority=high \/>\n\t\t\t<\/picture>\n\n\t\t\t<figcaption class=\"wp-caption-text wp-caption-text--hide\">Uma nova greve dos caminhoneiros poderia ser evitada por um ano.<\/figcaption>\n\t\t<\/figure>\n\t<\/div>\n\n<div>Uma nova greve dos caminhoneiros poderia ser evitada por um ano. \u00c9 essa a proposta apresentada por um dos l\u00edderes dos transportadores, Wanderley Alves, o Dedeco.<\/div>\n<div><\/div>\n<div>Segundo ele, os novos acordos coletivos dos aut\u00f4nomos poderiam incluir o compromisso de um ano sem uma nova <strong>greve dos caminhoneiros.<\/strong> Os novos acordos deveriam ser negociados na pr\u00f3xima semana.<\/div>\n<div><\/div>\n<div><\/div>\n<div><\/div>\n<div>\u201cHavendo acordo com embarcadores e <strong>transportadores<\/strong> de que cumprir\u00e3o o piso m\u00ednimo, com certeza vamos assumir um ano sem falar em paralisa\u00e7\u00e3o\u201d, declarou Dedeco. Segundo o l\u00edder dos <strong>caminhoneiros,<\/strong> esses acordos devem estar previstos em documentos escritos.<\/div>\n<div><\/div>\n<div>Essa proposta \u00e9 apoiada tamb\u00e9m por outro l\u00edder dos <strong>caminhoneiros,<\/strong> Wallace Landim, o Chor\u00e3o. &#8220;Se sair acordo \u00e9 porque segmentos assumem o compromisso de cumprir, isso deixa o fantasma da paralisa\u00e7\u00e3o para tr\u00e1s&#8221;, declarou ele.<\/div>\n<div><\/div>\n<p><div><a href=\"https:\/\/www.suno.com.br\/noticias\/greve-dos-caminhoneiros-governo-anuncia-suspensao-da-tabela-de-frete\/\">Saiba mais: Greve dos caminhoneiros: governo anuncia suspens\u00e3o da tabela de fretes\u00a0<\/a><\/div>\n<\/p>\n<div><\/div>\n<div>Os transportadores preveem um reajuste entre 15% e 19% sobre os custos da \u00faltima tabela de fretes. A tabela foi revogada pelo governo na \u00faltima segunda-feira (22) ap\u00f3s a amea\u00e7a de uma nova <a href=\"https:\/\/www.suno.com.br\/artigos\/o-que-penso-sobre-a-greve-dos-caminhoneiros\/\"><strong>greve dos caminhoneiros<\/strong><\/a><strong>.<\/strong><\/div>\n<div><\/div>\n<div>\t<p>\n\t\t<a href=\"https:\/\/lp.suno.com.br\/ebook-gratuito-investindo-no-exterior\/\" target=\"_blank\" data-element=\"shortcode-suno-banner\" title=\"Banner SUNO, clique e saiba mais\">\n\t\t\t<picture>\n\t\t\t\t<source media=\"(max-width: 500px)\" srcset=\"https:\/\/files.sunoresearch.com.br\/n\/uploads\/2023\/03\/400x300-Investindo-no-exterior.png\">\n\t\t\t\t<img class=\"newsContent__article__imgCapa newsContent__article__imgCapa--banner\"\n\t\t\t\t\tsrc=\"https:\/\/files.sunoresearch.com.br\/n\/uploads\/2023\/03\/1420x240-Investindo-no-exterior.png\"\n\t\t\t\t\tdata-promo-id=\"383161\"\t\t\t\t\t\t\t\t\t\twidth='1420' height='240'\t\t\t\t\talt=\"https:\/\/files.sunoresearch.com.br\/n\/uploads\/2023\/03\/1420x240-Investindo-no-exterior.png\"\n\t\t\t\t>\n\t\t\t<\/picture>\n\t\t<\/a>\n\t<\/p>\n\n<\/div>\n<div><\/div>\n<div><span style=\"font-size: 1.21429rem;\">A possibilidade de uma nova paralisa\u00e7\u00e3o teria j\u00e1 mobilizado cerca de 2 mil transportadores nas redes sociais. Os profissionais estariam discutindo sobre a possibilidade de interromper suas atividades em cerca de 15 grupos no WhatsApp.<\/span><\/div>\n<div><\/div>\n<h2>Altera\u00e7\u00e3o da tabela de fretes<\/h2>\n<div>\n\n<p>Por causa de uma nova greve, j\u00e1 na semana passada circulava a informa\u00e7\u00e3o que o governo pretendia cancelar ou suspender a nova tabela de fretes.<\/p>\n<p><a href=\"https:\/\/www.suno.com.br\/noticias\/greve-caminhoneiros-nao-havera-bolsonaro\/\">Saiba mais: Greve dos caminhoneiros: n\u00e3o haver\u00e1 nova paralisa\u00e7\u00e3o, diz Bolsonaro\u00a0<\/a><\/p>\n<p>Entretanto, n\u00e3o todos os caminhoneiros concordariam em realizar uma nova greve. Parte da categoria seria\u00a0refrat\u00e1ria \u00e0 ideia por causa das dificuldades financeiras que teriam caso decidissem parar de trabalhar.<\/p>\n\t<p>\n\t\t<a href=\"https:\/\/lp.suno.com.br\/ebook-como-analisar-uma-acao\/\" target=\"_blank\" data-element=\"shortcode-suno-banner\" title=\"Banner SUNO, clique e saiba mais\">\n\t\t\t<picture>\n\t\t\t\t<source media=\"(max-width: 500px)\" srcset=\"https:\/\/files.sunoresearch.com.br\/n\/uploads\/2023\/03\/Ebook-Acoes-Mobile.jpg\">\n\t\t\t\t<img class=\"newsContent__article__imgCapa newsContent__article__imgCapa--banner\"\n\t\t\t\t\tsrc=\"https:\/\/files.sunoresearch.com.br\/n\/uploads\/2023\/03\/Ebook-Acoes-Desktop.jpg\"\n\t\t\t\t\tdata-promo-id=\"311946\"\t\t\t\t\t\t\t\t\t\twidth='1420' height='286'\t\t\t\t\talt=\"https:\/\/files.sunoresearch.com.br\/n\/uploads\/2023\/03\/Ebook-Acoes-Desktop.jpg\"\n\t\t\t\t>\n\t\t\t<\/picture>\n\t\t<\/a>\n\t<\/p>\n\n\n<p>A nova tabela de fretes que poderia desencadear uma nova <strong>greve dos caminhoneiros<\/strong> foi elaborada pela Esalq-Log, entidade da Universidade de S\u00e3o Paulo (USP). A tabela de frete, criada pelo governo do ex-presidente Michel Temer, previa uma s\u00e9rie de revis\u00f5es peri\u00f3dicas. A pr\u00f3xima revis\u00e3o oficial est\u00e1 prevista para o in\u00edcio de 2020.<\/p>\n<\/div>\n","protected":false},"excerpt":{"rendered":"<p>Uma nova greve dos caminhoneiros poderia ser evitada por um ano. \u00c9 essa a proposta apresentada por um dos l\u00edderes dos transportadores, Wanderley Alves, o Dedeco. Segundo ele, os novos acordos coletivos dos aut\u00f4nomos poderiam incluir o compromisso de um ano sem uma nova greve dos caminhoneiros. Os novos acordos deveriam ser negociados na pr\u00f3xima [&hellip;]<\/p>\n","protected":false},"author":9,"featured_media":19144,"comment_status":"closed","ping_status":"closed","sticky":false,"template":"","format":"standard","meta":[],"categories":[61],"tags":[833],"suno_strategy":[],"class_list":["post-32440","post","type-post","status-publish","format-standard","has-post-thumbnail","hentry","category-politica","tag-greve-dos-caminhoneiros"],"yoast_head":"<!-- This site is optimized with the Yoast SEO plugin v24.4 - https:\/\/yoast.com\/wordpress\/plugins\/seo\/ -->\n<title>Lideran\u00e7a fala em um ano sem greve dos caminhoneiros<\/title>\n<meta name=\"description\" content=\"Uma nova greve dos caminhoneiros poderia ser evitada por um ano. Essa foi a proposta dos lideres da categoria. Clique aqui e saiba mais.\" \/>\n<meta name=\"robots\" content=\"index, follow, max-snippet:-1, max-image-preview:large, max-video-preview:-1\" \/>\n<link rel=\"canonical\" href=\"https:\/\/www.suno.com.br\/noticias\/lideranca-ano-greve-caminhoneiros\/\" \/>\n<meta property=\"og:locale\" content=\"pt_BR\" \/>\n<meta property=\"og:type\" content=\"article\" \/>\n<meta property=\"og:title\" content=\"Lideran\u00e7a fala em um ano sem greve dos caminhoneiros\" \/>\n<meta property=\"og:description\" content=\"Uma nova greve dos caminhoneiros poderia ser evitada por um ano. Essa foi a proposta dos lideres da categoria. Clique aqui e saiba mais.\" \/>\n<meta property=\"og:url\" content=\"https:\/\/www.suno.com.br\/noticias\/lideranca-ano-greve-caminhoneiros\/\" \/>\n<meta property=\"og:site_name\" content=\"Suno Not\u00edcias\" \/>\n<meta property=\"article:publisher\" content=\"https:\/\/facebook.com\/sunoresearch\" \/>\n<meta property=\"og:image\" content=\"https:\/\/files.sunoresearch.com.br\/n\/uploads\/2019\/03\/3a953146-greve-dos-caminhoneiros.jpg\" \/>\n\t<meta property=\"og:image:width\" content=\"2000\" \/>\n\t<meta property=\"og:image:height\" content=\"968\" \/>\n\t<meta property=\"og:image:type\" content=\"image\/jpeg\" \/>\n<meta name=\"author\" content=\"Carlo Cauti\" \/>\n<meta name=\"twitter:card\" content=\"summary_large_image\" \/>\n<meta name=\"twitter:creator\" content=\"@sunoresearch\" \/>\n<meta name=\"twitter:site\" content=\"@sunoresearch\" \/>\n<meta name=\"twitter:label1\" content=\"Escrito por\" \/>\n\t<meta name=\"twitter:data1\" content=\"Carlo Cauti\" \/>\n\t<meta name=\"twitter:label2\" content=\"Est. tempo de leitura\" \/>\n\t<meta name=\"twitter:data2\" content=\"2 minutos\" \/>\n<script type=\"application\/ld+json\" class=\"yoast-schema-graph\">{\"@context\":\"https:\/\/schema.org\",\"@graph\":[{\"@type\":\"NewsArticle\",\"@id\":\"https:\/\/www.suno.com.br\/noticias\/lideranca-ano-greve-caminhoneiros\/#article\",\"isPartOf\":{\"@id\":\"https:\/\/www.suno.com.br\/noticias\/lideranca-ano-greve-caminhoneiros\/\"},\"author\":{\"name\":\"Carlo Cauti\",\"@id\":\"https:\/\/www.suno.com.br\/noticias\/#\/schema\/person\/e6e0f723cc177805027f4566c1d5e0c8\"},\"headline\":\"Lideran\u00e7a fala em um ano sem greve dos caminhoneiros\",\"datePublished\":\"2019-07-28T21:22:02+00:00\",\"mainEntityOfPage\":{\"@id\":\"https:\/\/www.suno.com.br\/noticias\/lideranca-ano-greve-caminhoneiros\/\"},\"wordCount\":426,\"publisher\":{\"@id\":\"https:\/\/www.suno.com.br\/noticias\/#organization\"},\"image\":{\"@id\":\"https:\/\/www.suno.com.br\/noticias\/lideranca-ano-greve-caminhoneiros\/#primaryimage\"},\"thumbnailUrl\":\"https:\/\/files.sunoresearch.com.br\/n\/uploads\/2019\/03\/3a953146-greve-dos-caminhoneiros-jpg.webp\",\"keywords\":[\"greve dos caminhoneiros\"],\"articleSection\":[\"Pol\u00edtica\"],\"inLanguage\":\"pt-BR\"},{\"@type\":\"WebPage\",\"@id\":\"https:\/\/www.suno.com.br\/noticias\/lideranca-ano-greve-caminhoneiros\/\",\"url\":\"https:\/\/www.suno.com.br\/noticias\/lideranca-ano-greve-caminhoneiros\/\",\"name\":\"Lideran\u00e7a fala em um ano sem greve dos caminhoneiros\",\"isPartOf\":{\"@id\":\"https:\/\/www.suno.com.br\/noticias\/#website\"},\"primaryImageOfPage\":{\"@id\":\"https:\/\/www.suno.com.br\/noticias\/lideranca-ano-greve-caminhoneiros\/#primaryimage\"},\"image\":{\"@id\":\"https:\/\/www.suno.com.br\/noticias\/lideranca-ano-greve-caminhoneiros\/#primaryimage\"},\"thumbnailUrl\":\"https:\/\/files.sunoresearch.com.br\/n\/uploads\/2019\/03\/3a953146-greve-dos-caminhoneiros-jpg.webp\",\"datePublished\":\"2019-07-28T21:22:02+00:00\",\"description\":\"Uma nova greve dos caminhoneiros poderia ser evitada por um ano. Essa foi a proposta dos lideres da categoria. Clique aqui e saiba mais.\",\"breadcrumb\":{\"@id\":\"https:\/\/www.suno.com.br\/noticias\/lideranca-ano-greve-caminhoneiros\/#breadcrumb\"},\"inLanguage\":\"pt-BR\",\"potentialAction\":[{\"@type\":\"ReadAction\",\"target\":[\"https:\/\/www.suno.com.br\/noticias\/lideranca-ano-greve-caminhoneiros\/\"]}]},{\"@type\":\"ImageObject\",\"inLanguage\":\"pt-BR\",\"@id\":\"https:\/\/www.suno.com.br\/noticias\/lideranca-ano-greve-caminhoneiros\/#primaryimage\",\"url\":\"https:\/\/files.sunoresearch.com.br\/n\/uploads\/2019\/03\/3a953146-greve-dos-caminhoneiros-jpg.webp\",\"contentUrl\":\"https:\/\/files.sunoresearch.com.br\/n\/uploads\/2019\/03\/3a953146-greve-dos-caminhoneiros-jpg.webp\",\"width\":2000,\"height\":968,\"caption\":\"Uma nova greve dos caminhoneiros poderia ser evitada por um ano.\"},{\"@type\":\"BreadcrumbList\",\"@id\":\"https:\/\/www.suno.com.br\/noticias\/lideranca-ano-greve-caminhoneiros\/#breadcrumb\",\"itemListElement\":[{\"@type\":\"ListItem\",\"position\":1,\"name\":\"Not\u00edcias\",\"item\":\"https:\/\/www.suno.com.br\/noticias\/\"},{\"@type\":\"ListItem\",\"position\":2,\"name\":\"Pol\u00edtica\",\"item\":\"https:\/\/www.suno.com.br\/noticias\/politica\/\"},{\"@type\":\"ListItem\",\"position\":3,\"name\":\"Lideran\u00e7a fala em um ano sem greve dos caminhoneiros\"}]},{\"@type\":\"WebSite\",\"@id\":\"https:\/\/www.suno.com.br\/noticias\/#website\",\"url\":\"https:\/\/www.suno.com.br\/noticias\/\",\"name\":\"Suno Not\u00edcias\",\"description\":\"Seu portal de informa\u00e7\u00e3o sobre o mundo dos investimentos\",\"publisher\":{\"@id\":\"https:\/\/www.suno.com.br\/noticias\/#organization\"},\"potentialAction\":[{\"@type\":\"SearchAction\",\"target\":{\"@type\":\"EntryPoint\",\"urlTemplate\":\"https:\/\/www.suno.com.br\/noticias\/?s={search_term_string}\"},\"query-input\":{\"@type\":\"PropertyValueSpecification\",\"valueRequired\":true,\"valueName\":\"search_term_string\"}}],\"inLanguage\":\"pt-BR\"},{\"@type\":\"Organization\",\"@id\":\"https:\/\/www.suno.com.br\/noticias\/#organization\",\"name\":\"Suno Not\u00edcias\",\"url\":\"https:\/\/www.suno.com.br\/noticias\/\",\"logo\":{\"@type\":\"ImageObject\",\"inLanguage\":\"pt-BR\",\"@id\":\"https:\/\/www.suno.com.br\/noticias\/#\/schema\/logo\/image\/\",\"url\":\"https:\/\/files.sunoresearch.com.br\/n\/uploads\/2021\/09\/suno-logo.png\",\"contentUrl\":\"https:\/\/files.sunoresearch.com.br\/n\/uploads\/2021\/09\/suno-logo.png\",\"width\":180,\"height\":180,\"caption\":\"Suno Not\u00edcias\"},\"image\":{\"@id\":\"https:\/\/www.suno.com.br\/noticias\/#\/schema\/logo\/image\/\"},\"sameAs\":[\"https:\/\/facebook.com\/sunoresearch\",\"https:\/\/x.com\/sunoresearch\",\"https:\/\/www.instagram.com\/suno\",\"https:\/\/www.linkedin.com\/company\/suno-research\/\",\"https:\/\/www.youtube.com\/c\/sunoresearch\"]},{\"@type\":\"Person\",\"@id\":\"https:\/\/www.suno.com.br\/noticias\/#\/schema\/person\/e6e0f723cc177805027f4566c1d5e0c8\",\"name\":\"Carlo Cauti\",\"image\":{\"@type\":\"ImageObject\",\"inLanguage\":\"pt-BR\",\"@id\":\"https:\/\/www.suno.com.br\/noticias\/#\/schema\/person\/image\/\",\"url\":\"https:\/\/secure.gravatar.com\/avatar\/3ada9e0bd164c23abd4792a9606d583c?s=96&r=g\",\"contentUrl\":\"https:\/\/secure.gravatar.com\/avatar\/3ada9e0bd164c23abd4792a9606d583c?s=96&r=g\",\"caption\":\"Carlo Cauti\"},\"description\":\"Editor multim\u00eddia do SUNO Not\u00edcias. Italiano, formado em Ci\u00eancias Pol\u00edticas pela universidade LUISS G. Carli de Roma e mestre cum laude em Rela\u00e7\u00f5es Internacionais, Jornalismo Internacional e de Guerra e em Economia Internacional. Concluiu tamb\u00e9m um MBA em Finan\u00e7as na B3. No Brasil, teve passagem por ve\u00edculos como Estad\u00e3o, Globo, Veja e EXAME. e nas ag\u00eancias de not\u00edcias italianas ANSA e NOVA.\",\"url\":\"https:\/\/www.suno.com.br\/noticias\/author\/carlo-cauti\/\"}]}<\/script>\n<!-- \/ Yoast SEO plugin. -->","yoast_head_json":{"title":"Lideran\u00e7a fala em um ano sem greve dos caminhoneiros","description":"Uma nova greve dos caminhoneiros poderia ser evitada por um ano. Essa foi a proposta dos lideres da categoria. Clique aqui e saiba mais.","robots":{"index":"index","follow":"follow","max-snippet":"max-snippet:-1","max-image-preview":"max-image-preview:large","max-video-preview":"max-video-preview:-1"},"canonical":"https:\/\/www.suno.com.br\/noticias\/lideranca-ano-greve-caminhoneiros\/","og_locale":"pt_BR","og_type":"article","og_title":"Lideran\u00e7a fala em um ano sem greve dos caminhoneiros","og_description":"Uma nova greve dos caminhoneiros poderia ser evitada por um ano. Essa foi a proposta dos lideres da categoria. Clique aqui e saiba mais.","og_url":"https:\/\/www.suno.com.br\/noticias\/lideranca-ano-greve-caminhoneiros\/","og_site_name":"Suno Not\u00edcias","article_publisher":"https:\/\/facebook.com\/sunoresearch","og_image":[{"width":2000,"height":968,"url":"https:\/\/files.sunoresearch.com.br\/n\/uploads\/2019\/03\/3a953146-greve-dos-caminhoneiros.jpg","type":"image\/jpeg"}],"author":"Carlo Cauti","twitter_card":"summary_large_image","twitter_creator":"@sunoresearch","twitter_site":"@sunoresearch","twitter_misc":{"Escrito por":"Carlo Cauti","Est. tempo de leitura":"2 minutos"},"schema":{"@context":"https:\/\/schema.org","@graph":[{"@type":"NewsArticle","@id":"https:\/\/www.suno.com.br\/noticias\/lideranca-ano-greve-caminhoneiros\/#article","isPartOf":{"@id":"https:\/\/www.suno.com.br\/noticias\/lideranca-ano-greve-caminhoneiros\/"},"author":{"name":"Carlo Cauti","@id":"https:\/\/www.suno.com.br\/noticias\/#\/schema\/person\/e6e0f723cc177805027f4566c1d5e0c8"},"headline":"Lideran\u00e7a fala em um ano sem greve dos caminhoneiros","datePublished":"2019-07-28T21:22:02+00:00","mainEntityOfPage":{"@id":"https:\/\/www.suno.com.br\/noticias\/lideranca-ano-greve-caminhoneiros\/"},"wordCount":426,"publisher":{"@id":"https:\/\/www.suno.com.br\/noticias\/#organization"},"image":{"@id":"https:\/\/www.suno.com.br\/noticias\/lideranca-ano-greve-caminhoneiros\/#primaryimage"},"thumbnailUrl":"https:\/\/files.sunoresearch.com.br\/n\/uploads\/2019\/03\/3a953146-greve-dos-caminhoneiros-jpg.webp","keywords":["greve dos caminhoneiros"],"articleSection":["Pol\u00edtica"],"inLanguage":"pt-BR"},{"@type":"WebPage","@id":"https:\/\/www.suno.com.br\/noticias\/lideranca-ano-greve-caminhoneiros\/","url":"https:\/\/www.suno.com.br\/noticias\/lideranca-ano-greve-caminhoneiros\/","name":"Lideran\u00e7a fala em um ano sem greve dos caminhoneiros","isPartOf":{"@id":"https:\/\/www.suno.com.br\/noticias\/#website"},"primaryImageOfPage":{"@id":"https:\/\/www.suno.com.br\/noticias\/lideranca-ano-greve-caminhoneiros\/#primaryimage"},"image":{"@id":"https:\/\/www.suno.com.br\/noticias\/lideranca-ano-greve-caminhoneiros\/#primaryimage"},"thumbnailUrl":"https:\/\/files.sunoresearch.com.br\/n\/uploads\/2019\/03\/3a953146-greve-dos-caminhoneiros-jpg.webp","datePublished":"2019-07-28T21:22:02+00:00","description":"Uma nova greve dos caminhoneiros poderia ser evitada por um ano. Essa foi a proposta dos lideres da categoria. Clique aqui e saiba mais.","breadcrumb":{"@id":"https:\/\/www.suno.com.br\/noticias\/lideranca-ano-greve-caminhoneiros\/#breadcrumb"},"inLanguage":"pt-BR","potentialAction":[{"@type":"ReadAction","target":["https:\/\/www.suno.com.br\/noticias\/lideranca-ano-greve-caminhoneiros\/"]}]},{"@type":"ImageObject","inLanguage":"pt-BR","@id":"https:\/\/www.suno.com.br\/noticias\/lideranca-ano-greve-caminhoneiros\/#primaryimage","url":"https:\/\/files.sunoresearch.com.br\/n\/uploads\/2019\/03\/3a953146-greve-dos-caminhoneiros-jpg.webp","contentUrl":"https:\/\/files.sunoresearch.com.br\/n\/uploads\/2019\/03\/3a953146-greve-dos-caminhoneiros-jpg.webp","width":2000,"height":968,"caption":"Uma nova greve dos caminhoneiros poderia ser evitada por um ano."},{"@type":"BreadcrumbList","@id":"https:\/\/www.suno.com.br\/noticias\/lideranca-ano-greve-caminhoneiros\/#breadcrumb","itemListElement":[{"@type":"ListItem","position":1,"name":"Not\u00edcias","item":"https:\/\/www.suno.com.br\/noticias\/"},{"@type":"ListItem","position":2,"name":"Pol\u00edtica","item":"https:\/\/www.suno.com.br\/noticias\/politica\/"},{"@type":"ListItem","position":3,"name":"Lideran\u00e7a fala em um ano sem greve dos caminhoneiros"}]},{"@type":"WebSite","@id":"https:\/\/www.suno.com.br\/noticias\/#website","url":"https:\/\/www.suno.com.br\/noticias\/","name":"Suno Not\u00edcias","description":"Seu portal de informa\u00e7\u00e3o sobre o mundo dos investimentos","publisher":{"@id":"https:\/\/www.suno.com.br\/noticias\/#organization"},"potentialAction":[{"@type":"SearchAction","target":{"@type":"EntryPoint","urlTemplate":"https:\/\/www.suno.com.br\/noticias\/?s={search_term_string}"},"query-input":{"@type":"PropertyValueSpecification","valueRequired":true,"valueName":"search_term_string"}}],"inLanguage":"pt-BR"},{"@type":"Organization","@id":"https:\/\/www.suno.com.br\/noticias\/#organization","name":"Suno Not\u00edcias","url":"https:\/\/www.suno.com.br\/noticias\/","logo":{"@type":"ImageObject","inLanguage":"pt-BR","@id":"https:\/\/www.suno.com.br\/noticias\/#\/schema\/logo\/image\/","url":"https:\/\/files.sunoresearch.com.br\/n\/uploads\/2021\/09\/suno-logo.png","contentUrl":"https:\/\/files.sunoresearch.com.br\/n\/uploads\/2021\/09\/suno-logo.png","width":180,"height":180,"caption":"Suno Not\u00edcias"},"image":{"@id":"https:\/\/www.suno.com.br\/noticias\/#\/schema\/logo\/image\/"},"sameAs":["https:\/\/facebook.com\/sunoresearch","https:\/\/x.com\/sunoresearch","https:\/\/www.instagram.com\/suno","https:\/\/www.linkedin.com\/company\/suno-research\/","https:\/\/www.youtube.com\/c\/sunoresearch"]},{"@type":"Person","@id":"https:\/\/www.suno.com.br\/noticias\/#\/schema\/person\/e6e0f723cc177805027f4566c1d5e0c8","name":"Carlo Cauti","image":{"@type":"ImageObject","inLanguage":"pt-BR","@id":"https:\/\/www.suno.com.br\/noticias\/#\/schema\/person\/image\/","url":"https:\/\/secure.gravatar.com\/avatar\/3ada9e0bd164c23abd4792a9606d583c?s=96&r=g","contentUrl":"https:\/\/secure.gravatar.com\/avatar\/3ada9e0bd164c23abd4792a9606d583c?s=96&r=g","caption":"Carlo Cauti"},"description":"Editor multim\u00eddia do SUNO Not\u00edcias. Italiano, formado em Ci\u00eancias Pol\u00edticas pela universidade LUISS G. Carli de Roma e mestre cum laude em Rela\u00e7\u00f5es Internacionais, Jornalismo Internacional e de Guerra e em Economia Internacional. Concluiu tamb\u00e9m um MBA em Finan\u00e7as na B3. No Brasil, teve passagem por ve\u00edculos como Estad\u00e3o, Globo, Veja e EXAME. e nas ag\u00eancias de not\u00edcias italianas ANSA e NOVA.","url":"https:\/\/www.suno.com.br\/noticias\/author\/carlo-cauti\/"}]}},"default_loop_html":"<div class=\"cardsPage__listCard__boxs\"><div class=\"cardsPage__listCard__boxs__img\"><a href=\"https:\/\/www.suno.com.br\/noticias\/lideranca-ano-greve-caminhoneiros\/\"><img class=\"mask\" src=\"https:\/\/www.suno.com.br\/noticias\/wp-content\/themes\/suno\/resources\/images\/spotlight\/spotlight1img\/bg-mask.png\" alt=\"Image Mask\"\/><img src=\"https:\/\/files.sunoresearch.com.br\/n\/uploads\/2019\/03\/3a953146-greve-dos-caminhoneiros-400x200.webp\" alt=\"Lideran\u00e7a fala em um ano sem greve dos caminhoneiros\"\/><\/a><span class=\"spotlightCategory\"><a href=\"https:\/\/www.suno.com.br\/noticias\/politica\/\">Pol\u00edtica<\/a><\/span><\/div><div class=\"cardsPage__listCard__boxs__content\"><a href=\"https:\/\/www.suno.com.br\/noticias\/lideranca-ano-greve-caminhoneiros\/\"><h2 class=\"content__title\">Lideran\u00e7a fala em um ano sem greve dos caminhoneiros<\/h2><\/a><div class=\"newsContent__article__meta\"><div class=\"newsContent__article__meta__authorBox\"><a href=\"https:\/\/www.suno.com.br\/noticias\/author\/carlo-cauti\/\" class=\"authorBox__avatar noMobi\"><img src=\"https:\/\/files.sunoresearch.com.br\/n\/uploads\/2020\/08\/e3745f9a-perfil-carlo-cauti-150x150.webp\" alt=\"Carlo Cauti\"><\/a><div class=\"authorBox__name\"><span>por\n\t\t\t<a href=\"https:\/\/www.suno.com.br\/noticias\/author\/carlo-cauti\/\"><span itemprop=\"author\">Carlo Cauti<\/span><\/a><\/span><time datetime=\"2019-07-28T18:22:02-03:00\" itemprop=\"datePublished\">28\/07\/2019 18:22<\/time><\/div><\/div><\/div><\/div><\/div>","single_layout":"posts","amp_enabled":true,"_links":{"self":[{"href":"https:\/\/www.suno.com.br\/noticias\/wp-json\/wp\/v2\/posts\/32440"}],"collection":[{"href":"https:\/\/www.suno.com.br\/noticias\/wp-json\/wp\/v2\/posts"}],"about":[{"href":"https:\/\/www.suno.com.br\/noticias\/wp-json\/wp\/v2\/types\/post"}],"author":[{"embeddable":true,"href":"https:\/\/www.suno.com.br\/noticias\/wp-json\/wp\/v2\/users\/9"}],"replies":[{"embeddable":true,"href":"https:\/\/www.suno.com.br\/noticias\/wp-json\/wp\/v2\/comments?post=32440"}],"version-history":[{"count":0,"href":"https:\/\/www.suno.com.br\/noticias\/wp-json\/wp\/v2\/posts\/32440\/revisions"}],"wp:featuredmedia":[{"embeddable":true,"href":"https:\/\/www.suno.com.br\/noticias\/wp-json\/wp\/v2\/media\/19144"}],"wp:attachment":[{"href":"https:\/\/www.suno.com.br\/noticias\/wp-json\/wp\/v2\/media?parent=32440"}],"wp:term":[{"taxonomy":"category","embeddable":true,"href":"https:\/\/www.suno.com.br\/noticias\/wp-json\/wp\/v2\/categories?post=32440"},{"taxonomy":"post_tag","embeddable":true,"href":"https:\/\/www.suno.com.br\/noticias\/wp-json\/wp\/v2\/tags?post=32440"},{"taxonomy":"suno_strategy","embeddable":true,"href":"https:\/\/www.suno.com.br\/noticias\/wp-json\/wp\/v2\/suno_strategy?post=32440"}],"curies":[{"name":"wp","href":"https:\/\/api.w.org\/{rel}","templated":true}]}}