{"id":32432,"date":"2019-07-28T15:54:27","date_gmt":"2019-07-28T18:54:27","guid":{"rendered":"https:\/\/www.suno.com.br\/noticias\/?p=32432"},"modified":"2019-07-28T15:54:27","modified_gmt":"2019-07-28T18:54:27","slug":"pfizer-mylan-fusao-wsj","status":"publish","type":"post","link":"https:\/\/www.suno.com.br\/noticias\/pfizer-mylan-fusao-wsj\/","title":{"rendered":"Pfizer e Mylan estariam negociando fus\u00e3o, diz WSJ"},"content":{"rendered":"<p>A gigante da farmac\u00eautica Pfizer estaria negociando uma fus\u00e3o com a fabricante de gen\u00e9ricos <strong>Mylan.<\/strong> Segundo o jornal \u201cThe Wall Street Journal\u201d, a opera\u00e7\u00e3o envolveria a divis\u00e3o de medicamentos sem patente.<\/p>\t<div class=\"wrapper-featured-image\">\n\t\t<figure class=\"spotlightImg\">\n\n\t\t\t<picture>\n\t\t\t\t<source media=\"(max-width: 768px)\" srcset=\"https:\/\/files.sunoresearch.com.br\/n\/uploads\/2019\/01\/ccd8fb07-pfizer-400x200.webp\">\n\t\t\t\t<img loading=\"lazy\" decoding=\"async\" class=\"newsContent__article__imgCapa lazyloadDisabled newsContent__article__imgCapa--noCaption\" src=\"https:\/\/files.sunoresearch.com.br\/n\/uploads\/2019\/01\/ccd8fb07-pfizer-800x450.webp\" width=\"800\" height=\"450\" alt=\"Pfizer e Mylan estariam negociando fus\u00e3o, diz WSJ\" fetchpriority=high \/>\n\t\t\t<\/picture>\n\n\t\t\t<figcaption class=\"wp-caption-text wp-caption-text--hide\">A gigante da farmac\u00eautica Pfizer estaria negociando uma fus\u00e3o com a fabricante de gen\u00e9ricos Mylan.<\/figcaption>\n\t\t<\/figure>\n\t<\/div>\n\n\n<p>Segundo o jornal, um eventual acordo entre a <strong>Pfizer<\/strong> e a <strong>Mylan<\/strong> criaria um gigante global no mercado de medicamentos de pre\u00e7os baixos. O acordo poderia ser anunciado na pr\u00f3xima segunda-feira (29).<\/p>\n\n<p>Segundo o <strong>WSJ,<\/strong> as duas empresas estariam negociando uma fus\u00e3o em parte baseada em a\u00e7\u00f5es. Nesse caso, os acionistas da <strong>Mylan<\/strong> teriam pouco mais de 40% da nova empresa, enquanto os acionistas da <strong>Pfizer<\/strong> ficariam com o restante.<\/p>\n<p>Al\u00e9m disso, a Pfizer receberia ainda cerca de US$ 12 bilh\u00f5es, obtidos a partir de uma emiss\u00e3o de d\u00edvida. Atualmente a Mylan tem um valor de mercado levemente inferior a US$ 10 bilh\u00f5es.<\/p>\n<h2>Queda nas vendas de rem\u00e9dios<\/h2>\n<p>Segundo o <strong>WSJ,<\/strong> o eventual acordo uniria dois grupos farmac\u00eauticos cujas vendas ca\u00edram. Uma redu\u00e7\u00e3o inciada ap\u00f3s medicamentos considerados campe\u00f5es de venda perderam a prote\u00e7\u00e3o de patentes e come\u00e7aram a enfrentar uma concorr\u00eancia de produtos mais baratos.<\/p>\n<p><a href=\"https:\/\/www.suno.com.br\/noticias\/gsk-pfizer-juntam-operacoes-medicamentos\/\">Saiba mais: GSK e Pfizer juntam as opera\u00e7\u00f5es de medicamentos sem receita\u00a0<\/a><\/p>\n<p>No caso da <strong>Pfizer,<\/strong> as p\u00edlulas contra o colesterol Lipitor e o medicamento de impot\u00eancia masculina Viagra est\u00e3o entre os rem\u00e9dios que registraram essa queda nas vendas. Uma eventual fus\u00e3o com a <strong>Mylan<\/strong> seria uma alternativa para um novo aumento nas vendas.<\/p>\n<h2>Fus\u00e3o com a GSK<\/h2>\n<p>No final de dezembro de 2018 as gigantes farmac\u00eauticos <strong>GSK<\/strong> (GlaxoSmithKline) e <strong>Pfizer<\/strong> anunciaram a fus\u00e3o de suas atividades de medicamentos sem receita. A opera\u00e7\u00e3o deveria <a href=\"https:\/\/www.suno.com.br\/artigos\/fusao-de-empresas\/\">criar uma nova empresa<\/a> do <strong>setor farmac\u00eautico<\/strong> com um volume de neg\u00f3cios de US$ 12,7 bilh\u00f5es.<\/p>\n<p><a href=\"https:\/\/www.suno.com.br\/noticias\/pfizer-receita-lucro-abaixo-esperado\/\">Saiba mais: Pfizer rev\u00ea receita e prev\u00ea lucro abaixo do esperado\u00a0<\/a><\/p>\n<p>Segundo os planos iniciais, divulgados pelas duas empresas em comunicado, a GSK teria a maior parte do controle, 68%, e a <strong>Pfizer<\/strong> 32% nesta empresa. O acordo inclui medicamentos como o anti-inflamat\u00f3rio Voltaren, o paracetamol Panadol e a marca Sensodyne, entre outros produtos.<\/p>\n\t<p>\n\t\t<a href=\"https:\/\/lp.suno.com.br\/ebook-10-livros\/\" target=\"_blank\" data-element=\"shortcode-suno-banner\" title=\"Banner SUNO, clique e saiba mais\">\n\t\t\t<picture>\n\t\t\t\t<source media=\"(max-width: 500px)\" srcset=\"https:\/\/files.sunoresearch.com.br\/n\/uploads\/2023\/03\/400x300-10-livros.png\">\n\t\t\t\t<img class=\"newsContent__article__imgCapa newsContent__article__imgCapa--banner\"\n\t\t\t\t\tsrc=\"https:\/\/files.sunoresearch.com.br\/n\/uploads\/2023\/03\/1420x240-10-livros.png\"\n\t\t\t\t\tdata-promo-id=\"383159\"\t\t\t\t\t\t\t\t\t\twidth='1420' height='240'\t\t\t\t\talt=\"https:\/\/files.sunoresearch.com.br\/n\/uploads\/2023\/03\/1420x240-10-livros.png\"\n\t\t\t\t>\n\t\t\t<\/picture>\n\t\t<\/a>\n\t<\/p>\n\n\n<p>Por sua vez, a <strong>Pfizer<\/strong> aportar\u00e1 na nova empresa o analg\u00e9sico Advil, os vitam\u00ednicos Centrum e Caltrate e outros medicamentos. Para ser concretizada, a cria\u00e7\u00e3o da nova empresa precisa da aprova\u00e7\u00e3o dos acionistas da <strong>GSK<\/strong> e da autoriza\u00e7\u00e3o das autoridades regulat\u00f3rias. A fus\u00e3o deveria se tornar efetiva no segundo semestre de 2019.<\/p>\n","protected":false},"excerpt":{"rendered":"<p>A gigante da farmac\u00eautica Pfizer estaria negociando uma fus\u00e3o com a fabricante de gen\u00e9ricos Mylan. Segundo o jornal \u201cThe Wall Street Journal\u201d, a opera\u00e7\u00e3o envolveria a divis\u00e3o de medicamentos sem patente. A gigante da farmac\u00eautica Pfizer estaria negociando uma fus\u00e3o com a fabricante de gen\u00e9ricos Mylan. Segundo o jornal, um eventual acordo entre a Pfizer [&hellip;]<\/p>\n","protected":false},"author":9,"featured_media":13417,"comment_status":"closed","ping_status":"closed","sticky":false,"template":"","format":"standard","meta":[],"categories":[64],"tags":[1777,884],"suno_strategy":[],"class_list":["post-32432","post","type-post","status-publish","format-standard","has-post-thumbnail","hentry","category-negocios","tag-industria-farmaceutica","tag-pfizer-pfiz34"],"yoast_head":"<!-- This site is optimized with the Yoast SEO plugin v24.4 - https:\/\/yoast.com\/wordpress\/plugins\/seo\/ -->\n<title>Pfizer e Mylan estariam negociando fus\u00e3o, diz WSJ<\/title>\n<meta name=\"description\" content=\"A gigante da farmac\u00eautica Pfizer estaria negociando uma fus\u00e3o com a fabricante de gen\u00e9ricos Mylan. Clique aqui para saber mais.\" \/>\n<meta name=\"robots\" content=\"index, follow, max-snippet:-1, max-image-preview:large, max-video-preview:-1\" \/>\n<link rel=\"canonical\" href=\"https:\/\/www.suno.com.br\/noticias\/pfizer-mylan-fusao-wsj\/\" \/>\n<meta property=\"og:locale\" content=\"pt_BR\" \/>\n<meta property=\"og:type\" content=\"article\" \/>\n<meta property=\"og:title\" content=\"Pfizer e Mylan estariam negociando fus\u00e3o, diz WSJ\" \/>\n<meta property=\"og:description\" content=\"A gigante da farmac\u00eautica Pfizer estaria negociando uma fus\u00e3o com a fabricante de gen\u00e9ricos Mylan. Clique aqui para saber mais.\" \/>\n<meta property=\"og:url\" content=\"https:\/\/www.suno.com.br\/noticias\/pfizer-mylan-fusao-wsj\/\" \/>\n<meta property=\"og:site_name\" content=\"Suno Not\u00edcias\" \/>\n<meta property=\"article:publisher\" content=\"https:\/\/facebook.com\/sunoresearch\" \/>\n<meta property=\"og:image\" content=\"https:\/\/files.sunoresearch.com.br\/n\/uploads\/2019\/01\/ccd8fb07-pfizer.jpg\" \/>\n\t<meta property=\"og:image:width\" content=\"1024\" \/>\n\t<meta property=\"og:image:height\" content=\"683\" \/>\n\t<meta property=\"og:image:type\" content=\"image\/jpeg\" \/>\n<meta name=\"author\" content=\"Carlo Cauti\" \/>\n<meta name=\"twitter:card\" content=\"summary_large_image\" \/>\n<meta name=\"twitter:creator\" content=\"@sunoresearch\" \/>\n<meta name=\"twitter:site\" content=\"@sunoresearch\" \/>\n<meta name=\"twitter:label1\" content=\"Escrito por\" \/>\n\t<meta name=\"twitter:data1\" content=\"Carlo Cauti\" \/>\n\t<meta name=\"twitter:label2\" content=\"Est. tempo de leitura\" \/>\n\t<meta name=\"twitter:data2\" content=\"2 minutos\" \/>\n<script type=\"application\/ld+json\" class=\"yoast-schema-graph\">{\"@context\":\"https:\/\/schema.org\",\"@graph\":[{\"@type\":\"NewsArticle\",\"@id\":\"https:\/\/www.suno.com.br\/noticias\/pfizer-mylan-fusao-wsj\/#article\",\"isPartOf\":{\"@id\":\"https:\/\/www.suno.com.br\/noticias\/pfizer-mylan-fusao-wsj\/\"},\"author\":{\"name\":\"Carlo Cauti\",\"@id\":\"https:\/\/www.suno.com.br\/noticias\/#\/schema\/person\/e6e0f723cc177805027f4566c1d5e0c8\"},\"headline\":\"Pfizer e Mylan estariam negociando fus\u00e3o, diz WSJ\",\"datePublished\":\"2019-07-28T18:54:27+00:00\",\"mainEntityOfPage\":{\"@id\":\"https:\/\/www.suno.com.br\/noticias\/pfizer-mylan-fusao-wsj\/\"},\"wordCount\":431,\"publisher\":{\"@id\":\"https:\/\/www.suno.com.br\/noticias\/#organization\"},\"image\":{\"@id\":\"https:\/\/www.suno.com.br\/noticias\/pfizer-mylan-fusao-wsj\/#primaryimage\"},\"thumbnailUrl\":\"https:\/\/files.sunoresearch.com.br\/n\/uploads\/2019\/01\/ccd8fb07-pfizer-jpg.webp\",\"keywords\":[\"ind\u00fastria farmac\u00eautica\",\"Pfizer (PFIZ34)\"],\"articleSection\":[\"Neg\u00f3cios\"],\"inLanguage\":\"pt-BR\"},{\"@type\":\"WebPage\",\"@id\":\"https:\/\/www.suno.com.br\/noticias\/pfizer-mylan-fusao-wsj\/\",\"url\":\"https:\/\/www.suno.com.br\/noticias\/pfizer-mylan-fusao-wsj\/\",\"name\":\"Pfizer e Mylan estariam negociando fus\u00e3o, diz WSJ\",\"isPartOf\":{\"@id\":\"https:\/\/www.suno.com.br\/noticias\/#website\"},\"primaryImageOfPage\":{\"@id\":\"https:\/\/www.suno.com.br\/noticias\/pfizer-mylan-fusao-wsj\/#primaryimage\"},\"image\":{\"@id\":\"https:\/\/www.suno.com.br\/noticias\/pfizer-mylan-fusao-wsj\/#primaryimage\"},\"thumbnailUrl\":\"https:\/\/files.sunoresearch.com.br\/n\/uploads\/2019\/01\/ccd8fb07-pfizer-jpg.webp\",\"datePublished\":\"2019-07-28T18:54:27+00:00\",\"description\":\"A gigante da farmac\u00eautica Pfizer estaria negociando uma fus\u00e3o com a fabricante de gen\u00e9ricos Mylan. Clique aqui para saber mais.\",\"breadcrumb\":{\"@id\":\"https:\/\/www.suno.com.br\/noticias\/pfizer-mylan-fusao-wsj\/#breadcrumb\"},\"inLanguage\":\"pt-BR\",\"potentialAction\":[{\"@type\":\"ReadAction\",\"target\":[\"https:\/\/www.suno.com.br\/noticias\/pfizer-mylan-fusao-wsj\/\"]}]},{\"@type\":\"ImageObject\",\"inLanguage\":\"pt-BR\",\"@id\":\"https:\/\/www.suno.com.br\/noticias\/pfizer-mylan-fusao-wsj\/#primaryimage\",\"url\":\"https:\/\/files.sunoresearch.com.br\/n\/uploads\/2019\/01\/ccd8fb07-pfizer-jpg.webp\",\"contentUrl\":\"https:\/\/files.sunoresearch.com.br\/n\/uploads\/2019\/01\/ccd8fb07-pfizer-jpg.webp\",\"width\":1024,\"height\":683,\"caption\":\"A gigante da farmac\u00eautica Pfizer estaria negociando uma fus\u00e3o com a fabricante de gen\u00e9ricos Mylan.\"},{\"@type\":\"BreadcrumbList\",\"@id\":\"https:\/\/www.suno.com.br\/noticias\/pfizer-mylan-fusao-wsj\/#breadcrumb\",\"itemListElement\":[{\"@type\":\"ListItem\",\"position\":1,\"name\":\"Not\u00edcias\",\"item\":\"https:\/\/www.suno.com.br\/noticias\/\"},{\"@type\":\"ListItem\",\"position\":2,\"name\":\"Neg\u00f3cios\",\"item\":\"https:\/\/www.suno.com.br\/noticias\/negocios\/\"},{\"@type\":\"ListItem\",\"position\":3,\"name\":\"Pfizer e Mylan estariam negociando fus\u00e3o, diz WSJ\"}]},{\"@type\":\"WebSite\",\"@id\":\"https:\/\/www.suno.com.br\/noticias\/#website\",\"url\":\"https:\/\/www.suno.com.br\/noticias\/\",\"name\":\"Suno Not\u00edcias\",\"description\":\"Seu portal de informa\u00e7\u00e3o sobre o mundo dos investimentos\",\"publisher\":{\"@id\":\"https:\/\/www.suno.com.br\/noticias\/#organization\"},\"potentialAction\":[{\"@type\":\"SearchAction\",\"target\":{\"@type\":\"EntryPoint\",\"urlTemplate\":\"https:\/\/www.suno.com.br\/noticias\/?s={search_term_string}\"},\"query-input\":{\"@type\":\"PropertyValueSpecification\",\"valueRequired\":true,\"valueName\":\"search_term_string\"}}],\"inLanguage\":\"pt-BR\"},{\"@type\":\"Organization\",\"@id\":\"https:\/\/www.suno.com.br\/noticias\/#organization\",\"name\":\"Suno Not\u00edcias\",\"url\":\"https:\/\/www.suno.com.br\/noticias\/\",\"logo\":{\"@type\":\"ImageObject\",\"inLanguage\":\"pt-BR\",\"@id\":\"https:\/\/www.suno.com.br\/noticias\/#\/schema\/logo\/image\/\",\"url\":\"https:\/\/files.sunoresearch.com.br\/n\/uploads\/2021\/09\/suno-logo.png\",\"contentUrl\":\"https:\/\/files.sunoresearch.com.br\/n\/uploads\/2021\/09\/suno-logo.png\",\"width\":180,\"height\":180,\"caption\":\"Suno Not\u00edcias\"},\"image\":{\"@id\":\"https:\/\/www.suno.com.br\/noticias\/#\/schema\/logo\/image\/\"},\"sameAs\":[\"https:\/\/facebook.com\/sunoresearch\",\"https:\/\/x.com\/sunoresearch\",\"https:\/\/www.instagram.com\/suno\",\"https:\/\/www.linkedin.com\/company\/suno-research\/\",\"https:\/\/www.youtube.com\/c\/sunoresearch\"]},{\"@type\":\"Person\",\"@id\":\"https:\/\/www.suno.com.br\/noticias\/#\/schema\/person\/e6e0f723cc177805027f4566c1d5e0c8\",\"name\":\"Carlo Cauti\",\"image\":{\"@type\":\"ImageObject\",\"inLanguage\":\"pt-BR\",\"@id\":\"https:\/\/www.suno.com.br\/noticias\/#\/schema\/person\/image\/\",\"url\":\"https:\/\/secure.gravatar.com\/avatar\/3ada9e0bd164c23abd4792a9606d583c?s=96&r=g\",\"contentUrl\":\"https:\/\/secure.gravatar.com\/avatar\/3ada9e0bd164c23abd4792a9606d583c?s=96&r=g\",\"caption\":\"Carlo Cauti\"},\"description\":\"Editor multim\u00eddia do SUNO Not\u00edcias. Italiano, formado em Ci\u00eancias Pol\u00edticas pela universidade LUISS G. Carli de Roma e mestre cum laude em Rela\u00e7\u00f5es Internacionais, Jornalismo Internacional e de Guerra e em Economia Internacional. Concluiu tamb\u00e9m um MBA em Finan\u00e7as na B3. No Brasil, teve passagem por ve\u00edculos como Estad\u00e3o, Globo, Veja e EXAME. e nas ag\u00eancias de not\u00edcias italianas ANSA e NOVA.\",\"url\":\"https:\/\/www.suno.com.br\/noticias\/author\/carlo-cauti\/\"}]}<\/script>\n<!-- \/ Yoast SEO plugin. -->","yoast_head_json":{"title":"Pfizer e Mylan estariam negociando fus\u00e3o, diz WSJ","description":"A gigante da farmac\u00eautica Pfizer estaria negociando uma fus\u00e3o com a fabricante de gen\u00e9ricos Mylan. Clique aqui para saber mais.","robots":{"index":"index","follow":"follow","max-snippet":"max-snippet:-1","max-image-preview":"max-image-preview:large","max-video-preview":"max-video-preview:-1"},"canonical":"https:\/\/www.suno.com.br\/noticias\/pfizer-mylan-fusao-wsj\/","og_locale":"pt_BR","og_type":"article","og_title":"Pfizer e Mylan estariam negociando fus\u00e3o, diz WSJ","og_description":"A gigante da farmac\u00eautica Pfizer estaria negociando uma fus\u00e3o com a fabricante de gen\u00e9ricos Mylan. Clique aqui para saber mais.","og_url":"https:\/\/www.suno.com.br\/noticias\/pfizer-mylan-fusao-wsj\/","og_site_name":"Suno Not\u00edcias","article_publisher":"https:\/\/facebook.com\/sunoresearch","og_image":[{"width":1024,"height":683,"url":"https:\/\/files.sunoresearch.com.br\/n\/uploads\/2019\/01\/ccd8fb07-pfizer.jpg","type":"image\/jpeg"}],"author":"Carlo Cauti","twitter_card":"summary_large_image","twitter_creator":"@sunoresearch","twitter_site":"@sunoresearch","twitter_misc":{"Escrito por":"Carlo Cauti","Est. tempo de leitura":"2 minutos"},"schema":{"@context":"https:\/\/schema.org","@graph":[{"@type":"NewsArticle","@id":"https:\/\/www.suno.com.br\/noticias\/pfizer-mylan-fusao-wsj\/#article","isPartOf":{"@id":"https:\/\/www.suno.com.br\/noticias\/pfizer-mylan-fusao-wsj\/"},"author":{"name":"Carlo Cauti","@id":"https:\/\/www.suno.com.br\/noticias\/#\/schema\/person\/e6e0f723cc177805027f4566c1d5e0c8"},"headline":"Pfizer e Mylan estariam negociando fus\u00e3o, diz WSJ","datePublished":"2019-07-28T18:54:27+00:00","mainEntityOfPage":{"@id":"https:\/\/www.suno.com.br\/noticias\/pfizer-mylan-fusao-wsj\/"},"wordCount":431,"publisher":{"@id":"https:\/\/www.suno.com.br\/noticias\/#organization"},"image":{"@id":"https:\/\/www.suno.com.br\/noticias\/pfizer-mylan-fusao-wsj\/#primaryimage"},"thumbnailUrl":"https:\/\/files.sunoresearch.com.br\/n\/uploads\/2019\/01\/ccd8fb07-pfizer-jpg.webp","keywords":["ind\u00fastria farmac\u00eautica","Pfizer (PFIZ34)"],"articleSection":["Neg\u00f3cios"],"inLanguage":"pt-BR"},{"@type":"WebPage","@id":"https:\/\/www.suno.com.br\/noticias\/pfizer-mylan-fusao-wsj\/","url":"https:\/\/www.suno.com.br\/noticias\/pfizer-mylan-fusao-wsj\/","name":"Pfizer e Mylan estariam negociando fus\u00e3o, diz WSJ","isPartOf":{"@id":"https:\/\/www.suno.com.br\/noticias\/#website"},"primaryImageOfPage":{"@id":"https:\/\/www.suno.com.br\/noticias\/pfizer-mylan-fusao-wsj\/#primaryimage"},"image":{"@id":"https:\/\/www.suno.com.br\/noticias\/pfizer-mylan-fusao-wsj\/#primaryimage"},"thumbnailUrl":"https:\/\/files.sunoresearch.com.br\/n\/uploads\/2019\/01\/ccd8fb07-pfizer-jpg.webp","datePublished":"2019-07-28T18:54:27+00:00","description":"A gigante da farmac\u00eautica Pfizer estaria negociando uma fus\u00e3o com a fabricante de gen\u00e9ricos Mylan. Clique aqui para saber mais.","breadcrumb":{"@id":"https:\/\/www.suno.com.br\/noticias\/pfizer-mylan-fusao-wsj\/#breadcrumb"},"inLanguage":"pt-BR","potentialAction":[{"@type":"ReadAction","target":["https:\/\/www.suno.com.br\/noticias\/pfizer-mylan-fusao-wsj\/"]}]},{"@type":"ImageObject","inLanguage":"pt-BR","@id":"https:\/\/www.suno.com.br\/noticias\/pfizer-mylan-fusao-wsj\/#primaryimage","url":"https:\/\/files.sunoresearch.com.br\/n\/uploads\/2019\/01\/ccd8fb07-pfizer-jpg.webp","contentUrl":"https:\/\/files.sunoresearch.com.br\/n\/uploads\/2019\/01\/ccd8fb07-pfizer-jpg.webp","width":1024,"height":683,"caption":"A gigante da farmac\u00eautica Pfizer estaria negociando uma fus\u00e3o com a fabricante de gen\u00e9ricos Mylan."},{"@type":"BreadcrumbList","@id":"https:\/\/www.suno.com.br\/noticias\/pfizer-mylan-fusao-wsj\/#breadcrumb","itemListElement":[{"@type":"ListItem","position":1,"name":"Not\u00edcias","item":"https:\/\/www.suno.com.br\/noticias\/"},{"@type":"ListItem","position":2,"name":"Neg\u00f3cios","item":"https:\/\/www.suno.com.br\/noticias\/negocios\/"},{"@type":"ListItem","position":3,"name":"Pfizer e Mylan estariam negociando fus\u00e3o, diz WSJ"}]},{"@type":"WebSite","@id":"https:\/\/www.suno.com.br\/noticias\/#website","url":"https:\/\/www.suno.com.br\/noticias\/","name":"Suno Not\u00edcias","description":"Seu portal de informa\u00e7\u00e3o sobre o mundo dos investimentos","publisher":{"@id":"https:\/\/www.suno.com.br\/noticias\/#organization"},"potentialAction":[{"@type":"SearchAction","target":{"@type":"EntryPoint","urlTemplate":"https:\/\/www.suno.com.br\/noticias\/?s={search_term_string}"},"query-input":{"@type":"PropertyValueSpecification","valueRequired":true,"valueName":"search_term_string"}}],"inLanguage":"pt-BR"},{"@type":"Organization","@id":"https:\/\/www.suno.com.br\/noticias\/#organization","name":"Suno Not\u00edcias","url":"https:\/\/www.suno.com.br\/noticias\/","logo":{"@type":"ImageObject","inLanguage":"pt-BR","@id":"https:\/\/www.suno.com.br\/noticias\/#\/schema\/logo\/image\/","url":"https:\/\/files.sunoresearch.com.br\/n\/uploads\/2021\/09\/suno-logo.png","contentUrl":"https:\/\/files.sunoresearch.com.br\/n\/uploads\/2021\/09\/suno-logo.png","width":180,"height":180,"caption":"Suno Not\u00edcias"},"image":{"@id":"https:\/\/www.suno.com.br\/noticias\/#\/schema\/logo\/image\/"},"sameAs":["https:\/\/facebook.com\/sunoresearch","https:\/\/x.com\/sunoresearch","https:\/\/www.instagram.com\/suno","https:\/\/www.linkedin.com\/company\/suno-research\/","https:\/\/www.youtube.com\/c\/sunoresearch"]},{"@type":"Person","@id":"https:\/\/www.suno.com.br\/noticias\/#\/schema\/person\/e6e0f723cc177805027f4566c1d5e0c8","name":"Carlo Cauti","image":{"@type":"ImageObject","inLanguage":"pt-BR","@id":"https:\/\/www.suno.com.br\/noticias\/#\/schema\/person\/image\/","url":"https:\/\/secure.gravatar.com\/avatar\/3ada9e0bd164c23abd4792a9606d583c?s=96&r=g","contentUrl":"https:\/\/secure.gravatar.com\/avatar\/3ada9e0bd164c23abd4792a9606d583c?s=96&r=g","caption":"Carlo Cauti"},"description":"Editor multim\u00eddia do SUNO Not\u00edcias. Italiano, formado em Ci\u00eancias Pol\u00edticas pela universidade LUISS G. Carli de Roma e mestre cum laude em Rela\u00e7\u00f5es Internacionais, Jornalismo Internacional e de Guerra e em Economia Internacional. Concluiu tamb\u00e9m um MBA em Finan\u00e7as na B3. No Brasil, teve passagem por ve\u00edculos como Estad\u00e3o, Globo, Veja e EXAME. e nas ag\u00eancias de not\u00edcias italianas ANSA e NOVA.","url":"https:\/\/www.suno.com.br\/noticias\/author\/carlo-cauti\/"}]}},"default_loop_html":"<div class=\"cardsPage__listCard__boxs\"><div class=\"cardsPage__listCard__boxs__img\"><a href=\"https:\/\/www.suno.com.br\/noticias\/pfizer-mylan-fusao-wsj\/\"><img class=\"mask\" src=\"https:\/\/www.suno.com.br\/noticias\/wp-content\/themes\/suno\/resources\/images\/spotlight\/spotlight1img\/bg-mask.png\" alt=\"Image Mask\"\/><img src=\"https:\/\/files.sunoresearch.com.br\/n\/uploads\/2019\/01\/ccd8fb07-pfizer-400x200.webp\" alt=\"Pfizer e Mylan estariam negociando fus\u00e3o, diz WSJ\"\/><\/a><span class=\"spotlightCategory\"><a href=\"https:\/\/www.suno.com.br\/noticias\/negocios\/\">Neg\u00f3cios<\/a><\/span><\/div><div class=\"cardsPage__listCard__boxs__content\"><a href=\"https:\/\/www.suno.com.br\/noticias\/pfizer-mylan-fusao-wsj\/\"><h2 class=\"content__title\">Pfizer e Mylan estariam negociando fus\u00e3o, diz WSJ<\/h2><\/a><div class=\"newsContent__article__meta\"><div class=\"newsContent__article__meta__authorBox\"><a href=\"https:\/\/www.suno.com.br\/noticias\/author\/carlo-cauti\/\" class=\"authorBox__avatar noMobi\"><img src=\"https:\/\/files.sunoresearch.com.br\/n\/uploads\/2020\/08\/e3745f9a-perfil-carlo-cauti-150x150.webp\" alt=\"Carlo Cauti\"><\/a><div class=\"authorBox__name\"><span>por\n\t\t\t<a href=\"https:\/\/www.suno.com.br\/noticias\/author\/carlo-cauti\/\"><span itemprop=\"author\">Carlo Cauti<\/span><\/a><\/span><time datetime=\"2019-07-28T15:54:27-03:00\" itemprop=\"datePublished\">28\/07\/2019 15:54<\/time><\/div><\/div><\/div><\/div><\/div>","single_layout":"posts","amp_enabled":true,"_links":{"self":[{"href":"https:\/\/www.suno.com.br\/noticias\/wp-json\/wp\/v2\/posts\/32432"}],"collection":[{"href":"https:\/\/www.suno.com.br\/noticias\/wp-json\/wp\/v2\/posts"}],"about":[{"href":"https:\/\/www.suno.com.br\/noticias\/wp-json\/wp\/v2\/types\/post"}],"author":[{"embeddable":true,"href":"https:\/\/www.suno.com.br\/noticias\/wp-json\/wp\/v2\/users\/9"}],"replies":[{"embeddable":true,"href":"https:\/\/www.suno.com.br\/noticias\/wp-json\/wp\/v2\/comments?post=32432"}],"version-history":[{"count":0,"href":"https:\/\/www.suno.com.br\/noticias\/wp-json\/wp\/v2\/posts\/32432\/revisions"}],"wp:featuredmedia":[{"embeddable":true,"href":"https:\/\/www.suno.com.br\/noticias\/wp-json\/wp\/v2\/media\/13417"}],"wp:attachment":[{"href":"https:\/\/www.suno.com.br\/noticias\/wp-json\/wp\/v2\/media?parent=32432"}],"wp:term":[{"taxonomy":"category","embeddable":true,"href":"https:\/\/www.suno.com.br\/noticias\/wp-json\/wp\/v2\/categories?post=32432"},{"taxonomy":"post_tag","embeddable":true,"href":"https:\/\/www.suno.com.br\/noticias\/wp-json\/wp\/v2\/tags?post=32432"},{"taxonomy":"suno_strategy","embeddable":true,"href":"https:\/\/www.suno.com.br\/noticias\/wp-json\/wp\/v2\/suno_strategy?post=32432"}],"curies":[{"name":"wp","href":"https:\/\/api.w.org\/{rel}","templated":true}]}}