{"id":324245,"date":"2022-11-25T18:51:44","date_gmt":"2022-11-25T21:51:44","guid":{"rendered":"https:\/\/www.suno.com.br\/noticias\/?p=324245"},"modified":"2022-11-25T21:00:04","modified_gmt":"2022-11-26T00:00:04","slug":"ibovespa-hoje-fechamento-25112022","status":"publish","type":"post","link":"https:\/\/www.suno.com.br\/noticias\/ibovespa-hoje-fechamento-25112022\/","title":{"rendered":"Ibovespa recua 2,55% e fecha a semana est\u00e1vel; Copel (CPLE6) dispara 18% nos \u00faltimos 5 dias"},"content":{"rendered":"<p>O <strong>Ibovespa<\/strong> hoje encerrou o preg\u00e3o de sexta-feira (25) em baixa de 2,55%, aos 108.976,70 pontos. A m\u00e1xima do dia foi 112.025,47 pontos, enquanto a m\u00ednima foi de 108.551,96 pontos. O volume financeiro foi de apenas R$ 20,1 bilh\u00f5es. Na semana, o \u00edndice acumulou alta de 0,10%.<\/p><div class=\"videoFull videoFull--noRadius\">\n\t\t\t<div class=\"videoWrapper yt-lazyload center\"\n\t\t\t\tdata-width=\"960\"\n\t\t\t\tdata-height=\"540\"\n\t\t\t\tdata-id=\"aj34QoKNuq8\"\n\t\t\t\tdata-alt=\"HADDAD FALA A BANQUEIROS E DESAGRADA O MERCADO; SAIBA MAIS!\"\n\t\t\t\tdata-logo=\"3\"\n\t\t\t\tdata-imagequality=\"maxres\">\n\t\t\t<\/div>\n\t\t<\/div><span class=\"videoFull__caption videoFull__caption--show\">HADDAD FALA A BANQUEIROS E DESAGRADA O MERCADO; SAIBA MAIS!<p><\/p><\/span><script type=\"application\/ld+json\">{\"@context\":\"https:\/\/schema.org\",\"@type\":\"VideoObject\",\"name\":\"HADDAD FALA A BANQUEIROS E DESAGRADA O MERCADO | Ibovespa tomba 2,5% hoje e anda de lado na semana\",\"description\":\"#haddad #fernandohaddad #febraban #lula #pol\u00edtica #elei\u00e7\u00f5es2022 #livedas19h #ibovespa #d\u00f3lar #investimentos #bolsadevalores #riscofiscal \ud835\udc08\ud835\udc0d\ud835\udc12\ud835\udc02\ud835\udc11\ud835\udc04\ud835\udc15\ud835\udc00-\ud835\udc12\ud835\udc04 \ud835\udc0d\ud835\udc0e \ud835\udc02\ud835\udc00\ud835\udc0d\ud835\udc00\ud835\udc0b \ud835\udc04 \ud835\udc00\ud835\udc13\ud835\udc08\ud835\udc15\ud835\udc04 \ud835\udc0e \ud835\udc12\ud835\udc08\ud835\udc0d\ud835\udc0e \ud83d\udc47 https:\/\/bit.ly\/INSCREVA-SEATIVEOSINO \ud83d\udcda \ud83d\udcb8\u26bd \ud835\udfed, \ud835\udfee, \ud835\udfef \ud835\uddf2 \ud835\uddf7\u00e1! \ud835\udde6\ud835\uddf2 \ud835\ude03\ud835\uddfc\ud835\uddf0\u00ea \ud835\uddee\ud835\uddf6\ud835\uddfb\ud835\uddf1\ud835\uddee \ud835\uddfb\u00e3\ud835\uddfc \ud835\uddee\ud835\ude00\ud835\ude00\ud835\uddf6\ud835\uddfb\ud835\uddfc\ud835\ude02, \u00e9 \ud835\uddf5\ud835\uddfc\ud835\uddff\ud835\uddee \ud835\uddf1\ud835\uddf2 \ud835\uddee\ud835\uddfd\ud835\uddff\ud835\uddfc\ud835\ude03\ud835\uddf2\ud835\uddf6\ud835\ude01\ud835\uddee\ud835\uddff [\ud835\ude3d\ud835\ude47\ud835\ude3c\ud835\ude3e\ud835\ude46 \ud835\ude41\ud835\ude4d\ud835\ude44\ud835\ude3f\ud835\ude3c\ud835\ude54 \ud835\ude4e\ud835\ude50\ud835\ude49\ud835\ude4a] \ud83d\udc49. \ud835\udc02\ud835\udc25\ud835\udc22\ud835\udc2a\ud835\udc2e\ud835\udc1e \ud835\udc27\ud835\udc28 \ud835\udc25\ud835\udc22\ud835\udc27\ud835\udc24 https:\/\/lp.suno.com.br\/pv\/black-friday-suno-3\/?utm_source=youtube.noticias&utm_medium=live&utm_campaign=RS.BF322.ns.20221121&utm_content=ytnoticias.livedas19h.21112022 \ud83d\udcda \ud835\udc04-\ud835\udc1b\ud835\udc28\ud835\udc28\ud835\udc24 \"\ud835\udc02\ud835\udc28\ud835\udc26\ud835\udc28 \ud835\udc22\ud835\udc27\ud835\udc2f\ud835\udc1e\ud835\udc2c\ud835\udc2d\ud835\udc22\ud835\udc2b \ud835\udc1e\ud835\udc26 \ud835\udc03\ud835\udc22\ud835\udc2f\ud835\udc22\ud835\udc1d\ud835\udc1e\ud835\udc27\ud835\udc1d\ud835\udc28\ud835\udc2c?\"\ud83d\udc47 - \ud835\udc1b\ud835\udc1a\ud835\udc22\ud835\udc31\ud835\udc1e \ud835\udc20\ud835\udc2b\ud835\udc1a\ud835\udc2d\ud835\udc2e\ud835\udc22\ud835\udc2d\ud835\udc1a\ud835\udc26\ud835\udc1e\ud835\udc27\ud835\udc2d\ud835\udc1e \ud835\udc1e\u2026\",\"duration\":\"PT40M7S\",\"embedUrl\":\"https:\/\/www.youtube.com\/embed\/aj34QoKNuq8\",\"regionsAllowed\":\"pt-BR\",\"interactionStatistic\":{\"@type\":\"InteractionCounter\",\"interactionType\":{\"@type\":\"WatchAction\"},\"userInteractionCount\":5518},\"thumbnailUrl\":\"https:\/\/i.ytimg.com\/vi\/aj34QoKNuq8\/default.jpg\",\"uploadDate\":\"2022-11-25T22:45:21Z\"}<\/script>\n\n\n\n\n\t<p>\n\t\t<a href=\"https:\/\/lp2.suno.com.br\/cl\/black-friday-2025\/?utm_campaign=_SNCDF0E4858_\" target=\"_blank\" data-element=\"shortcode-suno-banner\" title=\"Banner SUNO, clique e saiba mais\">\n\t\t\t<picture>\n\t\t\t\t<source media=\"(max-width: 500px)\" srcset=\"https:\/\/files.sunoresearch.com.br\/n\/uploads\/2025\/10\/Artigos-e-Noticias-Banner-Home-artigos-01-Mobile_-400x300-1-png.webp\">\n\t\t\t\t<img class=\"newsContent__article__imgCapa newsContent__article__imgCapa--banner\"\n\t\t\t\t\tsrc=\"https:\/\/files.sunoresearch.com.br\/n\/uploads\/2025\/10\/Artigos-e-Noticias-Banner-Home-artigos-01-Desktop_-1420x240-1-png.webp\"\n\t\t\t\t\tdata-promo-id=\"311259\"\t\t\t\t\t\t\t\t\t\twidth='1420' height='240'\t\t\t\t\talt=\"https:\/\/files.sunoresearch.com.br\/n\/uploads\/2025\/10\/Artigos-e-Noticias-Banner-Home-artigos-01-Desktop_-1420x240-1-png.webp\"\n\t\t\t\t>\n\t\t\t<\/picture>\n\t\t<\/a>\n\t<\/p>\n\n\n\n\n\n<p>Mais uma vez o Ibovespa teve sua liquidez reduzida hoje. Em sess\u00e3o com fechamento antecipado das bolsas de Nova York como \u00e9 de costume na Black Friday, o Ibovespa continuou a mostrar volume enfraquecido, como ontem, quando os mercados de l\u00e1 ficaram fechados no feriado de A\u00e7\u00e3o de Gra\u00e7as.<\/p>\n\n\n\n<p>A quinta registrou uma alta forte: o mercado estava animado com a possibilidade de dobradinha entre Fernando Haddad e Persio Arida, assim como pelo adiamento da PEC da Transi\u00e7\u00e3o.<\/p>\n\n\n\n<p>O<strong> Ibovespa hoje<\/strong> teve um in\u00edcio de preg\u00e3o com continuidade desse movimento de alta, conforme explicou Apolo Duarte, CFP, s\u00f3cio e head da mesa de <a class=\"suno-keyword\" data-force=\"no\" data-priority=\"2\" href=\"https:\/\/www.suno.com.br\/artigos\/renda-variavel-7-dicas\/\" target=\"_blank\" rel=\"noopener\">renda vari\u00e1vel<\/a> da AVG Capital.<\/p>\n\n\n\t<div data-element=\"shortcode-read-more\" class=\"knowMore\">\n\t\t\t\t<span class=\"knowMore__title\">Leia mais<\/span>\n\t\t\t\t<a class=\"knowMore__link\" href=\"https:\/\/www.suno.com.br\/noticias\/petrobras-petr4-oi-oibr3-banco-do-brasil-bbas3-destaques-de-empresas\/\">\n\t\t\tPetrobras (PETR4), Oi (OIBR3) e Banco do Brasil (BBAS3) s\u00e3o destaques de empresas nesta sexta\t\t<\/a>\n\t<\/div>\n\n\n\n\n<p>\u201cO que fez a bolsa virar foi o almo\u00e7o do Haddad na Febraban em que ele falou com os principais banqueiros do pa\u00eds. Na minha vis\u00e3o, a impress\u00e3o que ficou \u00e9 de que n\u00e3o se falou muito claramente da trajet\u00f3ria das contas p\u00fablicas e tamb\u00e9m n\u00e3o se deu pista concreta a respeito dos pr\u00f3ximos passos da <a class=\"suno-keyword\" data-force=\"no\" data-priority=\"1\" href=\"https:\/\/www.suno.com.br\/artigos\/politica-fiscal\/\" target=\"_blank\" rel=\"noopener\">pol\u00edtica fiscal<\/a>, que \u00e9 o que todo mundo quer saber\u201d, diz.<\/p>\n\n\n\n<p>O especialista ainda destaca que a falta de not\u00edcias sobre o tema \u00e9 o que tem trazido ainda mais incertezas ao mercado.<\/p>\n\n\n\n<p>Por esse motivo, o mercado acabou penalizando a<strong> bolsa de valores hoje<\/strong>. Assim, se observou uma queda generalizada nas a\u00e7\u00f5es do \u00edndice.<\/p>\n\n\n\n<h2 class=\"wp-block-heading\" id=\"h-pec-da-transicao-haddad-e-campos-neto\">PEC da Transi\u00e7\u00e3o, Haddad e Campos Neto<\/h2>\n\n\n\n<p>At\u00e9 o come\u00e7o da tarde, o Ibovespa mostrava baixa de cerca de 1% em sess\u00e3o de varia\u00e7\u00f5es modestas, sem sinal \u00fanico, em Nova York. A piora do \u00edndice da B3 se imp\u00f4s ap\u00f3s a conclus\u00e3o da participa\u00e7\u00e3o de Fernando Haddad &#8211; nome que tem ganhado for\u00e7a nas bolsas de apostas para o comando da Economia a partir de 2023 &#8211; em almo\u00e7o anual promovido pela Federa\u00e7\u00e3o Brasileira de Bancos (Febraban), que havia convidado o presidente eleito Luiz In\u00e1cio Lula da Silva (PT). Em recupera\u00e7\u00e3o de uma cirurgia na garganta, Lula designou Haddad para represent\u00e1-lo no evento, a que esteve presente tamb\u00e9m o presidente do Banco Central, Roberto Campos Neto.<\/p>\n\n\n\n<p>&#8220;Na falta de fatos novos (para direcionar os neg\u00f3cios), e com volume ainda muito fraco, o mercado se agarrou ao que Haddad disse &#8211; e tamb\u00e9m ao que ele n\u00e3o disse &#8211; na Febraban. Falou em reconfigurar o or\u00e7amento, em momento em que ainda n\u00e3o se tem defini\u00e7\u00e3o sobre regra fiscal e em que a PEC da Transi\u00e7\u00e3o segue como uma quest\u00e3o em aberto&#8221;, diz Helena Veronese, economista-chefe da B.Side Investimentos, referindo-se aos sinais de que o pr\u00f3ximo governo pretende ampliar despesas p\u00fablicas.<\/p>\n\n\n\n<p>Por sua vez, o senador Tasso Jereissati (PSDB-CE) protocolou PEC que amplia em apenas R$ 80 bilh\u00f5es o limite de gastos para 2023. Considerada uma alternativa \u00e0 proposta que vem sendo discutida pelo governo eleito, a &#8220;PEC da Sustentabilidade Social&#8221; j\u00e1 recebeu 20 assinaturas, segundo apurou o Broadcast. A proposta precisa de 27 signat\u00e1rios para come\u00e7ar a tramitar.<\/p>\n\n\n\n<p>A presidente nacional do PT, Gleisi Hoffmann, afirmou hoje que o governo eleito ir\u00e1 insistir na pol\u00edtica para aprovar a PEC da Transi\u00e7\u00e3o, descartando um plano B. &#8220;Queremos insistir no caminho da pol\u00edtica&#8221;, disse Gleisi em conversa com jornalistas ap\u00f3s reuni\u00e3o com o presidente eleito sobre a PEC. Ela afirmou tamb\u00e9m que Lula ficar\u00e1 a pr\u00f3xima semana em Bras\u00edlia para encaminhar o texto. Segundo Gleisi, o presidente eleito ir\u00e1 conversar com bancadas, partidos pol\u00edticos e os presidentes da C\u00e2mara, Arthur Lira (PP-AL), e Senado, Rodrigo Pacheco (PSD-MG).<\/p>\n\n\n\n<p>Ontem, \u00e0 espera do jogo do Brasil na Copa, a Bolsa havia surfado no relato de que Haddad teria interesse em que P\u00e9rsio Arida, economista de credenciais fiscalistas, venha a ocupar um cargo de peso no futuro governo, seja a secretaria-executiva da Fazenda ou o minist\u00e9rio do Planejamento, que devem ser recriados com o desmembramento da atual pasta da Economia. &#8220;As declara\u00e7\u00f5es evasivas de Haddad permitem a leitura de que Lula talvez continue procurando outro economista, com perfil um pouco mais heterodoxo, mas que tamb\u00e9m n\u00e3o assuste o mercado&#8221;, diz Acilio Marinello, coordenador do MBA em Digital Banking da Trevisan Escola de Neg\u00f3cios.<\/p>\n\n\n\n<p>&#8220;Ontem, al\u00e9m da vit\u00f3ria do Brasil, a Bolsa subiu bem e houve queda de 15 a 20 pontos-base em toda a curva de juros, uma bela redu\u00e7\u00e3o na estrutura a termo de taxas de juros, e o real tamb\u00e9m se apreciou. A possibilidade de enxugamento, de n\u00fameros menores na PEC da Transi\u00e7\u00e3o, ajuda. Assim como a ideia, que estaria ganhando for\u00e7a, sobre dupla Haddad-Arida na Fazenda e no Planejamento. Embora n\u00e3o se saiba ao certo at\u00e9 que ponto isso possa realmente acontecer, o mercado gostou dessa ideia&#8221;, observa Paulo Gala, economista-chefe do Banco Master.<\/p>\n\n\n\n<p>Hoje, Haddad referiu-se a Arida &#8211; que al\u00e9m de participar da formula\u00e7\u00e3o do Plano Real, presidiu o Banco Central em 1995, no in\u00edcio do primeiro mandato de Fernando Henrique Cardoso &#8211; como um &#8220;grande economista brasileiro&#8221;, com quem mant\u00e9m rela\u00e7\u00e3o &#8220;\u00f3tima desde sempre&#8221;. &#8220;Conhe\u00e7o P\u00e9rsio como estudante de economia na USP, na \u00e9poca em que eu era mestrando&#8221;, disse. Haddad observou tamb\u00e9m que quanto mais liberdade houver para o presidente eleito escolher a composi\u00e7\u00e3o do governo, &#8220;melhor&#8221;. &#8220;N\u00e3o cabe a n\u00f3s nos insinuarmos, nos colocarmos&#8221;, acrescentou.<\/p>\n\n\n\n<p>O quadro das expectativas para o desempenho das a\u00e7\u00f5es na pr\u00f3xima semana ficou mais equilibrado no Term\u00f4metro Broadcast Bolsa desta sexta-feira. Entre os participantes, 40,00% esperam ganho para o Ibovespa; 30%, perda e outros 30%, estabilidade. Na semana passada, para 50,00% dos que responderam o \u00edndice fecharia a atual semana em baixa e para 40,00%, em alta. Apenas 10,00% contavam com varia\u00e7\u00e3o neutra.<\/p>\n\n\n\n<h2 class=\"wp-block-heading\" id=\"h-destaques-no-ibovespa-hoje\">Destaques no Ibovespa hoje<\/h2>\n\n\n\n<p>No Ibovespa hoje, os maiores destaques de queda est\u00e3o as empresas de varejo, que devolveram as altas dos \u00faltimos dias. Apesar disso, tamb\u00e9m h\u00e1 investidores apostando nessas companhias por ganhos da Black Friday, j\u00e1 que esse geralmente \u00e9 o melhor momento para as empresas varejistas.<\/p>\n\n\n\n<p>Apesar disso, a <a class=\"suno-keyword\" target=\"_blank\" data-force=\"no\" data-priority=\"1\" href=\"https:\/\/www.suno.com.br\/artigos\/curva-de-juros\/\" rel=\"noopener\">curva de juros<\/a> voltou a ficar pressionada hoje, estando em alta em quase todos os v\u00e9rtices e devolvendo boa parte das quedas registradas ontem. A curva tamb\u00e9m \u00e9 impactada pela falta de liquidez no mercado.<\/p>\n\n\n\n<p>Com uma poss\u00edvel abertura da China, a Vale apresentou uma performance mais positiva na semana, devolvendo hoje os ganhos. Copel tamb\u00e9m se destacou de forma positiva com a possibilidade de sua privatiza\u00e7\u00e3o.<\/p>\n\n\n\n<p>Na semana, todas as aten\u00e7\u00f5es agora ficam voltadas para a semana que vem, quando se observar\u00e1 mais passos a respeito da tramita\u00e7\u00e3o da PEC, al\u00e9m de mais sinaliza\u00e7\u00f5es sobre os cargos no Minist\u00e9rio da Fazenda, aponta Duarte.<\/p>\n\n\n\n<h2 class=\"wp-block-heading\">Bolsas de Nova York<\/h2>\n\n\n\n<p>Os mercados acion\u00e1rios de Nova York fecharam sem dire\u00e7\u00e3o \u00fanica nesta sexta-feira, 25, em dia marcado pela Black Friday e pela pouca liquidez ainda pelo feriado nos Estados Unidos e em sess\u00e3o com poucos drivers.<\/p>\n\n\n\n<p>\u2022 <a class=\"suno-keyword\" target=\"_blank\" data-force=\"no\" data-priority=\"2\" href=\"https:\/\/www.suno.com.br\/artigos\/indice-dow-jones-djia\/\" rel=\"noopener\">Dow Jones<\/a>: +0,45, aos 34.347,03 pontos<br>\u2022 S&amp;P 500: -0,03%, aos 4.026,12 pontos<br>\u2022 Nasdaq: -0,52%, aos 11.226,36 pontos<\/p>\n\n\n\n<p>Os contratos futuros de <strong>petr\u00f3leo <\/strong>fecharam em queda nesta sexta-feira, 25, com o mercado de olho em poss\u00edvel problemas na demanda da China devido \u00e0 covid-19 e em discuss\u00f5es sobre o teto ao petr\u00f3leo russo.<\/p>\n\n\n\n<p>Na <a class=\"suno-keyword\" target=\"_blank\" data-force=\"no\" data-priority=\"1\" href=\"https:\/\/www.suno.com.br\/artigos\/nymex\/\" rel=\"noopener\">New York Mercantile Exchange (Nymex)<\/a>, o <a class=\"suno-keyword\" target=\"_blank\" data-force=\"no\" data-priority=\"1\" href=\"https:\/\/www.suno.com.br\/artigos\/wti\/\" rel=\"noopener\">petr\u00f3leo WTI<\/a> para janeiro de 2023 fechou em queda de 2,13% (US$ 1,66), a US$ 76,28 o barril, enquanto o Brent para o mesmo m\u00eas negociado na Intercontinental Exchange (ICE) fechou em queda de 2,69% (US$ 1,61), a US$ 83,63 o barril. Na semana, os recuos foram de 4,75% e 4,55% respectivamente.<\/p>\n\n\n\n<p>Na volta do feriado do Dia de A\u00e7\u00e3o de Gra\u00e7as nos Estados Unidos, o contrato mais l\u00edquido do <strong>ouro<\/strong> fechou em alta nesta sexta-feira, 25, mesmo com o d\u00f3lar ganhando for\u00e7a ante rivais. <\/p>\n\n\n\n<p>Por\u00e9m, analistas acreditam que esse rali \u00e9 tempor\u00e1rio, tendo em vista que ainda n\u00e3o \u00e9 certo que o Federal Reserve (Fed, o banco central norte-americano) escolher\u00e1 pela desacelera\u00e7\u00e3o do ritmo de aperto monet\u00e1rio.<\/p>\n\n\n\n<p>Na Comex, divis\u00e3o para metais da <a class=\"suno-keyword\" target=\"_blank\" data-force=\"no\" data-priority=\"1\" href=\"https:\/\/www.suno.com.br\/artigos\/nymex\/\" rel=\"noopener\">New York Mercantile Exchange (Nymex)<\/a>, o ouro com entrega prevista para dezembro fechou em alta de 0,48%, a US$ 1754,0 por on\u00e7a-troy. Na semana, entretanto, o metal precioso caiu marginalmente a 0,02%.<\/p>\n\n\n\n<p>No Ibovespa hoje, a maior valoriza\u00e7\u00e3o foi <strong>CSN<\/strong> (CSNA3), a \u00fanica a\u00e7\u00e3o que fechou positiva, de 0,81%.<\/p>\n\n\n\n<p>Nas menores quedas, <strong>Metal\u00fargica Gerdau<\/strong> (GOAU4) variou -0,08%, enquanto <strong>Sabesp<\/strong> (SBSP3) caiu 0,65%. Al\u00e9m disso, a <strong>Vale<\/strong> (VALE3) teve uma desvaloriza\u00e7\u00e3o de 0,68% e <strong>EDP Brasil<\/strong> (ENBR3) recuou 0,88%.<\/p>\n\n\n\n<p>Nas quedas mais relevantes, <strong>Qualicorp<\/strong> (QUAL3) se destacou, ap\u00f3s despencar 8,39%, e <strong>CVC<\/strong> (CVCB3) caiu 6,85%. Enquanto isso, <strong>Via<\/strong> (VIIA3) teve baixa de 6,28% e <strong>Lojas Renner<\/strong> (LREN3), 6,26%. J\u00e1 a <strong>Natura<\/strong> (NTCO3) variou 5,99%.<\/p>\n\n\n\n<h2 class=\"wp-block-heading\" id=\"h-melhores-desempenhos-do-ibovespa\"><a><\/a>Melhores desempenhos do Ibovespa<\/h2>\n\n\n\n<ul class=\"wp-block-list\"><li>CSN (CSNA3): +0,81%<\/li><li>Metal\u00fargica Gerdau (GOAU4): -0,08%<\/li><li>Sabesp (SBSP3): -0,65%<\/li><li>Vale (VALE3): -0,68%<\/li><li>EDP Brasil (ENBR3): -0,88%<\/li><\/ul>\n\n\n\n<h2 class=\"wp-block-heading\" id=\"h-maiores-quedas-do-ibovespa\">Maiores quedas do Ibovespa<\/h2>\n\n\n\n<ul class=\"wp-block-list\"><li>Qualicorp (QUAL3): -8,39%<\/li><li>CVC (CVCB3): -6,85%<\/li><li>Via (VIIA3): -6,28%<\/li><li>Lojas Renner (LREN3): -6,26%<\/li><li>Natura (NTCO3): -5,99%<\/li><\/ul>\n\n\n\n<p>Na semana, os principais destaques de alta foram: <strong>Copel<\/strong>, Sabesp, <strong>Magazine Luiza<\/strong>, <strong>Cemig<\/strong> e Banco Pan. Do lado negativo, as maiores quedas semanais vieram com <strong>CVC<\/strong>, 3R, Natura, Hapvida e<strong> Cielo<\/strong>.<\/p>\n\n\n\n<h2 class=\"wp-block-heading\" id=\"h-maiores-altas-da-semana\"><a><\/a>Maiores altas da semana<\/h2>\n\n\n\n<ul class=\"wp-block-list\"><li>Copel (CPLE6): +18,33%<\/li><li>Sabesp (SBSP3): +8,84%<\/li><li>Magazine Luiza (MGLU3): +8,57%<\/li><li>Cemig (CMIG4): +7,64%<\/li><li>Banco Pan (BPAN4): +6,68%<\/li><\/ul>\n\n\n\n<h2 class=\"wp-block-heading\" id=\"h-maiores-quedas-da-semana\"><a><\/a>Maiores quedas da semana<\/h2>\n\n\n\n<ul class=\"wp-block-list\"><li>CVC (CVCB3): -10,82%<\/li><li>3R (RRRP3): -7,28%<\/li><li>Natura (NTCO3): -6,99%<\/li><li>Hapvida (HAPV3): -6,69%<\/li><li>Cielo (CIEL3): -5,72%<\/li><\/ul>\n\n\n\n<h2 class=\"wp-block-heading\" id=\"h-outras-noticias-que-movimentaram-o-ibovespa\"><a><\/a>Outras not\u00edcias que movimentaram o Ibovespa<\/h2>\n\n\n\n<ul class=\"wp-block-list\"><li>Banco do Brasil pagar\u00e1 R$ 985 milh\u00f5es em JCP<\/li><li>Americanas aposta no marketplace, transmiss\u00f5es ao vivo e influencers para aumentar vendas na Black Friday<\/li><\/ul>\n\n\n\n<h2 class=\"wp-block-heading\" id=\"h-banco-do-brasil-bbas3-pagara-r-985-milhoes-em-jcp\"><a><\/a>Banco do Brasil (BBAS3) pagar\u00e1 R$ 985 milh\u00f5es em JCP<\/h2>\n\n\n\n<p>O <a class=\"suno-keyword\" target=\"_blank\" data-force=\"yes\" data-priority=\"2\" href=\"https:\/\/www.suno.com.br\/acoes\/BBAS3\/\" rel=\"noopener\">Banco do Brasil (BBAS3)<\/a> vai pagar R$ 985,9 milh\u00f5es em <a class=\"suno-keyword\" target=\"_blank\" data-force=\"no\" data-priority=\"1\" href=\"https:\/\/www.suno.com.br\/artigos\/entenda-o-jcp\/\" rel=\"noopener\">Juros Sobre Capital Pr\u00f3prio<\/a> (JCP) aos seus acionistas, conforme <a class=\"suno-keyword\" target=\"_blank\" data-force=\"no\" data-priority=\"1\" href=\"https:\/\/www.suno.com.br\/artigos\/fato-relevante\/\" rel=\"noopener\">fato relevante<\/a> divulgado nesta sexta-feira (25).<\/p>\n\n\n\n<p>O valor dos <strong>Juros Sobre Capital Pr\u00f3prio do Banco do Brasil <\/strong>por a\u00e7\u00e3o ser\u00e1 de R$ 0,345, que ser\u00e3o distribu\u00eddos no dia 30 de dezembro.<\/p>\n\n\n\n<p>Somente os acionistas do Banco do Brasil at\u00e9 o dia 12 de dezembro v\u00e3o receber os proventos.<\/p>\n\n\n\n<p>Vale destacar que incide sobre o valor dos <strong>JCP do Banco do Brasil<\/strong> a reten\u00e7\u00e3o do imposto de renda na fonte, com al\u00edquota de 15%.<\/p>\n\n\n\n<h2 class=\"wp-block-heading\" id=\"h-americanas-amer3-aposta-no-marketplace-transmissoes-ao-vivo-e-influencers-para-aumentar-vendas-na-black-friday\"><a><\/a>Americanas (AMER3) aposta no marketplace, transmiss\u00f5es ao vivo e influencers para aumentar vendas na Black Friday<\/h2>\n\n\n\n<p>A Americanas (AMER3) que se preparou com anteced\u00eancia para a Black Friday e tamb\u00e9m o advento da Copa do Mundo, trazendo a\u00e7\u00f5es de frete, servi\u00e7o e marketing relacionadas a essas datas.<\/p>\n\n\n\n<p>O marketplace de venda de lojistas figura como o maior <strong>neg\u00f3cio da Americanas<\/strong> no momento, que representa mais de 60% das vendas digitais da plataforma. Assim, os investidores est\u00e3o atentos \u00e0 performance do setor nesta Black Friday, que acontece em simult\u00e2neo \u00e0 Copa do Mundo.<\/p>\n\n\n\n<p>As informa\u00e7\u00f5es do jornal Valor Econ\u00f4mico apontam que a Americanas tem aumentado seus incentivos no frete a lojistas do marketplace. A companhia lan\u00e7ou a sua \u00e1rea de lojas oficiais no m\u00eas da Black Friday.<\/p>\n\n\n\n<p>O <strong>marketplace da Americanas<\/strong> se iniciou \u201cmuito acelerado\u201d depois do Dia das Crian\u00e7as, afirmou o executivo.<\/p>\n\n\n\n<h2 class=\"wp-block-heading\" id=\"h-cotacao-do-ibovespa-nesta-quinta-24\"><a><\/a>Cota\u00e7\u00e3o do Ibovespa nesta quinta (24)<\/h2>\n\n\n\n<p>O <strong>Ibovespa<\/strong> encerrou a sess\u00e3o da \u00faltima quinta-feira (24) em alta de 2,75%, aos 111.841,16 pontos.<\/p>\n\n\n\n<p><em>(Com informa\u00e7\u00f5es do Estad\u00e3o Conte\u00fado)<\/em><\/p>\n\n\n\t<p>\n\t\t<a href=\"https:\/\/lp.suno.com.br\/ebook-como-analisar-uma-acao\/\" target=\"_blank\" data-element=\"shortcode-suno-banner\" title=\"Banner SUNO, clique e saiba mais\">\n\t\t\t<picture>\n\t\t\t\t<source media=\"(max-width: 500px)\" srcset=\"https:\/\/files.sunoresearch.com.br\/n\/uploads\/2023\/12\/Ebook-Acoes-Mobile.jpg\">\n\t\t\t\t<img class=\"newsContent__article__imgCapa newsContent__article__imgCapa--banner\"\n\t\t\t\t\tsrc=\"https:\/\/files.sunoresearch.com.br\/n\/uploads\/2023\/12\/Ebook-Acoes-Desktop.webp\"\n\t\t\t\t\tdata-promo-id=\"311260\"\t\t\t\t\t\t\t\t\t\twidth='1420' height='286'\t\t\t\t\talt=\"https:\/\/files.sunoresearch.com.br\/n\/uploads\/2023\/12\/Ebook-Acoes-Desktop.webp\"\n\t\t\t\t>\n\t\t\t<\/picture>\n\t\t<\/a>\n\t<\/p>\n\n\n","protected":false},"excerpt":{"rendered":"<p>O Ibovespa hoje encerrou o preg\u00e3o de sexta-feira (25) em baixa de 2,55%, aos 108.976,70 pontos. A m\u00e1xima do dia foi 112.025,47 pontos, enquanto a m\u00ednima foi de 108.551,96 pontos. O volume financeiro foi de apenas R$ 20,1 bilh\u00f5es. Na semana, o \u00edndice acumulou alta de 0,10%. HADDAD FALA A BANQUEIROS E DESAGRADA O MERCADO; [&hellip;]<\/p>\n","protected":false},"author":173,"featured_media":324377,"comment_status":"closed","ping_status":"closed","sticky":false,"template":"","format":"standard","meta":[],"categories":[64],"tags":[423,431,1388,442,721,106949,548,106935],"suno_strategy":[],"class_list":["post-324245","post","type-post","status-publish","format-standard","has-post-thumbnail","hentry","category-negocios","tag-cielo-ciel3","tag-copel-cple3-cple5-cple6","tag-csn-csna3","tag-cvc-cvcb3","tag-ibovespa","tag-ibovespa-fechamento","tag-magazine-luiza-mglu3","tag-via-viia3"],"yoast_head":"<!-- This site is optimized with the Yoast SEO plugin v24.4 - https:\/\/yoast.com\/wordpress\/plugins\/seo\/ -->\n<title>Ibovespa recua 2,55%; Magazine Luiza (MGLU3) sobe 8,5% na semana<\/title>\n<meta name=\"description\" content=\"O Ibovespa recuou 2,55% na sess\u00e3o de hoje (25), com Copel (CPLE6) disparando na semana e Magazine Luiza (MGLU3) subindo. Clique e saiba mais!\" \/>\n<meta name=\"robots\" content=\"index, follow, max-snippet:-1, max-image-preview:large, max-video-preview:-1\" \/>\n<link rel=\"canonical\" href=\"https:\/\/www.suno.com.br\/noticias\/ibovespa-hoje-fechamento-25112022\/\" \/>\n<meta property=\"og:locale\" content=\"pt_BR\" \/>\n<meta property=\"og:type\" content=\"article\" \/>\n<meta property=\"og:title\" content=\"Ibovespa recua 2,55%; Magazine Luiza (MGLU3) sobe 8,5% na semana\" \/>\n<meta property=\"og:description\" content=\"O Ibovespa recuou 2,55% na sess\u00e3o de hoje (25), com Copel (CPLE6) disparando na semana e Magazine Luiza (MGLU3) subindo. Clique e saiba mais!\" \/>\n<meta property=\"og:url\" content=\"https:\/\/www.suno.com.br\/noticias\/ibovespa-hoje-fechamento-25112022\/\" \/>\n<meta property=\"og:site_name\" content=\"Suno Not\u00edcias\" \/>\n<meta property=\"article:publisher\" content=\"https:\/\/facebook.com\/sunoresearch\" \/>\n<meta property=\"og:image\" content=\"https:\/\/files.sunoresearch.com.br\/n\/uploads\/2022\/11\/Ibovespa.jpg\" \/>\n\t<meta property=\"og:image:width\" content=\"1280\" \/>\n\t<meta property=\"og:image:height\" content=\"854\" \/>\n\t<meta property=\"og:image:type\" content=\"image\/jpeg\" \/>\n<meta name=\"author\" content=\"Jo\u00e3o Vitor\" \/>\n<meta name=\"twitter:card\" content=\"summary_large_image\" \/>\n<meta name=\"twitter:creator\" content=\"@sunoresearch\" \/>\n<meta name=\"twitter:site\" content=\"@sunoresearch\" \/>\n<meta name=\"twitter:label1\" content=\"Escrito por\" \/>\n\t<meta name=\"twitter:data1\" content=\"Jo\u00e3o Vitor\" \/>\n\t<meta name=\"twitter:label2\" content=\"Est. tempo de leitura\" \/>\n\t<meta name=\"twitter:data2\" content=\"11 minutos\" \/>\n<script type=\"application\/ld+json\" class=\"yoast-schema-graph\">{\"@context\":\"https:\/\/schema.org\",\"@graph\":[{\"@type\":\"NewsArticle\",\"@id\":\"https:\/\/www.suno.com.br\/noticias\/ibovespa-hoje-fechamento-25112022\/#article\",\"isPartOf\":{\"@id\":\"https:\/\/www.suno.com.br\/noticias\/ibovespa-hoje-fechamento-25112022\/\"},\"author\":{\"name\":\"Jo\u00e3o Vitor\",\"@id\":\"https:\/\/www.suno.com.br\/noticias\/#\/schema\/person\/87fc6973867c52dd884811905c43afba\"},\"headline\":\"Ibovespa recua 2,55% e fecha a semana est\u00e1vel; Copel (CPLE6) dispara 18% nos \u00faltimos 5 dias\",\"datePublished\":\"2022-11-25T21:51:44+00:00\",\"dateModified\":\"2022-11-26T00:00:04+00:00\",\"mainEntityOfPage\":{\"@id\":\"https:\/\/www.suno.com.br\/noticias\/ibovespa-hoje-fechamento-25112022\/\"},\"wordCount\":1964,\"publisher\":{\"@id\":\"https:\/\/www.suno.com.br\/noticias\/#organization\"},\"image\":{\"@id\":\"https:\/\/www.suno.com.br\/noticias\/ibovespa-hoje-fechamento-25112022\/#primaryimage\"},\"thumbnailUrl\":\"https:\/\/files.sunoresearch.com.br\/n\/uploads\/2022\/11\/Ibovespa.jpg\",\"keywords\":[\"Cielo (CIEL3)\",\"Copel (CPLE3\/CPLE5\/CPLE6)\",\"CSN (CSNA3)\",\"CVC (CVCB3)\",\"Ibovespa\",\"Ibovespa fechamento\",\"Magazine Luiza (MGLU3)\",\"Via (VIIA3)\"],\"articleSection\":[\"Neg\u00f3cios\"],\"inLanguage\":\"pt-BR\"},{\"@type\":\"WebPage\",\"@id\":\"https:\/\/www.suno.com.br\/noticias\/ibovespa-hoje-fechamento-25112022\/\",\"url\":\"https:\/\/www.suno.com.br\/noticias\/ibovespa-hoje-fechamento-25112022\/\",\"name\":\"Ibovespa recua 2,55%; Magazine Luiza (MGLU3) sobe 8,5% na semana\",\"isPartOf\":{\"@id\":\"https:\/\/www.suno.com.br\/noticias\/#website\"},\"primaryImageOfPage\":{\"@id\":\"https:\/\/www.suno.com.br\/noticias\/ibovespa-hoje-fechamento-25112022\/#primaryimage\"},\"image\":{\"@id\":\"https:\/\/www.suno.com.br\/noticias\/ibovespa-hoje-fechamento-25112022\/#primaryimage\"},\"thumbnailUrl\":\"https:\/\/files.sunoresearch.com.br\/n\/uploads\/2022\/11\/Ibovespa.jpg\",\"datePublished\":\"2022-11-25T21:51:44+00:00\",\"dateModified\":\"2022-11-26T00:00:04+00:00\",\"description\":\"O Ibovespa recuou 2,55% na sess\u00e3o de hoje (25), com Copel (CPLE6) disparando na semana e Magazine Luiza (MGLU3) subindo. Clique e saiba mais!\",\"breadcrumb\":{\"@id\":\"https:\/\/www.suno.com.br\/noticias\/ibovespa-hoje-fechamento-25112022\/#breadcrumb\"},\"inLanguage\":\"pt-BR\",\"potentialAction\":[{\"@type\":\"ReadAction\",\"target\":[\"https:\/\/www.suno.com.br\/noticias\/ibovespa-hoje-fechamento-25112022\/\"]}]},{\"@type\":\"ImageObject\",\"inLanguage\":\"pt-BR\",\"@id\":\"https:\/\/www.suno.com.br\/noticias\/ibovespa-hoje-fechamento-25112022\/#primaryimage\",\"url\":\"https:\/\/files.sunoresearch.com.br\/n\/uploads\/2022\/11\/Ibovespa.jpg\",\"contentUrl\":\"https:\/\/files.sunoresearch.com.br\/n\/uploads\/2022\/11\/Ibovespa.jpg\",\"width\":1280,\"height\":854,\"caption\":\"Ibovespa hoje. Foto: Divulga\u00e7\u00e3o\"},{\"@type\":\"BreadcrumbList\",\"@id\":\"https:\/\/www.suno.com.br\/noticias\/ibovespa-hoje-fechamento-25112022\/#breadcrumb\",\"itemListElement\":[{\"@type\":\"ListItem\",\"position\":1,\"name\":\"Not\u00edcias\",\"item\":\"https:\/\/www.suno.com.br\/noticias\/\"},{\"@type\":\"ListItem\",\"position\":2,\"name\":\"Neg\u00f3cios\",\"item\":\"https:\/\/www.suno.com.br\/noticias\/negocios\/\"},{\"@type\":\"ListItem\",\"position\":3,\"name\":\"Ibovespa recua 2,55% e fecha a semana est\u00e1vel; Copel (CPLE6) dispara 18% nos \u00faltimos 5 dias\"}]},{\"@type\":\"WebSite\",\"@id\":\"https:\/\/www.suno.com.br\/noticias\/#website\",\"url\":\"https:\/\/www.suno.com.br\/noticias\/\",\"name\":\"Suno Not\u00edcias\",\"description\":\"Seu portal de informa\u00e7\u00e3o sobre o mundo dos investimentos\",\"publisher\":{\"@id\":\"https:\/\/www.suno.com.br\/noticias\/#organization\"},\"potentialAction\":[{\"@type\":\"SearchAction\",\"target\":{\"@type\":\"EntryPoint\",\"urlTemplate\":\"https:\/\/www.suno.com.br\/noticias\/?s={search_term_string}\"},\"query-input\":{\"@type\":\"PropertyValueSpecification\",\"valueRequired\":true,\"valueName\":\"search_term_string\"}}],\"inLanguage\":\"pt-BR\"},{\"@type\":\"Organization\",\"@id\":\"https:\/\/www.suno.com.br\/noticias\/#organization\",\"name\":\"Suno Not\u00edcias\",\"url\":\"https:\/\/www.suno.com.br\/noticias\/\",\"logo\":{\"@type\":\"ImageObject\",\"inLanguage\":\"pt-BR\",\"@id\":\"https:\/\/www.suno.com.br\/noticias\/#\/schema\/logo\/image\/\",\"url\":\"https:\/\/files.sunoresearch.com.br\/n\/uploads\/2021\/09\/suno-logo.png\",\"contentUrl\":\"https:\/\/files.sunoresearch.com.br\/n\/uploads\/2021\/09\/suno-logo.png\",\"width\":180,\"height\":180,\"caption\":\"Suno Not\u00edcias\"},\"image\":{\"@id\":\"https:\/\/www.suno.com.br\/noticias\/#\/schema\/logo\/image\/\"},\"sameAs\":[\"https:\/\/facebook.com\/sunoresearch\",\"https:\/\/x.com\/sunoresearch\",\"https:\/\/www.instagram.com\/suno\",\"https:\/\/www.linkedin.com\/company\/suno-research\/\",\"https:\/\/www.youtube.com\/c\/sunoresearch\"]},{\"@type\":\"Person\",\"@id\":\"https:\/\/www.suno.com.br\/noticias\/#\/schema\/person\/87fc6973867c52dd884811905c43afba\",\"name\":\"Jo\u00e3o Vitor\",\"image\":{\"@type\":\"ImageObject\",\"inLanguage\":\"pt-BR\",\"@id\":\"https:\/\/www.suno.com.br\/noticias\/#\/schema\/person\/image\/\",\"url\":\"https:\/\/secure.gravatar.com\/avatar\/2843227ca03ccf8cc7ccca45204c127e?s=96&r=g\",\"contentUrl\":\"https:\/\/secure.gravatar.com\/avatar\/2843227ca03ccf8cc7ccca45204c127e?s=96&r=g\",\"caption\":\"Jo\u00e3o Vitor\"},\"description\":\"Redator profissional, com atua\u00e7\u00e3o no mercado editorial na produ\u00e7\u00e3o de not\u00edcias e conte\u00fados sobre o mercado de a\u00e7\u00f5es, fundos imobili\u00e1rios e economia popular. Graduando em Engenharia Qu\u00edmica pela Unesp, tamb\u00e9m j\u00e1 atuou como consultor financeiro.\",\"url\":\"https:\/\/www.suno.com.br\/noticias\/author\/joao-vitor-jacintho\/\"}]}<\/script>\n<!-- \/ Yoast SEO plugin. -->","yoast_head_json":{"title":"Ibovespa recua 2,55%; Magazine Luiza (MGLU3) sobe 8,5% na semana","description":"O Ibovespa recuou 2,55% na sess\u00e3o de hoje (25), com Copel (CPLE6) disparando na semana e Magazine Luiza (MGLU3) subindo. Clique e saiba mais!","robots":{"index":"index","follow":"follow","max-snippet":"max-snippet:-1","max-image-preview":"max-image-preview:large","max-video-preview":"max-video-preview:-1"},"canonical":"https:\/\/www.suno.com.br\/noticias\/ibovespa-hoje-fechamento-25112022\/","og_locale":"pt_BR","og_type":"article","og_title":"Ibovespa recua 2,55%; Magazine Luiza (MGLU3) sobe 8,5% na semana","og_description":"O Ibovespa recuou 2,55% na sess\u00e3o de hoje (25), com Copel (CPLE6) disparando na semana e Magazine Luiza (MGLU3) subindo. Clique e saiba mais!","og_url":"https:\/\/www.suno.com.br\/noticias\/ibovespa-hoje-fechamento-25112022\/","og_site_name":"Suno Not\u00edcias","article_publisher":"https:\/\/facebook.com\/sunoresearch","og_image":[{"width":1280,"height":854,"url":"https:\/\/files.sunoresearch.com.br\/n\/uploads\/2022\/11\/Ibovespa.jpg","type":"image\/jpeg"}],"author":"Jo\u00e3o Vitor","twitter_card":"summary_large_image","twitter_creator":"@sunoresearch","twitter_site":"@sunoresearch","twitter_misc":{"Escrito por":"Jo\u00e3o Vitor","Est. tempo de leitura":"11 minutos"},"schema":{"@context":"https:\/\/schema.org","@graph":[{"@type":"NewsArticle","@id":"https:\/\/www.suno.com.br\/noticias\/ibovespa-hoje-fechamento-25112022\/#article","isPartOf":{"@id":"https:\/\/www.suno.com.br\/noticias\/ibovespa-hoje-fechamento-25112022\/"},"author":{"name":"Jo\u00e3o Vitor","@id":"https:\/\/www.suno.com.br\/noticias\/#\/schema\/person\/87fc6973867c52dd884811905c43afba"},"headline":"Ibovespa recua 2,55% e fecha a semana est\u00e1vel; Copel (CPLE6) dispara 18% nos \u00faltimos 5 dias","datePublished":"2022-11-25T21:51:44+00:00","dateModified":"2022-11-26T00:00:04+00:00","mainEntityOfPage":{"@id":"https:\/\/www.suno.com.br\/noticias\/ibovespa-hoje-fechamento-25112022\/"},"wordCount":1964,"publisher":{"@id":"https:\/\/www.suno.com.br\/noticias\/#organization"},"image":{"@id":"https:\/\/www.suno.com.br\/noticias\/ibovespa-hoje-fechamento-25112022\/#primaryimage"},"thumbnailUrl":"https:\/\/files.sunoresearch.com.br\/n\/uploads\/2022\/11\/Ibovespa.jpg","keywords":["Cielo (CIEL3)","Copel (CPLE3\/CPLE5\/CPLE6)","CSN (CSNA3)","CVC (CVCB3)","Ibovespa","Ibovespa fechamento","Magazine Luiza (MGLU3)","Via (VIIA3)"],"articleSection":["Neg\u00f3cios"],"inLanguage":"pt-BR"},{"@type":"WebPage","@id":"https:\/\/www.suno.com.br\/noticias\/ibovespa-hoje-fechamento-25112022\/","url":"https:\/\/www.suno.com.br\/noticias\/ibovespa-hoje-fechamento-25112022\/","name":"Ibovespa recua 2,55%; Magazine Luiza (MGLU3) sobe 8,5% na semana","isPartOf":{"@id":"https:\/\/www.suno.com.br\/noticias\/#website"},"primaryImageOfPage":{"@id":"https:\/\/www.suno.com.br\/noticias\/ibovespa-hoje-fechamento-25112022\/#primaryimage"},"image":{"@id":"https:\/\/www.suno.com.br\/noticias\/ibovespa-hoje-fechamento-25112022\/#primaryimage"},"thumbnailUrl":"https:\/\/files.sunoresearch.com.br\/n\/uploads\/2022\/11\/Ibovespa.jpg","datePublished":"2022-11-25T21:51:44+00:00","dateModified":"2022-11-26T00:00:04+00:00","description":"O Ibovespa recuou 2,55% na sess\u00e3o de hoje (25), com Copel (CPLE6) disparando na semana e Magazine Luiza (MGLU3) subindo. Clique e saiba mais!","breadcrumb":{"@id":"https:\/\/www.suno.com.br\/noticias\/ibovespa-hoje-fechamento-25112022\/#breadcrumb"},"inLanguage":"pt-BR","potentialAction":[{"@type":"ReadAction","target":["https:\/\/www.suno.com.br\/noticias\/ibovespa-hoje-fechamento-25112022\/"]}]},{"@type":"ImageObject","inLanguage":"pt-BR","@id":"https:\/\/www.suno.com.br\/noticias\/ibovespa-hoje-fechamento-25112022\/#primaryimage","url":"https:\/\/files.sunoresearch.com.br\/n\/uploads\/2022\/11\/Ibovespa.jpg","contentUrl":"https:\/\/files.sunoresearch.com.br\/n\/uploads\/2022\/11\/Ibovespa.jpg","width":1280,"height":854,"caption":"Ibovespa hoje. Foto: Divulga\u00e7\u00e3o"},{"@type":"BreadcrumbList","@id":"https:\/\/www.suno.com.br\/noticias\/ibovespa-hoje-fechamento-25112022\/#breadcrumb","itemListElement":[{"@type":"ListItem","position":1,"name":"Not\u00edcias","item":"https:\/\/www.suno.com.br\/noticias\/"},{"@type":"ListItem","position":2,"name":"Neg\u00f3cios","item":"https:\/\/www.suno.com.br\/noticias\/negocios\/"},{"@type":"ListItem","position":3,"name":"Ibovespa recua 2,55% e fecha a semana est\u00e1vel; Copel (CPLE6) dispara 18% nos \u00faltimos 5 dias"}]},{"@type":"WebSite","@id":"https:\/\/www.suno.com.br\/noticias\/#website","url":"https:\/\/www.suno.com.br\/noticias\/","name":"Suno Not\u00edcias","description":"Seu portal de informa\u00e7\u00e3o sobre o mundo dos investimentos","publisher":{"@id":"https:\/\/www.suno.com.br\/noticias\/#organization"},"potentialAction":[{"@type":"SearchAction","target":{"@type":"EntryPoint","urlTemplate":"https:\/\/www.suno.com.br\/noticias\/?s={search_term_string}"},"query-input":{"@type":"PropertyValueSpecification","valueRequired":true,"valueName":"search_term_string"}}],"inLanguage":"pt-BR"},{"@type":"Organization","@id":"https:\/\/www.suno.com.br\/noticias\/#organization","name":"Suno Not\u00edcias","url":"https:\/\/www.suno.com.br\/noticias\/","logo":{"@type":"ImageObject","inLanguage":"pt-BR","@id":"https:\/\/www.suno.com.br\/noticias\/#\/schema\/logo\/image\/","url":"https:\/\/files.sunoresearch.com.br\/n\/uploads\/2021\/09\/suno-logo.png","contentUrl":"https:\/\/files.sunoresearch.com.br\/n\/uploads\/2021\/09\/suno-logo.png","width":180,"height":180,"caption":"Suno Not\u00edcias"},"image":{"@id":"https:\/\/www.suno.com.br\/noticias\/#\/schema\/logo\/image\/"},"sameAs":["https:\/\/facebook.com\/sunoresearch","https:\/\/x.com\/sunoresearch","https:\/\/www.instagram.com\/suno","https:\/\/www.linkedin.com\/company\/suno-research\/","https:\/\/www.youtube.com\/c\/sunoresearch"]},{"@type":"Person","@id":"https:\/\/www.suno.com.br\/noticias\/#\/schema\/person\/87fc6973867c52dd884811905c43afba","name":"Jo\u00e3o Vitor","image":{"@type":"ImageObject","inLanguage":"pt-BR","@id":"https:\/\/www.suno.com.br\/noticias\/#\/schema\/person\/image\/","url":"https:\/\/secure.gravatar.com\/avatar\/2843227ca03ccf8cc7ccca45204c127e?s=96&r=g","contentUrl":"https:\/\/secure.gravatar.com\/avatar\/2843227ca03ccf8cc7ccca45204c127e?s=96&r=g","caption":"Jo\u00e3o Vitor"},"description":"Redator profissional, com atua\u00e7\u00e3o no mercado editorial na produ\u00e7\u00e3o de not\u00edcias e conte\u00fados sobre o mercado de a\u00e7\u00f5es, fundos imobili\u00e1rios e economia popular. Graduando em Engenharia Qu\u00edmica pela Unesp, tamb\u00e9m j\u00e1 atuou como consultor financeiro.","url":"https:\/\/www.suno.com.br\/noticias\/author\/joao-vitor-jacintho\/"}]}},"default_loop_html":"<div class=\"cardsPage__listCard__boxs\"><div class=\"cardsPage__listCard__boxs__img\"><a href=\"https:\/\/www.suno.com.br\/noticias\/ibovespa-hoje-fechamento-25112022\/\"><img class=\"mask\" src=\"https:\/\/www.suno.com.br\/noticias\/wp-content\/themes\/suno\/resources\/images\/spotlight\/spotlight1img\/bg-mask.png\" alt=\"Image Mask\"\/><img src=\"https:\/\/files.sunoresearch.com.br\/n\/uploads\/2022\/11\/Ibovespa-400x200.jpg\" alt=\"Ibovespa recua 2,55% e fecha a semana est\u00e1vel; Copel (CPLE6) dispara 18% nos \u00faltimos 5 dias\"\/><\/a><span class=\"spotlightCategory\"><a href=\"https:\/\/www.suno.com.br\/noticias\/negocios\/\">Neg\u00f3cios<\/a><\/span><\/div><div class=\"cardsPage__listCard__boxs__content\"><a href=\"https:\/\/www.suno.com.br\/noticias\/ibovespa-hoje-fechamento-25112022\/\"><h2 class=\"content__title\">Ibovespa recua 2,55% e fecha a semana est\u00e1vel; Copel (CPLE6) dispara 18% nos \u00faltimos 5 dias<\/h2><\/a><div class=\"newsContent__article__meta\"><div class=\"newsContent__article__meta__authorBox\"><a href=\"https:\/\/www.suno.com.br\/noticias\/author\/joao-vitor-jacintho\/\" class=\"authorBox__avatar noMobi\"><img src=\"https:\/\/secure.gravatar.com\/avatar\/2843227ca03ccf8cc7ccca45204c127e?s=96&#038;r=g\" alt=\"Jo\u00e3o Vitor Jacintho\"><\/a><div class=\"authorBox__name\"><span>por\n\t\t\t<a href=\"https:\/\/www.suno.com.br\/noticias\/author\/joao-vitor-jacintho\/\"><span itemprop=\"author\">Jo\u00e3o Vitor Jacintho<\/span><\/a><\/span><time datetime=\"2022-11-25T18:51:44-03:00\" itemprop=\"datePublished\">25\/11\/2022 18:51<\/time><\/div><\/div><\/div><\/div><\/div>","single_layout":"posts","amp_enabled":true,"_links":{"self":[{"href":"https:\/\/www.suno.com.br\/noticias\/wp-json\/wp\/v2\/posts\/324245"}],"collection":[{"href":"https:\/\/www.suno.com.br\/noticias\/wp-json\/wp\/v2\/posts"}],"about":[{"href":"https:\/\/www.suno.com.br\/noticias\/wp-json\/wp\/v2\/types\/post"}],"author":[{"embeddable":true,"href":"https:\/\/www.suno.com.br\/noticias\/wp-json\/wp\/v2\/users\/173"}],"replies":[{"embeddable":true,"href":"https:\/\/www.suno.com.br\/noticias\/wp-json\/wp\/v2\/comments?post=324245"}],"version-history":[{"count":2,"href":"https:\/\/www.suno.com.br\/noticias\/wp-json\/wp\/v2\/posts\/324245\/revisions"}],"predecessor-version":[{"id":324398,"href":"https:\/\/www.suno.com.br\/noticias\/wp-json\/wp\/v2\/posts\/324245\/revisions\/324398"}],"wp:featuredmedia":[{"embeddable":true,"href":"https:\/\/www.suno.com.br\/noticias\/wp-json\/wp\/v2\/media\/324377"}],"wp:attachment":[{"href":"https:\/\/www.suno.com.br\/noticias\/wp-json\/wp\/v2\/media?parent=324245"}],"wp:term":[{"taxonomy":"category","embeddable":true,"href":"https:\/\/www.suno.com.br\/noticias\/wp-json\/wp\/v2\/categories?post=324245"},{"taxonomy":"post_tag","embeddable":true,"href":"https:\/\/www.suno.com.br\/noticias\/wp-json\/wp\/v2\/tags?post=324245"},{"taxonomy":"suno_strategy","embeddable":true,"href":"https:\/\/www.suno.com.br\/noticias\/wp-json\/wp\/v2\/suno_strategy?post=324245"}],"curies":[{"name":"wp","href":"https:\/\/api.w.org\/{rel}","templated":true}]}}