{"id":32392,"date":"2019-07-27T10:03:53","date_gmt":"2019-07-27T13:03:53","guid":{"rendered":"https:\/\/www.suno.com.br\/noticias\/?p=32392"},"modified":"2019-07-27T10:03:53","modified_gmt":"2019-07-27T13:03:53","slug":"movida-acoes-oferta-15-movimenta","status":"publish","type":"post","link":"https:\/\/www.suno.com.br\/noticias\/movida-acoes-oferta-15-movimenta\/","title":{"rendered":"Movida precifica R$15 por a\u00e7\u00e3o e movimenta R$ 832,5 milh\u00f5es"},"content":{"rendered":"<p>A locadora de carros, Movida, definiu R$ 15 por a\u00e7\u00e3o e movimentou R$ 832,5 milh\u00f5es. Foram negociadas 35,5 milh\u00f5es de <a href=\"https:\/\/www.suno.com.br\/artigos\/tipos-de-acoes\/\">a\u00e7\u00f5es<\/a> de oferta prim\u00e1ria e 20 milh\u00f5es de a\u00e7\u00f5es de oferta secund\u00e1ria.<\/p>\t<div class=\"wrapper-featured-image\">\n\t\t<figure class=\"spotlightImg\">\n\n\t\t\t<picture>\n\t\t\t\t<source media=\"(max-width: 768px)\" srcset=\"https:\/\/files.sunoresearch.com.br\/n\/uploads\/2019\/04\/114e8970-d0b37c448f42f8bd1c8585fc88d33c8b-jpg.webp\">\n\t\t\t\t<img loading=\"lazy\" decoding=\"async\" class=\"newsContent__article__imgCapa lazyloadDisabled newsContent__article__imgCapa--noCaption\" src=\"https:\/\/files.sunoresearch.com.br\/n\/uploads\/2019\/04\/114e8970-d0b37c448f42f8bd1c8585fc88d33c8b-jpg.webp\" width=\"800\" height=\"450\" alt=\"Movida precifica R$15 por a\u00e7\u00e3o e movimenta R$ 832,5 milh\u00f5es\" fetchpriority=high \/>\n\t\t\t<\/picture>\n\n\t\t\t<figcaption class=\"wp-caption-text wp-caption-text--hide\">Movida (MOVI3) emitir\u00e1 R$ 200 milh\u00f5es em deb\u00eantures <\/figcaption>\n\t\t<\/figure>\n\t<\/div>\n\n\n<p>&#8220;O pre\u00e7o por a\u00e7\u00e3o foi fixado pelo Conselho de Administra\u00e7\u00e3o da Companhia ap\u00f3s a conclus\u00e3o do procedimento de<a href=\"https:\/\/www.suno.com.br\/artigos\/bookbuilding\/\"> Bookbuilding<\/a>, tendo como par\u00e2metro a cota\u00e7\u00e3o das a\u00e7\u00f5es ordin\u00e1rias de emiss\u00e3o da Companhia na <a href=\"https:\/\/www.suno.com.br\/artigos\/b3\/\">B3<\/a>; e as indica\u00e7\u00f5es de interesse em fun\u00e7\u00e3o da qualidade e quantidade de demanda da a\u00e7\u00f5es&#8221;, informou a <strong>Movida<\/strong> em sua ata.<\/p>\n<p>O aumento do capital social da empresa foi de R$ 532,5 milh\u00f5es, equivalente \u00e0 emiss\u00e3o de 35.500 milh\u00f5es de novas a\u00e7\u00f5es da companhia e da distribui\u00e7\u00e3o de 20 milh\u00f5es de a\u00e7\u00f5es da oferta p\u00fablica prim\u00e1ria e secund\u00e1ria. Dessa forma, o capital passou de cerca de R$ 1,5 bilh\u00e3o para aproximadamente R$ 2,05 bilh\u00f5es.<\/p>\n\n<p>&#8220;Em raz\u00e3o do aumento do capital social da companhia no \u00e2mbito da Oferta, o novo capital social da Companhia passar\u00e1 a ser e R$2.046.641.914,60, dividido em 298.921.014 a\u00e7\u00f5es ordin\u00e1rias, todas nominativas, escriturais e sem valor nominal&#8221;, afirmou o documento.<\/p>\n<p>A opera\u00e7\u00e3o teve coordena\u00e7\u00e3o das seguintes institui\u00e7\u00f5es:<\/p>\n<ul>\n<li>Banco BTG Pactual;<\/li>\n<li>Banco Ita\u00fa BBA;<\/li>\n<li>Banco J.P.Morgan;<\/li>\n<li>XP Investimentos;<\/li>\n<li>BB Investimentos;<\/li>\n<li>Bradesco BBI;<\/li>\n<li>e do Banco Santander Brasil.<\/li>\n<\/ul>\n<p>De acordo com a Movida, os recursos ser\u00e3o utilizadas para se reestruturarem melhor internamente. &#8220;Os recursos l\u00edquidos oriundo da Oferta Prim\u00e1ria, ser\u00e3o destinados para fins de compra de novos carros, melhora na estrutura de capital e suporte para investimento em inova\u00e7\u00e3o e tecnologia&#8221;, informou o diretor de rela\u00e7\u00f5es com investidores da locadora, Edmar Neto.<\/p>\n\t<p>\n\t\t<a href=\"https:\/\/lp.suno.com.br\/minicurso-investindo-fiis\/\" target=\"_blank\" data-element=\"shortcode-suno-banner\" title=\"Banner SUNO, clique e saiba mais\">\n\t\t\t<picture>\n\t\t\t\t<source media=\"(max-width: 500px)\" srcset=\"https:\/\/files.sunoresearch.com.br\/n\/uploads\/2023\/03\/400x300-Minicurso-FIIS.png\">\n\t\t\t\t<img class=\"newsContent__article__imgCapa newsContent__article__imgCapa--banner\"\n\t\t\t\t\tsrc=\"https:\/\/files.sunoresearch.com.br\/n\/uploads\/2023\/03\/1420x240-Minicurso-FIIS.png\"\n\t\t\t\t\tdata-promo-id=\"383125\"\t\t\t\t\t\t\t\t\t\twidth='1420' height='240'\t\t\t\t\talt=\"https:\/\/files.sunoresearch.com.br\/n\/uploads\/2023\/03\/1420x240-Minicurso-FIIS.png\"\n\t\t\t\t>\n\t\t\t<\/picture>\n\t\t<\/a>\n\t<\/p>\n\n\n<h2>Movida registra aumento de 56% no 1T19<\/h2>\n<p>A Movida registrou nos primeiros tr\u00eas meses do ano lucro de R$ 42 milh\u00f5es, valor correspondente ao crescimento de 56% da empresa.<\/p>\n<p><a href=\"\/\/www.suno.com.br\/noticias\/movida-lucro-localiza-aluguel-de-carros\/\">Saiba Mais: Movida registra aumento nos lucros de 56% no primeiro trimestre de 2019<\/a><\/p>\n<p>\u201cEste movimento foi poss\u00edvel gra\u00e7as \u00e0 expans\u00e3o de dois pontos percentuais na taxa de ocupa\u00e7\u00e3o e de 3% no ticket m\u00e9dio. Tivemos avan\u00e7os ainda mais expressivos analisando por canal de venda, sendo que o crescimento de produto como o Mensal Flex e o in\u00edcio da retomada do segmento corporativo afetaram a composi\u00e7\u00e3o do mix, impactando na di\u00e1ria m\u00e9dia consolidada,\u201d afirma a Movida.<\/p>\n<h2>\u00daltima cota\u00e7\u00e3o<\/h2>\n<p>Na \u00faltima sess\u00e3o, na sexta-feira (26), a <strong>Movida<\/strong> (MOVI3) encerrou o preg\u00e3o em queda de -0,32% sendo cotada a R$15,64.<\/p>\n","protected":false},"excerpt":{"rendered":"<p>A locadora de carros, Movida, definiu R$ 15 por a\u00e7\u00e3o e movimentou R$ 832,5 milh\u00f5es. Foram negociadas 35,5 milh\u00f5es de a\u00e7\u00f5es de oferta prim\u00e1ria e 20 milh\u00f5es de a\u00e7\u00f5es de oferta secund\u00e1ria. Movida (MOVI3) emitir\u00e1 R$ 200 milh\u00f5es em deb\u00eantures &#8220;O pre\u00e7o por a\u00e7\u00e3o foi fixado pelo Conselho de Administra\u00e7\u00e3o da Companhia ap\u00f3s a conclus\u00e3o [&hellip;]<\/p>\n","protected":false},"author":15,"featured_media":22764,"comment_status":"closed","ping_status":"closed","sticky":false,"template":"","format":"standard","meta":[],"categories":[64],"tags":[286,567],"suno_strategy":[],"class_list":["post-32392","post","type-post","status-publish","format-standard","has-post-thumbnail","hentry","category-negocios","tag-acoes","tag-movida-movi3"],"yoast_head":"<!-- This site is optimized with the Yoast SEO plugin v24.4 - https:\/\/yoast.com\/wordpress\/plugins\/seo\/ -->\n<title>Movida precifica R$15 por a\u00e7\u00e3o e movimenta R$ 832,5 milh\u00f5es<\/title>\n<meta name=\"description\" content=\"Dessa forma, o capital social da Movida passou de cerca de R$ 1,5 bilh\u00e3o para aproximadamente R$ 2,05 bilh\u00f5es. Clique aqui e saiba mais\" \/>\n<meta name=\"robots\" content=\"index, follow, max-snippet:-1, max-image-preview:large, max-video-preview:-1\" \/>\n<link rel=\"canonical\" href=\"https:\/\/www.suno.com.br\/noticias\/movida-acoes-oferta-15-movimenta\/\" \/>\n<meta property=\"og:locale\" content=\"pt_BR\" \/>\n<meta property=\"og:type\" content=\"article\" \/>\n<meta property=\"og:title\" content=\"Movida precifica R$15 por a\u00e7\u00e3o e movimenta R$ 832,5 milh\u00f5es\" \/>\n<meta property=\"og:description\" content=\"Dessa forma, o capital social da Movida passou de cerca de R$ 1,5 bilh\u00e3o para aproximadamente R$ 2,05 bilh\u00f5es. Clique aqui e saiba mais\" \/>\n<meta property=\"og:url\" content=\"https:\/\/www.suno.com.br\/noticias\/movida-acoes-oferta-15-movimenta\/\" \/>\n<meta property=\"og:site_name\" content=\"Suno Not\u00edcias\" \/>\n<meta property=\"article:publisher\" content=\"https:\/\/facebook.com\/sunoresearch\" \/>\n<meta property=\"og:image\" content=\"https:\/\/files.sunoresearch.com.br\/n\/uploads\/2019\/04\/114e8970-d0b37c448f42f8bd1c8585fc88d33c8b.jpg\" \/>\n\t<meta property=\"og:image:width\" content=\"350\" \/>\n\t<meta property=\"og:image:height\" content=\"252\" \/>\n\t<meta property=\"og:image:type\" content=\"image\/jpeg\" \/>\n<meta name=\"author\" content=\"Poliana Santos\" \/>\n<meta name=\"twitter:card\" content=\"summary_large_image\" \/>\n<meta name=\"twitter:creator\" content=\"@sunoresearch\" \/>\n<meta name=\"twitter:site\" content=\"@sunoresearch\" \/>\n<meta name=\"twitter:label1\" content=\"Escrito por\" \/>\n\t<meta name=\"twitter:data1\" content=\"Poliana Santos\" \/>\n\t<meta name=\"twitter:label2\" content=\"Est. tempo de leitura\" \/>\n\t<meta name=\"twitter:data2\" content=\"2 minutos\" \/>\n<script type=\"application\/ld+json\" class=\"yoast-schema-graph\">{\"@context\":\"https:\/\/schema.org\",\"@graph\":[{\"@type\":\"NewsArticle\",\"@id\":\"https:\/\/www.suno.com.br\/noticias\/movida-acoes-oferta-15-movimenta\/#article\",\"isPartOf\":{\"@id\":\"https:\/\/www.suno.com.br\/noticias\/movida-acoes-oferta-15-movimenta\/\"},\"author\":{\"name\":\"Poliana Santos\",\"@id\":\"https:\/\/www.suno.com.br\/noticias\/#\/schema\/person\/02ec1f752758247878a2bf4abee1aeda\"},\"headline\":\"Movida precifica R$15 por a\u00e7\u00e3o e movimenta R$ 832,5 milh\u00f5es\",\"datePublished\":\"2019-07-27T13:03:53+00:00\",\"mainEntityOfPage\":{\"@id\":\"https:\/\/www.suno.com.br\/noticias\/movida-acoes-oferta-15-movimenta\/\"},\"wordCount\":444,\"publisher\":{\"@id\":\"https:\/\/www.suno.com.br\/noticias\/#organization\"},\"image\":{\"@id\":\"https:\/\/www.suno.com.br\/noticias\/movida-acoes-oferta-15-movimenta\/#primaryimage\"},\"thumbnailUrl\":\"https:\/\/files.sunoresearch.com.br\/n\/uploads\/2019\/04\/114e8970-d0b37c448f42f8bd1c8585fc88d33c8b-jpg.webp\",\"keywords\":[\"A\u00e7\u00f5es\",\"Movida (MOVI3)\"],\"articleSection\":[\"Neg\u00f3cios\"],\"inLanguage\":\"pt-BR\"},{\"@type\":\"WebPage\",\"@id\":\"https:\/\/www.suno.com.br\/noticias\/movida-acoes-oferta-15-movimenta\/\",\"url\":\"https:\/\/www.suno.com.br\/noticias\/movida-acoes-oferta-15-movimenta\/\",\"name\":\"Movida precifica R$15 por a\u00e7\u00e3o e movimenta R$ 832,5 milh\u00f5es\",\"isPartOf\":{\"@id\":\"https:\/\/www.suno.com.br\/noticias\/#website\"},\"primaryImageOfPage\":{\"@id\":\"https:\/\/www.suno.com.br\/noticias\/movida-acoes-oferta-15-movimenta\/#primaryimage\"},\"image\":{\"@id\":\"https:\/\/www.suno.com.br\/noticias\/movida-acoes-oferta-15-movimenta\/#primaryimage\"},\"thumbnailUrl\":\"https:\/\/files.sunoresearch.com.br\/n\/uploads\/2019\/04\/114e8970-d0b37c448f42f8bd1c8585fc88d33c8b-jpg.webp\",\"datePublished\":\"2019-07-27T13:03:53+00:00\",\"description\":\"Dessa forma, o capital social da Movida passou de cerca de R$ 1,5 bilh\u00e3o para aproximadamente R$ 2,05 bilh\u00f5es. Clique aqui e saiba mais\",\"breadcrumb\":{\"@id\":\"https:\/\/www.suno.com.br\/noticias\/movida-acoes-oferta-15-movimenta\/#breadcrumb\"},\"inLanguage\":\"pt-BR\",\"potentialAction\":[{\"@type\":\"ReadAction\",\"target\":[\"https:\/\/www.suno.com.br\/noticias\/movida-acoes-oferta-15-movimenta\/\"]}]},{\"@type\":\"ImageObject\",\"inLanguage\":\"pt-BR\",\"@id\":\"https:\/\/www.suno.com.br\/noticias\/movida-acoes-oferta-15-movimenta\/#primaryimage\",\"url\":\"https:\/\/files.sunoresearch.com.br\/n\/uploads\/2019\/04\/114e8970-d0b37c448f42f8bd1c8585fc88d33c8b-jpg.webp\",\"contentUrl\":\"https:\/\/files.sunoresearch.com.br\/n\/uploads\/2019\/04\/114e8970-d0b37c448f42f8bd1c8585fc88d33c8b-jpg.webp\",\"width\":350,\"height\":252,\"caption\":\"Movida (MOVI3) emitir\u00e1 R$ 200 milh\u00f5es em deb\u00eantures\"},{\"@type\":\"BreadcrumbList\",\"@id\":\"https:\/\/www.suno.com.br\/noticias\/movida-acoes-oferta-15-movimenta\/#breadcrumb\",\"itemListElement\":[{\"@type\":\"ListItem\",\"position\":1,\"name\":\"Not\u00edcias\",\"item\":\"https:\/\/www.suno.com.br\/noticias\/\"},{\"@type\":\"ListItem\",\"position\":2,\"name\":\"Neg\u00f3cios\",\"item\":\"https:\/\/www.suno.com.br\/noticias\/negocios\/\"},{\"@type\":\"ListItem\",\"position\":3,\"name\":\"Movida precifica R$15 por a\u00e7\u00e3o e movimenta R$ 832,5 milh\u00f5es\"}]},{\"@type\":\"WebSite\",\"@id\":\"https:\/\/www.suno.com.br\/noticias\/#website\",\"url\":\"https:\/\/www.suno.com.br\/noticias\/\",\"name\":\"Suno Not\u00edcias\",\"description\":\"Seu portal de informa\u00e7\u00e3o sobre o mundo dos investimentos\",\"publisher\":{\"@id\":\"https:\/\/www.suno.com.br\/noticias\/#organization\"},\"potentialAction\":[{\"@type\":\"SearchAction\",\"target\":{\"@type\":\"EntryPoint\",\"urlTemplate\":\"https:\/\/www.suno.com.br\/noticias\/?s={search_term_string}\"},\"query-input\":{\"@type\":\"PropertyValueSpecification\",\"valueRequired\":true,\"valueName\":\"search_term_string\"}}],\"inLanguage\":\"pt-BR\"},{\"@type\":\"Organization\",\"@id\":\"https:\/\/www.suno.com.br\/noticias\/#organization\",\"name\":\"Suno Not\u00edcias\",\"url\":\"https:\/\/www.suno.com.br\/noticias\/\",\"logo\":{\"@type\":\"ImageObject\",\"inLanguage\":\"pt-BR\",\"@id\":\"https:\/\/www.suno.com.br\/noticias\/#\/schema\/logo\/image\/\",\"url\":\"https:\/\/files.sunoresearch.com.br\/n\/uploads\/2021\/09\/suno-logo.png\",\"contentUrl\":\"https:\/\/files.sunoresearch.com.br\/n\/uploads\/2021\/09\/suno-logo.png\",\"width\":180,\"height\":180,\"caption\":\"Suno Not\u00edcias\"},\"image\":{\"@id\":\"https:\/\/www.suno.com.br\/noticias\/#\/schema\/logo\/image\/\"},\"sameAs\":[\"https:\/\/facebook.com\/sunoresearch\",\"https:\/\/x.com\/sunoresearch\",\"https:\/\/www.instagram.com\/suno\",\"https:\/\/www.linkedin.com\/company\/suno-research\/\",\"https:\/\/www.youtube.com\/c\/sunoresearch\"]},{\"@type\":\"Person\",\"@id\":\"https:\/\/www.suno.com.br\/noticias\/#\/schema\/person\/02ec1f752758247878a2bf4abee1aeda\",\"name\":\"Poliana Santos\",\"image\":{\"@type\":\"ImageObject\",\"inLanguage\":\"pt-BR\",\"@id\":\"https:\/\/www.suno.com.br\/noticias\/#\/schema\/person\/image\/\",\"url\":\"https:\/\/secure.gravatar.com\/avatar\/0645bd32f23d87b2130f2b2dff1d3f8d?s=96&r=g\",\"contentUrl\":\"https:\/\/secure.gravatar.com\/avatar\/0645bd32f23d87b2130f2b2dff1d3f8d?s=96&r=g\",\"caption\":\"Poliana Santos\"},\"description\":\"Rep\u00f3rter no Suno Not\u00edcias, com cobertura em mercado financeiro, economia, finan\u00e7as pessoais, renda fixa e varejo. Jornalista formada pela Faculdade C\u00e1sper L\u00edbero e possui passagem na R\u00e1dio Gazeta AM com a produ\u00e7\u00e3o de conte\u00fado sobre economia, pol\u00edtica, sa\u00fade, moda e m\u00fasica. Possui certificado de conclus\u00e3o do curso de An\u00e1lise de Balan\u00e7os pela Funda\u00e7\u00e3o Bradesco, Agenda Brasil pela FAAP, Educa\u00e7\u00e3o Pol\u00edtica por Alexandre Garcia e do Tesouro Direto e Mercado de A\u00e7\u00f5es pela B3.\",\"url\":\"https:\/\/www.suno.com.br\/noticias\/author\/poliana-santos\/\"}]}<\/script>\n<!-- \/ Yoast SEO plugin. -->","yoast_head_json":{"title":"Movida precifica R$15 por a\u00e7\u00e3o e movimenta R$ 832,5 milh\u00f5es","description":"Dessa forma, o capital social da Movida passou de cerca de R$ 1,5 bilh\u00e3o para aproximadamente R$ 2,05 bilh\u00f5es. Clique aqui e saiba mais","robots":{"index":"index","follow":"follow","max-snippet":"max-snippet:-1","max-image-preview":"max-image-preview:large","max-video-preview":"max-video-preview:-1"},"canonical":"https:\/\/www.suno.com.br\/noticias\/movida-acoes-oferta-15-movimenta\/","og_locale":"pt_BR","og_type":"article","og_title":"Movida precifica R$15 por a\u00e7\u00e3o e movimenta R$ 832,5 milh\u00f5es","og_description":"Dessa forma, o capital social da Movida passou de cerca de R$ 1,5 bilh\u00e3o para aproximadamente R$ 2,05 bilh\u00f5es. Clique aqui e saiba mais","og_url":"https:\/\/www.suno.com.br\/noticias\/movida-acoes-oferta-15-movimenta\/","og_site_name":"Suno Not\u00edcias","article_publisher":"https:\/\/facebook.com\/sunoresearch","og_image":[{"width":350,"height":252,"url":"https:\/\/files.sunoresearch.com.br\/n\/uploads\/2019\/04\/114e8970-d0b37c448f42f8bd1c8585fc88d33c8b.jpg","type":"image\/jpeg"}],"author":"Poliana Santos","twitter_card":"summary_large_image","twitter_creator":"@sunoresearch","twitter_site":"@sunoresearch","twitter_misc":{"Escrito por":"Poliana Santos","Est. tempo de leitura":"2 minutos"},"schema":{"@context":"https:\/\/schema.org","@graph":[{"@type":"NewsArticle","@id":"https:\/\/www.suno.com.br\/noticias\/movida-acoes-oferta-15-movimenta\/#article","isPartOf":{"@id":"https:\/\/www.suno.com.br\/noticias\/movida-acoes-oferta-15-movimenta\/"},"author":{"name":"Poliana Santos","@id":"https:\/\/www.suno.com.br\/noticias\/#\/schema\/person\/02ec1f752758247878a2bf4abee1aeda"},"headline":"Movida precifica R$15 por a\u00e7\u00e3o e movimenta R$ 832,5 milh\u00f5es","datePublished":"2019-07-27T13:03:53+00:00","mainEntityOfPage":{"@id":"https:\/\/www.suno.com.br\/noticias\/movida-acoes-oferta-15-movimenta\/"},"wordCount":444,"publisher":{"@id":"https:\/\/www.suno.com.br\/noticias\/#organization"},"image":{"@id":"https:\/\/www.suno.com.br\/noticias\/movida-acoes-oferta-15-movimenta\/#primaryimage"},"thumbnailUrl":"https:\/\/files.sunoresearch.com.br\/n\/uploads\/2019\/04\/114e8970-d0b37c448f42f8bd1c8585fc88d33c8b-jpg.webp","keywords":["A\u00e7\u00f5es","Movida (MOVI3)"],"articleSection":["Neg\u00f3cios"],"inLanguage":"pt-BR"},{"@type":"WebPage","@id":"https:\/\/www.suno.com.br\/noticias\/movida-acoes-oferta-15-movimenta\/","url":"https:\/\/www.suno.com.br\/noticias\/movida-acoes-oferta-15-movimenta\/","name":"Movida precifica R$15 por a\u00e7\u00e3o e movimenta R$ 832,5 milh\u00f5es","isPartOf":{"@id":"https:\/\/www.suno.com.br\/noticias\/#website"},"primaryImageOfPage":{"@id":"https:\/\/www.suno.com.br\/noticias\/movida-acoes-oferta-15-movimenta\/#primaryimage"},"image":{"@id":"https:\/\/www.suno.com.br\/noticias\/movida-acoes-oferta-15-movimenta\/#primaryimage"},"thumbnailUrl":"https:\/\/files.sunoresearch.com.br\/n\/uploads\/2019\/04\/114e8970-d0b37c448f42f8bd1c8585fc88d33c8b-jpg.webp","datePublished":"2019-07-27T13:03:53+00:00","description":"Dessa forma, o capital social da Movida passou de cerca de R$ 1,5 bilh\u00e3o para aproximadamente R$ 2,05 bilh\u00f5es. Clique aqui e saiba mais","breadcrumb":{"@id":"https:\/\/www.suno.com.br\/noticias\/movida-acoes-oferta-15-movimenta\/#breadcrumb"},"inLanguage":"pt-BR","potentialAction":[{"@type":"ReadAction","target":["https:\/\/www.suno.com.br\/noticias\/movida-acoes-oferta-15-movimenta\/"]}]},{"@type":"ImageObject","inLanguage":"pt-BR","@id":"https:\/\/www.suno.com.br\/noticias\/movida-acoes-oferta-15-movimenta\/#primaryimage","url":"https:\/\/files.sunoresearch.com.br\/n\/uploads\/2019\/04\/114e8970-d0b37c448f42f8bd1c8585fc88d33c8b-jpg.webp","contentUrl":"https:\/\/files.sunoresearch.com.br\/n\/uploads\/2019\/04\/114e8970-d0b37c448f42f8bd1c8585fc88d33c8b-jpg.webp","width":350,"height":252,"caption":"Movida (MOVI3) emitir\u00e1 R$ 200 milh\u00f5es em deb\u00eantures"},{"@type":"BreadcrumbList","@id":"https:\/\/www.suno.com.br\/noticias\/movida-acoes-oferta-15-movimenta\/#breadcrumb","itemListElement":[{"@type":"ListItem","position":1,"name":"Not\u00edcias","item":"https:\/\/www.suno.com.br\/noticias\/"},{"@type":"ListItem","position":2,"name":"Neg\u00f3cios","item":"https:\/\/www.suno.com.br\/noticias\/negocios\/"},{"@type":"ListItem","position":3,"name":"Movida precifica R$15 por a\u00e7\u00e3o e movimenta R$ 832,5 milh\u00f5es"}]},{"@type":"WebSite","@id":"https:\/\/www.suno.com.br\/noticias\/#website","url":"https:\/\/www.suno.com.br\/noticias\/","name":"Suno Not\u00edcias","description":"Seu portal de informa\u00e7\u00e3o sobre o mundo dos investimentos","publisher":{"@id":"https:\/\/www.suno.com.br\/noticias\/#organization"},"potentialAction":[{"@type":"SearchAction","target":{"@type":"EntryPoint","urlTemplate":"https:\/\/www.suno.com.br\/noticias\/?s={search_term_string}"},"query-input":{"@type":"PropertyValueSpecification","valueRequired":true,"valueName":"search_term_string"}}],"inLanguage":"pt-BR"},{"@type":"Organization","@id":"https:\/\/www.suno.com.br\/noticias\/#organization","name":"Suno Not\u00edcias","url":"https:\/\/www.suno.com.br\/noticias\/","logo":{"@type":"ImageObject","inLanguage":"pt-BR","@id":"https:\/\/www.suno.com.br\/noticias\/#\/schema\/logo\/image\/","url":"https:\/\/files.sunoresearch.com.br\/n\/uploads\/2021\/09\/suno-logo.png","contentUrl":"https:\/\/files.sunoresearch.com.br\/n\/uploads\/2021\/09\/suno-logo.png","width":180,"height":180,"caption":"Suno Not\u00edcias"},"image":{"@id":"https:\/\/www.suno.com.br\/noticias\/#\/schema\/logo\/image\/"},"sameAs":["https:\/\/facebook.com\/sunoresearch","https:\/\/x.com\/sunoresearch","https:\/\/www.instagram.com\/suno","https:\/\/www.linkedin.com\/company\/suno-research\/","https:\/\/www.youtube.com\/c\/sunoresearch"]},{"@type":"Person","@id":"https:\/\/www.suno.com.br\/noticias\/#\/schema\/person\/02ec1f752758247878a2bf4abee1aeda","name":"Poliana Santos","image":{"@type":"ImageObject","inLanguage":"pt-BR","@id":"https:\/\/www.suno.com.br\/noticias\/#\/schema\/person\/image\/","url":"https:\/\/secure.gravatar.com\/avatar\/0645bd32f23d87b2130f2b2dff1d3f8d?s=96&r=g","contentUrl":"https:\/\/secure.gravatar.com\/avatar\/0645bd32f23d87b2130f2b2dff1d3f8d?s=96&r=g","caption":"Poliana Santos"},"description":"Rep\u00f3rter no Suno Not\u00edcias, com cobertura em mercado financeiro, economia, finan\u00e7as pessoais, renda fixa e varejo. Jornalista formada pela Faculdade C\u00e1sper L\u00edbero e possui passagem na R\u00e1dio Gazeta AM com a produ\u00e7\u00e3o de conte\u00fado sobre economia, pol\u00edtica, sa\u00fade, moda e m\u00fasica. Possui certificado de conclus\u00e3o do curso de An\u00e1lise de Balan\u00e7os pela Funda\u00e7\u00e3o Bradesco, Agenda Brasil pela FAAP, Educa\u00e7\u00e3o Pol\u00edtica por Alexandre Garcia e do Tesouro Direto e Mercado de A\u00e7\u00f5es pela B3.","url":"https:\/\/www.suno.com.br\/noticias\/author\/poliana-santos\/"}]}},"default_loop_html":"<div class=\"cardsPage__listCard__boxs\"><div class=\"cardsPage__listCard__boxs__img\"><a href=\"https:\/\/www.suno.com.br\/noticias\/movida-acoes-oferta-15-movimenta\/\"><img class=\"mask\" src=\"https:\/\/www.suno.com.br\/noticias\/wp-content\/themes\/suno\/resources\/images\/spotlight\/spotlight1img\/bg-mask.png\" alt=\"Image Mask\"\/><img src=\"https:\/\/files.sunoresearch.com.br\/n\/uploads\/2019\/04\/114e8970-d0b37c448f42f8bd1c8585fc88d33c8b-jpg.webp\" alt=\"Movida precifica R$15 por a\u00e7\u00e3o e movimenta R$ 832,5 milh\u00f5es\"\/><\/a><span class=\"spotlightCategory\"><a href=\"https:\/\/www.suno.com.br\/noticias\/negocios\/\">Neg\u00f3cios<\/a><\/span><\/div><div class=\"cardsPage__listCard__boxs__content\"><a href=\"https:\/\/www.suno.com.br\/noticias\/movida-acoes-oferta-15-movimenta\/\"><h2 class=\"content__title\">Movida precifica R$15 por a\u00e7\u00e3o e movimenta R$ 832,5 milh\u00f5es<\/h2><\/a><div class=\"newsContent__article__meta\"><div class=\"newsContent__article__meta__authorBox\"><a href=\"https:\/\/www.suno.com.br\/noticias\/author\/poliana-santos\/\" class=\"authorBox__avatar noMobi\"><img src=\"https:\/\/files.sunoresearch.com.br\/n\/uploads\/2020\/08\/7ef34026-whatsapp-image-2020-08-03-at-12.37.57-150x150.webp\" alt=\"Poliana Santos\"><\/a><div class=\"authorBox__name\"><span>por\n\t\t\t<a href=\"https:\/\/www.suno.com.br\/noticias\/author\/poliana-santos\/\"><span itemprop=\"author\">Poliana Santos<\/span><\/a><\/span><time datetime=\"2019-07-27T10:03:53-03:00\" itemprop=\"datePublished\">27\/07\/2019 10:03<\/time><\/div><\/div><\/div><\/div><\/div>","single_layout":"posts","amp_enabled":true,"_links":{"self":[{"href":"https:\/\/www.suno.com.br\/noticias\/wp-json\/wp\/v2\/posts\/32392"}],"collection":[{"href":"https:\/\/www.suno.com.br\/noticias\/wp-json\/wp\/v2\/posts"}],"about":[{"href":"https:\/\/www.suno.com.br\/noticias\/wp-json\/wp\/v2\/types\/post"}],"author":[{"embeddable":true,"href":"https:\/\/www.suno.com.br\/noticias\/wp-json\/wp\/v2\/users\/15"}],"replies":[{"embeddable":true,"href":"https:\/\/www.suno.com.br\/noticias\/wp-json\/wp\/v2\/comments?post=32392"}],"version-history":[{"count":0,"href":"https:\/\/www.suno.com.br\/noticias\/wp-json\/wp\/v2\/posts\/32392\/revisions"}],"wp:featuredmedia":[{"embeddable":true,"href":"https:\/\/www.suno.com.br\/noticias\/wp-json\/wp\/v2\/media\/22764"}],"wp:attachment":[{"href":"https:\/\/www.suno.com.br\/noticias\/wp-json\/wp\/v2\/media?parent=32392"}],"wp:term":[{"taxonomy":"category","embeddable":true,"href":"https:\/\/www.suno.com.br\/noticias\/wp-json\/wp\/v2\/categories?post=32392"},{"taxonomy":"post_tag","embeddable":true,"href":"https:\/\/www.suno.com.br\/noticias\/wp-json\/wp\/v2\/tags?post=32392"},{"taxonomy":"suno_strategy","embeddable":true,"href":"https:\/\/www.suno.com.br\/noticias\/wp-json\/wp\/v2\/suno_strategy?post=32392"}],"curies":[{"name":"wp","href":"https:\/\/api.w.org\/{rel}","templated":true}]}}