{"id":32380,"date":"2019-07-26T21:06:39","date_gmt":"2019-07-27T00:06:39","guid":{"rendered":"https:\/\/www.suno.com.br\/noticias\/?p=32380"},"modified":"2021-06-21T06:22:13","modified_gmt":"2021-06-21T09:22:13","slug":"acoes-da-usiminas-podem-subir-ate-36-segundo-safra","status":"publish","type":"post","link":"https:\/\/www.suno.com.br\/noticias\/acoes-da-usiminas-podem-subir-ate-36-segundo-safra\/","title":{"rendered":"A\u00e7\u00f5es da Usiminas podem subir at\u00e9 39%, segundo o Safra"},"content":{"rendered":"<p>O <strong>Banco Safra<\/strong> divulgou, nesta sexta-feira (26), um relat\u00f3rio operacional sobre a\u00a0<a href=\"https:\/\/www.suno.com.br\/noticias\/lucro-usiminas-recua-1t19\/\">Usiminas<\/a> (USIM5). O documento \u00e9 referente os resultados do segundo trimestre de 2019, e indica que as a\u00e7\u00f5es da empresa poderiam subir at\u00e9 39% este ano.<\/p>\t<div class=\"wrapper-featured-image\">\n\t\t<figure class=\"spotlightImg\">\n\n\t\t\t<picture>\n\t\t\t\t<source media=\"(max-width: 768px)\" srcset=\"https:\/\/files.sunoresearch.com.br\/n\/uploads\/2019\/04\/1cbb0b22-usiminas-400x200.webp\">\n\t\t\t\t<img loading=\"lazy\" decoding=\"async\" class=\"newsContent__article__imgCapa lazyloadDisabled newsContent__article__imgCapa--noCaption\" src=\"https:\/\/files.sunoresearch.com.br\/n\/uploads\/2019\/04\/1cbb0b22-usiminas-800x450.webp\" width=\"800\" height=\"450\" alt=\"A\u00e7\u00f5es da Usiminas podem subir at\u00e9 39%, segundo o Safra\" fetchpriority=high \/>\n\t\t\t<\/picture>\n\n\t\t\t<figcaption class=\"wp-caption-text wp-caption-text--hide\">Usiminas (USIM5): desempenho fraco no 2T23 levam a\u00e7\u00f5es desabarem no Ibovespa.Foto: Divulga\u00e7\u00e3o<\/figcaption>\n\t\t<\/figure>\n\t<\/div>\n\n\n\n<p>Segundo o <strong>Safra,<\/strong> a gigante do ramo sider\u00fargico \u201cpostou resultados acima das estimativas e do consenso do mercado\u201d. Entretanto, o banco apontou ressalvas em rela\u00e7\u00e3o a <strong>Usiminas <\/strong>dizendo que \u201ca companhia ainda est\u00e1 lutando na divis\u00e3o de a\u00e7o\u201d, apesar da melhora \u201cnos pre\u00e7os e no volume de envios\u201d.<\/p>\n<p><a href=\"https:\/\/www.suno.com.br\/noticias\/lucro-usiminas-recua-1t19\/\">Saiba mais: Lucro l\u00edquido da Usiminas recua 51,6% no primeiro trimestre de 2019\u00a0<\/a><\/p>\n<p>Para o analista Gustavo Sadka, a receita l\u00edquida de R$ 3,69 bilh\u00f5es foi 3,6% superior \u00e1s proje\u00e7\u00f5es anteriores. Como resultado, o <strong><a href=\"https:\/\/www.suno.com.br\/artigos\/o-que-e-ebitda\/\">Ebitda<\/a><\/strong>\u00a0ficou 8,3% acima das expectativas.<\/p>\n<p>O Banco <strong>Safra<\/strong> colocou a companhia sider\u00fargica na lista de recomenda\u00e7\u00e3o <strong><a href=\"https:\/\/www.suno.com.br\/artigos\/outperform\/\">outperform<\/a>, <\/strong>com pre\u00e7o-alvo de R$ 12,10 para 2019 \u2013 upside de 39,1% em rela\u00e7\u00e3o ao \u00faltimo fechamento.<\/p>\n<h2>Usiminas registra lucro liquido de 170 milh\u00f5es<\/h2>\n<p>Uma das maiores mineradoras da <strong>Am\u00e9rica Latina<\/strong>, <strong>Usiminas<\/strong>, divulgou seu balan\u00e7o do segundo trimestre deste ano. A mineradora registrou um lucro l\u00edquido de R$ 171 milh\u00f5es.<\/p>\n\t<p>\n\t\t<a href=\"https:\/\/lp.suno.com.br\/planilha-da-vida-financeira\/\" target=\"_blank\" data-element=\"shortcode-suno-banner\" title=\"Banner SUNO, clique e saiba mais\">\n\t\t\t<picture>\n\t\t\t\t<source media=\"(max-width: 500px)\" srcset=\"https:\/\/files.sunoresearch.com.br\/n\/uploads\/2023\/04\/400x300-Planilha-vida-financeira-true.png\">\n\t\t\t\t<img class=\"newsContent__article__imgCapa newsContent__article__imgCapa--banner\"\n\t\t\t\t\tsrc=\"https:\/\/files.sunoresearch.com.br\/n\/uploads\/2023\/04\/1420x240-Planilha-vida-financeira-true.png\"\n\t\t\t\t\tdata-promo-id=\"106682\"\t\t\t\t\t\t\t\t\t\twidth='1420' height='240'\t\t\t\t\talt=\"https:\/\/files.sunoresearch.com.br\/n\/uploads\/2023\/04\/1420x240-Planilha-vida-financeira-true.png\"\n\t\t\t\t>\n\t\t\t<\/picture>\n\t\t<\/a>\n\t<\/p>\n\n\n<p>A <strong>Usiminas<\/strong> havia registrado um preju\u00edzo de R$ 19 milh\u00f5es no mesmo per\u00edodo no ano anterior. \u201cIndicadores recentes da atividade econ\u00f4mica apontam ritmo bem abaixo do esperado para este in\u00edcio de ano. <span style=\"font-size: 1.21429rem;\">N\u00e3o obstante, a economia brasileira segue em processo de recupera\u00e7\u00e3o gradual\u201d, informou a empresa <\/span><span style=\"font-size: 1.21429rem;\">em seu comunicado. <\/span><\/p>\n<p><span style=\"font-size: 1.21429rem;\">Segundo a Usiminas, \u201ca utiliza\u00e7\u00e3o de capacidade da <\/span><strong style=\"font-size: 1.21429rem;\">ind\u00fastria<\/strong><span style=\"font-size: 1.21429rem;\">, por exemplo, subiu por dois meses seguidos, abril e maio, e alcan\u00e7ou o maior patamar desde agosto do ano passado\u201d.<\/span><\/p>\n<p><a href=\"https:\/\/www.suno.com.br\/noticias\/usiminas-lucro-liquido-balanco\/\">Saiba mais: Usiminas registra lucro l\u00edquido de R$ 171 milh\u00f5es no 2T19\u00a0<\/a><\/p>\n<p>A Receita L\u00edquida da <strong>Usiminas<\/strong> teve um crescimento de 15%. Em 2018, a receita registrou R$ 3.204 milh\u00f5es, este ano ficou em R$ 3.694 milh\u00f5es. O <strong>EBITDA<\/strong> alcan\u00e7ou a R$570 milh\u00f5es contra R$ 497 milh\u00f5es do ano anterior. Esse valor \u00e9 equivalente a um aumento em 15%. Por sua vez, o EBITDA ajustado teve um aumento de 11%, esse valor \u00e9 de R$ 576 milh\u00f5es.<\/p>\n","protected":false},"excerpt":{"rendered":"<p>O Banco Safra divulgou, nesta sexta-feira (26), um relat\u00f3rio operacional sobre a\u00a0Usiminas (USIM5). O documento \u00e9 referente os resultados do segundo trimestre de 2019, e indica que as a\u00e7\u00f5es da empresa poderiam subir at\u00e9 39% este ano. Usiminas (USIM5): desempenho fraco no 2T23 levam a\u00e7\u00f5es desabarem no Ibovespa.Foto: Divulga\u00e7\u00e3o Segundo o Safra, a gigante do [&hellip;]<\/p>\n","protected":false},"author":9,"featured_media":21546,"comment_status":"closed","ping_status":"closed","sticky":false,"template":"","format":"standard","meta":[],"categories":[64],"tags":[1518,1607,675],"suno_strategy":[],"class_list":["post-32380","post","type-post","status-publish","format-standard","has-post-thumbnail","hentry","category-negocios","tag-banco-safra","tag-resultado-das-empresas","tag-usiminas"],"yoast_head":"<!-- This site is optimized with the Yoast SEO plugin v24.4 - https:\/\/yoast.com\/wordpress\/plugins\/seo\/ -->\n<title>A\u00e7\u00f5es da Usiminas podem subir at\u00e9 39%, segundo o Safra<\/title>\n<meta name=\"description\" content=\"O Banco Safra divulgou um relat\u00f3rio sobre a\u00a0Usiminas indicando que as a\u00e7\u00f5es poderiam subir at\u00e9 39% este ano. Clique aqui e saiba mais.\" \/>\n<meta name=\"robots\" content=\"index, follow, max-snippet:-1, max-image-preview:large, max-video-preview:-1\" \/>\n<link rel=\"canonical\" href=\"https:\/\/www.suno.com.br\/noticias\/acoes-da-usiminas-podem-subir-ate-36-segundo-safra\/\" \/>\n<meta property=\"og:locale\" content=\"pt_BR\" \/>\n<meta property=\"og:type\" content=\"article\" \/>\n<meta property=\"og:title\" content=\"A\u00e7\u00f5es da Usiminas podem subir at\u00e9 39%, segundo o Safra\" \/>\n<meta property=\"og:description\" content=\"O Banco Safra divulgou um relat\u00f3rio sobre a\u00a0Usiminas indicando que as a\u00e7\u00f5es poderiam subir at\u00e9 39% este ano. Clique aqui e saiba mais.\" \/>\n<meta property=\"og:url\" content=\"https:\/\/www.suno.com.br\/noticias\/acoes-da-usiminas-podem-subir-ate-36-segundo-safra\/\" \/>\n<meta property=\"og:site_name\" content=\"Suno Not\u00edcias\" \/>\n<meta property=\"article:publisher\" content=\"https:\/\/facebook.com\/sunoresearch\" \/>\n<meta property=\"og:image\" content=\"https:\/\/files.sunoresearch.com.br\/n\/uploads\/2019\/04\/1cbb0b22-usiminas.jpg\" \/>\n\t<meta property=\"og:image:width\" content=\"1466\" \/>\n\t<meta property=\"og:image:height\" content=\"800\" \/>\n\t<meta property=\"og:image:type\" content=\"image\/jpeg\" \/>\n<meta name=\"author\" content=\"Carlo Cauti\" \/>\n<meta name=\"twitter:card\" content=\"summary_large_image\" \/>\n<meta name=\"twitter:creator\" content=\"@sunoresearch\" \/>\n<meta name=\"twitter:site\" content=\"@sunoresearch\" \/>\n<meta name=\"twitter:label1\" content=\"Escrito por\" \/>\n\t<meta name=\"twitter:data1\" content=\"Carlo Cauti\" \/>\n\t<meta name=\"twitter:label2\" content=\"Est. tempo de leitura\" \/>\n\t<meta name=\"twitter:data2\" content=\"2 minutos\" \/>\n<script type=\"application\/ld+json\" class=\"yoast-schema-graph\">{\"@context\":\"https:\/\/schema.org\",\"@graph\":[{\"@type\":\"NewsArticle\",\"@id\":\"https:\/\/www.suno.com.br\/noticias\/acoes-da-usiminas-podem-subir-ate-36-segundo-safra\/#article\",\"isPartOf\":{\"@id\":\"https:\/\/www.suno.com.br\/noticias\/acoes-da-usiminas-podem-subir-ate-36-segundo-safra\/\"},\"author\":{\"name\":\"Carlo Cauti\",\"@id\":\"https:\/\/www.suno.com.br\/noticias\/#\/schema\/person\/e6e0f723cc177805027f4566c1d5e0c8\"},\"headline\":\"A\u00e7\u00f5es da Usiminas podem subir at\u00e9 39%, segundo o Safra\",\"datePublished\":\"2019-07-27T00:06:39+00:00\",\"dateModified\":\"2021-06-21T09:22:13+00:00\",\"mainEntityOfPage\":{\"@id\":\"https:\/\/www.suno.com.br\/noticias\/acoes-da-usiminas-podem-subir-ate-36-segundo-safra\/\"},\"wordCount\":369,\"publisher\":{\"@id\":\"https:\/\/www.suno.com.br\/noticias\/#organization\"},\"image\":{\"@id\":\"https:\/\/www.suno.com.br\/noticias\/acoes-da-usiminas-podem-subir-ate-36-segundo-safra\/#primaryimage\"},\"thumbnailUrl\":\"https:\/\/files.sunoresearch.com.br\/n\/uploads\/2019\/04\/1cbb0b22-usiminas-jpg.webp\",\"keywords\":[\"Banco Safra\",\"Resultado das empresas\",\"Usiminas\"],\"articleSection\":[\"Neg\u00f3cios\"],\"inLanguage\":\"pt-BR\"},{\"@type\":\"WebPage\",\"@id\":\"https:\/\/www.suno.com.br\/noticias\/acoes-da-usiminas-podem-subir-ate-36-segundo-safra\/\",\"url\":\"https:\/\/www.suno.com.br\/noticias\/acoes-da-usiminas-podem-subir-ate-36-segundo-safra\/\",\"name\":\"A\u00e7\u00f5es da Usiminas podem subir at\u00e9 39%, segundo o Safra\",\"isPartOf\":{\"@id\":\"https:\/\/www.suno.com.br\/noticias\/#website\"},\"primaryImageOfPage\":{\"@id\":\"https:\/\/www.suno.com.br\/noticias\/acoes-da-usiminas-podem-subir-ate-36-segundo-safra\/#primaryimage\"},\"image\":{\"@id\":\"https:\/\/www.suno.com.br\/noticias\/acoes-da-usiminas-podem-subir-ate-36-segundo-safra\/#primaryimage\"},\"thumbnailUrl\":\"https:\/\/files.sunoresearch.com.br\/n\/uploads\/2019\/04\/1cbb0b22-usiminas-jpg.webp\",\"datePublished\":\"2019-07-27T00:06:39+00:00\",\"dateModified\":\"2021-06-21T09:22:13+00:00\",\"description\":\"O Banco Safra divulgou um relat\u00f3rio sobre a\u00a0Usiminas indicando que as a\u00e7\u00f5es poderiam subir at\u00e9 39% este ano. Clique aqui e saiba mais.\",\"breadcrumb\":{\"@id\":\"https:\/\/www.suno.com.br\/noticias\/acoes-da-usiminas-podem-subir-ate-36-segundo-safra\/#breadcrumb\"},\"inLanguage\":\"pt-BR\",\"potentialAction\":[{\"@type\":\"ReadAction\",\"target\":[\"https:\/\/www.suno.com.br\/noticias\/acoes-da-usiminas-podem-subir-ate-36-segundo-safra\/\"]}]},{\"@type\":\"ImageObject\",\"inLanguage\":\"pt-BR\",\"@id\":\"https:\/\/www.suno.com.br\/noticias\/acoes-da-usiminas-podem-subir-ate-36-segundo-safra\/#primaryimage\",\"url\":\"https:\/\/files.sunoresearch.com.br\/n\/uploads\/2019\/04\/1cbb0b22-usiminas-jpg.webp\",\"contentUrl\":\"https:\/\/files.sunoresearch.com.br\/n\/uploads\/2019\/04\/1cbb0b22-usiminas-jpg.webp\",\"width\":1466,\"height\":800,\"caption\":\"Usiminas (USIM5): desempenho fraco no 2T23 levam a\u00e7\u00f5es desabarem no Ibovespa.Foto: Divulga\u00e7\u00e3o\"},{\"@type\":\"BreadcrumbList\",\"@id\":\"https:\/\/www.suno.com.br\/noticias\/acoes-da-usiminas-podem-subir-ate-36-segundo-safra\/#breadcrumb\",\"itemListElement\":[{\"@type\":\"ListItem\",\"position\":1,\"name\":\"Not\u00edcias\",\"item\":\"https:\/\/www.suno.com.br\/noticias\/\"},{\"@type\":\"ListItem\",\"position\":2,\"name\":\"Neg\u00f3cios\",\"item\":\"https:\/\/www.suno.com.br\/noticias\/negocios\/\"},{\"@type\":\"ListItem\",\"position\":3,\"name\":\"A\u00e7\u00f5es da Usiminas podem subir at\u00e9 39%, segundo o Safra\"}]},{\"@type\":\"WebSite\",\"@id\":\"https:\/\/www.suno.com.br\/noticias\/#website\",\"url\":\"https:\/\/www.suno.com.br\/noticias\/\",\"name\":\"Suno Not\u00edcias\",\"description\":\"Seu portal de informa\u00e7\u00e3o sobre o mundo dos investimentos\",\"publisher\":{\"@id\":\"https:\/\/www.suno.com.br\/noticias\/#organization\"},\"potentialAction\":[{\"@type\":\"SearchAction\",\"target\":{\"@type\":\"EntryPoint\",\"urlTemplate\":\"https:\/\/www.suno.com.br\/noticias\/?s={search_term_string}\"},\"query-input\":{\"@type\":\"PropertyValueSpecification\",\"valueRequired\":true,\"valueName\":\"search_term_string\"}}],\"inLanguage\":\"pt-BR\"},{\"@type\":\"Organization\",\"@id\":\"https:\/\/www.suno.com.br\/noticias\/#organization\",\"name\":\"Suno Not\u00edcias\",\"url\":\"https:\/\/www.suno.com.br\/noticias\/\",\"logo\":{\"@type\":\"ImageObject\",\"inLanguage\":\"pt-BR\",\"@id\":\"https:\/\/www.suno.com.br\/noticias\/#\/schema\/logo\/image\/\",\"url\":\"https:\/\/files.sunoresearch.com.br\/n\/uploads\/2021\/09\/suno-logo.png\",\"contentUrl\":\"https:\/\/files.sunoresearch.com.br\/n\/uploads\/2021\/09\/suno-logo.png\",\"width\":180,\"height\":180,\"caption\":\"Suno Not\u00edcias\"},\"image\":{\"@id\":\"https:\/\/www.suno.com.br\/noticias\/#\/schema\/logo\/image\/\"},\"sameAs\":[\"https:\/\/facebook.com\/sunoresearch\",\"https:\/\/x.com\/sunoresearch\",\"https:\/\/www.instagram.com\/suno\",\"https:\/\/www.linkedin.com\/company\/suno-research\/\",\"https:\/\/www.youtube.com\/c\/sunoresearch\"]},{\"@type\":\"Person\",\"@id\":\"https:\/\/www.suno.com.br\/noticias\/#\/schema\/person\/e6e0f723cc177805027f4566c1d5e0c8\",\"name\":\"Carlo Cauti\",\"image\":{\"@type\":\"ImageObject\",\"inLanguage\":\"pt-BR\",\"@id\":\"https:\/\/www.suno.com.br\/noticias\/#\/schema\/person\/image\/\",\"url\":\"https:\/\/secure.gravatar.com\/avatar\/3ada9e0bd164c23abd4792a9606d583c?s=96&r=g\",\"contentUrl\":\"https:\/\/secure.gravatar.com\/avatar\/3ada9e0bd164c23abd4792a9606d583c?s=96&r=g\",\"caption\":\"Carlo Cauti\"},\"description\":\"Editor multim\u00eddia do SUNO Not\u00edcias. Italiano, formado em Ci\u00eancias Pol\u00edticas pela universidade LUISS G. Carli de Roma e mestre cum laude em Rela\u00e7\u00f5es Internacionais, Jornalismo Internacional e de Guerra e em Economia Internacional. Concluiu tamb\u00e9m um MBA em Finan\u00e7as na B3. No Brasil, teve passagem por ve\u00edculos como Estad\u00e3o, Globo, Veja e EXAME. e nas ag\u00eancias de not\u00edcias italianas ANSA e NOVA.\",\"url\":\"https:\/\/www.suno.com.br\/noticias\/author\/carlo-cauti\/\"}]}<\/script>\n<!-- \/ Yoast SEO plugin. -->","yoast_head_json":{"title":"A\u00e7\u00f5es da Usiminas podem subir at\u00e9 39%, segundo o Safra","description":"O Banco Safra divulgou um relat\u00f3rio sobre a\u00a0Usiminas indicando que as a\u00e7\u00f5es poderiam subir at\u00e9 39% este ano. Clique aqui e saiba mais.","robots":{"index":"index","follow":"follow","max-snippet":"max-snippet:-1","max-image-preview":"max-image-preview:large","max-video-preview":"max-video-preview:-1"},"canonical":"https:\/\/www.suno.com.br\/noticias\/acoes-da-usiminas-podem-subir-ate-36-segundo-safra\/","og_locale":"pt_BR","og_type":"article","og_title":"A\u00e7\u00f5es da Usiminas podem subir at\u00e9 39%, segundo o Safra","og_description":"O Banco Safra divulgou um relat\u00f3rio sobre a\u00a0Usiminas indicando que as a\u00e7\u00f5es poderiam subir at\u00e9 39% este ano. Clique aqui e saiba mais.","og_url":"https:\/\/www.suno.com.br\/noticias\/acoes-da-usiminas-podem-subir-ate-36-segundo-safra\/","og_site_name":"Suno Not\u00edcias","article_publisher":"https:\/\/facebook.com\/sunoresearch","og_image":[{"width":1466,"height":800,"url":"https:\/\/files.sunoresearch.com.br\/n\/uploads\/2019\/04\/1cbb0b22-usiminas.jpg","type":"image\/jpeg"}],"author":"Carlo Cauti","twitter_card":"summary_large_image","twitter_creator":"@sunoresearch","twitter_site":"@sunoresearch","twitter_misc":{"Escrito por":"Carlo Cauti","Est. tempo de leitura":"2 minutos"},"schema":{"@context":"https:\/\/schema.org","@graph":[{"@type":"NewsArticle","@id":"https:\/\/www.suno.com.br\/noticias\/acoes-da-usiminas-podem-subir-ate-36-segundo-safra\/#article","isPartOf":{"@id":"https:\/\/www.suno.com.br\/noticias\/acoes-da-usiminas-podem-subir-ate-36-segundo-safra\/"},"author":{"name":"Carlo Cauti","@id":"https:\/\/www.suno.com.br\/noticias\/#\/schema\/person\/e6e0f723cc177805027f4566c1d5e0c8"},"headline":"A\u00e7\u00f5es da Usiminas podem subir at\u00e9 39%, segundo o Safra","datePublished":"2019-07-27T00:06:39+00:00","dateModified":"2021-06-21T09:22:13+00:00","mainEntityOfPage":{"@id":"https:\/\/www.suno.com.br\/noticias\/acoes-da-usiminas-podem-subir-ate-36-segundo-safra\/"},"wordCount":369,"publisher":{"@id":"https:\/\/www.suno.com.br\/noticias\/#organization"},"image":{"@id":"https:\/\/www.suno.com.br\/noticias\/acoes-da-usiminas-podem-subir-ate-36-segundo-safra\/#primaryimage"},"thumbnailUrl":"https:\/\/files.sunoresearch.com.br\/n\/uploads\/2019\/04\/1cbb0b22-usiminas-jpg.webp","keywords":["Banco Safra","Resultado das empresas","Usiminas"],"articleSection":["Neg\u00f3cios"],"inLanguage":"pt-BR"},{"@type":"WebPage","@id":"https:\/\/www.suno.com.br\/noticias\/acoes-da-usiminas-podem-subir-ate-36-segundo-safra\/","url":"https:\/\/www.suno.com.br\/noticias\/acoes-da-usiminas-podem-subir-ate-36-segundo-safra\/","name":"A\u00e7\u00f5es da Usiminas podem subir at\u00e9 39%, segundo o Safra","isPartOf":{"@id":"https:\/\/www.suno.com.br\/noticias\/#website"},"primaryImageOfPage":{"@id":"https:\/\/www.suno.com.br\/noticias\/acoes-da-usiminas-podem-subir-ate-36-segundo-safra\/#primaryimage"},"image":{"@id":"https:\/\/www.suno.com.br\/noticias\/acoes-da-usiminas-podem-subir-ate-36-segundo-safra\/#primaryimage"},"thumbnailUrl":"https:\/\/files.sunoresearch.com.br\/n\/uploads\/2019\/04\/1cbb0b22-usiminas-jpg.webp","datePublished":"2019-07-27T00:06:39+00:00","dateModified":"2021-06-21T09:22:13+00:00","description":"O Banco Safra divulgou um relat\u00f3rio sobre a\u00a0Usiminas indicando que as a\u00e7\u00f5es poderiam subir at\u00e9 39% este ano. Clique aqui e saiba mais.","breadcrumb":{"@id":"https:\/\/www.suno.com.br\/noticias\/acoes-da-usiminas-podem-subir-ate-36-segundo-safra\/#breadcrumb"},"inLanguage":"pt-BR","potentialAction":[{"@type":"ReadAction","target":["https:\/\/www.suno.com.br\/noticias\/acoes-da-usiminas-podem-subir-ate-36-segundo-safra\/"]}]},{"@type":"ImageObject","inLanguage":"pt-BR","@id":"https:\/\/www.suno.com.br\/noticias\/acoes-da-usiminas-podem-subir-ate-36-segundo-safra\/#primaryimage","url":"https:\/\/files.sunoresearch.com.br\/n\/uploads\/2019\/04\/1cbb0b22-usiminas-jpg.webp","contentUrl":"https:\/\/files.sunoresearch.com.br\/n\/uploads\/2019\/04\/1cbb0b22-usiminas-jpg.webp","width":1466,"height":800,"caption":"Usiminas (USIM5): desempenho fraco no 2T23 levam a\u00e7\u00f5es desabarem no Ibovespa.Foto: Divulga\u00e7\u00e3o"},{"@type":"BreadcrumbList","@id":"https:\/\/www.suno.com.br\/noticias\/acoes-da-usiminas-podem-subir-ate-36-segundo-safra\/#breadcrumb","itemListElement":[{"@type":"ListItem","position":1,"name":"Not\u00edcias","item":"https:\/\/www.suno.com.br\/noticias\/"},{"@type":"ListItem","position":2,"name":"Neg\u00f3cios","item":"https:\/\/www.suno.com.br\/noticias\/negocios\/"},{"@type":"ListItem","position":3,"name":"A\u00e7\u00f5es da Usiminas podem subir at\u00e9 39%, segundo o Safra"}]},{"@type":"WebSite","@id":"https:\/\/www.suno.com.br\/noticias\/#website","url":"https:\/\/www.suno.com.br\/noticias\/","name":"Suno Not\u00edcias","description":"Seu portal de informa\u00e7\u00e3o sobre o mundo dos investimentos","publisher":{"@id":"https:\/\/www.suno.com.br\/noticias\/#organization"},"potentialAction":[{"@type":"SearchAction","target":{"@type":"EntryPoint","urlTemplate":"https:\/\/www.suno.com.br\/noticias\/?s={search_term_string}"},"query-input":{"@type":"PropertyValueSpecification","valueRequired":true,"valueName":"search_term_string"}}],"inLanguage":"pt-BR"},{"@type":"Organization","@id":"https:\/\/www.suno.com.br\/noticias\/#organization","name":"Suno Not\u00edcias","url":"https:\/\/www.suno.com.br\/noticias\/","logo":{"@type":"ImageObject","inLanguage":"pt-BR","@id":"https:\/\/www.suno.com.br\/noticias\/#\/schema\/logo\/image\/","url":"https:\/\/files.sunoresearch.com.br\/n\/uploads\/2021\/09\/suno-logo.png","contentUrl":"https:\/\/files.sunoresearch.com.br\/n\/uploads\/2021\/09\/suno-logo.png","width":180,"height":180,"caption":"Suno Not\u00edcias"},"image":{"@id":"https:\/\/www.suno.com.br\/noticias\/#\/schema\/logo\/image\/"},"sameAs":["https:\/\/facebook.com\/sunoresearch","https:\/\/x.com\/sunoresearch","https:\/\/www.instagram.com\/suno","https:\/\/www.linkedin.com\/company\/suno-research\/","https:\/\/www.youtube.com\/c\/sunoresearch"]},{"@type":"Person","@id":"https:\/\/www.suno.com.br\/noticias\/#\/schema\/person\/e6e0f723cc177805027f4566c1d5e0c8","name":"Carlo Cauti","image":{"@type":"ImageObject","inLanguage":"pt-BR","@id":"https:\/\/www.suno.com.br\/noticias\/#\/schema\/person\/image\/","url":"https:\/\/secure.gravatar.com\/avatar\/3ada9e0bd164c23abd4792a9606d583c?s=96&r=g","contentUrl":"https:\/\/secure.gravatar.com\/avatar\/3ada9e0bd164c23abd4792a9606d583c?s=96&r=g","caption":"Carlo Cauti"},"description":"Editor multim\u00eddia do SUNO Not\u00edcias. Italiano, formado em Ci\u00eancias Pol\u00edticas pela universidade LUISS G. Carli de Roma e mestre cum laude em Rela\u00e7\u00f5es Internacionais, Jornalismo Internacional e de Guerra e em Economia Internacional. Concluiu tamb\u00e9m um MBA em Finan\u00e7as na B3. No Brasil, teve passagem por ve\u00edculos como Estad\u00e3o, Globo, Veja e EXAME. e nas ag\u00eancias de not\u00edcias italianas ANSA e NOVA.","url":"https:\/\/www.suno.com.br\/noticias\/author\/carlo-cauti\/"}]}},"default_loop_html":"<div class=\"cardsPage__listCard__boxs\"><div class=\"cardsPage__listCard__boxs__img\"><a href=\"https:\/\/www.suno.com.br\/noticias\/acoes-da-usiminas-podem-subir-ate-36-segundo-safra\/\"><img class=\"mask\" src=\"https:\/\/www.suno.com.br\/noticias\/wp-content\/themes\/suno\/resources\/images\/spotlight\/spotlight1img\/bg-mask.png\" alt=\"Image Mask\"\/><img src=\"https:\/\/files.sunoresearch.com.br\/n\/uploads\/2019\/04\/1cbb0b22-usiminas-400x200.webp\" alt=\"A\u00e7\u00f5es da Usiminas podem subir at\u00e9 39%, segundo o Safra\"\/><\/a><span class=\"spotlightCategory\"><a href=\"https:\/\/www.suno.com.br\/noticias\/negocios\/\">Neg\u00f3cios<\/a><\/span><\/div><div class=\"cardsPage__listCard__boxs__content\"><a href=\"https:\/\/www.suno.com.br\/noticias\/acoes-da-usiminas-podem-subir-ate-36-segundo-safra\/\"><h2 class=\"content__title\">A\u00e7\u00f5es da Usiminas podem subir at\u00e9 39%, segundo o Safra<\/h2><\/a><div class=\"newsContent__article__meta\"><div class=\"newsContent__article__meta__authorBox\"><a href=\"https:\/\/www.suno.com.br\/noticias\/author\/carlo-cauti\/\" class=\"authorBox__avatar noMobi\"><img src=\"https:\/\/files.sunoresearch.com.br\/n\/uploads\/2020\/08\/e3745f9a-perfil-carlo-cauti-150x150.webp\" alt=\"Carlo Cauti\"><\/a><div class=\"authorBox__name\"><span>por\n\t\t\t<a href=\"https:\/\/www.suno.com.br\/noticias\/author\/carlo-cauti\/\"><span itemprop=\"author\">Carlo Cauti<\/span><\/a><\/span><time datetime=\"2019-07-26T21:06:39-03:00\" itemprop=\"datePublished\">26\/07\/2019 21:06<\/time><\/div><\/div><\/div><\/div><\/div>","single_layout":"posts","amp_enabled":true,"_links":{"self":[{"href":"https:\/\/www.suno.com.br\/noticias\/wp-json\/wp\/v2\/posts\/32380"}],"collection":[{"href":"https:\/\/www.suno.com.br\/noticias\/wp-json\/wp\/v2\/posts"}],"about":[{"href":"https:\/\/www.suno.com.br\/noticias\/wp-json\/wp\/v2\/types\/post"}],"author":[{"embeddable":true,"href":"https:\/\/www.suno.com.br\/noticias\/wp-json\/wp\/v2\/users\/9"}],"replies":[{"embeddable":true,"href":"https:\/\/www.suno.com.br\/noticias\/wp-json\/wp\/v2\/comments?post=32380"}],"version-history":[{"count":1,"href":"https:\/\/www.suno.com.br\/noticias\/wp-json\/wp\/v2\/posts\/32380\/revisions"}],"predecessor-version":[{"id":159787,"href":"https:\/\/www.suno.com.br\/noticias\/wp-json\/wp\/v2\/posts\/32380\/revisions\/159787"}],"wp:featuredmedia":[{"embeddable":true,"href":"https:\/\/www.suno.com.br\/noticias\/wp-json\/wp\/v2\/media\/21546"}],"wp:attachment":[{"href":"https:\/\/www.suno.com.br\/noticias\/wp-json\/wp\/v2\/media?parent=32380"}],"wp:term":[{"taxonomy":"category","embeddable":true,"href":"https:\/\/www.suno.com.br\/noticias\/wp-json\/wp\/v2\/categories?post=32380"},{"taxonomy":"post_tag","embeddable":true,"href":"https:\/\/www.suno.com.br\/noticias\/wp-json\/wp\/v2\/tags?post=32380"},{"taxonomy":"suno_strategy","embeddable":true,"href":"https:\/\/www.suno.com.br\/noticias\/wp-json\/wp\/v2\/suno_strategy?post=32380"}],"curies":[{"name":"wp","href":"https:\/\/api.w.org\/{rel}","templated":true}]}}