{"id":323615,"date":"2022-11-25T09:49:47","date_gmt":"2022-11-25T12:49:47","guid":{"rendered":"https:\/\/www.suno.com.br\/noticias\/?p=323615"},"modified":"2022-11-25T09:49:52","modified_gmt":"2022-11-25T12:49:52","slug":"oi-oibr3-divida-emprestimo","status":"publish","type":"post","link":"https:\/\/www.suno.com.br\/noticias\/oi-oibr3-divida-emprestimo\/","title":{"rendered":"Oi (OIBR3) estuda pegar mais um empr\u00e9stimo para pagar d\u00edvida bilion\u00e1ria"},"content":{"rendered":"<p>Em um novo cap\u00edtulo do processo de <a class=\"suno-keyword\" data-force=\"no\" data-priority=\"2\" href=\"https:\/\/www.suno.com.br\/artigos\/recuperacao-judicial\/\" target=\"_blank\" rel=\"noopener\">recupera\u00e7\u00e3o judicial<\/a> da <strong>Oi (OIBR3)<\/strong>, a companhia come\u00e7ou a estudar a possibilidade de pegar mais um empr\u00e9stimo para conseguir pagar seus credores. <\/p>\t<div class=\"wrapper-featured-image\">\n\t\t<figure class=\"spotlightImg\">\n\n\t\t\t<picture>\n\t\t\t\t<source media=\"(max-width: 768px)\" srcset=\"https:\/\/files.sunoresearch.com.br\/n\/uploads\/2022\/11\/oi-oibr3-recuperacao-judicial-foto-rafael-henrique-getty-images-400x200.jpg\">\n\t\t\t\t<img loading=\"lazy\" decoding=\"async\" class=\"newsContent__article__imgCapa lazyloadDisabled \" src=\"https:\/\/files.sunoresearch.com.br\/n\/uploads\/2022\/11\/oi-oibr3-recuperacao-judicial-foto-rafael-henrique-getty-images-800x450.jpg\" width=\"800\" height=\"450\" alt=\"Oi (OIBR3) estuda pegar mais um empr\u00e9stimo para pagar d\u00edvida bilion\u00e1ria\" fetchpriority=high \/>\n\t\t\t<\/picture>\n\n\t\t\t<figcaption class=\"wp-caption-text wp-caption-text--show\">Oi (OIBR3). Foto: Rafael Henrique\/Getty Images<\/figcaption>\n\t\t<\/figure>\n\t<\/div>\n\n\n\n\n\n\t<p>\n\t\t<a href=\"https:\/\/lp2.suno.com.br\/cl\/black-friday-2025\/?utm_campaign=_SNCDF0E4858_\" target=\"_blank\" data-element=\"shortcode-suno-banner\" title=\"Banner SUNO, clique e saiba mais\">\n\t\t\t<picture>\n\t\t\t\t<source media=\"(max-width: 500px)\" srcset=\"https:\/\/files.sunoresearch.com.br\/n\/uploads\/2025\/10\/Artigos-e-Noticias-Banner-Home-artigos-01-Mobile_-400x300-1-png.webp\">\n\t\t\t\t<img class=\"newsContent__article__imgCapa newsContent__article__imgCapa--banner\"\n\t\t\t\t\tsrc=\"https:\/\/files.sunoresearch.com.br\/n\/uploads\/2025\/10\/Artigos-e-Noticias-Banner-Home-artigos-01-Desktop_-1420x240-1-png.webp\"\n\t\t\t\t\tdata-promo-id=\"311259\"\t\t\t\t\t\t\t\t\t\twidth='1420' height='240'\t\t\t\t\talt=\"https:\/\/files.sunoresearch.com.br\/n\/uploads\/2025\/10\/Artigos-e-Noticias-Banner-Home-artigos-01-Desktop_-1420x240-1-png.webp\"\n\t\t\t\t>\n\t\t\t<\/picture>\n\t\t<\/a>\n\t<\/p>\n\n\n\n\n\n<p>Com uma <a href=\"https:\/\/www.suno.com.br\/artigos\/divida-bruta\/\" target=\"_blank\" rel=\"noreferrer noopener\">d\u00edvida bruta<\/a> na ordem de R$ 22 bilh\u00f5es, o suporte banc\u00e1rio usaria como garantia as a\u00e7\u00f5es da empresa na<strong> V.tal<\/strong>, neg\u00f3cio de infraestrutura de redes de fibra \u00f3tica visto como a &#8220;boia de salva\u00e7\u00e3o&#8221; da ex-gigante do setor de telecomunica\u00e7\u00e3o.<\/p>\n\n\n\n<p>Segundo informa\u00e7\u00f5es divulgadas pela Coluna do Broadcast, do Estad\u00e3o, a ideia do novo empr\u00e9stimo entrou no radar da <strong>recupera\u00e7\u00e3o judicial da Oi<\/strong> como parte do plano do reescalonamento de d\u00edvidas.<\/p>\n\n\n\n<p>Esses recursos seriam necess\u00e1rios para quitar os d\u00e9bitos com os credores que se recusarem a aderir a reestrutura\u00e7\u00e3o em andamento. Essa possibilidade de ajustes no pagamento e da tomada de novos recursos est\u00e3o previstos no plano de <a class=\"suno-keyword\" target=\"_blank\" data-force=\"no\" data-priority=\"2\" href=\"https:\/\/www.suno.com.br\/artigos\/recuperacao-judicial\/\" rel=\"noopener\">recupera\u00e7\u00e3o judicial<\/a> da companhia.<\/p>\n\n\n\n<p>Atualmente, a Oi conta com 38,5% das a\u00e7\u00f5es da V.Tal. O controle desse neg\u00f3cio foi vendido para o <a class=\"suno-keyword\" target=\"_blank\" data-force=\"yes\" data-priority=\"2\" href=\"https:\/\/www.suno.com.br\/acoes\/BPAC11\/\" rel=\"noopener\">BTG Pactual (BPAC11)<\/a>, que administra 61,5% da companhia de redes de fibra \u00f3tica por meio de fundos.<\/p>\n\n\n\n<p>De acordo com a publica\u00e7\u00e3o, o alto escal\u00e3o da Oi acredita que a V.tal \u00e9 um ativo valioso para o equacionamento da d\u00edvida e que pode ser a boia de salva\u00e7\u00e3o da ex-gigante das telecomunica\u00e7\u00f5es. Procurada pelo Estad\u00e3o, a empresa n\u00e3o comentou o caso.<\/p>\n\n\n\n<h2 class=\"wp-block-heading\" id=\"h-dividas-da-oi\">D\u00edvidas da Oi<\/h2>\n\n\n\n<p>A <strong>d\u00edvida da Oi<\/strong> \u00e9 da ordem de R$ 22 bilh\u00f5es e, nas \u00faltimas semanas, a empresa come\u00e7ou a conversar com os credores para ajustar esses pagamentos.<\/p>\n\n\n\t<p>\n\t\t<a href=\"https:\/\/lp.suno.com.br\/ebook-como-analisar-uma-acao\/\" target=\"_blank\" data-element=\"shortcode-suno-banner\" title=\"Banner SUNO, clique e saiba mais\">\n\t\t\t<picture>\n\t\t\t\t<source media=\"(max-width: 500px)\" srcset=\"https:\/\/files.sunoresearch.com.br\/n\/uploads\/2023\/12\/Ebook-Acoes-Mobile.jpg\">\n\t\t\t\t<img class=\"newsContent__article__imgCapa newsContent__article__imgCapa--banner\"\n\t\t\t\t\tsrc=\"https:\/\/files.sunoresearch.com.br\/n\/uploads\/2023\/12\/Ebook-Acoes-Desktop.webp\"\n\t\t\t\t\tdata-promo-id=\"311260\"\t\t\t\t\t\t\t\t\t\twidth='1420' height='286'\t\t\t\t\talt=\"https:\/\/files.sunoresearch.com.br\/n\/uploads\/2023\/12\/Ebook-Acoes-Desktop.webp\"\n\t\t\t\t>\n\t\t\t<\/picture>\n\t\t<\/a>\n\t<\/p>\n\n\n\n\n\n<p>A meta da Oi \u00e9 finalizar o plano de reescalonamento das d\u00edvidas at\u00e9 mar\u00e7o de 2023, antes que comecem os <a href=\"https:\/\/www.suno.com.br\/noticias\/oi-oibr-bancos-bloqueio-bens\/\" target=\"_blank\" rel=\"noreferrer noopener\">vencimentos de empr\u00e9stimos com bancos locais<\/a> e o pagamento de juros de t\u00edtulos negociados com credores internacionais.<\/p>\n\n\n\n<h2 class=\"wp-block-heading\">Oi X Bancos: Guerra judicial<\/h2>\n\n\n\n<p>Na semana passada, Caixa Econ\u00f4mica Federal, <a class=\"suno-keyword\" target=\"_blank\" data-force=\"yes\" data-priority=\"2\" href=\"https:\/\/www.suno.com.br\/acoes\/BBAS3\/\" rel=\"noopener\">Banco do Brasil (BBAS3)<\/a> e <a class=\"suno-keyword\" target=\"_blank\" data-force=\"yes\" data-priority=\"2\" href=\"https:\/\/www.suno.com.br\/acoes\/ITUB4\/\" rel=\"noopener\">Ita\u00fa (ITUB4)<\/a> pediram a prorroga\u00e7\u00e3o do processo de <a class=\"suno-keyword\" target=\"_blank\" data-force=\"no\" data-priority=\"2\" href=\"https:\/\/www.suno.com.br\/artigos\/recuperacao-judicial\/\" rel=\"noopener\">recupera\u00e7\u00e3o judicial<\/a> da companhia e o<strong> bloqueio dos bens<\/strong> para o pagamento da d\u00edvida de R$ 6,9 bilh\u00f5es. <\/p>\n\n\n\n<p>Na vis\u00e3o das <a class=\"suno-keyword\" target=\"_blank\" data-force=\"no\" data-priority=\"1\" href=\"https:\/\/www.suno.com.br\/artigos\/instituicoes-financeiras\/\" rel=\"noopener\">institui\u00e7\u00f5es financeiras<\/a>, a Oi estaria &#8220;maquiando&#8221; contas para driblar o pagamento da d\u00edvida, acusa\u00e7\u00e3o negada pela empresa. Por\u00e9m, na contram\u00e3o dessa iniciativa dos bancos, o Minist\u00e9rio P\u00fablico pediu que o processo de <a class=\"suno-keyword\" target=\"_blank\" data-force=\"no\" data-priority=\"2\" href=\"https:\/\/www.suno.com.br\/artigos\/recuperacao-judicial\/\" rel=\"noopener\">recupera\u00e7\u00e3o judicial<\/a> fosse encerrado. Para os promotores, a Oi cumpriu as obriga\u00e7\u00f5es previstas no acordo.<\/p>\n\n\n\n<p>Em comunicado \u00e0 Comiss\u00e3o de Valores Mobili\u00e1rios (CVM), a Oi argumentou que existem condi\u00e7\u00f5es no acordo de <a class=\"suno-keyword\" data-force=\"no\" data-priority=\"2\" href=\"https:\/\/www.suno.com.br\/artigos\/recuperacao-judicial\/\" target=\"_blank\" rel=\"noopener\">recupera\u00e7\u00e3o judicial<\/a> para que ela fa\u00e7a o pr\u00e9-pagamento de alguns credores, dentre eles os bancos, em at\u00e9 tr\u00eas rodadas, ap\u00f3s a aplica\u00e7\u00e3o de um desconto de 55%. <\/p>\n\n\n\n<p>No entanto, &#8220;at\u00e9 o momento, o que se pode constatar \u00e9 que n\u00e3o foram atendidas as condi\u00e7\u00f5es previstas para o pr\u00e9-pagamento com desconto mencionado&#8221;, segundo a <strong>Oi<\/strong>.<\/p>\n\n\n\t<p>\n\t\t<a href=\"https:\/\/lp.suno.com.br\/minicurso-investindo-fiis\/\" target=\"_blank\" data-element=\"shortcode-suno-banner\" title=\"Banner SUNO, clique e saiba mais\">\n\t\t\t<picture>\n\t\t\t\t<source media=\"(max-width: 500px)\" srcset=\"https:\/\/files.sunoresearch.com.br\/n\/uploads\/2023\/07\/400x300-Minicurso-FIIS.png\">\n\t\t\t\t<img class=\"newsContent__article__imgCapa newsContent__article__imgCapa--banner\"\n\t\t\t\t\tsrc=\"https:\/\/files.sunoresearch.com.br\/n\/uploads\/2023\/07\/1420x240-Minicurso-FIIS.png\"\n\t\t\t\t\tdata-promo-id=\"311935\"\t\t\t\t\t\t\t\t\t\twidth='1420' height='240'\t\t\t\t\talt=\"https:\/\/files.sunoresearch.com.br\/n\/uploads\/2023\/07\/1420x240-Minicurso-FIIS.png\"\n\t\t\t\t>\n\t\t\t<\/picture>\n\t\t<\/a>\n\t<\/p>\n\n\n","protected":false},"excerpt":{"rendered":"<p>Em um novo cap\u00edtulo do processo de recupera\u00e7\u00e3o judicial da Oi (OIBR3), a companhia come\u00e7ou a estudar a possibilidade de pegar mais um empr\u00e9stimo para conseguir pagar seus credores. Oi (OIBR3). Foto: Rafael Henrique\/Getty Images Com uma d\u00edvida bruta na ordem de R$ 22 bilh\u00f5es, o suporte banc\u00e1rio usaria como garantia as a\u00e7\u00f5es da empresa [&hellip;]<\/p>\n","protected":false},"author":232,"featured_media":323633,"comment_status":"closed","ping_status":"closed","sticky":false,"template":"","format":"standard","meta":[],"categories":[64],"tags":[584,314],"suno_strategy":[],"class_list":["post-323615","post","type-post","status-publish","format-standard","has-post-thumbnail","hentry","category-negocios","tag-oi-oibr3-oibr4","tag-recuperacao-judicial"],"yoast_head":"<!-- This site is optimized with the Yoast SEO plugin v24.4 - https:\/\/yoast.com\/wordpress\/plugins\/seo\/ -->\n<title>Oi (OIBR3) estuda pegar mais um empr\u00e9stimo para pagar d\u00edvida bilion\u00e1ria<\/title>\n<meta name=\"description\" content=\"A Oi (OIBR3) estuda pegar mais um empr\u00e9stimo para conseguir pagar sua d\u00edvida bilion\u00e1ria no mercado. Clique e saiba mais.\" \/>\n<meta name=\"robots\" content=\"index, follow, max-snippet:-1, max-image-preview:large, max-video-preview:-1\" \/>\n<link rel=\"canonical\" href=\"https:\/\/www.suno.com.br\/noticias\/oi-oibr3-divida-emprestimo\/\" \/>\n<meta property=\"og:locale\" content=\"pt_BR\" \/>\n<meta property=\"og:type\" content=\"article\" \/>\n<meta property=\"og:title\" content=\"Oi (OIBR3) estuda pegar mais um empr\u00e9stimo para pagar d\u00edvida bilion\u00e1ria\" \/>\n<meta property=\"og:description\" content=\"A Oi (OIBR3) estuda pegar mais um empr\u00e9stimo para conseguir pagar sua d\u00edvida bilion\u00e1ria no mercado. Clique e saiba mais.\" \/>\n<meta property=\"og:url\" content=\"https:\/\/www.suno.com.br\/noticias\/oi-oibr3-divida-emprestimo\/\" \/>\n<meta property=\"og:site_name\" content=\"Suno Not\u00edcias\" \/>\n<meta property=\"article:publisher\" content=\"https:\/\/facebook.com\/sunoresearch\" \/>\n<meta property=\"og:image\" content=\"https:\/\/files.sunoresearch.com.br\/n\/uploads\/2022\/11\/oi-oibr3-recuperacao-judicial-foto-rafael-henrique-getty-images.jpg\" \/>\n\t<meta property=\"og:image:width\" content=\"1200\" \/>\n\t<meta property=\"og:image:height\" content=\"675\" \/>\n\t<meta property=\"og:image:type\" content=\"image\/jpeg\" \/>\n<meta name=\"author\" content=\"Erick Matheus Nery\" \/>\n<meta name=\"twitter:card\" content=\"summary_large_image\" \/>\n<meta name=\"twitter:creator\" content=\"@sunoresearch\" \/>\n<meta name=\"twitter:site\" content=\"@sunoresearch\" \/>\n<meta name=\"twitter:label1\" content=\"Escrito por\" \/>\n\t<meta name=\"twitter:data1\" content=\"Erick Matheus Nery\" \/>\n\t<meta name=\"twitter:label2\" content=\"Est. tempo de leitura\" \/>\n\t<meta name=\"twitter:data2\" content=\"3 minutos\" \/>\n<script type=\"application\/ld+json\" class=\"yoast-schema-graph\">{\"@context\":\"https:\/\/schema.org\",\"@graph\":[{\"@type\":\"NewsArticle\",\"@id\":\"https:\/\/www.suno.com.br\/noticias\/oi-oibr3-divida-emprestimo\/#article\",\"isPartOf\":{\"@id\":\"https:\/\/www.suno.com.br\/noticias\/oi-oibr3-divida-emprestimo\/\"},\"author\":{\"name\":\"Erick Matheus Nery\",\"@id\":\"https:\/\/www.suno.com.br\/noticias\/#\/schema\/person\/6899bc3f19d1a7315f807131c2c013a0\"},\"headline\":\"Oi (OIBR3) estuda pegar mais um empr\u00e9stimo para pagar d\u00edvida bilion\u00e1ria\",\"datePublished\":\"2022-11-25T12:49:47+00:00\",\"dateModified\":\"2022-11-25T12:49:52+00:00\",\"mainEntityOfPage\":{\"@id\":\"https:\/\/www.suno.com.br\/noticias\/oi-oibr3-divida-emprestimo\/\"},\"wordCount\":530,\"publisher\":{\"@id\":\"https:\/\/www.suno.com.br\/noticias\/#organization\"},\"image\":{\"@id\":\"https:\/\/www.suno.com.br\/noticias\/oi-oibr3-divida-emprestimo\/#primaryimage\"},\"thumbnailUrl\":\"https:\/\/files.sunoresearch.com.br\/n\/uploads\/2022\/11\/oi-oibr3-recuperacao-judicial-foto-rafael-henrique-getty-images.jpg\",\"keywords\":[\"Oi (OIBR3\/OIBR4)\",\"recupera\u00e7\u00e3o judicial\"],\"articleSection\":[\"Neg\u00f3cios\"],\"inLanguage\":\"pt-BR\"},{\"@type\":\"WebPage\",\"@id\":\"https:\/\/www.suno.com.br\/noticias\/oi-oibr3-divida-emprestimo\/\",\"url\":\"https:\/\/www.suno.com.br\/noticias\/oi-oibr3-divida-emprestimo\/\",\"name\":\"Oi (OIBR3) estuda pegar mais um empr\u00e9stimo para pagar d\u00edvida bilion\u00e1ria\",\"isPartOf\":{\"@id\":\"https:\/\/www.suno.com.br\/noticias\/#website\"},\"primaryImageOfPage\":{\"@id\":\"https:\/\/www.suno.com.br\/noticias\/oi-oibr3-divida-emprestimo\/#primaryimage\"},\"image\":{\"@id\":\"https:\/\/www.suno.com.br\/noticias\/oi-oibr3-divida-emprestimo\/#primaryimage\"},\"thumbnailUrl\":\"https:\/\/files.sunoresearch.com.br\/n\/uploads\/2022\/11\/oi-oibr3-recuperacao-judicial-foto-rafael-henrique-getty-images.jpg\",\"datePublished\":\"2022-11-25T12:49:47+00:00\",\"dateModified\":\"2022-11-25T12:49:52+00:00\",\"description\":\"A Oi (OIBR3) estuda pegar mais um empr\u00e9stimo para conseguir pagar sua d\u00edvida bilion\u00e1ria no mercado. Clique e saiba mais.\",\"breadcrumb\":{\"@id\":\"https:\/\/www.suno.com.br\/noticias\/oi-oibr3-divida-emprestimo\/#breadcrumb\"},\"inLanguage\":\"pt-BR\",\"potentialAction\":[{\"@type\":\"ReadAction\",\"target\":[\"https:\/\/www.suno.com.br\/noticias\/oi-oibr3-divida-emprestimo\/\"]}]},{\"@type\":\"ImageObject\",\"inLanguage\":\"pt-BR\",\"@id\":\"https:\/\/www.suno.com.br\/noticias\/oi-oibr3-divida-emprestimo\/#primaryimage\",\"url\":\"https:\/\/files.sunoresearch.com.br\/n\/uploads\/2022\/11\/oi-oibr3-recuperacao-judicial-foto-rafael-henrique-getty-images.jpg\",\"contentUrl\":\"https:\/\/files.sunoresearch.com.br\/n\/uploads\/2022\/11\/oi-oibr3-recuperacao-judicial-foto-rafael-henrique-getty-images.jpg\",\"width\":1200,\"height\":675,\"caption\":\"Oi (OIBR3). Foto: Rafael Henrique\/Getty Images\"},{\"@type\":\"BreadcrumbList\",\"@id\":\"https:\/\/www.suno.com.br\/noticias\/oi-oibr3-divida-emprestimo\/#breadcrumb\",\"itemListElement\":[{\"@type\":\"ListItem\",\"position\":1,\"name\":\"Not\u00edcias\",\"item\":\"https:\/\/www.suno.com.br\/noticias\/\"},{\"@type\":\"ListItem\",\"position\":2,\"name\":\"Neg\u00f3cios\",\"item\":\"https:\/\/www.suno.com.br\/noticias\/negocios\/\"},{\"@type\":\"ListItem\",\"position\":3,\"name\":\"Oi (OIBR3) estuda pegar mais um empr\u00e9stimo para pagar d\u00edvida bilion\u00e1ria\"}]},{\"@type\":\"WebSite\",\"@id\":\"https:\/\/www.suno.com.br\/noticias\/#website\",\"url\":\"https:\/\/www.suno.com.br\/noticias\/\",\"name\":\"Suno Not\u00edcias\",\"description\":\"Seu portal de informa\u00e7\u00e3o sobre o mundo dos investimentos\",\"publisher\":{\"@id\":\"https:\/\/www.suno.com.br\/noticias\/#organization\"},\"potentialAction\":[{\"@type\":\"SearchAction\",\"target\":{\"@type\":\"EntryPoint\",\"urlTemplate\":\"https:\/\/www.suno.com.br\/noticias\/?s={search_term_string}\"},\"query-input\":{\"@type\":\"PropertyValueSpecification\",\"valueRequired\":true,\"valueName\":\"search_term_string\"}}],\"inLanguage\":\"pt-BR\"},{\"@type\":\"Organization\",\"@id\":\"https:\/\/www.suno.com.br\/noticias\/#organization\",\"name\":\"Suno Not\u00edcias\",\"url\":\"https:\/\/www.suno.com.br\/noticias\/\",\"logo\":{\"@type\":\"ImageObject\",\"inLanguage\":\"pt-BR\",\"@id\":\"https:\/\/www.suno.com.br\/noticias\/#\/schema\/logo\/image\/\",\"url\":\"https:\/\/files.sunoresearch.com.br\/n\/uploads\/2021\/09\/suno-logo.png\",\"contentUrl\":\"https:\/\/files.sunoresearch.com.br\/n\/uploads\/2021\/09\/suno-logo.png\",\"width\":180,\"height\":180,\"caption\":\"Suno Not\u00edcias\"},\"image\":{\"@id\":\"https:\/\/www.suno.com.br\/noticias\/#\/schema\/logo\/image\/\"},\"sameAs\":[\"https:\/\/facebook.com\/sunoresearch\",\"https:\/\/x.com\/sunoresearch\",\"https:\/\/www.instagram.com\/suno\",\"https:\/\/www.linkedin.com\/company\/suno-research\/\",\"https:\/\/www.youtube.com\/c\/sunoresearch\"]},{\"@type\":\"Person\",\"@id\":\"https:\/\/www.suno.com.br\/noticias\/#\/schema\/person\/6899bc3f19d1a7315f807131c2c013a0\",\"name\":\"Erick Matheus Nery\",\"image\":{\"@type\":\"ImageObject\",\"inLanguage\":\"pt-BR\",\"@id\":\"https:\/\/www.suno.com.br\/noticias\/#\/schema\/person\/image\/\",\"url\":\"https:\/\/secure.gravatar.com\/avatar\/518ddffe438ccb767782d372a66304d2?s=96&r=g\",\"contentUrl\":\"https:\/\/secure.gravatar.com\/avatar\/518ddffe438ccb767782d372a66304d2?s=96&r=g\",\"caption\":\"Erick Matheus Nery\"},\"description\":\"Formado em Jornalismo pela Universidade Federal do Par\u00e1 (UFPA), conta com extens\u00e3o em Jornalismo Econ\u00f4mico pela Funda\u00e7\u00e3o Get\u00falio Vargas (FGV). No Suno Not\u00edcias, atua como rep\u00f3rter de Mercado, com foco nos setores de telecomunica\u00e7\u00f5es, varejo, alimentos e renda fixa. Conta com passagens pelo jornal O Estado de S\u00e3o Paulo, como trainee de Jornalismo Econ\u00f4mico, e pelo site Not\u00edcias da TV.\",\"url\":\"https:\/\/www.suno.com.br\/noticias\/author\/erick-nery\/\"}]}<\/script>\n<!-- \/ Yoast SEO plugin. -->","yoast_head_json":{"title":"Oi (OIBR3) estuda pegar mais um empr\u00e9stimo para pagar d\u00edvida bilion\u00e1ria","description":"A Oi (OIBR3) estuda pegar mais um empr\u00e9stimo para conseguir pagar sua d\u00edvida bilion\u00e1ria no mercado. Clique e saiba mais.","robots":{"index":"index","follow":"follow","max-snippet":"max-snippet:-1","max-image-preview":"max-image-preview:large","max-video-preview":"max-video-preview:-1"},"canonical":"https:\/\/www.suno.com.br\/noticias\/oi-oibr3-divida-emprestimo\/","og_locale":"pt_BR","og_type":"article","og_title":"Oi (OIBR3) estuda pegar mais um empr\u00e9stimo para pagar d\u00edvida bilion\u00e1ria","og_description":"A Oi (OIBR3) estuda pegar mais um empr\u00e9stimo para conseguir pagar sua d\u00edvida bilion\u00e1ria no mercado. Clique e saiba mais.","og_url":"https:\/\/www.suno.com.br\/noticias\/oi-oibr3-divida-emprestimo\/","og_site_name":"Suno Not\u00edcias","article_publisher":"https:\/\/facebook.com\/sunoresearch","og_image":[{"width":1200,"height":675,"url":"https:\/\/files.sunoresearch.com.br\/n\/uploads\/2022\/11\/oi-oibr3-recuperacao-judicial-foto-rafael-henrique-getty-images.jpg","type":"image\/jpeg"}],"author":"Erick Matheus Nery","twitter_card":"summary_large_image","twitter_creator":"@sunoresearch","twitter_site":"@sunoresearch","twitter_misc":{"Escrito por":"Erick Matheus Nery","Est. tempo de leitura":"3 minutos"},"schema":{"@context":"https:\/\/schema.org","@graph":[{"@type":"NewsArticle","@id":"https:\/\/www.suno.com.br\/noticias\/oi-oibr3-divida-emprestimo\/#article","isPartOf":{"@id":"https:\/\/www.suno.com.br\/noticias\/oi-oibr3-divida-emprestimo\/"},"author":{"name":"Erick Matheus Nery","@id":"https:\/\/www.suno.com.br\/noticias\/#\/schema\/person\/6899bc3f19d1a7315f807131c2c013a0"},"headline":"Oi (OIBR3) estuda pegar mais um empr\u00e9stimo para pagar d\u00edvida bilion\u00e1ria","datePublished":"2022-11-25T12:49:47+00:00","dateModified":"2022-11-25T12:49:52+00:00","mainEntityOfPage":{"@id":"https:\/\/www.suno.com.br\/noticias\/oi-oibr3-divida-emprestimo\/"},"wordCount":530,"publisher":{"@id":"https:\/\/www.suno.com.br\/noticias\/#organization"},"image":{"@id":"https:\/\/www.suno.com.br\/noticias\/oi-oibr3-divida-emprestimo\/#primaryimage"},"thumbnailUrl":"https:\/\/files.sunoresearch.com.br\/n\/uploads\/2022\/11\/oi-oibr3-recuperacao-judicial-foto-rafael-henrique-getty-images.jpg","keywords":["Oi (OIBR3\/OIBR4)","recupera\u00e7\u00e3o judicial"],"articleSection":["Neg\u00f3cios"],"inLanguage":"pt-BR"},{"@type":"WebPage","@id":"https:\/\/www.suno.com.br\/noticias\/oi-oibr3-divida-emprestimo\/","url":"https:\/\/www.suno.com.br\/noticias\/oi-oibr3-divida-emprestimo\/","name":"Oi (OIBR3) estuda pegar mais um empr\u00e9stimo para pagar d\u00edvida bilion\u00e1ria","isPartOf":{"@id":"https:\/\/www.suno.com.br\/noticias\/#website"},"primaryImageOfPage":{"@id":"https:\/\/www.suno.com.br\/noticias\/oi-oibr3-divida-emprestimo\/#primaryimage"},"image":{"@id":"https:\/\/www.suno.com.br\/noticias\/oi-oibr3-divida-emprestimo\/#primaryimage"},"thumbnailUrl":"https:\/\/files.sunoresearch.com.br\/n\/uploads\/2022\/11\/oi-oibr3-recuperacao-judicial-foto-rafael-henrique-getty-images.jpg","datePublished":"2022-11-25T12:49:47+00:00","dateModified":"2022-11-25T12:49:52+00:00","description":"A Oi (OIBR3) estuda pegar mais um empr\u00e9stimo para conseguir pagar sua d\u00edvida bilion\u00e1ria no mercado. Clique e saiba mais.","breadcrumb":{"@id":"https:\/\/www.suno.com.br\/noticias\/oi-oibr3-divida-emprestimo\/#breadcrumb"},"inLanguage":"pt-BR","potentialAction":[{"@type":"ReadAction","target":["https:\/\/www.suno.com.br\/noticias\/oi-oibr3-divida-emprestimo\/"]}]},{"@type":"ImageObject","inLanguage":"pt-BR","@id":"https:\/\/www.suno.com.br\/noticias\/oi-oibr3-divida-emprestimo\/#primaryimage","url":"https:\/\/files.sunoresearch.com.br\/n\/uploads\/2022\/11\/oi-oibr3-recuperacao-judicial-foto-rafael-henrique-getty-images.jpg","contentUrl":"https:\/\/files.sunoresearch.com.br\/n\/uploads\/2022\/11\/oi-oibr3-recuperacao-judicial-foto-rafael-henrique-getty-images.jpg","width":1200,"height":675,"caption":"Oi (OIBR3). Foto: Rafael Henrique\/Getty Images"},{"@type":"BreadcrumbList","@id":"https:\/\/www.suno.com.br\/noticias\/oi-oibr3-divida-emprestimo\/#breadcrumb","itemListElement":[{"@type":"ListItem","position":1,"name":"Not\u00edcias","item":"https:\/\/www.suno.com.br\/noticias\/"},{"@type":"ListItem","position":2,"name":"Neg\u00f3cios","item":"https:\/\/www.suno.com.br\/noticias\/negocios\/"},{"@type":"ListItem","position":3,"name":"Oi (OIBR3) estuda pegar mais um empr\u00e9stimo para pagar d\u00edvida bilion\u00e1ria"}]},{"@type":"WebSite","@id":"https:\/\/www.suno.com.br\/noticias\/#website","url":"https:\/\/www.suno.com.br\/noticias\/","name":"Suno Not\u00edcias","description":"Seu portal de informa\u00e7\u00e3o sobre o mundo dos investimentos","publisher":{"@id":"https:\/\/www.suno.com.br\/noticias\/#organization"},"potentialAction":[{"@type":"SearchAction","target":{"@type":"EntryPoint","urlTemplate":"https:\/\/www.suno.com.br\/noticias\/?s={search_term_string}"},"query-input":{"@type":"PropertyValueSpecification","valueRequired":true,"valueName":"search_term_string"}}],"inLanguage":"pt-BR"},{"@type":"Organization","@id":"https:\/\/www.suno.com.br\/noticias\/#organization","name":"Suno Not\u00edcias","url":"https:\/\/www.suno.com.br\/noticias\/","logo":{"@type":"ImageObject","inLanguage":"pt-BR","@id":"https:\/\/www.suno.com.br\/noticias\/#\/schema\/logo\/image\/","url":"https:\/\/files.sunoresearch.com.br\/n\/uploads\/2021\/09\/suno-logo.png","contentUrl":"https:\/\/files.sunoresearch.com.br\/n\/uploads\/2021\/09\/suno-logo.png","width":180,"height":180,"caption":"Suno Not\u00edcias"},"image":{"@id":"https:\/\/www.suno.com.br\/noticias\/#\/schema\/logo\/image\/"},"sameAs":["https:\/\/facebook.com\/sunoresearch","https:\/\/x.com\/sunoresearch","https:\/\/www.instagram.com\/suno","https:\/\/www.linkedin.com\/company\/suno-research\/","https:\/\/www.youtube.com\/c\/sunoresearch"]},{"@type":"Person","@id":"https:\/\/www.suno.com.br\/noticias\/#\/schema\/person\/6899bc3f19d1a7315f807131c2c013a0","name":"Erick Matheus Nery","image":{"@type":"ImageObject","inLanguage":"pt-BR","@id":"https:\/\/www.suno.com.br\/noticias\/#\/schema\/person\/image\/","url":"https:\/\/secure.gravatar.com\/avatar\/518ddffe438ccb767782d372a66304d2?s=96&r=g","contentUrl":"https:\/\/secure.gravatar.com\/avatar\/518ddffe438ccb767782d372a66304d2?s=96&r=g","caption":"Erick Matheus Nery"},"description":"Formado em Jornalismo pela Universidade Federal do Par\u00e1 (UFPA), conta com extens\u00e3o em Jornalismo Econ\u00f4mico pela Funda\u00e7\u00e3o Get\u00falio Vargas (FGV). No Suno Not\u00edcias, atua como rep\u00f3rter de Mercado, com foco nos setores de telecomunica\u00e7\u00f5es, varejo, alimentos e renda fixa. Conta com passagens pelo jornal O Estado de S\u00e3o Paulo, como trainee de Jornalismo Econ\u00f4mico, e pelo site Not\u00edcias da TV.","url":"https:\/\/www.suno.com.br\/noticias\/author\/erick-nery\/"}]}},"default_loop_html":"<div class=\"cardsPage__listCard__boxs\"><div class=\"cardsPage__listCard__boxs__img\"><a href=\"https:\/\/www.suno.com.br\/noticias\/oi-oibr3-divida-emprestimo\/\"><img class=\"mask\" src=\"https:\/\/www.suno.com.br\/noticias\/wp-content\/themes\/suno\/resources\/images\/spotlight\/spotlight1img\/bg-mask.png\" alt=\"Image Mask\"\/><img src=\"https:\/\/files.sunoresearch.com.br\/n\/uploads\/2022\/11\/oi-oibr3-recuperacao-judicial-foto-rafael-henrique-getty-images-400x200.jpg\" alt=\"Oi (OIBR3) estuda pegar mais um empr\u00e9stimo para pagar d\u00edvida bilion\u00e1ria\"\/><\/a><span class=\"spotlightCategory\"><a href=\"https:\/\/www.suno.com.br\/noticias\/negocios\/\">Neg\u00f3cios<\/a><\/span><\/div><div class=\"cardsPage__listCard__boxs__content\"><a href=\"https:\/\/www.suno.com.br\/noticias\/oi-oibr3-divida-emprestimo\/\"><h2 class=\"content__title\">Oi (OIBR3) estuda pegar mais um empr\u00e9stimo para pagar d\u00edvida bilion\u00e1ria<\/h2><\/a><div class=\"newsContent__article__meta\"><div class=\"newsContent__article__meta__authorBox\"><a href=\"https:\/\/www.suno.com.br\/noticias\/author\/erick-nery\/\" class=\"authorBox__avatar noMobi\"><img src=\"https:\/\/secure.gravatar.com\/avatar\/518ddffe438ccb767782d372a66304d2?s=96&#038;r=g\" alt=\"Erick Matheus Nery\"><\/a><div class=\"authorBox__name\"><span>por\n\t\t\t<a href=\"https:\/\/www.suno.com.br\/noticias\/author\/erick-nery\/\"><span itemprop=\"author\">Erick Matheus Nery<\/span><\/a><\/span><time datetime=\"2022-11-25T09:49:47-03:00\" itemprop=\"datePublished\">25\/11\/2022 09:49<\/time><\/div><\/div><\/div><\/div><\/div>","single_layout":"posts","amp_enabled":true,"_links":{"self":[{"href":"https:\/\/www.suno.com.br\/noticias\/wp-json\/wp\/v2\/posts\/323615"}],"collection":[{"href":"https:\/\/www.suno.com.br\/noticias\/wp-json\/wp\/v2\/posts"}],"about":[{"href":"https:\/\/www.suno.com.br\/noticias\/wp-json\/wp\/v2\/types\/post"}],"author":[{"embeddable":true,"href":"https:\/\/www.suno.com.br\/noticias\/wp-json\/wp\/v2\/users\/232"}],"replies":[{"embeddable":true,"href":"https:\/\/www.suno.com.br\/noticias\/wp-json\/wp\/v2\/comments?post=323615"}],"version-history":[{"count":3,"href":"https:\/\/www.suno.com.br\/noticias\/wp-json\/wp\/v2\/posts\/323615\/revisions"}],"predecessor-version":[{"id":323658,"href":"https:\/\/www.suno.com.br\/noticias\/wp-json\/wp\/v2\/posts\/323615\/revisions\/323658"}],"wp:featuredmedia":[{"embeddable":true,"href":"https:\/\/www.suno.com.br\/noticias\/wp-json\/wp\/v2\/media\/323633"}],"wp:attachment":[{"href":"https:\/\/www.suno.com.br\/noticias\/wp-json\/wp\/v2\/media?parent=323615"}],"wp:term":[{"taxonomy":"category","embeddable":true,"href":"https:\/\/www.suno.com.br\/noticias\/wp-json\/wp\/v2\/categories?post=323615"},{"taxonomy":"post_tag","embeddable":true,"href":"https:\/\/www.suno.com.br\/noticias\/wp-json\/wp\/v2\/tags?post=323615"},{"taxonomy":"suno_strategy","embeddable":true,"href":"https:\/\/www.suno.com.br\/noticias\/wp-json\/wp\/v2\/suno_strategy?post=323615"}],"curies":[{"name":"wp","href":"https:\/\/api.w.org\/{rel}","templated":true}]}}