{"id":323585,"date":"2022-11-25T13:50:20","date_gmt":"2022-11-25T16:50:20","guid":{"rendered":"https:\/\/www.suno.com.br\/noticias\/?p=323585"},"modified":"2022-11-25T13:50:28","modified_gmt":"2022-11-25T16:50:28","slug":"oi-oibr3-vale-a-pena-investir-perspectivas-2023","status":"publish","type":"post","link":"https:\/\/www.suno.com.br\/noticias\/oi-oibr3-vale-a-pena-investir-perspectivas-2023\/","title":{"rendered":"Vale a pena investir na Oi (OIBR3)? Veja as perspectivas para 2023"},"content":{"rendered":"<p>Nos \u00faltimos anos, a<a href=\"https:\/\/www.suno.com.br\/acoes\/oibr3\/\"> <strong>Oi <\/strong>(OIBR3)<\/a> vem enfrentando momentos turbulentos. Em junho de 2016, a empresa entrou com pedido de <a class=\"suno-keyword\" data-force=\"no\" data-priority=\"2\" href=\"https:\/\/www.suno.com.br\/artigos\/recuperacao-judicial\/\" target=\"_blank\" rel=\"noopener\">recupera\u00e7\u00e3o judicial<\/a>, com d\u00edvida de R$ 65 bilh\u00f5es, e desde ent\u00e3o passou por v\u00e1rias mudan\u00e7as importantes.<\/p><div class=\"videoFull videoFull--noRadius\">\n\t\t\t<div class=\"videoWrapper yt-lazyload center\"\n\t\t\t\tdata-width=\"960\"\n\t\t\t\tdata-height=\"540\"\n\t\t\t\tdata-id=\"UE2_CJ2-Te4\"\n\t\t\t\tdata-alt=\"Veja as perspectivas da OIBR3\"\n\t\t\t\tdata-logo=\"3\"\n\t\t\t\tdata-imagequality=\"maxres\">\n\t\t\t<\/div>\n\t\t<\/div><span class=\"videoFull__caption videoFull__caption--show\">Veja as perspectivas da OIBR3<p>Veja este v\u00eddeo sobre o grupamento de a\u00e7\u00f5es da Oi.<\/p><\/span><script type=\"application\/ld+json\">{\"@context\":\"https:\/\/schema.org\",\"@type\":\"VideoObject\",\"name\":\"OIBR3: O QUE EST\u00c1 ACONTECENDO COM A OI?\",\"description\":\"\ud83d\ude80 \ud835\uddf2\ud835\uddd5\ud835\uddfc\ud835\uddfc\ud835\uddf8 \ud835\uddf0\ud835\uddfc\ud835\uddfa\ud835\uddfc \ud835\uddee\ud835\uddfb\ud835\uddee\ud835\uddf9\ud835\uddf6\ud835\ude00\ud835\uddee\ud835\uddff \ud835\ude02\ud835\uddfa\ud835\uddee \ud835\uddee\u00e7\u00e3\ud835\uddfc: https:\/\/lp.suno.com.br\/ebook-como-analisar-uma-acao\/?utm_source=youtube.suno&utm_medium=video&utm_campaign=ebookcomoanalisarumaacao.20221122&utm_content=suno.oibr3.22112022 \u26bd \ud835\udfed, \ud835\udfee, \ud835\udfef \ud835\uddf2 \ud835\uddf7\u00e1! \ud835\udde6\ud835\uddf2 \ud835\ude03\ud835\uddfc\ud835\uddf0\u00ea \ud835\uddee\ud835\uddf6\ud835\uddfb\ud835\uddf1\ud835\uddee \ud835\uddfb\u00e3\ud835\uddfc \ud835\uddee\ud835\ude00\ud835\ude00\ud835\uddf6\ud835\uddfb\ud835\uddfc\ud835\ude02, \u00e9 \ud835\uddf5\ud835\uddfc\ud835\uddff\ud835\uddee \ud835\uddf1\ud835\uddf2 \ud835\uddee\ud835\uddfd\ud835\uddff\ud835\uddfc\ud835\ude03\ud835\uddf2\ud835\uddf6\ud835\ude01\ud835\uddee\ud835\uddff [\ud835\ude3d\ud835\ude47\ud835\ude3c\ud835\ude3e\ud835\ude46 \ud835\ude41\ud835\ude4d\ud835\ude44\ud835\ude3f\ud835\ude3c\ud835\ude54 \ud835\ude4e\ud835\ude50\ud835\ude49\ud835\ude4a] \ud83d\udc49 https:\/\/lp.suno.com.br\/pv\/black-friday-suno-3\/?utm_source=youtube.suno&utm_medium=video&utm_campaign=RS.BF322.ns.20221122&utm_content=suno.oibr3.22112022 OIBR3: O QUE EST\u00c1 ACONTECENDO COM A OI? #OIBR3 #OI #a\u00e7\u00f5es Suno Wealth \ud83d\udcb0: https:\/\/lp.suno.com.br\/wealth\/ O conselho de administra\u00e7\u00e3o da Oi aprovou um grupamento de suas a\u00e7\u00f5es. Com\u2026\",\"duration\":\"PT6M26S\",\"embedUrl\":\"https:\/\/www.youtube.com\/embed\/UE2_CJ2-Te4\",\"regionsAllowed\":\"pt-BR\",\"interactionStatistic\":{\"@type\":\"InteractionCounter\",\"interactionType\":{\"@type\":\"WatchAction\"},\"userInteractionCount\":9636},\"thumbnailUrl\":\"https:\/\/i.ytimg.com\/vi\/UE2_CJ2-Te4\/default.jpg\",\"uploadDate\":\"2022-11-22T20:00:09Z\"}<\/script>\n\n\n\n\n\t<p>\n\t\t<a href=\"\" target=\"_blank\" data-element=\"shortcode-suno-banner\" title=\"Banner SUNO, clique e saiba mais\">\n\t\t\t<picture>\n\t\t\t\t<source media=\"(max-width: 500px)\" srcset=\"\">\n\t\t\t\t<img class=\"newsContent__article__imgCapa newsContent__article__imgCapa--banner\"\n\t\t\t\t\tsrc=\"\"\n\t\t\t\t\tdata-promo-id=\"250705\"\t\t\t\t\t\t\t\t\t\t\t\t\t\t\talt=\"\"\n\t\t\t\t>\n\t\t\t<\/picture>\n\t\t<\/a>\n\t<\/p>\n\n\n\n\n\n<p>Em meio a isso, os ativos v\u00eam recuando na bolsa de valores brasileira, e os investidores querem saber: <strong>vale a pena investir na Oi<\/strong>?<\/p>\n\n\n\n<p>A Oi \u00e9 uma empresa de telecomunica\u00e7\u00f5es brasileira, sendo pioneira na presta\u00e7\u00e3o de servi\u00e7os convergentes de TV por assinatura, banda larga, transmiss\u00e3o de voz local e de longa dist\u00e2ncia.<\/p>\n\n\n\n<p>Al\u00e9m dos servi\u00e7os de telecomunica\u00e7\u00f5es para os mercados de varejo e corporativo, a Oi disponibiliza, para companhias de todos os portes, solu\u00e7\u00f5es de TI \u2014 hospedadas em plataforma de computa\u00e7\u00e3o em nuvem.<\/p>\n\n\n\n<h2 class=\"wp-block-heading\" id=\"h-oi-vem-enfrentando-dificuldades-nos-ultimos-anos\">Oi vem enfrentando dificuldades nos \u00faltimos anos<\/h2>\n\n\n\n<p>Em 20 de junho de 2016, depois de acumular uma d\u00edvida de R$ 65 bilh\u00f5es com 55 mil credores, a Oi entrou com pedido de <strong>recupera\u00e7\u00e3o judicial<\/strong>. Como forma de reduzir a d\u00edvida, a empresa passou a realizar diversos leil\u00f5es de ativos ao longo dos anos recentes.<\/p>\n\n\n\n<p>Na ocasi\u00e3o do pedido, a Oi justificou que a recupera\u00e7\u00e3o judicial seria a decis\u00e3o mais adequada ao considerar \u201cos desafios decorrentes da situa\u00e7\u00e3o econ\u00f4mico-financeira das empresas Oi \u00e0 luz do cronograma de vencimento de suas d\u00edvidas financeiras, amea\u00e7as ao caixa das empresas Oi representadas por iminentes penhoras ou bloqueios em processos judiciais, e tendo em vista a urg\u00eancia na ado\u00e7\u00e3o de medidas de prote\u00e7\u00e3o das empresas\u201d.<\/p>\n\n\n\n<p>Ao Suno Not\u00edcias, a equipe de an\u00e1lise da Terra Investimentos, composta por R\u00e9gis Chinchila e Luis Novaes, explica que a Oi chegou a ser o <strong>maior pedido de recupera\u00e7\u00e3o judicial da hist\u00f3ria<\/strong> do pa\u00eds \u201catrav\u00e9s de uma estrat\u00e9gia de crescimento inorg\u00e2nico a partir dos investimentos realizados por terceiros na companhia\u201d.<\/p>\n\n\n\n<p>No entendimento dos analistas, de modo geral, \u201cas empresas compradas pela Oi se mostraram p\u00e9ssimos neg\u00f3cios\u201d.<\/p>\n\n\n\n\t<div data-element=\"shortcode-read-more\" class=\"readToo\">\n\t\t\t\t<span class=\"readToo__title\">Leia mais<\/span>\n\t\t\t\t<ul class=\"readToo__list\">\n\t\t\t<li><a href=\"https:\/\/www.suno.com.br\/noticias\/oi-oibr3-divida-emprestimo\/\">Oi (OIBR3) estuda pegar mais um empr\u00e9stimo para pagar d\u00edvida bilion\u00e1ria<\/a><\/li><li><a href=\"https:\/\/www.suno.com.br\/noticias\/oi-oibr3-bancos-divida-recuperacao-judicial\/\">Oi (OIBR3): bancos pedem bloqueio de bens e prorroga\u00e7\u00e3o do processo de recupera\u00e7\u00e3o judicial<\/a><\/li><li><a href=\"https:\/\/www.suno.com.br\/noticias\/oi-oibr3-resultado-3t22\/\">Oi (OIBR3) reduz preju\u00edzo para R$ 3,06 bilh\u00f5es no 3T22<\/a><\/li>\t\t<\/ul>\n\t<\/div>\n\n\n\n\n<p>\u201cMuitos desses ativos comprados nunca retornaram o valor pago nas negocia\u00e7\u00f5es, seja por serem empresas que j\u00e1 apresentavam dificuldades operacionais e incapazes de gerar receitas de forma consistente, seja pelo valor pago ser muito maior do que realmente valia, ou at\u00e9 mesmo, pelos dois motivos combinados\u201d, comentam.<\/p>\n\n\n\n<p>R\u00e9gis e Luis ainda explicam que a Oi foi impactada negativamente pela demora para a finaliza\u00e7\u00e3o da venda desses ativos. A raz\u00e3o disso, segundo eles, \u00e9 \u201cque a<strong> opera\u00e7\u00e3o da Oi <\/strong>se tornou deficit\u00e1ria ao longo do tempo e a cada m\u00eas havia uma imensa queima de caixa para mant\u00ea-la funcionando\u201d.<\/p>\n\n\n\n<p>\u201cAl\u00e9m dos neg\u00f3cios equivocados que a Oi assumiu durante os anos, os servi\u00e7os de telefonia prestados pela empresa foram se tornando menos lucrativos, em raz\u00e3o de inefici\u00eancia operacional da empresa ou por demanda menor\u201d, ainda ressaltam os analistas.<\/p>\n\n\n\t<p>\n\t\t<a href=\"https:\/\/lp.suno.com.br\/planilha-controle-gastos\/\" target=\"_blank\" data-element=\"shortcode-suno-banner\" title=\"Banner SUNO, clique e saiba mais\">\n\t\t\t<picture>\n\t\t\t\t<source media=\"(max-width: 500px)\" srcset=\"https:\/\/files.sunoresearch.com.br\/n\/uploads\/2023\/03\/400x300-Planilha-controle-de-gastos.png\">\n\t\t\t\t<img class=\"newsContent__article__imgCapa newsContent__article__imgCapa--banner\"\n\t\t\t\t\tsrc=\"https:\/\/files.sunoresearch.com.br\/n\/uploads\/2023\/03\/1420x240-Planilha-controle-de-gastos.png\"\n\t\t\t\t\tdata-promo-id=\"101751\"\t\t\t\t\t\t\t\t\t\twidth='1420' height='240'\t\t\t\t\talt=\"https:\/\/files.sunoresearch.com.br\/n\/uploads\/2023\/03\/1420x240-Planilha-controle-de-gastos.png\"\n\t\t\t\t>\n\t\t\t<\/picture>\n\t\t<\/a>\n\t<\/p>\n\n\n\n\n\n<p>No terceiro trimestre deste ano, a Oi chegou a registrar um preju\u00edzo l\u00edquido de R$ 3,064 bilh\u00f5es. Apesar disso, a o <strong>preju\u00edzo da Oi <\/strong>foi 36,3% menor em rela\u00e7\u00e3o ao resultado negativo de R$ 4,813 bilh\u00f5es do mesmo per\u00edodo do ano anterior.<\/p>\n\n\n\n<p>Em meio \u00e0s dificuldades enfrentadas pela empresa, as a\u00e7\u00f5es v\u00eam desvalorizando ao longo do tempo. Atualmente, as <strong>a\u00e7\u00f5es da Oi <\/strong>valem menos de R$ 1, sendo consideradas \u2018<a class=\"suno-keyword\" target=\"_blank\" data-force=\"no\" data-priority=\"1\" href=\"https:\/\/www.suno.com.br\/artigos\/penny-stocks\/\" rel=\"noopener\">penny stocks<\/a>\u2019.<\/p>\n\n\n\n<p>Para enquadrar os ativos nas regras da B3, que estabelece que a\u00e7\u00f5es n\u00e3o podem ser cotadas abaixo de R$ 1 por 30 preg\u00f5es seguidos, o <a class=\"suno-keyword\" data-force=\"no\" data-priority=\"1\" href=\"https:\/\/www.suno.com.br\/artigos\/conselho-administracao\/\" target=\"_blank\" rel=\"noopener\">conselho de administra\u00e7\u00e3o<\/a> da companhia aprovou o <a class=\"suno-keyword\" data-force=\"no\" data-priority=\"1\" href=\"https:\/\/www.suno.com.br\/artigos\/grupamento-de-acoes\/\" target=\"_blank\" rel=\"noopener\"><strong>grupamento de a\u00e7\u00f5es<\/strong><\/a> ordin\u00e1rias e preferenciais.<\/p>\n\n\n\n<p>O objetivo \u00e9 agrupar 50 a\u00e7\u00f5es da Oi em uma nova a\u00e7\u00e3o da mesma esp\u00e9cie.<\/p>\n\n\n\n<p>Em v\u00eddeo recente sobre o<strong> grupamento de a\u00e7\u00f5es da Oi<\/strong>, o fundador do grupo Suno, Tiago Reis, destacou que o procedimento n\u00e3o cria valor para a companhia. Ele disse ainda que a empresa enfrenta v\u00e1rios desafios em seu balan\u00e7o, e que o investidor pessoa f\u00edsica deve ter bastante cautela com o papel.<\/p>\n\n\n\n<figure class=\"wp-block-image size-large\"><img loading=\"lazy\" decoding=\"async\" width=\"1024\" height=\"345\" src=\"https:\/\/files.sunoresearch.com.br\/n\/uploads\/2022\/11\/image-4-1024x345.png\" alt=\"\" class=\"wp-image-323713\" srcset=\"https:\/\/files.sunoresearch.com.br\/n\/uploads\/2022\/11\/image-4-1024x345.png 1024w, https:\/\/files.sunoresearch.com.br\/n\/uploads\/2022\/11\/image-4-300x101.png 300w, https:\/\/files.sunoresearch.com.br\/n\/uploads\/2022\/11\/image-4-768x258.png 768w, https:\/\/files.sunoresearch.com.br\/n\/uploads\/2022\/11\/image-4-150x50.png 150w, https:\/\/files.sunoresearch.com.br\/n\/uploads\/2022\/11\/image-4.png 1254w\" sizes=\"(max-width: 1024px) 100vw, 1024px\" \/><figcaption>Veja o comportamento das a\u00e7\u00f5es da Oi nos \u00faltimos 5 anos, segundo o Status Invest<\/figcaption><\/figure>\n\n\n\n<h2 class=\"wp-block-heading\" id=\"h-quais-sao-as-perspectivas-para-a-oi-em-2023\">Quais s\u00e3o as perspectivas para a Oi em 2023?<\/h2>\n\n\n\n<p>Na interpreta\u00e7\u00e3o da Terra Investimentos, com rela\u00e7\u00e3o \u00e0s <strong>perspectivas para a Oi em 2023<\/strong>, como a empresa tem \u201cproblemas de grande express\u00e3o, n\u00e3o h\u00e1 muitas alternativas que apoiem a recupera\u00e7\u00e3o\u201d da empresa.<\/p>\n\n\n\n<p>Os analistas comentam que, atualmente, a opera\u00e7\u00e3o da <strong>Oi est\u00e1 focada na fibra \u00f3ptica<\/strong>, que vem ganhando tra\u00e7\u00e3o nos \u00faltimos trimestres, mas ainda \u00e9 pouco rent\u00e1vel para compensar o custo da d\u00edvida e outros fatores que pressionam a empresa, sendo ineficiente para sustentar a recupera\u00e7\u00e3o sozinha.<\/p>\n\n\n\n<p>Segundo eles, o que \u00e9 visto como a principal alternativa para a recupera\u00e7\u00e3o da empresa e gatilho de <strong>valoriza\u00e7\u00e3o das a\u00e7\u00f5es da Oi<\/strong> no <a class=\"suno-keyword\" data-force=\"no\" data-priority=\"1\" href=\"https:\/\/www.suno.com.br\/artigos\/curto-prazo\/\" target=\"_blank\" rel=\"noopener\">curto prazo<\/a>, \u00e9 a poss\u00edvel venda da sua participa\u00e7\u00e3o remanescente na <strong>V.Tal<\/strong>, a antiga InfraCo, seu bra\u00e7o de infraestrutura.<\/p>\n\n\n\n<p>Para os analistas, a <strong>empresa de telecomunica\u00e7\u00f5es<\/strong> poderia vender a participa\u00e7\u00e3o ou emitir t\u00edtulos lastreados nessa posi\u00e7\u00e3o, e seguir como cliente para utilizar as estruturas. \u201cIsso permitiria que sua d\u00edvida fosse significativamente reduzida e sua opera\u00e7\u00e3o n\u00e3o seria impactada\u201d, comentam.<\/p>\n\n\n\n<p>\u201cO maior custo de opera\u00e7\u00e3o seria compensado pelas <a class=\"suno-keyword\" target=\"_blank\" data-force=\"no\" data-priority=\"1\" href=\"https:\/\/www.suno.com.br\/artigos\/despesas-financeiras\/\" rel=\"noopener\">despesas financeiras<\/a> menores, sem contar que o caixa seria reabastecido, dando mais tempo de vida para o neg\u00f3cio\u201d, prosseguem.<\/p>\n\n\n\n<p>Na perspectiva da Terra Investimentos, se isso acontecer, as op\u00e7\u00f5es responderiam positivamente no mercado.<\/p>\n\n\n\n<p>Apesar de uma perspectiva mais negativa por parte do mercado relativa \u00e0 Oi, o poss\u00edvel grupamento de a\u00e7\u00f5es pode trazer mais estabilidade para os ativos da companhia.<\/p>\n\n\n\n<p>Em relat\u00f3rio, os analistas do BTG Pactual comentam que \u201co processo, que deve ser conclu\u00eddo at\u00e9 o final do ano ou in\u00edcio do ano que vem, deve reduzir bastante a volatilidade das a\u00e7\u00f5es e permitir que os investidores que atualmente est\u00e3o evitando negociar as a\u00e7\u00f5es o fa\u00e7am novamente\u201d.<\/p>\n\n\n\n<figure class=\"wp-block-embed is-type-video is-provider-youtube wp-block-embed-youtube wp-embed-aspect-16-9 wp-has-aspect-ratio\"><div class=\"wp-block-embed__wrapper\">\n<iframe loading=\"lazy\" title=\"OIBR3 OIBR4: TUDO SOBRE OI | An\u00e1lise Fundamentalista\" width=\"1080\" height=\"608\" src=\"https:\/\/www.youtube.com\/embed\/A4miv-XHpy0?feature=oembed&#038;enablejsapi=1&#038;origin=https:\/\/www.suno.com.br\" frameborder=\"0\" allow=\"accelerometer; autoplay; clipboard-write; encrypted-media; gyroscope; picture-in-picture\" allowfullscreen><\/iframe>\n<\/div><\/figure>\n\n\n\n<h2 class=\"wp-block-heading\" id=\"h-vale-a-pena-investir-na-oi\">Vale a pena investir na Oi?<\/h2>\n\n\n\n<p>Mesmo com a baixa cota\u00e7\u00e3o nos \u00faltimos anos, as a\u00e7\u00f5es da Oi ainda apresentam forte queda em 2022. Na maior parte do ano, os pap\u00e9is da empresa de telecomunica\u00e7\u00f5es estiveram abaixo de R$ 1.<\/p>\n\n\n\n<p>A Terra Investimentos afirma que \u201ca desvaloriza\u00e7\u00e3o reflete os sucessivos resultados negativos registrados pela Oi nos \u00faltimos anos e a perspectiva pessimista sobre a recupera\u00e7\u00e3o da empresa\u201d.<\/p>\n\n\n\n<p>Sobre a d\u00favida se os ativos est\u00e3o baratos e se <strong>vale a pena investir na Oi<\/strong>, os analistas afirmam \u201cque seria preciso ter bons indicativos que a empresa pode se recuperar, mas esse n\u00e3o \u00e9 o caso\u201d.<\/p>\n\n\n\n<p>\u201cObviamente, se algum dia a Oi reverter seu dif\u00edcil quadro financeiro e operacional e reportar resultados positivos novamente, as a\u00e7\u00f5es tendem a se valorizar e o investidor que comprou as a\u00e7\u00f5es na baixa deve ver seu capital se multiplicar, entretanto, \u00e9 uma opera\u00e7\u00e3o arriscada\u201d, complementam.&nbsp;<\/p>\n\n\n\n<p>Em relat\u00f3rio divulgado ap\u00f3s o balan\u00e7o do terceiro trimestre, o BTG Pactual reiterou <strong>recomenda\u00e7\u00e3o neutra para as a\u00e7\u00f5es da Oi<\/strong>, com pre\u00e7o-alvo de R$ 0,25 para os pr\u00f3ximos 12 meses. Devido \u00e0 queima de caixa ainda alta da empresa, os analistas ainda n\u00e3o observam boas perspectivas.<\/p>\n\n\n\n<p>\u201cAp\u00f3s o resultado, revisamos nosso pre\u00e7o-alvo baseado em um valuation com metodologia de DCF (<a class=\"suno-keyword\" data-force=\"no\" data-priority=\"1\" href=\"https:\/\/www.suno.com.br\/artigos\/fluxo-de-caixa-descontado\/\" target=\"_blank\" rel=\"noopener\">fluxo de caixa descontado<\/a>) para R$ 0,25 pelo fato de que a companhia mostrou um consumo de caixa acima do esperado um Capex potencialmente mais alto no <a class=\"suno-keyword\" data-force=\"no\" data-priority=\"1\" href=\"https:\/\/www.suno.com.br\/artigos\/curto-prazo\/\" target=\"_blank\" rel=\"noopener\">curto prazo<\/a>, acima do que projet\u00e1vamos\u201d, justificou o banco.<\/p>\n\n\n\n<h2 class=\"wp-block-heading\" id=\"h-como-investir-em-acoes-da-oi\">Como investir em a\u00e7\u00f5es da Oi?<\/h2>\n\n\n\n<p>Para investir em a\u00e7\u00f5es de empresas listadas na <strong>bolsa de valores<\/strong>, como a Oi, o interessado precisa abrir conta em alguma corretora de valores.<\/p>\n\n\n\n<p>Em seguida, ser\u00e1 necess\u00e1rio transferir dinheiro para a conta da corretora. Por meio destes valores, a pessoa conseguir\u00e1 <strong>investir na Oi<\/strong>, por exemplo.<\/p>\n\n\n\n<p>Logo ap\u00f3s, o investidor dever\u00e1 enviar a <a class=\"suno-keyword\" data-force=\"no\" data-priority=\"1\" href=\"https:\/\/www.suno.com.br\/artigos\/ordem-de-compra\/\" target=\"_blank\" rel=\"noopener\">ordem de compra<\/a> das a\u00e7\u00f5es. As <a class=\"suno-keyword\" data-force=\"no\" data-priority=\"1\" href=\"https:\/\/www.suno.com.br\/artigos\/o-que-sao-acoes-ordinarias-preferenciais-e-units\/\" target=\"_blank\" rel=\"noopener\">a\u00e7\u00f5es ordin\u00e1rias<\/a> da Oi s\u00e3o negociadas pelo c\u00f3digo OIBR3. J\u00e1 as <a class=\"suno-keyword\" data-force=\"no\" data-priority=\"1\" href=\"https:\/\/www.suno.com.br\/artigos\/acoes-preferenciais\/\" target=\"_blank\" rel=\"noopener\">a\u00e7\u00f5es preferenciais<\/a> possuem o ticker OIBR4.<\/p>\n\n\n\n<p>As a\u00e7\u00f5es s\u00e3o divididas em dois tipos de lotes: padr\u00e3o e fracionado. O <a class=\"suno-keyword\" target=\"_blank\" data-force=\"no\" data-priority=\"1\" href=\"https:\/\/www.suno.com.br\/artigos\/lote-padrao\/\" rel=\"noopener\">lote padr\u00e3o<\/a> equivale a um n\u00famero m\u00ednimo de a\u00e7\u00f5es que pode ser adquirido. Um lote padr\u00e3o conta com 100 a\u00e7\u00f5es.<\/p>\n\n\n\n<p>J\u00e1 o lote fracionado permite a aquisi\u00e7\u00e3o de n\u00fameros menores de a\u00e7\u00f5es. Sendo assim, para comprar um total menor de pap\u00e9is de empresas como a <strong>Oi<\/strong>, basta inserir a letra F no final do ticker (OIBR3F e OIBR4F, por exemplo), com o n\u00famero de ativos desejado.<\/p>\n\n\n\t<p>\n\t\t<a href=\"https:\/\/lp.suno.com.br\/planilha-de-controle-de-investimentos\/\" target=\"_blank\" data-element=\"shortcode-suno-banner\" title=\"Banner SUNO, clique e saiba mais\">\n\t\t\t<picture>\n\t\t\t\t<source media=\"(max-width: 500px)\" srcset=\"https:\/\/files.sunoresearch.com.br\/n\/uploads\/2023\/03\/400x300-Controle-de-Investimentos.png\">\n\t\t\t\t<img class=\"newsContent__article__imgCapa newsContent__article__imgCapa--banner\"\n\t\t\t\t\tsrc=\"https:\/\/files.sunoresearch.com.br\/n\/uploads\/2023\/03\/1420x240-Controle-de-Investimentos.png\"\n\t\t\t\t\tdata-promo-id=\"75934\"\t\t\t\t\t\t\t\t\t\twidth='1420' height='240'\t\t\t\t\talt=\"https:\/\/files.sunoresearch.com.br\/n\/uploads\/2023\/03\/1420x240-Controle-de-Investimentos.png\"\n\t\t\t\t>\n\t\t\t<\/picture>\n\t\t<\/a>\n\t<\/p>\n\n\n","protected":false},"excerpt":{"rendered":"<p>Nos \u00faltimos anos, a Oi (OIBR3) vem enfrentando momentos turbulentos. Em junho de 2016, a empresa entrou com pedido de recupera\u00e7\u00e3o judicial, com d\u00edvida de R$ 65 bilh\u00f5es, e desde ent\u00e3o passou por v\u00e1rias mudan\u00e7as importantes. Veja as perspectivas da OIBR3 Veja este v\u00eddeo sobre o grupamento de a\u00e7\u00f5es da Oi. Em meio a isso, [&hellip;]<\/p>\n","protected":false},"author":224,"featured_media":321709,"comment_status":"closed","ping_status":"closed","sticky":false,"template":"","format":"standard","meta":[],"categories":[64],"tags":[],"suno_strategy":[],"class_list":["post-323585","post","type-post","status-publish","format-standard","has-post-thumbnail","hentry","category-negocios"],"yoast_head":"<!-- This site is optimized with the Yoast SEO plugin v24.4 - https:\/\/yoast.com\/wordpress\/plugins\/seo\/ -->\n<title>Oi (OIBR3): Vale a pena investir? Veja as perspectivas para 2023<\/title>\n<meta name=\"description\" content=\"Nos \u00faltimos anos, a Oi (OIBR3) tem enfrentando momentos turbulentos. Veja se vale a pena investir na Oi e quais as perspectivas para 2023.\" \/>\n<meta name=\"robots\" content=\"index, follow, max-snippet:-1, max-image-preview:large, max-video-preview:-1\" \/>\n<link rel=\"canonical\" href=\"https:\/\/www.suno.com.br\/noticias\/oi-oibr3-vale-a-pena-investir-perspectivas-2023\/\" \/>\n<meta property=\"og:locale\" content=\"pt_BR\" \/>\n<meta property=\"og:type\" content=\"article\" \/>\n<meta property=\"og:title\" content=\"Oi (OIBR3): Vale a pena investir? Veja as perspectivas para 2023\" \/>\n<meta property=\"og:description\" content=\"Nos \u00faltimos anos, a Oi (OIBR3) tem enfrentando momentos turbulentos. Veja se vale a pena investir na Oi e quais as perspectivas para 2023.\" \/>\n<meta property=\"og:url\" content=\"https:\/\/www.suno.com.br\/noticias\/oi-oibr3-vale-a-pena-investir-perspectivas-2023\/\" \/>\n<meta property=\"og:site_name\" content=\"Suno Not\u00edcias\" \/>\n<meta property=\"article:publisher\" content=\"https:\/\/facebook.com\/sunoresearch\" \/>\n<meta property=\"og:image\" content=\"https:\/\/files.sunoresearch.com.br\/n\/uploads\/2022\/11\/oi-acoes-fecham-em-queda.jpg\" \/>\n\t<meta property=\"og:image:width\" content=\"1500\" \/>\n\t<meta property=\"og:image:height\" content=\"1000\" \/>\n\t<meta property=\"og:image:type\" content=\"image\/jpeg\" \/>\n<meta name=\"author\" content=\"Silvio Suehiro\" \/>\n<meta name=\"twitter:card\" content=\"summary_large_image\" \/>\n<meta name=\"twitter:creator\" content=\"@sunoresearch\" \/>\n<meta name=\"twitter:site\" content=\"@sunoresearch\" \/>\n<meta name=\"twitter:label1\" content=\"Escrito por\" \/>\n\t<meta name=\"twitter:data1\" content=\"Silvio Suehiro\" \/>\n\t<meta name=\"twitter:label2\" content=\"Est. tempo de leitura\" \/>\n\t<meta name=\"twitter:data2\" content=\"8 minutos\" \/>\n<script type=\"application\/ld+json\" class=\"yoast-schema-graph\">{\"@context\":\"https:\/\/schema.org\",\"@graph\":[{\"@type\":\"NewsArticle\",\"@id\":\"https:\/\/www.suno.com.br\/noticias\/oi-oibr3-vale-a-pena-investir-perspectivas-2023\/#article\",\"isPartOf\":{\"@id\":\"https:\/\/www.suno.com.br\/noticias\/oi-oibr3-vale-a-pena-investir-perspectivas-2023\/\"},\"author\":{\"name\":\"Silvio Suehiro\",\"@id\":\"https:\/\/www.suno.com.br\/noticias\/#\/schema\/person\/c94f387eeb0598ad381eac3e47a8686c\"},\"headline\":\"Vale a pena investir na Oi (OIBR3)? Veja as perspectivas para 2023\",\"datePublished\":\"2022-11-25T16:50:20+00:00\",\"dateModified\":\"2022-11-25T16:50:28+00:00\",\"mainEntityOfPage\":{\"@id\":\"https:\/\/www.suno.com.br\/noticias\/oi-oibr3-vale-a-pena-investir-perspectivas-2023\/\"},\"wordCount\":1491,\"publisher\":{\"@id\":\"https:\/\/www.suno.com.br\/noticias\/#organization\"},\"image\":{\"@id\":\"https:\/\/www.suno.com.br\/noticias\/oi-oibr3-vale-a-pena-investir-perspectivas-2023\/#primaryimage\"},\"thumbnailUrl\":\"https:\/\/files.sunoresearch.com.br\/n\/uploads\/2022\/11\/oi-acoes-fecham-em-queda.jpg\",\"articleSection\":[\"Neg\u00f3cios\"],\"inLanguage\":\"pt-BR\"},{\"@type\":\"WebPage\",\"@id\":\"https:\/\/www.suno.com.br\/noticias\/oi-oibr3-vale-a-pena-investir-perspectivas-2023\/\",\"url\":\"https:\/\/www.suno.com.br\/noticias\/oi-oibr3-vale-a-pena-investir-perspectivas-2023\/\",\"name\":\"Oi (OIBR3): Vale a pena investir? Veja as perspectivas para 2023\",\"isPartOf\":{\"@id\":\"https:\/\/www.suno.com.br\/noticias\/#website\"},\"primaryImageOfPage\":{\"@id\":\"https:\/\/www.suno.com.br\/noticias\/oi-oibr3-vale-a-pena-investir-perspectivas-2023\/#primaryimage\"},\"image\":{\"@id\":\"https:\/\/www.suno.com.br\/noticias\/oi-oibr3-vale-a-pena-investir-perspectivas-2023\/#primaryimage\"},\"thumbnailUrl\":\"https:\/\/files.sunoresearch.com.br\/n\/uploads\/2022\/11\/oi-acoes-fecham-em-queda.jpg\",\"datePublished\":\"2022-11-25T16:50:20+00:00\",\"dateModified\":\"2022-11-25T16:50:28+00:00\",\"description\":\"Nos \u00faltimos anos, a Oi (OIBR3) tem enfrentando momentos turbulentos. Veja se vale a pena investir na Oi e quais as perspectivas para 2023.\",\"breadcrumb\":{\"@id\":\"https:\/\/www.suno.com.br\/noticias\/oi-oibr3-vale-a-pena-investir-perspectivas-2023\/#breadcrumb\"},\"inLanguage\":\"pt-BR\",\"potentialAction\":[{\"@type\":\"ReadAction\",\"target\":[\"https:\/\/www.suno.com.br\/noticias\/oi-oibr3-vale-a-pena-investir-perspectivas-2023\/\"]}]},{\"@type\":\"ImageObject\",\"inLanguage\":\"pt-BR\",\"@id\":\"https:\/\/www.suno.com.br\/noticias\/oi-oibr3-vale-a-pena-investir-perspectivas-2023\/#primaryimage\",\"url\":\"https:\/\/files.sunoresearch.com.br\/n\/uploads\/2022\/11\/oi-acoes-fecham-em-queda.jpg\",\"contentUrl\":\"https:\/\/files.sunoresearch.com.br\/n\/uploads\/2022\/11\/oi-acoes-fecham-em-queda.jpg\",\"width\":1500,\"height\":1000,\"caption\":\"Oi (OIBR3). Foto: Divulga\u00e7\u00e3o\"},{\"@type\":\"BreadcrumbList\",\"@id\":\"https:\/\/www.suno.com.br\/noticias\/oi-oibr3-vale-a-pena-investir-perspectivas-2023\/#breadcrumb\",\"itemListElement\":[{\"@type\":\"ListItem\",\"position\":1,\"name\":\"Not\u00edcias\",\"item\":\"https:\/\/www.suno.com.br\/noticias\/\"},{\"@type\":\"ListItem\",\"position\":2,\"name\":\"Neg\u00f3cios\",\"item\":\"https:\/\/www.suno.com.br\/noticias\/negocios\/\"},{\"@type\":\"ListItem\",\"position\":3,\"name\":\"Vale a pena investir na Oi (OIBR3)? Veja as perspectivas para 2023\"}]},{\"@type\":\"WebSite\",\"@id\":\"https:\/\/www.suno.com.br\/noticias\/#website\",\"url\":\"https:\/\/www.suno.com.br\/noticias\/\",\"name\":\"Suno Not\u00edcias\",\"description\":\"Seu portal de informa\u00e7\u00e3o sobre o mundo dos investimentos\",\"publisher\":{\"@id\":\"https:\/\/www.suno.com.br\/noticias\/#organization\"},\"potentialAction\":[{\"@type\":\"SearchAction\",\"target\":{\"@type\":\"EntryPoint\",\"urlTemplate\":\"https:\/\/www.suno.com.br\/noticias\/?s={search_term_string}\"},\"query-input\":{\"@type\":\"PropertyValueSpecification\",\"valueRequired\":true,\"valueName\":\"search_term_string\"}}],\"inLanguage\":\"pt-BR\"},{\"@type\":\"Organization\",\"@id\":\"https:\/\/www.suno.com.br\/noticias\/#organization\",\"name\":\"Suno Not\u00edcias\",\"url\":\"https:\/\/www.suno.com.br\/noticias\/\",\"logo\":{\"@type\":\"ImageObject\",\"inLanguage\":\"pt-BR\",\"@id\":\"https:\/\/www.suno.com.br\/noticias\/#\/schema\/logo\/image\/\",\"url\":\"https:\/\/files.sunoresearch.com.br\/n\/uploads\/2021\/09\/suno-logo.png\",\"contentUrl\":\"https:\/\/files.sunoresearch.com.br\/n\/uploads\/2021\/09\/suno-logo.png\",\"width\":180,\"height\":180,\"caption\":\"Suno Not\u00edcias\"},\"image\":{\"@id\":\"https:\/\/www.suno.com.br\/noticias\/#\/schema\/logo\/image\/\"},\"sameAs\":[\"https:\/\/facebook.com\/sunoresearch\",\"https:\/\/x.com\/sunoresearch\",\"https:\/\/www.instagram.com\/suno\",\"https:\/\/www.linkedin.com\/company\/suno-research\/\",\"https:\/\/www.youtube.com\/c\/sunoresearch\"]},{\"@type\":\"Person\",\"@id\":\"https:\/\/www.suno.com.br\/noticias\/#\/schema\/person\/c94f387eeb0598ad381eac3e47a8686c\",\"name\":\"Silvio Suehiro\",\"image\":{\"@type\":\"ImageObject\",\"inLanguage\":\"pt-BR\",\"@id\":\"https:\/\/www.suno.com.br\/noticias\/#\/schema\/person\/image\/\",\"url\":\"https:\/\/secure.gravatar.com\/avatar\/06585eb21140975c6be6bb79a07edac1?s=96&r=g\",\"contentUrl\":\"https:\/\/secure.gravatar.com\/avatar\/06585eb21140975c6be6bb79a07edac1?s=96&r=g\",\"caption\":\"Silvio Suehiro\"},\"description\":\"Redator freelancer, com experi\u00eancia na produ\u00e7\u00e3o de not\u00edcias e artigos para as \u00e1reas de economia, finan\u00e7as e investimentos. Graduado em Comunica\u00e7\u00e3o Social - Jornalismo pela Universidade de Mogi das Cruzes (UMC), e p\u00f3s-graduado em Produ\u00e7\u00e3o Audiovisual Multiplataforma pela Universidade Anhembi Morumbi (UAM).\",\"url\":\"https:\/\/www.suno.com.br\/noticias\/author\/silvio-suehiro\/\"}]}<\/script>\n<!-- \/ Yoast SEO plugin. -->","yoast_head_json":{"title":"Oi (OIBR3): Vale a pena investir? Veja as perspectivas para 2023","description":"Nos \u00faltimos anos, a Oi (OIBR3) tem enfrentando momentos turbulentos. Veja se vale a pena investir na Oi e quais as perspectivas para 2023.","robots":{"index":"index","follow":"follow","max-snippet":"max-snippet:-1","max-image-preview":"max-image-preview:large","max-video-preview":"max-video-preview:-1"},"canonical":"https:\/\/www.suno.com.br\/noticias\/oi-oibr3-vale-a-pena-investir-perspectivas-2023\/","og_locale":"pt_BR","og_type":"article","og_title":"Oi (OIBR3): Vale a pena investir? Veja as perspectivas para 2023","og_description":"Nos \u00faltimos anos, a Oi (OIBR3) tem enfrentando momentos turbulentos. Veja se vale a pena investir na Oi e quais as perspectivas para 2023.","og_url":"https:\/\/www.suno.com.br\/noticias\/oi-oibr3-vale-a-pena-investir-perspectivas-2023\/","og_site_name":"Suno Not\u00edcias","article_publisher":"https:\/\/facebook.com\/sunoresearch","og_image":[{"width":1500,"height":1000,"url":"https:\/\/files.sunoresearch.com.br\/n\/uploads\/2022\/11\/oi-acoes-fecham-em-queda.jpg","type":"image\/jpeg"}],"author":"Silvio Suehiro","twitter_card":"summary_large_image","twitter_creator":"@sunoresearch","twitter_site":"@sunoresearch","twitter_misc":{"Escrito por":"Silvio Suehiro","Est. tempo de leitura":"8 minutos"},"schema":{"@context":"https:\/\/schema.org","@graph":[{"@type":"NewsArticle","@id":"https:\/\/www.suno.com.br\/noticias\/oi-oibr3-vale-a-pena-investir-perspectivas-2023\/#article","isPartOf":{"@id":"https:\/\/www.suno.com.br\/noticias\/oi-oibr3-vale-a-pena-investir-perspectivas-2023\/"},"author":{"name":"Silvio Suehiro","@id":"https:\/\/www.suno.com.br\/noticias\/#\/schema\/person\/c94f387eeb0598ad381eac3e47a8686c"},"headline":"Vale a pena investir na Oi (OIBR3)? Veja as perspectivas para 2023","datePublished":"2022-11-25T16:50:20+00:00","dateModified":"2022-11-25T16:50:28+00:00","mainEntityOfPage":{"@id":"https:\/\/www.suno.com.br\/noticias\/oi-oibr3-vale-a-pena-investir-perspectivas-2023\/"},"wordCount":1491,"publisher":{"@id":"https:\/\/www.suno.com.br\/noticias\/#organization"},"image":{"@id":"https:\/\/www.suno.com.br\/noticias\/oi-oibr3-vale-a-pena-investir-perspectivas-2023\/#primaryimage"},"thumbnailUrl":"https:\/\/files.sunoresearch.com.br\/n\/uploads\/2022\/11\/oi-acoes-fecham-em-queda.jpg","articleSection":["Neg\u00f3cios"],"inLanguage":"pt-BR"},{"@type":"WebPage","@id":"https:\/\/www.suno.com.br\/noticias\/oi-oibr3-vale-a-pena-investir-perspectivas-2023\/","url":"https:\/\/www.suno.com.br\/noticias\/oi-oibr3-vale-a-pena-investir-perspectivas-2023\/","name":"Oi (OIBR3): Vale a pena investir? Veja as perspectivas para 2023","isPartOf":{"@id":"https:\/\/www.suno.com.br\/noticias\/#website"},"primaryImageOfPage":{"@id":"https:\/\/www.suno.com.br\/noticias\/oi-oibr3-vale-a-pena-investir-perspectivas-2023\/#primaryimage"},"image":{"@id":"https:\/\/www.suno.com.br\/noticias\/oi-oibr3-vale-a-pena-investir-perspectivas-2023\/#primaryimage"},"thumbnailUrl":"https:\/\/files.sunoresearch.com.br\/n\/uploads\/2022\/11\/oi-acoes-fecham-em-queda.jpg","datePublished":"2022-11-25T16:50:20+00:00","dateModified":"2022-11-25T16:50:28+00:00","description":"Nos \u00faltimos anos, a Oi (OIBR3) tem enfrentando momentos turbulentos. Veja se vale a pena investir na Oi e quais as perspectivas para 2023.","breadcrumb":{"@id":"https:\/\/www.suno.com.br\/noticias\/oi-oibr3-vale-a-pena-investir-perspectivas-2023\/#breadcrumb"},"inLanguage":"pt-BR","potentialAction":[{"@type":"ReadAction","target":["https:\/\/www.suno.com.br\/noticias\/oi-oibr3-vale-a-pena-investir-perspectivas-2023\/"]}]},{"@type":"ImageObject","inLanguage":"pt-BR","@id":"https:\/\/www.suno.com.br\/noticias\/oi-oibr3-vale-a-pena-investir-perspectivas-2023\/#primaryimage","url":"https:\/\/files.sunoresearch.com.br\/n\/uploads\/2022\/11\/oi-acoes-fecham-em-queda.jpg","contentUrl":"https:\/\/files.sunoresearch.com.br\/n\/uploads\/2022\/11\/oi-acoes-fecham-em-queda.jpg","width":1500,"height":1000,"caption":"Oi (OIBR3). Foto: Divulga\u00e7\u00e3o"},{"@type":"BreadcrumbList","@id":"https:\/\/www.suno.com.br\/noticias\/oi-oibr3-vale-a-pena-investir-perspectivas-2023\/#breadcrumb","itemListElement":[{"@type":"ListItem","position":1,"name":"Not\u00edcias","item":"https:\/\/www.suno.com.br\/noticias\/"},{"@type":"ListItem","position":2,"name":"Neg\u00f3cios","item":"https:\/\/www.suno.com.br\/noticias\/negocios\/"},{"@type":"ListItem","position":3,"name":"Vale a pena investir na Oi (OIBR3)? Veja as perspectivas para 2023"}]},{"@type":"WebSite","@id":"https:\/\/www.suno.com.br\/noticias\/#website","url":"https:\/\/www.suno.com.br\/noticias\/","name":"Suno Not\u00edcias","description":"Seu portal de informa\u00e7\u00e3o sobre o mundo dos investimentos","publisher":{"@id":"https:\/\/www.suno.com.br\/noticias\/#organization"},"potentialAction":[{"@type":"SearchAction","target":{"@type":"EntryPoint","urlTemplate":"https:\/\/www.suno.com.br\/noticias\/?s={search_term_string}"},"query-input":{"@type":"PropertyValueSpecification","valueRequired":true,"valueName":"search_term_string"}}],"inLanguage":"pt-BR"},{"@type":"Organization","@id":"https:\/\/www.suno.com.br\/noticias\/#organization","name":"Suno Not\u00edcias","url":"https:\/\/www.suno.com.br\/noticias\/","logo":{"@type":"ImageObject","inLanguage":"pt-BR","@id":"https:\/\/www.suno.com.br\/noticias\/#\/schema\/logo\/image\/","url":"https:\/\/files.sunoresearch.com.br\/n\/uploads\/2021\/09\/suno-logo.png","contentUrl":"https:\/\/files.sunoresearch.com.br\/n\/uploads\/2021\/09\/suno-logo.png","width":180,"height":180,"caption":"Suno Not\u00edcias"},"image":{"@id":"https:\/\/www.suno.com.br\/noticias\/#\/schema\/logo\/image\/"},"sameAs":["https:\/\/facebook.com\/sunoresearch","https:\/\/x.com\/sunoresearch","https:\/\/www.instagram.com\/suno","https:\/\/www.linkedin.com\/company\/suno-research\/","https:\/\/www.youtube.com\/c\/sunoresearch"]},{"@type":"Person","@id":"https:\/\/www.suno.com.br\/noticias\/#\/schema\/person\/c94f387eeb0598ad381eac3e47a8686c","name":"Silvio Suehiro","image":{"@type":"ImageObject","inLanguage":"pt-BR","@id":"https:\/\/www.suno.com.br\/noticias\/#\/schema\/person\/image\/","url":"https:\/\/secure.gravatar.com\/avatar\/06585eb21140975c6be6bb79a07edac1?s=96&r=g","contentUrl":"https:\/\/secure.gravatar.com\/avatar\/06585eb21140975c6be6bb79a07edac1?s=96&r=g","caption":"Silvio Suehiro"},"description":"Redator freelancer, com experi\u00eancia na produ\u00e7\u00e3o de not\u00edcias e artigos para as \u00e1reas de economia, finan\u00e7as e investimentos. Graduado em Comunica\u00e7\u00e3o Social - Jornalismo pela Universidade de Mogi das Cruzes (UMC), e p\u00f3s-graduado em Produ\u00e7\u00e3o Audiovisual Multiplataforma pela Universidade Anhembi Morumbi (UAM).","url":"https:\/\/www.suno.com.br\/noticias\/author\/silvio-suehiro\/"}]}},"default_loop_html":"<div class=\"cardsPage__listCard__boxs\"><div class=\"cardsPage__listCard__boxs__img\"><a href=\"https:\/\/www.suno.com.br\/noticias\/oi-oibr3-vale-a-pena-investir-perspectivas-2023\/\"><img class=\"mask\" src=\"https:\/\/www.suno.com.br\/noticias\/wp-content\/themes\/suno\/resources\/images\/spotlight\/spotlight1img\/bg-mask.png\" alt=\"Image Mask\"\/><img src=\"https:\/\/files.sunoresearch.com.br\/n\/uploads\/2022\/11\/oi-acoes-fecham-em-queda-400x200.jpg\" alt=\"Vale a pena investir na Oi (OIBR3)? Veja as perspectivas para 2023\"\/><\/a><span class=\"spotlightCategory\"><a href=\"https:\/\/www.suno.com.br\/noticias\/negocios\/\">Neg\u00f3cios<\/a><\/span><\/div><div class=\"cardsPage__listCard__boxs__content\"><a href=\"https:\/\/www.suno.com.br\/noticias\/oi-oibr3-vale-a-pena-investir-perspectivas-2023\/\"><h2 class=\"content__title\">Vale a pena investir na Oi (OIBR3)? Veja as perspectivas para 2023<\/h2><\/a><div class=\"newsContent__article__meta\"><div class=\"newsContent__article__meta__authorBox\"><a href=\"https:\/\/www.suno.com.br\/noticias\/author\/joao-vitor-jacintho\/\" class=\"authorBox__avatar noMobi\"><img src=\"https:\/\/secure.gravatar.com\/avatar\/2843227ca03ccf8cc7ccca45204c127e?s=96&#038;r=g\" alt=\"Jo\u00e3o Vitor Jacintho\"><\/a><div class=\"authorBox__name\"><span>por\n\t\t\t<a href=\"https:\/\/www.suno.com.br\/noticias\/author\/joao-vitor-jacintho\/\"><span itemprop=\"author\">Jo\u00e3o Vitor Jacintho<\/span><\/a><\/span><time datetime=\"2022-11-25T13:50:20-03:00\" itemprop=\"datePublished\">25\/11\/2022 13:50<\/time><\/div><\/div><\/div><\/div><\/div>","single_layout":"posts","amp_enabled":true,"_links":{"self":[{"href":"https:\/\/www.suno.com.br\/noticias\/wp-json\/wp\/v2\/posts\/323585"}],"collection":[{"href":"https:\/\/www.suno.com.br\/noticias\/wp-json\/wp\/v2\/posts"}],"about":[{"href":"https:\/\/www.suno.com.br\/noticias\/wp-json\/wp\/v2\/types\/post"}],"author":[{"embeddable":true,"href":"https:\/\/www.suno.com.br\/noticias\/wp-json\/wp\/v2\/users\/224"}],"replies":[{"embeddable":true,"href":"https:\/\/www.suno.com.br\/noticias\/wp-json\/wp\/v2\/comments?post=323585"}],"version-history":[{"count":3,"href":"https:\/\/www.suno.com.br\/noticias\/wp-json\/wp\/v2\/posts\/323585\/revisions"}],"predecessor-version":[{"id":323829,"href":"https:\/\/www.suno.com.br\/noticias\/wp-json\/wp\/v2\/posts\/323585\/revisions\/323829"}],"wp:featuredmedia":[{"embeddable":true,"href":"https:\/\/www.suno.com.br\/noticias\/wp-json\/wp\/v2\/media\/321709"}],"wp:attachment":[{"href":"https:\/\/www.suno.com.br\/noticias\/wp-json\/wp\/v2\/media?parent=323585"}],"wp:term":[{"taxonomy":"category","embeddable":true,"href":"https:\/\/www.suno.com.br\/noticias\/wp-json\/wp\/v2\/categories?post=323585"},{"taxonomy":"post_tag","embeddable":true,"href":"https:\/\/www.suno.com.br\/noticias\/wp-json\/wp\/v2\/tags?post=323585"},{"taxonomy":"suno_strategy","embeddable":true,"href":"https:\/\/www.suno.com.br\/noticias\/wp-json\/wp\/v2\/suno_strategy?post=323585"}],"curies":[{"name":"wp","href":"https:\/\/api.w.org\/{rel}","templated":true}]}}