{"id":32340,"date":"2019-07-26T19:00:30","date_gmt":"2019-07-26T22:00:30","guid":{"rendered":"https:\/\/www.suno.com.br\/noticias\/?p=32340"},"modified":"2021-02-17T22:48:03","modified_gmt":"2021-02-18T01:48:03","slug":"banco-central-credito-bancario-aumentou-12-1-semestre","status":"publish","type":"post","link":"https:\/\/www.suno.com.br\/noticias\/banco-central-credito-bancario-aumentou-12-1-semestre\/","title":{"rendered":"Banco Central: Cr\u00e9dito banc\u00e1rio aumentou 1,2% no 1\u00ba semestre de 2019"},"content":{"rendered":"<p>O <a href=\"https:\/\/www.suno.com.br\/artigos\/bacen\/\">Banco Central (BC)<\/a> informou nesta sexta-feira (26) que o <strong>cr\u00e9dito banc\u00e1rio<\/strong> subiu 1,2% no primeiro semestre deste ano e chegou a R$ 3,29 trilh\u00f5es.<\/p>\t<div class=\"wrapper-featured-image\">\n\t\t<figure class=\"spotlightImg\">\n\n\t\t\t<picture>\n\t\t\t\t<source media=\"(max-width: 768px)\" srcset=\"https:\/\/files.sunoresearch.com.br\/n\/uploads\/2019\/07\/20f3f253-cart\u00e3ocredito-400x200.webp\">\n\t\t\t\t<img loading=\"lazy\" decoding=\"async\" class=\"newsContent__article__imgCapa lazyloadDisabled newsContent__article__imgCapa--noCaption\" src=\"https:\/\/files.sunoresearch.com.br\/n\/uploads\/2019\/07\/20f3f253-cart\u00e3ocredito-jpg.webp\" width=\"800\" height=\"450\" alt=\"Banco Central: Cr\u00e9dito banc\u00e1rio aumentou 1,2% no 1\u00ba semestre de 2019\" fetchpriority=high \/>\n\t\t\t<\/picture>\n\n\t\t\t<figcaption class=\"wp-caption-text wp-caption-text--hide\">Juros do cart\u00e3o de cr\u00e9dito rotativo aumentaram para 289% em agosto<\/figcaption>\n\t\t<\/figure>\n\t<\/div>\n\n\n<p>Conforme divulgado pelo <strong>Banco Central<\/strong>, o saldo das opera\u00e7\u00f5es com pessoas f\u00edsicas registraram<strong> alta<\/strong> de 4,5% no primeiro semestre, somando R$ 1,87 trilh\u00e3o. Por outro lado, as opera\u00e7\u00f5es com empresas diminu\u00edram 2,9% e contabilizaram R$ 1,42 trilh\u00e3o no per\u00edodo.<\/p>\n<p>&#8220;Esse aumento da massa salarial \u00e9 a fonte do aumento do cr\u00e9dito para as fam\u00edlias&#8221;, explicou o chefe de estat\u00edsticas do Banco Central, Fernando Rocha.<\/p>\n\n<p>O volume total de cr\u00e9dito encerrou o primeiro semestre de 2019 correspondendo a 47,2% do <a href=\"https:\/\/www.suno.com.br\/artigos\/o-produto-interno-bruto-pib\/\">Produto Interno Bruto (PIB)<\/a>. No \u00faltimo semestre de 2018 o valor era equivalente a 47,7% do PIB. Entretanto, o volume de cr\u00e9dito apresentou alta de 5,1% no decorrer dos \u00faltimos 12 meses.<\/p>\n<h2>Juros do cart\u00e3o de cr\u00e9dito<\/h2>\n<p>A institui\u00e7\u00e3o divulgou ainda uma eleva\u00e7\u00e3o nas <strong>taxas de juros<\/strong> m\u00e9dias para os cart\u00f5es de cr\u00e9dito. Conforme o BC, as taxas equivalem a mais de 300% ao ano, em m\u00e9dia. Em maio, o valor indicado era 299,8%.<\/p>\n<p>Em compara\u00e7\u00e3o ao final de 2018, as taxas, que eram de 285,4% em dezembro, subiram 14,7 pontos percentuais.<\/p>\n\t<p>\n\t\t<a href=\"https:\/\/lp.suno.com.br\/ebook-investindo-em-fiis\/\" target=\"_blank\" data-element=\"shortcode-suno-banner\" title=\"Banner SUNO, clique e saiba mais\">\n\t\t\t<picture>\n\t\t\t\t<source media=\"(max-width: 500px)\" srcset=\"https:\/\/files.sunoresearch.com.br\/n\/uploads\/2023\/07\/Ebook-Fundos-Imobiliarios-Mobile.jpg\">\n\t\t\t\t<img class=\"newsContent__article__imgCapa newsContent__article__imgCapa--banner\"\n\t\t\t\t\tsrc=\"https:\/\/files.sunoresearch.com.br\/n\/uploads\/2023\/07\/Ebook-Fundos-Imobiliarios-Desktop.jpg\"\n\t\t\t\t\tdata-promo-id=\"378301\"\t\t\t\t\t\t\t\t\t\twidth='1420' height='286'\t\t\t\t\talt=\"https:\/\/files.sunoresearch.com.br\/n\/uploads\/2023\/07\/Ebook-Fundos-Imobiliarios-Desktop.jpg\"\n\t\t\t\t>\n\t\t\t<\/picture>\n\t\t<\/a>\n\t<\/p>\n\n\n<p>A institui\u00e7\u00e3o informou que o aumento \u00e9 motivado pela estabilidade da taxa b\u00e1sica de juros do Brasil, estabelecida pelo <a href=\"https:\/\/www.suno.com.br\/artigos\/copom\/\">Comit\u00ea de Pol\u00edtica Monet\u00e1ria (Copom)<\/a>. Essa taxa segue inalterada desde mar\u00e7o de 2018, em 6,5% ao ano.<\/p>\n<p>A taxa de inadimpl\u00eancia n\u00e3o sofreu muita altera\u00e7\u00e3o. No final do ano passado, a taxa era de 3,2%, em junho deste ano o valor passou para 3,3%.<\/p>\n<h2>Proje\u00e7\u00e3o para o crescimento de cr\u00e9dito<\/h2>\n<p>O Minist\u00e9rio da Economia informou na \u00faltima semana que o crescimento do cr\u00e9dito em 2019 e 2020 deve ser moderado. Dessa forma, o ritmo mais intenso deve come\u00e7ar apenas em 2021.<\/p>\n<p><a href=\"https:\/\/www.suno.com.br\/noticias\/governo-projeta-credito-2019-2020\/\">Saiba mais: Governo projeta crescimento modesto para o cr\u00e9dito em 2019 e 2020<\/a><\/p>\n<p>A Secretaria de Pol\u00edtica Econ\u00f4mica do governo estima que o crescimento m\u00e9dio de cr\u00e9dito seja de 4,9%. Em 2020, a proje\u00e7\u00e3o indica uma alta do estoque de financiamentos banc\u00e1rios de 4,5%.<\/p>\n<p>Essas previs\u00f5es s\u00e3o inclusas na \u201cgrade de par\u00e2metros\u201d or\u00e7ament\u00e1rios. A grade consiste em um documento elaborado bimestralmente para subsidiar as proje\u00e7\u00f5es de arrecada\u00e7\u00e3o pela Receita Federal. Al\u00e9m disso, essa grade contribui para elabora a previs\u00e3o de despesas de outras \u00e1reas do governo.<\/p>\n<p>No \u00faltimo m\u00eas, o <a href=\"https:\/\/www.suno.com.br\/artigos\/bacen\/\"><strong>Banco Central<\/strong><\/a> reduziu a previs\u00e3o de crescimento do cr\u00e9dito banc\u00e1rio para 6,5% em 2019.<\/p>\n","protected":false},"excerpt":{"rendered":"<p>O Banco Central (BC) informou nesta sexta-feira (26) que o cr\u00e9dito banc\u00e1rio subiu 1,2% no primeiro semestre deste ano e chegou a R$ 3,29 trilh\u00f5es. Juros do cart\u00e3o de cr\u00e9dito rotativo aumentaram para 289% em agosto Conforme divulgado pelo Banco Central, o saldo das opera\u00e7\u00f5es com pessoas f\u00edsicas registraram alta de 4,5% no primeiro semestre, [&hellip;]<\/p>\n","protected":false},"author":18,"featured_media":32344,"comment_status":"closed","ping_status":"closed","sticky":false,"template":"","format":"standard","meta":[],"categories":[62],"tags":[1842,1771,1752],"suno_strategy":[],"class_list":["post-32340","post","type-post","status-publish","format-standard","has-post-thumbnail","hentry","category-economia","tag-banco-central-bc","tag-credito-bancario","tag-taxa-de-juros"],"yoast_head":"<!-- This site is optimized with the Yoast SEO plugin v24.4 - https:\/\/yoast.com\/wordpress\/plugins\/seo\/ -->\n<title>Banco Central: Cr\u00e9dito banc\u00e1rio aumentou 1,2% no 1\u00ba semestre de 2019<\/title>\n<meta name=\"description\" content=\"O Banco Central (BC) informou que o cr\u00e9dito banc\u00e1rio subiu 1,2% no 1\u00ba semestre deste ano e chegou a R$ 3,29 trilh\u00f5es.\u00a0Clique para saber mais.\" \/>\n<meta name=\"robots\" content=\"index, follow, max-snippet:-1, max-image-preview:large, max-video-preview:-1\" \/>\n<link rel=\"canonical\" href=\"https:\/\/www.suno.com.br\/noticias\/banco-central-credito-bancario-aumentou-12-1-semestre\/\" \/>\n<meta property=\"og:locale\" content=\"pt_BR\" \/>\n<meta property=\"og:type\" content=\"article\" \/>\n<meta property=\"og:title\" content=\"Banco Central: Cr\u00e9dito banc\u00e1rio aumentou 1,2% no 1\u00ba semestre de 2019\" \/>\n<meta property=\"og:description\" content=\"O Banco Central (BC) informou que o cr\u00e9dito banc\u00e1rio subiu 1,2% no 1\u00ba semestre deste ano e chegou a R$ 3,29 trilh\u00f5es.\u00a0Clique para saber mais.\" \/>\n<meta property=\"og:url\" content=\"https:\/\/www.suno.com.br\/noticias\/banco-central-credito-bancario-aumentou-12-1-semestre\/\" \/>\n<meta property=\"og:site_name\" content=\"Suno Not\u00edcias\" \/>\n<meta property=\"article:publisher\" content=\"https:\/\/facebook.com\/sunoresearch\" \/>\n<meta property=\"og:image\" content=\"https:\/\/files.sunoresearch.com.br\/n\/uploads\/2019\/07\/20f3f253-cart\u00e3ocredito.jpg\" \/>\n\t<meta property=\"og:image:width\" content=\"600\" \/>\n\t<meta property=\"og:image:height\" content=\"340\" \/>\n\t<meta property=\"og:image:type\" content=\"image\/jpeg\" \/>\n<meta name=\"author\" content=\"Giovanna Oliveira\" \/>\n<meta name=\"twitter:card\" content=\"summary_large_image\" \/>\n<meta name=\"twitter:creator\" content=\"@sunoresearch\" \/>\n<meta name=\"twitter:site\" content=\"@sunoresearch\" \/>\n<meta name=\"twitter:label1\" content=\"Escrito por\" \/>\n\t<meta name=\"twitter:data1\" content=\"Giovanna Oliveira\" \/>\n\t<meta name=\"twitter:label2\" content=\"Est. tempo de leitura\" \/>\n\t<meta name=\"twitter:data2\" content=\"2 minutos\" \/>\n<script type=\"application\/ld+json\" class=\"yoast-schema-graph\">{\"@context\":\"https:\/\/schema.org\",\"@graph\":[{\"@type\":\"NewsArticle\",\"@id\":\"https:\/\/www.suno.com.br\/noticias\/banco-central-credito-bancario-aumentou-12-1-semestre\/#article\",\"isPartOf\":{\"@id\":\"https:\/\/www.suno.com.br\/noticias\/banco-central-credito-bancario-aumentou-12-1-semestre\/\"},\"author\":{\"name\":\"Giovanna Oliveira\",\"@id\":\"https:\/\/www.suno.com.br\/noticias\/#\/schema\/person\/4e19e3d2575736e5283d58eb3199d120\"},\"headline\":\"Banco Central: Cr\u00e9dito banc\u00e1rio aumentou 1,2% no 1\u00ba semestre de 2019\",\"datePublished\":\"2019-07-26T22:00:30+00:00\",\"dateModified\":\"2021-02-18T01:48:03+00:00\",\"mainEntityOfPage\":{\"@id\":\"https:\/\/www.suno.com.br\/noticias\/banco-central-credito-bancario-aumentou-12-1-semestre\/\"},\"wordCount\":438,\"publisher\":{\"@id\":\"https:\/\/www.suno.com.br\/noticias\/#organization\"},\"image\":{\"@id\":\"https:\/\/www.suno.com.br\/noticias\/banco-central-credito-bancario-aumentou-12-1-semestre\/#primaryimage\"},\"thumbnailUrl\":\"https:\/\/files.sunoresearch.com.br\/n\/uploads\/2019\/07\/20f3f253-cart\u00e3ocredito-jpg.webp\",\"keywords\":[\"Banco Central (BC)\",\"cr\u00e9dito banc\u00e1rio\",\"taxa de juros\"],\"articleSection\":[\"Economia\"],\"inLanguage\":\"pt-BR\"},{\"@type\":\"WebPage\",\"@id\":\"https:\/\/www.suno.com.br\/noticias\/banco-central-credito-bancario-aumentou-12-1-semestre\/\",\"url\":\"https:\/\/www.suno.com.br\/noticias\/banco-central-credito-bancario-aumentou-12-1-semestre\/\",\"name\":\"Banco Central: Cr\u00e9dito banc\u00e1rio aumentou 1,2% no 1\u00ba semestre de 2019\",\"isPartOf\":{\"@id\":\"https:\/\/www.suno.com.br\/noticias\/#website\"},\"primaryImageOfPage\":{\"@id\":\"https:\/\/www.suno.com.br\/noticias\/banco-central-credito-bancario-aumentou-12-1-semestre\/#primaryimage\"},\"image\":{\"@id\":\"https:\/\/www.suno.com.br\/noticias\/banco-central-credito-bancario-aumentou-12-1-semestre\/#primaryimage\"},\"thumbnailUrl\":\"https:\/\/files.sunoresearch.com.br\/n\/uploads\/2019\/07\/20f3f253-cart\u00e3ocredito-jpg.webp\",\"datePublished\":\"2019-07-26T22:00:30+00:00\",\"dateModified\":\"2021-02-18T01:48:03+00:00\",\"description\":\"O Banco Central (BC) informou que o cr\u00e9dito banc\u00e1rio subiu 1,2% no 1\u00ba semestre deste ano e chegou a R$ 3,29 trilh\u00f5es.\u00a0Clique para saber mais.\",\"breadcrumb\":{\"@id\":\"https:\/\/www.suno.com.br\/noticias\/banco-central-credito-bancario-aumentou-12-1-semestre\/#breadcrumb\"},\"inLanguage\":\"pt-BR\",\"potentialAction\":[{\"@type\":\"ReadAction\",\"target\":[\"https:\/\/www.suno.com.br\/noticias\/banco-central-credito-bancario-aumentou-12-1-semestre\/\"]}]},{\"@type\":\"ImageObject\",\"inLanguage\":\"pt-BR\",\"@id\":\"https:\/\/www.suno.com.br\/noticias\/banco-central-credito-bancario-aumentou-12-1-semestre\/#primaryimage\",\"url\":\"https:\/\/files.sunoresearch.com.br\/n\/uploads\/2019\/07\/20f3f253-cart\u00e3ocredito-jpg.webp\",\"contentUrl\":\"https:\/\/files.sunoresearch.com.br\/n\/uploads\/2019\/07\/20f3f253-cart\u00e3ocredito-jpg.webp\",\"width\":600,\"height\":340,\"caption\":\"Juros do cart\u00e3o de cr\u00e9dito rotativo aumentaram para 289% em agosto\"},{\"@type\":\"BreadcrumbList\",\"@id\":\"https:\/\/www.suno.com.br\/noticias\/banco-central-credito-bancario-aumentou-12-1-semestre\/#breadcrumb\",\"itemListElement\":[{\"@type\":\"ListItem\",\"position\":1,\"name\":\"Not\u00edcias\",\"item\":\"https:\/\/www.suno.com.br\/noticias\/\"},{\"@type\":\"ListItem\",\"position\":2,\"name\":\"Economia\",\"item\":\"https:\/\/www.suno.com.br\/noticias\/economia\/\"},{\"@type\":\"ListItem\",\"position\":3,\"name\":\"Banco Central: Cr\u00e9dito banc\u00e1rio aumentou 1,2% no 1\u00ba semestre de 2019\"}]},{\"@type\":\"WebSite\",\"@id\":\"https:\/\/www.suno.com.br\/noticias\/#website\",\"url\":\"https:\/\/www.suno.com.br\/noticias\/\",\"name\":\"Suno Not\u00edcias\",\"description\":\"Seu portal de informa\u00e7\u00e3o sobre o mundo dos investimentos\",\"publisher\":{\"@id\":\"https:\/\/www.suno.com.br\/noticias\/#organization\"},\"potentialAction\":[{\"@type\":\"SearchAction\",\"target\":{\"@type\":\"EntryPoint\",\"urlTemplate\":\"https:\/\/www.suno.com.br\/noticias\/?s={search_term_string}\"},\"query-input\":{\"@type\":\"PropertyValueSpecification\",\"valueRequired\":true,\"valueName\":\"search_term_string\"}}],\"inLanguage\":\"pt-BR\"},{\"@type\":\"Organization\",\"@id\":\"https:\/\/www.suno.com.br\/noticias\/#organization\",\"name\":\"Suno Not\u00edcias\",\"url\":\"https:\/\/www.suno.com.br\/noticias\/\",\"logo\":{\"@type\":\"ImageObject\",\"inLanguage\":\"pt-BR\",\"@id\":\"https:\/\/www.suno.com.br\/noticias\/#\/schema\/logo\/image\/\",\"url\":\"https:\/\/files.sunoresearch.com.br\/n\/uploads\/2021\/09\/suno-logo.png\",\"contentUrl\":\"https:\/\/files.sunoresearch.com.br\/n\/uploads\/2021\/09\/suno-logo.png\",\"width\":180,\"height\":180,\"caption\":\"Suno Not\u00edcias\"},\"image\":{\"@id\":\"https:\/\/www.suno.com.br\/noticias\/#\/schema\/logo\/image\/\"},\"sameAs\":[\"https:\/\/facebook.com\/sunoresearch\",\"https:\/\/x.com\/sunoresearch\",\"https:\/\/www.instagram.com\/suno\",\"https:\/\/www.linkedin.com\/company\/suno-research\/\",\"https:\/\/www.youtube.com\/c\/sunoresearch\"]},{\"@type\":\"Person\",\"@id\":\"https:\/\/www.suno.com.br\/noticias\/#\/schema\/person\/4e19e3d2575736e5283d58eb3199d120\",\"name\":\"Giovanna Oliveira\",\"image\":{\"@type\":\"ImageObject\",\"inLanguage\":\"pt-BR\",\"@id\":\"https:\/\/www.suno.com.br\/noticias\/#\/schema\/person\/image\/\",\"url\":\"https:\/\/secure.gravatar.com\/avatar\/9a37b3ae208962ac568992d0ffdbc2eb?s=96&r=g\",\"contentUrl\":\"https:\/\/secure.gravatar.com\/avatar\/9a37b3ae208962ac568992d0ffdbc2eb?s=96&r=g\",\"caption\":\"Giovanna Oliveira\"},\"description\":\"Giovanna Oliveira escreve sobre economia e pol\u00edtica. Foi rep\u00f3rter do portal de jornalismo da ESPM-SP e produziu conte\u00fado para a Corinthians TV. \u00c9 estudante da ESPM.\",\"url\":\"https:\/\/www.suno.com.br\/noticias\/author\/giovanna\/\"}]}<\/script>\n<!-- \/ Yoast SEO plugin. -->","yoast_head_json":{"title":"Banco Central: Cr\u00e9dito banc\u00e1rio aumentou 1,2% no 1\u00ba semestre de 2019","description":"O Banco Central (BC) informou que o cr\u00e9dito banc\u00e1rio subiu 1,2% no 1\u00ba semestre deste ano e chegou a R$ 3,29 trilh\u00f5es.\u00a0Clique para saber mais.","robots":{"index":"index","follow":"follow","max-snippet":"max-snippet:-1","max-image-preview":"max-image-preview:large","max-video-preview":"max-video-preview:-1"},"canonical":"https:\/\/www.suno.com.br\/noticias\/banco-central-credito-bancario-aumentou-12-1-semestre\/","og_locale":"pt_BR","og_type":"article","og_title":"Banco Central: Cr\u00e9dito banc\u00e1rio aumentou 1,2% no 1\u00ba semestre de 2019","og_description":"O Banco Central (BC) informou que o cr\u00e9dito banc\u00e1rio subiu 1,2% no 1\u00ba semestre deste ano e chegou a R$ 3,29 trilh\u00f5es.\u00a0Clique para saber mais.","og_url":"https:\/\/www.suno.com.br\/noticias\/banco-central-credito-bancario-aumentou-12-1-semestre\/","og_site_name":"Suno Not\u00edcias","article_publisher":"https:\/\/facebook.com\/sunoresearch","og_image":[{"width":600,"height":340,"url":"https:\/\/files.sunoresearch.com.br\/n\/uploads\/2019\/07\/20f3f253-cart\u00e3ocredito.jpg","type":"image\/jpeg"}],"author":"Giovanna Oliveira","twitter_card":"summary_large_image","twitter_creator":"@sunoresearch","twitter_site":"@sunoresearch","twitter_misc":{"Escrito por":"Giovanna Oliveira","Est. tempo de leitura":"2 minutos"},"schema":{"@context":"https:\/\/schema.org","@graph":[{"@type":"NewsArticle","@id":"https:\/\/www.suno.com.br\/noticias\/banco-central-credito-bancario-aumentou-12-1-semestre\/#article","isPartOf":{"@id":"https:\/\/www.suno.com.br\/noticias\/banco-central-credito-bancario-aumentou-12-1-semestre\/"},"author":{"name":"Giovanna Oliveira","@id":"https:\/\/www.suno.com.br\/noticias\/#\/schema\/person\/4e19e3d2575736e5283d58eb3199d120"},"headline":"Banco Central: Cr\u00e9dito banc\u00e1rio aumentou 1,2% no 1\u00ba semestre de 2019","datePublished":"2019-07-26T22:00:30+00:00","dateModified":"2021-02-18T01:48:03+00:00","mainEntityOfPage":{"@id":"https:\/\/www.suno.com.br\/noticias\/banco-central-credito-bancario-aumentou-12-1-semestre\/"},"wordCount":438,"publisher":{"@id":"https:\/\/www.suno.com.br\/noticias\/#organization"},"image":{"@id":"https:\/\/www.suno.com.br\/noticias\/banco-central-credito-bancario-aumentou-12-1-semestre\/#primaryimage"},"thumbnailUrl":"https:\/\/files.sunoresearch.com.br\/n\/uploads\/2019\/07\/20f3f253-cart\u00e3ocredito-jpg.webp","keywords":["Banco Central (BC)","cr\u00e9dito banc\u00e1rio","taxa de juros"],"articleSection":["Economia"],"inLanguage":"pt-BR"},{"@type":"WebPage","@id":"https:\/\/www.suno.com.br\/noticias\/banco-central-credito-bancario-aumentou-12-1-semestre\/","url":"https:\/\/www.suno.com.br\/noticias\/banco-central-credito-bancario-aumentou-12-1-semestre\/","name":"Banco Central: Cr\u00e9dito banc\u00e1rio aumentou 1,2% no 1\u00ba semestre de 2019","isPartOf":{"@id":"https:\/\/www.suno.com.br\/noticias\/#website"},"primaryImageOfPage":{"@id":"https:\/\/www.suno.com.br\/noticias\/banco-central-credito-bancario-aumentou-12-1-semestre\/#primaryimage"},"image":{"@id":"https:\/\/www.suno.com.br\/noticias\/banco-central-credito-bancario-aumentou-12-1-semestre\/#primaryimage"},"thumbnailUrl":"https:\/\/files.sunoresearch.com.br\/n\/uploads\/2019\/07\/20f3f253-cart\u00e3ocredito-jpg.webp","datePublished":"2019-07-26T22:00:30+00:00","dateModified":"2021-02-18T01:48:03+00:00","description":"O Banco Central (BC) informou que o cr\u00e9dito banc\u00e1rio subiu 1,2% no 1\u00ba semestre deste ano e chegou a R$ 3,29 trilh\u00f5es.\u00a0Clique para saber mais.","breadcrumb":{"@id":"https:\/\/www.suno.com.br\/noticias\/banco-central-credito-bancario-aumentou-12-1-semestre\/#breadcrumb"},"inLanguage":"pt-BR","potentialAction":[{"@type":"ReadAction","target":["https:\/\/www.suno.com.br\/noticias\/banco-central-credito-bancario-aumentou-12-1-semestre\/"]}]},{"@type":"ImageObject","inLanguage":"pt-BR","@id":"https:\/\/www.suno.com.br\/noticias\/banco-central-credito-bancario-aumentou-12-1-semestre\/#primaryimage","url":"https:\/\/files.sunoresearch.com.br\/n\/uploads\/2019\/07\/20f3f253-cart\u00e3ocredito-jpg.webp","contentUrl":"https:\/\/files.sunoresearch.com.br\/n\/uploads\/2019\/07\/20f3f253-cart\u00e3ocredito-jpg.webp","width":600,"height":340,"caption":"Juros do cart\u00e3o de cr\u00e9dito rotativo aumentaram para 289% em agosto"},{"@type":"BreadcrumbList","@id":"https:\/\/www.suno.com.br\/noticias\/banco-central-credito-bancario-aumentou-12-1-semestre\/#breadcrumb","itemListElement":[{"@type":"ListItem","position":1,"name":"Not\u00edcias","item":"https:\/\/www.suno.com.br\/noticias\/"},{"@type":"ListItem","position":2,"name":"Economia","item":"https:\/\/www.suno.com.br\/noticias\/economia\/"},{"@type":"ListItem","position":3,"name":"Banco Central: Cr\u00e9dito banc\u00e1rio aumentou 1,2% no 1\u00ba semestre de 2019"}]},{"@type":"WebSite","@id":"https:\/\/www.suno.com.br\/noticias\/#website","url":"https:\/\/www.suno.com.br\/noticias\/","name":"Suno Not\u00edcias","description":"Seu portal de informa\u00e7\u00e3o sobre o mundo dos investimentos","publisher":{"@id":"https:\/\/www.suno.com.br\/noticias\/#organization"},"potentialAction":[{"@type":"SearchAction","target":{"@type":"EntryPoint","urlTemplate":"https:\/\/www.suno.com.br\/noticias\/?s={search_term_string}"},"query-input":{"@type":"PropertyValueSpecification","valueRequired":true,"valueName":"search_term_string"}}],"inLanguage":"pt-BR"},{"@type":"Organization","@id":"https:\/\/www.suno.com.br\/noticias\/#organization","name":"Suno Not\u00edcias","url":"https:\/\/www.suno.com.br\/noticias\/","logo":{"@type":"ImageObject","inLanguage":"pt-BR","@id":"https:\/\/www.suno.com.br\/noticias\/#\/schema\/logo\/image\/","url":"https:\/\/files.sunoresearch.com.br\/n\/uploads\/2021\/09\/suno-logo.png","contentUrl":"https:\/\/files.sunoresearch.com.br\/n\/uploads\/2021\/09\/suno-logo.png","width":180,"height":180,"caption":"Suno Not\u00edcias"},"image":{"@id":"https:\/\/www.suno.com.br\/noticias\/#\/schema\/logo\/image\/"},"sameAs":["https:\/\/facebook.com\/sunoresearch","https:\/\/x.com\/sunoresearch","https:\/\/www.instagram.com\/suno","https:\/\/www.linkedin.com\/company\/suno-research\/","https:\/\/www.youtube.com\/c\/sunoresearch"]},{"@type":"Person","@id":"https:\/\/www.suno.com.br\/noticias\/#\/schema\/person\/4e19e3d2575736e5283d58eb3199d120","name":"Giovanna Oliveira","image":{"@type":"ImageObject","inLanguage":"pt-BR","@id":"https:\/\/www.suno.com.br\/noticias\/#\/schema\/person\/image\/","url":"https:\/\/secure.gravatar.com\/avatar\/9a37b3ae208962ac568992d0ffdbc2eb?s=96&r=g","contentUrl":"https:\/\/secure.gravatar.com\/avatar\/9a37b3ae208962ac568992d0ffdbc2eb?s=96&r=g","caption":"Giovanna Oliveira"},"description":"Giovanna Oliveira escreve sobre economia e pol\u00edtica. Foi rep\u00f3rter do portal de jornalismo da ESPM-SP e produziu conte\u00fado para a Corinthians TV. \u00c9 estudante da ESPM.","url":"https:\/\/www.suno.com.br\/noticias\/author\/giovanna\/"}]}},"default_loop_html":"<div class=\"cardsPage__listCard__boxs\"><div class=\"cardsPage__listCard__boxs__img\"><a href=\"https:\/\/www.suno.com.br\/noticias\/banco-central-credito-bancario-aumentou-12-1-semestre\/\"><img class=\"mask\" src=\"https:\/\/www.suno.com.br\/noticias\/wp-content\/themes\/suno\/resources\/images\/spotlight\/spotlight1img\/bg-mask.png\" alt=\"Image Mask\"\/><img src=\"https:\/\/files.sunoresearch.com.br\/n\/uploads\/2019\/07\/20f3f253-cart\u00e3ocredito-400x200.webp\" alt=\"Banco Central: Cr\u00e9dito banc\u00e1rio aumentou 1,2% no 1\u00ba semestre de 2019\"\/><\/a><span class=\"spotlightCategory\"><a href=\"https:\/\/www.suno.com.br\/noticias\/economia\/\">Economia<\/a><\/span><\/div><div class=\"cardsPage__listCard__boxs__content\"><a href=\"https:\/\/www.suno.com.br\/noticias\/banco-central-credito-bancario-aumentou-12-1-semestre\/\"><h2 class=\"content__title\">Banco Central: Cr\u00e9dito banc\u00e1rio aumentou 1,2% no 1\u00ba semestre de 2019<\/h2><\/a><div class=\"newsContent__article__meta\"><div class=\"newsContent__article__meta__authorBox\"><a href=\"https:\/\/www.suno.com.br\/noticias\/author\/giovanna\/\" class=\"authorBox__avatar noMobi\"><img src=\"https:\/\/files.sunoresearch.com.br\/n\/uploads\/2019\/06\/952a89ca-screenshot_20190608-171507-150x150.webp\" alt=\"Giovanna Oliveira\"><\/a><div class=\"authorBox__name\"><span>por\n\t\t\t<a href=\"https:\/\/www.suno.com.br\/noticias\/author\/giovanna\/\"><span itemprop=\"author\">Giovanna Oliveira<\/span><\/a><\/span><time datetime=\"2019-07-26T19:00:30-03:00\" itemprop=\"datePublished\">26\/07\/2019 19:00<\/time><\/div><\/div><\/div><\/div><\/div>","single_layout":"posts","amp_enabled":true,"_links":{"self":[{"href":"https:\/\/www.suno.com.br\/noticias\/wp-json\/wp\/v2\/posts\/32340"}],"collection":[{"href":"https:\/\/www.suno.com.br\/noticias\/wp-json\/wp\/v2\/posts"}],"about":[{"href":"https:\/\/www.suno.com.br\/noticias\/wp-json\/wp\/v2\/types\/post"}],"author":[{"embeddable":true,"href":"https:\/\/www.suno.com.br\/noticias\/wp-json\/wp\/v2\/users\/18"}],"replies":[{"embeddable":true,"href":"https:\/\/www.suno.com.br\/noticias\/wp-json\/wp\/v2\/comments?post=32340"}],"version-history":[{"count":0,"href":"https:\/\/www.suno.com.br\/noticias\/wp-json\/wp\/v2\/posts\/32340\/revisions"}],"wp:featuredmedia":[{"embeddable":true,"href":"https:\/\/www.suno.com.br\/noticias\/wp-json\/wp\/v2\/media\/32344"}],"wp:attachment":[{"href":"https:\/\/www.suno.com.br\/noticias\/wp-json\/wp\/v2\/media?parent=32340"}],"wp:term":[{"taxonomy":"category","embeddable":true,"href":"https:\/\/www.suno.com.br\/noticias\/wp-json\/wp\/v2\/categories?post=32340"},{"taxonomy":"post_tag","embeddable":true,"href":"https:\/\/www.suno.com.br\/noticias\/wp-json\/wp\/v2\/tags?post=32340"},{"taxonomy":"suno_strategy","embeddable":true,"href":"https:\/\/www.suno.com.br\/noticias\/wp-json\/wp\/v2\/suno_strategy?post=32340"}],"curies":[{"name":"wp","href":"https:\/\/api.w.org\/{rel}","templated":true}]}}