{"id":32326,"date":"2019-07-26T16:51:41","date_gmt":"2019-07-26T19:51:41","guid":{"rendered":"https:\/\/www.suno.com.br\/noticias\/?p=32326"},"modified":"2021-06-13T23:51:52","modified_gmt":"2021-06-14T02:51:52","slug":"contas-publicas-deficit-28-bi-2019","status":"publish","type":"post","link":"https:\/\/www.suno.com.br\/noticias\/contas-publicas-deficit-28-bi-2019\/","title":{"rendered":"Contas p\u00fablicas registram d\u00e9ficit de R$ 28,9 bi no 1\u00ba semestre de 2019"},"content":{"rendered":"<p>As contas p\u00fablicas registraram <strong>d\u00e9ficit<\/strong> prim\u00e1rio de R$ 28,924 bilh\u00f5es no primeiro semestre deste ano. A informa\u00e7\u00e3o foi divulgada nesta sexta-feira (26) pela Secretaria do <a href=\"https:\/\/www.suno.com.br\/artigos\/tesouro-nacional\/\"><strong>Tesouro Nacional<\/strong><\/a>.<\/p>\t<div class=\"wrapper-featured-image\">\n\t\t<figure class=\"spotlightImg\">\n\n\t\t\t<picture>\n\t\t\t\t<source media=\"(max-width: 768px)\" srcset=\"https:\/\/files.sunoresearch.com.br\/n\/uploads\/2019\/07\/e4381039-reall-400x200.webp\">\n\t\t\t\t<img loading=\"lazy\" decoding=\"async\" class=\"newsContent__article__imgCapa lazyloadDisabled newsContent__article__imgCapa--noCaption\" src=\"https:\/\/files.sunoresearch.com.br\/n\/uploads\/2019\/07\/e4381039-reall-800x450.webp\" width=\"800\" height=\"450\" alt=\"Contas p\u00fablicas registram d\u00e9ficit de R$ 28,9 bi no 1\u00ba semestre de 2019\" fetchpriority=high \/>\n\t\t\t<\/picture>\n\n\t\t\t<figcaption class=\"wp-caption-text wp-caption-text--hide\"><\/figcaption>\n\t\t<\/figure>\n\t<\/div>\n\n\n<p>Apesar do resultado, o d\u00e9ficit das <strong>contas p\u00fablicas <\/strong>\u00e9 inferior ao registrado no primeiro semestre de 2018, quando foi de R$ 31,593 bilh\u00f5es. Somente em junho deste ano, o saldo deficit\u00e1rio somou R$ 11,481 bilh\u00f5es ante R$ 16,380 bi no mesmo per\u00edodo de 2018.<\/p>\n<p>O valor obtido pelas contas do governo \u00e9 consequ\u00eancia dos resultados do <strong>Tesouro Nacional<\/strong>, do <a href=\"https:\/\/www.suno.com.br\/artigos\/bacen\/\"><strong>Banco Central<\/strong> (BC)<\/a> e da <strong>Previd\u00eancia Social<\/strong>. Assim, o Tesouro e o BC somaram o valor positivo de R$ 66,1 bilh\u00f5es no semestre. Por outro lado, a Previd\u00eancia registrou d\u00e9ficit de R$ 95 bilh\u00f5es.<\/p>\n\n<p>\u201cOs benef\u00edcios previdenci\u00e1rios s\u00e3o o maior componente das despesas obrigat\u00f3rias, o que reitera a import\u00e2ncia da aprova\u00e7\u00e3o da reforma da Previd\u00eancia que est\u00e1 sendo apreciada pelo Congresso\u201d, diz a Secretaria do Tesouro.<\/p>\n<p>O saldo negativo \u00e9 obtido quando as despesas do Estado s\u00e3o superiores ao valor adquirido atrav\u00e9s de contribui\u00e7\u00f5es e impostos. A \u00faltima vez em que o governo federal registrou super\u00e1vit durante o primeiro trimestre foi em 2014. Neste ano, o saldo positivo somou R$ 13,843.<\/p>\n<p>A <a href=\"https:\/\/www.suno.com.br\/artigos\/o-que-receita-liquida\/\">receita l\u00edquida<\/a> somou R$ 624,915 bilh\u00f5es no primeiro semestre, com queda de 0,2% ante o mesmo per\u00edodo do \u00faltimo ano. No entanto, as despesas tamb\u00e9m foram menores. O valor gasto foi de R$ 653,839, com queda de 1,4% em compara\u00e7\u00e3o a 2018.<\/p>\n<p>O resultado das contas do governo nos \u00faltimos 12 meses corresponde a um d\u00e9ficit de R$ 119,7 bilh\u00f5es. Dessa forma, o valor equivale a 1,68% do <a href=\"https:\/\/www.suno.com.br\/artigos\/o-produto-interno-bruto-pib\/\">Produto Interno Bruto (PIB)<\/a> nacional.<\/p>\n\t<p>\n\t\t<a href=\"https:\/\/lp.suno.com.br\/pv\/sr-premium\/trial-1-real\/\" target=\"_blank\" data-element=\"shortcode-suno-banner\" title=\"Banner SUNO, clique e saiba mais\">\n\t\t\t<picture>\n\t\t\t\t<source media=\"(max-width: 500px)\" srcset=\"https:\/\/files.sunoresearch.com.br\/n\/uploads\/2024\/04\/400x300-Banner-Home-2.png\">\n\t\t\t\t<img class=\"newsContent__article__imgCapa newsContent__article__imgCapa--banner\"\n\t\t\t\t\tsrc=\"https:\/\/files.sunoresearch.com.br\/n\/uploads\/2024\/04\/1420x240-Banner-Home-2.png\"\n\t\t\t\t\tdata-promo-id=\"541556\"\t\t\t\t\t\t\t\t\t\twidth='1420' height='240'\t\t\t\t\talt=\"https:\/\/files.sunoresearch.com.br\/n\/uploads\/2024\/04\/1420x240-Banner-Home-2.png\"\n\t\t\t\t>\n\t\t\t<\/picture>\n\t\t<\/a>\n\t<\/p>\n\n\n<h2>Meta fiscal<\/h2>\n<p>A meta fiscal para 2019 prev\u00ea um saldo negativo de R$ 139 bilh\u00f5es nas contas p\u00fablicas. Para que o d\u00e9ficit corresponda a este valor no m\u00e1ximo, o governo est\u00e1 realizando uma s\u00e9rie de bloqueios no or\u00e7amento.<\/p>\n<p>Em mar\u00e7o, o Executivo bloqueou cerca de R$ 30 bilh\u00f5es destinados a Educa\u00e7\u00e3o. Na \u00faltima segunda-feira (22), o governo federal anunciou que ir\u00e1 bloquear mais R$ 1,442 bilh\u00e3o do or\u00e7amento.<\/p>\n<h2>Investimentos<\/h2>\n<p>Conforme divulgado pela Secretaria do Tesouro, no primeiro semestre de 2019, o governo federal investiu R$ 18,234 bilh\u00f5es. O valor indica uma queda de 17,7% ante o mesmo per\u00edodo de 2018.<\/p>\n\t<p>\n\t\t<a href=\"https:\/\/lp.suno.com.br\/ebook-como-analisar-uma-acao\/\" target=\"_blank\" data-element=\"shortcode-suno-banner\" title=\"Banner SUNO, clique e saiba mais\">\n\t\t\t<picture>\n\t\t\t\t<source media=\"(max-width: 500px)\" srcset=\"https:\/\/files.sunoresearch.com.br\/n\/uploads\/2023\/12\/Ebook-Acoes-Mobile.jpg\">\n\t\t\t\t<img class=\"newsContent__article__imgCapa newsContent__article__imgCapa--banner\"\n\t\t\t\t\tsrc=\"https:\/\/files.sunoresearch.com.br\/n\/uploads\/2023\/12\/Ebook-Acoes-Mobile.jpg\"\n\t\t\t\t\tdata-promo-id=\"101750\"\t\t\t\t\t\t\t\t\t\twidth='400' height='300'\t\t\t\t\talt=\"https:\/\/files.sunoresearch.com.br\/n\/uploads\/2023\/12\/Ebook-Acoes-Mobile.jpg\"\n\t\t\t\t>\n\t\t\t<\/picture>\n\t\t<\/a>\n\t<\/p>\n\n\n<p>Somente em junho, os investimentos somaram R$ 2,528 bi. O valor \u00e9 menos do que a metade do que foi investido no mesmo m\u00eas do \u00faltimo ano. Assim, representa uma baixa de 56,3% ante junho de 2018.<\/p>\n<h2>Previd\u00eancia n\u00e3o conseguir\u00e1 reverter d\u00e9ficit das contas p\u00fablicas<\/h2>\n<p>A reforma da Previd\u00eancia foi apontada pelo ministro da Economia, <a href=\"https:\/\/www.suno.com.br\/tudo-sobre\/paulo-guedes\/\">Paulo Guedes<\/a>, como fundamental para fazer com que as contas do governo registrem super\u00e1vit novamente.<\/p>\n<p><a href=\"https:\/\/www.suno.com.br\/noticias\/reforma-previdencia-insuficiente-reverter-deficit\/\">Saiba mais: Reforma da Previd\u00eancia n\u00e3o conseguir\u00e1 reverter d\u00e9ficit, diz prof. da FAAP<\/a><\/p>\n<p>Contudo, segundo o professor Paulo Dutra Constantin, coordenador do curso de ci\u00eancias econ\u00f4micas da Funda\u00e7\u00e3o Armando \u00c1lvaro Penteado (FAAP) de S\u00e3o Paulo, a\u00a0Previd\u00eancia n\u00e3o ser\u00e1 suficiente para sanear or\u00e7amento p\u00fablico do Pa\u00eds.<\/p>\n<p>\u201cMesmo com essas mudan\u00e7as as<strong> contas p\u00fablicas<\/strong> continuar\u00e3o em d\u00e9ficit. S\u00f3 a Previd\u00eancia n\u00e3o consegue reverter o d\u00e9ficit p\u00fablico, pois as despesas obrigat\u00f3rias continuam crescendo, entre elas os sal\u00e1rios e os benef\u00edcios dos funcion\u00e1rios p\u00fablicos&#8221;, afirmou em entrevista ao SUNO Not\u00edcias.<\/p>\n","protected":false},"excerpt":{"rendered":"<p>As contas p\u00fablicas registraram d\u00e9ficit prim\u00e1rio de R$ 28,924 bilh\u00f5es no primeiro semestre deste ano. A informa\u00e7\u00e3o foi divulgada nesta sexta-feira (26) pela Secretaria do Tesouro Nacional. Apesar do resultado, o d\u00e9ficit das contas p\u00fablicas \u00e9 inferior ao registrado no primeiro semestre de 2018, quando foi de R$ 31,593 bilh\u00f5es. Somente em junho deste ano, [&hellip;]<\/p>\n","protected":false},"author":18,"featured_media":32328,"comment_status":"closed","ping_status":"closed","sticky":false,"template":"","format":"standard","meta":[],"categories":[62],"tags":[1842,1769,322,1044],"suno_strategy":[],"class_list":["post-32326","post","type-post","status-publish","format-standard","has-post-thumbnail","hentry","category-economia","tag-banco-central-bc","tag-contas-publicas","tag-previdencia-social","tag-tesouro-nacional"],"yoast_head":"<!-- This site is optimized with the Yoast SEO plugin v24.4 - https:\/\/yoast.com\/wordpress\/plugins\/seo\/ -->\n<title>Contas p\u00fablicas registram d\u00e9ficit de R$ 28,9 bi no 1\u00ba semestre de 2019<\/title>\n<meta name=\"description\" content=\"As contas p\u00fablicas registraram d\u00e9ficit prim\u00e1rio de R$ 28,924 bilh\u00f5es no primeiro semestre deste ano. Clique para saber mais.\" \/>\n<meta name=\"robots\" content=\"index, follow, max-snippet:-1, max-image-preview:large, max-video-preview:-1\" \/>\n<link rel=\"canonical\" href=\"https:\/\/www.suno.com.br\/noticias\/contas-publicas-deficit-28-bi-2019\/\" \/>\n<meta property=\"og:locale\" content=\"pt_BR\" \/>\n<meta property=\"og:type\" content=\"article\" \/>\n<meta property=\"og:title\" content=\"Contas p\u00fablicas registram d\u00e9ficit de R$ 28,9 bi no 1\u00ba semestre de 2019\" \/>\n<meta property=\"og:description\" content=\"As contas p\u00fablicas registraram d\u00e9ficit prim\u00e1rio de R$ 28,924 bilh\u00f5es no primeiro semestre deste ano. Clique para saber mais.\" \/>\n<meta property=\"og:url\" content=\"https:\/\/www.suno.com.br\/noticias\/contas-publicas-deficit-28-bi-2019\/\" \/>\n<meta property=\"og:site_name\" content=\"Suno Not\u00edcias\" \/>\n<meta property=\"article:publisher\" content=\"https:\/\/facebook.com\/sunoresearch\" \/>\n<meta property=\"og:image\" content=\"https:\/\/files.sunoresearch.com.br\/n\/uploads\/2019\/07\/e4381039-reall.jpg\" \/>\n\t<meta property=\"og:image:width\" content=\"825\" \/>\n\t<meta property=\"og:image:height\" content=\"550\" \/>\n\t<meta property=\"og:image:type\" content=\"image\/jpeg\" \/>\n<meta name=\"author\" content=\"Giovanna Oliveira\" \/>\n<meta name=\"twitter:card\" content=\"summary_large_image\" \/>\n<meta name=\"twitter:creator\" content=\"@sunoresearch\" \/>\n<meta name=\"twitter:site\" content=\"@sunoresearch\" \/>\n<meta name=\"twitter:label1\" content=\"Escrito por\" \/>\n\t<meta name=\"twitter:data1\" content=\"Giovanna Oliveira\" \/>\n\t<meta name=\"twitter:label2\" content=\"Est. tempo de leitura\" \/>\n\t<meta name=\"twitter:data2\" content=\"3 minutos\" \/>\n<script type=\"application\/ld+json\" class=\"yoast-schema-graph\">{\"@context\":\"https:\/\/schema.org\",\"@graph\":[{\"@type\":\"NewsArticle\",\"@id\":\"https:\/\/www.suno.com.br\/noticias\/contas-publicas-deficit-28-bi-2019\/#article\",\"isPartOf\":{\"@id\":\"https:\/\/www.suno.com.br\/noticias\/contas-publicas-deficit-28-bi-2019\/\"},\"author\":{\"name\":\"Giovanna Oliveira\",\"@id\":\"https:\/\/www.suno.com.br\/noticias\/#\/schema\/person\/4e19e3d2575736e5283d58eb3199d120\"},\"headline\":\"Contas p\u00fablicas registram d\u00e9ficit de R$ 28,9 bi no 1\u00ba semestre de 2019\",\"datePublished\":\"2019-07-26T19:51:41+00:00\",\"dateModified\":\"2021-06-14T02:51:52+00:00\",\"mainEntityOfPage\":{\"@id\":\"https:\/\/www.suno.com.br\/noticias\/contas-publicas-deficit-28-bi-2019\/\"},\"wordCount\":594,\"publisher\":{\"@id\":\"https:\/\/www.suno.com.br\/noticias\/#organization\"},\"image\":{\"@id\":\"https:\/\/www.suno.com.br\/noticias\/contas-publicas-deficit-28-bi-2019\/#primaryimage\"},\"thumbnailUrl\":\"https:\/\/files.sunoresearch.com.br\/n\/uploads\/2019\/07\/e4381039-reall-jpg.webp\",\"keywords\":[\"Banco Central (BC)\",\"contas p\u00fablicas\",\"Previd\u00eancia Social\",\"Tesouro Nacional\"],\"articleSection\":[\"Economia\"],\"inLanguage\":\"pt-BR\"},{\"@type\":\"WebPage\",\"@id\":\"https:\/\/www.suno.com.br\/noticias\/contas-publicas-deficit-28-bi-2019\/\",\"url\":\"https:\/\/www.suno.com.br\/noticias\/contas-publicas-deficit-28-bi-2019\/\",\"name\":\"Contas p\u00fablicas registram d\u00e9ficit de R$ 28,9 bi no 1\u00ba semestre de 2019\",\"isPartOf\":{\"@id\":\"https:\/\/www.suno.com.br\/noticias\/#website\"},\"primaryImageOfPage\":{\"@id\":\"https:\/\/www.suno.com.br\/noticias\/contas-publicas-deficit-28-bi-2019\/#primaryimage\"},\"image\":{\"@id\":\"https:\/\/www.suno.com.br\/noticias\/contas-publicas-deficit-28-bi-2019\/#primaryimage\"},\"thumbnailUrl\":\"https:\/\/files.sunoresearch.com.br\/n\/uploads\/2019\/07\/e4381039-reall-jpg.webp\",\"datePublished\":\"2019-07-26T19:51:41+00:00\",\"dateModified\":\"2021-06-14T02:51:52+00:00\",\"description\":\"As contas p\u00fablicas registraram d\u00e9ficit prim\u00e1rio de R$ 28,924 bilh\u00f5es no primeiro semestre deste ano. Clique para saber mais.\",\"breadcrumb\":{\"@id\":\"https:\/\/www.suno.com.br\/noticias\/contas-publicas-deficit-28-bi-2019\/#breadcrumb\"},\"inLanguage\":\"pt-BR\",\"potentialAction\":[{\"@type\":\"ReadAction\",\"target\":[\"https:\/\/www.suno.com.br\/noticias\/contas-publicas-deficit-28-bi-2019\/\"]}]},{\"@type\":\"ImageObject\",\"inLanguage\":\"pt-BR\",\"@id\":\"https:\/\/www.suno.com.br\/noticias\/contas-publicas-deficit-28-bi-2019\/#primaryimage\",\"url\":\"https:\/\/files.sunoresearch.com.br\/n\/uploads\/2019\/07\/e4381039-reall-jpg.webp\",\"contentUrl\":\"https:\/\/files.sunoresearch.com.br\/n\/uploads\/2019\/07\/e4381039-reall-jpg.webp\",\"width\":825,\"height\":550,\"caption\":\"Governo Federal\"},{\"@type\":\"BreadcrumbList\",\"@id\":\"https:\/\/www.suno.com.br\/noticias\/contas-publicas-deficit-28-bi-2019\/#breadcrumb\",\"itemListElement\":[{\"@type\":\"ListItem\",\"position\":1,\"name\":\"Not\u00edcias\",\"item\":\"https:\/\/www.suno.com.br\/noticias\/\"},{\"@type\":\"ListItem\",\"position\":2,\"name\":\"Economia\",\"item\":\"https:\/\/www.suno.com.br\/noticias\/economia\/\"},{\"@type\":\"ListItem\",\"position\":3,\"name\":\"Contas p\u00fablicas registram d\u00e9ficit de R$ 28,9 bi no 1\u00ba semestre de 2019\"}]},{\"@type\":\"WebSite\",\"@id\":\"https:\/\/www.suno.com.br\/noticias\/#website\",\"url\":\"https:\/\/www.suno.com.br\/noticias\/\",\"name\":\"Suno Not\u00edcias\",\"description\":\"Seu portal de informa\u00e7\u00e3o sobre o mundo dos investimentos\",\"publisher\":{\"@id\":\"https:\/\/www.suno.com.br\/noticias\/#organization\"},\"potentialAction\":[{\"@type\":\"SearchAction\",\"target\":{\"@type\":\"EntryPoint\",\"urlTemplate\":\"https:\/\/www.suno.com.br\/noticias\/?s={search_term_string}\"},\"query-input\":{\"@type\":\"PropertyValueSpecification\",\"valueRequired\":true,\"valueName\":\"search_term_string\"}}],\"inLanguage\":\"pt-BR\"},{\"@type\":\"Organization\",\"@id\":\"https:\/\/www.suno.com.br\/noticias\/#organization\",\"name\":\"Suno Not\u00edcias\",\"url\":\"https:\/\/www.suno.com.br\/noticias\/\",\"logo\":{\"@type\":\"ImageObject\",\"inLanguage\":\"pt-BR\",\"@id\":\"https:\/\/www.suno.com.br\/noticias\/#\/schema\/logo\/image\/\",\"url\":\"https:\/\/files.sunoresearch.com.br\/n\/uploads\/2021\/09\/suno-logo.png\",\"contentUrl\":\"https:\/\/files.sunoresearch.com.br\/n\/uploads\/2021\/09\/suno-logo.png\",\"width\":180,\"height\":180,\"caption\":\"Suno Not\u00edcias\"},\"image\":{\"@id\":\"https:\/\/www.suno.com.br\/noticias\/#\/schema\/logo\/image\/\"},\"sameAs\":[\"https:\/\/facebook.com\/sunoresearch\",\"https:\/\/x.com\/sunoresearch\",\"https:\/\/www.instagram.com\/suno\",\"https:\/\/www.linkedin.com\/company\/suno-research\/\",\"https:\/\/www.youtube.com\/c\/sunoresearch\"]},{\"@type\":\"Person\",\"@id\":\"https:\/\/www.suno.com.br\/noticias\/#\/schema\/person\/4e19e3d2575736e5283d58eb3199d120\",\"name\":\"Giovanna Oliveira\",\"image\":{\"@type\":\"ImageObject\",\"inLanguage\":\"pt-BR\",\"@id\":\"https:\/\/www.suno.com.br\/noticias\/#\/schema\/person\/image\/\",\"url\":\"https:\/\/secure.gravatar.com\/avatar\/9a37b3ae208962ac568992d0ffdbc2eb?s=96&r=g\",\"contentUrl\":\"https:\/\/secure.gravatar.com\/avatar\/9a37b3ae208962ac568992d0ffdbc2eb?s=96&r=g\",\"caption\":\"Giovanna Oliveira\"},\"description\":\"Giovanna Oliveira escreve sobre economia e pol\u00edtica. Foi rep\u00f3rter do portal de jornalismo da ESPM-SP e produziu conte\u00fado para a Corinthians TV. \u00c9 estudante da ESPM.\",\"url\":\"https:\/\/www.suno.com.br\/noticias\/author\/giovanna\/\"}]}<\/script>\n<!-- \/ Yoast SEO plugin. -->","yoast_head_json":{"title":"Contas p\u00fablicas registram d\u00e9ficit de R$ 28,9 bi no 1\u00ba semestre de 2019","description":"As contas p\u00fablicas registraram d\u00e9ficit prim\u00e1rio de R$ 28,924 bilh\u00f5es no primeiro semestre deste ano. Clique para saber mais.","robots":{"index":"index","follow":"follow","max-snippet":"max-snippet:-1","max-image-preview":"max-image-preview:large","max-video-preview":"max-video-preview:-1"},"canonical":"https:\/\/www.suno.com.br\/noticias\/contas-publicas-deficit-28-bi-2019\/","og_locale":"pt_BR","og_type":"article","og_title":"Contas p\u00fablicas registram d\u00e9ficit de R$ 28,9 bi no 1\u00ba semestre de 2019","og_description":"As contas p\u00fablicas registraram d\u00e9ficit prim\u00e1rio de R$ 28,924 bilh\u00f5es no primeiro semestre deste ano. Clique para saber mais.","og_url":"https:\/\/www.suno.com.br\/noticias\/contas-publicas-deficit-28-bi-2019\/","og_site_name":"Suno Not\u00edcias","article_publisher":"https:\/\/facebook.com\/sunoresearch","og_image":[{"width":825,"height":550,"url":"https:\/\/files.sunoresearch.com.br\/n\/uploads\/2019\/07\/e4381039-reall.jpg","type":"image\/jpeg"}],"author":"Giovanna Oliveira","twitter_card":"summary_large_image","twitter_creator":"@sunoresearch","twitter_site":"@sunoresearch","twitter_misc":{"Escrito por":"Giovanna Oliveira","Est. tempo de leitura":"3 minutos"},"schema":{"@context":"https:\/\/schema.org","@graph":[{"@type":"NewsArticle","@id":"https:\/\/www.suno.com.br\/noticias\/contas-publicas-deficit-28-bi-2019\/#article","isPartOf":{"@id":"https:\/\/www.suno.com.br\/noticias\/contas-publicas-deficit-28-bi-2019\/"},"author":{"name":"Giovanna Oliveira","@id":"https:\/\/www.suno.com.br\/noticias\/#\/schema\/person\/4e19e3d2575736e5283d58eb3199d120"},"headline":"Contas p\u00fablicas registram d\u00e9ficit de R$ 28,9 bi no 1\u00ba semestre de 2019","datePublished":"2019-07-26T19:51:41+00:00","dateModified":"2021-06-14T02:51:52+00:00","mainEntityOfPage":{"@id":"https:\/\/www.suno.com.br\/noticias\/contas-publicas-deficit-28-bi-2019\/"},"wordCount":594,"publisher":{"@id":"https:\/\/www.suno.com.br\/noticias\/#organization"},"image":{"@id":"https:\/\/www.suno.com.br\/noticias\/contas-publicas-deficit-28-bi-2019\/#primaryimage"},"thumbnailUrl":"https:\/\/files.sunoresearch.com.br\/n\/uploads\/2019\/07\/e4381039-reall-jpg.webp","keywords":["Banco Central (BC)","contas p\u00fablicas","Previd\u00eancia Social","Tesouro Nacional"],"articleSection":["Economia"],"inLanguage":"pt-BR"},{"@type":"WebPage","@id":"https:\/\/www.suno.com.br\/noticias\/contas-publicas-deficit-28-bi-2019\/","url":"https:\/\/www.suno.com.br\/noticias\/contas-publicas-deficit-28-bi-2019\/","name":"Contas p\u00fablicas registram d\u00e9ficit de R$ 28,9 bi no 1\u00ba semestre de 2019","isPartOf":{"@id":"https:\/\/www.suno.com.br\/noticias\/#website"},"primaryImageOfPage":{"@id":"https:\/\/www.suno.com.br\/noticias\/contas-publicas-deficit-28-bi-2019\/#primaryimage"},"image":{"@id":"https:\/\/www.suno.com.br\/noticias\/contas-publicas-deficit-28-bi-2019\/#primaryimage"},"thumbnailUrl":"https:\/\/files.sunoresearch.com.br\/n\/uploads\/2019\/07\/e4381039-reall-jpg.webp","datePublished":"2019-07-26T19:51:41+00:00","dateModified":"2021-06-14T02:51:52+00:00","description":"As contas p\u00fablicas registraram d\u00e9ficit prim\u00e1rio de R$ 28,924 bilh\u00f5es no primeiro semestre deste ano. Clique para saber mais.","breadcrumb":{"@id":"https:\/\/www.suno.com.br\/noticias\/contas-publicas-deficit-28-bi-2019\/#breadcrumb"},"inLanguage":"pt-BR","potentialAction":[{"@type":"ReadAction","target":["https:\/\/www.suno.com.br\/noticias\/contas-publicas-deficit-28-bi-2019\/"]}]},{"@type":"ImageObject","inLanguage":"pt-BR","@id":"https:\/\/www.suno.com.br\/noticias\/contas-publicas-deficit-28-bi-2019\/#primaryimage","url":"https:\/\/files.sunoresearch.com.br\/n\/uploads\/2019\/07\/e4381039-reall-jpg.webp","contentUrl":"https:\/\/files.sunoresearch.com.br\/n\/uploads\/2019\/07\/e4381039-reall-jpg.webp","width":825,"height":550,"caption":"Governo Federal"},{"@type":"BreadcrumbList","@id":"https:\/\/www.suno.com.br\/noticias\/contas-publicas-deficit-28-bi-2019\/#breadcrumb","itemListElement":[{"@type":"ListItem","position":1,"name":"Not\u00edcias","item":"https:\/\/www.suno.com.br\/noticias\/"},{"@type":"ListItem","position":2,"name":"Economia","item":"https:\/\/www.suno.com.br\/noticias\/economia\/"},{"@type":"ListItem","position":3,"name":"Contas p\u00fablicas registram d\u00e9ficit de R$ 28,9 bi no 1\u00ba semestre de 2019"}]},{"@type":"WebSite","@id":"https:\/\/www.suno.com.br\/noticias\/#website","url":"https:\/\/www.suno.com.br\/noticias\/","name":"Suno Not\u00edcias","description":"Seu portal de informa\u00e7\u00e3o sobre o mundo dos investimentos","publisher":{"@id":"https:\/\/www.suno.com.br\/noticias\/#organization"},"potentialAction":[{"@type":"SearchAction","target":{"@type":"EntryPoint","urlTemplate":"https:\/\/www.suno.com.br\/noticias\/?s={search_term_string}"},"query-input":{"@type":"PropertyValueSpecification","valueRequired":true,"valueName":"search_term_string"}}],"inLanguage":"pt-BR"},{"@type":"Organization","@id":"https:\/\/www.suno.com.br\/noticias\/#organization","name":"Suno Not\u00edcias","url":"https:\/\/www.suno.com.br\/noticias\/","logo":{"@type":"ImageObject","inLanguage":"pt-BR","@id":"https:\/\/www.suno.com.br\/noticias\/#\/schema\/logo\/image\/","url":"https:\/\/files.sunoresearch.com.br\/n\/uploads\/2021\/09\/suno-logo.png","contentUrl":"https:\/\/files.sunoresearch.com.br\/n\/uploads\/2021\/09\/suno-logo.png","width":180,"height":180,"caption":"Suno Not\u00edcias"},"image":{"@id":"https:\/\/www.suno.com.br\/noticias\/#\/schema\/logo\/image\/"},"sameAs":["https:\/\/facebook.com\/sunoresearch","https:\/\/x.com\/sunoresearch","https:\/\/www.instagram.com\/suno","https:\/\/www.linkedin.com\/company\/suno-research\/","https:\/\/www.youtube.com\/c\/sunoresearch"]},{"@type":"Person","@id":"https:\/\/www.suno.com.br\/noticias\/#\/schema\/person\/4e19e3d2575736e5283d58eb3199d120","name":"Giovanna Oliveira","image":{"@type":"ImageObject","inLanguage":"pt-BR","@id":"https:\/\/www.suno.com.br\/noticias\/#\/schema\/person\/image\/","url":"https:\/\/secure.gravatar.com\/avatar\/9a37b3ae208962ac568992d0ffdbc2eb?s=96&r=g","contentUrl":"https:\/\/secure.gravatar.com\/avatar\/9a37b3ae208962ac568992d0ffdbc2eb?s=96&r=g","caption":"Giovanna Oliveira"},"description":"Giovanna Oliveira escreve sobre economia e pol\u00edtica. Foi rep\u00f3rter do portal de jornalismo da ESPM-SP e produziu conte\u00fado para a Corinthians TV. \u00c9 estudante da ESPM.","url":"https:\/\/www.suno.com.br\/noticias\/author\/giovanna\/"}]}},"default_loop_html":"<div class=\"cardsPage__listCard__boxs\"><div class=\"cardsPage__listCard__boxs__img\"><a href=\"https:\/\/www.suno.com.br\/noticias\/contas-publicas-deficit-28-bi-2019\/\"><img class=\"mask\" src=\"https:\/\/www.suno.com.br\/noticias\/wp-content\/themes\/suno\/resources\/images\/spotlight\/spotlight1img\/bg-mask.png\" alt=\"Image Mask\"\/><img src=\"https:\/\/files.sunoresearch.com.br\/n\/uploads\/2019\/07\/e4381039-reall-400x200.webp\" alt=\"Contas p\u00fablicas registram d\u00e9ficit de R$ 28,9 bi no 1\u00ba semestre de 2019\"\/><\/a><span class=\"spotlightCategory\"><a href=\"https:\/\/www.suno.com.br\/noticias\/economia\/\">Economia<\/a><\/span><\/div><div class=\"cardsPage__listCard__boxs__content\"><a href=\"https:\/\/www.suno.com.br\/noticias\/contas-publicas-deficit-28-bi-2019\/\"><h2 class=\"content__title\">Contas p\u00fablicas registram d\u00e9ficit de R$ 28,9 bi no 1\u00ba semestre de 2019<\/h2><\/a><div class=\"newsContent__article__meta\"><div class=\"newsContent__article__meta__authorBox\"><a href=\"https:\/\/www.suno.com.br\/noticias\/author\/giovanna\/\" class=\"authorBox__avatar noMobi\"><img src=\"https:\/\/files.sunoresearch.com.br\/n\/uploads\/2019\/06\/952a89ca-screenshot_20190608-171507-150x150.webp\" alt=\"Giovanna Oliveira\"><\/a><div class=\"authorBox__name\"><span>por\n\t\t\t<a href=\"https:\/\/www.suno.com.br\/noticias\/author\/giovanna\/\"><span itemprop=\"author\">Giovanna Oliveira<\/span><\/a><\/span><time datetime=\"2019-07-26T16:51:41-03:00\" itemprop=\"datePublished\">26\/07\/2019 16:51<\/time><\/div><\/div><\/div><\/div><\/div>","single_layout":"posts","amp_enabled":true,"_links":{"self":[{"href":"https:\/\/www.suno.com.br\/noticias\/wp-json\/wp\/v2\/posts\/32326"}],"collection":[{"href":"https:\/\/www.suno.com.br\/noticias\/wp-json\/wp\/v2\/posts"}],"about":[{"href":"https:\/\/www.suno.com.br\/noticias\/wp-json\/wp\/v2\/types\/post"}],"author":[{"embeddable":true,"href":"https:\/\/www.suno.com.br\/noticias\/wp-json\/wp\/v2\/users\/18"}],"replies":[{"embeddable":true,"href":"https:\/\/www.suno.com.br\/noticias\/wp-json\/wp\/v2\/comments?post=32326"}],"version-history":[{"count":1,"href":"https:\/\/www.suno.com.br\/noticias\/wp-json\/wp\/v2\/posts\/32326\/revisions"}],"predecessor-version":[{"id":157492,"href":"https:\/\/www.suno.com.br\/noticias\/wp-json\/wp\/v2\/posts\/32326\/revisions\/157492"}],"wp:featuredmedia":[{"embeddable":true,"href":"https:\/\/www.suno.com.br\/noticias\/wp-json\/wp\/v2\/media\/32328"}],"wp:attachment":[{"href":"https:\/\/www.suno.com.br\/noticias\/wp-json\/wp\/v2\/media?parent=32326"}],"wp:term":[{"taxonomy":"category","embeddable":true,"href":"https:\/\/www.suno.com.br\/noticias\/wp-json\/wp\/v2\/categories?post=32326"},{"taxonomy":"post_tag","embeddable":true,"href":"https:\/\/www.suno.com.br\/noticias\/wp-json\/wp\/v2\/tags?post=32326"},{"taxonomy":"suno_strategy","embeddable":true,"href":"https:\/\/www.suno.com.br\/noticias\/wp-json\/wp\/v2\/suno_strategy?post=32326"}],"curies":[{"name":"wp","href":"https:\/\/api.w.org\/{rel}","templated":true}]}}