{"id":32313,"date":"2019-07-26T17:03:45","date_gmt":"2019-07-26T20:03:45","guid":{"rendered":"https:\/\/www.suno.com.br\/noticias\/?p=32313"},"modified":"2021-02-17T22:13:59","modified_gmt":"2021-02-18T01:13:59","slug":"presidente-focar-producao-petroleo","status":"publish","type":"post","link":"https:\/\/www.suno.com.br\/noticias\/presidente-focar-producao-petroleo\/","title":{"rendered":"&#8220;Petrobras deve focar em produ\u00e7\u00e3o de petr\u00f3leo&#8221;, diz Guedes"},"content":{"rendered":"<p>O ministro da Economia, <a href=\"https:\/\/www.suno.com.br\/tudo-sobre\/paulo-guedes\/\">Paulo <\/a><a href=\"https:\/\/www.suno.com.br\/tudo-sobre\/paulo-guedes\/\">Guedes<\/a>, afirmou nesta sexta-feira (26) que a Petrobras tem que focar na produ\u00e7\u00e3o de petr\u00f3leo. O ministro salientou que\u00a0o presidente da petrol\u00edfera estatal<strong>,\u00a0<\/strong><a href=\"https:\/\/www.suno.com.br\/tudo-sobre\/roberto-castello-branco\/\">Roberto Castello Branco<\/a>, est\u00e1 trabalhando &#8220;a mil por hora&#8221; para realinhar as atividades da empresa.<\/p>\t<div class=\"wrapper-featured-image\">\n\t\t<figure class=\"spotlightImg\">\n\n\t\t\t<picture>\n\t\t\t\t<source media=\"(max-width: 768px)\" srcset=\"https:\/\/files.sunoresearch.com.br\/n\/uploads\/2019\/05\/71d24adc-ibovespa-400x200.webp\">\n\t\t\t\t<img loading=\"lazy\" decoding=\"async\" class=\"newsContent__article__imgCapa lazyloadDisabled newsContent__article__imgCapa--noCaption\" src=\"https:\/\/files.sunoresearch.com.br\/n\/uploads\/2019\/05\/71d24adc-ibovespa-800x450.webp\" width=\"800\" height=\"450\" alt=\"&#8220;Petrobras deve focar em produ\u00e7\u00e3o de petr\u00f3leo&#8221;, diz Guedes\" fetchpriority=high \/>\n\t\t\t<\/picture>\n\n\t\t\t<figcaption class=\"wp-caption-text wp-caption-text--hide\">&quot;Petrobras deve colocar foco em produ\u00e7\u00e3o de petr\u00f3leo&quot;, diz Guedes<\/figcaption>\n\t\t<\/figure>\n\t<\/div>\n\n\n<p>\u201cO Castello Branco sabe que o <strong>petr\u00f3leo<\/strong> vai ficar l\u00e1 no fundo do mar se n\u00e3o explorarmos em 20 ou 30 anos. O petr\u00f3leo pode voltar a ser s\u00f3 um f\u00f3ssil&#8221; declarou Guedes durante a palestra realizada na <strong>Associa\u00e7\u00e3o Comercial do Rio de Janeiro<\/strong> <strong>(ACRJ)<\/strong>, falando sobre a Petrobras.<\/p>\n\n<p>Guedes explicou que o <strong>governo<\/strong> pretende reindustrializar o Pa\u00eds atrav\u00e9s da distribui\u00e7\u00e3o de energia barata. O ministro estimou que as medidas que ser\u00e3o realizadas gra\u00e7as ao <a href=\"https:\/\/www.suno.com.br\/noticias\/novo-mercado-gas-commodity-mme\/\"><strong>Novo Mercado de G\u00e1s<\/strong><\/a> poder\u00e3o fazer com que o <strong><a href=\"https:\/\/www.suno.com.br\/artigos\/o-produto-interno-bruto-pib\/\">Produto Interno Bruto (PIB)<\/a> <\/strong>brasileiro cres\u00e7a at\u00e9 10% em 10 anos. &#8220;N\u00f3s vimos a ind\u00fastria cair de 20% do PIB para 8% do PIB\u201d, lembrou o ministro.<\/p>\n<h2>Novo Mercado de G\u00e1s<\/h2>\n<p>O governo federal lan\u00e7ou na \u00faltima ter\u00e7a-feira (23) o programa <strong>Novo Mercado de G\u00e1s<\/strong>. O programa prev\u00ea uma s\u00e9rie de novas medidas de mudan\u00e7as do setor.<\/p>\n<p><a href=\"https:\/\/www.suno.com.br\/noticias\/programa-novo-mercado-gas-planalto\/\">Saiba mais: Programa Novo Mercado de G\u00e1s \u00e9 anunciado pelo Planalto<\/a><\/p>\n<p>Segundo Guedes, o pre\u00e7o do g\u00e1s poderia cair 40% em dois anos. O ministro citou um estudo sobre o setor realizado pelo ex-presidente do <a href=\"https:\/\/www.suno.com.br\/artigos\/bacen\/\">Banco Central (BC)<\/a> Carlos Langon.<\/p>\n<p>O ministro tamb\u00e9m lembrou como o governo quebrou em primeiro lugar o monop\u00f3lio do refino e depois na distribui\u00e7\u00e3o de g\u00e1s. Guedes citou a decis\u00e3o do Supremo Tribunal Federal (STF) que autorizou a venda da TAG pela Petrobras.<\/p>\n\t<p>\n\t\t<a href=\"https:\/\/lp.suno.com.br\/ebook-investindo-em-fiis\/\" target=\"_blank\" data-element=\"shortcode-suno-banner\" title=\"Banner SUNO, clique e saiba mais\">\n\t\t\t<picture>\n\t\t\t\t<source media=\"(max-width: 500px)\" srcset=\"https:\/\/files.sunoresearch.com.br\/n\/uploads\/2023\/07\/Ebook-Fundos-Imobiliarios-Mobile.jpg\">\n\t\t\t\t<img class=\"newsContent__article__imgCapa newsContent__article__imgCapa--banner\"\n\t\t\t\t\tsrc=\"https:\/\/files.sunoresearch.com.br\/n\/uploads\/2023\/07\/Ebook-Fundos-Imobiliarios-Desktop.jpg\"\n\t\t\t\t\tdata-promo-id=\"378301\"\t\t\t\t\t\t\t\t\t\twidth='1420' height='286'\t\t\t\t\talt=\"https:\/\/files.sunoresearch.com.br\/n\/uploads\/2023\/07\/Ebook-Fundos-Imobiliarios-Desktop.jpg\"\n\t\t\t\t>\n\t\t\t<\/picture>\n\t\t<\/a>\n\t<\/p>\n\n\n<p>\u201cA Suprema Corte, chamada a decidir, decide corretamente, porque s\u00e3o instru\u00eddos, leem jornais\u201d, explicou Guedes, tamb\u00e9m elogiou o trabalho do presidente da C\u00e2mara, Rodrigo Maia (DEM-RJ), e do Senado, Davi Alcolumbre (DEM-AP).<\/p>\n<h2>Petrobras registra queda na produ\u00e7\u00e3o<\/h2>\n<p>A <strong>Petrobras<\/strong> informou nesta sexta que sua produ\u00e7\u00e3o total de petr\u00f3leo e g\u00e1s chegou a 2,55 milh\u00f5es de barris por dia. O valor representa uma alta de 3,7% em compara\u00e7\u00e3o ao trimestre anterior. Entretanto, o resultado foi 0,4% inferior ao n\u00famero alcan\u00e7ado no mesmo per\u00edodo de 2018.<\/p>\n<p><a href=\"https:\/\/www.suno.com.br\/noticias\/petrobras-queda-producao-segundo-trimestre\/\">Saiba mais: Petrobras tem queda na produ\u00e7\u00e3o do segundo trimestre em rela\u00e7\u00e3o a 2018\u00a0<\/a><\/p>\n<p>Em seu relat\u00f3rio, a <strong>Petrobras<\/strong> informou que os resultados n\u00e3o foram como os planejados. Segundo a estatal petrol\u00edfera, isso ocorreu \u201cprincipalmente devido \u00e0s dificuldades enfrentadas no m\u00eas de junho com a estabiliza\u00e7\u00e3o das plantas de g\u00e1s dos novos sistemas de produ\u00e7\u00e3o de B\u00fazios devido a sua maior complexidade\u201d.<\/p>\n\t<p>\n\t\t<a href=\"https:\/\/lp.suno.com.br\/planilha-controle-gastos\/\" target=\"_blank\" data-element=\"shortcode-suno-banner\" title=\"Banner SUNO, clique e saiba mais\">\n\t\t\t<picture>\n\t\t\t\t<source media=\"(max-width: 500px)\" srcset=\"https:\/\/files.sunoresearch.com.br\/n\/uploads\/2023\/03\/400x300-Planilha-controle-de-gastos.png\">\n\t\t\t\t<img class=\"newsContent__article__imgCapa newsContent__article__imgCapa--banner\"\n\t\t\t\t\tsrc=\"https:\/\/files.sunoresearch.com.br\/n\/uploads\/2023\/03\/1420x240-Planilha-controle-de-gastos.png\"\n\t\t\t\t\tdata-promo-id=\"311945\"\t\t\t\t\t\t\t\t\t\twidth='1420' height='240'\t\t\t\t\talt=\"https:\/\/files.sunoresearch.com.br\/n\/uploads\/2023\/03\/1420x240-Planilha-controle-de-gastos.png\"\n\t\t\t\t>\n\t\t\t<\/picture>\n\t\t<\/a>\n\t<\/p>\n\n\n<p>Do n\u00famero total de <strong>barris de \u00f3leo equivalente por dia<\/strong>, produzidos no trimestre, 1,16 milh\u00e3o foram retirados do pr\u00e9-sal. Sendo assim, isso representa 45,7% da produ\u00e7\u00e3o. O pr\u00e9-sal tem grande destaque na produ\u00e7\u00e3o da <strong>Petrobras<\/strong> deste ano. O n\u00famero alcan\u00e7ado no segundo trimestre foi 12,7% maior do que o do primeiro e 17,7% mais alto do que o do segundo trimestre do ano passado.<\/p>\n","protected":false},"excerpt":{"rendered":"<p>O ministro da Economia, Paulo Guedes, afirmou nesta sexta-feira (26) que a Petrobras tem que focar na produ\u00e7\u00e3o de petr\u00f3leo. O ministro salientou que\u00a0o presidente da petrol\u00edfera estatal,\u00a0Roberto Castello Branco, est\u00e1 trabalhando &#8220;a mil por hora&#8221; para realinhar as atividades da empresa. &quot;Petrobras deve colocar foco em produ\u00e7\u00e3o de petr\u00f3leo&quot;, diz Guedes \u201cO Castello Branco [&hellip;]<\/p>\n","protected":false},"author":9,"featured_media":23679,"comment_status":"closed","ping_status":"closed","sticky":false,"template":"","format":"standard","meta":[],"categories":[61],"tags":[1467,796,595],"suno_strategy":[],"class_list":["post-32313","post","type-post","status-publish","format-standard","has-post-thumbnail","hentry","category-politica","tag-gas-natural","tag-paulo-guedes","tag-petrobras-petr4"],"yoast_head":"<!-- This site is optimized with the Yoast SEO plugin v24.4 - https:\/\/yoast.com\/wordpress\/plugins\/seo\/ -->\n<title>&quot;Petrobras deve colocar foco em produ\u00e7\u00e3o de petr\u00f3leo&quot;, diz Guedes<\/title>\n<meta name=\"description\" content=\"O ministro da Economia, Paulo Guedes, afirmou que a Petrobras tem que focar na produ\u00e7\u00e3o de petr\u00f3leo. Clique aqui para saber mais.\" \/>\n<meta name=\"robots\" content=\"index, follow, max-snippet:-1, max-image-preview:large, max-video-preview:-1\" \/>\n<link rel=\"canonical\" href=\"https:\/\/www.suno.com.br\/noticias\/presidente-focar-producao-petroleo\/\" \/>\n<meta property=\"og:locale\" content=\"pt_BR\" \/>\n<meta property=\"og:type\" content=\"article\" \/>\n<meta property=\"og:title\" content=\"&quot;Petrobras deve colocar foco em produ\u00e7\u00e3o de petr\u00f3leo&quot;, diz Guedes\" \/>\n<meta property=\"og:description\" content=\"O ministro da Economia, Paulo Guedes, afirmou que a Petrobras tem que focar na produ\u00e7\u00e3o de petr\u00f3leo. Clique aqui para saber mais.\" \/>\n<meta property=\"og:url\" content=\"https:\/\/www.suno.com.br\/noticias\/presidente-focar-producao-petroleo\/\" \/>\n<meta property=\"og:site_name\" content=\"Suno Not\u00edcias\" \/>\n<meta property=\"article:publisher\" content=\"https:\/\/facebook.com\/sunoresearch\" \/>\n<meta property=\"og:image\" content=\"https:\/\/files.sunoresearch.com.br\/n\/uploads\/2019\/05\/71d24adc-ibovespa.jpg\" \/>\n\t<meta property=\"og:image:width\" content=\"1140\" \/>\n\t<meta property=\"og:image:height\" content=\"760\" \/>\n\t<meta property=\"og:image:type\" content=\"image\/jpeg\" \/>\n<meta name=\"author\" content=\"Carlo Cauti\" \/>\n<meta name=\"twitter:card\" content=\"summary_large_image\" \/>\n<meta name=\"twitter:creator\" content=\"@sunoresearch\" \/>\n<meta name=\"twitter:site\" content=\"@sunoresearch\" \/>\n<meta name=\"twitter:label1\" content=\"Escrito por\" \/>\n\t<meta name=\"twitter:data1\" content=\"Carlo Cauti\" \/>\n\t<meta name=\"twitter:label2\" content=\"Est. tempo de leitura\" \/>\n\t<meta name=\"twitter:data2\" content=\"3 minutos\" \/>\n<script type=\"application\/ld+json\" class=\"yoast-schema-graph\">{\"@context\":\"https:\/\/schema.org\",\"@graph\":[{\"@type\":\"NewsArticle\",\"@id\":\"https:\/\/www.suno.com.br\/noticias\/presidente-focar-producao-petroleo\/#article\",\"isPartOf\":{\"@id\":\"https:\/\/www.suno.com.br\/noticias\/presidente-focar-producao-petroleo\/\"},\"author\":{\"name\":\"Carlo Cauti\",\"@id\":\"https:\/\/www.suno.com.br\/noticias\/#\/schema\/person\/e6e0f723cc177805027f4566c1d5e0c8\"},\"headline\":\"&#8220;Petrobras deve focar em produ\u00e7\u00e3o de petr\u00f3leo&#8221;, diz Guedes\",\"datePublished\":\"2019-07-26T20:03:45+00:00\",\"dateModified\":\"2021-02-18T01:13:59+00:00\",\"mainEntityOfPage\":{\"@id\":\"https:\/\/www.suno.com.br\/noticias\/presidente-focar-producao-petroleo\/\"},\"wordCount\":536,\"publisher\":{\"@id\":\"https:\/\/www.suno.com.br\/noticias\/#organization\"},\"image\":{\"@id\":\"https:\/\/www.suno.com.br\/noticias\/presidente-focar-producao-petroleo\/#primaryimage\"},\"thumbnailUrl\":\"https:\/\/files.sunoresearch.com.br\/n\/uploads\/2019\/05\/71d24adc-ibovespa-jpg.webp\",\"keywords\":[\"g\u00e1s natural\",\"Paulo Guedes\",\"Petrobras (PETR4)\"],\"articleSection\":[\"Pol\u00edtica\"],\"inLanguage\":\"pt-BR\"},{\"@type\":\"WebPage\",\"@id\":\"https:\/\/www.suno.com.br\/noticias\/presidente-focar-producao-petroleo\/\",\"url\":\"https:\/\/www.suno.com.br\/noticias\/presidente-focar-producao-petroleo\/\",\"name\":\"\\\"Petrobras deve colocar foco em produ\u00e7\u00e3o de petr\u00f3leo\\\", diz Guedes\",\"isPartOf\":{\"@id\":\"https:\/\/www.suno.com.br\/noticias\/#website\"},\"primaryImageOfPage\":{\"@id\":\"https:\/\/www.suno.com.br\/noticias\/presidente-focar-producao-petroleo\/#primaryimage\"},\"image\":{\"@id\":\"https:\/\/www.suno.com.br\/noticias\/presidente-focar-producao-petroleo\/#primaryimage\"},\"thumbnailUrl\":\"https:\/\/files.sunoresearch.com.br\/n\/uploads\/2019\/05\/71d24adc-ibovespa-jpg.webp\",\"datePublished\":\"2019-07-26T20:03:45+00:00\",\"dateModified\":\"2021-02-18T01:13:59+00:00\",\"description\":\"O ministro da Economia, Paulo Guedes, afirmou que a Petrobras tem que focar na produ\u00e7\u00e3o de petr\u00f3leo. Clique aqui para saber mais.\",\"breadcrumb\":{\"@id\":\"https:\/\/www.suno.com.br\/noticias\/presidente-focar-producao-petroleo\/#breadcrumb\"},\"inLanguage\":\"pt-BR\",\"potentialAction\":[{\"@type\":\"ReadAction\",\"target\":[\"https:\/\/www.suno.com.br\/noticias\/presidente-focar-producao-petroleo\/\"]}]},{\"@type\":\"ImageObject\",\"inLanguage\":\"pt-BR\",\"@id\":\"https:\/\/www.suno.com.br\/noticias\/presidente-focar-producao-petroleo\/#primaryimage\",\"url\":\"https:\/\/files.sunoresearch.com.br\/n\/uploads\/2019\/05\/71d24adc-ibovespa-jpg.webp\",\"contentUrl\":\"https:\/\/files.sunoresearch.com.br\/n\/uploads\/2019\/05\/71d24adc-ibovespa-jpg.webp\",\"width\":1140,\"height\":760,\"caption\":\"\\\"Petrobras deve colocar foco em produ\u00e7\u00e3o de petr\u00f3leo\\\", diz Guedes\"},{\"@type\":\"BreadcrumbList\",\"@id\":\"https:\/\/www.suno.com.br\/noticias\/presidente-focar-producao-petroleo\/#breadcrumb\",\"itemListElement\":[{\"@type\":\"ListItem\",\"position\":1,\"name\":\"Not\u00edcias\",\"item\":\"https:\/\/www.suno.com.br\/noticias\/\"},{\"@type\":\"ListItem\",\"position\":2,\"name\":\"Pol\u00edtica\",\"item\":\"https:\/\/www.suno.com.br\/noticias\/politica\/\"},{\"@type\":\"ListItem\",\"position\":3,\"name\":\"&#8220;Petrobras deve focar em produ\u00e7\u00e3o de petr\u00f3leo&#8221;, diz Guedes\"}]},{\"@type\":\"WebSite\",\"@id\":\"https:\/\/www.suno.com.br\/noticias\/#website\",\"url\":\"https:\/\/www.suno.com.br\/noticias\/\",\"name\":\"Suno Not\u00edcias\",\"description\":\"Seu portal de informa\u00e7\u00e3o sobre o mundo dos investimentos\",\"publisher\":{\"@id\":\"https:\/\/www.suno.com.br\/noticias\/#organization\"},\"potentialAction\":[{\"@type\":\"SearchAction\",\"target\":{\"@type\":\"EntryPoint\",\"urlTemplate\":\"https:\/\/www.suno.com.br\/noticias\/?s={search_term_string}\"},\"query-input\":{\"@type\":\"PropertyValueSpecification\",\"valueRequired\":true,\"valueName\":\"search_term_string\"}}],\"inLanguage\":\"pt-BR\"},{\"@type\":\"Organization\",\"@id\":\"https:\/\/www.suno.com.br\/noticias\/#organization\",\"name\":\"Suno Not\u00edcias\",\"url\":\"https:\/\/www.suno.com.br\/noticias\/\",\"logo\":{\"@type\":\"ImageObject\",\"inLanguage\":\"pt-BR\",\"@id\":\"https:\/\/www.suno.com.br\/noticias\/#\/schema\/logo\/image\/\",\"url\":\"https:\/\/files.sunoresearch.com.br\/n\/uploads\/2021\/09\/suno-logo.png\",\"contentUrl\":\"https:\/\/files.sunoresearch.com.br\/n\/uploads\/2021\/09\/suno-logo.png\",\"width\":180,\"height\":180,\"caption\":\"Suno Not\u00edcias\"},\"image\":{\"@id\":\"https:\/\/www.suno.com.br\/noticias\/#\/schema\/logo\/image\/\"},\"sameAs\":[\"https:\/\/facebook.com\/sunoresearch\",\"https:\/\/x.com\/sunoresearch\",\"https:\/\/www.instagram.com\/suno\",\"https:\/\/www.linkedin.com\/company\/suno-research\/\",\"https:\/\/www.youtube.com\/c\/sunoresearch\"]},{\"@type\":\"Person\",\"@id\":\"https:\/\/www.suno.com.br\/noticias\/#\/schema\/person\/e6e0f723cc177805027f4566c1d5e0c8\",\"name\":\"Carlo Cauti\",\"image\":{\"@type\":\"ImageObject\",\"inLanguage\":\"pt-BR\",\"@id\":\"https:\/\/www.suno.com.br\/noticias\/#\/schema\/person\/image\/\",\"url\":\"https:\/\/secure.gravatar.com\/avatar\/3ada9e0bd164c23abd4792a9606d583c?s=96&r=g\",\"contentUrl\":\"https:\/\/secure.gravatar.com\/avatar\/3ada9e0bd164c23abd4792a9606d583c?s=96&r=g\",\"caption\":\"Carlo Cauti\"},\"description\":\"Editor multim\u00eddia do SUNO Not\u00edcias. Italiano, formado em Ci\u00eancias Pol\u00edticas pela universidade LUISS G. Carli de Roma e mestre cum laude em Rela\u00e7\u00f5es Internacionais, Jornalismo Internacional e de Guerra e em Economia Internacional. Concluiu tamb\u00e9m um MBA em Finan\u00e7as na B3. No Brasil, teve passagem por ve\u00edculos como Estad\u00e3o, Globo, Veja e EXAME. e nas ag\u00eancias de not\u00edcias italianas ANSA e NOVA.\",\"url\":\"https:\/\/www.suno.com.br\/noticias\/author\/carlo-cauti\/\"}]}<\/script>\n<!-- \/ Yoast SEO plugin. -->","yoast_head_json":{"title":"\"Petrobras deve colocar foco em produ\u00e7\u00e3o de petr\u00f3leo\", diz Guedes","description":"O ministro da Economia, Paulo Guedes, afirmou que a Petrobras tem que focar na produ\u00e7\u00e3o de petr\u00f3leo. Clique aqui para saber mais.","robots":{"index":"index","follow":"follow","max-snippet":"max-snippet:-1","max-image-preview":"max-image-preview:large","max-video-preview":"max-video-preview:-1"},"canonical":"https:\/\/www.suno.com.br\/noticias\/presidente-focar-producao-petroleo\/","og_locale":"pt_BR","og_type":"article","og_title":"\"Petrobras deve colocar foco em produ\u00e7\u00e3o de petr\u00f3leo\", diz Guedes","og_description":"O ministro da Economia, Paulo Guedes, afirmou que a Petrobras tem que focar na produ\u00e7\u00e3o de petr\u00f3leo. Clique aqui para saber mais.","og_url":"https:\/\/www.suno.com.br\/noticias\/presidente-focar-producao-petroleo\/","og_site_name":"Suno Not\u00edcias","article_publisher":"https:\/\/facebook.com\/sunoresearch","og_image":[{"width":1140,"height":760,"url":"https:\/\/files.sunoresearch.com.br\/n\/uploads\/2019\/05\/71d24adc-ibovespa.jpg","type":"image\/jpeg"}],"author":"Carlo Cauti","twitter_card":"summary_large_image","twitter_creator":"@sunoresearch","twitter_site":"@sunoresearch","twitter_misc":{"Escrito por":"Carlo Cauti","Est. tempo de leitura":"3 minutos"},"schema":{"@context":"https:\/\/schema.org","@graph":[{"@type":"NewsArticle","@id":"https:\/\/www.suno.com.br\/noticias\/presidente-focar-producao-petroleo\/#article","isPartOf":{"@id":"https:\/\/www.suno.com.br\/noticias\/presidente-focar-producao-petroleo\/"},"author":{"name":"Carlo Cauti","@id":"https:\/\/www.suno.com.br\/noticias\/#\/schema\/person\/e6e0f723cc177805027f4566c1d5e0c8"},"headline":"&#8220;Petrobras deve focar em produ\u00e7\u00e3o de petr\u00f3leo&#8221;, diz Guedes","datePublished":"2019-07-26T20:03:45+00:00","dateModified":"2021-02-18T01:13:59+00:00","mainEntityOfPage":{"@id":"https:\/\/www.suno.com.br\/noticias\/presidente-focar-producao-petroleo\/"},"wordCount":536,"publisher":{"@id":"https:\/\/www.suno.com.br\/noticias\/#organization"},"image":{"@id":"https:\/\/www.suno.com.br\/noticias\/presidente-focar-producao-petroleo\/#primaryimage"},"thumbnailUrl":"https:\/\/files.sunoresearch.com.br\/n\/uploads\/2019\/05\/71d24adc-ibovespa-jpg.webp","keywords":["g\u00e1s natural","Paulo Guedes","Petrobras (PETR4)"],"articleSection":["Pol\u00edtica"],"inLanguage":"pt-BR"},{"@type":"WebPage","@id":"https:\/\/www.suno.com.br\/noticias\/presidente-focar-producao-petroleo\/","url":"https:\/\/www.suno.com.br\/noticias\/presidente-focar-producao-petroleo\/","name":"\"Petrobras deve colocar foco em produ\u00e7\u00e3o de petr\u00f3leo\", diz Guedes","isPartOf":{"@id":"https:\/\/www.suno.com.br\/noticias\/#website"},"primaryImageOfPage":{"@id":"https:\/\/www.suno.com.br\/noticias\/presidente-focar-producao-petroleo\/#primaryimage"},"image":{"@id":"https:\/\/www.suno.com.br\/noticias\/presidente-focar-producao-petroleo\/#primaryimage"},"thumbnailUrl":"https:\/\/files.sunoresearch.com.br\/n\/uploads\/2019\/05\/71d24adc-ibovespa-jpg.webp","datePublished":"2019-07-26T20:03:45+00:00","dateModified":"2021-02-18T01:13:59+00:00","description":"O ministro da Economia, Paulo Guedes, afirmou que a Petrobras tem que focar na produ\u00e7\u00e3o de petr\u00f3leo. Clique aqui para saber mais.","breadcrumb":{"@id":"https:\/\/www.suno.com.br\/noticias\/presidente-focar-producao-petroleo\/#breadcrumb"},"inLanguage":"pt-BR","potentialAction":[{"@type":"ReadAction","target":["https:\/\/www.suno.com.br\/noticias\/presidente-focar-producao-petroleo\/"]}]},{"@type":"ImageObject","inLanguage":"pt-BR","@id":"https:\/\/www.suno.com.br\/noticias\/presidente-focar-producao-petroleo\/#primaryimage","url":"https:\/\/files.sunoresearch.com.br\/n\/uploads\/2019\/05\/71d24adc-ibovespa-jpg.webp","contentUrl":"https:\/\/files.sunoresearch.com.br\/n\/uploads\/2019\/05\/71d24adc-ibovespa-jpg.webp","width":1140,"height":760,"caption":"\"Petrobras deve colocar foco em produ\u00e7\u00e3o de petr\u00f3leo\", diz Guedes"},{"@type":"BreadcrumbList","@id":"https:\/\/www.suno.com.br\/noticias\/presidente-focar-producao-petroleo\/#breadcrumb","itemListElement":[{"@type":"ListItem","position":1,"name":"Not\u00edcias","item":"https:\/\/www.suno.com.br\/noticias\/"},{"@type":"ListItem","position":2,"name":"Pol\u00edtica","item":"https:\/\/www.suno.com.br\/noticias\/politica\/"},{"@type":"ListItem","position":3,"name":"&#8220;Petrobras deve focar em produ\u00e7\u00e3o de petr\u00f3leo&#8221;, diz Guedes"}]},{"@type":"WebSite","@id":"https:\/\/www.suno.com.br\/noticias\/#website","url":"https:\/\/www.suno.com.br\/noticias\/","name":"Suno Not\u00edcias","description":"Seu portal de informa\u00e7\u00e3o sobre o mundo dos investimentos","publisher":{"@id":"https:\/\/www.suno.com.br\/noticias\/#organization"},"potentialAction":[{"@type":"SearchAction","target":{"@type":"EntryPoint","urlTemplate":"https:\/\/www.suno.com.br\/noticias\/?s={search_term_string}"},"query-input":{"@type":"PropertyValueSpecification","valueRequired":true,"valueName":"search_term_string"}}],"inLanguage":"pt-BR"},{"@type":"Organization","@id":"https:\/\/www.suno.com.br\/noticias\/#organization","name":"Suno Not\u00edcias","url":"https:\/\/www.suno.com.br\/noticias\/","logo":{"@type":"ImageObject","inLanguage":"pt-BR","@id":"https:\/\/www.suno.com.br\/noticias\/#\/schema\/logo\/image\/","url":"https:\/\/files.sunoresearch.com.br\/n\/uploads\/2021\/09\/suno-logo.png","contentUrl":"https:\/\/files.sunoresearch.com.br\/n\/uploads\/2021\/09\/suno-logo.png","width":180,"height":180,"caption":"Suno Not\u00edcias"},"image":{"@id":"https:\/\/www.suno.com.br\/noticias\/#\/schema\/logo\/image\/"},"sameAs":["https:\/\/facebook.com\/sunoresearch","https:\/\/x.com\/sunoresearch","https:\/\/www.instagram.com\/suno","https:\/\/www.linkedin.com\/company\/suno-research\/","https:\/\/www.youtube.com\/c\/sunoresearch"]},{"@type":"Person","@id":"https:\/\/www.suno.com.br\/noticias\/#\/schema\/person\/e6e0f723cc177805027f4566c1d5e0c8","name":"Carlo Cauti","image":{"@type":"ImageObject","inLanguage":"pt-BR","@id":"https:\/\/www.suno.com.br\/noticias\/#\/schema\/person\/image\/","url":"https:\/\/secure.gravatar.com\/avatar\/3ada9e0bd164c23abd4792a9606d583c?s=96&r=g","contentUrl":"https:\/\/secure.gravatar.com\/avatar\/3ada9e0bd164c23abd4792a9606d583c?s=96&r=g","caption":"Carlo Cauti"},"description":"Editor multim\u00eddia do SUNO Not\u00edcias. Italiano, formado em Ci\u00eancias Pol\u00edticas pela universidade LUISS G. Carli de Roma e mestre cum laude em Rela\u00e7\u00f5es Internacionais, Jornalismo Internacional e de Guerra e em Economia Internacional. Concluiu tamb\u00e9m um MBA em Finan\u00e7as na B3. No Brasil, teve passagem por ve\u00edculos como Estad\u00e3o, Globo, Veja e EXAME. e nas ag\u00eancias de not\u00edcias italianas ANSA e NOVA.","url":"https:\/\/www.suno.com.br\/noticias\/author\/carlo-cauti\/"}]}},"default_loop_html":"<div class=\"cardsPage__listCard__boxs\"><div class=\"cardsPage__listCard__boxs__img\"><a href=\"https:\/\/www.suno.com.br\/noticias\/presidente-focar-producao-petroleo\/\"><img class=\"mask\" src=\"https:\/\/www.suno.com.br\/noticias\/wp-content\/themes\/suno\/resources\/images\/spotlight\/spotlight1img\/bg-mask.png\" alt=\"Image Mask\"\/><img src=\"https:\/\/files.sunoresearch.com.br\/n\/uploads\/2019\/05\/71d24adc-ibovespa-400x200.webp\" alt=\"&#8220;Petrobras deve focar em produ\u00e7\u00e3o de petr\u00f3leo&#8221;, diz Guedes\"\/><\/a><span class=\"spotlightCategory\"><a href=\"https:\/\/www.suno.com.br\/noticias\/politica\/\">Pol\u00edtica<\/a><\/span><\/div><div class=\"cardsPage__listCard__boxs__content\"><a href=\"https:\/\/www.suno.com.br\/noticias\/presidente-focar-producao-petroleo\/\"><h2 class=\"content__title\">&#8220;Petrobras deve focar em produ\u00e7\u00e3o de petr\u00f3leo&#8221;, diz Guedes<\/h2><\/a><div class=\"newsContent__article__meta\"><div class=\"newsContent__article__meta__authorBox\"><a href=\"https:\/\/www.suno.com.br\/noticias\/author\/carlo-cauti\/\" class=\"authorBox__avatar noMobi\"><img src=\"https:\/\/files.sunoresearch.com.br\/n\/uploads\/2020\/08\/e3745f9a-perfil-carlo-cauti-150x150.webp\" alt=\"Carlo Cauti\"><\/a><div class=\"authorBox__name\"><span>por\n\t\t\t<a href=\"https:\/\/www.suno.com.br\/noticias\/author\/carlo-cauti\/\"><span itemprop=\"author\">Carlo Cauti<\/span><\/a><\/span><time datetime=\"2019-07-26T17:03:45-03:00\" itemprop=\"datePublished\">26\/07\/2019 17:03<\/time><\/div><\/div><\/div><\/div><\/div>","single_layout":"posts","amp_enabled":true,"_links":{"self":[{"href":"https:\/\/www.suno.com.br\/noticias\/wp-json\/wp\/v2\/posts\/32313"}],"collection":[{"href":"https:\/\/www.suno.com.br\/noticias\/wp-json\/wp\/v2\/posts"}],"about":[{"href":"https:\/\/www.suno.com.br\/noticias\/wp-json\/wp\/v2\/types\/post"}],"author":[{"embeddable":true,"href":"https:\/\/www.suno.com.br\/noticias\/wp-json\/wp\/v2\/users\/9"}],"replies":[{"embeddable":true,"href":"https:\/\/www.suno.com.br\/noticias\/wp-json\/wp\/v2\/comments?post=32313"}],"version-history":[{"count":0,"href":"https:\/\/www.suno.com.br\/noticias\/wp-json\/wp\/v2\/posts\/32313\/revisions"}],"wp:featuredmedia":[{"embeddable":true,"href":"https:\/\/www.suno.com.br\/noticias\/wp-json\/wp\/v2\/media\/23679"}],"wp:attachment":[{"href":"https:\/\/www.suno.com.br\/noticias\/wp-json\/wp\/v2\/media?parent=32313"}],"wp:term":[{"taxonomy":"category","embeddable":true,"href":"https:\/\/www.suno.com.br\/noticias\/wp-json\/wp\/v2\/categories?post=32313"},{"taxonomy":"post_tag","embeddable":true,"href":"https:\/\/www.suno.com.br\/noticias\/wp-json\/wp\/v2\/tags?post=32313"},{"taxonomy":"suno_strategy","embeddable":true,"href":"https:\/\/www.suno.com.br\/noticias\/wp-json\/wp\/v2\/suno_strategy?post=32313"}],"curies":[{"name":"wp","href":"https:\/\/api.w.org\/{rel}","templated":true}]}}