{"id":323034,"date":"2022-11-24T09:55:06","date_gmt":"2022-11-24T12:55:06","guid":{"rendered":"https:\/\/www.suno.com.br\/noticias\/?p=323034"},"modified":"2022-11-24T11:20:31","modified_gmt":"2022-11-24T14:20:31","slug":"ipca-15-novembro-alimentos-saude","status":"publish","type":"post","link":"https:\/\/www.suno.com.br\/noticias\/ipca-15-novembro-alimentos-saude\/","title":{"rendered":"IPCA-15: Alimentos e sa\u00fade puxam alta de pre\u00e7os, e indicador sobe 0,53%"},"content":{"rendered":"<p>O \u00cdndice Nacional de Pre\u00e7os ao Consumidor Amplo &#8211; 15, o <strong>IPCA<\/strong>-15, registrou alta de 0,53% em novembro, ap\u00f3s ter subido 0,16% em outubro. Segundo informa\u00e7\u00f5es divulgadas pelo <a class=\"suno-keyword\" data-force=\"no\" data-priority=\"3\" href=\"https:\/\/www.suno.com.br\/artigos\/ibge\/\" target=\"_blank\" rel=\"noopener\">Instituto Brasileiro de Geografia e Estat\u00edstica (IBGE)<\/a> nesta quinta (24), o setor de alimentos e bebidas e o de sa\u00fade e cuidados pessoais puxaram essa alta.<\/p>\t<div class=\"wrapper-featured-image\">\n\t\t<figure class=\"spotlightImg\">\n\n\t\t\t<picture>\n\t\t\t\t<source media=\"(max-width: 768px)\" srcset=\"https:\/\/files.sunoresearch.com.br\/n\/uploads\/2022\/05\/vegetables-g77c90de56_1920-400x200.jpg\">\n\t\t\t\t<img loading=\"lazy\" decoding=\"async\" class=\"newsContent__article__imgCapa lazyloadDisabled \" src=\"https:\/\/files.sunoresearch.com.br\/n\/uploads\/2022\/05\/vegetables-g77c90de56_1920-800x450.jpg\" width=\"800\" height=\"450\" alt=\"IPCA-15: Alimentos e sa\u00fade puxam alta de pre\u00e7os, e indicador sobe 0,53%\" fetchpriority=high \/>\n\t\t\t<\/picture>\n\n\t\t\t<figcaption class=\"wp-caption-text wp-caption-text--show\">Infla\u00e7\u00e3o: alimentos puxam alta do IPCA. Foto: Pixabay<\/figcaption>\n\t\t<\/figure>\n\t<\/div>\n\n\n\n\n\n\t<p>\n\t\t<a href=\"https:\/\/lp2.suno.com.br\/cl\/black-friday-2025\/?utm_campaign=_SNCDF0E4858_\" target=\"_blank\" data-element=\"shortcode-suno-banner\" title=\"Banner SUNO, clique e saiba mais\">\n\t\t\t<picture>\n\t\t\t\t<source media=\"(max-width: 500px)\" srcset=\"https:\/\/files.sunoresearch.com.br\/n\/uploads\/2025\/10\/Artigos-e-Noticias-Banner-Home-artigos-01-Mobile_-400x300-1-png.webp\">\n\t\t\t\t<img class=\"newsContent__article__imgCapa newsContent__article__imgCapa--banner\"\n\t\t\t\t\tsrc=\"https:\/\/files.sunoresearch.com.br\/n\/uploads\/2025\/10\/Artigos-e-Noticias-Banner-Home-artigos-01-Desktop_-1420x240-1-png.webp\"\n\t\t\t\t\tdata-promo-id=\"311259\"\t\t\t\t\t\t\t\t\t\twidth='1420' height='240'\t\t\t\t\talt=\"https:\/\/files.sunoresearch.com.br\/n\/uploads\/2025\/10\/Artigos-e-Noticias-Banner-Home-artigos-01-Desktop_-1420x240-1-png.webp\"\n\t\t\t\t>\n\t\t\t<\/picture>\n\t\t<\/a>\n\t<\/p>\n\n\n\n\n\n<p>O resultado ficou levemente abaixo da mediana das <strong>estimativas do \u00edndice<\/strong> (0,54%) dos analistas do mercado financeiro consultados pelo <i>Proje\u00e7\u00f5es Broadcast<\/i>, que esperavam uma alta de 0,42% a 0,68%.<\/p>\n\n\n\n<p>Carlos Macedo, especialista em aloca\u00e7\u00e3o de investimentos da Warren, tamb\u00e9m afirmou que o n\u00famero veio abaixo do esperado. &#8220;No entanto, os n\u00facleos surpreenderam um pouco para cima, sobretudo por n\u00fameros mais altos de bens como artigo de resid\u00eancia e vestu\u00e1rio&#8221;, destacou.<\/p>\n\n\n\n<blockquote class=\"wp-block-quote is-layout-flow wp-block-quote-is-layout-flow\"><p>A difus\u00e3o de servi\u00e7os permanece elevada, o que evidencia a necessidade da manuten\u00e7\u00e3o do juro em um patamar elevado por per\u00edodo prolongado. O dado n\u00e3o afetar\u00e1 o plano de voo do Banco Central, que continuar\u00e1 atento \u00e0s evolu\u00e7\u00f5es da PEC de Transi\u00e7\u00e3o e seu potencial impacto nas expectativas de infla\u00e7\u00e3o.<\/p><\/blockquote>\n\n\n\n<p>Com o resultado agora anunciado, o <strong>IPCA-15<\/strong> acumulou um aumento de 5,35% no ano. A taxa em 12 meses ficou em 6,17%, de acordo com o IBGE. As proje\u00e7\u00f5es da <strong>infla\u00e7\u00e3o<\/strong> iam de avan\u00e7o de 6,07% a 6,33%, com mediana de 6,20%.<\/p>\n\n\n\n<p>Segundo o IBGE, alimentos e bebidas tiveram um <strong>aumento de pre\u00e7os <\/strong>expressivo na transi\u00e7\u00e3o de outubro (0,21%) para novembro (0,54%), fator puxado principalmente pelos alimentos para consumo no domic\u00edlio (0,60%). Altas nos pre\u00e7os do tomate, cebola e batata-inglesa contribu\u00edram para esse resultado.<\/p>\n\n\n\n<p>Em sa\u00fade e cuidados pessoais (0,91%), os destaques foram os itens de higiene pessoal (1,76%), em especial os produtos para pele (6,68%), e os planos de sa\u00fade (1,21%).<\/p>\n\n\n\t<p>\n\t\t<a href=\"https:\/\/lp.suno.com.br\/ebook-como-analisar-uma-acao\/\" target=\"_blank\" data-element=\"shortcode-suno-banner\" title=\"Banner SUNO, clique e saiba mais\">\n\t\t\t<picture>\n\t\t\t\t<source media=\"(max-width: 500px)\" srcset=\"https:\/\/files.sunoresearch.com.br\/n\/uploads\/2023\/12\/Ebook-Acoes-Mobile.jpg\">\n\t\t\t\t<img class=\"newsContent__article__imgCapa newsContent__article__imgCapa--banner\"\n\t\t\t\t\tsrc=\"https:\/\/files.sunoresearch.com.br\/n\/uploads\/2023\/12\/Ebook-Acoes-Desktop.webp\"\n\t\t\t\t\tdata-promo-id=\"311260\"\t\t\t\t\t\t\t\t\t\twidth='1420' height='286'\t\t\t\t\talt=\"https:\/\/files.sunoresearch.com.br\/n\/uploads\/2023\/12\/Ebook-Acoes-Desktop.webp\"\n\t\t\t\t>\n\t\t\t<\/picture>\n\t\t<\/a>\n\t<\/p>\n\n\n\n\n\n<h2 class=\"wp-block-heading\" id=\"h-veja-as-variacoes-do-ipca-por-grupo\">Veja as varia\u00e7\u00f5es do IPCA por grupo<\/h2>\n\n\n\n<ul class=\"wp-block-list\"><li>Alimenta\u00e7\u00e3o e bebidas (+0,54)<\/li><li>Habita\u00e7\u00e3o (+0,48)<\/li><li>Artigos de resid\u00eancia (+0,54)<\/li><li>Vestu\u00e1rio (+1,48)<\/li><li>Transportes (+0,49)<\/li><li>Sa\u00fade e cuidados pessoais (+0,91)<\/li><li>Despesas pessoais (+0,27)<\/li><li>Educa\u00e7\u00e3o (+0,05)<\/li><li>Comunica\u00e7\u00e3o (0,00)<\/li><\/ul>\n\n\n\n<p>\u00c0 exce\u00e7\u00e3o de Comunica\u00e7\u00e3o, que apresentou estabilidade, todos os grupos de produtos e servi\u00e7os pesquisados tiveram varia\u00e7\u00e3o positiva neste m\u00eas.<\/p>\n\n\n\n<p>No grupo dos transportes, os <strong>pre\u00e7os dos combust\u00edveis <\/strong>(2,04%) voltaram a subir, ap\u00f3s cinco meses consecutivos de quedas. Depois de ca\u00edrem 5,92% em outubro, os pre\u00e7os da gasolina subiram 1,67% em novembro, contribuindo com o maior impacto individual no \u00edndice do m\u00eas, 0,08 p.p. <\/p>\n\n\n\n<p>Os pre\u00e7os do etanol subiram 6,16%, e os do \u00f3leo diesel, 0,12%. O g\u00e1s veicular (-0,98%) foi o \u00fanico a apresentar queda entre os combust\u00edveis pesquisados.<\/p>\n\n\n\n<p>Para calcular o <strong>IPCA<\/strong>, o IBGE avalia uma cesta de produtos de consumo de fam\u00edlias com rendimento de um a 40 sal\u00e1rios m\u00ednimos, abrangendo nove regi\u00f5es metropolitanas, al\u00e9m de Bras\u00edlia e do munic\u00edpio de Goi\u00e2nia.<\/p>\n\n\n\n<p><em>Com Estad\u00e3o Conte\u00fado e Ag\u00eancia IBGE<\/em><\/p>\n\n\n\t<p>\n\t\t<a href=\"https:\/\/lp.suno.com.br\/minicurso-investindo-fiis\/\" target=\"_blank\" data-element=\"shortcode-suno-banner\" title=\"Banner SUNO, clique e saiba mais\">\n\t\t\t<picture>\n\t\t\t\t<source media=\"(max-width: 500px)\" srcset=\"https:\/\/files.sunoresearch.com.br\/n\/uploads\/2023\/07\/400x300-Minicurso-FIIS.png\">\n\t\t\t\t<img class=\"newsContent__article__imgCapa newsContent__article__imgCapa--banner\"\n\t\t\t\t\tsrc=\"https:\/\/files.sunoresearch.com.br\/n\/uploads\/2023\/07\/1420x240-Minicurso-FIIS.png\"\n\t\t\t\t\tdata-promo-id=\"311935\"\t\t\t\t\t\t\t\t\t\twidth='1420' height='240'\t\t\t\t\talt=\"https:\/\/files.sunoresearch.com.br\/n\/uploads\/2023\/07\/1420x240-Minicurso-FIIS.png\"\n\t\t\t\t>\n\t\t\t<\/picture>\n\t\t<\/a>\n\t<\/p>\n\n\n","protected":false},"excerpt":{"rendered":"<p>O \u00cdndice Nacional de Pre\u00e7os ao Consumidor Amplo &#8211; 15, o IPCA-15, registrou alta de 0,53% em novembro, ap\u00f3s ter subido 0,16% em outubro. Segundo informa\u00e7\u00f5es divulgadas pelo Instituto Brasileiro de Geografia e Estat\u00edstica (IBGE) nesta quinta (24), o setor de alimentos e bebidas e o de sa\u00fade e cuidados pessoais puxaram essa alta. Infla\u00e7\u00e3o: [&hellip;]<\/p>\n","protected":false},"author":232,"featured_media":258033,"comment_status":"closed","ping_status":"closed","sticky":false,"template":"","format":"standard","meta":[],"categories":[62],"tags":[105816,1361],"suno_strategy":[],"class_list":["post-323034","post","type-post","status-publish","format-standard","has-post-thumbnail","hentry","category-economia","tag-especialistas","tag-ipca-15"],"yoast_head":"<!-- This site is optimized with the Yoast SEO plugin v24.4 - https:\/\/yoast.com\/wordpress\/plugins\/seo\/ -->\n<title>IPCA-15 sobre 0,53% em novembro; alimentos e sa\u00fade puxam alta<\/title>\n<meta name=\"description\" content=\"O \u00cdndice Nacional de Pre\u00e7os ao Consumidor Amplo, o IPCA-15, registrou alta de 0,53%. Alimentos e sa\u00fade puxaram \u00edndice. Saiba mais.\" \/>\n<meta name=\"robots\" content=\"index, follow, max-snippet:-1, max-image-preview:large, max-video-preview:-1\" \/>\n<link rel=\"canonical\" href=\"https:\/\/www.suno.com.br\/noticias\/ipca-15-novembro-alimentos-saude\/\" \/>\n<meta property=\"og:locale\" content=\"pt_BR\" \/>\n<meta property=\"og:type\" content=\"article\" \/>\n<meta property=\"og:title\" content=\"IPCA-15 sobre 0,53% em novembro; alimentos e sa\u00fade puxam alta\" \/>\n<meta property=\"og:description\" content=\"O \u00cdndice Nacional de Pre\u00e7os ao Consumidor Amplo, o IPCA-15, registrou alta de 0,53%. Alimentos e sa\u00fade puxaram \u00edndice. Saiba mais.\" \/>\n<meta property=\"og:url\" content=\"https:\/\/www.suno.com.br\/noticias\/ipca-15-novembro-alimentos-saude\/\" \/>\n<meta property=\"og:site_name\" content=\"Suno Not\u00edcias\" \/>\n<meta property=\"article:publisher\" content=\"https:\/\/facebook.com\/sunoresearch\" \/>\n<meta property=\"og:image\" content=\"https:\/\/files.sunoresearch.com.br\/n\/uploads\/2022\/05\/vegetables-g77c90de56_1920.jpg\" \/>\n\t<meta property=\"og:image:width\" content=\"1920\" \/>\n\t<meta property=\"og:image:height\" content=\"1278\" \/>\n\t<meta property=\"og:image:type\" content=\"image\/jpeg\" \/>\n<meta name=\"author\" content=\"Erick Matheus Nery\" \/>\n<meta name=\"twitter:card\" content=\"summary_large_image\" \/>\n<meta name=\"twitter:creator\" content=\"@sunoresearch\" \/>\n<meta name=\"twitter:site\" content=\"@sunoresearch\" \/>\n<meta name=\"twitter:label1\" content=\"Escrito por\" \/>\n\t<meta name=\"twitter:data1\" content=\"Erick Matheus Nery\" \/>\n\t<meta name=\"twitter:label2\" content=\"Est. tempo de leitura\" \/>\n\t<meta name=\"twitter:data2\" content=\"3 minutos\" \/>\n<script type=\"application\/ld+json\" class=\"yoast-schema-graph\">{\"@context\":\"https:\/\/schema.org\",\"@graph\":[{\"@type\":\"NewsArticle\",\"@id\":\"https:\/\/www.suno.com.br\/noticias\/ipca-15-novembro-alimentos-saude\/#article\",\"isPartOf\":{\"@id\":\"https:\/\/www.suno.com.br\/noticias\/ipca-15-novembro-alimentos-saude\/\"},\"author\":{\"name\":\"Erick Matheus Nery\",\"@id\":\"https:\/\/www.suno.com.br\/noticias\/#\/schema\/person\/6899bc3f19d1a7315f807131c2c013a0\"},\"headline\":\"IPCA-15: Alimentos e sa\u00fade puxam alta de pre\u00e7os, e indicador sobe 0,53%\",\"datePublished\":\"2022-11-24T12:55:06+00:00\",\"dateModified\":\"2022-11-24T14:20:31+00:00\",\"mainEntityOfPage\":{\"@id\":\"https:\/\/www.suno.com.br\/noticias\/ipca-15-novembro-alimentos-saude\/\"},\"wordCount\":500,\"publisher\":{\"@id\":\"https:\/\/www.suno.com.br\/noticias\/#organization\"},\"image\":{\"@id\":\"https:\/\/www.suno.com.br\/noticias\/ipca-15-novembro-alimentos-saude\/#primaryimage\"},\"thumbnailUrl\":\"https:\/\/files.sunoresearch.com.br\/n\/uploads\/2022\/05\/vegetables-g77c90de56_1920.jpg\",\"keywords\":[\"Especialistas\",\"IPCA-15\"],\"articleSection\":[\"Economia\"],\"inLanguage\":\"pt-BR\"},{\"@type\":\"WebPage\",\"@id\":\"https:\/\/www.suno.com.br\/noticias\/ipca-15-novembro-alimentos-saude\/\",\"url\":\"https:\/\/www.suno.com.br\/noticias\/ipca-15-novembro-alimentos-saude\/\",\"name\":\"IPCA-15 sobre 0,53% em novembro; alimentos e sa\u00fade puxam alta\",\"isPartOf\":{\"@id\":\"https:\/\/www.suno.com.br\/noticias\/#website\"},\"primaryImageOfPage\":{\"@id\":\"https:\/\/www.suno.com.br\/noticias\/ipca-15-novembro-alimentos-saude\/#primaryimage\"},\"image\":{\"@id\":\"https:\/\/www.suno.com.br\/noticias\/ipca-15-novembro-alimentos-saude\/#primaryimage\"},\"thumbnailUrl\":\"https:\/\/files.sunoresearch.com.br\/n\/uploads\/2022\/05\/vegetables-g77c90de56_1920.jpg\",\"datePublished\":\"2022-11-24T12:55:06+00:00\",\"dateModified\":\"2022-11-24T14:20:31+00:00\",\"description\":\"O \u00cdndice Nacional de Pre\u00e7os ao Consumidor Amplo, o IPCA-15, registrou alta de 0,53%. Alimentos e sa\u00fade puxaram \u00edndice. Saiba mais.\",\"breadcrumb\":{\"@id\":\"https:\/\/www.suno.com.br\/noticias\/ipca-15-novembro-alimentos-saude\/#breadcrumb\"},\"inLanguage\":\"pt-BR\",\"potentialAction\":[{\"@type\":\"ReadAction\",\"target\":[\"https:\/\/www.suno.com.br\/noticias\/ipca-15-novembro-alimentos-saude\/\"]}]},{\"@type\":\"ImageObject\",\"inLanguage\":\"pt-BR\",\"@id\":\"https:\/\/www.suno.com.br\/noticias\/ipca-15-novembro-alimentos-saude\/#primaryimage\",\"url\":\"https:\/\/files.sunoresearch.com.br\/n\/uploads\/2022\/05\/vegetables-g77c90de56_1920.jpg\",\"contentUrl\":\"https:\/\/files.sunoresearch.com.br\/n\/uploads\/2022\/05\/vegetables-g77c90de56_1920.jpg\",\"width\":1920,\"height\":1278,\"caption\":\"Infla\u00e7\u00e3o: alimentos puxam alta do IPCA. Foto: Pixabay\"},{\"@type\":\"BreadcrumbList\",\"@id\":\"https:\/\/www.suno.com.br\/noticias\/ipca-15-novembro-alimentos-saude\/#breadcrumb\",\"itemListElement\":[{\"@type\":\"ListItem\",\"position\":1,\"name\":\"Not\u00edcias\",\"item\":\"https:\/\/www.suno.com.br\/noticias\/\"},{\"@type\":\"ListItem\",\"position\":2,\"name\":\"Economia\",\"item\":\"https:\/\/www.suno.com.br\/noticias\/economia\/\"},{\"@type\":\"ListItem\",\"position\":3,\"name\":\"IPCA-15: Alimentos e sa\u00fade puxam alta de pre\u00e7os, e indicador sobe 0,53%\"}]},{\"@type\":\"WebSite\",\"@id\":\"https:\/\/www.suno.com.br\/noticias\/#website\",\"url\":\"https:\/\/www.suno.com.br\/noticias\/\",\"name\":\"Suno Not\u00edcias\",\"description\":\"Seu portal de informa\u00e7\u00e3o sobre o mundo dos investimentos\",\"publisher\":{\"@id\":\"https:\/\/www.suno.com.br\/noticias\/#organization\"},\"potentialAction\":[{\"@type\":\"SearchAction\",\"target\":{\"@type\":\"EntryPoint\",\"urlTemplate\":\"https:\/\/www.suno.com.br\/noticias\/?s={search_term_string}\"},\"query-input\":{\"@type\":\"PropertyValueSpecification\",\"valueRequired\":true,\"valueName\":\"search_term_string\"}}],\"inLanguage\":\"pt-BR\"},{\"@type\":\"Organization\",\"@id\":\"https:\/\/www.suno.com.br\/noticias\/#organization\",\"name\":\"Suno Not\u00edcias\",\"url\":\"https:\/\/www.suno.com.br\/noticias\/\",\"logo\":{\"@type\":\"ImageObject\",\"inLanguage\":\"pt-BR\",\"@id\":\"https:\/\/www.suno.com.br\/noticias\/#\/schema\/logo\/image\/\",\"url\":\"https:\/\/files.sunoresearch.com.br\/n\/uploads\/2021\/09\/suno-logo.png\",\"contentUrl\":\"https:\/\/files.sunoresearch.com.br\/n\/uploads\/2021\/09\/suno-logo.png\",\"width\":180,\"height\":180,\"caption\":\"Suno Not\u00edcias\"},\"image\":{\"@id\":\"https:\/\/www.suno.com.br\/noticias\/#\/schema\/logo\/image\/\"},\"sameAs\":[\"https:\/\/facebook.com\/sunoresearch\",\"https:\/\/x.com\/sunoresearch\",\"https:\/\/www.instagram.com\/suno\",\"https:\/\/www.linkedin.com\/company\/suno-research\/\",\"https:\/\/www.youtube.com\/c\/sunoresearch\"]},{\"@type\":\"Person\",\"@id\":\"https:\/\/www.suno.com.br\/noticias\/#\/schema\/person\/6899bc3f19d1a7315f807131c2c013a0\",\"name\":\"Erick Matheus Nery\",\"image\":{\"@type\":\"ImageObject\",\"inLanguage\":\"pt-BR\",\"@id\":\"https:\/\/www.suno.com.br\/noticias\/#\/schema\/person\/image\/\",\"url\":\"https:\/\/secure.gravatar.com\/avatar\/518ddffe438ccb767782d372a66304d2?s=96&r=g\",\"contentUrl\":\"https:\/\/secure.gravatar.com\/avatar\/518ddffe438ccb767782d372a66304d2?s=96&r=g\",\"caption\":\"Erick Matheus Nery\"},\"description\":\"Formado em Jornalismo pela Universidade Federal do Par\u00e1 (UFPA), conta com extens\u00e3o em Jornalismo Econ\u00f4mico pela Funda\u00e7\u00e3o Get\u00falio Vargas (FGV). No Suno Not\u00edcias, atua como rep\u00f3rter de Mercado, com foco nos setores de telecomunica\u00e7\u00f5es, varejo, alimentos e renda fixa. Conta com passagens pelo jornal O Estado de S\u00e3o Paulo, como trainee de Jornalismo Econ\u00f4mico, e pelo site Not\u00edcias da TV.\",\"url\":\"https:\/\/www.suno.com.br\/noticias\/author\/erick-nery\/\"}]}<\/script>\n<!-- \/ Yoast SEO plugin. -->","yoast_head_json":{"title":"IPCA-15 sobre 0,53% em novembro; alimentos e sa\u00fade puxam alta","description":"O \u00cdndice Nacional de Pre\u00e7os ao Consumidor Amplo, o IPCA-15, registrou alta de 0,53%. Alimentos e sa\u00fade puxaram \u00edndice. Saiba mais.","robots":{"index":"index","follow":"follow","max-snippet":"max-snippet:-1","max-image-preview":"max-image-preview:large","max-video-preview":"max-video-preview:-1"},"canonical":"https:\/\/www.suno.com.br\/noticias\/ipca-15-novembro-alimentos-saude\/","og_locale":"pt_BR","og_type":"article","og_title":"IPCA-15 sobre 0,53% em novembro; alimentos e sa\u00fade puxam alta","og_description":"O \u00cdndice Nacional de Pre\u00e7os ao Consumidor Amplo, o IPCA-15, registrou alta de 0,53%. Alimentos e sa\u00fade puxaram \u00edndice. Saiba mais.","og_url":"https:\/\/www.suno.com.br\/noticias\/ipca-15-novembro-alimentos-saude\/","og_site_name":"Suno Not\u00edcias","article_publisher":"https:\/\/facebook.com\/sunoresearch","og_image":[{"width":1920,"height":1278,"url":"https:\/\/files.sunoresearch.com.br\/n\/uploads\/2022\/05\/vegetables-g77c90de56_1920.jpg","type":"image\/jpeg"}],"author":"Erick Matheus Nery","twitter_card":"summary_large_image","twitter_creator":"@sunoresearch","twitter_site":"@sunoresearch","twitter_misc":{"Escrito por":"Erick Matheus Nery","Est. tempo de leitura":"3 minutos"},"schema":{"@context":"https:\/\/schema.org","@graph":[{"@type":"NewsArticle","@id":"https:\/\/www.suno.com.br\/noticias\/ipca-15-novembro-alimentos-saude\/#article","isPartOf":{"@id":"https:\/\/www.suno.com.br\/noticias\/ipca-15-novembro-alimentos-saude\/"},"author":{"name":"Erick Matheus Nery","@id":"https:\/\/www.suno.com.br\/noticias\/#\/schema\/person\/6899bc3f19d1a7315f807131c2c013a0"},"headline":"IPCA-15: Alimentos e sa\u00fade puxam alta de pre\u00e7os, e indicador sobe 0,53%","datePublished":"2022-11-24T12:55:06+00:00","dateModified":"2022-11-24T14:20:31+00:00","mainEntityOfPage":{"@id":"https:\/\/www.suno.com.br\/noticias\/ipca-15-novembro-alimentos-saude\/"},"wordCount":500,"publisher":{"@id":"https:\/\/www.suno.com.br\/noticias\/#organization"},"image":{"@id":"https:\/\/www.suno.com.br\/noticias\/ipca-15-novembro-alimentos-saude\/#primaryimage"},"thumbnailUrl":"https:\/\/files.sunoresearch.com.br\/n\/uploads\/2022\/05\/vegetables-g77c90de56_1920.jpg","keywords":["Especialistas","IPCA-15"],"articleSection":["Economia"],"inLanguage":"pt-BR"},{"@type":"WebPage","@id":"https:\/\/www.suno.com.br\/noticias\/ipca-15-novembro-alimentos-saude\/","url":"https:\/\/www.suno.com.br\/noticias\/ipca-15-novembro-alimentos-saude\/","name":"IPCA-15 sobre 0,53% em novembro; alimentos e sa\u00fade puxam alta","isPartOf":{"@id":"https:\/\/www.suno.com.br\/noticias\/#website"},"primaryImageOfPage":{"@id":"https:\/\/www.suno.com.br\/noticias\/ipca-15-novembro-alimentos-saude\/#primaryimage"},"image":{"@id":"https:\/\/www.suno.com.br\/noticias\/ipca-15-novembro-alimentos-saude\/#primaryimage"},"thumbnailUrl":"https:\/\/files.sunoresearch.com.br\/n\/uploads\/2022\/05\/vegetables-g77c90de56_1920.jpg","datePublished":"2022-11-24T12:55:06+00:00","dateModified":"2022-11-24T14:20:31+00:00","description":"O \u00cdndice Nacional de Pre\u00e7os ao Consumidor Amplo, o IPCA-15, registrou alta de 0,53%. Alimentos e sa\u00fade puxaram \u00edndice. Saiba mais.","breadcrumb":{"@id":"https:\/\/www.suno.com.br\/noticias\/ipca-15-novembro-alimentos-saude\/#breadcrumb"},"inLanguage":"pt-BR","potentialAction":[{"@type":"ReadAction","target":["https:\/\/www.suno.com.br\/noticias\/ipca-15-novembro-alimentos-saude\/"]}]},{"@type":"ImageObject","inLanguage":"pt-BR","@id":"https:\/\/www.suno.com.br\/noticias\/ipca-15-novembro-alimentos-saude\/#primaryimage","url":"https:\/\/files.sunoresearch.com.br\/n\/uploads\/2022\/05\/vegetables-g77c90de56_1920.jpg","contentUrl":"https:\/\/files.sunoresearch.com.br\/n\/uploads\/2022\/05\/vegetables-g77c90de56_1920.jpg","width":1920,"height":1278,"caption":"Infla\u00e7\u00e3o: alimentos puxam alta do IPCA. Foto: Pixabay"},{"@type":"BreadcrumbList","@id":"https:\/\/www.suno.com.br\/noticias\/ipca-15-novembro-alimentos-saude\/#breadcrumb","itemListElement":[{"@type":"ListItem","position":1,"name":"Not\u00edcias","item":"https:\/\/www.suno.com.br\/noticias\/"},{"@type":"ListItem","position":2,"name":"Economia","item":"https:\/\/www.suno.com.br\/noticias\/economia\/"},{"@type":"ListItem","position":3,"name":"IPCA-15: Alimentos e sa\u00fade puxam alta de pre\u00e7os, e indicador sobe 0,53%"}]},{"@type":"WebSite","@id":"https:\/\/www.suno.com.br\/noticias\/#website","url":"https:\/\/www.suno.com.br\/noticias\/","name":"Suno Not\u00edcias","description":"Seu portal de informa\u00e7\u00e3o sobre o mundo dos investimentos","publisher":{"@id":"https:\/\/www.suno.com.br\/noticias\/#organization"},"potentialAction":[{"@type":"SearchAction","target":{"@type":"EntryPoint","urlTemplate":"https:\/\/www.suno.com.br\/noticias\/?s={search_term_string}"},"query-input":{"@type":"PropertyValueSpecification","valueRequired":true,"valueName":"search_term_string"}}],"inLanguage":"pt-BR"},{"@type":"Organization","@id":"https:\/\/www.suno.com.br\/noticias\/#organization","name":"Suno Not\u00edcias","url":"https:\/\/www.suno.com.br\/noticias\/","logo":{"@type":"ImageObject","inLanguage":"pt-BR","@id":"https:\/\/www.suno.com.br\/noticias\/#\/schema\/logo\/image\/","url":"https:\/\/files.sunoresearch.com.br\/n\/uploads\/2021\/09\/suno-logo.png","contentUrl":"https:\/\/files.sunoresearch.com.br\/n\/uploads\/2021\/09\/suno-logo.png","width":180,"height":180,"caption":"Suno Not\u00edcias"},"image":{"@id":"https:\/\/www.suno.com.br\/noticias\/#\/schema\/logo\/image\/"},"sameAs":["https:\/\/facebook.com\/sunoresearch","https:\/\/x.com\/sunoresearch","https:\/\/www.instagram.com\/suno","https:\/\/www.linkedin.com\/company\/suno-research\/","https:\/\/www.youtube.com\/c\/sunoresearch"]},{"@type":"Person","@id":"https:\/\/www.suno.com.br\/noticias\/#\/schema\/person\/6899bc3f19d1a7315f807131c2c013a0","name":"Erick Matheus Nery","image":{"@type":"ImageObject","inLanguage":"pt-BR","@id":"https:\/\/www.suno.com.br\/noticias\/#\/schema\/person\/image\/","url":"https:\/\/secure.gravatar.com\/avatar\/518ddffe438ccb767782d372a66304d2?s=96&r=g","contentUrl":"https:\/\/secure.gravatar.com\/avatar\/518ddffe438ccb767782d372a66304d2?s=96&r=g","caption":"Erick Matheus Nery"},"description":"Formado em Jornalismo pela Universidade Federal do Par\u00e1 (UFPA), conta com extens\u00e3o em Jornalismo Econ\u00f4mico pela Funda\u00e7\u00e3o Get\u00falio Vargas (FGV). No Suno Not\u00edcias, atua como rep\u00f3rter de Mercado, com foco nos setores de telecomunica\u00e7\u00f5es, varejo, alimentos e renda fixa. Conta com passagens pelo jornal O Estado de S\u00e3o Paulo, como trainee de Jornalismo Econ\u00f4mico, e pelo site Not\u00edcias da TV.","url":"https:\/\/www.suno.com.br\/noticias\/author\/erick-nery\/"}]}},"default_loop_html":"<div class=\"cardsPage__listCard__boxs\"><div class=\"cardsPage__listCard__boxs__img\"><a href=\"https:\/\/www.suno.com.br\/noticias\/ipca-15-novembro-alimentos-saude\/\"><img class=\"mask\" src=\"https:\/\/www.suno.com.br\/noticias\/wp-content\/themes\/suno\/resources\/images\/spotlight\/spotlight1img\/bg-mask.png\" alt=\"Image Mask\"\/><img src=\"https:\/\/files.sunoresearch.com.br\/n\/uploads\/2022\/05\/vegetables-g77c90de56_1920-400x200.jpg\" alt=\"IPCA-15: Alimentos e sa\u00fade puxam alta de pre\u00e7os, e indicador sobe 0,53%\"\/><\/a><span class=\"spotlightCategory\"><a href=\"https:\/\/www.suno.com.br\/noticias\/economia\/\">Economia<\/a><\/span><\/div><div class=\"cardsPage__listCard__boxs__content\"><a href=\"https:\/\/www.suno.com.br\/noticias\/ipca-15-novembro-alimentos-saude\/\"><h2 class=\"content__title\">IPCA-15: Alimentos e sa\u00fade puxam alta de pre\u00e7os, e indicador sobe 0,53%<\/h2><\/a><div class=\"newsContent__article__meta\"><div class=\"newsContent__article__meta__authorBox\"><a href=\"https:\/\/www.suno.com.br\/noticias\/author\/erick-nery\/\" class=\"authorBox__avatar noMobi\"><img src=\"https:\/\/secure.gravatar.com\/avatar\/518ddffe438ccb767782d372a66304d2?s=96&#038;r=g\" alt=\"Erick Matheus Nery\"><\/a><div class=\"authorBox__name\"><span>por\n\t\t\t<a href=\"https:\/\/www.suno.com.br\/noticias\/author\/erick-nery\/\"><span itemprop=\"author\">Erick Matheus Nery<\/span><\/a><\/span><time datetime=\"2022-11-24T09:55:06-03:00\" itemprop=\"datePublished\">24\/11\/2022 09:55<\/time><\/div><\/div><\/div><\/div><\/div>","single_layout":"posts","amp_enabled":true,"_links":{"self":[{"href":"https:\/\/www.suno.com.br\/noticias\/wp-json\/wp\/v2\/posts\/323034"}],"collection":[{"href":"https:\/\/www.suno.com.br\/noticias\/wp-json\/wp\/v2\/posts"}],"about":[{"href":"https:\/\/www.suno.com.br\/noticias\/wp-json\/wp\/v2\/types\/post"}],"author":[{"embeddable":true,"href":"https:\/\/www.suno.com.br\/noticias\/wp-json\/wp\/v2\/users\/232"}],"replies":[{"embeddable":true,"href":"https:\/\/www.suno.com.br\/noticias\/wp-json\/wp\/v2\/comments?post=323034"}],"version-history":[{"count":3,"href":"https:\/\/www.suno.com.br\/noticias\/wp-json\/wp\/v2\/posts\/323034\/revisions"}],"predecessor-version":[{"id":323125,"href":"https:\/\/www.suno.com.br\/noticias\/wp-json\/wp\/v2\/posts\/323034\/revisions\/323125"}],"wp:featuredmedia":[{"embeddable":true,"href":"https:\/\/www.suno.com.br\/noticias\/wp-json\/wp\/v2\/media\/258033"}],"wp:attachment":[{"href":"https:\/\/www.suno.com.br\/noticias\/wp-json\/wp\/v2\/media?parent=323034"}],"wp:term":[{"taxonomy":"category","embeddable":true,"href":"https:\/\/www.suno.com.br\/noticias\/wp-json\/wp\/v2\/categories?post=323034"},{"taxonomy":"post_tag","embeddable":true,"href":"https:\/\/www.suno.com.br\/noticias\/wp-json\/wp\/v2\/tags?post=323034"},{"taxonomy":"suno_strategy","embeddable":true,"href":"https:\/\/www.suno.com.br\/noticias\/wp-json\/wp\/v2\/suno_strategy?post=323034"}],"curies":[{"name":"wp","href":"https:\/\/api.w.org\/{rel}","templated":true}]}}