{"id":32242,"date":"2019-07-26T09:23:25","date_gmt":"2019-07-26T12:23:25","guid":{"rendered":"https:\/\/www.suno.com.br\/noticias\/?p=32242"},"modified":"2019-07-26T09:23:25","modified_gmt":"2019-07-26T12:23:25","slug":"dolar-hoje-26072019","status":"publish","type":"post","link":"https:\/\/www.suno.com.br\/noticias\/dolar-hoje-26072019\/","title":{"rendered":"D\u00f3lar em queda ap\u00f3s Banco Central Europeu inalterar as taxas de juros"},"content":{"rendered":"<p>O <a href=\"https:\/\/www.suno.com.br\/artigos\/dolar-turismo\/\">d\u00f3lar<\/a> opera em queda nesta sexta-feira (26) com mercado externo monitorando as taxas de juros e mercado interno atento aos balan\u00e7os.<\/p>\t<div class=\"wrapper-featured-image\">\n\t\t<figure class=\"spotlightImg\">\n\n\t\t\t<picture>\n\t\t\t\t<source media=\"(max-width: 768px)\" srcset=\"https:\/\/files.sunoresearch.com.br\/n\/uploads\/2019\/04\/74ae7d56-d\u00f3lar-400x200.webp\">\n\t\t\t\t<img loading=\"lazy\" decoding=\"async\" class=\"newsContent__article__imgCapa lazyloadDisabled newsContent__article__imgCapa--noCaption\" src=\"https:\/\/files.sunoresearch.com.br\/n\/uploads\/2019\/04\/74ae7d56-d\u00f3lar-800x450.webp\" width=\"800\" height=\"450\" alt=\"D\u00f3lar em queda ap\u00f3s Banco Central Europeu inalterar as taxas de juros\" fetchpriority=high \/>\n\t\t\t<\/picture>\n\n\t\t\t<figcaption class=\"wp-caption-text wp-caption-text--hide\">Na \u00faltima sess\u00e3o, ter\u00e7a-feira (1), o d\u00f3lar encerrou o primeiro dia do m\u00eas de setembro com queda de 1,75%, negociado a R$ 5,3845.<\/figcaption>\n\t\t<\/figure>\n\t<\/div>\n\n\n<p>Por volta das 9h20, o <strong><a href=\"https:\/\/www.suno.com.br\/artigos\/queda-dolar\/\">d\u00f3lar<\/a> <\/strong>registrava queda de -0,103% sendo negociado a R$ 3,778. O mercado segue monitorando os juros dos EUA ap\u00f3s o an\u00fancio do Banco Central Europeu de manter inalteradas as taxas.<\/p>\n\t<p>\n\t\t<a href=\"https:\/\/lp.suno.com.br\/ebook-investindo-em-fiis\/\" target=\"_blank\" data-element=\"shortcode-suno-banner\" title=\"Banner SUNO, clique e saiba mais\">\n\t\t\t<picture>\n\t\t\t\t<source media=\"(max-width: 500px)\" srcset=\"https:\/\/files.sunoresearch.com.br\/n\/uploads\/2023\/03\/Ebook-Fundos-Imobiliarios-Mobile-1.jpg\">\n\t\t\t\t<img class=\"newsContent__article__imgCapa newsContent__article__imgCapa--banner\"\n\t\t\t\t\tsrc=\"https:\/\/files.sunoresearch.com.br\/n\/uploads\/2023\/03\/Ebook-Fundos-Imobiliarios-Desktop-1.jpg\"\n\t\t\t\t\tdata-promo-id=\"313843\"\t\t\t\t\t\t\t\t\t\twidth='1420' height='286'\t\t\t\t\talt=\"https:\/\/files.sunoresearch.com.br\/n\/uploads\/2023\/03\/Ebook-Fundos-Imobiliarios-Desktop-1.jpg\"\n\t\t\t\t>\n\t\t\t<\/picture>\n\t\t<\/a>\n\t<\/p>\n\n\n<h2>BCE manteve taxas de juros<\/h2>\n<p>Na \u00faltima quinta-feira (25) o<a href=\"https:\/\/www.suno.com.br\/artigos\/bce\/\"> Banco Central Europeu<\/a> decidiu manter inalteradas as taxas b\u00e1sicas de juros.<\/p>\n<p>No entanto, em comunicado feito ap\u00f3s a confer\u00eancia, o BCE deu a entende que pode haver corte de juros mais adiante. A taxa permanece em 0% para de refinanciamento, e -0,40%, para a de dep\u00f3sito.<\/p>\n<p><a href=\"\/\/www.suno.com.br\/noticias\/banco-central-europeu-mantem-taxa-de-juros-mas-sinaliza-futuro-corte\/\">Saiba Mais: Banco Central Europeu mant\u00e9m taxa de juros e sinaliza futuro corte<\/a><\/p>\n<p>&#8220;O Conselho do BCE espera que as taxas de juros permane\u00e7am nos atuais n\u00edveis ou inferiores, pelo menos at\u00e9 ao primeiro semestre de 2020, e em qualquer caso durante o tempo necess\u00e1rio para assegurar a converg\u00eancia cont\u00ednua da infla\u00e7\u00e3o para alcan\u00e7ar o seu objetivo m\u00e9dio prazo&#8221;, disse BCE em um comunicado.<\/p>\n<p>A esperan\u00e7a do Banco Central Europeu, com o corte das taxas de juros no futuro, \u00e9 suportar o crescimento da economia na zona do euro. O BCE tamb\u00e9m indicou na reuni\u00e3o que quer que a infla\u00e7\u00e3o volte ao n\u00edvel-objetivo, de 2%.<\/p>\n<p>Por sua vez, a reuni\u00e3o que definir\u00e1 a taxa de juros dos EUA dever\u00e1 ocorrer at\u00e9 o final deste m\u00eas, nos dias 30 e 31. \u201cGostaria de optar por 25 pontos-base na pr\u00f3xima reuni\u00e3o\u201d, disse o presidente do Federal Reserve de St. Louis, James Bullard. Dessa forma, a expectativa do mercado \u00e9 de que o corte de juros seja de 0,25 ponto.<\/p>\n<h2>Balan\u00e7os<\/h2>\n<p>O mercado interno est\u00e1 monitorando os balan\u00e7os do segundo trimestre de 2019 divulgados pelas empresas, confira algumas:<\/p>\n<p><strong><a href=\"https:\/\/www.suno.com.br\/noticias\/alphabet-lucro-liquido-99-bi-2t19\/\">Alphabet<\/a><\/strong>: A Alphabet, empresa dona do Google, registrou lucro l\u00edquido de US$ 9,9 bilh\u00f5es (US$ 14,21 por papel) no segundo trimestre de 2019. No mesmo per\u00edodo de 2018, o lucro era de US$ 3,2 bilh\u00f5es (US$ 4,54 por a\u00e7\u00e3o).<\/p>\n<p><a href=\"https:\/\/www.suno.com.br\/noticias\/ford-tem-baixa-no-lucro-do-segundo-trimestre\/\"><strong>Ford: <\/strong><\/a>O lucro l\u00edquido da empresa foi de US$ 148 milh\u00f5es. O valor significa uma baixa de 86,1% no comparativo com o mesmo per\u00edodo do ano passado.<\/p>\n<p><strong><a href=\"https:\/\/www.suno.com.br\/noticias\/ambev-registra-lucro-2-712-bilhoes-segundo-trimestre\/\">Ambev: <\/a><\/strong>teve alta de 8,5% em seu lucro l\u00edquido ajustado do segundo trimestre, comparado ao mesmo per\u00edodo do ano passado.<\/p>\n<p><strong><a href=\"https:\/\/www.suno.com.br\/noticias\/bradesco-balanco-lucro-acoes-bolsa\/\">Bradesco:<\/a><\/strong> A institui\u00e7\u00e3o registrou aumento de 25,2% em seu lucro l\u00edquido em compara\u00e7\u00e3o com o mesmo per\u00edodo no ano anterior. Esse valor \u00e9 equivalente a R$ 6,5 bilh\u00f5es.<\/p>\n<h2>\u00daltima cota\u00e7\u00e3o do d\u00f3lar<\/h2>\n<p>Na \u00faltima sess\u00e3o, na quinta-feira (25), o <strong>d\u00f3lar<\/strong> encerrou em alta 0,358% cotada a R$ 3,7819.<\/p>\n","protected":false},"excerpt":{"rendered":"<p>O d\u00f3lar opera em queda nesta sexta-feira (26) com mercado externo monitorando as taxas de juros e mercado interno atento aos balan\u00e7os. Na \u00faltima sess\u00e3o, ter\u00e7a-feira (1), o d\u00f3lar encerrou o primeiro dia do m\u00eas de setembro com queda de 1,75%, negociado a R$ 5,3845. Por volta das 9h20, o d\u00f3lar registrava queda de -0,103% [&hellip;]<\/p>\n","protected":false},"author":15,"featured_media":21796,"comment_status":"closed","ping_status":"closed","sticky":false,"template":"","format":"standard","meta":[],"categories":[60],"tags":[1029,863,326],"suno_strategy":[],"class_list":["post-32242","post","type-post","status-publish","format-standard","has-post-thumbnail","hentry","category-mercado","tag-balancos-trimestrais","tag-banco-central-europeu-bce","tag-dolar"],"yoast_head":"<!-- This site is optimized with the Yoast SEO plugin v24.4 - https:\/\/yoast.com\/wordpress\/plugins\/seo\/ -->\n<title>D\u00f3lar em queda ap\u00f3s Banco Central Europeu inalterar as taxas de juros<\/title>\n<meta name=\"description\" content=\"Por volta das 9h15, o d\u00f3lar registrava queda de -0,082% sendo negociado a R$ 3,777. Para saber mais clique aqui\" \/>\n<meta name=\"robots\" content=\"index, follow, max-snippet:-1, max-image-preview:large, max-video-preview:-1\" \/>\n<link rel=\"canonical\" href=\"https:\/\/www.suno.com.br\/noticias\/dolar-hoje-26072019\/\" \/>\n<meta property=\"og:locale\" content=\"pt_BR\" \/>\n<meta property=\"og:type\" content=\"article\" \/>\n<meta property=\"og:title\" content=\"D\u00f3lar em queda ap\u00f3s Banco Central Europeu inalterar as taxas de juros\" \/>\n<meta property=\"og:description\" content=\"Por volta das 9h15, o d\u00f3lar registrava queda de -0,082% sendo negociado a R$ 3,777. Para saber mais clique aqui\" \/>\n<meta property=\"og:url\" content=\"https:\/\/www.suno.com.br\/noticias\/dolar-hoje-26072019\/\" \/>\n<meta property=\"og:site_name\" content=\"Suno Not\u00edcias\" \/>\n<meta property=\"article:publisher\" content=\"https:\/\/facebook.com\/sunoresearch\" \/>\n<meta property=\"og:image\" content=\"https:\/\/files.sunoresearch.com.br\/n\/uploads\/2019\/04\/74ae7d56-d\u00f3lar.jpg\" \/>\n\t<meta property=\"og:image:width\" content=\"3000\" \/>\n\t<meta property=\"og:image:height\" content=\"2000\" \/>\n\t<meta property=\"og:image:type\" content=\"image\/jpeg\" \/>\n<meta name=\"author\" content=\"Poliana Santos\" \/>\n<meta name=\"twitter:card\" content=\"summary_large_image\" \/>\n<meta name=\"twitter:creator\" content=\"@sunoresearch\" \/>\n<meta name=\"twitter:site\" content=\"@sunoresearch\" \/>\n<meta name=\"twitter:label1\" content=\"Escrito por\" \/>\n\t<meta name=\"twitter:data1\" content=\"Poliana Santos\" \/>\n\t<meta name=\"twitter:label2\" content=\"Est. tempo de leitura\" \/>\n\t<meta name=\"twitter:data2\" content=\"2 minutos\" \/>\n<script type=\"application\/ld+json\" class=\"yoast-schema-graph\">{\"@context\":\"https:\/\/schema.org\",\"@graph\":[{\"@type\":\"NewsArticle\",\"@id\":\"https:\/\/www.suno.com.br\/noticias\/dolar-hoje-26072019\/#article\",\"isPartOf\":{\"@id\":\"https:\/\/www.suno.com.br\/noticias\/dolar-hoje-26072019\/\"},\"author\":{\"name\":\"Poliana Santos\",\"@id\":\"https:\/\/www.suno.com.br\/noticias\/#\/schema\/person\/02ec1f752758247878a2bf4abee1aeda\"},\"headline\":\"D\u00f3lar em queda ap\u00f3s Banco Central Europeu inalterar as taxas de juros\",\"datePublished\":\"2019-07-26T12:23:25+00:00\",\"mainEntityOfPage\":{\"@id\":\"https:\/\/www.suno.com.br\/noticias\/dolar-hoje-26072019\/\"},\"wordCount\":469,\"publisher\":{\"@id\":\"https:\/\/www.suno.com.br\/noticias\/#organization\"},\"image\":{\"@id\":\"https:\/\/www.suno.com.br\/noticias\/dolar-hoje-26072019\/#primaryimage\"},\"thumbnailUrl\":\"https:\/\/files.sunoresearch.com.br\/n\/uploads\/2019\/04\/74ae7d56-d\u00f3lar-scaled.webp\",\"keywords\":[\"balan\u00e7os trimestrais\",\"Banco Central Europeu (BCE)\",\"d\u00f3lar\"],\"articleSection\":[\"Mercado\"],\"inLanguage\":\"pt-BR\"},{\"@type\":\"WebPage\",\"@id\":\"https:\/\/www.suno.com.br\/noticias\/dolar-hoje-26072019\/\",\"url\":\"https:\/\/www.suno.com.br\/noticias\/dolar-hoje-26072019\/\",\"name\":\"D\u00f3lar em queda ap\u00f3s Banco Central Europeu inalterar as taxas de juros\",\"isPartOf\":{\"@id\":\"https:\/\/www.suno.com.br\/noticias\/#website\"},\"primaryImageOfPage\":{\"@id\":\"https:\/\/www.suno.com.br\/noticias\/dolar-hoje-26072019\/#primaryimage\"},\"image\":{\"@id\":\"https:\/\/www.suno.com.br\/noticias\/dolar-hoje-26072019\/#primaryimage\"},\"thumbnailUrl\":\"https:\/\/files.sunoresearch.com.br\/n\/uploads\/2019\/04\/74ae7d56-d\u00f3lar-scaled.webp\",\"datePublished\":\"2019-07-26T12:23:25+00:00\",\"description\":\"Por volta das 9h15, o d\u00f3lar registrava queda de -0,082% sendo negociado a R$ 3,777. Para saber mais clique aqui\",\"breadcrumb\":{\"@id\":\"https:\/\/www.suno.com.br\/noticias\/dolar-hoje-26072019\/#breadcrumb\"},\"inLanguage\":\"pt-BR\",\"potentialAction\":[{\"@type\":\"ReadAction\",\"target\":[\"https:\/\/www.suno.com.br\/noticias\/dolar-hoje-26072019\/\"]}]},{\"@type\":\"ImageObject\",\"inLanguage\":\"pt-BR\",\"@id\":\"https:\/\/www.suno.com.br\/noticias\/dolar-hoje-26072019\/#primaryimage\",\"url\":\"https:\/\/files.sunoresearch.com.br\/n\/uploads\/2019\/04\/74ae7d56-d\u00f3lar-scaled.webp\",\"contentUrl\":\"https:\/\/files.sunoresearch.com.br\/n\/uploads\/2019\/04\/74ae7d56-d\u00f3lar-scaled.webp\",\"width\":2560,\"height\":1707,\"caption\":\"Na \u00faltima sess\u00e3o, ter\u00e7a-feira (1), o d\u00f3lar encerrou o primeiro dia do m\u00eas de setembro com queda de 1,75%, negociado a R$ 5,3845.\"},{\"@type\":\"BreadcrumbList\",\"@id\":\"https:\/\/www.suno.com.br\/noticias\/dolar-hoje-26072019\/#breadcrumb\",\"itemListElement\":[{\"@type\":\"ListItem\",\"position\":1,\"name\":\"Not\u00edcias\",\"item\":\"https:\/\/www.suno.com.br\/noticias\/\"},{\"@type\":\"ListItem\",\"position\":2,\"name\":\"Mercado\",\"item\":\"https:\/\/www.suno.com.br\/noticias\/mercado\/\"},{\"@type\":\"ListItem\",\"position\":3,\"name\":\"D\u00f3lar em queda ap\u00f3s Banco Central Europeu inalterar as taxas de juros\"}]},{\"@type\":\"WebSite\",\"@id\":\"https:\/\/www.suno.com.br\/noticias\/#website\",\"url\":\"https:\/\/www.suno.com.br\/noticias\/\",\"name\":\"Suno Not\u00edcias\",\"description\":\"Seu portal de informa\u00e7\u00e3o sobre o mundo dos investimentos\",\"publisher\":{\"@id\":\"https:\/\/www.suno.com.br\/noticias\/#organization\"},\"potentialAction\":[{\"@type\":\"SearchAction\",\"target\":{\"@type\":\"EntryPoint\",\"urlTemplate\":\"https:\/\/www.suno.com.br\/noticias\/?s={search_term_string}\"},\"query-input\":{\"@type\":\"PropertyValueSpecification\",\"valueRequired\":true,\"valueName\":\"search_term_string\"}}],\"inLanguage\":\"pt-BR\"},{\"@type\":\"Organization\",\"@id\":\"https:\/\/www.suno.com.br\/noticias\/#organization\",\"name\":\"Suno Not\u00edcias\",\"url\":\"https:\/\/www.suno.com.br\/noticias\/\",\"logo\":{\"@type\":\"ImageObject\",\"inLanguage\":\"pt-BR\",\"@id\":\"https:\/\/www.suno.com.br\/noticias\/#\/schema\/logo\/image\/\",\"url\":\"https:\/\/files.sunoresearch.com.br\/n\/uploads\/2021\/09\/suno-logo.png\",\"contentUrl\":\"https:\/\/files.sunoresearch.com.br\/n\/uploads\/2021\/09\/suno-logo.png\",\"width\":180,\"height\":180,\"caption\":\"Suno Not\u00edcias\"},\"image\":{\"@id\":\"https:\/\/www.suno.com.br\/noticias\/#\/schema\/logo\/image\/\"},\"sameAs\":[\"https:\/\/facebook.com\/sunoresearch\",\"https:\/\/x.com\/sunoresearch\",\"https:\/\/www.instagram.com\/suno\",\"https:\/\/www.linkedin.com\/company\/suno-research\/\",\"https:\/\/www.youtube.com\/c\/sunoresearch\"]},{\"@type\":\"Person\",\"@id\":\"https:\/\/www.suno.com.br\/noticias\/#\/schema\/person\/02ec1f752758247878a2bf4abee1aeda\",\"name\":\"Poliana Santos\",\"image\":{\"@type\":\"ImageObject\",\"inLanguage\":\"pt-BR\",\"@id\":\"https:\/\/www.suno.com.br\/noticias\/#\/schema\/person\/image\/\",\"url\":\"https:\/\/secure.gravatar.com\/avatar\/0645bd32f23d87b2130f2b2dff1d3f8d?s=96&r=g\",\"contentUrl\":\"https:\/\/secure.gravatar.com\/avatar\/0645bd32f23d87b2130f2b2dff1d3f8d?s=96&r=g\",\"caption\":\"Poliana Santos\"},\"description\":\"Rep\u00f3rter no Suno Not\u00edcias, com cobertura em mercado financeiro, economia, finan\u00e7as pessoais, renda fixa e varejo. Jornalista formada pela Faculdade C\u00e1sper L\u00edbero e possui passagem na R\u00e1dio Gazeta AM com a produ\u00e7\u00e3o de conte\u00fado sobre economia, pol\u00edtica, sa\u00fade, moda e m\u00fasica. Possui certificado de conclus\u00e3o do curso de An\u00e1lise de Balan\u00e7os pela Funda\u00e7\u00e3o Bradesco, Agenda Brasil pela FAAP, Educa\u00e7\u00e3o Pol\u00edtica por Alexandre Garcia e do Tesouro Direto e Mercado de A\u00e7\u00f5es pela B3.\",\"url\":\"https:\/\/www.suno.com.br\/noticias\/author\/poliana-santos\/\"}]}<\/script>\n<!-- \/ Yoast SEO plugin. -->","yoast_head_json":{"title":"D\u00f3lar em queda ap\u00f3s Banco Central Europeu inalterar as taxas de juros","description":"Por volta das 9h15, o d\u00f3lar registrava queda de -0,082% sendo negociado a R$ 3,777. Para saber mais clique aqui","robots":{"index":"index","follow":"follow","max-snippet":"max-snippet:-1","max-image-preview":"max-image-preview:large","max-video-preview":"max-video-preview:-1"},"canonical":"https:\/\/www.suno.com.br\/noticias\/dolar-hoje-26072019\/","og_locale":"pt_BR","og_type":"article","og_title":"D\u00f3lar em queda ap\u00f3s Banco Central Europeu inalterar as taxas de juros","og_description":"Por volta das 9h15, o d\u00f3lar registrava queda de -0,082% sendo negociado a R$ 3,777. Para saber mais clique aqui","og_url":"https:\/\/www.suno.com.br\/noticias\/dolar-hoje-26072019\/","og_site_name":"Suno Not\u00edcias","article_publisher":"https:\/\/facebook.com\/sunoresearch","og_image":[{"width":3000,"height":2000,"url":"https:\/\/files.sunoresearch.com.br\/n\/uploads\/2019\/04\/74ae7d56-d\u00f3lar.jpg","type":"image\/jpeg"}],"author":"Poliana Santos","twitter_card":"summary_large_image","twitter_creator":"@sunoresearch","twitter_site":"@sunoresearch","twitter_misc":{"Escrito por":"Poliana Santos","Est. tempo de leitura":"2 minutos"},"schema":{"@context":"https:\/\/schema.org","@graph":[{"@type":"NewsArticle","@id":"https:\/\/www.suno.com.br\/noticias\/dolar-hoje-26072019\/#article","isPartOf":{"@id":"https:\/\/www.suno.com.br\/noticias\/dolar-hoje-26072019\/"},"author":{"name":"Poliana Santos","@id":"https:\/\/www.suno.com.br\/noticias\/#\/schema\/person\/02ec1f752758247878a2bf4abee1aeda"},"headline":"D\u00f3lar em queda ap\u00f3s Banco Central Europeu inalterar as taxas de juros","datePublished":"2019-07-26T12:23:25+00:00","mainEntityOfPage":{"@id":"https:\/\/www.suno.com.br\/noticias\/dolar-hoje-26072019\/"},"wordCount":469,"publisher":{"@id":"https:\/\/www.suno.com.br\/noticias\/#organization"},"image":{"@id":"https:\/\/www.suno.com.br\/noticias\/dolar-hoje-26072019\/#primaryimage"},"thumbnailUrl":"https:\/\/files.sunoresearch.com.br\/n\/uploads\/2019\/04\/74ae7d56-d\u00f3lar-scaled.webp","keywords":["balan\u00e7os trimestrais","Banco Central Europeu (BCE)","d\u00f3lar"],"articleSection":["Mercado"],"inLanguage":"pt-BR"},{"@type":"WebPage","@id":"https:\/\/www.suno.com.br\/noticias\/dolar-hoje-26072019\/","url":"https:\/\/www.suno.com.br\/noticias\/dolar-hoje-26072019\/","name":"D\u00f3lar em queda ap\u00f3s Banco Central Europeu inalterar as taxas de juros","isPartOf":{"@id":"https:\/\/www.suno.com.br\/noticias\/#website"},"primaryImageOfPage":{"@id":"https:\/\/www.suno.com.br\/noticias\/dolar-hoje-26072019\/#primaryimage"},"image":{"@id":"https:\/\/www.suno.com.br\/noticias\/dolar-hoje-26072019\/#primaryimage"},"thumbnailUrl":"https:\/\/files.sunoresearch.com.br\/n\/uploads\/2019\/04\/74ae7d56-d\u00f3lar-scaled.webp","datePublished":"2019-07-26T12:23:25+00:00","description":"Por volta das 9h15, o d\u00f3lar registrava queda de -0,082% sendo negociado a R$ 3,777. Para saber mais clique aqui","breadcrumb":{"@id":"https:\/\/www.suno.com.br\/noticias\/dolar-hoje-26072019\/#breadcrumb"},"inLanguage":"pt-BR","potentialAction":[{"@type":"ReadAction","target":["https:\/\/www.suno.com.br\/noticias\/dolar-hoje-26072019\/"]}]},{"@type":"ImageObject","inLanguage":"pt-BR","@id":"https:\/\/www.suno.com.br\/noticias\/dolar-hoje-26072019\/#primaryimage","url":"https:\/\/files.sunoresearch.com.br\/n\/uploads\/2019\/04\/74ae7d56-d\u00f3lar-scaled.webp","contentUrl":"https:\/\/files.sunoresearch.com.br\/n\/uploads\/2019\/04\/74ae7d56-d\u00f3lar-scaled.webp","width":2560,"height":1707,"caption":"Na \u00faltima sess\u00e3o, ter\u00e7a-feira (1), o d\u00f3lar encerrou o primeiro dia do m\u00eas de setembro com queda de 1,75%, negociado a R$ 5,3845."},{"@type":"BreadcrumbList","@id":"https:\/\/www.suno.com.br\/noticias\/dolar-hoje-26072019\/#breadcrumb","itemListElement":[{"@type":"ListItem","position":1,"name":"Not\u00edcias","item":"https:\/\/www.suno.com.br\/noticias\/"},{"@type":"ListItem","position":2,"name":"Mercado","item":"https:\/\/www.suno.com.br\/noticias\/mercado\/"},{"@type":"ListItem","position":3,"name":"D\u00f3lar em queda ap\u00f3s Banco Central Europeu inalterar as taxas de juros"}]},{"@type":"WebSite","@id":"https:\/\/www.suno.com.br\/noticias\/#website","url":"https:\/\/www.suno.com.br\/noticias\/","name":"Suno Not\u00edcias","description":"Seu portal de informa\u00e7\u00e3o sobre o mundo dos investimentos","publisher":{"@id":"https:\/\/www.suno.com.br\/noticias\/#organization"},"potentialAction":[{"@type":"SearchAction","target":{"@type":"EntryPoint","urlTemplate":"https:\/\/www.suno.com.br\/noticias\/?s={search_term_string}"},"query-input":{"@type":"PropertyValueSpecification","valueRequired":true,"valueName":"search_term_string"}}],"inLanguage":"pt-BR"},{"@type":"Organization","@id":"https:\/\/www.suno.com.br\/noticias\/#organization","name":"Suno Not\u00edcias","url":"https:\/\/www.suno.com.br\/noticias\/","logo":{"@type":"ImageObject","inLanguage":"pt-BR","@id":"https:\/\/www.suno.com.br\/noticias\/#\/schema\/logo\/image\/","url":"https:\/\/files.sunoresearch.com.br\/n\/uploads\/2021\/09\/suno-logo.png","contentUrl":"https:\/\/files.sunoresearch.com.br\/n\/uploads\/2021\/09\/suno-logo.png","width":180,"height":180,"caption":"Suno Not\u00edcias"},"image":{"@id":"https:\/\/www.suno.com.br\/noticias\/#\/schema\/logo\/image\/"},"sameAs":["https:\/\/facebook.com\/sunoresearch","https:\/\/x.com\/sunoresearch","https:\/\/www.instagram.com\/suno","https:\/\/www.linkedin.com\/company\/suno-research\/","https:\/\/www.youtube.com\/c\/sunoresearch"]},{"@type":"Person","@id":"https:\/\/www.suno.com.br\/noticias\/#\/schema\/person\/02ec1f752758247878a2bf4abee1aeda","name":"Poliana Santos","image":{"@type":"ImageObject","inLanguage":"pt-BR","@id":"https:\/\/www.suno.com.br\/noticias\/#\/schema\/person\/image\/","url":"https:\/\/secure.gravatar.com\/avatar\/0645bd32f23d87b2130f2b2dff1d3f8d?s=96&r=g","contentUrl":"https:\/\/secure.gravatar.com\/avatar\/0645bd32f23d87b2130f2b2dff1d3f8d?s=96&r=g","caption":"Poliana Santos"},"description":"Rep\u00f3rter no Suno Not\u00edcias, com cobertura em mercado financeiro, economia, finan\u00e7as pessoais, renda fixa e varejo. Jornalista formada pela Faculdade C\u00e1sper L\u00edbero e possui passagem na R\u00e1dio Gazeta AM com a produ\u00e7\u00e3o de conte\u00fado sobre economia, pol\u00edtica, sa\u00fade, moda e m\u00fasica. Possui certificado de conclus\u00e3o do curso de An\u00e1lise de Balan\u00e7os pela Funda\u00e7\u00e3o Bradesco, Agenda Brasil pela FAAP, Educa\u00e7\u00e3o Pol\u00edtica por Alexandre Garcia e do Tesouro Direto e Mercado de A\u00e7\u00f5es pela B3.","url":"https:\/\/www.suno.com.br\/noticias\/author\/poliana-santos\/"}]}},"default_loop_html":"<div class=\"cardsPage__listCard__boxs\"><div class=\"cardsPage__listCard__boxs__img\"><a href=\"https:\/\/www.suno.com.br\/noticias\/dolar-hoje-26072019\/\"><img class=\"mask\" src=\"https:\/\/www.suno.com.br\/noticias\/wp-content\/themes\/suno\/resources\/images\/spotlight\/spotlight1img\/bg-mask.png\" alt=\"Image Mask\"\/><img src=\"https:\/\/files.sunoresearch.com.br\/n\/uploads\/2019\/04\/74ae7d56-d\u00f3lar-400x200.webp\" alt=\"D\u00f3lar em queda ap\u00f3s Banco Central Europeu inalterar as taxas de juros\"\/><\/a><span class=\"spotlightCategory\"><a href=\"https:\/\/www.suno.com.br\/noticias\/mercado\/\">Mercado<\/a><\/span><\/div><div class=\"cardsPage__listCard__boxs__content\"><a href=\"https:\/\/www.suno.com.br\/noticias\/dolar-hoje-26072019\/\"><h2 class=\"content__title\">D\u00f3lar em queda ap\u00f3s Banco Central Europeu inalterar as taxas de juros<\/h2><\/a><div class=\"newsContent__article__meta\"><div class=\"newsContent__article__meta__authorBox\"><a href=\"https:\/\/www.suno.com.br\/noticias\/author\/poliana-santos\/\" class=\"authorBox__avatar noMobi\"><img src=\"https:\/\/files.sunoresearch.com.br\/n\/uploads\/2020\/08\/7ef34026-whatsapp-image-2020-08-03-at-12.37.57-150x150.webp\" alt=\"Poliana Santos\"><\/a><div class=\"authorBox__name\"><span>por\n\t\t\t<a href=\"https:\/\/www.suno.com.br\/noticias\/author\/poliana-santos\/\"><span itemprop=\"author\">Poliana Santos<\/span><\/a><\/span><time datetime=\"2019-07-26T09:23:25-03:00\" itemprop=\"datePublished\">26\/07\/2019 09:23<\/time><\/div><\/div><\/div><\/div><\/div>","single_layout":"posts","amp_enabled":true,"_links":{"self":[{"href":"https:\/\/www.suno.com.br\/noticias\/wp-json\/wp\/v2\/posts\/32242"}],"collection":[{"href":"https:\/\/www.suno.com.br\/noticias\/wp-json\/wp\/v2\/posts"}],"about":[{"href":"https:\/\/www.suno.com.br\/noticias\/wp-json\/wp\/v2\/types\/post"}],"author":[{"embeddable":true,"href":"https:\/\/www.suno.com.br\/noticias\/wp-json\/wp\/v2\/users\/15"}],"replies":[{"embeddable":true,"href":"https:\/\/www.suno.com.br\/noticias\/wp-json\/wp\/v2\/comments?post=32242"}],"version-history":[{"count":0,"href":"https:\/\/www.suno.com.br\/noticias\/wp-json\/wp\/v2\/posts\/32242\/revisions"}],"wp:featuredmedia":[{"embeddable":true,"href":"https:\/\/www.suno.com.br\/noticias\/wp-json\/wp\/v2\/media\/21796"}],"wp:attachment":[{"href":"https:\/\/www.suno.com.br\/noticias\/wp-json\/wp\/v2\/media?parent=32242"}],"wp:term":[{"taxonomy":"category","embeddable":true,"href":"https:\/\/www.suno.com.br\/noticias\/wp-json\/wp\/v2\/categories?post=32242"},{"taxonomy":"post_tag","embeddable":true,"href":"https:\/\/www.suno.com.br\/noticias\/wp-json\/wp\/v2\/tags?post=32242"},{"taxonomy":"suno_strategy","embeddable":true,"href":"https:\/\/www.suno.com.br\/noticias\/wp-json\/wp\/v2\/suno_strategy?post=32242"}],"curies":[{"name":"wp","href":"https:\/\/api.w.org\/{rel}","templated":true}]}}