{"id":32236,"date":"2019-07-26T08:35:44","date_gmt":"2019-07-26T11:35:44","guid":{"rendered":"https:\/\/www.suno.com.br\/noticias\/?p=32236"},"modified":"2019-07-26T08:35:44","modified_gmt":"2019-07-26T11:35:44","slug":"hapvida-oferta-acoes-preco-por-acao","status":"publish","type":"post","link":"https:\/\/www.suno.com.br\/noticias\/hapvida-oferta-acoes-preco-por-acao\/","title":{"rendered":"Hapvida precifica R$ 42,50 por a\u00e7\u00e3o e arrecada R$2,3 bilh\u00f5es"},"content":{"rendered":"<p>O plano de sa\u00fade Hapvida levantou R$ 2,368 bilh\u00f5es de reais em sua <strong>oferta<\/strong> <strong>prim\u00e1ria<\/strong> de <strong>a\u00e7\u00f5es<\/strong> com esfor\u00e7os restritos. De acordo com seu conselho administrativo ficou aprovado o pre\u00e7o de R$ 42,50 por a\u00e7\u00e3o. Conforme a companhia esse valor teve como base o resultado de &#8220;inten\u00e7\u00f5es de investimento realizado no Brasil&#8221;.<\/p>\t<div class=\"wrapper-featured-image\">\n\t\t<figure class=\"spotlightImg\">\n\n\t\t\t<picture>\n\t\t\t\t<source media=\"(max-width: 768px)\" srcset=\"https:\/\/files.sunoresearch.com.br\/n\/uploads\/2019\/07\/9fa7fe79-hapvida-oferta-a\u00e7\u00f5es-400x200.webp\">\n\t\t\t\t<img loading=\"lazy\" decoding=\"async\" class=\"newsContent__article__imgCapa lazyloadDisabled newsContent__article__imgCapa--noCaption\" src=\"https:\/\/files.sunoresearch.com.br\/n\/uploads\/2019\/07\/9fa7fe79-hapvida-oferta-a\u00e7\u00f5es-jpg.webp\" width=\"800\" height=\"450\" alt=\"Hapvida precifica R$ 42,50 por a\u00e7\u00e3o e arrecada R$2,3 bilh\u00f5es\" fetchpriority=high \/>\n\t\t\t<\/picture>\n\n\t\t\t<figcaption class=\"wp-caption-text wp-caption-text--hide\">A aquisi\u00e7\u00e3o do Grupo Santa Filimona \u00e9 mais um passo importante na estrat\u00e9gia de crescimento&quot;, informou a Hapvida. (Foto: divulga\u00e7\u00e3o)<\/figcaption>\n\t\t<\/figure>\n\t<\/div>\n\n\n<p>&#8220;O pre\u00e7o por a\u00e7\u00e3o foi calculado tendo como par\u00e2metro: a cota\u00e7\u00e3o das a\u00e7\u00f5es ordin\u00e1rias de emiss\u00e3o da Companhia na B3, as indica\u00e7\u00f5es de interesse em fun\u00e7\u00e3o da qualidade e quantidade da demanda pelas a\u00e7\u00f5es, coletadas juntos aos investidores profissionais [procedimento de bookbuilding]&#8221;, disse em nota o grupo <strong>Hapvida<\/strong>.<\/p>\n<p>A empresa ofertou a\u00e7\u00f5es com esfor\u00e7os restritos de coloca\u00e7\u00e3o. Dessa forma, a participa\u00e7\u00e3o foi limitada com no m\u00e1ximo 50 investidores que tinham 10 milh\u00f5es.<\/p>\n<p>Al\u00e9m disso, a empresa informou em seu fato relevante que seu valor de mercado passou de R$ 2,8 bilh\u00f5es para R$ 5,1 bilh\u00f5es.<\/p>\n<p>&#8220;Mediante a emiss\u00e3o de 55.728\u00a0 milh\u00f5es de a\u00e7\u00f5es, ao pre\u00e7o por<br \/>\na\u00e7\u00e3o, passando o capital social da companhia de R$ 2.810.219 bilh\u00f5es dividido em 671.958.573 \u00a0a\u00e7\u00f5es ordin\u00e1rias, todas nominativas, escriturais e sem valor nominal, para R$ 5.178.659 bilh\u00f5es&#8221;, informou o documento.<\/p>\n<p>Coordenaram a oferta as seguintes institui\u00e7\u00f5es:<\/p>\n<ul>\n<li>BTG Pactual;<\/li>\n<li>BofA Merrill Lynch;<\/li>\n<li>Goldman Sachs;<\/li>\n<li>e Santander.<\/li>\n<\/ul>\n\t<p>\n\t\t<a href=\"https:\/\/lp.suno.com.br\/asset\/fundos\/suno-fic-fia\/\" target=\"_blank\" data-element=\"shortcode-suno-banner\" title=\"Banner SUNO, clique e saiba mais\">\n\t\t\t<picture>\n\t\t\t\t<source media=\"(max-width: 500px)\" srcset=\"https:\/\/files.sunoresearch.com.br\/n\/uploads\/2023\/10\/SUNO-FIC-FIA-400x300-Mobile-Artigos-5.png\">\n\t\t\t\t<img class=\"newsContent__article__imgCapa newsContent__article__imgCapa--banner\"\n\t\t\t\t\tsrc=\"https:\/\/files.sunoresearch.com.br\/n\/uploads\/2023\/10\/SUNO-FIC-FIA-1420x240-Banner-Artigos-1-_-Banner-Materias-4.png\"\n\t\t\t\t\tdata-promo-id=\"478742\"\t\t\t\t\t\t\t\t\t\twidth='2840' height='480'\t\t\t\t\talt=\"https:\/\/files.sunoresearch.com.br\/n\/uploads\/2023\/10\/SUNO-FIC-FIA-1420x240-Banner-Artigos-1-_-Banner-Materias-4.png\"\n\t\t\t\t>\n\t\t\t<\/picture>\n\t\t<\/a>\n\t<\/p>\n\n\n<h2>Expans\u00e3o<\/h2>\n<p>De acordo com a companhia o dinheiro ser\u00e1 utilizado para &#8220;contribuir com a execu\u00e7\u00e3o de sua estrat\u00e9gia de expans\u00e3o para novos mercados&#8221;. A primeira abertura de capital (<a href=\"https:\/\/www.suno.com.br\/artigos\/hapv3-ipo-da-hapvida-vale-a-pena-participar-relatorio-gratuito\/\">IPO<\/a>) foi em 2018. Conforme a Comiss\u00e3o de Valores Mobili\u00e1rios (<a href=\"https:\/\/www.suno.com.br\/artigos\/cvm\/\">CVM<\/a>) a oferta movimentou R$ 3,43 bilh\u00f5es.<\/p>\n<p>Dessa forma, a empresa utilizou esses recursos para se expandir no mercado. Em maio deste ano, a companhia adquiriu o <a href=\"https:\/\/www.suno.com.br\/noticias\/acoes-hapvida-grupo-sao-francisco\/\">Grupo S\u00e3o Francisco<\/a> por R$ 5 bilh\u00f5es. Em junho, comprou o <a href=\"https:\/\/www.suno.com.br\/noticias\/hapvida-compra-grupo-america-com-objetivo-de-ampliar-seus-negocios\/\">Grupo Am\u00e9rica<\/a> por R$ 426 milh\u00f5es.<\/p>\n<p><a href=\"\/\/www.suno.com.br\/noticias\/hapvida-plano-saude-compra-50-milhoes\/\">Saiba Mais: Grupo Hapvida compra por R$ 50 milh\u00f5es a RN Sa\u00fade<\/a><\/p>\n<p>O Grupo Hapvida, maior operador de planos de sa\u00fade do Norte e Nordeste do Brasil, comprou o paulista Grupo S\u00e3o Francisco por R$ 5 bilh\u00f5es, a aquisi\u00e7\u00e3o foi feita em maio de 2019.<\/p>\n<p>Por sua vez, um m\u00eas ap\u00f3s adquirir o Grupo s\u00e3o Francisco, a companhia comprou por R$ 426 milh\u00f5es o Grupo Am\u00e9rica, localizado em Goi\u00e1s.<\/p>\n<p>Ademais, este m\u00eas fez sua terceira aquisi\u00e7\u00e3o do ano e adquiriu por R$ 50 milh\u00f5es a RN Sa\u00fade que atua em Minas Gerais. A operadora deter\u00e1 75% da nova aquisi\u00e7\u00e3o. A compra do novo plano de sa\u00fade da continua\u00e7\u00e3o ao processo de expans\u00e3o da companhia.<\/p>\n<h2>\u00daltima cota\u00e7\u00e3o da Hapvida<\/h2>\n<p>Na \u00faltima sess\u00e3o, na quinta-feira (25), a <strong>Hapvida<\/strong> (HAPV3) encerrou com varia\u00e7\u00e3o negativa de -1,87, sendo cotada a R$ 42,55.<\/p>\n","protected":false},"excerpt":{"rendered":"<p>O plano de sa\u00fade Hapvida levantou R$ 2,368 bilh\u00f5es de reais em sua oferta prim\u00e1ria de a\u00e7\u00f5es com esfor\u00e7os restritos. De acordo com seu conselho administrativo ficou aprovado o pre\u00e7o de R$ 42,50 por a\u00e7\u00e3o. Conforme a companhia esse valor teve como base o resultado de &#8220;inten\u00e7\u00f5es de investimento realizado no Brasil&#8221;. A aquisi\u00e7\u00e3o do [&hellip;]<\/p>\n","protected":false},"author":15,"featured_media":30989,"comment_status":"closed","ping_status":"closed","sticky":false,"template":"","format":"standard","meta":[],"categories":[64],"tags":[286,1595,1596,497],"suno_strategy":[],"class_list":["post-32236","post","type-post","status-publish","format-standard","has-post-thumbnail","hentry","category-negocios","tag-acoes","tag-acoes-ordinarias","tag-acoes-preferenciais","tag-hapvida-hapv3"],"yoast_head":"<!-- This site is optimized with the Yoast SEO plugin v24.4 - https:\/\/yoast.com\/wordpress\/plugins\/seo\/ -->\n<title>Hapvida precifica R$ 42,50 por a\u00e7\u00e3o e arrecada R$2,3 bilh\u00f5es<\/title>\n<meta name=\"description\" content=\"Hapvida informou em seu fato relevante que seu valor de mercado passou de R$ 2,8 bilh\u00f5es para R$ 5,1 bilh\u00f5es. Clique aqui e saiba mais\" \/>\n<meta name=\"robots\" content=\"index, follow, max-snippet:-1, max-image-preview:large, max-video-preview:-1\" \/>\n<link rel=\"canonical\" href=\"https:\/\/www.suno.com.br\/noticias\/hapvida-oferta-acoes-preco-por-acao\/\" \/>\n<meta property=\"og:locale\" content=\"pt_BR\" \/>\n<meta property=\"og:type\" content=\"article\" \/>\n<meta property=\"og:title\" content=\"Hapvida precifica R$ 42,50 por a\u00e7\u00e3o e arrecada R$2,3 bilh\u00f5es\" \/>\n<meta property=\"og:description\" content=\"Hapvida informou em seu fato relevante que seu valor de mercado passou de R$ 2,8 bilh\u00f5es para R$ 5,1 bilh\u00f5es. Clique aqui e saiba mais\" \/>\n<meta property=\"og:url\" content=\"https:\/\/www.suno.com.br\/noticias\/hapvida-oferta-acoes-preco-por-acao\/\" \/>\n<meta property=\"og:site_name\" content=\"Suno Not\u00edcias\" \/>\n<meta property=\"article:publisher\" content=\"https:\/\/facebook.com\/sunoresearch\" \/>\n<meta property=\"og:image\" content=\"https:\/\/files.sunoresearch.com.br\/n\/uploads\/2019\/07\/9fa7fe79-hapvida-oferta-a\u00e7\u00f5es.jpg\" \/>\n\t<meta property=\"og:image:width\" content=\"793\" \/>\n\t<meta property=\"og:image:height\" content=\"360\" \/>\n\t<meta property=\"og:image:type\" content=\"image\/jpeg\" \/>\n<meta name=\"author\" content=\"Poliana Santos\" \/>\n<meta name=\"twitter:card\" content=\"summary_large_image\" \/>\n<meta name=\"twitter:creator\" content=\"@sunoresearch\" \/>\n<meta name=\"twitter:site\" content=\"@sunoresearch\" \/>\n<meta name=\"twitter:label1\" content=\"Escrito por\" \/>\n\t<meta name=\"twitter:data1\" content=\"Poliana Santos\" \/>\n\t<meta name=\"twitter:label2\" content=\"Est. tempo de leitura\" \/>\n\t<meta name=\"twitter:data2\" content=\"2 minutos\" \/>\n<script type=\"application\/ld+json\" class=\"yoast-schema-graph\">{\"@context\":\"https:\/\/schema.org\",\"@graph\":[{\"@type\":\"NewsArticle\",\"@id\":\"https:\/\/www.suno.com.br\/noticias\/hapvida-oferta-acoes-preco-por-acao\/#article\",\"isPartOf\":{\"@id\":\"https:\/\/www.suno.com.br\/noticias\/hapvida-oferta-acoes-preco-por-acao\/\"},\"author\":{\"name\":\"Poliana Santos\",\"@id\":\"https:\/\/www.suno.com.br\/noticias\/#\/schema\/person\/02ec1f752758247878a2bf4abee1aeda\"},\"headline\":\"Hapvida precifica R$ 42,50 por a\u00e7\u00e3o e arrecada R$2,3 bilh\u00f5es\",\"datePublished\":\"2019-07-26T11:35:44+00:00\",\"mainEntityOfPage\":{\"@id\":\"https:\/\/www.suno.com.br\/noticias\/hapvida-oferta-acoes-preco-por-acao\/\"},\"wordCount\":486,\"publisher\":{\"@id\":\"https:\/\/www.suno.com.br\/noticias\/#organization\"},\"image\":{\"@id\":\"https:\/\/www.suno.com.br\/noticias\/hapvida-oferta-acoes-preco-por-acao\/#primaryimage\"},\"thumbnailUrl\":\"https:\/\/files.sunoresearch.com.br\/n\/uploads\/2019\/07\/9fa7fe79-hapvida-oferta-a\u00e7\u00f5es-jpg.webp\",\"keywords\":[\"A\u00e7\u00f5es\",\"a\u00e7\u00f5es ordin\u00e1rias\",\"a\u00e7\u00f5es preferenciais\",\"Hapvida (HAPV3)\"],\"articleSection\":[\"Neg\u00f3cios\"],\"inLanguage\":\"pt-BR\"},{\"@type\":\"WebPage\",\"@id\":\"https:\/\/www.suno.com.br\/noticias\/hapvida-oferta-acoes-preco-por-acao\/\",\"url\":\"https:\/\/www.suno.com.br\/noticias\/hapvida-oferta-acoes-preco-por-acao\/\",\"name\":\"Hapvida precifica R$ 42,50 por a\u00e7\u00e3o e arrecada R$2,3 bilh\u00f5es\",\"isPartOf\":{\"@id\":\"https:\/\/www.suno.com.br\/noticias\/#website\"},\"primaryImageOfPage\":{\"@id\":\"https:\/\/www.suno.com.br\/noticias\/hapvida-oferta-acoes-preco-por-acao\/#primaryimage\"},\"image\":{\"@id\":\"https:\/\/www.suno.com.br\/noticias\/hapvida-oferta-acoes-preco-por-acao\/#primaryimage\"},\"thumbnailUrl\":\"https:\/\/files.sunoresearch.com.br\/n\/uploads\/2019\/07\/9fa7fe79-hapvida-oferta-a\u00e7\u00f5es-jpg.webp\",\"datePublished\":\"2019-07-26T11:35:44+00:00\",\"description\":\"Hapvida informou em seu fato relevante que seu valor de mercado passou de R$ 2,8 bilh\u00f5es para R$ 5,1 bilh\u00f5es. Clique aqui e saiba mais\",\"breadcrumb\":{\"@id\":\"https:\/\/www.suno.com.br\/noticias\/hapvida-oferta-acoes-preco-por-acao\/#breadcrumb\"},\"inLanguage\":\"pt-BR\",\"potentialAction\":[{\"@type\":\"ReadAction\",\"target\":[\"https:\/\/www.suno.com.br\/noticias\/hapvida-oferta-acoes-preco-por-acao\/\"]}]},{\"@type\":\"ImageObject\",\"inLanguage\":\"pt-BR\",\"@id\":\"https:\/\/www.suno.com.br\/noticias\/hapvida-oferta-acoes-preco-por-acao\/#primaryimage\",\"url\":\"https:\/\/files.sunoresearch.com.br\/n\/uploads\/2019\/07\/9fa7fe79-hapvida-oferta-a\u00e7\u00f5es-jpg.webp\",\"contentUrl\":\"https:\/\/files.sunoresearch.com.br\/n\/uploads\/2019\/07\/9fa7fe79-hapvida-oferta-a\u00e7\u00f5es-jpg.webp\",\"width\":793,\"height\":360,\"caption\":\"A aquisi\u00e7\u00e3o do Grupo Santa Filimona \u00e9 mais um passo importante na estrat\u00e9gia de crescimento\\\", informou a Hapvida. (Foto: divulga\u00e7\u00e3o)\"},{\"@type\":\"BreadcrumbList\",\"@id\":\"https:\/\/www.suno.com.br\/noticias\/hapvida-oferta-acoes-preco-por-acao\/#breadcrumb\",\"itemListElement\":[{\"@type\":\"ListItem\",\"position\":1,\"name\":\"Not\u00edcias\",\"item\":\"https:\/\/www.suno.com.br\/noticias\/\"},{\"@type\":\"ListItem\",\"position\":2,\"name\":\"Neg\u00f3cios\",\"item\":\"https:\/\/www.suno.com.br\/noticias\/negocios\/\"},{\"@type\":\"ListItem\",\"position\":3,\"name\":\"Hapvida precifica R$ 42,50 por a\u00e7\u00e3o e arrecada R$2,3 bilh\u00f5es\"}]},{\"@type\":\"WebSite\",\"@id\":\"https:\/\/www.suno.com.br\/noticias\/#website\",\"url\":\"https:\/\/www.suno.com.br\/noticias\/\",\"name\":\"Suno Not\u00edcias\",\"description\":\"Seu portal de informa\u00e7\u00e3o sobre o mundo dos investimentos\",\"publisher\":{\"@id\":\"https:\/\/www.suno.com.br\/noticias\/#organization\"},\"potentialAction\":[{\"@type\":\"SearchAction\",\"target\":{\"@type\":\"EntryPoint\",\"urlTemplate\":\"https:\/\/www.suno.com.br\/noticias\/?s={search_term_string}\"},\"query-input\":{\"@type\":\"PropertyValueSpecification\",\"valueRequired\":true,\"valueName\":\"search_term_string\"}}],\"inLanguage\":\"pt-BR\"},{\"@type\":\"Organization\",\"@id\":\"https:\/\/www.suno.com.br\/noticias\/#organization\",\"name\":\"Suno Not\u00edcias\",\"url\":\"https:\/\/www.suno.com.br\/noticias\/\",\"logo\":{\"@type\":\"ImageObject\",\"inLanguage\":\"pt-BR\",\"@id\":\"https:\/\/www.suno.com.br\/noticias\/#\/schema\/logo\/image\/\",\"url\":\"https:\/\/files.sunoresearch.com.br\/n\/uploads\/2021\/09\/suno-logo.png\",\"contentUrl\":\"https:\/\/files.sunoresearch.com.br\/n\/uploads\/2021\/09\/suno-logo.png\",\"width\":180,\"height\":180,\"caption\":\"Suno Not\u00edcias\"},\"image\":{\"@id\":\"https:\/\/www.suno.com.br\/noticias\/#\/schema\/logo\/image\/\"},\"sameAs\":[\"https:\/\/facebook.com\/sunoresearch\",\"https:\/\/x.com\/sunoresearch\",\"https:\/\/www.instagram.com\/suno\",\"https:\/\/www.linkedin.com\/company\/suno-research\/\",\"https:\/\/www.youtube.com\/c\/sunoresearch\"]},{\"@type\":\"Person\",\"@id\":\"https:\/\/www.suno.com.br\/noticias\/#\/schema\/person\/02ec1f752758247878a2bf4abee1aeda\",\"name\":\"Poliana Santos\",\"image\":{\"@type\":\"ImageObject\",\"inLanguage\":\"pt-BR\",\"@id\":\"https:\/\/www.suno.com.br\/noticias\/#\/schema\/person\/image\/\",\"url\":\"https:\/\/secure.gravatar.com\/avatar\/0645bd32f23d87b2130f2b2dff1d3f8d?s=96&r=g\",\"contentUrl\":\"https:\/\/secure.gravatar.com\/avatar\/0645bd32f23d87b2130f2b2dff1d3f8d?s=96&r=g\",\"caption\":\"Poliana Santos\"},\"description\":\"Rep\u00f3rter no Suno Not\u00edcias, com cobertura em mercado financeiro, economia, finan\u00e7as pessoais, renda fixa e varejo. Jornalista formada pela Faculdade C\u00e1sper L\u00edbero e possui passagem na R\u00e1dio Gazeta AM com a produ\u00e7\u00e3o de conte\u00fado sobre economia, pol\u00edtica, sa\u00fade, moda e m\u00fasica. Possui certificado de conclus\u00e3o do curso de An\u00e1lise de Balan\u00e7os pela Funda\u00e7\u00e3o Bradesco, Agenda Brasil pela FAAP, Educa\u00e7\u00e3o Pol\u00edtica por Alexandre Garcia e do Tesouro Direto e Mercado de A\u00e7\u00f5es pela B3.\",\"url\":\"https:\/\/www.suno.com.br\/noticias\/author\/poliana-santos\/\"}]}<\/script>\n<!-- \/ Yoast SEO plugin. -->","yoast_head_json":{"title":"Hapvida precifica R$ 42,50 por a\u00e7\u00e3o e arrecada R$2,3 bilh\u00f5es","description":"Hapvida informou em seu fato relevante que seu valor de mercado passou de R$ 2,8 bilh\u00f5es para R$ 5,1 bilh\u00f5es. Clique aqui e saiba mais","robots":{"index":"index","follow":"follow","max-snippet":"max-snippet:-1","max-image-preview":"max-image-preview:large","max-video-preview":"max-video-preview:-1"},"canonical":"https:\/\/www.suno.com.br\/noticias\/hapvida-oferta-acoes-preco-por-acao\/","og_locale":"pt_BR","og_type":"article","og_title":"Hapvida precifica R$ 42,50 por a\u00e7\u00e3o e arrecada R$2,3 bilh\u00f5es","og_description":"Hapvida informou em seu fato relevante que seu valor de mercado passou de R$ 2,8 bilh\u00f5es para R$ 5,1 bilh\u00f5es. Clique aqui e saiba mais","og_url":"https:\/\/www.suno.com.br\/noticias\/hapvida-oferta-acoes-preco-por-acao\/","og_site_name":"Suno Not\u00edcias","article_publisher":"https:\/\/facebook.com\/sunoresearch","og_image":[{"width":793,"height":360,"url":"https:\/\/files.sunoresearch.com.br\/n\/uploads\/2019\/07\/9fa7fe79-hapvida-oferta-a\u00e7\u00f5es.jpg","type":"image\/jpeg"}],"author":"Poliana Santos","twitter_card":"summary_large_image","twitter_creator":"@sunoresearch","twitter_site":"@sunoresearch","twitter_misc":{"Escrito por":"Poliana Santos","Est. tempo de leitura":"2 minutos"},"schema":{"@context":"https:\/\/schema.org","@graph":[{"@type":"NewsArticle","@id":"https:\/\/www.suno.com.br\/noticias\/hapvida-oferta-acoes-preco-por-acao\/#article","isPartOf":{"@id":"https:\/\/www.suno.com.br\/noticias\/hapvida-oferta-acoes-preco-por-acao\/"},"author":{"name":"Poliana Santos","@id":"https:\/\/www.suno.com.br\/noticias\/#\/schema\/person\/02ec1f752758247878a2bf4abee1aeda"},"headline":"Hapvida precifica R$ 42,50 por a\u00e7\u00e3o e arrecada R$2,3 bilh\u00f5es","datePublished":"2019-07-26T11:35:44+00:00","mainEntityOfPage":{"@id":"https:\/\/www.suno.com.br\/noticias\/hapvida-oferta-acoes-preco-por-acao\/"},"wordCount":486,"publisher":{"@id":"https:\/\/www.suno.com.br\/noticias\/#organization"},"image":{"@id":"https:\/\/www.suno.com.br\/noticias\/hapvida-oferta-acoes-preco-por-acao\/#primaryimage"},"thumbnailUrl":"https:\/\/files.sunoresearch.com.br\/n\/uploads\/2019\/07\/9fa7fe79-hapvida-oferta-a\u00e7\u00f5es-jpg.webp","keywords":["A\u00e7\u00f5es","a\u00e7\u00f5es ordin\u00e1rias","a\u00e7\u00f5es preferenciais","Hapvida (HAPV3)"],"articleSection":["Neg\u00f3cios"],"inLanguage":"pt-BR"},{"@type":"WebPage","@id":"https:\/\/www.suno.com.br\/noticias\/hapvida-oferta-acoes-preco-por-acao\/","url":"https:\/\/www.suno.com.br\/noticias\/hapvida-oferta-acoes-preco-por-acao\/","name":"Hapvida precifica R$ 42,50 por a\u00e7\u00e3o e arrecada R$2,3 bilh\u00f5es","isPartOf":{"@id":"https:\/\/www.suno.com.br\/noticias\/#website"},"primaryImageOfPage":{"@id":"https:\/\/www.suno.com.br\/noticias\/hapvida-oferta-acoes-preco-por-acao\/#primaryimage"},"image":{"@id":"https:\/\/www.suno.com.br\/noticias\/hapvida-oferta-acoes-preco-por-acao\/#primaryimage"},"thumbnailUrl":"https:\/\/files.sunoresearch.com.br\/n\/uploads\/2019\/07\/9fa7fe79-hapvida-oferta-a\u00e7\u00f5es-jpg.webp","datePublished":"2019-07-26T11:35:44+00:00","description":"Hapvida informou em seu fato relevante que seu valor de mercado passou de R$ 2,8 bilh\u00f5es para R$ 5,1 bilh\u00f5es. Clique aqui e saiba mais","breadcrumb":{"@id":"https:\/\/www.suno.com.br\/noticias\/hapvida-oferta-acoes-preco-por-acao\/#breadcrumb"},"inLanguage":"pt-BR","potentialAction":[{"@type":"ReadAction","target":["https:\/\/www.suno.com.br\/noticias\/hapvida-oferta-acoes-preco-por-acao\/"]}]},{"@type":"ImageObject","inLanguage":"pt-BR","@id":"https:\/\/www.suno.com.br\/noticias\/hapvida-oferta-acoes-preco-por-acao\/#primaryimage","url":"https:\/\/files.sunoresearch.com.br\/n\/uploads\/2019\/07\/9fa7fe79-hapvida-oferta-a\u00e7\u00f5es-jpg.webp","contentUrl":"https:\/\/files.sunoresearch.com.br\/n\/uploads\/2019\/07\/9fa7fe79-hapvida-oferta-a\u00e7\u00f5es-jpg.webp","width":793,"height":360,"caption":"A aquisi\u00e7\u00e3o do Grupo Santa Filimona \u00e9 mais um passo importante na estrat\u00e9gia de crescimento\", informou a Hapvida. (Foto: divulga\u00e7\u00e3o)"},{"@type":"BreadcrumbList","@id":"https:\/\/www.suno.com.br\/noticias\/hapvida-oferta-acoes-preco-por-acao\/#breadcrumb","itemListElement":[{"@type":"ListItem","position":1,"name":"Not\u00edcias","item":"https:\/\/www.suno.com.br\/noticias\/"},{"@type":"ListItem","position":2,"name":"Neg\u00f3cios","item":"https:\/\/www.suno.com.br\/noticias\/negocios\/"},{"@type":"ListItem","position":3,"name":"Hapvida precifica R$ 42,50 por a\u00e7\u00e3o e arrecada R$2,3 bilh\u00f5es"}]},{"@type":"WebSite","@id":"https:\/\/www.suno.com.br\/noticias\/#website","url":"https:\/\/www.suno.com.br\/noticias\/","name":"Suno Not\u00edcias","description":"Seu portal de informa\u00e7\u00e3o sobre o mundo dos investimentos","publisher":{"@id":"https:\/\/www.suno.com.br\/noticias\/#organization"},"potentialAction":[{"@type":"SearchAction","target":{"@type":"EntryPoint","urlTemplate":"https:\/\/www.suno.com.br\/noticias\/?s={search_term_string}"},"query-input":{"@type":"PropertyValueSpecification","valueRequired":true,"valueName":"search_term_string"}}],"inLanguage":"pt-BR"},{"@type":"Organization","@id":"https:\/\/www.suno.com.br\/noticias\/#organization","name":"Suno Not\u00edcias","url":"https:\/\/www.suno.com.br\/noticias\/","logo":{"@type":"ImageObject","inLanguage":"pt-BR","@id":"https:\/\/www.suno.com.br\/noticias\/#\/schema\/logo\/image\/","url":"https:\/\/files.sunoresearch.com.br\/n\/uploads\/2021\/09\/suno-logo.png","contentUrl":"https:\/\/files.sunoresearch.com.br\/n\/uploads\/2021\/09\/suno-logo.png","width":180,"height":180,"caption":"Suno Not\u00edcias"},"image":{"@id":"https:\/\/www.suno.com.br\/noticias\/#\/schema\/logo\/image\/"},"sameAs":["https:\/\/facebook.com\/sunoresearch","https:\/\/x.com\/sunoresearch","https:\/\/www.instagram.com\/suno","https:\/\/www.linkedin.com\/company\/suno-research\/","https:\/\/www.youtube.com\/c\/sunoresearch"]},{"@type":"Person","@id":"https:\/\/www.suno.com.br\/noticias\/#\/schema\/person\/02ec1f752758247878a2bf4abee1aeda","name":"Poliana Santos","image":{"@type":"ImageObject","inLanguage":"pt-BR","@id":"https:\/\/www.suno.com.br\/noticias\/#\/schema\/person\/image\/","url":"https:\/\/secure.gravatar.com\/avatar\/0645bd32f23d87b2130f2b2dff1d3f8d?s=96&r=g","contentUrl":"https:\/\/secure.gravatar.com\/avatar\/0645bd32f23d87b2130f2b2dff1d3f8d?s=96&r=g","caption":"Poliana Santos"},"description":"Rep\u00f3rter no Suno Not\u00edcias, com cobertura em mercado financeiro, economia, finan\u00e7as pessoais, renda fixa e varejo. Jornalista formada pela Faculdade C\u00e1sper L\u00edbero e possui passagem na R\u00e1dio Gazeta AM com a produ\u00e7\u00e3o de conte\u00fado sobre economia, pol\u00edtica, sa\u00fade, moda e m\u00fasica. Possui certificado de conclus\u00e3o do curso de An\u00e1lise de Balan\u00e7os pela Funda\u00e7\u00e3o Bradesco, Agenda Brasil pela FAAP, Educa\u00e7\u00e3o Pol\u00edtica por Alexandre Garcia e do Tesouro Direto e Mercado de A\u00e7\u00f5es pela B3.","url":"https:\/\/www.suno.com.br\/noticias\/author\/poliana-santos\/"}]}},"default_loop_html":"<div class=\"cardsPage__listCard__boxs\"><div class=\"cardsPage__listCard__boxs__img\"><a href=\"https:\/\/www.suno.com.br\/noticias\/hapvida-oferta-acoes-preco-por-acao\/\"><img class=\"mask\" src=\"https:\/\/www.suno.com.br\/noticias\/wp-content\/themes\/suno\/resources\/images\/spotlight\/spotlight1img\/bg-mask.png\" alt=\"Image Mask\"\/><img src=\"https:\/\/files.sunoresearch.com.br\/n\/uploads\/2019\/07\/9fa7fe79-hapvida-oferta-a\u00e7\u00f5es-400x200.webp\" alt=\"Hapvida precifica R$ 42,50 por a\u00e7\u00e3o e arrecada R$2,3 bilh\u00f5es\"\/><\/a><span class=\"spotlightCategory\"><a href=\"https:\/\/www.suno.com.br\/noticias\/negocios\/\">Neg\u00f3cios<\/a><\/span><\/div><div class=\"cardsPage__listCard__boxs__content\"><a href=\"https:\/\/www.suno.com.br\/noticias\/hapvida-oferta-acoes-preco-por-acao\/\"><h2 class=\"content__title\">Hapvida precifica R$ 42,50 por a\u00e7\u00e3o e arrecada R$2,3 bilh\u00f5es<\/h2><\/a><div class=\"newsContent__article__meta\"><div class=\"newsContent__article__meta__authorBox\"><a href=\"https:\/\/www.suno.com.br\/noticias\/author\/poliana-santos\/\" class=\"authorBox__avatar noMobi\"><img src=\"https:\/\/files.sunoresearch.com.br\/n\/uploads\/2020\/08\/7ef34026-whatsapp-image-2020-08-03-at-12.37.57-150x150.webp\" alt=\"Poliana Santos\"><\/a><div class=\"authorBox__name\"><span>por\n\t\t\t<a href=\"https:\/\/www.suno.com.br\/noticias\/author\/poliana-santos\/\"><span itemprop=\"author\">Poliana Santos<\/span><\/a><\/span><time datetime=\"2019-07-26T08:35:44-03:00\" itemprop=\"datePublished\">26\/07\/2019 08:35<\/time><\/div><\/div><\/div><\/div><\/div>","single_layout":"posts","amp_enabled":true,"_links":{"self":[{"href":"https:\/\/www.suno.com.br\/noticias\/wp-json\/wp\/v2\/posts\/32236"}],"collection":[{"href":"https:\/\/www.suno.com.br\/noticias\/wp-json\/wp\/v2\/posts"}],"about":[{"href":"https:\/\/www.suno.com.br\/noticias\/wp-json\/wp\/v2\/types\/post"}],"author":[{"embeddable":true,"href":"https:\/\/www.suno.com.br\/noticias\/wp-json\/wp\/v2\/users\/15"}],"replies":[{"embeddable":true,"href":"https:\/\/www.suno.com.br\/noticias\/wp-json\/wp\/v2\/comments?post=32236"}],"version-history":[{"count":0,"href":"https:\/\/www.suno.com.br\/noticias\/wp-json\/wp\/v2\/posts\/32236\/revisions"}],"wp:featuredmedia":[{"embeddable":true,"href":"https:\/\/www.suno.com.br\/noticias\/wp-json\/wp\/v2\/media\/30989"}],"wp:attachment":[{"href":"https:\/\/www.suno.com.br\/noticias\/wp-json\/wp\/v2\/media?parent=32236"}],"wp:term":[{"taxonomy":"category","embeddable":true,"href":"https:\/\/www.suno.com.br\/noticias\/wp-json\/wp\/v2\/categories?post=32236"},{"taxonomy":"post_tag","embeddable":true,"href":"https:\/\/www.suno.com.br\/noticias\/wp-json\/wp\/v2\/tags?post=32236"},{"taxonomy":"suno_strategy","embeddable":true,"href":"https:\/\/www.suno.com.br\/noticias\/wp-json\/wp\/v2\/suno_strategy?post=32236"}],"curies":[{"name":"wp","href":"https:\/\/api.w.org\/{rel}","templated":true}]}}