{"id":322030,"date":"2022-11-23T12:35:01","date_gmt":"2022-11-23T15:35:01","guid":{"rendered":"https:\/\/www.suno.com.br\/noticias\/?p=322030"},"modified":"2022-11-23T12:35:06","modified_gmt":"2022-11-23T15:35:06","slug":"black-friday-imoveis-ofertas-9-mil","status":"publish","type":"post","link":"https:\/\/www.suno.com.br\/noticias\/black-friday-imoveis-ofertas-9-mil\/","title":{"rendered":"Black Friday chega ao setor de im\u00f3veis, com ofertas a partir de R$ 9,6 mil"},"content":{"rendered":"<p>A <strong>Black Friday<\/strong> tamb\u00e9m chegou ao setor imobili\u00e1rio. Empresas como o <a class=\"suno-keyword\" data-force=\"yes\" data-priority=\"2\" href=\"https:\/\/www.suno.com.br\/acoes\/BBAS3\/\" target=\"_blank\" rel=\"noopener\">Banco do Brasil (BBAS3)<\/a> e o <a class=\"suno-keyword\" data-force=\"yes\" data-priority=\"2\" href=\"https:\/\/www.suno.com.br\/acoes\/SANB11\/\" target=\"_blank\" rel=\"noopener\">Santander (SANB11)<\/a> contam com feir\u00f5es especiais para essa safra de liquida\u00e7\u00f5es e comercializam im\u00f3veis a partir de R$ 9,6 mil.<\/p>\t<div class=\"wrapper-featured-image\">\n\t\t<figure class=\"spotlightImg\">\n\n\t\t\t<picture>\n\t\t\t\t<source media=\"(max-width: 768px)\" srcset=\"https:\/\/files.sunoresearch.com.br\/n\/uploads\/2022\/11\/imoveis-rio-janeiro-credito-fernando-frazao-agencia-brasil-400x200.jpg\">\n\t\t\t\t<img loading=\"lazy\" decoding=\"async\" class=\"newsContent__article__imgCapa lazyloadDisabled \" src=\"https:\/\/files.sunoresearch.com.br\/n\/uploads\/2022\/11\/imoveis-rio-janeiro-credito-fernando-frazao-agencia-brasil-800x450.jpg\" width=\"800\" height=\"450\" alt=\"Black Friday chega ao setor de im\u00f3veis, com ofertas a partir de R$ 9,6 mil\" fetchpriority=high \/>\n\t\t\t<\/picture>\n\n\t\t\t<figcaption class=\"wp-caption-text wp-caption-text--show\">Im\u00f3veis no Rio de Janeiro. Foto: Fernando Fraz\u00e3o\/Ag\u00eancia Brasil<\/figcaption>\n\t\t<\/figure>\n\t<\/div>\n\n\n\n\n\n\t<p>\n\t\t<a href=\"https:\/\/lp2.suno.com.br\/cl\/black-friday-2025\/?utm_campaign=_SNCDF0E4858_\" target=\"_blank\" data-element=\"shortcode-suno-banner\" title=\"Banner SUNO, clique e saiba mais\">\n\t\t\t<picture>\n\t\t\t\t<source media=\"(max-width: 500px)\" srcset=\"https:\/\/files.sunoresearch.com.br\/n\/uploads\/2025\/10\/Artigos-e-Noticias-Banner-Home-artigos-01-Mobile_-400x300-1-png.webp\">\n\t\t\t\t<img class=\"newsContent__article__imgCapa newsContent__article__imgCapa--banner\"\n\t\t\t\t\tsrc=\"https:\/\/files.sunoresearch.com.br\/n\/uploads\/2025\/10\/Artigos-e-Noticias-Banner-Home-artigos-01-Desktop_-1420x240-1-png.webp\"\n\t\t\t\t\tdata-promo-id=\"311259\"\t\t\t\t\t\t\t\t\t\twidth='1420' height='240'\t\t\t\t\talt=\"https:\/\/files.sunoresearch.com.br\/n\/uploads\/2025\/10\/Artigos-e-Noticias-Banner-Home-artigos-01-Desktop_-1420x240-1-png.webp\"\n\t\t\t\t>\n\t\t\t<\/picture>\n\t\t<\/a>\n\t<\/p>\n\n\n\n\n\n<p>No Banco do Brasil (BBAS3), a <strong>venda de casas e apartamentos<\/strong> ocorre pelo site www.seuimovelbb.com.br. Neste ano, propriedades com valores a partir de R$ 25 mil podem ser financiadas. Essa opera\u00e7\u00e3o \u00e9 realizada em parceria com a Resale, outlet imobili\u00e1rio especializado na venda de im\u00f3veis com pre\u00e7os abaixo do mercado. Mais de 1,5 mil im\u00f3veis est\u00e3o dispon\u00edveis para a venda.<\/p>\n\n\n\n<p>&#8220;O Banco do Brasil sempre procura novas condi\u00e7\u00f5es financeiras atrativas para entregar melhores oportunidades aos clientes. Neste m\u00eas, al\u00e9m das ofertas com excelentes descontos em fun\u00e7\u00e3o da Black Friday, temos tamb\u00e9m como novidade a possibilidade de financiamento para a compra de im\u00f3veis a partir de R$ 25 mil. Queremos que as pessoas tenham cada vez mais chances de realizar o sonho da casa pr\u00f3pria&#8221;, comentou Rodolfo Barros, gerente executivo de Suprimentos, Infraestrutura e Patrim\u00f4nio do BB.<\/p>\n\n\n\n<p>No Santander (SANB11), o feir\u00e3o ser\u00e1 realizado na sexta (25), a partir das 14h. Cento e setenta im\u00f3veis em todo o pa\u00eds ser\u00e3o colocados \u00e0 venda em parceria com a plataforma Mega Leil\u00f5es. Os im\u00f3veis residenciais que estiverem ocupados nas capitais ter\u00e3o o Mega Benef\u00edcio, ou seja, a desocupa\u00e7\u00e3o ser\u00e1 feita pelo leiloeiro ou haver\u00e1 reembolso de at\u00e9 R$ 5 mil com ITBI, escritura e registro.<\/p>\n\n\n\n<p>O pagamento do valor de arremate poder\u00e1 ser \u00e0 vista (sem desconto), com possibilidade de usar o FGTS (para im\u00f3veis desocupados) como entrada e financiar o restante do lance em at\u00e9 420 parcelas, com taxa de 9.49% ao ano + TR. Os interessados devem realizar um cadastro no site do Mega Leil\u00f5es, ler o edital e se habilitar para o leil\u00e3o.<\/p>\n\n\n\t<p>\n\t\t<a href=\"https:\/\/lp.suno.com.br\/ebook-como-analisar-uma-acao\/\" target=\"_blank\" data-element=\"shortcode-suno-banner\" title=\"Banner SUNO, clique e saiba mais\">\n\t\t\t<picture>\n\t\t\t\t<source media=\"(max-width: 500px)\" srcset=\"https:\/\/files.sunoresearch.com.br\/n\/uploads\/2023\/12\/Ebook-Acoes-Mobile.jpg\">\n\t\t\t\t<img class=\"newsContent__article__imgCapa newsContent__article__imgCapa--banner\"\n\t\t\t\t\tsrc=\"https:\/\/files.sunoresearch.com.br\/n\/uploads\/2023\/12\/Ebook-Acoes-Desktop.webp\"\n\t\t\t\t\tdata-promo-id=\"311260\"\t\t\t\t\t\t\t\t\t\twidth='1420' height='286'\t\t\t\t\talt=\"https:\/\/files.sunoresearch.com.br\/n\/uploads\/2023\/12\/Ebook-Acoes-Desktop.webp\"\n\t\t\t\t>\n\t\t\t<\/picture>\n\t\t<\/a>\n\t<\/p>\n\n\n\n\n\n<h2 class=\"wp-block-heading\" id=\"h-imoveis-a-partir-de-r-9-6-mil-na-black-friday\">Im\u00f3veis a partir de R$ 9,6 mil na Black Friday\u202f<\/h2>\n\n\n\n<p>No sistema do BB, o im\u00f3vel mais em conta encontrado pela Suno Not\u00edcias est\u00e1 localizado na cidade de Piracuruca (PI). A casa com dois dormit\u00f3rios est\u00e1 avaliada em R$ 88,798 mil, com pre\u00e7o de venda em R$ 11,056 mil. Com o desconto da Black Friday, o bem pode ser comprado por R$ 9,656 mil.<\/p>\n\n\n\n<p>Entre as ofertas do Santander de <strong>Black Friday<\/strong>, a de menor valor \u00e9 uma casa em Bangu, no Rio de Janeiro (RJ), com lance inicial de R$ 25,800 mil.<\/p>\n\n\n\t<p>\n\t\t<a href=\"https:\/\/lp.suno.com.br\/minicurso-investindo-fiis\/\" target=\"_blank\" data-element=\"shortcode-suno-banner\" title=\"Banner SUNO, clique e saiba mais\">\n\t\t\t<picture>\n\t\t\t\t<source media=\"(max-width: 500px)\" srcset=\"https:\/\/files.sunoresearch.com.br\/n\/uploads\/2023\/07\/400x300-Minicurso-FIIS.png\">\n\t\t\t\t<img class=\"newsContent__article__imgCapa newsContent__article__imgCapa--banner\"\n\t\t\t\t\tsrc=\"https:\/\/files.sunoresearch.com.br\/n\/uploads\/2023\/07\/1420x240-Minicurso-FIIS.png\"\n\t\t\t\t\tdata-promo-id=\"311935\"\t\t\t\t\t\t\t\t\t\twidth='1420' height='240'\t\t\t\t\talt=\"https:\/\/files.sunoresearch.com.br\/n\/uploads\/2023\/07\/1420x240-Minicurso-FIIS.png\"\n\t\t\t\t>\n\t\t\t<\/picture>\n\t\t<\/a>\n\t<\/p>\n\n\n","protected":false},"excerpt":{"rendered":"<p>A Black Friday tamb\u00e9m chegou ao setor imobili\u00e1rio. Empresas como o Banco do Brasil (BBAS3) e o Santander (SANB11) contam com feir\u00f5es especiais para essa safra de liquida\u00e7\u00f5es e comercializam im\u00f3veis a partir de R$ 9,6 mil. Im\u00f3veis no Rio de Janeiro. Foto: Fernando Fraz\u00e3o\/Ag\u00eancia Brasil No Banco do Brasil (BBAS3), a venda de casas [&hellip;]<\/p>\n","protected":false},"author":232,"featured_media":322147,"comment_status":"closed","ping_status":"closed","sticky":false,"template":"","format":"standard","meta":[],"categories":[66],"tags":[732,768,624],"suno_strategy":[],"class_list":["post-322030","post","type-post","status-publish","format-standard","has-post-thumbnail","hentry","category-fiis","tag-banco-do-brasil-bbas3","tag-black-friday","tag-santander-sanb11-sanb3-sanb4"],"yoast_head":"<!-- This site is optimized with the Yoast SEO plugin v24.4 - https:\/\/yoast.com\/wordpress\/plugins\/seo\/ -->\n<title>Black Friday chega no setor de im\u00f3veis, com ofertas a partir de R$ 9,6 mil<\/title>\n<meta name=\"description\" content=\"A Black Friday tamb\u00e9m chegou ao setor imobili\u00e1rio, com ofertas de im\u00f3veis a partir de R$ 9,6 mil. Clique e saiba mais sobre essas ofertas.\" \/>\n<meta name=\"robots\" content=\"index, follow, max-snippet:-1, max-image-preview:large, max-video-preview:-1\" \/>\n<link rel=\"canonical\" href=\"https:\/\/www.suno.com.br\/noticias\/black-friday-imoveis-ofertas-9-mil\/\" \/>\n<meta property=\"og:locale\" content=\"pt_BR\" \/>\n<meta property=\"og:type\" content=\"article\" \/>\n<meta property=\"og:title\" content=\"Black Friday chega no setor de im\u00f3veis, com ofertas a partir de R$ 9,6 mil\" \/>\n<meta property=\"og:description\" content=\"A Black Friday tamb\u00e9m chegou ao setor imobili\u00e1rio, com ofertas de im\u00f3veis a partir de R$ 9,6 mil. Clique e saiba mais sobre essas ofertas.\" \/>\n<meta property=\"og:url\" content=\"https:\/\/www.suno.com.br\/noticias\/black-friday-imoveis-ofertas-9-mil\/\" \/>\n<meta property=\"og:site_name\" content=\"Suno Not\u00edcias\" \/>\n<meta property=\"article:publisher\" content=\"https:\/\/facebook.com\/sunoresearch\" \/>\n<meta property=\"og:image\" content=\"https:\/\/files.sunoresearch.com.br\/n\/uploads\/2022\/11\/imoveis-rio-janeiro-credito-fernando-frazao-agencia-brasil.jpg\" \/>\n\t<meta property=\"og:image:width\" content=\"1200\" \/>\n\t<meta property=\"og:image:height\" content=\"675\" \/>\n\t<meta property=\"og:image:type\" content=\"image\/jpeg\" \/>\n<meta name=\"author\" content=\"Erick Matheus Nery\" \/>\n<meta name=\"twitter:card\" content=\"summary_large_image\" \/>\n<meta name=\"twitter:creator\" content=\"@sunoresearch\" \/>\n<meta name=\"twitter:site\" content=\"@sunoresearch\" \/>\n<meta name=\"twitter:label1\" content=\"Escrito por\" \/>\n\t<meta name=\"twitter:data1\" content=\"Erick Matheus Nery\" \/>\n\t<meta name=\"twitter:label2\" content=\"Est. tempo de leitura\" \/>\n\t<meta name=\"twitter:data2\" content=\"3 minutos\" \/>\n<script type=\"application\/ld+json\" class=\"yoast-schema-graph\">{\"@context\":\"https:\/\/schema.org\",\"@graph\":[{\"@type\":\"NewsArticle\",\"@id\":\"https:\/\/www.suno.com.br\/noticias\/black-friday-imoveis-ofertas-9-mil\/#article\",\"isPartOf\":{\"@id\":\"https:\/\/www.suno.com.br\/noticias\/black-friday-imoveis-ofertas-9-mil\/\"},\"author\":{\"name\":\"Erick Matheus Nery\",\"@id\":\"https:\/\/www.suno.com.br\/noticias\/#\/schema\/person\/6899bc3f19d1a7315f807131c2c013a0\"},\"headline\":\"Black Friday chega ao setor de im\u00f3veis, com ofertas a partir de R$ 9,6 mil\",\"datePublished\":\"2022-11-23T15:35:01+00:00\",\"dateModified\":\"2022-11-23T15:35:06+00:00\",\"mainEntityOfPage\":{\"@id\":\"https:\/\/www.suno.com.br\/noticias\/black-friday-imoveis-ofertas-9-mil\/\"},\"wordCount\":439,\"publisher\":{\"@id\":\"https:\/\/www.suno.com.br\/noticias\/#organization\"},\"image\":{\"@id\":\"https:\/\/www.suno.com.br\/noticias\/black-friday-imoveis-ofertas-9-mil\/#primaryimage\"},\"thumbnailUrl\":\"https:\/\/files.sunoresearch.com.br\/n\/uploads\/2022\/11\/imoveis-rio-janeiro-credito-fernando-frazao-agencia-brasil.jpg\",\"keywords\":[\"Banco do Brasil (BBAS3)\",\"Black Friday\",\"Santander (SANB11\/SANB3\/SANB4)\"],\"articleSection\":[\"FIIs\"],\"inLanguage\":\"pt-BR\"},{\"@type\":\"WebPage\",\"@id\":\"https:\/\/www.suno.com.br\/noticias\/black-friday-imoveis-ofertas-9-mil\/\",\"url\":\"https:\/\/www.suno.com.br\/noticias\/black-friday-imoveis-ofertas-9-mil\/\",\"name\":\"Black Friday chega no setor de im\u00f3veis, com ofertas a partir de R$ 9,6 mil\",\"isPartOf\":{\"@id\":\"https:\/\/www.suno.com.br\/noticias\/#website\"},\"primaryImageOfPage\":{\"@id\":\"https:\/\/www.suno.com.br\/noticias\/black-friday-imoveis-ofertas-9-mil\/#primaryimage\"},\"image\":{\"@id\":\"https:\/\/www.suno.com.br\/noticias\/black-friday-imoveis-ofertas-9-mil\/#primaryimage\"},\"thumbnailUrl\":\"https:\/\/files.sunoresearch.com.br\/n\/uploads\/2022\/11\/imoveis-rio-janeiro-credito-fernando-frazao-agencia-brasil.jpg\",\"datePublished\":\"2022-11-23T15:35:01+00:00\",\"dateModified\":\"2022-11-23T15:35:06+00:00\",\"description\":\"A Black Friday tamb\u00e9m chegou ao setor imobili\u00e1rio, com ofertas de im\u00f3veis a partir de R$ 9,6 mil. Clique e saiba mais sobre essas ofertas.\",\"breadcrumb\":{\"@id\":\"https:\/\/www.suno.com.br\/noticias\/black-friday-imoveis-ofertas-9-mil\/#breadcrumb\"},\"inLanguage\":\"pt-BR\",\"potentialAction\":[{\"@type\":\"ReadAction\",\"target\":[\"https:\/\/www.suno.com.br\/noticias\/black-friday-imoveis-ofertas-9-mil\/\"]}]},{\"@type\":\"ImageObject\",\"inLanguage\":\"pt-BR\",\"@id\":\"https:\/\/www.suno.com.br\/noticias\/black-friday-imoveis-ofertas-9-mil\/#primaryimage\",\"url\":\"https:\/\/files.sunoresearch.com.br\/n\/uploads\/2022\/11\/imoveis-rio-janeiro-credito-fernando-frazao-agencia-brasil.jpg\",\"contentUrl\":\"https:\/\/files.sunoresearch.com.br\/n\/uploads\/2022\/11\/imoveis-rio-janeiro-credito-fernando-frazao-agencia-brasil.jpg\",\"width\":1200,\"height\":675,\"caption\":\"Im\u00f3veis no Rio de Janeiro. Foto: Fernando Fraz\u00e3o\/Ag\u00eancia Brasil\"},{\"@type\":\"BreadcrumbList\",\"@id\":\"https:\/\/www.suno.com.br\/noticias\/black-friday-imoveis-ofertas-9-mil\/#breadcrumb\",\"itemListElement\":[{\"@type\":\"ListItem\",\"position\":1,\"name\":\"Not\u00edcias\",\"item\":\"https:\/\/www.suno.com.br\/noticias\/\"},{\"@type\":\"ListItem\",\"position\":2,\"name\":\"FIIs\",\"item\":\"https:\/\/www.suno.com.br\/noticias\/fiis\/\"},{\"@type\":\"ListItem\",\"position\":3,\"name\":\"Black Friday chega ao setor de im\u00f3veis, com ofertas a partir de R$ 9,6 mil\"}]},{\"@type\":\"WebSite\",\"@id\":\"https:\/\/www.suno.com.br\/noticias\/#website\",\"url\":\"https:\/\/www.suno.com.br\/noticias\/\",\"name\":\"Suno Not\u00edcias\",\"description\":\"Seu portal de informa\u00e7\u00e3o sobre o mundo dos investimentos\",\"publisher\":{\"@id\":\"https:\/\/www.suno.com.br\/noticias\/#organization\"},\"potentialAction\":[{\"@type\":\"SearchAction\",\"target\":{\"@type\":\"EntryPoint\",\"urlTemplate\":\"https:\/\/www.suno.com.br\/noticias\/?s={search_term_string}\"},\"query-input\":{\"@type\":\"PropertyValueSpecification\",\"valueRequired\":true,\"valueName\":\"search_term_string\"}}],\"inLanguage\":\"pt-BR\"},{\"@type\":\"Organization\",\"@id\":\"https:\/\/www.suno.com.br\/noticias\/#organization\",\"name\":\"Suno Not\u00edcias\",\"url\":\"https:\/\/www.suno.com.br\/noticias\/\",\"logo\":{\"@type\":\"ImageObject\",\"inLanguage\":\"pt-BR\",\"@id\":\"https:\/\/www.suno.com.br\/noticias\/#\/schema\/logo\/image\/\",\"url\":\"https:\/\/files.sunoresearch.com.br\/n\/uploads\/2021\/09\/suno-logo.png\",\"contentUrl\":\"https:\/\/files.sunoresearch.com.br\/n\/uploads\/2021\/09\/suno-logo.png\",\"width\":180,\"height\":180,\"caption\":\"Suno Not\u00edcias\"},\"image\":{\"@id\":\"https:\/\/www.suno.com.br\/noticias\/#\/schema\/logo\/image\/\"},\"sameAs\":[\"https:\/\/facebook.com\/sunoresearch\",\"https:\/\/x.com\/sunoresearch\",\"https:\/\/www.instagram.com\/suno\",\"https:\/\/www.linkedin.com\/company\/suno-research\/\",\"https:\/\/www.youtube.com\/c\/sunoresearch\"]},{\"@type\":\"Person\",\"@id\":\"https:\/\/www.suno.com.br\/noticias\/#\/schema\/person\/6899bc3f19d1a7315f807131c2c013a0\",\"name\":\"Erick Matheus Nery\",\"image\":{\"@type\":\"ImageObject\",\"inLanguage\":\"pt-BR\",\"@id\":\"https:\/\/www.suno.com.br\/noticias\/#\/schema\/person\/image\/\",\"url\":\"https:\/\/secure.gravatar.com\/avatar\/518ddffe438ccb767782d372a66304d2?s=96&r=g\",\"contentUrl\":\"https:\/\/secure.gravatar.com\/avatar\/518ddffe438ccb767782d372a66304d2?s=96&r=g\",\"caption\":\"Erick Matheus Nery\"},\"description\":\"Formado em Jornalismo pela Universidade Federal do Par\u00e1 (UFPA), conta com extens\u00e3o em Jornalismo Econ\u00f4mico pela Funda\u00e7\u00e3o Get\u00falio Vargas (FGV). No Suno Not\u00edcias, atua como rep\u00f3rter de Mercado, com foco nos setores de telecomunica\u00e7\u00f5es, varejo, alimentos e renda fixa. Conta com passagens pelo jornal O Estado de S\u00e3o Paulo, como trainee de Jornalismo Econ\u00f4mico, e pelo site Not\u00edcias da TV.\",\"url\":\"https:\/\/www.suno.com.br\/noticias\/author\/erick-nery\/\"}]}<\/script>\n<!-- \/ Yoast SEO plugin. -->","yoast_head_json":{"title":"Black Friday chega no setor de im\u00f3veis, com ofertas a partir de R$ 9,6 mil","description":"A Black Friday tamb\u00e9m chegou ao setor imobili\u00e1rio, com ofertas de im\u00f3veis a partir de R$ 9,6 mil. Clique e saiba mais sobre essas ofertas.","robots":{"index":"index","follow":"follow","max-snippet":"max-snippet:-1","max-image-preview":"max-image-preview:large","max-video-preview":"max-video-preview:-1"},"canonical":"https:\/\/www.suno.com.br\/noticias\/black-friday-imoveis-ofertas-9-mil\/","og_locale":"pt_BR","og_type":"article","og_title":"Black Friday chega no setor de im\u00f3veis, com ofertas a partir de R$ 9,6 mil","og_description":"A Black Friday tamb\u00e9m chegou ao setor imobili\u00e1rio, com ofertas de im\u00f3veis a partir de R$ 9,6 mil. Clique e saiba mais sobre essas ofertas.","og_url":"https:\/\/www.suno.com.br\/noticias\/black-friday-imoveis-ofertas-9-mil\/","og_site_name":"Suno Not\u00edcias","article_publisher":"https:\/\/facebook.com\/sunoresearch","og_image":[{"width":1200,"height":675,"url":"https:\/\/files.sunoresearch.com.br\/n\/uploads\/2022\/11\/imoveis-rio-janeiro-credito-fernando-frazao-agencia-brasil.jpg","type":"image\/jpeg"}],"author":"Erick Matheus Nery","twitter_card":"summary_large_image","twitter_creator":"@sunoresearch","twitter_site":"@sunoresearch","twitter_misc":{"Escrito por":"Erick Matheus Nery","Est. tempo de leitura":"3 minutos"},"schema":{"@context":"https:\/\/schema.org","@graph":[{"@type":"NewsArticle","@id":"https:\/\/www.suno.com.br\/noticias\/black-friday-imoveis-ofertas-9-mil\/#article","isPartOf":{"@id":"https:\/\/www.suno.com.br\/noticias\/black-friday-imoveis-ofertas-9-mil\/"},"author":{"name":"Erick Matheus Nery","@id":"https:\/\/www.suno.com.br\/noticias\/#\/schema\/person\/6899bc3f19d1a7315f807131c2c013a0"},"headline":"Black Friday chega ao setor de im\u00f3veis, com ofertas a partir de R$ 9,6 mil","datePublished":"2022-11-23T15:35:01+00:00","dateModified":"2022-11-23T15:35:06+00:00","mainEntityOfPage":{"@id":"https:\/\/www.suno.com.br\/noticias\/black-friday-imoveis-ofertas-9-mil\/"},"wordCount":439,"publisher":{"@id":"https:\/\/www.suno.com.br\/noticias\/#organization"},"image":{"@id":"https:\/\/www.suno.com.br\/noticias\/black-friday-imoveis-ofertas-9-mil\/#primaryimage"},"thumbnailUrl":"https:\/\/files.sunoresearch.com.br\/n\/uploads\/2022\/11\/imoveis-rio-janeiro-credito-fernando-frazao-agencia-brasil.jpg","keywords":["Banco do Brasil (BBAS3)","Black Friday","Santander (SANB11\/SANB3\/SANB4)"],"articleSection":["FIIs"],"inLanguage":"pt-BR"},{"@type":"WebPage","@id":"https:\/\/www.suno.com.br\/noticias\/black-friday-imoveis-ofertas-9-mil\/","url":"https:\/\/www.suno.com.br\/noticias\/black-friday-imoveis-ofertas-9-mil\/","name":"Black Friday chega no setor de im\u00f3veis, com ofertas a partir de R$ 9,6 mil","isPartOf":{"@id":"https:\/\/www.suno.com.br\/noticias\/#website"},"primaryImageOfPage":{"@id":"https:\/\/www.suno.com.br\/noticias\/black-friday-imoveis-ofertas-9-mil\/#primaryimage"},"image":{"@id":"https:\/\/www.suno.com.br\/noticias\/black-friday-imoveis-ofertas-9-mil\/#primaryimage"},"thumbnailUrl":"https:\/\/files.sunoresearch.com.br\/n\/uploads\/2022\/11\/imoveis-rio-janeiro-credito-fernando-frazao-agencia-brasil.jpg","datePublished":"2022-11-23T15:35:01+00:00","dateModified":"2022-11-23T15:35:06+00:00","description":"A Black Friday tamb\u00e9m chegou ao setor imobili\u00e1rio, com ofertas de im\u00f3veis a partir de R$ 9,6 mil. Clique e saiba mais sobre essas ofertas.","breadcrumb":{"@id":"https:\/\/www.suno.com.br\/noticias\/black-friday-imoveis-ofertas-9-mil\/#breadcrumb"},"inLanguage":"pt-BR","potentialAction":[{"@type":"ReadAction","target":["https:\/\/www.suno.com.br\/noticias\/black-friday-imoveis-ofertas-9-mil\/"]}]},{"@type":"ImageObject","inLanguage":"pt-BR","@id":"https:\/\/www.suno.com.br\/noticias\/black-friday-imoveis-ofertas-9-mil\/#primaryimage","url":"https:\/\/files.sunoresearch.com.br\/n\/uploads\/2022\/11\/imoveis-rio-janeiro-credito-fernando-frazao-agencia-brasil.jpg","contentUrl":"https:\/\/files.sunoresearch.com.br\/n\/uploads\/2022\/11\/imoveis-rio-janeiro-credito-fernando-frazao-agencia-brasil.jpg","width":1200,"height":675,"caption":"Im\u00f3veis no Rio de Janeiro. Foto: Fernando Fraz\u00e3o\/Ag\u00eancia Brasil"},{"@type":"BreadcrumbList","@id":"https:\/\/www.suno.com.br\/noticias\/black-friday-imoveis-ofertas-9-mil\/#breadcrumb","itemListElement":[{"@type":"ListItem","position":1,"name":"Not\u00edcias","item":"https:\/\/www.suno.com.br\/noticias\/"},{"@type":"ListItem","position":2,"name":"FIIs","item":"https:\/\/www.suno.com.br\/noticias\/fiis\/"},{"@type":"ListItem","position":3,"name":"Black Friday chega ao setor de im\u00f3veis, com ofertas a partir de R$ 9,6 mil"}]},{"@type":"WebSite","@id":"https:\/\/www.suno.com.br\/noticias\/#website","url":"https:\/\/www.suno.com.br\/noticias\/","name":"Suno Not\u00edcias","description":"Seu portal de informa\u00e7\u00e3o sobre o mundo dos investimentos","publisher":{"@id":"https:\/\/www.suno.com.br\/noticias\/#organization"},"potentialAction":[{"@type":"SearchAction","target":{"@type":"EntryPoint","urlTemplate":"https:\/\/www.suno.com.br\/noticias\/?s={search_term_string}"},"query-input":{"@type":"PropertyValueSpecification","valueRequired":true,"valueName":"search_term_string"}}],"inLanguage":"pt-BR"},{"@type":"Organization","@id":"https:\/\/www.suno.com.br\/noticias\/#organization","name":"Suno Not\u00edcias","url":"https:\/\/www.suno.com.br\/noticias\/","logo":{"@type":"ImageObject","inLanguage":"pt-BR","@id":"https:\/\/www.suno.com.br\/noticias\/#\/schema\/logo\/image\/","url":"https:\/\/files.sunoresearch.com.br\/n\/uploads\/2021\/09\/suno-logo.png","contentUrl":"https:\/\/files.sunoresearch.com.br\/n\/uploads\/2021\/09\/suno-logo.png","width":180,"height":180,"caption":"Suno Not\u00edcias"},"image":{"@id":"https:\/\/www.suno.com.br\/noticias\/#\/schema\/logo\/image\/"},"sameAs":["https:\/\/facebook.com\/sunoresearch","https:\/\/x.com\/sunoresearch","https:\/\/www.instagram.com\/suno","https:\/\/www.linkedin.com\/company\/suno-research\/","https:\/\/www.youtube.com\/c\/sunoresearch"]},{"@type":"Person","@id":"https:\/\/www.suno.com.br\/noticias\/#\/schema\/person\/6899bc3f19d1a7315f807131c2c013a0","name":"Erick Matheus Nery","image":{"@type":"ImageObject","inLanguage":"pt-BR","@id":"https:\/\/www.suno.com.br\/noticias\/#\/schema\/person\/image\/","url":"https:\/\/secure.gravatar.com\/avatar\/518ddffe438ccb767782d372a66304d2?s=96&r=g","contentUrl":"https:\/\/secure.gravatar.com\/avatar\/518ddffe438ccb767782d372a66304d2?s=96&r=g","caption":"Erick Matheus Nery"},"description":"Formado em Jornalismo pela Universidade Federal do Par\u00e1 (UFPA), conta com extens\u00e3o em Jornalismo Econ\u00f4mico pela Funda\u00e7\u00e3o Get\u00falio Vargas (FGV). No Suno Not\u00edcias, atua como rep\u00f3rter de Mercado, com foco nos setores de telecomunica\u00e7\u00f5es, varejo, alimentos e renda fixa. Conta com passagens pelo jornal O Estado de S\u00e3o Paulo, como trainee de Jornalismo Econ\u00f4mico, e pelo site Not\u00edcias da TV.","url":"https:\/\/www.suno.com.br\/noticias\/author\/erick-nery\/"}]}},"default_loop_html":"<div class=\"cardsPage__listCard__boxs\"><div class=\"cardsPage__listCard__boxs__img\"><a href=\"https:\/\/www.suno.com.br\/noticias\/black-friday-imoveis-ofertas-9-mil\/\"><img class=\"mask\" src=\"https:\/\/www.suno.com.br\/noticias\/wp-content\/themes\/suno\/resources\/images\/spotlight\/spotlight1img\/bg-mask.png\" alt=\"Image Mask\"\/><img src=\"https:\/\/files.sunoresearch.com.br\/n\/uploads\/2022\/11\/imoveis-rio-janeiro-credito-fernando-frazao-agencia-brasil-400x200.jpg\" alt=\"Black Friday chega ao setor de im\u00f3veis, com ofertas a partir de R$ 9,6 mil\"\/><\/a><span class=\"spotlightCategory\"><a href=\"https:\/\/www.suno.com.br\/noticias\/fiis\/\">FIIs<\/a><\/span><\/div><div class=\"cardsPage__listCard__boxs__content\"><a href=\"https:\/\/www.suno.com.br\/noticias\/black-friday-imoveis-ofertas-9-mil\/\"><h2 class=\"content__title\">Black Friday chega ao setor de im\u00f3veis, com ofertas a partir de R$ 9,6 mil<\/h2><\/a><div class=\"newsContent__article__meta\"><div class=\"newsContent__article__meta__authorBox\"><a href=\"https:\/\/www.suno.com.br\/noticias\/author\/erick-nery\/\" class=\"authorBox__avatar noMobi\"><img src=\"https:\/\/secure.gravatar.com\/avatar\/518ddffe438ccb767782d372a66304d2?s=96&#038;r=g\" alt=\"Erick Matheus Nery\"><\/a><div class=\"authorBox__name\"><span>por\n\t\t\t<a href=\"https:\/\/www.suno.com.br\/noticias\/author\/erick-nery\/\"><span itemprop=\"author\">Erick Matheus Nery<\/span><\/a><\/span><time datetime=\"2022-11-23T12:35:01-03:00\" itemprop=\"datePublished\">23\/11\/2022 12:35<\/time><\/div><\/div><\/div><\/div><\/div>","single_layout":"posts","amp_enabled":true,"_links":{"self":[{"href":"https:\/\/www.suno.com.br\/noticias\/wp-json\/wp\/v2\/posts\/322030"}],"collection":[{"href":"https:\/\/www.suno.com.br\/noticias\/wp-json\/wp\/v2\/posts"}],"about":[{"href":"https:\/\/www.suno.com.br\/noticias\/wp-json\/wp\/v2\/types\/post"}],"author":[{"embeddable":true,"href":"https:\/\/www.suno.com.br\/noticias\/wp-json\/wp\/v2\/users\/232"}],"replies":[{"embeddable":true,"href":"https:\/\/www.suno.com.br\/noticias\/wp-json\/wp\/v2\/comments?post=322030"}],"version-history":[{"count":2,"href":"https:\/\/www.suno.com.br\/noticias\/wp-json\/wp\/v2\/posts\/322030\/revisions"}],"predecessor-version":[{"id":322211,"href":"https:\/\/www.suno.com.br\/noticias\/wp-json\/wp\/v2\/posts\/322030\/revisions\/322211"}],"wp:featuredmedia":[{"embeddable":true,"href":"https:\/\/www.suno.com.br\/noticias\/wp-json\/wp\/v2\/media\/322147"}],"wp:attachment":[{"href":"https:\/\/www.suno.com.br\/noticias\/wp-json\/wp\/v2\/media?parent=322030"}],"wp:term":[{"taxonomy":"category","embeddable":true,"href":"https:\/\/www.suno.com.br\/noticias\/wp-json\/wp\/v2\/categories?post=322030"},{"taxonomy":"post_tag","embeddable":true,"href":"https:\/\/www.suno.com.br\/noticias\/wp-json\/wp\/v2\/tags?post=322030"},{"taxonomy":"suno_strategy","embeddable":true,"href":"https:\/\/www.suno.com.br\/noticias\/wp-json\/wp\/v2\/suno_strategy?post=322030"}],"curies":[{"name":"wp","href":"https:\/\/api.w.org\/{rel}","templated":true}]}}