{"id":321963,"date":"2022-11-23T11:32:37","date_gmt":"2022-11-23T14:32:37","guid":{"rendered":"https:\/\/www.suno.com.br\/noticias\/?p=321963"},"modified":"2022-11-23T11:32:42","modified_gmt":"2022-11-23T14:32:42","slug":"copel-cple6-compra-coelce-coce5","status":"publish","type":"post","link":"https:\/\/www.suno.com.br\/noticias\/copel-cple6-compra-coelce-coce5\/","title":{"rendered":"Copel (CPLE6) estuda aquisi\u00e7\u00e3o da Coelce (COCE5) ap\u00f3s sinal para privatiza\u00e7\u00e3o"},"content":{"rendered":"<p>Ap\u00f3s o governo do Paran\u00e1 sinalizar a privatiza\u00e7\u00e3o da <a href=\"https:\/\/www.suno.com.br\/acoes\/CPLE6\/\" target=\"_blank\" rel=\"noreferrer noopener\"><strong>Copel <\/strong>(CPLE6)<\/a>, a companhia afirmou que pode comprar os ativos da Coelce (COCE5), colocados \u00e0 venda pela Enel na ter\u00e7a (22). A empresa paranaense informou ao mercado que um dos seus objetivos \u00e9 tentar adquirir uma distribuidora fora do Paran\u00e1.<\/p><div class=\"videoFull \">\n\t\t\t<div class=\"videoWrapper yt-lazyload center\"\n\t\t\t\tdata-width=\"960\"\n\t\t\t\tdata-height=\"540\"\n\t\t\t\tdata-id=\"5BO0F2wOY0k\"\n\t\t\t\tdata-alt=\"V\u00eddeo do YouTube - clique para reproduzir\"\n\t\t\t\tdata-logo=\"3\"\n\t\t\t\tdata-imagequality=\"maxres\">\n\t\t\t<\/div>\n\t\t<\/div><script type=\"application\/ld+json\">{\"@context\":\"https:\/\/schema.org\",\"@type\":\"VideoObject\",\"name\":\"PEC: EQUIPE DE LULA ACEITA NEGOCIAR | Exterior pode trazer al\u00edvio com ata do Fed | ELET3, PETR4\",\"description\":\"#morningcall #Not\u00edcias #pecdatransi\u00e7\u00e3o #lula #elei\u00e7\u00f5es2022 #estadosunidos #federalreserve #fed #fomc #petrobras #petr4 #elet3 #eletrobras #jairbolsonaro \ud835\udc08\ud835\udc0d\ud835\udc12\ud835\udc02\ud835\udc11\ud835\udc04\ud835\udc15\ud835\udc00-\ud835\udc12\ud835\udc04 \ud835\udc0d\ud835\udc0e \ud835\udc02\ud835\udc00\ud835\udc0d\ud835\udc00\ud835\udc0b \ud835\udc04 \ud835\udc00\ud835\udc13\ud835\udc08\ud835\udc15\ud835\udc04 \ud835\udc0e \ud835\udc12\ud835\udc08\ud835\udc0d\ud835\udc0e \ud83d\udc47 https:\/\/bit.ly\/INSCREVA-SEATIVEOSINO \ud83d\udcda \ud83d\udcb8\ud835\udc02\ud835\udc28\ud835\udc27\ud835\udc2c\ud835\udc2d\ud835\udc2b\ud835\udc2e\ud835\udc1a \ud835\udc2e\ud835\udc26\ud835\udc1a \ud835\udc1c\ud835\udc1a\ud835\udc2b\ud835\udc2d\ud835\udc1e\ud835\udc22\ud835\udc2b\ud835\udc1a \ud835\udc1c\ud835\udc1a\ud835\udc26\ud835\udc29\ud835\udc1e\u00e3 \ud835\udc2e\ud835\udc2c\ud835\udc1a\ud835\udc27\ud835\udc1d\ud835\udc28 \ud835\udc1a\ud835\udc2c \ud835\udc2d\u00e1\ud835\udc2d\ud835\udc22\ud835\udc1c\ud835\udc1a\ud835\udc2c \ud835\udc1d\ud835\udc1a \ud835\udc12\ud835\udc2e\ud835\udc27\ud835\udc28 \ud835\udc1e \ud835\udc2d\ud835\udc1e\ud835\udc27\ud835\udc21\ud835\udc1a \ud835\udc2b\ud835\udc1e\ud835\udc2c\ud835\udc2e\ud835\udc25\ud835\udc2d\ud835\udc1a\ud835\udc1d\ud835\udc28\ud835\udc2c \ud835\udc1a\ud835\udc1c\ud835\udc22\ud835\udc26\ud835\udc1a \ud835\udc1d\ud835\udc1a \ud835\udc26\u00e9\ud835\udc1d\ud835\udc22\ud835\udc1a. \ud835\udc00 \ud835\udc01\ud835\udc25\ud835\udc1a\ud835\udc1c\ud835\udc24 \ud835\udc05\ud835\udc2b\ud835\udc22\ud835\udc1d\ud835\udc1a\ud835\udc32 \ud835\udc1d\ud835\udc1a \ud835\udc12\ud835\udc2e\ud835\udc27\ud835\udc28 CHEGOU. \ud835\udc02\ud835\udc25\ud835\udc22\ud835\udc2a\ud835\udc2e\ud835\udc1e \ud835\udc27\ud835\udc28 \ud835\udc25\ud835\udc22\ud835\udc27\ud835\udc24 https:\/\/bit.ly\/3SHe5k6 \ud83d\udcda \ud835\udc04-\ud835\udc1b\ud835\udc28\ud835\udc28\ud835\udc24 \"\ud835\udc02\ud835\udc28\ud835\udc26\ud835\udc28 \ud835\udc22\ud835\udc27\ud835\udc2f\ud835\udc1e\ud835\udc2c\ud835\udc2d\ud835\udc22\ud835\udc2b \ud835\udc1e\ud835\udc26 \ud835\udc03\ud835\udc22\ud835\udc2f\ud835\udc22\ud835\udc1d\ud835\udc1e\ud835\udc27\ud835\udc1d\ud835\udc28\ud835\udc2c?\"\ud83d\udc47\u2026\",\"duration\":\"PT37M20S\",\"embedUrl\":\"https:\/\/www.youtube.com\/embed\/5BO0F2wOY0k\",\"regionsAllowed\":\"pt-BR\",\"interactionStatistic\":{\"@type\":\"InteractionCounter\",\"interactionType\":{\"@type\":\"WatchAction\"},\"userInteractionCount\":3726},\"thumbnailUrl\":\"https:\/\/i.ytimg.com\/vi\/5BO0F2wOY0k\/default.jpg\",\"uploadDate\":\"2022-11-23T12:43:26Z\"}<\/script>\n\n\n\n\n\t<p>\n\t\t<a href=\"https:\/\/lp.suno.com.br\/planilha-controle-gastos\/\" target=\"_blank\" data-element=\"shortcode-suno-banner\" title=\"Banner SUNO, clique e saiba mais\">\n\t\t\t<picture>\n\t\t\t\t<source media=\"(max-width: 500px)\" srcset=\"https:\/\/files.sunoresearch.com.br\/n\/uploads\/2023\/03\/400x300-Planilha-controle-de-gastos.png\">\n\t\t\t\t<img class=\"newsContent__article__imgCapa newsContent__article__imgCapa--banner\"\n\t\t\t\t\tsrc=\"https:\/\/files.sunoresearch.com.br\/n\/uploads\/2023\/03\/1420x240-Planilha-controle-de-gastos.png\"\n\t\t\t\t\tdata-promo-id=\"311945\"\t\t\t\t\t\t\t\t\t\twidth='1420' height='240'\t\t\t\t\talt=\"https:\/\/files.sunoresearch.com.br\/n\/uploads\/2023\/03\/1420x240-Planilha-controle-de-gastos.png\"\n\t\t\t\t>\n\t\t\t<\/picture>\n\t\t<\/a>\n\t<\/p>\n\n\n\n\n\n<p>Daniel Slaviero, diretor-presidente da Copel, disse ao Estad\u00e3o\/Broadcast que &#8220;pretende olhar, sim&#8221; a opera\u00e7\u00e3o cearense da Enel. A venda dos ativos da Coelce faz parte de um plano de reposicionamento global da multinacional, que pretende focar em megacidades. No Brasil, as aten\u00e7\u00f5es ser\u00e3o voltadas para S\u00e3o Paulo e Rio de Janeiro.<\/p>\n\n\n\n<p>&#8220;Se surgirem oportunidades nesse segmento, vamos olhar mais ativamente&#8221;, comentou o executivo durante o Copel Day 2022, realizado em S\u00e3o Paulo na ter\u00e7a. Mais cedo, ele havia dito a investidores que pretende crescer nesse segmento, mas n\u00e3o havia citado nenhum ativo especificamente.<\/p>\n\n\n\n<p>A Copel j\u00e1 atua no Nordeste, mas em gera\u00e7\u00e3o. Ela come\u00e7ou a operar recentemente o complexo e\u00f3lico Janda\u00edra, no Rio Grande do Norte. <\/p>\n\n\n\n<p>Embora no primeiro momento n\u00e3o exista uma sinergia direta entre os ativos de gera\u00e7\u00e3o no Nordeste e a potencial aquisi\u00e7\u00e3o em distribui\u00e7\u00e3o, a empresa considera que no futuro pode criar um hub para mais investimentos em parques e\u00f3licos. <\/p>\n\n\n\n<p>&#8220;(Pode-se) criar um outro grande cluster l\u00e1 para expandir e\u00f3lico e solar&#8221;, comentou. Em rela\u00e7\u00e3o \u00e0 Amazonas Energia, distribuidora amazonense que tamb\u00e9m est\u00e1 \u00e0 venda, Slaviero negou interesse: &#8220;N\u00e3o, \u00e9 muito fora&#8221;.<\/p>\n\n\n\n\t<div data-element=\"shortcode-read-more\" class=\"readToo\">\n\t\t\t\t<span class=\"readToo__title\">Leia mais<\/span>\n\t\t\t\t<ul class=\"readToo__list\">\n\t\t\t<li><a href=\"https:\/\/www.suno.com.br\/noticias\/copel-cple6-privatizacao-xp\/\">Copel (CPLE6) est\u00e1 perto mesmo da privatiza\u00e7\u00e3o? Veja an\u00e1lise da XP<\/a><\/li><li><a href=\"https:\/\/www.suno.com.br\/noticias\/copel-cple6-privatizacao-dividendos\/\">Copel (CPLE6) aumentar\u00e1 dividendos?<\/a><\/li><li><a href=\"https:\/\/www.suno.com.br\/noticias\/copel-cple6-r-970-milhoes-jcp\/\">Copel (CPLE6) vai pagar R$ 970 milh\u00f5es em JCP; veja o valor por a\u00e7\u00e3o<\/a><\/li>\t\t<\/ul>\n\t<\/div>\n\n\n\n\n<h2 class=\"wp-block-heading\" id=\"h-privatizacao-da-copel\">Privatiza\u00e7\u00e3o da Copel<\/h2>\n\n\n\n<p>Em um <a href=\"https:\/\/www.suno.com.br\/artigos\/fato-relevante\/\" target=\"_blank\" rel=\"noreferrer noopener\">fato relevante<\/a> divulgado pela Copel na segunda (21), a companhia informou ao mercado que o Governo do Paran\u00e1 sinalizou inten\u00e7\u00e3o de realizar a privatiza\u00e7\u00e3o de neg\u00f3cio e transformar a empresa em uma &#8220;companhia de capital aberto e sem <a href=\"https:\/\/www.suno.com.br\/artigos\/acionista-controlador\/\" target=\"_blank\" rel=\"noreferrer noopener\">acionista controlador<\/a>&#8220;.<\/p>\n\n\n\n<p>O comunicado animou o mercado, e as a\u00e7\u00f5es da companhia subiram mais de 20% na B3. Os<a href=\"https:\/\/www.suno.com.br\/noticias\/copel-cple6-privatizacao-governo-parana\/\" target=\"_blank\" rel=\"noreferrer noopener\"> analistas do BTG Pactual enxergam<\/a> um &#8220;forte potencial de valoriza\u00e7\u00e3o&#8221; nos pap\u00e9is da empresa paranaense.<\/p>\n\n\n\t<p>\n\t\t<a href=\"https:\/\/lp.suno.com.br\/ebook-como-analisar-uma-acao\/\" target=\"_blank\" data-element=\"shortcode-suno-banner\" title=\"Banner SUNO, clique e saiba mais\">\n\t\t\t<picture>\n\t\t\t\t<source media=\"(max-width: 500px)\" srcset=\"https:\/\/files.sunoresearch.com.br\/n\/uploads\/2023\/03\/Ebook-Acoes-Mobile.jpg\">\n\t\t\t\t<img class=\"newsContent__article__imgCapa newsContent__article__imgCapa--banner\"\n\t\t\t\t\tsrc=\"https:\/\/files.sunoresearch.com.br\/n\/uploads\/2023\/03\/Ebook-Acoes-Desktop.jpg\"\n\t\t\t\t\tdata-promo-id=\"311946\"\t\t\t\t\t\t\t\t\t\twidth='1420' height='286'\t\t\t\t\talt=\"https:\/\/files.sunoresearch.com.br\/n\/uploads\/2023\/03\/Ebook-Acoes-Desktop.jpg\"\n\t\t\t\t>\n\t\t\t<\/picture>\n\t\t<\/a>\n\t<\/p>\n\n\n\n\n\n<h2 class=\"wp-block-heading\">Venda da Coelce<\/h2>\n\n\n\n<p>Na ter\u00e7a, a Enel apresentou seu novo plano estrat\u00e9gico global, no qual disse que pretende sair de pa\u00edses como Argentina, Rom\u00eania e Peru. No mercado brasileiro, o <a href=\"https:\/\/www.suno.com.br\/noticias\/enel-elpl3-focar-sp-rj-coelce\/\" target=\"_blank\" rel=\"noreferrer noopener\">foco da empresa ser\u00e1 nas opera\u00e7\u00f5es de S\u00e3o Paulo e do Rio de Janeiro<\/a>.<\/p>\n\n\n\n<p>&#8220;Isso vai melhorar nossa resili\u00eancia a potenciais turbul\u00eancias futuras e ampliar nossa cria\u00e7\u00e3o de valor, beneficiando todos os nossos p\u00fablicos-alvo e acelerando a independ\u00eancia energ\u00e9tica dos nossos pa\u00edses-alvo&#8221;, ressaltou Franceso Starace, presidente da companhia.<\/p>\n\n\n\n<p>Antes do an\u00fancio da opera\u00e7\u00e3o com a Coelce, a Enel j\u00e1 havia vendido a distribuidora goiana Celg-D por R$ 1,6 bilh\u00e3o para a <a href=\"https:\/\/www.suno.com.br\/acoes\/EQTL3\/\" target=\"_blank\" rel=\"noreferrer noopener\">Equatorial (EQTL3)<\/a>.<\/p>\n\n\n\n<p>Em comunicado \u00e0 Comiss\u00e3o de Valores Mobili\u00e1rios (CVM), a Coelce ressaltou que a venda trata-se de uma possibilidade e que ainda n\u00e3o foram tomadas iniciativas concretas para essa negocia\u00e7\u00e3o.<\/p>\n\n\n\n<p>\u201cA companhia esclarece que a conveni\u00eancia e oportunidade de aliena\u00e7\u00e3o das a\u00e7\u00f5es de sua emiss\u00e3o \u00e9 decis\u00e3o que cabe exclusivamente aos seus acionistas. A companhia informa que, se e quando for o caso, qualquer opera\u00e7\u00e3o depender\u00e1 da obten\u00e7\u00e3o das aprova\u00e7\u00f5es necess\u00e1rias e observar\u00e1 os termos da regulamenta\u00e7\u00e3o aplic\u00e1vel\u201d, destacou o <a href=\"https:\/\/www.suno.com.br\/artigos\/fato-relevante\/\" target=\"_blank\" rel=\"noreferrer noopener\">fato relevante<\/a> divulgado pela <strong>Coelce<\/strong> na ocasi\u00e3o.<\/p>\n\n\n\n<p><em>Com informa\u00e7\u00f5es do Estad\u00e3o Conte\u00fado<\/em><\/p>\n\n\n\t<p>\n\t\t<a href=\"https:\/\/lp.suno.com.br\/ebook-investindo-em-fiis\/\" target=\"_blank\" data-element=\"shortcode-suno-banner\" title=\"Banner SUNO, clique e saiba mais\">\n\t\t\t<picture>\n\t\t\t\t<source media=\"(max-width: 500px)\" srcset=\"https:\/\/files.sunoresearch.com.br\/n\/uploads\/2023\/03\/Ebook-Fundos-Imobiliarios-Mobile-1.jpg\">\n\t\t\t\t<img class=\"newsContent__article__imgCapa newsContent__article__imgCapa--banner\"\n\t\t\t\t\tsrc=\"https:\/\/files.sunoresearch.com.br\/n\/uploads\/2023\/03\/Ebook-Fundos-Imobiliarios-Desktop-1.jpg\"\n\t\t\t\t\tdata-promo-id=\"313843\"\t\t\t\t\t\t\t\t\t\twidth='1420' height='286'\t\t\t\t\talt=\"https:\/\/files.sunoresearch.com.br\/n\/uploads\/2023\/03\/Ebook-Fundos-Imobiliarios-Desktop-1.jpg\"\n\t\t\t\t>\n\t\t\t<\/picture>\n\t\t<\/a>\n\t<\/p>\n\n\n","protected":false},"excerpt":{"rendered":"<p>Ap\u00f3s o governo do Paran\u00e1 sinalizar a privatiza\u00e7\u00e3o da Copel (CPLE6), a companhia afirmou que pode comprar os ativos da Coelce (COCE5), colocados \u00e0 venda pela Enel na ter\u00e7a (22). A empresa paranaense informou ao mercado que um dos seus objetivos \u00e9 tentar adquirir uma distribuidora fora do Paran\u00e1. Daniel Slaviero, diretor-presidente da Copel, disse [&hellip;]<\/p>\n","protected":false},"author":232,"featured_media":321991,"comment_status":"closed","ping_status":"closed","sticky":false,"template":"","format":"standard","meta":[],"categories":[64],"tags":[],"suno_strategy":[],"class_list":["post-321963","post","type-post","status-publish","format-standard","has-post-thumbnail","hentry","category-negocios"],"yoast_head":"<!-- This site is optimized with the Yoast SEO plugin v24.4 - https:\/\/yoast.com\/wordpress\/plugins\/seo\/ -->\n<title>Copel (CPLE6) estuda compra da Coelce (COCE5); saiba mais<\/title>\n<meta name=\"description\" content=\"Ap\u00f3s o governo do PR sinalizar a privatiza\u00e7\u00e3o da Copel (CPLE6), a empresa afirmou que pode comprar a Coelce (COCE5). Clique e saiba mais!\" \/>\n<meta name=\"robots\" content=\"index, follow, max-snippet:-1, max-image-preview:large, max-video-preview:-1\" \/>\n<link rel=\"canonical\" href=\"https:\/\/www.suno.com.br\/noticias\/copel-cple6-compra-coelce-coce5\/\" \/>\n<meta property=\"og:locale\" content=\"pt_BR\" \/>\n<meta property=\"og:type\" content=\"article\" \/>\n<meta property=\"og:title\" content=\"Copel (CPLE6) estuda compra da Coelce (COCE5); saiba mais\" \/>\n<meta property=\"og:description\" content=\"Ap\u00f3s o governo do PR sinalizar a privatiza\u00e7\u00e3o da Copel (CPLE6), a empresa afirmou que pode comprar a Coelce (COCE5). Clique e saiba mais!\" \/>\n<meta property=\"og:url\" content=\"https:\/\/www.suno.com.br\/noticias\/copel-cple6-compra-coelce-coce5\/\" \/>\n<meta property=\"og:site_name\" content=\"Suno Not\u00edcias\" \/>\n<meta property=\"article:publisher\" content=\"https:\/\/facebook.com\/sunoresearch\" \/>\n<meta property=\"og:image\" content=\"https:\/\/files.sunoresearch.com.br\/n\/uploads\/2022\/11\/energia-eletrica-copel-coece-credito-fabio-rodrigues-pozzebom-agencia-brasil.jpg\" \/>\n\t<meta property=\"og:image:width\" content=\"1200\" \/>\n\t<meta property=\"og:image:height\" content=\"675\" \/>\n\t<meta property=\"og:image:type\" content=\"image\/jpeg\" \/>\n<meta name=\"author\" content=\"Erick Matheus Nery\" \/>\n<meta name=\"twitter:card\" content=\"summary_large_image\" \/>\n<meta name=\"twitter:creator\" content=\"@sunoresearch\" \/>\n<meta name=\"twitter:site\" content=\"@sunoresearch\" \/>\n<meta name=\"twitter:label1\" content=\"Escrito por\" \/>\n\t<meta name=\"twitter:data1\" content=\"Erick Matheus Nery\" \/>\n\t<meta name=\"twitter:label2\" content=\"Est. tempo de leitura\" \/>\n\t<meta name=\"twitter:data2\" content=\"3 minutos\" \/>\n<script type=\"application\/ld+json\" class=\"yoast-schema-graph\">{\"@context\":\"https:\/\/schema.org\",\"@graph\":[{\"@type\":\"NewsArticle\",\"@id\":\"https:\/\/www.suno.com.br\/noticias\/copel-cple6-compra-coelce-coce5\/#article\",\"isPartOf\":{\"@id\":\"https:\/\/www.suno.com.br\/noticias\/copel-cple6-compra-coelce-coce5\/\"},\"author\":{\"name\":\"Erick Matheus Nery\",\"@id\":\"https:\/\/www.suno.com.br\/noticias\/#\/schema\/person\/6899bc3f19d1a7315f807131c2c013a0\"},\"headline\":\"Copel (CPLE6) estuda aquisi\u00e7\u00e3o da Coelce (COCE5) ap\u00f3s sinal para privatiza\u00e7\u00e3o\",\"datePublished\":\"2022-11-23T14:32:37+00:00\",\"dateModified\":\"2022-11-23T14:32:42+00:00\",\"mainEntityOfPage\":{\"@id\":\"https:\/\/www.suno.com.br\/noticias\/copel-cple6-compra-coelce-coce5\/\"},\"wordCount\":584,\"publisher\":{\"@id\":\"https:\/\/www.suno.com.br\/noticias\/#organization\"},\"image\":{\"@id\":\"https:\/\/www.suno.com.br\/noticias\/copel-cple6-compra-coelce-coce5\/#primaryimage\"},\"thumbnailUrl\":\"https:\/\/files.sunoresearch.com.br\/n\/uploads\/2022\/11\/energia-eletrica-copel-coece-credito-fabio-rodrigues-pozzebom-agencia-brasil.jpg\",\"articleSection\":[\"Neg\u00f3cios\"],\"inLanguage\":\"pt-BR\"},{\"@type\":\"WebPage\",\"@id\":\"https:\/\/www.suno.com.br\/noticias\/copel-cple6-compra-coelce-coce5\/\",\"url\":\"https:\/\/www.suno.com.br\/noticias\/copel-cple6-compra-coelce-coce5\/\",\"name\":\"Copel (CPLE6) estuda compra da Coelce (COCE5); saiba mais\",\"isPartOf\":{\"@id\":\"https:\/\/www.suno.com.br\/noticias\/#website\"},\"primaryImageOfPage\":{\"@id\":\"https:\/\/www.suno.com.br\/noticias\/copel-cple6-compra-coelce-coce5\/#primaryimage\"},\"image\":{\"@id\":\"https:\/\/www.suno.com.br\/noticias\/copel-cple6-compra-coelce-coce5\/#primaryimage\"},\"thumbnailUrl\":\"https:\/\/files.sunoresearch.com.br\/n\/uploads\/2022\/11\/energia-eletrica-copel-coece-credito-fabio-rodrigues-pozzebom-agencia-brasil.jpg\",\"datePublished\":\"2022-11-23T14:32:37+00:00\",\"dateModified\":\"2022-11-23T14:32:42+00:00\",\"description\":\"Ap\u00f3s o governo do PR sinalizar a privatiza\u00e7\u00e3o da Copel (CPLE6), a empresa afirmou que pode comprar a Coelce (COCE5). Clique e saiba mais!\",\"breadcrumb\":{\"@id\":\"https:\/\/www.suno.com.br\/noticias\/copel-cple6-compra-coelce-coce5\/#breadcrumb\"},\"inLanguage\":\"pt-BR\",\"potentialAction\":[{\"@type\":\"ReadAction\",\"target\":[\"https:\/\/www.suno.com.br\/noticias\/copel-cple6-compra-coelce-coce5\/\"]}]},{\"@type\":\"ImageObject\",\"inLanguage\":\"pt-BR\",\"@id\":\"https:\/\/www.suno.com.br\/noticias\/copel-cple6-compra-coelce-coce5\/#primaryimage\",\"url\":\"https:\/\/files.sunoresearch.com.br\/n\/uploads\/2022\/11\/energia-eletrica-copel-coece-credito-fabio-rodrigues-pozzebom-agencia-brasil.jpg\",\"contentUrl\":\"https:\/\/files.sunoresearch.com.br\/n\/uploads\/2022\/11\/energia-eletrica-copel-coece-credito-fabio-rodrigues-pozzebom-agencia-brasil.jpg\",\"width\":1200,\"height\":675,\"caption\":\"Energia el\u00e9trica. Foto: F\u00e1bio Rodrigues Pozzebom\/Ag\u00eancia Brasil\"},{\"@type\":\"BreadcrumbList\",\"@id\":\"https:\/\/www.suno.com.br\/noticias\/copel-cple6-compra-coelce-coce5\/#breadcrumb\",\"itemListElement\":[{\"@type\":\"ListItem\",\"position\":1,\"name\":\"Not\u00edcias\",\"item\":\"https:\/\/www.suno.com.br\/noticias\/\"},{\"@type\":\"ListItem\",\"position\":2,\"name\":\"Neg\u00f3cios\",\"item\":\"https:\/\/www.suno.com.br\/noticias\/negocios\/\"},{\"@type\":\"ListItem\",\"position\":3,\"name\":\"Copel (CPLE6) estuda aquisi\u00e7\u00e3o da Coelce (COCE5) ap\u00f3s sinal para privatiza\u00e7\u00e3o\"}]},{\"@type\":\"WebSite\",\"@id\":\"https:\/\/www.suno.com.br\/noticias\/#website\",\"url\":\"https:\/\/www.suno.com.br\/noticias\/\",\"name\":\"Suno Not\u00edcias\",\"description\":\"Seu portal de informa\u00e7\u00e3o sobre o mundo dos investimentos\",\"publisher\":{\"@id\":\"https:\/\/www.suno.com.br\/noticias\/#organization\"},\"potentialAction\":[{\"@type\":\"SearchAction\",\"target\":{\"@type\":\"EntryPoint\",\"urlTemplate\":\"https:\/\/www.suno.com.br\/noticias\/?s={search_term_string}\"},\"query-input\":{\"@type\":\"PropertyValueSpecification\",\"valueRequired\":true,\"valueName\":\"search_term_string\"}}],\"inLanguage\":\"pt-BR\"},{\"@type\":\"Organization\",\"@id\":\"https:\/\/www.suno.com.br\/noticias\/#organization\",\"name\":\"Suno Not\u00edcias\",\"url\":\"https:\/\/www.suno.com.br\/noticias\/\",\"logo\":{\"@type\":\"ImageObject\",\"inLanguage\":\"pt-BR\",\"@id\":\"https:\/\/www.suno.com.br\/noticias\/#\/schema\/logo\/image\/\",\"url\":\"https:\/\/files.sunoresearch.com.br\/n\/uploads\/2021\/09\/suno-logo.png\",\"contentUrl\":\"https:\/\/files.sunoresearch.com.br\/n\/uploads\/2021\/09\/suno-logo.png\",\"width\":180,\"height\":180,\"caption\":\"Suno Not\u00edcias\"},\"image\":{\"@id\":\"https:\/\/www.suno.com.br\/noticias\/#\/schema\/logo\/image\/\"},\"sameAs\":[\"https:\/\/facebook.com\/sunoresearch\",\"https:\/\/x.com\/sunoresearch\",\"https:\/\/www.instagram.com\/suno\",\"https:\/\/www.linkedin.com\/company\/suno-research\/\",\"https:\/\/www.youtube.com\/c\/sunoresearch\"]},{\"@type\":\"Person\",\"@id\":\"https:\/\/www.suno.com.br\/noticias\/#\/schema\/person\/6899bc3f19d1a7315f807131c2c013a0\",\"name\":\"Erick Matheus Nery\",\"image\":{\"@type\":\"ImageObject\",\"inLanguage\":\"pt-BR\",\"@id\":\"https:\/\/www.suno.com.br\/noticias\/#\/schema\/person\/image\/\",\"url\":\"https:\/\/secure.gravatar.com\/avatar\/518ddffe438ccb767782d372a66304d2?s=96&r=g\",\"contentUrl\":\"https:\/\/secure.gravatar.com\/avatar\/518ddffe438ccb767782d372a66304d2?s=96&r=g\",\"caption\":\"Erick Matheus Nery\"},\"description\":\"Formado em Jornalismo pela Universidade Federal do Par\u00e1 (UFPA), conta com extens\u00e3o em Jornalismo Econ\u00f4mico pela Funda\u00e7\u00e3o Get\u00falio Vargas (FGV). No Suno Not\u00edcias, atua como rep\u00f3rter de Mercado, com foco nos setores de telecomunica\u00e7\u00f5es, varejo, alimentos e renda fixa. Conta com passagens pelo jornal O Estado de S\u00e3o Paulo, como trainee de Jornalismo Econ\u00f4mico, e pelo site Not\u00edcias da TV.\",\"url\":\"https:\/\/www.suno.com.br\/noticias\/author\/erick-nery\/\"}]}<\/script>\n<!-- \/ Yoast SEO plugin. -->","yoast_head_json":{"title":"Copel (CPLE6) estuda compra da Coelce (COCE5); saiba mais","description":"Ap\u00f3s o governo do PR sinalizar a privatiza\u00e7\u00e3o da Copel (CPLE6), a empresa afirmou que pode comprar a Coelce (COCE5). Clique e saiba mais!","robots":{"index":"index","follow":"follow","max-snippet":"max-snippet:-1","max-image-preview":"max-image-preview:large","max-video-preview":"max-video-preview:-1"},"canonical":"https:\/\/www.suno.com.br\/noticias\/copel-cple6-compra-coelce-coce5\/","og_locale":"pt_BR","og_type":"article","og_title":"Copel (CPLE6) estuda compra da Coelce (COCE5); saiba mais","og_description":"Ap\u00f3s o governo do PR sinalizar a privatiza\u00e7\u00e3o da Copel (CPLE6), a empresa afirmou que pode comprar a Coelce (COCE5). Clique e saiba mais!","og_url":"https:\/\/www.suno.com.br\/noticias\/copel-cple6-compra-coelce-coce5\/","og_site_name":"Suno Not\u00edcias","article_publisher":"https:\/\/facebook.com\/sunoresearch","og_image":[{"width":1200,"height":675,"url":"https:\/\/files.sunoresearch.com.br\/n\/uploads\/2022\/11\/energia-eletrica-copel-coece-credito-fabio-rodrigues-pozzebom-agencia-brasil.jpg","type":"image\/jpeg"}],"author":"Erick Matheus Nery","twitter_card":"summary_large_image","twitter_creator":"@sunoresearch","twitter_site":"@sunoresearch","twitter_misc":{"Escrito por":"Erick Matheus Nery","Est. tempo de leitura":"3 minutos"},"schema":{"@context":"https:\/\/schema.org","@graph":[{"@type":"NewsArticle","@id":"https:\/\/www.suno.com.br\/noticias\/copel-cple6-compra-coelce-coce5\/#article","isPartOf":{"@id":"https:\/\/www.suno.com.br\/noticias\/copel-cple6-compra-coelce-coce5\/"},"author":{"name":"Erick Matheus Nery","@id":"https:\/\/www.suno.com.br\/noticias\/#\/schema\/person\/6899bc3f19d1a7315f807131c2c013a0"},"headline":"Copel (CPLE6) estuda aquisi\u00e7\u00e3o da Coelce (COCE5) ap\u00f3s sinal para privatiza\u00e7\u00e3o","datePublished":"2022-11-23T14:32:37+00:00","dateModified":"2022-11-23T14:32:42+00:00","mainEntityOfPage":{"@id":"https:\/\/www.suno.com.br\/noticias\/copel-cple6-compra-coelce-coce5\/"},"wordCount":584,"publisher":{"@id":"https:\/\/www.suno.com.br\/noticias\/#organization"},"image":{"@id":"https:\/\/www.suno.com.br\/noticias\/copel-cple6-compra-coelce-coce5\/#primaryimage"},"thumbnailUrl":"https:\/\/files.sunoresearch.com.br\/n\/uploads\/2022\/11\/energia-eletrica-copel-coece-credito-fabio-rodrigues-pozzebom-agencia-brasil.jpg","articleSection":["Neg\u00f3cios"],"inLanguage":"pt-BR"},{"@type":"WebPage","@id":"https:\/\/www.suno.com.br\/noticias\/copel-cple6-compra-coelce-coce5\/","url":"https:\/\/www.suno.com.br\/noticias\/copel-cple6-compra-coelce-coce5\/","name":"Copel (CPLE6) estuda compra da Coelce (COCE5); saiba mais","isPartOf":{"@id":"https:\/\/www.suno.com.br\/noticias\/#website"},"primaryImageOfPage":{"@id":"https:\/\/www.suno.com.br\/noticias\/copel-cple6-compra-coelce-coce5\/#primaryimage"},"image":{"@id":"https:\/\/www.suno.com.br\/noticias\/copel-cple6-compra-coelce-coce5\/#primaryimage"},"thumbnailUrl":"https:\/\/files.sunoresearch.com.br\/n\/uploads\/2022\/11\/energia-eletrica-copel-coece-credito-fabio-rodrigues-pozzebom-agencia-brasil.jpg","datePublished":"2022-11-23T14:32:37+00:00","dateModified":"2022-11-23T14:32:42+00:00","description":"Ap\u00f3s o governo do PR sinalizar a privatiza\u00e7\u00e3o da Copel (CPLE6), a empresa afirmou que pode comprar a Coelce (COCE5). Clique e saiba mais!","breadcrumb":{"@id":"https:\/\/www.suno.com.br\/noticias\/copel-cple6-compra-coelce-coce5\/#breadcrumb"},"inLanguage":"pt-BR","potentialAction":[{"@type":"ReadAction","target":["https:\/\/www.suno.com.br\/noticias\/copel-cple6-compra-coelce-coce5\/"]}]},{"@type":"ImageObject","inLanguage":"pt-BR","@id":"https:\/\/www.suno.com.br\/noticias\/copel-cple6-compra-coelce-coce5\/#primaryimage","url":"https:\/\/files.sunoresearch.com.br\/n\/uploads\/2022\/11\/energia-eletrica-copel-coece-credito-fabio-rodrigues-pozzebom-agencia-brasil.jpg","contentUrl":"https:\/\/files.sunoresearch.com.br\/n\/uploads\/2022\/11\/energia-eletrica-copel-coece-credito-fabio-rodrigues-pozzebom-agencia-brasil.jpg","width":1200,"height":675,"caption":"Energia el\u00e9trica. Foto: F\u00e1bio Rodrigues Pozzebom\/Ag\u00eancia Brasil"},{"@type":"BreadcrumbList","@id":"https:\/\/www.suno.com.br\/noticias\/copel-cple6-compra-coelce-coce5\/#breadcrumb","itemListElement":[{"@type":"ListItem","position":1,"name":"Not\u00edcias","item":"https:\/\/www.suno.com.br\/noticias\/"},{"@type":"ListItem","position":2,"name":"Neg\u00f3cios","item":"https:\/\/www.suno.com.br\/noticias\/negocios\/"},{"@type":"ListItem","position":3,"name":"Copel (CPLE6) estuda aquisi\u00e7\u00e3o da Coelce (COCE5) ap\u00f3s sinal para privatiza\u00e7\u00e3o"}]},{"@type":"WebSite","@id":"https:\/\/www.suno.com.br\/noticias\/#website","url":"https:\/\/www.suno.com.br\/noticias\/","name":"Suno Not\u00edcias","description":"Seu portal de informa\u00e7\u00e3o sobre o mundo dos investimentos","publisher":{"@id":"https:\/\/www.suno.com.br\/noticias\/#organization"},"potentialAction":[{"@type":"SearchAction","target":{"@type":"EntryPoint","urlTemplate":"https:\/\/www.suno.com.br\/noticias\/?s={search_term_string}"},"query-input":{"@type":"PropertyValueSpecification","valueRequired":true,"valueName":"search_term_string"}}],"inLanguage":"pt-BR"},{"@type":"Organization","@id":"https:\/\/www.suno.com.br\/noticias\/#organization","name":"Suno Not\u00edcias","url":"https:\/\/www.suno.com.br\/noticias\/","logo":{"@type":"ImageObject","inLanguage":"pt-BR","@id":"https:\/\/www.suno.com.br\/noticias\/#\/schema\/logo\/image\/","url":"https:\/\/files.sunoresearch.com.br\/n\/uploads\/2021\/09\/suno-logo.png","contentUrl":"https:\/\/files.sunoresearch.com.br\/n\/uploads\/2021\/09\/suno-logo.png","width":180,"height":180,"caption":"Suno Not\u00edcias"},"image":{"@id":"https:\/\/www.suno.com.br\/noticias\/#\/schema\/logo\/image\/"},"sameAs":["https:\/\/facebook.com\/sunoresearch","https:\/\/x.com\/sunoresearch","https:\/\/www.instagram.com\/suno","https:\/\/www.linkedin.com\/company\/suno-research\/","https:\/\/www.youtube.com\/c\/sunoresearch"]},{"@type":"Person","@id":"https:\/\/www.suno.com.br\/noticias\/#\/schema\/person\/6899bc3f19d1a7315f807131c2c013a0","name":"Erick Matheus Nery","image":{"@type":"ImageObject","inLanguage":"pt-BR","@id":"https:\/\/www.suno.com.br\/noticias\/#\/schema\/person\/image\/","url":"https:\/\/secure.gravatar.com\/avatar\/518ddffe438ccb767782d372a66304d2?s=96&r=g","contentUrl":"https:\/\/secure.gravatar.com\/avatar\/518ddffe438ccb767782d372a66304d2?s=96&r=g","caption":"Erick Matheus Nery"},"description":"Formado em Jornalismo pela Universidade Federal do Par\u00e1 (UFPA), conta com extens\u00e3o em Jornalismo Econ\u00f4mico pela Funda\u00e7\u00e3o Get\u00falio Vargas (FGV). No Suno Not\u00edcias, atua como rep\u00f3rter de Mercado, com foco nos setores de telecomunica\u00e7\u00f5es, varejo, alimentos e renda fixa. Conta com passagens pelo jornal O Estado de S\u00e3o Paulo, como trainee de Jornalismo Econ\u00f4mico, e pelo site Not\u00edcias da TV.","url":"https:\/\/www.suno.com.br\/noticias\/author\/erick-nery\/"}]}},"default_loop_html":"<div class=\"cardsPage__listCard__boxs\"><div class=\"cardsPage__listCard__boxs__img\"><a href=\"https:\/\/www.suno.com.br\/noticias\/copel-cple6-compra-coelce-coce5\/\"><img class=\"mask\" src=\"https:\/\/www.suno.com.br\/noticias\/wp-content\/themes\/suno\/resources\/images\/spotlight\/spotlight1img\/bg-mask.png\" alt=\"Image Mask\"\/><img src=\"https:\/\/files.sunoresearch.com.br\/n\/uploads\/2022\/11\/energia-eletrica-copel-coece-credito-fabio-rodrigues-pozzebom-agencia-brasil-400x200.jpg\" alt=\"Copel (CPLE6) estuda aquisi\u00e7\u00e3o da Coelce (COCE5) ap\u00f3s sinal para privatiza\u00e7\u00e3o\"\/><\/a><span class=\"spotlightCategory\"><a href=\"https:\/\/www.suno.com.br\/noticias\/negocios\/\">Neg\u00f3cios<\/a><\/span><\/div><div class=\"cardsPage__listCard__boxs__content\"><a href=\"https:\/\/www.suno.com.br\/noticias\/copel-cple6-compra-coelce-coce5\/\"><h2 class=\"content__title\">Copel (CPLE6) estuda aquisi\u00e7\u00e3o da Coelce (COCE5) ap\u00f3s sinal para privatiza\u00e7\u00e3o<\/h2><\/a><div class=\"newsContent__article__meta\"><div class=\"newsContent__article__meta__authorBox\"><a href=\"https:\/\/www.suno.com.br\/noticias\/author\/joao-vitor-jacintho\/\" class=\"authorBox__avatar noMobi\"><img src=\"https:\/\/secure.gravatar.com\/avatar\/2843227ca03ccf8cc7ccca45204c127e?s=96&#038;r=g\" alt=\"Jo\u00e3o Vitor Jacintho\"><\/a><div class=\"authorBox__name\"><span>por\n\t\t\t<a href=\"https:\/\/www.suno.com.br\/noticias\/author\/joao-vitor-jacintho\/\"><span itemprop=\"author\">Jo\u00e3o Vitor Jacintho<\/span><\/a><\/span><time datetime=\"2022-11-23T11:32:37-03:00\" itemprop=\"datePublished\">23\/11\/2022 11:32<\/time><\/div><\/div><\/div><\/div><\/div>","single_layout":"posts","amp_enabled":true,"_links":{"self":[{"href":"https:\/\/www.suno.com.br\/noticias\/wp-json\/wp\/v2\/posts\/321963"}],"collection":[{"href":"https:\/\/www.suno.com.br\/noticias\/wp-json\/wp\/v2\/posts"}],"about":[{"href":"https:\/\/www.suno.com.br\/noticias\/wp-json\/wp\/v2\/types\/post"}],"author":[{"embeddable":true,"href":"https:\/\/www.suno.com.br\/noticias\/wp-json\/wp\/v2\/users\/232"}],"replies":[{"embeddable":true,"href":"https:\/\/www.suno.com.br\/noticias\/wp-json\/wp\/v2\/comments?post=321963"}],"version-history":[{"count":4,"href":"https:\/\/www.suno.com.br\/noticias\/wp-json\/wp\/v2\/posts\/321963\/revisions"}],"predecessor-version":[{"id":322675,"href":"https:\/\/www.suno.com.br\/noticias\/wp-json\/wp\/v2\/posts\/321963\/revisions\/322675"}],"wp:featuredmedia":[{"embeddable":true,"href":"https:\/\/www.suno.com.br\/noticias\/wp-json\/wp\/v2\/media\/321991"}],"wp:attachment":[{"href":"https:\/\/www.suno.com.br\/noticias\/wp-json\/wp\/v2\/media?parent=321963"}],"wp:term":[{"taxonomy":"category","embeddable":true,"href":"https:\/\/www.suno.com.br\/noticias\/wp-json\/wp\/v2\/categories?post=321963"},{"taxonomy":"post_tag","embeddable":true,"href":"https:\/\/www.suno.com.br\/noticias\/wp-json\/wp\/v2\/tags?post=321963"},{"taxonomy":"suno_strategy","embeddable":true,"href":"https:\/\/www.suno.com.br\/noticias\/wp-json\/wp\/v2\/suno_strategy?post=321963"}],"curies":[{"name":"wp","href":"https:\/\/api.w.org\/{rel}","templated":true}]}}