{"id":321887,"date":"2022-11-23T06:00:00","date_gmt":"2022-11-23T09:00:00","guid":{"rendered":"https:\/\/www.suno.com.br\/noticias\/?p=321887"},"modified":"2022-11-23T05:29:19","modified_gmt":"2022-11-23T08:29:19","slug":"radar-eletrobras-elet3-banco-do-brasil-bbas3-nubank-nubr33","status":"publish","type":"post","link":"https:\/\/www.suno.com.br\/noticias\/radar-eletrobras-elet3-banco-do-brasil-bbas3-nubank-nubr33\/","title":{"rendered":"Radar: remunera\u00e7\u00e3o dos diretores da Eletrobras (ELET3), previs\u00f5es pessimistas para o Banco do Brasil (BBAS3) e n\u00fameros do Pix no Nubank (NUBR33)"},"content":{"rendered":"<p>A<a href=\"https:\/\/www.suno.com.br\/acoes\/elet3\/\"> <strong>Eletrobras (ELET3)<\/strong><\/a> convocou, para o dia 22 de dezembro deste ano, assembleia geral extraordin\u00e1ria para que os acionistas apreciem a aprova\u00e7\u00e3o do<strong> plano de remunera\u00e7\u00e3o <\/strong>para diretores da empresa, com base em a\u00e7\u00f5es.<\/p>\t<div class=\"wrapper-featured-image\">\n\t\t<figure class=\"spotlightImg\">\n\n\t\t\t<picture>\n\t\t\t\t<source media=\"(max-width: 768px)\" srcset=\"https:\/\/files.sunoresearch.com.br\/n\/uploads\/2022\/11\/eletrobras-elet3-400x200.jpg\">\n\t\t\t\t<img loading=\"lazy\" decoding=\"async\" class=\"newsContent__article__imgCapa lazyloadDisabled \" src=\"https:\/\/files.sunoresearch.com.br\/n\/uploads\/2022\/11\/eletrobras-elet3-800x450.jpg\" width=\"800\" height=\"450\" alt=\"Radar: remunera\u00e7\u00e3o dos diretores da Eletrobras (ELET3), previs\u00f5es pessimistas para o Banco do Brasil (BBAS3) e n\u00fameros do Pix no Nubank (NUBR33)\" fetchpriority=high \/>\n\t\t\t<\/picture>\n\n\t\t\t<figcaption class=\"wp-caption-text wp-caption-text--show\">Eletrobras (ELET3). Foto: Divulga\u00e7\u00e3o<\/figcaption>\n\t\t<\/figure>\n\t<\/div>\n\nA<a href=\"https:\/\/www.suno.com.br\/acoes\/elet3\/\"> <strong>Eletrobras (ELET3)<\/strong><\/a> convocou, para o dia 22 de dezembro deste ano, assembleia geral extraordin\u00e1ria para que os acionistas apreciem a aprova\u00e7\u00e3o do<strong> plano de remunera\u00e7\u00e3o <\/strong>para diretores da empresa, com base em a\u00e7\u00f5es.\n\n\t<p>\n\t\t<a href=\"https:\/\/lp.suno.com.br\/planilha-controle-gastos\/\" target=\"_blank\" data-element=\"shortcode-suno-banner\" title=\"Banner SUNO, clique e saiba mais\">\n\t\t\t<picture>\n\t\t\t\t<source media=\"(max-width: 500px)\" srcset=\"https:\/\/files.sunoresearch.com.br\/n\/uploads\/2023\/03\/400x300-Planilha-controle-de-gastos.png\">\n\t\t\t\t<img class=\"newsContent__article__imgCapa newsContent__article__imgCapa--banner\"\n\t\t\t\t\tsrc=\"https:\/\/files.sunoresearch.com.br\/n\/uploads\/2023\/03\/1420x240-Planilha-controle-de-gastos.png\"\n\t\t\t\t\tdata-promo-id=\"311945\"\t\t\t\t\t\t\t\t\t\twidth='1420' height='240'\t\t\t\t\talt=\"https:\/\/files.sunoresearch.com.br\/n\/uploads\/2023\/03\/1420x240-Planilha-controle-de-gastos.png\"\n\t\t\t\t>\n\t\t\t<\/picture>\n\t\t<\/a>\n\t<\/p>\n\n\n\n<!-- \/wp:paragraph --><!-- wp:shortcode -->\n\n<!-- \/wp:shortcode --><!-- wp:paragraph -->\n\nEm comunicado, a Eletrobras informa que a proposta busca trazer, para aprova\u00e7\u00e3o dos acionistas, um <strong>novo modelo de remunera\u00e7\u00e3o<\/strong> dos administradores da Eletrobras privatizada.\n\n<!-- \/wp:paragraph --><!-- wp:paragraph -->\n\nA medida contempla a revis\u00e3o de remunera\u00e7\u00e3o fixa e ado\u00e7\u00e3o de incentivos de <a class=\"suno-keyword\" href=\"https:\/\/www.suno.com.br\/artigos\/curto-prazo\/\" target=\"_blank\" rel=\"noopener\" data-force=\"no\" data-priority=\"1\">curto prazo<\/a>, composto pelo Plano de Remunera\u00e7\u00e3o Baseado em <a class=\"suno-keyword\" href=\"https:\/\/www.suno.com.br\/artigos\/opcao-de-compra\/\" target=\"_blank\" rel=\"noopener\" data-force=\"no\" data-priority=\"1\">Op\u00e7\u00f5es de Compra<\/a> de A\u00e7\u00f5es e pelo Plano de Remunera\u00e7\u00e3o Baseado em A\u00e7\u00f5es Restritas, at\u00e9 o limite de 1,3 % do capital social da Eletrobras (sendo at\u00e9 1,1% para Plano de Op\u00e7\u00f5es e at\u00e9 0,2% para Plano de A\u00e7\u00f5es Restritas).\n\n<!-- \/wp:paragraph --><!-- wp:heading -->\n<h2 id=\"h-eletrobras-nao-reajusta-remuneracao-de-diretores-desde-2015\">Eletrobras n\u00e3o reajusta remunera\u00e7\u00e3o de diretores desde 2015<\/h2>\n<!-- \/wp:heading --><!-- wp:paragraph -->\n\nA Eletrobras comenta que, desde 2015, n\u00e3o foram promovidos reajustes na <strong>remunera\u00e7\u00e3o de diretores<\/strong> e conselheiros da empresa, \u201co que teve o cond\u00e3o de tornar ainda mais relevante o j\u00e1 severo distanciamento remunerat\u00f3rio que separa as atuais pr\u00e1ticas da Companhia daquelas de seus competidores e do mercado em geral\u201d.\n\n<!-- \/wp:paragraph --><!-- wp:paragraph -->\n\n\u201cA companhia precisa, de forma urgente, fortalecer sua estrat\u00e9gia de remunera\u00e7\u00e3o para identifica\u00e7\u00e3o, atra\u00e7\u00e3o, desenvolvimento e reten\u00e7\u00e3o de talentos, bem como adequado alinhamento de interesses entre seus executivos, a empresa e seus acionistas\u201d, justifica a Eletrobras.\n\n<!-- \/wp:paragraph --><!-- wp:shortcode -->\n\n<!-- \/wp:shortcode --><!-- wp:paragraph -->\n\nEm ata da reuni\u00e3o do Comit\u00ea de Pessoas da Eletrobras, foi citado que houve entendimento de que o estudo propositivo para o novo modelo de remunera\u00e7\u00e3o dos administradores e executivos da empresa est\u00e1 alinhado \u00e0s diretrizes estrat\u00e9gicas da companhia contempladas em seu Plano Diretor de Neg\u00f3cios e Gest\u00e3o 2022-2026, com o:\n<div class=\"wp-block-group\">\n<ul>\n \t<li>desenvolvimento de uma cultura de alta performance e a excel\u00eancia na gest\u00e3o de pessoas com enfoque na meritocracia;<\/li>\n<\/ul>\n<!-- \/wp:list --><!-- wp:list -->\n<ul>\n \t<li>enfoque da gest\u00e3o da Companhia na cria\u00e7\u00e3o de valor e aumento de competitividade, inclusive por meio do destravamento das alavancas de valor da desestatiza\u00e7\u00e3o;<\/li>\n<\/ul>\n<!-- \/wp:list --><!-- wp:list -->\n<ul>\n \t<li>alcance dos mais altos padr\u00f5es de <a class=\"suno-keyword\" href=\"https:\/\/www.suno.com.br\/artigos\/governanca-corporativa\/\" target=\"_blank\" rel=\"noopener\" data-force=\"no\" data-priority=\"2\">governan\u00e7a corporativa<\/a> associados \u00e0 remunera\u00e7\u00e3o de seus administradores e altas lideran\u00e7as; e<\/li>\n<\/ul>\n<!-- \/wp:list --><!-- wp:list -->\n<ul>\n \t<li>multiplica\u00e7\u00e3o da gera\u00e7\u00e3o de valor e amplia\u00e7\u00e3o da capacidade de investimento da empresa.<\/li>\n<\/ul>\n<!-- \/wp:list -->\n\n<\/div>\n<!-- \/wp:group --><!-- wp:heading -->\n<h2 id=\"h-cotacao-da-elet3-nesta-terca-feira\">Cota\u00e7\u00e3o da ELET3 nesta ter\u00e7a-feira<\/h2>\n<!-- \/wp:heading --><!-- wp:paragraph -->\n\nNesta ter\u00e7a-feira (22), as <a class=\"suno-keyword\" href=\"https:\/\/www.suno.com.br\/artigos\/o-que-sao-acoes-ordinarias-preferenciais-e-units\/\" target=\"_blank\" rel=\"noopener\" data-force=\"no\" data-priority=\"1\">a\u00e7\u00f5es ordin\u00e1rias<\/a> da Eletrobras registraram queda de 0,15%, a R$ 45,55. Com isso, se encerra uma sequ\u00eancia de tr\u00eas preg\u00f5es consecutivos de alta dos ativos.\n\n<!-- \/wp:paragraph --><!-- wp:paragraph -->\n\nAinda assim, as a\u00e7\u00f5es da <strong>Eletrobras <\/strong>acumulam alta anual de aproximadamente 38% na <strong>bolsa de valores <\/strong>brasileira.\n\n<em>Al\u00e9m da\u00a0<strong>Eletrobras<\/strong>, confira outros destaques desta ter\u00e7a-feira:<\/em>\n<h2>A\u00e7\u00f5es da Oi (OIBR3) fecham em queda; veja o motivo<\/h2>\n<ul>\n \t<li>As <strong>a\u00e7\u00f5es da<\/strong> <strong><a href=\"https:\/\/www.suno.com.br\/acoes\/oibr3\/\" target=\"_blank\" rel=\"noreferrer noopener\">Oi (OIBR3)<\/a><\/strong> fecharam esta ter\u00e7a-feira (22) com queda de 4,55%, cotadas a R$ 0,21A operadora est\u00e1 no foco de investidores devido aos desdobramentos de sua <a class=\"suno-keyword\" href=\"https:\/\/www.suno.com.br\/artigos\/recuperacao-judicial\/\" target=\"_blank\" rel=\"noopener\" data-force=\"no\" data-priority=\"2\">recupera\u00e7\u00e3o judicial<\/a>.<\/li>\n<\/ul>\n<!-- wp:paragraph -->\n<ul>\n \t<li>Em comunicado \u00e0\u00a0<a href=\"https:\/\/www.suno.com.br\/artigos\/cvm\/\" target=\"_blank\" rel=\"noreferrer noopener\">Comiss\u00e3o de Valores Mobili\u00e1rios (CVM)<\/a>, a empresa\u00a0contestou o\u00a0<strong>pedido de bloqueio de bens<\/strong>\u00a0feito pela Caixa Econ\u00f4mica Federal,\u00a0<a href=\"https:\/\/www.suno.com.br\/acoes\/BBAS3\/\" target=\"_blank\" rel=\"noreferrer noopener\">Banco do Brasil (BBAS3)<\/a>\u00a0e\u00a0<a href=\"https:\/\/www.suno.com.br\/acoes\/ITUB4\/\" target=\"_blank\" rel=\"noreferrer noopener\">Ita\u00fa (ITUB4)<\/a>. Segundo as <a class=\"suno-keyword\" href=\"https:\/\/www.suno.com.br\/artigos\/instituicoes-financeiras\/\" target=\"_blank\" rel=\"noopener\" data-force=\"no\" data-priority=\"1\">institui\u00e7\u00f5es financeiras<\/a>, isso visaria garantir o pagamento das d\u00edvidas que somam R$ 6,9 bilh\u00f5es.<\/li>\n<\/ul>\n<!-- \/wp:paragraph --> <!-- wp:paragraph -->\n<ul>\n \t<li>No entanto, a Oi argumentou que a iniciativa estaria em discord\u00e2ncia com o acordado na recupera\u00e7\u00e3o judicial. \u201cO pedido feito pelos bancos est\u00e1 em discord\u00e2ncia com os requisitos, condi\u00e7\u00f5es e gatilhos previstos no aditamento ao <a class=\"suno-keyword\" href=\"https:\/\/www.suno.com.br\/artigos\/plano-de-recuperacao\/\" target=\"_blank\" rel=\"noopener\" data-force=\"no\" data-priority=\"1\">plano de recupera\u00e7\u00e3o judicial<\/a> da Oi\u201d, ressaltou a companhia.<\/li>\n<\/ul>\n<!-- \/wp:paragraph --> <!-- wp:heading -->\n<ul>\n \t<li id=\"h-o-sobe-e-desce-das-acoes-da-oi-abaixo-de-r-1\"><strong>O sobe e desce das a\u00e7\u00f5es da Oi, abaixo de R$ 1<\/strong><\/li>\n<\/ul>\n<strong><!-- \/wp:heading --> <!-- wp:paragraph --><\/strong>\n<ul>\n \t<li>Desde 2012, as a\u00e7\u00f5es da Oi est\u00e3o disponibilizadas para oferta p\u00fablica. Por meio dos ativos OIBR3 (<a class=\"suno-keyword\" href=\"https:\/\/www.suno.com.br\/artigos\/o-que-sao-acoes-ordinarias-preferenciais-e-units\/\" target=\"_blank\" rel=\"noopener\" data-force=\"no\" data-priority=\"1\">a\u00e7\u00f5es ordin\u00e1rias<\/a>) e OIBR4 (<a class=\"suno-keyword\" href=\"https:\/\/www.suno.com.br\/artigos\/acoes-preferenciais\/\" target=\"_blank\" rel=\"noopener\" data-force=\"no\" data-priority=\"1\">a\u00e7\u00f5es preferenciais<\/a>), elas s\u00e3o negociadas por menos de R$ 1, chamadas\u00a0<a href=\"https:\/\/www.suno.com.br\/artigos\/penny-stocks\/\" target=\"_blank\" rel=\"noreferrer noopener\">penny stocks<\/a>.<\/li>\n<\/ul>\n<!-- wp:paragraph -->\n<ul>\n \t<li>Apesar disso, a empresa de telecomunica\u00e7\u00f5es tem visto oscila\u00e7\u00f5es em suas a\u00e7\u00f5es nos \u00faltimos quatro preg\u00f5es. Na quinta (17), os pap\u00e9is ca\u00edram mais de 11% e fecharam no vermelho, situa\u00e7\u00e3o que se reverteu na sexta (18), quando a companhia marcou alta de 12,5% no final do preg\u00e3o. Ontem, as a\u00e7\u00f5es da Oi foram cotadas em R$ 0,20, alta de 11%.<\/li>\n<\/ul>\n<!-- \/wp:paragraph --> <!-- wp:heading -->\n<ul>\n \t<li><strong>Recupera\u00e7\u00e3o judicial da Oi<\/strong><\/li>\n<\/ul>\n<strong><!-- \/wp:heading --> <!-- wp:paragraph --><\/strong>\n<ul>\n \t<li>Al\u00e9m da prorroga\u00e7\u00e3o do processo de recupera\u00e7\u00e3o judicia, os bancos solicitaram o bloqueio do dinheiro proveniente da venda dos ativos da operadora. O objetivo, segundo eles, seria de assegurar o pagamento dessas d\u00edvidas.<\/li>\n<\/ul>\n<!-- \/wp:paragraph --> <!-- wp:paragraph -->\n<ul>\n \t<li>As institui\u00e7\u00f5es financeiras insinuam que a empresa estaria \u201cmaquiando\u201d contas para driblar o pagamento da d\u00edvida \u2014 acusa\u00e7\u00e3o negada pela Oi. Contudo, o Minist\u00e9rio P\u00fablico fez o pedido oposto, a fim de que o processo de recupera\u00e7\u00e3o judicial fosse encerrado.<\/li>\n<\/ul>\n<!-- \/wp:paragraph --> <!-- wp:paragraph -->\n<ul>\n \t<li>Por outro lado, a empresa pontua que \u00e9 obrigada a quitar os credores a partir de 2024, caso haja caixa suficiente para que as opera\u00e7\u00f5es sejam mantidas. At\u00e9 l\u00e1, o mercado continuar\u00e1 se deparando com a volatilidade nas <strong>a\u00e7\u00f5es da Oi<\/strong>.<\/li>\n<\/ul>\n\t<p>\n\t\t<a href=\"https:\/\/lp.suno.com.br\/ebook-como-analisar-uma-acao\/\" target=\"_blank\" data-element=\"shortcode-suno-banner\" title=\"Banner SUNO, clique e saiba mais\">\n\t\t\t<picture>\n\t\t\t\t<source media=\"(max-width: 500px)\" srcset=\"https:\/\/files.sunoresearch.com.br\/n\/uploads\/2023\/03\/Ebook-Acoes-Mobile.jpg\">\n\t\t\t\t<img class=\"newsContent__article__imgCapa newsContent__article__imgCapa--banner\"\n\t\t\t\t\tsrc=\"https:\/\/files.sunoresearch.com.br\/n\/uploads\/2023\/03\/Ebook-Acoes-Desktop.jpg\"\n\t\t\t\t\tdata-promo-id=\"311946\"\t\t\t\t\t\t\t\t\t\twidth='1420' height='286'\t\t\t\t\talt=\"https:\/\/files.sunoresearch.com.br\/n\/uploads\/2023\/03\/Ebook-Acoes-Desktop.jpg\"\n\t\t\t\t>\n\t\t\t<\/picture>\n\t\t<\/a>\n\t<\/p>\n\n\n<h2>Nubank (NUBR33) registra 1 bilh\u00e3o de transa\u00e7\u00f5es via Pix em um m\u00eas<\/h2>\n<ul>\n \t<li>Somente no m\u00eas de outubro, o <strong>Nubank (NUBR33)<\/strong> registrou 1 bilh\u00e3o de transa\u00e7\u00f5es com o <strong>Pix<\/strong>, de acordo com dados obtidos pelo Broadcast. O <a class=\"suno-keyword\" href=\"https:\/\/www.suno.com.br\/artigos\/banco-digital\/\" target=\"_blank\" rel=\"noopener\" data-force=\"no\" data-priority=\"2\">banco digital<\/a> responde por 23% de participa\u00e7\u00e3o de mercado em todas as opera\u00e7\u00f5es realizadas no Brasil pelo sistema de pagamentos instant\u00e2neos do Banco Central.<\/li>\n<\/ul>\n<!-- wp:paragraph -->\n<ul>\n \t<li>No d\u00e9cimo m\u00eas deste ano, o Nubank ainda reportou 48 milh\u00f5es de <strong>transa\u00e7\u00f5es pelo Pix<\/strong> em apenas um dia. Isso representa um aumento de 18% em compara\u00e7\u00e3o ao m\u00eas anterior.<\/li>\n<\/ul>\n<!-- \/wp:paragraph --> <!-- wp:paragraph -->\n<ul>\n \t<li>No encerramento do terceiro trimestre, o Nubank atingiu a marca de 66,9 milh\u00f5es de clientes. Ao considerar os clientes ativos, a <strong>fintech<\/strong> \u00e9 a quinta maior institui\u00e7\u00e3o do pa\u00eds, de acordo com dados do Banco Central.<\/li>\n<\/ul>\n<!-- \/wp:paragraph --> <!-- wp:paragraph -->\n<ul>\n \t<li>Segundo a fintech, aproximadamente 39% dos adultos no Brasil s\u00e3o hoje <strong>clientes do Nubank<\/strong>.<\/li>\n<\/ul>\n<!-- \/wp:paragraph --> <!-- wp:paragraph -->\n<ul>\n \t<li>Al\u00e9m disso, o Nubank superou o patamar de 70 milh\u00f5es de clientes no Brasil, M\u00e9xico e Col\u00f4mbia.<\/li>\n<\/ul>\n<!-- wp:heading -->\n<ul>\n \t<li id=\"h-nubank-oferece-servicos-com-o-pix\"><strong>Nubank oferece servi\u00e7os com o Pix<\/strong><\/li>\n<\/ul>\n<strong><!-- \/wp:heading --> <!-- wp:paragraph --><\/strong>\n<ul>\n \t<li>Por meio do <strong>sistema Pix<\/strong>, que completou dois anos de exist\u00eancia, milh\u00f5es de brasileiros podem realizar transfer\u00eancias e pagamentos em poucos segundos. As opera\u00e7\u00f5es podem ser realizadas a qualquer momento do dia e da semana.<\/li>\n<\/ul>\n<!-- \/wp:paragraph --> <!-- wp:paragraph -->\n<ul>\n \t<li>Al\u00e9m das funcionalidades tradicionais, os clientes do Nubank tamb\u00e9m podem ter acesso ao Pix no Cr\u00e9dito e Pix Recorrente.<\/li>\n<\/ul>\n<!-- \/wp:paragraph --> <!-- wp:paragraph -->\n<ul>\n \t<li>Com o <strong>Pix no Cr\u00e9dito do Nubank<\/strong>, os clientes podem usar o limite do <a class=\"suno-keyword\" href=\"https:\/\/www.suno.com.br\/artigos\/cartao-de-credito\/\" target=\"_blank\" rel=\"noopener\" data-force=\"no\" data-priority=\"3\">cart\u00e3o de cr\u00e9dito<\/a> da fintech em pagamentos via Pix. Ainda que os recebedores tenham acesso aos valores na hora, os pagadores conseguem pagar no pr\u00f3prio ritmo.<\/li>\n<\/ul>\n<!-- \/wp:paragraph --> <!-- wp:paragraph -->\n<ul>\n \t<li>Por meio dessa funcionalidade, os usu\u00e1rios conseguem efetuar o pagamento em uma \u00fanica parcela, cobrada na fatura atual, ou em at\u00e9 12 parcelas no cart\u00e3o.<\/li>\n<\/ul>\n<!-- \/wp:paragraph --> <!-- wp:paragraph -->\n<ul>\n \t<li>Ao efetuar um Pix no Cr\u00e9dito, o cliente tem a possibilidade de simular as parcelas e verificar as taxas a serem cobradas \u2014 antes de finalizar a transa\u00e7\u00e3o.<\/li>\n<\/ul>\n<!-- \/wp:paragraph --> <!-- wp:paragraph -->\n<ul>\n \t<li>J\u00e1 o <strong>Pix Recorrente do Nubank<\/strong>, por sua vez, possibilita que os clientes da conta digital do Nubank automatizem as transfer\u00eancias Pix\u00a0que fazem mensalmente. Isso pode ser realizado dentro do Assistente de Pagamentos do aplicativo do Nubank.<\/li>\n<\/ul>\n<h2>Banco do Brasil (BBAS3) ter\u00e1 &#8216;deteriora\u00e7\u00e3o dos n\u00fameros&#8217; nos pr\u00f3ximos anos, diz especialista<\/h2>\n<ul>\n \t<li>Na esteira do cen\u00e1rio pol\u00edtico conturbado, as a\u00e7\u00f5es do <a class=\"suno-keyword\" href=\"https:\/\/www.suno.com.br\/acoes\/BBAS3\/\" target=\"_blank\" rel=\"noopener\" data-force=\"yes\" data-priority=\"2\"><strong>Banco do Brasil<\/strong> (BBAS3)<\/a> ca\u00edram cerca de 15% nos \u00faltimos 30 dias. Analistas revisam as teses sobre os pap\u00e9is em meio \u00e0s sinaliza\u00e7\u00f5es recentes.<\/li>\n<\/ul>\n<!-- wp:paragraph -->\n<ul>\n \t<li>Os pap\u00e9is sofreram quedas em um contexto generalizado de retra\u00e7\u00e3o de <strong>estatais <\/strong>ap\u00f3s o resultado das elei\u00e7\u00f5es. Al\u00e9m do Banco do Brasil, a <a class=\"suno-keyword\" href=\"https:\/\/www.suno.com.br\/acoes\/PETR4\/\" target=\"_blank\" rel=\"noopener\" data-force=\"yes\" data-priority=\"2\">Petrobras (PETR4)<\/a> caiu 33% nos \u00faltimos 30 dias.<\/li>\n<\/ul>\n<!-- \/wp:paragraph --> <!-- wp:paragraph -->\n<ul>\n \t<li>Phil Soares, CFA e chefe de an\u00e1lises de a\u00e7\u00f5es da \u00d3rama Investimentos, relata, em entrevista ao Suno Not\u00edcias, que espera uma <strong>deteriora\u00e7\u00e3o nos n\u00fameros do banco estatal<\/strong> nos pr\u00f3ximos anos.<\/li>\n<\/ul>\n<!-- \/wp:paragraph --> <!-- wp:paragraph -->\n<ul>\n \t<li>&#8220;Independentemente da Lei das Estatais, acreditamos que haver\u00e1 uma deteriora\u00e7\u00e3o dos n\u00fameros do Banco do Brasil e da Petrobras. Isso ocorre muito em fun\u00e7\u00e3o de tomadas de decis\u00e3o que n\u00e3o s\u00e3o voltadas para a lucratividade e para o bom funcionamento da companhia&#8221;<\/li>\n<\/ul>\n<!-- \/wp:paragraph --> <!-- wp:paragraph -->\n<ul>\n \t<li>O especialista destaca que no Brasil &#8220;a vontade pol\u00edtica \u00e9 soberana&#8221;, fazendo com que a blindagem regulat\u00f3ria nem sempre funcione.<\/li>\n<\/ul>\n<!-- wp:paragraph -->\n<ul>\n \t<li>&#8220;Sobre a Lei das Estatais, temos como exemplo a PEC do Teto. Ela foi colocada como algo institucional e para n\u00e3o ser violada. O que vemos \u00e9 que ela n\u00e3o sobreviveu tr\u00eas ou quatro anos. A lei das estatais \u00e9 eficaz at\u00e9 que se tenha vontade pol\u00edtica para alter\u00e1-la&#8221;, comenta.<\/li>\n<\/ul>\n<!-- \/wp:paragraph --> <!-- wp:paragraph -->\n<ul>\n \t<li>&#8220;Acreditamos que por mais uma das fun\u00e7\u00f5es das estatais seja orientada pelas pol\u00edticas p\u00fablicas, n\u00e3o se pode perder o horizonte da lucratividade&#8221;, acrescenta.<\/li>\n<\/ul>\n<!-- \/wp:paragraph --> <!-- wp:paragraph -->\n<ul>\n \t<li>No momento, Phil aponta que o mercado observa como ser\u00e1 a din\u00e2mica entre executivo e legislativo e mant\u00e9m as declara\u00e7\u00f5es de <strong>Lula<\/strong> no radar &#8211; especialmente as que mexem com o arcabou\u00e7o fiscal.<\/li>\n<\/ul>\n<!-- wp:heading -->\n\n<span style=\"font-size: revert;\"><!-- wp:heading --><\/span>\n<ul>\n \t<li id=\"h-dividendos-do-banco-do-brasil\"><strong>Dividendos do Banco do Brasil<\/strong><\/li>\n<\/ul>\n<strong><span style=\"font-size: revert;\"><!-- \/wp:heading --> <!-- wp:paragraph --><\/span><\/strong>\n<ul>\n \t<li>O preg\u00e3o desta segunda (21) foi a <a class=\"suno-keyword\" href=\"https:\/\/www.suno.com.br\/artigos\/dividendos-datas-importantes\/\" target=\"_blank\" rel=\"noopener\" data-force=\"no\" data-priority=\"2\">data de corte<\/a> para o recebimento de R$ 2,2 bilh\u00f5es em <strong><a href=\"https:\/\/www.suno.com.br\/noticias\/banco-do-brasil-bbas3-dividendos-jcp-3t22\/\" target=\"_blank\" rel=\"noreferrer noopener\">dividendos do Banco do Brasil<\/a><\/strong>.<\/li>\n<\/ul>\n<span style=\"font-size: revert;\"><!-- \/wp:paragraph --> <!-- wp:paragraph --><\/span>\n<ul>\n \t<li>A estatal pagar\u00e1 dividendos e Juros Sob <a class=\"suno-keyword\" href=\"https:\/\/www.suno.com.br\/artigos\/capital-proprio\/\" target=\"_blank\" rel=\"noopener\" data-force=\"no\" data-priority=\"1\">Capital Pr\u00f3prio<\/a> (JCP) em 30 de novembro, representando R$ 0,17 por a\u00e7\u00e3o e R$ 0,63 por a\u00e7\u00e3o, respectivamente.<\/li>\n<\/ul>\n<span style=\"font-size: revert;\"><!-- \/wp:paragraph --> <!-- wp:paragraph --><\/span>\n<ul>\n \t<li>Segundo dados do Status Invest, as <strong>a\u00e7\u00f5es do Banco do Brasil<\/strong>, <a href=\"https:\/\/statusinvest.com.br\/acoes\/bbas3\" target=\"_blank\" rel=\"noreferrer noopener\">negociadas sob o ticker <strong>BBAS3<\/strong><\/a>, ostentam um dividend yield (DY) de 12,7%.<\/li>\n<\/ul>\n<span style=\"font-size: revert;\"><!-- \/wp:paragraph --> <!-- wp:paragraph --><\/span>\n<ul>\n \t<li>Isso, pois o <strong>Banco do Brasil<\/strong> pagou R$ 4,39 por a\u00e7\u00e3o em proventos no acumulado dos \u00faltimos 12 meses.<\/li>\n \t<li id=\"h-dividendos-do-banco-do-brasil\"><span style=\"font-size: revert;\">O preg\u00e3o desta segunda (21) foi a <\/span><a class=\"suno-keyword\" style=\"font-size: revert;\" href=\"https:\/\/www.suno.com.br\/artigos\/dividendos-datas-importantes\/\" target=\"_blank\" rel=\"noopener\" data-force=\"no\" data-priority=\"2\">data de corte<\/a><span style=\"font-size: revert;\"> para o recebimento de R$ 2,2 bilh\u00f5es em <\/span><strong style=\"font-size: revert;\"><a href=\"https:\/\/www.suno.com.br\/noticias\/banco-do-brasil-bbas3-dividendos-jcp-3t22\/\" target=\"_blank\" rel=\"noreferrer noopener\">dividendos do Banco do Brasil<\/a><\/strong><span style=\"font-size: revert;\">.<\/span><\/li>\n<\/ul>\n<!-- \/wp:paragraph --> <!-- wp:paragraph -->\n<ul>\n \t<li>A estatal pagar\u00e1 dividendos e Juros Sob <a class=\"suno-keyword\" href=\"https:\/\/www.suno.com.br\/artigos\/capital-proprio\/\" target=\"_blank\" rel=\"noopener\" data-force=\"no\" data-priority=\"1\">Capital Pr\u00f3prio<\/a> (JCP) em 30 de novembro, representando R$ 0,17 por a\u00e7\u00e3o e R$ 0,63 por a\u00e7\u00e3o, respectivamente.<\/li>\n<\/ul>\n<!-- \/wp:paragraph --> <!-- wp:paragraph -->\n<ul>\n \t<li>Segundo dados do Status Invest, as <strong>a\u00e7\u00f5es do Banco do Brasil<\/strong>, <a href=\"https:\/\/statusinvest.com.br\/acoes\/bbas3\" target=\"_blank\" rel=\"noreferrer noopener\">negociadas sob o ticker <strong>BBAS3<\/strong><\/a>, ostentam um dividend yield (DY) de 12,7%.<\/li>\n<\/ul>\n<!-- \/wp:paragraph --> <!-- wp:paragraph -->\n<ul>\n \t<li>Isso, pois o <strong>Banco do Brasil<\/strong> pagou R$ 4,39 por a\u00e7\u00e3o em proventos no acumulado dos \u00faltimos 12 meses.<\/li>\n<\/ul>\n<!-- \/wp:paragraph -->\n\n<!-- \/wp:paragraph -->\n\n<!-- \/wp:paragraph -->\n\n<!-- \/wp:paragraph -->\n\n<!-- \/wp:paragraph -->\n\n<!-- \/wp:paragraph -->\n\n<!-- \/wp:paragraph -->\n\n<!-- \/wp:paragraph --><!-- wp:shortcode -->\n<h2><span class=\"selectable-text copyable-text\">TIM (TIMS3) refor\u00e7a infraestrutura para transmiss\u00e3o da Copa do Mundo 2022<\/span><\/h2>\n<!-- wp:list -->\n<ul>\n \t<li>A <a class=\"suno-keyword\" href=\"https:\/\/www.suno.com.br\/acoes\/TIMS3\/\" target=\"_blank\" rel=\"noopener\" data-force=\"yes\" data-priority=\"2\">TIM (TIMS3)<\/a> realizou uma s\u00e9rie de investimentos na sua rede de infraestrutura para, segundo a empresa, &#8220;proporcionar mais qualidade aos clientes durante o per\u00edodo da <strong>Copa do Mundo 2022<\/strong>&#8220;. A empresa de telecomunica\u00e7\u00f5es expandiu a capacidade dos seus links, para melhorar a entrega da transmiss\u00e3o de conte\u00fados em 4K.<\/li>\n<\/ul>\n<!-- \/wp:list -->\n\n<!-- wp:list -->\n<ul>\n \t<li>&#8220;Para um evento dessa magnitude e popularidade, enfrentamos enormes desafios, devido \u00e0 quantidade cada vez maior de clientes conectados e de dados transmitidos em maior resolu\u00e7\u00e3o e maior velocidade. Para isso, preparamos nossa infraestrutura tecnol\u00f3gica para oferecer a melhor experi\u00eancia de streaming de v\u00eddeo, suportando inclusive picos de tr\u00e1fego durante todo o campeonato&#8221;, argumentou Marco Di Costanzo, diretor de Desenvolvimento de Rede da<strong> TIM Brasil<\/strong>, em comunicado \u00e0 imprensa.<\/li>\n<\/ul>\n<!-- \/wp:list -->\n\n<!-- wp:list -->\n<ul>\n \t<li>Segundo a empresa, essa iniciativa proporcionou melhorias nos 13 centros de distribui\u00e7\u00e3o de tr\u00e1fego da TIM, distribu\u00eddos em 11 cidades pelo pa\u00eds.<\/li>\n<\/ul>\n<!-- \/wp:list -->\n\n<!-- wp:list -->\n<ul>\n \t<li>&#8220;Por meio da capilarizac\u00e3o dos pontos de distribui\u00e7\u00e3o de conte\u00fado e da expans\u00e3o de capacidade, conseguimos colocar o conte\u00fado mais pr\u00f3ximo do consumidor final, reduzindo o tempo de transmiss\u00e3o e aumentando, ao mesmo tempo, a capacidade de escoamento do tr\u00e1fego&#8221;, complementou Costanzo.<\/li>\n<\/ul>\n<!-- \/wp:list -->\n\n<!-- wp:list -->\n<ul>\n \t<li>A companhia tamb\u00e9m espera um<strong> aumento do tr\u00e1fego<\/strong> previsto para as redes sociais. Assim, os refor\u00e7os tamb\u00e9m chegaram na rede m\u00f3vel 5G, dispon\u00edvel nas capitais, pelas tecnologias 4G\/3G e na TIM Live, internet via fibra.<\/li>\n<\/ul>\n<!-- \/wp:list -->\n\n<!-- wp:list -->\n<ul>\n \t<li><strong>Copa do Mundo 2022<\/strong><\/li>\n<\/ul>\n<!-- \/wp:list -->\n\n<!-- wp:list -->\n<ul>\n \t<li>Realizado no Qatar, o torneio de futebol come\u00e7ou no \u00faltimo domingo (20) e ser\u00e1 encerrado em 18 de dezembro. A primeira partida do Brasil ocorrer\u00e1 na quinta (24), \u00e0s 14h, contra a sele\u00e7\u00e3o da S\u00e9rvia.<\/li>\n<\/ul>\n<!-- \/wp:list -->\n\n<!-- wp:list -->\n<ul>\n \t<li>Os demais jogos da Sele\u00e7\u00e3o Brasileira na fase de grupos ocorrer\u00e3o na segunda (28), \u00e0s 11h, contra a Su\u00ed\u00e7a; e na sexta (2), \u00e0s 14h, contra o time de Camar\u00f5es.<\/li>\n<\/ul>\n<!-- \/wp:list -->\n\n<!-- wp:list -->\n<ul>\n \t<li>Segundo um <a href=\"https:\/\/www.suno.com.br\/noticias\/copa-do-mundo-2022-ida-ao-qatar-custa-mais-de-r-30-mil\/\">levantamento realizado pelo Suno Not\u00edcias<\/a>, quem decidiu assistir os jogos da <strong>Copa do Mundo 2022<\/strong> no Qatar precisou desembolsar mais de R$ 40 mil. Apenas as passagens de ida e volta custaram, em m\u00e9dia, R$ 7 mil.<\/li>\n<\/ul>\n<!-- \/wp:list -->\n\n<!-- wp:paragraph -->\n\nDa\u00a0<strong>Eletrobras<\/strong>\u00a0\u00e0 Tim, essas foram as empresas que se destacaram hoje. Para ler todas as mat\u00e9rias clique aqui.\n\n<!-- \/wp:paragraph -->\n\n<!-- wp:paragraph -->\n\n\t<p>\n\t\t<a href=\"https:\/\/lp.suno.com.br\/ebook-investindo-em-fiis\/\" target=\"_blank\" data-element=\"shortcode-suno-banner\" title=\"Banner SUNO, clique e saiba mais\">\n\t\t\t<picture>\n\t\t\t\t<source media=\"(max-width: 500px)\" srcset=\"https:\/\/files.sunoresearch.com.br\/n\/uploads\/2023\/03\/Ebook-Fundos-Imobiliarios-Mobile-1.jpg\">\n\t\t\t\t<img class=\"newsContent__article__imgCapa newsContent__article__imgCapa--banner\"\n\t\t\t\t\tsrc=\"https:\/\/files.sunoresearch.com.br\/n\/uploads\/2023\/03\/Ebook-Fundos-Imobiliarios-Desktop-1.jpg\"\n\t\t\t\t\tdata-promo-id=\"313843\"\t\t\t\t\t\t\t\t\t\twidth='1420' height='286'\t\t\t\t\talt=\"https:\/\/files.sunoresearch.com.br\/n\/uploads\/2023\/03\/Ebook-Fundos-Imobiliarios-Desktop-1.jpg\"\n\t\t\t\t>\n\t\t\t<\/picture>\n\t\t<\/a>\n\t<\/p>\n\n\n\n<!-- \/wp:paragraph -->","protected":false},"excerpt":{"rendered":"<p>A Eletrobras (ELET3) convocou, para o dia 22 de dezembro deste ano, assembleia geral extraordin\u00e1ria para que os acionistas apreciem a aprova\u00e7\u00e3o do plano de remunera\u00e7\u00e3o para diretores da empresa, com base em a\u00e7\u00f5es. Eletrobras (ELET3). Foto: Divulga\u00e7\u00e3o A Eletrobras (ELET3) convocou, para o dia 22 de dezembro deste ano, assembleia geral extraordin\u00e1ria para que [&hellip;]<\/p>\n","protected":false},"author":194,"featured_media":321736,"comment_status":"closed","ping_status":"closed","sticky":false,"template":"","format":"standard","meta":[],"categories":[64],"tags":[732,455,848,584,595,663],"suno_strategy":[],"class_list":["post-321887","post","type-post","status-publish","format-standard","has-post-thumbnail","hentry","category-negocios","tag-banco-do-brasil-bbas3","tag-eletrobras-elet3-elet5-elet6","tag-nubank","tag-oi-oibr3-oibr4","tag-petrobras-petr4","tag-tim-tims3"],"yoast_head":"<!-- This site is optimized with the Yoast SEO plugin v24.4 - https:\/\/yoast.com\/wordpress\/plugins\/seo\/ -->\n<title>Radar: remunera\u00e7\u00e3o dos diretores da Eletrobras (ELET3), previs\u00f5es para o Banco do Brasil (BBAS3) e n\u00fameros altos de Pix no Nubank (NUBR33)<\/title>\n<meta name=\"description\" content=\"Eletrobras deve alterar remunera\u00e7\u00e3o de diretores, Banco do Brasil pode ter piora nos n\u00fameros. Nubank bate recorde de Pix em um m\u00eas.\" \/>\n<meta name=\"robots\" content=\"index, follow, max-snippet:-1, max-image-preview:large, max-video-preview:-1\" \/>\n<link rel=\"canonical\" href=\"https:\/\/www.suno.com.br\/noticias\/radar-eletrobras-elet3-banco-do-brasil-bbas3-nubank-nubr33\/\" \/>\n<meta property=\"og:locale\" content=\"pt_BR\" \/>\n<meta property=\"og:type\" content=\"article\" \/>\n<meta property=\"og:title\" content=\"Radar: remunera\u00e7\u00e3o dos diretores da Eletrobras (ELET3), previs\u00f5es para o Banco do Brasil (BBAS3) e n\u00fameros altos de Pix no Nubank (NUBR33)\" \/>\n<meta property=\"og:description\" content=\"Eletrobras deve alterar remunera\u00e7\u00e3o de diretores, Banco do Brasil pode ter piora nos n\u00fameros. Nubank bate recorde de Pix em um m\u00eas.\" \/>\n<meta property=\"og:url\" content=\"https:\/\/www.suno.com.br\/noticias\/radar-eletrobras-elet3-banco-do-brasil-bbas3-nubank-nubr33\/\" \/>\n<meta property=\"og:site_name\" content=\"Suno Not\u00edcias\" \/>\n<meta property=\"article:publisher\" content=\"https:\/\/facebook.com\/sunoresearch\" \/>\n<meta property=\"og:image\" content=\"https:\/\/files.sunoresearch.com.br\/n\/uploads\/2022\/11\/eletrobras-elet3.jpg\" \/>\n\t<meta property=\"og:image:width\" content=\"1200\" \/>\n\t<meta property=\"og:image:height\" content=\"800\" \/>\n\t<meta property=\"og:image:type\" content=\"image\/jpeg\" \/>\n<meta name=\"author\" content=\"Isabella Taglapietra\" \/>\n<meta name=\"twitter:card\" content=\"summary_large_image\" \/>\n<meta name=\"twitter:creator\" content=\"@sunoresearch\" \/>\n<meta name=\"twitter:site\" content=\"@sunoresearch\" \/>\n<meta name=\"twitter:label1\" content=\"Escrito por\" \/>\n\t<meta name=\"twitter:data1\" content=\"Isabella Taglapietra\" \/>\n\t<meta name=\"twitter:label2\" content=\"Est. tempo de leitura\" \/>\n\t<meta name=\"twitter:data2\" content=\"11 minutos\" \/>\n<script type=\"application\/ld+json\" class=\"yoast-schema-graph\">{\"@context\":\"https:\/\/schema.org\",\"@graph\":[{\"@type\":\"NewsArticle\",\"@id\":\"https:\/\/www.suno.com.br\/noticias\/radar-eletrobras-elet3-banco-do-brasil-bbas3-nubank-nubr33\/#article\",\"isPartOf\":{\"@id\":\"https:\/\/www.suno.com.br\/noticias\/radar-eletrobras-elet3-banco-do-brasil-bbas3-nubank-nubr33\/\"},\"author\":{\"name\":\"Isabella Taglapietra\",\"@id\":\"https:\/\/www.suno.com.br\/noticias\/#\/schema\/person\/a0be106724f6f5d705d70f04333cb249\"},\"headline\":\"Radar: remunera\u00e7\u00e3o dos diretores da Eletrobras (ELET3), previs\u00f5es pessimistas para o Banco do Brasil (BBAS3) e n\u00fameros do Pix no Nubank (NUBR33)\",\"datePublished\":\"2022-11-23T09:00:00+00:00\",\"mainEntityOfPage\":{\"@id\":\"https:\/\/www.suno.com.br\/noticias\/radar-eletrobras-elet3-banco-do-brasil-bbas3-nubank-nubr33\/\"},\"wordCount\":2105,\"publisher\":{\"@id\":\"https:\/\/www.suno.com.br\/noticias\/#organization\"},\"image\":{\"@id\":\"https:\/\/www.suno.com.br\/noticias\/radar-eletrobras-elet3-banco-do-brasil-bbas3-nubank-nubr33\/#primaryimage\"},\"thumbnailUrl\":\"https:\/\/files.sunoresearch.com.br\/n\/uploads\/2022\/11\/eletrobras-elet3.jpg\",\"keywords\":[\"Banco do Brasil (BBAS3)\",\"Eletrobras (ELET3\/ELET5\/ELET6)\",\"Nubank (NUBR33)\",\"Oi (OIBR3\/OIBR4)\",\"Petrobras (PETR4)\",\"TIM (TIMS3)\"],\"articleSection\":[\"Neg\u00f3cios\"],\"inLanguage\":\"pt-BR\"},{\"@type\":\"WebPage\",\"@id\":\"https:\/\/www.suno.com.br\/noticias\/radar-eletrobras-elet3-banco-do-brasil-bbas3-nubank-nubr33\/\",\"url\":\"https:\/\/www.suno.com.br\/noticias\/radar-eletrobras-elet3-banco-do-brasil-bbas3-nubank-nubr33\/\",\"name\":\"Radar: remunera\u00e7\u00e3o dos diretores da Eletrobras (ELET3), previs\u00f5es para o Banco do Brasil (BBAS3) e n\u00fameros altos de Pix no Nubank (NUBR33)\",\"isPartOf\":{\"@id\":\"https:\/\/www.suno.com.br\/noticias\/#website\"},\"primaryImageOfPage\":{\"@id\":\"https:\/\/www.suno.com.br\/noticias\/radar-eletrobras-elet3-banco-do-brasil-bbas3-nubank-nubr33\/#primaryimage\"},\"image\":{\"@id\":\"https:\/\/www.suno.com.br\/noticias\/radar-eletrobras-elet3-banco-do-brasil-bbas3-nubank-nubr33\/#primaryimage\"},\"thumbnailUrl\":\"https:\/\/files.sunoresearch.com.br\/n\/uploads\/2022\/11\/eletrobras-elet3.jpg\",\"datePublished\":\"2022-11-23T09:00:00+00:00\",\"description\":\"Eletrobras deve alterar remunera\u00e7\u00e3o de diretores, Banco do Brasil pode ter piora nos n\u00fameros. Nubank bate recorde de Pix em um m\u00eas.\",\"breadcrumb\":{\"@id\":\"https:\/\/www.suno.com.br\/noticias\/radar-eletrobras-elet3-banco-do-brasil-bbas3-nubank-nubr33\/#breadcrumb\"},\"inLanguage\":\"pt-BR\",\"potentialAction\":[{\"@type\":\"ReadAction\",\"target\":[\"https:\/\/www.suno.com.br\/noticias\/radar-eletrobras-elet3-banco-do-brasil-bbas3-nubank-nubr33\/\"]}]},{\"@type\":\"ImageObject\",\"inLanguage\":\"pt-BR\",\"@id\":\"https:\/\/www.suno.com.br\/noticias\/radar-eletrobras-elet3-banco-do-brasil-bbas3-nubank-nubr33\/#primaryimage\",\"url\":\"https:\/\/files.sunoresearch.com.br\/n\/uploads\/2022\/11\/eletrobras-elet3.jpg\",\"contentUrl\":\"https:\/\/files.sunoresearch.com.br\/n\/uploads\/2022\/11\/eletrobras-elet3.jpg\",\"width\":1200,\"height\":800,\"caption\":\"Eletrobras (ELET3). Foto: Divulga\u00e7\u00e3o\"},{\"@type\":\"BreadcrumbList\",\"@id\":\"https:\/\/www.suno.com.br\/noticias\/radar-eletrobras-elet3-banco-do-brasil-bbas3-nubank-nubr33\/#breadcrumb\",\"itemListElement\":[{\"@type\":\"ListItem\",\"position\":1,\"name\":\"Not\u00edcias\",\"item\":\"https:\/\/www.suno.com.br\/noticias\/\"},{\"@type\":\"ListItem\",\"position\":2,\"name\":\"Neg\u00f3cios\",\"item\":\"https:\/\/www.suno.com.br\/noticias\/negocios\/\"},{\"@type\":\"ListItem\",\"position\":3,\"name\":\"Radar: remunera\u00e7\u00e3o dos diretores da Eletrobras (ELET3), previs\u00f5es pessimistas para o Banco do Brasil (BBAS3) e n\u00fameros do Pix no Nubank (NUBR33)\"}]},{\"@type\":\"WebSite\",\"@id\":\"https:\/\/www.suno.com.br\/noticias\/#website\",\"url\":\"https:\/\/www.suno.com.br\/noticias\/\",\"name\":\"Suno Not\u00edcias\",\"description\":\"Seu portal de informa\u00e7\u00e3o sobre o mundo dos investimentos\",\"publisher\":{\"@id\":\"https:\/\/www.suno.com.br\/noticias\/#organization\"},\"potentialAction\":[{\"@type\":\"SearchAction\",\"target\":{\"@type\":\"EntryPoint\",\"urlTemplate\":\"https:\/\/www.suno.com.br\/noticias\/?s={search_term_string}\"},\"query-input\":{\"@type\":\"PropertyValueSpecification\",\"valueRequired\":true,\"valueName\":\"search_term_string\"}}],\"inLanguage\":\"pt-BR\"},{\"@type\":\"Organization\",\"@id\":\"https:\/\/www.suno.com.br\/noticias\/#organization\",\"name\":\"Suno Not\u00edcias\",\"url\":\"https:\/\/www.suno.com.br\/noticias\/\",\"logo\":{\"@type\":\"ImageObject\",\"inLanguage\":\"pt-BR\",\"@id\":\"https:\/\/www.suno.com.br\/noticias\/#\/schema\/logo\/image\/\",\"url\":\"https:\/\/files.sunoresearch.com.br\/n\/uploads\/2021\/09\/suno-logo.png\",\"contentUrl\":\"https:\/\/files.sunoresearch.com.br\/n\/uploads\/2021\/09\/suno-logo.png\",\"width\":180,\"height\":180,\"caption\":\"Suno Not\u00edcias\"},\"image\":{\"@id\":\"https:\/\/www.suno.com.br\/noticias\/#\/schema\/logo\/image\/\"},\"sameAs\":[\"https:\/\/facebook.com\/sunoresearch\",\"https:\/\/x.com\/sunoresearch\",\"https:\/\/www.instagram.com\/suno\",\"https:\/\/www.linkedin.com\/company\/suno-research\/\",\"https:\/\/www.youtube.com\/c\/sunoresearch\"]},{\"@type\":\"Person\",\"@id\":\"https:\/\/www.suno.com.br\/noticias\/#\/schema\/person\/a0be106724f6f5d705d70f04333cb249\",\"name\":\"Isabella Taglapietra\",\"image\":{\"@type\":\"ImageObject\",\"inLanguage\":\"pt-BR\",\"@id\":\"https:\/\/www.suno.com.br\/noticias\/#\/schema\/person\/image\/\",\"url\":\"https:\/\/secure.gravatar.com\/avatar\/089c9e06b71de293117116aaf339e22f?s=96&r=g\",\"contentUrl\":\"https:\/\/secure.gravatar.com\/avatar\/089c9e06b71de293117116aaf339e22f?s=96&r=g\",\"caption\":\"Isabella Taglapietra\"},\"description\":\"Rep\u00f3rter freelancer no Suno Not\u00edcias, cobre not\u00edcias di\u00e1rias sobre economia, balan\u00e7os trimestrais e pesquisas. Formada em jornalismo pela Faculdade C\u00e1sper L\u00edbero e p\u00f3s-graduanda em mercado de capitais pela Fecap, atuou como rep\u00f3rter de economia e finan\u00e7as no portal CRC!News e Elas que Lucrem, al\u00e9m de social media para empresas do mercado financeiro.\",\"url\":\"https:\/\/www.suno.com.br\/noticias\/author\/isabella-taglapietra\/\"}]}<\/script>\n<!-- \/ Yoast SEO plugin. -->","yoast_head_json":{"title":"Radar: remunera\u00e7\u00e3o dos diretores da Eletrobras (ELET3), previs\u00f5es para o Banco do Brasil (BBAS3) e n\u00fameros altos de Pix no Nubank (NUBR33)","description":"Eletrobras deve alterar remunera\u00e7\u00e3o de diretores, Banco do Brasil pode ter piora nos n\u00fameros. Nubank bate recorde de Pix em um m\u00eas.","robots":{"index":"index","follow":"follow","max-snippet":"max-snippet:-1","max-image-preview":"max-image-preview:large","max-video-preview":"max-video-preview:-1"},"canonical":"https:\/\/www.suno.com.br\/noticias\/radar-eletrobras-elet3-banco-do-brasil-bbas3-nubank-nubr33\/","og_locale":"pt_BR","og_type":"article","og_title":"Radar: remunera\u00e7\u00e3o dos diretores da Eletrobras (ELET3), previs\u00f5es para o Banco do Brasil (BBAS3) e n\u00fameros altos de Pix no Nubank (NUBR33)","og_description":"Eletrobras deve alterar remunera\u00e7\u00e3o de diretores, Banco do Brasil pode ter piora nos n\u00fameros. Nubank bate recorde de Pix em um m\u00eas.","og_url":"https:\/\/www.suno.com.br\/noticias\/radar-eletrobras-elet3-banco-do-brasil-bbas3-nubank-nubr33\/","og_site_name":"Suno Not\u00edcias","article_publisher":"https:\/\/facebook.com\/sunoresearch","og_image":[{"width":1200,"height":800,"url":"https:\/\/files.sunoresearch.com.br\/n\/uploads\/2022\/11\/eletrobras-elet3.jpg","type":"image\/jpeg"}],"author":"Isabella Taglapietra","twitter_card":"summary_large_image","twitter_creator":"@sunoresearch","twitter_site":"@sunoresearch","twitter_misc":{"Escrito por":"Isabella Taglapietra","Est. tempo de leitura":"11 minutos"},"schema":{"@context":"https:\/\/schema.org","@graph":[{"@type":"NewsArticle","@id":"https:\/\/www.suno.com.br\/noticias\/radar-eletrobras-elet3-banco-do-brasil-bbas3-nubank-nubr33\/#article","isPartOf":{"@id":"https:\/\/www.suno.com.br\/noticias\/radar-eletrobras-elet3-banco-do-brasil-bbas3-nubank-nubr33\/"},"author":{"name":"Isabella Taglapietra","@id":"https:\/\/www.suno.com.br\/noticias\/#\/schema\/person\/a0be106724f6f5d705d70f04333cb249"},"headline":"Radar: remunera\u00e7\u00e3o dos diretores da Eletrobras (ELET3), previs\u00f5es pessimistas para o Banco do Brasil (BBAS3) e n\u00fameros do Pix no Nubank (NUBR33)","datePublished":"2022-11-23T09:00:00+00:00","mainEntityOfPage":{"@id":"https:\/\/www.suno.com.br\/noticias\/radar-eletrobras-elet3-banco-do-brasil-bbas3-nubank-nubr33\/"},"wordCount":2105,"publisher":{"@id":"https:\/\/www.suno.com.br\/noticias\/#organization"},"image":{"@id":"https:\/\/www.suno.com.br\/noticias\/radar-eletrobras-elet3-banco-do-brasil-bbas3-nubank-nubr33\/#primaryimage"},"thumbnailUrl":"https:\/\/files.sunoresearch.com.br\/n\/uploads\/2022\/11\/eletrobras-elet3.jpg","keywords":["Banco do Brasil (BBAS3)","Eletrobras (ELET3\/ELET5\/ELET6)","Nubank (NUBR33)","Oi (OIBR3\/OIBR4)","Petrobras (PETR4)","TIM (TIMS3)"],"articleSection":["Neg\u00f3cios"],"inLanguage":"pt-BR"},{"@type":"WebPage","@id":"https:\/\/www.suno.com.br\/noticias\/radar-eletrobras-elet3-banco-do-brasil-bbas3-nubank-nubr33\/","url":"https:\/\/www.suno.com.br\/noticias\/radar-eletrobras-elet3-banco-do-brasil-bbas3-nubank-nubr33\/","name":"Radar: remunera\u00e7\u00e3o dos diretores da Eletrobras (ELET3), previs\u00f5es para o Banco do Brasil (BBAS3) e n\u00fameros altos de Pix no Nubank (NUBR33)","isPartOf":{"@id":"https:\/\/www.suno.com.br\/noticias\/#website"},"primaryImageOfPage":{"@id":"https:\/\/www.suno.com.br\/noticias\/radar-eletrobras-elet3-banco-do-brasil-bbas3-nubank-nubr33\/#primaryimage"},"image":{"@id":"https:\/\/www.suno.com.br\/noticias\/radar-eletrobras-elet3-banco-do-brasil-bbas3-nubank-nubr33\/#primaryimage"},"thumbnailUrl":"https:\/\/files.sunoresearch.com.br\/n\/uploads\/2022\/11\/eletrobras-elet3.jpg","datePublished":"2022-11-23T09:00:00+00:00","description":"Eletrobras deve alterar remunera\u00e7\u00e3o de diretores, Banco do Brasil pode ter piora nos n\u00fameros. Nubank bate recorde de Pix em um m\u00eas.","breadcrumb":{"@id":"https:\/\/www.suno.com.br\/noticias\/radar-eletrobras-elet3-banco-do-brasil-bbas3-nubank-nubr33\/#breadcrumb"},"inLanguage":"pt-BR","potentialAction":[{"@type":"ReadAction","target":["https:\/\/www.suno.com.br\/noticias\/radar-eletrobras-elet3-banco-do-brasil-bbas3-nubank-nubr33\/"]}]},{"@type":"ImageObject","inLanguage":"pt-BR","@id":"https:\/\/www.suno.com.br\/noticias\/radar-eletrobras-elet3-banco-do-brasil-bbas3-nubank-nubr33\/#primaryimage","url":"https:\/\/files.sunoresearch.com.br\/n\/uploads\/2022\/11\/eletrobras-elet3.jpg","contentUrl":"https:\/\/files.sunoresearch.com.br\/n\/uploads\/2022\/11\/eletrobras-elet3.jpg","width":1200,"height":800,"caption":"Eletrobras (ELET3). Foto: Divulga\u00e7\u00e3o"},{"@type":"BreadcrumbList","@id":"https:\/\/www.suno.com.br\/noticias\/radar-eletrobras-elet3-banco-do-brasil-bbas3-nubank-nubr33\/#breadcrumb","itemListElement":[{"@type":"ListItem","position":1,"name":"Not\u00edcias","item":"https:\/\/www.suno.com.br\/noticias\/"},{"@type":"ListItem","position":2,"name":"Neg\u00f3cios","item":"https:\/\/www.suno.com.br\/noticias\/negocios\/"},{"@type":"ListItem","position":3,"name":"Radar: remunera\u00e7\u00e3o dos diretores da Eletrobras (ELET3), previs\u00f5es pessimistas para o Banco do Brasil (BBAS3) e n\u00fameros do Pix no Nubank (NUBR33)"}]},{"@type":"WebSite","@id":"https:\/\/www.suno.com.br\/noticias\/#website","url":"https:\/\/www.suno.com.br\/noticias\/","name":"Suno Not\u00edcias","description":"Seu portal de informa\u00e7\u00e3o sobre o mundo dos investimentos","publisher":{"@id":"https:\/\/www.suno.com.br\/noticias\/#organization"},"potentialAction":[{"@type":"SearchAction","target":{"@type":"EntryPoint","urlTemplate":"https:\/\/www.suno.com.br\/noticias\/?s={search_term_string}"},"query-input":{"@type":"PropertyValueSpecification","valueRequired":true,"valueName":"search_term_string"}}],"inLanguage":"pt-BR"},{"@type":"Organization","@id":"https:\/\/www.suno.com.br\/noticias\/#organization","name":"Suno Not\u00edcias","url":"https:\/\/www.suno.com.br\/noticias\/","logo":{"@type":"ImageObject","inLanguage":"pt-BR","@id":"https:\/\/www.suno.com.br\/noticias\/#\/schema\/logo\/image\/","url":"https:\/\/files.sunoresearch.com.br\/n\/uploads\/2021\/09\/suno-logo.png","contentUrl":"https:\/\/files.sunoresearch.com.br\/n\/uploads\/2021\/09\/suno-logo.png","width":180,"height":180,"caption":"Suno Not\u00edcias"},"image":{"@id":"https:\/\/www.suno.com.br\/noticias\/#\/schema\/logo\/image\/"},"sameAs":["https:\/\/facebook.com\/sunoresearch","https:\/\/x.com\/sunoresearch","https:\/\/www.instagram.com\/suno","https:\/\/www.linkedin.com\/company\/suno-research\/","https:\/\/www.youtube.com\/c\/sunoresearch"]},{"@type":"Person","@id":"https:\/\/www.suno.com.br\/noticias\/#\/schema\/person\/a0be106724f6f5d705d70f04333cb249","name":"Isabella Taglapietra","image":{"@type":"ImageObject","inLanguage":"pt-BR","@id":"https:\/\/www.suno.com.br\/noticias\/#\/schema\/person\/image\/","url":"https:\/\/secure.gravatar.com\/avatar\/089c9e06b71de293117116aaf339e22f?s=96&r=g","contentUrl":"https:\/\/secure.gravatar.com\/avatar\/089c9e06b71de293117116aaf339e22f?s=96&r=g","caption":"Isabella Taglapietra"},"description":"Rep\u00f3rter freelancer no Suno Not\u00edcias, cobre not\u00edcias di\u00e1rias sobre economia, balan\u00e7os trimestrais e pesquisas. Formada em jornalismo pela Faculdade C\u00e1sper L\u00edbero e p\u00f3s-graduanda em mercado de capitais pela Fecap, atuou como rep\u00f3rter de economia e finan\u00e7as no portal CRC!News e Elas que Lucrem, al\u00e9m de social media para empresas do mercado financeiro.","url":"https:\/\/www.suno.com.br\/noticias\/author\/isabella-taglapietra\/"}]}},"default_loop_html":"<div class=\"cardsPage__listCard__boxs\"><div class=\"cardsPage__listCard__boxs__img\"><a href=\"https:\/\/www.suno.com.br\/noticias\/radar-eletrobras-elet3-banco-do-brasil-bbas3-nubank-nubr33\/\"><img class=\"mask\" src=\"https:\/\/www.suno.com.br\/noticias\/wp-content\/themes\/suno\/resources\/images\/spotlight\/spotlight1img\/bg-mask.png\" alt=\"Image Mask\"\/><img src=\"https:\/\/files.sunoresearch.com.br\/n\/uploads\/2022\/11\/eletrobras-elet3-400x200.jpg\" alt=\"Radar: remunera\u00e7\u00e3o dos diretores da Eletrobras (ELET3), previs\u00f5es pessimistas para o Banco do Brasil (BBAS3) e n\u00fameros do Pix no Nubank (NUBR33)\"\/><\/a><span class=\"spotlightCategory\"><a href=\"https:\/\/www.suno.com.br\/noticias\/negocios\/\">Neg\u00f3cios<\/a><\/span><\/div><div class=\"cardsPage__listCard__boxs__content\"><a href=\"https:\/\/www.suno.com.br\/noticias\/radar-eletrobras-elet3-banco-do-brasil-bbas3-nubank-nubr33\/\"><h2 class=\"content__title\">Radar: remunera\u00e7\u00e3o dos diretores da Eletrobras (ELET3), previs\u00f5es pessimistas para o Banco do Brasil (BBAS3) e n\u00fameros do Pix no Nubank (NUBR33)<\/h2><\/a><div class=\"newsContent__article__meta\"><div class=\"newsContent__article__meta__authorBox\"><a href=\"https:\/\/www.suno.com.br\/noticias\/author\/isabella-taglapietra\/\" class=\"authorBox__avatar noMobi\"><img src=\"https:\/\/files.sunoresearch.com.br\/n\/uploads\/2022\/08\/WhatsApp-Image-2022-08-04-at-12.40.27-150x150.jpeg\" alt=\"Isabella Taglapietra\"><\/a><div class=\"authorBox__name\"><span>por\n\t\t\t<a href=\"https:\/\/www.suno.com.br\/noticias\/author\/isabella-taglapietra\/\"><span itemprop=\"author\">Isabella Taglapietra<\/span><\/a><\/span><time datetime=\"2022-11-23T06:00:00-03:00\" itemprop=\"datePublished\">23\/11\/2022 06:00<\/time><\/div><\/div><\/div><\/div><\/div>","single_layout":"posts","amp_enabled":true,"_links":{"self":[{"href":"https:\/\/www.suno.com.br\/noticias\/wp-json\/wp\/v2\/posts\/321887"}],"collection":[{"href":"https:\/\/www.suno.com.br\/noticias\/wp-json\/wp\/v2\/posts"}],"about":[{"href":"https:\/\/www.suno.com.br\/noticias\/wp-json\/wp\/v2\/types\/post"}],"author":[{"embeddable":true,"href":"https:\/\/www.suno.com.br\/noticias\/wp-json\/wp\/v2\/users\/194"}],"replies":[{"embeddable":true,"href":"https:\/\/www.suno.com.br\/noticias\/wp-json\/wp\/v2\/comments?post=321887"}],"version-history":[{"count":2,"href":"https:\/\/www.suno.com.br\/noticias\/wp-json\/wp\/v2\/posts\/321887\/revisions"}],"predecessor-version":[{"id":321937,"href":"https:\/\/www.suno.com.br\/noticias\/wp-json\/wp\/v2\/posts\/321887\/revisions\/321937"}],"wp:featuredmedia":[{"embeddable":true,"href":"https:\/\/www.suno.com.br\/noticias\/wp-json\/wp\/v2\/media\/321736"}],"wp:attachment":[{"href":"https:\/\/www.suno.com.br\/noticias\/wp-json\/wp\/v2\/media?parent=321887"}],"wp:term":[{"taxonomy":"category","embeddable":true,"href":"https:\/\/www.suno.com.br\/noticias\/wp-json\/wp\/v2\/categories?post=321887"},{"taxonomy":"post_tag","embeddable":true,"href":"https:\/\/www.suno.com.br\/noticias\/wp-json\/wp\/v2\/tags?post=321887"},{"taxonomy":"suno_strategy","embeddable":true,"href":"https:\/\/www.suno.com.br\/noticias\/wp-json\/wp\/v2\/suno_strategy?post=321887"}],"curies":[{"name":"wp","href":"https:\/\/api.w.org\/{rel}","templated":true}]}}