{"id":32183,"date":"2019-07-25T17:36:37","date_gmt":"2019-07-25T20:36:37","guid":{"rendered":"https:\/\/www.suno.com.br\/noticias\/?p=32183"},"modified":"2021-06-01T22:03:45","modified_gmt":"2021-06-02T01:03:45","slug":"dolar-alta-cotacao-25072019","status":"publish","type":"post","link":"https:\/\/www.suno.com.br\/noticias\/dolar-alta-cotacao-25072019\/","title":{"rendered":"D\u00f3lar fecha em alta de de 0,358% mas permanece abaixo de R$ 3,80"},"content":{"rendered":"<p>O d\u00f3lar fechou em alta de <span class=\"ng-binding\">0,358<\/span><label class=\"percent\">% <\/label>nesta quinta-feira (25) cotada a R$ 3,7819. A moeda dos <strong>Estados Unidos<\/strong> chegou a alcan\u00e7ar novamente R$ 3,80 no in\u00edcio desta manh\u00e3. Entretanto, no final da tarde voltou para uma cota\u00e7\u00e3o inferior.<\/p>\t<div class=\"wrapper-featured-image\">\n\t\t<figure class=\"spotlightImg\">\n\n\t\t\t<picture>\n\t\t\t\t<source media=\"(max-width: 768px)\" srcset=\"https:\/\/files.sunoresearch.com.br\/n\/uploads\/2019\/01\/1e328bf6-d\u00f3lar-400x200.webp\">\n\t\t\t\t<img loading=\"lazy\" decoding=\"async\" class=\"newsContent__article__imgCapa lazyloadDisabled newsContent__article__imgCapa--noCaption\" src=\"https:\/\/files.sunoresearch.com.br\/n\/uploads\/2019\/01\/1e328bf6-d\u00f3lar.jpg\" width=\"800\" height=\"450\" alt=\"D\u00f3lar fecha em alta de de 0,358% mas permanece abaixo de R$ 3,80\" fetchpriority=high \/>\n\t\t\t<\/picture>\n\n\t\t\t<figcaption class=\"wp-caption-text wp-caption-text--hide\">O d\u00f3lar encerrou nesta sexta-feira em alta de 1,14%, negociado a R$ 5,326 na venda, batendo um novo record. Clique aqui para saber mais<\/figcaption>\n\t\t<\/figure>\n\t<\/div>\n\n\n<p>Entre as causas que influenciaram a cota\u00e7\u00e3o do <strong>d\u00f3lar<\/strong> em rela\u00e7\u00e3o ao real est\u00e3o as not\u00edcias sobre a gera\u00e7\u00e3o de empregos no <strong>Brasil.<\/strong> Assim como a manuten\u00e7\u00e3o das taxas de juros pelo <strong>Banco Central Europeu (BCE)<\/strong> e a mudan\u00e7a no acionariado da <strong>BR Distribuidora<\/strong>.<\/p>\n\t<p>\n\t\t<a href=\"https:\/\/lp.suno.com.br\/planilha-da-vida-financeira\/\" target=\"_blank\" data-element=\"shortcode-suno-banner\" title=\"Banner SUNO, clique e saiba mais\">\n\t\t\t<picture>\n\t\t\t\t<source media=\"(max-width: 500px)\" srcset=\"https:\/\/files.sunoresearch.com.br\/n\/uploads\/2023\/04\/400x300-Planilha-vida-financeira-true.png\">\n\t\t\t\t<img class=\"newsContent__article__imgCapa newsContent__article__imgCapa--banner\"\n\t\t\t\t\tsrc=\"https:\/\/files.sunoresearch.com.br\/n\/uploads\/2023\/04\/1420x240-Planilha-vida-financeira-true.png\"\n\t\t\t\t\tdata-promo-id=\"383123\"\t\t\t\t\t\t\t\t\t\twidth='1420' height='240'\t\t\t\t\talt=\"https:\/\/files.sunoresearch.com.br\/n\/uploads\/2023\/04\/1420x240-Planilha-vida-financeira-true.png\"\n\t\t\t\t>\n\t\t\t<\/picture>\n\t\t<\/a>\n\t<\/p>\n\n\n<h2>Cria\u00e7\u00e3o de emprego bate recorde<\/h2>\n<p>O <strong>Brasil<\/strong> registrou o n\u00famero total de 408.500 <strong>empregos<\/strong> criados com carteira assinada nos primeiros seis meses deste ano. S\u00f3 em junho foram 48.436 novas vagas geradas pela economia brasileira. Esse \u00e9 o melhor resultado para o sexto m\u00eas do ano desde 2014.<\/p>\n<p><a href=\"https:\/\/www.suno.com.br\/noticias\/brasil-cria-48-mil-vagas-trabalho-junho\/\">Saiba mais: Brasil cria 48 mil vagas formais de trabalho em junho, segundo Caged\u00a0<\/a><\/p>\n<p>Os dados foram divulgados na manh\u00e3 desta quinta-feira (25), via <strong>Cadastro Geral de Empregados e Desempregados (Caged)<\/strong>, pelo Minist\u00e9rio da Economia. Em rela\u00e7\u00e3o a maio deste ano, o salto no n\u00famero de pessoas com <b>emprego <\/b>formal do m\u00eas passado foi de 0,13%.<\/p>\n\t<p>\n\t\t<a href=\"https:\/\/lp.suno.com.br\/ao\/servico-especializado-suno-tf\/?utm_source=adwords&#038;utm_medium=search&#038;utm_campaign=search.servico.funilconsultoria&#038;utm_content=1147_responsivo-a&#038;hsa_acc=2326072784&#038;hsa_cam=18022897917&#038;hsa_grp=141470255993&#038;hsa_ad=616145467912&#038;hsa_src=g&#038;hsa_tgt=kwd-303658942458&#038;hsa_kw=gestora+de+investimentos&#038;hsa_mt=b&#038;hsa_net=adwords&#038;hsa_ver=3&#038;gad_source=1&#038;gclid=CjwKCAjw1emzBhB8EiwAHwZZxQMvA3xJVRzLGZ70LmuSzR55X-KvxijSay8c5Hm88Sznnq97j8XbORoC-sMQAvD_BwE\" target=\"_blank\" data-element=\"shortcode-suno-banner\" title=\"Banner SUNO, clique e saiba mais\">\n\t\t\t<picture>\n\t\t\t\t<source media=\"(max-width: 500px)\" srcset=\"https:\/\/files.sunoresearch.com.br\/n\/uploads\/2024\/06\/400x300-Mobile-Artigos-5.png\">\n\t\t\t\t<img class=\"newsContent__article__imgCapa newsContent__article__imgCapa--banner\"\n\t\t\t\t\tsrc=\"https:\/\/files.sunoresearch.com.br\/n\/uploads\/2024\/06\/1420x240-Banner-Artigos-1-_-Banner-Materias-3.png\"\n\t\t\t\t\tdata-promo-id=\"563605\"\t\t\t\t\t\t\t\t\t\twidth='1420' height='240'\t\t\t\t\talt=\"https:\/\/files.sunoresearch.com.br\/n\/uploads\/2024\/06\/1420x240-Banner-Artigos-1-_-Banner-Materias-3.png\"\n\t\t\t\t>\n\t\t\t<\/picture>\n\t\t<\/a>\n\t<\/p>\n\n\n<p>Se compararmos o n\u00famero total de empregos com o primeiro semestre de 2018, s\u00e3o 16.039 vagas a mais geradas neste ano. Ou seja, no ano passado o n\u00famero total de empregos gerados no primeiro semestre foi de 382.461.<\/p>\n<p>De 2015 ao final de 2017, a economia brasileira n\u00e3o conseguiu deixar a cria\u00e7\u00e3o de empregos formais no azul. Apenas em 2018 o <strong>Brasil<\/strong> voltou a registrar um crescimento nas admiss\u00f5es e, consequentemente, um n\u00famero de vagas formais. O n\u00famero alcan\u00e7ado foi de 529.554 postos de trabalho formais.<\/p>\n<p><a href=\"https:\/\/www.suno.com.br\/noticias\/governo-federal-divulga-calendario-de-saques-do-fgts-em-2020\/\">Confira tamb\u00e9m: Governo Federal divulga calend\u00e1rio de saques do FGTS em 2020\u00a0<\/a><\/p>\n<h2>Banco Central Europeu mant\u00e9m taxa de juros<\/h2>\n<p>O Banco Central Europeu (BCE) decidiu nesta quinta-feira (25) manter inalteradas as taxas b\u00e1sicas de juros. Entretanto, em um comunicado divulgado ap\u00f3s uma coletiva de imprensa em que foi anunciada a medida, o <strong>BCE<\/strong> deu a entender que poder\u00e1 haver um corte de juros mais adiante. A taxa de refinanciamento permanece em 0% e de -0,40% para a de dep\u00f3sito.<\/p>\n<p><a href=\"https:\/\/www.suno.com.br\/noticias\/banco-central-europeu-mantem-taxa-de-juros-mas-sinaliza-futuro-corte\/\">Saiba mais: Banco Central Europeu mant\u00e9m taxa de juros, mas sinaliza futuro corte\u00a0<\/a><\/p>\n<p>A esperan\u00e7a do <strong>Banco Central Europeu<\/strong>, com o corte das taxas de juros no futuro, \u00e9 apoiar a economia da zona do euro. O BCE tamb\u00e9m indicou que pretende fazer a infla\u00e7\u00e3o voltar ao n\u00edvel objetivo, de 2% ao ano.<\/p>\n\t<p>\n\t\t<a href=\"https:\/\/lp.suno.com.br\/ebook-guia-ir\/\" target=\"_blank\" data-element=\"shortcode-suno-banner\" title=\"Banner SUNO, clique e saiba mais\">\n\t\t\t<picture>\n\t\t\t\t<source media=\"(max-width: 500px)\" srcset=\"https:\/\/files.sunoresearch.com.br\/n\/uploads\/2023\/03\/400x300-Ebook-IR.png\">\n\t\t\t\t<img class=\"newsContent__article__imgCapa newsContent__article__imgCapa--banner\"\n\t\t\t\t\tsrc=\"https:\/\/files.sunoresearch.com.br\/n\/uploads\/2023\/03\/1420x240-Ebook-IR.png\"\n\t\t\t\t\tdata-promo-id=\"383124\"\t\t\t\t\t\t\t\t\t\twidth='1420' height='240'\t\t\t\t\talt=\"https:\/\/files.sunoresearch.com.br\/n\/uploads\/2023\/03\/1420x240-Ebook-IR.png\"\n\t\t\t\t>\n\t\t\t<\/picture>\n\t\t<\/a>\n\t<\/p>\n\n\n<p>&#8220;O Conselho do <a href=\"https:\/\/www.suno.com.br\/artigos\/bce\/\"><strong>BCE<\/strong> <\/a>espera que as taxas de juro permane\u00e7am nos atuais n\u00edveis ou inferiores, pelo menos at\u00e9 ao primeiro semestre de 2020, e em qualquer caso durante o tempo necess\u00e1rio para assegurar a converg\u00eancia cont\u00ednua da infla\u00e7\u00e3o para alcan\u00e7ar o seu objetivo m\u00e9dio prazo&#8221;, informou o BCE em um comunicado.<\/p>\n<p><a href=\"https:\/\/www.suno.com.br\/noticias\/discurso-primeiro-ministro-boris-johnson-brexit\/\">Veja tamb\u00e9m: Em primeiro discurso como primeiro-ministro, Johnson fala sobre Brexit<\/a><\/p>\n<h2>BR Distribuidora ter\u00e1 controle pulverizado<\/h2>\n<p>A BR Distribuidora ter\u00e1 grandes mudan\u00e7as em sua gest\u00e3o. A reformula\u00e7\u00e3o deve acontecer por conta de sua recente privatiza\u00e7\u00e3o. Por enquanto, a companhia est\u00e1 sem controlador definido j\u00e1 que a propriedade das a\u00e7\u00f5es ficou pulverizada ap\u00f3s a venda da \u00faltima ter\u00e7a-feira.<\/p>\n<p>A ex-controladora da <strong>BR Distribuidora<\/strong>, a Petrobras, deve deixar somente tr\u00eas pessoas no conselho de administra\u00e7\u00e3o. O colegiado \u00e9 constitu\u00eddo por nove integrantes. Os outros seis membros do conselho dever\u00e3o ser indicados pelo mercado.<\/p>\n\t<p>\n\t\t<a href=\"https:\/\/lp.suno.com.br\/minicurso-investindo-fiis\/\" target=\"_blank\" data-element=\"shortcode-suno-banner\" title=\"Banner SUNO, clique e saiba mais\">\n\t\t\t<picture>\n\t\t\t\t<source media=\"(max-width: 500px)\" srcset=\"https:\/\/files.sunoresearch.com.br\/n\/uploads\/2023\/03\/400x300-Minicurso-FIIS.png\">\n\t\t\t\t<img class=\"newsContent__article__imgCapa newsContent__article__imgCapa--banner\"\n\t\t\t\t\tsrc=\"https:\/\/files.sunoresearch.com.br\/n\/uploads\/2023\/03\/1420x240-Minicurso-FIIS.png\"\n\t\t\t\t\tdata-promo-id=\"383125\"\t\t\t\t\t\t\t\t\t\twidth='1420' height='240'\t\t\t\t\talt=\"https:\/\/files.sunoresearch.com.br\/n\/uploads\/2023\/03\/1420x240-Minicurso-FIIS.png\"\n\t\t\t\t>\n\t\t\t<\/picture>\n\t\t<\/a>\n\t<\/p>\n\n\n<p>Al\u00e9m de funcion\u00e1rios, o governo, representado pelo <strong>Minist\u00e9rio da Economia<\/strong>, tamb\u00e9m n\u00e3o faz mais parte do conselho. As altera\u00e7\u00f5es est\u00e3o previstas para entrar em vigor em um m\u00eas.<\/p>\n<p>Elas ocorrer\u00e3o por meio de uma assembleia geral extraordin\u00e1ria, que ainda n\u00e3o foi solicitada. Com isso, a ideia \u00e9 implantar o mais r\u00e1pido poss\u00edvel a nova administra\u00e7\u00e3o.<\/p>\n<p><a href=\"https:\/\/www.suno.com.br\/noticias\/br-distribuidora-sem-controlador-privatizacao\">Saiba mais: BR Distribuidora fica sem controlador definido, ap\u00f3s privatiza\u00e7\u00e3o\u00a0<\/a><\/p>\n<p>A <strong>Petrobras<\/strong> ainda tem 37,5% de participa\u00e7\u00e3o na BR Distribuidora. Dessa forma, sua relev\u00e2ncia na companhia ainda \u00e9 significante, entretanto n\u00e3o \u00e9 o suficiente para permanecer no comando.<\/p>\n<h2>\u00daltima cota\u00e7\u00e3o do d\u00f3lar<\/h2>\n<p>Na \u00faltima sess\u00e3o, na quarta-feira (24), o <strong>d\u00f3lar<\/strong> encerrou em queda de -0,101% sendo cotado a R$ 3,7691 na venda.<\/p>\n","protected":false},"excerpt":{"rendered":"<p>O d\u00f3lar fechou em alta de 0,358% nesta quinta-feira (25) cotada a R$ 3,7819. A moeda dos Estados Unidos chegou a alcan\u00e7ar novamente R$ 3,80 no in\u00edcio desta manh\u00e3. Entretanto, no final da tarde voltou para uma cota\u00e7\u00e3o inferior. O d\u00f3lar encerrou nesta sexta-feira em alta de 1,14%, negociado a R$ 5,326 na venda, batendo [&hellip;]<\/p>\n","protected":false},"author":9,"featured_media":12723,"comment_status":"closed","ping_status":"closed","sticky":false,"template":"","format":"standard","meta":[],"categories":[60],"tags":[863,326,1796,596],"suno_strategy":[],"class_list":["post-32183","post","type-post","status-publish","format-standard","has-post-thumbnail","hentry","category-mercado","tag-banco-central-europeu-bce","tag-dolar","tag-emprego","tag-vibra-energia-vbbr3"],"yoast_head":"<!-- This site is optimized with the Yoast SEO plugin v24.4 - https:\/\/yoast.com\/wordpress\/plugins\/seo\/ -->\n<title>D\u00f3lar fecha em alta de de 0,358% mas permanece abaixo de R$ 3,80<\/title>\n<meta name=\"description\" content=\"O d\u00f3lar fechou em alta de 0,358\u00a0% nesta quinta-feira (25) cotada a R$ 3,7819. Clique aqui para saber mais.\" \/>\n<meta name=\"robots\" content=\"index, follow, max-snippet:-1, max-image-preview:large, max-video-preview:-1\" \/>\n<link rel=\"canonical\" href=\"https:\/\/www.suno.com.br\/noticias\/dolar-alta-cotacao-25072019\/\" \/>\n<meta property=\"og:locale\" content=\"pt_BR\" \/>\n<meta property=\"og:type\" content=\"article\" \/>\n<meta property=\"og:title\" content=\"D\u00f3lar fecha em alta de de 0,358% mas permanece abaixo de R$ 3,80\" \/>\n<meta property=\"og:description\" content=\"O d\u00f3lar fechou em alta de 0,358\u00a0% nesta quinta-feira (25) cotada a R$ 3,7819. Clique aqui para saber mais.\" \/>\n<meta property=\"og:url\" content=\"https:\/\/www.suno.com.br\/noticias\/dolar-alta-cotacao-25072019\/\" \/>\n<meta property=\"og:site_name\" content=\"Suno Not\u00edcias\" \/>\n<meta property=\"article:publisher\" content=\"https:\/\/facebook.com\/sunoresearch\" \/>\n<meta property=\"og:image\" content=\"https:\/\/files.sunoresearch.com.br\/n\/uploads\/2019\/01\/1e328bf6-d\u00f3lar.jpg\" \/>\n\t<meta property=\"og:image:width\" content=\"450\" \/>\n\t<meta property=\"og:image:height\" content=\"251\" \/>\n\t<meta property=\"og:image:type\" content=\"image\/jpeg\" \/>\n<meta name=\"author\" content=\"Carlo Cauti\" \/>\n<meta name=\"twitter:card\" content=\"summary_large_image\" \/>\n<meta name=\"twitter:creator\" content=\"@sunoresearch\" \/>\n<meta name=\"twitter:site\" content=\"@sunoresearch\" \/>\n<meta name=\"twitter:label1\" content=\"Escrito por\" \/>\n\t<meta name=\"twitter:data1\" content=\"Carlo Cauti\" \/>\n\t<meta name=\"twitter:label2\" content=\"Est. tempo de leitura\" \/>\n\t<meta name=\"twitter:data2\" content=\"4 minutos\" \/>\n<script type=\"application\/ld+json\" class=\"yoast-schema-graph\">{\"@context\":\"https:\/\/schema.org\",\"@graph\":[{\"@type\":\"NewsArticle\",\"@id\":\"https:\/\/www.suno.com.br\/noticias\/dolar-alta-cotacao-25072019\/#article\",\"isPartOf\":{\"@id\":\"https:\/\/www.suno.com.br\/noticias\/dolar-alta-cotacao-25072019\/\"},\"author\":{\"name\":\"Carlo Cauti\",\"@id\":\"https:\/\/www.suno.com.br\/noticias\/#\/schema\/person\/e6e0f723cc177805027f4566c1d5e0c8\"},\"headline\":\"D\u00f3lar fecha em alta de de 0,358% mas permanece abaixo de R$ 3,80\",\"datePublished\":\"2019-07-25T20:36:37+00:00\",\"dateModified\":\"2021-06-02T01:03:45+00:00\",\"mainEntityOfPage\":{\"@id\":\"https:\/\/www.suno.com.br\/noticias\/dolar-alta-cotacao-25072019\/\"},\"wordCount\":740,\"publisher\":{\"@id\":\"https:\/\/www.suno.com.br\/noticias\/#organization\"},\"image\":{\"@id\":\"https:\/\/www.suno.com.br\/noticias\/dolar-alta-cotacao-25072019\/#primaryimage\"},\"thumbnailUrl\":\"https:\/\/files.sunoresearch.com.br\/n\/uploads\/2019\/01\/1e328bf6-d\u00f3lar.jpg\",\"keywords\":[\"Banco Central Europeu (BCE)\",\"d\u00f3lar\",\"Emprego\",\"Vibra Energia (VBBR3)\"],\"articleSection\":[\"Mercado\"],\"inLanguage\":\"pt-BR\"},{\"@type\":\"WebPage\",\"@id\":\"https:\/\/www.suno.com.br\/noticias\/dolar-alta-cotacao-25072019\/\",\"url\":\"https:\/\/www.suno.com.br\/noticias\/dolar-alta-cotacao-25072019\/\",\"name\":\"D\u00f3lar fecha em alta de de 0,358% mas permanece abaixo de R$ 3,80\",\"isPartOf\":{\"@id\":\"https:\/\/www.suno.com.br\/noticias\/#website\"},\"primaryImageOfPage\":{\"@id\":\"https:\/\/www.suno.com.br\/noticias\/dolar-alta-cotacao-25072019\/#primaryimage\"},\"image\":{\"@id\":\"https:\/\/www.suno.com.br\/noticias\/dolar-alta-cotacao-25072019\/#primaryimage\"},\"thumbnailUrl\":\"https:\/\/files.sunoresearch.com.br\/n\/uploads\/2019\/01\/1e328bf6-d\u00f3lar.jpg\",\"datePublished\":\"2019-07-25T20:36:37+00:00\",\"dateModified\":\"2021-06-02T01:03:45+00:00\",\"description\":\"O d\u00f3lar fechou em alta de 0,358\u00a0% nesta quinta-feira (25) cotada a R$ 3,7819. Clique aqui para saber mais.\",\"breadcrumb\":{\"@id\":\"https:\/\/www.suno.com.br\/noticias\/dolar-alta-cotacao-25072019\/#breadcrumb\"},\"inLanguage\":\"pt-BR\",\"potentialAction\":[{\"@type\":\"ReadAction\",\"target\":[\"https:\/\/www.suno.com.br\/noticias\/dolar-alta-cotacao-25072019\/\"]}]},{\"@type\":\"ImageObject\",\"inLanguage\":\"pt-BR\",\"@id\":\"https:\/\/www.suno.com.br\/noticias\/dolar-alta-cotacao-25072019\/#primaryimage\",\"url\":\"https:\/\/files.sunoresearch.com.br\/n\/uploads\/2019\/01\/1e328bf6-d\u00f3lar.jpg\",\"contentUrl\":\"https:\/\/files.sunoresearch.com.br\/n\/uploads\/2019\/01\/1e328bf6-d\u00f3lar.jpg\",\"width\":450,\"height\":251,\"caption\":\"O d\u00f3lar encerrou nesta sexta-feira em alta de 1,14%, negociado a R$ 5,326 na venda, batendo um novo record. Clique aqui para saber mais\"},{\"@type\":\"BreadcrumbList\",\"@id\":\"https:\/\/www.suno.com.br\/noticias\/dolar-alta-cotacao-25072019\/#breadcrumb\",\"itemListElement\":[{\"@type\":\"ListItem\",\"position\":1,\"name\":\"Not\u00edcias\",\"item\":\"https:\/\/www.suno.com.br\/noticias\/\"},{\"@type\":\"ListItem\",\"position\":2,\"name\":\"Mercado\",\"item\":\"https:\/\/www.suno.com.br\/noticias\/mercado\/\"},{\"@type\":\"ListItem\",\"position\":3,\"name\":\"D\u00f3lar fecha em alta de de 0,358% mas permanece abaixo de R$ 3,80\"}]},{\"@type\":\"WebSite\",\"@id\":\"https:\/\/www.suno.com.br\/noticias\/#website\",\"url\":\"https:\/\/www.suno.com.br\/noticias\/\",\"name\":\"Suno Not\u00edcias\",\"description\":\"Seu portal de informa\u00e7\u00e3o sobre o mundo dos investimentos\",\"publisher\":{\"@id\":\"https:\/\/www.suno.com.br\/noticias\/#organization\"},\"potentialAction\":[{\"@type\":\"SearchAction\",\"target\":{\"@type\":\"EntryPoint\",\"urlTemplate\":\"https:\/\/www.suno.com.br\/noticias\/?s={search_term_string}\"},\"query-input\":{\"@type\":\"PropertyValueSpecification\",\"valueRequired\":true,\"valueName\":\"search_term_string\"}}],\"inLanguage\":\"pt-BR\"},{\"@type\":\"Organization\",\"@id\":\"https:\/\/www.suno.com.br\/noticias\/#organization\",\"name\":\"Suno Not\u00edcias\",\"url\":\"https:\/\/www.suno.com.br\/noticias\/\",\"logo\":{\"@type\":\"ImageObject\",\"inLanguage\":\"pt-BR\",\"@id\":\"https:\/\/www.suno.com.br\/noticias\/#\/schema\/logo\/image\/\",\"url\":\"https:\/\/files.sunoresearch.com.br\/n\/uploads\/2021\/09\/suno-logo.png\",\"contentUrl\":\"https:\/\/files.sunoresearch.com.br\/n\/uploads\/2021\/09\/suno-logo.png\",\"width\":180,\"height\":180,\"caption\":\"Suno Not\u00edcias\"},\"image\":{\"@id\":\"https:\/\/www.suno.com.br\/noticias\/#\/schema\/logo\/image\/\"},\"sameAs\":[\"https:\/\/facebook.com\/sunoresearch\",\"https:\/\/x.com\/sunoresearch\",\"https:\/\/www.instagram.com\/suno\",\"https:\/\/www.linkedin.com\/company\/suno-research\/\",\"https:\/\/www.youtube.com\/c\/sunoresearch\"]},{\"@type\":\"Person\",\"@id\":\"https:\/\/www.suno.com.br\/noticias\/#\/schema\/person\/e6e0f723cc177805027f4566c1d5e0c8\",\"name\":\"Carlo Cauti\",\"image\":{\"@type\":\"ImageObject\",\"inLanguage\":\"pt-BR\",\"@id\":\"https:\/\/www.suno.com.br\/noticias\/#\/schema\/person\/image\/\",\"url\":\"https:\/\/secure.gravatar.com\/avatar\/3ada9e0bd164c23abd4792a9606d583c?s=96&r=g\",\"contentUrl\":\"https:\/\/secure.gravatar.com\/avatar\/3ada9e0bd164c23abd4792a9606d583c?s=96&r=g\",\"caption\":\"Carlo Cauti\"},\"description\":\"Editor multim\u00eddia do SUNO Not\u00edcias. Italiano, formado em Ci\u00eancias Pol\u00edticas pela universidade LUISS G. Carli de Roma e mestre cum laude em Rela\u00e7\u00f5es Internacionais, Jornalismo Internacional e de Guerra e em Economia Internacional. Concluiu tamb\u00e9m um MBA em Finan\u00e7as na B3. No Brasil, teve passagem por ve\u00edculos como Estad\u00e3o, Globo, Veja e EXAME. e nas ag\u00eancias de not\u00edcias italianas ANSA e NOVA.\",\"url\":\"https:\/\/www.suno.com.br\/noticias\/author\/carlo-cauti\/\"}]}<\/script>\n<!-- \/ Yoast SEO plugin. -->","yoast_head_json":{"title":"D\u00f3lar fecha em alta de de 0,358% mas permanece abaixo de R$ 3,80","description":"O d\u00f3lar fechou em alta de 0,358\u00a0% nesta quinta-feira (25) cotada a R$ 3,7819. Clique aqui para saber mais.","robots":{"index":"index","follow":"follow","max-snippet":"max-snippet:-1","max-image-preview":"max-image-preview:large","max-video-preview":"max-video-preview:-1"},"canonical":"https:\/\/www.suno.com.br\/noticias\/dolar-alta-cotacao-25072019\/","og_locale":"pt_BR","og_type":"article","og_title":"D\u00f3lar fecha em alta de de 0,358% mas permanece abaixo de R$ 3,80","og_description":"O d\u00f3lar fechou em alta de 0,358\u00a0% nesta quinta-feira (25) cotada a R$ 3,7819. Clique aqui para saber mais.","og_url":"https:\/\/www.suno.com.br\/noticias\/dolar-alta-cotacao-25072019\/","og_site_name":"Suno Not\u00edcias","article_publisher":"https:\/\/facebook.com\/sunoresearch","og_image":[{"width":450,"height":251,"url":"https:\/\/files.sunoresearch.com.br\/n\/uploads\/2019\/01\/1e328bf6-d\u00f3lar.jpg","type":"image\/jpeg"}],"author":"Carlo Cauti","twitter_card":"summary_large_image","twitter_creator":"@sunoresearch","twitter_site":"@sunoresearch","twitter_misc":{"Escrito por":"Carlo Cauti","Est. tempo de leitura":"4 minutos"},"schema":{"@context":"https:\/\/schema.org","@graph":[{"@type":"NewsArticle","@id":"https:\/\/www.suno.com.br\/noticias\/dolar-alta-cotacao-25072019\/#article","isPartOf":{"@id":"https:\/\/www.suno.com.br\/noticias\/dolar-alta-cotacao-25072019\/"},"author":{"name":"Carlo Cauti","@id":"https:\/\/www.suno.com.br\/noticias\/#\/schema\/person\/e6e0f723cc177805027f4566c1d5e0c8"},"headline":"D\u00f3lar fecha em alta de de 0,358% mas permanece abaixo de R$ 3,80","datePublished":"2019-07-25T20:36:37+00:00","dateModified":"2021-06-02T01:03:45+00:00","mainEntityOfPage":{"@id":"https:\/\/www.suno.com.br\/noticias\/dolar-alta-cotacao-25072019\/"},"wordCount":740,"publisher":{"@id":"https:\/\/www.suno.com.br\/noticias\/#organization"},"image":{"@id":"https:\/\/www.suno.com.br\/noticias\/dolar-alta-cotacao-25072019\/#primaryimage"},"thumbnailUrl":"https:\/\/files.sunoresearch.com.br\/n\/uploads\/2019\/01\/1e328bf6-d\u00f3lar.jpg","keywords":["Banco Central Europeu (BCE)","d\u00f3lar","Emprego","Vibra Energia (VBBR3)"],"articleSection":["Mercado"],"inLanguage":"pt-BR"},{"@type":"WebPage","@id":"https:\/\/www.suno.com.br\/noticias\/dolar-alta-cotacao-25072019\/","url":"https:\/\/www.suno.com.br\/noticias\/dolar-alta-cotacao-25072019\/","name":"D\u00f3lar fecha em alta de de 0,358% mas permanece abaixo de R$ 3,80","isPartOf":{"@id":"https:\/\/www.suno.com.br\/noticias\/#website"},"primaryImageOfPage":{"@id":"https:\/\/www.suno.com.br\/noticias\/dolar-alta-cotacao-25072019\/#primaryimage"},"image":{"@id":"https:\/\/www.suno.com.br\/noticias\/dolar-alta-cotacao-25072019\/#primaryimage"},"thumbnailUrl":"https:\/\/files.sunoresearch.com.br\/n\/uploads\/2019\/01\/1e328bf6-d\u00f3lar.jpg","datePublished":"2019-07-25T20:36:37+00:00","dateModified":"2021-06-02T01:03:45+00:00","description":"O d\u00f3lar fechou em alta de 0,358\u00a0% nesta quinta-feira (25) cotada a R$ 3,7819. Clique aqui para saber mais.","breadcrumb":{"@id":"https:\/\/www.suno.com.br\/noticias\/dolar-alta-cotacao-25072019\/#breadcrumb"},"inLanguage":"pt-BR","potentialAction":[{"@type":"ReadAction","target":["https:\/\/www.suno.com.br\/noticias\/dolar-alta-cotacao-25072019\/"]}]},{"@type":"ImageObject","inLanguage":"pt-BR","@id":"https:\/\/www.suno.com.br\/noticias\/dolar-alta-cotacao-25072019\/#primaryimage","url":"https:\/\/files.sunoresearch.com.br\/n\/uploads\/2019\/01\/1e328bf6-d\u00f3lar.jpg","contentUrl":"https:\/\/files.sunoresearch.com.br\/n\/uploads\/2019\/01\/1e328bf6-d\u00f3lar.jpg","width":450,"height":251,"caption":"O d\u00f3lar encerrou nesta sexta-feira em alta de 1,14%, negociado a R$ 5,326 na venda, batendo um novo record. Clique aqui para saber mais"},{"@type":"BreadcrumbList","@id":"https:\/\/www.suno.com.br\/noticias\/dolar-alta-cotacao-25072019\/#breadcrumb","itemListElement":[{"@type":"ListItem","position":1,"name":"Not\u00edcias","item":"https:\/\/www.suno.com.br\/noticias\/"},{"@type":"ListItem","position":2,"name":"Mercado","item":"https:\/\/www.suno.com.br\/noticias\/mercado\/"},{"@type":"ListItem","position":3,"name":"D\u00f3lar fecha em alta de de 0,358% mas permanece abaixo de R$ 3,80"}]},{"@type":"WebSite","@id":"https:\/\/www.suno.com.br\/noticias\/#website","url":"https:\/\/www.suno.com.br\/noticias\/","name":"Suno Not\u00edcias","description":"Seu portal de informa\u00e7\u00e3o sobre o mundo dos investimentos","publisher":{"@id":"https:\/\/www.suno.com.br\/noticias\/#organization"},"potentialAction":[{"@type":"SearchAction","target":{"@type":"EntryPoint","urlTemplate":"https:\/\/www.suno.com.br\/noticias\/?s={search_term_string}"},"query-input":{"@type":"PropertyValueSpecification","valueRequired":true,"valueName":"search_term_string"}}],"inLanguage":"pt-BR"},{"@type":"Organization","@id":"https:\/\/www.suno.com.br\/noticias\/#organization","name":"Suno Not\u00edcias","url":"https:\/\/www.suno.com.br\/noticias\/","logo":{"@type":"ImageObject","inLanguage":"pt-BR","@id":"https:\/\/www.suno.com.br\/noticias\/#\/schema\/logo\/image\/","url":"https:\/\/files.sunoresearch.com.br\/n\/uploads\/2021\/09\/suno-logo.png","contentUrl":"https:\/\/files.sunoresearch.com.br\/n\/uploads\/2021\/09\/suno-logo.png","width":180,"height":180,"caption":"Suno Not\u00edcias"},"image":{"@id":"https:\/\/www.suno.com.br\/noticias\/#\/schema\/logo\/image\/"},"sameAs":["https:\/\/facebook.com\/sunoresearch","https:\/\/x.com\/sunoresearch","https:\/\/www.instagram.com\/suno","https:\/\/www.linkedin.com\/company\/suno-research\/","https:\/\/www.youtube.com\/c\/sunoresearch"]},{"@type":"Person","@id":"https:\/\/www.suno.com.br\/noticias\/#\/schema\/person\/e6e0f723cc177805027f4566c1d5e0c8","name":"Carlo Cauti","image":{"@type":"ImageObject","inLanguage":"pt-BR","@id":"https:\/\/www.suno.com.br\/noticias\/#\/schema\/person\/image\/","url":"https:\/\/secure.gravatar.com\/avatar\/3ada9e0bd164c23abd4792a9606d583c?s=96&r=g","contentUrl":"https:\/\/secure.gravatar.com\/avatar\/3ada9e0bd164c23abd4792a9606d583c?s=96&r=g","caption":"Carlo Cauti"},"description":"Editor multim\u00eddia do SUNO Not\u00edcias. Italiano, formado em Ci\u00eancias Pol\u00edticas pela universidade LUISS G. Carli de Roma e mestre cum laude em Rela\u00e7\u00f5es Internacionais, Jornalismo Internacional e de Guerra e em Economia Internacional. Concluiu tamb\u00e9m um MBA em Finan\u00e7as na B3. No Brasil, teve passagem por ve\u00edculos como Estad\u00e3o, Globo, Veja e EXAME. e nas ag\u00eancias de not\u00edcias italianas ANSA e NOVA.","url":"https:\/\/www.suno.com.br\/noticias\/author\/carlo-cauti\/"}]}},"default_loop_html":"<div class=\"cardsPage__listCard__boxs\"><div class=\"cardsPage__listCard__boxs__img\"><a href=\"https:\/\/www.suno.com.br\/noticias\/dolar-alta-cotacao-25072019\/\"><img class=\"mask\" src=\"https:\/\/www.suno.com.br\/noticias\/wp-content\/themes\/suno\/resources\/images\/spotlight\/spotlight1img\/bg-mask.png\" alt=\"Image Mask\"\/><img src=\"https:\/\/files.sunoresearch.com.br\/n\/uploads\/2019\/01\/1e328bf6-d\u00f3lar-400x200.webp\" alt=\"D\u00f3lar fecha em alta de de 0,358% mas permanece abaixo de R$ 3,80\"\/><\/a><span class=\"spotlightCategory\"><a href=\"https:\/\/www.suno.com.br\/noticias\/mercado\/\">Mercado<\/a><\/span><\/div><div class=\"cardsPage__listCard__boxs__content\"><a href=\"https:\/\/www.suno.com.br\/noticias\/dolar-alta-cotacao-25072019\/\"><h2 class=\"content__title\">D\u00f3lar fecha em alta de de 0,358% mas permanece abaixo de R$ 3,80<\/h2><\/a><div class=\"newsContent__article__meta\"><div class=\"newsContent__article__meta__authorBox\"><a href=\"https:\/\/www.suno.com.br\/noticias\/author\/carlo-cauti\/\" class=\"authorBox__avatar noMobi\"><img src=\"https:\/\/files.sunoresearch.com.br\/n\/uploads\/2020\/08\/e3745f9a-perfil-carlo-cauti-150x150.webp\" alt=\"Carlo Cauti\"><\/a><div class=\"authorBox__name\"><span>por\n\t\t\t<a href=\"https:\/\/www.suno.com.br\/noticias\/author\/carlo-cauti\/\"><span itemprop=\"author\">Carlo Cauti<\/span><\/a><\/span><time datetime=\"2019-07-25T17:36:37-03:00\" itemprop=\"datePublished\">25\/07\/2019 17:36<\/time><\/div><\/div><\/div><\/div><\/div>","single_layout":"posts","amp_enabled":true,"_links":{"self":[{"href":"https:\/\/www.suno.com.br\/noticias\/wp-json\/wp\/v2\/posts\/32183"}],"collection":[{"href":"https:\/\/www.suno.com.br\/noticias\/wp-json\/wp\/v2\/posts"}],"about":[{"href":"https:\/\/www.suno.com.br\/noticias\/wp-json\/wp\/v2\/types\/post"}],"author":[{"embeddable":true,"href":"https:\/\/www.suno.com.br\/noticias\/wp-json\/wp\/v2\/users\/9"}],"replies":[{"embeddable":true,"href":"https:\/\/www.suno.com.br\/noticias\/wp-json\/wp\/v2\/comments?post=32183"}],"version-history":[{"count":1,"href":"https:\/\/www.suno.com.br\/noticias\/wp-json\/wp\/v2\/posts\/32183\/revisions"}],"predecessor-version":[{"id":153891,"href":"https:\/\/www.suno.com.br\/noticias\/wp-json\/wp\/v2\/posts\/32183\/revisions\/153891"}],"wp:featuredmedia":[{"embeddable":true,"href":"https:\/\/www.suno.com.br\/noticias\/wp-json\/wp\/v2\/media\/12723"}],"wp:attachment":[{"href":"https:\/\/www.suno.com.br\/noticias\/wp-json\/wp\/v2\/media?parent=32183"}],"wp:term":[{"taxonomy":"category","embeddable":true,"href":"https:\/\/www.suno.com.br\/noticias\/wp-json\/wp\/v2\/categories?post=32183"},{"taxonomy":"post_tag","embeddable":true,"href":"https:\/\/www.suno.com.br\/noticias\/wp-json\/wp\/v2\/tags?post=32183"},{"taxonomy":"suno_strategy","embeddable":true,"href":"https:\/\/www.suno.com.br\/noticias\/wp-json\/wp\/v2\/suno_strategy?post=32183"}],"curies":[{"name":"wp","href":"https:\/\/api.w.org\/{rel}","templated":true}]}}