{"id":32170,"date":"2019-07-25T20:39:13","date_gmt":"2019-07-25T23:39:13","guid":{"rendered":"https:\/\/www.suno.com.br\/noticias\/?p=32170"},"modified":"2019-07-26T19:44:10","modified_gmt":"2019-07-26T22:44:10","slug":"cni-reduz-estimativas-de-crescimento","status":"publish","type":"post","link":"https:\/\/www.suno.com.br\/noticias\/cni-reduz-estimativas-de-crescimento\/","title":{"rendered":"CNI reduz previs\u00f5es de crescimento do PIB do Brasil para 2019"},"content":{"rendered":"<p>A <strong>Confedera\u00e7\u00e3o Nacional da Ind\u00fastria<\/strong> (CNI) revisou estimativas de crescimento do setor e da economia brasileira para baixo neste ano. As proje\u00e7\u00f5es divulgadas nesta quinta-feira (25), apontam crescimento do Produto Interno Bruto <strong>(<a href=\"https:\/\/www.suno.com.br\/artigos\/o-produto-interno-bruto-pib\/\">PIB<\/a>)<\/strong> na margem de 1,1%. N\u00famero menor 0,9% que o anterior, de 2%. O\u00a0<strong>PIB <\/strong>industrial pode ter expans\u00e3o de 0,7%.<\/p>\t<div class=\"wrapper-featured-image\">\n\t\t<figure class=\"spotlightImg\">\n\n\t\t\t<picture>\n\t\t\t\t<source media=\"(max-width: 768px)\" srcset=\"https:\/\/files.sunoresearch.com.br\/n\/uploads\/2019\/07\/5aea13cc-produ\u00e7\u00e3o-industrial-400x200.webp\">\n\t\t\t\t<img loading=\"lazy\" decoding=\"async\" class=\"newsContent__article__imgCapa lazyloadDisabled newsContent__article__imgCapa--noCaption\" src=\"https:\/\/files.sunoresearch.com.br\/n\/uploads\/2019\/07\/5aea13cc-produ\u00e7\u00e3o-industrial-800x450.webp\" width=\"800\" height=\"450\" alt=\"CNI reduz previs\u00f5es de crescimento do PIB do Brasil para 2019\" fetchpriority=high \/>\n\t\t\t<\/picture>\n\n\t\t\t<figcaption class=\"wp-caption-text wp-caption-text--hide\">IPI: redu\u00e7\u00e3o de 25% \u00e9 publicada em decreto<\/figcaption>\n\t\t<\/figure>\n\t<\/div>\n\n\n<p>A ind\u00fastria reduziu a estimativa de crescimento do consumo das fam\u00edlias de 2,2% para 1,5%. As taxas de desemprego podem atingir os 12,1% e a estimativa de novos investimentos caiu de 4,9% em abril para 2,1%.<\/p>\n\t<p>\n\t\t<a href=\"https:\/\/lp.statusinvest.com.br\/ao\/assessoria-status-invest\/\" target=\"_blank\" data-element=\"shortcode-suno-banner\" title=\"Banner SUNO, clique e saiba mais\">\n\t\t\t<picture>\n\t\t\t\t<source media=\"(max-width: 500px)\" srcset=\"https:\/\/files.sunoresearch.com.br\/n\/uploads\/2024\/03\/400x300-Mobile-1.png\">\n\t\t\t\t<img class=\"newsContent__article__imgCapa newsContent__article__imgCapa--banner\"\n\t\t\t\t\tsrc=\"https:\/\/files.sunoresearch.com.br\/n\/uploads\/2024\/03\/1420-x-240-Desktop.png\"\n\t\t\t\t\tdata-promo-id=\"537299\"\t\t\t\t\t\t\t\t\t\twidth='1420' height='250'\t\t\t\t\talt=\"https:\/\/files.sunoresearch.com.br\/n\/uploads\/2024\/03\/1420-x-240-Desktop.png\"\n\t\t\t\t>\n\t\t\t<\/picture>\n\t\t<\/a>\n\t<\/p>\n\n\n<p>\u201cO marasmo dominou a economia no primeiro semestre. O consumo n\u00e3o reage, o investimento continua travado e as exporta\u00e7\u00f5es apresentam dificuldades. Portanto, as fontes privadas de demanda seguem sem capacidade de promover a necess\u00e1ria reativa\u00e7\u00e3o da economia\u201d, afirma o economista Marcelo Azevedo em nome da <strong>CNI.<\/strong><\/p>\n<p>Ainda em nota, o economista acredita que a libera\u00e7\u00e3o de recursos do Fundo de Garantia do Tempo de Servi\u00e7o <strong>(FGTS)\u00a0<\/strong>podem melhorar estes n\u00fameros. \u201cA libera\u00e7\u00e3o do <strong>FGTS<\/strong> n\u00e3o \u00e9 uma solu\u00e7\u00e3o \u00fanica para reativar o consumo, mas ir\u00e1 contribuir no curto prazo enquanto as medidas mais estruturais se materializam&#8221;.<\/p>\n<p><strong><a href=\"https:\/\/www.suno.com.br\/noticias\/producao-industrial-queda-junho\/\">Siba mais: Produ\u00e7\u00e3o industrial do Brasil registra queda em junho, aponta CNI\u00a0<\/a><\/strong><\/p>\n<p>A\u00a0<strong>CNI <\/strong>segue dizendo que o\u00a0<strong>governo\u00a0<\/strong>deve adotar outras medidas para estimular o credito em uma rea\u00e7\u00e3o em curto prazo como uma redu\u00e7\u00e3o das taxas de juros. &#8220;A queda dos juros \u00e9 mais importante no curto prazo, pois seus efeitos j\u00e1 se far\u00e3o sentir na cadeia de financiamento. N\u00e3o faz sentido manter a taxa de juros se a economia se encontra estagnada e n\u00e3o h\u00e1 press\u00f5es de infla\u00e7\u00e3o&#8221;, continua Azevedo.<\/p>\n<p>De acordo com a<strong> Confedera\u00e7\u00e3o Nacional da Ind\u00fastria<\/strong> a taxa dos juros b\u00e1sicos da economia devem fechar 2019 em 5,25% ao ano. A taxa <a href=\"https:\/\/www.suno.com.br\/artigos\/taxa-selic\/\"><strong>Selic<\/strong><\/a>, que hoje est\u00e1 em 6,5 % ao ano, pode ser reduzida na pr\u00f3xima reuni\u00e3o do Comit\u00ea de Pol\u00edtica Monet\u00e1ria agenda para a pr\u00f3xima semana, nos dia 30 e 31 de julho, afirma <strong>CNI.<br \/>\n<\/strong><\/p>\n\t<p>\n\t\t<a href=\"https:\/\/lp.suno.com.br\/plataforma-de-controle-de-investimentos\/\" target=\"_blank\" data-element=\"shortcode-suno-banner\" title=\"Banner SUNO, clique e saiba mais\">\n\t\t\t<picture>\n\t\t\t\t<source media=\"(max-width: 500px)\" srcset=\"https:\/\/files.sunoresearch.com.br\/n\/uploads\/2023\/03\/400x300-Controle-de-Investimentos.png\">\n\t\t\t\t<img class=\"newsContent__article__imgCapa newsContent__article__imgCapa--banner\"\n\t\t\t\t\tsrc=\"https:\/\/files.sunoresearch.com.br\/n\/uploads\/2023\/03\/1420x240-Controle-de-Investimentos.png\"\n\t\t\t\t\tdata-promo-id=\"383162\"\t\t\t\t\t\t\t\t\t\twidth='1420' height='240'\t\t\t\t\talt=\"https:\/\/files.sunoresearch.com.br\/n\/uploads\/2023\/03\/1420x240-Controle-de-Investimentos.png\"\n\t\t\t\t>\n\t\t\t<\/picture>\n\t\t<\/a>\n\t<\/p>\n\n\n<p>Em divulga\u00e7\u00e3o de documento, a divida p\u00fablica atingir\u00e1 79,2% do PIB. Com a estabilidade das despesas do governo, o d\u00e9ficit prim\u00e1rio nominal do setor p\u00fablico recuou de 7,14% do PIB em dezembro de 2018 para 6,96% do PIB. A tendencia \u00e9 de que aumente ainda mais nos pr\u00f3ximos meses. Destalha <strong>CNI<\/strong><\/p>\n<p>&nbsp;<\/p>\n<p>&nbsp;<\/p>\n<p>&nbsp;<\/p>\n<p>&nbsp;<\/p>\n<p>&nbsp;<\/p>\n","protected":false},"excerpt":{"rendered":"<p>A Confedera\u00e7\u00e3o Nacional da Ind\u00fastria (CNI) revisou estimativas de crescimento do setor e da economia brasileira para baixo neste ano. As proje\u00e7\u00f5es divulgadas nesta quinta-feira (25), apontam crescimento do Produto Interno Bruto (PIB) na margem de 1,1%. N\u00famero menor 0,9% que o anterior, de 2%. O\u00a0PIB industrial pode ter expans\u00e3o de 0,7%. IPI: redu\u00e7\u00e3o de [&hellip;]<\/p>\n","protected":false},"author":9,"featured_media":31747,"comment_status":"closed","ping_status":"closed","sticky":false,"template":"","format":"standard","meta":[],"categories":[64],"tags":[878,910,807],"suno_strategy":[],"class_list":["post-32170","post","type-post","status-publish","format-standard","has-post-thumbnail","hentry","category-negocios","tag-cni","tag-fgts","tag-produto-interno-bruto-pib"],"yoast_head":"<!-- This site is optimized with the Yoast SEO plugin v24.4 - https:\/\/yoast.com\/wordpress\/plugins\/seo\/ -->\n<title>CNI reduz previs\u00f5es de crescimento do PIB do Brasil para 2019<\/title>\n<meta name=\"description\" content=\"A Confedera\u00e7\u00e3o Nacional da Ind\u00fastria (CNI) reduz estimativas de crescimento do setor e da economia brasileira neste ano. Clique para saber mais.\" \/>\n<meta name=\"robots\" content=\"index, follow, max-snippet:-1, max-image-preview:large, max-video-preview:-1\" \/>\n<link rel=\"canonical\" href=\"https:\/\/www.suno.com.br\/noticias\/cni-reduz-estimativas-de-crescimento\/\" \/>\n<meta property=\"og:locale\" content=\"pt_BR\" \/>\n<meta property=\"og:type\" content=\"article\" \/>\n<meta property=\"og:title\" content=\"CNI reduz previs\u00f5es de crescimento do PIB do Brasil para 2019\" \/>\n<meta property=\"og:description\" content=\"A Confedera\u00e7\u00e3o Nacional da Ind\u00fastria (CNI) reduz estimativas de crescimento do setor e da economia brasileira neste ano. Clique para saber mais.\" \/>\n<meta property=\"og:url\" content=\"https:\/\/www.suno.com.br\/noticias\/cni-reduz-estimativas-de-crescimento\/\" \/>\n<meta property=\"og:site_name\" content=\"Suno Not\u00edcias\" \/>\n<meta property=\"article:publisher\" content=\"https:\/\/facebook.com\/sunoresearch\" \/>\n<meta property=\"og:image\" content=\"https:\/\/files.sunoresearch.com.br\/n\/uploads\/2019\/07\/5aea13cc-produ\u00e7\u00e3o-industrial.jpg\" \/>\n\t<meta property=\"og:image:width\" content=\"1889\" \/>\n\t<meta property=\"og:image:height\" content=\"1261\" \/>\n\t<meta property=\"og:image:type\" content=\"image\/jpeg\" \/>\n<meta name=\"author\" content=\"Carlo Cauti\" \/>\n<meta name=\"twitter:card\" content=\"summary_large_image\" \/>\n<meta name=\"twitter:creator\" content=\"@sunoresearch\" \/>\n<meta name=\"twitter:site\" content=\"@sunoresearch\" \/>\n<meta name=\"twitter:label1\" content=\"Escrito por\" \/>\n\t<meta name=\"twitter:data1\" content=\"Carlo Cauti\" \/>\n\t<meta name=\"twitter:label2\" content=\"Est. tempo de leitura\" \/>\n\t<meta name=\"twitter:data2\" content=\"2 minutos\" \/>\n<script type=\"application\/ld+json\" class=\"yoast-schema-graph\">{\"@context\":\"https:\/\/schema.org\",\"@graph\":[{\"@type\":\"NewsArticle\",\"@id\":\"https:\/\/www.suno.com.br\/noticias\/cni-reduz-estimativas-de-crescimento\/#article\",\"isPartOf\":{\"@id\":\"https:\/\/www.suno.com.br\/noticias\/cni-reduz-estimativas-de-crescimento\/\"},\"author\":{\"name\":\"Carlo Cauti\",\"@id\":\"https:\/\/www.suno.com.br\/noticias\/#\/schema\/person\/e6e0f723cc177805027f4566c1d5e0c8\"},\"headline\":\"CNI reduz previs\u00f5es de crescimento do PIB do Brasil para 2019\",\"datePublished\":\"2019-07-25T23:39:13+00:00\",\"dateModified\":\"2019-07-26T22:44:10+00:00\",\"mainEntityOfPage\":{\"@id\":\"https:\/\/www.suno.com.br\/noticias\/cni-reduz-estimativas-de-crescimento\/\"},\"wordCount\":415,\"publisher\":{\"@id\":\"https:\/\/www.suno.com.br\/noticias\/#organization\"},\"image\":{\"@id\":\"https:\/\/www.suno.com.br\/noticias\/cni-reduz-estimativas-de-crescimento\/#primaryimage\"},\"thumbnailUrl\":\"https:\/\/files.sunoresearch.com.br\/n\/uploads\/2019\/07\/5aea13cc-produ\u00e7\u00e3o-industrial-jpg.webp\",\"keywords\":[\"CNI\",\"FGTS\",\"Produto Interno Bruto (PIB)\"],\"articleSection\":[\"Neg\u00f3cios\"],\"inLanguage\":\"pt-BR\"},{\"@type\":\"WebPage\",\"@id\":\"https:\/\/www.suno.com.br\/noticias\/cni-reduz-estimativas-de-crescimento\/\",\"url\":\"https:\/\/www.suno.com.br\/noticias\/cni-reduz-estimativas-de-crescimento\/\",\"name\":\"CNI reduz previs\u00f5es de crescimento do PIB do Brasil para 2019\",\"isPartOf\":{\"@id\":\"https:\/\/www.suno.com.br\/noticias\/#website\"},\"primaryImageOfPage\":{\"@id\":\"https:\/\/www.suno.com.br\/noticias\/cni-reduz-estimativas-de-crescimento\/#primaryimage\"},\"image\":{\"@id\":\"https:\/\/www.suno.com.br\/noticias\/cni-reduz-estimativas-de-crescimento\/#primaryimage\"},\"thumbnailUrl\":\"https:\/\/files.sunoresearch.com.br\/n\/uploads\/2019\/07\/5aea13cc-produ\u00e7\u00e3o-industrial-jpg.webp\",\"datePublished\":\"2019-07-25T23:39:13+00:00\",\"dateModified\":\"2019-07-26T22:44:10+00:00\",\"description\":\"A Confedera\u00e7\u00e3o Nacional da Ind\u00fastria (CNI) reduz estimativas de crescimento do setor e da economia brasileira neste ano. Clique para saber mais.\",\"breadcrumb\":{\"@id\":\"https:\/\/www.suno.com.br\/noticias\/cni-reduz-estimativas-de-crescimento\/#breadcrumb\"},\"inLanguage\":\"pt-BR\",\"potentialAction\":[{\"@type\":\"ReadAction\",\"target\":[\"https:\/\/www.suno.com.br\/noticias\/cni-reduz-estimativas-de-crescimento\/\"]}]},{\"@type\":\"ImageObject\",\"inLanguage\":\"pt-BR\",\"@id\":\"https:\/\/www.suno.com.br\/noticias\/cni-reduz-estimativas-de-crescimento\/#primaryimage\",\"url\":\"https:\/\/files.sunoresearch.com.br\/n\/uploads\/2019\/07\/5aea13cc-produ\u00e7\u00e3o-industrial-jpg.webp\",\"contentUrl\":\"https:\/\/files.sunoresearch.com.br\/n\/uploads\/2019\/07\/5aea13cc-produ\u00e7\u00e3o-industrial-jpg.webp\",\"width\":1889,\"height\":1261,\"caption\":\"IPI: redu\u00e7\u00e3o de 25% \u00e9 publicada em decreto\"},{\"@type\":\"BreadcrumbList\",\"@id\":\"https:\/\/www.suno.com.br\/noticias\/cni-reduz-estimativas-de-crescimento\/#breadcrumb\",\"itemListElement\":[{\"@type\":\"ListItem\",\"position\":1,\"name\":\"Not\u00edcias\",\"item\":\"https:\/\/www.suno.com.br\/noticias\/\"},{\"@type\":\"ListItem\",\"position\":2,\"name\":\"Neg\u00f3cios\",\"item\":\"https:\/\/www.suno.com.br\/noticias\/negocios\/\"},{\"@type\":\"ListItem\",\"position\":3,\"name\":\"CNI reduz previs\u00f5es de crescimento do PIB do Brasil para 2019\"}]},{\"@type\":\"WebSite\",\"@id\":\"https:\/\/www.suno.com.br\/noticias\/#website\",\"url\":\"https:\/\/www.suno.com.br\/noticias\/\",\"name\":\"Suno Not\u00edcias\",\"description\":\"Seu portal de informa\u00e7\u00e3o sobre o mundo dos investimentos\",\"publisher\":{\"@id\":\"https:\/\/www.suno.com.br\/noticias\/#organization\"},\"potentialAction\":[{\"@type\":\"SearchAction\",\"target\":{\"@type\":\"EntryPoint\",\"urlTemplate\":\"https:\/\/www.suno.com.br\/noticias\/?s={search_term_string}\"},\"query-input\":{\"@type\":\"PropertyValueSpecification\",\"valueRequired\":true,\"valueName\":\"search_term_string\"}}],\"inLanguage\":\"pt-BR\"},{\"@type\":\"Organization\",\"@id\":\"https:\/\/www.suno.com.br\/noticias\/#organization\",\"name\":\"Suno Not\u00edcias\",\"url\":\"https:\/\/www.suno.com.br\/noticias\/\",\"logo\":{\"@type\":\"ImageObject\",\"inLanguage\":\"pt-BR\",\"@id\":\"https:\/\/www.suno.com.br\/noticias\/#\/schema\/logo\/image\/\",\"url\":\"https:\/\/files.sunoresearch.com.br\/n\/uploads\/2021\/09\/suno-logo.png\",\"contentUrl\":\"https:\/\/files.sunoresearch.com.br\/n\/uploads\/2021\/09\/suno-logo.png\",\"width\":180,\"height\":180,\"caption\":\"Suno Not\u00edcias\"},\"image\":{\"@id\":\"https:\/\/www.suno.com.br\/noticias\/#\/schema\/logo\/image\/\"},\"sameAs\":[\"https:\/\/facebook.com\/sunoresearch\",\"https:\/\/x.com\/sunoresearch\",\"https:\/\/www.instagram.com\/suno\",\"https:\/\/www.linkedin.com\/company\/suno-research\/\",\"https:\/\/www.youtube.com\/c\/sunoresearch\"]},{\"@type\":\"Person\",\"@id\":\"https:\/\/www.suno.com.br\/noticias\/#\/schema\/person\/e6e0f723cc177805027f4566c1d5e0c8\",\"name\":\"Carlo Cauti\",\"image\":{\"@type\":\"ImageObject\",\"inLanguage\":\"pt-BR\",\"@id\":\"https:\/\/www.suno.com.br\/noticias\/#\/schema\/person\/image\/\",\"url\":\"https:\/\/secure.gravatar.com\/avatar\/3ada9e0bd164c23abd4792a9606d583c?s=96&r=g\",\"contentUrl\":\"https:\/\/secure.gravatar.com\/avatar\/3ada9e0bd164c23abd4792a9606d583c?s=96&r=g\",\"caption\":\"Carlo Cauti\"},\"description\":\"Editor multim\u00eddia do SUNO Not\u00edcias. Italiano, formado em Ci\u00eancias Pol\u00edticas pela universidade LUISS G. Carli de Roma e mestre cum laude em Rela\u00e7\u00f5es Internacionais, Jornalismo Internacional e de Guerra e em Economia Internacional. Concluiu tamb\u00e9m um MBA em Finan\u00e7as na B3. No Brasil, teve passagem por ve\u00edculos como Estad\u00e3o, Globo, Veja e EXAME. e nas ag\u00eancias de not\u00edcias italianas ANSA e NOVA.\",\"url\":\"https:\/\/www.suno.com.br\/noticias\/author\/carlo-cauti\/\"}]}<\/script>\n<!-- \/ Yoast SEO plugin. -->","yoast_head_json":{"title":"CNI reduz previs\u00f5es de crescimento do PIB do Brasil para 2019","description":"A Confedera\u00e7\u00e3o Nacional da Ind\u00fastria (CNI) reduz estimativas de crescimento do setor e da economia brasileira neste ano. Clique para saber mais.","robots":{"index":"index","follow":"follow","max-snippet":"max-snippet:-1","max-image-preview":"max-image-preview:large","max-video-preview":"max-video-preview:-1"},"canonical":"https:\/\/www.suno.com.br\/noticias\/cni-reduz-estimativas-de-crescimento\/","og_locale":"pt_BR","og_type":"article","og_title":"CNI reduz previs\u00f5es de crescimento do PIB do Brasil para 2019","og_description":"A Confedera\u00e7\u00e3o Nacional da Ind\u00fastria (CNI) reduz estimativas de crescimento do setor e da economia brasileira neste ano. Clique para saber mais.","og_url":"https:\/\/www.suno.com.br\/noticias\/cni-reduz-estimativas-de-crescimento\/","og_site_name":"Suno Not\u00edcias","article_publisher":"https:\/\/facebook.com\/sunoresearch","og_image":[{"width":1889,"height":1261,"url":"https:\/\/files.sunoresearch.com.br\/n\/uploads\/2019\/07\/5aea13cc-produ\u00e7\u00e3o-industrial.jpg","type":"image\/jpeg"}],"author":"Carlo Cauti","twitter_card":"summary_large_image","twitter_creator":"@sunoresearch","twitter_site":"@sunoresearch","twitter_misc":{"Escrito por":"Carlo Cauti","Est. tempo de leitura":"2 minutos"},"schema":{"@context":"https:\/\/schema.org","@graph":[{"@type":"NewsArticle","@id":"https:\/\/www.suno.com.br\/noticias\/cni-reduz-estimativas-de-crescimento\/#article","isPartOf":{"@id":"https:\/\/www.suno.com.br\/noticias\/cni-reduz-estimativas-de-crescimento\/"},"author":{"name":"Carlo Cauti","@id":"https:\/\/www.suno.com.br\/noticias\/#\/schema\/person\/e6e0f723cc177805027f4566c1d5e0c8"},"headline":"CNI reduz previs\u00f5es de crescimento do PIB do Brasil para 2019","datePublished":"2019-07-25T23:39:13+00:00","dateModified":"2019-07-26T22:44:10+00:00","mainEntityOfPage":{"@id":"https:\/\/www.suno.com.br\/noticias\/cni-reduz-estimativas-de-crescimento\/"},"wordCount":415,"publisher":{"@id":"https:\/\/www.suno.com.br\/noticias\/#organization"},"image":{"@id":"https:\/\/www.suno.com.br\/noticias\/cni-reduz-estimativas-de-crescimento\/#primaryimage"},"thumbnailUrl":"https:\/\/files.sunoresearch.com.br\/n\/uploads\/2019\/07\/5aea13cc-produ\u00e7\u00e3o-industrial-jpg.webp","keywords":["CNI","FGTS","Produto Interno Bruto (PIB)"],"articleSection":["Neg\u00f3cios"],"inLanguage":"pt-BR"},{"@type":"WebPage","@id":"https:\/\/www.suno.com.br\/noticias\/cni-reduz-estimativas-de-crescimento\/","url":"https:\/\/www.suno.com.br\/noticias\/cni-reduz-estimativas-de-crescimento\/","name":"CNI reduz previs\u00f5es de crescimento do PIB do Brasil para 2019","isPartOf":{"@id":"https:\/\/www.suno.com.br\/noticias\/#website"},"primaryImageOfPage":{"@id":"https:\/\/www.suno.com.br\/noticias\/cni-reduz-estimativas-de-crescimento\/#primaryimage"},"image":{"@id":"https:\/\/www.suno.com.br\/noticias\/cni-reduz-estimativas-de-crescimento\/#primaryimage"},"thumbnailUrl":"https:\/\/files.sunoresearch.com.br\/n\/uploads\/2019\/07\/5aea13cc-produ\u00e7\u00e3o-industrial-jpg.webp","datePublished":"2019-07-25T23:39:13+00:00","dateModified":"2019-07-26T22:44:10+00:00","description":"A Confedera\u00e7\u00e3o Nacional da Ind\u00fastria (CNI) reduz estimativas de crescimento do setor e da economia brasileira neste ano. Clique para saber mais.","breadcrumb":{"@id":"https:\/\/www.suno.com.br\/noticias\/cni-reduz-estimativas-de-crescimento\/#breadcrumb"},"inLanguage":"pt-BR","potentialAction":[{"@type":"ReadAction","target":["https:\/\/www.suno.com.br\/noticias\/cni-reduz-estimativas-de-crescimento\/"]}]},{"@type":"ImageObject","inLanguage":"pt-BR","@id":"https:\/\/www.suno.com.br\/noticias\/cni-reduz-estimativas-de-crescimento\/#primaryimage","url":"https:\/\/files.sunoresearch.com.br\/n\/uploads\/2019\/07\/5aea13cc-produ\u00e7\u00e3o-industrial-jpg.webp","contentUrl":"https:\/\/files.sunoresearch.com.br\/n\/uploads\/2019\/07\/5aea13cc-produ\u00e7\u00e3o-industrial-jpg.webp","width":1889,"height":1261,"caption":"IPI: redu\u00e7\u00e3o de 25% \u00e9 publicada em decreto"},{"@type":"BreadcrumbList","@id":"https:\/\/www.suno.com.br\/noticias\/cni-reduz-estimativas-de-crescimento\/#breadcrumb","itemListElement":[{"@type":"ListItem","position":1,"name":"Not\u00edcias","item":"https:\/\/www.suno.com.br\/noticias\/"},{"@type":"ListItem","position":2,"name":"Neg\u00f3cios","item":"https:\/\/www.suno.com.br\/noticias\/negocios\/"},{"@type":"ListItem","position":3,"name":"CNI reduz previs\u00f5es de crescimento do PIB do Brasil para 2019"}]},{"@type":"WebSite","@id":"https:\/\/www.suno.com.br\/noticias\/#website","url":"https:\/\/www.suno.com.br\/noticias\/","name":"Suno Not\u00edcias","description":"Seu portal de informa\u00e7\u00e3o sobre o mundo dos investimentos","publisher":{"@id":"https:\/\/www.suno.com.br\/noticias\/#organization"},"potentialAction":[{"@type":"SearchAction","target":{"@type":"EntryPoint","urlTemplate":"https:\/\/www.suno.com.br\/noticias\/?s={search_term_string}"},"query-input":{"@type":"PropertyValueSpecification","valueRequired":true,"valueName":"search_term_string"}}],"inLanguage":"pt-BR"},{"@type":"Organization","@id":"https:\/\/www.suno.com.br\/noticias\/#organization","name":"Suno Not\u00edcias","url":"https:\/\/www.suno.com.br\/noticias\/","logo":{"@type":"ImageObject","inLanguage":"pt-BR","@id":"https:\/\/www.suno.com.br\/noticias\/#\/schema\/logo\/image\/","url":"https:\/\/files.sunoresearch.com.br\/n\/uploads\/2021\/09\/suno-logo.png","contentUrl":"https:\/\/files.sunoresearch.com.br\/n\/uploads\/2021\/09\/suno-logo.png","width":180,"height":180,"caption":"Suno Not\u00edcias"},"image":{"@id":"https:\/\/www.suno.com.br\/noticias\/#\/schema\/logo\/image\/"},"sameAs":["https:\/\/facebook.com\/sunoresearch","https:\/\/x.com\/sunoresearch","https:\/\/www.instagram.com\/suno","https:\/\/www.linkedin.com\/company\/suno-research\/","https:\/\/www.youtube.com\/c\/sunoresearch"]},{"@type":"Person","@id":"https:\/\/www.suno.com.br\/noticias\/#\/schema\/person\/e6e0f723cc177805027f4566c1d5e0c8","name":"Carlo Cauti","image":{"@type":"ImageObject","inLanguage":"pt-BR","@id":"https:\/\/www.suno.com.br\/noticias\/#\/schema\/person\/image\/","url":"https:\/\/secure.gravatar.com\/avatar\/3ada9e0bd164c23abd4792a9606d583c?s=96&r=g","contentUrl":"https:\/\/secure.gravatar.com\/avatar\/3ada9e0bd164c23abd4792a9606d583c?s=96&r=g","caption":"Carlo Cauti"},"description":"Editor multim\u00eddia do SUNO Not\u00edcias. Italiano, formado em Ci\u00eancias Pol\u00edticas pela universidade LUISS G. Carli de Roma e mestre cum laude em Rela\u00e7\u00f5es Internacionais, Jornalismo Internacional e de Guerra e em Economia Internacional. Concluiu tamb\u00e9m um MBA em Finan\u00e7as na B3. No Brasil, teve passagem por ve\u00edculos como Estad\u00e3o, Globo, Veja e EXAME. e nas ag\u00eancias de not\u00edcias italianas ANSA e NOVA.","url":"https:\/\/www.suno.com.br\/noticias\/author\/carlo-cauti\/"}]}},"default_loop_html":"<div class=\"cardsPage__listCard__boxs\"><div class=\"cardsPage__listCard__boxs__img\"><a href=\"https:\/\/www.suno.com.br\/noticias\/cni-reduz-estimativas-de-crescimento\/\"><img class=\"mask\" src=\"https:\/\/www.suno.com.br\/noticias\/wp-content\/themes\/suno\/resources\/images\/spotlight\/spotlight1img\/bg-mask.png\" alt=\"Image Mask\"\/><img src=\"https:\/\/files.sunoresearch.com.br\/n\/uploads\/2019\/07\/5aea13cc-produ\u00e7\u00e3o-industrial-400x200.webp\" alt=\"CNI reduz previs\u00f5es de crescimento do PIB do Brasil para 2019\"\/><\/a><span class=\"spotlightCategory\"><a href=\"https:\/\/www.suno.com.br\/noticias\/negocios\/\">Neg\u00f3cios<\/a><\/span><\/div><div class=\"cardsPage__listCard__boxs__content\"><a href=\"https:\/\/www.suno.com.br\/noticias\/cni-reduz-estimativas-de-crescimento\/\"><h2 class=\"content__title\">CNI reduz previs\u00f5es de crescimento do PIB do Brasil para 2019<\/h2><\/a><div class=\"newsContent__article__meta\"><div class=\"newsContent__article__meta__authorBox\"><a href=\"https:\/\/www.suno.com.br\/noticias\/author\/carlo-cauti\/\" class=\"authorBox__avatar noMobi\"><img src=\"https:\/\/files.sunoresearch.com.br\/n\/uploads\/2020\/08\/e3745f9a-perfil-carlo-cauti-150x150.webp\" alt=\"Carlo Cauti\"><\/a><div class=\"authorBox__name\"><span>por\n\t\t\t<a href=\"https:\/\/www.suno.com.br\/noticias\/author\/carlo-cauti\/\"><span itemprop=\"author\">Carlo Cauti<\/span><\/a><\/span><time datetime=\"2019-07-25T20:39:13-03:00\" itemprop=\"datePublished\">25\/07\/2019 20:39<\/time><\/div><\/div><\/div><\/div><\/div>","single_layout":"posts","amp_enabled":true,"_links":{"self":[{"href":"https:\/\/www.suno.com.br\/noticias\/wp-json\/wp\/v2\/posts\/32170"}],"collection":[{"href":"https:\/\/www.suno.com.br\/noticias\/wp-json\/wp\/v2\/posts"}],"about":[{"href":"https:\/\/www.suno.com.br\/noticias\/wp-json\/wp\/v2\/types\/post"}],"author":[{"embeddable":true,"href":"https:\/\/www.suno.com.br\/noticias\/wp-json\/wp\/v2\/users\/9"}],"replies":[{"embeddable":true,"href":"https:\/\/www.suno.com.br\/noticias\/wp-json\/wp\/v2\/comments?post=32170"}],"version-history":[{"count":0,"href":"https:\/\/www.suno.com.br\/noticias\/wp-json\/wp\/v2\/posts\/32170\/revisions"}],"wp:featuredmedia":[{"embeddable":true,"href":"https:\/\/www.suno.com.br\/noticias\/wp-json\/wp\/v2\/media\/31747"}],"wp:attachment":[{"href":"https:\/\/www.suno.com.br\/noticias\/wp-json\/wp\/v2\/media?parent=32170"}],"wp:term":[{"taxonomy":"category","embeddable":true,"href":"https:\/\/www.suno.com.br\/noticias\/wp-json\/wp\/v2\/categories?post=32170"},{"taxonomy":"post_tag","embeddable":true,"href":"https:\/\/www.suno.com.br\/noticias\/wp-json\/wp\/v2\/tags?post=32170"},{"taxonomy":"suno_strategy","embeddable":true,"href":"https:\/\/www.suno.com.br\/noticias\/wp-json\/wp\/v2\/suno_strategy?post=32170"}],"curies":[{"name":"wp","href":"https:\/\/api.w.org\/{rel}","templated":true}]}}