{"id":32160,"date":"2019-07-25T15:15:30","date_gmt":"2019-07-25T18:15:30","guid":{"rendered":"https:\/\/www.suno.com.br\/noticias\/?p=32160"},"modified":"2019-07-25T15:17:32","modified_gmt":"2019-07-25T18:17:32","slug":"ford-tem-baixa-no-lucro-do-segundo-trimestre","status":"publish","type":"post","link":"https:\/\/www.suno.com.br\/noticias\/ford-tem-baixa-no-lucro-do-segundo-trimestre\/","title":{"rendered":"Ford registra US$ 148 milh\u00f5es de lucro no trimestre; baixa de 86,1%"},"content":{"rendered":"<p>A gigante americana Ford comunicou nesta quinta-feira (24) que obteve um lucro abaixo das expectativas no trimestre. O <strong>lucro l\u00edquido<\/strong> da empresa foi de US$ 148 milh\u00f5es. O valor significa uma baixa de 86,1% no comparativo com o mesmo per\u00edodo do ano passado.<\/p>\t<div class=\"wrapper-featured-image\">\n\t\t<figure class=\"spotlightImg\">\n\n\t\t\t<picture>\n\t\t\t\t<source media=\"(max-width: 768px)\" srcset=\"https:\/\/files.sunoresearch.com.br\/n\/uploads\/2019\/03\/573bbd5c-ford-400x200.webp\">\n\t\t\t\t<img loading=\"lazy\" decoding=\"async\" class=\"newsContent__article__imgCapa lazyloadDisabled newsContent__article__imgCapa--noCaption\" src=\"https:\/\/files.sunoresearch.com.br\/n\/uploads\/2019\/03\/573bbd5c-ford-800x450.webp\" width=\"800\" height=\"450\" alt=\"Ford registra US$ 148 milh\u00f5es de lucro no trimestre; baixa de 86,1%\" fetchpriority=high \/>\n\t\t\t<\/picture>\n\n\t\t\t<figcaption class=\"wp-caption-text wp-caption-text--hide\">A Ford disse que encerrar\u00e1 as atividades no Brasil. Bolsonaro, no entanto, diz que a companhia queria mais subs\u00eddios.<\/figcaption>\n\t\t<\/figure>\n\t<\/div>\n\n\n<p>A baixa pode ser explicada pela press\u00e3o sofrida pela montadora para reestruturar suas unidades localizadas na Europa e na Am\u00e9rica do Sul. No Brasil, inclusive, a <strong>Ford<\/strong> chegou a encerrar atividades em uma f\u00e1brica de S\u00e3o Bernardo do Campo, em S\u00e3o Paulo. As despesas com tudo isso chegaram ao valor de US$ 1 bilh\u00e3o.<\/p>\n\t<p>\n\t\t<a href=\"https:\/\/lp.suno.com.br\/nossas-assinaturas\/?utm_campaign=_SNC8166F3A4_\" target=\"_blank\" data-element=\"shortcode-suno-banner\" title=\"Banner SUNO, clique e saiba mais\">\n\t\t\t<picture>\n\t\t\t\t<source media=\"(max-width: 500px)\" srcset=\"https:\/\/files.sunoresearch.com.br\/n\/uploads\/2025\/08\/Artigos-e-Noticias-Banner-Materias-01-Mobile_-400x300-1-png.webp\">\n\t\t\t\t<img class=\"newsContent__article__imgCapa newsContent__article__imgCapa--banner\"\n\t\t\t\t\tsrc=\"https:\/\/files.sunoresearch.com.br\/n\/uploads\/2025\/08\/Artigos-e-Noticias-Banner-Materias-01-Desktop_-1420x240-4-png.webp\"\n\t\t\t\t\tdata-promo-id=\"620371\"\t\t\t\t\t\t\t\t\t\twidth='1420' height='240'\t\t\t\t\talt=\"https:\/\/files.sunoresearch.com.br\/n\/uploads\/2025\/08\/Artigos-e-Noticias-Banner-Materias-01-Desktop_-1420x240-4-png.webp\"\n\t\t\t\t>\n\t\t\t<\/picture>\n\t\t<\/a>\n\t<\/p>\n\n\n<p>As demiss\u00f5es de funcion\u00e1rios na <strong>Am\u00e9rica do Sul<\/strong> e na <strong>Europa<\/strong> tamb\u00e9m contribu\u00edram para a baixa no lucro da montadora americana.<\/p>\n<p>Quase todo o lucro da gigante do meio automotivo foi conseguido na Am\u00e9rica do Norte. As caminhonetes da Ford fazem sucesso na regi\u00e3o norte da Am\u00e9rica e alavancam o lucro da montadora.<\/p>\n<p>A empresa americana tamb\u00e9m teve lucro na Europa, por\u00e9m nada muito significativo. A <strong>China<\/strong> foi um importante mercado, j\u00e1 que l\u00e1 a empresa n\u00e3o teve grandes perdas em compara\u00e7\u00e3o ao mesmo trimestre do ano passado.<\/p>\n<p>Mesmo assim, as vendas da Ford tiveram baixa de 21,7%, na China, no trimestre. No primeiro trimestre do ano, a montadora teve uma queda de 35,8% no pa\u00eds asi\u00e1tico.<\/p>\n<p><a href=\"https:\/\/www.suno.com.br\/noticias\/ambev-registra-lucro-2-712-bilhoes-segundo-trimestre\/\">Veja tamb\u00e9m: Ambev registra lucro de R$ 2,712 bilh\u00f5es no segundo trimestre\u00a0<\/a><\/p>\n<h2>Reestrutura\u00e7\u00e3o da Ford<\/h2>\n<p>Em abril deste ano, a Ford avisou que ir\u00e1 colocar mais de 30 modelos novos de autom\u00f3veis na China para transformar sua linha no pa\u00eds. Este \u00e9 s\u00f3 dos passos da reestrutura\u00e7\u00e3o da empresa. A <strong>montadora<\/strong> tamb\u00e9m quer reduzir custos nos principais mercados (Europa e China).<\/p>\n\t<p>\n\t\t<a href=\"https:\/\/lp.suno.com.br\/asset\/fundos\/suno-fiagro-snag11\/\" target=\"_blank\" data-element=\"shortcode-suno-banner\" title=\"Banner SUNO, clique e saiba mais\">\n\t\t\t<picture>\n\t\t\t\t<source media=\"(max-width: 500px)\" srcset=\"https:\/\/files.sunoresearch.com.br\/n\/uploads\/2024\/03\/400x300-Mobile-Artigos-1_SNAG.png\">\n\t\t\t\t<img class=\"newsContent__article__imgCapa newsContent__article__imgCapa--banner\"\n\t\t\t\t\tsrc=\"https:\/\/files.sunoresearch.com.br\/n\/uploads\/2024\/03\/1420x240-Banner-Artigos-1-_-Banner-Materias-1_SNAG.png\"\n\t\t\t\t\tdata-promo-id=\"364416\"\t\t\t\t\t\t\t\t\t\twidth='1420' height='240'\t\t\t\t\talt=\"https:\/\/files.sunoresearch.com.br\/n\/uploads\/2024\/03\/1420x240-Banner-Artigos-1-_-Banner-Materias-1_SNAG.png\"\n\t\t\t\t>\n\t\t\t<\/picture>\n\t\t<\/a>\n\t<\/p>\n\n\n<p>No m\u00eas de maio, a empresa americana informou que iria cortar cerca de 10% de sua for\u00e7a de trabalho assalariado global. Dessa forma, sete mil empregos seriam travados at\u00e9 o final de agosto.<\/p>\n<p>A redu\u00e7\u00e3o tamb\u00e9m \u00e9 parte do plano de reestrutura\u00e7\u00e3o da segunda maior montadora de ve\u00edculos dos Estados Unidos. Com isso, a empresa poder\u00e1 economizar US$ 600 milh\u00f5es por ano.<\/p>\n<p>Segundo o presidente-executivo da <strong>Ford<\/strong>, Jim Hackett, os cortes incluem sa\u00eddas volunt\u00e1rias e demiss\u00f5es.<\/p>\n","protected":false},"excerpt":{"rendered":"<p>A gigante americana Ford comunicou nesta quinta-feira (24) que obteve um lucro abaixo das expectativas no trimestre. O lucro l\u00edquido da empresa foi de US$ 148 milh\u00f5es. O valor significa uma baixa de 86,1% no comparativo com o mesmo per\u00edodo do ano passado. A Ford disse que encerrar\u00e1 as atividades no Brasil. Bolsonaro, no entanto, [&hellip;]<\/p>\n","protected":false},"author":19,"featured_media":17180,"comment_status":"closed","ping_status":"closed","sticky":false,"template":"","format":"standard","meta":[],"categories":[64],"tags":[1029,870],"suno_strategy":[],"class_list":["post-32160","post","type-post","status-publish","format-standard","has-post-thumbnail","hentry","category-negocios","tag-balancos-trimestrais","tag-ford-fdmo34"],"yoast_head":"<!-- This site is optimized with the Yoast SEO plugin v24.4 - https:\/\/yoast.com\/wordpress\/plugins\/seo\/ -->\n<title>Ford registra US$ 148 milh\u00f5es de lucro no trimestre; baixa de 86,1%<\/title>\n<meta name=\"description\" content=\"A gigante americana Ford comunicou nesta quinta-feira (24) que obteve um lucro abaixo das expectativas no trimestre. Clique e saiba mais.\" \/>\n<meta name=\"robots\" content=\"index, follow, max-snippet:-1, max-image-preview:large, max-video-preview:-1\" \/>\n<link rel=\"canonical\" href=\"https:\/\/www.suno.com.br\/noticias\/ford-tem-baixa-no-lucro-do-segundo-trimestre\/\" \/>\n<meta property=\"og:locale\" content=\"pt_BR\" \/>\n<meta property=\"og:type\" content=\"article\" \/>\n<meta property=\"og:title\" content=\"Ford registra US$ 148 milh\u00f5es de lucro no trimestre; baixa de 86,1%\" \/>\n<meta property=\"og:description\" content=\"A gigante americana Ford comunicou nesta quinta-feira (24) que obteve um lucro abaixo das expectativas no trimestre. Clique e saiba mais.\" \/>\n<meta property=\"og:url\" content=\"https:\/\/www.suno.com.br\/noticias\/ford-tem-baixa-no-lucro-do-segundo-trimestre\/\" \/>\n<meta property=\"og:site_name\" content=\"Suno Not\u00edcias\" \/>\n<meta property=\"article:publisher\" content=\"https:\/\/facebook.com\/sunoresearch\" \/>\n<meta property=\"og:image\" content=\"https:\/\/files.sunoresearch.com.br\/n\/uploads\/2019\/03\/573bbd5c-ford.jpg\" \/>\n\t<meta property=\"og:image:width\" content=\"993\" \/>\n\t<meta property=\"og:image:height\" content=\"634\" \/>\n\t<meta property=\"og:image:type\" content=\"image\/jpeg\" \/>\n<meta name=\"author\" content=\"Juliano Passaro\" \/>\n<meta name=\"twitter:card\" content=\"summary_large_image\" \/>\n<meta name=\"twitter:creator\" content=\"@sunoresearch\" \/>\n<meta name=\"twitter:site\" content=\"@sunoresearch\" \/>\n<meta name=\"twitter:label1\" content=\"Escrito por\" \/>\n\t<meta name=\"twitter:data1\" content=\"Juliano Passaro\" \/>\n\t<meta name=\"twitter:label2\" content=\"Est. tempo de leitura\" \/>\n\t<meta name=\"twitter:data2\" content=\"2 minutos\" \/>\n<script type=\"application\/ld+json\" class=\"yoast-schema-graph\">{\"@context\":\"https:\/\/schema.org\",\"@graph\":[{\"@type\":\"NewsArticle\",\"@id\":\"https:\/\/www.suno.com.br\/noticias\/ford-tem-baixa-no-lucro-do-segundo-trimestre\/#article\",\"isPartOf\":{\"@id\":\"https:\/\/www.suno.com.br\/noticias\/ford-tem-baixa-no-lucro-do-segundo-trimestre\/\"},\"author\":{\"name\":\"Juliano Passaro\",\"@id\":\"https:\/\/www.suno.com.br\/noticias\/#\/schema\/person\/1db762f78ffd8919a648a63e425953e3\"},\"headline\":\"Ford registra US$ 148 milh\u00f5es de lucro no trimestre; baixa de 86,1%\",\"datePublished\":\"2019-07-25T18:15:30+00:00\",\"dateModified\":\"2019-07-25T18:17:32+00:00\",\"mainEntityOfPage\":{\"@id\":\"https:\/\/www.suno.com.br\/noticias\/ford-tem-baixa-no-lucro-do-segundo-trimestre\/\"},\"wordCount\":396,\"publisher\":{\"@id\":\"https:\/\/www.suno.com.br\/noticias\/#organization\"},\"image\":{\"@id\":\"https:\/\/www.suno.com.br\/noticias\/ford-tem-baixa-no-lucro-do-segundo-trimestre\/#primaryimage\"},\"thumbnailUrl\":\"https:\/\/files.sunoresearch.com.br\/n\/uploads\/2019\/03\/573bbd5c-ford-jpg.webp\",\"keywords\":[\"balan\u00e7os trimestrais\",\"Ford (FDMO34)\"],\"articleSection\":[\"Neg\u00f3cios\"],\"inLanguage\":\"pt-BR\"},{\"@type\":\"WebPage\",\"@id\":\"https:\/\/www.suno.com.br\/noticias\/ford-tem-baixa-no-lucro-do-segundo-trimestre\/\",\"url\":\"https:\/\/www.suno.com.br\/noticias\/ford-tem-baixa-no-lucro-do-segundo-trimestre\/\",\"name\":\"Ford registra US$ 148 milh\u00f5es de lucro no trimestre; baixa de 86,1%\",\"isPartOf\":{\"@id\":\"https:\/\/www.suno.com.br\/noticias\/#website\"},\"primaryImageOfPage\":{\"@id\":\"https:\/\/www.suno.com.br\/noticias\/ford-tem-baixa-no-lucro-do-segundo-trimestre\/#primaryimage\"},\"image\":{\"@id\":\"https:\/\/www.suno.com.br\/noticias\/ford-tem-baixa-no-lucro-do-segundo-trimestre\/#primaryimage\"},\"thumbnailUrl\":\"https:\/\/files.sunoresearch.com.br\/n\/uploads\/2019\/03\/573bbd5c-ford-jpg.webp\",\"datePublished\":\"2019-07-25T18:15:30+00:00\",\"dateModified\":\"2019-07-25T18:17:32+00:00\",\"description\":\"A gigante americana Ford comunicou nesta quinta-feira (24) que obteve um lucro abaixo das expectativas no trimestre. Clique e saiba mais.\",\"breadcrumb\":{\"@id\":\"https:\/\/www.suno.com.br\/noticias\/ford-tem-baixa-no-lucro-do-segundo-trimestre\/#breadcrumb\"},\"inLanguage\":\"pt-BR\",\"potentialAction\":[{\"@type\":\"ReadAction\",\"target\":[\"https:\/\/www.suno.com.br\/noticias\/ford-tem-baixa-no-lucro-do-segundo-trimestre\/\"]}]},{\"@type\":\"ImageObject\",\"inLanguage\":\"pt-BR\",\"@id\":\"https:\/\/www.suno.com.br\/noticias\/ford-tem-baixa-no-lucro-do-segundo-trimestre\/#primaryimage\",\"url\":\"https:\/\/files.sunoresearch.com.br\/n\/uploads\/2019\/03\/573bbd5c-ford-jpg.webp\",\"contentUrl\":\"https:\/\/files.sunoresearch.com.br\/n\/uploads\/2019\/03\/573bbd5c-ford-jpg.webp\",\"width\":993,\"height\":634,\"caption\":\"A Ford disse que encerrar\u00e1 as atividades no Brasil. Bolsonaro, no entanto, diz que a companhia queria mais subs\u00eddios.\"},{\"@type\":\"BreadcrumbList\",\"@id\":\"https:\/\/www.suno.com.br\/noticias\/ford-tem-baixa-no-lucro-do-segundo-trimestre\/#breadcrumb\",\"itemListElement\":[{\"@type\":\"ListItem\",\"position\":1,\"name\":\"Not\u00edcias\",\"item\":\"https:\/\/www.suno.com.br\/noticias\/\"},{\"@type\":\"ListItem\",\"position\":2,\"name\":\"Neg\u00f3cios\",\"item\":\"https:\/\/www.suno.com.br\/noticias\/negocios\/\"},{\"@type\":\"ListItem\",\"position\":3,\"name\":\"Ford registra US$ 148 milh\u00f5es de lucro no trimestre; baixa de 86,1%\"}]},{\"@type\":\"WebSite\",\"@id\":\"https:\/\/www.suno.com.br\/noticias\/#website\",\"url\":\"https:\/\/www.suno.com.br\/noticias\/\",\"name\":\"Suno Not\u00edcias\",\"description\":\"Seu portal de informa\u00e7\u00e3o sobre o mundo dos investimentos\",\"publisher\":{\"@id\":\"https:\/\/www.suno.com.br\/noticias\/#organization\"},\"potentialAction\":[{\"@type\":\"SearchAction\",\"target\":{\"@type\":\"EntryPoint\",\"urlTemplate\":\"https:\/\/www.suno.com.br\/noticias\/?s={search_term_string}\"},\"query-input\":{\"@type\":\"PropertyValueSpecification\",\"valueRequired\":true,\"valueName\":\"search_term_string\"}}],\"inLanguage\":\"pt-BR\"},{\"@type\":\"Organization\",\"@id\":\"https:\/\/www.suno.com.br\/noticias\/#organization\",\"name\":\"Suno Not\u00edcias\",\"url\":\"https:\/\/www.suno.com.br\/noticias\/\",\"logo\":{\"@type\":\"ImageObject\",\"inLanguage\":\"pt-BR\",\"@id\":\"https:\/\/www.suno.com.br\/noticias\/#\/schema\/logo\/image\/\",\"url\":\"https:\/\/files.sunoresearch.com.br\/n\/uploads\/2021\/09\/suno-logo.png\",\"contentUrl\":\"https:\/\/files.sunoresearch.com.br\/n\/uploads\/2021\/09\/suno-logo.png\",\"width\":180,\"height\":180,\"caption\":\"Suno Not\u00edcias\"},\"image\":{\"@id\":\"https:\/\/www.suno.com.br\/noticias\/#\/schema\/logo\/image\/\"},\"sameAs\":[\"https:\/\/facebook.com\/sunoresearch\",\"https:\/\/x.com\/sunoresearch\",\"https:\/\/www.instagram.com\/suno\",\"https:\/\/www.linkedin.com\/company\/suno-research\/\",\"https:\/\/www.youtube.com\/c\/sunoresearch\"]},{\"@type\":\"Person\",\"@id\":\"https:\/\/www.suno.com.br\/noticias\/#\/schema\/person\/1db762f78ffd8919a648a63e425953e3\",\"name\":\"Juliano Passaro\",\"image\":{\"@type\":\"ImageObject\",\"inLanguage\":\"pt-BR\",\"@id\":\"https:\/\/www.suno.com.br\/noticias\/#\/schema\/person\/image\/\",\"url\":\"https:\/\/secure.gravatar.com\/avatar\/743d4df28eebf6dcc46b4ad03c319e92?s=96&r=g\",\"contentUrl\":\"https:\/\/secure.gravatar.com\/avatar\/743d4df28eebf6dcc46b4ad03c319e92?s=96&r=g\",\"caption\":\"Juliano Passaro\"},\"description\":\"Juliano Passaro escreve sobre pol\u00edtica, economia e neg\u00f3cios para o portal da Suno Research. Antes da Suno, trabalhou no Portal da Band. \u00c9 formado em jornalismo pela Universidade Presbiteriana Mackenzie.\",\"url\":\"https:\/\/www.suno.com.br\/noticias\/author\/juliano\/\"}]}<\/script>\n<!-- \/ Yoast SEO plugin. -->","yoast_head_json":{"title":"Ford registra US$ 148 milh\u00f5es de lucro no trimestre; baixa de 86,1%","description":"A gigante americana Ford comunicou nesta quinta-feira (24) que obteve um lucro abaixo das expectativas no trimestre. Clique e saiba mais.","robots":{"index":"index","follow":"follow","max-snippet":"max-snippet:-1","max-image-preview":"max-image-preview:large","max-video-preview":"max-video-preview:-1"},"canonical":"https:\/\/www.suno.com.br\/noticias\/ford-tem-baixa-no-lucro-do-segundo-trimestre\/","og_locale":"pt_BR","og_type":"article","og_title":"Ford registra US$ 148 milh\u00f5es de lucro no trimestre; baixa de 86,1%","og_description":"A gigante americana Ford comunicou nesta quinta-feira (24) que obteve um lucro abaixo das expectativas no trimestre. Clique e saiba mais.","og_url":"https:\/\/www.suno.com.br\/noticias\/ford-tem-baixa-no-lucro-do-segundo-trimestre\/","og_site_name":"Suno Not\u00edcias","article_publisher":"https:\/\/facebook.com\/sunoresearch","og_image":[{"width":993,"height":634,"url":"https:\/\/files.sunoresearch.com.br\/n\/uploads\/2019\/03\/573bbd5c-ford.jpg","type":"image\/jpeg"}],"author":"Juliano Passaro","twitter_card":"summary_large_image","twitter_creator":"@sunoresearch","twitter_site":"@sunoresearch","twitter_misc":{"Escrito por":"Juliano Passaro","Est. tempo de leitura":"2 minutos"},"schema":{"@context":"https:\/\/schema.org","@graph":[{"@type":"NewsArticle","@id":"https:\/\/www.suno.com.br\/noticias\/ford-tem-baixa-no-lucro-do-segundo-trimestre\/#article","isPartOf":{"@id":"https:\/\/www.suno.com.br\/noticias\/ford-tem-baixa-no-lucro-do-segundo-trimestre\/"},"author":{"name":"Juliano Passaro","@id":"https:\/\/www.suno.com.br\/noticias\/#\/schema\/person\/1db762f78ffd8919a648a63e425953e3"},"headline":"Ford registra US$ 148 milh\u00f5es de lucro no trimestre; baixa de 86,1%","datePublished":"2019-07-25T18:15:30+00:00","dateModified":"2019-07-25T18:17:32+00:00","mainEntityOfPage":{"@id":"https:\/\/www.suno.com.br\/noticias\/ford-tem-baixa-no-lucro-do-segundo-trimestre\/"},"wordCount":396,"publisher":{"@id":"https:\/\/www.suno.com.br\/noticias\/#organization"},"image":{"@id":"https:\/\/www.suno.com.br\/noticias\/ford-tem-baixa-no-lucro-do-segundo-trimestre\/#primaryimage"},"thumbnailUrl":"https:\/\/files.sunoresearch.com.br\/n\/uploads\/2019\/03\/573bbd5c-ford-jpg.webp","keywords":["balan\u00e7os trimestrais","Ford (FDMO34)"],"articleSection":["Neg\u00f3cios"],"inLanguage":"pt-BR"},{"@type":"WebPage","@id":"https:\/\/www.suno.com.br\/noticias\/ford-tem-baixa-no-lucro-do-segundo-trimestre\/","url":"https:\/\/www.suno.com.br\/noticias\/ford-tem-baixa-no-lucro-do-segundo-trimestre\/","name":"Ford registra US$ 148 milh\u00f5es de lucro no trimestre; baixa de 86,1%","isPartOf":{"@id":"https:\/\/www.suno.com.br\/noticias\/#website"},"primaryImageOfPage":{"@id":"https:\/\/www.suno.com.br\/noticias\/ford-tem-baixa-no-lucro-do-segundo-trimestre\/#primaryimage"},"image":{"@id":"https:\/\/www.suno.com.br\/noticias\/ford-tem-baixa-no-lucro-do-segundo-trimestre\/#primaryimage"},"thumbnailUrl":"https:\/\/files.sunoresearch.com.br\/n\/uploads\/2019\/03\/573bbd5c-ford-jpg.webp","datePublished":"2019-07-25T18:15:30+00:00","dateModified":"2019-07-25T18:17:32+00:00","description":"A gigante americana Ford comunicou nesta quinta-feira (24) que obteve um lucro abaixo das expectativas no trimestre. Clique e saiba mais.","breadcrumb":{"@id":"https:\/\/www.suno.com.br\/noticias\/ford-tem-baixa-no-lucro-do-segundo-trimestre\/#breadcrumb"},"inLanguage":"pt-BR","potentialAction":[{"@type":"ReadAction","target":["https:\/\/www.suno.com.br\/noticias\/ford-tem-baixa-no-lucro-do-segundo-trimestre\/"]}]},{"@type":"ImageObject","inLanguage":"pt-BR","@id":"https:\/\/www.suno.com.br\/noticias\/ford-tem-baixa-no-lucro-do-segundo-trimestre\/#primaryimage","url":"https:\/\/files.sunoresearch.com.br\/n\/uploads\/2019\/03\/573bbd5c-ford-jpg.webp","contentUrl":"https:\/\/files.sunoresearch.com.br\/n\/uploads\/2019\/03\/573bbd5c-ford-jpg.webp","width":993,"height":634,"caption":"A Ford disse que encerrar\u00e1 as atividades no Brasil. Bolsonaro, no entanto, diz que a companhia queria mais subs\u00eddios."},{"@type":"BreadcrumbList","@id":"https:\/\/www.suno.com.br\/noticias\/ford-tem-baixa-no-lucro-do-segundo-trimestre\/#breadcrumb","itemListElement":[{"@type":"ListItem","position":1,"name":"Not\u00edcias","item":"https:\/\/www.suno.com.br\/noticias\/"},{"@type":"ListItem","position":2,"name":"Neg\u00f3cios","item":"https:\/\/www.suno.com.br\/noticias\/negocios\/"},{"@type":"ListItem","position":3,"name":"Ford registra US$ 148 milh\u00f5es de lucro no trimestre; baixa de 86,1%"}]},{"@type":"WebSite","@id":"https:\/\/www.suno.com.br\/noticias\/#website","url":"https:\/\/www.suno.com.br\/noticias\/","name":"Suno Not\u00edcias","description":"Seu portal de informa\u00e7\u00e3o sobre o mundo dos investimentos","publisher":{"@id":"https:\/\/www.suno.com.br\/noticias\/#organization"},"potentialAction":[{"@type":"SearchAction","target":{"@type":"EntryPoint","urlTemplate":"https:\/\/www.suno.com.br\/noticias\/?s={search_term_string}"},"query-input":{"@type":"PropertyValueSpecification","valueRequired":true,"valueName":"search_term_string"}}],"inLanguage":"pt-BR"},{"@type":"Organization","@id":"https:\/\/www.suno.com.br\/noticias\/#organization","name":"Suno Not\u00edcias","url":"https:\/\/www.suno.com.br\/noticias\/","logo":{"@type":"ImageObject","inLanguage":"pt-BR","@id":"https:\/\/www.suno.com.br\/noticias\/#\/schema\/logo\/image\/","url":"https:\/\/files.sunoresearch.com.br\/n\/uploads\/2021\/09\/suno-logo.png","contentUrl":"https:\/\/files.sunoresearch.com.br\/n\/uploads\/2021\/09\/suno-logo.png","width":180,"height":180,"caption":"Suno Not\u00edcias"},"image":{"@id":"https:\/\/www.suno.com.br\/noticias\/#\/schema\/logo\/image\/"},"sameAs":["https:\/\/facebook.com\/sunoresearch","https:\/\/x.com\/sunoresearch","https:\/\/www.instagram.com\/suno","https:\/\/www.linkedin.com\/company\/suno-research\/","https:\/\/www.youtube.com\/c\/sunoresearch"]},{"@type":"Person","@id":"https:\/\/www.suno.com.br\/noticias\/#\/schema\/person\/1db762f78ffd8919a648a63e425953e3","name":"Juliano Passaro","image":{"@type":"ImageObject","inLanguage":"pt-BR","@id":"https:\/\/www.suno.com.br\/noticias\/#\/schema\/person\/image\/","url":"https:\/\/secure.gravatar.com\/avatar\/743d4df28eebf6dcc46b4ad03c319e92?s=96&r=g","contentUrl":"https:\/\/secure.gravatar.com\/avatar\/743d4df28eebf6dcc46b4ad03c319e92?s=96&r=g","caption":"Juliano Passaro"},"description":"Juliano Passaro escreve sobre pol\u00edtica, economia e neg\u00f3cios para o portal da Suno Research. Antes da Suno, trabalhou no Portal da Band. \u00c9 formado em jornalismo pela Universidade Presbiteriana Mackenzie.","url":"https:\/\/www.suno.com.br\/noticias\/author\/juliano\/"}]}},"default_loop_html":"<div class=\"cardsPage__listCard__boxs\"><div class=\"cardsPage__listCard__boxs__img\"><a href=\"https:\/\/www.suno.com.br\/noticias\/ford-tem-baixa-no-lucro-do-segundo-trimestre\/\"><img class=\"mask\" src=\"https:\/\/www.suno.com.br\/noticias\/wp-content\/themes\/suno\/resources\/images\/spotlight\/spotlight1img\/bg-mask.png\" alt=\"Image Mask\"\/><img src=\"https:\/\/files.sunoresearch.com.br\/n\/uploads\/2019\/03\/573bbd5c-ford-400x200.webp\" alt=\"Ford registra US$ 148 milh\u00f5es de lucro no trimestre; baixa de 86,1%\"\/><\/a><span class=\"spotlightCategory\"><a href=\"https:\/\/www.suno.com.br\/noticias\/negocios\/\">Neg\u00f3cios<\/a><\/span><\/div><div class=\"cardsPage__listCard__boxs__content\"><a href=\"https:\/\/www.suno.com.br\/noticias\/ford-tem-baixa-no-lucro-do-segundo-trimestre\/\"><h2 class=\"content__title\">Ford registra US$ 148 milh\u00f5es de lucro no trimestre; baixa de 86,1%<\/h2><\/a><div class=\"newsContent__article__meta\"><div class=\"newsContent__article__meta__authorBox\"><a href=\"https:\/\/www.suno.com.br\/noticias\/author\/juliano\/\" class=\"authorBox__avatar noMobi\"><img src=\"https:\/\/files.sunoresearch.com.br\/n\/uploads\/2019\/06\/7cc3efea-whatsapp-image-2019-07-18-at-21.59.33-e1563499821209-150x150.webp\" alt=\"Juliano Passaro\"><\/a><div class=\"authorBox__name\"><span>por\n\t\t\t<a href=\"https:\/\/www.suno.com.br\/noticias\/author\/juliano\/\"><span itemprop=\"author\">Juliano Passaro<\/span><\/a><\/span><time datetime=\"2019-07-25T15:15:30-03:00\" itemprop=\"datePublished\">25\/07\/2019 15:15<\/time><\/div><\/div><\/div><\/div><\/div>","single_layout":"posts","amp_enabled":true,"_links":{"self":[{"href":"https:\/\/www.suno.com.br\/noticias\/wp-json\/wp\/v2\/posts\/32160"}],"collection":[{"href":"https:\/\/www.suno.com.br\/noticias\/wp-json\/wp\/v2\/posts"}],"about":[{"href":"https:\/\/www.suno.com.br\/noticias\/wp-json\/wp\/v2\/types\/post"}],"author":[{"embeddable":true,"href":"https:\/\/www.suno.com.br\/noticias\/wp-json\/wp\/v2\/users\/19"}],"replies":[{"embeddable":true,"href":"https:\/\/www.suno.com.br\/noticias\/wp-json\/wp\/v2\/comments?post=32160"}],"version-history":[{"count":0,"href":"https:\/\/www.suno.com.br\/noticias\/wp-json\/wp\/v2\/posts\/32160\/revisions"}],"wp:featuredmedia":[{"embeddable":true,"href":"https:\/\/www.suno.com.br\/noticias\/wp-json\/wp\/v2\/media\/17180"}],"wp:attachment":[{"href":"https:\/\/www.suno.com.br\/noticias\/wp-json\/wp\/v2\/media?parent=32160"}],"wp:term":[{"taxonomy":"category","embeddable":true,"href":"https:\/\/www.suno.com.br\/noticias\/wp-json\/wp\/v2\/categories?post=32160"},{"taxonomy":"post_tag","embeddable":true,"href":"https:\/\/www.suno.com.br\/noticias\/wp-json\/wp\/v2\/tags?post=32160"},{"taxonomy":"suno_strategy","embeddable":true,"href":"https:\/\/www.suno.com.br\/noticias\/wp-json\/wp\/v2\/suno_strategy?post=32160"}],"curies":[{"name":"wp","href":"https:\/\/api.w.org\/{rel}","templated":true}]}}