{"id":321526,"date":"2022-11-22T17:40:44","date_gmt":"2022-11-22T20:40:44","guid":{"rendered":"https:\/\/www.suno.com.br\/noticias\/?p=321526"},"modified":"2022-11-22T17:40:49","modified_gmt":"2022-11-22T20:40:49","slug":"economia-novo-bloqueio-bilionario","status":"publish","type":"post","link":"https:\/\/www.suno.com.br\/noticias\/economia-novo-bloqueio-bilionario\/","title":{"rendered":"Economia faz novo bloqueio bilion\u00e1rio para cumprir teto de gastos"},"content":{"rendered":"<p>O <a class=\"suno-keyword\" data-force=\"no\" data-priority=\"3\" href=\"https:\/\/www.suno.com.br\/artigos\/ministerio-da-economia\/\" target=\"_blank\" rel=\"noopener\">Minist\u00e9rio da Economia<\/a> realizou um novo <strong>bloqueio bilion\u00e1rio<\/strong> no or\u00e7amento de 2022 para evitar que as despesas ultrapassem o limite do <a class=\"suno-keyword\" data-force=\"no\" data-priority=\"1\" href=\"https:\/\/www.suno.com.br\/artigos\/teto-de-gastos\/\" target=\"_blank\" rel=\"noopener\">teto de gastos<\/a>. Segundo informa\u00e7\u00f5es divulgadas nesta ter\u00e7a (22), a equipe liderada pelo ministro Paulo Guedes congelou&nbsp;R$ 5,7 bilh\u00f5es para conseguir pagar benef\u00edcios previdenci\u00e1rios e suprir os repasses da Lei Adir Blanc, que atende ao setor cultural.<\/p>\t<div class=\"wrapper-featured-image\">\n\t\t<figure class=\"spotlightImg\">\n\n\t\t\t<picture>\n\t\t\t\t<source media=\"(max-width: 768px)\" srcset=\"https:\/\/files.sunoresearch.com.br\/n\/uploads\/2022\/11\/paulo-guedes-economia-bloqueio-bilionario-reproducao-youtube-400x200.jpg\">\n\t\t\t\t<img loading=\"lazy\" decoding=\"async\" class=\"newsContent__article__imgCapa lazyloadDisabled \" src=\"https:\/\/files.sunoresearch.com.br\/n\/uploads\/2022\/11\/paulo-guedes-economia-bloqueio-bilionario-reproducao-youtube-800x450.jpg\" width=\"800\" height=\"450\" alt=\"Economia faz novo bloqueio bilion\u00e1rio para cumprir teto de gastos\" fetchpriority=high \/>\n\t\t\t<\/picture>\n\n\t\t\t<figcaption class=\"wp-caption-text wp-caption-text--show\">Paulo Guedes, ministro da Economia, em entrevista com Tiago Reis. Reprodu\u00e7\u00e3o: YouTube<\/figcaption>\n\t\t<\/figure>\n\t<\/div>\n\n\n\n\n\n\t<p>\n\t\t<a href=\"https:\/\/lp2.suno.com.br\/cl\/black-friday-2025\/?utm_campaign=_SNCDF0E4858_\" target=\"_blank\" data-element=\"shortcode-suno-banner\" title=\"Banner SUNO, clique e saiba mais\">\n\t\t\t<picture>\n\t\t\t\t<source media=\"(max-width: 500px)\" srcset=\"https:\/\/files.sunoresearch.com.br\/n\/uploads\/2025\/10\/Artigos-e-Noticias-Banner-Home-artigos-01-Mobile_-400x300-1-png.webp\">\n\t\t\t\t<img class=\"newsContent__article__imgCapa newsContent__article__imgCapa--banner\"\n\t\t\t\t\tsrc=\"https:\/\/files.sunoresearch.com.br\/n\/uploads\/2025\/10\/Artigos-e-Noticias-Banner-Home-artigos-01-Desktop_-1420x240-1-png.webp\"\n\t\t\t\t\tdata-promo-id=\"311259\"\t\t\t\t\t\t\t\t\t\twidth='1420' height='240'\t\t\t\t\talt=\"https:\/\/files.sunoresearch.com.br\/n\/uploads\/2025\/10\/Artigos-e-Noticias-Banner-Home-artigos-01-Desktop_-1420x240-1-png.webp\"\n\t\t\t\t>\n\t\t\t<\/picture>\n\t\t<\/a>\n\t<\/p>\n\n\n\n\n\n<p>Com essa iniciativa, o total de<strong> recursos congelados<\/strong> subiu para R$ 15,4 bilh\u00f5es. Em relat\u00f3rio, a pasta trouxe revis\u00f5es nas expectativas de receitas e nas proje\u00e7\u00f5es de gastos at\u00e9 o fim do ano, na compara\u00e7\u00e3o com as informa\u00e7\u00e3o que haviam sido apresentadas em julho.<\/p>\n\n\n\n<p>Um dos principais gastos do or\u00e7amento corresponde ao pagamento dos benef\u00edcios previdenci\u00e1rios neste ano. A previs\u00e3o subiu R$ 2,328 bilh\u00f5es, e os c\u00e1lculos atuais apontam para uma despesa de R$ 797,611 bilh\u00f5es.<\/p>\n\n\n\n<h2 class=\"wp-block-heading\"><strong>Or\u00e7amento de 2022<\/strong>: n<strong>ovas proje\u00e7\u00f5es<\/strong><\/h2>\n\n\n\n<p>Al\u00e9m da quest\u00e3o previdenci\u00e1ria, a pasta atualizou os n\u00fameros de outras proje\u00e7\u00f5es do <a class=\"suno-keyword\" target=\"_blank\" data-force=\"no\" data-priority=\"1\" href=\"https:\/\/www.suno.com.br\/artigos\/orcamento-publico\/\" rel=\"noopener\">or\u00e7amento p\u00fablico<\/a>. Confira a rela\u00e7\u00e3o:<\/p>\n\n\n\n<ul class=\"wp-block-list\"><li>Pagamentos de pessoal e encargos sociais: R$ 339,395 bilh\u00f5es (Aumento de R$ 332,01 milh\u00f5es);<\/li><li>Subs\u00eddios e subven\u00e7\u00f5es: R$ 18,011 bilh\u00f5es (Queda de R$ 1,290 bilh\u00e3o);<\/li><li>Precat\u00f3rios e senten\u00e7as judiciais: R$ 17,924 bilh\u00f5es (Queda de R$ 131,88 milh\u00f5es);<\/li><li>Receitas com dividendos de estatais: R$ 86,726 bilh\u00f5es (Aumento de R$ 6,266 bilh\u00f5es);<\/li><li>Receitas com concess\u00f5es: R$ 45,310 bilh\u00f5es (Aumento de R$ 92,8 milh\u00f5es);<\/li><\/ul>\n\n\n\n<p>O relat\u00f3rio tamb\u00e9m aponta que a proje\u00e7\u00e3o de arrecada\u00e7\u00e3o com royalties neste ano aumentou R$ 3,465 bilh\u00f5es, para R$ 133,215 bilh\u00f5es.<\/p>\n\n\n\t<p>\n\t\t<a href=\"https:\/\/lp.suno.com.br\/ebook-como-analisar-uma-acao\/\" target=\"_blank\" data-element=\"shortcode-suno-banner\" title=\"Banner SUNO, clique e saiba mais\">\n\t\t\t<picture>\n\t\t\t\t<source media=\"(max-width: 500px)\" srcset=\"https:\/\/files.sunoresearch.com.br\/n\/uploads\/2023\/12\/Ebook-Acoes-Mobile.jpg\">\n\t\t\t\t<img class=\"newsContent__article__imgCapa newsContent__article__imgCapa--banner\"\n\t\t\t\t\tsrc=\"https:\/\/files.sunoresearch.com.br\/n\/uploads\/2023\/12\/Ebook-Acoes-Desktop.webp\"\n\t\t\t\t\tdata-promo-id=\"311260\"\t\t\t\t\t\t\t\t\t\twidth='1420' height='286'\t\t\t\t\talt=\"https:\/\/files.sunoresearch.com.br\/n\/uploads\/2023\/12\/Ebook-Acoes-Desktop.webp\"\n\t\t\t\t>\n\t\t\t<\/picture>\n\t\t<\/a>\n\t<\/p>\n\n\n\n\n\n<h2 class=\"wp-block-heading\" id=\"h-indicadores-macroeconomicos\"><b>Indicadores macroecon\u00f4micos<\/b><\/h2>\n\n\n\n<p>No documento, a pasta atualizou mais indicadores da grade de par\u00e2metros macroecon\u00f4micos utilizados nos c\u00e1lculos da execu\u00e7\u00e3o or\u00e7ament\u00e1ria de 2022. A equipe econ\u00f4mica manteve a proje\u00e7\u00e3o para a Selic m\u00e9dia em 2022 de 12,3%.<\/p>\n\n\n\n<p>J\u00e1 a proje\u00e7\u00e3o para o c\u00e2mbio m\u00e9dio deste ano passou de R$ 5,2 para R$ 5,16. A previs\u00e3o para a alta da massa salarial nominal passou de 18,2% para 18,9%.<\/p>\n\n\n\n<p>A estimativa do <a class=\"suno-keyword\" target=\"_blank\" data-force=\"no\" data-priority=\"1\" href=\"https:\/\/www.suno.com.br\/artigos\/preco-medio\/\" rel=\"noopener\">pre\u00e7o m\u00e9dio<\/a> do barril de petr\u00f3leo no mercado internacional passou de US$ 100,5 para US$ 101,77.<\/p>\n\n\n\n<p>Na semana passada, a equipe econ\u00f4mica j\u00e1 havia divulgado uma nova estimativa para o crescimento da economia neste ano, que se manteve em 2,70%. Na ocasi\u00e3o, a proje\u00e7\u00e3o oficial para a infla\u00e7\u00e3o medida pelo \u00cdndice Nacional de Pre\u00e7os ao Consumidor Amplo (IPCA) recuou de 6,30% para 5,85%, enquanto a estimativa para o \u00cdndice Nacional de Pre\u00e7os ao Consumidor (INPC) &#8211; utilizado para a corre\u00e7\u00e3o do sal\u00e1rio m\u00ednimo &#8211; passou de 6,54% para 6,00%. <\/p>\n\n\n\n<p>O <strong>bloqueio bilion\u00e1rio <\/strong>do or\u00e7amento do atual governo vai na<a href=\"https:\/\/www.suno.com.br\/noticias\/diferenca-furos-teto-gastos-bolsonaro-lula\/\" target=\"_blank\" rel=\"noreferrer noopener\"> contram\u00e3o da proposta do presidente eleito Luiz In\u00e1cio Lula da Silva (PT)<\/a>, que busca alternativas para driblar o teto, o que causa temor no mercado. <\/p>\n\n\n\n<p><em>Com Estad\u00e3o Conte\u00fado<\/em><\/p>\n\n\n\t<p>\n\t\t<a href=\"https:\/\/lp.suno.com.br\/minicurso-investindo-fiis\/\" target=\"_blank\" data-element=\"shortcode-suno-banner\" title=\"Banner SUNO, clique e saiba mais\">\n\t\t\t<picture>\n\t\t\t\t<source media=\"(max-width: 500px)\" srcset=\"https:\/\/files.sunoresearch.com.br\/n\/uploads\/2023\/07\/400x300-Minicurso-FIIS.png\">\n\t\t\t\t<img class=\"newsContent__article__imgCapa newsContent__article__imgCapa--banner\"\n\t\t\t\t\tsrc=\"https:\/\/files.sunoresearch.com.br\/n\/uploads\/2023\/07\/1420x240-Minicurso-FIIS.png\"\n\t\t\t\t\tdata-promo-id=\"311935\"\t\t\t\t\t\t\t\t\t\twidth='1420' height='240'\t\t\t\t\talt=\"https:\/\/files.sunoresearch.com.br\/n\/uploads\/2023\/07\/1420x240-Minicurso-FIIS.png\"\n\t\t\t\t>\n\t\t\t<\/picture>\n\t\t<\/a>\n\t<\/p>\n\n\n","protected":false},"excerpt":{"rendered":"<p>O Minist\u00e9rio da Economia realizou um novo bloqueio bilion\u00e1rio no or\u00e7amento de 2022 para evitar que as despesas ultrapassem o limite do teto de gastos. Segundo informa\u00e7\u00f5es divulgadas nesta ter\u00e7a (22), a equipe liderada pelo ministro Paulo Guedes congelou&nbsp;R$ 5,7 bilh\u00f5es para conseguir pagar benef\u00edcios previdenci\u00e1rios e suprir os repasses da Lei Adir Blanc, que [&hellip;]<\/p>\n","protected":false},"author":232,"featured_media":321648,"comment_status":"closed","ping_status":"closed","sticky":false,"template":"","format":"standard","meta":[],"categories":[61],"tags":[909,796],"suno_strategy":[],"class_list":["post-321526","post","type-post","status-publish","format-standard","has-post-thumbnail","hentry","category-politica","tag-ministerio-da-economia","tag-paulo-guedes"],"yoast_head":"<!-- This site is optimized with the Yoast SEO plugin v24.4 - https:\/\/yoast.com\/wordpress\/plugins\/seo\/ -->\n<title>Economia faz novo bloqueio bilion\u00e1rio para cumprir teto de gastos<\/title>\n<meta name=\"description\" content=\"O Minist\u00e9rio da Economia realizou um bloqueio bilion\u00e1rio no or\u00e7amento 2022 para evitar que as despesas ultrapassem o teto. Saiba mais.\" \/>\n<meta name=\"robots\" content=\"index, follow, max-snippet:-1, max-image-preview:large, max-video-preview:-1\" \/>\n<link rel=\"canonical\" href=\"https:\/\/www.suno.com.br\/noticias\/economia-novo-bloqueio-bilionario\/\" \/>\n<meta property=\"og:locale\" content=\"pt_BR\" \/>\n<meta property=\"og:type\" content=\"article\" \/>\n<meta property=\"og:title\" content=\"Economia faz novo bloqueio bilion\u00e1rio para cumprir teto de gastos\" \/>\n<meta property=\"og:description\" content=\"O Minist\u00e9rio da Economia realizou um bloqueio bilion\u00e1rio no or\u00e7amento 2022 para evitar que as despesas ultrapassem o teto. Saiba mais.\" \/>\n<meta property=\"og:url\" content=\"https:\/\/www.suno.com.br\/noticias\/economia-novo-bloqueio-bilionario\/\" \/>\n<meta property=\"og:site_name\" content=\"Suno Not\u00edcias\" \/>\n<meta property=\"article:publisher\" content=\"https:\/\/facebook.com\/sunoresearch\" \/>\n<meta property=\"og:image\" content=\"https:\/\/files.sunoresearch.com.br\/n\/uploads\/2022\/11\/paulo-guedes-economia-bloqueio-bilionario-reproducao-youtube.jpg\" \/>\n\t<meta property=\"og:image:width\" content=\"1200\" \/>\n\t<meta property=\"og:image:height\" content=\"675\" \/>\n\t<meta property=\"og:image:type\" content=\"image\/jpeg\" \/>\n<meta name=\"author\" content=\"Erick Matheus Nery\" \/>\n<meta name=\"twitter:card\" content=\"summary_large_image\" \/>\n<meta name=\"twitter:creator\" content=\"@sunoresearch\" \/>\n<meta name=\"twitter:site\" content=\"@sunoresearch\" \/>\n<meta name=\"twitter:label1\" content=\"Escrito por\" \/>\n\t<meta name=\"twitter:data1\" content=\"Erick Matheus Nery\" \/>\n\t<meta name=\"twitter:label2\" content=\"Est. tempo de leitura\" \/>\n\t<meta name=\"twitter:data2\" content=\"3 minutos\" \/>\n<script type=\"application\/ld+json\" class=\"yoast-schema-graph\">{\"@context\":\"https:\/\/schema.org\",\"@graph\":[{\"@type\":\"NewsArticle\",\"@id\":\"https:\/\/www.suno.com.br\/noticias\/economia-novo-bloqueio-bilionario\/#article\",\"isPartOf\":{\"@id\":\"https:\/\/www.suno.com.br\/noticias\/economia-novo-bloqueio-bilionario\/\"},\"author\":{\"name\":\"Erick Matheus Nery\",\"@id\":\"https:\/\/www.suno.com.br\/noticias\/#\/schema\/person\/6899bc3f19d1a7315f807131c2c013a0\"},\"headline\":\"Economia faz novo bloqueio bilion\u00e1rio para cumprir teto de gastos\",\"datePublished\":\"2022-11-22T20:40:44+00:00\",\"dateModified\":\"2022-11-22T20:40:49+00:00\",\"mainEntityOfPage\":{\"@id\":\"https:\/\/www.suno.com.br\/noticias\/economia-novo-bloqueio-bilionario\/\"},\"wordCount\":509,\"publisher\":{\"@id\":\"https:\/\/www.suno.com.br\/noticias\/#organization\"},\"image\":{\"@id\":\"https:\/\/www.suno.com.br\/noticias\/economia-novo-bloqueio-bilionario\/#primaryimage\"},\"thumbnailUrl\":\"https:\/\/files.sunoresearch.com.br\/n\/uploads\/2022\/11\/paulo-guedes-economia-bloqueio-bilionario-reproducao-youtube.jpg\",\"keywords\":[\"Minist\u00e9rio da Economia\",\"Paulo Guedes\"],\"articleSection\":[\"Pol\u00edtica\"],\"inLanguage\":\"pt-BR\"},{\"@type\":\"WebPage\",\"@id\":\"https:\/\/www.suno.com.br\/noticias\/economia-novo-bloqueio-bilionario\/\",\"url\":\"https:\/\/www.suno.com.br\/noticias\/economia-novo-bloqueio-bilionario\/\",\"name\":\"Economia faz novo bloqueio bilion\u00e1rio para cumprir teto de gastos\",\"isPartOf\":{\"@id\":\"https:\/\/www.suno.com.br\/noticias\/#website\"},\"primaryImageOfPage\":{\"@id\":\"https:\/\/www.suno.com.br\/noticias\/economia-novo-bloqueio-bilionario\/#primaryimage\"},\"image\":{\"@id\":\"https:\/\/www.suno.com.br\/noticias\/economia-novo-bloqueio-bilionario\/#primaryimage\"},\"thumbnailUrl\":\"https:\/\/files.sunoresearch.com.br\/n\/uploads\/2022\/11\/paulo-guedes-economia-bloqueio-bilionario-reproducao-youtube.jpg\",\"datePublished\":\"2022-11-22T20:40:44+00:00\",\"dateModified\":\"2022-11-22T20:40:49+00:00\",\"description\":\"O Minist\u00e9rio da Economia realizou um bloqueio bilion\u00e1rio no or\u00e7amento 2022 para evitar que as despesas ultrapassem o teto. Saiba mais.\",\"breadcrumb\":{\"@id\":\"https:\/\/www.suno.com.br\/noticias\/economia-novo-bloqueio-bilionario\/#breadcrumb\"},\"inLanguage\":\"pt-BR\",\"potentialAction\":[{\"@type\":\"ReadAction\",\"target\":[\"https:\/\/www.suno.com.br\/noticias\/economia-novo-bloqueio-bilionario\/\"]}]},{\"@type\":\"ImageObject\",\"inLanguage\":\"pt-BR\",\"@id\":\"https:\/\/www.suno.com.br\/noticias\/economia-novo-bloqueio-bilionario\/#primaryimage\",\"url\":\"https:\/\/files.sunoresearch.com.br\/n\/uploads\/2022\/11\/paulo-guedes-economia-bloqueio-bilionario-reproducao-youtube.jpg\",\"contentUrl\":\"https:\/\/files.sunoresearch.com.br\/n\/uploads\/2022\/11\/paulo-guedes-economia-bloqueio-bilionario-reproducao-youtube.jpg\",\"width\":1200,\"height\":675,\"caption\":\"Paulo Guedes, ministro da Economia, em entrevista com Tiago Reis. Reprodu\u00e7\u00e3o: YouTube\"},{\"@type\":\"BreadcrumbList\",\"@id\":\"https:\/\/www.suno.com.br\/noticias\/economia-novo-bloqueio-bilionario\/#breadcrumb\",\"itemListElement\":[{\"@type\":\"ListItem\",\"position\":1,\"name\":\"Not\u00edcias\",\"item\":\"https:\/\/www.suno.com.br\/noticias\/\"},{\"@type\":\"ListItem\",\"position\":2,\"name\":\"Pol\u00edtica\",\"item\":\"https:\/\/www.suno.com.br\/noticias\/politica\/\"},{\"@type\":\"ListItem\",\"position\":3,\"name\":\"Economia faz novo bloqueio bilion\u00e1rio para cumprir teto de gastos\"}]},{\"@type\":\"WebSite\",\"@id\":\"https:\/\/www.suno.com.br\/noticias\/#website\",\"url\":\"https:\/\/www.suno.com.br\/noticias\/\",\"name\":\"Suno Not\u00edcias\",\"description\":\"Seu portal de informa\u00e7\u00e3o sobre o mundo dos investimentos\",\"publisher\":{\"@id\":\"https:\/\/www.suno.com.br\/noticias\/#organization\"},\"potentialAction\":[{\"@type\":\"SearchAction\",\"target\":{\"@type\":\"EntryPoint\",\"urlTemplate\":\"https:\/\/www.suno.com.br\/noticias\/?s={search_term_string}\"},\"query-input\":{\"@type\":\"PropertyValueSpecification\",\"valueRequired\":true,\"valueName\":\"search_term_string\"}}],\"inLanguage\":\"pt-BR\"},{\"@type\":\"Organization\",\"@id\":\"https:\/\/www.suno.com.br\/noticias\/#organization\",\"name\":\"Suno Not\u00edcias\",\"url\":\"https:\/\/www.suno.com.br\/noticias\/\",\"logo\":{\"@type\":\"ImageObject\",\"inLanguage\":\"pt-BR\",\"@id\":\"https:\/\/www.suno.com.br\/noticias\/#\/schema\/logo\/image\/\",\"url\":\"https:\/\/files.sunoresearch.com.br\/n\/uploads\/2021\/09\/suno-logo.png\",\"contentUrl\":\"https:\/\/files.sunoresearch.com.br\/n\/uploads\/2021\/09\/suno-logo.png\",\"width\":180,\"height\":180,\"caption\":\"Suno Not\u00edcias\"},\"image\":{\"@id\":\"https:\/\/www.suno.com.br\/noticias\/#\/schema\/logo\/image\/\"},\"sameAs\":[\"https:\/\/facebook.com\/sunoresearch\",\"https:\/\/x.com\/sunoresearch\",\"https:\/\/www.instagram.com\/suno\",\"https:\/\/www.linkedin.com\/company\/suno-research\/\",\"https:\/\/www.youtube.com\/c\/sunoresearch\"]},{\"@type\":\"Person\",\"@id\":\"https:\/\/www.suno.com.br\/noticias\/#\/schema\/person\/6899bc3f19d1a7315f807131c2c013a0\",\"name\":\"Erick Matheus Nery\",\"image\":{\"@type\":\"ImageObject\",\"inLanguage\":\"pt-BR\",\"@id\":\"https:\/\/www.suno.com.br\/noticias\/#\/schema\/person\/image\/\",\"url\":\"https:\/\/secure.gravatar.com\/avatar\/518ddffe438ccb767782d372a66304d2?s=96&r=g\",\"contentUrl\":\"https:\/\/secure.gravatar.com\/avatar\/518ddffe438ccb767782d372a66304d2?s=96&r=g\",\"caption\":\"Erick Matheus Nery\"},\"description\":\"Formado em Jornalismo pela Universidade Federal do Par\u00e1 (UFPA), conta com extens\u00e3o em Jornalismo Econ\u00f4mico pela Funda\u00e7\u00e3o Get\u00falio Vargas (FGV). No Suno Not\u00edcias, atua como rep\u00f3rter de Mercado, com foco nos setores de telecomunica\u00e7\u00f5es, varejo, alimentos e renda fixa. Conta com passagens pelo jornal O Estado de S\u00e3o Paulo, como trainee de Jornalismo Econ\u00f4mico, e pelo site Not\u00edcias da TV.\",\"url\":\"https:\/\/www.suno.com.br\/noticias\/author\/erick-nery\/\"}]}<\/script>\n<!-- \/ Yoast SEO plugin. -->","yoast_head_json":{"title":"Economia faz novo bloqueio bilion\u00e1rio para cumprir teto de gastos","description":"O Minist\u00e9rio da Economia realizou um bloqueio bilion\u00e1rio no or\u00e7amento 2022 para evitar que as despesas ultrapassem o teto. Saiba mais.","robots":{"index":"index","follow":"follow","max-snippet":"max-snippet:-1","max-image-preview":"max-image-preview:large","max-video-preview":"max-video-preview:-1"},"canonical":"https:\/\/www.suno.com.br\/noticias\/economia-novo-bloqueio-bilionario\/","og_locale":"pt_BR","og_type":"article","og_title":"Economia faz novo bloqueio bilion\u00e1rio para cumprir teto de gastos","og_description":"O Minist\u00e9rio da Economia realizou um bloqueio bilion\u00e1rio no or\u00e7amento 2022 para evitar que as despesas ultrapassem o teto. Saiba mais.","og_url":"https:\/\/www.suno.com.br\/noticias\/economia-novo-bloqueio-bilionario\/","og_site_name":"Suno Not\u00edcias","article_publisher":"https:\/\/facebook.com\/sunoresearch","og_image":[{"width":1200,"height":675,"url":"https:\/\/files.sunoresearch.com.br\/n\/uploads\/2022\/11\/paulo-guedes-economia-bloqueio-bilionario-reproducao-youtube.jpg","type":"image\/jpeg"}],"author":"Erick Matheus Nery","twitter_card":"summary_large_image","twitter_creator":"@sunoresearch","twitter_site":"@sunoresearch","twitter_misc":{"Escrito por":"Erick Matheus Nery","Est. tempo de leitura":"3 minutos"},"schema":{"@context":"https:\/\/schema.org","@graph":[{"@type":"NewsArticle","@id":"https:\/\/www.suno.com.br\/noticias\/economia-novo-bloqueio-bilionario\/#article","isPartOf":{"@id":"https:\/\/www.suno.com.br\/noticias\/economia-novo-bloqueio-bilionario\/"},"author":{"name":"Erick Matheus Nery","@id":"https:\/\/www.suno.com.br\/noticias\/#\/schema\/person\/6899bc3f19d1a7315f807131c2c013a0"},"headline":"Economia faz novo bloqueio bilion\u00e1rio para cumprir teto de gastos","datePublished":"2022-11-22T20:40:44+00:00","dateModified":"2022-11-22T20:40:49+00:00","mainEntityOfPage":{"@id":"https:\/\/www.suno.com.br\/noticias\/economia-novo-bloqueio-bilionario\/"},"wordCount":509,"publisher":{"@id":"https:\/\/www.suno.com.br\/noticias\/#organization"},"image":{"@id":"https:\/\/www.suno.com.br\/noticias\/economia-novo-bloqueio-bilionario\/#primaryimage"},"thumbnailUrl":"https:\/\/files.sunoresearch.com.br\/n\/uploads\/2022\/11\/paulo-guedes-economia-bloqueio-bilionario-reproducao-youtube.jpg","keywords":["Minist\u00e9rio da Economia","Paulo Guedes"],"articleSection":["Pol\u00edtica"],"inLanguage":"pt-BR"},{"@type":"WebPage","@id":"https:\/\/www.suno.com.br\/noticias\/economia-novo-bloqueio-bilionario\/","url":"https:\/\/www.suno.com.br\/noticias\/economia-novo-bloqueio-bilionario\/","name":"Economia faz novo bloqueio bilion\u00e1rio para cumprir teto de gastos","isPartOf":{"@id":"https:\/\/www.suno.com.br\/noticias\/#website"},"primaryImageOfPage":{"@id":"https:\/\/www.suno.com.br\/noticias\/economia-novo-bloqueio-bilionario\/#primaryimage"},"image":{"@id":"https:\/\/www.suno.com.br\/noticias\/economia-novo-bloqueio-bilionario\/#primaryimage"},"thumbnailUrl":"https:\/\/files.sunoresearch.com.br\/n\/uploads\/2022\/11\/paulo-guedes-economia-bloqueio-bilionario-reproducao-youtube.jpg","datePublished":"2022-11-22T20:40:44+00:00","dateModified":"2022-11-22T20:40:49+00:00","description":"O Minist\u00e9rio da Economia realizou um bloqueio bilion\u00e1rio no or\u00e7amento 2022 para evitar que as despesas ultrapassem o teto. Saiba mais.","breadcrumb":{"@id":"https:\/\/www.suno.com.br\/noticias\/economia-novo-bloqueio-bilionario\/#breadcrumb"},"inLanguage":"pt-BR","potentialAction":[{"@type":"ReadAction","target":["https:\/\/www.suno.com.br\/noticias\/economia-novo-bloqueio-bilionario\/"]}]},{"@type":"ImageObject","inLanguage":"pt-BR","@id":"https:\/\/www.suno.com.br\/noticias\/economia-novo-bloqueio-bilionario\/#primaryimage","url":"https:\/\/files.sunoresearch.com.br\/n\/uploads\/2022\/11\/paulo-guedes-economia-bloqueio-bilionario-reproducao-youtube.jpg","contentUrl":"https:\/\/files.sunoresearch.com.br\/n\/uploads\/2022\/11\/paulo-guedes-economia-bloqueio-bilionario-reproducao-youtube.jpg","width":1200,"height":675,"caption":"Paulo Guedes, ministro da Economia, em entrevista com Tiago Reis. Reprodu\u00e7\u00e3o: YouTube"},{"@type":"BreadcrumbList","@id":"https:\/\/www.suno.com.br\/noticias\/economia-novo-bloqueio-bilionario\/#breadcrumb","itemListElement":[{"@type":"ListItem","position":1,"name":"Not\u00edcias","item":"https:\/\/www.suno.com.br\/noticias\/"},{"@type":"ListItem","position":2,"name":"Pol\u00edtica","item":"https:\/\/www.suno.com.br\/noticias\/politica\/"},{"@type":"ListItem","position":3,"name":"Economia faz novo bloqueio bilion\u00e1rio para cumprir teto de gastos"}]},{"@type":"WebSite","@id":"https:\/\/www.suno.com.br\/noticias\/#website","url":"https:\/\/www.suno.com.br\/noticias\/","name":"Suno Not\u00edcias","description":"Seu portal de informa\u00e7\u00e3o sobre o mundo dos investimentos","publisher":{"@id":"https:\/\/www.suno.com.br\/noticias\/#organization"},"potentialAction":[{"@type":"SearchAction","target":{"@type":"EntryPoint","urlTemplate":"https:\/\/www.suno.com.br\/noticias\/?s={search_term_string}"},"query-input":{"@type":"PropertyValueSpecification","valueRequired":true,"valueName":"search_term_string"}}],"inLanguage":"pt-BR"},{"@type":"Organization","@id":"https:\/\/www.suno.com.br\/noticias\/#organization","name":"Suno Not\u00edcias","url":"https:\/\/www.suno.com.br\/noticias\/","logo":{"@type":"ImageObject","inLanguage":"pt-BR","@id":"https:\/\/www.suno.com.br\/noticias\/#\/schema\/logo\/image\/","url":"https:\/\/files.sunoresearch.com.br\/n\/uploads\/2021\/09\/suno-logo.png","contentUrl":"https:\/\/files.sunoresearch.com.br\/n\/uploads\/2021\/09\/suno-logo.png","width":180,"height":180,"caption":"Suno Not\u00edcias"},"image":{"@id":"https:\/\/www.suno.com.br\/noticias\/#\/schema\/logo\/image\/"},"sameAs":["https:\/\/facebook.com\/sunoresearch","https:\/\/x.com\/sunoresearch","https:\/\/www.instagram.com\/suno","https:\/\/www.linkedin.com\/company\/suno-research\/","https:\/\/www.youtube.com\/c\/sunoresearch"]},{"@type":"Person","@id":"https:\/\/www.suno.com.br\/noticias\/#\/schema\/person\/6899bc3f19d1a7315f807131c2c013a0","name":"Erick Matheus Nery","image":{"@type":"ImageObject","inLanguage":"pt-BR","@id":"https:\/\/www.suno.com.br\/noticias\/#\/schema\/person\/image\/","url":"https:\/\/secure.gravatar.com\/avatar\/518ddffe438ccb767782d372a66304d2?s=96&r=g","contentUrl":"https:\/\/secure.gravatar.com\/avatar\/518ddffe438ccb767782d372a66304d2?s=96&r=g","caption":"Erick Matheus Nery"},"description":"Formado em Jornalismo pela Universidade Federal do Par\u00e1 (UFPA), conta com extens\u00e3o em Jornalismo Econ\u00f4mico pela Funda\u00e7\u00e3o Get\u00falio Vargas (FGV). No Suno Not\u00edcias, atua como rep\u00f3rter de Mercado, com foco nos setores de telecomunica\u00e7\u00f5es, varejo, alimentos e renda fixa. Conta com passagens pelo jornal O Estado de S\u00e3o Paulo, como trainee de Jornalismo Econ\u00f4mico, e pelo site Not\u00edcias da TV.","url":"https:\/\/www.suno.com.br\/noticias\/author\/erick-nery\/"}]}},"default_loop_html":"<div class=\"cardsPage__listCard__boxs\"><div class=\"cardsPage__listCard__boxs__img\"><a href=\"https:\/\/www.suno.com.br\/noticias\/economia-novo-bloqueio-bilionario\/\"><img class=\"mask\" src=\"https:\/\/www.suno.com.br\/noticias\/wp-content\/themes\/suno\/resources\/images\/spotlight\/spotlight1img\/bg-mask.png\" alt=\"Image Mask\"\/><img src=\"https:\/\/files.sunoresearch.com.br\/n\/uploads\/2022\/11\/paulo-guedes-economia-bloqueio-bilionario-reproducao-youtube-400x200.jpg\" alt=\"Economia faz novo bloqueio bilion\u00e1rio para cumprir teto de gastos\"\/><\/a><span class=\"spotlightCategory\"><a href=\"https:\/\/www.suno.com.br\/noticias\/politica\/\">Pol\u00edtica<\/a><\/span><\/div><div class=\"cardsPage__listCard__boxs__content\"><a href=\"https:\/\/www.suno.com.br\/noticias\/economia-novo-bloqueio-bilionario\/\"><h2 class=\"content__title\">Economia faz novo bloqueio bilion\u00e1rio para cumprir teto de gastos<\/h2><\/a><div class=\"newsContent__article__meta\"><div class=\"newsContent__article__meta__authorBox\"><a href=\"https:\/\/www.suno.com.br\/noticias\/author\/erick-nery\/\" class=\"authorBox__avatar noMobi\"><img src=\"https:\/\/secure.gravatar.com\/avatar\/518ddffe438ccb767782d372a66304d2?s=96&#038;r=g\" alt=\"Erick Matheus Nery\"><\/a><div class=\"authorBox__name\"><span>por\n\t\t\t<a href=\"https:\/\/www.suno.com.br\/noticias\/author\/erick-nery\/\"><span itemprop=\"author\">Erick Matheus Nery<\/span><\/a><\/span><time datetime=\"2022-11-22T17:40:44-03:00\" itemprop=\"datePublished\">22\/11\/2022 17:40<\/time><\/div><\/div><\/div><\/div><\/div>","single_layout":"posts","amp_enabled":true,"_links":{"self":[{"href":"https:\/\/www.suno.com.br\/noticias\/wp-json\/wp\/v2\/posts\/321526"}],"collection":[{"href":"https:\/\/www.suno.com.br\/noticias\/wp-json\/wp\/v2\/posts"}],"about":[{"href":"https:\/\/www.suno.com.br\/noticias\/wp-json\/wp\/v2\/types\/post"}],"author":[{"embeddable":true,"href":"https:\/\/www.suno.com.br\/noticias\/wp-json\/wp\/v2\/users\/232"}],"replies":[{"embeddable":true,"href":"https:\/\/www.suno.com.br\/noticias\/wp-json\/wp\/v2\/comments?post=321526"}],"version-history":[{"count":3,"href":"https:\/\/www.suno.com.br\/noticias\/wp-json\/wp\/v2\/posts\/321526\/revisions"}],"predecessor-version":[{"id":321674,"href":"https:\/\/www.suno.com.br\/noticias\/wp-json\/wp\/v2\/posts\/321526\/revisions\/321674"}],"wp:featuredmedia":[{"embeddable":true,"href":"https:\/\/www.suno.com.br\/noticias\/wp-json\/wp\/v2\/media\/321648"}],"wp:attachment":[{"href":"https:\/\/www.suno.com.br\/noticias\/wp-json\/wp\/v2\/media?parent=321526"}],"wp:term":[{"taxonomy":"category","embeddable":true,"href":"https:\/\/www.suno.com.br\/noticias\/wp-json\/wp\/v2\/categories?post=321526"},{"taxonomy":"post_tag","embeddable":true,"href":"https:\/\/www.suno.com.br\/noticias\/wp-json\/wp\/v2\/tags?post=321526"},{"taxonomy":"suno_strategy","embeddable":true,"href":"https:\/\/www.suno.com.br\/noticias\/wp-json\/wp\/v2\/suno_strategy?post=321526"}],"curies":[{"name":"wp","href":"https:\/\/api.w.org\/{rel}","templated":true}]}}