{"id":321433,"date":"2022-11-22T16:23:48","date_gmt":"2022-11-22T19:23:48","guid":{"rendered":"https:\/\/www.suno.com.br\/noticias\/?p=321433"},"modified":"2022-11-22T16:23:53","modified_gmt":"2022-11-22T19:23:53","slug":"copel-cple6-privatizacao-dividendos","status":"publish","type":"post","link":"https:\/\/www.suno.com.br\/noticias\/copel-cple6-privatizacao-dividendos\/","title":{"rendered":"Copel (CPLE6) aumentar\u00e1 dividendos?"},"content":{"rendered":"<p>A <a class=\"suno-keyword\" data-force=\"yes\" data-priority=\"2\" href=\"https:\/\/www.suno.com.br\/acoes\/CPLE6\/\" target=\"_blank\" rel=\"noopener\"><strong>Copel <\/strong>(CPLE6)<\/a> foi o grande destaque do preg\u00e3o de segunda (21), subindo mais de 20% no Ibovespa com a sinaliza\u00e7\u00e3o do governo do Paran\u00e1 para privatizar a companhia, tornando-a uma corporation.<\/p><div class=\"videoFull \">\n\t\t\t<div class=\"videoWrapper yt-lazyload center\"\n\t\t\t\tdata-width=\"960\"\n\t\t\t\tdata-height=\"540\"\n\t\t\t\tdata-id=\"n3dd6IieugI\"\n\t\t\t\tdata-alt=\"V\u00eddeo do YouTube - clique para reproduzir\"\n\t\t\t\tdata-logo=\"3\"\n\t\t\t\tdata-imagequality=\"maxres\">\n\t\t\t<\/div>\n\t\t<\/div><script type=\"application\/ld+json\">{\"@context\":\"https:\/\/schema.org\",\"@type\":\"VideoObject\",\"name\":\"PEC ALTERNATIVA ANIMA MERCADO | Copel (CPLE6) ser\u00e1 privatizada? | Oi (OIBR3) discorda de bancos\",\"description\":\"#morningcall #Not\u00edcias #pecdatransi\u00e7\u00e3o #pec #lula #eleicoes #elei\u00e7\u00f5es2022 #copel #cple6 #oi #oibr3 #recupera\u00e7\u00e3ojudicial #bancos #petrobras #china \ud835\udc08\ud835\udc0d\ud835\udc12\ud835\udc02\ud835\udc11\ud835\udc04\ud835\udc15\ud835\udc00-\ud835\udc12\ud835\udc04 \ud835\udc0d\ud835\udc0e \ud835\udc02\ud835\udc00\ud835\udc0d\ud835\udc00\ud835\udc0b \ud835\udc04 \ud835\udc00\ud835\udc13\ud835\udc08\ud835\udc15\ud835\udc04 \ud835\udc0e \ud835\udc12\ud835\udc08\ud835\udc0d\ud835\udc0e \ud83d\udc47 https:\/\/bit.ly\/INSCREVA-SEATIVEOSINO \ud83d\udcda \ud83d\udcb8\ud835\udc02\ud835\udc28\ud835\udc27\ud835\udc2c\ud835\udc2d\ud835\udc2b\ud835\udc2e\ud835\udc1a \ud835\udc2e\ud835\udc26\ud835\udc1a \ud835\udc1c\ud835\udc1a\ud835\udc2b\ud835\udc2d\ud835\udc1e\ud835\udc22\ud835\udc2b\ud835\udc1a \ud835\udc1c\ud835\udc1a\ud835\udc26\ud835\udc29\ud835\udc1e\u00e3 \ud835\udc2e\ud835\udc2c\ud835\udc1a\ud835\udc27\ud835\udc1d\ud835\udc28 \ud835\udc1a\ud835\udc2c \ud835\udc2d\u00e1\ud835\udc2d\ud835\udc22\ud835\udc1c\ud835\udc1a\ud835\udc2c \ud835\udc1d\ud835\udc1a \ud835\udc12\ud835\udc2e\ud835\udc27\ud835\udc28 \ud835\udc1e \ud835\udc2d\ud835\udc1e\ud835\udc27\ud835\udc21\ud835\udc1a \ud835\udc2b\ud835\udc1e\ud835\udc2c\ud835\udc2e\ud835\udc25\ud835\udc2d\ud835\udc1a\ud835\udc1d\ud835\udc28\ud835\udc2c \ud835\udc1a\ud835\udc1c\ud835\udc22\ud835\udc26\ud835\udc1a \ud835\udc1d\ud835\udc1a \ud835\udc26\u00e9\ud835\udc1d\ud835\udc22\ud835\udc1a. \ud835\udc00 \ud835\udc01\ud835\udc25\ud835\udc1a\ud835\udc1c\ud835\udc24 \ud835\udc05\ud835\udc2b\ud835\udc22\ud835\udc1d\ud835\udc1a\ud835\udc32 \ud835\udc1e\ud835\udc2c\ud835\udc2d\u00e1 \ud835\udc1c\ud835\udc21\ud835\udc1e\ud835\udc20\ud835\udc1a\ud835\udc27\ud835\udc1d\ud835\udc28 \ud835\udc1e \ud835\udc2f\ud835\udc28\ud835\udc1c\u00ea \ud835\udc29\ud835\udc2b\ud835\udc1e\ud835\udc1c\ud835\udc22\ud835\udc2c\ud835\udc1a \ud835\udc1e\ud835\udc2c\ud835\udc2d\ud835\udc1a\ud835\udc2b \ud835\udc29\ud835\udc2b\ud835\udc1e\ud835\udc29\ud835\udc1a\ud835\udc2b\ud835\udc1a\ud835\udc1d\ud835\udc28 \ud835\udc29\ud835\udc1a\ud835\udc2b\ud835\udc1a \ud835\udc1a\ud835\udc29\ud835\udc2b\ud835\udc28\ud835\udc2f\ud835\udc1e\ud835\udc22\ud835\udc2d\ud835\udc1a\ud835\udc2b \ud835\udc1a\ud835\udc2c \ud835\udc26\ud835\udc1e\ud835\udc25\ud835\udc21\ud835\udc28\ud835\udc2b\ud835\udc1e\ud835\udc2c \ud835\udc28\ud835\udc1f\ud835\udc1e\ud835\udc2b\ud835\udc2d\ud835\udc1a\ud835\udc2c\u2026\",\"duration\":\"PT43M18S\",\"embedUrl\":\"https:\/\/www.youtube.com\/embed\/n3dd6IieugI\",\"regionsAllowed\":\"pt-BR\",\"interactionStatistic\":{\"@type\":\"InteractionCounter\",\"interactionType\":{\"@type\":\"WatchAction\"},\"userInteractionCount\":3109},\"thumbnailUrl\":\"https:\/\/i.ytimg.com\/vi\/n3dd6IieugI\/default.jpg\",\"uploadDate\":\"2022-11-22T12:50:20Z\"}<\/script>\n\n\n\n\n\t<p>\n\t\t<a href=\"https:\/\/lp.suno.com.br\/planilha-controle-gastos\/\" target=\"_blank\" data-element=\"shortcode-suno-banner\" title=\"Banner SUNO, clique e saiba mais\">\n\t\t\t<picture>\n\t\t\t\t<source media=\"(max-width: 500px)\" srcset=\"https:\/\/files.sunoresearch.com.br\/n\/uploads\/2023\/03\/400x300-Planilha-controle-de-gastos.png\">\n\t\t\t\t<img class=\"newsContent__article__imgCapa newsContent__article__imgCapa--banner\"\n\t\t\t\t\tsrc=\"https:\/\/files.sunoresearch.com.br\/n\/uploads\/2023\/03\/1420x240-Planilha-controle-de-gastos.png\"\n\t\t\t\t\tdata-promo-id=\"311945\"\t\t\t\t\t\t\t\t\t\twidth='1420' height='240'\t\t\t\t\talt=\"https:\/\/files.sunoresearch.com.br\/n\/uploads\/2023\/03\/1420x240-Planilha-controle-de-gastos.png\"\n\t\t\t\t>\n\t\t\t<\/picture>\n\t\t<\/a>\n\t<\/p>\n\n\n\n\n\n<p>Os <strong><a href=\"https:\/\/www.suno.com.br\/noticias\/copel-cple6-aprova-jcp-970-milhoes\/\" target=\"_blank\" rel=\"noreferrer noopener\">dividendos da Copel<\/a><\/strong>, nos \u00faltimos 12 meses, foram de R$ 1,3602 por a\u00e7\u00e3o, representando 16,23% de <a href=\"https:\/\/www.suno.com.br\/artigos\/dividend-yield-como-calcular\/\" target=\"_blank\" rel=\"noreferrer noopener\">dividend yield (DY)<\/a>, segundo dados do Status Invest.<\/p>\n\n\n\n<p>A perspectiva \u00e9 de que, com a venda, a companhia tenha mais caixa, aumentando a capacidade de investimentos e a perspectiva de proventos.<\/p>\n\n\n\n<p>A sinaliza\u00e7\u00e3o da privatiza\u00e7\u00e3o, ali\u00e1s, agradou analistas de mercado.<\/p>\n\n\n\n<p>&#8220;Como podemos observar pela forte valoriza\u00e7\u00e3o das a\u00e7\u00f5es da companhia, o mercado est\u00e1 animado com a novidade. A not\u00edcia \u00e9 um grande passo para a privatiza\u00e7\u00e3o da Copel, e o governador reeleito Ratinho Junior tem articula\u00e7\u00e3o pol\u00edtica para aprovar a mat\u00e9ria na Assembleia Legislativa do Estado&#8221;, dizem os especialistas da XP.<\/p>\n\n\n\n<p>A recomenda\u00e7\u00e3o da XP \u00e9 de compra para a\u00e7\u00f5es, com <a href=\"https:\/\/www.suno.com.br\/artigos\/preco-alvo\" target=\"_blank\" rel=\"noreferrer noopener\">pre\u00e7o-alvo de R$ 8<\/a>.<\/p>\n\n\n\n<p>Vale lembrar que os <a class=\"suno-keyword\" target=\"_blank\" data-force=\"no\" data-priority=\"1\" href=\"https:\/\/www.suno.com.br\/guias\/dividendos\/\" rel=\"noopener\">dividendos<\/a> s\u00e3o recebidos atualmente pelo Governo do Paran\u00e1 e devem continuar sendo recebidos em uma eventual <strong>privatiza\u00e7\u00e3o da Copel<\/strong>.<\/p>\n\n\n\n<p>Conforme comunicado pela companhia, o Estado do Paran\u00e1 permanecer\u00e1 com, no m\u00ednimo, 15% do capital total da Copel, dos 31,1% detidos atualmente. Al\u00e9m disso, manter\u00e1 uma <a class=\"suno-keyword\" data-force=\"no\" data-priority=\"1\" href=\"https:\/\/www.suno.com.br\/artigos\/golden-share\/\" target=\"_blank\" rel=\"noopener\">golden share<\/a> que garante poder de veto.<\/p>\n\n\n\n\t<div data-element=\"shortcode-read-more\" class=\"readToo\">\n\t\t\t\t<span class=\"readToo__title\">Leia mais<\/span>\n\t\t\t\t<ul class=\"readToo__list\">\n\t\t\t<li><a href=\"https:\/\/www.suno.com.br\/noticias\/petrobras-petr4-analistas-acoes-venda\/\">Petrobras (PETR4): analistas preveem &#8216;tempos sombrios&#8217; e menos dividendos; recomenda\u00e7\u00e3o \u00e9 de venda<\/a><\/li><li><a href=\"https:\/\/www.suno.com.br\/noticias\/copel-cple6-r-970-milhoes-jcp\/\">Copel (CPLE6) vai pagar R$ 970 milh\u00f5es em JCP; veja o valor por a\u00e7\u00e3o<\/a><\/li><li><a href=\"https:\/\/www.suno.com.br\/noticias\/copel-cple6-privatizacao-governo-parana\/\">Copel (CPLE6): ap\u00f3s an\u00fancio sobre poss\u00edvel privatiza\u00e7\u00e3o, BTG v\u00ea \u201cforte potencial de valoriza\u00e7\u00e3o\u201d<\/a><\/li><li><a href=\"https:\/\/www.suno.com.br\/noticias\/ibovespa-hoje-fechamento-21112022\/\">Ibovespa sobe 0,81%, aos 109.748 pontos; Copel (CPLE6) dispara 22%<\/a><\/li>\t\t<\/ul>\n\t<\/div>\n\n\n\n\n<h2 class=\"wp-block-heading\" id=\"h-bba-reitera-otimismo-com-cple6\">BBA reitera otimismo com CPLE6<\/h2>\n\n\n\n<p>Os analistas do Ita\u00fa BBA, da mesma forma, endossaram a recomenda\u00e7\u00e3o de compra das <strong><a href=\"https:\/\/statusinvest.com.br\/acoes\/cple6\" target=\"_blank\" rel=\"noreferrer noopener\">a\u00e7\u00f5es da Copel<\/a><\/strong>, mantendo pre\u00e7o-alvo em R$ 7,40.<\/p>\n\n\n\n<p>Em seu parecer, os especialistas destacaram o processo pol\u00edtico que deve balizar a <strong>privatiza\u00e7\u00e3o<\/strong>.<\/p>\n\n\n\t<p>\n\t\t<a href=\"https:\/\/lp.suno.com.br\/ebook-como-analisar-uma-acao\/\" target=\"_blank\" data-element=\"shortcode-suno-banner\" title=\"Banner SUNO, clique e saiba mais\">\n\t\t\t<picture>\n\t\t\t\t<source media=\"(max-width: 500px)\" srcset=\"https:\/\/files.sunoresearch.com.br\/n\/uploads\/2023\/03\/Ebook-Acoes-Mobile.jpg\">\n\t\t\t\t<img class=\"newsContent__article__imgCapa newsContent__article__imgCapa--banner\"\n\t\t\t\t\tsrc=\"https:\/\/files.sunoresearch.com.br\/n\/uploads\/2023\/03\/Ebook-Acoes-Desktop.jpg\"\n\t\t\t\t\tdata-promo-id=\"311946\"\t\t\t\t\t\t\t\t\t\twidth='1420' height='286'\t\t\t\t\talt=\"https:\/\/files.sunoresearch.com.br\/n\/uploads\/2023\/03\/Ebook-Acoes-Desktop.jpg\"\n\t\t\t\t>\n\t\t\t<\/picture>\n\t\t<\/a>\n\t<\/p>\n\n\n\n\n\n<p>&#8220;A legisla\u00e7\u00e3o do Estado do <strong>Paran\u00e1 <\/strong>exige a aprova\u00e7\u00e3o desta transa\u00e7\u00e3o pela C\u00e2mara dos Deputados; assim, espera-se que seja apresentado um projeto de lei para autorizar o estado a avan\u00e7ar com o processo. Acreditamos que o governo do estado tenha for\u00e7as para aprovar esse projeto de lei, visto que a C\u00e2mara dos Deputados do Paran\u00e1 \u00e9 amplamente composta por partidos de direita, alinhados com a agenda do governo do estado&#8221;, disse a casa.<\/p>\n\n\n\n<p>&#8220;A transa\u00e7\u00e3o tamb\u00e9m exigir\u00e1 uma aprova\u00e7\u00e3o do Tribunal de Contas do Estado. O Conselho de Controle das Empresas Estatais \u00e9 respons\u00e1vel por esse processo, e est\u00e1 prevista a contrata\u00e7\u00e3o de bancos e empresas de consultoria para realizar estudos&#8221;, segue.<\/p>\n\n\n\n<h2 class=\"wp-block-heading\">Entenda a privatiza\u00e7\u00e3o da Copel<\/h2>\n\n\n\n<p><a href=\"https:\/\/www.suno.com.br\/noticias\/copel-cple6-privatizaca-governo-parana\/\" target=\"_blank\" rel=\"noreferrer noopener\">Conforme reportado pelo Suno Not\u00edcias<\/a>, a privatiza\u00e7\u00e3o prev\u00ea uma redu\u00e7\u00e3o da participa\u00e7\u00e3o do Governo do Paran\u00e1 para at\u00e9 15% do <a class=\"suno-keyword\" data-force=\"no\" data-priority=\"2\" href=\"https:\/\/www.suno.com.br\/artigos\/capital-social\/\" target=\"_blank\" rel=\"noopener\">capital social<\/a> e 10% do poder de voto.<\/p>\n\n\n\n<p>Para efeito de compara\u00e7\u00e3o, a redu\u00e7\u00e3o seria ainda mais intensa do que a feita na privatiza\u00e7\u00e3o da <a class=\"suno-keyword\" target=\"_blank\" data-force=\"yes\" data-priority=\"2\" href=\"https:\/\/www.suno.com.br\/acoes\/ELET3\/\" rel=\"noopener\">Eletrobras (ELET3)<\/a>, feita ainda em 2022, quando a companhia viu a participa\u00e7\u00e3o do Governo Federal cair de 51,8% para 33% do capital.<\/p>\n\n\n\n<p>O Estatuto do Copel, nesse sentido, deve prever:<\/p>\n\n\n\n<ul class=\"wp-block-list\"><li>Que a Sede da Copel siga no Paran\u00e1<\/li><li>Que a denomina\u00e7\u00e3o da Copel n\u00e3o poder\u00e1 ser alterada<\/li><li>Criar a\u00e7\u00e3o preferencial de classe especial, de propriedade exclusiva do Estado do Paran\u00e1, que conferir\u00e1 o poder de veto nas delibera\u00e7\u00f5es da assembleia geral relacionadas \u00e0s mat\u00e9rias de interesse estrat\u00e9gico (golden share)<\/li><li>Autoriza\u00e7\u00e3o para os administradores aprovarem e executarem o Plano Anual de Investimentos da Copel Distribui\u00e7\u00e3o caso os investimentos, a partir deste ciclo tarif\u00e1rio, considerados prudentes pela Aneel, n\u00e3o atinjam, no m\u00ednimo2,0x da Quota de Reintegra\u00e7\u00e3o Regulat\u00f3ria (QRR), daquele mesmo ciclo de Revis\u00e3o Tarif\u00e1ria Ordin\u00e1ria e\/ou, no acumulado, at\u00e9 o final da concess\u00e3o<\/li><\/ul>\n\n\n\n<p>Atualmente o governo paranaense det\u00e9m 31,1% do capital total da <strong>Copel<\/strong>, sendo dono de 69,7% das <a class=\"suno-keyword\" target=\"_blank\" data-force=\"no\" data-priority=\"1\" href=\"https:\/\/www.suno.com.br\/artigos\/o-que-sao-acoes-ordinarias-preferenciais-e-units\/\" rel=\"noopener\">a\u00e7\u00f5es ordin\u00e1rias<\/a> e de 6,9% das preferenciais.<\/p>\n\n\n\t<p>\n\t\t<a href=\"https:\/\/lp.suno.com.br\/ebook-investindo-em-fiis\/\" target=\"_blank\" data-element=\"shortcode-suno-banner\" title=\"Banner SUNO, clique e saiba mais\">\n\t\t\t<picture>\n\t\t\t\t<source media=\"(max-width: 500px)\" srcset=\"https:\/\/files.sunoresearch.com.br\/n\/uploads\/2023\/03\/Ebook-Fundos-Imobiliarios-Mobile-1.jpg\">\n\t\t\t\t<img class=\"newsContent__article__imgCapa newsContent__article__imgCapa--banner\"\n\t\t\t\t\tsrc=\"https:\/\/files.sunoresearch.com.br\/n\/uploads\/2023\/03\/Ebook-Fundos-Imobiliarios-Desktop-1.jpg\"\n\t\t\t\t\tdata-promo-id=\"313843\"\t\t\t\t\t\t\t\t\t\twidth='1420' height='286'\t\t\t\t\talt=\"https:\/\/files.sunoresearch.com.br\/n\/uploads\/2023\/03\/Ebook-Fundos-Imobiliarios-Desktop-1.jpg\"\n\t\t\t\t>\n\t\t\t<\/picture>\n\t\t<\/a>\n\t<\/p>\n\n\n","protected":false},"excerpt":{"rendered":"<p>A Copel (CPLE6) foi o grande destaque do preg\u00e3o de segunda (21), subindo mais de 20% no Ibovespa com a sinaliza\u00e7\u00e3o do governo do Paran\u00e1 para privatizar a companhia, tornando-a uma corporation. Os dividendos da Copel, nos \u00faltimos 12 meses, foram de R$ 1,3602 por a\u00e7\u00e3o, representando 16,23% de dividend yield (DY), segundo dados do [&hellip;]<\/p>\n","protected":false},"author":73,"featured_media":149229,"comment_status":"closed","ping_status":"closed","sticky":false,"template":"","format":"standard","meta":[],"categories":[64],"tags":[431,295,105816],"suno_strategy":[],"class_list":["post-321433","post","type-post","status-publish","format-standard","has-post-thumbnail","hentry","category-negocios","tag-copel-cple3-cple5-cple6","tag-dividendos","tag-especialistas"],"yoast_head":"<!-- This site is optimized with the Yoast SEO plugin v24.4 - https:\/\/yoast.com\/wordpress\/plugins\/seo\/ -->\n<title>Copel (CPLE6) aumentar\u00e1 dividendos? Analistas respondem<\/title>\n<meta name=\"description\" content=\"Copel teve alta de mais de 20% nas suas a\u00e7\u00f5es ap\u00f3s a sinaliza\u00e7\u00e3o do Governo para privatizar a companhia. Clique e confira!\" \/>\n<meta name=\"robots\" content=\"index, follow, max-snippet:-1, max-image-preview:large, max-video-preview:-1\" \/>\n<link rel=\"canonical\" href=\"https:\/\/www.suno.com.br\/noticias\/copel-cple6-privatizacao-dividendos\/\" \/>\n<meta property=\"og:locale\" content=\"pt_BR\" \/>\n<meta property=\"og:type\" content=\"article\" \/>\n<meta property=\"og:title\" content=\"Copel (CPLE6) aumentar\u00e1 dividendos? Analistas respondem\" \/>\n<meta property=\"og:description\" content=\"Copel teve alta de mais de 20% nas suas a\u00e7\u00f5es ap\u00f3s a sinaliza\u00e7\u00e3o do Governo para privatizar a companhia. Clique e confira!\" \/>\n<meta property=\"og:url\" content=\"https:\/\/www.suno.com.br\/noticias\/copel-cple6-privatizacao-dividendos\/\" \/>\n<meta property=\"og:site_name\" content=\"Suno Not\u00edcias\" \/>\n<meta property=\"article:publisher\" content=\"https:\/\/facebook.com\/sunoresearch\" \/>\n<meta property=\"og:image\" content=\"https:\/\/files.sunoresearch.com.br\/n\/uploads\/2021\/05\/afeb4329-copel.jpg\" \/>\n\t<meta property=\"og:image:width\" content=\"1200\" \/>\n\t<meta property=\"og:image:height\" content=\"800\" \/>\n\t<meta property=\"og:image:type\" content=\"image\/jpeg\" \/>\n<meta name=\"author\" content=\"Eduardo Vargas\" \/>\n<meta name=\"twitter:card\" content=\"summary_large_image\" \/>\n<meta name=\"twitter:creator\" content=\"@sunoresearch\" \/>\n<meta name=\"twitter:site\" content=\"@sunoresearch\" \/>\n<meta name=\"twitter:label1\" content=\"Escrito por\" \/>\n\t<meta name=\"twitter:data1\" content=\"Eduardo Vargas\" \/>\n\t<meta name=\"twitter:label2\" content=\"Est. tempo de leitura\" \/>\n\t<meta name=\"twitter:data2\" content=\"4 minutos\" \/>\n<script type=\"application\/ld+json\" class=\"yoast-schema-graph\">{\"@context\":\"https:\/\/schema.org\",\"@graph\":[{\"@type\":\"NewsArticle\",\"@id\":\"https:\/\/www.suno.com.br\/noticias\/copel-cple6-privatizacao-dividendos\/#article\",\"isPartOf\":{\"@id\":\"https:\/\/www.suno.com.br\/noticias\/copel-cple6-privatizacao-dividendos\/\"},\"author\":{\"name\":\"Eduardo Vargas\",\"@id\":\"https:\/\/www.suno.com.br\/noticias\/#\/schema\/person\/7f4d362bf3518e76090143ae77bb49a5\"},\"headline\":\"Copel (CPLE6) aumentar\u00e1 dividendos?\",\"datePublished\":\"2022-11-22T19:23:48+00:00\",\"dateModified\":\"2022-11-22T19:23:53+00:00\",\"mainEntityOfPage\":{\"@id\":\"https:\/\/www.suno.com.br\/noticias\/copel-cple6-privatizacao-dividendos\/\"},\"wordCount\":626,\"publisher\":{\"@id\":\"https:\/\/www.suno.com.br\/noticias\/#organization\"},\"image\":{\"@id\":\"https:\/\/www.suno.com.br\/noticias\/copel-cple6-privatizacao-dividendos\/#primaryimage\"},\"thumbnailUrl\":\"https:\/\/files.sunoresearch.com.br\/n\/uploads\/2021\/05\/afeb4329-copel-jpg.webp\",\"keywords\":[\"Copel (CPLE3\/CPLE5\/CPLE6)\",\"dividendos\",\"Especialistas\"],\"articleSection\":[\"Neg\u00f3cios\"],\"inLanguage\":\"pt-BR\"},{\"@type\":\"WebPage\",\"@id\":\"https:\/\/www.suno.com.br\/noticias\/copel-cple6-privatizacao-dividendos\/\",\"url\":\"https:\/\/www.suno.com.br\/noticias\/copel-cple6-privatizacao-dividendos\/\",\"name\":\"Copel (CPLE6) aumentar\u00e1 dividendos? Analistas respondem\",\"isPartOf\":{\"@id\":\"https:\/\/www.suno.com.br\/noticias\/#website\"},\"primaryImageOfPage\":{\"@id\":\"https:\/\/www.suno.com.br\/noticias\/copel-cple6-privatizacao-dividendos\/#primaryimage\"},\"image\":{\"@id\":\"https:\/\/www.suno.com.br\/noticias\/copel-cple6-privatizacao-dividendos\/#primaryimage\"},\"thumbnailUrl\":\"https:\/\/files.sunoresearch.com.br\/n\/uploads\/2021\/05\/afeb4329-copel-jpg.webp\",\"datePublished\":\"2022-11-22T19:23:48+00:00\",\"dateModified\":\"2022-11-22T19:23:53+00:00\",\"description\":\"Copel teve alta de mais de 20% nas suas a\u00e7\u00f5es ap\u00f3s a sinaliza\u00e7\u00e3o do Governo para privatizar a companhia. Clique e confira!\",\"breadcrumb\":{\"@id\":\"https:\/\/www.suno.com.br\/noticias\/copel-cple6-privatizacao-dividendos\/#breadcrumb\"},\"inLanguage\":\"pt-BR\",\"potentialAction\":[{\"@type\":\"ReadAction\",\"target\":[\"https:\/\/www.suno.com.br\/noticias\/copel-cple6-privatizacao-dividendos\/\"]}]},{\"@type\":\"ImageObject\",\"inLanguage\":\"pt-BR\",\"@id\":\"https:\/\/www.suno.com.br\/noticias\/copel-cple6-privatizacao-dividendos\/#primaryimage\",\"url\":\"https:\/\/files.sunoresearch.com.br\/n\/uploads\/2021\/05\/afeb4329-copel-jpg.webp\",\"contentUrl\":\"https:\/\/files.sunoresearch.com.br\/n\/uploads\/2021\/05\/afeb4329-copel-jpg.webp\",\"width\":1200,\"height\":800,\"caption\":\"Copel (CPLE6). Foto: Divulga\u00e7\u00e3o.\"},{\"@type\":\"BreadcrumbList\",\"@id\":\"https:\/\/www.suno.com.br\/noticias\/copel-cple6-privatizacao-dividendos\/#breadcrumb\",\"itemListElement\":[{\"@type\":\"ListItem\",\"position\":1,\"name\":\"Not\u00edcias\",\"item\":\"https:\/\/www.suno.com.br\/noticias\/\"},{\"@type\":\"ListItem\",\"position\":2,\"name\":\"Neg\u00f3cios\",\"item\":\"https:\/\/www.suno.com.br\/noticias\/negocios\/\"},{\"@type\":\"ListItem\",\"position\":3,\"name\":\"Copel (CPLE6) aumentar\u00e1 dividendos?\"}]},{\"@type\":\"WebSite\",\"@id\":\"https:\/\/www.suno.com.br\/noticias\/#website\",\"url\":\"https:\/\/www.suno.com.br\/noticias\/\",\"name\":\"Suno Not\u00edcias\",\"description\":\"Seu portal de informa\u00e7\u00e3o sobre o mundo dos investimentos\",\"publisher\":{\"@id\":\"https:\/\/www.suno.com.br\/noticias\/#organization\"},\"potentialAction\":[{\"@type\":\"SearchAction\",\"target\":{\"@type\":\"EntryPoint\",\"urlTemplate\":\"https:\/\/www.suno.com.br\/noticias\/?s={search_term_string}\"},\"query-input\":{\"@type\":\"PropertyValueSpecification\",\"valueRequired\":true,\"valueName\":\"search_term_string\"}}],\"inLanguage\":\"pt-BR\"},{\"@type\":\"Organization\",\"@id\":\"https:\/\/www.suno.com.br\/noticias\/#organization\",\"name\":\"Suno Not\u00edcias\",\"url\":\"https:\/\/www.suno.com.br\/noticias\/\",\"logo\":{\"@type\":\"ImageObject\",\"inLanguage\":\"pt-BR\",\"@id\":\"https:\/\/www.suno.com.br\/noticias\/#\/schema\/logo\/image\/\",\"url\":\"https:\/\/files.sunoresearch.com.br\/n\/uploads\/2021\/09\/suno-logo.png\",\"contentUrl\":\"https:\/\/files.sunoresearch.com.br\/n\/uploads\/2021\/09\/suno-logo.png\",\"width\":180,\"height\":180,\"caption\":\"Suno Not\u00edcias\"},\"image\":{\"@id\":\"https:\/\/www.suno.com.br\/noticias\/#\/schema\/logo\/image\/\"},\"sameAs\":[\"https:\/\/facebook.com\/sunoresearch\",\"https:\/\/x.com\/sunoresearch\",\"https:\/\/www.instagram.com\/suno\",\"https:\/\/www.linkedin.com\/company\/suno-research\/\",\"https:\/\/www.youtube.com\/c\/sunoresearch\"]},{\"@type\":\"Person\",\"@id\":\"https:\/\/www.suno.com.br\/noticias\/#\/schema\/person\/7f4d362bf3518e76090143ae77bb49a5\",\"name\":\"Eduardo Vargas\",\"image\":{\"@type\":\"ImageObject\",\"inLanguage\":\"pt-BR\",\"@id\":\"https:\/\/www.suno.com.br\/noticias\/#\/schema\/person\/image\/\",\"url\":\"https:\/\/secure.gravatar.com\/avatar\/dac340933427a22924c9f99d1eb2e3f2?s=96&r=g\",\"contentUrl\":\"https:\/\/secure.gravatar.com\/avatar\/dac340933427a22924c9f99d1eb2e3f2?s=96&r=g\",\"caption\":\"Eduardo Vargas\"},\"description\":\"Jornalista formado pela UFSC, cobre macroeconomia, neg\u00f3cios e startups para o Suno Not\u00edcias, escrevendo principalmente not\u00edcias sobre o mercado financeiro e a bolsa de valores. No YouTube e no Instagram, \u00e9 respons\u00e1vel pela produ\u00e7\u00e3o de Reels e Shorts do Suno Not\u00edcias. Anteriormente, trabalhou cobrindo economia e cotidiano no ND+ e para o ND, maior jornal impresso de Santa Catarina. Cursou um semestre letivo de Estudos de M\u00eddia na Universidad de Buenos Aires.\",\"url\":\"https:\/\/www.suno.com.br\/noticias\/author\/eduardo-vargas\/\"}]}<\/script>\n<!-- \/ Yoast SEO plugin. -->","yoast_head_json":{"title":"Copel (CPLE6) aumentar\u00e1 dividendos? Analistas respondem","description":"Copel teve alta de mais de 20% nas suas a\u00e7\u00f5es ap\u00f3s a sinaliza\u00e7\u00e3o do Governo para privatizar a companhia. Clique e confira!","robots":{"index":"index","follow":"follow","max-snippet":"max-snippet:-1","max-image-preview":"max-image-preview:large","max-video-preview":"max-video-preview:-1"},"canonical":"https:\/\/www.suno.com.br\/noticias\/copel-cple6-privatizacao-dividendos\/","og_locale":"pt_BR","og_type":"article","og_title":"Copel (CPLE6) aumentar\u00e1 dividendos? Analistas respondem","og_description":"Copel teve alta de mais de 20% nas suas a\u00e7\u00f5es ap\u00f3s a sinaliza\u00e7\u00e3o do Governo para privatizar a companhia. Clique e confira!","og_url":"https:\/\/www.suno.com.br\/noticias\/copel-cple6-privatizacao-dividendos\/","og_site_name":"Suno Not\u00edcias","article_publisher":"https:\/\/facebook.com\/sunoresearch","og_image":[{"width":1200,"height":800,"url":"https:\/\/files.sunoresearch.com.br\/n\/uploads\/2021\/05\/afeb4329-copel.jpg","type":"image\/jpeg"}],"author":"Eduardo Vargas","twitter_card":"summary_large_image","twitter_creator":"@sunoresearch","twitter_site":"@sunoresearch","twitter_misc":{"Escrito por":"Eduardo Vargas","Est. tempo de leitura":"4 minutos"},"schema":{"@context":"https:\/\/schema.org","@graph":[{"@type":"NewsArticle","@id":"https:\/\/www.suno.com.br\/noticias\/copel-cple6-privatizacao-dividendos\/#article","isPartOf":{"@id":"https:\/\/www.suno.com.br\/noticias\/copel-cple6-privatizacao-dividendos\/"},"author":{"name":"Eduardo Vargas","@id":"https:\/\/www.suno.com.br\/noticias\/#\/schema\/person\/7f4d362bf3518e76090143ae77bb49a5"},"headline":"Copel (CPLE6) aumentar\u00e1 dividendos?","datePublished":"2022-11-22T19:23:48+00:00","dateModified":"2022-11-22T19:23:53+00:00","mainEntityOfPage":{"@id":"https:\/\/www.suno.com.br\/noticias\/copel-cple6-privatizacao-dividendos\/"},"wordCount":626,"publisher":{"@id":"https:\/\/www.suno.com.br\/noticias\/#organization"},"image":{"@id":"https:\/\/www.suno.com.br\/noticias\/copel-cple6-privatizacao-dividendos\/#primaryimage"},"thumbnailUrl":"https:\/\/files.sunoresearch.com.br\/n\/uploads\/2021\/05\/afeb4329-copel-jpg.webp","keywords":["Copel (CPLE3\/CPLE5\/CPLE6)","dividendos","Especialistas"],"articleSection":["Neg\u00f3cios"],"inLanguage":"pt-BR"},{"@type":"WebPage","@id":"https:\/\/www.suno.com.br\/noticias\/copel-cple6-privatizacao-dividendos\/","url":"https:\/\/www.suno.com.br\/noticias\/copel-cple6-privatizacao-dividendos\/","name":"Copel (CPLE6) aumentar\u00e1 dividendos? Analistas respondem","isPartOf":{"@id":"https:\/\/www.suno.com.br\/noticias\/#website"},"primaryImageOfPage":{"@id":"https:\/\/www.suno.com.br\/noticias\/copel-cple6-privatizacao-dividendos\/#primaryimage"},"image":{"@id":"https:\/\/www.suno.com.br\/noticias\/copel-cple6-privatizacao-dividendos\/#primaryimage"},"thumbnailUrl":"https:\/\/files.sunoresearch.com.br\/n\/uploads\/2021\/05\/afeb4329-copel-jpg.webp","datePublished":"2022-11-22T19:23:48+00:00","dateModified":"2022-11-22T19:23:53+00:00","description":"Copel teve alta de mais de 20% nas suas a\u00e7\u00f5es ap\u00f3s a sinaliza\u00e7\u00e3o do Governo para privatizar a companhia. Clique e confira!","breadcrumb":{"@id":"https:\/\/www.suno.com.br\/noticias\/copel-cple6-privatizacao-dividendos\/#breadcrumb"},"inLanguage":"pt-BR","potentialAction":[{"@type":"ReadAction","target":["https:\/\/www.suno.com.br\/noticias\/copel-cple6-privatizacao-dividendos\/"]}]},{"@type":"ImageObject","inLanguage":"pt-BR","@id":"https:\/\/www.suno.com.br\/noticias\/copel-cple6-privatizacao-dividendos\/#primaryimage","url":"https:\/\/files.sunoresearch.com.br\/n\/uploads\/2021\/05\/afeb4329-copel-jpg.webp","contentUrl":"https:\/\/files.sunoresearch.com.br\/n\/uploads\/2021\/05\/afeb4329-copel-jpg.webp","width":1200,"height":800,"caption":"Copel (CPLE6). Foto: Divulga\u00e7\u00e3o."},{"@type":"BreadcrumbList","@id":"https:\/\/www.suno.com.br\/noticias\/copel-cple6-privatizacao-dividendos\/#breadcrumb","itemListElement":[{"@type":"ListItem","position":1,"name":"Not\u00edcias","item":"https:\/\/www.suno.com.br\/noticias\/"},{"@type":"ListItem","position":2,"name":"Neg\u00f3cios","item":"https:\/\/www.suno.com.br\/noticias\/negocios\/"},{"@type":"ListItem","position":3,"name":"Copel (CPLE6) aumentar\u00e1 dividendos?"}]},{"@type":"WebSite","@id":"https:\/\/www.suno.com.br\/noticias\/#website","url":"https:\/\/www.suno.com.br\/noticias\/","name":"Suno Not\u00edcias","description":"Seu portal de informa\u00e7\u00e3o sobre o mundo dos investimentos","publisher":{"@id":"https:\/\/www.suno.com.br\/noticias\/#organization"},"potentialAction":[{"@type":"SearchAction","target":{"@type":"EntryPoint","urlTemplate":"https:\/\/www.suno.com.br\/noticias\/?s={search_term_string}"},"query-input":{"@type":"PropertyValueSpecification","valueRequired":true,"valueName":"search_term_string"}}],"inLanguage":"pt-BR"},{"@type":"Organization","@id":"https:\/\/www.suno.com.br\/noticias\/#organization","name":"Suno Not\u00edcias","url":"https:\/\/www.suno.com.br\/noticias\/","logo":{"@type":"ImageObject","inLanguage":"pt-BR","@id":"https:\/\/www.suno.com.br\/noticias\/#\/schema\/logo\/image\/","url":"https:\/\/files.sunoresearch.com.br\/n\/uploads\/2021\/09\/suno-logo.png","contentUrl":"https:\/\/files.sunoresearch.com.br\/n\/uploads\/2021\/09\/suno-logo.png","width":180,"height":180,"caption":"Suno Not\u00edcias"},"image":{"@id":"https:\/\/www.suno.com.br\/noticias\/#\/schema\/logo\/image\/"},"sameAs":["https:\/\/facebook.com\/sunoresearch","https:\/\/x.com\/sunoresearch","https:\/\/www.instagram.com\/suno","https:\/\/www.linkedin.com\/company\/suno-research\/","https:\/\/www.youtube.com\/c\/sunoresearch"]},{"@type":"Person","@id":"https:\/\/www.suno.com.br\/noticias\/#\/schema\/person\/7f4d362bf3518e76090143ae77bb49a5","name":"Eduardo Vargas","image":{"@type":"ImageObject","inLanguage":"pt-BR","@id":"https:\/\/www.suno.com.br\/noticias\/#\/schema\/person\/image\/","url":"https:\/\/secure.gravatar.com\/avatar\/dac340933427a22924c9f99d1eb2e3f2?s=96&r=g","contentUrl":"https:\/\/secure.gravatar.com\/avatar\/dac340933427a22924c9f99d1eb2e3f2?s=96&r=g","caption":"Eduardo Vargas"},"description":"Jornalista formado pela UFSC, cobre macroeconomia, neg\u00f3cios e startups para o Suno Not\u00edcias, escrevendo principalmente not\u00edcias sobre o mercado financeiro e a bolsa de valores. No YouTube e no Instagram, \u00e9 respons\u00e1vel pela produ\u00e7\u00e3o de Reels e Shorts do Suno Not\u00edcias. Anteriormente, trabalhou cobrindo economia e cotidiano no ND+ e para o ND, maior jornal impresso de Santa Catarina. Cursou um semestre letivo de Estudos de M\u00eddia na Universidad de Buenos Aires.","url":"https:\/\/www.suno.com.br\/noticias\/author\/eduardo-vargas\/"}]}},"default_loop_html":"<div class=\"cardsPage__listCard__boxs\"><div class=\"cardsPage__listCard__boxs__img\"><a href=\"https:\/\/www.suno.com.br\/noticias\/copel-cple6-privatizacao-dividendos\/\"><img class=\"mask\" src=\"https:\/\/www.suno.com.br\/noticias\/wp-content\/themes\/suno\/resources\/images\/spotlight\/spotlight1img\/bg-mask.png\" alt=\"Image Mask\"\/><img src=\"https:\/\/files.sunoresearch.com.br\/n\/uploads\/2021\/05\/afeb4329-copel-400x200.webp\" alt=\"Copel (CPLE6) aumentar\u00e1 dividendos?\"\/><\/a><span class=\"spotlightCategory\"><a href=\"https:\/\/www.suno.com.br\/noticias\/negocios\/\">Neg\u00f3cios<\/a><\/span><\/div><div class=\"cardsPage__listCard__boxs__content\"><a href=\"https:\/\/www.suno.com.br\/noticias\/copel-cple6-privatizacao-dividendos\/\"><h2 class=\"content__title\">Copel (CPLE6) aumentar\u00e1 dividendos?<\/h2><\/a><div class=\"newsContent__article__meta\"><div class=\"newsContent__article__meta__authorBox\"><a href=\"https:\/\/www.suno.com.br\/noticias\/author\/joao-vitor-jacintho\/\" class=\"authorBox__avatar noMobi\"><img src=\"https:\/\/secure.gravatar.com\/avatar\/2843227ca03ccf8cc7ccca45204c127e?s=96&#038;r=g\" alt=\"Jo\u00e3o Vitor Jacintho\"><\/a><div class=\"authorBox__name\"><span>por\n\t\t\t<a href=\"https:\/\/www.suno.com.br\/noticias\/author\/joao-vitor-jacintho\/\"><span itemprop=\"author\">Jo\u00e3o Vitor Jacintho<\/span><\/a><\/span><time datetime=\"2022-11-22T16:23:48-03:00\" itemprop=\"datePublished\">22\/11\/2022 16:23<\/time><\/div><\/div><\/div><\/div><\/div>","single_layout":"posts","amp_enabled":true,"_links":{"self":[{"href":"https:\/\/www.suno.com.br\/noticias\/wp-json\/wp\/v2\/posts\/321433"}],"collection":[{"href":"https:\/\/www.suno.com.br\/noticias\/wp-json\/wp\/v2\/posts"}],"about":[{"href":"https:\/\/www.suno.com.br\/noticias\/wp-json\/wp\/v2\/types\/post"}],"author":[{"embeddable":true,"href":"https:\/\/www.suno.com.br\/noticias\/wp-json\/wp\/v2\/users\/73"}],"replies":[{"embeddable":true,"href":"https:\/\/www.suno.com.br\/noticias\/wp-json\/wp\/v2\/comments?post=321433"}],"version-history":[{"count":3,"href":"https:\/\/www.suno.com.br\/noticias\/wp-json\/wp\/v2\/posts\/321433\/revisions"}],"predecessor-version":[{"id":321621,"href":"https:\/\/www.suno.com.br\/noticias\/wp-json\/wp\/v2\/posts\/321433\/revisions\/321621"}],"wp:featuredmedia":[{"embeddable":true,"href":"https:\/\/www.suno.com.br\/noticias\/wp-json\/wp\/v2\/media\/149229"}],"wp:attachment":[{"href":"https:\/\/www.suno.com.br\/noticias\/wp-json\/wp\/v2\/media?parent=321433"}],"wp:term":[{"taxonomy":"category","embeddable":true,"href":"https:\/\/www.suno.com.br\/noticias\/wp-json\/wp\/v2\/categories?post=321433"},{"taxonomy":"post_tag","embeddable":true,"href":"https:\/\/www.suno.com.br\/noticias\/wp-json\/wp\/v2\/tags?post=321433"},{"taxonomy":"suno_strategy","embeddable":true,"href":"https:\/\/www.suno.com.br\/noticias\/wp-json\/wp\/v2\/suno_strategy?post=321433"}],"curies":[{"name":"wp","href":"https:\/\/api.w.org\/{rel}","templated":true}]}}