{"id":32138,"date":"2019-07-25T12:22:19","date_gmt":"2019-07-25T15:22:19","guid":{"rendered":"https:\/\/www.suno.com.br\/noticias\/?p=32138"},"modified":"2019-07-25T18:10:41","modified_gmt":"2019-07-25T21:10:41","slug":"bradesco-balanco-lucro-acoes-bolsa","status":"publish","type":"post","link":"https:\/\/www.suno.com.br\/noticias\/bradesco-balanco-lucro-acoes-bolsa\/","title":{"rendered":"Bradesco registra lucro de R$ 6,5 bi no 2T19; a\u00e7\u00f5es caem na Bolsa"},"content":{"rendered":"<p>O Banco Bradesco divulgou seu balan\u00e7o do segundo trimestre deste ano. A institui\u00e7\u00e3o registrou aumento de 25,2% em seu<a href=\"https:\/\/www.suno.com.br\/artigos\/lucro-liquido\/\"> <strong>lucro l\u00edquido<\/strong><\/a> em compara\u00e7\u00e3o com o mesmo per\u00edodo no ano anterior. Esse valor \u00e9 equivalente a R$ 6,5 bilh\u00f5es.<\/p>\t<div class=\"wrapper-featured-image\">\n\t\t<figure class=\"spotlightImg\">\n\n\t\t\t<picture>\n\t\t\t\t<source media=\"(max-width: 768px)\" srcset=\"https:\/\/files.sunoresearch.com.br\/n\/uploads\/2019\/06\/85782d28-bradesco-marca-mais-valiosa-60-400x200.jpg\">\n\t\t\t\t<img loading=\"lazy\" decoding=\"async\" class=\"newsContent__article__imgCapa lazyloadDisabled newsContent__article__imgCapa--noCaption\" src=\"https:\/\/files.sunoresearch.com.br\/n\/uploads\/2019\/06\/85782d28-bradesco-marca-mais-valiosa-60-800x450.jpg\" width=\"800\" height=\"450\" alt=\"Bradesco registra lucro de R$ 6,5 bi no 2T19; a\u00e7\u00f5es caem na Bolsa\" fetchpriority=high \/>\n\t\t\t<\/picture>\n\n\t\t\t<figcaption class=\"wp-caption-text wp-caption-text--hide\">Bradesco registra lucro de R$ 6,5 bi no 2T19; a\u00e7\u00f5es caem na bolsa<\/figcaption>\n\t\t<\/figure>\n\t<\/div>\n\n\n<p>&#8220;Esta evolu\u00e7\u00e3o tem como origens principais: a maior margem financeira, as menores despesas com PDD (expandida), as maiores receitas de presta\u00e7\u00e3o de servi\u00e7os e a contribui\u00e7\u00e3o de nossas opera\u00e7\u00f5es de seguros, previd\u00eancia e capitaliza\u00e7\u00e3o&#8221;, informou o <strong>Bradesco<\/strong>.<\/p>\n\t<p>\n\t\t<a href=\"https:\/\/www.suno.com.br\/asset\/fundos\/suno-acoes-xp-seg-prev\/\" target=\"_blank\" data-element=\"shortcode-suno-banner\" title=\"Banner SUNO, clique e saiba mais\">\n\t\t\t<picture>\n\t\t\t\t<source media=\"(max-width: 500px)\" srcset=\"https:\/\/files.sunoresearch.com.br\/n\/uploads\/2023\/10\/SUNOPREV-400x300-Mobile-Artigos-3.png\">\n\t\t\t\t<img class=\"newsContent__article__imgCapa newsContent__article__imgCapa--banner\"\n\t\t\t\t\tsrc=\"https:\/\/files.sunoresearch.com.br\/n\/uploads\/2023\/10\/SUNOPREV-1420x240-Banner-Artigos-1-_-Banner-Materias-1.png\"\n\t\t\t\t\tdata-promo-id=\"476310\"\t\t\t\t\t\t\t\t\t\twidth='1420' height='240'\t\t\t\t\talt=\"https:\/\/files.sunoresearch.com.br\/n\/uploads\/2023\/10\/SUNOPREV-1420x240-Banner-Artigos-1-_-Banner-Materias-1.png\"\n\t\t\t\t>\n\t\t\t<\/picture>\n\t\t<\/a>\n\t<\/p>\n\n\n<p>Ap\u00f3s a divulga\u00e7\u00e3o de seu balan\u00e7o, as <strong>a\u00e7\u00f5es<\/strong> do banco registraram forte queda. Por volta das 12h, a a\u00e7\u00e3o preferencial (BBDC4) teve varia\u00e7\u00e3o m\u00e9dia negativa de -4,11, sendo cotada por R$ 37,37. Por sua vez, a a\u00e7\u00e3o ordin\u00e1ria (BBDC3) registrou queda de -3,94%, cotada a R$ 33,65.<\/p>\n<h2>Resultados do Bradesco<\/h2>\n<p>A rentabilidade sobre o patrim\u00f4nio l\u00edquido m\u00e9dio (ROAE) atingiu 20,6%, a mais elevada dos \u00faltimos dezesseis trimestres. Conforme a institui\u00e7\u00e3o esse desempenho \u00e9 reflexo do resultado operacional, que registrou aumento de 11,1% em compara\u00e7\u00e3o com ano passado.<\/p>\n<p><iframe loading=\"lazy\" title=\"?Cria\u00e7\u00e3o de empregos bate recorde; Bradesco, Ambev e GPA divulgam resultados\" width=\"200\" height=\"113\" src=\"https:\/\/www.youtube.com\/embed\/4k-C8TcLzZA?feature=oembed\" frameborder=\"0\" allow=\"accelerometer; autoplay; encrypted-media; gyroscope; picture-in-picture\" allowfullscreen><\/iframe><\/p>\n<p>Segundo o <strong>Bradesco,<\/strong> esse resultado positivo em rela\u00e7\u00e3o ao segundo trimestre de 2018, foi originada por:<\/p>\n<ul>\n<li>boa performance das receitas como conta corrente;<\/li>\n<li>assessoria financeira;<\/li>\n<li>crescimento das receitas com servi\u00e7os de cust\u00f3dia e corretagens;<\/li>\n<li>e o bom desempenho das receitas com administra\u00e7\u00e3o de cons\u00f3rcios.<\/li>\n<\/ul>\n<p>As despesas com provis\u00f5es para perdas com inadimpl\u00eancia (PDD) resultaram em uma queda de 0,1%, somatizando R$ 3,487 bilh\u00f5es.<\/p>\n<p>Cr\u00e9dito em canais digitais registrou crescimento de 53% Pessoa F\u00edsica e 44% em Pessoa Jur\u00eddica em rela\u00e7\u00e3o ao primeiro trimestre de 2019. Al\u00e9m disso, a expans\u00e3o da base de clientes constou 400 mil novas contas correntes em no segundo trimestre deste ano.<\/p>\n<p><a href=\"\/\/www.suno.com.br\/noticias\/irb-brasil-itau-bradesco-participacao\/\">Saiba Mais: Bradesco e Ita\u00fa estudam vender participa\u00e7\u00e3o da IRB Brasil<\/a><\/p>\n<p>A carteira de cr\u00e9dito expandida apresentou crescimento de 8,7%, valor correspondente a R$ 560,54 bilh\u00f5es.<\/p>\n<p>A despesa administrativa do <strong>Bradesco<\/strong> somatizou R$ 10,59 bilh\u00f5es, em compara\u00e7\u00e3o com o ano passado, a evolu\u00e7\u00e3o foi de 6,8%. Esse aumento \u00e9 devido ao impulso de maiores gastos com funcion\u00e1rios.<\/p>\n","protected":false},"excerpt":{"rendered":"<p>O Banco Bradesco divulgou seu balan\u00e7o do segundo trimestre deste ano. A institui\u00e7\u00e3o registrou aumento de 25,2% em seu lucro l\u00edquido em compara\u00e7\u00e3o com o mesmo per\u00edodo no ano anterior. Esse valor \u00e9 equivalente a R$ 6,5 bilh\u00f5es. Bradesco registra lucro de R$ 6,5 bi no 2T19; a\u00e7\u00f5es caem na bolsa &#8220;Esta evolu\u00e7\u00e3o tem como [&hellip;]<\/p>\n","protected":false},"author":15,"featured_media":26936,"comment_status":"closed","ping_status":"closed","sticky":false,"template":"","format":"standard","meta":[],"categories":[64],"tags":[1029,392],"suno_strategy":[],"class_list":["post-32138","post","type-post","status-publish","format-standard","has-post-thumbnail","hentry","category-negocios","tag-balancos-trimestrais","tag-bradesco-bbdc3-bbdc4"],"yoast_head":"<!-- This site is optimized with the Yoast SEO plugin v24.4 - https:\/\/yoast.com\/wordpress\/plugins\/seo\/ -->\n<title>Bradesco registra lucro de R$ 6,5 bi no 2T19; a\u00e7\u00f5es caem na Bolsa<\/title>\n<meta name=\"description\" content=\"Por volta das 12h, a a\u00e7\u00e3o do Bradesco (BBDC4) teve varia\u00e7\u00e3o m\u00e9dia negativa de -4,11,sendo cotada por R$ 37,37. Clique aqui e saiba mais\" \/>\n<meta name=\"robots\" content=\"index, follow, max-snippet:-1, max-image-preview:large, max-video-preview:-1\" \/>\n<link rel=\"canonical\" href=\"https:\/\/www.suno.com.br\/noticias\/bradesco-balanco-lucro-acoes-bolsa\/\" \/>\n<meta property=\"og:locale\" content=\"pt_BR\" \/>\n<meta property=\"og:type\" content=\"article\" \/>\n<meta property=\"og:title\" content=\"Bradesco registra lucro de R$ 6,5 bi no 2T19; a\u00e7\u00f5es caem na Bolsa\" \/>\n<meta property=\"og:description\" content=\"Por volta das 12h, a a\u00e7\u00e3o do Bradesco (BBDC4) teve varia\u00e7\u00e3o m\u00e9dia negativa de -4,11,sendo cotada por R$ 37,37. Clique aqui e saiba mais\" \/>\n<meta property=\"og:url\" content=\"https:\/\/www.suno.com.br\/noticias\/bradesco-balanco-lucro-acoes-bolsa\/\" \/>\n<meta property=\"og:site_name\" content=\"Suno Not\u00edcias\" \/>\n<meta property=\"article:publisher\" content=\"https:\/\/facebook.com\/sunoresearch\" \/>\n<meta property=\"og:image\" content=\"https:\/\/files.sunoresearch.com.br\/n\/uploads\/2019\/06\/85782d28-bradesco-marca-mais-valiosa-60.jpg\" \/>\n\t<meta property=\"og:image:width\" content=\"1036\" \/>\n\t<meta property=\"og:image:height\" content=\"694\" \/>\n\t<meta property=\"og:image:type\" content=\"image\/jpeg\" \/>\n<meta name=\"author\" content=\"Poliana Santos\" \/>\n<meta name=\"twitter:card\" content=\"summary_large_image\" \/>\n<meta name=\"twitter:creator\" content=\"@sunoresearch\" \/>\n<meta name=\"twitter:site\" content=\"@sunoresearch\" \/>\n<meta name=\"twitter:label1\" content=\"Escrito por\" \/>\n\t<meta name=\"twitter:data1\" content=\"Poliana Santos\" \/>\n\t<meta name=\"twitter:label2\" content=\"Est. tempo de leitura\" \/>\n\t<meta name=\"twitter:data2\" content=\"2 minutos\" \/>\n<script type=\"application\/ld+json\" class=\"yoast-schema-graph\">{\"@context\":\"https:\/\/schema.org\",\"@graph\":[{\"@type\":\"NewsArticle\",\"@id\":\"https:\/\/www.suno.com.br\/noticias\/bradesco-balanco-lucro-acoes-bolsa\/#article\",\"isPartOf\":{\"@id\":\"https:\/\/www.suno.com.br\/noticias\/bradesco-balanco-lucro-acoes-bolsa\/\"},\"author\":{\"name\":\"Poliana Santos\",\"@id\":\"https:\/\/www.suno.com.br\/noticias\/#\/schema\/person\/02ec1f752758247878a2bf4abee1aeda\"},\"headline\":\"Bradesco registra lucro de R$ 6,5 bi no 2T19; a\u00e7\u00f5es caem na Bolsa\",\"datePublished\":\"2019-07-25T15:22:19+00:00\",\"dateModified\":\"2019-07-25T21:10:41+00:00\",\"mainEntityOfPage\":{\"@id\":\"https:\/\/www.suno.com.br\/noticias\/bradesco-balanco-lucro-acoes-bolsa\/\"},\"wordCount\":383,\"publisher\":{\"@id\":\"https:\/\/www.suno.com.br\/noticias\/#organization\"},\"image\":{\"@id\":\"https:\/\/www.suno.com.br\/noticias\/bradesco-balanco-lucro-acoes-bolsa\/#primaryimage\"},\"thumbnailUrl\":\"https:\/\/files.sunoresearch.com.br\/n\/uploads\/2019\/06\/85782d28-bradesco-marca-mais-valiosa-60.jpg\",\"keywords\":[\"balan\u00e7os trimestrais\",\"Bradesco (BBDC3\/BBDC4)\"],\"articleSection\":[\"Neg\u00f3cios\"],\"inLanguage\":\"pt-BR\"},{\"@type\":\"WebPage\",\"@id\":\"https:\/\/www.suno.com.br\/noticias\/bradesco-balanco-lucro-acoes-bolsa\/\",\"url\":\"https:\/\/www.suno.com.br\/noticias\/bradesco-balanco-lucro-acoes-bolsa\/\",\"name\":\"Bradesco registra lucro de R$ 6,5 bi no 2T19; a\u00e7\u00f5es caem na Bolsa\",\"isPartOf\":{\"@id\":\"https:\/\/www.suno.com.br\/noticias\/#website\"},\"primaryImageOfPage\":{\"@id\":\"https:\/\/www.suno.com.br\/noticias\/bradesco-balanco-lucro-acoes-bolsa\/#primaryimage\"},\"image\":{\"@id\":\"https:\/\/www.suno.com.br\/noticias\/bradesco-balanco-lucro-acoes-bolsa\/#primaryimage\"},\"thumbnailUrl\":\"https:\/\/files.sunoresearch.com.br\/n\/uploads\/2019\/06\/85782d28-bradesco-marca-mais-valiosa-60.jpg\",\"datePublished\":\"2019-07-25T15:22:19+00:00\",\"dateModified\":\"2019-07-25T21:10:41+00:00\",\"description\":\"Por volta das 12h, a a\u00e7\u00e3o do Bradesco (BBDC4) teve varia\u00e7\u00e3o m\u00e9dia negativa de -4,11,sendo cotada por R$ 37,37. Clique aqui e saiba mais\",\"breadcrumb\":{\"@id\":\"https:\/\/www.suno.com.br\/noticias\/bradesco-balanco-lucro-acoes-bolsa\/#breadcrumb\"},\"inLanguage\":\"pt-BR\",\"potentialAction\":[{\"@type\":\"ReadAction\",\"target\":[\"https:\/\/www.suno.com.br\/noticias\/bradesco-balanco-lucro-acoes-bolsa\/\"]}]},{\"@type\":\"ImageObject\",\"inLanguage\":\"pt-BR\",\"@id\":\"https:\/\/www.suno.com.br\/noticias\/bradesco-balanco-lucro-acoes-bolsa\/#primaryimage\",\"url\":\"https:\/\/files.sunoresearch.com.br\/n\/uploads\/2019\/06\/85782d28-bradesco-marca-mais-valiosa-60.jpg\",\"contentUrl\":\"https:\/\/files.sunoresearch.com.br\/n\/uploads\/2019\/06\/85782d28-bradesco-marca-mais-valiosa-60.jpg\",\"width\":1036,\"height\":694,\"caption\":\"Bradesco registra lucro de R$ 6,5 bi no 2T19; a\u00e7\u00f5es caem na bolsa\"},{\"@type\":\"BreadcrumbList\",\"@id\":\"https:\/\/www.suno.com.br\/noticias\/bradesco-balanco-lucro-acoes-bolsa\/#breadcrumb\",\"itemListElement\":[{\"@type\":\"ListItem\",\"position\":1,\"name\":\"Not\u00edcias\",\"item\":\"https:\/\/www.suno.com.br\/noticias\/\"},{\"@type\":\"ListItem\",\"position\":2,\"name\":\"Neg\u00f3cios\",\"item\":\"https:\/\/www.suno.com.br\/noticias\/negocios\/\"},{\"@type\":\"ListItem\",\"position\":3,\"name\":\"Bradesco registra lucro de R$ 6,5 bi no 2T19; a\u00e7\u00f5es caem na Bolsa\"}]},{\"@type\":\"WebSite\",\"@id\":\"https:\/\/www.suno.com.br\/noticias\/#website\",\"url\":\"https:\/\/www.suno.com.br\/noticias\/\",\"name\":\"Suno Not\u00edcias\",\"description\":\"Seu portal de informa\u00e7\u00e3o sobre o mundo dos investimentos\",\"publisher\":{\"@id\":\"https:\/\/www.suno.com.br\/noticias\/#organization\"},\"potentialAction\":[{\"@type\":\"SearchAction\",\"target\":{\"@type\":\"EntryPoint\",\"urlTemplate\":\"https:\/\/www.suno.com.br\/noticias\/?s={search_term_string}\"},\"query-input\":{\"@type\":\"PropertyValueSpecification\",\"valueRequired\":true,\"valueName\":\"search_term_string\"}}],\"inLanguage\":\"pt-BR\"},{\"@type\":\"Organization\",\"@id\":\"https:\/\/www.suno.com.br\/noticias\/#organization\",\"name\":\"Suno Not\u00edcias\",\"url\":\"https:\/\/www.suno.com.br\/noticias\/\",\"logo\":{\"@type\":\"ImageObject\",\"inLanguage\":\"pt-BR\",\"@id\":\"https:\/\/www.suno.com.br\/noticias\/#\/schema\/logo\/image\/\",\"url\":\"https:\/\/files.sunoresearch.com.br\/n\/uploads\/2021\/09\/suno-logo.png\",\"contentUrl\":\"https:\/\/files.sunoresearch.com.br\/n\/uploads\/2021\/09\/suno-logo.png\",\"width\":180,\"height\":180,\"caption\":\"Suno Not\u00edcias\"},\"image\":{\"@id\":\"https:\/\/www.suno.com.br\/noticias\/#\/schema\/logo\/image\/\"},\"sameAs\":[\"https:\/\/facebook.com\/sunoresearch\",\"https:\/\/x.com\/sunoresearch\",\"https:\/\/www.instagram.com\/suno\",\"https:\/\/www.linkedin.com\/company\/suno-research\/\",\"https:\/\/www.youtube.com\/c\/sunoresearch\"]},{\"@type\":\"Person\",\"@id\":\"https:\/\/www.suno.com.br\/noticias\/#\/schema\/person\/02ec1f752758247878a2bf4abee1aeda\",\"name\":\"Poliana Santos\",\"image\":{\"@type\":\"ImageObject\",\"inLanguage\":\"pt-BR\",\"@id\":\"https:\/\/www.suno.com.br\/noticias\/#\/schema\/person\/image\/\",\"url\":\"https:\/\/secure.gravatar.com\/avatar\/0645bd32f23d87b2130f2b2dff1d3f8d?s=96&r=g\",\"contentUrl\":\"https:\/\/secure.gravatar.com\/avatar\/0645bd32f23d87b2130f2b2dff1d3f8d?s=96&r=g\",\"caption\":\"Poliana Santos\"},\"description\":\"Rep\u00f3rter no Suno Not\u00edcias, com cobertura em mercado financeiro, economia, finan\u00e7as pessoais, renda fixa e varejo. Jornalista formada pela Faculdade C\u00e1sper L\u00edbero e possui passagem na R\u00e1dio Gazeta AM com a produ\u00e7\u00e3o de conte\u00fado sobre economia, pol\u00edtica, sa\u00fade, moda e m\u00fasica. Possui certificado de conclus\u00e3o do curso de An\u00e1lise de Balan\u00e7os pela Funda\u00e7\u00e3o Bradesco, Agenda Brasil pela FAAP, Educa\u00e7\u00e3o Pol\u00edtica por Alexandre Garcia e do Tesouro Direto e Mercado de A\u00e7\u00f5es pela B3.\",\"url\":\"https:\/\/www.suno.com.br\/noticias\/author\/poliana-santos\/\"}]}<\/script>\n<!-- \/ Yoast SEO plugin. -->","yoast_head_json":{"title":"Bradesco registra lucro de R$ 6,5 bi no 2T19; a\u00e7\u00f5es caem na Bolsa","description":"Por volta das 12h, a a\u00e7\u00e3o do Bradesco (BBDC4) teve varia\u00e7\u00e3o m\u00e9dia negativa de -4,11,sendo cotada por R$ 37,37. Clique aqui e saiba mais","robots":{"index":"index","follow":"follow","max-snippet":"max-snippet:-1","max-image-preview":"max-image-preview:large","max-video-preview":"max-video-preview:-1"},"canonical":"https:\/\/www.suno.com.br\/noticias\/bradesco-balanco-lucro-acoes-bolsa\/","og_locale":"pt_BR","og_type":"article","og_title":"Bradesco registra lucro de R$ 6,5 bi no 2T19; a\u00e7\u00f5es caem na Bolsa","og_description":"Por volta das 12h, a a\u00e7\u00e3o do Bradesco (BBDC4) teve varia\u00e7\u00e3o m\u00e9dia negativa de -4,11,sendo cotada por R$ 37,37. Clique aqui e saiba mais","og_url":"https:\/\/www.suno.com.br\/noticias\/bradesco-balanco-lucro-acoes-bolsa\/","og_site_name":"Suno Not\u00edcias","article_publisher":"https:\/\/facebook.com\/sunoresearch","og_image":[{"width":1036,"height":694,"url":"https:\/\/files.sunoresearch.com.br\/n\/uploads\/2019\/06\/85782d28-bradesco-marca-mais-valiosa-60.jpg","type":"image\/jpeg"}],"author":"Poliana Santos","twitter_card":"summary_large_image","twitter_creator":"@sunoresearch","twitter_site":"@sunoresearch","twitter_misc":{"Escrito por":"Poliana Santos","Est. tempo de leitura":"2 minutos"},"schema":{"@context":"https:\/\/schema.org","@graph":[{"@type":"NewsArticle","@id":"https:\/\/www.suno.com.br\/noticias\/bradesco-balanco-lucro-acoes-bolsa\/#article","isPartOf":{"@id":"https:\/\/www.suno.com.br\/noticias\/bradesco-balanco-lucro-acoes-bolsa\/"},"author":{"name":"Poliana Santos","@id":"https:\/\/www.suno.com.br\/noticias\/#\/schema\/person\/02ec1f752758247878a2bf4abee1aeda"},"headline":"Bradesco registra lucro de R$ 6,5 bi no 2T19; a\u00e7\u00f5es caem na Bolsa","datePublished":"2019-07-25T15:22:19+00:00","dateModified":"2019-07-25T21:10:41+00:00","mainEntityOfPage":{"@id":"https:\/\/www.suno.com.br\/noticias\/bradesco-balanco-lucro-acoes-bolsa\/"},"wordCount":383,"publisher":{"@id":"https:\/\/www.suno.com.br\/noticias\/#organization"},"image":{"@id":"https:\/\/www.suno.com.br\/noticias\/bradesco-balanco-lucro-acoes-bolsa\/#primaryimage"},"thumbnailUrl":"https:\/\/files.sunoresearch.com.br\/n\/uploads\/2019\/06\/85782d28-bradesco-marca-mais-valiosa-60.jpg","keywords":["balan\u00e7os trimestrais","Bradesco (BBDC3\/BBDC4)"],"articleSection":["Neg\u00f3cios"],"inLanguage":"pt-BR"},{"@type":"WebPage","@id":"https:\/\/www.suno.com.br\/noticias\/bradesco-balanco-lucro-acoes-bolsa\/","url":"https:\/\/www.suno.com.br\/noticias\/bradesco-balanco-lucro-acoes-bolsa\/","name":"Bradesco registra lucro de R$ 6,5 bi no 2T19; a\u00e7\u00f5es caem na Bolsa","isPartOf":{"@id":"https:\/\/www.suno.com.br\/noticias\/#website"},"primaryImageOfPage":{"@id":"https:\/\/www.suno.com.br\/noticias\/bradesco-balanco-lucro-acoes-bolsa\/#primaryimage"},"image":{"@id":"https:\/\/www.suno.com.br\/noticias\/bradesco-balanco-lucro-acoes-bolsa\/#primaryimage"},"thumbnailUrl":"https:\/\/files.sunoresearch.com.br\/n\/uploads\/2019\/06\/85782d28-bradesco-marca-mais-valiosa-60.jpg","datePublished":"2019-07-25T15:22:19+00:00","dateModified":"2019-07-25T21:10:41+00:00","description":"Por volta das 12h, a a\u00e7\u00e3o do Bradesco (BBDC4) teve varia\u00e7\u00e3o m\u00e9dia negativa de -4,11,sendo cotada por R$ 37,37. Clique aqui e saiba mais","breadcrumb":{"@id":"https:\/\/www.suno.com.br\/noticias\/bradesco-balanco-lucro-acoes-bolsa\/#breadcrumb"},"inLanguage":"pt-BR","potentialAction":[{"@type":"ReadAction","target":["https:\/\/www.suno.com.br\/noticias\/bradesco-balanco-lucro-acoes-bolsa\/"]}]},{"@type":"ImageObject","inLanguage":"pt-BR","@id":"https:\/\/www.suno.com.br\/noticias\/bradesco-balanco-lucro-acoes-bolsa\/#primaryimage","url":"https:\/\/files.sunoresearch.com.br\/n\/uploads\/2019\/06\/85782d28-bradesco-marca-mais-valiosa-60.jpg","contentUrl":"https:\/\/files.sunoresearch.com.br\/n\/uploads\/2019\/06\/85782d28-bradesco-marca-mais-valiosa-60.jpg","width":1036,"height":694,"caption":"Bradesco registra lucro de R$ 6,5 bi no 2T19; a\u00e7\u00f5es caem na bolsa"},{"@type":"BreadcrumbList","@id":"https:\/\/www.suno.com.br\/noticias\/bradesco-balanco-lucro-acoes-bolsa\/#breadcrumb","itemListElement":[{"@type":"ListItem","position":1,"name":"Not\u00edcias","item":"https:\/\/www.suno.com.br\/noticias\/"},{"@type":"ListItem","position":2,"name":"Neg\u00f3cios","item":"https:\/\/www.suno.com.br\/noticias\/negocios\/"},{"@type":"ListItem","position":3,"name":"Bradesco registra lucro de R$ 6,5 bi no 2T19; a\u00e7\u00f5es caem na Bolsa"}]},{"@type":"WebSite","@id":"https:\/\/www.suno.com.br\/noticias\/#website","url":"https:\/\/www.suno.com.br\/noticias\/","name":"Suno Not\u00edcias","description":"Seu portal de informa\u00e7\u00e3o sobre o mundo dos investimentos","publisher":{"@id":"https:\/\/www.suno.com.br\/noticias\/#organization"},"potentialAction":[{"@type":"SearchAction","target":{"@type":"EntryPoint","urlTemplate":"https:\/\/www.suno.com.br\/noticias\/?s={search_term_string}"},"query-input":{"@type":"PropertyValueSpecification","valueRequired":true,"valueName":"search_term_string"}}],"inLanguage":"pt-BR"},{"@type":"Organization","@id":"https:\/\/www.suno.com.br\/noticias\/#organization","name":"Suno Not\u00edcias","url":"https:\/\/www.suno.com.br\/noticias\/","logo":{"@type":"ImageObject","inLanguage":"pt-BR","@id":"https:\/\/www.suno.com.br\/noticias\/#\/schema\/logo\/image\/","url":"https:\/\/files.sunoresearch.com.br\/n\/uploads\/2021\/09\/suno-logo.png","contentUrl":"https:\/\/files.sunoresearch.com.br\/n\/uploads\/2021\/09\/suno-logo.png","width":180,"height":180,"caption":"Suno Not\u00edcias"},"image":{"@id":"https:\/\/www.suno.com.br\/noticias\/#\/schema\/logo\/image\/"},"sameAs":["https:\/\/facebook.com\/sunoresearch","https:\/\/x.com\/sunoresearch","https:\/\/www.instagram.com\/suno","https:\/\/www.linkedin.com\/company\/suno-research\/","https:\/\/www.youtube.com\/c\/sunoresearch"]},{"@type":"Person","@id":"https:\/\/www.suno.com.br\/noticias\/#\/schema\/person\/02ec1f752758247878a2bf4abee1aeda","name":"Poliana Santos","image":{"@type":"ImageObject","inLanguage":"pt-BR","@id":"https:\/\/www.suno.com.br\/noticias\/#\/schema\/person\/image\/","url":"https:\/\/secure.gravatar.com\/avatar\/0645bd32f23d87b2130f2b2dff1d3f8d?s=96&r=g","contentUrl":"https:\/\/secure.gravatar.com\/avatar\/0645bd32f23d87b2130f2b2dff1d3f8d?s=96&r=g","caption":"Poliana Santos"},"description":"Rep\u00f3rter no Suno Not\u00edcias, com cobertura em mercado financeiro, economia, finan\u00e7as pessoais, renda fixa e varejo. Jornalista formada pela Faculdade C\u00e1sper L\u00edbero e possui passagem na R\u00e1dio Gazeta AM com a produ\u00e7\u00e3o de conte\u00fado sobre economia, pol\u00edtica, sa\u00fade, moda e m\u00fasica. Possui certificado de conclus\u00e3o do curso de An\u00e1lise de Balan\u00e7os pela Funda\u00e7\u00e3o Bradesco, Agenda Brasil pela FAAP, Educa\u00e7\u00e3o Pol\u00edtica por Alexandre Garcia e do Tesouro Direto e Mercado de A\u00e7\u00f5es pela B3.","url":"https:\/\/www.suno.com.br\/noticias\/author\/poliana-santos\/"}]}},"default_loop_html":"<div class=\"cardsPage__listCard__boxs\"><div class=\"cardsPage__listCard__boxs__img\"><a href=\"https:\/\/www.suno.com.br\/noticias\/bradesco-balanco-lucro-acoes-bolsa\/\"><img class=\"mask\" src=\"https:\/\/www.suno.com.br\/noticias\/wp-content\/themes\/suno\/resources\/images\/spotlight\/spotlight1img\/bg-mask.png\" alt=\"Image Mask\"\/><img src=\"https:\/\/files.sunoresearch.com.br\/n\/uploads\/2019\/06\/85782d28-bradesco-marca-mais-valiosa-60-400x200.jpg\" alt=\"Bradesco registra lucro de R$ 6,5 bi no 2T19; a\u00e7\u00f5es caem na Bolsa\"\/><\/a><span class=\"spotlightCategory\"><a href=\"https:\/\/www.suno.com.br\/noticias\/negocios\/\">Neg\u00f3cios<\/a><\/span><\/div><div class=\"cardsPage__listCard__boxs__content\"><a href=\"https:\/\/www.suno.com.br\/noticias\/bradesco-balanco-lucro-acoes-bolsa\/\"><h2 class=\"content__title\">Bradesco registra lucro de R$ 6,5 bi no 2T19; a\u00e7\u00f5es caem na Bolsa<\/h2><\/a><div class=\"newsContent__article__meta\"><div class=\"newsContent__article__meta__authorBox\"><a href=\"https:\/\/www.suno.com.br\/noticias\/author\/poliana-santos\/\" class=\"authorBox__avatar noMobi\"><img src=\"https:\/\/files.sunoresearch.com.br\/n\/uploads\/2020\/08\/7ef34026-whatsapp-image-2020-08-03-at-12.37.57-150x150.webp\" alt=\"Poliana Santos\"><\/a><div class=\"authorBox__name\"><span>por\n\t\t\t<a href=\"https:\/\/www.suno.com.br\/noticias\/author\/poliana-santos\/\"><span itemprop=\"author\">Poliana Santos<\/span><\/a><\/span><time datetime=\"2019-07-25T12:22:19-03:00\" itemprop=\"datePublished\">25\/07\/2019 12:22<\/time><\/div><\/div><\/div><\/div><\/div>","single_layout":"posts","amp_enabled":true,"_links":{"self":[{"href":"https:\/\/www.suno.com.br\/noticias\/wp-json\/wp\/v2\/posts\/32138"}],"collection":[{"href":"https:\/\/www.suno.com.br\/noticias\/wp-json\/wp\/v2\/posts"}],"about":[{"href":"https:\/\/www.suno.com.br\/noticias\/wp-json\/wp\/v2\/types\/post"}],"author":[{"embeddable":true,"href":"https:\/\/www.suno.com.br\/noticias\/wp-json\/wp\/v2\/users\/15"}],"replies":[{"embeddable":true,"href":"https:\/\/www.suno.com.br\/noticias\/wp-json\/wp\/v2\/comments?post=32138"}],"version-history":[{"count":0,"href":"https:\/\/www.suno.com.br\/noticias\/wp-json\/wp\/v2\/posts\/32138\/revisions"}],"wp:featuredmedia":[{"embeddable":true,"href":"https:\/\/www.suno.com.br\/noticias\/wp-json\/wp\/v2\/media\/26936"}],"wp:attachment":[{"href":"https:\/\/www.suno.com.br\/noticias\/wp-json\/wp\/v2\/media?parent=32138"}],"wp:term":[{"taxonomy":"category","embeddable":true,"href":"https:\/\/www.suno.com.br\/noticias\/wp-json\/wp\/v2\/categories?post=32138"},{"taxonomy":"post_tag","embeddable":true,"href":"https:\/\/www.suno.com.br\/noticias\/wp-json\/wp\/v2\/tags?post=32138"},{"taxonomy":"suno_strategy","embeddable":true,"href":"https:\/\/www.suno.com.br\/noticias\/wp-json\/wp\/v2\/suno_strategy?post=32138"}],"curies":[{"name":"wp","href":"https:\/\/api.w.org\/{rel}","templated":true}]}}