{"id":321368,"date":"2022-11-22T11:26:38","date_gmt":"2022-11-22T14:26:38","guid":{"rendered":"https:\/\/www.suno.com.br\/noticias\/?p=321368"},"modified":"2022-11-22T14:52:21","modified_gmt":"2022-11-22T17:52:21","slug":"enel-elpl3-focar-sp-rj-coelce","status":"publish","type":"post","link":"https:\/\/www.suno.com.br\/noticias\/enel-elpl3-focar-sp-rj-coelce\/","title":{"rendered":"Enel planeja vender Coelce (COCE5) para focar em SP e no RJ"},"content":{"rendered":"<p>A<strong> Enel <\/strong>pretende vender a sua participa\u00e7\u00e3o majorit\u00e1ria no comando da <strong>Coelce (COCE5)<\/strong>, distribuidora de energia que atende ao Estado do Cear\u00e1. Nesta ter\u00e7a (22), a empresa italiana informou esse objetivo e afirmou que deseja focar sua atua\u00e7\u00e3o no mercado brasileiro em S\u00e3o Paulo e no Rio de Janeiro.<\/p>\t<div class=\"wrapper-featured-image\">\n\t\t<figure class=\"spotlightImg\">\n\n\t\t\t<picture>\n\t\t\t\t<source media=\"(max-width: 768px)\" srcset=\"https:\/\/files.sunoresearch.com.br\/n\/uploads\/2022\/10\/energia-trasmissao-400x200.jpg\">\n\t\t\t\t<img loading=\"lazy\" decoding=\"async\" class=\"newsContent__article__imgCapa lazyloadDisabled \" src=\"https:\/\/files.sunoresearch.com.br\/n\/uploads\/2022\/10\/energia-trasmissao-800x450.jpg\" width=\"800\" height=\"450\" alt=\"Enel planeja vender Coelce (COCE5) para focar em SP e no RJ\" fetchpriority=high \/>\n\t\t\t<\/picture>\n\n\t\t\t<figcaption class=\"wp-caption-text wp-caption-text--show\">Taesa. Torres de transmiss\u00e3o de energia. Foto: Pixabay<\/figcaption>\n\t\t<\/figure>\n\t<\/div>\n\n\n\n\n\n\t<p>\n\t\t<a href=\"https:\/\/lp2.suno.com.br\/cl\/black-friday-2025\/?utm_campaign=_SNCDF0E4858_\" target=\"_blank\" data-element=\"shortcode-suno-banner\" title=\"Banner SUNO, clique e saiba mais\">\n\t\t\t<picture>\n\t\t\t\t<source media=\"(max-width: 500px)\" srcset=\"https:\/\/files.sunoresearch.com.br\/n\/uploads\/2025\/10\/Artigos-e-Noticias-Banner-Home-artigos-01-Mobile_-400x300-1-png.webp\">\n\t\t\t\t<img class=\"newsContent__article__imgCapa newsContent__article__imgCapa--banner\"\n\t\t\t\t\tsrc=\"https:\/\/files.sunoresearch.com.br\/n\/uploads\/2025\/10\/Artigos-e-Noticias-Banner-Home-artigos-01-Desktop_-1420x240-1-png.webp\"\n\t\t\t\t\tdata-promo-id=\"311259\"\t\t\t\t\t\t\t\t\t\twidth='1420' height='240'\t\t\t\t\talt=\"https:\/\/files.sunoresearch.com.br\/n\/uploads\/2025\/10\/Artigos-e-Noticias-Banner-Home-artigos-01-Desktop_-1420x240-1-png.webp\"\n\t\t\t\t>\n\t\t\t<\/picture>\n\t\t<\/a>\n\t<\/p>\n\n\n\n\n\n<p>No novo <strong>plano estrat\u00e9gico da companhia<\/strong>, a multinacional de energia explicou que deseja sair de pa\u00edses como a Argentina, a Rom\u00eania e o Peru. Assim, o foco de atua\u00e7\u00e3o da Enel ser\u00e1 no Brasil, Estados Unidos, Chile, Col\u00f4mbia, Espanha e It\u00e1lia.<\/p>\n\n\n\n<p>&#8220;Isso vai melhorar nossa resili\u00eancia a potenciais turbul\u00eancias futuras e ampliar nossa cria\u00e7\u00e3o de valor, beneficiando todos os nossos p\u00fablicos-alvo e acelerando a independ\u00eancia energ\u00e9tica dos nossos pa\u00edses-alvo&#8221;, ressaltou Franceso Starace, presidente da companhia.<\/p>\n\n\n\n<p>Em comunicado \u00e0 <a class=\"suno-keyword\" target=\"_blank\" data-force=\"no\" data-priority=\"2\" href=\"https:\/\/www.suno.com.br\/artigos\/cvm\/\" rel=\"noopener\">Comiss\u00e3o de Valores Mobili\u00e1rios (CVM)<\/a>, a Coelce ressaltou que a venda trata-se de uma possibilidade e que ainda n\u00e3o foram tomadas iniciativas concretas para essa negocia\u00e7\u00e3o.<\/p>\n\n\n\n<p>&#8220;A companhia esclarece que a conveni\u00eancia e oportunidade de aliena\u00e7\u00e3o das a\u00e7\u00f5es de sua emiss\u00e3o \u00e9 decis\u00e3o que cabe exclusivamente aos seus acionistas. A companhia informa que, se e quando for o caso, qualquer opera\u00e7\u00e3o depender\u00e1 da obten\u00e7\u00e3o das aprova\u00e7\u00f5es necess\u00e1rias e observar\u00e1 os termos da regulamenta\u00e7\u00e3o aplic\u00e1vel&#8221;, destacou o <a class=\"suno-keyword\" target=\"_blank\" data-force=\"no\" data-priority=\"1\" href=\"https:\/\/www.suno.com.br\/artigos\/fato-relevante\/\" rel=\"noopener\">Fato Relevante<\/a> divulgado pela Coelce.<\/p>\n\n\n\t<p>\n\t\t<a href=\"https:\/\/lp.suno.com.br\/ebook-como-analisar-uma-acao\/\" target=\"_blank\" data-element=\"shortcode-suno-banner\" title=\"Banner SUNO, clique e saiba mais\">\n\t\t\t<picture>\n\t\t\t\t<source media=\"(max-width: 500px)\" srcset=\"https:\/\/files.sunoresearch.com.br\/n\/uploads\/2023\/12\/Ebook-Acoes-Mobile.jpg\">\n\t\t\t\t<img class=\"newsContent__article__imgCapa newsContent__article__imgCapa--banner\"\n\t\t\t\t\tsrc=\"https:\/\/files.sunoresearch.com.br\/n\/uploads\/2023\/12\/Ebook-Acoes-Desktop.webp\"\n\t\t\t\t\tdata-promo-id=\"311260\"\t\t\t\t\t\t\t\t\t\twidth='1420' height='286'\t\t\t\t\talt=\"https:\/\/files.sunoresearch.com.br\/n\/uploads\/2023\/12\/Ebook-Acoes-Desktop.webp\"\n\t\t\t\t>\n\t\t\t<\/picture>\n\t\t<\/a>\n\t<\/p>\n\n\n\n\n\n<h2 class=\"wp-block-heading\" id=\"h-novo-foco-da-enel\">Novo foco da Enel<\/h2>\n\n\n\n<p>De acordo com a Enel, a venda da concess\u00e3o do Cear\u00e1 tem como objetivo &#8220;ampliar o foco nas redes de distribui\u00e7\u00e3o nas megacidades&#8221;, e a expectativa \u00e9 que a opera\u00e7\u00e3o seja finalizada at\u00e9 o fim de 2023.<\/p>\n\n\n\n<p>Em setembro, a multinacional anunciou a<a href=\"https:\/\/www.suno.com.br\/noticias\/equatorial-eqtl3-banco-celg\/\"> venda da distribuidora goiana Celg-D <\/a>por R$ 1,6 bilh\u00e3o. A opera\u00e7\u00e3o foi adquirida pela <a class=\"suno-keyword\" data-force=\"yes\" data-priority=\"2\" href=\"https:\/\/www.suno.com.br\/acoes\/EQTL3\/\" target=\"_blank\" rel=\"noopener\">Equatorial (EQTL3)<\/a>.<\/p>\n\n\n\n<p>No planejamento internacional da <strong>Enel<\/strong>, cerca de 90% dos novos investimentos ser\u00e3o feitos nos Estados Unidos, Espanha e It\u00e1lia. O plano da multinacional para os pr\u00f3ximos tr\u00eas anos \u00e9 destinar metade dos aportes para a gera\u00e7\u00e3o de energia, 40% para demandas de distribui\u00e7\u00e3o, e os 10% restantes em servi\u00e7os ao consumidor.<\/p>\n\n\n\n<h2 class=\"wp-block-heading\">Impacto no mercado<\/h2>\n\n\n\n<p>Por volta das 11h50, as a\u00e7\u00f5es da Coelce registravam alta de 18,08% na B3, com o impacto da not\u00edcia da venda da companhia pela <strong>Enel<\/strong>.<\/p>\n\n\n\t<p>\n\t\t<a href=\"https:\/\/lp.suno.com.br\/minicurso-investindo-fiis\/\" target=\"_blank\" data-element=\"shortcode-suno-banner\" title=\"Banner SUNO, clique e saiba mais\">\n\t\t\t<picture>\n\t\t\t\t<source media=\"(max-width: 500px)\" srcset=\"https:\/\/files.sunoresearch.com.br\/n\/uploads\/2023\/07\/400x300-Minicurso-FIIS.png\">\n\t\t\t\t<img class=\"newsContent__article__imgCapa newsContent__article__imgCapa--banner\"\n\t\t\t\t\tsrc=\"https:\/\/files.sunoresearch.com.br\/n\/uploads\/2023\/07\/1420x240-Minicurso-FIIS.png\"\n\t\t\t\t\tdata-promo-id=\"311935\"\t\t\t\t\t\t\t\t\t\twidth='1420' height='240'\t\t\t\t\talt=\"https:\/\/files.sunoresearch.com.br\/n\/uploads\/2023\/07\/1420x240-Minicurso-FIIS.png\"\n\t\t\t\t>\n\t\t\t<\/picture>\n\t\t<\/a>\n\t<\/p>\n\n\n","protected":false},"excerpt":{"rendered":"<p>A Enel pretende vender a sua participa\u00e7\u00e3o majorit\u00e1ria no comando da Coelce (COCE5), distribuidora de energia que atende ao Estado do Cear\u00e1. Nesta ter\u00e7a (22), a empresa italiana informou esse objetivo e afirmou que deseja focar sua atua\u00e7\u00e3o no mercado brasileiro em S\u00e3o Paulo e no Rio de Janeiro. Taesa. Torres de transmiss\u00e3o de energia. [&hellip;]<\/p>\n","protected":false},"author":232,"featured_media":311761,"comment_status":"closed","ping_status":"closed","sticky":false,"template":"","format":"standard","meta":[],"categories":[64],"tags":[816,106081],"suno_strategy":[],"class_list":["post-321368","post","type-post","status-publish","format-standard","has-post-thumbnail","hentry","category-negocios","tag-enel","tag-energia"],"yoast_head":"<!-- This site is optimized with the Yoast SEO plugin v24.4 - https:\/\/yoast.com\/wordpress\/plugins\/seo\/ -->\n<title>Enel (ELPL3) planeja vender Coelce (COCE5) para focar em SP e no RJ<\/title>\n<meta name=\"description\" content=\"A Enel (ELPL3) pretende vender a sua participa\u00e7\u00e3o majorit\u00e1ria no comando da Coelce (COCE5), distribuidora de energia do Cear\u00e1. Saiba mais.\" \/>\n<meta name=\"robots\" content=\"index, follow, max-snippet:-1, max-image-preview:large, max-video-preview:-1\" \/>\n<link rel=\"canonical\" href=\"https:\/\/www.suno.com.br\/noticias\/enel-elpl3-focar-sp-rj-coelce\/\" \/>\n<meta property=\"og:locale\" content=\"pt_BR\" \/>\n<meta property=\"og:type\" content=\"article\" \/>\n<meta property=\"og:title\" content=\"Enel (ELPL3) planeja vender Coelce (COCE5) para focar em SP e no RJ\" \/>\n<meta property=\"og:description\" content=\"A Enel (ELPL3) pretende vender a sua participa\u00e7\u00e3o majorit\u00e1ria no comando da Coelce (COCE5), distribuidora de energia do Cear\u00e1. Saiba mais.\" \/>\n<meta property=\"og:url\" content=\"https:\/\/www.suno.com.br\/noticias\/enel-elpl3-focar-sp-rj-coelce\/\" \/>\n<meta property=\"og:site_name\" content=\"Suno Not\u00edcias\" \/>\n<meta property=\"article:publisher\" content=\"https:\/\/facebook.com\/sunoresearch\" \/>\n<meta property=\"og:image\" content=\"https:\/\/files.sunoresearch.com.br\/n\/uploads\/2022\/10\/energia-trasmissao.jpg\" \/>\n\t<meta property=\"og:image:width\" content=\"1920\" \/>\n\t<meta property=\"og:image:height\" content=\"1197\" \/>\n\t<meta property=\"og:image:type\" content=\"image\/jpeg\" \/>\n<meta name=\"author\" content=\"Erick Matheus Nery\" \/>\n<meta name=\"twitter:card\" content=\"summary_large_image\" \/>\n<meta name=\"twitter:creator\" content=\"@sunoresearch\" \/>\n<meta name=\"twitter:site\" content=\"@sunoresearch\" \/>\n<meta name=\"twitter:label1\" content=\"Escrito por\" \/>\n\t<meta name=\"twitter:data1\" content=\"Erick Matheus Nery\" \/>\n\t<meta name=\"twitter:label2\" content=\"Est. tempo de leitura\" \/>\n\t<meta name=\"twitter:data2\" content=\"2 minutos\" \/>\n<script type=\"application\/ld+json\" class=\"yoast-schema-graph\">{\"@context\":\"https:\/\/schema.org\",\"@graph\":[{\"@type\":\"NewsArticle\",\"@id\":\"https:\/\/www.suno.com.br\/noticias\/enel-elpl3-focar-sp-rj-coelce\/#article\",\"isPartOf\":{\"@id\":\"https:\/\/www.suno.com.br\/noticias\/enel-elpl3-focar-sp-rj-coelce\/\"},\"author\":{\"name\":\"Erick Matheus Nery\",\"@id\":\"https:\/\/www.suno.com.br\/noticias\/#\/schema\/person\/6899bc3f19d1a7315f807131c2c013a0\"},\"headline\":\"Enel planeja vender Coelce (COCE5) para focar em SP e no RJ\",\"datePublished\":\"2022-11-22T14:26:38+00:00\",\"dateModified\":\"2022-11-22T17:52:21+00:00\",\"mainEntityOfPage\":{\"@id\":\"https:\/\/www.suno.com.br\/noticias\/enel-elpl3-focar-sp-rj-coelce\/\"},\"wordCount\":407,\"publisher\":{\"@id\":\"https:\/\/www.suno.com.br\/noticias\/#organization\"},\"image\":{\"@id\":\"https:\/\/www.suno.com.br\/noticias\/enel-elpl3-focar-sp-rj-coelce\/#primaryimage\"},\"thumbnailUrl\":\"https:\/\/files.sunoresearch.com.br\/n\/uploads\/2022\/10\/energia-trasmissao.jpg\",\"keywords\":[\"Enel\",\"energia\"],\"articleSection\":[\"Neg\u00f3cios\"],\"inLanguage\":\"pt-BR\"},{\"@type\":\"WebPage\",\"@id\":\"https:\/\/www.suno.com.br\/noticias\/enel-elpl3-focar-sp-rj-coelce\/\",\"url\":\"https:\/\/www.suno.com.br\/noticias\/enel-elpl3-focar-sp-rj-coelce\/\",\"name\":\"Enel (ELPL3) planeja vender Coelce (COCE5) para focar em SP e no RJ\",\"isPartOf\":{\"@id\":\"https:\/\/www.suno.com.br\/noticias\/#website\"},\"primaryImageOfPage\":{\"@id\":\"https:\/\/www.suno.com.br\/noticias\/enel-elpl3-focar-sp-rj-coelce\/#primaryimage\"},\"image\":{\"@id\":\"https:\/\/www.suno.com.br\/noticias\/enel-elpl3-focar-sp-rj-coelce\/#primaryimage\"},\"thumbnailUrl\":\"https:\/\/files.sunoresearch.com.br\/n\/uploads\/2022\/10\/energia-trasmissao.jpg\",\"datePublished\":\"2022-11-22T14:26:38+00:00\",\"dateModified\":\"2022-11-22T17:52:21+00:00\",\"description\":\"A Enel (ELPL3) pretende vender a sua participa\u00e7\u00e3o majorit\u00e1ria no comando da Coelce (COCE5), distribuidora de energia do Cear\u00e1. Saiba mais.\",\"breadcrumb\":{\"@id\":\"https:\/\/www.suno.com.br\/noticias\/enel-elpl3-focar-sp-rj-coelce\/#breadcrumb\"},\"inLanguage\":\"pt-BR\",\"potentialAction\":[{\"@type\":\"ReadAction\",\"target\":[\"https:\/\/www.suno.com.br\/noticias\/enel-elpl3-focar-sp-rj-coelce\/\"]}]},{\"@type\":\"ImageObject\",\"inLanguage\":\"pt-BR\",\"@id\":\"https:\/\/www.suno.com.br\/noticias\/enel-elpl3-focar-sp-rj-coelce\/#primaryimage\",\"url\":\"https:\/\/files.sunoresearch.com.br\/n\/uploads\/2022\/10\/energia-trasmissao.jpg\",\"contentUrl\":\"https:\/\/files.sunoresearch.com.br\/n\/uploads\/2022\/10\/energia-trasmissao.jpg\",\"width\":1920,\"height\":1197,\"caption\":\"Taesa. Torres de transmiss\u00e3o de energia. Foto: Pixabay\"},{\"@type\":\"BreadcrumbList\",\"@id\":\"https:\/\/www.suno.com.br\/noticias\/enel-elpl3-focar-sp-rj-coelce\/#breadcrumb\",\"itemListElement\":[{\"@type\":\"ListItem\",\"position\":1,\"name\":\"Not\u00edcias\",\"item\":\"https:\/\/www.suno.com.br\/noticias\/\"},{\"@type\":\"ListItem\",\"position\":2,\"name\":\"Neg\u00f3cios\",\"item\":\"https:\/\/www.suno.com.br\/noticias\/negocios\/\"},{\"@type\":\"ListItem\",\"position\":3,\"name\":\"Enel planeja vender Coelce (COCE5) para focar em SP e no RJ\"}]},{\"@type\":\"WebSite\",\"@id\":\"https:\/\/www.suno.com.br\/noticias\/#website\",\"url\":\"https:\/\/www.suno.com.br\/noticias\/\",\"name\":\"Suno Not\u00edcias\",\"description\":\"Seu portal de informa\u00e7\u00e3o sobre o mundo dos investimentos\",\"publisher\":{\"@id\":\"https:\/\/www.suno.com.br\/noticias\/#organization\"},\"potentialAction\":[{\"@type\":\"SearchAction\",\"target\":{\"@type\":\"EntryPoint\",\"urlTemplate\":\"https:\/\/www.suno.com.br\/noticias\/?s={search_term_string}\"},\"query-input\":{\"@type\":\"PropertyValueSpecification\",\"valueRequired\":true,\"valueName\":\"search_term_string\"}}],\"inLanguage\":\"pt-BR\"},{\"@type\":\"Organization\",\"@id\":\"https:\/\/www.suno.com.br\/noticias\/#organization\",\"name\":\"Suno Not\u00edcias\",\"url\":\"https:\/\/www.suno.com.br\/noticias\/\",\"logo\":{\"@type\":\"ImageObject\",\"inLanguage\":\"pt-BR\",\"@id\":\"https:\/\/www.suno.com.br\/noticias\/#\/schema\/logo\/image\/\",\"url\":\"https:\/\/files.sunoresearch.com.br\/n\/uploads\/2021\/09\/suno-logo.png\",\"contentUrl\":\"https:\/\/files.sunoresearch.com.br\/n\/uploads\/2021\/09\/suno-logo.png\",\"width\":180,\"height\":180,\"caption\":\"Suno Not\u00edcias\"},\"image\":{\"@id\":\"https:\/\/www.suno.com.br\/noticias\/#\/schema\/logo\/image\/\"},\"sameAs\":[\"https:\/\/facebook.com\/sunoresearch\",\"https:\/\/x.com\/sunoresearch\",\"https:\/\/www.instagram.com\/suno\",\"https:\/\/www.linkedin.com\/company\/suno-research\/\",\"https:\/\/www.youtube.com\/c\/sunoresearch\"]},{\"@type\":\"Person\",\"@id\":\"https:\/\/www.suno.com.br\/noticias\/#\/schema\/person\/6899bc3f19d1a7315f807131c2c013a0\",\"name\":\"Erick Matheus Nery\",\"image\":{\"@type\":\"ImageObject\",\"inLanguage\":\"pt-BR\",\"@id\":\"https:\/\/www.suno.com.br\/noticias\/#\/schema\/person\/image\/\",\"url\":\"https:\/\/secure.gravatar.com\/avatar\/518ddffe438ccb767782d372a66304d2?s=96&r=g\",\"contentUrl\":\"https:\/\/secure.gravatar.com\/avatar\/518ddffe438ccb767782d372a66304d2?s=96&r=g\",\"caption\":\"Erick Matheus Nery\"},\"description\":\"Formado em Jornalismo pela Universidade Federal do Par\u00e1 (UFPA), conta com extens\u00e3o em Jornalismo Econ\u00f4mico pela Funda\u00e7\u00e3o Get\u00falio Vargas (FGV). No Suno Not\u00edcias, atua como rep\u00f3rter de Mercado, com foco nos setores de telecomunica\u00e7\u00f5es, varejo, alimentos e renda fixa. Conta com passagens pelo jornal O Estado de S\u00e3o Paulo, como trainee de Jornalismo Econ\u00f4mico, e pelo site Not\u00edcias da TV.\",\"url\":\"https:\/\/www.suno.com.br\/noticias\/author\/erick-nery\/\"}]}<\/script>\n<!-- \/ Yoast SEO plugin. -->","yoast_head_json":{"title":"Enel (ELPL3) planeja vender Coelce (COCE5) para focar em SP e no RJ","description":"A Enel (ELPL3) pretende vender a sua participa\u00e7\u00e3o majorit\u00e1ria no comando da Coelce (COCE5), distribuidora de energia do Cear\u00e1. Saiba mais.","robots":{"index":"index","follow":"follow","max-snippet":"max-snippet:-1","max-image-preview":"max-image-preview:large","max-video-preview":"max-video-preview:-1"},"canonical":"https:\/\/www.suno.com.br\/noticias\/enel-elpl3-focar-sp-rj-coelce\/","og_locale":"pt_BR","og_type":"article","og_title":"Enel (ELPL3) planeja vender Coelce (COCE5) para focar em SP e no RJ","og_description":"A Enel (ELPL3) pretende vender a sua participa\u00e7\u00e3o majorit\u00e1ria no comando da Coelce (COCE5), distribuidora de energia do Cear\u00e1. Saiba mais.","og_url":"https:\/\/www.suno.com.br\/noticias\/enel-elpl3-focar-sp-rj-coelce\/","og_site_name":"Suno Not\u00edcias","article_publisher":"https:\/\/facebook.com\/sunoresearch","og_image":[{"width":1920,"height":1197,"url":"https:\/\/files.sunoresearch.com.br\/n\/uploads\/2022\/10\/energia-trasmissao.jpg","type":"image\/jpeg"}],"author":"Erick Matheus Nery","twitter_card":"summary_large_image","twitter_creator":"@sunoresearch","twitter_site":"@sunoresearch","twitter_misc":{"Escrito por":"Erick Matheus Nery","Est. tempo de leitura":"2 minutos"},"schema":{"@context":"https:\/\/schema.org","@graph":[{"@type":"NewsArticle","@id":"https:\/\/www.suno.com.br\/noticias\/enel-elpl3-focar-sp-rj-coelce\/#article","isPartOf":{"@id":"https:\/\/www.suno.com.br\/noticias\/enel-elpl3-focar-sp-rj-coelce\/"},"author":{"name":"Erick Matheus Nery","@id":"https:\/\/www.suno.com.br\/noticias\/#\/schema\/person\/6899bc3f19d1a7315f807131c2c013a0"},"headline":"Enel planeja vender Coelce (COCE5) para focar em SP e no RJ","datePublished":"2022-11-22T14:26:38+00:00","dateModified":"2022-11-22T17:52:21+00:00","mainEntityOfPage":{"@id":"https:\/\/www.suno.com.br\/noticias\/enel-elpl3-focar-sp-rj-coelce\/"},"wordCount":407,"publisher":{"@id":"https:\/\/www.suno.com.br\/noticias\/#organization"},"image":{"@id":"https:\/\/www.suno.com.br\/noticias\/enel-elpl3-focar-sp-rj-coelce\/#primaryimage"},"thumbnailUrl":"https:\/\/files.sunoresearch.com.br\/n\/uploads\/2022\/10\/energia-trasmissao.jpg","keywords":["Enel","energia"],"articleSection":["Neg\u00f3cios"],"inLanguage":"pt-BR"},{"@type":"WebPage","@id":"https:\/\/www.suno.com.br\/noticias\/enel-elpl3-focar-sp-rj-coelce\/","url":"https:\/\/www.suno.com.br\/noticias\/enel-elpl3-focar-sp-rj-coelce\/","name":"Enel (ELPL3) planeja vender Coelce (COCE5) para focar em SP e no RJ","isPartOf":{"@id":"https:\/\/www.suno.com.br\/noticias\/#website"},"primaryImageOfPage":{"@id":"https:\/\/www.suno.com.br\/noticias\/enel-elpl3-focar-sp-rj-coelce\/#primaryimage"},"image":{"@id":"https:\/\/www.suno.com.br\/noticias\/enel-elpl3-focar-sp-rj-coelce\/#primaryimage"},"thumbnailUrl":"https:\/\/files.sunoresearch.com.br\/n\/uploads\/2022\/10\/energia-trasmissao.jpg","datePublished":"2022-11-22T14:26:38+00:00","dateModified":"2022-11-22T17:52:21+00:00","description":"A Enel (ELPL3) pretende vender a sua participa\u00e7\u00e3o majorit\u00e1ria no comando da Coelce (COCE5), distribuidora de energia do Cear\u00e1. Saiba mais.","breadcrumb":{"@id":"https:\/\/www.suno.com.br\/noticias\/enel-elpl3-focar-sp-rj-coelce\/#breadcrumb"},"inLanguage":"pt-BR","potentialAction":[{"@type":"ReadAction","target":["https:\/\/www.suno.com.br\/noticias\/enel-elpl3-focar-sp-rj-coelce\/"]}]},{"@type":"ImageObject","inLanguage":"pt-BR","@id":"https:\/\/www.suno.com.br\/noticias\/enel-elpl3-focar-sp-rj-coelce\/#primaryimage","url":"https:\/\/files.sunoresearch.com.br\/n\/uploads\/2022\/10\/energia-trasmissao.jpg","contentUrl":"https:\/\/files.sunoresearch.com.br\/n\/uploads\/2022\/10\/energia-trasmissao.jpg","width":1920,"height":1197,"caption":"Taesa. Torres de transmiss\u00e3o de energia. Foto: Pixabay"},{"@type":"BreadcrumbList","@id":"https:\/\/www.suno.com.br\/noticias\/enel-elpl3-focar-sp-rj-coelce\/#breadcrumb","itemListElement":[{"@type":"ListItem","position":1,"name":"Not\u00edcias","item":"https:\/\/www.suno.com.br\/noticias\/"},{"@type":"ListItem","position":2,"name":"Neg\u00f3cios","item":"https:\/\/www.suno.com.br\/noticias\/negocios\/"},{"@type":"ListItem","position":3,"name":"Enel planeja vender Coelce (COCE5) para focar em SP e no RJ"}]},{"@type":"WebSite","@id":"https:\/\/www.suno.com.br\/noticias\/#website","url":"https:\/\/www.suno.com.br\/noticias\/","name":"Suno Not\u00edcias","description":"Seu portal de informa\u00e7\u00e3o sobre o mundo dos investimentos","publisher":{"@id":"https:\/\/www.suno.com.br\/noticias\/#organization"},"potentialAction":[{"@type":"SearchAction","target":{"@type":"EntryPoint","urlTemplate":"https:\/\/www.suno.com.br\/noticias\/?s={search_term_string}"},"query-input":{"@type":"PropertyValueSpecification","valueRequired":true,"valueName":"search_term_string"}}],"inLanguage":"pt-BR"},{"@type":"Organization","@id":"https:\/\/www.suno.com.br\/noticias\/#organization","name":"Suno Not\u00edcias","url":"https:\/\/www.suno.com.br\/noticias\/","logo":{"@type":"ImageObject","inLanguage":"pt-BR","@id":"https:\/\/www.suno.com.br\/noticias\/#\/schema\/logo\/image\/","url":"https:\/\/files.sunoresearch.com.br\/n\/uploads\/2021\/09\/suno-logo.png","contentUrl":"https:\/\/files.sunoresearch.com.br\/n\/uploads\/2021\/09\/suno-logo.png","width":180,"height":180,"caption":"Suno Not\u00edcias"},"image":{"@id":"https:\/\/www.suno.com.br\/noticias\/#\/schema\/logo\/image\/"},"sameAs":["https:\/\/facebook.com\/sunoresearch","https:\/\/x.com\/sunoresearch","https:\/\/www.instagram.com\/suno","https:\/\/www.linkedin.com\/company\/suno-research\/","https:\/\/www.youtube.com\/c\/sunoresearch"]},{"@type":"Person","@id":"https:\/\/www.suno.com.br\/noticias\/#\/schema\/person\/6899bc3f19d1a7315f807131c2c013a0","name":"Erick Matheus Nery","image":{"@type":"ImageObject","inLanguage":"pt-BR","@id":"https:\/\/www.suno.com.br\/noticias\/#\/schema\/person\/image\/","url":"https:\/\/secure.gravatar.com\/avatar\/518ddffe438ccb767782d372a66304d2?s=96&r=g","contentUrl":"https:\/\/secure.gravatar.com\/avatar\/518ddffe438ccb767782d372a66304d2?s=96&r=g","caption":"Erick Matheus Nery"},"description":"Formado em Jornalismo pela Universidade Federal do Par\u00e1 (UFPA), conta com extens\u00e3o em Jornalismo Econ\u00f4mico pela Funda\u00e7\u00e3o Get\u00falio Vargas (FGV). No Suno Not\u00edcias, atua como rep\u00f3rter de Mercado, com foco nos setores de telecomunica\u00e7\u00f5es, varejo, alimentos e renda fixa. Conta com passagens pelo jornal O Estado de S\u00e3o Paulo, como trainee de Jornalismo Econ\u00f4mico, e pelo site Not\u00edcias da TV.","url":"https:\/\/www.suno.com.br\/noticias\/author\/erick-nery\/"}]}},"default_loop_html":"<div class=\"cardsPage__listCard__boxs\"><div class=\"cardsPage__listCard__boxs__img\"><a href=\"https:\/\/www.suno.com.br\/noticias\/enel-elpl3-focar-sp-rj-coelce\/\"><img class=\"mask\" src=\"https:\/\/www.suno.com.br\/noticias\/wp-content\/themes\/suno\/resources\/images\/spotlight\/spotlight1img\/bg-mask.png\" alt=\"Image Mask\"\/><img src=\"https:\/\/files.sunoresearch.com.br\/n\/uploads\/2022\/10\/energia-trasmissao-400x200.jpg\" alt=\"Enel planeja vender Coelce (COCE5) para focar em SP e no RJ\"\/><\/a><span class=\"spotlightCategory\"><a href=\"https:\/\/www.suno.com.br\/noticias\/negocios\/\">Neg\u00f3cios<\/a><\/span><\/div><div class=\"cardsPage__listCard__boxs__content\"><a href=\"https:\/\/www.suno.com.br\/noticias\/enel-elpl3-focar-sp-rj-coelce\/\"><h2 class=\"content__title\">Enel planeja vender Coelce (COCE5) para focar em SP e no RJ<\/h2><\/a><div class=\"newsContent__article__meta\"><div class=\"newsContent__article__meta__authorBox\"><a href=\"https:\/\/www.suno.com.br\/noticias\/author\/erick-nery\/\" class=\"authorBox__avatar noMobi\"><img src=\"https:\/\/secure.gravatar.com\/avatar\/518ddffe438ccb767782d372a66304d2?s=96&#038;r=g\" alt=\"Erick Matheus Nery\"><\/a><div class=\"authorBox__name\"><span>por\n\t\t\t<a href=\"https:\/\/www.suno.com.br\/noticias\/author\/erick-nery\/\"><span itemprop=\"author\">Erick Matheus Nery<\/span><\/a><\/span><time datetime=\"2022-11-22T11:26:38-03:00\" itemprop=\"datePublished\">22\/11\/2022 11:26<\/time><\/div><\/div><\/div><\/div><\/div>","single_layout":"posts","amp_enabled":true,"_links":{"self":[{"href":"https:\/\/www.suno.com.br\/noticias\/wp-json\/wp\/v2\/posts\/321368"}],"collection":[{"href":"https:\/\/www.suno.com.br\/noticias\/wp-json\/wp\/v2\/posts"}],"about":[{"href":"https:\/\/www.suno.com.br\/noticias\/wp-json\/wp\/v2\/types\/post"}],"author":[{"embeddable":true,"href":"https:\/\/www.suno.com.br\/noticias\/wp-json\/wp\/v2\/users\/232"}],"replies":[{"embeddable":true,"href":"https:\/\/www.suno.com.br\/noticias\/wp-json\/wp\/v2\/comments?post=321368"}],"version-history":[{"count":3,"href":"https:\/\/www.suno.com.br\/noticias\/wp-json\/wp\/v2\/posts\/321368\/revisions"}],"predecessor-version":[{"id":321507,"href":"https:\/\/www.suno.com.br\/noticias\/wp-json\/wp\/v2\/posts\/321368\/revisions\/321507"}],"wp:featuredmedia":[{"embeddable":true,"href":"https:\/\/www.suno.com.br\/noticias\/wp-json\/wp\/v2\/media\/311761"}],"wp:attachment":[{"href":"https:\/\/www.suno.com.br\/noticias\/wp-json\/wp\/v2\/media?parent=321368"}],"wp:term":[{"taxonomy":"category","embeddable":true,"href":"https:\/\/www.suno.com.br\/noticias\/wp-json\/wp\/v2\/categories?post=321368"},{"taxonomy":"post_tag","embeddable":true,"href":"https:\/\/www.suno.com.br\/noticias\/wp-json\/wp\/v2\/tags?post=321368"},{"taxonomy":"suno_strategy","embeddable":true,"href":"https:\/\/www.suno.com.br\/noticias\/wp-json\/wp\/v2\/suno_strategy?post=321368"}],"curies":[{"name":"wp","href":"https:\/\/api.w.org\/{rel}","templated":true}]}}