{"id":32128,"date":"2019-07-25T11:01:28","date_gmt":"2019-07-25T14:01:28","guid":{"rendered":"https:\/\/www.suno.com.br\/noticias\/?p=32128"},"modified":"2019-07-25T11:03:38","modified_gmt":"2019-07-25T14:03:38","slug":"governo-federal-divulga-calendario-de-saques-do-fgts-em-2020","status":"publish","type":"post","link":"https:\/\/www.suno.com.br\/noticias\/governo-federal-divulga-calendario-de-saques-do-fgts-em-2020\/","title":{"rendered":"Governo Federal divulga calend\u00e1rio de saques do FGTS em 2020"},"content":{"rendered":"<p>O governo federal divulgou o calend\u00e1rio da <strong>libera\u00e7\u00e3o<\/strong> do <a href=\"https:\/\/www.suno.com.br\/artigos\/fgts\/\">Fundo de Garantia do Tempo Servi\u00e7o<\/a> (FGTS) em 2020. Al\u00e9m disso, informou limite de saques da modalidade Saque-Anivers\u00e1rio.<\/p>\t<div class=\"wrapper-featured-image\">\n\t\t<figure class=\"spotlightImg\">\n\n\t\t\t<picture>\n\t\t\t\t<source media=\"(max-width: 768px)\" srcset=\"https:\/\/files.sunoresearch.com.br\/n\/uploads\/2018\/12\/62854135-tesouro-direto-400x200.webp\">\n\t\t\t\t<img loading=\"lazy\" decoding=\"async\" class=\"newsContent__article__imgCapa lazyloadDisabled newsContent__article__imgCapa--noCaption\" src=\"https:\/\/files.sunoresearch.com.br\/n\/uploads\/2018\/12\/62854135-tesouro-direto-800x450.webp\" width=\"800\" height=\"450\" alt=\"Governo Federal divulga calend\u00e1rio de saques do FGTS em 2020\" fetchpriority=high \/>\n\t\t\t<\/picture>\n\n\t\t\t<figcaption class=\"wp-caption-text wp-caption-text--hide\">Tributa\u00e7\u00e3o de dividendos \u00e9 inoportuna, diz especialista<\/figcaption>\n\t\t<\/figure>\n\t<\/div>\n\n\n<p>&#8220;Entre as iniciativas, que se aplicam \u00e0s contas ativas e inativas, est\u00e1 a cria\u00e7\u00e3o do Saque-Anivers\u00e1rio, que vai conceder ao trabalhador, a partir de 2020, a possibilidade de sacar, anualmente, um percentual de seu sado&#8221;, afirmou o Minist\u00e9rio da Economia, sobre nova mudan\u00e7a no <strong>FGTS<\/strong>.<\/p>\n<p>Al\u00e9m disso, o ministro da Economia, <a href=\"https:\/\/www.suno.com.br\/tudo-sobre\/paulo-guedes\/\">Paulo Guedes<\/a>, disse que a popula\u00e7\u00e3o &#8220;mais fr\u00e1gil&#8221; receberia como se fosse 14\u00b0 sal\u00e1rio.<\/p>\n<p>\u201cA popula\u00e7\u00e3o mais fr\u00e1gil, mais pobre, ter\u00e1 acesso e oportunidade de escolha. Pode ser mais \u00fatil para o trabalhador receber [uma esp\u00e9cie de] 14\u00ba sal\u00e1rio o resto da vida do que pedir demiss\u00e3o para ter acesso ao FGTS, estimulando a rotatividade e reduzindo a produtividade do emprego\u201d, disse o ministro.<\/p>\n<p>Outra mudan\u00e7a no fundo foi o <a href=\"https:\/\/www.suno.com.br\/noticias\/ministro-onyx-lorenzoni-confirma-limite-de-saque-de-r500-do-fgts\/\">limite do saque de R$500<\/a> por conta vinculada. De acordo com o presidente da Rep\u00fablica, Jair Bolsonaro, os saques garantem liberdade do trabalhador.<\/p>\n<p>&#8220;Estamos garantindo a liberdade do trabalhador de decidir o que fazer com seu dinheiro e estimulando a produtividade do emprego. O saque imediato de R$ 500 \u00e9 focado nos mais pobres&#8221;, disse Bolsonaro.<\/p>\n\t<p>\n\t\t<a href=\"https:\/\/lp.suno.com.br\/planilha-controle-gastos\/\" target=\"_blank\" data-element=\"shortcode-suno-banner\" title=\"Banner SUNO, clique e saiba mais\">\n\t\t\t<picture>\n\t\t\t\t<source media=\"(max-width: 500px)\" srcset=\"https:\/\/files.sunoresearch.com.br\/n\/uploads\/2023\/03\/400x300-Planilha-controle-de-gastos.png\">\n\t\t\t\t<img class=\"newsContent__article__imgCapa newsContent__article__imgCapa--banner\"\n\t\t\t\t\tsrc=\"https:\/\/files.sunoresearch.com.br\/n\/uploads\/2023\/03\/1420x240-Planilha-controle-de-gastos.png\"\n\t\t\t\t\tdata-promo-id=\"102417\"\t\t\t\t\t\t\t\t\t\twidth='1420' height='240'\t\t\t\t\talt=\"https:\/\/files.sunoresearch.com.br\/n\/uploads\/2023\/03\/1420x240-Planilha-controle-de-gastos.png\"\n\t\t\t\t>\n\t\t\t<\/picture>\n\t\t<\/a>\n\t<\/p>\n\n\n<h2>Calend\u00e1rio de saque do FGTS 2020<\/h2>\n<p>As datas tem como base o anivers\u00e1rio dos benefici\u00e1rios e a divulga\u00e7\u00e3o consta apenas os aniversariantes do primeiro semestre.<\/p>\n<ul>\n<li>saques de abril a junho: nascidos em janeiro e fevereiro;<\/li>\n<li>saques de maio a julho: nascidos em mar\u00e7o e abril;<\/li>\n<li>saques de junho a agosto: nascidos em maio e junho.<\/li>\n<\/ul>\n<p>O Saque-Anivers\u00e1rio ir\u00e1 permitir a realiza\u00e7\u00e3o de saques anuais. Os interessados em migrar para esta modalidade ter\u00e3o de comunicar a Caixa Econ\u00f4mica Federal, a partir de outubro de 2019. &#8220;Ao confirmar a mudan\u00e7a, o trabalhador deixar\u00e1 de efetuar o saque em caso de rescis\u00e3o de contrato de trabalho&#8221;, disse o Minist\u00e9rio.<\/p>\n<p><a href=\"\/\/www.suno.com.br\/noticias\/fgts-acoes-investir-saqu\/\">Confira as 4 melhores a\u00e7\u00f5es para investir seu FGTS<\/a><\/p>\n<p>A libera\u00e7\u00e3o ocorrer\u00e1 no primeiro dia do m\u00eas de anivers\u00e1rio do cotista at\u00e9 o \u00faltimo dia \u00fatil nos dois meses subsequentes.<\/p>\n<p><strong>Confira o limite de saque por faixa de saldo:<\/strong><\/p>\n<figure id=\"attachment_32134\" aria-describedby=\"caption-attachment-32134\" style=\"width: 1016px\" class=\"wp-caption aligncenter\"><img loading=\"lazy\" decoding=\"async\" class=\"wp-image-32134 size-full\" src=\"https:\/\/storage.googleapis.com\/wp-noticias\/2019\/07\/b69b6507-saldo-saque-aniversario-fgts.png\" alt=\"Minist\u00e9rio da Economia: Saque-Anivers\u00e1rio\" width=\"1016\" height=\"470\" \/><figcaption id=\"caption-attachment-32134\" class=\"wp-caption-text\">Minist\u00e9rio da Economia: Saque-Anivers\u00e1rio<\/figcaption><\/figure>\n<p>Neste ano, os trabalhadores poder\u00e3o realizar um saque imediato de at\u00e9 R$ 500,00 por conta ativa e inativa no <strong>FGTS<\/strong>, a partir de setembro. Se o cotista tiver mais de uma conta, por exemplo, poder\u00e1 sacar at\u00e9 R$ 500,00 de cada uma delas, podendo resgatar valores superiores ao estabelecido.<\/p>\n","protected":false},"excerpt":{"rendered":"<p>O governo federal divulgou o calend\u00e1rio da libera\u00e7\u00e3o do Fundo de Garantia do Tempo Servi\u00e7o (FGTS) em 2020. Al\u00e9m disso, informou limite de saques da modalidade Saque-Anivers\u00e1rio. Tributa\u00e7\u00e3o de dividendos \u00e9 inoportuna, diz especialista &#8220;Entre as iniciativas, que se aplicam \u00e0s contas ativas e inativas, est\u00e1 a cria\u00e7\u00e3o do Saque-Anivers\u00e1rio, que vai conceder ao trabalhador, [&hellip;]<\/p>\n","protected":false},"author":15,"featured_media":7846,"comment_status":"closed","ping_status":"closed","sticky":false,"template":"","format":"standard","meta":[],"categories":[62],"tags":[910],"suno_strategy":[],"class_list":["post-32128","post","type-post","status-publish","format-standard","has-post-thumbnail","hentry","category-economia","tag-fgts"],"yoast_head":"<!-- This site is optimized with the Yoast SEO plugin v24.4 - https:\/\/yoast.com\/wordpress\/plugins\/seo\/ -->\n<title>Governo Federal divulga calend\u00e1rio de saques do FGTS em 2020<\/title>\n<meta name=\"description\" content=\"O governo federal divulgou o calend\u00e1rio da libera\u00e7\u00e3o FGTS. Al\u00e9m disso, informou limite de saques da modalidade Saque-Anivers\u00e1rio. Clique aqui\" \/>\n<meta name=\"robots\" content=\"index, follow, max-snippet:-1, max-image-preview:large, max-video-preview:-1\" \/>\n<link rel=\"canonical\" href=\"https:\/\/www.suno.com.br\/noticias\/governo-federal-divulga-calendario-de-saques-do-fgts-em-2020\/\" \/>\n<meta property=\"og:locale\" content=\"pt_BR\" \/>\n<meta property=\"og:type\" content=\"article\" \/>\n<meta property=\"og:title\" content=\"Governo Federal divulga calend\u00e1rio de saques do FGTS em 2020\" \/>\n<meta property=\"og:description\" content=\"O governo federal divulgou o calend\u00e1rio da libera\u00e7\u00e3o FGTS. Al\u00e9m disso, informou limite de saques da modalidade Saque-Anivers\u00e1rio. Clique aqui\" \/>\n<meta property=\"og:url\" content=\"https:\/\/www.suno.com.br\/noticias\/governo-federal-divulga-calendario-de-saques-do-fgts-em-2020\/\" \/>\n<meta property=\"og:site_name\" content=\"Suno Not\u00edcias\" \/>\n<meta property=\"article:publisher\" content=\"https:\/\/facebook.com\/sunoresearch\" \/>\n<meta property=\"og:image\" content=\"https:\/\/files.sunoresearch.com.br\/n\/uploads\/2018\/12\/62854135-tesouro-direto.jpg\" \/>\n\t<meta property=\"og:image:width\" content=\"960\" \/>\n\t<meta property=\"og:image:height\" content=\"640\" \/>\n\t<meta property=\"og:image:type\" content=\"image\/jpeg\" \/>\n<meta name=\"author\" content=\"Poliana Santos\" \/>\n<meta name=\"twitter:card\" content=\"summary_large_image\" \/>\n<meta name=\"twitter:creator\" content=\"@sunoresearch\" \/>\n<meta name=\"twitter:site\" content=\"@sunoresearch\" \/>\n<meta name=\"twitter:label1\" content=\"Escrito por\" \/>\n\t<meta name=\"twitter:data1\" content=\"Poliana Santos\" \/>\n\t<meta name=\"twitter:label2\" content=\"Est. tempo de leitura\" \/>\n\t<meta name=\"twitter:data2\" content=\"2 minutos\" \/>\n<script type=\"application\/ld+json\" class=\"yoast-schema-graph\">{\"@context\":\"https:\/\/schema.org\",\"@graph\":[{\"@type\":\"NewsArticle\",\"@id\":\"https:\/\/www.suno.com.br\/noticias\/governo-federal-divulga-calendario-de-saques-do-fgts-em-2020\/#article\",\"isPartOf\":{\"@id\":\"https:\/\/www.suno.com.br\/noticias\/governo-federal-divulga-calendario-de-saques-do-fgts-em-2020\/\"},\"author\":{\"name\":\"Poliana Santos\",\"@id\":\"https:\/\/www.suno.com.br\/noticias\/#\/schema\/person\/02ec1f752758247878a2bf4abee1aeda\"},\"headline\":\"Governo Federal divulga calend\u00e1rio de saques do FGTS em 2020\",\"datePublished\":\"2019-07-25T14:01:28+00:00\",\"dateModified\":\"2019-07-25T14:03:38+00:00\",\"mainEntityOfPage\":{\"@id\":\"https:\/\/www.suno.com.br\/noticias\/governo-federal-divulga-calendario-de-saques-do-fgts-em-2020\/\"},\"wordCount\":450,\"publisher\":{\"@id\":\"https:\/\/www.suno.com.br\/noticias\/#organization\"},\"image\":{\"@id\":\"https:\/\/www.suno.com.br\/noticias\/governo-federal-divulga-calendario-de-saques-do-fgts-em-2020\/#primaryimage\"},\"thumbnailUrl\":\"https:\/\/files.sunoresearch.com.br\/n\/uploads\/2018\/12\/62854135-tesouro-direto-jpg.webp\",\"keywords\":[\"FGTS\"],\"articleSection\":[\"Economia\"],\"inLanguage\":\"pt-BR\"},{\"@type\":\"WebPage\",\"@id\":\"https:\/\/www.suno.com.br\/noticias\/governo-federal-divulga-calendario-de-saques-do-fgts-em-2020\/\",\"url\":\"https:\/\/www.suno.com.br\/noticias\/governo-federal-divulga-calendario-de-saques-do-fgts-em-2020\/\",\"name\":\"Governo Federal divulga calend\u00e1rio de saques do FGTS em 2020\",\"isPartOf\":{\"@id\":\"https:\/\/www.suno.com.br\/noticias\/#website\"},\"primaryImageOfPage\":{\"@id\":\"https:\/\/www.suno.com.br\/noticias\/governo-federal-divulga-calendario-de-saques-do-fgts-em-2020\/#primaryimage\"},\"image\":{\"@id\":\"https:\/\/www.suno.com.br\/noticias\/governo-federal-divulga-calendario-de-saques-do-fgts-em-2020\/#primaryimage\"},\"thumbnailUrl\":\"https:\/\/files.sunoresearch.com.br\/n\/uploads\/2018\/12\/62854135-tesouro-direto-jpg.webp\",\"datePublished\":\"2019-07-25T14:01:28+00:00\",\"dateModified\":\"2019-07-25T14:03:38+00:00\",\"description\":\"O governo federal divulgou o calend\u00e1rio da libera\u00e7\u00e3o FGTS. Al\u00e9m disso, informou limite de saques da modalidade Saque-Anivers\u00e1rio. Clique aqui\",\"breadcrumb\":{\"@id\":\"https:\/\/www.suno.com.br\/noticias\/governo-federal-divulga-calendario-de-saques-do-fgts-em-2020\/#breadcrumb\"},\"inLanguage\":\"pt-BR\",\"potentialAction\":[{\"@type\":\"ReadAction\",\"target\":[\"https:\/\/www.suno.com.br\/noticias\/governo-federal-divulga-calendario-de-saques-do-fgts-em-2020\/\"]}]},{\"@type\":\"ImageObject\",\"inLanguage\":\"pt-BR\",\"@id\":\"https:\/\/www.suno.com.br\/noticias\/governo-federal-divulga-calendario-de-saques-do-fgts-em-2020\/#primaryimage\",\"url\":\"https:\/\/files.sunoresearch.com.br\/n\/uploads\/2018\/12\/62854135-tesouro-direto-jpg.webp\",\"contentUrl\":\"https:\/\/files.sunoresearch.com.br\/n\/uploads\/2018\/12\/62854135-tesouro-direto-jpg.webp\",\"width\":960,\"height\":640,\"caption\":\"Tributa\u00e7\u00e3o de dividendos \u00e9 inoportuna, diz especialista\"},{\"@type\":\"BreadcrumbList\",\"@id\":\"https:\/\/www.suno.com.br\/noticias\/governo-federal-divulga-calendario-de-saques-do-fgts-em-2020\/#breadcrumb\",\"itemListElement\":[{\"@type\":\"ListItem\",\"position\":1,\"name\":\"Not\u00edcias\",\"item\":\"https:\/\/www.suno.com.br\/noticias\/\"},{\"@type\":\"ListItem\",\"position\":2,\"name\":\"Economia\",\"item\":\"https:\/\/www.suno.com.br\/noticias\/economia\/\"},{\"@type\":\"ListItem\",\"position\":3,\"name\":\"Governo Federal divulga calend\u00e1rio de saques do FGTS em 2020\"}]},{\"@type\":\"WebSite\",\"@id\":\"https:\/\/www.suno.com.br\/noticias\/#website\",\"url\":\"https:\/\/www.suno.com.br\/noticias\/\",\"name\":\"Suno Not\u00edcias\",\"description\":\"Seu portal de informa\u00e7\u00e3o sobre o mundo dos investimentos\",\"publisher\":{\"@id\":\"https:\/\/www.suno.com.br\/noticias\/#organization\"},\"potentialAction\":[{\"@type\":\"SearchAction\",\"target\":{\"@type\":\"EntryPoint\",\"urlTemplate\":\"https:\/\/www.suno.com.br\/noticias\/?s={search_term_string}\"},\"query-input\":{\"@type\":\"PropertyValueSpecification\",\"valueRequired\":true,\"valueName\":\"search_term_string\"}}],\"inLanguage\":\"pt-BR\"},{\"@type\":\"Organization\",\"@id\":\"https:\/\/www.suno.com.br\/noticias\/#organization\",\"name\":\"Suno Not\u00edcias\",\"url\":\"https:\/\/www.suno.com.br\/noticias\/\",\"logo\":{\"@type\":\"ImageObject\",\"inLanguage\":\"pt-BR\",\"@id\":\"https:\/\/www.suno.com.br\/noticias\/#\/schema\/logo\/image\/\",\"url\":\"https:\/\/files.sunoresearch.com.br\/n\/uploads\/2021\/09\/suno-logo.png\",\"contentUrl\":\"https:\/\/files.sunoresearch.com.br\/n\/uploads\/2021\/09\/suno-logo.png\",\"width\":180,\"height\":180,\"caption\":\"Suno Not\u00edcias\"},\"image\":{\"@id\":\"https:\/\/www.suno.com.br\/noticias\/#\/schema\/logo\/image\/\"},\"sameAs\":[\"https:\/\/facebook.com\/sunoresearch\",\"https:\/\/x.com\/sunoresearch\",\"https:\/\/www.instagram.com\/suno\",\"https:\/\/www.linkedin.com\/company\/suno-research\/\",\"https:\/\/www.youtube.com\/c\/sunoresearch\"]},{\"@type\":\"Person\",\"@id\":\"https:\/\/www.suno.com.br\/noticias\/#\/schema\/person\/02ec1f752758247878a2bf4abee1aeda\",\"name\":\"Poliana Santos\",\"image\":{\"@type\":\"ImageObject\",\"inLanguage\":\"pt-BR\",\"@id\":\"https:\/\/www.suno.com.br\/noticias\/#\/schema\/person\/image\/\",\"url\":\"https:\/\/secure.gravatar.com\/avatar\/0645bd32f23d87b2130f2b2dff1d3f8d?s=96&r=g\",\"contentUrl\":\"https:\/\/secure.gravatar.com\/avatar\/0645bd32f23d87b2130f2b2dff1d3f8d?s=96&r=g\",\"caption\":\"Poliana Santos\"},\"description\":\"Rep\u00f3rter no Suno Not\u00edcias, com cobertura em mercado financeiro, economia, finan\u00e7as pessoais, renda fixa e varejo. Jornalista formada pela Faculdade C\u00e1sper L\u00edbero e possui passagem na R\u00e1dio Gazeta AM com a produ\u00e7\u00e3o de conte\u00fado sobre economia, pol\u00edtica, sa\u00fade, moda e m\u00fasica. Possui certificado de conclus\u00e3o do curso de An\u00e1lise de Balan\u00e7os pela Funda\u00e7\u00e3o Bradesco, Agenda Brasil pela FAAP, Educa\u00e7\u00e3o Pol\u00edtica por Alexandre Garcia e do Tesouro Direto e Mercado de A\u00e7\u00f5es pela B3.\",\"url\":\"https:\/\/www.suno.com.br\/noticias\/author\/poliana-santos\/\"}]}<\/script>\n<!-- \/ Yoast SEO plugin. -->","yoast_head_json":{"title":"Governo Federal divulga calend\u00e1rio de saques do FGTS em 2020","description":"O governo federal divulgou o calend\u00e1rio da libera\u00e7\u00e3o FGTS. Al\u00e9m disso, informou limite de saques da modalidade Saque-Anivers\u00e1rio. Clique aqui","robots":{"index":"index","follow":"follow","max-snippet":"max-snippet:-1","max-image-preview":"max-image-preview:large","max-video-preview":"max-video-preview:-1"},"canonical":"https:\/\/www.suno.com.br\/noticias\/governo-federal-divulga-calendario-de-saques-do-fgts-em-2020\/","og_locale":"pt_BR","og_type":"article","og_title":"Governo Federal divulga calend\u00e1rio de saques do FGTS em 2020","og_description":"O governo federal divulgou o calend\u00e1rio da libera\u00e7\u00e3o FGTS. Al\u00e9m disso, informou limite de saques da modalidade Saque-Anivers\u00e1rio. Clique aqui","og_url":"https:\/\/www.suno.com.br\/noticias\/governo-federal-divulga-calendario-de-saques-do-fgts-em-2020\/","og_site_name":"Suno Not\u00edcias","article_publisher":"https:\/\/facebook.com\/sunoresearch","og_image":[{"width":960,"height":640,"url":"https:\/\/files.sunoresearch.com.br\/n\/uploads\/2018\/12\/62854135-tesouro-direto.jpg","type":"image\/jpeg"}],"author":"Poliana Santos","twitter_card":"summary_large_image","twitter_creator":"@sunoresearch","twitter_site":"@sunoresearch","twitter_misc":{"Escrito por":"Poliana Santos","Est. tempo de leitura":"2 minutos"},"schema":{"@context":"https:\/\/schema.org","@graph":[{"@type":"NewsArticle","@id":"https:\/\/www.suno.com.br\/noticias\/governo-federal-divulga-calendario-de-saques-do-fgts-em-2020\/#article","isPartOf":{"@id":"https:\/\/www.suno.com.br\/noticias\/governo-federal-divulga-calendario-de-saques-do-fgts-em-2020\/"},"author":{"name":"Poliana Santos","@id":"https:\/\/www.suno.com.br\/noticias\/#\/schema\/person\/02ec1f752758247878a2bf4abee1aeda"},"headline":"Governo Federal divulga calend\u00e1rio de saques do FGTS em 2020","datePublished":"2019-07-25T14:01:28+00:00","dateModified":"2019-07-25T14:03:38+00:00","mainEntityOfPage":{"@id":"https:\/\/www.suno.com.br\/noticias\/governo-federal-divulga-calendario-de-saques-do-fgts-em-2020\/"},"wordCount":450,"publisher":{"@id":"https:\/\/www.suno.com.br\/noticias\/#organization"},"image":{"@id":"https:\/\/www.suno.com.br\/noticias\/governo-federal-divulga-calendario-de-saques-do-fgts-em-2020\/#primaryimage"},"thumbnailUrl":"https:\/\/files.sunoresearch.com.br\/n\/uploads\/2018\/12\/62854135-tesouro-direto-jpg.webp","keywords":["FGTS"],"articleSection":["Economia"],"inLanguage":"pt-BR"},{"@type":"WebPage","@id":"https:\/\/www.suno.com.br\/noticias\/governo-federal-divulga-calendario-de-saques-do-fgts-em-2020\/","url":"https:\/\/www.suno.com.br\/noticias\/governo-federal-divulga-calendario-de-saques-do-fgts-em-2020\/","name":"Governo Federal divulga calend\u00e1rio de saques do FGTS em 2020","isPartOf":{"@id":"https:\/\/www.suno.com.br\/noticias\/#website"},"primaryImageOfPage":{"@id":"https:\/\/www.suno.com.br\/noticias\/governo-federal-divulga-calendario-de-saques-do-fgts-em-2020\/#primaryimage"},"image":{"@id":"https:\/\/www.suno.com.br\/noticias\/governo-federal-divulga-calendario-de-saques-do-fgts-em-2020\/#primaryimage"},"thumbnailUrl":"https:\/\/files.sunoresearch.com.br\/n\/uploads\/2018\/12\/62854135-tesouro-direto-jpg.webp","datePublished":"2019-07-25T14:01:28+00:00","dateModified":"2019-07-25T14:03:38+00:00","description":"O governo federal divulgou o calend\u00e1rio da libera\u00e7\u00e3o FGTS. Al\u00e9m disso, informou limite de saques da modalidade Saque-Anivers\u00e1rio. Clique aqui","breadcrumb":{"@id":"https:\/\/www.suno.com.br\/noticias\/governo-federal-divulga-calendario-de-saques-do-fgts-em-2020\/#breadcrumb"},"inLanguage":"pt-BR","potentialAction":[{"@type":"ReadAction","target":["https:\/\/www.suno.com.br\/noticias\/governo-federal-divulga-calendario-de-saques-do-fgts-em-2020\/"]}]},{"@type":"ImageObject","inLanguage":"pt-BR","@id":"https:\/\/www.suno.com.br\/noticias\/governo-federal-divulga-calendario-de-saques-do-fgts-em-2020\/#primaryimage","url":"https:\/\/files.sunoresearch.com.br\/n\/uploads\/2018\/12\/62854135-tesouro-direto-jpg.webp","contentUrl":"https:\/\/files.sunoresearch.com.br\/n\/uploads\/2018\/12\/62854135-tesouro-direto-jpg.webp","width":960,"height":640,"caption":"Tributa\u00e7\u00e3o de dividendos \u00e9 inoportuna, diz especialista"},{"@type":"BreadcrumbList","@id":"https:\/\/www.suno.com.br\/noticias\/governo-federal-divulga-calendario-de-saques-do-fgts-em-2020\/#breadcrumb","itemListElement":[{"@type":"ListItem","position":1,"name":"Not\u00edcias","item":"https:\/\/www.suno.com.br\/noticias\/"},{"@type":"ListItem","position":2,"name":"Economia","item":"https:\/\/www.suno.com.br\/noticias\/economia\/"},{"@type":"ListItem","position":3,"name":"Governo Federal divulga calend\u00e1rio de saques do FGTS em 2020"}]},{"@type":"WebSite","@id":"https:\/\/www.suno.com.br\/noticias\/#website","url":"https:\/\/www.suno.com.br\/noticias\/","name":"Suno Not\u00edcias","description":"Seu portal de informa\u00e7\u00e3o sobre o mundo dos investimentos","publisher":{"@id":"https:\/\/www.suno.com.br\/noticias\/#organization"},"potentialAction":[{"@type":"SearchAction","target":{"@type":"EntryPoint","urlTemplate":"https:\/\/www.suno.com.br\/noticias\/?s={search_term_string}"},"query-input":{"@type":"PropertyValueSpecification","valueRequired":true,"valueName":"search_term_string"}}],"inLanguage":"pt-BR"},{"@type":"Organization","@id":"https:\/\/www.suno.com.br\/noticias\/#organization","name":"Suno Not\u00edcias","url":"https:\/\/www.suno.com.br\/noticias\/","logo":{"@type":"ImageObject","inLanguage":"pt-BR","@id":"https:\/\/www.suno.com.br\/noticias\/#\/schema\/logo\/image\/","url":"https:\/\/files.sunoresearch.com.br\/n\/uploads\/2021\/09\/suno-logo.png","contentUrl":"https:\/\/files.sunoresearch.com.br\/n\/uploads\/2021\/09\/suno-logo.png","width":180,"height":180,"caption":"Suno Not\u00edcias"},"image":{"@id":"https:\/\/www.suno.com.br\/noticias\/#\/schema\/logo\/image\/"},"sameAs":["https:\/\/facebook.com\/sunoresearch","https:\/\/x.com\/sunoresearch","https:\/\/www.instagram.com\/suno","https:\/\/www.linkedin.com\/company\/suno-research\/","https:\/\/www.youtube.com\/c\/sunoresearch"]},{"@type":"Person","@id":"https:\/\/www.suno.com.br\/noticias\/#\/schema\/person\/02ec1f752758247878a2bf4abee1aeda","name":"Poliana Santos","image":{"@type":"ImageObject","inLanguage":"pt-BR","@id":"https:\/\/www.suno.com.br\/noticias\/#\/schema\/person\/image\/","url":"https:\/\/secure.gravatar.com\/avatar\/0645bd32f23d87b2130f2b2dff1d3f8d?s=96&r=g","contentUrl":"https:\/\/secure.gravatar.com\/avatar\/0645bd32f23d87b2130f2b2dff1d3f8d?s=96&r=g","caption":"Poliana Santos"},"description":"Rep\u00f3rter no Suno Not\u00edcias, com cobertura em mercado financeiro, economia, finan\u00e7as pessoais, renda fixa e varejo. Jornalista formada pela Faculdade C\u00e1sper L\u00edbero e possui passagem na R\u00e1dio Gazeta AM com a produ\u00e7\u00e3o de conte\u00fado sobre economia, pol\u00edtica, sa\u00fade, moda e m\u00fasica. Possui certificado de conclus\u00e3o do curso de An\u00e1lise de Balan\u00e7os pela Funda\u00e7\u00e3o Bradesco, Agenda Brasil pela FAAP, Educa\u00e7\u00e3o Pol\u00edtica por Alexandre Garcia e do Tesouro Direto e Mercado de A\u00e7\u00f5es pela B3.","url":"https:\/\/www.suno.com.br\/noticias\/author\/poliana-santos\/"}]}},"default_loop_html":"<div class=\"cardsPage__listCard__boxs\"><div class=\"cardsPage__listCard__boxs__img\"><a href=\"https:\/\/www.suno.com.br\/noticias\/governo-federal-divulga-calendario-de-saques-do-fgts-em-2020\/\"><img class=\"mask\" src=\"https:\/\/www.suno.com.br\/noticias\/wp-content\/themes\/suno\/resources\/images\/spotlight\/spotlight1img\/bg-mask.png\" alt=\"Image Mask\"\/><img src=\"https:\/\/files.sunoresearch.com.br\/n\/uploads\/2018\/12\/62854135-tesouro-direto-400x200.webp\" alt=\"Governo Federal divulga calend\u00e1rio de saques do FGTS em 2020\"\/><\/a><span class=\"spotlightCategory\"><a href=\"https:\/\/www.suno.com.br\/noticias\/economia\/\">Economia<\/a><\/span><\/div><div class=\"cardsPage__listCard__boxs__content\"><a href=\"https:\/\/www.suno.com.br\/noticias\/governo-federal-divulga-calendario-de-saques-do-fgts-em-2020\/\"><h2 class=\"content__title\">Governo Federal divulga calend\u00e1rio de saques do FGTS em 2020<\/h2><\/a><div class=\"newsContent__article__meta\"><div class=\"newsContent__article__meta__authorBox\"><a href=\"https:\/\/www.suno.com.br\/noticias\/author\/poliana-santos\/\" class=\"authorBox__avatar noMobi\"><img src=\"https:\/\/files.sunoresearch.com.br\/n\/uploads\/2020\/08\/7ef34026-whatsapp-image-2020-08-03-at-12.37.57-150x150.webp\" alt=\"Poliana Santos\"><\/a><div class=\"authorBox__name\"><span>por\n\t\t\t<a href=\"https:\/\/www.suno.com.br\/noticias\/author\/poliana-santos\/\"><span itemprop=\"author\">Poliana Santos<\/span><\/a><\/span><time datetime=\"2019-07-25T11:01:28-03:00\" itemprop=\"datePublished\">25\/07\/2019 11:01<\/time><\/div><\/div><\/div><\/div><\/div>","single_layout":"posts","amp_enabled":true,"_links":{"self":[{"href":"https:\/\/www.suno.com.br\/noticias\/wp-json\/wp\/v2\/posts\/32128"}],"collection":[{"href":"https:\/\/www.suno.com.br\/noticias\/wp-json\/wp\/v2\/posts"}],"about":[{"href":"https:\/\/www.suno.com.br\/noticias\/wp-json\/wp\/v2\/types\/post"}],"author":[{"embeddable":true,"href":"https:\/\/www.suno.com.br\/noticias\/wp-json\/wp\/v2\/users\/15"}],"replies":[{"embeddable":true,"href":"https:\/\/www.suno.com.br\/noticias\/wp-json\/wp\/v2\/comments?post=32128"}],"version-history":[{"count":0,"href":"https:\/\/www.suno.com.br\/noticias\/wp-json\/wp\/v2\/posts\/32128\/revisions"}],"wp:featuredmedia":[{"embeddable":true,"href":"https:\/\/www.suno.com.br\/noticias\/wp-json\/wp\/v2\/media\/7846"}],"wp:attachment":[{"href":"https:\/\/www.suno.com.br\/noticias\/wp-json\/wp\/v2\/media?parent=32128"}],"wp:term":[{"taxonomy":"category","embeddable":true,"href":"https:\/\/www.suno.com.br\/noticias\/wp-json\/wp\/v2\/categories?post=32128"},{"taxonomy":"post_tag","embeddable":true,"href":"https:\/\/www.suno.com.br\/noticias\/wp-json\/wp\/v2\/tags?post=32128"},{"taxonomy":"suno_strategy","embeddable":true,"href":"https:\/\/www.suno.com.br\/noticias\/wp-json\/wp\/v2\/suno_strategy?post=32128"}],"curies":[{"name":"wp","href":"https:\/\/api.w.org\/{rel}","templated":true}]}}