{"id":321264,"date":"2022-11-22T11:29:58","date_gmt":"2022-11-22T14:29:58","guid":{"rendered":"https:\/\/www.suno.com.br\/noticias\/?p=321264"},"modified":"2022-11-22T11:30:02","modified_gmt":"2022-11-22T14:30:02","slug":"pec-transicao-teto-gastos-senador","status":"publish","type":"post","link":"https:\/\/www.suno.com.br\/noticias\/pec-transicao-teto-gastos-senador\/","title":{"rendered":"Contra PEC da Transi\u00e7\u00e3o de Lula, senador prop\u00f5e ampliar teto em R$ 80 bi"},"content":{"rendered":"<p>O senador Tasso Jereissati (PSDB-CE) fez uma proposta para ampliar o limite do <a class=\"suno-keyword\" data-force=\"no\" data-priority=\"1\" href=\"https:\/\/www.suno.com.br\/artigos\/teto-de-gastos\/\" target=\"_blank\" rel=\"noopener\">teto de gastos<\/a> em R$ 80 bilh\u00f5es, de forma permanente, a partir de 2023. Na segunda (21), o pol\u00edtico apresentou uma Proposta de Emenda \u00e0 Constitui\u00e7\u00e3o com essa iniciativa e a batizou como &#8220;PEC da sustentabilidade social&#8221;, iniciativa oposta ao texto da <strong>PEC da Transi\u00e7\u00e3o<\/strong>. <\/p>\t<div class=\"wrapper-featured-image\">\n\t\t<figure class=\"spotlightImg\">\n\n\t\t\t<picture>\n\t\t\t\t<source media=\"(max-width: 768px)\" srcset=\"https:\/\/files.sunoresearch.com.br\/n\/uploads\/2022\/09\/dinheiro-agbrasil-400x200.jpg\">\n\t\t\t\t<img loading=\"lazy\" decoding=\"async\" class=\"newsContent__article__imgCapa lazyloadDisabled \" src=\"https:\/\/files.sunoresearch.com.br\/n\/uploads\/2022\/09\/dinheiro-agbrasil-800x450.jpg\" width=\"800\" height=\"450\" alt=\"Contra PEC da Transi\u00e7\u00e3o de Lula, senador prop\u00f5e ampliar teto em R$ 80 bi\" fetchpriority=high \/>\n\t\t\t<\/picture>\n\n\t\t\t<figcaption class=\"wp-caption-text wp-caption-text--show\">Senador apresenta nova proposta contra PEC da Transi\u00e7\u00e3o. Foto: Ag\u00eancia Brasil.<\/figcaption>\n\t\t<\/figure>\n\t<\/div>\n\n\n\n\n\n\t<p>\n\t\t<a href=\"https:\/\/lp2.suno.com.br\/cl\/black-friday-2025\/?utm_campaign=_SNCDF0E4858_\" target=\"_blank\" data-element=\"shortcode-suno-banner\" title=\"Banner SUNO, clique e saiba mais\">\n\t\t\t<picture>\n\t\t\t\t<source media=\"(max-width: 500px)\" srcset=\"https:\/\/files.sunoresearch.com.br\/n\/uploads\/2025\/10\/Artigos-e-Noticias-Banner-Home-artigos-01-Mobile_-400x300-1-png.webp\">\n\t\t\t\t<img class=\"newsContent__article__imgCapa newsContent__article__imgCapa--banner\"\n\t\t\t\t\tsrc=\"https:\/\/files.sunoresearch.com.br\/n\/uploads\/2025\/10\/Artigos-e-Noticias-Banner-Home-artigos-01-Desktop_-1420x240-1-png.webp\"\n\t\t\t\t\tdata-promo-id=\"311259\"\t\t\t\t\t\t\t\t\t\twidth='1420' height='240'\t\t\t\t\talt=\"https:\/\/files.sunoresearch.com.br\/n\/uploads\/2025\/10\/Artigos-e-Noticias-Banner-Home-artigos-01-Desktop_-1420x240-1-png.webp\"\n\t\t\t\t>\n\t\t\t<\/picture>\n\t\t<\/a>\n\t<\/p>\n\n\n\n\n\n<p>Jereissati \u00e9 contra \u00e0 chamada PEC da Transi\u00e7\u00e3o negociada pela equipe do presidente eleito Luiz In\u00e1cio Lula da Silva (PT). No projeto do petista, as <strong>despesas fora do teto<\/strong> chegariam a R$ 198 bilh\u00f5es. Economistas e investidores criticam esse texto e enxergam um risco para o controle das contas p\u00fablicas.<\/p>\n\n\n\n<p>Enquanto isso, no texto apresentado pelo senador, a base de c\u00e1lculo do teto seria reajustada, mas a \u00e2ncora fiscal permaneceria em vigor &#8211; pelo menos at\u00e9 que o novo governo apresente proposta de novo arcabou\u00e7o fiscal para o Pa\u00eds, promessa de campanha de Lula.<\/p>\n\n\n\n<p>Na justificativa, o senador destaca que os R$ 80 bilh\u00f5es contemplariam os compromissos mais urgentes assumidos na campanha. <\/p>\n\n\n\t<p>\n\t\t<a href=\"https:\/\/lp.suno.com.br\/ebook-como-analisar-uma-acao\/\" target=\"_blank\" data-element=\"shortcode-suno-banner\" title=\"Banner SUNO, clique e saiba mais\">\n\t\t\t<picture>\n\t\t\t\t<source media=\"(max-width: 500px)\" srcset=\"https:\/\/files.sunoresearch.com.br\/n\/uploads\/2023\/12\/Ebook-Acoes-Mobile.jpg\">\n\t\t\t\t<img class=\"newsContent__article__imgCapa newsContent__article__imgCapa--banner\"\n\t\t\t\t\tsrc=\"https:\/\/files.sunoresearch.com.br\/n\/uploads\/2023\/12\/Ebook-Acoes-Desktop.webp\"\n\t\t\t\t\tdata-promo-id=\"311260\"\t\t\t\t\t\t\t\t\t\twidth='1420' height='286'\t\t\t\t\talt=\"https:\/\/files.sunoresearch.com.br\/n\/uploads\/2023\/12\/Ebook-Acoes-Desktop.webp\"\n\t\t\t\t>\n\t\t\t<\/picture>\n\t\t<\/a>\n\t<\/p>\n\n\n\n\n\n<h2 class=\"wp-block-heading\" id=\"h-gastos-no-novo-teto\">Gastos no novo teto<\/h2>\n\n\n\n<p>Pela ordem, essa quantia de R$ 80 bilh\u00f5es seria destinada para:<\/p>\n\n\n\n<ul class=\"wp-block-list\"><li>aumento do Aux\u00edlio Brasil de R$ 405 para R$ 600 (R$ 52 bilh\u00f5es); <\/li><li>ganho real do <a class=\"suno-keyword\" data-force=\"no\" data-priority=\"3\" href=\"https:\/\/www.suno.com.br\/artigos\/salario-minimo\/\" target=\"_blank\" rel=\"noopener\">sal\u00e1rio m\u00ednimo<\/a> em 1,4% (R$ 6,4 bilh\u00f5es); <\/li><li>zerar a fila do Sistema \u00danico de Sa\u00fade (R$ 8,5 bilh\u00f5es); <\/li><li>recomposi\u00e7\u00e3o da Farm\u00e1cia Popular (R$1,2 bilh\u00e3o); <\/li><li>merenda escolar (R$ 1,5 bilh\u00e3o); <\/li><li>FNDCT, destinado \u00e0 ci\u00eancia e tecnologia (R$ 6 bilh\u00f5es);<\/li><li>e, na \u00e1rea de Cultura, implementa\u00e7\u00e3o da Lei Aldir Blanc (R$ 3 bilh\u00f5es).<\/li><\/ul>\n\n\n\n<p>O texto prop\u00f5e tamb\u00e9m a exclus\u00e3o de despesas com projetos socioambientais custeados por recursos de doa\u00e7\u00f5es, al\u00e9m de despesas de institui\u00e7\u00f5es federais de ensino custeadas com receitas pr\u00f3prias. Esse ponto consta na PEC do governo eleito.<\/p>\n\n\n\n<p>Jereissati disse ter encaminhado sua proposta aos integrantes do grupo de economistas da transi\u00e7\u00e3o (<a class=\"suno-keyword\" target=\"_blank\" data-force=\"no\" data-priority=\"2\" href=\"https:\/\/www.suno.com.br\/tudo-sobre\/andre-lara-resende\/\" rel=\"noopener\">Andr\u00e9 Lara Resende<\/a>, Persio Arida, Nelson Barbosa e Guilherme Mello). <\/p>\n\n\n\n<p>&#8220;Mas eles n\u00e3o se dizem os respons\u00e1veis pela PEC da Transi\u00e7\u00e3o&#8221;, explicou Tasso. &#8220;Quem \u00e9 o interlocutor? Com quem \u00e9 que a gente vai falar? \u00c9 com o Aloizio Mercadante, Wellington Dias ou Fernando Haddad? O Aloizio e o Haddad s\u00e3o muito diferentes. Ent\u00e3o, estou tentando conversar aqui dentro do Senado&#8221;, complementou. <\/p>\n\n\n\n<p>Para o senador, a <strong>PEC da Transi\u00e7\u00e3o<\/strong> &#8220;n\u00e3o passa&#8221; t\u00e3o f\u00e1cil no Senado. As negocia\u00e7\u00f5es envolvendo o texto dos petistas foram conduzidas at\u00e9 agora exclusivamente pela ala pol\u00edtica do novo governo, sem participa\u00e7\u00e3o da equipe de economistas.<\/p>\n\n\n\n<p><em>Com informa\u00e7\u00f5es do Estad\u00e3o Conte\u00fado<\/em><\/p>\n\n\n\t<p>\n\t\t<a href=\"https:\/\/lp.suno.com.br\/minicurso-investindo-fiis\/\" target=\"_blank\" data-element=\"shortcode-suno-banner\" title=\"Banner SUNO, clique e saiba mais\">\n\t\t\t<picture>\n\t\t\t\t<source media=\"(max-width: 500px)\" srcset=\"https:\/\/files.sunoresearch.com.br\/n\/uploads\/2023\/07\/400x300-Minicurso-FIIS.png\">\n\t\t\t\t<img class=\"newsContent__article__imgCapa newsContent__article__imgCapa--banner\"\n\t\t\t\t\tsrc=\"https:\/\/files.sunoresearch.com.br\/n\/uploads\/2023\/07\/1420x240-Minicurso-FIIS.png\"\n\t\t\t\t\tdata-promo-id=\"311935\"\t\t\t\t\t\t\t\t\t\twidth='1420' height='240'\t\t\t\t\talt=\"https:\/\/files.sunoresearch.com.br\/n\/uploads\/2023\/07\/1420x240-Minicurso-FIIS.png\"\n\t\t\t\t>\n\t\t\t<\/picture>\n\t\t<\/a>\n\t<\/p>\n\n\n","protected":false},"excerpt":{"rendered":"<p>O senador Tasso Jereissati (PSDB-CE) fez uma proposta para ampliar o limite do teto de gastos em R$ 80 bilh\u00f5es, de forma permanente, a partir de 2023. Na segunda (21), o pol\u00edtico apresentou uma Proposta de Emenda \u00e0 Constitui\u00e7\u00e3o com essa iniciativa e a batizou como &#8220;PEC da sustentabilidade social&#8221;, iniciativa oposta ao texto da [&hellip;]<\/p>\n","protected":false},"author":232,"featured_media":292998,"comment_status":"closed","ping_status":"closed","sticky":false,"template":"","format":"standard","meta":[],"categories":[61],"tags":[709,83329],"suno_strategy":[],"class_list":["post-321264","post","type-post","status-publish","format-standard","has-post-thumbnail","hentry","category-politica","tag-lula","tag-teto-de-gastos"],"yoast_head":"<!-- This site is optimized with the Yoast SEO plugin v24.4 - https:\/\/yoast.com\/wordpress\/plugins\/seo\/ -->\n<title>Contra PEC da Transi\u00e7\u00e3o, senador prop\u00f5e ampliar teto em R$ 80 bi<\/title>\n<meta name=\"description\" content=\"O senador Tasso Jereissati (PSDB-CE) fez uma proposta para ampliar o teto de gastos em R$ 80 bilh\u00f5es. Saiba mais no link.\" \/>\n<meta name=\"robots\" content=\"index, follow, max-snippet:-1, max-image-preview:large, max-video-preview:-1\" \/>\n<link rel=\"canonical\" href=\"https:\/\/www.suno.com.br\/noticias\/pec-transicao-teto-gastos-senador\/\" \/>\n<meta property=\"og:locale\" content=\"pt_BR\" \/>\n<meta property=\"og:type\" content=\"article\" \/>\n<meta property=\"og:title\" content=\"Contra PEC da Transi\u00e7\u00e3o, senador prop\u00f5e ampliar teto em R$ 80 bi\" \/>\n<meta property=\"og:description\" content=\"O senador Tasso Jereissati (PSDB-CE) fez uma proposta para ampliar o teto de gastos em R$ 80 bilh\u00f5es. Saiba mais no link.\" \/>\n<meta property=\"og:url\" content=\"https:\/\/www.suno.com.br\/noticias\/pec-transicao-teto-gastos-senador\/\" \/>\n<meta property=\"og:site_name\" content=\"Suno Not\u00edcias\" \/>\n<meta property=\"article:publisher\" content=\"https:\/\/facebook.com\/sunoresearch\" \/>\n<meta property=\"og:image\" content=\"https:\/\/files.sunoresearch.com.br\/n\/uploads\/2022\/09\/dinheiro-agbrasil.jpg\" \/>\n\t<meta property=\"og:image:width\" content=\"1200\" \/>\n\t<meta property=\"og:image:height\" content=\"717\" \/>\n\t<meta property=\"og:image:type\" content=\"image\/jpeg\" \/>\n<meta name=\"author\" content=\"Erick Matheus Nery\" \/>\n<meta name=\"twitter:card\" content=\"summary_large_image\" \/>\n<meta name=\"twitter:creator\" content=\"@sunoresearch\" \/>\n<meta name=\"twitter:site\" content=\"@sunoresearch\" \/>\n<meta name=\"twitter:label1\" content=\"Escrito por\" \/>\n\t<meta name=\"twitter:data1\" content=\"Erick Matheus Nery\" \/>\n\t<meta name=\"twitter:label2\" content=\"Est. tempo de leitura\" \/>\n\t<meta name=\"twitter:data2\" content=\"3 minutos\" \/>\n<script type=\"application\/ld+json\" class=\"yoast-schema-graph\">{\"@context\":\"https:\/\/schema.org\",\"@graph\":[{\"@type\":\"NewsArticle\",\"@id\":\"https:\/\/www.suno.com.br\/noticias\/pec-transicao-teto-gastos-senador\/#article\",\"isPartOf\":{\"@id\":\"https:\/\/www.suno.com.br\/noticias\/pec-transicao-teto-gastos-senador\/\"},\"author\":{\"name\":\"Erick Matheus Nery\",\"@id\":\"https:\/\/www.suno.com.br\/noticias\/#\/schema\/person\/6899bc3f19d1a7315f807131c2c013a0\"},\"headline\":\"Contra PEC da Transi\u00e7\u00e3o de Lula, senador prop\u00f5e ampliar teto em R$ 80 bi\",\"datePublished\":\"2022-11-22T14:29:58+00:00\",\"dateModified\":\"2022-11-22T14:30:02+00:00\",\"mainEntityOfPage\":{\"@id\":\"https:\/\/www.suno.com.br\/noticias\/pec-transicao-teto-gastos-senador\/\"},\"wordCount\":459,\"publisher\":{\"@id\":\"https:\/\/www.suno.com.br\/noticias\/#organization\"},\"image\":{\"@id\":\"https:\/\/www.suno.com.br\/noticias\/pec-transicao-teto-gastos-senador\/#primaryimage\"},\"thumbnailUrl\":\"https:\/\/files.sunoresearch.com.br\/n\/uploads\/2022\/09\/dinheiro-agbrasil.jpg\",\"keywords\":[\"Lula\",\"teto de gastos\"],\"articleSection\":[\"Pol\u00edtica\"],\"inLanguage\":\"pt-BR\"},{\"@type\":\"WebPage\",\"@id\":\"https:\/\/www.suno.com.br\/noticias\/pec-transicao-teto-gastos-senador\/\",\"url\":\"https:\/\/www.suno.com.br\/noticias\/pec-transicao-teto-gastos-senador\/\",\"name\":\"Contra PEC da Transi\u00e7\u00e3o, senador prop\u00f5e ampliar teto em R$ 80 bi\",\"isPartOf\":{\"@id\":\"https:\/\/www.suno.com.br\/noticias\/#website\"},\"primaryImageOfPage\":{\"@id\":\"https:\/\/www.suno.com.br\/noticias\/pec-transicao-teto-gastos-senador\/#primaryimage\"},\"image\":{\"@id\":\"https:\/\/www.suno.com.br\/noticias\/pec-transicao-teto-gastos-senador\/#primaryimage\"},\"thumbnailUrl\":\"https:\/\/files.sunoresearch.com.br\/n\/uploads\/2022\/09\/dinheiro-agbrasil.jpg\",\"datePublished\":\"2022-11-22T14:29:58+00:00\",\"dateModified\":\"2022-11-22T14:30:02+00:00\",\"description\":\"O senador Tasso Jereissati (PSDB-CE) fez uma proposta para ampliar o teto de gastos em R$ 80 bilh\u00f5es. Saiba mais no link.\",\"breadcrumb\":{\"@id\":\"https:\/\/www.suno.com.br\/noticias\/pec-transicao-teto-gastos-senador\/#breadcrumb\"},\"inLanguage\":\"pt-BR\",\"potentialAction\":[{\"@type\":\"ReadAction\",\"target\":[\"https:\/\/www.suno.com.br\/noticias\/pec-transicao-teto-gastos-senador\/\"]}]},{\"@type\":\"ImageObject\",\"inLanguage\":\"pt-BR\",\"@id\":\"https:\/\/www.suno.com.br\/noticias\/pec-transicao-teto-gastos-senador\/#primaryimage\",\"url\":\"https:\/\/files.sunoresearch.com.br\/n\/uploads\/2022\/09\/dinheiro-agbrasil.jpg\",\"contentUrl\":\"https:\/\/files.sunoresearch.com.br\/n\/uploads\/2022\/09\/dinheiro-agbrasil.jpg\",\"width\":1200,\"height\":717,\"caption\":\"Senador apresenta nova proposta contra PEC da Transi\u00e7\u00e3o. Foto: Ag\u00eancia Brasil.\"},{\"@type\":\"BreadcrumbList\",\"@id\":\"https:\/\/www.suno.com.br\/noticias\/pec-transicao-teto-gastos-senador\/#breadcrumb\",\"itemListElement\":[{\"@type\":\"ListItem\",\"position\":1,\"name\":\"Not\u00edcias\",\"item\":\"https:\/\/www.suno.com.br\/noticias\/\"},{\"@type\":\"ListItem\",\"position\":2,\"name\":\"Pol\u00edtica\",\"item\":\"https:\/\/www.suno.com.br\/noticias\/politica\/\"},{\"@type\":\"ListItem\",\"position\":3,\"name\":\"Contra PEC da Transi\u00e7\u00e3o de Lula, senador prop\u00f5e ampliar teto em R$ 80 bi\"}]},{\"@type\":\"WebSite\",\"@id\":\"https:\/\/www.suno.com.br\/noticias\/#website\",\"url\":\"https:\/\/www.suno.com.br\/noticias\/\",\"name\":\"Suno Not\u00edcias\",\"description\":\"Seu portal de informa\u00e7\u00e3o sobre o mundo dos investimentos\",\"publisher\":{\"@id\":\"https:\/\/www.suno.com.br\/noticias\/#organization\"},\"potentialAction\":[{\"@type\":\"SearchAction\",\"target\":{\"@type\":\"EntryPoint\",\"urlTemplate\":\"https:\/\/www.suno.com.br\/noticias\/?s={search_term_string}\"},\"query-input\":{\"@type\":\"PropertyValueSpecification\",\"valueRequired\":true,\"valueName\":\"search_term_string\"}}],\"inLanguage\":\"pt-BR\"},{\"@type\":\"Organization\",\"@id\":\"https:\/\/www.suno.com.br\/noticias\/#organization\",\"name\":\"Suno Not\u00edcias\",\"url\":\"https:\/\/www.suno.com.br\/noticias\/\",\"logo\":{\"@type\":\"ImageObject\",\"inLanguage\":\"pt-BR\",\"@id\":\"https:\/\/www.suno.com.br\/noticias\/#\/schema\/logo\/image\/\",\"url\":\"https:\/\/files.sunoresearch.com.br\/n\/uploads\/2021\/09\/suno-logo.png\",\"contentUrl\":\"https:\/\/files.sunoresearch.com.br\/n\/uploads\/2021\/09\/suno-logo.png\",\"width\":180,\"height\":180,\"caption\":\"Suno Not\u00edcias\"},\"image\":{\"@id\":\"https:\/\/www.suno.com.br\/noticias\/#\/schema\/logo\/image\/\"},\"sameAs\":[\"https:\/\/facebook.com\/sunoresearch\",\"https:\/\/x.com\/sunoresearch\",\"https:\/\/www.instagram.com\/suno\",\"https:\/\/www.linkedin.com\/company\/suno-research\/\",\"https:\/\/www.youtube.com\/c\/sunoresearch\"]},{\"@type\":\"Person\",\"@id\":\"https:\/\/www.suno.com.br\/noticias\/#\/schema\/person\/6899bc3f19d1a7315f807131c2c013a0\",\"name\":\"Erick Matheus Nery\",\"image\":{\"@type\":\"ImageObject\",\"inLanguage\":\"pt-BR\",\"@id\":\"https:\/\/www.suno.com.br\/noticias\/#\/schema\/person\/image\/\",\"url\":\"https:\/\/secure.gravatar.com\/avatar\/518ddffe438ccb767782d372a66304d2?s=96&r=g\",\"contentUrl\":\"https:\/\/secure.gravatar.com\/avatar\/518ddffe438ccb767782d372a66304d2?s=96&r=g\",\"caption\":\"Erick Matheus Nery\"},\"description\":\"Formado em Jornalismo pela Universidade Federal do Par\u00e1 (UFPA), conta com extens\u00e3o em Jornalismo Econ\u00f4mico pela Funda\u00e7\u00e3o Get\u00falio Vargas (FGV). No Suno Not\u00edcias, atua como rep\u00f3rter de Mercado, com foco nos setores de telecomunica\u00e7\u00f5es, varejo, alimentos e renda fixa. Conta com passagens pelo jornal O Estado de S\u00e3o Paulo, como trainee de Jornalismo Econ\u00f4mico, e pelo site Not\u00edcias da TV.\",\"url\":\"https:\/\/www.suno.com.br\/noticias\/author\/erick-nery\/\"}]}<\/script>\n<!-- \/ Yoast SEO plugin. -->","yoast_head_json":{"title":"Contra PEC da Transi\u00e7\u00e3o, senador prop\u00f5e ampliar teto em R$ 80 bi","description":"O senador Tasso Jereissati (PSDB-CE) fez uma proposta para ampliar o teto de gastos em R$ 80 bilh\u00f5es. Saiba mais no link.","robots":{"index":"index","follow":"follow","max-snippet":"max-snippet:-1","max-image-preview":"max-image-preview:large","max-video-preview":"max-video-preview:-1"},"canonical":"https:\/\/www.suno.com.br\/noticias\/pec-transicao-teto-gastos-senador\/","og_locale":"pt_BR","og_type":"article","og_title":"Contra PEC da Transi\u00e7\u00e3o, senador prop\u00f5e ampliar teto em R$ 80 bi","og_description":"O senador Tasso Jereissati (PSDB-CE) fez uma proposta para ampliar o teto de gastos em R$ 80 bilh\u00f5es. Saiba mais no link.","og_url":"https:\/\/www.suno.com.br\/noticias\/pec-transicao-teto-gastos-senador\/","og_site_name":"Suno Not\u00edcias","article_publisher":"https:\/\/facebook.com\/sunoresearch","og_image":[{"width":1200,"height":717,"url":"https:\/\/files.sunoresearch.com.br\/n\/uploads\/2022\/09\/dinheiro-agbrasil.jpg","type":"image\/jpeg"}],"author":"Erick Matheus Nery","twitter_card":"summary_large_image","twitter_creator":"@sunoresearch","twitter_site":"@sunoresearch","twitter_misc":{"Escrito por":"Erick Matheus Nery","Est. tempo de leitura":"3 minutos"},"schema":{"@context":"https:\/\/schema.org","@graph":[{"@type":"NewsArticle","@id":"https:\/\/www.suno.com.br\/noticias\/pec-transicao-teto-gastos-senador\/#article","isPartOf":{"@id":"https:\/\/www.suno.com.br\/noticias\/pec-transicao-teto-gastos-senador\/"},"author":{"name":"Erick Matheus Nery","@id":"https:\/\/www.suno.com.br\/noticias\/#\/schema\/person\/6899bc3f19d1a7315f807131c2c013a0"},"headline":"Contra PEC da Transi\u00e7\u00e3o de Lula, senador prop\u00f5e ampliar teto em R$ 80 bi","datePublished":"2022-11-22T14:29:58+00:00","dateModified":"2022-11-22T14:30:02+00:00","mainEntityOfPage":{"@id":"https:\/\/www.suno.com.br\/noticias\/pec-transicao-teto-gastos-senador\/"},"wordCount":459,"publisher":{"@id":"https:\/\/www.suno.com.br\/noticias\/#organization"},"image":{"@id":"https:\/\/www.suno.com.br\/noticias\/pec-transicao-teto-gastos-senador\/#primaryimage"},"thumbnailUrl":"https:\/\/files.sunoresearch.com.br\/n\/uploads\/2022\/09\/dinheiro-agbrasil.jpg","keywords":["Lula","teto de gastos"],"articleSection":["Pol\u00edtica"],"inLanguage":"pt-BR"},{"@type":"WebPage","@id":"https:\/\/www.suno.com.br\/noticias\/pec-transicao-teto-gastos-senador\/","url":"https:\/\/www.suno.com.br\/noticias\/pec-transicao-teto-gastos-senador\/","name":"Contra PEC da Transi\u00e7\u00e3o, senador prop\u00f5e ampliar teto em R$ 80 bi","isPartOf":{"@id":"https:\/\/www.suno.com.br\/noticias\/#website"},"primaryImageOfPage":{"@id":"https:\/\/www.suno.com.br\/noticias\/pec-transicao-teto-gastos-senador\/#primaryimage"},"image":{"@id":"https:\/\/www.suno.com.br\/noticias\/pec-transicao-teto-gastos-senador\/#primaryimage"},"thumbnailUrl":"https:\/\/files.sunoresearch.com.br\/n\/uploads\/2022\/09\/dinheiro-agbrasil.jpg","datePublished":"2022-11-22T14:29:58+00:00","dateModified":"2022-11-22T14:30:02+00:00","description":"O senador Tasso Jereissati (PSDB-CE) fez uma proposta para ampliar o teto de gastos em R$ 80 bilh\u00f5es. Saiba mais no link.","breadcrumb":{"@id":"https:\/\/www.suno.com.br\/noticias\/pec-transicao-teto-gastos-senador\/#breadcrumb"},"inLanguage":"pt-BR","potentialAction":[{"@type":"ReadAction","target":["https:\/\/www.suno.com.br\/noticias\/pec-transicao-teto-gastos-senador\/"]}]},{"@type":"ImageObject","inLanguage":"pt-BR","@id":"https:\/\/www.suno.com.br\/noticias\/pec-transicao-teto-gastos-senador\/#primaryimage","url":"https:\/\/files.sunoresearch.com.br\/n\/uploads\/2022\/09\/dinheiro-agbrasil.jpg","contentUrl":"https:\/\/files.sunoresearch.com.br\/n\/uploads\/2022\/09\/dinheiro-agbrasil.jpg","width":1200,"height":717,"caption":"Senador apresenta nova proposta contra PEC da Transi\u00e7\u00e3o. Foto: Ag\u00eancia Brasil."},{"@type":"BreadcrumbList","@id":"https:\/\/www.suno.com.br\/noticias\/pec-transicao-teto-gastos-senador\/#breadcrumb","itemListElement":[{"@type":"ListItem","position":1,"name":"Not\u00edcias","item":"https:\/\/www.suno.com.br\/noticias\/"},{"@type":"ListItem","position":2,"name":"Pol\u00edtica","item":"https:\/\/www.suno.com.br\/noticias\/politica\/"},{"@type":"ListItem","position":3,"name":"Contra PEC da Transi\u00e7\u00e3o de Lula, senador prop\u00f5e ampliar teto em R$ 80 bi"}]},{"@type":"WebSite","@id":"https:\/\/www.suno.com.br\/noticias\/#website","url":"https:\/\/www.suno.com.br\/noticias\/","name":"Suno Not\u00edcias","description":"Seu portal de informa\u00e7\u00e3o sobre o mundo dos investimentos","publisher":{"@id":"https:\/\/www.suno.com.br\/noticias\/#organization"},"potentialAction":[{"@type":"SearchAction","target":{"@type":"EntryPoint","urlTemplate":"https:\/\/www.suno.com.br\/noticias\/?s={search_term_string}"},"query-input":{"@type":"PropertyValueSpecification","valueRequired":true,"valueName":"search_term_string"}}],"inLanguage":"pt-BR"},{"@type":"Organization","@id":"https:\/\/www.suno.com.br\/noticias\/#organization","name":"Suno Not\u00edcias","url":"https:\/\/www.suno.com.br\/noticias\/","logo":{"@type":"ImageObject","inLanguage":"pt-BR","@id":"https:\/\/www.suno.com.br\/noticias\/#\/schema\/logo\/image\/","url":"https:\/\/files.sunoresearch.com.br\/n\/uploads\/2021\/09\/suno-logo.png","contentUrl":"https:\/\/files.sunoresearch.com.br\/n\/uploads\/2021\/09\/suno-logo.png","width":180,"height":180,"caption":"Suno Not\u00edcias"},"image":{"@id":"https:\/\/www.suno.com.br\/noticias\/#\/schema\/logo\/image\/"},"sameAs":["https:\/\/facebook.com\/sunoresearch","https:\/\/x.com\/sunoresearch","https:\/\/www.instagram.com\/suno","https:\/\/www.linkedin.com\/company\/suno-research\/","https:\/\/www.youtube.com\/c\/sunoresearch"]},{"@type":"Person","@id":"https:\/\/www.suno.com.br\/noticias\/#\/schema\/person\/6899bc3f19d1a7315f807131c2c013a0","name":"Erick Matheus Nery","image":{"@type":"ImageObject","inLanguage":"pt-BR","@id":"https:\/\/www.suno.com.br\/noticias\/#\/schema\/person\/image\/","url":"https:\/\/secure.gravatar.com\/avatar\/518ddffe438ccb767782d372a66304d2?s=96&r=g","contentUrl":"https:\/\/secure.gravatar.com\/avatar\/518ddffe438ccb767782d372a66304d2?s=96&r=g","caption":"Erick Matheus Nery"},"description":"Formado em Jornalismo pela Universidade Federal do Par\u00e1 (UFPA), conta com extens\u00e3o em Jornalismo Econ\u00f4mico pela Funda\u00e7\u00e3o Get\u00falio Vargas (FGV). No Suno Not\u00edcias, atua como rep\u00f3rter de Mercado, com foco nos setores de telecomunica\u00e7\u00f5es, varejo, alimentos e renda fixa. Conta com passagens pelo jornal O Estado de S\u00e3o Paulo, como trainee de Jornalismo Econ\u00f4mico, e pelo site Not\u00edcias da TV.","url":"https:\/\/www.suno.com.br\/noticias\/author\/erick-nery\/"}]}},"default_loop_html":"<div class=\"cardsPage__listCard__boxs\"><div class=\"cardsPage__listCard__boxs__img\"><a href=\"https:\/\/www.suno.com.br\/noticias\/pec-transicao-teto-gastos-senador\/\"><img class=\"mask\" src=\"https:\/\/www.suno.com.br\/noticias\/wp-content\/themes\/suno\/resources\/images\/spotlight\/spotlight1img\/bg-mask.png\" alt=\"Image Mask\"\/><img src=\"https:\/\/files.sunoresearch.com.br\/n\/uploads\/2022\/09\/dinheiro-agbrasil-400x200.jpg\" alt=\"Contra PEC da Transi\u00e7\u00e3o de Lula, senador prop\u00f5e ampliar teto em R$ 80 bi\"\/><\/a><span class=\"spotlightCategory\"><a href=\"https:\/\/www.suno.com.br\/noticias\/politica\/\">Pol\u00edtica<\/a><\/span><\/div><div class=\"cardsPage__listCard__boxs__content\"><a href=\"https:\/\/www.suno.com.br\/noticias\/pec-transicao-teto-gastos-senador\/\"><h2 class=\"content__title\">Contra PEC da Transi\u00e7\u00e3o de Lula, senador prop\u00f5e ampliar teto em R$ 80 bi<\/h2><\/a><div class=\"newsContent__article__meta\"><div class=\"newsContent__article__meta__authorBox\"><a href=\"https:\/\/www.suno.com.br\/noticias\/author\/erick-nery\/\" class=\"authorBox__avatar noMobi\"><img src=\"https:\/\/secure.gravatar.com\/avatar\/518ddffe438ccb767782d372a66304d2?s=96&#038;r=g\" alt=\"Erick Matheus Nery\"><\/a><div class=\"authorBox__name\"><span>por\n\t\t\t<a href=\"https:\/\/www.suno.com.br\/noticias\/author\/erick-nery\/\"><span itemprop=\"author\">Erick Matheus Nery<\/span><\/a><\/span><time datetime=\"2022-11-22T11:29:58-03:00\" itemprop=\"datePublished\">22\/11\/2022 11:29<\/time><\/div><\/div><\/div><\/div><\/div>","single_layout":"posts","amp_enabled":true,"_links":{"self":[{"href":"https:\/\/www.suno.com.br\/noticias\/wp-json\/wp\/v2\/posts\/321264"}],"collection":[{"href":"https:\/\/www.suno.com.br\/noticias\/wp-json\/wp\/v2\/posts"}],"about":[{"href":"https:\/\/www.suno.com.br\/noticias\/wp-json\/wp\/v2\/types\/post"}],"author":[{"embeddable":true,"href":"https:\/\/www.suno.com.br\/noticias\/wp-json\/wp\/v2\/users\/232"}],"replies":[{"embeddable":true,"href":"https:\/\/www.suno.com.br\/noticias\/wp-json\/wp\/v2\/comments?post=321264"}],"version-history":[{"count":4,"href":"https:\/\/www.suno.com.br\/noticias\/wp-json\/wp\/v2\/posts\/321264\/revisions"}],"predecessor-version":[{"id":321473,"href":"https:\/\/www.suno.com.br\/noticias\/wp-json\/wp\/v2\/posts\/321264\/revisions\/321473"}],"wp:featuredmedia":[{"embeddable":true,"href":"https:\/\/www.suno.com.br\/noticias\/wp-json\/wp\/v2\/media\/292998"}],"wp:attachment":[{"href":"https:\/\/www.suno.com.br\/noticias\/wp-json\/wp\/v2\/media?parent=321264"}],"wp:term":[{"taxonomy":"category","embeddable":true,"href":"https:\/\/www.suno.com.br\/noticias\/wp-json\/wp\/v2\/categories?post=321264"},{"taxonomy":"post_tag","embeddable":true,"href":"https:\/\/www.suno.com.br\/noticias\/wp-json\/wp\/v2\/tags?post=321264"},{"taxonomy":"suno_strategy","embeddable":true,"href":"https:\/\/www.suno.com.br\/noticias\/wp-json\/wp\/v2\/suno_strategy?post=321264"}],"curies":[{"name":"wp","href":"https:\/\/api.w.org\/{rel}","templated":true}]}}