{"id":321165,"date":"2022-11-21T22:43:25","date_gmt":"2022-11-22T01:43:25","guid":{"rendered":"https:\/\/www.suno.com.br\/noticias\/?p=321165"},"modified":"2022-11-21T22:54:36","modified_gmt":"2022-11-22T01:54:36","slug":"radar-gerdau-ggbr4-bcff11-engie-egie3","status":"publish","type":"post","link":"https:\/\/www.suno.com.br\/noticias\/radar-gerdau-ggbr4-bcff11-engie-egie3\/","title":{"rendered":"Radar: analistas dizem que a\u00e7\u00e3o da Gerdau (GGBR4) est\u00e1 bem descontada; BCFF11 garante dividendos e Engie (EGIE3) pagar\u00e1 R$ 1 bilh\u00e3o em proventos"},"content":{"rendered":"<p>Analistas do BB Investimentos afirmaram em relat\u00f3rio que os pap\u00e9is da <a class=\"suno-keyword\" target=\"_blank\" data-force=\"yes\" data-priority=\"2\" href=\"https:\/\/www.suno.com.br\/acoes\/GGBR4\/\" rel=\"noopener\">Gerdau (GGBR4)<\/a> est\u00e3o com 50% de desconto sobre o m\u00faltiplo hist\u00f3rico. Mantiveram assim recomenda\u00e7\u00e3o de &#8220;compra&#8221;, com o pre\u00e7o-alvo de R$ 34.<\/p>\t<div class=\"wrapper-featured-image\">\n\t\t<figure class=\"spotlightImg\">\n\n\t\t\t<picture>\n\t\t\t\t<source media=\"(max-width: 768px)\" srcset=\"https:\/\/files.sunoresearch.com.br\/n\/uploads\/2019\/10\/abdbd765-gerdau-400x200.webp\">\n\t\t\t\t<img loading=\"lazy\" decoding=\"async\" class=\"newsContent__article__imgCapa lazyloadDisabled \" src=\"https:\/\/files.sunoresearch.com.br\/n\/uploads\/2019\/10\/abdbd765-gerdau-800x450.webp\" width=\"800\" height=\"450\" alt=\"Radar: analistas dizem que a\u00e7\u00e3o da Gerdau (GGBR4) est\u00e1 bem descontada; BCFF11 garante dividendos e Engie (EGIE3) pagar\u00e1 R$ 1 bilh\u00e3o em proventos\" fetchpriority=high \/>\n\t\t\t<\/picture>\n\n\t\t\t<figcaption class=\"wp-caption-text wp-caption-text--show\">Metal\u00fargica Gerdau. Foto: Divulga\u00e7\u00e3o<\/figcaption>\n\t\t<\/figure>\n\t<\/div>\n\n\n\n\n\n\t<p>\n\t\t<a href=\"https:\/\/lp.suno.com.br\/planilha-controle-gastos\/\" target=\"_blank\" data-element=\"shortcode-suno-banner\" title=\"Banner SUNO, clique e saiba mais\">\n\t\t\t<picture>\n\t\t\t\t<source media=\"(max-width: 500px)\" srcset=\"https:\/\/files.sunoresearch.com.br\/n\/uploads\/2023\/03\/400x300-Planilha-controle-de-gastos.png\">\n\t\t\t\t<img class=\"newsContent__article__imgCapa newsContent__article__imgCapa--banner\"\n\t\t\t\t\tsrc=\"https:\/\/files.sunoresearch.com.br\/n\/uploads\/2023\/03\/1420x240-Planilha-controle-de-gastos.png\"\n\t\t\t\t\tdata-promo-id=\"311945\"\t\t\t\t\t\t\t\t\t\twidth='1420' height='240'\t\t\t\t\talt=\"https:\/\/files.sunoresearch.com.br\/n\/uploads\/2023\/03\/1420x240-Planilha-controle-de-gastos.png\"\n\t\t\t\t>\n\t\t\t<\/picture>\n\t\t<\/a>\n\t<\/p>\n\n\n\n\n\n<p>Esse desconto nas <strong>a\u00e7\u00f5es da Gerdau<\/strong>, junto com os bons fundamentos da sider\u00fargica, refor\u00e7a a expectativa de espa\u00e7o para valoriza\u00e7\u00e3o, diz o BB Investimentos.<\/p>\n\n\n\n<p>No 3T22, o <strong>lucro l\u00edquido da Gerdau<\/strong> atingiu R$ 3 bilh\u00f5es, 33,7% menor do que o que foi reportado em igual per\u00edodo do ano anterior. Outro ponto que chamou aten\u00e7\u00e3o dos especialistas: ser\u00e3o pagos R$ 3,6 bilh\u00f5es de <strong>dividendos da Gerdau<\/strong> e <a class=\"suno-keyword\" target=\"_blank\" data-force=\"no\" data-priority=\"1\" href=\"https:\/\/www.suno.com.br\/artigos\/entenda-o-jcp\/\" rel=\"noopener\">juros sobre o capital pr\u00f3prio<\/a>.<\/p>\n\n\n\n<p>&#8220;A Gerdau reportou, mais uma vez, n\u00fameros robustos em seu resultado do 3T22 e acima de nossas estimativas&#8221;, descreveram os analistas.<\/p>\n\n\n\n<p>Para eles, o cen\u00e1rio desafiador para o setor, combinando infla\u00e7\u00e3o, risco de recess\u00e3o em grandes economias, continuidade do conflito na Ucr\u00e2nia e desacelera\u00e7\u00e3o do ritmo de crescimento na China, levou a uma queda nos volumes de venda, <a class=\"suno-keyword\" target=\"_blank\" data-force=\"no\" data-priority=\"1\" href=\"https:\/\/www.suno.com.br\/artigos\/o-que-receita-liquida\/\" rel=\"noopener\">receita l\u00edquida<\/a>, <a class=\"suno-keyword\" target=\"_blank\" data-force=\"no\" data-priority=\"1\" href=\"https:\/\/www.suno.com.br\/artigos\/ebitda-ajustado\/\" rel=\"noopener\">Ebitda ajustado<\/a> e <a class=\"suno-keyword\" target=\"_blank\" data-force=\"no\" data-priority=\"1\" href=\"https:\/\/www.suno.com.br\/artigos\/lucro-liquido\/\" rel=\"noopener\">lucro l\u00edquido<\/a> na compara\u00e7\u00e3o trimestral.<\/p>\n\n\n\n<p>Essas baixas j\u00e1 eram esperadas, detalha o BB-BI, mas os n\u00fameros apresentados foram mais fortes em compara\u00e7\u00e3o \u00e0s demais sider\u00fargicas brasileiras.<\/p>\n\n\n\n<p>&#8220;Mesmo diante das adversidades, a empresa entregou uma rentabilidade operacional satisfat\u00f3ria, puxada principalmente pela ON Am\u00e9rica do Norte, cuja <a class=\"suno-keyword\" target=\"_blank\" data-force=\"no\" data-priority=\"1\" href=\"https:\/\/www.suno.com.br\/artigos\/margem-ebitda\/\" rel=\"noopener\">margem EBITDA<\/a> ajustada foi mantida no patamar recorde do 2T22, a despeito da queda de quase 12% t\/t no volume de vendas&#8221;, completou.<\/p>\n\n\n\n<h2 class=\"wp-block-heading\" id=\"h-resultado-do-3t22\"><strong>Resultado d<\/strong>o 3T22<\/h2>\n\n\n\n<p>A receita l\u00edquida do <strong>3T22 da Gerdau <\/strong>foi de R$ 21,149 bilh\u00f5es no trimestre, com 0,8% de queda em rela\u00e7\u00e3o ao terceiro trimestre de 2021.<\/p>\n\n\n\n<p>O lucro antes juros, impostos, <a class=\"suno-keyword\" target=\"_blank\" data-force=\"no\" data-priority=\"1\" href=\"https:\/\/www.suno.com.br\/artigos\/depreciacao-amortizacao\/\" rel=\"noopener\">deprecia\u00e7\u00e3o e amortiza\u00e7\u00e3o<\/a> (Ebitda, na sigla em ingl\u00eas) ajustado da Gerdau no 3T22 foi de R$ 5,369 bilh\u00f5es, representando uma queda de 23,6% em rela\u00e7\u00e3o ao 3T21.<\/p>\n\n\n\n<p>J\u00e1 a margem Ebitda ajustada foi de 25,4% no trimestre, representando uma retra\u00e7\u00e3o de 7,6 pontos percentuais (p.p.) ante igual etapa do ano anterior.<\/p>\n\n\n\n<p>O <a class=\"suno-keyword\" target=\"_blank\" data-force=\"no\" data-priority=\"1\" href=\"https:\/\/www.suno.com.br\/artigos\/lucro-bruto\/\" rel=\"noopener\">lucro bruto<\/a> da companhia foi da cifra de R$ 4,738 bilh\u00f5es, representando queda de 26,2% na base anual. J\u00e1 a <a class=\"suno-keyword\" target=\"_blank\" data-force=\"no\" data-priority=\"1\" href=\"https:\/\/www.suno.com.br\/artigos\/margem-bruta-entenda-sua-importancia\/\" rel=\"noopener\">margem bruta<\/a> da Gerdau fechou o trimestre em 22,4%, baixa de 7,7 p.p. ante a margem do 3T21.<\/p>\n\n\n\n<p>O <a class=\"suno-keyword\" target=\"_blank\" data-force=\"no\" data-priority=\"1\" href=\"https:\/\/www.suno.com.br\/artigos\/resultado-financeiro\/\" rel=\"noopener\">resultado financeiro<\/a> foi de R$ 530 milh\u00f5es negativos no 3T22, sendo 46,8% superior ao trimestre anterior. A gest\u00e3o da companhia explicou essa oscila\u00e7\u00e3o por conta da aprecia\u00e7\u00e3o do d\u00f3lar ante o real.<\/p>\n\n\n\n<p>As despesas gerais e administrativas da Gerdau foram de R$ 555 milh\u00f5es no 3T22, representando um crescimento de 5,2% em rela\u00e7\u00e3o ao mesmo per\u00edodo de 2021.<\/p>\n\n\n\n<h2 class=\"wp-block-heading\"><strong>Cota\u00e7\u00e3o da Gerdau<\/strong><\/h2>\n\n\n\n<p>As a\u00e7\u00f5es da <strong>Gerdau<\/strong> fecharam a segunda-feira (21) em alta de 0,91%, cotadas a R$ 30,10.<\/p>\n\n\n\n<p><em>Al\u00e9m da&nbsp;<strong>Gerdau<\/strong>, confira outros destaques desta segunda-feira:<\/em><\/p>\n\n\n\n<h2 class=\"wp-block-heading\">BCFF11 revela estrat\u00e9gia que manteve <a class=\"suno-keyword\" target=\"_blank\" data-force=\"no\" data-priority=\"1\" href=\"https:\/\/www.suno.com.br\/guias\/dividendos\/\" rel=\"noopener\">dividendos<\/a>  mesmo com 3 meses de defla\u00e7\u00e3o<\/h2>\n\n\n\n<ul class=\"wp-block-list\"><li>A gestora do fundo imobili\u00e1rio <a class=\"suno-keyword\" target=\"_blank\" data-force=\"yes\" data-priority=\"2\" href=\"https:\/\/www.suno.com.br\/fundos-imobiliarios\/bcff11\/\" rel=\"noopener\">BCFF11<\/a> informou aos seus cotistas nesta \u00faltima sexta-feira (18) sua estrat\u00e9gia para manter os <a class=\"suno-keyword\" target=\"_blank\" data-force=\"no\" data-priority=\"1\" href=\"https:\/\/www.suno.com.br\/guias\/dividendos\/\" rel=\"noopener\">dividendos<\/a> do FII, mesmo com a defla\u00e7\u00e3o.<\/li><\/ul>\n\n\n\n<ul class=\"wp-block-list\"><li>Com o IPCA em patamar negativo nos \u00faltimos meses, o <a class=\"suno-keyword\" target=\"_blank\" data-force=\"yes\" data-priority=\"2\" href=\"https:\/\/www.suno.com.br\/fundos-imobiliarios\/bcff11\/\" rel=\"noopener\">BCFF11<\/a> prosseguiu com sua aloca\u00e7\u00e3o com mais 50% de seu portf\u00f3lio em FIIs de CRI e CRIs. Mesmo assim, os resultados recorrentes foram superiores \u00e0 distribui\u00e7\u00e3o de rendimentos.<\/li><\/ul>\n\n\n\n<ul class=\"wp-block-list\"><li>A gestora explicou que o impacto da <strong>defla\u00e7\u00e3o<\/strong> na receita recorrente do <a class=\"suno-keyword\" target=\"_blank\" data-force=\"yes\" data-priority=\"2\" href=\"https:\/\/www.suno.com.br\/fundos-imobiliarios\/bcff11\/\" rel=\"noopener\">BCFF11<\/a> foi minimizada pelas aloca\u00e7\u00f5es em ativos relacionados ao CDI. Durante o ano de 2022, esses investimentos representaram 70% das aquisi\u00e7\u00f5es do FII.<\/li><\/ul>\n\n\n\n<ul class=\"wp-block-list\"><li>Em novembro deste ano, os <strong>dividendos do BCFF11<\/strong> foram de R$ 0,56 por cota, o mesmo valor praticado nos \u00faltimos 3 meses. Esse rendimento representa um <strong>dividend yield<\/strong> anualizado de 9,7%.<\/li><\/ul>\n\n\n\n<ul class=\"wp-block-list\"><li>O resultado recorrente do fundo teve um valor menor em rela\u00e7\u00e3o ao m\u00eas anterior, mas representou um aumento de 20% no patamar no mesmo per\u00edodo de 2021.&nbsp;A queda do resultado \u00e9 reflexo da defla\u00e7\u00e3o do IPCA nos meses de agosto a setembro. Essa situa\u00e7\u00e3o impactou diretamente os resultados do FII.<\/li><\/ul>\n\n\n\n<ul class=\"wp-block-list\"><li>Por\u00e9m, a gestora estima que esse impacto deva ser normalizado nos pr\u00f3ximos meses com o retorno da infla\u00e7\u00e3o, que registrou aumento no m\u00eas de outubro de 0,59%.<\/li><\/ul>\n\n\n\n<ul class=\"wp-block-list\"><li>Um fundo com desconto patrimonial<\/li><\/ul>\n\n\n\n<ul class=\"wp-block-list\"><li>A <strong>gestora do BCFF11<\/strong> disse que o fundo negocia com 12,0% de desconto patrimonial. Por\u00e9m, h\u00e1 um \u201cduplo desconto\u201d quando comparado com o valor patrimonial dos FIIs que est\u00e3o na carteira do fundo. Neste caso, o desconto chega a 26,6%.<\/li><\/ul>\n\n\n\n<ul class=\"wp-block-list\"><li>Por\u00e9m, como o <a class=\"suno-keyword\" target=\"_blank\" data-force=\"yes\" data-priority=\"2\" href=\"https:\/\/www.suno.com.br\/fundos-imobiliarios\/bcff11\/\" rel=\"noopener\">BCFF11<\/a> possui 53% do seu portf\u00f3lio investido em FIIs de CRI e CRIs e, na m\u00e9dia, negocia com o pre\u00e7o da cota pr\u00f3ximo ao valor patrimonial. Ou seja, o maior desconto do fundo est\u00e1 nas posi\u00e7\u00f5es de FIIs de tijolo. Nas contas da gestora, h\u00e1 um des\u00e1gio de 33,3% entre a cota a mercado do BCFF11 e a cota patrimonial dos FIIs de tijolo do seu portf\u00f3lio.<\/li><\/ul>\n\n\n\n<ul class=\"wp-block-list\"><li>Em rela\u00e7\u00e3o aos investimentos do fundo, o <a class=\"suno-keyword\" target=\"_blank\" data-force=\"yes\" data-priority=\"2\" href=\"https:\/\/www.suno.com.br\/fundos-imobiliarios\/bcff11\/\" rel=\"noopener\">BCFF11<\/a> teve ganho de capital com vendas de cotas de FIIs de CRI. Isso inclui a venda de parte da posi\u00e7\u00e3o do HTMX11.<\/li><\/ul>\n\n\n\n<ul class=\"wp-block-list\"><li>O FII segue vendendo algumas posi\u00e7\u00f5es de ativos, ainda que tenha preju\u00edzo. O objetivo \u00e9 reinvestir os recursos desses desinvestimentos em &#8220;posi\u00e7\u00f5es com maior potencial de retorno, tendo em vista o atual custo de oportunidade\u201d, refor\u00e7ou a gestora. Ou seja, o fundo quer aumentar o resultado recorrente para os pr\u00f3ximos meses.<\/li><\/ul>\n\n\n\n<ul class=\"wp-block-list\"><li>Por fim, o FII encerrou o m\u00eas com R$41,8 milh\u00f5es em reservas, representando um total de R$1,66 por cota.<\/li><\/ul>\n\n\n\n<ul class=\"wp-block-list\"><li>O FII BTG Pactual Fundo de Fundos Imobili\u00e1rios (<strong>BCFF11<\/strong>) tem como objetivo a aquisi\u00e7\u00e3o de cotas de outros FIIs, bem como Certificados de Receb\u00edveis Imobili\u00e1rios (CRI), e outros ativos com lastro no setor imobili\u00e1rio.<\/li><\/ul>\n\n\n\t<p>\n\t\t<a href=\"https:\/\/lp.suno.com.br\/ebook-como-analisar-uma-acao\/\" target=\"_blank\" data-element=\"shortcode-suno-banner\" title=\"Banner SUNO, clique e saiba mais\">\n\t\t\t<picture>\n\t\t\t\t<source media=\"(max-width: 500px)\" srcset=\"https:\/\/files.sunoresearch.com.br\/n\/uploads\/2023\/03\/Ebook-Acoes-Mobile.jpg\">\n\t\t\t\t<img class=\"newsContent__article__imgCapa newsContent__article__imgCapa--banner\"\n\t\t\t\t\tsrc=\"https:\/\/files.sunoresearch.com.br\/n\/uploads\/2023\/03\/Ebook-Acoes-Desktop.jpg\"\n\t\t\t\t\tdata-promo-id=\"311946\"\t\t\t\t\t\t\t\t\t\twidth='1420' height='286'\t\t\t\t\talt=\"https:\/\/files.sunoresearch.com.br\/n\/uploads\/2023\/03\/Ebook-Acoes-Desktop.jpg\"\n\t\t\t\t>\n\t\t\t<\/picture>\n\t\t<\/a>\n\t<\/p>\n\n\n\n\n\n<h2 class=\"wp-block-heading\">Engie (EGIE3) pagar\u00e1 R$ 1 bilh\u00e3o em dividendos; veja valor por a\u00e7\u00e3o<\/h2>\n\n\n\n<ul class=\"wp-block-list\"><li>A <strong>Engie<\/strong> (EGIE3) pagar\u00e1 cerca de R$ 1 bilh\u00e3o em <a class=\"suno-keyword\" target=\"_blank\" data-force=\"no\" data-priority=\"1\" href=\"https:\/\/www.suno.com.br\/guias\/dividendos\/\" rel=\"noopener\">dividendos<\/a> em dividendos aos seus acionistas, segundo aviso aos acionistas relevante divulgado nesta segunda-feira (21).<\/li><\/ul>\n\n\n\n<ul class=\"wp-block-list\"><li>O valor dos <strong>proventos por a\u00e7\u00e3o da Engie<\/strong> ser\u00e1 de R$ 1,28&nbsp;que ser\u00e3o pagos no dia 12 de dezembro.<\/li><\/ul>\n\n\n\n<ul class=\"wp-block-list\"><li>Os <a class=\"suno-keyword\" target=\"_blank\" data-force=\"no\" data-priority=\"1\" href=\"https:\/\/www.suno.com.br\/guias\/dividendos\/\" rel=\"noopener\">dividendos<\/a> de EGIE3 s\u00e3o dividendos em duas partes, sendo R$ 577 milh\u00f5es em Dividendos intercalares e R$ 472 milh\u00f5es em Dividendos intercalares complementares.<\/li><\/ul>\n\n\n\n<ul class=\"wp-block-list\"><li>No caso dos <a class=\"suno-keyword\" target=\"_blank\" data-force=\"no\" data-priority=\"1\" href=\"https:\/\/www.suno.com.br\/guias\/dividendos\/\" rel=\"noopener\">dividendos<\/a> intercalares, ser\u00e3o pagos com base na posi\u00e7\u00e3o acion\u00e1ria do dia 16 de agosto, ao passo que os dividendos complementares ser\u00e3o pagos com base na posi\u00e7\u00e3o do dia 21 de novembro.<\/li><\/ul>\n\n\n\n<ul class=\"wp-block-list\"><li>Ou seja, apenas os investidores com <strong>a\u00e7\u00f5es da Engie<\/strong> no preg\u00e3o desta segunda (21) ter\u00e3o direito de receber os rendimentos complementares. A partir do dia 22, as a\u00e7\u00f5es ser\u00e3o negociadas sem direito aos dividendos.<\/li><\/ul>\n\n\n\n<ul class=\"wp-block-list\"><li>Segundo documento arquivado na Comiss\u00e3o de Valores Mobili\u00e1rios (CVM), esses representam 100% do <a class=\"suno-keyword\" target=\"_blank\" data-force=\"no\" data-priority=\"1\" href=\"https:\/\/www.suno.com.br\/artigos\/lucro-liquido\/\" rel=\"noopener\">lucro l\u00edquido<\/a> distribu\u00edvel no primeiro semestre deste ano.<\/li><\/ul>\n\n\n\n<ul class=\"wp-block-list\"><li><strong>Dividendos da Engie<\/strong><\/li><\/ul>\n\n\n\n<ul class=\"wp-block-list\"><li>Valor total: R$ 1.050.698.669,69 (R$ 1,05 bilh\u00e3o)<\/li><li>Valor por a\u00e7\u00e3o: R$ 1,2877349527<\/li><li>Data de corte: 21 de novembro (complementares) e 16 de agosto (intercalares)<\/li><li>Data do pagamento: 12 de dezembro<\/li><li>Rendimento (dividend yield): 3,2%<\/li><\/ul>\n\n\n\n<ul class=\"wp-block-list\"><li>No preg\u00e3o desta segunda (21), a cota\u00e7\u00e3o das a\u00e7\u00f5es da Engie sobe 2%, cotada a R$ 40,45. No ano, o papel acumula alta de 6,3%.<\/li><\/ul>\n\n\n\n<ul class=\"wp-block-list\"><li><strong>Vis\u00e3o da XP sobre EGIE3<\/strong><\/li><\/ul>\n\n\n\n<ul class=\"wp-block-list\"><li>Atualmente os analistas da XP Investimentos mant\u00e9m uma recomenda\u00e7\u00e3o neutra para as a\u00e7\u00f5es da companhia, com pre\u00e7o-alvo de R$ 49.<\/li><\/ul>\n\n\n\n<ul class=\"wp-block-list\"><li>&#8220;Temos uma vis\u00e3o positiva da a estrat\u00e9gia de comercializa\u00e7\u00e3o de energia otimizada da companhia, e da entrada da empresa no segmento de g\u00e1s natural com a aquisi\u00e7\u00e3o da TAG. No entanto, acreditamos que h\u00e1 oportunidades de maior retorno no setor el\u00e9trico e preferimos aguardar an\u00fancios de pr\u00f3ximas iniciativas de crescimento&#8221;, diz a casa.<\/li><\/ul>\n\n\n\n<ul class=\"wp-block-list\"><li>Sobre o \u00faltimo resultado da companhia, os analistas destacaram &#8216;n\u00fameros s\u00f3lidos&#8217; com maior volume de energia vendida e pre\u00e7os m\u00e9dios mais elevados. A empresa teve lucro de R$ 710 milh\u00f5es e R$ 1,66 bilh\u00e3o de Ebitda ajustado, com margem de 60%.<\/li><\/ul>\n\n\n\n<ul class=\"wp-block-list\"><li>Apesar dos n\u00fameros ficarem acima das proje\u00e7\u00f5es, a XP manteve optou por manter a cautela com os pap\u00e9is da <strong>Engie<\/strong>.<\/li><\/ul>\n\n\n\n<h2 class=\"wp-block-heading\">Disney (<a class=\"suno-keyword\" target=\"_blank\" data-force=\"yes\" data-priority=\"2\" href=\"https:\/\/www.suno.com.br\/bdrs\/disb34\/\" rel=\"noopener\">DISB34<\/a>) dispara com volta de Bob Iger ao comando da companhia<\/h2>\n\n\n\n<ul class=\"wp-block-list\"><li>As a\u00e7\u00f5es da Disney (<a class=\"suno-keyword\" target=\"_blank\" data-force=\"yes\" data-priority=\"2\" href=\"https:\/\/www.suno.com.br\/bdrs\/disb34\/\" rel=\"noopener\">DISB34<\/a>) cresceram nas bolsas de valores mundiais ap\u00f3s o an\u00fancio da volta de Bob Iger ao comando do conglomerado do Mickey Mouse. Nesta segunda (21), os BDRs, pap\u00e9is da companhia na B3, registraram uma alta de 5,83% por volta das 17h30. Na bolsa de Nova York, a valoriza\u00e7\u00e3o foi de 5,73%.<\/li><\/ul>\n\n\n\n<ul class=\"wp-block-list\"><li>Iger, de 71 anos, anunciou a sua aposentadoria no final do ano passado e, menos de um ano depois, retornou ao trabalho. Ele foi presidente da companhia durante 15 anos e, em seguida, ficou por dois anos no conselho da empresa.<\/li><\/ul>\n\n\n\n<ul class=\"wp-block-list\"><li>Susan Arnold, atual presidente do conselho da Disney, disse em comunicado ao mercado que Iger ir\u00e1 liderar a empresa pelos pr\u00f3ximos dois anos, com efeito imediato. &#8220;O conselho concluiu que, \u00e0 medida que a Disney embarca em um momento cada vez mais complexo de transforma\u00e7\u00e3o da ind\u00fastria, Bob Iger est\u00e1 em uma posi\u00e7\u00e3o \u00fanica para liderar a empresa nesse per\u00edodo crucial&#8221;, destacou ela.<\/li><\/ul>\n\n\n\n<ul class=\"wp-block-list\"><li>\u201cEstou extremamente otimista com o futuro desta grande empresa e emocionado com o convite do conselho para retornar como seu CEO. A Disney e suas incompar\u00e1veis \u200b\u200bmarcas e franquias ocupam um lugar especial no cora\u00e7\u00e3o de tantas pessoas ao redor do mundo, principalmente no cora\u00e7\u00e3o de nossos funcion\u00e1rios, cuja dedica\u00e7\u00e3o a esta empresa e sua miss\u00e3o \u00e9 uma inspira\u00e7\u00e3o\u201d, afirmou Iger.<\/li><\/ul>\n\n\n\n<ul class=\"wp-block-list\"><li><strong>Iger na Disney<\/strong><\/li><\/ul>\n\n\n\n<ul class=\"wp-block-list\"><li>O executivo liderou a companhia durante aquisi\u00e7\u00f5es importantes, como a Pixar Animation Studios, a 21st Century Fox e a Marvel Entertainment, iniciativas que fizeram com que o valor de mercado da gigante do entretenimento aumentasse em cinco vezes.<\/li><\/ul>\n\n\n\n<ul class=\"wp-block-list\"><li>No entanto, neste ano, as a\u00e7\u00f5es da Disney derreteram mais de 40%. Nesse mesmo per\u00edodo, o \u00edndice Dow Jones caiu quase 7%. <\/li><\/ul>\n\n\n\n<ul class=\"wp-block-list\"><li>Segundo a Reuters, a expectativa do mercado \u00e9 de que Iger realize corte de custos e recupere a lucratividade da empresa. Especialistas acreditam que o principal alvo do novo CEO ser\u00e1 o Disney+, streaming que o pr\u00f3prio Iger ajudou a lan\u00e7ar. No entanto, as perdas da unidade digital mais do que dobraram no \u00faltimo trimestre e chegam a marca de  US$ 1,5 bilh\u00e3o.<\/li><\/ul>\n\n\n\n<h2 class=\"wp-block-heading\">Minerva (BEEF3) faz oferta para comprar subsidi\u00e1ria uruguaia da NH Foods<\/h2>\n\n\n\n<ul class=\"wp-block-list\"><li>Nesta segunda-feira (21), a <strong>Minerva <\/strong>(BEEF3) comunicou que realizou uma oferta n\u00e3o-vinculante para a compra da Breeders and Packers Uruguay (BPU), que pertence ao Nippon Ham Foods Group (NH Foods). A empresa n\u00e3o revelou o valor da opera\u00e7\u00e3o.<\/li><\/ul>\n\n\n\n<ul class=\"wp-block-list\"><li>A Minerva descreve a Breeders and Packers Uruguay como \u201cum dos mais modernos frigor\u00edficos de <strong>carne bovina<\/strong> da Am\u00e9rica do Sul\u201d, e tem a capacidade de abate de 1.200 cabe\u00e7as por dia.<\/li><\/ul>\n\n\n\n<ul class=\"wp-block-list\"><li>Segundo a Minerva, a <strong>BPU <\/strong>utiliza \u201calta tecnologia no processo industrial, produz e exporta carne bovina do Uruguai com os mais altos \u00edndices de qualidade e seguran\u00e7a sanit\u00e1ria\u201d.<\/li><\/ul>\n\n\n\n<ul class=\"wp-block-list\"><li>\u201dA <strong>carne bovina uruguaia<\/strong> \u00e9 reconhecida mundialmente por sua tradi\u00e7\u00e3o e qualidade, acessando os principais e mais restritivos mercados no mundo, como o Jap\u00e3o, Coreia do Sul, China e Estados Unidos\u201d, complementa a Minerva.<\/li><\/ul>\n\n\n\n<ul class=\"wp-block-list\"><li>A <strong>empresa brasileira de carnes<\/strong> ressalta que o Uruguai aparece entre os dez maiores exportadores mundiais de carne bovina.<\/li><\/ul>\n\n\n\n<ul class=\"wp-block-list\"><li>A Minerva comenta ainda que a iniciativa est\u00e1 alinhada \u00e0 sua iniciativa de otimizar a diversifica\u00e7\u00e3o geogr\u00e1fica, por meio de desenvolvimento de alian\u00e7as e parcerias. A companhia afirmou em nota que pretende explorar oportunidades estrat\u00e9gicas em diversos pa\u00edses.<\/li><\/ul>\n\n\n\n<ul class=\"wp-block-list\"><li>\u201cTodos os movimentos da Minerva Foods primam pela disciplina financeira, preservando n\u00edveis confort\u00e1veis de alavancagem, buscando, ao mesmo tempo, maximizar a gera\u00e7\u00e3o de valor para todos os acionistas\u201d, finaliza.<\/li><\/ul>\n\n\n\n<ul class=\"wp-block-list\"><li>A transa\u00e7\u00e3o informada pela companhia brasileira est\u00e1 sujeita \u00e0 finaliza\u00e7\u00e3o do processo de due diligence at\u00e9 o final deste ano, quando tamb\u00e9m se encerra o per\u00edodo de exclusividade da Minerva para a compra.<\/li><\/ul>\n\n\n\n<ul class=\"wp-block-list\"><li><strong>Cota\u00e7\u00e3o da Minerva nesta segunda-feira<\/strong><\/li><\/ul>\n\n\n\n<ul class=\"wp-block-list\"><li>Na primeira sess\u00e3o desta semana, antes do comunicado divulgado pela Minerva, as a\u00e7\u00f5es da empresa brasileira fecharam em queda de 1,73%, a R$ 13,00. No preg\u00e3o anterior, os ativos tinham apresentado eleva\u00e7\u00e3o de 2,56%.<\/li><\/ul>\n\n\n\n<ul class=\"wp-block-list\"><li>Apesar da baixa recente, os ativos da <strong>Minerva <\/strong>seguem em alta neste ano. Em 2023, a valoriza\u00e7\u00e3o acumulada chega a 27,77% na<strong> bolsa de valores<\/strong> brasileira.&nbsp;<\/li><\/ul>\n\n\n\n<h2 class=\"wp-block-heading\">DEVA11: &#8216;o pior j\u00e1 passou&#8217;, afirma gestora sobre <a class=\"suno-keyword\" target=\"_blank\" data-force=\"no\" data-priority=\"1\" href=\"https:\/\/www.suno.com.br\/guias\/dividendos\/\" rel=\"noopener\">dividendos<\/a> em baixa<\/h2>\n\n\n\n<ul class=\"wp-block-list\"><li>O fundo imobili\u00e1rio DEVA11 informou, nesta \u00faltima sexta-feira (18), que o FII deve voltar \u00e0 normalidade na sua distribui\u00e7\u00e3o de dividendos. Em virtude da defla\u00e7\u00e3o, o fundo de papel da Devant Asset pagou rendimentos menores no m\u00eas de novembro.<\/li><\/ul>\n\n\n\n<ul class=\"wp-block-list\"><li>O fundo distribuiu um total de R$ 7,9 milh\u00f5es referentes aos resultados de outubro. Deste modo, os<strong> <a class=\"suno-keyword\" target=\"_blank\" data-force=\"no\" data-priority=\"1\" href=\"https:\/\/www.suno.com.br\/guias\/dividendos\/\" rel=\"noopener\">dividendos<\/a> do DEVA11<\/strong> foram de R$ 0,56 por cota, o que resultou em um dividend yield de 0,62%, remunera\u00e7\u00e3o equivalente a 60,7% do CDI.<\/li><\/ul>\n\n\n\n<ul class=\"wp-block-list\"><li>Os rendimentos tanto dos meses de setembro e outubro referem-se \u00e0 parcela prefixada da carteira. A parcela da corre\u00e7\u00e3o monet\u00e1ria foi praticamente nula, devido ao IPCA negativo no per\u00edodo.<\/li><\/ul>\n\n\n\n<ul class=\"wp-block-list\"><li>Os \u00edndices inflacion\u00e1rios utilizados para c\u00e1lculo dos <a class=\"suno-keyword\" target=\"_blank\" data-force=\"no\" data-priority=\"1\" href=\"https:\/\/www.suno.com.br\/guias\/dividendos\/\" rel=\"noopener\">dividendos<\/a> foram os apurados em agosto e setembro, com defla\u00e7\u00e3o de -0,36% e -0,29%, respectivamente. Como o fundo tem prote\u00e7\u00e3o de 99% dos ativos contra defla\u00e7\u00e3o, a parte p\u00f3s-fixada foi praticamente zerada no c\u00e1lculo.<\/li><\/ul>\n\n\n\n<ul class=\"wp-block-list\"><li><strong>Com fim da defla\u00e7\u00e3o, os rendimentos do DEVA11 voltar\u00e3o \u00e0 normalidade<\/strong><\/li><\/ul>\n\n\n\n<ul class=\"wp-block-list\"><li>Por\u00e9m, os <strong>cotistas do DEVA11<\/strong> podem esperar rendimentos maiores nas pr\u00f3ximas distribui\u00e7\u00f5es. Acima das expectativas do mercado, o IPCA de outubro avan\u00e7ou 0,59%, fechando o ciclo de defla\u00e7\u00e3o que teve dura\u00e7\u00e3o de 3 meses.<\/li><\/ul>\n\n\n\n<ul class=\"wp-block-list\"><li>Do ponto de vista dos dividendos, \u201c\u00e9 poss\u00edvel afirmar que mesmo observando a defasagem dos indicadores, o principal momento de redu\u00e7\u00e3o do montante distribu\u00eddo j\u00e1 passou\u201d, afirma a gestora.<\/li><\/ul>\n\n\n\n<ul class=\"wp-block-list\"><li>Neste caso, nos pr\u00f3ximos meses, o DEVA11 voltar\u00e1 a contar com a corre\u00e7\u00e3o positiva, retornando ao seu patamar normal de distribui\u00e7\u00e3o. Para o pr\u00f3ximo rendimento, ser\u00e3o considerados os indicadores de setembro (-0,29%) e outubro (0,59%).<\/li><\/ul>\n\n\n\n<ul class=\"wp-block-list\"><li><strong>Um fundo com ativos high yield negociado com desconto<\/strong><\/li><\/ul>\n\n\n\n<ul class=\"wp-block-list\"><li>Al\u00e9m disso, a gestora destaca que o cen\u00e1rio de defla\u00e7\u00e3o ocorrido nos \u00faltimos meses pode ter sido uma oportunidade para os <strong>investidores de DEVA11<\/strong>. O fundo tem sido negociado no mercado secund\u00e1rio com cerca de 10% a 15% de desconto com rela\u00e7\u00e3o ao valor patrimonial.<\/li><\/ul>\n\n\n\n<ul class=\"wp-block-list\"><li>Em rela\u00e7\u00e3o aos seus investimentos, o DEVA11 permanecer\u00e1 com sua carteira com caracter\u00edsticas high yield. A gestora diz acompanhar todos seus investimentos de maneira muito pr\u00f3xima, de forma a mitigar poss\u00edveis situa\u00e7\u00f5es alarmantes que possam surgir.<\/li><\/ul>\n\n\n\n<ul class=\"wp-block-list\"><li>A taxa m\u00e9dia ponderada da carteira de CRI fechou em 10,41% + infla\u00e7\u00e3o, contando com ativos com robusta estrutura de garantias, garante a gest\u00e3o do FII.<\/li><\/ul>\n\n\n\n<ul class=\"wp-block-list\"><li>O <strong>Devant Receb\u00edveis Imobili\u00e1rios (DEVA11)<\/strong> tem como objetivo obter rendimentos e ganhos de capital de aplica\u00e7\u00f5es em ativos financeiros com lastro imobili\u00e1rio, principalmente Certificados de Receb\u00edveis Imobili\u00e1rios (CRI).<\/li><\/ul>\n\n\n\n<ul class=\"wp-block-list\"><li>Da&nbsp;<strong>Gerdau<\/strong>&nbsp;\u00e0 DEVA11, essas foram as empresas que se destacaram hoje. Para ler todas as mat\u00e9rias clique aqui.<\/li><\/ul>\n\n\n\t<p>\n\t\t<a href=\"https:\/\/lp.suno.com.br\/ebook-investindo-em-fiis\/\" target=\"_blank\" data-element=\"shortcode-suno-banner\" title=\"Banner SUNO, clique e saiba mais\">\n\t\t\t<picture>\n\t\t\t\t<source media=\"(max-width: 500px)\" srcset=\"https:\/\/files.sunoresearch.com.br\/n\/uploads\/2023\/03\/Ebook-Fundos-Imobiliarios-Mobile-1.jpg\">\n\t\t\t\t<img class=\"newsContent__article__imgCapa newsContent__article__imgCapa--banner\"\n\t\t\t\t\tsrc=\"https:\/\/files.sunoresearch.com.br\/n\/uploads\/2023\/03\/Ebook-Fundos-Imobiliarios-Desktop-1.jpg\"\n\t\t\t\t\tdata-promo-id=\"313843\"\t\t\t\t\t\t\t\t\t\twidth='1420' height='286'\t\t\t\t\talt=\"https:\/\/files.sunoresearch.com.br\/n\/uploads\/2023\/03\/Ebook-Fundos-Imobiliarios-Desktop-1.jpg\"\n\t\t\t\t>\n\t\t\t<\/picture>\n\t\t<\/a>\n\t<\/p>\n\n\n","protected":false},"excerpt":{"rendered":"<p>Analistas do BB Investimentos afirmaram em relat\u00f3rio que os pap\u00e9is da Gerdau (GGBR4) est\u00e3o com 50% de desconto sobre o m\u00faltiplo hist\u00f3rico. Mantiveram assim recomenda\u00e7\u00e3o de &#8220;compra&#8221;, com o pre\u00e7o-alvo de R$ 34. Metal\u00fargica Gerdau. Foto: Divulga\u00e7\u00e3o Esse desconto nas a\u00e7\u00f5es da Gerdau, junto com os bons fundamentos da sider\u00fargica, refor\u00e7a a expectativa de espa\u00e7o [&hellip;]<\/p>\n","protected":false},"author":194,"featured_media":42993,"comment_status":"closed","ping_status":"closed","sticky":false,"template":"","format":"standard","meta":[],"categories":[64],"tags":[106083,105888,1087,465,488],"suno_strategy":[],"class_list":["post-321165","post","type-post","status-publish","format-standard","has-post-thumbnail","hentry","category-negocios","tag-bcff11","tag-deva11","tag-disney-disb34","tag-engie-egie3","tag-gerdau-ggbr3-ggbr4"],"yoast_head":"<!-- This site is optimized with the Yoast SEO plugin v24.4 - https:\/\/yoast.com\/wordpress\/plugins\/seo\/ -->\n<title>Radar: analistas dizem que a\u00e7\u00e3o da Gerdau (GGBR4) est\u00e1 bem descontada; BCFF11 garante dividendos e Engie (EGIE3) pagar\u00e1 R$ 1bilh\u00e3o em proventos<\/title>\n<meta name=\"description\" content=\"Analistas consideram que a\u00e7\u00f5es da Gerdau ser\u00e3o descontadas, BCFF11 garante dividendos e Engie pagar\u00e1 proventos. Confira.\" \/>\n<meta name=\"robots\" content=\"index, follow, max-snippet:-1, max-image-preview:large, max-video-preview:-1\" \/>\n<link rel=\"canonical\" href=\"https:\/\/www.suno.com.br\/noticias\/radar-gerdau-ggbr4-bcff11-engie-egie3\/\" \/>\n<meta property=\"og:locale\" content=\"pt_BR\" \/>\n<meta property=\"og:type\" content=\"article\" \/>\n<meta property=\"og:title\" content=\"Radar: analistas dizem que a\u00e7\u00e3o da Gerdau (GGBR4) est\u00e1 bem descontada; BCFF11 garante dividendos e Engie (EGIE3) pagar\u00e1 R$ 1bilh\u00e3o em proventos\" \/>\n<meta property=\"og:description\" content=\"Analistas consideram que a\u00e7\u00f5es da Gerdau ser\u00e3o descontadas, BCFF11 garante dividendos e Engie pagar\u00e1 proventos. Confira.\" \/>\n<meta property=\"og:url\" content=\"https:\/\/www.suno.com.br\/noticias\/radar-gerdau-ggbr4-bcff11-engie-egie3\/\" \/>\n<meta property=\"og:site_name\" content=\"Suno Not\u00edcias\" \/>\n<meta property=\"article:publisher\" content=\"https:\/\/facebook.com\/sunoresearch\" \/>\n<meta property=\"og:image\" content=\"https:\/\/files.sunoresearch.com.br\/n\/uploads\/2019\/10\/abdbd765-gerdau.jpg\" \/>\n\t<meta property=\"og:image:width\" content=\"1891\" \/>\n\t<meta property=\"og:image:height\" content=\"1002\" \/>\n\t<meta property=\"og:image:type\" content=\"image\/jpeg\" \/>\n<meta name=\"author\" content=\"Isabella Taglapietra\" \/>\n<meta name=\"twitter:card\" content=\"summary_large_image\" \/>\n<meta name=\"twitter:creator\" content=\"@sunoresearch\" \/>\n<meta name=\"twitter:site\" content=\"@sunoresearch\" \/>\n<meta name=\"twitter:label1\" content=\"Escrito por\" \/>\n\t<meta name=\"twitter:data1\" content=\"Isabella Taglapietra\" \/>\n\t<meta name=\"twitter:label2\" content=\"Est. tempo de leitura\" \/>\n\t<meta name=\"twitter:data2\" content=\"14 minutos\" \/>\n<script type=\"application\/ld+json\" class=\"yoast-schema-graph\">{\"@context\":\"https:\/\/schema.org\",\"@graph\":[{\"@type\":\"NewsArticle\",\"@id\":\"https:\/\/www.suno.com.br\/noticias\/radar-gerdau-ggbr4-bcff11-engie-egie3\/#article\",\"isPartOf\":{\"@id\":\"https:\/\/www.suno.com.br\/noticias\/radar-gerdau-ggbr4-bcff11-engie-egie3\/\"},\"author\":{\"name\":\"Isabella Taglapietra\",\"@id\":\"https:\/\/www.suno.com.br\/noticias\/#\/schema\/person\/a0be106724f6f5d705d70f04333cb249\"},\"headline\":\"Radar: analistas dizem que a\u00e7\u00e3o da Gerdau (GGBR4) est\u00e1 bem descontada; BCFF11 garante dividendos e Engie (EGIE3) pagar\u00e1 R$ 1 bilh\u00e3o em proventos\",\"datePublished\":\"2022-11-22T01:43:25+00:00\",\"dateModified\":\"2022-11-22T01:54:36+00:00\",\"mainEntityOfPage\":{\"@id\":\"https:\/\/www.suno.com.br\/noticias\/radar-gerdau-ggbr4-bcff11-engie-egie3\/\"},\"wordCount\":2586,\"publisher\":{\"@id\":\"https:\/\/www.suno.com.br\/noticias\/#organization\"},\"image\":{\"@id\":\"https:\/\/www.suno.com.br\/noticias\/radar-gerdau-ggbr4-bcff11-engie-egie3\/#primaryimage\"},\"thumbnailUrl\":\"https:\/\/files.sunoresearch.com.br\/n\/uploads\/2019\/10\/abdbd765-gerdau-jpg.webp\",\"keywords\":[\"BCFF11\",\"DEVA11\",\"Disney (DISB34)\",\"Engie (EGIE3)\",\"Gerdau (GGBR3\/GGBR4)\"],\"articleSection\":[\"Neg\u00f3cios\"],\"inLanguage\":\"pt-BR\"},{\"@type\":\"WebPage\",\"@id\":\"https:\/\/www.suno.com.br\/noticias\/radar-gerdau-ggbr4-bcff11-engie-egie3\/\",\"url\":\"https:\/\/www.suno.com.br\/noticias\/radar-gerdau-ggbr4-bcff11-engie-egie3\/\",\"name\":\"Radar: analistas dizem que a\u00e7\u00e3o da Gerdau (GGBR4) est\u00e1 bem descontada; BCFF11 garante dividendos e Engie (EGIE3) pagar\u00e1 R$ 1bilh\u00e3o em proventos\",\"isPartOf\":{\"@id\":\"https:\/\/www.suno.com.br\/noticias\/#website\"},\"primaryImageOfPage\":{\"@id\":\"https:\/\/www.suno.com.br\/noticias\/radar-gerdau-ggbr4-bcff11-engie-egie3\/#primaryimage\"},\"image\":{\"@id\":\"https:\/\/www.suno.com.br\/noticias\/radar-gerdau-ggbr4-bcff11-engie-egie3\/#primaryimage\"},\"thumbnailUrl\":\"https:\/\/files.sunoresearch.com.br\/n\/uploads\/2019\/10\/abdbd765-gerdau-jpg.webp\",\"datePublished\":\"2022-11-22T01:43:25+00:00\",\"dateModified\":\"2022-11-22T01:54:36+00:00\",\"description\":\"Analistas consideram que a\u00e7\u00f5es da Gerdau ser\u00e3o descontadas, BCFF11 garante dividendos e Engie pagar\u00e1 proventos. Confira.\",\"breadcrumb\":{\"@id\":\"https:\/\/www.suno.com.br\/noticias\/radar-gerdau-ggbr4-bcff11-engie-egie3\/#breadcrumb\"},\"inLanguage\":\"pt-BR\",\"potentialAction\":[{\"@type\":\"ReadAction\",\"target\":[\"https:\/\/www.suno.com.br\/noticias\/radar-gerdau-ggbr4-bcff11-engie-egie3\/\"]}]},{\"@type\":\"ImageObject\",\"inLanguage\":\"pt-BR\",\"@id\":\"https:\/\/www.suno.com.br\/noticias\/radar-gerdau-ggbr4-bcff11-engie-egie3\/#primaryimage\",\"url\":\"https:\/\/files.sunoresearch.com.br\/n\/uploads\/2019\/10\/abdbd765-gerdau-jpg.webp\",\"contentUrl\":\"https:\/\/files.sunoresearch.com.br\/n\/uploads\/2019\/10\/abdbd765-gerdau-jpg.webp\",\"width\":1891,\"height\":1002,\"caption\":\"Metal\u00fargica Gerdau. Foto: Divulga\u00e7\u00e3o\"},{\"@type\":\"BreadcrumbList\",\"@id\":\"https:\/\/www.suno.com.br\/noticias\/radar-gerdau-ggbr4-bcff11-engie-egie3\/#breadcrumb\",\"itemListElement\":[{\"@type\":\"ListItem\",\"position\":1,\"name\":\"Not\u00edcias\",\"item\":\"https:\/\/www.suno.com.br\/noticias\/\"},{\"@type\":\"ListItem\",\"position\":2,\"name\":\"Neg\u00f3cios\",\"item\":\"https:\/\/www.suno.com.br\/noticias\/negocios\/\"},{\"@type\":\"ListItem\",\"position\":3,\"name\":\"Radar: analistas dizem que a\u00e7\u00e3o da Gerdau (GGBR4) est\u00e1 bem descontada; BCFF11 garante dividendos e Engie (EGIE3) pagar\u00e1 R$ 1 bilh\u00e3o em proventos\"}]},{\"@type\":\"WebSite\",\"@id\":\"https:\/\/www.suno.com.br\/noticias\/#website\",\"url\":\"https:\/\/www.suno.com.br\/noticias\/\",\"name\":\"Suno Not\u00edcias\",\"description\":\"Seu portal de informa\u00e7\u00e3o sobre o mundo dos investimentos\",\"publisher\":{\"@id\":\"https:\/\/www.suno.com.br\/noticias\/#organization\"},\"potentialAction\":[{\"@type\":\"SearchAction\",\"target\":{\"@type\":\"EntryPoint\",\"urlTemplate\":\"https:\/\/www.suno.com.br\/noticias\/?s={search_term_string}\"},\"query-input\":{\"@type\":\"PropertyValueSpecification\",\"valueRequired\":true,\"valueName\":\"search_term_string\"}}],\"inLanguage\":\"pt-BR\"},{\"@type\":\"Organization\",\"@id\":\"https:\/\/www.suno.com.br\/noticias\/#organization\",\"name\":\"Suno Not\u00edcias\",\"url\":\"https:\/\/www.suno.com.br\/noticias\/\",\"logo\":{\"@type\":\"ImageObject\",\"inLanguage\":\"pt-BR\",\"@id\":\"https:\/\/www.suno.com.br\/noticias\/#\/schema\/logo\/image\/\",\"url\":\"https:\/\/files.sunoresearch.com.br\/n\/uploads\/2021\/09\/suno-logo.png\",\"contentUrl\":\"https:\/\/files.sunoresearch.com.br\/n\/uploads\/2021\/09\/suno-logo.png\",\"width\":180,\"height\":180,\"caption\":\"Suno Not\u00edcias\"},\"image\":{\"@id\":\"https:\/\/www.suno.com.br\/noticias\/#\/schema\/logo\/image\/\"},\"sameAs\":[\"https:\/\/facebook.com\/sunoresearch\",\"https:\/\/x.com\/sunoresearch\",\"https:\/\/www.instagram.com\/suno\",\"https:\/\/www.linkedin.com\/company\/suno-research\/\",\"https:\/\/www.youtube.com\/c\/sunoresearch\"]},{\"@type\":\"Person\",\"@id\":\"https:\/\/www.suno.com.br\/noticias\/#\/schema\/person\/a0be106724f6f5d705d70f04333cb249\",\"name\":\"Isabella Taglapietra\",\"image\":{\"@type\":\"ImageObject\",\"inLanguage\":\"pt-BR\",\"@id\":\"https:\/\/www.suno.com.br\/noticias\/#\/schema\/person\/image\/\",\"url\":\"https:\/\/secure.gravatar.com\/avatar\/089c9e06b71de293117116aaf339e22f?s=96&r=g\",\"contentUrl\":\"https:\/\/secure.gravatar.com\/avatar\/089c9e06b71de293117116aaf339e22f?s=96&r=g\",\"caption\":\"Isabella Taglapietra\"},\"description\":\"Rep\u00f3rter freelancer no Suno Not\u00edcias, cobre not\u00edcias di\u00e1rias sobre economia, balan\u00e7os trimestrais e pesquisas. Formada em jornalismo pela Faculdade C\u00e1sper L\u00edbero e p\u00f3s-graduanda em mercado de capitais pela Fecap, atuou como rep\u00f3rter de economia e finan\u00e7as no portal CRC!News e Elas que Lucrem, al\u00e9m de social media para empresas do mercado financeiro.\",\"url\":\"https:\/\/www.suno.com.br\/noticias\/author\/isabella-taglapietra\/\"}]}<\/script>\n<!-- \/ Yoast SEO plugin. -->","yoast_head_json":{"title":"Radar: analistas dizem que a\u00e7\u00e3o da Gerdau (GGBR4) est\u00e1 bem descontada; BCFF11 garante dividendos e Engie (EGIE3) pagar\u00e1 R$ 1bilh\u00e3o em proventos","description":"Analistas consideram que a\u00e7\u00f5es da Gerdau ser\u00e3o descontadas, BCFF11 garante dividendos e Engie pagar\u00e1 proventos. Confira.","robots":{"index":"index","follow":"follow","max-snippet":"max-snippet:-1","max-image-preview":"max-image-preview:large","max-video-preview":"max-video-preview:-1"},"canonical":"https:\/\/www.suno.com.br\/noticias\/radar-gerdau-ggbr4-bcff11-engie-egie3\/","og_locale":"pt_BR","og_type":"article","og_title":"Radar: analistas dizem que a\u00e7\u00e3o da Gerdau (GGBR4) est\u00e1 bem descontada; BCFF11 garante dividendos e Engie (EGIE3) pagar\u00e1 R$ 1bilh\u00e3o em proventos","og_description":"Analistas consideram que a\u00e7\u00f5es da Gerdau ser\u00e3o descontadas, BCFF11 garante dividendos e Engie pagar\u00e1 proventos. Confira.","og_url":"https:\/\/www.suno.com.br\/noticias\/radar-gerdau-ggbr4-bcff11-engie-egie3\/","og_site_name":"Suno Not\u00edcias","article_publisher":"https:\/\/facebook.com\/sunoresearch","og_image":[{"width":1891,"height":1002,"url":"https:\/\/files.sunoresearch.com.br\/n\/uploads\/2019\/10\/abdbd765-gerdau.jpg","type":"image\/jpeg"}],"author":"Isabella Taglapietra","twitter_card":"summary_large_image","twitter_creator":"@sunoresearch","twitter_site":"@sunoresearch","twitter_misc":{"Escrito por":"Isabella Taglapietra","Est. tempo de leitura":"14 minutos"},"schema":{"@context":"https:\/\/schema.org","@graph":[{"@type":"NewsArticle","@id":"https:\/\/www.suno.com.br\/noticias\/radar-gerdau-ggbr4-bcff11-engie-egie3\/#article","isPartOf":{"@id":"https:\/\/www.suno.com.br\/noticias\/radar-gerdau-ggbr4-bcff11-engie-egie3\/"},"author":{"name":"Isabella Taglapietra","@id":"https:\/\/www.suno.com.br\/noticias\/#\/schema\/person\/a0be106724f6f5d705d70f04333cb249"},"headline":"Radar: analistas dizem que a\u00e7\u00e3o da Gerdau (GGBR4) est\u00e1 bem descontada; BCFF11 garante dividendos e Engie (EGIE3) pagar\u00e1 R$ 1 bilh\u00e3o em proventos","datePublished":"2022-11-22T01:43:25+00:00","dateModified":"2022-11-22T01:54:36+00:00","mainEntityOfPage":{"@id":"https:\/\/www.suno.com.br\/noticias\/radar-gerdau-ggbr4-bcff11-engie-egie3\/"},"wordCount":2586,"publisher":{"@id":"https:\/\/www.suno.com.br\/noticias\/#organization"},"image":{"@id":"https:\/\/www.suno.com.br\/noticias\/radar-gerdau-ggbr4-bcff11-engie-egie3\/#primaryimage"},"thumbnailUrl":"https:\/\/files.sunoresearch.com.br\/n\/uploads\/2019\/10\/abdbd765-gerdau-jpg.webp","keywords":["BCFF11","DEVA11","Disney (DISB34)","Engie (EGIE3)","Gerdau (GGBR3\/GGBR4)"],"articleSection":["Neg\u00f3cios"],"inLanguage":"pt-BR"},{"@type":"WebPage","@id":"https:\/\/www.suno.com.br\/noticias\/radar-gerdau-ggbr4-bcff11-engie-egie3\/","url":"https:\/\/www.suno.com.br\/noticias\/radar-gerdau-ggbr4-bcff11-engie-egie3\/","name":"Radar: analistas dizem que a\u00e7\u00e3o da Gerdau (GGBR4) est\u00e1 bem descontada; BCFF11 garante dividendos e Engie (EGIE3) pagar\u00e1 R$ 1bilh\u00e3o em proventos","isPartOf":{"@id":"https:\/\/www.suno.com.br\/noticias\/#website"},"primaryImageOfPage":{"@id":"https:\/\/www.suno.com.br\/noticias\/radar-gerdau-ggbr4-bcff11-engie-egie3\/#primaryimage"},"image":{"@id":"https:\/\/www.suno.com.br\/noticias\/radar-gerdau-ggbr4-bcff11-engie-egie3\/#primaryimage"},"thumbnailUrl":"https:\/\/files.sunoresearch.com.br\/n\/uploads\/2019\/10\/abdbd765-gerdau-jpg.webp","datePublished":"2022-11-22T01:43:25+00:00","dateModified":"2022-11-22T01:54:36+00:00","description":"Analistas consideram que a\u00e7\u00f5es da Gerdau ser\u00e3o descontadas, BCFF11 garante dividendos e Engie pagar\u00e1 proventos. Confira.","breadcrumb":{"@id":"https:\/\/www.suno.com.br\/noticias\/radar-gerdau-ggbr4-bcff11-engie-egie3\/#breadcrumb"},"inLanguage":"pt-BR","potentialAction":[{"@type":"ReadAction","target":["https:\/\/www.suno.com.br\/noticias\/radar-gerdau-ggbr4-bcff11-engie-egie3\/"]}]},{"@type":"ImageObject","inLanguage":"pt-BR","@id":"https:\/\/www.suno.com.br\/noticias\/radar-gerdau-ggbr4-bcff11-engie-egie3\/#primaryimage","url":"https:\/\/files.sunoresearch.com.br\/n\/uploads\/2019\/10\/abdbd765-gerdau-jpg.webp","contentUrl":"https:\/\/files.sunoresearch.com.br\/n\/uploads\/2019\/10\/abdbd765-gerdau-jpg.webp","width":1891,"height":1002,"caption":"Metal\u00fargica Gerdau. Foto: Divulga\u00e7\u00e3o"},{"@type":"BreadcrumbList","@id":"https:\/\/www.suno.com.br\/noticias\/radar-gerdau-ggbr4-bcff11-engie-egie3\/#breadcrumb","itemListElement":[{"@type":"ListItem","position":1,"name":"Not\u00edcias","item":"https:\/\/www.suno.com.br\/noticias\/"},{"@type":"ListItem","position":2,"name":"Neg\u00f3cios","item":"https:\/\/www.suno.com.br\/noticias\/negocios\/"},{"@type":"ListItem","position":3,"name":"Radar: analistas dizem que a\u00e7\u00e3o da Gerdau (GGBR4) est\u00e1 bem descontada; BCFF11 garante dividendos e Engie (EGIE3) pagar\u00e1 R$ 1 bilh\u00e3o em proventos"}]},{"@type":"WebSite","@id":"https:\/\/www.suno.com.br\/noticias\/#website","url":"https:\/\/www.suno.com.br\/noticias\/","name":"Suno Not\u00edcias","description":"Seu portal de informa\u00e7\u00e3o sobre o mundo dos investimentos","publisher":{"@id":"https:\/\/www.suno.com.br\/noticias\/#organization"},"potentialAction":[{"@type":"SearchAction","target":{"@type":"EntryPoint","urlTemplate":"https:\/\/www.suno.com.br\/noticias\/?s={search_term_string}"},"query-input":{"@type":"PropertyValueSpecification","valueRequired":true,"valueName":"search_term_string"}}],"inLanguage":"pt-BR"},{"@type":"Organization","@id":"https:\/\/www.suno.com.br\/noticias\/#organization","name":"Suno Not\u00edcias","url":"https:\/\/www.suno.com.br\/noticias\/","logo":{"@type":"ImageObject","inLanguage":"pt-BR","@id":"https:\/\/www.suno.com.br\/noticias\/#\/schema\/logo\/image\/","url":"https:\/\/files.sunoresearch.com.br\/n\/uploads\/2021\/09\/suno-logo.png","contentUrl":"https:\/\/files.sunoresearch.com.br\/n\/uploads\/2021\/09\/suno-logo.png","width":180,"height":180,"caption":"Suno Not\u00edcias"},"image":{"@id":"https:\/\/www.suno.com.br\/noticias\/#\/schema\/logo\/image\/"},"sameAs":["https:\/\/facebook.com\/sunoresearch","https:\/\/x.com\/sunoresearch","https:\/\/www.instagram.com\/suno","https:\/\/www.linkedin.com\/company\/suno-research\/","https:\/\/www.youtube.com\/c\/sunoresearch"]},{"@type":"Person","@id":"https:\/\/www.suno.com.br\/noticias\/#\/schema\/person\/a0be106724f6f5d705d70f04333cb249","name":"Isabella Taglapietra","image":{"@type":"ImageObject","inLanguage":"pt-BR","@id":"https:\/\/www.suno.com.br\/noticias\/#\/schema\/person\/image\/","url":"https:\/\/secure.gravatar.com\/avatar\/089c9e06b71de293117116aaf339e22f?s=96&r=g","contentUrl":"https:\/\/secure.gravatar.com\/avatar\/089c9e06b71de293117116aaf339e22f?s=96&r=g","caption":"Isabella Taglapietra"},"description":"Rep\u00f3rter freelancer no Suno Not\u00edcias, cobre not\u00edcias di\u00e1rias sobre economia, balan\u00e7os trimestrais e pesquisas. Formada em jornalismo pela Faculdade C\u00e1sper L\u00edbero e p\u00f3s-graduanda em mercado de capitais pela Fecap, atuou como rep\u00f3rter de economia e finan\u00e7as no portal CRC!News e Elas que Lucrem, al\u00e9m de social media para empresas do mercado financeiro.","url":"https:\/\/www.suno.com.br\/noticias\/author\/isabella-taglapietra\/"}]}},"default_loop_html":"<div class=\"cardsPage__listCard__boxs\"><div class=\"cardsPage__listCard__boxs__img\"><a href=\"https:\/\/www.suno.com.br\/noticias\/radar-gerdau-ggbr4-bcff11-engie-egie3\/\"><img class=\"mask\" src=\"https:\/\/www.suno.com.br\/noticias\/wp-content\/themes\/suno\/resources\/images\/spotlight\/spotlight1img\/bg-mask.png\" alt=\"Image Mask\"\/><img src=\"https:\/\/files.sunoresearch.com.br\/n\/uploads\/2019\/10\/abdbd765-gerdau-400x200.webp\" alt=\"Radar: analistas dizem que a\u00e7\u00e3o da Gerdau (GGBR4) est\u00e1 bem descontada; BCFF11 garante dividendos e Engie (EGIE3) pagar\u00e1 R$ 1 bilh\u00e3o em proventos\"\/><\/a><span class=\"spotlightCategory\"><a href=\"https:\/\/www.suno.com.br\/noticias\/negocios\/\">Neg\u00f3cios<\/a><\/span><\/div><div class=\"cardsPage__listCard__boxs__content\"><a href=\"https:\/\/www.suno.com.br\/noticias\/radar-gerdau-ggbr4-bcff11-engie-egie3\/\"><h2 class=\"content__title\">Radar: analistas dizem que a\u00e7\u00e3o da Gerdau (GGBR4) est\u00e1 bem descontada; BCFF11 garante dividendos e Engie (EGIE3) pagar\u00e1 R$ 1 bilh\u00e3o em proventos<\/h2><\/a><div class=\"newsContent__article__meta\"><div class=\"newsContent__article__meta__authorBox\"><a href=\"https:\/\/www.suno.com.br\/noticias\/author\/isabella-taglapietra\/\" class=\"authorBox__avatar noMobi\"><img src=\"https:\/\/files.sunoresearch.com.br\/n\/uploads\/2022\/08\/WhatsApp-Image-2022-08-04-at-12.40.27-150x150.jpeg\" alt=\"Isabella Taglapietra\"><\/a><div class=\"authorBox__name\"><span>por\n\t\t\t<a href=\"https:\/\/www.suno.com.br\/noticias\/author\/isabella-taglapietra\/\"><span itemprop=\"author\">Isabella Taglapietra<\/span><\/a><\/span><time datetime=\"2022-11-21T22:43:25-03:00\" itemprop=\"datePublished\">21\/11\/2022 22:43<\/time><\/div><\/div><\/div><\/div><\/div>","single_layout":"posts","amp_enabled":true,"_links":{"self":[{"href":"https:\/\/www.suno.com.br\/noticias\/wp-json\/wp\/v2\/posts\/321165"}],"collection":[{"href":"https:\/\/www.suno.com.br\/noticias\/wp-json\/wp\/v2\/posts"}],"about":[{"href":"https:\/\/www.suno.com.br\/noticias\/wp-json\/wp\/v2\/types\/post"}],"author":[{"embeddable":true,"href":"https:\/\/www.suno.com.br\/noticias\/wp-json\/wp\/v2\/users\/194"}],"replies":[{"embeddable":true,"href":"https:\/\/www.suno.com.br\/noticias\/wp-json\/wp\/v2\/comments?post=321165"}],"version-history":[{"count":3,"href":"https:\/\/www.suno.com.br\/noticias\/wp-json\/wp\/v2\/posts\/321165\/revisions"}],"predecessor-version":[{"id":321254,"href":"https:\/\/www.suno.com.br\/noticias\/wp-json\/wp\/v2\/posts\/321165\/revisions\/321254"}],"wp:featuredmedia":[{"embeddable":true,"href":"https:\/\/www.suno.com.br\/noticias\/wp-json\/wp\/v2\/media\/42993"}],"wp:attachment":[{"href":"https:\/\/www.suno.com.br\/noticias\/wp-json\/wp\/v2\/media?parent=321165"}],"wp:term":[{"taxonomy":"category","embeddable":true,"href":"https:\/\/www.suno.com.br\/noticias\/wp-json\/wp\/v2\/categories?post=321165"},{"taxonomy":"post_tag","embeddable":true,"href":"https:\/\/www.suno.com.br\/noticias\/wp-json\/wp\/v2\/tags?post=321165"},{"taxonomy":"suno_strategy","embeddable":true,"href":"https:\/\/www.suno.com.br\/noticias\/wp-json\/wp\/v2\/suno_strategy?post=321165"}],"curies":[{"name":"wp","href":"https:\/\/api.w.org\/{rel}","templated":true}]}}