{"id":32107,"date":"2019-07-25T09:32:09","date_gmt":"2019-07-25T12:32:09","guid":{"rendered":"https:\/\/www.suno.com.br\/noticias\/?p=32107"},"modified":"2021-02-17T22:43:39","modified_gmt":"2021-02-18T01:43:39","slug":"25-07-2019-dolar","status":"publish","type":"post","link":"https:\/\/www.suno.com.br\/noticias\/25-07-2019-dolar\/","title":{"rendered":"D\u00f3lar inicia em queda com poss\u00edvel corte de juros do BCE"},"content":{"rendered":"<p>O d\u00f3lar opera em queda nesta quinta-feira (25) com a possibilidade de um an\u00fancio oficial do corte de juros do <strong>Banco Central Europeu <\/strong>e ap\u00f3s a divulga\u00e7\u00e3o das novas regras do <strong>FGTS<\/strong>.<\/p>\t<div class=\"wrapper-featured-image\">\n\t\t<figure class=\"spotlightImg\">\n\n\t\t\t<picture>\n\t\t\t\t<source media=\"(max-width: 768px)\" srcset=\"https:\/\/files.sunoresearch.com.br\/n\/uploads\/2019\/06\/8299ab98-d\u00f3lar-400x200.webp\">\n\t\t\t\t<img loading=\"lazy\" decoding=\"async\" class=\"newsContent__article__imgCapa lazyloadDisabled newsContent__article__imgCapa--noCaption\" src=\"https:\/\/files.sunoresearch.com.br\/n\/uploads\/2019\/06\/8299ab98-d\u00f3lar-800x450.webp\" width=\"800\" height=\"450\" alt=\"D\u00f3lar inicia em queda com poss\u00edvel corte de juros do BCE\" fetchpriority=high \/>\n\t\t\t<\/picture>\n\n\t\t\t<figcaption class=\"wp-caption-text wp-caption-text--hide\">A cota\u00e7\u00e3o do d\u00f3lar hoje refletiu a cautela em rela\u00e7\u00e3o ao cen\u00e1rio fiscal brasileiro<\/figcaption>\n\t\t<\/figure>\n\t<\/div>\n\n\n<p>Por volta das 9h10, o <strong><a href=\"https:\/\/www.suno.com.br\/artigos\/queda-dolar\/\">d\u00f3lar<\/a><\/strong> registrava queda de <span class=\"ng-binding\">-0,172<\/span>\u00a0<label class=\"percent\">%<\/label> sendo negociado a R$ 3,7626. Al\u00e9m dos cortes de juros internacionais, o mercado segue atento ao CDS, que caiu para 125 pontos-base no Brasil.<\/p>\n\t<p>\n\t\t<a href=\"https:\/\/lp.suno.com.br\/plataforma-de-controle-de-investimentos\/\" target=\"_blank\" data-element=\"shortcode-suno-banner\" title=\"Banner SUNO, clique e saiba mais\">\n\t\t\t<picture>\n\t\t\t\t<source media=\"(max-width: 500px)\" srcset=\"https:\/\/files.sunoresearch.com.br\/n\/uploads\/2023\/03\/400x300-Controle-de-Investimentos.png\">\n\t\t\t\t<img class=\"newsContent__article__imgCapa newsContent__article__imgCapa--banner\"\n\t\t\t\t\tsrc=\"https:\/\/files.sunoresearch.com.br\/n\/uploads\/2023\/03\/1420x240-Controle-de-Investimentos.png\"\n\t\t\t\t\tdata-promo-id=\"383162\"\t\t\t\t\t\t\t\t\t\twidth='1420' height='240'\t\t\t\t\talt=\"https:\/\/files.sunoresearch.com.br\/n\/uploads\/2023\/03\/1420x240-Controle-de-Investimentos.png\"\n\t\t\t\t>\n\t\t\t<\/picture>\n\t\t<\/a>\n\t<\/p>\n\n\n<h2>Corte de juros do BCE<\/h2>\n<p>Nesta quinta-feira (25), o <strong>Banco Central Europeu<\/strong> ir\u00e1 tomar uma decis\u00e3o pol\u00edtica monet\u00e1ria. O BC deve fazer um corte de 0,10 ponto percentual em sua taxa de juros.<\/p>\n<p>A expectativa dos investidores \u00e9 que o <strong>BCE<\/strong> fa\u00e7a um corte na taxa de juros. Sendo assim, outros Bancos Centrais ir\u00e3o tomar decis\u00f5es tamb\u00e9m nos pr\u00f3ximos dias.<\/p>\n<p><a href=\"\/\/www.suno.com.br\/noticias\/fed-cortar-taxas-dificuldade-economica-williams\/\">Veja tamb\u00e9m: Fed deve cortar taxas ao primeiro sinal de dificuldade econ\u00f4mica, diz Williams<\/a><\/p>\n<p>Por sua vez, a reuni\u00e3o que definir\u00e1 a taxa de juros dos EUA (Fed) ocorrer\u00e1 no final deste m\u00eas, nos dias 30 e 31. A expectativa do mercado \u00e9 de que o corte de juros seja de 0,25 ponto percentual.<\/p>\n<h2>FGTS<\/h2>\n<p>\u00c0s 16h da \u00faltima quarta-feira (24), o governo fez o an\u00fancio das novas regras para o saques do FGTS.<\/p>\n<p>O governo federal ir\u00e1 liberar R$ 42 bilh\u00f5es para saques do <a href=\"https:\/\/www.suno.com.br\/artigos\/fgts\/\">Fundo de Garantia do Tempo de Servi\u00e7o<\/a> (FGTS) e do <strong>PIS\/Pasep<\/strong>. A Medida Provis\u00f3ria (MP) foi assinada na tarde da \u00faltima quarta, pelo presidente <strong>Jair Bolsonaro<\/strong>.<\/p>\n<h2>Custo do Swap de Default de Cr\u00e9dito cai para 125 pontos-base<\/h2>\n<p>A medida de risco de n\u00e3o pagamento de d\u00edvidas do Brasil caiu para 125 pontos-base. Os dados foram divulgados pela provedora global de informa\u00e7\u00f5es, sediada em Londres, Markit, na manh\u00e3 desta quinta-feira (25).<\/p>\n<p>Se o <strong>CDS<\/strong> (Custo do Swap de Default de Cr\u00e9dito) encerrar o dia com essa pontua\u00e7\u00e3o, ser\u00e1 a menor marca em quase cinco anos. A \u00faltima vez que registrou esse valo foi em setembro de 2014. Um ano antes disso, o indicador marcava 121 pontos.<\/p>\n<p>Com um menor risco de calote do Brasil, mais investidores s\u00e3o atra\u00eddos para o Pa\u00eds.<\/p>\n<h2>\u00daltima cota\u00e7\u00e3o do d\u00f3lar<\/h2>\n<p>Na \u00faltima sess\u00e3o, na quarta-feira (24), o <strong>d\u00f3lar<\/strong> encerrou em queda de -0,101% sendo cotado a R$ 3,7691 na venda.<\/p>\n","protected":false},"excerpt":{"rendered":"<p>O d\u00f3lar opera em queda nesta quinta-feira (25) com a possibilidade de um an\u00fancio oficial do corte de juros do Banco Central Europeu e ap\u00f3s a divulga\u00e7\u00e3o das novas regras do FGTS. A cota\u00e7\u00e3o do d\u00f3lar hoje refletiu a cautela em rela\u00e7\u00e3o ao cen\u00e1rio fiscal brasileiro Por volta das 9h10, o d\u00f3lar registrava queda de [&hellip;]<\/p>\n","protected":false},"author":19,"featured_media":28238,"comment_status":"closed","ping_status":"closed","sticky":false,"template":"","format":"standard","meta":[],"categories":[60],"tags":[863,326,910],"suno_strategy":[],"class_list":["post-32107","post","type-post","status-publish","format-standard","has-post-thumbnail","hentry","category-mercado","tag-banco-central-europeu-bce","tag-dolar","tag-fgts"],"yoast_head":"<!-- This site is optimized with the Yoast SEO plugin v24.4 - https:\/\/yoast.com\/wordpress\/plugins\/seo\/ -->\n<title>D\u00f3lar inicia em queda com poss\u00edvel corte de juros do BCE<\/title>\n<meta name=\"description\" content=\"O d\u00f3lar opera em queda nesta quinta-feira (25) com a possibilidade de um an\u00fancio oficial do corte de juros do BCE. Saiba mais.\" \/>\n<meta name=\"robots\" content=\"index, follow, max-snippet:-1, max-image-preview:large, max-video-preview:-1\" \/>\n<link rel=\"canonical\" href=\"https:\/\/www.suno.com.br\/noticias\/25-07-2019-dolar\/\" \/>\n<meta property=\"og:locale\" content=\"pt_BR\" \/>\n<meta property=\"og:type\" content=\"article\" \/>\n<meta property=\"og:title\" content=\"D\u00f3lar inicia em queda com poss\u00edvel corte de juros do BCE\" \/>\n<meta property=\"og:description\" content=\"O d\u00f3lar opera em queda nesta quinta-feira (25) com a possibilidade de um an\u00fancio oficial do corte de juros do BCE. Saiba mais.\" \/>\n<meta property=\"og:url\" content=\"https:\/\/www.suno.com.br\/noticias\/25-07-2019-dolar\/\" \/>\n<meta property=\"og:site_name\" content=\"Suno Not\u00edcias\" \/>\n<meta property=\"article:publisher\" content=\"https:\/\/facebook.com\/sunoresearch\" \/>\n<meta property=\"og:image\" content=\"https:\/\/files.sunoresearch.com.br\/n\/uploads\/2019\/06\/8299ab98-d\u00f3lar.jpg\" \/>\n\t<meta property=\"og:image:width\" content=\"800\" \/>\n\t<meta property=\"og:image:height\" content=\"533\" \/>\n\t<meta property=\"og:image:type\" content=\"image\/jpeg\" \/>\n<meta name=\"author\" content=\"Juliano Passaro\" \/>\n<meta name=\"twitter:card\" content=\"summary_large_image\" \/>\n<meta name=\"twitter:creator\" content=\"@sunoresearch\" \/>\n<meta name=\"twitter:site\" content=\"@sunoresearch\" \/>\n<meta name=\"twitter:label1\" content=\"Escrito por\" \/>\n\t<meta name=\"twitter:data1\" content=\"Juliano Passaro\" \/>\n\t<meta name=\"twitter:label2\" content=\"Est. tempo de leitura\" \/>\n\t<meta name=\"twitter:data2\" content=\"2 minutos\" \/>\n<script type=\"application\/ld+json\" class=\"yoast-schema-graph\">{\"@context\":\"https:\/\/schema.org\",\"@graph\":[{\"@type\":\"NewsArticle\",\"@id\":\"https:\/\/www.suno.com.br\/noticias\/25-07-2019-dolar\/#article\",\"isPartOf\":{\"@id\":\"https:\/\/www.suno.com.br\/noticias\/25-07-2019-dolar\/\"},\"author\":{\"name\":\"Juliano Passaro\",\"@id\":\"https:\/\/www.suno.com.br\/noticias\/#\/schema\/person\/1db762f78ffd8919a648a63e425953e3\"},\"headline\":\"D\u00f3lar inicia em queda com poss\u00edvel corte de juros do BCE\",\"datePublished\":\"2019-07-25T12:32:09+00:00\",\"dateModified\":\"2021-02-18T01:43:39+00:00\",\"mainEntityOfPage\":{\"@id\":\"https:\/\/www.suno.com.br\/noticias\/25-07-2019-dolar\/\"},\"wordCount\":398,\"publisher\":{\"@id\":\"https:\/\/www.suno.com.br\/noticias\/#organization\"},\"image\":{\"@id\":\"https:\/\/www.suno.com.br\/noticias\/25-07-2019-dolar\/#primaryimage\"},\"thumbnailUrl\":\"https:\/\/files.sunoresearch.com.br\/n\/uploads\/2019\/06\/8299ab98-d\u00f3lar-jpg.webp\",\"keywords\":[\"Banco Central Europeu (BCE)\",\"d\u00f3lar\",\"FGTS\"],\"articleSection\":[\"Mercado\"],\"inLanguage\":\"pt-BR\"},{\"@type\":\"WebPage\",\"@id\":\"https:\/\/www.suno.com.br\/noticias\/25-07-2019-dolar\/\",\"url\":\"https:\/\/www.suno.com.br\/noticias\/25-07-2019-dolar\/\",\"name\":\"D\u00f3lar inicia em queda com poss\u00edvel corte de juros do BCE\",\"isPartOf\":{\"@id\":\"https:\/\/www.suno.com.br\/noticias\/#website\"},\"primaryImageOfPage\":{\"@id\":\"https:\/\/www.suno.com.br\/noticias\/25-07-2019-dolar\/#primaryimage\"},\"image\":{\"@id\":\"https:\/\/www.suno.com.br\/noticias\/25-07-2019-dolar\/#primaryimage\"},\"thumbnailUrl\":\"https:\/\/files.sunoresearch.com.br\/n\/uploads\/2019\/06\/8299ab98-d\u00f3lar-jpg.webp\",\"datePublished\":\"2019-07-25T12:32:09+00:00\",\"dateModified\":\"2021-02-18T01:43:39+00:00\",\"description\":\"O d\u00f3lar opera em queda nesta quinta-feira (25) com a possibilidade de um an\u00fancio oficial do corte de juros do BCE. Saiba mais.\",\"breadcrumb\":{\"@id\":\"https:\/\/www.suno.com.br\/noticias\/25-07-2019-dolar\/#breadcrumb\"},\"inLanguage\":\"pt-BR\",\"potentialAction\":[{\"@type\":\"ReadAction\",\"target\":[\"https:\/\/www.suno.com.br\/noticias\/25-07-2019-dolar\/\"]}]},{\"@type\":\"ImageObject\",\"inLanguage\":\"pt-BR\",\"@id\":\"https:\/\/www.suno.com.br\/noticias\/25-07-2019-dolar\/#primaryimage\",\"url\":\"https:\/\/files.sunoresearch.com.br\/n\/uploads\/2019\/06\/8299ab98-d\u00f3lar-jpg.webp\",\"contentUrl\":\"https:\/\/files.sunoresearch.com.br\/n\/uploads\/2019\/06\/8299ab98-d\u00f3lar-jpg.webp\",\"width\":800,\"height\":533,\"caption\":\"A cota\u00e7\u00e3o do d\u00f3lar hoje refletiu a cautela em rela\u00e7\u00e3o ao cen\u00e1rio fiscal brasileiro\"},{\"@type\":\"BreadcrumbList\",\"@id\":\"https:\/\/www.suno.com.br\/noticias\/25-07-2019-dolar\/#breadcrumb\",\"itemListElement\":[{\"@type\":\"ListItem\",\"position\":1,\"name\":\"Not\u00edcias\",\"item\":\"https:\/\/www.suno.com.br\/noticias\/\"},{\"@type\":\"ListItem\",\"position\":2,\"name\":\"Mercado\",\"item\":\"https:\/\/www.suno.com.br\/noticias\/mercado\/\"},{\"@type\":\"ListItem\",\"position\":3,\"name\":\"D\u00f3lar inicia em queda com poss\u00edvel corte de juros do BCE\"}]},{\"@type\":\"WebSite\",\"@id\":\"https:\/\/www.suno.com.br\/noticias\/#website\",\"url\":\"https:\/\/www.suno.com.br\/noticias\/\",\"name\":\"Suno Not\u00edcias\",\"description\":\"Seu portal de informa\u00e7\u00e3o sobre o mundo dos investimentos\",\"publisher\":{\"@id\":\"https:\/\/www.suno.com.br\/noticias\/#organization\"},\"potentialAction\":[{\"@type\":\"SearchAction\",\"target\":{\"@type\":\"EntryPoint\",\"urlTemplate\":\"https:\/\/www.suno.com.br\/noticias\/?s={search_term_string}\"},\"query-input\":{\"@type\":\"PropertyValueSpecification\",\"valueRequired\":true,\"valueName\":\"search_term_string\"}}],\"inLanguage\":\"pt-BR\"},{\"@type\":\"Organization\",\"@id\":\"https:\/\/www.suno.com.br\/noticias\/#organization\",\"name\":\"Suno Not\u00edcias\",\"url\":\"https:\/\/www.suno.com.br\/noticias\/\",\"logo\":{\"@type\":\"ImageObject\",\"inLanguage\":\"pt-BR\",\"@id\":\"https:\/\/www.suno.com.br\/noticias\/#\/schema\/logo\/image\/\",\"url\":\"https:\/\/files.sunoresearch.com.br\/n\/uploads\/2021\/09\/suno-logo.png\",\"contentUrl\":\"https:\/\/files.sunoresearch.com.br\/n\/uploads\/2021\/09\/suno-logo.png\",\"width\":180,\"height\":180,\"caption\":\"Suno Not\u00edcias\"},\"image\":{\"@id\":\"https:\/\/www.suno.com.br\/noticias\/#\/schema\/logo\/image\/\"},\"sameAs\":[\"https:\/\/facebook.com\/sunoresearch\",\"https:\/\/x.com\/sunoresearch\",\"https:\/\/www.instagram.com\/suno\",\"https:\/\/www.linkedin.com\/company\/suno-research\/\",\"https:\/\/www.youtube.com\/c\/sunoresearch\"]},{\"@type\":\"Person\",\"@id\":\"https:\/\/www.suno.com.br\/noticias\/#\/schema\/person\/1db762f78ffd8919a648a63e425953e3\",\"name\":\"Juliano Passaro\",\"image\":{\"@type\":\"ImageObject\",\"inLanguage\":\"pt-BR\",\"@id\":\"https:\/\/www.suno.com.br\/noticias\/#\/schema\/person\/image\/\",\"url\":\"https:\/\/secure.gravatar.com\/avatar\/743d4df28eebf6dcc46b4ad03c319e92?s=96&r=g\",\"contentUrl\":\"https:\/\/secure.gravatar.com\/avatar\/743d4df28eebf6dcc46b4ad03c319e92?s=96&r=g\",\"caption\":\"Juliano Passaro\"},\"description\":\"Juliano Passaro escreve sobre pol\u00edtica, economia e neg\u00f3cios para o portal da Suno Research. Antes da Suno, trabalhou no Portal da Band. \u00c9 formado em jornalismo pela Universidade Presbiteriana Mackenzie.\",\"url\":\"https:\/\/www.suno.com.br\/noticias\/author\/juliano\/\"}]}<\/script>\n<!-- \/ Yoast SEO plugin. -->","yoast_head_json":{"title":"D\u00f3lar inicia em queda com poss\u00edvel corte de juros do BCE","description":"O d\u00f3lar opera em queda nesta quinta-feira (25) com a possibilidade de um an\u00fancio oficial do corte de juros do BCE. Saiba mais.","robots":{"index":"index","follow":"follow","max-snippet":"max-snippet:-1","max-image-preview":"max-image-preview:large","max-video-preview":"max-video-preview:-1"},"canonical":"https:\/\/www.suno.com.br\/noticias\/25-07-2019-dolar\/","og_locale":"pt_BR","og_type":"article","og_title":"D\u00f3lar inicia em queda com poss\u00edvel corte de juros do BCE","og_description":"O d\u00f3lar opera em queda nesta quinta-feira (25) com a possibilidade de um an\u00fancio oficial do corte de juros do BCE. Saiba mais.","og_url":"https:\/\/www.suno.com.br\/noticias\/25-07-2019-dolar\/","og_site_name":"Suno Not\u00edcias","article_publisher":"https:\/\/facebook.com\/sunoresearch","og_image":[{"width":800,"height":533,"url":"https:\/\/files.sunoresearch.com.br\/n\/uploads\/2019\/06\/8299ab98-d\u00f3lar.jpg","type":"image\/jpeg"}],"author":"Juliano Passaro","twitter_card":"summary_large_image","twitter_creator":"@sunoresearch","twitter_site":"@sunoresearch","twitter_misc":{"Escrito por":"Juliano Passaro","Est. tempo de leitura":"2 minutos"},"schema":{"@context":"https:\/\/schema.org","@graph":[{"@type":"NewsArticle","@id":"https:\/\/www.suno.com.br\/noticias\/25-07-2019-dolar\/#article","isPartOf":{"@id":"https:\/\/www.suno.com.br\/noticias\/25-07-2019-dolar\/"},"author":{"name":"Juliano Passaro","@id":"https:\/\/www.suno.com.br\/noticias\/#\/schema\/person\/1db762f78ffd8919a648a63e425953e3"},"headline":"D\u00f3lar inicia em queda com poss\u00edvel corte de juros do BCE","datePublished":"2019-07-25T12:32:09+00:00","dateModified":"2021-02-18T01:43:39+00:00","mainEntityOfPage":{"@id":"https:\/\/www.suno.com.br\/noticias\/25-07-2019-dolar\/"},"wordCount":398,"publisher":{"@id":"https:\/\/www.suno.com.br\/noticias\/#organization"},"image":{"@id":"https:\/\/www.suno.com.br\/noticias\/25-07-2019-dolar\/#primaryimage"},"thumbnailUrl":"https:\/\/files.sunoresearch.com.br\/n\/uploads\/2019\/06\/8299ab98-d\u00f3lar-jpg.webp","keywords":["Banco Central Europeu (BCE)","d\u00f3lar","FGTS"],"articleSection":["Mercado"],"inLanguage":"pt-BR"},{"@type":"WebPage","@id":"https:\/\/www.suno.com.br\/noticias\/25-07-2019-dolar\/","url":"https:\/\/www.suno.com.br\/noticias\/25-07-2019-dolar\/","name":"D\u00f3lar inicia em queda com poss\u00edvel corte de juros do BCE","isPartOf":{"@id":"https:\/\/www.suno.com.br\/noticias\/#website"},"primaryImageOfPage":{"@id":"https:\/\/www.suno.com.br\/noticias\/25-07-2019-dolar\/#primaryimage"},"image":{"@id":"https:\/\/www.suno.com.br\/noticias\/25-07-2019-dolar\/#primaryimage"},"thumbnailUrl":"https:\/\/files.sunoresearch.com.br\/n\/uploads\/2019\/06\/8299ab98-d\u00f3lar-jpg.webp","datePublished":"2019-07-25T12:32:09+00:00","dateModified":"2021-02-18T01:43:39+00:00","description":"O d\u00f3lar opera em queda nesta quinta-feira (25) com a possibilidade de um an\u00fancio oficial do corte de juros do BCE. Saiba mais.","breadcrumb":{"@id":"https:\/\/www.suno.com.br\/noticias\/25-07-2019-dolar\/#breadcrumb"},"inLanguage":"pt-BR","potentialAction":[{"@type":"ReadAction","target":["https:\/\/www.suno.com.br\/noticias\/25-07-2019-dolar\/"]}]},{"@type":"ImageObject","inLanguage":"pt-BR","@id":"https:\/\/www.suno.com.br\/noticias\/25-07-2019-dolar\/#primaryimage","url":"https:\/\/files.sunoresearch.com.br\/n\/uploads\/2019\/06\/8299ab98-d\u00f3lar-jpg.webp","contentUrl":"https:\/\/files.sunoresearch.com.br\/n\/uploads\/2019\/06\/8299ab98-d\u00f3lar-jpg.webp","width":800,"height":533,"caption":"A cota\u00e7\u00e3o do d\u00f3lar hoje refletiu a cautela em rela\u00e7\u00e3o ao cen\u00e1rio fiscal brasileiro"},{"@type":"BreadcrumbList","@id":"https:\/\/www.suno.com.br\/noticias\/25-07-2019-dolar\/#breadcrumb","itemListElement":[{"@type":"ListItem","position":1,"name":"Not\u00edcias","item":"https:\/\/www.suno.com.br\/noticias\/"},{"@type":"ListItem","position":2,"name":"Mercado","item":"https:\/\/www.suno.com.br\/noticias\/mercado\/"},{"@type":"ListItem","position":3,"name":"D\u00f3lar inicia em queda com poss\u00edvel corte de juros do BCE"}]},{"@type":"WebSite","@id":"https:\/\/www.suno.com.br\/noticias\/#website","url":"https:\/\/www.suno.com.br\/noticias\/","name":"Suno Not\u00edcias","description":"Seu portal de informa\u00e7\u00e3o sobre o mundo dos investimentos","publisher":{"@id":"https:\/\/www.suno.com.br\/noticias\/#organization"},"potentialAction":[{"@type":"SearchAction","target":{"@type":"EntryPoint","urlTemplate":"https:\/\/www.suno.com.br\/noticias\/?s={search_term_string}"},"query-input":{"@type":"PropertyValueSpecification","valueRequired":true,"valueName":"search_term_string"}}],"inLanguage":"pt-BR"},{"@type":"Organization","@id":"https:\/\/www.suno.com.br\/noticias\/#organization","name":"Suno Not\u00edcias","url":"https:\/\/www.suno.com.br\/noticias\/","logo":{"@type":"ImageObject","inLanguage":"pt-BR","@id":"https:\/\/www.suno.com.br\/noticias\/#\/schema\/logo\/image\/","url":"https:\/\/files.sunoresearch.com.br\/n\/uploads\/2021\/09\/suno-logo.png","contentUrl":"https:\/\/files.sunoresearch.com.br\/n\/uploads\/2021\/09\/suno-logo.png","width":180,"height":180,"caption":"Suno Not\u00edcias"},"image":{"@id":"https:\/\/www.suno.com.br\/noticias\/#\/schema\/logo\/image\/"},"sameAs":["https:\/\/facebook.com\/sunoresearch","https:\/\/x.com\/sunoresearch","https:\/\/www.instagram.com\/suno","https:\/\/www.linkedin.com\/company\/suno-research\/","https:\/\/www.youtube.com\/c\/sunoresearch"]},{"@type":"Person","@id":"https:\/\/www.suno.com.br\/noticias\/#\/schema\/person\/1db762f78ffd8919a648a63e425953e3","name":"Juliano Passaro","image":{"@type":"ImageObject","inLanguage":"pt-BR","@id":"https:\/\/www.suno.com.br\/noticias\/#\/schema\/person\/image\/","url":"https:\/\/secure.gravatar.com\/avatar\/743d4df28eebf6dcc46b4ad03c319e92?s=96&r=g","contentUrl":"https:\/\/secure.gravatar.com\/avatar\/743d4df28eebf6dcc46b4ad03c319e92?s=96&r=g","caption":"Juliano Passaro"},"description":"Juliano Passaro escreve sobre pol\u00edtica, economia e neg\u00f3cios para o portal da Suno Research. Antes da Suno, trabalhou no Portal da Band. \u00c9 formado em jornalismo pela Universidade Presbiteriana Mackenzie.","url":"https:\/\/www.suno.com.br\/noticias\/author\/juliano\/"}]}},"default_loop_html":"<div class=\"cardsPage__listCard__boxs\"><div class=\"cardsPage__listCard__boxs__img\"><a href=\"https:\/\/www.suno.com.br\/noticias\/25-07-2019-dolar\/\"><img class=\"mask\" src=\"https:\/\/www.suno.com.br\/noticias\/wp-content\/themes\/suno\/resources\/images\/spotlight\/spotlight1img\/bg-mask.png\" alt=\"Image Mask\"\/><img src=\"https:\/\/files.sunoresearch.com.br\/n\/uploads\/2019\/06\/8299ab98-d\u00f3lar-400x200.webp\" alt=\"D\u00f3lar inicia em queda com poss\u00edvel corte de juros do BCE\"\/><\/a><span class=\"spotlightCategory\"><a href=\"https:\/\/www.suno.com.br\/noticias\/mercado\/\">Mercado<\/a><\/span><\/div><div class=\"cardsPage__listCard__boxs__content\"><a href=\"https:\/\/www.suno.com.br\/noticias\/25-07-2019-dolar\/\"><h2 class=\"content__title\">D\u00f3lar inicia em queda com poss\u00edvel corte de juros do BCE<\/h2><\/a><div class=\"newsContent__article__meta\"><div class=\"newsContent__article__meta__authorBox\"><a href=\"https:\/\/www.suno.com.br\/noticias\/author\/juliano\/\" class=\"authorBox__avatar noMobi\"><img src=\"https:\/\/files.sunoresearch.com.br\/n\/uploads\/2019\/06\/7cc3efea-whatsapp-image-2019-07-18-at-21.59.33-e1563499821209-150x150.webp\" alt=\"Juliano Passaro\"><\/a><div class=\"authorBox__name\"><span>por\n\t\t\t<a href=\"https:\/\/www.suno.com.br\/noticias\/author\/juliano\/\"><span itemprop=\"author\">Juliano Passaro<\/span><\/a><\/span><time datetime=\"2019-07-25T09:32:09-03:00\" itemprop=\"datePublished\">25\/07\/2019 09:32<\/time><\/div><\/div><\/div><\/div><\/div>","single_layout":"posts","amp_enabled":true,"_links":{"self":[{"href":"https:\/\/www.suno.com.br\/noticias\/wp-json\/wp\/v2\/posts\/32107"}],"collection":[{"href":"https:\/\/www.suno.com.br\/noticias\/wp-json\/wp\/v2\/posts"}],"about":[{"href":"https:\/\/www.suno.com.br\/noticias\/wp-json\/wp\/v2\/types\/post"}],"author":[{"embeddable":true,"href":"https:\/\/www.suno.com.br\/noticias\/wp-json\/wp\/v2\/users\/19"}],"replies":[{"embeddable":true,"href":"https:\/\/www.suno.com.br\/noticias\/wp-json\/wp\/v2\/comments?post=32107"}],"version-history":[{"count":0,"href":"https:\/\/www.suno.com.br\/noticias\/wp-json\/wp\/v2\/posts\/32107\/revisions"}],"wp:featuredmedia":[{"embeddable":true,"href":"https:\/\/www.suno.com.br\/noticias\/wp-json\/wp\/v2\/media\/28238"}],"wp:attachment":[{"href":"https:\/\/www.suno.com.br\/noticias\/wp-json\/wp\/v2\/media?parent=32107"}],"wp:term":[{"taxonomy":"category","embeddable":true,"href":"https:\/\/www.suno.com.br\/noticias\/wp-json\/wp\/v2\/categories?post=32107"},{"taxonomy":"post_tag","embeddable":true,"href":"https:\/\/www.suno.com.br\/noticias\/wp-json\/wp\/v2\/tags?post=32107"},{"taxonomy":"suno_strategy","embeddable":true,"href":"https:\/\/www.suno.com.br\/noticias\/wp-json\/wp\/v2\/suno_strategy?post=32107"}],"curies":[{"name":"wp","href":"https:\/\/api.w.org\/{rel}","templated":true}]}}