{"id":32100,"date":"2019-07-25T10:23:48","date_gmt":"2019-07-25T13:23:48","guid":{"rendered":"https:\/\/www.suno.com.br\/noticias\/?p=32100"},"modified":"2019-07-25T10:26:16","modified_gmt":"2019-07-25T13:26:16","slug":"br-distribuidora-sem-controlador-privatizacao","status":"publish","type":"post","link":"https:\/\/www.suno.com.br\/noticias\/br-distribuidora-sem-controlador-privatizacao\/","title":{"rendered":"BR Distribuidora fica sem controlador definido, ap\u00f3s privatiza\u00e7\u00e3o"},"content":{"rendered":"<p>A BR Distribuidora ter\u00e1 grandes mudan\u00e7as em sua gest\u00e3o. A reformula\u00e7\u00e3o deve acontecer por conta de sua recente privatiza\u00e7\u00e3o. Por enquanto, a companhia est\u00e1 sem controlador definido.<\/p>\t<div class=\"wrapper-featured-image\">\n\t\t<figure class=\"spotlightImg\">\n\n\t\t\t<picture>\n\t\t\t\t<source media=\"(max-width: 768px)\" srcset=\"https:\/\/files.sunoresearch.com.br\/n\/uploads\/2018\/12\/b413f43b-petrobras-400x200.webp\">\n\t\t\t\t<img loading=\"lazy\" decoding=\"async\" class=\"newsContent__article__imgCapa lazyloadDisabled newsContent__article__imgCapa--noCaption\" src=\"https:\/\/files.sunoresearch.com.br\/n\/uploads\/2018\/12\/b413f43b-petrobras-jpg.webp\" width=\"800\" height=\"450\" alt=\"BR Distribuidora fica sem controlador definido, ap\u00f3s privatiza\u00e7\u00e3o\" fetchpriority=high \/>\n\t\t\t<\/picture>\n\n\t\t\t<figcaption class=\"wp-caption-text wp-caption-text--hide\">Petrobras (PETR4): ap\u00f3s inc\u00eandio, uma unidade da Reduc \u00e9 paralisada<\/figcaption>\n\t\t<\/figure>\n\t<\/div>\n\n\n<p>A ex-controladora da <strong>BR Distribuidora<\/strong>, Petrobras, deve deixar somente tr\u00eas pessoas no conselho de administra\u00e7\u00e3o. O colegiado \u00e9 constitu\u00eddo por nove integrantes. Os outros seis membros do conselho dever\u00e3o ser indicados pelo mercado.<\/p>\n\t<p>\n\t\t<a href=\"https:\/\/lp2.suno.com.br\/cl\/black-friday-2025\/?utm_campaign=_SNCDF0E4858_\" target=\"_blank\" data-element=\"shortcode-suno-banner\" title=\"Banner SUNO, clique e saiba mais\">\n\t\t\t<picture>\n\t\t\t\t<source media=\"(max-width: 500px)\" srcset=\"https:\/\/files.sunoresearch.com.br\/n\/uploads\/2025\/10\/Artigos-e-Noticias-Banner-Home-artigos-01-Mobile_-400x300-1-png.webp\">\n\t\t\t\t<img class=\"newsContent__article__imgCapa newsContent__article__imgCapa--banner\"\n\t\t\t\t\tsrc=\"https:\/\/files.sunoresearch.com.br\/n\/uploads\/2025\/10\/Artigos-e-Noticias-Banner-Home-artigos-01-Desktop_-1420x240-1-png.webp\"\n\t\t\t\t\tdata-promo-id=\"311259\"\t\t\t\t\t\t\t\t\t\twidth='1420' height='240'\t\t\t\t\talt=\"https:\/\/files.sunoresearch.com.br\/n\/uploads\/2025\/10\/Artigos-e-Noticias-Banner-Home-artigos-01-Desktop_-1420x240-1-png.webp\"\n\t\t\t\t>\n\t\t\t<\/picture>\n\t\t<\/a>\n\t<\/p>\n\n\n<p>Al\u00e9m de funcion\u00e1rios, o governo, representado pelo <strong>Minist\u00e9rio da Economia<\/strong>, tamb\u00e9m n\u00e3o faz mais parte do conselho. As altera\u00e7\u00f5es est\u00e3o previstas para entrar em vigor em um m\u00eas.<\/p>\n<p>Elas ocorrer\u00e3o por meio de uma assembleia geral extraordin\u00e1ria, que ainda n\u00e3o foi solicitada. Com isso, a ideia \u00e9 implantar o mais r\u00e1pido poss\u00edvel a nova administra\u00e7\u00e3o.<\/p>\n<p>A <strong>Petrobras<\/strong> ainda tem 37,5% de participa\u00e7\u00e3o na BR Distribuidora. Dessa forma, sua relev\u00e2ncia na companhia ainda \u00e9 significante, entretanto n\u00e3o \u00e9 o suficiente para permanecer no comando.<\/p>\n\t<p>\n\t\t<a href=\"https:\/\/lp.suno.com.br\/ebook-investindo-em-fiis\/\" target=\"_blank\" data-element=\"shortcode-suno-banner\" title=\"Banner SUNO, clique e saiba mais\">\n\t\t\t<picture>\n\t\t\t\t<source media=\"(max-width: 500px)\" srcset=\"https:\/\/files.sunoresearch.com.br\/n\/uploads\/2023\/07\/Ebook-Fundos-Imobiliarios-Mobile.jpg\">\n\t\t\t\t<img class=\"newsContent__article__imgCapa newsContent__article__imgCapa--banner\"\n\t\t\t\t\tsrc=\"https:\/\/files.sunoresearch.com.br\/n\/uploads\/2023\/07\/Ebook-Fundos-Imobiliarios-Desktop.jpg\"\n\t\t\t\t\tdata-promo-id=\"378301\"\t\t\t\t\t\t\t\t\t\twidth='1420' height='286'\t\t\t\t\talt=\"https:\/\/files.sunoresearch.com.br\/n\/uploads\/2023\/07\/Ebook-Fundos-Imobiliarios-Desktop.jpg\"\n\t\t\t\t>\n\t\t\t<\/picture>\n\t\t<\/a>\n\t<\/p>\n\n\n<p>Para conseguir implementar ideias na ex-subsidi\u00e1ria, a Petrobras ter\u00e1 que conseguir a autoriza\u00e7\u00e3o de pelo menos dois acionistas que fazem parte do conselho da distribuidora.<\/p>\n<p>A gest\u00e3o da BR Distribuidora havia mudado ainda no governo de Michel Temer, por conta da abertura de capital. Entretanto, \u00e0 \u00e9poca, a estatal petroleira detinha 70% da distribuidora. Agora, a BR \u00e9 uma empresa sem controle definido.<\/p>\n<p><a href=\"https:\/\/www.suno.com.br\/noticias\/br-distribuidora-valorizacao\/\">Confira tamb\u00e9m: BR Distribuidora valoriza 80% desde sua abertura de capital, em 2018\u00a0<\/a><\/p>\n<p>Corpora\u00e7\u00f5es com esse tipo de controle, que a BR tem hoje, j\u00e1 existem no Brasil. S\u00e3o elas:<\/p>\n<ul>\n<li>BRF<\/li>\n<li>BR Malls<\/li>\n<li>Renner<\/li>\n<li>Totvs<\/li>\n<\/ul>\n<p>Para o presidente da <strong>Associa\u00e7\u00e3o de Investidores no Mercado de Capitais<\/strong> <strong>(Amec)<\/strong>, Mauro Cunha, a BR ter\u00e1 mais facilidade para fazer a compra de mat\u00e9rias-primas. Sendo assim, ter\u00e1 custos reduzidos e, consequentemente, poder\u00e1 adquirir mais capital para colocar no mercado por interm\u00e9dio de oferta de a\u00e7\u00f5es.<\/p>\n<p>Al\u00e9m disso, Cunha ressalta que a <strong>BR Distribuidora<\/strong> ter\u00e1 mais prote\u00e7\u00e3o, j\u00e1 que n\u00e3o ser\u00e1 alvo de decis\u00f5es pol\u00edticas que possam prejudic\u00e1-la.<\/p>\n","protected":false},"excerpt":{"rendered":"<p>A BR Distribuidora ter\u00e1 grandes mudan\u00e7as em sua gest\u00e3o. A reformula\u00e7\u00e3o deve acontecer por conta de sua recente privatiza\u00e7\u00e3o. Por enquanto, a companhia est\u00e1 sem controlador definido. Petrobras (PETR4): ap\u00f3s inc\u00eandio, uma unidade da Reduc \u00e9 paralisada A ex-controladora da BR Distribuidora, Petrobras, deve deixar somente tr\u00eas pessoas no conselho de administra\u00e7\u00e3o. O colegiado \u00e9 [&hellip;]<\/p>\n","protected":false},"author":19,"featured_media":7936,"comment_status":"closed","ping_status":"closed","sticky":false,"template":"","format":"standard","meta":[],"categories":[64],"tags":[595,945,596],"suno_strategy":[],"class_list":["post-32100","post","type-post","status-publish","format-standard","has-post-thumbnail","hentry","category-negocios","tag-petrobras-petr4","tag-privatizacoes","tag-vibra-energia-vbbr3"],"yoast_head":"<!-- This site is optimized with the Yoast SEO plugin v24.4 - https:\/\/yoast.com\/wordpress\/plugins\/seo\/ -->\n<title>BR Distribuidora fica sem controlador definido, ap\u00f3s privatiza\u00e7\u00e3o<\/title>\n<meta name=\"description\" content=\"A BR Distribuidora ter\u00e1 grandes mudan\u00e7as em sua gest\u00e3o. A reformula\u00e7\u00e3o deve acontecer por conta de sua recente privatiza\u00e7\u00e3o. Saiba mais.\" \/>\n<meta name=\"robots\" content=\"index, follow, max-snippet:-1, max-image-preview:large, max-video-preview:-1\" \/>\n<link rel=\"canonical\" href=\"https:\/\/www.suno.com.br\/noticias\/br-distribuidora-sem-controlador-privatizacao\/\" \/>\n<meta property=\"og:locale\" content=\"pt_BR\" \/>\n<meta property=\"og:type\" content=\"article\" \/>\n<meta property=\"og:title\" content=\"BR Distribuidora fica sem controlador definido, ap\u00f3s privatiza\u00e7\u00e3o\" \/>\n<meta property=\"og:description\" content=\"A BR Distribuidora ter\u00e1 grandes mudan\u00e7as em sua gest\u00e3o. A reformula\u00e7\u00e3o deve acontecer por conta de sua recente privatiza\u00e7\u00e3o. Saiba mais.\" \/>\n<meta property=\"og:url\" content=\"https:\/\/www.suno.com.br\/noticias\/br-distribuidora-sem-controlador-privatizacao\/\" \/>\n<meta property=\"og:site_name\" content=\"Suno Not\u00edcias\" \/>\n<meta property=\"article:publisher\" content=\"https:\/\/facebook.com\/sunoresearch\" \/>\n<meta property=\"og:image\" content=\"https:\/\/files.sunoresearch.com.br\/n\/uploads\/2018\/12\/b413f43b-petrobras.jpg\" \/>\n\t<meta property=\"og:image:width\" content=\"754\" \/>\n\t<meta property=\"og:image:height\" content=\"503\" \/>\n\t<meta property=\"og:image:type\" content=\"image\/jpeg\" \/>\n<meta name=\"author\" content=\"Juliano Passaro\" \/>\n<meta name=\"twitter:card\" content=\"summary_large_image\" \/>\n<meta name=\"twitter:creator\" content=\"@sunoresearch\" \/>\n<meta name=\"twitter:site\" content=\"@sunoresearch\" \/>\n<meta name=\"twitter:label1\" content=\"Escrito por\" \/>\n\t<meta name=\"twitter:data1\" content=\"Juliano Passaro\" \/>\n\t<meta name=\"twitter:label2\" content=\"Est. tempo de leitura\" \/>\n\t<meta name=\"twitter:data2\" content=\"2 minutos\" \/>\n<script type=\"application\/ld+json\" class=\"yoast-schema-graph\">{\"@context\":\"https:\/\/schema.org\",\"@graph\":[{\"@type\":\"NewsArticle\",\"@id\":\"https:\/\/www.suno.com.br\/noticias\/br-distribuidora-sem-controlador-privatizacao\/#article\",\"isPartOf\":{\"@id\":\"https:\/\/www.suno.com.br\/noticias\/br-distribuidora-sem-controlador-privatizacao\/\"},\"author\":{\"name\":\"Juliano Passaro\",\"@id\":\"https:\/\/www.suno.com.br\/noticias\/#\/schema\/person\/1db762f78ffd8919a648a63e425953e3\"},\"headline\":\"BR Distribuidora fica sem controlador definido, ap\u00f3s privatiza\u00e7\u00e3o\",\"datePublished\":\"2019-07-25T13:23:48+00:00\",\"dateModified\":\"2019-07-25T13:26:16+00:00\",\"mainEntityOfPage\":{\"@id\":\"https:\/\/www.suno.com.br\/noticias\/br-distribuidora-sem-controlador-privatizacao\/\"},\"wordCount\":356,\"publisher\":{\"@id\":\"https:\/\/www.suno.com.br\/noticias\/#organization\"},\"image\":{\"@id\":\"https:\/\/www.suno.com.br\/noticias\/br-distribuidora-sem-controlador-privatizacao\/#primaryimage\"},\"thumbnailUrl\":\"https:\/\/files.sunoresearch.com.br\/n\/uploads\/2018\/12\/b413f43b-petrobras-jpg.webp\",\"keywords\":[\"Petrobras (PETR4)\",\"privatiza\u00e7\u00f5es\",\"Vibra Energia (VBBR3)\"],\"articleSection\":[\"Neg\u00f3cios\"],\"inLanguage\":\"pt-BR\"},{\"@type\":\"WebPage\",\"@id\":\"https:\/\/www.suno.com.br\/noticias\/br-distribuidora-sem-controlador-privatizacao\/\",\"url\":\"https:\/\/www.suno.com.br\/noticias\/br-distribuidora-sem-controlador-privatizacao\/\",\"name\":\"BR Distribuidora fica sem controlador definido, ap\u00f3s privatiza\u00e7\u00e3o\",\"isPartOf\":{\"@id\":\"https:\/\/www.suno.com.br\/noticias\/#website\"},\"primaryImageOfPage\":{\"@id\":\"https:\/\/www.suno.com.br\/noticias\/br-distribuidora-sem-controlador-privatizacao\/#primaryimage\"},\"image\":{\"@id\":\"https:\/\/www.suno.com.br\/noticias\/br-distribuidora-sem-controlador-privatizacao\/#primaryimage\"},\"thumbnailUrl\":\"https:\/\/files.sunoresearch.com.br\/n\/uploads\/2018\/12\/b413f43b-petrobras-jpg.webp\",\"datePublished\":\"2019-07-25T13:23:48+00:00\",\"dateModified\":\"2019-07-25T13:26:16+00:00\",\"description\":\"A BR Distribuidora ter\u00e1 grandes mudan\u00e7as em sua gest\u00e3o. A reformula\u00e7\u00e3o deve acontecer por conta de sua recente privatiza\u00e7\u00e3o. Saiba mais.\",\"breadcrumb\":{\"@id\":\"https:\/\/www.suno.com.br\/noticias\/br-distribuidora-sem-controlador-privatizacao\/#breadcrumb\"},\"inLanguage\":\"pt-BR\",\"potentialAction\":[{\"@type\":\"ReadAction\",\"target\":[\"https:\/\/www.suno.com.br\/noticias\/br-distribuidora-sem-controlador-privatizacao\/\"]}]},{\"@type\":\"ImageObject\",\"inLanguage\":\"pt-BR\",\"@id\":\"https:\/\/www.suno.com.br\/noticias\/br-distribuidora-sem-controlador-privatizacao\/#primaryimage\",\"url\":\"https:\/\/files.sunoresearch.com.br\/n\/uploads\/2018\/12\/b413f43b-petrobras-jpg.webp\",\"contentUrl\":\"https:\/\/files.sunoresearch.com.br\/n\/uploads\/2018\/12\/b413f43b-petrobras-jpg.webp\",\"width\":754,\"height\":503,\"caption\":\"Petrobras (PETR4): ap\u00f3s inc\u00eandio, uma unidade da Reduc \u00e9 paralisada\"},{\"@type\":\"BreadcrumbList\",\"@id\":\"https:\/\/www.suno.com.br\/noticias\/br-distribuidora-sem-controlador-privatizacao\/#breadcrumb\",\"itemListElement\":[{\"@type\":\"ListItem\",\"position\":1,\"name\":\"Not\u00edcias\",\"item\":\"https:\/\/www.suno.com.br\/noticias\/\"},{\"@type\":\"ListItem\",\"position\":2,\"name\":\"Neg\u00f3cios\",\"item\":\"https:\/\/www.suno.com.br\/noticias\/negocios\/\"},{\"@type\":\"ListItem\",\"position\":3,\"name\":\"BR Distribuidora fica sem controlador definido, ap\u00f3s privatiza\u00e7\u00e3o\"}]},{\"@type\":\"WebSite\",\"@id\":\"https:\/\/www.suno.com.br\/noticias\/#website\",\"url\":\"https:\/\/www.suno.com.br\/noticias\/\",\"name\":\"Suno Not\u00edcias\",\"description\":\"Seu portal de informa\u00e7\u00e3o sobre o mundo dos investimentos\",\"publisher\":{\"@id\":\"https:\/\/www.suno.com.br\/noticias\/#organization\"},\"potentialAction\":[{\"@type\":\"SearchAction\",\"target\":{\"@type\":\"EntryPoint\",\"urlTemplate\":\"https:\/\/www.suno.com.br\/noticias\/?s={search_term_string}\"},\"query-input\":{\"@type\":\"PropertyValueSpecification\",\"valueRequired\":true,\"valueName\":\"search_term_string\"}}],\"inLanguage\":\"pt-BR\"},{\"@type\":\"Organization\",\"@id\":\"https:\/\/www.suno.com.br\/noticias\/#organization\",\"name\":\"Suno Not\u00edcias\",\"url\":\"https:\/\/www.suno.com.br\/noticias\/\",\"logo\":{\"@type\":\"ImageObject\",\"inLanguage\":\"pt-BR\",\"@id\":\"https:\/\/www.suno.com.br\/noticias\/#\/schema\/logo\/image\/\",\"url\":\"https:\/\/files.sunoresearch.com.br\/n\/uploads\/2021\/09\/suno-logo.png\",\"contentUrl\":\"https:\/\/files.sunoresearch.com.br\/n\/uploads\/2021\/09\/suno-logo.png\",\"width\":180,\"height\":180,\"caption\":\"Suno Not\u00edcias\"},\"image\":{\"@id\":\"https:\/\/www.suno.com.br\/noticias\/#\/schema\/logo\/image\/\"},\"sameAs\":[\"https:\/\/facebook.com\/sunoresearch\",\"https:\/\/x.com\/sunoresearch\",\"https:\/\/www.instagram.com\/suno\",\"https:\/\/www.linkedin.com\/company\/suno-research\/\",\"https:\/\/www.youtube.com\/c\/sunoresearch\"]},{\"@type\":\"Person\",\"@id\":\"https:\/\/www.suno.com.br\/noticias\/#\/schema\/person\/1db762f78ffd8919a648a63e425953e3\",\"name\":\"Juliano Passaro\",\"image\":{\"@type\":\"ImageObject\",\"inLanguage\":\"pt-BR\",\"@id\":\"https:\/\/www.suno.com.br\/noticias\/#\/schema\/person\/image\/\",\"url\":\"https:\/\/secure.gravatar.com\/avatar\/743d4df28eebf6dcc46b4ad03c319e92?s=96&r=g\",\"contentUrl\":\"https:\/\/secure.gravatar.com\/avatar\/743d4df28eebf6dcc46b4ad03c319e92?s=96&r=g\",\"caption\":\"Juliano Passaro\"},\"description\":\"Juliano Passaro escreve sobre pol\u00edtica, economia e neg\u00f3cios para o portal da Suno Research. Antes da Suno, trabalhou no Portal da Band. \u00c9 formado em jornalismo pela Universidade Presbiteriana Mackenzie.\",\"url\":\"https:\/\/www.suno.com.br\/noticias\/author\/juliano\/\"}]}<\/script>\n<!-- \/ Yoast SEO plugin. -->","yoast_head_json":{"title":"BR Distribuidora fica sem controlador definido, ap\u00f3s privatiza\u00e7\u00e3o","description":"A BR Distribuidora ter\u00e1 grandes mudan\u00e7as em sua gest\u00e3o. A reformula\u00e7\u00e3o deve acontecer por conta de sua recente privatiza\u00e7\u00e3o. Saiba mais.","robots":{"index":"index","follow":"follow","max-snippet":"max-snippet:-1","max-image-preview":"max-image-preview:large","max-video-preview":"max-video-preview:-1"},"canonical":"https:\/\/www.suno.com.br\/noticias\/br-distribuidora-sem-controlador-privatizacao\/","og_locale":"pt_BR","og_type":"article","og_title":"BR Distribuidora fica sem controlador definido, ap\u00f3s privatiza\u00e7\u00e3o","og_description":"A BR Distribuidora ter\u00e1 grandes mudan\u00e7as em sua gest\u00e3o. A reformula\u00e7\u00e3o deve acontecer por conta de sua recente privatiza\u00e7\u00e3o. Saiba mais.","og_url":"https:\/\/www.suno.com.br\/noticias\/br-distribuidora-sem-controlador-privatizacao\/","og_site_name":"Suno Not\u00edcias","article_publisher":"https:\/\/facebook.com\/sunoresearch","og_image":[{"width":754,"height":503,"url":"https:\/\/files.sunoresearch.com.br\/n\/uploads\/2018\/12\/b413f43b-petrobras.jpg","type":"image\/jpeg"}],"author":"Juliano Passaro","twitter_card":"summary_large_image","twitter_creator":"@sunoresearch","twitter_site":"@sunoresearch","twitter_misc":{"Escrito por":"Juliano Passaro","Est. tempo de leitura":"2 minutos"},"schema":{"@context":"https:\/\/schema.org","@graph":[{"@type":"NewsArticle","@id":"https:\/\/www.suno.com.br\/noticias\/br-distribuidora-sem-controlador-privatizacao\/#article","isPartOf":{"@id":"https:\/\/www.suno.com.br\/noticias\/br-distribuidora-sem-controlador-privatizacao\/"},"author":{"name":"Juliano Passaro","@id":"https:\/\/www.suno.com.br\/noticias\/#\/schema\/person\/1db762f78ffd8919a648a63e425953e3"},"headline":"BR Distribuidora fica sem controlador definido, ap\u00f3s privatiza\u00e7\u00e3o","datePublished":"2019-07-25T13:23:48+00:00","dateModified":"2019-07-25T13:26:16+00:00","mainEntityOfPage":{"@id":"https:\/\/www.suno.com.br\/noticias\/br-distribuidora-sem-controlador-privatizacao\/"},"wordCount":356,"publisher":{"@id":"https:\/\/www.suno.com.br\/noticias\/#organization"},"image":{"@id":"https:\/\/www.suno.com.br\/noticias\/br-distribuidora-sem-controlador-privatizacao\/#primaryimage"},"thumbnailUrl":"https:\/\/files.sunoresearch.com.br\/n\/uploads\/2018\/12\/b413f43b-petrobras-jpg.webp","keywords":["Petrobras (PETR4)","privatiza\u00e7\u00f5es","Vibra Energia (VBBR3)"],"articleSection":["Neg\u00f3cios"],"inLanguage":"pt-BR"},{"@type":"WebPage","@id":"https:\/\/www.suno.com.br\/noticias\/br-distribuidora-sem-controlador-privatizacao\/","url":"https:\/\/www.suno.com.br\/noticias\/br-distribuidora-sem-controlador-privatizacao\/","name":"BR Distribuidora fica sem controlador definido, ap\u00f3s privatiza\u00e7\u00e3o","isPartOf":{"@id":"https:\/\/www.suno.com.br\/noticias\/#website"},"primaryImageOfPage":{"@id":"https:\/\/www.suno.com.br\/noticias\/br-distribuidora-sem-controlador-privatizacao\/#primaryimage"},"image":{"@id":"https:\/\/www.suno.com.br\/noticias\/br-distribuidora-sem-controlador-privatizacao\/#primaryimage"},"thumbnailUrl":"https:\/\/files.sunoresearch.com.br\/n\/uploads\/2018\/12\/b413f43b-petrobras-jpg.webp","datePublished":"2019-07-25T13:23:48+00:00","dateModified":"2019-07-25T13:26:16+00:00","description":"A BR Distribuidora ter\u00e1 grandes mudan\u00e7as em sua gest\u00e3o. A reformula\u00e7\u00e3o deve acontecer por conta de sua recente privatiza\u00e7\u00e3o. Saiba mais.","breadcrumb":{"@id":"https:\/\/www.suno.com.br\/noticias\/br-distribuidora-sem-controlador-privatizacao\/#breadcrumb"},"inLanguage":"pt-BR","potentialAction":[{"@type":"ReadAction","target":["https:\/\/www.suno.com.br\/noticias\/br-distribuidora-sem-controlador-privatizacao\/"]}]},{"@type":"ImageObject","inLanguage":"pt-BR","@id":"https:\/\/www.suno.com.br\/noticias\/br-distribuidora-sem-controlador-privatizacao\/#primaryimage","url":"https:\/\/files.sunoresearch.com.br\/n\/uploads\/2018\/12\/b413f43b-petrobras-jpg.webp","contentUrl":"https:\/\/files.sunoresearch.com.br\/n\/uploads\/2018\/12\/b413f43b-petrobras-jpg.webp","width":754,"height":503,"caption":"Petrobras (PETR4): ap\u00f3s inc\u00eandio, uma unidade da Reduc \u00e9 paralisada"},{"@type":"BreadcrumbList","@id":"https:\/\/www.suno.com.br\/noticias\/br-distribuidora-sem-controlador-privatizacao\/#breadcrumb","itemListElement":[{"@type":"ListItem","position":1,"name":"Not\u00edcias","item":"https:\/\/www.suno.com.br\/noticias\/"},{"@type":"ListItem","position":2,"name":"Neg\u00f3cios","item":"https:\/\/www.suno.com.br\/noticias\/negocios\/"},{"@type":"ListItem","position":3,"name":"BR Distribuidora fica sem controlador definido, ap\u00f3s privatiza\u00e7\u00e3o"}]},{"@type":"WebSite","@id":"https:\/\/www.suno.com.br\/noticias\/#website","url":"https:\/\/www.suno.com.br\/noticias\/","name":"Suno Not\u00edcias","description":"Seu portal de informa\u00e7\u00e3o sobre o mundo dos investimentos","publisher":{"@id":"https:\/\/www.suno.com.br\/noticias\/#organization"},"potentialAction":[{"@type":"SearchAction","target":{"@type":"EntryPoint","urlTemplate":"https:\/\/www.suno.com.br\/noticias\/?s={search_term_string}"},"query-input":{"@type":"PropertyValueSpecification","valueRequired":true,"valueName":"search_term_string"}}],"inLanguage":"pt-BR"},{"@type":"Organization","@id":"https:\/\/www.suno.com.br\/noticias\/#organization","name":"Suno Not\u00edcias","url":"https:\/\/www.suno.com.br\/noticias\/","logo":{"@type":"ImageObject","inLanguage":"pt-BR","@id":"https:\/\/www.suno.com.br\/noticias\/#\/schema\/logo\/image\/","url":"https:\/\/files.sunoresearch.com.br\/n\/uploads\/2021\/09\/suno-logo.png","contentUrl":"https:\/\/files.sunoresearch.com.br\/n\/uploads\/2021\/09\/suno-logo.png","width":180,"height":180,"caption":"Suno Not\u00edcias"},"image":{"@id":"https:\/\/www.suno.com.br\/noticias\/#\/schema\/logo\/image\/"},"sameAs":["https:\/\/facebook.com\/sunoresearch","https:\/\/x.com\/sunoresearch","https:\/\/www.instagram.com\/suno","https:\/\/www.linkedin.com\/company\/suno-research\/","https:\/\/www.youtube.com\/c\/sunoresearch"]},{"@type":"Person","@id":"https:\/\/www.suno.com.br\/noticias\/#\/schema\/person\/1db762f78ffd8919a648a63e425953e3","name":"Juliano Passaro","image":{"@type":"ImageObject","inLanguage":"pt-BR","@id":"https:\/\/www.suno.com.br\/noticias\/#\/schema\/person\/image\/","url":"https:\/\/secure.gravatar.com\/avatar\/743d4df28eebf6dcc46b4ad03c319e92?s=96&r=g","contentUrl":"https:\/\/secure.gravatar.com\/avatar\/743d4df28eebf6dcc46b4ad03c319e92?s=96&r=g","caption":"Juliano Passaro"},"description":"Juliano Passaro escreve sobre pol\u00edtica, economia e neg\u00f3cios para o portal da Suno Research. Antes da Suno, trabalhou no Portal da Band. \u00c9 formado em jornalismo pela Universidade Presbiteriana Mackenzie.","url":"https:\/\/www.suno.com.br\/noticias\/author\/juliano\/"}]}},"default_loop_html":"<div class=\"cardsPage__listCard__boxs\"><div class=\"cardsPage__listCard__boxs__img\"><a href=\"https:\/\/www.suno.com.br\/noticias\/br-distribuidora-sem-controlador-privatizacao\/\"><img class=\"mask\" src=\"https:\/\/www.suno.com.br\/noticias\/wp-content\/themes\/suno\/resources\/images\/spotlight\/spotlight1img\/bg-mask.png\" alt=\"Image Mask\"\/><img src=\"https:\/\/files.sunoresearch.com.br\/n\/uploads\/2018\/12\/b413f43b-petrobras-400x200.webp\" alt=\"BR Distribuidora fica sem controlador definido, ap\u00f3s privatiza\u00e7\u00e3o\"\/><\/a><span class=\"spotlightCategory\"><a href=\"https:\/\/www.suno.com.br\/noticias\/negocios\/\">Neg\u00f3cios<\/a><\/span><\/div><div class=\"cardsPage__listCard__boxs__content\"><a href=\"https:\/\/www.suno.com.br\/noticias\/br-distribuidora-sem-controlador-privatizacao\/\"><h2 class=\"content__title\">BR Distribuidora fica sem controlador definido, ap\u00f3s privatiza\u00e7\u00e3o<\/h2><\/a><div class=\"newsContent__article__meta\"><div class=\"newsContent__article__meta__authorBox\"><a href=\"https:\/\/www.suno.com.br\/noticias\/author\/juliano\/\" class=\"authorBox__avatar noMobi\"><img src=\"https:\/\/files.sunoresearch.com.br\/n\/uploads\/2019\/06\/7cc3efea-whatsapp-image-2019-07-18-at-21.59.33-e1563499821209-150x150.webp\" alt=\"Juliano Passaro\"><\/a><div class=\"authorBox__name\"><span>por\n\t\t\t<a href=\"https:\/\/www.suno.com.br\/noticias\/author\/juliano\/\"><span itemprop=\"author\">Juliano Passaro<\/span><\/a><\/span><time datetime=\"2019-07-25T10:23:48-03:00\" itemprop=\"datePublished\">25\/07\/2019 10:23<\/time><\/div><\/div><\/div><\/div><\/div>","single_layout":"posts","amp_enabled":true,"_links":{"self":[{"href":"https:\/\/www.suno.com.br\/noticias\/wp-json\/wp\/v2\/posts\/32100"}],"collection":[{"href":"https:\/\/www.suno.com.br\/noticias\/wp-json\/wp\/v2\/posts"}],"about":[{"href":"https:\/\/www.suno.com.br\/noticias\/wp-json\/wp\/v2\/types\/post"}],"author":[{"embeddable":true,"href":"https:\/\/www.suno.com.br\/noticias\/wp-json\/wp\/v2\/users\/19"}],"replies":[{"embeddable":true,"href":"https:\/\/www.suno.com.br\/noticias\/wp-json\/wp\/v2\/comments?post=32100"}],"version-history":[{"count":0,"href":"https:\/\/www.suno.com.br\/noticias\/wp-json\/wp\/v2\/posts\/32100\/revisions"}],"wp:featuredmedia":[{"embeddable":true,"href":"https:\/\/www.suno.com.br\/noticias\/wp-json\/wp\/v2\/media\/7936"}],"wp:attachment":[{"href":"https:\/\/www.suno.com.br\/noticias\/wp-json\/wp\/v2\/media?parent=32100"}],"wp:term":[{"taxonomy":"category","embeddable":true,"href":"https:\/\/www.suno.com.br\/noticias\/wp-json\/wp\/v2\/categories?post=32100"},{"taxonomy":"post_tag","embeddable":true,"href":"https:\/\/www.suno.com.br\/noticias\/wp-json\/wp\/v2\/tags?post=32100"},{"taxonomy":"suno_strategy","embeddable":true,"href":"https:\/\/www.suno.com.br\/noticias\/wp-json\/wp\/v2\/suno_strategy?post=32100"}],"curies":[{"name":"wp","href":"https:\/\/api.w.org\/{rel}","templated":true}]}}